{"id":7041,"date":"2013-01-07T00:00:00","date_gmt":"2013-01-07T00:00:00","guid":{"rendered":"https:\/\/royalfamily.org\/bozicne-humanitarne-aktivnosti-princeze-katarine\/"},"modified":"2013-01-07T00:00:00","modified_gmt":"2013-01-07T00:00:00","slug":"bozicne-humanitarne-aktivnosti-princeze-katarine","status":"publish","type":"post","link":"https:\/\/royalfamily.org\/lat\/bozicne-humanitarne-aktivnosti-princeze-katarine\/","title":{"rendered":"Bo\u017ei\u0107ne humanitarne aktivnosti Princeze Katarine"},"content":{"rendered":"<p>Njeno Kraljevsko Viso\u010danstvo Princeza Katarina je tradicionalno na Bo\u017ei\u0107 posetila bolnice u Beogradu.<\/p>\n<p>Njeno Kraljevsko Viso\u010danstvo Princeza Katarina je u dru\u0161tvu g-\u0111e Keti Fenslou, predsednice upravnog odbora Lajflajn \u010cikago humanitarne organizacije, i njene k\u0107erke Trejsi Armstrong, ove godine obradovala decu koja se le\u010de na de\u010dijem odeljenju na Institutu za ortopedsko \u2013 hirur\u0161ke bolesti \u201eBanjica\u201c i darovala im Bo\u017ei\u0107ne poklone.\u00a0<\/p>\n<p>Njeno Kraljevsko Viso\u010danstvo posetila je i Institut za onkologiju i radiologiju Srbije u Pasterovoj ulici gde ih je do\u010dekala dr Lejla Paripovi\u0107.<\/p>\n<p>Usledila je poseta Univerzitetskoj de\u010dijoj bolnici u Tir\u0161ovoj ulici. gde im je dobrodo\u0161licu po\u017eelela prof. dr Ida Jovanovi\u0107, direktor bolnice. Nj.K.V.Princeza Katarina posetila je odeljenja za hematologiju i kardiologiju i darivala deci igra\u010dke i slatki\u0161e.\u00a0<\/p>\n<p>Njeno Kraljevsko Viso\u010danstvo Princeza Katarina posebno se obradovala napretku ka ozdravljenju hrabre dece i obe\u0107ala da \u0107e nastaviti da \u0161alje lekare u inostranstvo na \u0161kolovanje i oprema bolnice savremenom medicinskom opremom.<\/p>\n<p>Deca su se posebno obradovala poklonima za Bo\u017ei\u0107 i uzvratili su iskrenom zahvalno\u0161\u0107u i toplim osmesima.<\/p>\n","protected":false},"excerpt":{"rendered":"<p>Njeno Kraljevsko Viso\u010danstvo Princeza Katarina je tradicionalno na Bo\u017ei\u0107 posetila bolnice u Beogradu. Njeno Kraljevsko  [&#8230;]<\/p>\n","protected":false},"author":1,"featured_media":0,"comment_status":"closed","ping_status":"open","sticky":false,"template":"","format":"standard","meta":{"_acf_changed":false,"footnotes":""},"categories":[22],"tags":[],"class_list":["post-7041","post","type-post","status-publish","format-standard","hentry","category-vesti"],"acf":[],"yoast_head":"<!-- This site is optimized with the Yoast SEO Premium plugin v27.5 (Yoast SEO v27.5) - https:\/\/yoast.com\/product\/yoast-seo-premium-wordpress\/ -->\n<title>Bo\u017ei\u0107ne humanitarne aktivnosti Princeze Katarine - The Royal Family of Serbia<\/title>\n<meta name=\"description\" content=\"Njeno Kraljevsko Viso\u010danstvo Princeza Katarina je tradicionalno na Bo\u017ei\u0107 posetila bolnice u Beogradu.Njeno Kraljevsko Viso\u010danstvo Princeza Katarina je u\" \/>\n<meta name=\"robots\" content=\"index, follow, max-snippet:-1, max-image-preview:large, max-video-preview:-1\" \/>\n<link rel=\"canonical\" href=\"https:\/\/royalfamily.org\/lat\/bozicne-humanitarne-aktivnosti-princeze-katarine\/\" \/>\n<meta property=\"og:locale\" content=\"en_US\" \/>\n<meta property=\"og:type\" content=\"article\" \/>\n<meta property=\"og:title\" content=\"Bo\u017ei\u0107ne humanitarne aktivnosti Princeze Katarine\" \/>\n<meta property=\"og:description\" content=\"Njeno Kraljevsko Viso\u010danstvo Princeza Katarina je tradicionalno na Bo\u017ei\u0107 posetila bolnice u Beogradu.Njeno Kraljevsko Viso\u010danstvo Princeza Katarina je u\" \/>\n<meta property=\"og:url\" content=\"https:\/\/royalfamily.org\/lat\/bozicne-humanitarne-aktivnosti-princeze-katarine\/\" \/>\n<meta property=\"og:site_name\" content=\"The Royal Family of Serbia\" \/>\n<meta property=\"article:publisher\" content=\"https:\/\/www.facebook.com\/Prestolonaslednik.Aleksandar\" \/>\n<meta property=\"article:published_time\" content=\"2013-01-07T00:00:00+00:00\" \/>\n<meta name=\"author\" content=\"Web Royal\" \/>\n<meta name=\"twitter:card\" content=\"summary_large_image\" \/>\n<meta name=\"twitter:label1\" content=\"Written by\" \/>\n\t<meta name=\"twitter:data1\" content=\"Web Royal\" \/>\n\t<meta name=\"twitter:label2\" content=\"Est. reading time\" \/>\n\t<meta name=\"twitter:data2\" content=\"1 minute\" \/>\n<script type=\"application\/ld+json\" class=\"yoast-schema-graph\">{\"@context\":\"https:\\\/\\\/schema.org\",\"@graph\":[{\"@type\":\"Article\",\"@id\":\"https:\\\/\\\/royalfamily.org\\\/lat\\\/bozicne-humanitarne-aktivnosti-princeze-katarine\\\/#article\",\"isPartOf\":{\"@id\":\"https:\\\/\\\/royalfamily.org\\\/lat\\\/bozicne-humanitarne-aktivnosti-princeze-katarine\\\/\"},\"author\":{\"name\":\"Web Royal\",\"@id\":\"https:\\\/\\\/royalfamily.org\\\/#\\\/schema\\\/person\\\/49383a0c31232a928463939891db1ad5\"},\"headline\":\"Bo\u017ei\u0107ne humanitarne aktivnosti Princeze Katarine\",\"datePublished\":\"2013-01-07T00:00:00+00:00\",\"mainEntityOfPage\":{\"@id\":\"https:\\\/\\\/royalfamily.org\\\/lat\\\/bozicne-humanitarne-aktivnosti-princeze-katarine\\\/\"},\"wordCount\":195,\"publisher\":{\"@id\":\"https:\\\/\\\/royalfamily.org\\\/#organization\"},\"articleSection\":[\"Vesti\"],\"inLanguage\":\"sr-LT\"},{\"@type\":\"WebPage\",\"@id\":\"https:\\\/\\\/royalfamily.org\\\/lat\\\/bozicne-humanitarne-aktivnosti-princeze-katarine\\\/\",\"url\":\"https:\\\/\\\/royalfamily.org\\\/lat\\\/bozicne-humanitarne-aktivnosti-princeze-katarine\\\/\",\"name\":\"Bo\u017ei\u0107ne humanitarne aktivnosti Princeze Katarine - The Royal Family of Serbia\",\"isPartOf\":{\"@id\":\"https:\\\/\\\/royalfamily.org\\\/#website\"},\"datePublished\":\"2013-01-07T00:00:00+00:00\",\"description\":\"Njeno Kraljevsko Viso\u010danstvo Princeza Katarina je tradicionalno na Bo\u017ei\u0107 posetila bolnice u Beogradu.Njeno Kraljevsko Viso\u010danstvo Princeza Katarina je u\",\"breadcrumb\":{\"@id\":\"https:\\\/\\\/royalfamily.org\\\/lat\\\/bozicne-humanitarne-aktivnosti-princeze-katarine\\\/#breadcrumb\"},\"inLanguage\":\"sr-LT\",\"potentialAction\":[{\"@type\":\"ReadAction\",\"target\":[\"https:\\\/\\\/royalfamily.org\\\/lat\\\/bozicne-humanitarne-aktivnosti-princeze-katarine\\\/\"]}]},{\"@type\":\"BreadcrumbList\",\"@id\":\"https:\\\/\\\/royalfamily.org\\\/lat\\\/bozicne-humanitarne-aktivnosti-princeze-katarine\\\/#breadcrumb\",\"itemListElement\":[{\"@type\":\"ListItem\",\"position\":1,\"name\":\"Home\",\"item\":\"https:\\\/\\\/royalfamily.org\\\/lat\\\/\"},{\"@type\":\"ListItem\",\"position\":2,\"name\":\"Bo\u017ei\u0107ne humanitarne aktivnosti Princeze Katarine\"}]},{\"@type\":\"WebSite\",\"@id\":\"https:\\\/\\\/royalfamily.org\\\/#website\",\"url\":\"https:\\\/\\\/royalfamily.org\\\/\",\"name\":\"The Royal Family of Serbia\",\"description\":\"From the people, for the people\",\"publisher\":{\"@id\":\"https:\\\/\\\/royalfamily.org\\\/#organization\"},\"potentialAction\":[{\"@type\":\"SearchAction\",\"target\":{\"@type\":\"EntryPoint\",\"urlTemplate\":\"https:\\\/\\\/royalfamily.org\\\/?s={search_term_string}\"},\"query-input\":{\"@type\":\"PropertyValueSpecification\",\"valueRequired\":true,\"valueName\":\"search_term_string\"}}],\"inLanguage\":\"sr-LT\"},{\"@type\":\"Organization\",\"@id\":\"https:\\\/\\\/royalfamily.org\\\/#organization\",\"name\":\"Royal Family\",\"url\":\"https:\\\/\\\/royalfamily.org\\\/\",\"logo\":{\"@type\":\"ImageObject\",\"inLanguage\":\"sr-LT\",\"@id\":\"https:\\\/\\\/royalfamily.org\\\/#\\\/schema\\\/logo\\\/image\\\/\",\"url\":\"https:\\\/\\\/royalfamily.org\\\/wp-content\\\/uploads\\\/2019\\\/04\\\/logo-vector-02-V-latinica.png\",\"contentUrl\":\"https:\\\/\\\/royalfamily.org\\\/wp-content\\\/uploads\\\/2019\\\/04\\\/logo-vector-02-V-latinica.png\",\"width\":552,\"height\":99,\"caption\":\"Royal Family\"},\"image\":{\"@id\":\"https:\\\/\\\/royalfamily.org\\\/#\\\/schema\\\/logo\\\/image\\\/\"},\"sameAs\":[\"https:\\\/\\\/www.facebook.com\\\/Prestolonaslednik.Aleksandar\"]},{\"@type\":\"Person\",\"@id\":\"https:\\\/\\\/royalfamily.org\\\/#\\\/schema\\\/person\\\/49383a0c31232a928463939891db1ad5\",\"name\":\"Web Royal\",\"image\":{\"@type\":\"ImageObject\",\"inLanguage\":\"sr-LT\",\"@id\":\"https:\\\/\\\/secure.gravatar.com\\\/avatar\\\/8dbdbae4ed2a898dcf0dcd9d01bf41782c405af026744c66e6a62d6235a20271?s=96&d=mm&r=g\",\"url\":\"https:\\\/\\\/secure.gravatar.com\\\/avatar\\\/8dbdbae4ed2a898dcf0dcd9d01bf41782c405af026744c66e6a62d6235a20271?s=96&d=mm&r=g\",\"contentUrl\":\"https:\\\/\\\/secure.gravatar.com\\\/avatar\\\/8dbdbae4ed2a898dcf0dcd9d01bf41782c405af026744c66e6a62d6235a20271?s=96&d=mm&r=g\",\"caption\":\"Web Royal\"}}]}<\/script>\n<!-- \/ Yoast SEO Premium plugin. -->","yoast_head_json":{"title":"Bo\u017ei\u0107ne humanitarne aktivnosti Princeze Katarine - The Royal Family of Serbia","description":"Njeno Kraljevsko Viso\u010danstvo Princeza Katarina je tradicionalno na Bo\u017ei\u0107 posetila bolnice u Beogradu.Njeno Kraljevsko Viso\u010danstvo Princeza Katarina je u","robots":{"index":"index","follow":"follow","max-snippet":"max-snippet:-1","max-image-preview":"max-image-preview:large","max-video-preview":"max-video-preview:-1"},"canonical":"https:\/\/royalfamily.org\/lat\/bozicne-humanitarne-aktivnosti-princeze-katarine\/","og_locale":"en_US","og_type":"article","og_title":"Bo\u017ei\u0107ne humanitarne aktivnosti Princeze Katarine","og_description":"Njeno Kraljevsko Viso\u010danstvo Princeza Katarina je tradicionalno na Bo\u017ei\u0107 posetila bolnice u Beogradu.Njeno Kraljevsko Viso\u010danstvo Princeza Katarina je u","og_url":"https:\/\/royalfamily.org\/lat\/bozicne-humanitarne-aktivnosti-princeze-katarine\/","og_site_name":"The Royal Family of Serbia","article_publisher":"https:\/\/www.facebook.com\/Prestolonaslednik.Aleksandar","article_published_time":"2013-01-07T00:00:00+00:00","author":"Web Royal","twitter_card":"summary_large_image","twitter_misc":{"Written by":"Web Royal","Est. reading time":"1 minute"},"schema":{"@context":"https:\/\/schema.org","@graph":[{"@type":"Article","@id":"https:\/\/royalfamily.org\/lat\/bozicne-humanitarne-aktivnosti-princeze-katarine\/#article","isPartOf":{"@id":"https:\/\/royalfamily.org\/lat\/bozicne-humanitarne-aktivnosti-princeze-katarine\/"},"author":{"name":"Web Royal","@id":"https:\/\/royalfamily.org\/#\/schema\/person\/49383a0c31232a928463939891db1ad5"},"headline":"Bo\u017ei\u0107ne humanitarne aktivnosti Princeze Katarine","datePublished":"2013-01-07T00:00:00+00:00","mainEntityOfPage":{"@id":"https:\/\/royalfamily.org\/lat\/bozicne-humanitarne-aktivnosti-princeze-katarine\/"},"wordCount":195,"publisher":{"@id":"https:\/\/royalfamily.org\/#organization"},"articleSection":["Vesti"],"inLanguage":"sr-LT"},{"@type":"WebPage","@id":"https:\/\/royalfamily.org\/lat\/bozicne-humanitarne-aktivnosti-princeze-katarine\/","url":"https:\/\/royalfamily.org\/lat\/bozicne-humanitarne-aktivnosti-princeze-katarine\/","name":"Bo\u017ei\u0107ne humanitarne aktivnosti Princeze Katarine - The Royal Family of Serbia","isPartOf":{"@id":"https:\/\/royalfamily.org\/#website"},"datePublished":"2013-01-07T00:00:00+00:00","description":"Njeno Kraljevsko Viso\u010danstvo Princeza Katarina je tradicionalno na Bo\u017ei\u0107 posetila bolnice u Beogradu.Njeno Kraljevsko Viso\u010danstvo Princeza Katarina je u","breadcrumb":{"@id":"https:\/\/royalfamily.org\/lat\/bozicne-humanitarne-aktivnosti-princeze-katarine\/#breadcrumb"},"inLanguage":"sr-LT","potentialAction":[{"@type":"ReadAction","target":["https:\/\/royalfamily.org\/lat\/bozicne-humanitarne-aktivnosti-princeze-katarine\/"]}]},{"@type":"BreadcrumbList","@id":"https:\/\/royalfamily.org\/lat\/bozicne-humanitarne-aktivnosti-princeze-katarine\/#breadcrumb","itemListElement":[{"@type":"ListItem","position":1,"name":"Home","item":"https:\/\/royalfamily.org\/lat\/"},{"@type":"ListItem","position":2,"name":"Bo\u017ei\u0107ne humanitarne aktivnosti Princeze Katarine"}]},{"@type":"WebSite","@id":"https:\/\/royalfamily.org\/#website","url":"https:\/\/royalfamily.org\/","name":"The Royal Family of Serbia","description":"From the people, for the people","publisher":{"@id":"https:\/\/royalfamily.org\/#organization"},"potentialAction":[{"@type":"SearchAction","target":{"@type":"EntryPoint","urlTemplate":"https:\/\/royalfamily.org\/?s={search_term_string}"},"query-input":{"@type":"PropertyValueSpecification","valueRequired":true,"valueName":"search_term_string"}}],"inLanguage":"sr-LT"},{"@type":"Organization","@id":"https:\/\/royalfamily.org\/#organization","name":"Royal Family","url":"https:\/\/royalfamily.org\/","logo":{"@type":"ImageObject","inLanguage":"sr-LT","@id":"https:\/\/royalfamily.org\/#\/schema\/logo\/image\/","url":"https:\/\/royalfamily.org\/wp-content\/uploads\/2019\/04\/logo-vector-02-V-latinica.png","contentUrl":"https:\/\/royalfamily.org\/wp-content\/uploads\/2019\/04\/logo-vector-02-V-latinica.png","width":552,"height":99,"caption":"Royal Family"},"image":{"@id":"https:\/\/royalfamily.org\/#\/schema\/logo\/image\/"},"sameAs":["https:\/\/www.facebook.com\/Prestolonaslednik.Aleksandar"]},{"@type":"Person","@id":"https:\/\/royalfamily.org\/#\/schema\/person\/49383a0c31232a928463939891db1ad5","name":"Web Royal","image":{"@type":"ImageObject","inLanguage":"sr-LT","@id":"https:\/\/secure.gravatar.com\/avatar\/8dbdbae4ed2a898dcf0dcd9d01bf41782c405af026744c66e6a62d6235a20271?s=96&d=mm&r=g","url":"https:\/\/secure.gravatar.com\/avatar\/8dbdbae4ed2a898dcf0dcd9d01bf41782c405af026744c66e6a62d6235a20271?s=96&d=mm&r=g","contentUrl":"https:\/\/secure.gravatar.com\/avatar\/8dbdbae4ed2a898dcf0dcd9d01bf41782c405af026744c66e6a62d6235a20271?s=96&d=mm&r=g","caption":"Web Royal"}}]}},"_links":{"self":[{"href":"https:\/\/royalfamily.org\/lat\/wp-json\/wp\/v2\/posts\/7041","targetHints":{"allow":["GET"]}}],"collection":[{"href":"https:\/\/royalfamily.org\/lat\/wp-json\/wp\/v2\/posts"}],"about":[{"href":"https:\/\/royalfamily.org\/lat\/wp-json\/wp\/v2\/types\/post"}],"author":[{"embeddable":true,"href":"https:\/\/royalfamily.org\/lat\/wp-json\/wp\/v2\/users\/1"}],"replies":[{"embeddable":true,"href":"https:\/\/royalfamily.org\/lat\/wp-json\/wp\/v2\/comments?post=7041"}],"version-history":[{"count":0,"href":"https:\/\/royalfamily.org\/lat\/wp-json\/wp\/v2\/posts\/7041\/revisions"}],"wp:attachment":[{"href":"https:\/\/royalfamily.org\/lat\/wp-json\/wp\/v2\/media?parent=7041"}],"wp:term":[{"taxonomy":"category","embeddable":true,"href":"https:\/\/royalfamily.org\/lat\/wp-json\/wp\/v2\/categories?post=7041"},{"taxonomy":"post_tag","embeddable":true,"href":"https:\/\/royalfamily.org\/lat\/wp-json\/wp\/v2\/tags?post=7041"}],"curies":[{"name":"wp","href":"https:\/\/api.w.org\/{rel}","templated":true}]}}