{"id":7044,"date":"2013-01-10T00:00:00","date_gmt":"2013-01-10T00:00:00","guid":{"rendered":"https:\/\/royalfamily.org\/tradicionalni-bozicni-prijemi-za-decu-u-belom-dvoru\/"},"modified":"2013-01-10T00:00:00","modified_gmt":"2013-01-10T00:00:00","slug":"tradicionalni-bozicni-prijemi-za-decu-u-belom-dvoru","status":"publish","type":"post","link":"https:\/\/royalfamily.org\/lat\/tradicionalni-bozicni-prijemi-za-decu-u-belom-dvoru\/","title":{"rendered":"Tradicionalni Bo\u017ei\u0107ni prijemi za decu u Belom dvoru"},"content":{"rendered":"<p>Njihova Kraljevska Viso\u010danstva Prestolonaslednik Aleksandar, Princeza Katarina, Princ Naslednik Petar i Princ Filip bili su doma\u0107ini tradicionalnih Bo\u017ei\u0107nih prijema za decu bez roditeljskog staranja decu sa invaliditetom, romsku decu i izbeglu i raseljenu decu iz \u010ditave Srbije danas u Belom Dvoru.<\/p>\n<p>Vi\u0161e od 1200 dece uzrasta od tri do dvanaest godina imalo je priliku da se raduje Bo\u017ei\u0107u zajedno sa Njihovim Kraljevskim Viso\u010danstvima. Njegovo Preosve\u0161tenstvo Vladika hvostanski G. Atanasije objasnio je deci smisao Bo\u017ei\u0107a i njegovu va\u017enost.<\/p>\n<p>U toku dana odr\u017eana su tri prijema, u 10, 12 i 15 \u010dasova, kako bi sva deca u\u017eivala u divnim poklonima, dekoraciji i raznovrsnom muzi\u010dkom programu.<\/p>\n<p>G-\u0111a Keti Fenslou, predsednica Lajflajn \u010cikago humanitarne organizacije, \u010dijom velikodu\u0161no\u0161\u0107u su prikupljene igra\u010dke za decu, njena k\u0107erka Trejsi Armstrong, g-\u0111a Maja Leru i g-\u0111a Kristina Leru pomagale su Njihovim Kraljevskim Viso\u010danstvima prilikom podele poklona deci.<\/p>\n<p>Specijalni gost na prijemima bila je ameri\u010dka pop zvezda Kristen Meknamara (Kristen McNamara), poznatija kao KMAC, \u00a0u\u010desnica \u00a0televizijskog takmi\u010denja u pevanju \u201eAmeri\u010dki idol\u201c \u00a0koja je obradovala decu izvo\u0111enjem svojih pesama \u00a0u okviru Bo\u017ei\u0107nih prijema. Kristen je bila inspirisana po\u017ertvovano\u0161\u0107u i humanitarnim aktivnostima Princeze Katarine \u00a0i samo zbog mogu\u0107nosti susreta sa decom produ\u017eila posetu Srbiji kako bi \u00a0dobrotvorno nastupila za mali\u0161ane koji su bili \u00a0gosti na Bo\u017ei\u0107nim prijemima u Belom dvoru. Pored go\u0161\u0107e iz Sjedinjenih Ameri\u010dkih Dr\u017eava decu su obradovali i \u00a0animatori iz kulturnog ansambla \u201e\u010cigra\u201c kao i balerine iz baletskog studija \u201eM\u201c.<\/p>\n<p>Prijemi ne bi bili mogu\u0107i bez velike pomo\u0107i prijatelja Fondacije Princeze Katarine kao \u0161to su : \u00a0ambasade: Kuvajta, Belgije, Kipra, \u0160panije, \u0160vajcarske, Koreje, Ukrajine, Finske, Sirije;kompanije: CCCHBC, Balon Centar, Pekara Trpkovic, \u010cigre, Ishrana Produkt, Vrabac, Janovi\u0107, Dexy Co, Sweetsystem d.o.o., Para\u0107inka Para\u0107in, Al Grosso, Kika Loznica, Direct Group, IDEA d.o.o., Plavi kamen, Mala Moda Marija, Balkan Lift Komerc d.o.o., Eptisa Regional office for SEE, Eliksir Natura, BG Produkt, Handelsagentur, Azvi; humanitarne organizacije Lajflajn \u010cikago i Lajflajn Njujork; \u0161kole :Prima internacionalna \u0161kola, Internacionalno obdani\u0161te Beograd, Anglo-ameri\u010dka \u0161kola, \u010cartvel, Nema\u010dka \u0161kola, Britanska \u00a0internacionalna \u0161kola, \u0161kola Rudjer Bo\u0161kovi\u0107, \u0161kola \u00a0Milo\u0161 Crnjanski, Internacionalna \u0161kola Beograd, kao i uz veliku pomo\u0107 g-\u0111e Silvije \u00a0Poremba, g-\u0111e Maje \u00a0Leru i g-\u0111e D\u017eenin Stamenkovi\u0107.<\/p>\n<p>Njihova Kraljevska Viso\u010danstva se posebno zahvaljuju kompaniji JAT Airways koja je strate\u0161ki partner Kraljevskog para pri realizaciji mnogobrojnih humanitarnih aktivnosti.<\/p>\n<p>\u00a0<\/p>\n<p><strong>IZVODI IZ \u0160TAMPE<\/strong><\/p>\n","protected":false},"excerpt":{"rendered":"<p>Njihova Kraljevska Viso\u010danstva Prestolonaslednik Aleksandar, Princeza Katarina, Princ Naslednik Petar i Princ Filip bili su  [&#8230;]<\/p>\n","protected":false},"author":1,"featured_media":0,"comment_status":"closed","ping_status":"open","sticky":false,"template":"","format":"standard","meta":{"_acf_changed":false,"footnotes":""},"categories":[22],"tags":[],"class_list":["post-7044","post","type-post","status-publish","format-standard","hentry","category-vesti"],"acf":[],"yoast_head":"<!-- This site is optimized with the Yoast SEO Premium plugin v27.5 (Yoast SEO v27.5) - https:\/\/yoast.com\/product\/yoast-seo-premium-wordpress\/ -->\n<title>Tradicionalni Bo\u017ei\u0107ni prijemi za decu u Belom dvoru - The Royal Family of Serbia<\/title>\n<meta name=\"description\" content=\"Njihova Kraljevska Viso\u010danstva Prestolonaslednik Aleksandar, Princeza Katarina, Princ Naslednik Petar i Princ Filip bili su doma\u0107ini tradicionalnih\" \/>\n<meta name=\"robots\" content=\"index, follow, max-snippet:-1, max-image-preview:large, max-video-preview:-1\" \/>\n<link rel=\"canonical\" href=\"https:\/\/royalfamily.org\/lat\/tradicionalni-bozicni-prijemi-za-decu-u-belom-dvoru\/\" \/>\n<meta property=\"og:locale\" content=\"en_US\" \/>\n<meta property=\"og:type\" content=\"article\" \/>\n<meta property=\"og:title\" content=\"Tradicionalni Bo\u017ei\u0107ni prijemi za decu u Belom dvoru\" \/>\n<meta property=\"og:description\" content=\"Njihova Kraljevska Viso\u010danstva Prestolonaslednik Aleksandar, Princeza Katarina, Princ Naslednik Petar i Princ Filip bili su doma\u0107ini tradicionalnih\" \/>\n<meta property=\"og:url\" content=\"https:\/\/royalfamily.org\/lat\/tradicionalni-bozicni-prijemi-za-decu-u-belom-dvoru\/\" \/>\n<meta property=\"og:site_name\" content=\"The Royal Family of Serbia\" \/>\n<meta property=\"article:publisher\" content=\"https:\/\/www.facebook.com\/Prestolonaslednik.Aleksandar\" \/>\n<meta property=\"article:published_time\" content=\"2013-01-10T00:00:00+00:00\" \/>\n<meta name=\"author\" content=\"Web Royal\" \/>\n<meta name=\"twitter:card\" content=\"summary_large_image\" \/>\n<meta name=\"twitter:label1\" content=\"Written by\" \/>\n\t<meta name=\"twitter:data1\" content=\"Web Royal\" \/>\n\t<meta name=\"twitter:label2\" content=\"Est. reading time\" \/>\n\t<meta name=\"twitter:data2\" content=\"2 minutes\" \/>\n<script type=\"application\/ld+json\" class=\"yoast-schema-graph\">{\"@context\":\"https:\\\/\\\/schema.org\",\"@graph\":[{\"@type\":\"Article\",\"@id\":\"https:\\\/\\\/royalfamily.org\\\/lat\\\/tradicionalni-bozicni-prijemi-za-decu-u-belom-dvoru\\\/#article\",\"isPartOf\":{\"@id\":\"https:\\\/\\\/royalfamily.org\\\/lat\\\/tradicionalni-bozicni-prijemi-za-decu-u-belom-dvoru\\\/\"},\"author\":{\"name\":\"Web Royal\",\"@id\":\"https:\\\/\\\/royalfamily.org\\\/#\\\/schema\\\/person\\\/49383a0c31232a928463939891db1ad5\"},\"headline\":\"Tradicionalni Bo\u017ei\u0107ni prijemi za decu u Belom dvoru\",\"datePublished\":\"2013-01-10T00:00:00+00:00\",\"mainEntityOfPage\":{\"@id\":\"https:\\\/\\\/royalfamily.org\\\/lat\\\/tradicionalni-bozicni-prijemi-za-decu-u-belom-dvoru\\\/\"},\"wordCount\":435,\"publisher\":{\"@id\":\"https:\\\/\\\/royalfamily.org\\\/#organization\"},\"articleSection\":[\"Vesti\"],\"inLanguage\":\"sr-LT\"},{\"@type\":\"WebPage\",\"@id\":\"https:\\\/\\\/royalfamily.org\\\/lat\\\/tradicionalni-bozicni-prijemi-za-decu-u-belom-dvoru\\\/\",\"url\":\"https:\\\/\\\/royalfamily.org\\\/lat\\\/tradicionalni-bozicni-prijemi-za-decu-u-belom-dvoru\\\/\",\"name\":\"Tradicionalni Bo\u017ei\u0107ni prijemi za decu u Belom dvoru - The Royal Family of Serbia\",\"isPartOf\":{\"@id\":\"https:\\\/\\\/royalfamily.org\\\/#website\"},\"datePublished\":\"2013-01-10T00:00:00+00:00\",\"description\":\"Njihova Kraljevska Viso\u010danstva Prestolonaslednik Aleksandar, Princeza Katarina, Princ Naslednik Petar i Princ Filip bili su doma\u0107ini tradicionalnih\",\"breadcrumb\":{\"@id\":\"https:\\\/\\\/royalfamily.org\\\/lat\\\/tradicionalni-bozicni-prijemi-za-decu-u-belom-dvoru\\\/#breadcrumb\"},\"inLanguage\":\"sr-LT\",\"potentialAction\":[{\"@type\":\"ReadAction\",\"target\":[\"https:\\\/\\\/royalfamily.org\\\/lat\\\/tradicionalni-bozicni-prijemi-za-decu-u-belom-dvoru\\\/\"]}]},{\"@type\":\"BreadcrumbList\",\"@id\":\"https:\\\/\\\/royalfamily.org\\\/lat\\\/tradicionalni-bozicni-prijemi-za-decu-u-belom-dvoru\\\/#breadcrumb\",\"itemListElement\":[{\"@type\":\"ListItem\",\"position\":1,\"name\":\"Home\",\"item\":\"https:\\\/\\\/royalfamily.org\\\/lat\\\/\"},{\"@type\":\"ListItem\",\"position\":2,\"name\":\"Tradicionalni Bo\u017ei\u0107ni prijemi za decu u Belom dvoru\"}]},{\"@type\":\"WebSite\",\"@id\":\"https:\\\/\\\/royalfamily.org\\\/#website\",\"url\":\"https:\\\/\\\/royalfamily.org\\\/\",\"name\":\"The Royal Family of Serbia\",\"description\":\"From the people, for the people\",\"publisher\":{\"@id\":\"https:\\\/\\\/royalfamily.org\\\/#organization\"},\"potentialAction\":[{\"@type\":\"SearchAction\",\"target\":{\"@type\":\"EntryPoint\",\"urlTemplate\":\"https:\\\/\\\/royalfamily.org\\\/?s={search_term_string}\"},\"query-input\":{\"@type\":\"PropertyValueSpecification\",\"valueRequired\":true,\"valueName\":\"search_term_string\"}}],\"inLanguage\":\"sr-LT\"},{\"@type\":\"Organization\",\"@id\":\"https:\\\/\\\/royalfamily.org\\\/#organization\",\"name\":\"Royal Family\",\"url\":\"https:\\\/\\\/royalfamily.org\\\/\",\"logo\":{\"@type\":\"ImageObject\",\"inLanguage\":\"sr-LT\",\"@id\":\"https:\\\/\\\/royalfamily.org\\\/#\\\/schema\\\/logo\\\/image\\\/\",\"url\":\"https:\\\/\\\/royalfamily.org\\\/wp-content\\\/uploads\\\/2019\\\/04\\\/logo-vector-02-V-latinica.png\",\"contentUrl\":\"https:\\\/\\\/royalfamily.org\\\/wp-content\\\/uploads\\\/2019\\\/04\\\/logo-vector-02-V-latinica.png\",\"width\":552,\"height\":99,\"caption\":\"Royal Family\"},\"image\":{\"@id\":\"https:\\\/\\\/royalfamily.org\\\/#\\\/schema\\\/logo\\\/image\\\/\"},\"sameAs\":[\"https:\\\/\\\/www.facebook.com\\\/Prestolonaslednik.Aleksandar\"]},{\"@type\":\"Person\",\"@id\":\"https:\\\/\\\/royalfamily.org\\\/#\\\/schema\\\/person\\\/49383a0c31232a928463939891db1ad5\",\"name\":\"Web Royal\",\"image\":{\"@type\":\"ImageObject\",\"inLanguage\":\"sr-LT\",\"@id\":\"https:\\\/\\\/secure.gravatar.com\\\/avatar\\\/8dbdbae4ed2a898dcf0dcd9d01bf41782c405af026744c66e6a62d6235a20271?s=96&d=mm&r=g\",\"url\":\"https:\\\/\\\/secure.gravatar.com\\\/avatar\\\/8dbdbae4ed2a898dcf0dcd9d01bf41782c405af026744c66e6a62d6235a20271?s=96&d=mm&r=g\",\"contentUrl\":\"https:\\\/\\\/secure.gravatar.com\\\/avatar\\\/8dbdbae4ed2a898dcf0dcd9d01bf41782c405af026744c66e6a62d6235a20271?s=96&d=mm&r=g\",\"caption\":\"Web Royal\"}}]}<\/script>\n<!-- \/ Yoast SEO Premium plugin. -->","yoast_head_json":{"title":"Tradicionalni Bo\u017ei\u0107ni prijemi za decu u Belom dvoru - The Royal Family of Serbia","description":"Njihova Kraljevska Viso\u010danstva Prestolonaslednik Aleksandar, Princeza Katarina, Princ Naslednik Petar i Princ Filip bili su doma\u0107ini tradicionalnih","robots":{"index":"index","follow":"follow","max-snippet":"max-snippet:-1","max-image-preview":"max-image-preview:large","max-video-preview":"max-video-preview:-1"},"canonical":"https:\/\/royalfamily.org\/lat\/tradicionalni-bozicni-prijemi-za-decu-u-belom-dvoru\/","og_locale":"en_US","og_type":"article","og_title":"Tradicionalni Bo\u017ei\u0107ni prijemi za decu u Belom dvoru","og_description":"Njihova Kraljevska Viso\u010danstva Prestolonaslednik Aleksandar, Princeza Katarina, Princ Naslednik Petar i Princ Filip bili su doma\u0107ini tradicionalnih","og_url":"https:\/\/royalfamily.org\/lat\/tradicionalni-bozicni-prijemi-za-decu-u-belom-dvoru\/","og_site_name":"The Royal Family of Serbia","article_publisher":"https:\/\/www.facebook.com\/Prestolonaslednik.Aleksandar","article_published_time":"2013-01-10T00:00:00+00:00","author":"Web Royal","twitter_card":"summary_large_image","twitter_misc":{"Written by":"Web Royal","Est. reading time":"2 minutes"},"schema":{"@context":"https:\/\/schema.org","@graph":[{"@type":"Article","@id":"https:\/\/royalfamily.org\/lat\/tradicionalni-bozicni-prijemi-za-decu-u-belom-dvoru\/#article","isPartOf":{"@id":"https:\/\/royalfamily.org\/lat\/tradicionalni-bozicni-prijemi-za-decu-u-belom-dvoru\/"},"author":{"name":"Web Royal","@id":"https:\/\/royalfamily.org\/#\/schema\/person\/49383a0c31232a928463939891db1ad5"},"headline":"Tradicionalni Bo\u017ei\u0107ni prijemi za decu u Belom dvoru","datePublished":"2013-01-10T00:00:00+00:00","mainEntityOfPage":{"@id":"https:\/\/royalfamily.org\/lat\/tradicionalni-bozicni-prijemi-za-decu-u-belom-dvoru\/"},"wordCount":435,"publisher":{"@id":"https:\/\/royalfamily.org\/#organization"},"articleSection":["Vesti"],"inLanguage":"sr-LT"},{"@type":"WebPage","@id":"https:\/\/royalfamily.org\/lat\/tradicionalni-bozicni-prijemi-za-decu-u-belom-dvoru\/","url":"https:\/\/royalfamily.org\/lat\/tradicionalni-bozicni-prijemi-za-decu-u-belom-dvoru\/","name":"Tradicionalni Bo\u017ei\u0107ni prijemi za decu u Belom dvoru - The Royal Family of Serbia","isPartOf":{"@id":"https:\/\/royalfamily.org\/#website"},"datePublished":"2013-01-10T00:00:00+00:00","description":"Njihova Kraljevska Viso\u010danstva Prestolonaslednik Aleksandar, Princeza Katarina, Princ Naslednik Petar i Princ Filip bili su doma\u0107ini tradicionalnih","breadcrumb":{"@id":"https:\/\/royalfamily.org\/lat\/tradicionalni-bozicni-prijemi-za-decu-u-belom-dvoru\/#breadcrumb"},"inLanguage":"sr-LT","potentialAction":[{"@type":"ReadAction","target":["https:\/\/royalfamily.org\/lat\/tradicionalni-bozicni-prijemi-za-decu-u-belom-dvoru\/"]}]},{"@type":"BreadcrumbList","@id":"https:\/\/royalfamily.org\/lat\/tradicionalni-bozicni-prijemi-za-decu-u-belom-dvoru\/#breadcrumb","itemListElement":[{"@type":"ListItem","position":1,"name":"Home","item":"https:\/\/royalfamily.org\/lat\/"},{"@type":"ListItem","position":2,"name":"Tradicionalni Bo\u017ei\u0107ni prijemi za decu u Belom dvoru"}]},{"@type":"WebSite","@id":"https:\/\/royalfamily.org\/#website","url":"https:\/\/royalfamily.org\/","name":"The Royal Family of Serbia","description":"From the people, for the people","publisher":{"@id":"https:\/\/royalfamily.org\/#organization"},"potentialAction":[{"@type":"SearchAction","target":{"@type":"EntryPoint","urlTemplate":"https:\/\/royalfamily.org\/?s={search_term_string}"},"query-input":{"@type":"PropertyValueSpecification","valueRequired":true,"valueName":"search_term_string"}}],"inLanguage":"sr-LT"},{"@type":"Organization","@id":"https:\/\/royalfamily.org\/#organization","name":"Royal Family","url":"https:\/\/royalfamily.org\/","logo":{"@type":"ImageObject","inLanguage":"sr-LT","@id":"https:\/\/royalfamily.org\/#\/schema\/logo\/image\/","url":"https:\/\/royalfamily.org\/wp-content\/uploads\/2019\/04\/logo-vector-02-V-latinica.png","contentUrl":"https:\/\/royalfamily.org\/wp-content\/uploads\/2019\/04\/logo-vector-02-V-latinica.png","width":552,"height":99,"caption":"Royal Family"},"image":{"@id":"https:\/\/royalfamily.org\/#\/schema\/logo\/image\/"},"sameAs":["https:\/\/www.facebook.com\/Prestolonaslednik.Aleksandar"]},{"@type":"Person","@id":"https:\/\/royalfamily.org\/#\/schema\/person\/49383a0c31232a928463939891db1ad5","name":"Web Royal","image":{"@type":"ImageObject","inLanguage":"sr-LT","@id":"https:\/\/secure.gravatar.com\/avatar\/8dbdbae4ed2a898dcf0dcd9d01bf41782c405af026744c66e6a62d6235a20271?s=96&d=mm&r=g","url":"https:\/\/secure.gravatar.com\/avatar\/8dbdbae4ed2a898dcf0dcd9d01bf41782c405af026744c66e6a62d6235a20271?s=96&d=mm&r=g","contentUrl":"https:\/\/secure.gravatar.com\/avatar\/8dbdbae4ed2a898dcf0dcd9d01bf41782c405af026744c66e6a62d6235a20271?s=96&d=mm&r=g","caption":"Web Royal"}}]}},"_links":{"self":[{"href":"https:\/\/royalfamily.org\/lat\/wp-json\/wp\/v2\/posts\/7044","targetHints":{"allow":["GET"]}}],"collection":[{"href":"https:\/\/royalfamily.org\/lat\/wp-json\/wp\/v2\/posts"}],"about":[{"href":"https:\/\/royalfamily.org\/lat\/wp-json\/wp\/v2\/types\/post"}],"author":[{"embeddable":true,"href":"https:\/\/royalfamily.org\/lat\/wp-json\/wp\/v2\/users\/1"}],"replies":[{"embeddable":true,"href":"https:\/\/royalfamily.org\/lat\/wp-json\/wp\/v2\/comments?post=7044"}],"version-history":[{"count":0,"href":"https:\/\/royalfamily.org\/lat\/wp-json\/wp\/v2\/posts\/7044\/revisions"}],"wp:attachment":[{"href":"https:\/\/royalfamily.org\/lat\/wp-json\/wp\/v2\/media?parent=7044"}],"wp:term":[{"taxonomy":"category","embeddable":true,"href":"https:\/\/royalfamily.org\/lat\/wp-json\/wp\/v2\/categories?post=7044"},{"taxonomy":"post_tag","embeddable":true,"href":"https:\/\/royalfamily.org\/lat\/wp-json\/wp\/v2\/tags?post=7044"}],"curies":[{"name":"wp","href":"https:\/\/api.w.org\/{rel}","templated":true}]}}