{"id":7048,"date":"2013-01-18T00:00:00","date_gmt":"2013-01-18T00:00:00","guid":{"rendered":"https:\/\/royalfamily.org\/nj-v-kralj-petar-ii-vraca-se-kuci-posle-72-godine\/"},"modified":"2013-01-18T00:00:00","modified_gmt":"2013-01-18T00:00:00","slug":"nj-v-kralj-petar-ii-vraca-se-kuci-posle-72-godine","status":"publish","type":"post","link":"https:\/\/royalfamily.org\/lat\/nj-v-kralj-petar-ii-vraca-se-kuci-posle-72-godine\/","title":{"rendered":"Nj.V. Kralj Petar II vra\u0107a se ku\u0107i posle 72 godine"},"content":{"rendered":"<p><strong>Nj.K.V. Prestolonaslednik Aleksandar izjavio je danas da su on i njegova porodica veoma ponosni \u0161to se njegov otac Kralj Petar II od Jugoslavije kona\u010dno vra\u0107a ku\u0107i. Prestolonaslednik je istakao da je ovo veoma dirljiv doga\u0111aj, od velikog istorijskog zna\u010daja za narod Srbije. Kralj Petar \u0107e se kona\u010dno pridru\u017eiti svojim precima u Kraljevskom mauzoleju na Oplencu. Do tog trenutka, Njegovo Veli\u010danstvo po\u010diva\u0107e u miru u kapeli pri Kraljevskom Dvoru na Dedinju u Beogradu.<\/strong><\/p>\n<p><strong>Njegovo Kraljevsko Viso\u010danstvo \u017eeli da se najtoplije zahvali Nj.E. g-dinu Tomislavu Nikoli\u0107u, predsedniku Srbije, Vladi Srbije i Odboru za prenos posmrtnih ostataka \u010dlanova Kraljevske porodice na njihovoj nesebi\u010dnoj pomo\u0107i i savetima. Kona\u010dan datum sahrane na Oplencu bi\u0107e odre\u0111en kasnije ove godine, u dogovoru sa Srpskom Pravoslavnom Crkvom, Nj.E. g-dinom Tomislavom Nikoli\u0107em, predsednikom Srbije, Vladom Republike Srbije i drugim Kraljevskim ku\u0107ama.<\/strong><\/p>\n<p>Kralj Petar II od Jugoslavije bio je najstariji sin Kralja Aleksandra I i Kraljice Marije od Jugoslavije. Kralj Petar II ro\u0111en je u Beogradu, 6. septembra 1923. godine, a kumovi su mu bili Kralj D\u017eord\u017e VI i Kraljica Elizabeta (kasnije Kraljica majka Velike Britanije). Obrazovanje je zapo\u010deo u Kraljevskom Dvoru u Beogradu, posle \u010dega je upisao \u0161kolu Sandroid u Engleskoj, odakle se vratio posle ubistva svoga oca u Marselju, 1934. godine. Po\u0161to je u vreme atentata Kralj Petar II imao samo 11 godina, kraljevsko upravljanje zemljom preneto je na Namesni\u0161tvo koje se sastojalo od tri regenta, me\u0111u kojima je bio i njegov stric Knez Pavle od Jugoslavije.<\/p>\n<p>Po\u010detkom Drugog svetskog rata, 1939. godine, Kraljevina Jugoslavija na\u0161la se okru\u017eena zemljama koje su se pridru\u017eile silama osovine, kao saveznice nacisti\u010dke Nema\u010dke. Odluka Kneza Pavla da potpi\u0161e ugovor o nenapadanju sa nacisti\u010dkom Nema\u010dkom izazvala je \u017eestoke proteste u zemlji, koji su 27. marta 1941. doveli do krize vlade i dr\u017eavnog udara koji su izveli oficiri Kraljevske Vojske. Kao rezultat tih doga\u0111aja, Kralj Petar II progla\u0161en je punoletnim.<\/p>\n<p>Jugoslovenska vojska nije mogla da se odupre invaziji nacisti\u010dke Nema\u010dke koja je potom usledila: Jugoslavija je bila okupirana za jedanaest dana. Kralj Petar II bio je primoran da zajedno sa Jugoslovenskom vladom emigrira prvo u Gr\u010dku i Palestinu, a zatim u Egipat. Kralj Petar II se juna 1941. godine u Londonu pridru\u017eio drugim monarsima i liderima evropskih dr\u017eava koji su izbegli pred nacisti\u010dkom okupacijom.<\/p>\n<p>Uprkos slomu jugoslovenske vojske, u zemlji su formirana dva suparni\u010dka pokreta otpora. Prvi je bio rojalisti\u010dki na \u010delu sa pukovnikom Kraljevske Vojske Dragoljubom (Dra\u017eom) Mihailovi\u0107em, koji je kasnije unapre\u0111en u \u010din generala i imenovan za Ministra odbrane vlade u izgnanstvu. Drugi je bio partizanski pokret, koji je vodio Josip Broz &#8211; kasnije poznatiji kao Tito. Posledica je bio krvavi gra\u0111anski rat tokom nacisti\u010dke okupacije.<\/p>\n<p>Saveznici su najpre podr\u017eavali generala Mihailovi\u0107a, a onda su se okrenuli Titu. Godine 1944, u pratnji sovjetskih tenkovskih brigada, partizani su u\u0161li u Beograd i formirali vladu. U novembru 1945. godine Monarhija je nezakonito, bez referenduma ukinuta, a Jugoslavija se preobrazila i tokom vi\u0161e od \u010detiri decenije ostala totalitarna jednopartijska dr\u017eava pod vla\u0161\u0107u komunisti\u010dke partije.<\/p>\n<p>Kralj Petar II nije nikada abdicirao. U izgnanstvu je prvo \u017eiveo u Londonu sa svojom suprugom (1944. godine o\u017eenio se Princezom Aleksandrom od Gr\u010dke i Danske, k\u0107erkom Gr\u010dkog Kralja Aleksandra i Aspazije Manos) i sinom Prestolonaslednikom Aleksandrom, ro\u0111enim 1945. godine.<\/p>\n<p>Poslednje godine \u017eivota proveo je u Americi. Posle duge i te\u0161ke bolesti Kralj Petar II umro je u bolnici u Denveru u Koloradu 3. novembra 1970. a sahranjen je u crkvi Svetog Save u Libertvilu, severno od \u010cikaga, u dr\u017eavi Ilinois. On je bio jedini Kralj sahranjen u Sjedinjenim Ameri\u010dkim Dr\u017eavama.<\/p>\n","protected":false},"excerpt":{"rendered":"<p>Nj.K.V. Prestolonaslednik Aleksandar izjavio je danas da su on i njegova porodica veoma ponosni \u0161to  [&#8230;]<\/p>\n","protected":false},"author":1,"featured_media":0,"comment_status":"closed","ping_status":"open","sticky":false,"template":"","format":"standard","meta":{"_acf_changed":false,"footnotes":""},"categories":[22],"tags":[],"class_list":["post-7048","post","type-post","status-publish","format-standard","hentry","category-vesti"],"acf":[],"yoast_head":"<!-- This site is optimized with the Yoast SEO Premium plugin v27.5 (Yoast SEO v27.5) - https:\/\/yoast.com\/product\/yoast-seo-premium-wordpress\/ -->\n<title>Nj.V. Kralj Petar II vra\u0107a se ku\u0107i posle 72 godine - The Royal Family of Serbia<\/title>\n<meta name=\"description\" content=\"Nj.K.V. Prestolonaslednik Aleksandar izjavio je danas da su on i njegova porodica veoma ponosni \u0161to se njegov otac Kralj Petar II od Jugoslavije kona\u010dno\" \/>\n<meta name=\"robots\" content=\"index, follow, max-snippet:-1, max-image-preview:large, max-video-preview:-1\" \/>\n<link rel=\"canonical\" href=\"https:\/\/royalfamily.org\/lat\/nj-v-kralj-petar-ii-vraca-se-kuci-posle-72-godine\/\" \/>\n<meta property=\"og:locale\" content=\"en_US\" \/>\n<meta property=\"og:type\" content=\"article\" \/>\n<meta property=\"og:title\" content=\"Nj.V. Kralj Petar II vra\u0107a se ku\u0107i posle 72 godine\" \/>\n<meta property=\"og:description\" content=\"Nj.K.V. Prestolonaslednik Aleksandar izjavio je danas da su on i njegova porodica veoma ponosni \u0161to se njegov otac Kralj Petar II od Jugoslavije kona\u010dno\" \/>\n<meta property=\"og:url\" content=\"https:\/\/royalfamily.org\/lat\/nj-v-kralj-petar-ii-vraca-se-kuci-posle-72-godine\/\" \/>\n<meta property=\"og:site_name\" content=\"The Royal Family of Serbia\" \/>\n<meta property=\"article:publisher\" content=\"https:\/\/www.facebook.com\/Prestolonaslednik.Aleksandar\" \/>\n<meta property=\"article:published_time\" content=\"2013-01-18T00:00:00+00:00\" \/>\n<meta name=\"author\" content=\"Web Royal\" \/>\n<meta name=\"twitter:card\" content=\"summary_large_image\" \/>\n<meta name=\"twitter:label1\" content=\"Written by\" \/>\n\t<meta name=\"twitter:data1\" content=\"Web Royal\" \/>\n\t<meta name=\"twitter:label2\" content=\"Est. reading time\" \/>\n\t<meta name=\"twitter:data2\" content=\"3 minutes\" \/>\n<script type=\"application\/ld+json\" class=\"yoast-schema-graph\">{\"@context\":\"https:\\\/\\\/schema.org\",\"@graph\":[{\"@type\":\"Article\",\"@id\":\"https:\\\/\\\/royalfamily.org\\\/lat\\\/nj-v-kralj-petar-ii-vraca-se-kuci-posle-72-godine\\\/#article\",\"isPartOf\":{\"@id\":\"https:\\\/\\\/royalfamily.org\\\/lat\\\/nj-v-kralj-petar-ii-vraca-se-kuci-posle-72-godine\\\/\"},\"author\":{\"name\":\"Web Royal\",\"@id\":\"https:\\\/\\\/royalfamily.org\\\/#\\\/schema\\\/person\\\/49383a0c31232a928463939891db1ad5\"},\"headline\":\"Nj.V. Kralj Petar II vra\u0107a se ku\u0107i posle 72 godine\",\"datePublished\":\"2013-01-18T00:00:00+00:00\",\"mainEntityOfPage\":{\"@id\":\"https:\\\/\\\/royalfamily.org\\\/lat\\\/nj-v-kralj-petar-ii-vraca-se-kuci-posle-72-godine\\\/\"},\"wordCount\":648,\"publisher\":{\"@id\":\"https:\\\/\\\/royalfamily.org\\\/#organization\"},\"articleSection\":[\"Vesti\"],\"inLanguage\":\"sr-LT\"},{\"@type\":\"WebPage\",\"@id\":\"https:\\\/\\\/royalfamily.org\\\/lat\\\/nj-v-kralj-petar-ii-vraca-se-kuci-posle-72-godine\\\/\",\"url\":\"https:\\\/\\\/royalfamily.org\\\/lat\\\/nj-v-kralj-petar-ii-vraca-se-kuci-posle-72-godine\\\/\",\"name\":\"Nj.V. Kralj Petar II vra\u0107a se ku\u0107i posle 72 godine - The Royal Family of Serbia\",\"isPartOf\":{\"@id\":\"https:\\\/\\\/royalfamily.org\\\/#website\"},\"datePublished\":\"2013-01-18T00:00:00+00:00\",\"description\":\"Nj.K.V. Prestolonaslednik Aleksandar izjavio je danas da su on i njegova porodica veoma ponosni \u0161to se njegov otac Kralj Petar II od Jugoslavije kona\u010dno\",\"breadcrumb\":{\"@id\":\"https:\\\/\\\/royalfamily.org\\\/lat\\\/nj-v-kralj-petar-ii-vraca-se-kuci-posle-72-godine\\\/#breadcrumb\"},\"inLanguage\":\"sr-LT\",\"potentialAction\":[{\"@type\":\"ReadAction\",\"target\":[\"https:\\\/\\\/royalfamily.org\\\/lat\\\/nj-v-kralj-petar-ii-vraca-se-kuci-posle-72-godine\\\/\"]}]},{\"@type\":\"BreadcrumbList\",\"@id\":\"https:\\\/\\\/royalfamily.org\\\/lat\\\/nj-v-kralj-petar-ii-vraca-se-kuci-posle-72-godine\\\/#breadcrumb\",\"itemListElement\":[{\"@type\":\"ListItem\",\"position\":1,\"name\":\"Home\",\"item\":\"https:\\\/\\\/royalfamily.org\\\/lat\\\/\"},{\"@type\":\"ListItem\",\"position\":2,\"name\":\"Nj.V. Kralj Petar II vra\u0107a se ku\u0107i posle 72 godine\"}]},{\"@type\":\"WebSite\",\"@id\":\"https:\\\/\\\/royalfamily.org\\\/#website\",\"url\":\"https:\\\/\\\/royalfamily.org\\\/\",\"name\":\"The Royal Family of Serbia\",\"description\":\"From the people, for the people\",\"publisher\":{\"@id\":\"https:\\\/\\\/royalfamily.org\\\/#organization\"},\"potentialAction\":[{\"@type\":\"SearchAction\",\"target\":{\"@type\":\"EntryPoint\",\"urlTemplate\":\"https:\\\/\\\/royalfamily.org\\\/?s={search_term_string}\"},\"query-input\":{\"@type\":\"PropertyValueSpecification\",\"valueRequired\":true,\"valueName\":\"search_term_string\"}}],\"inLanguage\":\"sr-LT\"},{\"@type\":\"Organization\",\"@id\":\"https:\\\/\\\/royalfamily.org\\\/#organization\",\"name\":\"Royal Family\",\"url\":\"https:\\\/\\\/royalfamily.org\\\/\",\"logo\":{\"@type\":\"ImageObject\",\"inLanguage\":\"sr-LT\",\"@id\":\"https:\\\/\\\/royalfamily.org\\\/#\\\/schema\\\/logo\\\/image\\\/\",\"url\":\"https:\\\/\\\/royalfamily.org\\\/wp-content\\\/uploads\\\/2019\\\/04\\\/logo-vector-02-V-latinica.png\",\"contentUrl\":\"https:\\\/\\\/royalfamily.org\\\/wp-content\\\/uploads\\\/2019\\\/04\\\/logo-vector-02-V-latinica.png\",\"width\":552,\"height\":99,\"caption\":\"Royal Family\"},\"image\":{\"@id\":\"https:\\\/\\\/royalfamily.org\\\/#\\\/schema\\\/logo\\\/image\\\/\"},\"sameAs\":[\"https:\\\/\\\/www.facebook.com\\\/Prestolonaslednik.Aleksandar\"]},{\"@type\":\"Person\",\"@id\":\"https:\\\/\\\/royalfamily.org\\\/#\\\/schema\\\/person\\\/49383a0c31232a928463939891db1ad5\",\"name\":\"Web Royal\",\"image\":{\"@type\":\"ImageObject\",\"inLanguage\":\"sr-LT\",\"@id\":\"https:\\\/\\\/secure.gravatar.com\\\/avatar\\\/8dbdbae4ed2a898dcf0dcd9d01bf41782c405af026744c66e6a62d6235a20271?s=96&d=mm&r=g\",\"url\":\"https:\\\/\\\/secure.gravatar.com\\\/avatar\\\/8dbdbae4ed2a898dcf0dcd9d01bf41782c405af026744c66e6a62d6235a20271?s=96&d=mm&r=g\",\"contentUrl\":\"https:\\\/\\\/secure.gravatar.com\\\/avatar\\\/8dbdbae4ed2a898dcf0dcd9d01bf41782c405af026744c66e6a62d6235a20271?s=96&d=mm&r=g\",\"caption\":\"Web Royal\"}}]}<\/script>\n<!-- \/ Yoast SEO Premium plugin. -->","yoast_head_json":{"title":"Nj.V. Kralj Petar II vra\u0107a se ku\u0107i posle 72 godine - The Royal Family of Serbia","description":"Nj.K.V. Prestolonaslednik Aleksandar izjavio je danas da su on i njegova porodica veoma ponosni \u0161to se njegov otac Kralj Petar II od Jugoslavije kona\u010dno","robots":{"index":"index","follow":"follow","max-snippet":"max-snippet:-1","max-image-preview":"max-image-preview:large","max-video-preview":"max-video-preview:-1"},"canonical":"https:\/\/royalfamily.org\/lat\/nj-v-kralj-petar-ii-vraca-se-kuci-posle-72-godine\/","og_locale":"en_US","og_type":"article","og_title":"Nj.V. Kralj Petar II vra\u0107a se ku\u0107i posle 72 godine","og_description":"Nj.K.V. Prestolonaslednik Aleksandar izjavio je danas da su on i njegova porodica veoma ponosni \u0161to se njegov otac Kralj Petar II od Jugoslavije kona\u010dno","og_url":"https:\/\/royalfamily.org\/lat\/nj-v-kralj-petar-ii-vraca-se-kuci-posle-72-godine\/","og_site_name":"The Royal Family of Serbia","article_publisher":"https:\/\/www.facebook.com\/Prestolonaslednik.Aleksandar","article_published_time":"2013-01-18T00:00:00+00:00","author":"Web Royal","twitter_card":"summary_large_image","twitter_misc":{"Written by":"Web Royal","Est. reading time":"3 minutes"},"schema":{"@context":"https:\/\/schema.org","@graph":[{"@type":"Article","@id":"https:\/\/royalfamily.org\/lat\/nj-v-kralj-petar-ii-vraca-se-kuci-posle-72-godine\/#article","isPartOf":{"@id":"https:\/\/royalfamily.org\/lat\/nj-v-kralj-petar-ii-vraca-se-kuci-posle-72-godine\/"},"author":{"name":"Web Royal","@id":"https:\/\/royalfamily.org\/#\/schema\/person\/49383a0c31232a928463939891db1ad5"},"headline":"Nj.V. Kralj Petar II vra\u0107a se ku\u0107i posle 72 godine","datePublished":"2013-01-18T00:00:00+00:00","mainEntityOfPage":{"@id":"https:\/\/royalfamily.org\/lat\/nj-v-kralj-petar-ii-vraca-se-kuci-posle-72-godine\/"},"wordCount":648,"publisher":{"@id":"https:\/\/royalfamily.org\/#organization"},"articleSection":["Vesti"],"inLanguage":"sr-LT"},{"@type":"WebPage","@id":"https:\/\/royalfamily.org\/lat\/nj-v-kralj-petar-ii-vraca-se-kuci-posle-72-godine\/","url":"https:\/\/royalfamily.org\/lat\/nj-v-kralj-petar-ii-vraca-se-kuci-posle-72-godine\/","name":"Nj.V. Kralj Petar II vra\u0107a se ku\u0107i posle 72 godine - The Royal Family of Serbia","isPartOf":{"@id":"https:\/\/royalfamily.org\/#website"},"datePublished":"2013-01-18T00:00:00+00:00","description":"Nj.K.V. Prestolonaslednik Aleksandar izjavio je danas da su on i njegova porodica veoma ponosni \u0161to se njegov otac Kralj Petar II od Jugoslavije kona\u010dno","breadcrumb":{"@id":"https:\/\/royalfamily.org\/lat\/nj-v-kralj-petar-ii-vraca-se-kuci-posle-72-godine\/#breadcrumb"},"inLanguage":"sr-LT","potentialAction":[{"@type":"ReadAction","target":["https:\/\/royalfamily.org\/lat\/nj-v-kralj-petar-ii-vraca-se-kuci-posle-72-godine\/"]}]},{"@type":"BreadcrumbList","@id":"https:\/\/royalfamily.org\/lat\/nj-v-kralj-petar-ii-vraca-se-kuci-posle-72-godine\/#breadcrumb","itemListElement":[{"@type":"ListItem","position":1,"name":"Home","item":"https:\/\/royalfamily.org\/lat\/"},{"@type":"ListItem","position":2,"name":"Nj.V. Kralj Petar II vra\u0107a se ku\u0107i posle 72 godine"}]},{"@type":"WebSite","@id":"https:\/\/royalfamily.org\/#website","url":"https:\/\/royalfamily.org\/","name":"The Royal Family of Serbia","description":"From the people, for the people","publisher":{"@id":"https:\/\/royalfamily.org\/#organization"},"potentialAction":[{"@type":"SearchAction","target":{"@type":"EntryPoint","urlTemplate":"https:\/\/royalfamily.org\/?s={search_term_string}"},"query-input":{"@type":"PropertyValueSpecification","valueRequired":true,"valueName":"search_term_string"}}],"inLanguage":"sr-LT"},{"@type":"Organization","@id":"https:\/\/royalfamily.org\/#organization","name":"Royal Family","url":"https:\/\/royalfamily.org\/","logo":{"@type":"ImageObject","inLanguage":"sr-LT","@id":"https:\/\/royalfamily.org\/#\/schema\/logo\/image\/","url":"https:\/\/royalfamily.org\/wp-content\/uploads\/2019\/04\/logo-vector-02-V-latinica.png","contentUrl":"https:\/\/royalfamily.org\/wp-content\/uploads\/2019\/04\/logo-vector-02-V-latinica.png","width":552,"height":99,"caption":"Royal Family"},"image":{"@id":"https:\/\/royalfamily.org\/#\/schema\/logo\/image\/"},"sameAs":["https:\/\/www.facebook.com\/Prestolonaslednik.Aleksandar"]},{"@type":"Person","@id":"https:\/\/royalfamily.org\/#\/schema\/person\/49383a0c31232a928463939891db1ad5","name":"Web Royal","image":{"@type":"ImageObject","inLanguage":"sr-LT","@id":"https:\/\/secure.gravatar.com\/avatar\/8dbdbae4ed2a898dcf0dcd9d01bf41782c405af026744c66e6a62d6235a20271?s=96&d=mm&r=g","url":"https:\/\/secure.gravatar.com\/avatar\/8dbdbae4ed2a898dcf0dcd9d01bf41782c405af026744c66e6a62d6235a20271?s=96&d=mm&r=g","contentUrl":"https:\/\/secure.gravatar.com\/avatar\/8dbdbae4ed2a898dcf0dcd9d01bf41782c405af026744c66e6a62d6235a20271?s=96&d=mm&r=g","caption":"Web Royal"}}]}},"_links":{"self":[{"href":"https:\/\/royalfamily.org\/lat\/wp-json\/wp\/v2\/posts\/7048","targetHints":{"allow":["GET"]}}],"collection":[{"href":"https:\/\/royalfamily.org\/lat\/wp-json\/wp\/v2\/posts"}],"about":[{"href":"https:\/\/royalfamily.org\/lat\/wp-json\/wp\/v2\/types\/post"}],"author":[{"embeddable":true,"href":"https:\/\/royalfamily.org\/lat\/wp-json\/wp\/v2\/users\/1"}],"replies":[{"embeddable":true,"href":"https:\/\/royalfamily.org\/lat\/wp-json\/wp\/v2\/comments?post=7048"}],"version-history":[{"count":0,"href":"https:\/\/royalfamily.org\/lat\/wp-json\/wp\/v2\/posts\/7048\/revisions"}],"wp:attachment":[{"href":"https:\/\/royalfamily.org\/lat\/wp-json\/wp\/v2\/media?parent=7048"}],"wp:term":[{"taxonomy":"category","embeddable":true,"href":"https:\/\/royalfamily.org\/lat\/wp-json\/wp\/v2\/categories?post=7048"},{"taxonomy":"post_tag","embeddable":true,"href":"https:\/\/royalfamily.org\/lat\/wp-json\/wp\/v2\/tags?post=7048"}],"curies":[{"name":"wp","href":"https:\/\/api.w.org\/{rel}","templated":true}]}}