{"id":7051,"date":"2013-01-22T00:00:00","date_gmt":"2013-01-22T00:00:00","guid":{"rendered":"https:\/\/royalfamily.org\/kralj-petar-ii-u-kapeli-kraljevskog-dvora\/"},"modified":"2013-01-22T00:00:00","modified_gmt":"2013-01-22T00:00:00","slug":"kralj-petar-ii-u-kapeli-kraljevskog-dvora","status":"publish","type":"post","link":"https:\/\/royalfamily.org\/lat\/kralj-petar-ii-u-kapeli-kraljevskog-dvora\/","title":{"rendered":"Kralj Petar II u kapeli Kraljevskog Dvora"},"content":{"rendered":"<p>Kov\u010deg sa telom Nj.V. Kralja Petra II od Jugoslavije stigao je danas u 14 \u010dasova na aerodrom Nikola Tesla u Beogradu. Nj.K.V. Princ Aleksandar (unuk) dopratio je kov\u010deg svoga dede na letu ku\u0107i.<\/p>\n<p>Posmrtne ostatke Nj.V. Kralja Petra II na aerodromu su do\u010dekali Njihova Kraljevska Viso\u010danstva Prestolonaslednik Aleksandar, Princeza Katarina, Princ Petar, Princ Filip i Princ Aleksandar, zajedno sa k\u0107erkom Princeze Katarine Alison, Nj.E. g-din Ivica Da\u010di\u0107, predsednik Vlade Republike Srbije, prof. dr Oliver Anti\u0107, savetnik predsednika Republike Nj.E. g-dina Tomislava Nikoli\u0107a, Njegovo Preosve\u0161tenstvo Episkop hvostanski G. Atanasije, \u010dlanovi Odbora za prenos posmrtnih ostataka \u010dlanova Kraljevske porodice, uz po\u010dasnu Gardu i predstavnike Vojske Srbije.<\/p>\n<p>Posmrtni ostaci pokojnog Kralja su zatim uz po\u010dasnu policijsku pratnju preneti do Kraljevske kapele Svetog Andreja Prvozvanog pored Kraljevskog Dvora na Dedinju, dok su mu po\u0161tu odavali mnogobrojni gra\u0111ani du\u017e puta od beogradskog aerodroma do Kraljevskog Dvora. Kov\u010deg sa telom Kralja je, prekriven srpskom zastavom i kraljevskim regalijama, zatim unet u kapelu. Zatim je Njegova Svetost Patrijarh srpski Gospodin Irinej je uz saslu\u017eenje Njihovih Preosve\u0161tenstva Episkopa hvostanskog G. Atanasija, Episkopa budimljansko &#8211; nik\u0161i\u0107kog G. Joanikija i Episkopa remezijanskog G. Andreja, slu\u017eio pomen Kralju, u prisustvu \u010dlanova Kraljevske porodice, Premijera Srbije g-dina Ivice Da\u010di\u0107a, Muhameda ef. Jusufspahi\u0107a, Muftije srbijanskog, drugih verskih dostojanstvenika, \u010dlanova savetodavnih tela Krune i velikog broja gra\u0111ana Beograda i Srbije koji su se okupili ispred kapele.<\/p>\n<p><a href=\"http:\/\/youtu.be\/BJs3Fk5RVqE\" target=\"_blank\" rel=\"noopener\">Pogledajte video snimak<\/a><\/p>\n\n\t\t<style type=\"text\/css\">\n\t\t\t#gallery-1 {\n\t\t\t\tmargin: auto;\n\t\t\t}\n\t\t\t#gallery-1 .gallery-item {\n\t\t\t\tfloat: left;\n\t\t\t\tmargin-top: 10px;\n\t\t\t\ttext-align: center;\n\t\t\t\twidth: 33%;\n\t\t\t}\n\t\t\t#gallery-1 img {\n\t\t\t\tborder: 2px solid #cfcfcf;\n\t\t\t}\n\t\t\t#gallery-1 .gallery-caption {\n\t\t\t\tmargin-left: 0;\n\t\t\t}\n\t\t\t\/* see gallery_shortcode() in wp-includes\/media.php *\/\n\t\t<\/style>\n\t\t<div id='gallery-1' class='gallery galleryid-7051 gallery-columns-3 gallery-size-thumbnail'><dl class='gallery-item'>\n\t\t\t<dt class='gallery-icon landscape'>\n\t\t\t\t<a data-rel=\"iLightbox[postimages]\" data-title=\"24\" data-caption=\"\" href='https:\/\/royalfamily.org\/wp-content\/uploads\/2013\/01\/24.jpg'><img decoding=\"async\" width=\"120\" height=\"120\" src=\"https:\/\/royalfamily.org\/wp-content\/uploads\/2013\/01\/24-150x150.jpg\" class=\"attachment-thumbnail size-thumbnail\" alt=\"\" srcset=\"https:\/\/royalfamily.org\/wp-content\/uploads\/2013\/01\/24-50x50.jpg 50w, https:\/\/royalfamily.org\/wp-content\/uploads\/2013\/01\/24-95x95.jpg 95w, https:\/\/royalfamily.org\/wp-content\/uploads\/2013\/01\/24-110x110.jpg 110w, https:\/\/royalfamily.org\/wp-content\/uploads\/2013\/01\/24-150x150.jpg 150w, https:\/\/royalfamily.org\/wp-content\/uploads\/2013\/01\/24-200x200.jpg 200w\" sizes=\"(max-width: 120px) 100vw, 120px\" \/><\/a>\n\t\t\t<\/dt><\/dl><dl class='gallery-item'>\n\t\t\t<dt class='gallery-icon landscape'>\n\t\t\t\t<a data-rel=\"iLightbox[postimages]\" data-title=\"23\" data-caption=\"\" href='https:\/\/royalfamily.org\/wp-content\/uploads\/2013\/01\/23.jpg'><img decoding=\"async\" width=\"120\" height=\"120\" src=\"https:\/\/royalfamily.org\/wp-content\/uploads\/2013\/01\/23-150x150.jpg\" class=\"attachment-thumbnail size-thumbnail\" alt=\"\" srcset=\"https:\/\/royalfamily.org\/wp-content\/uploads\/2013\/01\/23-50x50.jpg 50w, https:\/\/royalfamily.org\/wp-content\/uploads\/2013\/01\/23-95x95.jpg 95w, https:\/\/royalfamily.org\/wp-content\/uploads\/2013\/01\/23-110x110.jpg 110w, https:\/\/royalfamily.org\/wp-content\/uploads\/2013\/01\/23-150x150.jpg 150w, https:\/\/royalfamily.org\/wp-content\/uploads\/2013\/01\/23-200x200.jpg 200w\" sizes=\"(max-width: 120px) 100vw, 120px\" \/><\/a>\n\t\t\t<\/dt><\/dl><dl class='gallery-item'>\n\t\t\t<dt class='gallery-icon landscape'>\n\t\t\t\t<a data-rel=\"iLightbox[postimages]\" data-title=\"22\" data-caption=\"\" href='https:\/\/royalfamily.org\/wp-content\/uploads\/2013\/01\/22.jpg'><img decoding=\"async\" width=\"120\" height=\"120\" src=\"https:\/\/royalfamily.org\/wp-content\/uploads\/2013\/01\/22-150x150.jpg\" class=\"attachment-thumbnail size-thumbnail\" alt=\"\" srcset=\"https:\/\/royalfamily.org\/wp-content\/uploads\/2013\/01\/22-50x50.jpg 50w, https:\/\/royalfamily.org\/wp-content\/uploads\/2013\/01\/22-95x95.jpg 95w, https:\/\/royalfamily.org\/wp-content\/uploads\/2013\/01\/22-110x110.jpg 110w, https:\/\/royalfamily.org\/wp-content\/uploads\/2013\/01\/22-150x150.jpg 150w, https:\/\/royalfamily.org\/wp-content\/uploads\/2013\/01\/22-200x200.jpg 200w\" sizes=\"(max-width: 120px) 100vw, 120px\" \/><\/a>\n\t\t\t<\/dt><\/dl><br style=\"clear: both\" \/><dl class='gallery-item'>\n\t\t\t<dt class='gallery-icon landscape'>\n\t\t\t\t<a data-rel=\"iLightbox[postimages]\" data-title=\"21\" data-caption=\"\" href='https:\/\/royalfamily.org\/wp-content\/uploads\/2013\/01\/21.jpg'><img decoding=\"async\" width=\"120\" height=\"120\" src=\"https:\/\/royalfamily.org\/wp-content\/uploads\/2013\/01\/21-150x150.jpg\" class=\"attachment-thumbnail size-thumbnail\" alt=\"\" srcset=\"https:\/\/royalfamily.org\/wp-content\/uploads\/2013\/01\/21-50x50.jpg 50w, https:\/\/royalfamily.org\/wp-content\/uploads\/2013\/01\/21-95x95.jpg 95w, https:\/\/royalfamily.org\/wp-content\/uploads\/2013\/01\/21-110x110.jpg 110w, https:\/\/royalfamily.org\/wp-content\/uploads\/2013\/01\/21-150x150.jpg 150w, https:\/\/royalfamily.org\/wp-content\/uploads\/2013\/01\/21-200x200.jpg 200w\" sizes=\"(max-width: 120px) 100vw, 120px\" \/><\/a>\n\t\t\t<\/dt><\/dl><dl class='gallery-item'>\n\t\t\t<dt class='gallery-icon landscape'>\n\t\t\t\t<a data-rel=\"iLightbox[postimages]\" data-title=\"20\" data-caption=\"\" href='https:\/\/royalfamily.org\/wp-content\/uploads\/2013\/01\/20.jpg'><img decoding=\"async\" width=\"120\" height=\"120\" src=\"https:\/\/royalfamily.org\/wp-content\/uploads\/2013\/01\/20-150x150.jpg\" class=\"attachment-thumbnail size-thumbnail\" alt=\"\" srcset=\"https:\/\/royalfamily.org\/wp-content\/uploads\/2013\/01\/20-50x50.jpg 50w, https:\/\/royalfamily.org\/wp-content\/uploads\/2013\/01\/20-95x95.jpg 95w, https:\/\/royalfamily.org\/wp-content\/uploads\/2013\/01\/20-110x110.jpg 110w, https:\/\/royalfamily.org\/wp-content\/uploads\/2013\/01\/20-150x150.jpg 150w, https:\/\/royalfamily.org\/wp-content\/uploads\/2013\/01\/20-200x200.jpg 200w\" sizes=\"(max-width: 120px) 100vw, 120px\" \/><\/a>\n\t\t\t<\/dt><\/dl><dl class='gallery-item'>\n\t\t\t<dt class='gallery-icon landscape'>\n\t\t\t\t<a data-rel=\"iLightbox[postimages]\" data-title=\"19\" data-caption=\"\" href='https:\/\/royalfamily.org\/wp-content\/uploads\/2013\/01\/19.jpg'><img decoding=\"async\" width=\"120\" height=\"120\" src=\"https:\/\/royalfamily.org\/wp-content\/uploads\/2013\/01\/19-150x150.jpg\" class=\"attachment-thumbnail size-thumbnail\" alt=\"\" srcset=\"https:\/\/royalfamily.org\/wp-content\/uploads\/2013\/01\/19-50x50.jpg 50w, https:\/\/royalfamily.org\/wp-content\/uploads\/2013\/01\/19-95x95.jpg 95w, https:\/\/royalfamily.org\/wp-content\/uploads\/2013\/01\/19-110x110.jpg 110w, https:\/\/royalfamily.org\/wp-content\/uploads\/2013\/01\/19-150x150.jpg 150w, https:\/\/royalfamily.org\/wp-content\/uploads\/2013\/01\/19-200x200.jpg 200w\" sizes=\"(max-width: 120px) 100vw, 120px\" \/><\/a>\n\t\t\t<\/dt><\/dl><br style=\"clear: both\" \/><dl class='gallery-item'>\n\t\t\t<dt class='gallery-icon portrait'>\n\t\t\t\t<a data-rel=\"iLightbox[postimages]\" data-title=\"18\" data-caption=\"\" href='https:\/\/royalfamily.org\/wp-content\/uploads\/2013\/01\/18.jpg'><img decoding=\"async\" width=\"120\" height=\"120\" src=\"https:\/\/royalfamily.org\/wp-content\/uploads\/2013\/01\/18-150x150.jpg\" class=\"attachment-thumbnail size-thumbnail\" alt=\"\" srcset=\"https:\/\/royalfamily.org\/wp-content\/uploads\/2013\/01\/18-50x50.jpg 50w, https:\/\/royalfamily.org\/wp-content\/uploads\/2013\/01\/18-95x95.jpg 95w, https:\/\/royalfamily.org\/wp-content\/uploads\/2013\/01\/18-110x110.jpg 110w, https:\/\/royalfamily.org\/wp-content\/uploads\/2013\/01\/18-150x150.jpg 150w, https:\/\/royalfamily.org\/wp-content\/uploads\/2013\/01\/18-200x200.jpg 200w\" sizes=\"(max-width: 120px) 100vw, 120px\" \/><\/a>\n\t\t\t<\/dt><\/dl><dl class='gallery-item'>\n\t\t\t<dt class='gallery-icon landscape'>\n\t\t\t\t<a data-rel=\"iLightbox[postimages]\" data-title=\"17\" data-caption=\"\" href='https:\/\/royalfamily.org\/wp-content\/uploads\/2013\/01\/17.jpg'><img decoding=\"async\" width=\"120\" height=\"120\" src=\"https:\/\/royalfamily.org\/wp-content\/uploads\/2013\/01\/17-150x150.jpg\" class=\"attachment-thumbnail size-thumbnail\" alt=\"\" srcset=\"https:\/\/royalfamily.org\/wp-content\/uploads\/2013\/01\/17-50x50.jpg 50w, https:\/\/royalfamily.org\/wp-content\/uploads\/2013\/01\/17-95x95.jpg 95w, https:\/\/royalfamily.org\/wp-content\/uploads\/2013\/01\/17-110x110.jpg 110w, https:\/\/royalfamily.org\/wp-content\/uploads\/2013\/01\/17-150x150.jpg 150w, https:\/\/royalfamily.org\/wp-content\/uploads\/2013\/01\/17-200x200.jpg 200w\" sizes=\"(max-width: 120px) 100vw, 120px\" \/><\/a>\n\t\t\t<\/dt><\/dl><dl class='gallery-item'>\n\t\t\t<dt class='gallery-icon landscape'>\n\t\t\t\t<a data-rel=\"iLightbox[postimages]\" data-title=\"16\" data-caption=\"\" href='https:\/\/royalfamily.org\/wp-content\/uploads\/2013\/01\/16.jpg'><img decoding=\"async\" width=\"120\" height=\"120\" src=\"https:\/\/royalfamily.org\/wp-content\/uploads\/2013\/01\/16-150x150.jpg\" class=\"attachment-thumbnail size-thumbnail\" alt=\"\" srcset=\"https:\/\/royalfamily.org\/wp-content\/uploads\/2013\/01\/16-50x50.jpg 50w, https:\/\/royalfamily.org\/wp-content\/uploads\/2013\/01\/16-95x95.jpg 95w, https:\/\/royalfamily.org\/wp-content\/uploads\/2013\/01\/16-110x110.jpg 110w, https:\/\/royalfamily.org\/wp-content\/uploads\/2013\/01\/16-150x150.jpg 150w, https:\/\/royalfamily.org\/wp-content\/uploads\/2013\/01\/16-200x200.jpg 200w\" sizes=\"(max-width: 120px) 100vw, 120px\" \/><\/a>\n\t\t\t<\/dt><\/dl><br style=\"clear: both\" \/><dl class='gallery-item'>\n\t\t\t<dt class='gallery-icon landscape'>\n\t\t\t\t<a data-rel=\"iLightbox[postimages]\" data-title=\"14\" data-caption=\"\" href='https:\/\/royalfamily.org\/wp-content\/uploads\/2013\/01\/14.jpg'><img decoding=\"async\" width=\"120\" height=\"120\" src=\"https:\/\/royalfamily.org\/wp-content\/uploads\/2013\/01\/14-150x150.jpg\" class=\"attachment-thumbnail size-thumbnail\" alt=\"\" srcset=\"https:\/\/royalfamily.org\/wp-content\/uploads\/2013\/01\/14-50x50.jpg 50w, https:\/\/royalfamily.org\/wp-content\/uploads\/2013\/01\/14-95x95.jpg 95w, https:\/\/royalfamily.org\/wp-content\/uploads\/2013\/01\/14-110x110.jpg 110w, https:\/\/royalfamily.org\/wp-content\/uploads\/2013\/01\/14-150x150.jpg 150w, https:\/\/royalfamily.org\/wp-content\/uploads\/2013\/01\/14-200x200.jpg 200w\" sizes=\"(max-width: 120px) 100vw, 120px\" \/><\/a>\n\t\t\t<\/dt><\/dl><dl class='gallery-item'>\n\t\t\t<dt class='gallery-icon landscape'>\n\t\t\t\t<a data-rel=\"iLightbox[postimages]\" data-title=\"13\" data-caption=\"\" href='https:\/\/royalfamily.org\/wp-content\/uploads\/2013\/01\/13.jpg'><img decoding=\"async\" width=\"120\" height=\"120\" src=\"https:\/\/royalfamily.org\/wp-content\/uploads\/2013\/01\/13-150x150.jpg\" class=\"attachment-thumbnail size-thumbnail\" alt=\"\" srcset=\"https:\/\/royalfamily.org\/wp-content\/uploads\/2013\/01\/13-50x50.jpg 50w, https:\/\/royalfamily.org\/wp-content\/uploads\/2013\/01\/13-95x95.jpg 95w, https:\/\/royalfamily.org\/wp-content\/uploads\/2013\/01\/13-110x110.jpg 110w, https:\/\/royalfamily.org\/wp-content\/uploads\/2013\/01\/13-150x150.jpg 150w, https:\/\/royalfamily.org\/wp-content\/uploads\/2013\/01\/13-200x200.jpg 200w\" sizes=\"(max-width: 120px) 100vw, 120px\" \/><\/a>\n\t\t\t<\/dt><\/dl><dl class='gallery-item'>\n\t\t\t<dt class='gallery-icon portrait'>\n\t\t\t\t<a data-rel=\"iLightbox[postimages]\" data-title=\"12\" data-caption=\"\" href='https:\/\/royalfamily.org\/wp-content\/uploads\/2013\/01\/12.jpg'><img decoding=\"async\" width=\"120\" height=\"120\" src=\"https:\/\/royalfamily.org\/wp-content\/uploads\/2013\/01\/12-150x150.jpg\" class=\"attachment-thumbnail size-thumbnail\" alt=\"\" srcset=\"https:\/\/royalfamily.org\/wp-content\/uploads\/2013\/01\/12-50x50.jpg 50w, https:\/\/royalfamily.org\/wp-content\/uploads\/2013\/01\/12-95x95.jpg 95w, https:\/\/royalfamily.org\/wp-content\/uploads\/2013\/01\/12-110x110.jpg 110w, https:\/\/royalfamily.org\/wp-content\/uploads\/2013\/01\/12-150x150.jpg 150w, https:\/\/royalfamily.org\/wp-content\/uploads\/2013\/01\/12-200x200.jpg 200w\" sizes=\"(max-width: 120px) 100vw, 120px\" \/><\/a>\n\t\t\t<\/dt><\/dl><br style=\"clear: both\" \/><dl class='gallery-item'>\n\t\t\t<dt class='gallery-icon portrait'>\n\t\t\t\t<a data-rel=\"iLightbox[postimages]\" data-title=\"11\" data-caption=\"\" href='https:\/\/royalfamily.org\/wp-content\/uploads\/2013\/01\/11.jpg'><img decoding=\"async\" width=\"120\" height=\"120\" src=\"https:\/\/royalfamily.org\/wp-content\/uploads\/2013\/01\/11-150x150.jpg\" class=\"attachment-thumbnail size-thumbnail\" alt=\"\" srcset=\"https:\/\/royalfamily.org\/wp-content\/uploads\/2013\/01\/11-50x50.jpg 50w, https:\/\/royalfamily.org\/wp-content\/uploads\/2013\/01\/11-95x95.jpg 95w, https:\/\/royalfamily.org\/wp-content\/uploads\/2013\/01\/11-110x110.jpg 110w, https:\/\/royalfamily.org\/wp-content\/uploads\/2013\/01\/11-150x150.jpg 150w, https:\/\/royalfamily.org\/wp-content\/uploads\/2013\/01\/11-200x200.jpg 200w\" sizes=\"(max-width: 120px) 100vw, 120px\" \/><\/a>\n\t\t\t<\/dt><\/dl><dl class='gallery-item'>\n\t\t\t<dt class='gallery-icon landscape'>\n\t\t\t\t<a data-rel=\"iLightbox[postimages]\" data-title=\"10a\" data-caption=\"\" href='https:\/\/royalfamily.org\/wp-content\/uploads\/2013\/01\/10a.jpg'><img decoding=\"async\" width=\"120\" height=\"120\" src=\"https:\/\/royalfamily.org\/wp-content\/uploads\/2013\/01\/10a-150x150.jpg\" class=\"attachment-thumbnail size-thumbnail\" alt=\"\" srcset=\"https:\/\/royalfamily.org\/wp-content\/uploads\/2013\/01\/10a-50x50.jpg 50w, https:\/\/royalfamily.org\/wp-content\/uploads\/2013\/01\/10a-95x95.jpg 95w, https:\/\/royalfamily.org\/wp-content\/uploads\/2013\/01\/10a-110x110.jpg 110w, https:\/\/royalfamily.org\/wp-content\/uploads\/2013\/01\/10a-150x150.jpg 150w, https:\/\/royalfamily.org\/wp-content\/uploads\/2013\/01\/10a-200x200.jpg 200w\" sizes=\"(max-width: 120px) 100vw, 120px\" \/><\/a>\n\t\t\t<\/dt><\/dl><dl class='gallery-item'>\n\t\t\t<dt class='gallery-icon portrait'>\n\t\t\t\t<a data-rel=\"iLightbox[postimages]\" data-title=\"10\" data-caption=\"\" href='https:\/\/royalfamily.org\/wp-content\/uploads\/2013\/01\/10.jpg'><img decoding=\"async\" width=\"120\" height=\"120\" src=\"https:\/\/royalfamily.org\/wp-content\/uploads\/2013\/01\/10-150x150.jpg\" class=\"attachment-thumbnail size-thumbnail\" alt=\"\" srcset=\"https:\/\/royalfamily.org\/wp-content\/uploads\/2013\/01\/10-50x50.jpg 50w, https:\/\/royalfamily.org\/wp-content\/uploads\/2013\/01\/10-95x95.jpg 95w, https:\/\/royalfamily.org\/wp-content\/uploads\/2013\/01\/10-110x110.jpg 110w, https:\/\/royalfamily.org\/wp-content\/uploads\/2013\/01\/10-150x150.jpg 150w, https:\/\/royalfamily.org\/wp-content\/uploads\/2013\/01\/10-200x200.jpg 200w\" sizes=\"(max-width: 120px) 100vw, 120px\" \/><\/a>\n\t\t\t<\/dt><\/dl><br style=\"clear: both\" \/><dl class='gallery-item'>\n\t\t\t<dt class='gallery-icon landscape'>\n\t\t\t\t<a data-rel=\"iLightbox[postimages]\" data-title=\"9a\" data-caption=\"\" href='https:\/\/royalfamily.org\/wp-content\/uploads\/2013\/01\/9a.jpg'><img decoding=\"async\" width=\"120\" height=\"120\" src=\"https:\/\/royalfamily.org\/wp-content\/uploads\/2013\/01\/9a-150x150.jpg\" class=\"attachment-thumbnail size-thumbnail\" alt=\"\" srcset=\"https:\/\/royalfamily.org\/wp-content\/uploads\/2013\/01\/9a-50x50.jpg 50w, https:\/\/royalfamily.org\/wp-content\/uploads\/2013\/01\/9a-95x95.jpg 95w, https:\/\/royalfamily.org\/wp-content\/uploads\/2013\/01\/9a-110x110.jpg 110w, https:\/\/royalfamily.org\/wp-content\/uploads\/2013\/01\/9a-150x150.jpg 150w, https:\/\/royalfamily.org\/wp-content\/uploads\/2013\/01\/9a-200x200.jpg 200w\" sizes=\"(max-width: 120px) 100vw, 120px\" \/><\/a>\n\t\t\t<\/dt><\/dl><dl class='gallery-item'>\n\t\t\t<dt class='gallery-icon landscape'>\n\t\t\t\t<a data-rel=\"iLightbox[postimages]\" data-title=\"9\" data-caption=\"\" href='https:\/\/royalfamily.org\/wp-content\/uploads\/2013\/01\/9.jpg'><img decoding=\"async\" width=\"120\" height=\"120\" src=\"https:\/\/royalfamily.org\/wp-content\/uploads\/2013\/01\/9-150x150.jpg\" class=\"attachment-thumbnail size-thumbnail\" alt=\"\" srcset=\"https:\/\/royalfamily.org\/wp-content\/uploads\/2013\/01\/9-50x50.jpg 50w, https:\/\/royalfamily.org\/wp-content\/uploads\/2013\/01\/9-95x95.jpg 95w, https:\/\/royalfamily.org\/wp-content\/uploads\/2013\/01\/9-110x110.jpg 110w, https:\/\/royalfamily.org\/wp-content\/uploads\/2013\/01\/9-150x150.jpg 150w, https:\/\/royalfamily.org\/wp-content\/uploads\/2013\/01\/9-200x200.jpg 200w\" sizes=\"(max-width: 120px) 100vw, 120px\" \/><\/a>\n\t\t\t<\/dt><\/dl><dl class='gallery-item'>\n\t\t\t<dt class='gallery-icon landscape'>\n\t\t\t\t<a data-rel=\"iLightbox[postimages]\" data-title=\"8\" data-caption=\"\" href='https:\/\/royalfamily.org\/wp-content\/uploads\/2013\/01\/8.jpg'><img decoding=\"async\" width=\"120\" height=\"120\" src=\"https:\/\/royalfamily.org\/wp-content\/uploads\/2013\/01\/8-150x150.jpg\" class=\"attachment-thumbnail size-thumbnail\" alt=\"\" srcset=\"https:\/\/royalfamily.org\/wp-content\/uploads\/2013\/01\/8-50x50.jpg 50w, https:\/\/royalfamily.org\/wp-content\/uploads\/2013\/01\/8-95x95.jpg 95w, https:\/\/royalfamily.org\/wp-content\/uploads\/2013\/01\/8-110x110.jpg 110w, https:\/\/royalfamily.org\/wp-content\/uploads\/2013\/01\/8-150x150.jpg 150w, https:\/\/royalfamily.org\/wp-content\/uploads\/2013\/01\/8-200x200.jpg 200w\" sizes=\"(max-width: 120px) 100vw, 120px\" \/><\/a>\n\t\t\t<\/dt><\/dl><br style=\"clear: both\" \/><dl class='gallery-item'>\n\t\t\t<dt class='gallery-icon landscape'>\n\t\t\t\t<a data-rel=\"iLightbox[postimages]\" data-title=\"7\" data-caption=\"\" href='https:\/\/royalfamily.org\/wp-content\/uploads\/2013\/01\/7.jpg'><img decoding=\"async\" width=\"120\" height=\"120\" src=\"https:\/\/royalfamily.org\/wp-content\/uploads\/2013\/01\/7-150x150.jpg\" class=\"attachment-thumbnail size-thumbnail\" alt=\"\" srcset=\"https:\/\/royalfamily.org\/wp-content\/uploads\/2013\/01\/7-50x50.jpg 50w, https:\/\/royalfamily.org\/wp-content\/uploads\/2013\/01\/7-95x95.jpg 95w, https:\/\/royalfamily.org\/wp-content\/uploads\/2013\/01\/7-110x110.jpg 110w, https:\/\/royalfamily.org\/wp-content\/uploads\/2013\/01\/7-150x150.jpg 150w, https:\/\/royalfamily.org\/wp-content\/uploads\/2013\/01\/7-200x200.jpg 200w\" sizes=\"(max-width: 120px) 100vw, 120px\" \/><\/a>\n\t\t\t<\/dt><\/dl><dl class='gallery-item'>\n\t\t\t<dt class='gallery-icon landscape'>\n\t\t\t\t<a data-rel=\"iLightbox[postimages]\" data-title=\"6\" data-caption=\"\" href='https:\/\/royalfamily.org\/wp-content\/uploads\/2013\/01\/6.jpg'><img decoding=\"async\" width=\"120\" height=\"120\" src=\"https:\/\/royalfamily.org\/wp-content\/uploads\/2013\/01\/6-150x150.jpg\" class=\"attachment-thumbnail size-thumbnail\" alt=\"\" srcset=\"https:\/\/royalfamily.org\/wp-content\/uploads\/2013\/01\/6-50x50.jpg 50w, https:\/\/royalfamily.org\/wp-content\/uploads\/2013\/01\/6-95x95.jpg 95w, https:\/\/royalfamily.org\/wp-content\/uploads\/2013\/01\/6-110x110.jpg 110w, https:\/\/royalfamily.org\/wp-content\/uploads\/2013\/01\/6-150x150.jpg 150w, https:\/\/royalfamily.org\/wp-content\/uploads\/2013\/01\/6-200x200.jpg 200w\" sizes=\"(max-width: 120px) 100vw, 120px\" \/><\/a>\n\t\t\t<\/dt><\/dl><dl class='gallery-item'>\n\t\t\t<dt class='gallery-icon landscape'>\n\t\t\t\t<a data-rel=\"iLightbox[postimages]\" data-title=\"5\" data-caption=\"\" href='https:\/\/royalfamily.org\/wp-content\/uploads\/2013\/01\/5.jpg'><img decoding=\"async\" width=\"120\" height=\"120\" src=\"https:\/\/royalfamily.org\/wp-content\/uploads\/2013\/01\/5-150x150.jpg\" class=\"attachment-thumbnail size-thumbnail\" alt=\"\" srcset=\"https:\/\/royalfamily.org\/wp-content\/uploads\/2013\/01\/5-50x50.jpg 50w, https:\/\/royalfamily.org\/wp-content\/uploads\/2013\/01\/5-95x95.jpg 95w, https:\/\/royalfamily.org\/wp-content\/uploads\/2013\/01\/5-110x110.jpg 110w, https:\/\/royalfamily.org\/wp-content\/uploads\/2013\/01\/5-150x150.jpg 150w, https:\/\/royalfamily.org\/wp-content\/uploads\/2013\/01\/5-200x200.jpg 200w\" sizes=\"(max-width: 120px) 100vw, 120px\" \/><\/a>\n\t\t\t<\/dt><\/dl><br style=\"clear: both\" \/><dl class='gallery-item'>\n\t\t\t<dt class='gallery-icon landscape'>\n\t\t\t\t<a data-rel=\"iLightbox[postimages]\" data-title=\"4\" data-caption=\"\" href='https:\/\/royalfamily.org\/wp-content\/uploads\/2013\/01\/4.jpg'><img decoding=\"async\" width=\"120\" height=\"120\" src=\"https:\/\/royalfamily.org\/wp-content\/uploads\/2013\/01\/4-150x150.jpg\" class=\"attachment-thumbnail size-thumbnail\" alt=\"\" srcset=\"https:\/\/royalfamily.org\/wp-content\/uploads\/2013\/01\/4-50x50.jpg 50w, https:\/\/royalfamily.org\/wp-content\/uploads\/2013\/01\/4-95x95.jpg 95w, https:\/\/royalfamily.org\/wp-content\/uploads\/2013\/01\/4-110x110.jpg 110w, https:\/\/royalfamily.org\/wp-content\/uploads\/2013\/01\/4-150x150.jpg 150w, https:\/\/royalfamily.org\/wp-content\/uploads\/2013\/01\/4-200x200.jpg 200w\" sizes=\"(max-width: 120px) 100vw, 120px\" \/><\/a>\n\t\t\t<\/dt><\/dl><dl class='gallery-item'>\n\t\t\t<dt class='gallery-icon landscape'>\n\t\t\t\t<a data-rel=\"iLightbox[postimages]\" data-title=\"3\" data-caption=\"\" href='https:\/\/royalfamily.org\/wp-content\/uploads\/2013\/01\/3.jpg'><img decoding=\"async\" width=\"120\" height=\"120\" src=\"https:\/\/royalfamily.org\/wp-content\/uploads\/2013\/01\/3-150x150.jpg\" class=\"attachment-thumbnail size-thumbnail\" alt=\"\" srcset=\"https:\/\/royalfamily.org\/wp-content\/uploads\/2013\/01\/3-50x50.jpg 50w, https:\/\/royalfamily.org\/wp-content\/uploads\/2013\/01\/3-95x95.jpg 95w, https:\/\/royalfamily.org\/wp-content\/uploads\/2013\/01\/3-110x110.jpg 110w, https:\/\/royalfamily.org\/wp-content\/uploads\/2013\/01\/3-150x150.jpg 150w, https:\/\/royalfamily.org\/wp-content\/uploads\/2013\/01\/3-200x200.jpg 200w\" sizes=\"(max-width: 120px) 100vw, 120px\" \/><\/a>\n\t\t\t<\/dt><\/dl><dl class='gallery-item'>\n\t\t\t<dt class='gallery-icon landscape'>\n\t\t\t\t<a data-rel=\"iLightbox[postimages]\" data-title=\"2\" data-caption=\"\" href='https:\/\/royalfamily.org\/wp-content\/uploads\/2013\/01\/2.jpg'><img decoding=\"async\" width=\"120\" height=\"120\" src=\"https:\/\/royalfamily.org\/wp-content\/uploads\/2013\/01\/2-150x150.jpg\" class=\"attachment-thumbnail size-thumbnail\" alt=\"\" srcset=\"https:\/\/royalfamily.org\/wp-content\/uploads\/2013\/01\/2-50x50.jpg 50w, https:\/\/royalfamily.org\/wp-content\/uploads\/2013\/01\/2-95x95.jpg 95w, https:\/\/royalfamily.org\/wp-content\/uploads\/2013\/01\/2-110x110.jpg 110w, https:\/\/royalfamily.org\/wp-content\/uploads\/2013\/01\/2-150x150.jpg 150w, https:\/\/royalfamily.org\/wp-content\/uploads\/2013\/01\/2-200x200.jpg 200w\" sizes=\"(max-width: 120px) 100vw, 120px\" \/><\/a>\n\t\t\t<\/dt><\/dl><br style=\"clear: both\" \/><dl class='gallery-item'>\n\t\t\t<dt class='gallery-icon landscape'>\n\t\t\t\t<a data-rel=\"iLightbox[postimages]\" data-title=\"1\" data-caption=\"\" href='https:\/\/royalfamily.org\/wp-content\/uploads\/2013\/01\/1.jpg'><img decoding=\"async\" width=\"120\" height=\"120\" src=\"https:\/\/royalfamily.org\/wp-content\/uploads\/2013\/01\/1-150x150.jpg\" class=\"attachment-thumbnail size-thumbnail\" alt=\"\" srcset=\"https:\/\/royalfamily.org\/wp-content\/uploads\/2013\/01\/1-50x50.jpg 50w, https:\/\/royalfamily.org\/wp-content\/uploads\/2013\/01\/1-95x95.jpg 95w, https:\/\/royalfamily.org\/wp-content\/uploads\/2013\/01\/1-110x110.jpg 110w, https:\/\/royalfamily.org\/wp-content\/uploads\/2013\/01\/1-150x150.jpg 150w, https:\/\/royalfamily.org\/wp-content\/uploads\/2013\/01\/1-200x200.jpg 200w\" sizes=\"(max-width: 120px) 100vw, 120px\" \/><\/a>\n\t\t\t<\/dt><\/dl>\n\t\t\t<br style='clear: both' \/>\n\t\t<\/div>\n\n","protected":false},"excerpt":{"rendered":"<p>Kov\u010deg sa telom Nj.V. Kralja Petra II od Jugoslavije stigao je danas u 14 \u010dasova  [&#8230;]<\/p>\n","protected":false},"author":1,"featured_media":7750,"comment_status":"closed","ping_status":"open","sticky":false,"template":"","format":"standard","meta":{"_acf_changed":false,"footnotes":""},"categories":[22],"tags":[],"class_list":["post-7051","post","type-post","status-publish","format-standard","has-post-thumbnail","hentry","category-vesti"],"acf":[],"yoast_head":"<!-- This site is optimized with the Yoast SEO Premium plugin v27.5 (Yoast SEO v27.5) - https:\/\/yoast.com\/product\/yoast-seo-premium-wordpress\/ -->\n<title>Kralj Petar II u kapeli Kraljevskog Dvora - The Royal Family of Serbia<\/title>\n<meta name=\"description\" content=\"Kov\u010deg sa telom Nj.V. Kralja Petra II od Jugoslavije stigao je danas u 14 \u010dasova na aerodrom Nikola Tesla u Beogradu. Nj.K.V. Princ Aleksandar (unuk)\" \/>\n<meta name=\"robots\" content=\"index, follow, max-snippet:-1, max-image-preview:large, max-video-preview:-1\" \/>\n<link rel=\"canonical\" href=\"https:\/\/royalfamily.org\/lat\/kralj-petar-ii-u-kapeli-kraljevskog-dvora\/\" \/>\n<meta property=\"og:locale\" content=\"en_US\" \/>\n<meta property=\"og:type\" content=\"article\" \/>\n<meta property=\"og:title\" content=\"Kralj Petar II u kapeli Kraljevskog Dvora\" \/>\n<meta property=\"og:description\" content=\"Kov\u010deg sa telom Nj.V. Kralja Petra II od Jugoslavije stigao je danas u 14 \u010dasova na aerodrom Nikola Tesla u Beogradu. Nj.K.V. Princ Aleksandar (unuk)\" \/>\n<meta property=\"og:url\" content=\"https:\/\/royalfamily.org\/lat\/kralj-petar-ii-u-kapeli-kraljevskog-dvora\/\" \/>\n<meta property=\"og:site_name\" content=\"The Royal Family of Serbia\" \/>\n<meta property=\"article:publisher\" content=\"https:\/\/www.facebook.com\/Prestolonaslednik.Aleksandar\" \/>\n<meta property=\"article:published_time\" content=\"2013-01-22T00:00:00+00:00\" \/>\n<meta property=\"og:image\" content=\"https:\/\/royalfamily.org\/wp-content\/uploads\/2013\/01\/SD30w.jpg\" \/>\n\t<meta property=\"og:image:width\" content=\"740\" \/>\n\t<meta property=\"og:image:height\" content=\"350\" \/>\n\t<meta property=\"og:image:type\" content=\"image\/jpeg\" \/>\n<meta name=\"author\" content=\"Web Royal\" \/>\n<meta name=\"twitter:card\" content=\"summary_large_image\" \/>\n<meta name=\"twitter:label1\" content=\"Written by\" \/>\n\t<meta name=\"twitter:data1\" content=\"Web Royal\" \/>\n\t<meta name=\"twitter:label2\" content=\"Est. reading time\" \/>\n\t<meta name=\"twitter:data2\" content=\"1 minute\" \/>\n<script type=\"application\/ld+json\" class=\"yoast-schema-graph\">{\"@context\":\"https:\\\/\\\/schema.org\",\"@graph\":[{\"@type\":\"Article\",\"@id\":\"https:\\\/\\\/royalfamily.org\\\/lat\\\/kralj-petar-ii-u-kapeli-kraljevskog-dvora\\\/#article\",\"isPartOf\":{\"@id\":\"https:\\\/\\\/royalfamily.org\\\/lat\\\/kralj-petar-ii-u-kapeli-kraljevskog-dvora\\\/\"},\"author\":{\"name\":\"Web Royal\",\"@id\":\"https:\\\/\\\/royalfamily.org\\\/#\\\/schema\\\/person\\\/49383a0c31232a928463939891db1ad5\"},\"headline\":\"Kralj Petar II u kapeli Kraljevskog Dvora\",\"datePublished\":\"2013-01-22T00:00:00+00:00\",\"mainEntityOfPage\":{\"@id\":\"https:\\\/\\\/royalfamily.org\\\/lat\\\/kralj-petar-ii-u-kapeli-kraljevskog-dvora\\\/\"},\"wordCount\":264,\"publisher\":{\"@id\":\"https:\\\/\\\/royalfamily.org\\\/#organization\"},\"image\":{\"@id\":\"https:\\\/\\\/royalfamily.org\\\/lat\\\/kralj-petar-ii-u-kapeli-kraljevskog-dvora\\\/#primaryimage\"},\"thumbnailUrl\":\"https:\\\/\\\/royalfamily.org\\\/wp-content\\\/uploads\\\/2013\\\/01\\\/SD30w.jpg\",\"articleSection\":[\"Vesti\"],\"inLanguage\":\"sr-LT\"},{\"@type\":\"WebPage\",\"@id\":\"https:\\\/\\\/royalfamily.org\\\/lat\\\/kralj-petar-ii-u-kapeli-kraljevskog-dvora\\\/\",\"url\":\"https:\\\/\\\/royalfamily.org\\\/lat\\\/kralj-petar-ii-u-kapeli-kraljevskog-dvora\\\/\",\"name\":\"Kralj Petar II u kapeli Kraljevskog Dvora - The Royal Family of Serbia\",\"isPartOf\":{\"@id\":\"https:\\\/\\\/royalfamily.org\\\/#website\"},\"primaryImageOfPage\":{\"@id\":\"https:\\\/\\\/royalfamily.org\\\/lat\\\/kralj-petar-ii-u-kapeli-kraljevskog-dvora\\\/#primaryimage\"},\"image\":{\"@id\":\"https:\\\/\\\/royalfamily.org\\\/lat\\\/kralj-petar-ii-u-kapeli-kraljevskog-dvora\\\/#primaryimage\"},\"thumbnailUrl\":\"https:\\\/\\\/royalfamily.org\\\/wp-content\\\/uploads\\\/2013\\\/01\\\/SD30w.jpg\",\"datePublished\":\"2013-01-22T00:00:00+00:00\",\"description\":\"Kov\u010deg sa telom Nj.V. Kralja Petra II od Jugoslavije stigao je danas u 14 \u010dasova na aerodrom Nikola Tesla u Beogradu. Nj.K.V. Princ Aleksandar (unuk)\",\"breadcrumb\":{\"@id\":\"https:\\\/\\\/royalfamily.org\\\/lat\\\/kralj-petar-ii-u-kapeli-kraljevskog-dvora\\\/#breadcrumb\"},\"inLanguage\":\"sr-LT\",\"potentialAction\":[{\"@type\":\"ReadAction\",\"target\":[\"https:\\\/\\\/royalfamily.org\\\/lat\\\/kralj-petar-ii-u-kapeli-kraljevskog-dvora\\\/\"]}]},{\"@type\":\"ImageObject\",\"inLanguage\":\"sr-LT\",\"@id\":\"https:\\\/\\\/royalfamily.org\\\/lat\\\/kralj-petar-ii-u-kapeli-kraljevskog-dvora\\\/#primaryimage\",\"url\":\"https:\\\/\\\/royalfamily.org\\\/wp-content\\\/uploads\\\/2013\\\/01\\\/SD30w.jpg\",\"contentUrl\":\"https:\\\/\\\/royalfamily.org\\\/wp-content\\\/uploads\\\/2013\\\/01\\\/SD30w.jpg\",\"width\":740,\"height\":350},{\"@type\":\"BreadcrumbList\",\"@id\":\"https:\\\/\\\/royalfamily.org\\\/lat\\\/kralj-petar-ii-u-kapeli-kraljevskog-dvora\\\/#breadcrumb\",\"itemListElement\":[{\"@type\":\"ListItem\",\"position\":1,\"name\":\"Home\",\"item\":\"https:\\\/\\\/royalfamily.org\\\/lat\\\/\"},{\"@type\":\"ListItem\",\"position\":2,\"name\":\"Kralj Petar II u kapeli Kraljevskog Dvora\"}]},{\"@type\":\"WebSite\",\"@id\":\"https:\\\/\\\/royalfamily.org\\\/#website\",\"url\":\"https:\\\/\\\/royalfamily.org\\\/\",\"name\":\"The Royal Family of Serbia\",\"description\":\"From the people, for the people\",\"publisher\":{\"@id\":\"https:\\\/\\\/royalfamily.org\\\/#organization\"},\"potentialAction\":[{\"@type\":\"SearchAction\",\"target\":{\"@type\":\"EntryPoint\",\"urlTemplate\":\"https:\\\/\\\/royalfamily.org\\\/?s={search_term_string}\"},\"query-input\":{\"@type\":\"PropertyValueSpecification\",\"valueRequired\":true,\"valueName\":\"search_term_string\"}}],\"inLanguage\":\"sr-LT\"},{\"@type\":\"Organization\",\"@id\":\"https:\\\/\\\/royalfamily.org\\\/#organization\",\"name\":\"Royal Family\",\"url\":\"https:\\\/\\\/royalfamily.org\\\/\",\"logo\":{\"@type\":\"ImageObject\",\"inLanguage\":\"sr-LT\",\"@id\":\"https:\\\/\\\/royalfamily.org\\\/#\\\/schema\\\/logo\\\/image\\\/\",\"url\":\"https:\\\/\\\/royalfamily.org\\\/wp-content\\\/uploads\\\/2019\\\/04\\\/logo-vector-02-V-latinica.png\",\"contentUrl\":\"https:\\\/\\\/royalfamily.org\\\/wp-content\\\/uploads\\\/2019\\\/04\\\/logo-vector-02-V-latinica.png\",\"width\":552,\"height\":99,\"caption\":\"Royal Family\"},\"image\":{\"@id\":\"https:\\\/\\\/royalfamily.org\\\/#\\\/schema\\\/logo\\\/image\\\/\"},\"sameAs\":[\"https:\\\/\\\/www.facebook.com\\\/Prestolonaslednik.Aleksandar\"]},{\"@type\":\"Person\",\"@id\":\"https:\\\/\\\/royalfamily.org\\\/#\\\/schema\\\/person\\\/49383a0c31232a928463939891db1ad5\",\"name\":\"Web Royal\",\"image\":{\"@type\":\"ImageObject\",\"inLanguage\":\"sr-LT\",\"@id\":\"https:\\\/\\\/secure.gravatar.com\\\/avatar\\\/8dbdbae4ed2a898dcf0dcd9d01bf41782c405af026744c66e6a62d6235a20271?s=96&d=mm&r=g\",\"url\":\"https:\\\/\\\/secure.gravatar.com\\\/avatar\\\/8dbdbae4ed2a898dcf0dcd9d01bf41782c405af026744c66e6a62d6235a20271?s=96&d=mm&r=g\",\"contentUrl\":\"https:\\\/\\\/secure.gravatar.com\\\/avatar\\\/8dbdbae4ed2a898dcf0dcd9d01bf41782c405af026744c66e6a62d6235a20271?s=96&d=mm&r=g\",\"caption\":\"Web Royal\"}}]}<\/script>\n<!-- \/ Yoast SEO Premium plugin. -->","yoast_head_json":{"title":"Kralj Petar II u kapeli Kraljevskog Dvora - The Royal Family of Serbia","description":"Kov\u010deg sa telom Nj.V. Kralja Petra II od Jugoslavije stigao je danas u 14 \u010dasova na aerodrom Nikola Tesla u Beogradu. Nj.K.V. Princ Aleksandar (unuk)","robots":{"index":"index","follow":"follow","max-snippet":"max-snippet:-1","max-image-preview":"max-image-preview:large","max-video-preview":"max-video-preview:-1"},"canonical":"https:\/\/royalfamily.org\/lat\/kralj-petar-ii-u-kapeli-kraljevskog-dvora\/","og_locale":"en_US","og_type":"article","og_title":"Kralj Petar II u kapeli Kraljevskog Dvora","og_description":"Kov\u010deg sa telom Nj.V. Kralja Petra II od Jugoslavije stigao je danas u 14 \u010dasova na aerodrom Nikola Tesla u Beogradu. Nj.K.V. Princ Aleksandar (unuk)","og_url":"https:\/\/royalfamily.org\/lat\/kralj-petar-ii-u-kapeli-kraljevskog-dvora\/","og_site_name":"The Royal Family of Serbia","article_publisher":"https:\/\/www.facebook.com\/Prestolonaslednik.Aleksandar","article_published_time":"2013-01-22T00:00:00+00:00","og_image":[{"width":740,"height":350,"url":"https:\/\/royalfamily.org\/wp-content\/uploads\/2013\/01\/SD30w.jpg","type":"image\/jpeg"}],"author":"Web Royal","twitter_card":"summary_large_image","twitter_misc":{"Written by":"Web Royal","Est. reading time":"1 minute"},"schema":{"@context":"https:\/\/schema.org","@graph":[{"@type":"Article","@id":"https:\/\/royalfamily.org\/lat\/kralj-petar-ii-u-kapeli-kraljevskog-dvora\/#article","isPartOf":{"@id":"https:\/\/royalfamily.org\/lat\/kralj-petar-ii-u-kapeli-kraljevskog-dvora\/"},"author":{"name":"Web Royal","@id":"https:\/\/royalfamily.org\/#\/schema\/person\/49383a0c31232a928463939891db1ad5"},"headline":"Kralj Petar II u kapeli Kraljevskog Dvora","datePublished":"2013-01-22T00:00:00+00:00","mainEntityOfPage":{"@id":"https:\/\/royalfamily.org\/lat\/kralj-petar-ii-u-kapeli-kraljevskog-dvora\/"},"wordCount":264,"publisher":{"@id":"https:\/\/royalfamily.org\/#organization"},"image":{"@id":"https:\/\/royalfamily.org\/lat\/kralj-petar-ii-u-kapeli-kraljevskog-dvora\/#primaryimage"},"thumbnailUrl":"https:\/\/royalfamily.org\/wp-content\/uploads\/2013\/01\/SD30w.jpg","articleSection":["Vesti"],"inLanguage":"sr-LT"},{"@type":"WebPage","@id":"https:\/\/royalfamily.org\/lat\/kralj-petar-ii-u-kapeli-kraljevskog-dvora\/","url":"https:\/\/royalfamily.org\/lat\/kralj-petar-ii-u-kapeli-kraljevskog-dvora\/","name":"Kralj Petar II u kapeli Kraljevskog Dvora - The Royal Family of Serbia","isPartOf":{"@id":"https:\/\/royalfamily.org\/#website"},"primaryImageOfPage":{"@id":"https:\/\/royalfamily.org\/lat\/kralj-petar-ii-u-kapeli-kraljevskog-dvora\/#primaryimage"},"image":{"@id":"https:\/\/royalfamily.org\/lat\/kralj-petar-ii-u-kapeli-kraljevskog-dvora\/#primaryimage"},"thumbnailUrl":"https:\/\/royalfamily.org\/wp-content\/uploads\/2013\/01\/SD30w.jpg","datePublished":"2013-01-22T00:00:00+00:00","description":"Kov\u010deg sa telom Nj.V. Kralja Petra II od Jugoslavije stigao je danas u 14 \u010dasova na aerodrom Nikola Tesla u Beogradu. Nj.K.V. Princ Aleksandar (unuk)","breadcrumb":{"@id":"https:\/\/royalfamily.org\/lat\/kralj-petar-ii-u-kapeli-kraljevskog-dvora\/#breadcrumb"},"inLanguage":"sr-LT","potentialAction":[{"@type":"ReadAction","target":["https:\/\/royalfamily.org\/lat\/kralj-petar-ii-u-kapeli-kraljevskog-dvora\/"]}]},{"@type":"ImageObject","inLanguage":"sr-LT","@id":"https:\/\/royalfamily.org\/lat\/kralj-petar-ii-u-kapeli-kraljevskog-dvora\/#primaryimage","url":"https:\/\/royalfamily.org\/wp-content\/uploads\/2013\/01\/SD30w.jpg","contentUrl":"https:\/\/royalfamily.org\/wp-content\/uploads\/2013\/01\/SD30w.jpg","width":740,"height":350},{"@type":"BreadcrumbList","@id":"https:\/\/royalfamily.org\/lat\/kralj-petar-ii-u-kapeli-kraljevskog-dvora\/#breadcrumb","itemListElement":[{"@type":"ListItem","position":1,"name":"Home","item":"https:\/\/royalfamily.org\/lat\/"},{"@type":"ListItem","position":2,"name":"Kralj Petar II u kapeli Kraljevskog Dvora"}]},{"@type":"WebSite","@id":"https:\/\/royalfamily.org\/#website","url":"https:\/\/royalfamily.org\/","name":"The Royal Family of Serbia","description":"From the people, for the people","publisher":{"@id":"https:\/\/royalfamily.org\/#organization"},"potentialAction":[{"@type":"SearchAction","target":{"@type":"EntryPoint","urlTemplate":"https:\/\/royalfamily.org\/?s={search_term_string}"},"query-input":{"@type":"PropertyValueSpecification","valueRequired":true,"valueName":"search_term_string"}}],"inLanguage":"sr-LT"},{"@type":"Organization","@id":"https:\/\/royalfamily.org\/#organization","name":"Royal Family","url":"https:\/\/royalfamily.org\/","logo":{"@type":"ImageObject","inLanguage":"sr-LT","@id":"https:\/\/royalfamily.org\/#\/schema\/logo\/image\/","url":"https:\/\/royalfamily.org\/wp-content\/uploads\/2019\/04\/logo-vector-02-V-latinica.png","contentUrl":"https:\/\/royalfamily.org\/wp-content\/uploads\/2019\/04\/logo-vector-02-V-latinica.png","width":552,"height":99,"caption":"Royal Family"},"image":{"@id":"https:\/\/royalfamily.org\/#\/schema\/logo\/image\/"},"sameAs":["https:\/\/www.facebook.com\/Prestolonaslednik.Aleksandar"]},{"@type":"Person","@id":"https:\/\/royalfamily.org\/#\/schema\/person\/49383a0c31232a928463939891db1ad5","name":"Web Royal","image":{"@type":"ImageObject","inLanguage":"sr-LT","@id":"https:\/\/secure.gravatar.com\/avatar\/8dbdbae4ed2a898dcf0dcd9d01bf41782c405af026744c66e6a62d6235a20271?s=96&d=mm&r=g","url":"https:\/\/secure.gravatar.com\/avatar\/8dbdbae4ed2a898dcf0dcd9d01bf41782c405af026744c66e6a62d6235a20271?s=96&d=mm&r=g","contentUrl":"https:\/\/secure.gravatar.com\/avatar\/8dbdbae4ed2a898dcf0dcd9d01bf41782c405af026744c66e6a62d6235a20271?s=96&d=mm&r=g","caption":"Web Royal"}}]}},"_links":{"self":[{"href":"https:\/\/royalfamily.org\/lat\/wp-json\/wp\/v2\/posts\/7051","targetHints":{"allow":["GET"]}}],"collection":[{"href":"https:\/\/royalfamily.org\/lat\/wp-json\/wp\/v2\/posts"}],"about":[{"href":"https:\/\/royalfamily.org\/lat\/wp-json\/wp\/v2\/types\/post"}],"author":[{"embeddable":true,"href":"https:\/\/royalfamily.org\/lat\/wp-json\/wp\/v2\/users\/1"}],"replies":[{"embeddable":true,"href":"https:\/\/royalfamily.org\/lat\/wp-json\/wp\/v2\/comments?post=7051"}],"version-history":[{"count":1,"href":"https:\/\/royalfamily.org\/lat\/wp-json\/wp\/v2\/posts\/7051\/revisions"}],"predecessor-version":[{"id":78499,"href":"https:\/\/royalfamily.org\/lat\/wp-json\/wp\/v2\/posts\/7051\/revisions\/78499"}],"wp:featuredmedia":[{"embeddable":true,"href":"https:\/\/royalfamily.org\/lat\/wp-json\/wp\/v2\/media\/7750"}],"wp:attachment":[{"href":"https:\/\/royalfamily.org\/lat\/wp-json\/wp\/v2\/media?parent=7051"}],"wp:term":[{"taxonomy":"category","embeddable":true,"href":"https:\/\/royalfamily.org\/lat\/wp-json\/wp\/v2\/categories?post=7051"},{"taxonomy":"post_tag","embeddable":true,"href":"https:\/\/royalfamily.org\/lat\/wp-json\/wp\/v2\/tags?post=7051"}],"curies":[{"name":"wp","href":"https:\/\/api.w.org\/{rel}","templated":true}]}}