{"id":7054,"date":"2013-01-25T00:00:00","date_gmt":"2013-01-25T00:00:00","guid":{"rendered":"https:\/\/royalfamily.org\/kraljevska-porodica-na-svetosavskoj-akademiji-u-sava-centru\/"},"modified":"2013-01-25T00:00:00","modified_gmt":"2013-01-25T00:00:00","slug":"kraljevska-porodica-na-svetosavskoj-akademiji-u-sava-centru","status":"publish","type":"post","link":"https:\/\/royalfamily.org\/lat\/kraljevska-porodica-na-svetosavskoj-akademiji-u-sava-centru\/","title":{"rendered":"Kraljevska porodica na Svetosavskoj akademiji u Sava Centru"},"content":{"rendered":"<p>Njihova Kraljevska Viso\u010danstva Prestolonaslednik Aleksandar II, Princeza Katarina, Princ Petar i Princ Aleksandar prisustvovali su tradicionalnoj Svetosavskoj akademiji \u201ePotomci Svetog Save\u201c, koju je organizovalo Ministarstvo prosvete, nauke i tehnolo\u0161kog razvoja Vlade Republike Srbije, ve\u010deras u Sava centru.<\/p>\n<p>Ovo je centralna manifestacija kojom se obele\u017eava dolaze\u0107i praznik posve\u0107en ocu srpske duhovnosti i osniva\u010du Srpske Pravoslavne Crkve, Princu Rastku Nemanji\u0107u \u2013 Svetom Savi. Nj.E. dr \u017darko Obradovi\u0107, ministar prosvete, nauke i tehnolo\u0161kog razvoja, uru\u010dio je danas Svetosavske nagrade najzna\u010dajnijim pojedincima i ustanovama.\u00a0<\/p>\n<p>Akademiji su prisustvovali i Njegova Svetost Patrijarh srpski G. Irinej, Nj.E. g-din Ivica Da\u010di\u0107, predsednik Vlade Srbije, Nj.E. g-din Neboj\u0161a Stefanovi\u0107, predsednik Narodne Skup\u0161tine, prof. dr Oliver Anti\u0107, izaslanik predsednika Republike Srbije Nj.E. g-dina Tomislava Nikoli\u0107a, Nj.E. g-din Bratislav Petkovi\u0107, ministar kulture i informisanja, Nj.E. g-din Milutin Mrkonji\u0107, ministar saobra\u0107aja, Njihova Preosve\u0161tenstva Vladika zvorni\u010dko \u2013 tuzlanski G. Vasilije, Vladika \u0161umadijski G. Jovan, Vladika budimljansko \u2013 nik\u0161i\u0107ki G. Joanikije, Episkop hvostanski G. Atanasije, Episkop remezijanski G. Andrej, g-din Miroslav Tasi\u0107, dr\u017eavni sekretar u ministarstvu kulture i informisanja, Nj.E. Monsinjor Stanislav Ho\u010devar, Nj.E. Nadbiskup Orlando Antonini, Muftija Muhamed ef. Jusufspahi\u0107, \u010dlanovi Srpske Akademije nauka i umetnosti (SANU), rektori i profesori univerziteta, predstavnici diplomatskog kora, Nj.E. g-din Vladimir \u010cu\u0161ev, ambasador Belorusije, Nj.E. g-din Semuel Samson, ambasador Indonezije, i mnoge druge ugledne zvanice.<\/p>\n","protected":false},"excerpt":{"rendered":"<p>Njihova Kraljevska Viso\u010danstva Prestolonaslednik Aleksandar II, Princeza Katarina, Princ Petar i Princ Aleksandar prisustvovali su  [&#8230;]<\/p>\n","protected":false},"author":1,"featured_media":0,"comment_status":"closed","ping_status":"open","sticky":false,"template":"","format":"standard","meta":{"_acf_changed":false,"footnotes":""},"categories":[22],"tags":[],"class_list":["post-7054","post","type-post","status-publish","format-standard","hentry","category-vesti"],"acf":[],"yoast_head":"<!-- This site is optimized with the Yoast SEO Premium plugin v27.5 (Yoast SEO v27.5) - https:\/\/yoast.com\/product\/yoast-seo-premium-wordpress\/ -->\n<title>Kraljevska porodica na Svetosavskoj akademiji u Sava Centru - The Royal Family of Serbia<\/title>\n<meta name=\"description\" content=\"Njihova Kraljevska Viso\u010danstva Prestolonaslednik Aleksandar II, Princeza Katarina, Princ Petar i Princ Aleksandar prisustvovali su tradicionalnoj\" \/>\n<meta name=\"robots\" content=\"index, follow, max-snippet:-1, max-image-preview:large, max-video-preview:-1\" \/>\n<link rel=\"canonical\" href=\"https:\/\/royalfamily.org\/lat\/kraljevska-porodica-na-svetosavskoj-akademiji-u-sava-centru\/\" \/>\n<meta property=\"og:locale\" content=\"en_US\" \/>\n<meta property=\"og:type\" content=\"article\" \/>\n<meta property=\"og:title\" content=\"Kraljevska porodica na Svetosavskoj akademiji u Sava Centru\" \/>\n<meta property=\"og:description\" content=\"Njihova Kraljevska Viso\u010danstva Prestolonaslednik Aleksandar II, Princeza Katarina, Princ Petar i Princ Aleksandar prisustvovali su tradicionalnoj\" \/>\n<meta property=\"og:url\" content=\"https:\/\/royalfamily.org\/lat\/kraljevska-porodica-na-svetosavskoj-akademiji-u-sava-centru\/\" \/>\n<meta property=\"og:site_name\" content=\"The Royal Family of Serbia\" \/>\n<meta property=\"article:publisher\" content=\"https:\/\/www.facebook.com\/Prestolonaslednik.Aleksandar\" \/>\n<meta property=\"article:published_time\" content=\"2013-01-25T00:00:00+00:00\" \/>\n<meta name=\"author\" content=\"Web Royal\" \/>\n<meta name=\"twitter:card\" content=\"summary_large_image\" \/>\n<meta name=\"twitter:label1\" content=\"Written by\" \/>\n\t<meta name=\"twitter:data1\" content=\"Web Royal\" \/>\n\t<meta name=\"twitter:label2\" content=\"Est. reading time\" \/>\n\t<meta name=\"twitter:data2\" content=\"1 minute\" \/>\n<script type=\"application\/ld+json\" class=\"yoast-schema-graph\">{\"@context\":\"https:\\\/\\\/schema.org\",\"@graph\":[{\"@type\":\"Article\",\"@id\":\"https:\\\/\\\/royalfamily.org\\\/lat\\\/kraljevska-porodica-na-svetosavskoj-akademiji-u-sava-centru\\\/#article\",\"isPartOf\":{\"@id\":\"https:\\\/\\\/royalfamily.org\\\/lat\\\/kraljevska-porodica-na-svetosavskoj-akademiji-u-sava-centru\\\/\"},\"author\":{\"name\":\"Web Royal\",\"@id\":\"https:\\\/\\\/royalfamily.org\\\/#\\\/schema\\\/person\\\/49383a0c31232a928463939891db1ad5\"},\"headline\":\"Kraljevska porodica na Svetosavskoj akademiji u Sava Centru\",\"datePublished\":\"2013-01-25T00:00:00+00:00\",\"mainEntityOfPage\":{\"@id\":\"https:\\\/\\\/royalfamily.org\\\/lat\\\/kraljevska-porodica-na-svetosavskoj-akademiji-u-sava-centru\\\/\"},\"wordCount\":247,\"publisher\":{\"@id\":\"https:\\\/\\\/royalfamily.org\\\/#organization\"},\"articleSection\":[\"Vesti\"],\"inLanguage\":\"sr-LT\"},{\"@type\":\"WebPage\",\"@id\":\"https:\\\/\\\/royalfamily.org\\\/lat\\\/kraljevska-porodica-na-svetosavskoj-akademiji-u-sava-centru\\\/\",\"url\":\"https:\\\/\\\/royalfamily.org\\\/lat\\\/kraljevska-porodica-na-svetosavskoj-akademiji-u-sava-centru\\\/\",\"name\":\"Kraljevska porodica na Svetosavskoj akademiji u Sava Centru - The Royal Family of Serbia\",\"isPartOf\":{\"@id\":\"https:\\\/\\\/royalfamily.org\\\/#website\"},\"datePublished\":\"2013-01-25T00:00:00+00:00\",\"description\":\"Njihova Kraljevska Viso\u010danstva Prestolonaslednik Aleksandar II, Princeza Katarina, Princ Petar i Princ Aleksandar prisustvovali su tradicionalnoj\",\"breadcrumb\":{\"@id\":\"https:\\\/\\\/royalfamily.org\\\/lat\\\/kraljevska-porodica-na-svetosavskoj-akademiji-u-sava-centru\\\/#breadcrumb\"},\"inLanguage\":\"sr-LT\",\"potentialAction\":[{\"@type\":\"ReadAction\",\"target\":[\"https:\\\/\\\/royalfamily.org\\\/lat\\\/kraljevska-porodica-na-svetosavskoj-akademiji-u-sava-centru\\\/\"]}]},{\"@type\":\"BreadcrumbList\",\"@id\":\"https:\\\/\\\/royalfamily.org\\\/lat\\\/kraljevska-porodica-na-svetosavskoj-akademiji-u-sava-centru\\\/#breadcrumb\",\"itemListElement\":[{\"@type\":\"ListItem\",\"position\":1,\"name\":\"Home\",\"item\":\"https:\\\/\\\/royalfamily.org\\\/lat\\\/\"},{\"@type\":\"ListItem\",\"position\":2,\"name\":\"Kraljevska porodica na Svetosavskoj akademiji u Sava Centru\"}]},{\"@type\":\"WebSite\",\"@id\":\"https:\\\/\\\/royalfamily.org\\\/#website\",\"url\":\"https:\\\/\\\/royalfamily.org\\\/\",\"name\":\"The Royal Family of Serbia\",\"description\":\"From the people, for the people\",\"publisher\":{\"@id\":\"https:\\\/\\\/royalfamily.org\\\/#organization\"},\"potentialAction\":[{\"@type\":\"SearchAction\",\"target\":{\"@type\":\"EntryPoint\",\"urlTemplate\":\"https:\\\/\\\/royalfamily.org\\\/?s={search_term_string}\"},\"query-input\":{\"@type\":\"PropertyValueSpecification\",\"valueRequired\":true,\"valueName\":\"search_term_string\"}}],\"inLanguage\":\"sr-LT\"},{\"@type\":\"Organization\",\"@id\":\"https:\\\/\\\/royalfamily.org\\\/#organization\",\"name\":\"Royal Family\",\"url\":\"https:\\\/\\\/royalfamily.org\\\/\",\"logo\":{\"@type\":\"ImageObject\",\"inLanguage\":\"sr-LT\",\"@id\":\"https:\\\/\\\/royalfamily.org\\\/#\\\/schema\\\/logo\\\/image\\\/\",\"url\":\"https:\\\/\\\/royalfamily.org\\\/wp-content\\\/uploads\\\/2019\\\/04\\\/logo-vector-02-V-latinica.png\",\"contentUrl\":\"https:\\\/\\\/royalfamily.org\\\/wp-content\\\/uploads\\\/2019\\\/04\\\/logo-vector-02-V-latinica.png\",\"width\":552,\"height\":99,\"caption\":\"Royal Family\"},\"image\":{\"@id\":\"https:\\\/\\\/royalfamily.org\\\/#\\\/schema\\\/logo\\\/image\\\/\"},\"sameAs\":[\"https:\\\/\\\/www.facebook.com\\\/Prestolonaslednik.Aleksandar\"]},{\"@type\":\"Person\",\"@id\":\"https:\\\/\\\/royalfamily.org\\\/#\\\/schema\\\/person\\\/49383a0c31232a928463939891db1ad5\",\"name\":\"Web Royal\",\"image\":{\"@type\":\"ImageObject\",\"inLanguage\":\"sr-LT\",\"@id\":\"https:\\\/\\\/secure.gravatar.com\\\/avatar\\\/8dbdbae4ed2a898dcf0dcd9d01bf41782c405af026744c66e6a62d6235a20271?s=96&d=mm&r=g\",\"url\":\"https:\\\/\\\/secure.gravatar.com\\\/avatar\\\/8dbdbae4ed2a898dcf0dcd9d01bf41782c405af026744c66e6a62d6235a20271?s=96&d=mm&r=g\",\"contentUrl\":\"https:\\\/\\\/secure.gravatar.com\\\/avatar\\\/8dbdbae4ed2a898dcf0dcd9d01bf41782c405af026744c66e6a62d6235a20271?s=96&d=mm&r=g\",\"caption\":\"Web Royal\"}}]}<\/script>\n<!-- \/ Yoast SEO Premium plugin. -->","yoast_head_json":{"title":"Kraljevska porodica na Svetosavskoj akademiji u Sava Centru - The Royal Family of Serbia","description":"Njihova Kraljevska Viso\u010danstva Prestolonaslednik Aleksandar II, Princeza Katarina, Princ Petar i Princ Aleksandar prisustvovali su tradicionalnoj","robots":{"index":"index","follow":"follow","max-snippet":"max-snippet:-1","max-image-preview":"max-image-preview:large","max-video-preview":"max-video-preview:-1"},"canonical":"https:\/\/royalfamily.org\/lat\/kraljevska-porodica-na-svetosavskoj-akademiji-u-sava-centru\/","og_locale":"en_US","og_type":"article","og_title":"Kraljevska porodica na Svetosavskoj akademiji u Sava Centru","og_description":"Njihova Kraljevska Viso\u010danstva Prestolonaslednik Aleksandar II, Princeza Katarina, Princ Petar i Princ Aleksandar prisustvovali su tradicionalnoj","og_url":"https:\/\/royalfamily.org\/lat\/kraljevska-porodica-na-svetosavskoj-akademiji-u-sava-centru\/","og_site_name":"The Royal Family of Serbia","article_publisher":"https:\/\/www.facebook.com\/Prestolonaslednik.Aleksandar","article_published_time":"2013-01-25T00:00:00+00:00","author":"Web Royal","twitter_card":"summary_large_image","twitter_misc":{"Written by":"Web Royal","Est. reading time":"1 minute"},"schema":{"@context":"https:\/\/schema.org","@graph":[{"@type":"Article","@id":"https:\/\/royalfamily.org\/lat\/kraljevska-porodica-na-svetosavskoj-akademiji-u-sava-centru\/#article","isPartOf":{"@id":"https:\/\/royalfamily.org\/lat\/kraljevska-porodica-na-svetosavskoj-akademiji-u-sava-centru\/"},"author":{"name":"Web Royal","@id":"https:\/\/royalfamily.org\/#\/schema\/person\/49383a0c31232a928463939891db1ad5"},"headline":"Kraljevska porodica na Svetosavskoj akademiji u Sava Centru","datePublished":"2013-01-25T00:00:00+00:00","mainEntityOfPage":{"@id":"https:\/\/royalfamily.org\/lat\/kraljevska-porodica-na-svetosavskoj-akademiji-u-sava-centru\/"},"wordCount":247,"publisher":{"@id":"https:\/\/royalfamily.org\/#organization"},"articleSection":["Vesti"],"inLanguage":"sr-LT"},{"@type":"WebPage","@id":"https:\/\/royalfamily.org\/lat\/kraljevska-porodica-na-svetosavskoj-akademiji-u-sava-centru\/","url":"https:\/\/royalfamily.org\/lat\/kraljevska-porodica-na-svetosavskoj-akademiji-u-sava-centru\/","name":"Kraljevska porodica na Svetosavskoj akademiji u Sava Centru - The Royal Family of Serbia","isPartOf":{"@id":"https:\/\/royalfamily.org\/#website"},"datePublished":"2013-01-25T00:00:00+00:00","description":"Njihova Kraljevska Viso\u010danstva Prestolonaslednik Aleksandar II, Princeza Katarina, Princ Petar i Princ Aleksandar prisustvovali su tradicionalnoj","breadcrumb":{"@id":"https:\/\/royalfamily.org\/lat\/kraljevska-porodica-na-svetosavskoj-akademiji-u-sava-centru\/#breadcrumb"},"inLanguage":"sr-LT","potentialAction":[{"@type":"ReadAction","target":["https:\/\/royalfamily.org\/lat\/kraljevska-porodica-na-svetosavskoj-akademiji-u-sava-centru\/"]}]},{"@type":"BreadcrumbList","@id":"https:\/\/royalfamily.org\/lat\/kraljevska-porodica-na-svetosavskoj-akademiji-u-sava-centru\/#breadcrumb","itemListElement":[{"@type":"ListItem","position":1,"name":"Home","item":"https:\/\/royalfamily.org\/lat\/"},{"@type":"ListItem","position":2,"name":"Kraljevska porodica na Svetosavskoj akademiji u Sava Centru"}]},{"@type":"WebSite","@id":"https:\/\/royalfamily.org\/#website","url":"https:\/\/royalfamily.org\/","name":"The Royal Family of Serbia","description":"From the people, for the people","publisher":{"@id":"https:\/\/royalfamily.org\/#organization"},"potentialAction":[{"@type":"SearchAction","target":{"@type":"EntryPoint","urlTemplate":"https:\/\/royalfamily.org\/?s={search_term_string}"},"query-input":{"@type":"PropertyValueSpecification","valueRequired":true,"valueName":"search_term_string"}}],"inLanguage":"sr-LT"},{"@type":"Organization","@id":"https:\/\/royalfamily.org\/#organization","name":"Royal Family","url":"https:\/\/royalfamily.org\/","logo":{"@type":"ImageObject","inLanguage":"sr-LT","@id":"https:\/\/royalfamily.org\/#\/schema\/logo\/image\/","url":"https:\/\/royalfamily.org\/wp-content\/uploads\/2019\/04\/logo-vector-02-V-latinica.png","contentUrl":"https:\/\/royalfamily.org\/wp-content\/uploads\/2019\/04\/logo-vector-02-V-latinica.png","width":552,"height":99,"caption":"Royal Family"},"image":{"@id":"https:\/\/royalfamily.org\/#\/schema\/logo\/image\/"},"sameAs":["https:\/\/www.facebook.com\/Prestolonaslednik.Aleksandar"]},{"@type":"Person","@id":"https:\/\/royalfamily.org\/#\/schema\/person\/49383a0c31232a928463939891db1ad5","name":"Web Royal","image":{"@type":"ImageObject","inLanguage":"sr-LT","@id":"https:\/\/secure.gravatar.com\/avatar\/8dbdbae4ed2a898dcf0dcd9d01bf41782c405af026744c66e6a62d6235a20271?s=96&d=mm&r=g","url":"https:\/\/secure.gravatar.com\/avatar\/8dbdbae4ed2a898dcf0dcd9d01bf41782c405af026744c66e6a62d6235a20271?s=96&d=mm&r=g","contentUrl":"https:\/\/secure.gravatar.com\/avatar\/8dbdbae4ed2a898dcf0dcd9d01bf41782c405af026744c66e6a62d6235a20271?s=96&d=mm&r=g","caption":"Web Royal"}}]}},"_links":{"self":[{"href":"https:\/\/royalfamily.org\/lat\/wp-json\/wp\/v2\/posts\/7054","targetHints":{"allow":["GET"]}}],"collection":[{"href":"https:\/\/royalfamily.org\/lat\/wp-json\/wp\/v2\/posts"}],"about":[{"href":"https:\/\/royalfamily.org\/lat\/wp-json\/wp\/v2\/types\/post"}],"author":[{"embeddable":true,"href":"https:\/\/royalfamily.org\/lat\/wp-json\/wp\/v2\/users\/1"}],"replies":[{"embeddable":true,"href":"https:\/\/royalfamily.org\/lat\/wp-json\/wp\/v2\/comments?post=7054"}],"version-history":[{"count":0,"href":"https:\/\/royalfamily.org\/lat\/wp-json\/wp\/v2\/posts\/7054\/revisions"}],"wp:attachment":[{"href":"https:\/\/royalfamily.org\/lat\/wp-json\/wp\/v2\/media?parent=7054"}],"wp:term":[{"taxonomy":"category","embeddable":true,"href":"https:\/\/royalfamily.org\/lat\/wp-json\/wp\/v2\/categories?post=7054"},{"taxonomy":"post_tag","embeddable":true,"href":"https:\/\/royalfamily.org\/lat\/wp-json\/wp\/v2\/tags?post=7054"}],"curies":[{"name":"wp","href":"https:\/\/api.w.org\/{rel}","templated":true}]}}