{"id":7055,"date":"2013-01-25T00:00:00","date_gmt":"2013-01-25T00:00:00","guid":{"rendered":"https:\/\/royalfamily.org\/zvanicna-izjava-o-zakonitom-prenosu-posmrtnih-ostataka-nj-v-kralja-petra-ii-u-srbiju\/"},"modified":"2013-01-25T00:00:00","modified_gmt":"2013-01-25T00:00:00","slug":"zvanicna-izjava-o-zakonitom-prenosu-posmrtnih-ostataka-nj-v-kralja-petra-ii-u-srbiju","status":"publish","type":"post","link":"https:\/\/royalfamily.org\/lat\/zvanicna-izjava-o-zakonitom-prenosu-posmrtnih-ostataka-nj-v-kralja-petra-ii-u-srbiju\/","title":{"rendered":"Zvani\u010dna izjava o zakonitom prenosu posmrtnih ostataka NJ.V. Kralja Petra II u Srbiju"},"content":{"rendered":"<p>Kancelarija Njegovog Kraljaevskog Viso\u010danstva Prestolonaslednika Aleksandra izdaje saop\u0161tenje koje daje odgovor na neke neodgovorne izjave i dezinformacije koje su objavljene u \u0161tampi u Srbiji i koje su komentarisane preko Interneta.<\/p>\n<p>Ekshumacija i prenos posmrtnih ostataka Nj.V. Kralja Petra II obavljeni su u potpunosti u skladu sa zakonima i pravilnicima koji se odnose na predmetna pitanja na snazi u dr\u017eavi Ilinois, u Sjedinjenim Ameri\u010dkim Dr\u017eavama, gde je Kralj Petar II sahranjen 1970. godine.<\/p>\n<p>Ovim se potvr\u0111uje da su sve procedure potrebne po zakonima dr\u017eave Ilinois u celosti ispo\u0161tovane. Prema tim zakonima, Prestolonaslednik Aleksandar, kao jedini naslednik prvog naslednog reda Nj.V. Kralja Petra II, imao je valjano i puno ovla\u0161\u0107enje da pokrene i sprovede postupak ekshumacije i prenosa posmrtnih ostataka bla\u017eenopo\u010div\u0161eg Nj.V. Kralja Petra II, a shodno savetima advokata Tomasa J. Kara\u010di\u0107a, iz \u010cikaga.<\/p>\n<p>Prema zakonima va\u017ee\u0107im u Sjedinjenim Ameri\u010dkim Dr\u017eavama, ovla\u0161\u0107enja Princeze Eve Marije Kara\u0111or\u0111evi\u0107 kao izvr\u0161ioca testamenta Nj. V. Kralja Petra II su prestala u celosti u vreme kada je ostavina zaklju\u010dena od strane dr\u017eavnog suda 1980. godine, i ona je tom odlukom u to vreme u potpunosti oslobo\u0111ena od bilo koje dalje odgovornosti ili du\u017enosti.\u00a0<\/p>\n<p>Eparhija srednjezapadnoameri\u010dka Srpske Pravoslavne Crkve, pod \u010dijom se upravom nalazi i groblje u Libertvilu u Ilinoisu, obave\u0161tena je o svim gore navedenim aktivnostima, sa kojima se i slo\u017eila. Sa \u010ditavom postupkom bili su upoznati i ambasador Sjedinjenih Ameri\u010dkih Dr\u017eava u Srbiji, kao i ambasador Srbije u Sjedinjenim Ameri\u010dkim Dr\u017eavama.<\/p>\n<p>Namera je bila da se pri povratku ostataka Nj.V. Kralja Petra II oda po\u010dast pokojnom Kralju, pri dolasku u Srbiju i u Kraljevsku kapelu na Dedinju, pre nego \u0161to \u0107e biti prenet na kona\u010dno odredi\u0161te u Kraljevski mauzolej na Oplencu. Zna\u010dajan aspekt ovoga bi\u0107e dugo odlagana dr\u017eavna sahrana NJ.V. Kralja Petra II, uz najvi\u0161e dr\u017eavne po\u010dasti kako prili\u010di biv\u0161em \u0161efu dr\u017eave, kasnije ove godine. Po\u0161to je Nj.V. Kralj Petar II bio \u0161ef jedne od dr\u017eava saveznica iz Drugog svetskog rata, sve te dr\u017eave \u0107e tada imati priliku da po\u0161alju svoje zvani\u010dne Kraljevske, dr\u017eavne i vojne predstavnike na zvani\u010dnu sahranu NJ.V. Kralja Petra II kasnije ove godine.<\/p>\n","protected":false},"excerpt":{"rendered":"<p>Kancelarija Njegovog Kraljaevskog Viso\u010danstva Prestolonaslednika Aleksandra izdaje saop\u0161tenje koje daje odgovor na neke neodgovorne izjave  [&#8230;]<\/p>\n","protected":false},"author":1,"featured_media":0,"comment_status":"closed","ping_status":"open","sticky":false,"template":"","format":"standard","meta":{"_acf_changed":false,"footnotes":""},"categories":[22],"tags":[],"class_list":["post-7055","post","type-post","status-publish","format-standard","hentry","category-vesti"],"acf":[],"yoast_head":"<!-- This site is optimized with the Yoast SEO Premium plugin v27.5 (Yoast SEO v27.5) - https:\/\/yoast.com\/product\/yoast-seo-premium-wordpress\/ -->\n<title>Zvani\u010dna izjava o zakonitom prenosu posmrtnih ostataka NJ.V. Kralja Petra II u Srbiju - The Royal Family of Serbia<\/title>\n<meta name=\"description\" content=\"Kancelarija Njegovog Kraljaevskog Viso\u010danstva Prestolonaslednika Aleksandra izdaje saop\u0161tenje koje daje odgovor na neke neodgovorne izjave i\" \/>\n<meta name=\"robots\" content=\"index, follow, max-snippet:-1, max-image-preview:large, max-video-preview:-1\" \/>\n<link rel=\"canonical\" href=\"https:\/\/royalfamily.org\/lat\/zvanicna-izjava-o-zakonitom-prenosu-posmrtnih-ostataka-nj-v-kralja-petra-ii-u-srbiju\/\" \/>\n<meta property=\"og:locale\" content=\"en_US\" \/>\n<meta property=\"og:type\" content=\"article\" \/>\n<meta property=\"og:title\" content=\"Zvani\u010dna izjava o zakonitom prenosu posmrtnih ostataka NJ.V. Kralja Petra II u Srbiju\" \/>\n<meta property=\"og:description\" content=\"Kancelarija Njegovog Kraljaevskog Viso\u010danstva Prestolonaslednika Aleksandra izdaje saop\u0161tenje koje daje odgovor na neke neodgovorne izjave i\" \/>\n<meta property=\"og:url\" content=\"https:\/\/royalfamily.org\/lat\/zvanicna-izjava-o-zakonitom-prenosu-posmrtnih-ostataka-nj-v-kralja-petra-ii-u-srbiju\/\" \/>\n<meta property=\"og:site_name\" content=\"The Royal Family of Serbia\" \/>\n<meta property=\"article:publisher\" content=\"https:\/\/www.facebook.com\/Prestolonaslednik.Aleksandar\" \/>\n<meta property=\"article:published_time\" content=\"2013-01-25T00:00:00+00:00\" \/>\n<meta name=\"author\" content=\"Web Royal\" \/>\n<meta name=\"twitter:card\" content=\"summary_large_image\" \/>\n<meta name=\"twitter:label1\" content=\"Written by\" \/>\n\t<meta name=\"twitter:data1\" content=\"Web Royal\" \/>\n\t<meta name=\"twitter:label2\" content=\"Est. reading time\" \/>\n\t<meta name=\"twitter:data2\" content=\"2 minutes\" \/>\n<script type=\"application\/ld+json\" class=\"yoast-schema-graph\">{\"@context\":\"https:\\\/\\\/schema.org\",\"@graph\":[{\"@type\":\"Article\",\"@id\":\"https:\\\/\\\/royalfamily.org\\\/lat\\\/zvanicna-izjava-o-zakonitom-prenosu-posmrtnih-ostataka-nj-v-kralja-petra-ii-u-srbiju\\\/#article\",\"isPartOf\":{\"@id\":\"https:\\\/\\\/royalfamily.org\\\/lat\\\/zvanicna-izjava-o-zakonitom-prenosu-posmrtnih-ostataka-nj-v-kralja-petra-ii-u-srbiju\\\/\"},\"author\":{\"name\":\"Web Royal\",\"@id\":\"https:\\\/\\\/royalfamily.org\\\/#\\\/schema\\\/person\\\/49383a0c31232a928463939891db1ad5\"},\"headline\":\"Zvani\u010dna izjava o zakonitom prenosu posmrtnih ostataka NJ.V. Kralja Petra II u Srbiju\",\"datePublished\":\"2013-01-25T00:00:00+00:00\",\"mainEntityOfPage\":{\"@id\":\"https:\\\/\\\/royalfamily.org\\\/lat\\\/zvanicna-izjava-o-zakonitom-prenosu-posmrtnih-ostataka-nj-v-kralja-petra-ii-u-srbiju\\\/\"},\"wordCount\":413,\"publisher\":{\"@id\":\"https:\\\/\\\/royalfamily.org\\\/#organization\"},\"articleSection\":[\"Vesti\"],\"inLanguage\":\"sr-LT\"},{\"@type\":\"WebPage\",\"@id\":\"https:\\\/\\\/royalfamily.org\\\/lat\\\/zvanicna-izjava-o-zakonitom-prenosu-posmrtnih-ostataka-nj-v-kralja-petra-ii-u-srbiju\\\/\",\"url\":\"https:\\\/\\\/royalfamily.org\\\/lat\\\/zvanicna-izjava-o-zakonitom-prenosu-posmrtnih-ostataka-nj-v-kralja-petra-ii-u-srbiju\\\/\",\"name\":\"Zvani\u010dna izjava o zakonitom prenosu posmrtnih ostataka NJ.V. Kralja Petra II u Srbiju - The Royal Family of Serbia\",\"isPartOf\":{\"@id\":\"https:\\\/\\\/royalfamily.org\\\/#website\"},\"datePublished\":\"2013-01-25T00:00:00+00:00\",\"description\":\"Kancelarija Njegovog Kraljaevskog Viso\u010danstva Prestolonaslednika Aleksandra izdaje saop\u0161tenje koje daje odgovor na neke neodgovorne izjave i\",\"breadcrumb\":{\"@id\":\"https:\\\/\\\/royalfamily.org\\\/lat\\\/zvanicna-izjava-o-zakonitom-prenosu-posmrtnih-ostataka-nj-v-kralja-petra-ii-u-srbiju\\\/#breadcrumb\"},\"inLanguage\":\"sr-LT\",\"potentialAction\":[{\"@type\":\"ReadAction\",\"target\":[\"https:\\\/\\\/royalfamily.org\\\/lat\\\/zvanicna-izjava-o-zakonitom-prenosu-posmrtnih-ostataka-nj-v-kralja-petra-ii-u-srbiju\\\/\"]}]},{\"@type\":\"BreadcrumbList\",\"@id\":\"https:\\\/\\\/royalfamily.org\\\/lat\\\/zvanicna-izjava-o-zakonitom-prenosu-posmrtnih-ostataka-nj-v-kralja-petra-ii-u-srbiju\\\/#breadcrumb\",\"itemListElement\":[{\"@type\":\"ListItem\",\"position\":1,\"name\":\"Home\",\"item\":\"https:\\\/\\\/royalfamily.org\\\/lat\\\/\"},{\"@type\":\"ListItem\",\"position\":2,\"name\":\"Zvani\u010dna izjava o zakonitom prenosu posmrtnih ostataka NJ.V. Kralja Petra II u Srbiju\"}]},{\"@type\":\"WebSite\",\"@id\":\"https:\\\/\\\/royalfamily.org\\\/#website\",\"url\":\"https:\\\/\\\/royalfamily.org\\\/\",\"name\":\"The Royal Family of Serbia\",\"description\":\"From the people, for the people\",\"publisher\":{\"@id\":\"https:\\\/\\\/royalfamily.org\\\/#organization\"},\"potentialAction\":[{\"@type\":\"SearchAction\",\"target\":{\"@type\":\"EntryPoint\",\"urlTemplate\":\"https:\\\/\\\/royalfamily.org\\\/?s={search_term_string}\"},\"query-input\":{\"@type\":\"PropertyValueSpecification\",\"valueRequired\":true,\"valueName\":\"search_term_string\"}}],\"inLanguage\":\"sr-LT\"},{\"@type\":\"Organization\",\"@id\":\"https:\\\/\\\/royalfamily.org\\\/#organization\",\"name\":\"Royal Family\",\"url\":\"https:\\\/\\\/royalfamily.org\\\/\",\"logo\":{\"@type\":\"ImageObject\",\"inLanguage\":\"sr-LT\",\"@id\":\"https:\\\/\\\/royalfamily.org\\\/#\\\/schema\\\/logo\\\/image\\\/\",\"url\":\"https:\\\/\\\/royalfamily.org\\\/wp-content\\\/uploads\\\/2019\\\/04\\\/logo-vector-02-V-latinica.png\",\"contentUrl\":\"https:\\\/\\\/royalfamily.org\\\/wp-content\\\/uploads\\\/2019\\\/04\\\/logo-vector-02-V-latinica.png\",\"width\":552,\"height\":99,\"caption\":\"Royal Family\"},\"image\":{\"@id\":\"https:\\\/\\\/royalfamily.org\\\/#\\\/schema\\\/logo\\\/image\\\/\"},\"sameAs\":[\"https:\\\/\\\/www.facebook.com\\\/Prestolonaslednik.Aleksandar\"]},{\"@type\":\"Person\",\"@id\":\"https:\\\/\\\/royalfamily.org\\\/#\\\/schema\\\/person\\\/49383a0c31232a928463939891db1ad5\",\"name\":\"Web Royal\",\"image\":{\"@type\":\"ImageObject\",\"inLanguage\":\"sr-LT\",\"@id\":\"https:\\\/\\\/secure.gravatar.com\\\/avatar\\\/8dbdbae4ed2a898dcf0dcd9d01bf41782c405af026744c66e6a62d6235a20271?s=96&d=mm&r=g\",\"url\":\"https:\\\/\\\/secure.gravatar.com\\\/avatar\\\/8dbdbae4ed2a898dcf0dcd9d01bf41782c405af026744c66e6a62d6235a20271?s=96&d=mm&r=g\",\"contentUrl\":\"https:\\\/\\\/secure.gravatar.com\\\/avatar\\\/8dbdbae4ed2a898dcf0dcd9d01bf41782c405af026744c66e6a62d6235a20271?s=96&d=mm&r=g\",\"caption\":\"Web Royal\"}}]}<\/script>\n<!-- \/ Yoast SEO Premium plugin. -->","yoast_head_json":{"title":"Zvani\u010dna izjava o zakonitom prenosu posmrtnih ostataka NJ.V. Kralja Petra II u Srbiju - The Royal Family of Serbia","description":"Kancelarija Njegovog Kraljaevskog Viso\u010danstva Prestolonaslednika Aleksandra izdaje saop\u0161tenje koje daje odgovor na neke neodgovorne izjave i","robots":{"index":"index","follow":"follow","max-snippet":"max-snippet:-1","max-image-preview":"max-image-preview:large","max-video-preview":"max-video-preview:-1"},"canonical":"https:\/\/royalfamily.org\/lat\/zvanicna-izjava-o-zakonitom-prenosu-posmrtnih-ostataka-nj-v-kralja-petra-ii-u-srbiju\/","og_locale":"en_US","og_type":"article","og_title":"Zvani\u010dna izjava o zakonitom prenosu posmrtnih ostataka NJ.V. Kralja Petra II u Srbiju","og_description":"Kancelarija Njegovog Kraljaevskog Viso\u010danstva Prestolonaslednika Aleksandra izdaje saop\u0161tenje koje daje odgovor na neke neodgovorne izjave i","og_url":"https:\/\/royalfamily.org\/lat\/zvanicna-izjava-o-zakonitom-prenosu-posmrtnih-ostataka-nj-v-kralja-petra-ii-u-srbiju\/","og_site_name":"The Royal Family of Serbia","article_publisher":"https:\/\/www.facebook.com\/Prestolonaslednik.Aleksandar","article_published_time":"2013-01-25T00:00:00+00:00","author":"Web Royal","twitter_card":"summary_large_image","twitter_misc":{"Written by":"Web Royal","Est. reading time":"2 minutes"},"schema":{"@context":"https:\/\/schema.org","@graph":[{"@type":"Article","@id":"https:\/\/royalfamily.org\/lat\/zvanicna-izjava-o-zakonitom-prenosu-posmrtnih-ostataka-nj-v-kralja-petra-ii-u-srbiju\/#article","isPartOf":{"@id":"https:\/\/royalfamily.org\/lat\/zvanicna-izjava-o-zakonitom-prenosu-posmrtnih-ostataka-nj-v-kralja-petra-ii-u-srbiju\/"},"author":{"name":"Web Royal","@id":"https:\/\/royalfamily.org\/#\/schema\/person\/49383a0c31232a928463939891db1ad5"},"headline":"Zvani\u010dna izjava o zakonitom prenosu posmrtnih ostataka NJ.V. Kralja Petra II u Srbiju","datePublished":"2013-01-25T00:00:00+00:00","mainEntityOfPage":{"@id":"https:\/\/royalfamily.org\/lat\/zvanicna-izjava-o-zakonitom-prenosu-posmrtnih-ostataka-nj-v-kralja-petra-ii-u-srbiju\/"},"wordCount":413,"publisher":{"@id":"https:\/\/royalfamily.org\/#organization"},"articleSection":["Vesti"],"inLanguage":"sr-LT"},{"@type":"WebPage","@id":"https:\/\/royalfamily.org\/lat\/zvanicna-izjava-o-zakonitom-prenosu-posmrtnih-ostataka-nj-v-kralja-petra-ii-u-srbiju\/","url":"https:\/\/royalfamily.org\/lat\/zvanicna-izjava-o-zakonitom-prenosu-posmrtnih-ostataka-nj-v-kralja-petra-ii-u-srbiju\/","name":"Zvani\u010dna izjava o zakonitom prenosu posmrtnih ostataka NJ.V. Kralja Petra II u Srbiju - The Royal Family of Serbia","isPartOf":{"@id":"https:\/\/royalfamily.org\/#website"},"datePublished":"2013-01-25T00:00:00+00:00","description":"Kancelarija Njegovog Kraljaevskog Viso\u010danstva Prestolonaslednika Aleksandra izdaje saop\u0161tenje koje daje odgovor na neke neodgovorne izjave i","breadcrumb":{"@id":"https:\/\/royalfamily.org\/lat\/zvanicna-izjava-o-zakonitom-prenosu-posmrtnih-ostataka-nj-v-kralja-petra-ii-u-srbiju\/#breadcrumb"},"inLanguage":"sr-LT","potentialAction":[{"@type":"ReadAction","target":["https:\/\/royalfamily.org\/lat\/zvanicna-izjava-o-zakonitom-prenosu-posmrtnih-ostataka-nj-v-kralja-petra-ii-u-srbiju\/"]}]},{"@type":"BreadcrumbList","@id":"https:\/\/royalfamily.org\/lat\/zvanicna-izjava-o-zakonitom-prenosu-posmrtnih-ostataka-nj-v-kralja-petra-ii-u-srbiju\/#breadcrumb","itemListElement":[{"@type":"ListItem","position":1,"name":"Home","item":"https:\/\/royalfamily.org\/lat\/"},{"@type":"ListItem","position":2,"name":"Zvani\u010dna izjava o zakonitom prenosu posmrtnih ostataka NJ.V. Kralja Petra II u Srbiju"}]},{"@type":"WebSite","@id":"https:\/\/royalfamily.org\/#website","url":"https:\/\/royalfamily.org\/","name":"The Royal Family of Serbia","description":"From the people, for the people","publisher":{"@id":"https:\/\/royalfamily.org\/#organization"},"potentialAction":[{"@type":"SearchAction","target":{"@type":"EntryPoint","urlTemplate":"https:\/\/royalfamily.org\/?s={search_term_string}"},"query-input":{"@type":"PropertyValueSpecification","valueRequired":true,"valueName":"search_term_string"}}],"inLanguage":"sr-LT"},{"@type":"Organization","@id":"https:\/\/royalfamily.org\/#organization","name":"Royal Family","url":"https:\/\/royalfamily.org\/","logo":{"@type":"ImageObject","inLanguage":"sr-LT","@id":"https:\/\/royalfamily.org\/#\/schema\/logo\/image\/","url":"https:\/\/royalfamily.org\/wp-content\/uploads\/2019\/04\/logo-vector-02-V-latinica.png","contentUrl":"https:\/\/royalfamily.org\/wp-content\/uploads\/2019\/04\/logo-vector-02-V-latinica.png","width":552,"height":99,"caption":"Royal Family"},"image":{"@id":"https:\/\/royalfamily.org\/#\/schema\/logo\/image\/"},"sameAs":["https:\/\/www.facebook.com\/Prestolonaslednik.Aleksandar"]},{"@type":"Person","@id":"https:\/\/royalfamily.org\/#\/schema\/person\/49383a0c31232a928463939891db1ad5","name":"Web Royal","image":{"@type":"ImageObject","inLanguage":"sr-LT","@id":"https:\/\/secure.gravatar.com\/avatar\/8dbdbae4ed2a898dcf0dcd9d01bf41782c405af026744c66e6a62d6235a20271?s=96&d=mm&r=g","url":"https:\/\/secure.gravatar.com\/avatar\/8dbdbae4ed2a898dcf0dcd9d01bf41782c405af026744c66e6a62d6235a20271?s=96&d=mm&r=g","contentUrl":"https:\/\/secure.gravatar.com\/avatar\/8dbdbae4ed2a898dcf0dcd9d01bf41782c405af026744c66e6a62d6235a20271?s=96&d=mm&r=g","caption":"Web Royal"}}]}},"_links":{"self":[{"href":"https:\/\/royalfamily.org\/lat\/wp-json\/wp\/v2\/posts\/7055","targetHints":{"allow":["GET"]}}],"collection":[{"href":"https:\/\/royalfamily.org\/lat\/wp-json\/wp\/v2\/posts"}],"about":[{"href":"https:\/\/royalfamily.org\/lat\/wp-json\/wp\/v2\/types\/post"}],"author":[{"embeddable":true,"href":"https:\/\/royalfamily.org\/lat\/wp-json\/wp\/v2\/users\/1"}],"replies":[{"embeddable":true,"href":"https:\/\/royalfamily.org\/lat\/wp-json\/wp\/v2\/comments?post=7055"}],"version-history":[{"count":0,"href":"https:\/\/royalfamily.org\/lat\/wp-json\/wp\/v2\/posts\/7055\/revisions"}],"wp:attachment":[{"href":"https:\/\/royalfamily.org\/lat\/wp-json\/wp\/v2\/media?parent=7055"}],"wp:term":[{"taxonomy":"category","embeddable":true,"href":"https:\/\/royalfamily.org\/lat\/wp-json\/wp\/v2\/categories?post=7055"},{"taxonomy":"post_tag","embeddable":true,"href":"https:\/\/royalfamily.org\/lat\/wp-json\/wp\/v2\/tags?post=7055"}],"curies":[{"name":"wp","href":"https:\/\/api.w.org\/{rel}","templated":true}]}}