{"id":7114,"date":"2013-04-29T00:00:00","date_gmt":"2013-04-29T00:00:00","guid":{"rendered":"https:\/\/royalfamily.org\/zemni-ostaci-nj-v-kraljice-marije-vraceni-u-srbiju\/"},"modified":"2013-04-29T00:00:00","modified_gmt":"2013-04-29T00:00:00","slug":"zemni-ostaci-nj-v-kraljice-marije-vraceni-u-srbiju","status":"publish","type":"post","link":"https:\/\/royalfamily.org\/lat\/zemni-ostaci-nj-v-kraljice-marije-vraceni-u-srbiju\/","title":{"rendered":"Zemni ostaci NJ.V. Kraljice Marije vra\u0107eni u Srbiju"},"content":{"rendered":"<p>Voljena Kraljica se vratila u Srbiju<\/p>\n<p>Beograd, 29. april. 2013 \u2013 Njegovo Kraljevsko Viso\u010danstvo Prestolonaslednik Aleksandar u ime srpske Kraljevske porodice ima \u010dast da obavesti na\u0161u javnost da je do\u0161ao istorijski dan kada su zemni ostaci njegove drage bake Njenog Veli\u010danstva Kraljice Marije vra\u0107eni u njenu domovinu Srbiju, uz milostivu saglasnost Njenog Veli\u010danstva Kraljice Elizabete II, stare\u0161ine kapele u Vindzoru, Anglikanske crkve, Ministarstva pravde i Ministarstva inostranih poslova Republike Srbije.<\/p>\n<p>Pomen bla\u017eenopo\u010div\u0161oj NJ.V. Kraljici Mariji, koja je preminula 22. juna 1961. u izbegli\u0161tvu i sahranjena na kraljevskom groblju u Frogmoru nadomak zamka Vindzor, slu\u017een je ju\u010de u Londonu u Crkvi Svetog Save, u prisustvu Njihovih Kraljevskih Viso\u010danstva Prestolonaslednika Aleksandra, Princeze Katarine, Princa Petra, Princa Filipa, Princeze Katarine (\u0107erke kraljevi\u0107a Tomislava), Princa Dimitrija i Princeze Lavinije (dece kraljevi\u0107a Andreja), g-dina Nikolasa Balfura (sina NJ.K.V. Princeze Jelisavete, koji je predstavljao i svoju majku), NJ.E. dr Dejana Popovi\u0107a, ambasadora Srbije u Ujedinjenom Kraljevstvu, kao i mnogobrojnih predstavnika srpske i jugoslovenske dijaspore koji su se okupili da odaju poslednju po\u0161tu pokojnoj Kraljici majci.<\/p>\n<p>Kov\u010deg Nj.V. Kraljice Marije do\u010dekali su danas na aerodromu Nikola Tesla \u00a0u Beogradu Njihova Kraljevska Viso\u010danstva Prestolonaslednik Aleksandar, Princeza Katarina, Princeza Jelisaveta, Princ \u0110or\u0111e i Princ Mihajlo, Nj.E. g-din Ivica Da\u010di\u0107, predsednik Vlade Republike Srbije, prof. dr Oliver Anti\u0107, specijalni savetnik i g-din Radoslav Pavlovi\u0107, savetnik za kulturu Nj.E. g-dina Tomislava Nikoli\u0107a, predsednika Srbije, predstavnici Vlade, Njegovo Preosve\u0161tenstvo Vladika hvostanski G. Atanasije, koji je sa blagoslovom Njegove Svetosti Patrijarha srpskog G. Irineja predstavljao Srpsku Pravoslavnu Crkvu.<\/p>\n<p>Narod se u velikom broju okupio da oda po\u0161tu blagoslovenoj pokojnoj Kraljici na kapijama njenog doma na Dedinju, gde je nekada \u017eivela kao Kraljica, supruga, majka i udovica. Atmosfera na do\u010deku odisala je po\u0161tovanjem i zahvalno\u0161\u0107u prema li\u010dnosti koju je narod idealizovao kao posve\u0107enu majku, po\u0161tovanu Kraljicu i iskreno joj se divio kao velikom dobrotvoru i osniva\u010du brojnih \u0161kola, bolnica, meceni umetnosti i osobi uvek spremnoj da pomogne ugro\u017eenima.<\/p>\n<p>Pomen Nj.V. Kraljici Mariji u kraljevskoj kapeli Svetog Andreja Prvozvanog na Dedinju slu\u017eio je Njegova Svetost Patrijarh srpski G. Irinej, a prisustvovali su mu Njihova Kraljevska Viso\u010danstva Prestolonaslednik Aleksandar, Princeza Katarina, Princeza Jelisaveta, Princ \u0110or\u0111e i Princ Mihajlo (sinovi Nj.K.V. Kraljevi\u0107a Tomislava), Nj.E. g-din Ivica Da\u010di\u0107, predsednik Vlade Repubike Srbije, prof. dr Oliver Anti\u0107, specijalni savetnik i g-din Radoslav Pavlovi\u0107, savetnik za kulturu Nj.E. g-dina Tomislava Nikoli\u0107a, predsednika Srbije, Njegovo Preosve\u0161tenstvo Episkop hvostanski G. Atanasije, Njegovo Preosve\u0161tenstvo Episkop remezijanski G. Andrej, Nj.E. g-din Daniel Banu, ambasador Rumanije u Srbiji, g-din Dejvid Endrju MekFerlejn, zamenik ambasadora Velike Britanije.<\/p>\n<p>Posle slu\u017ebe, prisutnima se obratio Njegovo Kraljevsko Viso\u010danstvo Prestolonaslednik Aleksandar II: \u201eMoja baka, Kraljica Marija kona\u010dno je kod ku\u0107e i uskoro \u0107e biti sa \u010dlanovima svoje porodice na Oplencu. \u017deleo bih posebno da se zahvalim Njegovoj Svetosti Patrijarhu Irineju \u0161to je ovde danas i na svim njegovim molitvama. Moja baka je umrla pre pedeset i dve godine i bila je sahranjena u Velikoj Britaniji. Iako okru\u017eena precima i ro\u0111acima, bila je daleko od Srbije, na\u0161e zemlje i njenog naroda, koje je volela svim srcem i \u010diji je veliki dobrotvor i zadu\u017ebinar bila. Povratak u Srbiju bila je velika \u017eelja moje bake i ona se danas kona\u010dno vratila, da bude sahranjena pored svog supruga i sinova. Odaju\u0107i po\u010dast Kraljici Mariji, Srbija danas odaje po\u010dast svima koji su u\u010destvovali u stvaranju njene istorije.\u201c Prestolonaslednik se tako\u0111e zahvalio NJ.E. g-dinu Tomislavu Nikoli\u0107u, predsedniku Srbije, Nj.E. g-dinu Ivici Da\u010di\u0107u, predsedniku Vlade Srbije, \u010dlanovima Dr\u017eavnog odbora za prenos posmrtnih ostataka \u010dlanova kraljevske porodice Kara\u0111or\u0111evi\u0107a, svim \u010dlanovima Vlade na velikoj podr\u0161ci, a posebnu zahvalnost je uputio profesoru Oliveru Anti\u0107u na njegovoj li\u010dnoj inicijativi i anga\u017eovanju.<\/p>\n<p>Po zavr\u0161etku pomena, Njegova Svetost Patrijarh srpski G.Irinej je istakao: \u201eKraljica Marija je bila otelotvorenje svega plemenitog i ostvarenje svih \u017eelja srpskog naroda, koji je toliko volela, pomagala i po\u0161tovala, a mnoge i nahranila \u0161to ovde \u0161to za vreme provedeno u izgnanstvu. Ovim je ispravljena velika nepravda, ona se vratila svojoj zemlji, da po\u010diva u miru i time su se ostvarile na\u0161e molitve. Ona se nije bavila politikom ve\u0107 je po uzvi\u0161enom ose\u0107anju du\u017enosti pre svega bila majka tada\u0161nje Jugoslavije, odnosno Srbije\u201c.<\/p>\n<p>Profesor Oliver Anti\u0107 je istakao: \u201eKraljica Marija je bila najomiljenija od svih Kraljica Evrope, i krasile su je mnoge vrline poput \u010destitosti, dobro\u010dinstva i plemenitosti. Zato mi je veliko zadovljstvo da najavim da po odobrenju predsednika Srbije Tomislava Nikoli\u0107a, da \u0107e orden Kraljice Marije koji je prona\u0111en u zape\u010da\u0107enom sefu Narodne banke Srbije br. 555 biti izlo\u017een na njenom odru prilikom dr\u017eavne sahrane 26. maja na Oplencu.Ovim je ispravljena velika nepravda.\u201c<\/p>\n<p>Nj.E. g-din Ivica Da\u010di\u0107, predsednik Vlade Republike Srbije se tako\u0111e obratio prisutnima: \u201ePonosan sam da je ovim velikim danom ispravljena ogromna nepravda i upravo u tome je pouka da narod i dr\u017eava, sagledav\u0161i svoju istoriju, ispravljaju gre\u0161ke ne zbog pro\u0161losti, ve\u0107 upravo zbog budu\u0107nosti. Ovo je veliki dan za zemlju, a dvadeset i \u0161estog maja o\u010dekujemo visoke zvanice iz celog sveta koje \u0107emo do\u010dekati kako valja i dolikuje.\u201c<\/p>\n<p>Po zavr\u0161etku slu\u017ebe, u Kraljevskom Dvoru je prire\u0111en prijem za dr\u017eavne zvani\u010dnike, \u010dlanove savetodavnih tela Krune i verske dostojanstvenike.<\/p>\n<p>Njeno Veli\u010danstvo Kraljica Marija po\u010diva\u0107e u Kraljevskoj kapeli Sv. Andreja Prvozvanog na Dedinju pored svoga sina Njegovog Veli\u010danstva Kralja Petra II do dr\u017eavne sahrane 26. maja kada \u0107e Njihova Veli\u010danstva bla\u017eenopo\u010div\u0161i Kralj Petar II, Kraljica Aleksandra i Kraljica majka Marija biti sahranjeni u mauzoleju porodice Kara\u0111or\u0111evi\u0107 u crkvi Sv. \u0110or\u0111a na Oplencu.<\/p>\n<p>Posebnu zahvalnost Njihova Kraljevska Viso\u010danstva na podr\u0161ci upu\u0107uju Ser Kristofer Gejtu, privatnom sekretaru Njenog Veli\u010danstva suverena Ujedinjenog Kraljevstva Velike Britanije, nacionalnom avio prevozniku JAT Ervejz za transport bez nadoknade kao i konzulu savetniku ambasade Srbije u Velikoj Britaniji g-\u0111i Ljiljani Zarubici \u010dije je anga\u017eovanje doprinelo uspehu ovog poduhvata od izuzetne va\u017enosti.<\/p>\n<p><strong>Kraljevska kapela u okviru Kraljevskog kompleksa na Dedinju bi\u0107e otvorena za sve gra\u0111ane koji budu hteli da odaju po\u0161tu Njihovim Veli\u010danstvima Kralju Petru II i Kraljici majci Mariji svakog vikenda subotom i nedeljom, od 10 do 14 \u010dasova.\u00a0<\/strong><\/p>\n<p><a href=\"http:\/\/youtu.be\/yHRYUBGQw6E&quot;\" target=\"_blank\" rel=\"noopener\"><strong>Kliknite za video<\/strong><\/a><\/p>\n<p><strong>Kliknite za galeriju<\/strong><\/p>\n<p>&#8220;<\/p>\n","protected":false},"excerpt":{"rendered":"<p>Voljena Kraljica se vratila u Srbiju Beograd, 29. april. 2013 \u2013 Njegovo Kraljevsko Viso\u010danstvo Prestolonaslednik  [&#8230;]<\/p>\n","protected":false},"author":1,"featured_media":0,"comment_status":"closed","ping_status":"open","sticky":false,"template":"","format":"standard","meta":{"_acf_changed":false,"footnotes":""},"categories":[22],"tags":[],"class_list":["post-7114","post","type-post","status-publish","format-standard","hentry","category-vesti"],"acf":[],"yoast_head":"<!-- This site is optimized with the Yoast SEO Premium plugin v27.4 (Yoast SEO v27.4) - https:\/\/yoast.com\/product\/yoast-seo-premium-wordpress\/ -->\n<title>Zemni ostaci NJ.V. Kraljice Marije vra\u0107eni u Srbiju - The Royal Family of Serbia<\/title>\n<meta name=\"description\" content=\"Voljena Kraljica se vratila u Srbiju Beograd, 29. april. 2013 \u2013 Njegovo Kraljevsko Viso\u010danstvo Prestolonaslednik Aleksandar u ime srpske Kraljevske\" \/>\n<meta name=\"robots\" content=\"index, follow, max-snippet:-1, max-image-preview:large, max-video-preview:-1\" \/>\n<link rel=\"canonical\" href=\"https:\/\/royalfamily.org\/lat\/zemni-ostaci-nj-v-kraljice-marije-vraceni-u-srbiju\/\" \/>\n<meta property=\"og:locale\" content=\"en_US\" \/>\n<meta property=\"og:type\" content=\"article\" \/>\n<meta property=\"og:title\" content=\"Zemni ostaci NJ.V. Kraljice Marije vra\u0107eni u Srbiju\" \/>\n<meta property=\"og:description\" content=\"Voljena Kraljica se vratila u Srbiju Beograd, 29. april. 2013 \u2013 Njegovo Kraljevsko Viso\u010danstvo Prestolonaslednik Aleksandar u ime srpske Kraljevske\" \/>\n<meta property=\"og:url\" content=\"https:\/\/royalfamily.org\/lat\/zemni-ostaci-nj-v-kraljice-marije-vraceni-u-srbiju\/\" \/>\n<meta property=\"og:site_name\" content=\"The Royal Family of Serbia\" \/>\n<meta property=\"article:publisher\" content=\"https:\/\/www.facebook.com\/Prestolonaslednik.Aleksandar\" \/>\n<meta property=\"article:published_time\" content=\"2013-04-29T00:00:00+00:00\" \/>\n<meta name=\"author\" content=\"Web Royal\" \/>\n<meta name=\"twitter:card\" content=\"summary_large_image\" \/>\n<meta name=\"twitter:label1\" content=\"Written by\" \/>\n\t<meta name=\"twitter:data1\" content=\"Web Royal\" \/>\n\t<meta name=\"twitter:label2\" content=\"Est. reading time\" \/>\n\t<meta name=\"twitter:data2\" content=\"5 minutes\" \/>\n<script type=\"application\/ld+json\" class=\"yoast-schema-graph\">{\"@context\":\"https:\\\/\\\/schema.org\",\"@graph\":[{\"@type\":\"Article\",\"@id\":\"https:\\\/\\\/royalfamily.org\\\/lat\\\/zemni-ostaci-nj-v-kraljice-marije-vraceni-u-srbiju\\\/#article\",\"isPartOf\":{\"@id\":\"https:\\\/\\\/royalfamily.org\\\/lat\\\/zemni-ostaci-nj-v-kraljice-marije-vraceni-u-srbiju\\\/\"},\"author\":{\"name\":\"Web Royal\",\"@id\":\"https:\\\/\\\/royalfamily.org\\\/#\\\/schema\\\/person\\\/49383a0c31232a928463939891db1ad5\"},\"headline\":\"Zemni ostaci NJ.V. Kraljice Marije vra\u0107eni u Srbiju\",\"datePublished\":\"2013-04-29T00:00:00+00:00\",\"mainEntityOfPage\":{\"@id\":\"https:\\\/\\\/royalfamily.org\\\/lat\\\/zemni-ostaci-nj-v-kraljice-marije-vraceni-u-srbiju\\\/\"},\"wordCount\":1114,\"publisher\":{\"@id\":\"https:\\\/\\\/royalfamily.org\\\/#organization\"},\"articleSection\":[\"Vesti\"],\"inLanguage\":\"sr-LT\"},{\"@type\":\"WebPage\",\"@id\":\"https:\\\/\\\/royalfamily.org\\\/lat\\\/zemni-ostaci-nj-v-kraljice-marije-vraceni-u-srbiju\\\/\",\"url\":\"https:\\\/\\\/royalfamily.org\\\/lat\\\/zemni-ostaci-nj-v-kraljice-marije-vraceni-u-srbiju\\\/\",\"name\":\"Zemni ostaci NJ.V. Kraljice Marije vra\u0107eni u Srbiju - The Royal Family of Serbia\",\"isPartOf\":{\"@id\":\"https:\\\/\\\/royalfamily.org\\\/#website\"},\"datePublished\":\"2013-04-29T00:00:00+00:00\",\"description\":\"Voljena Kraljica se vratila u Srbiju Beograd, 29. april. 2013 \u2013 Njegovo Kraljevsko Viso\u010danstvo Prestolonaslednik Aleksandar u ime srpske Kraljevske\",\"breadcrumb\":{\"@id\":\"https:\\\/\\\/royalfamily.org\\\/lat\\\/zemni-ostaci-nj-v-kraljice-marije-vraceni-u-srbiju\\\/#breadcrumb\"},\"inLanguage\":\"sr-LT\",\"potentialAction\":[{\"@type\":\"ReadAction\",\"target\":[\"https:\\\/\\\/royalfamily.org\\\/lat\\\/zemni-ostaci-nj-v-kraljice-marije-vraceni-u-srbiju\\\/\"]}]},{\"@type\":\"BreadcrumbList\",\"@id\":\"https:\\\/\\\/royalfamily.org\\\/lat\\\/zemni-ostaci-nj-v-kraljice-marije-vraceni-u-srbiju\\\/#breadcrumb\",\"itemListElement\":[{\"@type\":\"ListItem\",\"position\":1,\"name\":\"Home\",\"item\":\"https:\\\/\\\/royalfamily.org\\\/lat\\\/\"},{\"@type\":\"ListItem\",\"position\":2,\"name\":\"Zemni ostaci NJ.V. Kraljice Marije vra\u0107eni u Srbiju\"}]},{\"@type\":\"WebSite\",\"@id\":\"https:\\\/\\\/royalfamily.org\\\/#website\",\"url\":\"https:\\\/\\\/royalfamily.org\\\/\",\"name\":\"The Royal Family of Serbia\",\"description\":\"From the people, for the people\",\"publisher\":{\"@id\":\"https:\\\/\\\/royalfamily.org\\\/#organization\"},\"potentialAction\":[{\"@type\":\"SearchAction\",\"target\":{\"@type\":\"EntryPoint\",\"urlTemplate\":\"https:\\\/\\\/royalfamily.org\\\/?s={search_term_string}\"},\"query-input\":{\"@type\":\"PropertyValueSpecification\",\"valueRequired\":true,\"valueName\":\"search_term_string\"}}],\"inLanguage\":\"sr-LT\"},{\"@type\":\"Organization\",\"@id\":\"https:\\\/\\\/royalfamily.org\\\/#organization\",\"name\":\"Royal Family\",\"url\":\"https:\\\/\\\/royalfamily.org\\\/\",\"logo\":{\"@type\":\"ImageObject\",\"inLanguage\":\"sr-LT\",\"@id\":\"https:\\\/\\\/royalfamily.org\\\/#\\\/schema\\\/logo\\\/image\\\/\",\"url\":\"https:\\\/\\\/royalfamily.org\\\/wp-content\\\/uploads\\\/2019\\\/04\\\/logo-vector-02-V-latinica.png\",\"contentUrl\":\"https:\\\/\\\/royalfamily.org\\\/wp-content\\\/uploads\\\/2019\\\/04\\\/logo-vector-02-V-latinica.png\",\"width\":552,\"height\":99,\"caption\":\"Royal Family\"},\"image\":{\"@id\":\"https:\\\/\\\/royalfamily.org\\\/#\\\/schema\\\/logo\\\/image\\\/\"},\"sameAs\":[\"https:\\\/\\\/www.facebook.com\\\/Prestolonaslednik.Aleksandar\"]},{\"@type\":\"Person\",\"@id\":\"https:\\\/\\\/royalfamily.org\\\/#\\\/schema\\\/person\\\/49383a0c31232a928463939891db1ad5\",\"name\":\"Web Royal\",\"image\":{\"@type\":\"ImageObject\",\"inLanguage\":\"sr-LT\",\"@id\":\"https:\\\/\\\/secure.gravatar.com\\\/avatar\\\/8dbdbae4ed2a898dcf0dcd9d01bf41782c405af026744c66e6a62d6235a20271?s=96&d=mm&r=g\",\"url\":\"https:\\\/\\\/secure.gravatar.com\\\/avatar\\\/8dbdbae4ed2a898dcf0dcd9d01bf41782c405af026744c66e6a62d6235a20271?s=96&d=mm&r=g\",\"contentUrl\":\"https:\\\/\\\/secure.gravatar.com\\\/avatar\\\/8dbdbae4ed2a898dcf0dcd9d01bf41782c405af026744c66e6a62d6235a20271?s=96&d=mm&r=g\",\"caption\":\"Web Royal\"}}]}<\/script>\n<!-- \/ Yoast SEO Premium plugin. -->","yoast_head_json":{"title":"Zemni ostaci NJ.V. Kraljice Marije vra\u0107eni u Srbiju - The Royal Family of Serbia","description":"Voljena Kraljica se vratila u Srbiju Beograd, 29. april. 2013 \u2013 Njegovo Kraljevsko Viso\u010danstvo Prestolonaslednik Aleksandar u ime srpske Kraljevske","robots":{"index":"index","follow":"follow","max-snippet":"max-snippet:-1","max-image-preview":"max-image-preview:large","max-video-preview":"max-video-preview:-1"},"canonical":"https:\/\/royalfamily.org\/lat\/zemni-ostaci-nj-v-kraljice-marije-vraceni-u-srbiju\/","og_locale":"en_US","og_type":"article","og_title":"Zemni ostaci NJ.V. Kraljice Marije vra\u0107eni u Srbiju","og_description":"Voljena Kraljica se vratila u Srbiju Beograd, 29. april. 2013 \u2013 Njegovo Kraljevsko Viso\u010danstvo Prestolonaslednik Aleksandar u ime srpske Kraljevske","og_url":"https:\/\/royalfamily.org\/lat\/zemni-ostaci-nj-v-kraljice-marije-vraceni-u-srbiju\/","og_site_name":"The Royal Family of Serbia","article_publisher":"https:\/\/www.facebook.com\/Prestolonaslednik.Aleksandar","article_published_time":"2013-04-29T00:00:00+00:00","author":"Web Royal","twitter_card":"summary_large_image","twitter_misc":{"Written by":"Web Royal","Est. reading time":"5 minutes"},"schema":{"@context":"https:\/\/schema.org","@graph":[{"@type":"Article","@id":"https:\/\/royalfamily.org\/lat\/zemni-ostaci-nj-v-kraljice-marije-vraceni-u-srbiju\/#article","isPartOf":{"@id":"https:\/\/royalfamily.org\/lat\/zemni-ostaci-nj-v-kraljice-marije-vraceni-u-srbiju\/"},"author":{"name":"Web Royal","@id":"https:\/\/royalfamily.org\/#\/schema\/person\/49383a0c31232a928463939891db1ad5"},"headline":"Zemni ostaci NJ.V. Kraljice Marije vra\u0107eni u Srbiju","datePublished":"2013-04-29T00:00:00+00:00","mainEntityOfPage":{"@id":"https:\/\/royalfamily.org\/lat\/zemni-ostaci-nj-v-kraljice-marije-vraceni-u-srbiju\/"},"wordCount":1114,"publisher":{"@id":"https:\/\/royalfamily.org\/#organization"},"articleSection":["Vesti"],"inLanguage":"sr-LT"},{"@type":"WebPage","@id":"https:\/\/royalfamily.org\/lat\/zemni-ostaci-nj-v-kraljice-marije-vraceni-u-srbiju\/","url":"https:\/\/royalfamily.org\/lat\/zemni-ostaci-nj-v-kraljice-marije-vraceni-u-srbiju\/","name":"Zemni ostaci NJ.V. Kraljice Marije vra\u0107eni u Srbiju - The Royal Family of Serbia","isPartOf":{"@id":"https:\/\/royalfamily.org\/#website"},"datePublished":"2013-04-29T00:00:00+00:00","description":"Voljena Kraljica se vratila u Srbiju Beograd, 29. april. 2013 \u2013 Njegovo Kraljevsko Viso\u010danstvo Prestolonaslednik Aleksandar u ime srpske Kraljevske","breadcrumb":{"@id":"https:\/\/royalfamily.org\/lat\/zemni-ostaci-nj-v-kraljice-marije-vraceni-u-srbiju\/#breadcrumb"},"inLanguage":"sr-LT","potentialAction":[{"@type":"ReadAction","target":["https:\/\/royalfamily.org\/lat\/zemni-ostaci-nj-v-kraljice-marije-vraceni-u-srbiju\/"]}]},{"@type":"BreadcrumbList","@id":"https:\/\/royalfamily.org\/lat\/zemni-ostaci-nj-v-kraljice-marije-vraceni-u-srbiju\/#breadcrumb","itemListElement":[{"@type":"ListItem","position":1,"name":"Home","item":"https:\/\/royalfamily.org\/lat\/"},{"@type":"ListItem","position":2,"name":"Zemni ostaci NJ.V. Kraljice Marije vra\u0107eni u Srbiju"}]},{"@type":"WebSite","@id":"https:\/\/royalfamily.org\/#website","url":"https:\/\/royalfamily.org\/","name":"The Royal Family of Serbia","description":"From the people, for the people","publisher":{"@id":"https:\/\/royalfamily.org\/#organization"},"potentialAction":[{"@type":"SearchAction","target":{"@type":"EntryPoint","urlTemplate":"https:\/\/royalfamily.org\/?s={search_term_string}"},"query-input":{"@type":"PropertyValueSpecification","valueRequired":true,"valueName":"search_term_string"}}],"inLanguage":"sr-LT"},{"@type":"Organization","@id":"https:\/\/royalfamily.org\/#organization","name":"Royal Family","url":"https:\/\/royalfamily.org\/","logo":{"@type":"ImageObject","inLanguage":"sr-LT","@id":"https:\/\/royalfamily.org\/#\/schema\/logo\/image\/","url":"https:\/\/royalfamily.org\/wp-content\/uploads\/2019\/04\/logo-vector-02-V-latinica.png","contentUrl":"https:\/\/royalfamily.org\/wp-content\/uploads\/2019\/04\/logo-vector-02-V-latinica.png","width":552,"height":99,"caption":"Royal Family"},"image":{"@id":"https:\/\/royalfamily.org\/#\/schema\/logo\/image\/"},"sameAs":["https:\/\/www.facebook.com\/Prestolonaslednik.Aleksandar"]},{"@type":"Person","@id":"https:\/\/royalfamily.org\/#\/schema\/person\/49383a0c31232a928463939891db1ad5","name":"Web Royal","image":{"@type":"ImageObject","inLanguage":"sr-LT","@id":"https:\/\/secure.gravatar.com\/avatar\/8dbdbae4ed2a898dcf0dcd9d01bf41782c405af026744c66e6a62d6235a20271?s=96&d=mm&r=g","url":"https:\/\/secure.gravatar.com\/avatar\/8dbdbae4ed2a898dcf0dcd9d01bf41782c405af026744c66e6a62d6235a20271?s=96&d=mm&r=g","contentUrl":"https:\/\/secure.gravatar.com\/avatar\/8dbdbae4ed2a898dcf0dcd9d01bf41782c405af026744c66e6a62d6235a20271?s=96&d=mm&r=g","caption":"Web Royal"}}]}},"_links":{"self":[{"href":"https:\/\/royalfamily.org\/lat\/wp-json\/wp\/v2\/posts\/7114","targetHints":{"allow":["GET"]}}],"collection":[{"href":"https:\/\/royalfamily.org\/lat\/wp-json\/wp\/v2\/posts"}],"about":[{"href":"https:\/\/royalfamily.org\/lat\/wp-json\/wp\/v2\/types\/post"}],"author":[{"embeddable":true,"href":"https:\/\/royalfamily.org\/lat\/wp-json\/wp\/v2\/users\/1"}],"replies":[{"embeddable":true,"href":"https:\/\/royalfamily.org\/lat\/wp-json\/wp\/v2\/comments?post=7114"}],"version-history":[{"count":1,"href":"https:\/\/royalfamily.org\/lat\/wp-json\/wp\/v2\/posts\/7114\/revisions"}],"predecessor-version":[{"id":78122,"href":"https:\/\/royalfamily.org\/lat\/wp-json\/wp\/v2\/posts\/7114\/revisions\/78122"}],"wp:attachment":[{"href":"https:\/\/royalfamily.org\/lat\/wp-json\/wp\/v2\/media?parent=7114"}],"wp:term":[{"taxonomy":"category","embeddable":true,"href":"https:\/\/royalfamily.org\/lat\/wp-json\/wp\/v2\/categories?post=7114"},{"taxonomy":"post_tag","embeddable":true,"href":"https:\/\/royalfamily.org\/lat\/wp-json\/wp\/v2\/tags?post=7114"}],"curies":[{"name":"wp","href":"https:\/\/api.w.org\/{rel}","templated":true}]}}