{"id":7115,"date":"2013-04-30T00:00:00","date_gmt":"2013-04-30T00:00:00","guid":{"rendered":"https:\/\/royalfamily.org\/vaskrsnji-prijemi-za-decu-u-belom-dvoru\/"},"modified":"2013-04-30T00:00:00","modified_gmt":"2013-04-30T00:00:00","slug":"vaskrsnji-prijemi-za-decu-u-belom-dvoru","status":"publish","type":"post","link":"https:\/\/royalfamily.org\/lat\/vaskrsnji-prijemi-za-decu-u-belom-dvoru\/","title":{"rendered":"Vaskr\u0161nji prijemi za decu u Belom Dvoru"},"content":{"rendered":"<p>Njihova Kraljevska Viso\u010danstva Prestolonaslednik Aleksandar II i Princeza Katarina bili su danas u Belom Dvoru doma\u0107ini Uskr\u0161njih prijema za preko 1.000 dece iz domova za decu bez roditeljskog staranja, romske dece i dece sa invaliditetom.<\/p>\n<p>Pored Nj.K.V. Prestolonaslednika Aleksandra II, Princeze Katarine prijemima je prisustvovao i Njegovo Preosve\u0161tenstvo Episkop Hvostanski G. Atanasije koji je pozdravio decu, govorio im o Vaskrsu i objasnio zna\u010daj ovog velikog praznika..<\/p>\n<p>Pozdravljaju\u0107i najmla\u0111e, Njegovo Kraljevsko Viso\u010danstvo Prestolonaslednik Aleksandar im je po\u017eeleo toplu dobrodo\u0161licu i naglasio: \u201eMojoj supruzi i meni je veliko zadovoljstvo \u0161to imamo priliku da svi zajedno u\u017eivamo u divnim trenucima povodom Uskrsa, najradosnijeg praznika. \u017delim da vam svima bude lepo. Nadam se da \u0107e Vam se svideti darovi koje smo moja supruga Princeza Katarina i ja, uz pomo\u0107 na\u0161ih prijatelja, pripremili za vas\u201c.<\/p>\n<p>De\u010diji crkveni hor Sveti Jovan Bogoslov Eparhije \u0161aba\u010dke izveo je himnu Srbije \u201eBo\u017ee pravde\u201c i tradicionalne uskr\u0161nje pesme. Nakon sve\u010danog prijema i dodele paketi\u0107a, deca su imala zadovoljstvo da u\u017eivaju u uskr\u0161njoj potrazi za jajima u parku ispred Belog Dvora.<\/p>\n<p>Tradicionalni Vaskr\u0161nji prijem. organizovala je Fondacija Nj.K.V. Princeze Katarine uz pomo\u0107 svojih dugogodi\u0161njih plemenitih prijatelja: Al Grosso, Balon Centar, Bombonica \u010curug, Vitaminka Horgo\u0161, Vrabac Po\u017earevac, Delhaize (Delxaize), Ishrana Produkt, Koka Kola Helenik Botling Kompani (Coca Cola Hellenic Bottling Company), Lajflajn \u010cikago (Lifeline Chicago), Mega plast, Matmarex, Para\u0107inka Para\u0107in, Svislajon Takovo (Swisslion Takovo), Svit famili (Sweet Family), \u010cokolend, i g-\u0111e Maje Le Ru (g-\u0111a Maya LeRoux).<\/p>\n<p><em>Dru\u0161tveno odgovorne kompanije \u201eJAT Ervejz\u201d \u00a0\u201eMercedes Benc\u201d, \u201eKoka Kola Helenik\u201d, i \u201eEKO JU\u201d su strate\u0161ki partneri Kraljevske porodice i Fondacije Nj.K.V. Prestolonaslednika Aleksandra za kulturu i obrazovanje i humanitarne Fondacije Nj.K.V. Princeze Katarine. Njihova pomo\u0107 i zalaganje odli\u010dan su primer zajedni\u010dkog doprinosa napretku Srbije.<\/em><\/p>\n","protected":false},"excerpt":{"rendered":"<p>Njihova Kraljevska Viso\u010danstva Prestolonaslednik Aleksandar II i Princeza Katarina bili su danas u Belom Dvoru  [&#8230;]<\/p>\n","protected":false},"author":1,"featured_media":0,"comment_status":"closed","ping_status":"open","sticky":false,"template":"","format":"standard","meta":{"_acf_changed":false,"footnotes":""},"categories":[22],"tags":[],"class_list":["post-7115","post","type-post","status-publish","format-standard","hentry","category-vesti"],"acf":[],"yoast_head":"<!-- This site is optimized with the Yoast SEO Premium plugin v27.4 (Yoast SEO v27.4) - https:\/\/yoast.com\/product\/yoast-seo-premium-wordpress\/ -->\n<title>Vaskr\u0161nji prijemi za decu u Belom Dvoru - The Royal Family of Serbia<\/title>\n<meta name=\"description\" content=\"Njihova Kraljevska Viso\u010danstva Prestolonaslednik Aleksandar II i Princeza Katarina bili su danas u Belom Dvoru doma\u0107ini Uskr\u0161njih prijema za preko 1.000\" \/>\n<meta name=\"robots\" content=\"index, follow, max-snippet:-1, max-image-preview:large, max-video-preview:-1\" \/>\n<link rel=\"canonical\" href=\"https:\/\/royalfamily.org\/lat\/vaskrsnji-prijemi-za-decu-u-belom-dvoru\/\" \/>\n<meta property=\"og:locale\" content=\"en_US\" \/>\n<meta property=\"og:type\" content=\"article\" \/>\n<meta property=\"og:title\" content=\"Vaskr\u0161nji prijemi za decu u Belom Dvoru\" \/>\n<meta property=\"og:description\" content=\"Njihova Kraljevska Viso\u010danstva Prestolonaslednik Aleksandar II i Princeza Katarina bili su danas u Belom Dvoru doma\u0107ini Uskr\u0161njih prijema za preko 1.000\" \/>\n<meta property=\"og:url\" content=\"https:\/\/royalfamily.org\/lat\/vaskrsnji-prijemi-za-decu-u-belom-dvoru\/\" \/>\n<meta property=\"og:site_name\" content=\"The Royal Family of Serbia\" \/>\n<meta property=\"article:publisher\" content=\"https:\/\/www.facebook.com\/Prestolonaslednik.Aleksandar\" \/>\n<meta property=\"article:published_time\" content=\"2013-04-30T00:00:00+00:00\" \/>\n<meta name=\"author\" content=\"Web Royal\" \/>\n<meta name=\"twitter:card\" content=\"summary_large_image\" \/>\n<meta name=\"twitter:label1\" content=\"Written by\" \/>\n\t<meta name=\"twitter:data1\" content=\"Web Royal\" \/>\n\t<meta name=\"twitter:label2\" content=\"Est. reading time\" \/>\n\t<meta name=\"twitter:data2\" content=\"2 minutes\" \/>\n<script type=\"application\/ld+json\" class=\"yoast-schema-graph\">{\"@context\":\"https:\\\/\\\/schema.org\",\"@graph\":[{\"@type\":\"Article\",\"@id\":\"https:\\\/\\\/royalfamily.org\\\/lat\\\/vaskrsnji-prijemi-za-decu-u-belom-dvoru\\\/#article\",\"isPartOf\":{\"@id\":\"https:\\\/\\\/royalfamily.org\\\/lat\\\/vaskrsnji-prijemi-za-decu-u-belom-dvoru\\\/\"},\"author\":{\"name\":\"Web Royal\",\"@id\":\"https:\\\/\\\/royalfamily.org\\\/#\\\/schema\\\/person\\\/49383a0c31232a928463939891db1ad5\"},\"headline\":\"Vaskr\u0161nji prijemi za decu u Belom Dvoru\",\"datePublished\":\"2013-04-30T00:00:00+00:00\",\"mainEntityOfPage\":{\"@id\":\"https:\\\/\\\/royalfamily.org\\\/lat\\\/vaskrsnji-prijemi-za-decu-u-belom-dvoru\\\/\"},\"wordCount\":325,\"publisher\":{\"@id\":\"https:\\\/\\\/royalfamily.org\\\/#organization\"},\"articleSection\":[\"Vesti\"],\"inLanguage\":\"sr-LT\"},{\"@type\":\"WebPage\",\"@id\":\"https:\\\/\\\/royalfamily.org\\\/lat\\\/vaskrsnji-prijemi-za-decu-u-belom-dvoru\\\/\",\"url\":\"https:\\\/\\\/royalfamily.org\\\/lat\\\/vaskrsnji-prijemi-za-decu-u-belom-dvoru\\\/\",\"name\":\"Vaskr\u0161nji prijemi za decu u Belom Dvoru - The Royal Family of Serbia\",\"isPartOf\":{\"@id\":\"https:\\\/\\\/royalfamily.org\\\/#website\"},\"datePublished\":\"2013-04-30T00:00:00+00:00\",\"description\":\"Njihova Kraljevska Viso\u010danstva Prestolonaslednik Aleksandar II i Princeza Katarina bili su danas u Belom Dvoru doma\u0107ini Uskr\u0161njih prijema za preko 1.000\",\"breadcrumb\":{\"@id\":\"https:\\\/\\\/royalfamily.org\\\/lat\\\/vaskrsnji-prijemi-za-decu-u-belom-dvoru\\\/#breadcrumb\"},\"inLanguage\":\"sr-LT\",\"potentialAction\":[{\"@type\":\"ReadAction\",\"target\":[\"https:\\\/\\\/royalfamily.org\\\/lat\\\/vaskrsnji-prijemi-za-decu-u-belom-dvoru\\\/\"]}]},{\"@type\":\"BreadcrumbList\",\"@id\":\"https:\\\/\\\/royalfamily.org\\\/lat\\\/vaskrsnji-prijemi-za-decu-u-belom-dvoru\\\/#breadcrumb\",\"itemListElement\":[{\"@type\":\"ListItem\",\"position\":1,\"name\":\"Home\",\"item\":\"https:\\\/\\\/royalfamily.org\\\/lat\\\/\"},{\"@type\":\"ListItem\",\"position\":2,\"name\":\"Vaskr\u0161nji prijemi za decu u Belom Dvoru\"}]},{\"@type\":\"WebSite\",\"@id\":\"https:\\\/\\\/royalfamily.org\\\/#website\",\"url\":\"https:\\\/\\\/royalfamily.org\\\/\",\"name\":\"The Royal Family of Serbia\",\"description\":\"From the people, for the people\",\"publisher\":{\"@id\":\"https:\\\/\\\/royalfamily.org\\\/#organization\"},\"potentialAction\":[{\"@type\":\"SearchAction\",\"target\":{\"@type\":\"EntryPoint\",\"urlTemplate\":\"https:\\\/\\\/royalfamily.org\\\/?s={search_term_string}\"},\"query-input\":{\"@type\":\"PropertyValueSpecification\",\"valueRequired\":true,\"valueName\":\"search_term_string\"}}],\"inLanguage\":\"sr-LT\"},{\"@type\":\"Organization\",\"@id\":\"https:\\\/\\\/royalfamily.org\\\/#organization\",\"name\":\"Royal Family\",\"url\":\"https:\\\/\\\/royalfamily.org\\\/\",\"logo\":{\"@type\":\"ImageObject\",\"inLanguage\":\"sr-LT\",\"@id\":\"https:\\\/\\\/royalfamily.org\\\/#\\\/schema\\\/logo\\\/image\\\/\",\"url\":\"https:\\\/\\\/royalfamily.org\\\/wp-content\\\/uploads\\\/2019\\\/04\\\/logo-vector-02-V-latinica.png\",\"contentUrl\":\"https:\\\/\\\/royalfamily.org\\\/wp-content\\\/uploads\\\/2019\\\/04\\\/logo-vector-02-V-latinica.png\",\"width\":552,\"height\":99,\"caption\":\"Royal Family\"},\"image\":{\"@id\":\"https:\\\/\\\/royalfamily.org\\\/#\\\/schema\\\/logo\\\/image\\\/\"},\"sameAs\":[\"https:\\\/\\\/www.facebook.com\\\/Prestolonaslednik.Aleksandar\"]},{\"@type\":\"Person\",\"@id\":\"https:\\\/\\\/royalfamily.org\\\/#\\\/schema\\\/person\\\/49383a0c31232a928463939891db1ad5\",\"name\":\"Web Royal\",\"image\":{\"@type\":\"ImageObject\",\"inLanguage\":\"sr-LT\",\"@id\":\"https:\\\/\\\/secure.gravatar.com\\\/avatar\\\/8dbdbae4ed2a898dcf0dcd9d01bf41782c405af026744c66e6a62d6235a20271?s=96&d=mm&r=g\",\"url\":\"https:\\\/\\\/secure.gravatar.com\\\/avatar\\\/8dbdbae4ed2a898dcf0dcd9d01bf41782c405af026744c66e6a62d6235a20271?s=96&d=mm&r=g\",\"contentUrl\":\"https:\\\/\\\/secure.gravatar.com\\\/avatar\\\/8dbdbae4ed2a898dcf0dcd9d01bf41782c405af026744c66e6a62d6235a20271?s=96&d=mm&r=g\",\"caption\":\"Web Royal\"}}]}<\/script>\n<!-- \/ Yoast SEO Premium plugin. -->","yoast_head_json":{"title":"Vaskr\u0161nji prijemi za decu u Belom Dvoru - The Royal Family of Serbia","description":"Njihova Kraljevska Viso\u010danstva Prestolonaslednik Aleksandar II i Princeza Katarina bili su danas u Belom Dvoru doma\u0107ini Uskr\u0161njih prijema za preko 1.000","robots":{"index":"index","follow":"follow","max-snippet":"max-snippet:-1","max-image-preview":"max-image-preview:large","max-video-preview":"max-video-preview:-1"},"canonical":"https:\/\/royalfamily.org\/lat\/vaskrsnji-prijemi-za-decu-u-belom-dvoru\/","og_locale":"en_US","og_type":"article","og_title":"Vaskr\u0161nji prijemi za decu u Belom Dvoru","og_description":"Njihova Kraljevska Viso\u010danstva Prestolonaslednik Aleksandar II i Princeza Katarina bili su danas u Belom Dvoru doma\u0107ini Uskr\u0161njih prijema za preko 1.000","og_url":"https:\/\/royalfamily.org\/lat\/vaskrsnji-prijemi-za-decu-u-belom-dvoru\/","og_site_name":"The Royal Family of Serbia","article_publisher":"https:\/\/www.facebook.com\/Prestolonaslednik.Aleksandar","article_published_time":"2013-04-30T00:00:00+00:00","author":"Web Royal","twitter_card":"summary_large_image","twitter_misc":{"Written by":"Web Royal","Est. reading time":"2 minutes"},"schema":{"@context":"https:\/\/schema.org","@graph":[{"@type":"Article","@id":"https:\/\/royalfamily.org\/lat\/vaskrsnji-prijemi-za-decu-u-belom-dvoru\/#article","isPartOf":{"@id":"https:\/\/royalfamily.org\/lat\/vaskrsnji-prijemi-za-decu-u-belom-dvoru\/"},"author":{"name":"Web Royal","@id":"https:\/\/royalfamily.org\/#\/schema\/person\/49383a0c31232a928463939891db1ad5"},"headline":"Vaskr\u0161nji prijemi za decu u Belom Dvoru","datePublished":"2013-04-30T00:00:00+00:00","mainEntityOfPage":{"@id":"https:\/\/royalfamily.org\/lat\/vaskrsnji-prijemi-za-decu-u-belom-dvoru\/"},"wordCount":325,"publisher":{"@id":"https:\/\/royalfamily.org\/#organization"},"articleSection":["Vesti"],"inLanguage":"sr-LT"},{"@type":"WebPage","@id":"https:\/\/royalfamily.org\/lat\/vaskrsnji-prijemi-za-decu-u-belom-dvoru\/","url":"https:\/\/royalfamily.org\/lat\/vaskrsnji-prijemi-za-decu-u-belom-dvoru\/","name":"Vaskr\u0161nji prijemi za decu u Belom Dvoru - The Royal Family of Serbia","isPartOf":{"@id":"https:\/\/royalfamily.org\/#website"},"datePublished":"2013-04-30T00:00:00+00:00","description":"Njihova Kraljevska Viso\u010danstva Prestolonaslednik Aleksandar II i Princeza Katarina bili su danas u Belom Dvoru doma\u0107ini Uskr\u0161njih prijema za preko 1.000","breadcrumb":{"@id":"https:\/\/royalfamily.org\/lat\/vaskrsnji-prijemi-za-decu-u-belom-dvoru\/#breadcrumb"},"inLanguage":"sr-LT","potentialAction":[{"@type":"ReadAction","target":["https:\/\/royalfamily.org\/lat\/vaskrsnji-prijemi-za-decu-u-belom-dvoru\/"]}]},{"@type":"BreadcrumbList","@id":"https:\/\/royalfamily.org\/lat\/vaskrsnji-prijemi-za-decu-u-belom-dvoru\/#breadcrumb","itemListElement":[{"@type":"ListItem","position":1,"name":"Home","item":"https:\/\/royalfamily.org\/lat\/"},{"@type":"ListItem","position":2,"name":"Vaskr\u0161nji prijemi za decu u Belom Dvoru"}]},{"@type":"WebSite","@id":"https:\/\/royalfamily.org\/#website","url":"https:\/\/royalfamily.org\/","name":"The Royal Family of Serbia","description":"From the people, for the people","publisher":{"@id":"https:\/\/royalfamily.org\/#organization"},"potentialAction":[{"@type":"SearchAction","target":{"@type":"EntryPoint","urlTemplate":"https:\/\/royalfamily.org\/?s={search_term_string}"},"query-input":{"@type":"PropertyValueSpecification","valueRequired":true,"valueName":"search_term_string"}}],"inLanguage":"sr-LT"},{"@type":"Organization","@id":"https:\/\/royalfamily.org\/#organization","name":"Royal Family","url":"https:\/\/royalfamily.org\/","logo":{"@type":"ImageObject","inLanguage":"sr-LT","@id":"https:\/\/royalfamily.org\/#\/schema\/logo\/image\/","url":"https:\/\/royalfamily.org\/wp-content\/uploads\/2019\/04\/logo-vector-02-V-latinica.png","contentUrl":"https:\/\/royalfamily.org\/wp-content\/uploads\/2019\/04\/logo-vector-02-V-latinica.png","width":552,"height":99,"caption":"Royal Family"},"image":{"@id":"https:\/\/royalfamily.org\/#\/schema\/logo\/image\/"},"sameAs":["https:\/\/www.facebook.com\/Prestolonaslednik.Aleksandar"]},{"@type":"Person","@id":"https:\/\/royalfamily.org\/#\/schema\/person\/49383a0c31232a928463939891db1ad5","name":"Web Royal","image":{"@type":"ImageObject","inLanguage":"sr-LT","@id":"https:\/\/secure.gravatar.com\/avatar\/8dbdbae4ed2a898dcf0dcd9d01bf41782c405af026744c66e6a62d6235a20271?s=96&d=mm&r=g","url":"https:\/\/secure.gravatar.com\/avatar\/8dbdbae4ed2a898dcf0dcd9d01bf41782c405af026744c66e6a62d6235a20271?s=96&d=mm&r=g","contentUrl":"https:\/\/secure.gravatar.com\/avatar\/8dbdbae4ed2a898dcf0dcd9d01bf41782c405af026744c66e6a62d6235a20271?s=96&d=mm&r=g","caption":"Web Royal"}}]}},"_links":{"self":[{"href":"https:\/\/royalfamily.org\/lat\/wp-json\/wp\/v2\/posts\/7115","targetHints":{"allow":["GET"]}}],"collection":[{"href":"https:\/\/royalfamily.org\/lat\/wp-json\/wp\/v2\/posts"}],"about":[{"href":"https:\/\/royalfamily.org\/lat\/wp-json\/wp\/v2\/types\/post"}],"author":[{"embeddable":true,"href":"https:\/\/royalfamily.org\/lat\/wp-json\/wp\/v2\/users\/1"}],"replies":[{"embeddable":true,"href":"https:\/\/royalfamily.org\/lat\/wp-json\/wp\/v2\/comments?post=7115"}],"version-history":[{"count":0,"href":"https:\/\/royalfamily.org\/lat\/wp-json\/wp\/v2\/posts\/7115\/revisions"}],"wp:attachment":[{"href":"https:\/\/royalfamily.org\/lat\/wp-json\/wp\/v2\/media?parent=7115"}],"wp:term":[{"taxonomy":"category","embeddable":true,"href":"https:\/\/royalfamily.org\/lat\/wp-json\/wp\/v2\/categories?post=7115"},{"taxonomy":"post_tag","embeddable":true,"href":"https:\/\/royalfamily.org\/lat\/wp-json\/wp\/v2\/tags?post=7115"}],"curies":[{"name":"wp","href":"https:\/\/api.w.org\/{rel}","templated":true}]}}