{"id":7116,"date":"2013-05-01T00:00:00","date_gmt":"2013-05-01T00:00:00","guid":{"rendered":"https:\/\/royalfamily.org\/princeza-katarina-u-poseti-bolnicama-pred-vaskrs\/"},"modified":"2013-05-01T00:00:00","modified_gmt":"2013-05-01T00:00:00","slug":"princeza-katarina-u-poseti-bolnicama-pred-vaskrs","status":"publish","type":"post","link":"https:\/\/royalfamily.org\/lat\/princeza-katarina-u-poseti-bolnicama-pred-vaskrs\/","title":{"rendered":"Princeza Katarina u poseti bolnicama pred Vaskrs"},"content":{"rendered":"<p>Nj.K.V. Princeza Katarina posetila De\u010diju kliniku u Tir\u0161evoj i Institut za majku i dete, gde je obradovala decu povodom Vaskr\u0161njih praznika prigodnim paketi\u0107ima sa igra\u010dkama i slatki\u0161ima.<\/p>\n<p>Deca su sa rado\u0161\u0107u po\u017eelela dobrodo\u0161licu Nj.K.V. Princezi Katarini koju je prilikom posete De\u010dijoj klinici u Tir\u0161evoj pratila Prof. dr Ida Jovanovi\u0107 \u010dlan Kraljevskog medicinskog odbora i istaknuti stru\u010dnjak ove ustanove. Njeno Kraljevsko Viso\u010danstvo posetila je i Institut za majku i dete gde ju je srda\u010dnim osmesima do\u010dekalo preko 60 mali\u0161ana. Ona je deci po\u017eelela sre\u0107ne praznike i brz oporavak podeliv\u0161i im paketi\u0107e i posvetiv\u0161i im vreme u kome je podelila misli koje nju uvek ohrabruju:<\/p>\n<p>\u201dU na\u0161im srcima postoji najmo\u0107niji lek, a to je ljubav koji nas kroz veru da \u0107e nam biti bolje vodi ka svakom koraku do ozdravljenja. Svako iskustvo, pa i ona najte\u017ea poma\u017eu nam da shvatimo mudrost i lepotu svakog dana. Moja radost ste vi, deca. Moji prijatelji se trude \u0161irom sveta, zajedno sa mnom da omogu\u0107e da sva na\u0161a deca u Srbiji imaju najbolje uslove le\u010denja.!\u201d<\/p>\n<p>Njeno Kraljevsko Viso\u010danstvo Princeza Katarina putem svoje humanitarne fondacije u Srbiji i Lajflajn humanitarnih organizacija u svetu \u00a0nastoja\u0107e da ubudu\u0107e, \u00a0kao i do sada, poma\u017ee zdravstvene ustanove u Srbiji, \u0161alje lekare u inostranstvo na \u0161kolovanje, oprema bolnice savremenom medicinskom opremom \u00a0i organizuje stru\u010dne medicinske konferencije poput Konferencije Srpske medicinske dijaspore koja \u0107e se odr\u017eati od 16-18. Maja u Beogradu sa ciljem izgradnje mre\u017ee stru\u010dnjaka sposobnih da u najkra\u0107em roku razmene mi\u0161ljenja i premoste probleme koji se \u010desto javljaju u zdravstvu postranzicionih dru\u0161tava.<\/p>\n","protected":false},"excerpt":{"rendered":"<p>Nj.K.V. Princeza Katarina posetila De\u010diju kliniku u Tir\u0161evoj i Institut za majku i dete, gde  [&#8230;]<\/p>\n","protected":false},"author":1,"featured_media":0,"comment_status":"closed","ping_status":"open","sticky":false,"template":"","format":"standard","meta":{"_acf_changed":false,"footnotes":""},"categories":[22],"tags":[],"class_list":["post-7116","post","type-post","status-publish","format-standard","hentry","category-vesti"],"acf":[],"yoast_head":"<!-- This site is optimized with the Yoast SEO Premium plugin v27.4 (Yoast SEO v27.4) - https:\/\/yoast.com\/product\/yoast-seo-premium-wordpress\/ -->\n<title>Princeza Katarina u poseti bolnicama pred Vaskrs - The Royal Family of Serbia<\/title>\n<meta name=\"description\" content=\"Nj.K.V. Princeza Katarina posetila De\u010diju kliniku u Tir\u0161evoj i Institut za majku i dete, gde je obradovala decu povodom Vaskr\u0161njih praznika prigodnim\" \/>\n<meta name=\"robots\" content=\"index, follow, max-snippet:-1, max-image-preview:large, max-video-preview:-1\" \/>\n<link rel=\"canonical\" href=\"https:\/\/royalfamily.org\/lat\/princeza-katarina-u-poseti-bolnicama-pred-vaskrs\/\" \/>\n<meta property=\"og:locale\" content=\"en_US\" \/>\n<meta property=\"og:type\" content=\"article\" \/>\n<meta property=\"og:title\" content=\"Princeza Katarina u poseti bolnicama pred Vaskrs\" \/>\n<meta property=\"og:description\" content=\"Nj.K.V. Princeza Katarina posetila De\u010diju kliniku u Tir\u0161evoj i Institut za majku i dete, gde je obradovala decu povodom Vaskr\u0161njih praznika prigodnim\" \/>\n<meta property=\"og:url\" content=\"https:\/\/royalfamily.org\/lat\/princeza-katarina-u-poseti-bolnicama-pred-vaskrs\/\" \/>\n<meta property=\"og:site_name\" content=\"The Royal Family of Serbia\" \/>\n<meta property=\"article:publisher\" content=\"https:\/\/www.facebook.com\/Prestolonaslednik.Aleksandar\" \/>\n<meta property=\"article:published_time\" content=\"2013-05-01T00:00:00+00:00\" \/>\n<meta name=\"author\" content=\"Web Royal\" \/>\n<meta name=\"twitter:card\" content=\"summary_large_image\" \/>\n<meta name=\"twitter:label1\" content=\"Written by\" \/>\n\t<meta name=\"twitter:data1\" content=\"Web Royal\" \/>\n\t<meta name=\"twitter:label2\" content=\"Est. reading time\" \/>\n\t<meta name=\"twitter:data2\" content=\"1 minute\" \/>\n<script type=\"application\/ld+json\" class=\"yoast-schema-graph\">{\"@context\":\"https:\\\/\\\/schema.org\",\"@graph\":[{\"@type\":\"Article\",\"@id\":\"https:\\\/\\\/royalfamily.org\\\/lat\\\/princeza-katarina-u-poseti-bolnicama-pred-vaskrs\\\/#article\",\"isPartOf\":{\"@id\":\"https:\\\/\\\/royalfamily.org\\\/lat\\\/princeza-katarina-u-poseti-bolnicama-pred-vaskrs\\\/\"},\"author\":{\"name\":\"Web Royal\",\"@id\":\"https:\\\/\\\/royalfamily.org\\\/#\\\/schema\\\/person\\\/49383a0c31232a928463939891db1ad5\"},\"headline\":\"Princeza Katarina u poseti bolnicama pred Vaskrs\",\"datePublished\":\"2013-05-01T00:00:00+00:00\",\"mainEntityOfPage\":{\"@id\":\"https:\\\/\\\/royalfamily.org\\\/lat\\\/princeza-katarina-u-poseti-bolnicama-pred-vaskrs\\\/\"},\"wordCount\":300,\"publisher\":{\"@id\":\"https:\\\/\\\/royalfamily.org\\\/#organization\"},\"articleSection\":[\"Vesti\"],\"inLanguage\":\"sr-LT\"},{\"@type\":\"WebPage\",\"@id\":\"https:\\\/\\\/royalfamily.org\\\/lat\\\/princeza-katarina-u-poseti-bolnicama-pred-vaskrs\\\/\",\"url\":\"https:\\\/\\\/royalfamily.org\\\/lat\\\/princeza-katarina-u-poseti-bolnicama-pred-vaskrs\\\/\",\"name\":\"Princeza Katarina u poseti bolnicama pred Vaskrs - The Royal Family of Serbia\",\"isPartOf\":{\"@id\":\"https:\\\/\\\/royalfamily.org\\\/#website\"},\"datePublished\":\"2013-05-01T00:00:00+00:00\",\"description\":\"Nj.K.V. Princeza Katarina posetila De\u010diju kliniku u Tir\u0161evoj i Institut za majku i dete, gde je obradovala decu povodom Vaskr\u0161njih praznika prigodnim\",\"breadcrumb\":{\"@id\":\"https:\\\/\\\/royalfamily.org\\\/lat\\\/princeza-katarina-u-poseti-bolnicama-pred-vaskrs\\\/#breadcrumb\"},\"inLanguage\":\"sr-LT\",\"potentialAction\":[{\"@type\":\"ReadAction\",\"target\":[\"https:\\\/\\\/royalfamily.org\\\/lat\\\/princeza-katarina-u-poseti-bolnicama-pred-vaskrs\\\/\"]}]},{\"@type\":\"BreadcrumbList\",\"@id\":\"https:\\\/\\\/royalfamily.org\\\/lat\\\/princeza-katarina-u-poseti-bolnicama-pred-vaskrs\\\/#breadcrumb\",\"itemListElement\":[{\"@type\":\"ListItem\",\"position\":1,\"name\":\"Home\",\"item\":\"https:\\\/\\\/royalfamily.org\\\/lat\\\/\"},{\"@type\":\"ListItem\",\"position\":2,\"name\":\"Princeza Katarina u poseti bolnicama pred Vaskrs\"}]},{\"@type\":\"WebSite\",\"@id\":\"https:\\\/\\\/royalfamily.org\\\/#website\",\"url\":\"https:\\\/\\\/royalfamily.org\\\/\",\"name\":\"The Royal Family of Serbia\",\"description\":\"From the people, for the people\",\"publisher\":{\"@id\":\"https:\\\/\\\/royalfamily.org\\\/#organization\"},\"potentialAction\":[{\"@type\":\"SearchAction\",\"target\":{\"@type\":\"EntryPoint\",\"urlTemplate\":\"https:\\\/\\\/royalfamily.org\\\/?s={search_term_string}\"},\"query-input\":{\"@type\":\"PropertyValueSpecification\",\"valueRequired\":true,\"valueName\":\"search_term_string\"}}],\"inLanguage\":\"sr-LT\"},{\"@type\":\"Organization\",\"@id\":\"https:\\\/\\\/royalfamily.org\\\/#organization\",\"name\":\"Royal Family\",\"url\":\"https:\\\/\\\/royalfamily.org\\\/\",\"logo\":{\"@type\":\"ImageObject\",\"inLanguage\":\"sr-LT\",\"@id\":\"https:\\\/\\\/royalfamily.org\\\/#\\\/schema\\\/logo\\\/image\\\/\",\"url\":\"https:\\\/\\\/royalfamily.org\\\/wp-content\\\/uploads\\\/2019\\\/04\\\/logo-vector-02-V-latinica.png\",\"contentUrl\":\"https:\\\/\\\/royalfamily.org\\\/wp-content\\\/uploads\\\/2019\\\/04\\\/logo-vector-02-V-latinica.png\",\"width\":552,\"height\":99,\"caption\":\"Royal Family\"},\"image\":{\"@id\":\"https:\\\/\\\/royalfamily.org\\\/#\\\/schema\\\/logo\\\/image\\\/\"},\"sameAs\":[\"https:\\\/\\\/www.facebook.com\\\/Prestolonaslednik.Aleksandar\"]},{\"@type\":\"Person\",\"@id\":\"https:\\\/\\\/royalfamily.org\\\/#\\\/schema\\\/person\\\/49383a0c31232a928463939891db1ad5\",\"name\":\"Web Royal\",\"image\":{\"@type\":\"ImageObject\",\"inLanguage\":\"sr-LT\",\"@id\":\"https:\\\/\\\/secure.gravatar.com\\\/avatar\\\/8dbdbae4ed2a898dcf0dcd9d01bf41782c405af026744c66e6a62d6235a20271?s=96&d=mm&r=g\",\"url\":\"https:\\\/\\\/secure.gravatar.com\\\/avatar\\\/8dbdbae4ed2a898dcf0dcd9d01bf41782c405af026744c66e6a62d6235a20271?s=96&d=mm&r=g\",\"contentUrl\":\"https:\\\/\\\/secure.gravatar.com\\\/avatar\\\/8dbdbae4ed2a898dcf0dcd9d01bf41782c405af026744c66e6a62d6235a20271?s=96&d=mm&r=g\",\"caption\":\"Web Royal\"}}]}<\/script>\n<!-- \/ Yoast SEO Premium plugin. -->","yoast_head_json":{"title":"Princeza Katarina u poseti bolnicama pred Vaskrs - The Royal Family of Serbia","description":"Nj.K.V. Princeza Katarina posetila De\u010diju kliniku u Tir\u0161evoj i Institut za majku i dete, gde je obradovala decu povodom Vaskr\u0161njih praznika prigodnim","robots":{"index":"index","follow":"follow","max-snippet":"max-snippet:-1","max-image-preview":"max-image-preview:large","max-video-preview":"max-video-preview:-1"},"canonical":"https:\/\/royalfamily.org\/lat\/princeza-katarina-u-poseti-bolnicama-pred-vaskrs\/","og_locale":"en_US","og_type":"article","og_title":"Princeza Katarina u poseti bolnicama pred Vaskrs","og_description":"Nj.K.V. Princeza Katarina posetila De\u010diju kliniku u Tir\u0161evoj i Institut za majku i dete, gde je obradovala decu povodom Vaskr\u0161njih praznika prigodnim","og_url":"https:\/\/royalfamily.org\/lat\/princeza-katarina-u-poseti-bolnicama-pred-vaskrs\/","og_site_name":"The Royal Family of Serbia","article_publisher":"https:\/\/www.facebook.com\/Prestolonaslednik.Aleksandar","article_published_time":"2013-05-01T00:00:00+00:00","author":"Web Royal","twitter_card":"summary_large_image","twitter_misc":{"Written by":"Web Royal","Est. reading time":"1 minute"},"schema":{"@context":"https:\/\/schema.org","@graph":[{"@type":"Article","@id":"https:\/\/royalfamily.org\/lat\/princeza-katarina-u-poseti-bolnicama-pred-vaskrs\/#article","isPartOf":{"@id":"https:\/\/royalfamily.org\/lat\/princeza-katarina-u-poseti-bolnicama-pred-vaskrs\/"},"author":{"name":"Web Royal","@id":"https:\/\/royalfamily.org\/#\/schema\/person\/49383a0c31232a928463939891db1ad5"},"headline":"Princeza Katarina u poseti bolnicama pred Vaskrs","datePublished":"2013-05-01T00:00:00+00:00","mainEntityOfPage":{"@id":"https:\/\/royalfamily.org\/lat\/princeza-katarina-u-poseti-bolnicama-pred-vaskrs\/"},"wordCount":300,"publisher":{"@id":"https:\/\/royalfamily.org\/#organization"},"articleSection":["Vesti"],"inLanguage":"sr-LT"},{"@type":"WebPage","@id":"https:\/\/royalfamily.org\/lat\/princeza-katarina-u-poseti-bolnicama-pred-vaskrs\/","url":"https:\/\/royalfamily.org\/lat\/princeza-katarina-u-poseti-bolnicama-pred-vaskrs\/","name":"Princeza Katarina u poseti bolnicama pred Vaskrs - The Royal Family of Serbia","isPartOf":{"@id":"https:\/\/royalfamily.org\/#website"},"datePublished":"2013-05-01T00:00:00+00:00","description":"Nj.K.V. Princeza Katarina posetila De\u010diju kliniku u Tir\u0161evoj i Institut za majku i dete, gde je obradovala decu povodom Vaskr\u0161njih praznika prigodnim","breadcrumb":{"@id":"https:\/\/royalfamily.org\/lat\/princeza-katarina-u-poseti-bolnicama-pred-vaskrs\/#breadcrumb"},"inLanguage":"sr-LT","potentialAction":[{"@type":"ReadAction","target":["https:\/\/royalfamily.org\/lat\/princeza-katarina-u-poseti-bolnicama-pred-vaskrs\/"]}]},{"@type":"BreadcrumbList","@id":"https:\/\/royalfamily.org\/lat\/princeza-katarina-u-poseti-bolnicama-pred-vaskrs\/#breadcrumb","itemListElement":[{"@type":"ListItem","position":1,"name":"Home","item":"https:\/\/royalfamily.org\/lat\/"},{"@type":"ListItem","position":2,"name":"Princeza Katarina u poseti bolnicama pred Vaskrs"}]},{"@type":"WebSite","@id":"https:\/\/royalfamily.org\/#website","url":"https:\/\/royalfamily.org\/","name":"The Royal Family of Serbia","description":"From the people, for the people","publisher":{"@id":"https:\/\/royalfamily.org\/#organization"},"potentialAction":[{"@type":"SearchAction","target":{"@type":"EntryPoint","urlTemplate":"https:\/\/royalfamily.org\/?s={search_term_string}"},"query-input":{"@type":"PropertyValueSpecification","valueRequired":true,"valueName":"search_term_string"}}],"inLanguage":"sr-LT"},{"@type":"Organization","@id":"https:\/\/royalfamily.org\/#organization","name":"Royal Family","url":"https:\/\/royalfamily.org\/","logo":{"@type":"ImageObject","inLanguage":"sr-LT","@id":"https:\/\/royalfamily.org\/#\/schema\/logo\/image\/","url":"https:\/\/royalfamily.org\/wp-content\/uploads\/2019\/04\/logo-vector-02-V-latinica.png","contentUrl":"https:\/\/royalfamily.org\/wp-content\/uploads\/2019\/04\/logo-vector-02-V-latinica.png","width":552,"height":99,"caption":"Royal Family"},"image":{"@id":"https:\/\/royalfamily.org\/#\/schema\/logo\/image\/"},"sameAs":["https:\/\/www.facebook.com\/Prestolonaslednik.Aleksandar"]},{"@type":"Person","@id":"https:\/\/royalfamily.org\/#\/schema\/person\/49383a0c31232a928463939891db1ad5","name":"Web Royal","image":{"@type":"ImageObject","inLanguage":"sr-LT","@id":"https:\/\/secure.gravatar.com\/avatar\/8dbdbae4ed2a898dcf0dcd9d01bf41782c405af026744c66e6a62d6235a20271?s=96&d=mm&r=g","url":"https:\/\/secure.gravatar.com\/avatar\/8dbdbae4ed2a898dcf0dcd9d01bf41782c405af026744c66e6a62d6235a20271?s=96&d=mm&r=g","contentUrl":"https:\/\/secure.gravatar.com\/avatar\/8dbdbae4ed2a898dcf0dcd9d01bf41782c405af026744c66e6a62d6235a20271?s=96&d=mm&r=g","caption":"Web Royal"}}]}},"_links":{"self":[{"href":"https:\/\/royalfamily.org\/lat\/wp-json\/wp\/v2\/posts\/7116","targetHints":{"allow":["GET"]}}],"collection":[{"href":"https:\/\/royalfamily.org\/lat\/wp-json\/wp\/v2\/posts"}],"about":[{"href":"https:\/\/royalfamily.org\/lat\/wp-json\/wp\/v2\/types\/post"}],"author":[{"embeddable":true,"href":"https:\/\/royalfamily.org\/lat\/wp-json\/wp\/v2\/users\/1"}],"replies":[{"embeddable":true,"href":"https:\/\/royalfamily.org\/lat\/wp-json\/wp\/v2\/comments?post=7116"}],"version-history":[{"count":0,"href":"https:\/\/royalfamily.org\/lat\/wp-json\/wp\/v2\/posts\/7116\/revisions"}],"wp:attachment":[{"href":"https:\/\/royalfamily.org\/lat\/wp-json\/wp\/v2\/media?parent=7116"}],"wp:term":[{"taxonomy":"category","embeddable":true,"href":"https:\/\/royalfamily.org\/lat\/wp-json\/wp\/v2\/categories?post=7116"},{"taxonomy":"post_tag","embeddable":true,"href":"https:\/\/royalfamily.org\/lat\/wp-json\/wp\/v2\/tags?post=7116"}],"curies":[{"name":"wp","href":"https:\/\/api.w.org\/{rel}","templated":true}]}}