{"id":7119,"date":"2013-05-08T00:00:00","date_gmt":"2013-05-08T00:00:00","guid":{"rendered":"https:\/\/royalfamily.org\/prenos-zemnih-ostataka-nj-v-kraljice-aleksandre-u-srbiju-9-maja\/"},"modified":"2013-05-08T00:00:00","modified_gmt":"2013-05-08T00:00:00","slug":"prenos-zemnih-ostataka-nj-v-kraljice-aleksandre-u-srbiju-9-maja","status":"publish","type":"post","link":"https:\/\/royalfamily.org\/lat\/prenos-zemnih-ostataka-nj-v-kraljice-aleksandre-u-srbiju-9-maja\/","title":{"rendered":"Prenos zemnih ostataka Nj.V. Kraljice Aleksandre u Srbiju 9. maja"},"content":{"rendered":"<p>Njegovo Kraljevsko Viso\u010danstvo Prestolonaslednik Aleksandar zajedno sa svojom porodicom obave\u0161tava javnost da \u0107e se proces prenosa zemnih ostataka njegove majke Nj. V. Kraljice Aleksandre iz Gr\u010dke u Srbiju dogoditi u \u010detvrtak 9. maja 2013.<\/p>\n<p>Zemne ostatke Njenog Veli\u010danstva Kraljice Aleksandre isprati\u0107e na aerodromu u Atini predstavnici Gr\u010dke Pravoslavne Crkve Njegovo Visokopreosve\u0161tenstvo Mitropolit Atinagoras i Arhimandrit Patrikio.<\/p>\n<p>U \u010detvrtak 9. maja na aerodromu \u201cNikola Tesla\u201d u Beogradu kov\u010deg sa zemnim ostacima NJ.V. Kraljice Marije, koji \u0107e sti\u0107i u pratnji Nj.K.V.Prestolonaslednika Aleksandra, Nj.K.V. Princeze Katarine i njihovog sina g-dina Dejvida Endrjuza, visokog izaslanika Ministarstva inostranih poslova Gr\u010dke Nj.E. ambasadora Dionisiosa Kodelasa \u00a0i \u00a0ambasadora Srbije u Gr\u010dkoj Nj.E. g-dina Dragana \u017dupanjevca, do\u010deka\u0107e Profesor Oliver Anti\u0107 specijalni savetnik Predsednika Srbije, Nj.E. g-din Demosten Stoidis \u00a0ambasador Gr\u010dke u Srbiji, Nj.E. g-\u0111a Mete Kjuel Nilsen ambasador Kraljevine Danske u Srbiji \u00a0i Njegovo Presove\u0161tenstvo vikarni Episkop hvostanski G. Atanasije po blagoslovu Njegove Svetosti Patrijarha srpskog G.Irineja.<\/p>\n<p>Zemni ostaci Nj.V. Kraljice Aleksandre \u0107e zatim biti preneseni u Kraljevsku kapelu Sv. Andreja Prvozvanog gde \u0107e pomen NJ.V. Kraljici Aleksandri slu\u017eiti \u00a0Njegova Svetost Patrijarh srpski G.Irinej u 16.30 \u010dasova.\u00a0<\/p>\n<p>Prijem za dr\u017eavne zvani\u010dnike, \u010dlanove Krunskog Saveta i verske velikodostojnike bi\u0107e uprili\u010den nakon crkvene slu\u017ebe.<\/p>\n<p>Kraljica Aleksandra bila je k\u0107erka Nj.V. Kralja Aleksandra od Gr\u010dke i Nj.K.V. Princeze Aspazije od Gr\u010dke i Danske (ro\u0111ene kao Aspazija Manos). Kraljica Aleksandra rodila se u Atini, u Gr\u010dkoj, 25. marta 1925, a umrla je 30. januara 1993. u Isto\u010dnom Saseksu u Engleskoj. Kraljica se \u0161kolovala u Vestfildu, a zatim u \u0161koli Hitfild. Posle zavr\u0161enog \u0161kolovanja u Engleskoj, Kraljica Aleksandra je \u017eivela kod g-\u0111e Ozan u Parizu. Kraljica je bila prethodno sahranjena na Kraljevskom groblju palate Tatoi u blizini Atine.<\/p>\n<p>Posmrtni ostaci Njenog Veli\u010danstva Kraljice Aleksandre po\u010diva\u0107e u Kapeli Sv. Andreja Prvozvanog do zvani\u010dne dr\u017eavne sahrane Njihovih Veli\u010danstava Kralja Petra II, Kraljice Majke Marije i Kraljice Aleksandre koja \u0107e biti obavljena 26. maja u Crkvi Sv. \u0110or\u0111a na Oplencu u mauzoleju Kraljevske porodice.<\/p>\n<p>Dvorska kapela u Kraljevskom kompleksu na Dedinju otvorena je za mimohod gra\u0111ana svakog vikenda, subotom i nedeljom, od 10 do 14 \u010dasova<\/p>\n","protected":false},"excerpt":{"rendered":"<p>Njegovo Kraljevsko Viso\u010danstvo Prestolonaslednik Aleksandar zajedno sa svojom porodicom obave\u0161tava javnost da \u0107e se proces  [&#8230;]<\/p>\n","protected":false},"author":1,"featured_media":0,"comment_status":"closed","ping_status":"open","sticky":false,"template":"","format":"standard","meta":{"_acf_changed":false,"footnotes":""},"categories":[22],"tags":[],"class_list":["post-7119","post","type-post","status-publish","format-standard","hentry","category-vesti"],"acf":[],"yoast_head":"<!-- This site is optimized with the Yoast SEO Premium plugin v27.4 (Yoast SEO v27.4) - https:\/\/yoast.com\/product\/yoast-seo-premium-wordpress\/ -->\n<title>Prenos zemnih ostataka Nj.V. Kraljice Aleksandre u Srbiju 9. maja - The Royal Family of Serbia<\/title>\n<meta name=\"description\" content=\"Njegovo Kraljevsko Viso\u010danstvo Prestolonaslednik Aleksandar zajedno sa svojom porodicom obave\u0161tava javnost da \u0107e se proces prenosa zemnih ostataka njegove\" \/>\n<meta name=\"robots\" content=\"index, follow, max-snippet:-1, max-image-preview:large, max-video-preview:-1\" \/>\n<link rel=\"canonical\" href=\"https:\/\/royalfamily.org\/lat\/prenos-zemnih-ostataka-nj-v-kraljice-aleksandre-u-srbiju-9-maja\/\" \/>\n<meta property=\"og:locale\" content=\"en_US\" \/>\n<meta property=\"og:type\" content=\"article\" \/>\n<meta property=\"og:title\" content=\"Prenos zemnih ostataka Nj.V. Kraljice Aleksandre u Srbiju 9. maja\" \/>\n<meta property=\"og:description\" content=\"Njegovo Kraljevsko Viso\u010danstvo Prestolonaslednik Aleksandar zajedno sa svojom porodicom obave\u0161tava javnost da \u0107e se proces prenosa zemnih ostataka njegove\" \/>\n<meta property=\"og:url\" content=\"https:\/\/royalfamily.org\/lat\/prenos-zemnih-ostataka-nj-v-kraljice-aleksandre-u-srbiju-9-maja\/\" \/>\n<meta property=\"og:site_name\" content=\"The Royal Family of Serbia\" \/>\n<meta property=\"article:publisher\" content=\"https:\/\/www.facebook.com\/Prestolonaslednik.Aleksandar\" \/>\n<meta property=\"article:published_time\" content=\"2013-05-08T00:00:00+00:00\" \/>\n<meta name=\"author\" content=\"Web Royal\" \/>\n<meta name=\"twitter:card\" content=\"summary_large_image\" \/>\n<meta name=\"twitter:label1\" content=\"Written by\" \/>\n\t<meta name=\"twitter:data1\" content=\"Web Royal\" \/>\n\t<meta name=\"twitter:label2\" content=\"Est. reading time\" \/>\n\t<meta name=\"twitter:data2\" content=\"2 minutes\" \/>\n<script type=\"application\/ld+json\" class=\"yoast-schema-graph\">{\"@context\":\"https:\\\/\\\/schema.org\",\"@graph\":[{\"@type\":\"Article\",\"@id\":\"https:\\\/\\\/royalfamily.org\\\/lat\\\/prenos-zemnih-ostataka-nj-v-kraljice-aleksandre-u-srbiju-9-maja\\\/#article\",\"isPartOf\":{\"@id\":\"https:\\\/\\\/royalfamily.org\\\/lat\\\/prenos-zemnih-ostataka-nj-v-kraljice-aleksandre-u-srbiju-9-maja\\\/\"},\"author\":{\"name\":\"Web Royal\",\"@id\":\"https:\\\/\\\/royalfamily.org\\\/#\\\/schema\\\/person\\\/49383a0c31232a928463939891db1ad5\"},\"headline\":\"Prenos zemnih ostataka Nj.V. Kraljice Aleksandre u Srbiju 9. maja\",\"datePublished\":\"2013-05-08T00:00:00+00:00\",\"mainEntityOfPage\":{\"@id\":\"https:\\\/\\\/royalfamily.org\\\/lat\\\/prenos-zemnih-ostataka-nj-v-kraljice-aleksandre-u-srbiju-9-maja\\\/\"},\"wordCount\":394,\"publisher\":{\"@id\":\"https:\\\/\\\/royalfamily.org\\\/#organization\"},\"articleSection\":[\"Vesti\"],\"inLanguage\":\"sr-LT\"},{\"@type\":\"WebPage\",\"@id\":\"https:\\\/\\\/royalfamily.org\\\/lat\\\/prenos-zemnih-ostataka-nj-v-kraljice-aleksandre-u-srbiju-9-maja\\\/\",\"url\":\"https:\\\/\\\/royalfamily.org\\\/lat\\\/prenos-zemnih-ostataka-nj-v-kraljice-aleksandre-u-srbiju-9-maja\\\/\",\"name\":\"Prenos zemnih ostataka Nj.V. Kraljice Aleksandre u Srbiju 9. maja - The Royal Family of Serbia\",\"isPartOf\":{\"@id\":\"https:\\\/\\\/royalfamily.org\\\/#website\"},\"datePublished\":\"2013-05-08T00:00:00+00:00\",\"description\":\"Njegovo Kraljevsko Viso\u010danstvo Prestolonaslednik Aleksandar zajedno sa svojom porodicom obave\u0161tava javnost da \u0107e se proces prenosa zemnih ostataka njegove\",\"breadcrumb\":{\"@id\":\"https:\\\/\\\/royalfamily.org\\\/lat\\\/prenos-zemnih-ostataka-nj-v-kraljice-aleksandre-u-srbiju-9-maja\\\/#breadcrumb\"},\"inLanguage\":\"sr-LT\",\"potentialAction\":[{\"@type\":\"ReadAction\",\"target\":[\"https:\\\/\\\/royalfamily.org\\\/lat\\\/prenos-zemnih-ostataka-nj-v-kraljice-aleksandre-u-srbiju-9-maja\\\/\"]}]},{\"@type\":\"BreadcrumbList\",\"@id\":\"https:\\\/\\\/royalfamily.org\\\/lat\\\/prenos-zemnih-ostataka-nj-v-kraljice-aleksandre-u-srbiju-9-maja\\\/#breadcrumb\",\"itemListElement\":[{\"@type\":\"ListItem\",\"position\":1,\"name\":\"Home\",\"item\":\"https:\\\/\\\/royalfamily.org\\\/lat\\\/\"},{\"@type\":\"ListItem\",\"position\":2,\"name\":\"Prenos zemnih ostataka Nj.V. Kraljice Aleksandre u Srbiju 9. maja\"}]},{\"@type\":\"WebSite\",\"@id\":\"https:\\\/\\\/royalfamily.org\\\/#website\",\"url\":\"https:\\\/\\\/royalfamily.org\\\/\",\"name\":\"The Royal Family of Serbia\",\"description\":\"From the people, for the people\",\"publisher\":{\"@id\":\"https:\\\/\\\/royalfamily.org\\\/#organization\"},\"potentialAction\":[{\"@type\":\"SearchAction\",\"target\":{\"@type\":\"EntryPoint\",\"urlTemplate\":\"https:\\\/\\\/royalfamily.org\\\/?s={search_term_string}\"},\"query-input\":{\"@type\":\"PropertyValueSpecification\",\"valueRequired\":true,\"valueName\":\"search_term_string\"}}],\"inLanguage\":\"sr-LT\"},{\"@type\":\"Organization\",\"@id\":\"https:\\\/\\\/royalfamily.org\\\/#organization\",\"name\":\"Royal Family\",\"url\":\"https:\\\/\\\/royalfamily.org\\\/\",\"logo\":{\"@type\":\"ImageObject\",\"inLanguage\":\"sr-LT\",\"@id\":\"https:\\\/\\\/royalfamily.org\\\/#\\\/schema\\\/logo\\\/image\\\/\",\"url\":\"https:\\\/\\\/royalfamily.org\\\/wp-content\\\/uploads\\\/2019\\\/04\\\/logo-vector-02-V-latinica.png\",\"contentUrl\":\"https:\\\/\\\/royalfamily.org\\\/wp-content\\\/uploads\\\/2019\\\/04\\\/logo-vector-02-V-latinica.png\",\"width\":552,\"height\":99,\"caption\":\"Royal Family\"},\"image\":{\"@id\":\"https:\\\/\\\/royalfamily.org\\\/#\\\/schema\\\/logo\\\/image\\\/\"},\"sameAs\":[\"https:\\\/\\\/www.facebook.com\\\/Prestolonaslednik.Aleksandar\"]},{\"@type\":\"Person\",\"@id\":\"https:\\\/\\\/royalfamily.org\\\/#\\\/schema\\\/person\\\/49383a0c31232a928463939891db1ad5\",\"name\":\"Web Royal\",\"image\":{\"@type\":\"ImageObject\",\"inLanguage\":\"sr-LT\",\"@id\":\"https:\\\/\\\/secure.gravatar.com\\\/avatar\\\/8dbdbae4ed2a898dcf0dcd9d01bf41782c405af026744c66e6a62d6235a20271?s=96&d=mm&r=g\",\"url\":\"https:\\\/\\\/secure.gravatar.com\\\/avatar\\\/8dbdbae4ed2a898dcf0dcd9d01bf41782c405af026744c66e6a62d6235a20271?s=96&d=mm&r=g\",\"contentUrl\":\"https:\\\/\\\/secure.gravatar.com\\\/avatar\\\/8dbdbae4ed2a898dcf0dcd9d01bf41782c405af026744c66e6a62d6235a20271?s=96&d=mm&r=g\",\"caption\":\"Web Royal\"}}]}<\/script>\n<!-- \/ Yoast SEO Premium plugin. -->","yoast_head_json":{"title":"Prenos zemnih ostataka Nj.V. Kraljice Aleksandre u Srbiju 9. maja - The Royal Family of Serbia","description":"Njegovo Kraljevsko Viso\u010danstvo Prestolonaslednik Aleksandar zajedno sa svojom porodicom obave\u0161tava javnost da \u0107e se proces prenosa zemnih ostataka njegove","robots":{"index":"index","follow":"follow","max-snippet":"max-snippet:-1","max-image-preview":"max-image-preview:large","max-video-preview":"max-video-preview:-1"},"canonical":"https:\/\/royalfamily.org\/lat\/prenos-zemnih-ostataka-nj-v-kraljice-aleksandre-u-srbiju-9-maja\/","og_locale":"en_US","og_type":"article","og_title":"Prenos zemnih ostataka Nj.V. Kraljice Aleksandre u Srbiju 9. maja","og_description":"Njegovo Kraljevsko Viso\u010danstvo Prestolonaslednik Aleksandar zajedno sa svojom porodicom obave\u0161tava javnost da \u0107e se proces prenosa zemnih ostataka njegove","og_url":"https:\/\/royalfamily.org\/lat\/prenos-zemnih-ostataka-nj-v-kraljice-aleksandre-u-srbiju-9-maja\/","og_site_name":"The Royal Family of Serbia","article_publisher":"https:\/\/www.facebook.com\/Prestolonaslednik.Aleksandar","article_published_time":"2013-05-08T00:00:00+00:00","author":"Web Royal","twitter_card":"summary_large_image","twitter_misc":{"Written by":"Web Royal","Est. reading time":"2 minutes"},"schema":{"@context":"https:\/\/schema.org","@graph":[{"@type":"Article","@id":"https:\/\/royalfamily.org\/lat\/prenos-zemnih-ostataka-nj-v-kraljice-aleksandre-u-srbiju-9-maja\/#article","isPartOf":{"@id":"https:\/\/royalfamily.org\/lat\/prenos-zemnih-ostataka-nj-v-kraljice-aleksandre-u-srbiju-9-maja\/"},"author":{"name":"Web Royal","@id":"https:\/\/royalfamily.org\/#\/schema\/person\/49383a0c31232a928463939891db1ad5"},"headline":"Prenos zemnih ostataka Nj.V. Kraljice Aleksandre u Srbiju 9. maja","datePublished":"2013-05-08T00:00:00+00:00","mainEntityOfPage":{"@id":"https:\/\/royalfamily.org\/lat\/prenos-zemnih-ostataka-nj-v-kraljice-aleksandre-u-srbiju-9-maja\/"},"wordCount":394,"publisher":{"@id":"https:\/\/royalfamily.org\/#organization"},"articleSection":["Vesti"],"inLanguage":"sr-LT"},{"@type":"WebPage","@id":"https:\/\/royalfamily.org\/lat\/prenos-zemnih-ostataka-nj-v-kraljice-aleksandre-u-srbiju-9-maja\/","url":"https:\/\/royalfamily.org\/lat\/prenos-zemnih-ostataka-nj-v-kraljice-aleksandre-u-srbiju-9-maja\/","name":"Prenos zemnih ostataka Nj.V. Kraljice Aleksandre u Srbiju 9. maja - The Royal Family of Serbia","isPartOf":{"@id":"https:\/\/royalfamily.org\/#website"},"datePublished":"2013-05-08T00:00:00+00:00","description":"Njegovo Kraljevsko Viso\u010danstvo Prestolonaslednik Aleksandar zajedno sa svojom porodicom obave\u0161tava javnost da \u0107e se proces prenosa zemnih ostataka njegove","breadcrumb":{"@id":"https:\/\/royalfamily.org\/lat\/prenos-zemnih-ostataka-nj-v-kraljice-aleksandre-u-srbiju-9-maja\/#breadcrumb"},"inLanguage":"sr-LT","potentialAction":[{"@type":"ReadAction","target":["https:\/\/royalfamily.org\/lat\/prenos-zemnih-ostataka-nj-v-kraljice-aleksandre-u-srbiju-9-maja\/"]}]},{"@type":"BreadcrumbList","@id":"https:\/\/royalfamily.org\/lat\/prenos-zemnih-ostataka-nj-v-kraljice-aleksandre-u-srbiju-9-maja\/#breadcrumb","itemListElement":[{"@type":"ListItem","position":1,"name":"Home","item":"https:\/\/royalfamily.org\/lat\/"},{"@type":"ListItem","position":2,"name":"Prenos zemnih ostataka Nj.V. Kraljice Aleksandre u Srbiju 9. maja"}]},{"@type":"WebSite","@id":"https:\/\/royalfamily.org\/#website","url":"https:\/\/royalfamily.org\/","name":"The Royal Family of Serbia","description":"From the people, for the people","publisher":{"@id":"https:\/\/royalfamily.org\/#organization"},"potentialAction":[{"@type":"SearchAction","target":{"@type":"EntryPoint","urlTemplate":"https:\/\/royalfamily.org\/?s={search_term_string}"},"query-input":{"@type":"PropertyValueSpecification","valueRequired":true,"valueName":"search_term_string"}}],"inLanguage":"sr-LT"},{"@type":"Organization","@id":"https:\/\/royalfamily.org\/#organization","name":"Royal Family","url":"https:\/\/royalfamily.org\/","logo":{"@type":"ImageObject","inLanguage":"sr-LT","@id":"https:\/\/royalfamily.org\/#\/schema\/logo\/image\/","url":"https:\/\/royalfamily.org\/wp-content\/uploads\/2019\/04\/logo-vector-02-V-latinica.png","contentUrl":"https:\/\/royalfamily.org\/wp-content\/uploads\/2019\/04\/logo-vector-02-V-latinica.png","width":552,"height":99,"caption":"Royal Family"},"image":{"@id":"https:\/\/royalfamily.org\/#\/schema\/logo\/image\/"},"sameAs":["https:\/\/www.facebook.com\/Prestolonaslednik.Aleksandar"]},{"@type":"Person","@id":"https:\/\/royalfamily.org\/#\/schema\/person\/49383a0c31232a928463939891db1ad5","name":"Web Royal","image":{"@type":"ImageObject","inLanguage":"sr-LT","@id":"https:\/\/secure.gravatar.com\/avatar\/8dbdbae4ed2a898dcf0dcd9d01bf41782c405af026744c66e6a62d6235a20271?s=96&d=mm&r=g","url":"https:\/\/secure.gravatar.com\/avatar\/8dbdbae4ed2a898dcf0dcd9d01bf41782c405af026744c66e6a62d6235a20271?s=96&d=mm&r=g","contentUrl":"https:\/\/secure.gravatar.com\/avatar\/8dbdbae4ed2a898dcf0dcd9d01bf41782c405af026744c66e6a62d6235a20271?s=96&d=mm&r=g","caption":"Web Royal"}}]}},"_links":{"self":[{"href":"https:\/\/royalfamily.org\/lat\/wp-json\/wp\/v2\/posts\/7119","targetHints":{"allow":["GET"]}}],"collection":[{"href":"https:\/\/royalfamily.org\/lat\/wp-json\/wp\/v2\/posts"}],"about":[{"href":"https:\/\/royalfamily.org\/lat\/wp-json\/wp\/v2\/types\/post"}],"author":[{"embeddable":true,"href":"https:\/\/royalfamily.org\/lat\/wp-json\/wp\/v2\/users\/1"}],"replies":[{"embeddable":true,"href":"https:\/\/royalfamily.org\/lat\/wp-json\/wp\/v2\/comments?post=7119"}],"version-history":[{"count":0,"href":"https:\/\/royalfamily.org\/lat\/wp-json\/wp\/v2\/posts\/7119\/revisions"}],"wp:attachment":[{"href":"https:\/\/royalfamily.org\/lat\/wp-json\/wp\/v2\/media?parent=7119"}],"wp:term":[{"taxonomy":"category","embeddable":true,"href":"https:\/\/royalfamily.org\/lat\/wp-json\/wp\/v2\/categories?post=7119"},{"taxonomy":"post_tag","embeddable":true,"href":"https:\/\/royalfamily.org\/lat\/wp-json\/wp\/v2\/tags?post=7119"}],"curies":[{"name":"wp","href":"https:\/\/api.w.org\/{rel}","templated":true}]}}