{"id":7120,"date":"2013-05-09T00:00:00","date_gmt":"2013-05-09T00:00:00","guid":{"rendered":"https:\/\/royalfamily.org\/zemni-ostaci-nj-v-kraljice-aleksandre-vraceni-u-srbiju\/"},"modified":"2013-05-09T00:00:00","modified_gmt":"2013-05-09T00:00:00","slug":"zemni-ostaci-nj-v-kraljice-aleksandre-vraceni-u-srbiju","status":"publish","type":"post","link":"https:\/\/royalfamily.org\/lat\/zemni-ostaci-nj-v-kraljice-aleksandre-vraceni-u-srbiju\/","title":{"rendered":"Zemni ostaci Nj.V. Kraljice Aleksandre vra\u0107eni u Srbiju"},"content":{"rendered":"<p>Njegovo Kraljevsko Viso\u010danstvo Prestolonaslednik Aleksandar sa suprugom NJ.K.V. Princezom Katarinom i njenim sinom g-dinom Dejvidom Endrjuzom kao i visokim izaslanikom Ministarstva inostranih poslova Gr\u010dke Nj.E. ambasadorom Dionisiosom K. Kodelasom i ambasadorom Srbije u Gr\u010dkoj Nj.E. g-dinom Draganom \u017dupanjevcem dopratili su kov\u010deg sa zemnim ostacima NJ.V. Kraljice Aleksandre koji su danas zvani\u010dno preneti iz Atine u Beograd.<\/p>\n<p>Zemni ostaci Njenog Veli\u010danstva Kraljice Aleksandre ekshumirani su jutros na Kraljevskom groblju Tatoj pored Atine, u prisustvu Njihovih Kraljevskih Viso\u010danstva Prestolonaslednika Aleksandra i Princeze Katarine, NJ.K.V. Princeze Irene od Gr\u010dke, g-\u0111e Alison Endrjuz, \u0107erke NJ.K.V. Princeze Katarine, dr End\u017ei Margaritis Endrjuz, supruge g-dina Dejvida Endrjuza, snahe Princeze Katarine, g-\u0111e Beti Rumeliotis sestre Princeze Katarine sa suprugom g-dinom D\u017eord\u017eom Rumeliotisom, Profesora dr Kristosa Bartsokasa, g-dina Vagelis Kronisa, g-dina Petrosa Makasa i njegove supruge g-\u0111e Evelin Vogesis, g-\u0111e Irene Vasilopulo, g-dina Manosa Ioanidisa, g-dina Tanasisa Kiratsusa, dr Zisis Boukouvalas, dr Krisanti Routzunis Konstadakatos i g\u0111e Alkisistis Prinou predsednika Lajflajn Helas humanitarne organizacije, g-dina D\u017eord\u017ea Davlasa i njegove supruge g-\u0111e \u00a0Elene Davlas, g-dina Janisa Sahinisa, g-\u0111e Anastasije Papamanolis, g-dina i g-\u0111e Nikos i Roe Konstantas, g-dina Vasilisa Koutsavlisa kao i Njihovih Ekselencija ambasadora Srbije g-dina Dragana Zupanjevca, Crne Gore g-dina Ive Armenka, Ma\u0111arske g-dina D\u017eejmi Berberisa, Jordana g-dina Saker Malkavija, \u0160vajcarske g-dina Lorenza Amberga, g-\u0111e \u00a0Kristiane Amberg, g-dina Dionisisa Kodelasa, Poljske g-dina Maciej Kri\u0161a i ambasadora dobre volje UNESCO-a \u00a0g-\u0111e Marijane Vardinojanis. Na aerodromu u Atini ispratili su je predstavnici Gr\u010dke Pravoslavne crkve Njegovo Visokopreosve\u0161tenstvo Mitropolit Athinagoras i arhimandrit Patrikio.<\/p>\n<p>Na aerodromu \u201eNikola Tesla\u201d u Beogradu kov\u010deg sa zemnim ostacima NJ.V. Kraljice Marije, do\u010dekali su profesor Oliver Anti\u0107, specijalni savetnik Predsednika Srbije, Nj.E g-din Demosten Stoidis, ambasador Gr\u010dke u Srbiji i Njegovo Presove\u0161tenstvo vikarni Episkop hvostanski G. Atanasije po blagoslovu Njegove Svetosti Patrijarha srpskog G. Irineja.<\/p>\n<p>Zemni ostaci Nj.V. Kraljice Aleksandre su zatim preneseni u Kraljevsku kapelu Sv. Andreja Prvozvanog gde je pomen slu\u017eio Njegova Svetost Patrijarh srpski G. Irinej. U svom obra\u0107anju, Patrijarh je potom naglasio: \u201eZahvalni smo Bogu jer je pro\u0161lo vreme u kome je bilo zabranjeno da se vrate u svoju zemlju i da po\u010divaju u zemlji za koju su \u017eiveli \u010dlanovi Kraljevske porodice Kara\u0111or\u0111evi\u0107a. Velika je nepravda ispravljena, Slava Gospodu!\u201c<\/p>\n<p>Njegovo Kraljevsko Viso\u010danstvo Prestolonaslednik Aleksandar odr\u017eao je veoma dirljiv govor na odru svoje majke: \u201eHvala vam svima \u0161to ste se okupili danas ovde, da odamo po\u010dast mojoj majci, Njenom Veli\u010danstvu Kraljici Aleksandri od Jugoslavije. \u017deleo bih posebno da se zahvalim Njegovoj Svetosti Patrijarhu Irineju \u0161to je ovde danas i na svim njegovim molitvama. Moja majka udala se za mog oca dok je on bio u izgnanstvu za vreme Drugog svetskog rata. Delila je sa njim tragediju nasilne odvojenosti od sopstvene zemlje i naroda. Uskoro \u0107e oni ponovo biti zajedno u ve\u010dnom prebivali\u0161tu na Oplencu i tako ispuniti zave\u0161tanje mog pradede Kralja Petra I da svi \u010dlanovi porodice Kara\u0111or\u0111evi\u0107 budu sahranjeni na jednom mestu.\u00a0<\/p>\n<p>Zahvaljujem se svim \u010dlanovima Vlade Srbije na velikoj podr\u0161ci. Posebnu zahvalnost dugujem Dr\u017eavnom odboru za prenos posmrtnih ostataka \u010dlanova porodice Kara\u0111or\u0111evi\u0107, kao i profesoru Oliveru Anti\u0107u na njegovoj li\u010dnoj inicijativi i anga\u017eovanju ovim povodom. Tako\u0111e, \u017eelim da se zahvalim i i visokom predstavniku Ministarstva spoljnih poslova Gr\u010dke, ambasadoru Dionisijusu Kodelasu i ambasadoru Srbije u Gr\u010dkoj Draganu \u017dupanjevcu. Hvala svima koji su bili istrajni i pomogli na ovom putu.<\/p>\n<p>Vratili smo Kraljicu u njenu zemlju. Dobrodo\u0161la ku\u0107i, majko! Slava joj!\u201c\u00a0<\/p>\n<p>Prof. dr Oliver Anti\u0107, specijalni savetnik predsednika Srbije, NJ.E. g-dina Tomislava Nikoli\u0107a, tako\u0111e se obratio prisutnima: \u201eEvo o Uskrsu de\u0161ava se i simboli\u010dno uskrsnu\u0107e i duhovno po kome je na\u0161 narod bio poznat. Ogromnu zahvalnost dugujemo Srpskoj Pravoslavnoj Crkvi koja je u\u010dinila \u0161to je malo koja umela i mogla da i kada dr\u017eave nema, ona zauzme njenu ulogu, kad dr\u017eava zastrani protiv svojih interesa da je ona svojom molitvom i mudro\u0161\u0107u za\u0161titi. Tu\u017ena kraljica, kako ju je narod zvao, se vratila u svoju zemlju. Vi\u0161a sila nas je privilegovala i dala nam istorijsku misiju da sada ispravimo veliku nepravdu koja je i veliki greh u\u010dinjen ocu Srbije Kara\u0111or\u0111u Petrovi\u0107u i njegovoj porodici kojoj su oduzeli ne samo sva prava za \u017eivota, ve\u0107 i u smrti. Danas je to ispravljeno. Njihova Veli\u010danstva Kralj Petar Ii, Kraljica Marija i Kraljica Aleksandra vratili su se svojoj Srbiji!\u201c<\/p>\n<p>Prijem za dr\u017eavne zvani\u010dnike, \u010dlanove Krunskog Saveta i verske velikodostojnike uprili\u010den je nakon crkvene slu\u017ebe.<\/p>\n<p>Kraljica Aleksandra bila je k\u0107erka Nj.V. Kralja Aleksandra od Gr\u010dke i Nj.K.V. Princeze Aspazije od Gr\u010dke i Danske (ro\u0111ene Aspazije Manos). Kraljica Aleksandra rodila se u Atini, u Gr\u010dkoj, 25. marta 1921, a umrla je 30. januara 1993. u Isto\u010dnom Saseksu u Engleskoj. Kraljica se \u0161kolovala u Vestfildu, a zatim u \u0161koli Hitfild. Posle zavr\u0161enog \u0161kolovanja u Engleskoj, Kraljica Aleksandra je \u017eivela kod g-\u0111e Ozan u Parizu. Kraljica je bila prethodno sahranjena na Kraljevskom groblju palate Tatoi u blizini Atine.<\/p>\n<p>Posmrtni ostaci Njenog Veli\u010danstva Kraljice Aleksandre po\u010diva\u0107e u Kapeli Sv. Andreja Prvozvanog do zvani\u010dne dr\u017eavne sahrane Njihovih Veli\u010danstva Kralja Petra II, Kraljice majke Marije i Kraljice Aleksandre koja \u0107e biti obavljena 26. maja u Crkvi Sv.\u0110or\u0111a na Oplencu u mauzoleju Kraljevske porodice.<\/p>\n<p>Dvorska kapela u Kraljevskom kompleksu na Dedinju otvorena je za mimohod gra\u0111ana svakog vikenda, subotom i nedeljom, od 10 do 14 \u010dasova.<\/p>\n<p><a href=http:\/\/youtu.be\/KS-zR_6tJAM\"><strong>Kliknite za video<\/strong><\/a><\/p>\n<p>&#8220;<\/p>\n","protected":false},"excerpt":{"rendered":"<p>Njegovo Kraljevsko Viso\u010danstvo Prestolonaslednik Aleksandar sa suprugom NJ.K.V. Princezom Katarinom i njenim sinom g-dinom Dejvidom  [&#8230;]<\/p>\n","protected":false},"author":1,"featured_media":0,"comment_status":"closed","ping_status":"open","sticky":false,"template":"","format":"standard","meta":{"_acf_changed":false,"footnotes":""},"categories":[22],"tags":[],"class_list":["post-7120","post","type-post","status-publish","format-standard","hentry","category-vesti"],"acf":[],"yoast_head":"<!-- This site is optimized with the Yoast SEO Premium plugin v27.4 (Yoast SEO v27.4) - https:\/\/yoast.com\/product\/yoast-seo-premium-wordpress\/ -->\n<title>Zemni ostaci Nj.V. Kraljice Aleksandre vra\u0107eni u Srbiju - The Royal Family of Serbia<\/title>\n<meta name=\"description\" content=\"Njegovo Kraljevsko Viso\u010danstvo Prestolonaslednik Aleksandar sa suprugom NJ.K.V. Princezom Katarinom i njenim sinom g-dinom Dejvidom Endrjuzom kao i\" \/>\n<meta name=\"robots\" content=\"index, follow, max-snippet:-1, max-image-preview:large, max-video-preview:-1\" \/>\n<link rel=\"canonical\" href=\"https:\/\/royalfamily.org\/lat\/zemni-ostaci-nj-v-kraljice-aleksandre-vraceni-u-srbiju\/\" \/>\n<meta property=\"og:locale\" content=\"en_US\" \/>\n<meta property=\"og:type\" content=\"article\" \/>\n<meta property=\"og:title\" content=\"Zemni ostaci Nj.V. Kraljice Aleksandre vra\u0107eni u Srbiju\" \/>\n<meta property=\"og:description\" content=\"Njegovo Kraljevsko Viso\u010danstvo Prestolonaslednik Aleksandar sa suprugom NJ.K.V. Princezom Katarinom i njenim sinom g-dinom Dejvidom Endrjuzom kao i\" \/>\n<meta property=\"og:url\" content=\"https:\/\/royalfamily.org\/lat\/zemni-ostaci-nj-v-kraljice-aleksandre-vraceni-u-srbiju\/\" \/>\n<meta property=\"og:site_name\" content=\"The Royal Family of Serbia\" \/>\n<meta property=\"article:publisher\" content=\"https:\/\/www.facebook.com\/Prestolonaslednik.Aleksandar\" \/>\n<meta property=\"article:published_time\" content=\"2013-05-09T00:00:00+00:00\" \/>\n<meta name=\"author\" content=\"Web Royal\" \/>\n<meta name=\"twitter:card\" content=\"summary_large_image\" \/>\n<meta name=\"twitter:label1\" content=\"Written by\" \/>\n\t<meta name=\"twitter:data1\" content=\"Web Royal\" \/>\n\t<meta name=\"twitter:label2\" content=\"Est. reading time\" \/>\n\t<meta name=\"twitter:data2\" content=\"5 minutes\" \/>\n<script type=\"application\/ld+json\" class=\"yoast-schema-graph\">{\"@context\":\"https:\\\/\\\/schema.org\",\"@graph\":[{\"@type\":\"Article\",\"@id\":\"https:\\\/\\\/royalfamily.org\\\/lat\\\/zemni-ostaci-nj-v-kraljice-aleksandre-vraceni-u-srbiju\\\/#article\",\"isPartOf\":{\"@id\":\"https:\\\/\\\/royalfamily.org\\\/lat\\\/zemni-ostaci-nj-v-kraljice-aleksandre-vraceni-u-srbiju\\\/\"},\"author\":{\"name\":\"Web Royal\",\"@id\":\"https:\\\/\\\/royalfamily.org\\\/#\\\/schema\\\/person\\\/49383a0c31232a928463939891db1ad5\"},\"headline\":\"Zemni ostaci Nj.V. Kraljice Aleksandre vra\u0107eni u Srbiju\",\"datePublished\":\"2013-05-09T00:00:00+00:00\",\"mainEntityOfPage\":{\"@id\":\"https:\\\/\\\/royalfamily.org\\\/lat\\\/zemni-ostaci-nj-v-kraljice-aleksandre-vraceni-u-srbiju\\\/\"},\"wordCount\":969,\"publisher\":{\"@id\":\"https:\\\/\\\/royalfamily.org\\\/#organization\"},\"articleSection\":[\"Vesti\"],\"inLanguage\":\"sr-LT\"},{\"@type\":\"WebPage\",\"@id\":\"https:\\\/\\\/royalfamily.org\\\/lat\\\/zemni-ostaci-nj-v-kraljice-aleksandre-vraceni-u-srbiju\\\/\",\"url\":\"https:\\\/\\\/royalfamily.org\\\/lat\\\/zemni-ostaci-nj-v-kraljice-aleksandre-vraceni-u-srbiju\\\/\",\"name\":\"Zemni ostaci Nj.V. Kraljice Aleksandre vra\u0107eni u Srbiju - The Royal Family of Serbia\",\"isPartOf\":{\"@id\":\"https:\\\/\\\/royalfamily.org\\\/#website\"},\"datePublished\":\"2013-05-09T00:00:00+00:00\",\"description\":\"Njegovo Kraljevsko Viso\u010danstvo Prestolonaslednik Aleksandar sa suprugom NJ.K.V. Princezom Katarinom i njenim sinom g-dinom Dejvidom Endrjuzom kao i\",\"breadcrumb\":{\"@id\":\"https:\\\/\\\/royalfamily.org\\\/lat\\\/zemni-ostaci-nj-v-kraljice-aleksandre-vraceni-u-srbiju\\\/#breadcrumb\"},\"inLanguage\":\"sr-LT\",\"potentialAction\":[{\"@type\":\"ReadAction\",\"target\":[\"https:\\\/\\\/royalfamily.org\\\/lat\\\/zemni-ostaci-nj-v-kraljice-aleksandre-vraceni-u-srbiju\\\/\"]}]},{\"@type\":\"BreadcrumbList\",\"@id\":\"https:\\\/\\\/royalfamily.org\\\/lat\\\/zemni-ostaci-nj-v-kraljice-aleksandre-vraceni-u-srbiju\\\/#breadcrumb\",\"itemListElement\":[{\"@type\":\"ListItem\",\"position\":1,\"name\":\"Home\",\"item\":\"https:\\\/\\\/royalfamily.org\\\/lat\\\/\"},{\"@type\":\"ListItem\",\"position\":2,\"name\":\"Zemni ostaci Nj.V. Kraljice Aleksandre vra\u0107eni u Srbiju\"}]},{\"@type\":\"WebSite\",\"@id\":\"https:\\\/\\\/royalfamily.org\\\/#website\",\"url\":\"https:\\\/\\\/royalfamily.org\\\/\",\"name\":\"The Royal Family of Serbia\",\"description\":\"From the people, for the people\",\"publisher\":{\"@id\":\"https:\\\/\\\/royalfamily.org\\\/#organization\"},\"potentialAction\":[{\"@type\":\"SearchAction\",\"target\":{\"@type\":\"EntryPoint\",\"urlTemplate\":\"https:\\\/\\\/royalfamily.org\\\/?s={search_term_string}\"},\"query-input\":{\"@type\":\"PropertyValueSpecification\",\"valueRequired\":true,\"valueName\":\"search_term_string\"}}],\"inLanguage\":\"sr-LT\"},{\"@type\":\"Organization\",\"@id\":\"https:\\\/\\\/royalfamily.org\\\/#organization\",\"name\":\"Royal Family\",\"url\":\"https:\\\/\\\/royalfamily.org\\\/\",\"logo\":{\"@type\":\"ImageObject\",\"inLanguage\":\"sr-LT\",\"@id\":\"https:\\\/\\\/royalfamily.org\\\/#\\\/schema\\\/logo\\\/image\\\/\",\"url\":\"https:\\\/\\\/royalfamily.org\\\/wp-content\\\/uploads\\\/2019\\\/04\\\/logo-vector-02-V-latinica.png\",\"contentUrl\":\"https:\\\/\\\/royalfamily.org\\\/wp-content\\\/uploads\\\/2019\\\/04\\\/logo-vector-02-V-latinica.png\",\"width\":552,\"height\":99,\"caption\":\"Royal Family\"},\"image\":{\"@id\":\"https:\\\/\\\/royalfamily.org\\\/#\\\/schema\\\/logo\\\/image\\\/\"},\"sameAs\":[\"https:\\\/\\\/www.facebook.com\\\/Prestolonaslednik.Aleksandar\"]},{\"@type\":\"Person\",\"@id\":\"https:\\\/\\\/royalfamily.org\\\/#\\\/schema\\\/person\\\/49383a0c31232a928463939891db1ad5\",\"name\":\"Web Royal\",\"image\":{\"@type\":\"ImageObject\",\"inLanguage\":\"sr-LT\",\"@id\":\"https:\\\/\\\/secure.gravatar.com\\\/avatar\\\/8dbdbae4ed2a898dcf0dcd9d01bf41782c405af026744c66e6a62d6235a20271?s=96&d=mm&r=g\",\"url\":\"https:\\\/\\\/secure.gravatar.com\\\/avatar\\\/8dbdbae4ed2a898dcf0dcd9d01bf41782c405af026744c66e6a62d6235a20271?s=96&d=mm&r=g\",\"contentUrl\":\"https:\\\/\\\/secure.gravatar.com\\\/avatar\\\/8dbdbae4ed2a898dcf0dcd9d01bf41782c405af026744c66e6a62d6235a20271?s=96&d=mm&r=g\",\"caption\":\"Web Royal\"}}]}<\/script>\n<!-- \/ Yoast SEO Premium plugin. -->","yoast_head_json":{"title":"Zemni ostaci Nj.V. Kraljice Aleksandre vra\u0107eni u Srbiju - The Royal Family of Serbia","description":"Njegovo Kraljevsko Viso\u010danstvo Prestolonaslednik Aleksandar sa suprugom NJ.K.V. Princezom Katarinom i njenim sinom g-dinom Dejvidom Endrjuzom kao i","robots":{"index":"index","follow":"follow","max-snippet":"max-snippet:-1","max-image-preview":"max-image-preview:large","max-video-preview":"max-video-preview:-1"},"canonical":"https:\/\/royalfamily.org\/lat\/zemni-ostaci-nj-v-kraljice-aleksandre-vraceni-u-srbiju\/","og_locale":"en_US","og_type":"article","og_title":"Zemni ostaci Nj.V. Kraljice Aleksandre vra\u0107eni u Srbiju","og_description":"Njegovo Kraljevsko Viso\u010danstvo Prestolonaslednik Aleksandar sa suprugom NJ.K.V. Princezom Katarinom i njenim sinom g-dinom Dejvidom Endrjuzom kao i","og_url":"https:\/\/royalfamily.org\/lat\/zemni-ostaci-nj-v-kraljice-aleksandre-vraceni-u-srbiju\/","og_site_name":"The Royal Family of Serbia","article_publisher":"https:\/\/www.facebook.com\/Prestolonaslednik.Aleksandar","article_published_time":"2013-05-09T00:00:00+00:00","author":"Web Royal","twitter_card":"summary_large_image","twitter_misc":{"Written by":"Web Royal","Est. reading time":"5 minutes"},"schema":{"@context":"https:\/\/schema.org","@graph":[{"@type":"Article","@id":"https:\/\/royalfamily.org\/lat\/zemni-ostaci-nj-v-kraljice-aleksandre-vraceni-u-srbiju\/#article","isPartOf":{"@id":"https:\/\/royalfamily.org\/lat\/zemni-ostaci-nj-v-kraljice-aleksandre-vraceni-u-srbiju\/"},"author":{"name":"Web Royal","@id":"https:\/\/royalfamily.org\/#\/schema\/person\/49383a0c31232a928463939891db1ad5"},"headline":"Zemni ostaci Nj.V. Kraljice Aleksandre vra\u0107eni u Srbiju","datePublished":"2013-05-09T00:00:00+00:00","mainEntityOfPage":{"@id":"https:\/\/royalfamily.org\/lat\/zemni-ostaci-nj-v-kraljice-aleksandre-vraceni-u-srbiju\/"},"wordCount":969,"publisher":{"@id":"https:\/\/royalfamily.org\/#organization"},"articleSection":["Vesti"],"inLanguage":"sr-LT"},{"@type":"WebPage","@id":"https:\/\/royalfamily.org\/lat\/zemni-ostaci-nj-v-kraljice-aleksandre-vraceni-u-srbiju\/","url":"https:\/\/royalfamily.org\/lat\/zemni-ostaci-nj-v-kraljice-aleksandre-vraceni-u-srbiju\/","name":"Zemni ostaci Nj.V. Kraljice Aleksandre vra\u0107eni u Srbiju - The Royal Family of Serbia","isPartOf":{"@id":"https:\/\/royalfamily.org\/#website"},"datePublished":"2013-05-09T00:00:00+00:00","description":"Njegovo Kraljevsko Viso\u010danstvo Prestolonaslednik Aleksandar sa suprugom NJ.K.V. Princezom Katarinom i njenim sinom g-dinom Dejvidom Endrjuzom kao i","breadcrumb":{"@id":"https:\/\/royalfamily.org\/lat\/zemni-ostaci-nj-v-kraljice-aleksandre-vraceni-u-srbiju\/#breadcrumb"},"inLanguage":"sr-LT","potentialAction":[{"@type":"ReadAction","target":["https:\/\/royalfamily.org\/lat\/zemni-ostaci-nj-v-kraljice-aleksandre-vraceni-u-srbiju\/"]}]},{"@type":"BreadcrumbList","@id":"https:\/\/royalfamily.org\/lat\/zemni-ostaci-nj-v-kraljice-aleksandre-vraceni-u-srbiju\/#breadcrumb","itemListElement":[{"@type":"ListItem","position":1,"name":"Home","item":"https:\/\/royalfamily.org\/lat\/"},{"@type":"ListItem","position":2,"name":"Zemni ostaci Nj.V. Kraljice Aleksandre vra\u0107eni u Srbiju"}]},{"@type":"WebSite","@id":"https:\/\/royalfamily.org\/#website","url":"https:\/\/royalfamily.org\/","name":"The Royal Family of Serbia","description":"From the people, for the people","publisher":{"@id":"https:\/\/royalfamily.org\/#organization"},"potentialAction":[{"@type":"SearchAction","target":{"@type":"EntryPoint","urlTemplate":"https:\/\/royalfamily.org\/?s={search_term_string}"},"query-input":{"@type":"PropertyValueSpecification","valueRequired":true,"valueName":"search_term_string"}}],"inLanguage":"sr-LT"},{"@type":"Organization","@id":"https:\/\/royalfamily.org\/#organization","name":"Royal Family","url":"https:\/\/royalfamily.org\/","logo":{"@type":"ImageObject","inLanguage":"sr-LT","@id":"https:\/\/royalfamily.org\/#\/schema\/logo\/image\/","url":"https:\/\/royalfamily.org\/wp-content\/uploads\/2019\/04\/logo-vector-02-V-latinica.png","contentUrl":"https:\/\/royalfamily.org\/wp-content\/uploads\/2019\/04\/logo-vector-02-V-latinica.png","width":552,"height":99,"caption":"Royal Family"},"image":{"@id":"https:\/\/royalfamily.org\/#\/schema\/logo\/image\/"},"sameAs":["https:\/\/www.facebook.com\/Prestolonaslednik.Aleksandar"]},{"@type":"Person","@id":"https:\/\/royalfamily.org\/#\/schema\/person\/49383a0c31232a928463939891db1ad5","name":"Web Royal","image":{"@type":"ImageObject","inLanguage":"sr-LT","@id":"https:\/\/secure.gravatar.com\/avatar\/8dbdbae4ed2a898dcf0dcd9d01bf41782c405af026744c66e6a62d6235a20271?s=96&d=mm&r=g","url":"https:\/\/secure.gravatar.com\/avatar\/8dbdbae4ed2a898dcf0dcd9d01bf41782c405af026744c66e6a62d6235a20271?s=96&d=mm&r=g","contentUrl":"https:\/\/secure.gravatar.com\/avatar\/8dbdbae4ed2a898dcf0dcd9d01bf41782c405af026744c66e6a62d6235a20271?s=96&d=mm&r=g","caption":"Web Royal"}}]}},"_links":{"self":[{"href":"https:\/\/royalfamily.org\/lat\/wp-json\/wp\/v2\/posts\/7120","targetHints":{"allow":["GET"]}}],"collection":[{"href":"https:\/\/royalfamily.org\/lat\/wp-json\/wp\/v2\/posts"}],"about":[{"href":"https:\/\/royalfamily.org\/lat\/wp-json\/wp\/v2\/types\/post"}],"author":[{"embeddable":true,"href":"https:\/\/royalfamily.org\/lat\/wp-json\/wp\/v2\/users\/1"}],"replies":[{"embeddable":true,"href":"https:\/\/royalfamily.org\/lat\/wp-json\/wp\/v2\/comments?post=7120"}],"version-history":[{"count":0,"href":"https:\/\/royalfamily.org\/lat\/wp-json\/wp\/v2\/posts\/7120\/revisions"}],"wp:attachment":[{"href":"https:\/\/royalfamily.org\/lat\/wp-json\/wp\/v2\/media?parent=7120"}],"wp:term":[{"taxonomy":"category","embeddable":true,"href":"https:\/\/royalfamily.org\/lat\/wp-json\/wp\/v2\/categories?post=7120"},{"taxonomy":"post_tag","embeddable":true,"href":"https:\/\/royalfamily.org\/lat\/wp-json\/wp\/v2\/tags?post=7120"}],"curies":[{"name":"wp","href":"https:\/\/api.w.org\/{rel}","templated":true}]}}