{"id":7144,"date":"2013-06-05T00:00:00","date_gmt":"2013-06-05T00:00:00","guid":{"rendered":"https:\/\/royalfamily.org\/kraljevski-par-na-sahrani-jelene-gencic\/"},"modified":"2013-06-05T00:00:00","modified_gmt":"2013-06-05T00:00:00","slug":"kraljevski-par-na-sahrani-jelene-gencic","status":"publish","type":"post","link":"https:\/\/royalfamily.org\/lat\/kraljevski-par-na-sahrani-jelene-gencic\/","title":{"rendered":"Kraljevski par na sahrani Jelene Gen\u010di\u0107"},"content":{"rendered":"<p>Njihova Kraljevska Viso\u010danstva Prestolonaslednik Aleksandar II i Princeza Katarina prisustvovali su danas u Beogradu sahrani g-\u0111e Jelene Gen\u010di\u0107, na\u0161e \u010duvene teniske reprezentativke i velikog trenera, i jednog od osniva\u010da Kraljevskog teniskog kluba. Jelana Gen\u010di\u0107 bila je trener mnogih budu\u0107ih teniskih \u0161ampiona, me\u0111u kojima su bili Novak \u0110okovi\u0107, Monika Sele\u0161, Goran Ivani\u0161evi\u0107, Mima Jau\u0161ovec, Iva Majoli, Tatjana Je\u010dmenica.<\/p>\n<p>Jelena Gen\u010di\u0107 bila je dugi niz godina blizak prijatelj i saradnik Njihovih Kraljevskih Viso\u010danstava, a osta\u0107e upam\u0107ena sa po\u0161tovanjem i ljubavlju me\u0111u svima koji su imali privilegiju da je poznaju i rade sa njom.<\/p>\n","protected":false},"excerpt":{"rendered":"<p>Njihova Kraljevska Viso\u010danstva Prestolonaslednik Aleksandar II i Princeza Katarina prisustvovali su danas u Beogradu sahrani  [&#8230;]<\/p>\n","protected":false},"author":1,"featured_media":0,"comment_status":"closed","ping_status":"open","sticky":false,"template":"","format":"standard","meta":{"_acf_changed":false,"footnotes":""},"categories":[22],"tags":[],"class_list":["post-7144","post","type-post","status-publish","format-standard","hentry","category-vesti"],"acf":[],"yoast_head":"<!-- This site is optimized with the Yoast SEO Premium plugin v27.4 (Yoast SEO v27.4) - https:\/\/yoast.com\/product\/yoast-seo-premium-wordpress\/ -->\n<title>Kraljevski par na sahrani Jelene Gen\u010di\u0107 - The Royal Family of Serbia<\/title>\n<meta name=\"description\" content=\"Njihova Kraljevska Viso\u010danstva Prestolonaslednik Aleksandar II i Princeza Katarina prisustvovali su danas u Beogradu sahrani g-\u0111e Jelene Gen\u010di\u0107, na\u0161e\" \/>\n<meta name=\"robots\" content=\"index, follow, max-snippet:-1, max-image-preview:large, max-video-preview:-1\" \/>\n<link rel=\"canonical\" href=\"https:\/\/royalfamily.org\/lat\/kraljevski-par-na-sahrani-jelene-gencic\/\" \/>\n<meta property=\"og:locale\" content=\"en_US\" \/>\n<meta property=\"og:type\" content=\"article\" \/>\n<meta property=\"og:title\" content=\"Kraljevski par na sahrani Jelene Gen\u010di\u0107\" \/>\n<meta property=\"og:description\" content=\"Njihova Kraljevska Viso\u010danstva Prestolonaslednik Aleksandar II i Princeza Katarina prisustvovali su danas u Beogradu sahrani g-\u0111e Jelene Gen\u010di\u0107, na\u0161e\" \/>\n<meta property=\"og:url\" content=\"https:\/\/royalfamily.org\/lat\/kraljevski-par-na-sahrani-jelene-gencic\/\" \/>\n<meta property=\"og:site_name\" content=\"The Royal Family of Serbia\" \/>\n<meta property=\"article:publisher\" content=\"https:\/\/www.facebook.com\/Prestolonaslednik.Aleksandar\" \/>\n<meta property=\"article:published_time\" content=\"2013-06-05T00:00:00+00:00\" \/>\n<meta name=\"author\" content=\"Web Royal\" \/>\n<meta name=\"twitter:card\" content=\"summary_large_image\" \/>\n<meta name=\"twitter:label1\" content=\"Written by\" \/>\n\t<meta name=\"twitter:data1\" content=\"Web Royal\" \/>\n\t<meta name=\"twitter:label2\" content=\"Est. reading time\" \/>\n\t<meta name=\"twitter:data2\" content=\"1 minute\" \/>\n<script type=\"application\/ld+json\" class=\"yoast-schema-graph\">{\"@context\":\"https:\\\/\\\/schema.org\",\"@graph\":[{\"@type\":\"Article\",\"@id\":\"https:\\\/\\\/royalfamily.org\\\/lat\\\/kraljevski-par-na-sahrani-jelene-gencic\\\/#article\",\"isPartOf\":{\"@id\":\"https:\\\/\\\/royalfamily.org\\\/lat\\\/kraljevski-par-na-sahrani-jelene-gencic\\\/\"},\"author\":{\"name\":\"Web Royal\",\"@id\":\"https:\\\/\\\/royalfamily.org\\\/#\\\/schema\\\/person\\\/49383a0c31232a928463939891db1ad5\"},\"headline\":\"Kraljevski par na sahrani Jelene Gen\u010di\u0107\",\"datePublished\":\"2013-06-05T00:00:00+00:00\",\"mainEntityOfPage\":{\"@id\":\"https:\\\/\\\/royalfamily.org\\\/lat\\\/kraljevski-par-na-sahrani-jelene-gencic\\\/\"},\"wordCount\":115,\"publisher\":{\"@id\":\"https:\\\/\\\/royalfamily.org\\\/#organization\"},\"articleSection\":[\"Vesti\"],\"inLanguage\":\"sr-LT\"},{\"@type\":\"WebPage\",\"@id\":\"https:\\\/\\\/royalfamily.org\\\/lat\\\/kraljevski-par-na-sahrani-jelene-gencic\\\/\",\"url\":\"https:\\\/\\\/royalfamily.org\\\/lat\\\/kraljevski-par-na-sahrani-jelene-gencic\\\/\",\"name\":\"Kraljevski par na sahrani Jelene Gen\u010di\u0107 - The Royal Family of Serbia\",\"isPartOf\":{\"@id\":\"https:\\\/\\\/royalfamily.org\\\/#website\"},\"datePublished\":\"2013-06-05T00:00:00+00:00\",\"description\":\"Njihova Kraljevska Viso\u010danstva Prestolonaslednik Aleksandar II i Princeza Katarina prisustvovali su danas u Beogradu sahrani g-\u0111e Jelene Gen\u010di\u0107, na\u0161e\",\"breadcrumb\":{\"@id\":\"https:\\\/\\\/royalfamily.org\\\/lat\\\/kraljevski-par-na-sahrani-jelene-gencic\\\/#breadcrumb\"},\"inLanguage\":\"sr-LT\",\"potentialAction\":[{\"@type\":\"ReadAction\",\"target\":[\"https:\\\/\\\/royalfamily.org\\\/lat\\\/kraljevski-par-na-sahrani-jelene-gencic\\\/\"]}]},{\"@type\":\"BreadcrumbList\",\"@id\":\"https:\\\/\\\/royalfamily.org\\\/lat\\\/kraljevski-par-na-sahrani-jelene-gencic\\\/#breadcrumb\",\"itemListElement\":[{\"@type\":\"ListItem\",\"position\":1,\"name\":\"Home\",\"item\":\"https:\\\/\\\/royalfamily.org\\\/lat\\\/\"},{\"@type\":\"ListItem\",\"position\":2,\"name\":\"Kraljevski par na sahrani Jelene Gen\u010di\u0107\"}]},{\"@type\":\"WebSite\",\"@id\":\"https:\\\/\\\/royalfamily.org\\\/#website\",\"url\":\"https:\\\/\\\/royalfamily.org\\\/\",\"name\":\"The Royal Family of Serbia\",\"description\":\"From the people, for the people\",\"publisher\":{\"@id\":\"https:\\\/\\\/royalfamily.org\\\/#organization\"},\"potentialAction\":[{\"@type\":\"SearchAction\",\"target\":{\"@type\":\"EntryPoint\",\"urlTemplate\":\"https:\\\/\\\/royalfamily.org\\\/?s={search_term_string}\"},\"query-input\":{\"@type\":\"PropertyValueSpecification\",\"valueRequired\":true,\"valueName\":\"search_term_string\"}}],\"inLanguage\":\"sr-LT\"},{\"@type\":\"Organization\",\"@id\":\"https:\\\/\\\/royalfamily.org\\\/#organization\",\"name\":\"Royal Family\",\"url\":\"https:\\\/\\\/royalfamily.org\\\/\",\"logo\":{\"@type\":\"ImageObject\",\"inLanguage\":\"sr-LT\",\"@id\":\"https:\\\/\\\/royalfamily.org\\\/#\\\/schema\\\/logo\\\/image\\\/\",\"url\":\"https:\\\/\\\/royalfamily.org\\\/wp-content\\\/uploads\\\/2019\\\/04\\\/logo-vector-02-V-latinica.png\",\"contentUrl\":\"https:\\\/\\\/royalfamily.org\\\/wp-content\\\/uploads\\\/2019\\\/04\\\/logo-vector-02-V-latinica.png\",\"width\":552,\"height\":99,\"caption\":\"Royal Family\"},\"image\":{\"@id\":\"https:\\\/\\\/royalfamily.org\\\/#\\\/schema\\\/logo\\\/image\\\/\"},\"sameAs\":[\"https:\\\/\\\/www.facebook.com\\\/Prestolonaslednik.Aleksandar\"]},{\"@type\":\"Person\",\"@id\":\"https:\\\/\\\/royalfamily.org\\\/#\\\/schema\\\/person\\\/49383a0c31232a928463939891db1ad5\",\"name\":\"Web Royal\",\"image\":{\"@type\":\"ImageObject\",\"inLanguage\":\"sr-LT\",\"@id\":\"https:\\\/\\\/secure.gravatar.com\\\/avatar\\\/8dbdbae4ed2a898dcf0dcd9d01bf41782c405af026744c66e6a62d6235a20271?s=96&d=mm&r=g\",\"url\":\"https:\\\/\\\/secure.gravatar.com\\\/avatar\\\/8dbdbae4ed2a898dcf0dcd9d01bf41782c405af026744c66e6a62d6235a20271?s=96&d=mm&r=g\",\"contentUrl\":\"https:\\\/\\\/secure.gravatar.com\\\/avatar\\\/8dbdbae4ed2a898dcf0dcd9d01bf41782c405af026744c66e6a62d6235a20271?s=96&d=mm&r=g\",\"caption\":\"Web Royal\"}}]}<\/script>\n<!-- \/ Yoast SEO Premium plugin. -->","yoast_head_json":{"title":"Kraljevski par na sahrani Jelene Gen\u010di\u0107 - The Royal Family of Serbia","description":"Njihova Kraljevska Viso\u010danstva Prestolonaslednik Aleksandar II i Princeza Katarina prisustvovali su danas u Beogradu sahrani g-\u0111e Jelene Gen\u010di\u0107, na\u0161e","robots":{"index":"index","follow":"follow","max-snippet":"max-snippet:-1","max-image-preview":"max-image-preview:large","max-video-preview":"max-video-preview:-1"},"canonical":"https:\/\/royalfamily.org\/lat\/kraljevski-par-na-sahrani-jelene-gencic\/","og_locale":"en_US","og_type":"article","og_title":"Kraljevski par na sahrani Jelene Gen\u010di\u0107","og_description":"Njihova Kraljevska Viso\u010danstva Prestolonaslednik Aleksandar II i Princeza Katarina prisustvovali su danas u Beogradu sahrani g-\u0111e Jelene Gen\u010di\u0107, na\u0161e","og_url":"https:\/\/royalfamily.org\/lat\/kraljevski-par-na-sahrani-jelene-gencic\/","og_site_name":"The Royal Family of Serbia","article_publisher":"https:\/\/www.facebook.com\/Prestolonaslednik.Aleksandar","article_published_time":"2013-06-05T00:00:00+00:00","author":"Web Royal","twitter_card":"summary_large_image","twitter_misc":{"Written by":"Web Royal","Est. reading time":"1 minute"},"schema":{"@context":"https:\/\/schema.org","@graph":[{"@type":"Article","@id":"https:\/\/royalfamily.org\/lat\/kraljevski-par-na-sahrani-jelene-gencic\/#article","isPartOf":{"@id":"https:\/\/royalfamily.org\/lat\/kraljevski-par-na-sahrani-jelene-gencic\/"},"author":{"name":"Web Royal","@id":"https:\/\/royalfamily.org\/#\/schema\/person\/49383a0c31232a928463939891db1ad5"},"headline":"Kraljevski par na sahrani Jelene Gen\u010di\u0107","datePublished":"2013-06-05T00:00:00+00:00","mainEntityOfPage":{"@id":"https:\/\/royalfamily.org\/lat\/kraljevski-par-na-sahrani-jelene-gencic\/"},"wordCount":115,"publisher":{"@id":"https:\/\/royalfamily.org\/#organization"},"articleSection":["Vesti"],"inLanguage":"sr-LT"},{"@type":"WebPage","@id":"https:\/\/royalfamily.org\/lat\/kraljevski-par-na-sahrani-jelene-gencic\/","url":"https:\/\/royalfamily.org\/lat\/kraljevski-par-na-sahrani-jelene-gencic\/","name":"Kraljevski par na sahrani Jelene Gen\u010di\u0107 - The Royal Family of Serbia","isPartOf":{"@id":"https:\/\/royalfamily.org\/#website"},"datePublished":"2013-06-05T00:00:00+00:00","description":"Njihova Kraljevska Viso\u010danstva Prestolonaslednik Aleksandar II i Princeza Katarina prisustvovali su danas u Beogradu sahrani g-\u0111e Jelene Gen\u010di\u0107, na\u0161e","breadcrumb":{"@id":"https:\/\/royalfamily.org\/lat\/kraljevski-par-na-sahrani-jelene-gencic\/#breadcrumb"},"inLanguage":"sr-LT","potentialAction":[{"@type":"ReadAction","target":["https:\/\/royalfamily.org\/lat\/kraljevski-par-na-sahrani-jelene-gencic\/"]}]},{"@type":"BreadcrumbList","@id":"https:\/\/royalfamily.org\/lat\/kraljevski-par-na-sahrani-jelene-gencic\/#breadcrumb","itemListElement":[{"@type":"ListItem","position":1,"name":"Home","item":"https:\/\/royalfamily.org\/lat\/"},{"@type":"ListItem","position":2,"name":"Kraljevski par na sahrani Jelene Gen\u010di\u0107"}]},{"@type":"WebSite","@id":"https:\/\/royalfamily.org\/#website","url":"https:\/\/royalfamily.org\/","name":"The Royal Family of Serbia","description":"From the people, for the people","publisher":{"@id":"https:\/\/royalfamily.org\/#organization"},"potentialAction":[{"@type":"SearchAction","target":{"@type":"EntryPoint","urlTemplate":"https:\/\/royalfamily.org\/?s={search_term_string}"},"query-input":{"@type":"PropertyValueSpecification","valueRequired":true,"valueName":"search_term_string"}}],"inLanguage":"sr-LT"},{"@type":"Organization","@id":"https:\/\/royalfamily.org\/#organization","name":"Royal Family","url":"https:\/\/royalfamily.org\/","logo":{"@type":"ImageObject","inLanguage":"sr-LT","@id":"https:\/\/royalfamily.org\/#\/schema\/logo\/image\/","url":"https:\/\/royalfamily.org\/wp-content\/uploads\/2019\/04\/logo-vector-02-V-latinica.png","contentUrl":"https:\/\/royalfamily.org\/wp-content\/uploads\/2019\/04\/logo-vector-02-V-latinica.png","width":552,"height":99,"caption":"Royal Family"},"image":{"@id":"https:\/\/royalfamily.org\/#\/schema\/logo\/image\/"},"sameAs":["https:\/\/www.facebook.com\/Prestolonaslednik.Aleksandar"]},{"@type":"Person","@id":"https:\/\/royalfamily.org\/#\/schema\/person\/49383a0c31232a928463939891db1ad5","name":"Web Royal","image":{"@type":"ImageObject","inLanguage":"sr-LT","@id":"https:\/\/secure.gravatar.com\/avatar\/8dbdbae4ed2a898dcf0dcd9d01bf41782c405af026744c66e6a62d6235a20271?s=96&d=mm&r=g","url":"https:\/\/secure.gravatar.com\/avatar\/8dbdbae4ed2a898dcf0dcd9d01bf41782c405af026744c66e6a62d6235a20271?s=96&d=mm&r=g","contentUrl":"https:\/\/secure.gravatar.com\/avatar\/8dbdbae4ed2a898dcf0dcd9d01bf41782c405af026744c66e6a62d6235a20271?s=96&d=mm&r=g","caption":"Web Royal"}}]}},"_links":{"self":[{"href":"https:\/\/royalfamily.org\/lat\/wp-json\/wp\/v2\/posts\/7144","targetHints":{"allow":["GET"]}}],"collection":[{"href":"https:\/\/royalfamily.org\/lat\/wp-json\/wp\/v2\/posts"}],"about":[{"href":"https:\/\/royalfamily.org\/lat\/wp-json\/wp\/v2\/types\/post"}],"author":[{"embeddable":true,"href":"https:\/\/royalfamily.org\/lat\/wp-json\/wp\/v2\/users\/1"}],"replies":[{"embeddable":true,"href":"https:\/\/royalfamily.org\/lat\/wp-json\/wp\/v2\/comments?post=7144"}],"version-history":[{"count":0,"href":"https:\/\/royalfamily.org\/lat\/wp-json\/wp\/v2\/posts\/7144\/revisions"}],"wp:attachment":[{"href":"https:\/\/royalfamily.org\/lat\/wp-json\/wp\/v2\/media?parent=7144"}],"wp:term":[{"taxonomy":"category","embeddable":true,"href":"https:\/\/royalfamily.org\/lat\/wp-json\/wp\/v2\/categories?post=7144"},{"taxonomy":"post_tag","embeddable":true,"href":"https:\/\/royalfamily.org\/lat\/wp-json\/wp\/v2\/tags?post=7144"}],"curies":[{"name":"wp","href":"https:\/\/api.w.org\/{rel}","templated":true}]}}