{"id":7147,"date":"2013-06-08T00:00:00","date_gmt":"2013-06-08T00:00:00","guid":{"rendered":"https:\/\/royalfamily.org\/kraljevski-par-na-svecanoj-akademiji-prvog-beogradskog-pevackog-drustva-povodom-160-godina-postojanja\/"},"modified":"2013-06-08T00:00:00","modified_gmt":"2013-06-08T00:00:00","slug":"kraljevski-par-na-svecanoj-akademiji-prvog-beogradskog-pevackog-drustva-povodom-160-godina-postojanja","status":"publish","type":"post","link":"https:\/\/royalfamily.org\/lat\/kraljevski-par-na-svecanoj-akademiji-prvog-beogradskog-pevackog-drustva-povodom-160-godina-postojanja\/","title":{"rendered":"Kraljevski par na sve\u010danoj akademiji Prvog beogradskog peva\u010dkog dru\u0161tva povodom 160 godina postojanja"},"content":{"rendered":"<p>Njihova Kraljevska Viso\u010danstva Prestolonaslednik Aleksandar II i Princeza Katarina prisustvovali su ve\u010deras sve\u010danoj akademiji povodom 160 godina postojanja i rada Prvog beogradskog peva\u010dkog dru\u0161tva u zadu\u017ebini Ilije M. Kolarca u Beogradu. Goste je pozdravio Njegova Svetost Patrijarh srpski G. Irinej, koji je govorio o slavnoj istoriji dru\u0161tva, kao i g-din Svetislav Bo\u017ei\u0107, kompozitor.\u00a0<\/p>\n<p>Njegovo Kraljevsko Viso\u010danstvo Prestolonaslednik Aleksadar II predao je ukaz o odlikovanju Ordenom Krune III stepena predsedniku dru\u0161tva, Protoprezviteru Petru Luki\u0107u, stare\u0161ini Saborne Crkve u Beogradu.<\/p>\n<p>Doga\u0111aju su prisustvovali i NJ.E. Nadbiskup Orlando Antonini, apostolski Nuncije, Nj.E. g-din Vladimir \u010cu\u0161ev, ambasador Belorusije, i mnogobrojni na\u0161i umetnici i javne li\u010dnosti.\u00a0<\/p>\n<p>Prvo beogradsko peva\u010dko dru\u0161tvo osnovano je 14. januara 1853. Tokom vremena postalo je ustanova od nacionalnog zna\u010daja koja \u010duva i nastavlja srpsku muzi\u010dku i kulturnu tradiciju.<\/p>\n<p>Bogata istorija Prvog beogradskog peva\u010dkog dru\u0161tva istovremeno je u velikoj meri i istorija kulture na\u0161e dr\u017eave.<\/p>\n<p>Najstariji hor u Srbiji tokom svoje bogate istorije bio je Kraljevski ambasador srpske kulture, koji je nastupao pred najve\u0107im evropskim vladarima. Pevao je na krunisanju svih srpskih Kraljeva i ustoli\u010denju srpskih Patrijarha. Dirigenti su mu bili najve\u0107i srpski kompozitori: Stevan Mokranjac, Kornelije Stankovi\u0107, Josif Marinkovi\u0107, Davorin Jenko, Stanislav Bini\u010dki, Kosta Manojlovi\u0107, Stevan Hristi\u0107 Milojevi\u0107, Aleskandar Gavanski, Vojislav Ili\u0107, Dimitrije Stefanovi\u0107, Du\u0161an Miladinovi\u0107, Bojan Su\u0111i\u0107, Divna Ljubojevi\u0107, Vladimir Milosavljevi\u0107. Svoje zlatno doba do\u017eiveo je pod upravom Stevana Stojanovi\u0107a Mokranjca, najve\u0107eg srpskog kompozitora. Ovo peva\u010dko dru\u0161tvo je u to vreme smatrano za jedan od najboljih svetskih horova. \u00a0<\/p>\n","protected":false},"excerpt":{"rendered":"<p>Njihova Kraljevska Viso\u010danstva Prestolonaslednik Aleksandar II i Princeza Katarina prisustvovali su ve\u010deras sve\u010danoj akademiji povodom  [&#8230;]<\/p>\n","protected":false},"author":1,"featured_media":0,"comment_status":"closed","ping_status":"open","sticky":false,"template":"","format":"standard","meta":{"_acf_changed":false,"footnotes":""},"categories":[22],"tags":[],"class_list":["post-7147","post","type-post","status-publish","format-standard","hentry","category-vesti"],"acf":[],"yoast_head":"<!-- This site is optimized with the Yoast SEO Premium plugin v27.4 (Yoast SEO v27.4) - https:\/\/yoast.com\/product\/yoast-seo-premium-wordpress\/ -->\n<title>Kraljevski par na sve\u010danoj akademiji Prvog beogradskog peva\u010dkog dru\u0161tva povodom 160 godina postojanja - The Royal Family of Serbia<\/title>\n<meta name=\"description\" content=\"Njihova Kraljevska Viso\u010danstva Prestolonaslednik Aleksandar II i Princeza Katarina prisustvovali su ve\u010deras sve\u010danoj akademiji povodom 160 godina\" \/>\n<meta name=\"robots\" content=\"index, follow, max-snippet:-1, max-image-preview:large, max-video-preview:-1\" \/>\n<link rel=\"canonical\" href=\"https:\/\/royalfamily.org\/lat\/kraljevski-par-na-svecanoj-akademiji-prvog-beogradskog-pevackog-drustva-povodom-160-godina-postojanja\/\" \/>\n<meta property=\"og:locale\" content=\"en_US\" \/>\n<meta property=\"og:type\" content=\"article\" \/>\n<meta property=\"og:title\" content=\"Kraljevski par na sve\u010danoj akademiji Prvog beogradskog peva\u010dkog dru\u0161tva povodom 160 godina postojanja\" \/>\n<meta property=\"og:description\" content=\"Njihova Kraljevska Viso\u010danstva Prestolonaslednik Aleksandar II i Princeza Katarina prisustvovali su ve\u010deras sve\u010danoj akademiji povodom 160 godina\" \/>\n<meta property=\"og:url\" content=\"https:\/\/royalfamily.org\/lat\/kraljevski-par-na-svecanoj-akademiji-prvog-beogradskog-pevackog-drustva-povodom-160-godina-postojanja\/\" \/>\n<meta property=\"og:site_name\" content=\"The Royal Family of Serbia\" \/>\n<meta property=\"article:publisher\" content=\"https:\/\/www.facebook.com\/Prestolonaslednik.Aleksandar\" \/>\n<meta property=\"article:published_time\" content=\"2013-06-08T00:00:00+00:00\" \/>\n<meta name=\"author\" content=\"Web Royal\" \/>\n<meta name=\"twitter:card\" content=\"summary_large_image\" \/>\n<meta name=\"twitter:label1\" content=\"Written by\" \/>\n\t<meta name=\"twitter:data1\" content=\"Web Royal\" \/>\n\t<meta name=\"twitter:label2\" content=\"Est. reading time\" \/>\n\t<meta name=\"twitter:data2\" content=\"1 minute\" \/>\n<script type=\"application\/ld+json\" class=\"yoast-schema-graph\">{\"@context\":\"https:\\\/\\\/schema.org\",\"@graph\":[{\"@type\":\"Article\",\"@id\":\"https:\\\/\\\/royalfamily.org\\\/lat\\\/kraljevski-par-na-svecanoj-akademiji-prvog-beogradskog-pevackog-drustva-povodom-160-godina-postojanja\\\/#article\",\"isPartOf\":{\"@id\":\"https:\\\/\\\/royalfamily.org\\\/lat\\\/kraljevski-par-na-svecanoj-akademiji-prvog-beogradskog-pevackog-drustva-povodom-160-godina-postojanja\\\/\"},\"author\":{\"name\":\"Web Royal\",\"@id\":\"https:\\\/\\\/royalfamily.org\\\/#\\\/schema\\\/person\\\/49383a0c31232a928463939891db1ad5\"},\"headline\":\"Kraljevski par na sve\u010danoj akademiji Prvog beogradskog peva\u010dkog dru\u0161tva povodom 160 godina postojanja\",\"datePublished\":\"2013-06-08T00:00:00+00:00\",\"mainEntityOfPage\":{\"@id\":\"https:\\\/\\\/royalfamily.org\\\/lat\\\/kraljevski-par-na-svecanoj-akademiji-prvog-beogradskog-pevackog-drustva-povodom-160-godina-postojanja\\\/\"},\"wordCount\":287,\"publisher\":{\"@id\":\"https:\\\/\\\/royalfamily.org\\\/#organization\"},\"articleSection\":[\"Vesti\"],\"inLanguage\":\"sr-LT\"},{\"@type\":\"WebPage\",\"@id\":\"https:\\\/\\\/royalfamily.org\\\/lat\\\/kraljevski-par-na-svecanoj-akademiji-prvog-beogradskog-pevackog-drustva-povodom-160-godina-postojanja\\\/\",\"url\":\"https:\\\/\\\/royalfamily.org\\\/lat\\\/kraljevski-par-na-svecanoj-akademiji-prvog-beogradskog-pevackog-drustva-povodom-160-godina-postojanja\\\/\",\"name\":\"Kraljevski par na sve\u010danoj akademiji Prvog beogradskog peva\u010dkog dru\u0161tva povodom 160 godina postojanja - The Royal Family of Serbia\",\"isPartOf\":{\"@id\":\"https:\\\/\\\/royalfamily.org\\\/#website\"},\"datePublished\":\"2013-06-08T00:00:00+00:00\",\"description\":\"Njihova Kraljevska Viso\u010danstva Prestolonaslednik Aleksandar II i Princeza Katarina prisustvovali su ve\u010deras sve\u010danoj akademiji povodom 160 godina\",\"breadcrumb\":{\"@id\":\"https:\\\/\\\/royalfamily.org\\\/lat\\\/kraljevski-par-na-svecanoj-akademiji-prvog-beogradskog-pevackog-drustva-povodom-160-godina-postojanja\\\/#breadcrumb\"},\"inLanguage\":\"sr-LT\",\"potentialAction\":[{\"@type\":\"ReadAction\",\"target\":[\"https:\\\/\\\/royalfamily.org\\\/lat\\\/kraljevski-par-na-svecanoj-akademiji-prvog-beogradskog-pevackog-drustva-povodom-160-godina-postojanja\\\/\"]}]},{\"@type\":\"BreadcrumbList\",\"@id\":\"https:\\\/\\\/royalfamily.org\\\/lat\\\/kraljevski-par-na-svecanoj-akademiji-prvog-beogradskog-pevackog-drustva-povodom-160-godina-postojanja\\\/#breadcrumb\",\"itemListElement\":[{\"@type\":\"ListItem\",\"position\":1,\"name\":\"Home\",\"item\":\"https:\\\/\\\/royalfamily.org\\\/lat\\\/\"},{\"@type\":\"ListItem\",\"position\":2,\"name\":\"Kraljevski par na sve\u010danoj akademiji Prvog beogradskog peva\u010dkog dru\u0161tva povodom 160 godina postojanja\"}]},{\"@type\":\"WebSite\",\"@id\":\"https:\\\/\\\/royalfamily.org\\\/#website\",\"url\":\"https:\\\/\\\/royalfamily.org\\\/\",\"name\":\"The Royal Family of Serbia\",\"description\":\"From the people, for the people\",\"publisher\":{\"@id\":\"https:\\\/\\\/royalfamily.org\\\/#organization\"},\"potentialAction\":[{\"@type\":\"SearchAction\",\"target\":{\"@type\":\"EntryPoint\",\"urlTemplate\":\"https:\\\/\\\/royalfamily.org\\\/?s={search_term_string}\"},\"query-input\":{\"@type\":\"PropertyValueSpecification\",\"valueRequired\":true,\"valueName\":\"search_term_string\"}}],\"inLanguage\":\"sr-LT\"},{\"@type\":\"Organization\",\"@id\":\"https:\\\/\\\/royalfamily.org\\\/#organization\",\"name\":\"Royal Family\",\"url\":\"https:\\\/\\\/royalfamily.org\\\/\",\"logo\":{\"@type\":\"ImageObject\",\"inLanguage\":\"sr-LT\",\"@id\":\"https:\\\/\\\/royalfamily.org\\\/#\\\/schema\\\/logo\\\/image\\\/\",\"url\":\"https:\\\/\\\/royalfamily.org\\\/wp-content\\\/uploads\\\/2019\\\/04\\\/logo-vector-02-V-latinica.png\",\"contentUrl\":\"https:\\\/\\\/royalfamily.org\\\/wp-content\\\/uploads\\\/2019\\\/04\\\/logo-vector-02-V-latinica.png\",\"width\":552,\"height\":99,\"caption\":\"Royal Family\"},\"image\":{\"@id\":\"https:\\\/\\\/royalfamily.org\\\/#\\\/schema\\\/logo\\\/image\\\/\"},\"sameAs\":[\"https:\\\/\\\/www.facebook.com\\\/Prestolonaslednik.Aleksandar\"]},{\"@type\":\"Person\",\"@id\":\"https:\\\/\\\/royalfamily.org\\\/#\\\/schema\\\/person\\\/49383a0c31232a928463939891db1ad5\",\"name\":\"Web Royal\",\"image\":{\"@type\":\"ImageObject\",\"inLanguage\":\"sr-LT\",\"@id\":\"https:\\\/\\\/secure.gravatar.com\\\/avatar\\\/8dbdbae4ed2a898dcf0dcd9d01bf41782c405af026744c66e6a62d6235a20271?s=96&d=mm&r=g\",\"url\":\"https:\\\/\\\/secure.gravatar.com\\\/avatar\\\/8dbdbae4ed2a898dcf0dcd9d01bf41782c405af026744c66e6a62d6235a20271?s=96&d=mm&r=g\",\"contentUrl\":\"https:\\\/\\\/secure.gravatar.com\\\/avatar\\\/8dbdbae4ed2a898dcf0dcd9d01bf41782c405af026744c66e6a62d6235a20271?s=96&d=mm&r=g\",\"caption\":\"Web Royal\"}}]}<\/script>\n<!-- \/ Yoast SEO Premium plugin. -->","yoast_head_json":{"title":"Kraljevski par na sve\u010danoj akademiji Prvog beogradskog peva\u010dkog dru\u0161tva povodom 160 godina postojanja - The Royal Family of Serbia","description":"Njihova Kraljevska Viso\u010danstva Prestolonaslednik Aleksandar II i Princeza Katarina prisustvovali su ve\u010deras sve\u010danoj akademiji povodom 160 godina","robots":{"index":"index","follow":"follow","max-snippet":"max-snippet:-1","max-image-preview":"max-image-preview:large","max-video-preview":"max-video-preview:-1"},"canonical":"https:\/\/royalfamily.org\/lat\/kraljevski-par-na-svecanoj-akademiji-prvog-beogradskog-pevackog-drustva-povodom-160-godina-postojanja\/","og_locale":"en_US","og_type":"article","og_title":"Kraljevski par na sve\u010danoj akademiji Prvog beogradskog peva\u010dkog dru\u0161tva povodom 160 godina postojanja","og_description":"Njihova Kraljevska Viso\u010danstva Prestolonaslednik Aleksandar II i Princeza Katarina prisustvovali su ve\u010deras sve\u010danoj akademiji povodom 160 godina","og_url":"https:\/\/royalfamily.org\/lat\/kraljevski-par-na-svecanoj-akademiji-prvog-beogradskog-pevackog-drustva-povodom-160-godina-postojanja\/","og_site_name":"The Royal Family of Serbia","article_publisher":"https:\/\/www.facebook.com\/Prestolonaslednik.Aleksandar","article_published_time":"2013-06-08T00:00:00+00:00","author":"Web Royal","twitter_card":"summary_large_image","twitter_misc":{"Written by":"Web Royal","Est. reading time":"1 minute"},"schema":{"@context":"https:\/\/schema.org","@graph":[{"@type":"Article","@id":"https:\/\/royalfamily.org\/lat\/kraljevski-par-na-svecanoj-akademiji-prvog-beogradskog-pevackog-drustva-povodom-160-godina-postojanja\/#article","isPartOf":{"@id":"https:\/\/royalfamily.org\/lat\/kraljevski-par-na-svecanoj-akademiji-prvog-beogradskog-pevackog-drustva-povodom-160-godina-postojanja\/"},"author":{"name":"Web Royal","@id":"https:\/\/royalfamily.org\/#\/schema\/person\/49383a0c31232a928463939891db1ad5"},"headline":"Kraljevski par na sve\u010danoj akademiji Prvog beogradskog peva\u010dkog dru\u0161tva povodom 160 godina postojanja","datePublished":"2013-06-08T00:00:00+00:00","mainEntityOfPage":{"@id":"https:\/\/royalfamily.org\/lat\/kraljevski-par-na-svecanoj-akademiji-prvog-beogradskog-pevackog-drustva-povodom-160-godina-postojanja\/"},"wordCount":287,"publisher":{"@id":"https:\/\/royalfamily.org\/#organization"},"articleSection":["Vesti"],"inLanguage":"sr-LT"},{"@type":"WebPage","@id":"https:\/\/royalfamily.org\/lat\/kraljevski-par-na-svecanoj-akademiji-prvog-beogradskog-pevackog-drustva-povodom-160-godina-postojanja\/","url":"https:\/\/royalfamily.org\/lat\/kraljevski-par-na-svecanoj-akademiji-prvog-beogradskog-pevackog-drustva-povodom-160-godina-postojanja\/","name":"Kraljevski par na sve\u010danoj akademiji Prvog beogradskog peva\u010dkog dru\u0161tva povodom 160 godina postojanja - The Royal Family of Serbia","isPartOf":{"@id":"https:\/\/royalfamily.org\/#website"},"datePublished":"2013-06-08T00:00:00+00:00","description":"Njihova Kraljevska Viso\u010danstva Prestolonaslednik Aleksandar II i Princeza Katarina prisustvovali su ve\u010deras sve\u010danoj akademiji povodom 160 godina","breadcrumb":{"@id":"https:\/\/royalfamily.org\/lat\/kraljevski-par-na-svecanoj-akademiji-prvog-beogradskog-pevackog-drustva-povodom-160-godina-postojanja\/#breadcrumb"},"inLanguage":"sr-LT","potentialAction":[{"@type":"ReadAction","target":["https:\/\/royalfamily.org\/lat\/kraljevski-par-na-svecanoj-akademiji-prvog-beogradskog-pevackog-drustva-povodom-160-godina-postojanja\/"]}]},{"@type":"BreadcrumbList","@id":"https:\/\/royalfamily.org\/lat\/kraljevski-par-na-svecanoj-akademiji-prvog-beogradskog-pevackog-drustva-povodom-160-godina-postojanja\/#breadcrumb","itemListElement":[{"@type":"ListItem","position":1,"name":"Home","item":"https:\/\/royalfamily.org\/lat\/"},{"@type":"ListItem","position":2,"name":"Kraljevski par na sve\u010danoj akademiji Prvog beogradskog peva\u010dkog dru\u0161tva povodom 160 godina postojanja"}]},{"@type":"WebSite","@id":"https:\/\/royalfamily.org\/#website","url":"https:\/\/royalfamily.org\/","name":"The Royal Family of Serbia","description":"From the people, for the people","publisher":{"@id":"https:\/\/royalfamily.org\/#organization"},"potentialAction":[{"@type":"SearchAction","target":{"@type":"EntryPoint","urlTemplate":"https:\/\/royalfamily.org\/?s={search_term_string}"},"query-input":{"@type":"PropertyValueSpecification","valueRequired":true,"valueName":"search_term_string"}}],"inLanguage":"sr-LT"},{"@type":"Organization","@id":"https:\/\/royalfamily.org\/#organization","name":"Royal Family","url":"https:\/\/royalfamily.org\/","logo":{"@type":"ImageObject","inLanguage":"sr-LT","@id":"https:\/\/royalfamily.org\/#\/schema\/logo\/image\/","url":"https:\/\/royalfamily.org\/wp-content\/uploads\/2019\/04\/logo-vector-02-V-latinica.png","contentUrl":"https:\/\/royalfamily.org\/wp-content\/uploads\/2019\/04\/logo-vector-02-V-latinica.png","width":552,"height":99,"caption":"Royal Family"},"image":{"@id":"https:\/\/royalfamily.org\/#\/schema\/logo\/image\/"},"sameAs":["https:\/\/www.facebook.com\/Prestolonaslednik.Aleksandar"]},{"@type":"Person","@id":"https:\/\/royalfamily.org\/#\/schema\/person\/49383a0c31232a928463939891db1ad5","name":"Web Royal","image":{"@type":"ImageObject","inLanguage":"sr-LT","@id":"https:\/\/secure.gravatar.com\/avatar\/8dbdbae4ed2a898dcf0dcd9d01bf41782c405af026744c66e6a62d6235a20271?s=96&d=mm&r=g","url":"https:\/\/secure.gravatar.com\/avatar\/8dbdbae4ed2a898dcf0dcd9d01bf41782c405af026744c66e6a62d6235a20271?s=96&d=mm&r=g","contentUrl":"https:\/\/secure.gravatar.com\/avatar\/8dbdbae4ed2a898dcf0dcd9d01bf41782c405af026744c66e6a62d6235a20271?s=96&d=mm&r=g","caption":"Web Royal"}}]}},"_links":{"self":[{"href":"https:\/\/royalfamily.org\/lat\/wp-json\/wp\/v2\/posts\/7147","targetHints":{"allow":["GET"]}}],"collection":[{"href":"https:\/\/royalfamily.org\/lat\/wp-json\/wp\/v2\/posts"}],"about":[{"href":"https:\/\/royalfamily.org\/lat\/wp-json\/wp\/v2\/types\/post"}],"author":[{"embeddable":true,"href":"https:\/\/royalfamily.org\/lat\/wp-json\/wp\/v2\/users\/1"}],"replies":[{"embeddable":true,"href":"https:\/\/royalfamily.org\/lat\/wp-json\/wp\/v2\/comments?post=7147"}],"version-history":[{"count":0,"href":"https:\/\/royalfamily.org\/lat\/wp-json\/wp\/v2\/posts\/7147\/revisions"}],"wp:attachment":[{"href":"https:\/\/royalfamily.org\/lat\/wp-json\/wp\/v2\/media?parent=7147"}],"wp:term":[{"taxonomy":"category","embeddable":true,"href":"https:\/\/royalfamily.org\/lat\/wp-json\/wp\/v2\/categories?post=7147"},{"taxonomy":"post_tag","embeddable":true,"href":"https:\/\/royalfamily.org\/lat\/wp-json\/wp\/v2\/tags?post=7147"}],"curies":[{"name":"wp","href":"https:\/\/api.w.org\/{rel}","templated":true}]}}