{"id":77495,"date":"2020-12-02T11:20:00","date_gmt":"2020-12-02T10:20:00","guid":{"rendered":"http:\/\/royalfamily.org\/?p=77495"},"modified":"2020-12-02T11:20:00","modified_gmt":"2020-12-02T11:20:00","slug":"princeza-katarina-povodom-medunarodnog-dana-osoba-sa-invaliditetom","status":"publish","type":"post","link":"https:\/\/royalfamily.org\/lat\/princeza-katarina-povodom-medunarodnog-dana-osoba-sa-invaliditetom\/","title":{"rendered":"PRINCEZA KATARINA POVODOM ME\u0110UNARODNOG DANA OSOBA SA INVALIDITETOM"},"content":{"rendered":"<div class=\"fusion-fullwidth fullwidth-box fusion-builder-row-1 fusion-flex-container nonhundred-percent-fullwidth non-hundred-percent-height-scrolling\" style=\"--awb-border-radius-top-left:0px;--awb-border-radius-top-right:0px;--awb-border-radius-bottom-right:0px;--awb-border-radius-bottom-left:0px;--awb-flex-wrap:wrap;\" ><div class=\"fusion-builder-row fusion-row fusion-flex-align-items-flex-start fusion-flex-content-wrap\" style=\"max-width:1227.2px;margin-left: calc(-4% \/ 2 );margin-right: calc(-4% \/ 2 );\"><div class=\"fusion-layout-column fusion_builder_column fusion-builder-column-0 fusion_builder_column_1_1 1_1 fusion-flex-column\" style=\"--awb-bg-size:cover;--awb-width-large:100%;--awb-margin-top-large:0px;--awb-spacing-right-large:1.92%;--awb-margin-bottom-large:20px;--awb-spacing-left-large:1.92%;--awb-width-medium:100%;--awb-order-medium:0;--awb-spacing-right-medium:1.92%;--awb-spacing-left-medium:1.92%;--awb-width-small:100%;--awb-order-small:0;--awb-spacing-right-small:1.92%;--awb-spacing-left-small:1.92%;\"><div class=\"fusion-column-wrapper fusion-column-has-shadow fusion-flex-justify-content-flex-start fusion-content-layout-column\"><div class=\"fusion-text fusion-text-1\"><p>Me\u0111unarodni dan osoba sa invaliditetom obele\u017eava se 3. decembra sa ciljem podizanja svesti o izazovima sa kojim se pripadnici ove dru\u0161tvene grupe svakodnevno susre\u0107u. Zadatak dru\u0161tva je da se svi zajedno borimo za jednakost i da se osobama sa invaliditetom omogu\u0107i pristupa\u010dnost, neometano kretanje, kao i potpuno u\u017eivanje ljudskih prava i aktivno u\u010de\u0161\u0107e u zajednici.<\/p>\n<p>Fondacija Nj.K.V. Princeze Katarine u Beogradu zajedno sa humanitarnom organizacijom Lajflajn iz inostranstva, koja ima kancelarije u \u010cikagu, Njujorku, Torontu, Londonu i Atini i \u010diji je Princeza Katarina pokrovitelj, ve\u0107 decenijama unazad nesebi\u010dnim donacijama poma\u017ee ljudima sa invaliditetom. Do sada je donirano vi\u0161e od 700 invalidskih kolica specijalizovanim zdravstvenim ustanovama \u0161irom Srbije, lift za decu sa posebnim potrebama u Kikindi, taktilne staze u Kru\u0161evcu, oprema za skrining sluha, interaktivne table za decu sa o\u0161te\u0107enim sluhom u Beogradu, putovanje za decu sa o\u0161te\u0107enim sluhom u trening kamp u Detroitu, Mi\u010digenu i jo\u0161 mnogo toga.<\/p>\n<p>\u201eLjudi sa invaliditetom zaslu\u017euju jednakost i ravnopravnost u dru\u0161tvu. Sre\u0107ni smo \u0161to mo\u017eemo da pomognemo i da im ovim donacijama bar malo olak\u0161amo \u017eivot i svakodnevne aktivnosti. Invaliditet nije spre\u010dio mnoge sjajne ljude da ostvare velika dostignu\u0107a u razli\u010ditim oblastima. Ameri\u010dki predsednik koji je uspe\u0161no vodio svoju zemlju do pobede u Drugom svetskom ratu Frenklin Ruzvelt, \u010duveni fizi\u010dar Stiven Hoking, slikarka Frida Kalo, jedan od najpoznatijih kompozitora Ludvig Van Betoven i knji\u017eevnica i aktivistkinja Helen Keler, samo su neki od neverovatnih svetskih umova sa invaliditetom \u010diji \u0107e se uspesi slaviti i u budu\u0107nosti. Me\u0111usobnim prihvatanjem i po\u0161tovanjem razli\u010ditosti, zajedno pretvaramo svet u bolje mesto za \u017eivot\u201d, rekla je Princeza Katarina.<\/p>\n<\/div><\/div><\/div><\/div><\/div>\n","protected":false},"excerpt":{"rendered":"","protected":false},"author":1001015,"featured_media":77492,"comment_status":"closed","ping_status":"closed","sticky":false,"template":"","format":"standard","meta":{"_acf_changed":false,"footnotes":""},"categories":[22],"tags":[],"class_list":["post-77495","post","type-post","status-publish","format-standard","has-post-thumbnail","hentry","category-vesti"],"acf":[],"yoast_head":"<!-- This site is optimized with the Yoast SEO Premium plugin v27.4 (Yoast SEO v27.4) - https:\/\/yoast.com\/product\/yoast-seo-premium-wordpress\/ -->\n<title>PRINCEZA KATARINA POVODOM ME\u0110UNARODNOG DANA OSOBA SA INVALIDITETOM - The Royal Family of Serbia<\/title>\n<meta name=\"robots\" content=\"index, follow, max-snippet:-1, max-image-preview:large, max-video-preview:-1\" \/>\n<link rel=\"canonical\" href=\"https:\/\/royalfamily.org\/lat\/princeza-katarina-povodom-medunarodnog-dana-osoba-sa-invaliditetom\/\" \/>\n<meta property=\"og:locale\" content=\"en_US\" \/>\n<meta property=\"og:type\" content=\"article\" \/>\n<meta property=\"og:title\" content=\"PRINCEZA KATARINA POVODOM ME\u0110UNARODNOG DANA OSOBA SA INVALIDITETOM\" \/>\n<meta property=\"og:url\" content=\"https:\/\/royalfamily.org\/lat\/princeza-katarina-povodom-medunarodnog-dana-osoba-sa-invaliditetom\/\" \/>\n<meta property=\"og:site_name\" content=\"The Royal Family of Serbia\" \/>\n<meta property=\"article:publisher\" content=\"https:\/\/www.facebook.com\/Prestolonaslednik.Aleksandar\" \/>\n<meta property=\"article:published_time\" content=\"2020-12-02T10:20:00+00:00\" \/>\n<meta property=\"article:modified_time\" content=\"2020-12-02T11:20:00+00:00\" \/>\n<meta property=\"og:image\" content=\"https:\/\/royalfamily.org\/wp-content\/uploads\/2020\/12\/donacija-dvor_-e1607357748657.jpg\" \/>\n\t<meta property=\"og:image:width\" content=\"740\" \/>\n\t<meta property=\"og:image:height\" content=\"360\" \/>\n\t<meta property=\"og:image:type\" content=\"image\/jpeg\" \/>\n<meta name=\"author\" content=\"Stefan Milanovic\" \/>\n<meta name=\"twitter:card\" content=\"summary_large_image\" \/>\n<meta name=\"twitter:label1\" content=\"Written by\" \/>\n\t<meta name=\"twitter:data1\" content=\"Stefan Milanovic\" \/>\n\t<meta name=\"twitter:label2\" content=\"Est. reading time\" \/>\n\t<meta name=\"twitter:data2\" content=\"4 minutes\" \/>\n<script type=\"application\/ld+json\" class=\"yoast-schema-graph\">{\"@context\":\"https:\\\/\\\/schema.org\",\"@graph\":[{\"@type\":\"Article\",\"@id\":\"https:\\\/\\\/royalfamily.org\\\/lat\\\/princeza-katarina-povodom-medunarodnog-dana-osoba-sa-invaliditetom\\\/#article\",\"isPartOf\":{\"@id\":\"https:\\\/\\\/royalfamily.org\\\/lat\\\/princeza-katarina-povodom-medunarodnog-dana-osoba-sa-invaliditetom\\\/\"},\"author\":{\"name\":\"Stefan Milanovic\",\"@id\":\"https:\\\/\\\/royalfamily.org\\\/#\\\/schema\\\/person\\\/4ad3296a6a8a35eed333b6a785e9f648\"},\"headline\":\"PRINCEZA KATARINA POVODOM ME\u0110UNARODNOG DANA OSOBA SA INVALIDITETOM\",\"datePublished\":\"2020-12-02T10:20:00+00:00\",\"dateModified\":\"2020-12-02T11:20:00+00:00\",\"mainEntityOfPage\":{\"@id\":\"https:\\\/\\\/royalfamily.org\\\/lat\\\/princeza-katarina-povodom-medunarodnog-dana-osoba-sa-invaliditetom\\\/\"},\"wordCount\":890,\"publisher\":{\"@id\":\"https:\\\/\\\/royalfamily.org\\\/#organization\"},\"image\":{\"@id\":\"https:\\\/\\\/royalfamily.org\\\/lat\\\/princeza-katarina-povodom-medunarodnog-dana-osoba-sa-invaliditetom\\\/#primaryimage\"},\"thumbnailUrl\":\"https:\\\/\\\/royalfamily.org\\\/wp-content\\\/uploads\\\/2020\\\/12\\\/donacija-dvor_-e1607357748657.jpg\",\"articleSection\":[\"Vesti\"],\"inLanguage\":\"sr-LT\"},{\"@type\":\"WebPage\",\"@id\":\"https:\\\/\\\/royalfamily.org\\\/lat\\\/princeza-katarina-povodom-medunarodnog-dana-osoba-sa-invaliditetom\\\/\",\"url\":\"https:\\\/\\\/royalfamily.org\\\/lat\\\/princeza-katarina-povodom-medunarodnog-dana-osoba-sa-invaliditetom\\\/\",\"name\":\"PRINCEZA KATARINA POVODOM ME\u0110UNARODNOG DANA OSOBA SA INVALIDITETOM - The Royal Family of Serbia\",\"isPartOf\":{\"@id\":\"https:\\\/\\\/royalfamily.org\\\/#website\"},\"primaryImageOfPage\":{\"@id\":\"https:\\\/\\\/royalfamily.org\\\/lat\\\/princeza-katarina-povodom-medunarodnog-dana-osoba-sa-invaliditetom\\\/#primaryimage\"},\"image\":{\"@id\":\"https:\\\/\\\/royalfamily.org\\\/lat\\\/princeza-katarina-povodom-medunarodnog-dana-osoba-sa-invaliditetom\\\/#primaryimage\"},\"thumbnailUrl\":\"https:\\\/\\\/royalfamily.org\\\/wp-content\\\/uploads\\\/2020\\\/12\\\/donacija-dvor_-e1607357748657.jpg\",\"datePublished\":\"2020-12-02T10:20:00+00:00\",\"dateModified\":\"2020-12-02T11:20:00+00:00\",\"breadcrumb\":{\"@id\":\"https:\\\/\\\/royalfamily.org\\\/lat\\\/princeza-katarina-povodom-medunarodnog-dana-osoba-sa-invaliditetom\\\/#breadcrumb\"},\"inLanguage\":\"sr-LT\",\"potentialAction\":[{\"@type\":\"ReadAction\",\"target\":[\"https:\\\/\\\/royalfamily.org\\\/lat\\\/princeza-katarina-povodom-medunarodnog-dana-osoba-sa-invaliditetom\\\/\"]}]},{\"@type\":\"ImageObject\",\"inLanguage\":\"sr-LT\",\"@id\":\"https:\\\/\\\/royalfamily.org\\\/lat\\\/princeza-katarina-povodom-medunarodnog-dana-osoba-sa-invaliditetom\\\/#primaryimage\",\"url\":\"https:\\\/\\\/royalfamily.org\\\/wp-content\\\/uploads\\\/2020\\\/12\\\/donacija-dvor_-e1607357748657.jpg\",\"contentUrl\":\"https:\\\/\\\/royalfamily.org\\\/wp-content\\\/uploads\\\/2020\\\/12\\\/donacija-dvor_-e1607357748657.jpg\",\"width\":740,\"height\":360,\"caption\":\"CROWN PRINCESS KATHERINE INTERNATIONAL DAY OF PERSONS WITH DISABILITIES\"},{\"@type\":\"BreadcrumbList\",\"@id\":\"https:\\\/\\\/royalfamily.org\\\/lat\\\/princeza-katarina-povodom-medunarodnog-dana-osoba-sa-invaliditetom\\\/#breadcrumb\",\"itemListElement\":[{\"@type\":\"ListItem\",\"position\":1,\"name\":\"Home\",\"item\":\"https:\\\/\\\/royalfamily.org\\\/lat\\\/\"},{\"@type\":\"ListItem\",\"position\":2,\"name\":\"PRINCEZA KATARINA POVODOM ME\u0110UNARODNOG DANA OSOBA SA INVALIDITETOM\"}]},{\"@type\":\"WebSite\",\"@id\":\"https:\\\/\\\/royalfamily.org\\\/#website\",\"url\":\"https:\\\/\\\/royalfamily.org\\\/\",\"name\":\"The Royal Family of Serbia\",\"description\":\"From the people, for the people\",\"publisher\":{\"@id\":\"https:\\\/\\\/royalfamily.org\\\/#organization\"},\"potentialAction\":[{\"@type\":\"SearchAction\",\"target\":{\"@type\":\"EntryPoint\",\"urlTemplate\":\"https:\\\/\\\/royalfamily.org\\\/?s={search_term_string}\"},\"query-input\":{\"@type\":\"PropertyValueSpecification\",\"valueRequired\":true,\"valueName\":\"search_term_string\"}}],\"inLanguage\":\"sr-LT\"},{\"@type\":\"Organization\",\"@id\":\"https:\\\/\\\/royalfamily.org\\\/#organization\",\"name\":\"Royal Family\",\"url\":\"https:\\\/\\\/royalfamily.org\\\/\",\"logo\":{\"@type\":\"ImageObject\",\"inLanguage\":\"sr-LT\",\"@id\":\"https:\\\/\\\/royalfamily.org\\\/#\\\/schema\\\/logo\\\/image\\\/\",\"url\":\"https:\\\/\\\/royalfamily.org\\\/wp-content\\\/uploads\\\/2019\\\/04\\\/logo-vector-02-V-latinica.png\",\"contentUrl\":\"https:\\\/\\\/royalfamily.org\\\/wp-content\\\/uploads\\\/2019\\\/04\\\/logo-vector-02-V-latinica.png\",\"width\":552,\"height\":99,\"caption\":\"Royal Family\"},\"image\":{\"@id\":\"https:\\\/\\\/royalfamily.org\\\/#\\\/schema\\\/logo\\\/image\\\/\"},\"sameAs\":[\"https:\\\/\\\/www.facebook.com\\\/Prestolonaslednik.Aleksandar\"]},{\"@type\":\"Person\",\"@id\":\"https:\\\/\\\/royalfamily.org\\\/#\\\/schema\\\/person\\\/4ad3296a6a8a35eed333b6a785e9f648\",\"name\":\"Stefan Milanovic\",\"image\":{\"@type\":\"ImageObject\",\"inLanguage\":\"sr-LT\",\"@id\":\"https:\\\/\\\/secure.gravatar.com\\\/avatar\\\/92dcbdcf3e32112a9ceb1e41665b1f44c69382d014cacfe12c701f6af7c40259?s=96&d=mm&r=g\",\"url\":\"https:\\\/\\\/secure.gravatar.com\\\/avatar\\\/92dcbdcf3e32112a9ceb1e41665b1f44c69382d014cacfe12c701f6af7c40259?s=96&d=mm&r=g\",\"contentUrl\":\"https:\\\/\\\/secure.gravatar.com\\\/avatar\\\/92dcbdcf3e32112a9ceb1e41665b1f44c69382d014cacfe12c701f6af7c40259?s=96&d=mm&r=g\",\"caption\":\"Stefan Milanovic\"}}]}<\/script>\n<!-- \/ Yoast SEO Premium plugin. -->","yoast_head_json":{"title":"PRINCEZA KATARINA POVODOM ME\u0110UNARODNOG DANA OSOBA SA INVALIDITETOM - The Royal Family of Serbia","robots":{"index":"index","follow":"follow","max-snippet":"max-snippet:-1","max-image-preview":"max-image-preview:large","max-video-preview":"max-video-preview:-1"},"canonical":"https:\/\/royalfamily.org\/lat\/princeza-katarina-povodom-medunarodnog-dana-osoba-sa-invaliditetom\/","og_locale":"en_US","og_type":"article","og_title":"PRINCEZA KATARINA POVODOM ME\u0110UNARODNOG DANA OSOBA SA INVALIDITETOM","og_url":"https:\/\/royalfamily.org\/lat\/princeza-katarina-povodom-medunarodnog-dana-osoba-sa-invaliditetom\/","og_site_name":"The Royal Family of Serbia","article_publisher":"https:\/\/www.facebook.com\/Prestolonaslednik.Aleksandar","article_published_time":"2020-12-02T10:20:00+00:00","article_modified_time":"2020-12-02T11:20:00+00:00","og_image":[{"width":740,"height":360,"url":"https:\/\/royalfamily.org\/wp-content\/uploads\/2020\/12\/donacija-dvor_-e1607357748657.jpg","type":"image\/jpeg"}],"author":"Stefan Milanovic","twitter_card":"summary_large_image","twitter_misc":{"Written by":"Stefan Milanovic","Est. reading time":"4 minutes"},"schema":{"@context":"https:\/\/schema.org","@graph":[{"@type":"Article","@id":"https:\/\/royalfamily.org\/lat\/princeza-katarina-povodom-medunarodnog-dana-osoba-sa-invaliditetom\/#article","isPartOf":{"@id":"https:\/\/royalfamily.org\/lat\/princeza-katarina-povodom-medunarodnog-dana-osoba-sa-invaliditetom\/"},"author":{"name":"Stefan Milanovic","@id":"https:\/\/royalfamily.org\/#\/schema\/person\/4ad3296a6a8a35eed333b6a785e9f648"},"headline":"PRINCEZA KATARINA POVODOM ME\u0110UNARODNOG DANA OSOBA SA INVALIDITETOM","datePublished":"2020-12-02T10:20:00+00:00","dateModified":"2020-12-02T11:20:00+00:00","mainEntityOfPage":{"@id":"https:\/\/royalfamily.org\/lat\/princeza-katarina-povodom-medunarodnog-dana-osoba-sa-invaliditetom\/"},"wordCount":890,"publisher":{"@id":"https:\/\/royalfamily.org\/#organization"},"image":{"@id":"https:\/\/royalfamily.org\/lat\/princeza-katarina-povodom-medunarodnog-dana-osoba-sa-invaliditetom\/#primaryimage"},"thumbnailUrl":"https:\/\/royalfamily.org\/wp-content\/uploads\/2020\/12\/donacija-dvor_-e1607357748657.jpg","articleSection":["Vesti"],"inLanguage":"sr-LT"},{"@type":"WebPage","@id":"https:\/\/royalfamily.org\/lat\/princeza-katarina-povodom-medunarodnog-dana-osoba-sa-invaliditetom\/","url":"https:\/\/royalfamily.org\/lat\/princeza-katarina-povodom-medunarodnog-dana-osoba-sa-invaliditetom\/","name":"PRINCEZA KATARINA POVODOM ME\u0110UNARODNOG DANA OSOBA SA INVALIDITETOM - The Royal Family of Serbia","isPartOf":{"@id":"https:\/\/royalfamily.org\/#website"},"primaryImageOfPage":{"@id":"https:\/\/royalfamily.org\/lat\/princeza-katarina-povodom-medunarodnog-dana-osoba-sa-invaliditetom\/#primaryimage"},"image":{"@id":"https:\/\/royalfamily.org\/lat\/princeza-katarina-povodom-medunarodnog-dana-osoba-sa-invaliditetom\/#primaryimage"},"thumbnailUrl":"https:\/\/royalfamily.org\/wp-content\/uploads\/2020\/12\/donacija-dvor_-e1607357748657.jpg","datePublished":"2020-12-02T10:20:00+00:00","dateModified":"2020-12-02T11:20:00+00:00","breadcrumb":{"@id":"https:\/\/royalfamily.org\/lat\/princeza-katarina-povodom-medunarodnog-dana-osoba-sa-invaliditetom\/#breadcrumb"},"inLanguage":"sr-LT","potentialAction":[{"@type":"ReadAction","target":["https:\/\/royalfamily.org\/lat\/princeza-katarina-povodom-medunarodnog-dana-osoba-sa-invaliditetom\/"]}]},{"@type":"ImageObject","inLanguage":"sr-LT","@id":"https:\/\/royalfamily.org\/lat\/princeza-katarina-povodom-medunarodnog-dana-osoba-sa-invaliditetom\/#primaryimage","url":"https:\/\/royalfamily.org\/wp-content\/uploads\/2020\/12\/donacija-dvor_-e1607357748657.jpg","contentUrl":"https:\/\/royalfamily.org\/wp-content\/uploads\/2020\/12\/donacija-dvor_-e1607357748657.jpg","width":740,"height":360,"caption":"CROWN PRINCESS KATHERINE INTERNATIONAL DAY OF PERSONS WITH DISABILITIES"},{"@type":"BreadcrumbList","@id":"https:\/\/royalfamily.org\/lat\/princeza-katarina-povodom-medunarodnog-dana-osoba-sa-invaliditetom\/#breadcrumb","itemListElement":[{"@type":"ListItem","position":1,"name":"Home","item":"https:\/\/royalfamily.org\/lat\/"},{"@type":"ListItem","position":2,"name":"PRINCEZA KATARINA POVODOM ME\u0110UNARODNOG DANA OSOBA SA INVALIDITETOM"}]},{"@type":"WebSite","@id":"https:\/\/royalfamily.org\/#website","url":"https:\/\/royalfamily.org\/","name":"The Royal Family of Serbia","description":"From the people, for the people","publisher":{"@id":"https:\/\/royalfamily.org\/#organization"},"potentialAction":[{"@type":"SearchAction","target":{"@type":"EntryPoint","urlTemplate":"https:\/\/royalfamily.org\/?s={search_term_string}"},"query-input":{"@type":"PropertyValueSpecification","valueRequired":true,"valueName":"search_term_string"}}],"inLanguage":"sr-LT"},{"@type":"Organization","@id":"https:\/\/royalfamily.org\/#organization","name":"Royal Family","url":"https:\/\/royalfamily.org\/","logo":{"@type":"ImageObject","inLanguage":"sr-LT","@id":"https:\/\/royalfamily.org\/#\/schema\/logo\/image\/","url":"https:\/\/royalfamily.org\/wp-content\/uploads\/2019\/04\/logo-vector-02-V-latinica.png","contentUrl":"https:\/\/royalfamily.org\/wp-content\/uploads\/2019\/04\/logo-vector-02-V-latinica.png","width":552,"height":99,"caption":"Royal Family"},"image":{"@id":"https:\/\/royalfamily.org\/#\/schema\/logo\/image\/"},"sameAs":["https:\/\/www.facebook.com\/Prestolonaslednik.Aleksandar"]},{"@type":"Person","@id":"https:\/\/royalfamily.org\/#\/schema\/person\/4ad3296a6a8a35eed333b6a785e9f648","name":"Stefan Milanovic","image":{"@type":"ImageObject","inLanguage":"sr-LT","@id":"https:\/\/secure.gravatar.com\/avatar\/92dcbdcf3e32112a9ceb1e41665b1f44c69382d014cacfe12c701f6af7c40259?s=96&d=mm&r=g","url":"https:\/\/secure.gravatar.com\/avatar\/92dcbdcf3e32112a9ceb1e41665b1f44c69382d014cacfe12c701f6af7c40259?s=96&d=mm&r=g","contentUrl":"https:\/\/secure.gravatar.com\/avatar\/92dcbdcf3e32112a9ceb1e41665b1f44c69382d014cacfe12c701f6af7c40259?s=96&d=mm&r=g","caption":"Stefan Milanovic"}}]}},"_links":{"self":[{"href":"https:\/\/royalfamily.org\/lat\/wp-json\/wp\/v2\/posts\/77495","targetHints":{"allow":["GET"]}}],"collection":[{"href":"https:\/\/royalfamily.org\/lat\/wp-json\/wp\/v2\/posts"}],"about":[{"href":"https:\/\/royalfamily.org\/lat\/wp-json\/wp\/v2\/types\/post"}],"author":[{"embeddable":true,"href":"https:\/\/royalfamily.org\/lat\/wp-json\/wp\/v2\/users\/1001015"}],"replies":[{"embeddable":true,"href":"https:\/\/royalfamily.org\/lat\/wp-json\/wp\/v2\/comments?post=77495"}],"version-history":[{"count":1,"href":"https:\/\/royalfamily.org\/lat\/wp-json\/wp\/v2\/posts\/77495\/revisions"}],"predecessor-version":[{"id":77499,"href":"https:\/\/royalfamily.org\/lat\/wp-json\/wp\/v2\/posts\/77495\/revisions\/77499"}],"wp:featuredmedia":[{"embeddable":true,"href":"https:\/\/royalfamily.org\/lat\/wp-json\/wp\/v2\/media\/77492"}],"wp:attachment":[{"href":"https:\/\/royalfamily.org\/lat\/wp-json\/wp\/v2\/media?parent=77495"}],"wp:term":[{"taxonomy":"category","embeddable":true,"href":"https:\/\/royalfamily.org\/lat\/wp-json\/wp\/v2\/categories?post=77495"},{"taxonomy":"post_tag","embeddable":true,"href":"https:\/\/royalfamily.org\/lat\/wp-json\/wp\/v2\/tags?post=77495"}],"curies":[{"name":"wp","href":"https:\/\/api.w.org\/{rel}","templated":true}]}}