{"id":77557,"date":"2020-12-07T11:56:29","date_gmt":"2020-12-07T10:56:29","guid":{"rendered":"https:\/\/royalfamily.org\/?p=77557"},"modified":"2020-12-07T11:56:29","modified_gmt":"2020-12-07T11:56:29","slug":"princeza-katarina-i-lajflajn-cikago-pomoc-za-decu-u-banja-luci","status":"publish","type":"post","link":"https:\/\/royalfamily.org\/lat\/princeza-katarina-i-lajflajn-cikago-pomoc-za-decu-u-banja-luci\/","title":{"rendered":"PRINCEZA KATARINA I LAJFLAJN \u010cIKAGO PRU\u017dILI POMO\u0106 DOMU ZA DECU U BANJA LUCI"},"content":{"rendered":"<p><div class=\"fusion-fullwidth fullwidth-box fusion-builder-row-1 fusion-flex-container nonhundred-percent-fullwidth non-hundred-percent-height-scrolling\" style=\"--awb-border-radius-top-left:0px;--awb-border-radius-top-right:0px;--awb-border-radius-bottom-right:0px;--awb-border-radius-bottom-left:0px;--awb-flex-wrap:wrap;\" ><div class=\"fusion-builder-row fusion-row fusion-flex-align-items-flex-start fusion-flex-content-wrap\" style=\"max-width:1227.2px;margin-left: calc(-4% \/ 2 );margin-right: calc(-4% \/ 2 );\"><div class=\"fusion-layout-column fusion_builder_column fusion-builder-column-0 fusion_builder_column_1_1 1_1 fusion-flex-column\" style=\"--awb-bg-size:cover;--awb-width-large:100%;--awb-margin-top-large:0px;--awb-spacing-right-large:1.92%;--awb-margin-bottom-large:20px;--awb-spacing-left-large:1.92%;--awb-width-medium:100%;--awb-order-medium:0;--awb-spacing-right-medium:1.92%;--awb-spacing-left-medium:1.92%;--awb-width-small:100%;--awb-order-small:0;--awb-spacing-right-small:1.92%;--awb-spacing-left-small:1.92%;\"><div class=\"fusion-column-wrapper fusion-column-has-shadow fusion-flex-justify-content-flex-start fusion-content-layout-column\"><div class=\"fusion-text fusion-text-1\"><p style=\"margin-bottom: 8.25pt; text-align: justify;\"><span style=\"font-size: 14.0pt; font-family: 'Arial',sans-serif;\">Fondacija Nj.K.V. Princeze Katarine, zajedno sa humanitarnom organizacijom Lajflajn \u010cikago pru\u017eili su pomo\u0107 Domu za decu \u201eRada Vranje\u0161evi\u0107\u201c iz Banja Luke. Ova zna\u010dajna donacija obezbe\u0111ena je od strane Lajflajn \u010cikago humanitarne organizacije, \u010diji je Princeza Katarina pokrovitelj i do\u0161la je kao brzi odgovor Nj.K.V. Princeze Katarine na molbu osoblja iz Doma za decu. <\/span><\/p>\n<p style=\"margin-bottom: 8.25pt; text-align: justify;\"><span style=\"font-size: 14.0pt; font-family: 'Arial',sans-serif;\">Humanitarna organizacija Lajflajn \u010cikago organizovala je donatorsku zabavu koja je odr\u017eana u prelepom ambijentu Muskago Lakes Country Club-a, nedaleko od Milvokija. Tom prilikom, prikupljena su i sredstva za Dom \u201eRada Vranje\u0161evi\u0107\u201c.<\/span><\/p>\n<p style=\"margin-bottom: 8.25pt; text-align: justify;\"><span style=\"font-size: 14.0pt; font-family: 'Arial',sans-serif;\">\u201cVeoma sam zahvalna na\u0161im ljudima u dijaspori, koji nas nisu zaboravili u ovim te\u0161kim trenucima, ve\u0107 nastavljaju da obezbe\u0111uju i prikupljaju pomo\u0107 za decu koja \u017eive u Domovima. Uvek se trudimo da pomognemo koliko mo\u017eemo i da svoj deci iz Domova obezbedimo sre\u0107no i bezbri\u017eno detinjstvo kakvo i zaslu\u017euju.\u201c, rekla je Nj.K.V. Princeza Katarina.<\/span><\/p>\n<p style=\"margin-bottom: 8.25pt; text-align: justify;\"><span style=\"font-size: 14.0pt; font-family: 'Arial',sans-serif;\">Zahvaljuju\u0107i donaciji deci su obezbe\u0111eni laptop, projektor, jastuci sa navlakama, \u0107ebad i set posteljine. Gospodin Vladimir Kajkut, direktor Doma Rada Vranje\u0161evi\u0107 izrazio je veliku zahvalnost Lajflajnu iz \u010cikaga i Princezi Katarini na divnoj donaciji koja \u0107e im mnogo zna\u010diti u daljem radu. <\/span><\/p>\n<p style=\"margin-bottom: 8.25pt; text-align: justify;\"><span style=\"font-size: 14.0pt; font-family: 'Arial',sans-serif;\">U narednom periodu Fondacija Nj.K.V. Princeze Katarine, zajedno sa humanitarnom organizacijom Lajflajn \u010cikako nastavi\u0107e da prikuplja sredstva za ure\u0111enje prostora u kome deca borave. <\/span><\/p>\n<\/div><\/div><\/div><\/div><\/div><div class=\"fusion-fullwidth fullwidth-box fusion-builder-row-2 fusion-flex-container nonhundred-percent-fullwidth non-hundred-percent-height-scrolling\" style=\"--awb-border-radius-top-left:0px;--awb-border-radius-top-right:0px;--awb-border-radius-bottom-right:0px;--awb-border-radius-bottom-left:0px;--awb-flex-wrap:wrap;\" ><div class=\"fusion-builder-row fusion-row fusion-flex-align-items-flex-start fusion-flex-content-wrap\" style=\"max-width:1227.2px;margin-left: calc(-4% \/ 2 );margin-right: calc(-4% \/ 2 );\"><div class=\"fusion-layout-column fusion_builder_column fusion-builder-column-1 fusion_builder_column_1_1 1_1 fusion-flex-column\" style=\"--awb-bg-size:cover;--awb-width-large:100%;--awb-margin-top-large:0px;--awb-spacing-right-large:1.92%;--awb-margin-bottom-large:20px;--awb-spacing-left-large:1.92%;--awb-width-medium:100%;--awb-order-medium:0;--awb-spacing-right-medium:1.92%;--awb-spacing-left-medium:1.92%;--awb-width-small:100%;--awb-order-small:0;--awb-spacing-right-small:1.92%;--awb-spacing-left-small:1.92%;\"><div class=\"fusion-column-wrapper fusion-column-has-shadow fusion-flex-justify-content-flex-start fusion-content-layout-column\"><div class=\"awb-gallery-wrapper awb-gallery-wrapper-1 button-span-no\" data-limit=\"20\" data-page=\"1\"><div style=\"margin:-5px;--awb-bordersize:0px;\" class=\"fusion-gallery fusion-gallery-container fusion-grid-3 fusion-columns-total-5 fusion-gallery-layout-masonry fusion-gallery-1\"><div class=\"fusion-grid-column fusion-gallery-column fusion-gallery-column-3 hover-type-none fusion-grid-sizer\"><\/div><div style=\"padding:5px;\" class=\"fusion-grid-column fusion-gallery-column fusion-gallery-column-3 hover-type-none fusion-element-landscape\"><div class=\"fusion-gallery-image\"><a href=\"https:\/\/royalfamily.org\/wp-content\/uploads\/2020\/12\/Banja-Luka-01.jpg\" rel=\"noreferrer\" data-rel=\"iLightbox[gallery_image_1]\" class=\"fusion-lightbox\" target=\"_self\"><div style=\"background-image:url(https:\/\/royalfamily.org\/wp-content\/uploads\/2020\/12\/Banja-Luka-01.jpg);padding-top:calc((100% + 10px) * 0.4 - 5px);background-position:;\" class=\"fusion-masonry-element-container\"><img decoding=\"async\" src=\"https:\/\/royalfamily.org\/wp-content\/uploads\/2020\/12\/Banja-Luka-01.jpg\" width=\"1772\" height=\"1181\" alt=\"HRH CROWN PRINCESS KATHERINE OF SERBIA AND LIFELINE HUMANITARIAN ORGANIZATION OF CHICAGO PROVIDE AID TO CHILDREN&#039;S HOME IN BANJA LUKA, REPUBLIKA SRPSKA\" title=\"Banja-Luka-01\" aria-label=\"Banja-Luka-01\" class=\"img-responsive wp-image-77538\" srcset=\"https:\/\/royalfamily.org\/wp-content\/uploads\/2020\/12\/Banja-Luka-01-200x133.jpg 200w, https:\/\/royalfamily.org\/wp-content\/uploads\/2020\/12\/Banja-Luka-01-400x267.jpg 400w, https:\/\/royalfamily.org\/wp-content\/uploads\/2020\/12\/Banja-Luka-01-600x400.jpg 600w, https:\/\/royalfamily.org\/wp-content\/uploads\/2020\/12\/Banja-Luka-01-800x533.jpg 800w, https:\/\/royalfamily.org\/wp-content\/uploads\/2020\/12\/Banja-Luka-01-1200x800.jpg 1200w, https:\/\/royalfamily.org\/wp-content\/uploads\/2020\/12\/Banja-Luka-01.jpg 1772w\" sizes=\"(min-width: 2200px) 100vw, (min-width: 640px) 1180px, \" \/><\/div><\/a><\/div><\/div><div style=\"padding:5px;\" class=\"fusion-grid-column fusion-gallery-column fusion-gallery-column-3 hover-type-none fusion-element-landscape\"><div class=\"fusion-gallery-image\"><a href=\"https:\/\/royalfamily.org\/wp-content\/uploads\/2020\/12\/Banja-Luka-03.jpg\" rel=\"noreferrer\" data-rel=\"iLightbox[gallery_image_1]\" class=\"fusion-lightbox\" target=\"_self\"><div style=\"background-image:url(https:\/\/royalfamily.org\/wp-content\/uploads\/2020\/12\/Banja-Luka-03.jpg);padding-top:calc((100% + 10px) * 0.4 - 5px);background-position:;\" class=\"fusion-masonry-element-container\"><img decoding=\"async\" src=\"https:\/\/royalfamily.org\/wp-content\/uploads\/2020\/12\/Banja-Luka-03.jpg\" width=\"1772\" height=\"1350\" alt=\"HRH CROWN PRINCESS KATHERINE OF SERBIA AND LIFELINE HUMANITARIAN ORGANIZATION OF CHICAGO PROVIDE AID TO CHILDREN&#039;S HOME IN BANJA LUKA, REPUBLIKA SRPSKA\" title=\"Banja-Luka-03\" aria-label=\"Banja-Luka-03\" class=\"img-responsive wp-image-77541\" srcset=\"https:\/\/royalfamily.org\/wp-content\/uploads\/2020\/12\/Banja-Luka-03-200x152.jpg 200w, https:\/\/royalfamily.org\/wp-content\/uploads\/2020\/12\/Banja-Luka-03-400x305.jpg 400w, https:\/\/royalfamily.org\/wp-content\/uploads\/2020\/12\/Banja-Luka-03-600x457.jpg 600w, https:\/\/royalfamily.org\/wp-content\/uploads\/2020\/12\/Banja-Luka-03-800x609.jpg 800w, https:\/\/royalfamily.org\/wp-content\/uploads\/2020\/12\/Banja-Luka-03-1200x914.jpg 1200w, https:\/\/royalfamily.org\/wp-content\/uploads\/2020\/12\/Banja-Luka-03.jpg 1772w\" sizes=\"(min-width: 2200px) 100vw, (min-width: 640px) 1180px, \" \/><\/div><\/a><\/div><\/div><div style=\"padding:5px;\" class=\"fusion-grid-column fusion-gallery-column fusion-gallery-column-3 hover-type-none fusion-element-landscape\"><div class=\"fusion-gallery-image\"><a href=\"https:\/\/royalfamily.org\/wp-content\/uploads\/2020\/12\/Banja-Luka-04.jpg\" rel=\"noreferrer\" data-rel=\"iLightbox[gallery_image_1]\" class=\"fusion-lightbox\" target=\"_self\"><div style=\"background-image:url(https:\/\/royalfamily.org\/wp-content\/uploads\/2020\/12\/Banja-Luka-04.jpg);padding-top:calc((100% + 10px) * 0.4 - 5px);background-position:;\" class=\"fusion-masonry-element-container\"><img decoding=\"async\" src=\"https:\/\/royalfamily.org\/wp-content\/uploads\/2020\/12\/Banja-Luka-04.jpg\" width=\"1772\" height=\"1289\" alt=\"HRH CROWN PRINCESS KATHERINE OF SERBIA AND LIFELINE HUMANITARIAN ORGANIZATION OF CHICAGO PROVIDE AID TO CHILDREN&#039;S HOME IN BANJA LUKA, REPUBLIKA SRPSKA\" title=\"Banja-Luka-04\" aria-label=\"Banja-Luka-04\" class=\"img-responsive wp-image-77544\" srcset=\"https:\/\/royalfamily.org\/wp-content\/uploads\/2020\/12\/Banja-Luka-04-200x145.jpg 200w, https:\/\/royalfamily.org\/wp-content\/uploads\/2020\/12\/Banja-Luka-04-400x291.jpg 400w, https:\/\/royalfamily.org\/wp-content\/uploads\/2020\/12\/Banja-Luka-04-600x436.jpg 600w, https:\/\/royalfamily.org\/wp-content\/uploads\/2020\/12\/Banja-Luka-04-800x582.jpg 800w, https:\/\/royalfamily.org\/wp-content\/uploads\/2020\/12\/Banja-Luka-04-1200x873.jpg 1200w, https:\/\/royalfamily.org\/wp-content\/uploads\/2020\/12\/Banja-Luka-04.jpg 1772w\" sizes=\"(min-width: 2200px) 100vw, (min-width: 640px) 1180px, \" \/><\/div><\/a><\/div><\/div><div style=\"padding:5px;\" class=\"fusion-grid-column fusion-gallery-column fusion-gallery-column-3 hover-type-none fusion-element-portrait\"><div class=\"fusion-gallery-image\"><a href=\"https:\/\/royalfamily.org\/wp-content\/uploads\/2020\/12\/Banja-Luka-05.jpg\" rel=\"noreferrer\" data-rel=\"iLightbox[gallery_image_1]\" class=\"fusion-lightbox\" target=\"_self\"><div style=\"background-image:url(https:\/\/royalfamily.org\/wp-content\/uploads\/2020\/12\/Banja-Luka-05.jpg);padding-top:calc((100% + 10px) * 1.6);background-position:;\" class=\"fusion-masonry-element-container\"><img decoding=\"async\" src=\"https:\/\/royalfamily.org\/wp-content\/uploads\/2020\/12\/Banja-Luka-05.jpg\" width=\"886\" height=\"1181\" alt=\"HRH CROWN PRINCESS KATHERINE OF SERBIA AND LIFELINE HUMANITARIAN ORGANIZATION OF CHICAGO PROVIDE AID TO CHILDREN&#039;S HOME IN BANJA LUKA, REPUBLIKA SRPSKA\" title=\"Banja-Luka-05\" aria-label=\"Banja-Luka-05\" class=\"img-responsive wp-image-77547\" srcset=\"https:\/\/royalfamily.org\/wp-content\/uploads\/2020\/12\/Banja-Luka-05-200x267.jpg 200w, https:\/\/royalfamily.org\/wp-content\/uploads\/2020\/12\/Banja-Luka-05-400x533.jpg 400w, https:\/\/royalfamily.org\/wp-content\/uploads\/2020\/12\/Banja-Luka-05-600x800.jpg 600w, https:\/\/royalfamily.org\/wp-content\/uploads\/2020\/12\/Banja-Luka-05-800x1066.jpg 800w, https:\/\/royalfamily.org\/wp-content\/uploads\/2020\/12\/Banja-Luka-05.jpg 886w\" sizes=\"(min-width: 2200px) 100vw, (min-width: 824px) 390px, (min-width: 732px) 585px, (min-width: 640px) 732px, \" \/><\/div><\/a><\/div><\/div><div style=\"padding:5px;\" class=\"fusion-grid-column fusion-gallery-column fusion-gallery-column-3 hover-type-none fusion-element-landscape\"><div class=\"fusion-gallery-image\"><a href=\"https:\/\/royalfamily.org\/wp-content\/uploads\/2020\/12\/Banja-Luka-06.jpg\" rel=\"noreferrer\" data-rel=\"iLightbox[gallery_image_1]\" class=\"fusion-lightbox\" target=\"_self\"><div style=\"background-image:url(https:\/\/royalfamily.org\/wp-content\/uploads\/2020\/12\/Banja-Luka-06.jpg);padding-top:calc((100% + 10px) * 0.4 - 5px);background-position:;\" class=\"fusion-masonry-element-container\"><img decoding=\"async\" src=\"https:\/\/royalfamily.org\/wp-content\/uploads\/2020\/12\/Banja-Luka-06.jpg\" width=\"1600\" height=\"1200\" alt=\"HRH CROWN PRINCESS KATHERINE OF SERBIA AND LIFELINE HUMANITARIAN ORGANIZATION OF CHICAGO PROVIDE AID TO CHILDREN&#039;S HOME IN BANJA LUKA, REPUBLIKA SRPSKA\" title=\"Banja-Luka-06\" aria-label=\"Banja-Luka-06\" class=\"img-responsive wp-image-77550\" srcset=\"https:\/\/royalfamily.org\/wp-content\/uploads\/2020\/12\/Banja-Luka-06-200x150.jpg 200w, https:\/\/royalfamily.org\/wp-content\/uploads\/2020\/12\/Banja-Luka-06-400x300.jpg 400w, https:\/\/royalfamily.org\/wp-content\/uploads\/2020\/12\/Banja-Luka-06-600x450.jpg 600w, https:\/\/royalfamily.org\/wp-content\/uploads\/2020\/12\/Banja-Luka-06-800x600.jpg 800w, https:\/\/royalfamily.org\/wp-content\/uploads\/2020\/12\/Banja-Luka-06-1200x900.jpg 1200w, https:\/\/royalfamily.org\/wp-content\/uploads\/2020\/12\/Banja-Luka-06.jpg 1600w\" sizes=\"(min-width: 2200px) 100vw, (min-width: 640px) 1180px, \" \/><\/div><\/a><\/div><\/div><\/div><\/div><\/div><\/div><\/div><\/div><\/p>\n","protected":false},"excerpt":{"rendered":"","protected":false},"author":1001015,"featured_media":77553,"comment_status":"closed","ping_status":"closed","sticky":false,"template":"","format":"standard","meta":{"_acf_changed":false,"footnotes":""},"categories":[22],"tags":[],"class_list":["post-77557","post","type-post","status-publish","format-standard","has-post-thumbnail","hentry","category-vesti"],"acf":[],"yoast_head":"<!-- This site is optimized with the Yoast SEO Premium plugin v27.4 (Yoast SEO v27.4) - https:\/\/yoast.com\/product\/yoast-seo-premium-wordpress\/ -->\n<title>PRINCEZA KATARINA I LAJFLAJN \u010cIKAGO PRU\u017dILI POMO\u0106 DOMU ZA DECU U BANJA LUCI - The Royal Family of Serbia<\/title>\n<meta name=\"robots\" content=\"index, follow, max-snippet:-1, max-image-preview:large, max-video-preview:-1\" \/>\n<link rel=\"canonical\" href=\"https:\/\/royalfamily.org\/lat\/princeza-katarina-i-lajflajn-cikago-pomoc-za-decu-u-banja-luci\/\" \/>\n<meta property=\"og:locale\" content=\"en_US\" \/>\n<meta property=\"og:type\" content=\"article\" \/>\n<meta property=\"og:title\" content=\"PRINCEZA KATARINA I LAJFLAJN \u010cIKAGO PRU\u017dILI POMO\u0106 DOMU ZA DECU U BANJA LUCI\" \/>\n<meta property=\"og:url\" content=\"https:\/\/royalfamily.org\/lat\/princeza-katarina-i-lajflajn-cikago-pomoc-za-decu-u-banja-luci\/\" \/>\n<meta property=\"og:site_name\" content=\"The Royal Family of Serbia\" \/>\n<meta property=\"article:publisher\" content=\"https:\/\/www.facebook.com\/Prestolonaslednik.Aleksandar\" \/>\n<meta property=\"article:published_time\" content=\"2020-12-07T10:56:29+00:00\" \/>\n<meta property=\"article:modified_time\" content=\"2020-12-07T11:56:29+00:00\" \/>\n<meta property=\"og:image\" content=\"https:\/\/royalfamily.org\/wp-content\/uploads\/2020\/12\/Banja-Luka-740x360-1.jpg\" \/>\n\t<meta property=\"og:image:width\" content=\"740\" \/>\n\t<meta property=\"og:image:height\" content=\"360\" \/>\n\t<meta property=\"og:image:type\" content=\"image\/jpeg\" \/>\n<meta name=\"author\" content=\"Stefan Milanovic\" \/>\n<meta name=\"twitter:card\" content=\"summary_large_image\" \/>\n<meta name=\"twitter:label1\" content=\"Written by\" \/>\n\t<meta name=\"twitter:data1\" content=\"Stefan Milanovic\" \/>\n\t<meta name=\"twitter:label2\" content=\"Est. reading time\" \/>\n\t<meta name=\"twitter:data2\" content=\"7 minutes\" \/>\n<script type=\"application\/ld+json\" class=\"yoast-schema-graph\">{\"@context\":\"https:\\\/\\\/schema.org\",\"@graph\":[{\"@type\":\"Article\",\"@id\":\"https:\\\/\\\/royalfamily.org\\\/lat\\\/princeza-katarina-i-lajflajn-cikago-pomoc-za-decu-u-banja-luci\\\/#article\",\"isPartOf\":{\"@id\":\"https:\\\/\\\/royalfamily.org\\\/lat\\\/princeza-katarina-i-lajflajn-cikago-pomoc-za-decu-u-banja-luci\\\/\"},\"author\":{\"name\":\"Stefan Milanovic\",\"@id\":\"https:\\\/\\\/royalfamily.org\\\/#\\\/schema\\\/person\\\/4ad3296a6a8a35eed333b6a785e9f648\"},\"headline\":\"PRINCEZA KATARINA I LAJFLAJN \u010cIKAGO PRU\u017dILI POMO\u0106 DOMU ZA DECU U BANJA LUCI\",\"datePublished\":\"2020-12-07T10:56:29+00:00\",\"dateModified\":\"2020-12-07T11:56:29+00:00\",\"mainEntityOfPage\":{\"@id\":\"https:\\\/\\\/royalfamily.org\\\/lat\\\/princeza-katarina-i-lajflajn-cikago-pomoc-za-decu-u-banja-luci\\\/\"},\"wordCount\":1475,\"publisher\":{\"@id\":\"https:\\\/\\\/royalfamily.org\\\/#organization\"},\"image\":{\"@id\":\"https:\\\/\\\/royalfamily.org\\\/lat\\\/princeza-katarina-i-lajflajn-cikago-pomoc-za-decu-u-banja-luci\\\/#primaryimage\"},\"thumbnailUrl\":\"https:\\\/\\\/royalfamily.org\\\/wp-content\\\/uploads\\\/2020\\\/12\\\/Banja-Luka-740x360-1.jpg\",\"articleSection\":[\"Vesti\"],\"inLanguage\":\"sr-LT\"},{\"@type\":\"WebPage\",\"@id\":\"https:\\\/\\\/royalfamily.org\\\/lat\\\/princeza-katarina-i-lajflajn-cikago-pomoc-za-decu-u-banja-luci\\\/\",\"url\":\"https:\\\/\\\/royalfamily.org\\\/lat\\\/princeza-katarina-i-lajflajn-cikago-pomoc-za-decu-u-banja-luci\\\/\",\"name\":\"PRINCEZA KATARINA I LAJFLAJN \u010cIKAGO PRU\u017dILI POMO\u0106 DOMU ZA DECU U BANJA LUCI - The Royal Family of Serbia\",\"isPartOf\":{\"@id\":\"https:\\\/\\\/royalfamily.org\\\/#website\"},\"primaryImageOfPage\":{\"@id\":\"https:\\\/\\\/royalfamily.org\\\/lat\\\/princeza-katarina-i-lajflajn-cikago-pomoc-za-decu-u-banja-luci\\\/#primaryimage\"},\"image\":{\"@id\":\"https:\\\/\\\/royalfamily.org\\\/lat\\\/princeza-katarina-i-lajflajn-cikago-pomoc-za-decu-u-banja-luci\\\/#primaryimage\"},\"thumbnailUrl\":\"https:\\\/\\\/royalfamily.org\\\/wp-content\\\/uploads\\\/2020\\\/12\\\/Banja-Luka-740x360-1.jpg\",\"datePublished\":\"2020-12-07T10:56:29+00:00\",\"dateModified\":\"2020-12-07T11:56:29+00:00\",\"breadcrumb\":{\"@id\":\"https:\\\/\\\/royalfamily.org\\\/lat\\\/princeza-katarina-i-lajflajn-cikago-pomoc-za-decu-u-banja-luci\\\/#breadcrumb\"},\"inLanguage\":\"sr-LT\",\"potentialAction\":[{\"@type\":\"ReadAction\",\"target\":[\"https:\\\/\\\/royalfamily.org\\\/lat\\\/princeza-katarina-i-lajflajn-cikago-pomoc-za-decu-u-banja-luci\\\/\"]}]},{\"@type\":\"ImageObject\",\"inLanguage\":\"sr-LT\",\"@id\":\"https:\\\/\\\/royalfamily.org\\\/lat\\\/princeza-katarina-i-lajflajn-cikago-pomoc-za-decu-u-banja-luci\\\/#primaryimage\",\"url\":\"https:\\\/\\\/royalfamily.org\\\/wp-content\\\/uploads\\\/2020\\\/12\\\/Banja-Luka-740x360-1.jpg\",\"contentUrl\":\"https:\\\/\\\/royalfamily.org\\\/wp-content\\\/uploads\\\/2020\\\/12\\\/Banja-Luka-740x360-1.jpg\",\"width\":740,\"height\":360,\"caption\":\"PRINCEZA KATARINA I LAJFLAJN \u010cIKAGO PRU\u017dILI POMO\u0106 DOMU ZA DECU U BANJA LUCI\"},{\"@type\":\"BreadcrumbList\",\"@id\":\"https:\\\/\\\/royalfamily.org\\\/lat\\\/princeza-katarina-i-lajflajn-cikago-pomoc-za-decu-u-banja-luci\\\/#breadcrumb\",\"itemListElement\":[{\"@type\":\"ListItem\",\"position\":1,\"name\":\"Home\",\"item\":\"https:\\\/\\\/royalfamily.org\\\/lat\\\/\"},{\"@type\":\"ListItem\",\"position\":2,\"name\":\"PRINCEZA KATARINA I LAJFLAJN \u010cIKAGO PRU\u017dILI POMO\u0106 DOMU ZA DECU U BANJA LUCI\"}]},{\"@type\":\"WebSite\",\"@id\":\"https:\\\/\\\/royalfamily.org\\\/#website\",\"url\":\"https:\\\/\\\/royalfamily.org\\\/\",\"name\":\"The Royal Family of Serbia\",\"description\":\"From the people, for the people\",\"publisher\":{\"@id\":\"https:\\\/\\\/royalfamily.org\\\/#organization\"},\"potentialAction\":[{\"@type\":\"SearchAction\",\"target\":{\"@type\":\"EntryPoint\",\"urlTemplate\":\"https:\\\/\\\/royalfamily.org\\\/?s={search_term_string}\"},\"query-input\":{\"@type\":\"PropertyValueSpecification\",\"valueRequired\":true,\"valueName\":\"search_term_string\"}}],\"inLanguage\":\"sr-LT\"},{\"@type\":\"Organization\",\"@id\":\"https:\\\/\\\/royalfamily.org\\\/#organization\",\"name\":\"Royal Family\",\"url\":\"https:\\\/\\\/royalfamily.org\\\/\",\"logo\":{\"@type\":\"ImageObject\",\"inLanguage\":\"sr-LT\",\"@id\":\"https:\\\/\\\/royalfamily.org\\\/#\\\/schema\\\/logo\\\/image\\\/\",\"url\":\"https:\\\/\\\/royalfamily.org\\\/wp-content\\\/uploads\\\/2019\\\/04\\\/logo-vector-02-V-latinica.png\",\"contentUrl\":\"https:\\\/\\\/royalfamily.org\\\/wp-content\\\/uploads\\\/2019\\\/04\\\/logo-vector-02-V-latinica.png\",\"width\":552,\"height\":99,\"caption\":\"Royal Family\"},\"image\":{\"@id\":\"https:\\\/\\\/royalfamily.org\\\/#\\\/schema\\\/logo\\\/image\\\/\"},\"sameAs\":[\"https:\\\/\\\/www.facebook.com\\\/Prestolonaslednik.Aleksandar\"]},{\"@type\":\"Person\",\"@id\":\"https:\\\/\\\/royalfamily.org\\\/#\\\/schema\\\/person\\\/4ad3296a6a8a35eed333b6a785e9f648\",\"name\":\"Stefan Milanovic\",\"image\":{\"@type\":\"ImageObject\",\"inLanguage\":\"sr-LT\",\"@id\":\"https:\\\/\\\/secure.gravatar.com\\\/avatar\\\/92dcbdcf3e32112a9ceb1e41665b1f44c69382d014cacfe12c701f6af7c40259?s=96&d=mm&r=g\",\"url\":\"https:\\\/\\\/secure.gravatar.com\\\/avatar\\\/92dcbdcf3e32112a9ceb1e41665b1f44c69382d014cacfe12c701f6af7c40259?s=96&d=mm&r=g\",\"contentUrl\":\"https:\\\/\\\/secure.gravatar.com\\\/avatar\\\/92dcbdcf3e32112a9ceb1e41665b1f44c69382d014cacfe12c701f6af7c40259?s=96&d=mm&r=g\",\"caption\":\"Stefan Milanovic\"}}]}<\/script>\n<!-- \/ Yoast SEO Premium plugin. -->","yoast_head_json":{"title":"PRINCEZA KATARINA I LAJFLAJN \u010cIKAGO PRU\u017dILI POMO\u0106 DOMU ZA DECU U BANJA LUCI - The Royal Family of Serbia","robots":{"index":"index","follow":"follow","max-snippet":"max-snippet:-1","max-image-preview":"max-image-preview:large","max-video-preview":"max-video-preview:-1"},"canonical":"https:\/\/royalfamily.org\/lat\/princeza-katarina-i-lajflajn-cikago-pomoc-za-decu-u-banja-luci\/","og_locale":"en_US","og_type":"article","og_title":"PRINCEZA KATARINA I LAJFLAJN \u010cIKAGO PRU\u017dILI POMO\u0106 DOMU ZA DECU U BANJA LUCI","og_url":"https:\/\/royalfamily.org\/lat\/princeza-katarina-i-lajflajn-cikago-pomoc-za-decu-u-banja-luci\/","og_site_name":"The Royal Family of Serbia","article_publisher":"https:\/\/www.facebook.com\/Prestolonaslednik.Aleksandar","article_published_time":"2020-12-07T10:56:29+00:00","article_modified_time":"2020-12-07T11:56:29+00:00","og_image":[{"width":740,"height":360,"url":"https:\/\/royalfamily.org\/wp-content\/uploads\/2020\/12\/Banja-Luka-740x360-1.jpg","type":"image\/jpeg"}],"author":"Stefan Milanovic","twitter_card":"summary_large_image","twitter_misc":{"Written by":"Stefan Milanovic","Est. reading time":"7 minutes"},"schema":{"@context":"https:\/\/schema.org","@graph":[{"@type":"Article","@id":"https:\/\/royalfamily.org\/lat\/princeza-katarina-i-lajflajn-cikago-pomoc-za-decu-u-banja-luci\/#article","isPartOf":{"@id":"https:\/\/royalfamily.org\/lat\/princeza-katarina-i-lajflajn-cikago-pomoc-za-decu-u-banja-luci\/"},"author":{"name":"Stefan Milanovic","@id":"https:\/\/royalfamily.org\/#\/schema\/person\/4ad3296a6a8a35eed333b6a785e9f648"},"headline":"PRINCEZA KATARINA I LAJFLAJN \u010cIKAGO PRU\u017dILI POMO\u0106 DOMU ZA DECU U BANJA LUCI","datePublished":"2020-12-07T10:56:29+00:00","dateModified":"2020-12-07T11:56:29+00:00","mainEntityOfPage":{"@id":"https:\/\/royalfamily.org\/lat\/princeza-katarina-i-lajflajn-cikago-pomoc-za-decu-u-banja-luci\/"},"wordCount":1475,"publisher":{"@id":"https:\/\/royalfamily.org\/#organization"},"image":{"@id":"https:\/\/royalfamily.org\/lat\/princeza-katarina-i-lajflajn-cikago-pomoc-za-decu-u-banja-luci\/#primaryimage"},"thumbnailUrl":"https:\/\/royalfamily.org\/wp-content\/uploads\/2020\/12\/Banja-Luka-740x360-1.jpg","articleSection":["Vesti"],"inLanguage":"sr-LT"},{"@type":"WebPage","@id":"https:\/\/royalfamily.org\/lat\/princeza-katarina-i-lajflajn-cikago-pomoc-za-decu-u-banja-luci\/","url":"https:\/\/royalfamily.org\/lat\/princeza-katarina-i-lajflajn-cikago-pomoc-za-decu-u-banja-luci\/","name":"PRINCEZA KATARINA I LAJFLAJN \u010cIKAGO PRU\u017dILI POMO\u0106 DOMU ZA DECU U BANJA LUCI - The Royal Family of Serbia","isPartOf":{"@id":"https:\/\/royalfamily.org\/#website"},"primaryImageOfPage":{"@id":"https:\/\/royalfamily.org\/lat\/princeza-katarina-i-lajflajn-cikago-pomoc-za-decu-u-banja-luci\/#primaryimage"},"image":{"@id":"https:\/\/royalfamily.org\/lat\/princeza-katarina-i-lajflajn-cikago-pomoc-za-decu-u-banja-luci\/#primaryimage"},"thumbnailUrl":"https:\/\/royalfamily.org\/wp-content\/uploads\/2020\/12\/Banja-Luka-740x360-1.jpg","datePublished":"2020-12-07T10:56:29+00:00","dateModified":"2020-12-07T11:56:29+00:00","breadcrumb":{"@id":"https:\/\/royalfamily.org\/lat\/princeza-katarina-i-lajflajn-cikago-pomoc-za-decu-u-banja-luci\/#breadcrumb"},"inLanguage":"sr-LT","potentialAction":[{"@type":"ReadAction","target":["https:\/\/royalfamily.org\/lat\/princeza-katarina-i-lajflajn-cikago-pomoc-za-decu-u-banja-luci\/"]}]},{"@type":"ImageObject","inLanguage":"sr-LT","@id":"https:\/\/royalfamily.org\/lat\/princeza-katarina-i-lajflajn-cikago-pomoc-za-decu-u-banja-luci\/#primaryimage","url":"https:\/\/royalfamily.org\/wp-content\/uploads\/2020\/12\/Banja-Luka-740x360-1.jpg","contentUrl":"https:\/\/royalfamily.org\/wp-content\/uploads\/2020\/12\/Banja-Luka-740x360-1.jpg","width":740,"height":360,"caption":"PRINCEZA KATARINA I LAJFLAJN \u010cIKAGO PRU\u017dILI POMO\u0106 DOMU ZA DECU U BANJA LUCI"},{"@type":"BreadcrumbList","@id":"https:\/\/royalfamily.org\/lat\/princeza-katarina-i-lajflajn-cikago-pomoc-za-decu-u-banja-luci\/#breadcrumb","itemListElement":[{"@type":"ListItem","position":1,"name":"Home","item":"https:\/\/royalfamily.org\/lat\/"},{"@type":"ListItem","position":2,"name":"PRINCEZA KATARINA I LAJFLAJN \u010cIKAGO PRU\u017dILI POMO\u0106 DOMU ZA DECU U BANJA LUCI"}]},{"@type":"WebSite","@id":"https:\/\/royalfamily.org\/#website","url":"https:\/\/royalfamily.org\/","name":"The Royal Family of Serbia","description":"From the people, for the people","publisher":{"@id":"https:\/\/royalfamily.org\/#organization"},"potentialAction":[{"@type":"SearchAction","target":{"@type":"EntryPoint","urlTemplate":"https:\/\/royalfamily.org\/?s={search_term_string}"},"query-input":{"@type":"PropertyValueSpecification","valueRequired":true,"valueName":"search_term_string"}}],"inLanguage":"sr-LT"},{"@type":"Organization","@id":"https:\/\/royalfamily.org\/#organization","name":"Royal Family","url":"https:\/\/royalfamily.org\/","logo":{"@type":"ImageObject","inLanguage":"sr-LT","@id":"https:\/\/royalfamily.org\/#\/schema\/logo\/image\/","url":"https:\/\/royalfamily.org\/wp-content\/uploads\/2019\/04\/logo-vector-02-V-latinica.png","contentUrl":"https:\/\/royalfamily.org\/wp-content\/uploads\/2019\/04\/logo-vector-02-V-latinica.png","width":552,"height":99,"caption":"Royal Family"},"image":{"@id":"https:\/\/royalfamily.org\/#\/schema\/logo\/image\/"},"sameAs":["https:\/\/www.facebook.com\/Prestolonaslednik.Aleksandar"]},{"@type":"Person","@id":"https:\/\/royalfamily.org\/#\/schema\/person\/4ad3296a6a8a35eed333b6a785e9f648","name":"Stefan Milanovic","image":{"@type":"ImageObject","inLanguage":"sr-LT","@id":"https:\/\/secure.gravatar.com\/avatar\/92dcbdcf3e32112a9ceb1e41665b1f44c69382d014cacfe12c701f6af7c40259?s=96&d=mm&r=g","url":"https:\/\/secure.gravatar.com\/avatar\/92dcbdcf3e32112a9ceb1e41665b1f44c69382d014cacfe12c701f6af7c40259?s=96&d=mm&r=g","contentUrl":"https:\/\/secure.gravatar.com\/avatar\/92dcbdcf3e32112a9ceb1e41665b1f44c69382d014cacfe12c701f6af7c40259?s=96&d=mm&r=g","caption":"Stefan Milanovic"}}]}},"_links":{"self":[{"href":"https:\/\/royalfamily.org\/lat\/wp-json\/wp\/v2\/posts\/77557","targetHints":{"allow":["GET"]}}],"collection":[{"href":"https:\/\/royalfamily.org\/lat\/wp-json\/wp\/v2\/posts"}],"about":[{"href":"https:\/\/royalfamily.org\/lat\/wp-json\/wp\/v2\/types\/post"}],"author":[{"embeddable":true,"href":"https:\/\/royalfamily.org\/lat\/wp-json\/wp\/v2\/users\/1001015"}],"replies":[{"embeddable":true,"href":"https:\/\/royalfamily.org\/lat\/wp-json\/wp\/v2\/comments?post=77557"}],"version-history":[{"count":1,"href":"https:\/\/royalfamily.org\/lat\/wp-json\/wp\/v2\/posts\/77557\/revisions"}],"predecessor-version":[{"id":77558,"href":"https:\/\/royalfamily.org\/lat\/wp-json\/wp\/v2\/posts\/77557\/revisions\/77558"}],"wp:featuredmedia":[{"embeddable":true,"href":"https:\/\/royalfamily.org\/lat\/wp-json\/wp\/v2\/media\/77553"}],"wp:attachment":[{"href":"https:\/\/royalfamily.org\/lat\/wp-json\/wp\/v2\/media?parent=77557"}],"wp:term":[{"taxonomy":"category","embeddable":true,"href":"https:\/\/royalfamily.org\/lat\/wp-json\/wp\/v2\/categories?post=77557"},{"taxonomy":"post_tag","embeddable":true,"href":"https:\/\/royalfamily.org\/lat\/wp-json\/wp\/v2\/tags?post=77557"}],"curies":[{"name":"wp","href":"https:\/\/api.w.org\/{rel}","templated":true}]}}