{"id":78009,"date":"2021-01-04T13:00:44","date_gmt":"2021-01-04T12:00:44","guid":{"rendered":"https:\/\/royalfamily.org\/?p=78009"},"modified":"2021-01-04T13:00:44","modified_gmt":"2021-01-04T13:00:44","slug":"potrebna-pomoc-stigla-kovid-bolnicu-kragujevcu","status":"publish","type":"post","link":"https:\/\/royalfamily.org\/lat\/potrebna-pomoc-stigla-kovid-bolnicu-kragujevcu\/","title":{"rendered":"PREKO POTREBNA POMO\u0106 STIGLA U KOVID BOLNICU U KRAGUJEVCU"},"content":{"rendered":"<p><div class=\"fusion-fullwidth fullwidth-box fusion-builder-row-1 fusion-flex-container nonhundred-percent-fullwidth non-hundred-percent-height-scrolling\" style=\"--awb-border-radius-top-left:0px;--awb-border-radius-top-right:0px;--awb-border-radius-bottom-right:0px;--awb-border-radius-bottom-left:0px;--awb-flex-wrap:wrap;\" ><div class=\"fusion-builder-row fusion-row fusion-flex-align-items-flex-start fusion-flex-content-wrap\" style=\"max-width:1227.2px;margin-left: calc(-4% \/ 2 );margin-right: calc(-4% \/ 2 );\"><div class=\"fusion-layout-column fusion_builder_column fusion-builder-column-0 fusion_builder_column_1_1 1_1 fusion-flex-column\" style=\"--awb-bg-size:cover;--awb-width-large:100%;--awb-margin-top-large:0px;--awb-spacing-right-large:1.92%;--awb-margin-bottom-large:20px;--awb-spacing-left-large:1.92%;--awb-width-medium:100%;--awb-order-medium:0;--awb-spacing-right-medium:1.92%;--awb-spacing-left-medium:1.92%;--awb-width-small:100%;--awb-order-small:0;--awb-spacing-right-small:1.92%;--awb-spacing-left-small:1.92%;\"><div class=\"fusion-column-wrapper fusion-column-has-shadow fusion-flex-justify-content-flex-start fusion-content-layout-column\"><div class=\"fusion-text fusion-text-1\"><p>Donacija za Kovid bolnicu u Kragujevcu stigla je kao brzi odgovor Nj.K.V. Princeze Katarine i Fondacije Ana i Vlade Divac na hitnu molbu osoblja iz KC Kragujevac. Potrebna pomo\u0107 stigla je zahvaljuju\u0107i velikodu\u0161nosti donatorke, gospo\u0111e Anke Erne.<\/p>\n<p>Donacija u vrednosti od 7000 evra obuhvata veliku koli\u010dinu hirur\u0161kih maski za lice, za\u0161titne rukavice, lekove (C vitamin i probiotik) i \u010detke i metle za odr\u017eavanje higijene. Zahvaljuju\u0107i neophodnim sredstvima, lekari i svi medicinski radnici mo\u0107i \u0107e da nastave da poma\u017eu pacijentima.<\/p>\n<p>\u201eMoj suprug i ja smo izuzetno zahvalni donatorki, gospo\u0111i Anki Erne, koja je obezbedila neophodna sredstva bolnici u Kragujevcu, kao i Fondaciji Ana i Vlade Divac za pomo\u0107 u realizaciji ove zna\u010dajne donacije.\u00a0Veoma je va\u017eno, posebno u ovom trenutku,\u00a0kada se\u00a0lekari, medicinske sestre i medicinsko osoblje\u00a0herojski bore protiv korona virusa, da imaju sve \u0161to im je neophodno za rad.\u00a0Svakodnevno rizikuju svoje \u017eivote, da bi spasili tu\u0111e. Moramo da im pomognemo\u201c, rekla je Nj.K.V. Princeza Katarina.<\/p>\n<p>U ime Fondacije Ana i Vlade Divac, Ana Divac je izjavila: &#8220;U ovom vremenu punom izazova, sa kakvim se do sada nismo sreli, drago nam je da smo zahvaljuju\u0107i na\u0161oj dugogodi\u0161njoj donatorki iz Amerike, Anki Erne uspeli da obezbedimo ovu neophodnu pomo\u0107. Doprinos na\u0161ih ljudi iz dijaspore je nemerljiv od samog po\u010detka pandemije i zaista se zahvaljujemo svima koji nesebi\u010dno poma\u017eu da prebrodimo ovu krizu&#8221;.<\/p>\n<\/div><\/div><\/div><\/div><\/div><div class=\"fusion-fullwidth fullwidth-box fusion-builder-row-2 fusion-flex-container nonhundred-percent-fullwidth non-hundred-percent-height-scrolling\" style=\"--awb-border-radius-top-left:0px;--awb-border-radius-top-right:0px;--awb-border-radius-bottom-right:0px;--awb-border-radius-bottom-left:0px;--awb-flex-wrap:wrap;\" ><div class=\"fusion-builder-row fusion-row fusion-flex-align-items-flex-start fusion-flex-content-wrap\" style=\"max-width:1227.2px;margin-left: calc(-4% \/ 2 );margin-right: calc(-4% \/ 2 );\"><div class=\"fusion-layout-column fusion_builder_column fusion-builder-column-1 fusion_builder_column_1_1 1_1 fusion-flex-column\" style=\"--awb-bg-size:cover;--awb-width-large:100%;--awb-margin-top-large:0px;--awb-spacing-right-large:1.92%;--awb-margin-bottom-large:20px;--awb-spacing-left-large:1.92%;--awb-width-medium:100%;--awb-order-medium:0;--awb-spacing-right-medium:1.92%;--awb-spacing-left-medium:1.92%;--awb-width-small:100%;--awb-order-small:0;--awb-spacing-right-small:1.92%;--awb-spacing-left-small:1.92%;\"><div class=\"fusion-column-wrapper fusion-column-has-shadow fusion-flex-justify-content-flex-start fusion-content-layout-column\"><div class=\"awb-gallery-wrapper awb-gallery-wrapper-1 button-span-no\" data-limit=\"20\" data-page=\"1\"><div style=\"margin:-5px;--awb-bordersize:0px;\" class=\"fusion-gallery fusion-gallery-container fusion-grid-3 fusion-columns-total-3 fusion-gallery-layout-grid fusion-gallery-1\"><div style=\"padding:5px;\" class=\"fusion-grid-column fusion-gallery-column fusion-gallery-column-3 hover-type-none\"><div class=\"fusion-gallery-image\"><a href=\"https:\/\/royalfamily.org\/wp-content\/uploads\/2021\/01\/Slika7.jpg\" data-caption=\"Donacija za Kovid bolnicu u Kragujevcu \" rel=\"noreferrer\" data-rel=\"iLightbox[gallery_image_1]\" class=\"fusion-lightbox\" target=\"_self\"><img decoding=\"async\" src=\"https:\/\/royalfamily.org\/wp-content\/uploads\/2021\/01\/Slika7-460x295.jpg\" width=\"460\" height=\"295\" alt=\"Donacija za Kovid bolnicu u Kragujevcu\" title=\"Donacija za Kovid bolnicu u Kragujevcu\" aria-label=\"Donacija za Kovid bolnicu u Kragujevcu\" class=\"img-responsive wp-image-78006 fusion-gallery-image-size-fixed\"  \/><\/a><\/div><\/div><div style=\"padding:5px;\" class=\"fusion-grid-column fusion-gallery-column fusion-gallery-column-3 hover-type-none\"><div class=\"fusion-gallery-image\"><a href=\"https:\/\/royalfamily.org\/wp-content\/uploads\/2021\/01\/Slika4.jpg\" data-caption=\"Donacija za Kovid bolnicu u Kragujevcu \" rel=\"noreferrer\" data-rel=\"iLightbox[gallery_image_1]\" class=\"fusion-lightbox\" target=\"_self\"><img decoding=\"async\" src=\"https:\/\/royalfamily.org\/wp-content\/uploads\/2021\/01\/Slika4-460x295.jpg\" width=\"460\" height=\"295\" alt=\"Donacija za Kovid bolnicu u Kragujevcu\" title=\"Donacija za Kovid bolnicu u Kragujevcu\" aria-label=\"Donacija za Kovid bolnicu u Kragujevcu\" class=\"img-responsive wp-image-78003 fusion-gallery-image-size-fixed\"  \/><\/a><\/div><\/div><div style=\"padding:5px;\" class=\"fusion-grid-column fusion-gallery-column fusion-gallery-column-3 hover-type-none\"><div class=\"fusion-gallery-image\"><a href=\"https:\/\/royalfamily.org\/wp-content\/uploads\/2021\/01\/Slika2.jpg\" data-caption=\"Donacija za Kovid bolnicu u Kragujevcu \" rel=\"noreferrer\" data-rel=\"iLightbox[gallery_image_1]\" class=\"fusion-lightbox\" target=\"_self\"><img decoding=\"async\" src=\"https:\/\/royalfamily.org\/wp-content\/uploads\/2021\/01\/Slika2-460x295.jpg\" width=\"460\" height=\"295\" alt=\"Donacija za Kovid bolnicu u Kragujevcu\" title=\"Donacija za Kovid bolnicu u Kragujevcu\" aria-label=\"Donacija za Kovid bolnicu u Kragujevcu\" class=\"img-responsive wp-image-78000 fusion-gallery-image-size-fixed\"  \/><\/a><\/div><\/div><div class=\"clearfix\"><\/div><\/div><\/div><\/div><\/div><\/div><\/div><\/p>\n","protected":false},"excerpt":{"rendered":"","protected":false},"author":1001015,"featured_media":77997,"comment_status":"closed","ping_status":"closed","sticky":false,"template":"","format":"standard","meta":{"_acf_changed":false,"footnotes":""},"categories":[22],"tags":[],"class_list":["post-78009","post","type-post","status-publish","format-standard","has-post-thumbnail","hentry","category-vesti"],"acf":[],"yoast_head":"<!-- This site is optimized with the Yoast SEO Premium plugin v27.5 (Yoast SEO v27.5) - https:\/\/yoast.com\/product\/yoast-seo-premium-wordpress\/ -->\n<title>PREKO POTREBNA POMO\u0106 STIGLA U KOVID BOLNICU U KRAGUJEVCU - The Royal Family of Serbia<\/title>\n<meta name=\"robots\" content=\"index, follow, max-snippet:-1, max-image-preview:large, max-video-preview:-1\" \/>\n<link rel=\"canonical\" href=\"https:\/\/royalfamily.org\/lat\/potrebna-pomoc-stigla-kovid-bolnicu-kragujevcu\/\" \/>\n<meta property=\"og:locale\" content=\"en_US\" \/>\n<meta property=\"og:type\" content=\"article\" \/>\n<meta property=\"og:title\" content=\"PREKO POTREBNA POMO\u0106 STIGLA U KOVID BOLNICU U KRAGUJEVCU\" \/>\n<meta property=\"og:url\" content=\"https:\/\/royalfamily.org\/lat\/potrebna-pomoc-stigla-kovid-bolnicu-kragujevcu\/\" \/>\n<meta property=\"og:site_name\" content=\"The Royal Family of Serbia\" \/>\n<meta property=\"article:publisher\" content=\"https:\/\/www.facebook.com\/Prestolonaslednik.Aleksandar\" \/>\n<meta property=\"article:published_time\" content=\"2021-01-04T12:00:44+00:00\" \/>\n<meta property=\"article:modified_time\" content=\"2021-01-04T13:00:44+00:00\" \/>\n<meta property=\"og:image\" content=\"https:\/\/royalfamily.org\/wp-content\/uploads\/2021\/01\/COVER-PA.jpg\" \/>\n\t<meta property=\"og:image:width\" content=\"740\" \/>\n\t<meta property=\"og:image:height\" content=\"360\" \/>\n\t<meta property=\"og:image:type\" content=\"image\/jpeg\" \/>\n<meta name=\"author\" content=\"Stefan Milanovic\" \/>\n<meta name=\"twitter:card\" content=\"summary_large_image\" \/>\n<meta name=\"twitter:label1\" content=\"Written by\" \/>\n\t<meta name=\"twitter:data1\" content=\"Stefan Milanovic\" \/>\n\t<meta name=\"twitter:label2\" content=\"Est. reading time\" \/>\n\t<meta name=\"twitter:data2\" content=\"7 minutes\" \/>\n<script type=\"application\/ld+json\" class=\"yoast-schema-graph\">{\"@context\":\"https:\\\/\\\/schema.org\",\"@graph\":[{\"@type\":\"Article\",\"@id\":\"https:\\\/\\\/royalfamily.org\\\/lat\\\/potrebna-pomoc-stigla-kovid-bolnicu-kragujevcu\\\/#article\",\"isPartOf\":{\"@id\":\"https:\\\/\\\/royalfamily.org\\\/lat\\\/potrebna-pomoc-stigla-kovid-bolnicu-kragujevcu\\\/\"},\"author\":{\"name\":\"Stefan Milanovic\",\"@id\":\"https:\\\/\\\/royalfamily.org\\\/#\\\/schema\\\/person\\\/4ad3296a6a8a35eed333b6a785e9f648\"},\"headline\":\"PREKO POTREBNA POMO\u0106 STIGLA U KOVID BOLNICU U KRAGUJEVCU\",\"datePublished\":\"2021-01-04T12:00:44+00:00\",\"dateModified\":\"2021-01-04T13:00:44+00:00\",\"mainEntityOfPage\":{\"@id\":\"https:\\\/\\\/royalfamily.org\\\/lat\\\/potrebna-pomoc-stigla-kovid-bolnicu-kragujevcu\\\/\"},\"wordCount\":1453,\"publisher\":{\"@id\":\"https:\\\/\\\/royalfamily.org\\\/#organization\"},\"image\":{\"@id\":\"https:\\\/\\\/royalfamily.org\\\/lat\\\/potrebna-pomoc-stigla-kovid-bolnicu-kragujevcu\\\/#primaryimage\"},\"thumbnailUrl\":\"https:\\\/\\\/royalfamily.org\\\/wp-content\\\/uploads\\\/2021\\\/01\\\/COVER-PA.jpg\",\"articleSection\":[\"Vesti\"],\"inLanguage\":\"sr-LT\"},{\"@type\":\"WebPage\",\"@id\":\"https:\\\/\\\/royalfamily.org\\\/lat\\\/potrebna-pomoc-stigla-kovid-bolnicu-kragujevcu\\\/\",\"url\":\"https:\\\/\\\/royalfamily.org\\\/lat\\\/potrebna-pomoc-stigla-kovid-bolnicu-kragujevcu\\\/\",\"name\":\"PREKO POTREBNA POMO\u0106 STIGLA U KOVID BOLNICU U KRAGUJEVCU - The Royal Family of Serbia\",\"isPartOf\":{\"@id\":\"https:\\\/\\\/royalfamily.org\\\/#website\"},\"primaryImageOfPage\":{\"@id\":\"https:\\\/\\\/royalfamily.org\\\/lat\\\/potrebna-pomoc-stigla-kovid-bolnicu-kragujevcu\\\/#primaryimage\"},\"image\":{\"@id\":\"https:\\\/\\\/royalfamily.org\\\/lat\\\/potrebna-pomoc-stigla-kovid-bolnicu-kragujevcu\\\/#primaryimage\"},\"thumbnailUrl\":\"https:\\\/\\\/royalfamily.org\\\/wp-content\\\/uploads\\\/2021\\\/01\\\/COVER-PA.jpg\",\"datePublished\":\"2021-01-04T12:00:44+00:00\",\"dateModified\":\"2021-01-04T13:00:44+00:00\",\"breadcrumb\":{\"@id\":\"https:\\\/\\\/royalfamily.org\\\/lat\\\/potrebna-pomoc-stigla-kovid-bolnicu-kragujevcu\\\/#breadcrumb\"},\"inLanguage\":\"sr-LT\",\"potentialAction\":[{\"@type\":\"ReadAction\",\"target\":[\"https:\\\/\\\/royalfamily.org\\\/lat\\\/potrebna-pomoc-stigla-kovid-bolnicu-kragujevcu\\\/\"]}]},{\"@type\":\"ImageObject\",\"inLanguage\":\"sr-LT\",\"@id\":\"https:\\\/\\\/royalfamily.org\\\/lat\\\/potrebna-pomoc-stigla-kovid-bolnicu-kragujevcu\\\/#primaryimage\",\"url\":\"https:\\\/\\\/royalfamily.org\\\/wp-content\\\/uploads\\\/2021\\\/01\\\/COVER-PA.jpg\",\"contentUrl\":\"https:\\\/\\\/royalfamily.org\\\/wp-content\\\/uploads\\\/2021\\\/01\\\/COVER-PA.jpg\",\"width\":740,\"height\":360,\"caption\":\"Donacija za Kovid bolnicu u Kragujevcu\"},{\"@type\":\"BreadcrumbList\",\"@id\":\"https:\\\/\\\/royalfamily.org\\\/lat\\\/potrebna-pomoc-stigla-kovid-bolnicu-kragujevcu\\\/#breadcrumb\",\"itemListElement\":[{\"@type\":\"ListItem\",\"position\":1,\"name\":\"Home\",\"item\":\"https:\\\/\\\/royalfamily.org\\\/lat\\\/\"},{\"@type\":\"ListItem\",\"position\":2,\"name\":\"PREKO POTREBNA POMO\u0106 STIGLA U KOVID BOLNICU U KRAGUJEVCU\"}]},{\"@type\":\"WebSite\",\"@id\":\"https:\\\/\\\/royalfamily.org\\\/#website\",\"url\":\"https:\\\/\\\/royalfamily.org\\\/\",\"name\":\"The Royal Family of Serbia\",\"description\":\"From the people, for the people\",\"publisher\":{\"@id\":\"https:\\\/\\\/royalfamily.org\\\/#organization\"},\"potentialAction\":[{\"@type\":\"SearchAction\",\"target\":{\"@type\":\"EntryPoint\",\"urlTemplate\":\"https:\\\/\\\/royalfamily.org\\\/?s={search_term_string}\"},\"query-input\":{\"@type\":\"PropertyValueSpecification\",\"valueRequired\":true,\"valueName\":\"search_term_string\"}}],\"inLanguage\":\"sr-LT\"},{\"@type\":\"Organization\",\"@id\":\"https:\\\/\\\/royalfamily.org\\\/#organization\",\"name\":\"Royal Family\",\"url\":\"https:\\\/\\\/royalfamily.org\\\/\",\"logo\":{\"@type\":\"ImageObject\",\"inLanguage\":\"sr-LT\",\"@id\":\"https:\\\/\\\/royalfamily.org\\\/#\\\/schema\\\/logo\\\/image\\\/\",\"url\":\"https:\\\/\\\/royalfamily.org\\\/wp-content\\\/uploads\\\/2019\\\/04\\\/logo-vector-02-V-latinica.png\",\"contentUrl\":\"https:\\\/\\\/royalfamily.org\\\/wp-content\\\/uploads\\\/2019\\\/04\\\/logo-vector-02-V-latinica.png\",\"width\":552,\"height\":99,\"caption\":\"Royal Family\"},\"image\":{\"@id\":\"https:\\\/\\\/royalfamily.org\\\/#\\\/schema\\\/logo\\\/image\\\/\"},\"sameAs\":[\"https:\\\/\\\/www.facebook.com\\\/Prestolonaslednik.Aleksandar\"]},{\"@type\":\"Person\",\"@id\":\"https:\\\/\\\/royalfamily.org\\\/#\\\/schema\\\/person\\\/4ad3296a6a8a35eed333b6a785e9f648\",\"name\":\"Stefan Milanovic\",\"image\":{\"@type\":\"ImageObject\",\"inLanguage\":\"sr-LT\",\"@id\":\"https:\\\/\\\/secure.gravatar.com\\\/avatar\\\/92dcbdcf3e32112a9ceb1e41665b1f44c69382d014cacfe12c701f6af7c40259?s=96&d=mm&r=g\",\"url\":\"https:\\\/\\\/secure.gravatar.com\\\/avatar\\\/92dcbdcf3e32112a9ceb1e41665b1f44c69382d014cacfe12c701f6af7c40259?s=96&d=mm&r=g\",\"contentUrl\":\"https:\\\/\\\/secure.gravatar.com\\\/avatar\\\/92dcbdcf3e32112a9ceb1e41665b1f44c69382d014cacfe12c701f6af7c40259?s=96&d=mm&r=g\",\"caption\":\"Stefan Milanovic\"}}]}<\/script>\n<!-- \/ Yoast SEO Premium plugin. -->","yoast_head_json":{"title":"PREKO POTREBNA POMO\u0106 STIGLA U KOVID BOLNICU U KRAGUJEVCU - The Royal Family of Serbia","robots":{"index":"index","follow":"follow","max-snippet":"max-snippet:-1","max-image-preview":"max-image-preview:large","max-video-preview":"max-video-preview:-1"},"canonical":"https:\/\/royalfamily.org\/lat\/potrebna-pomoc-stigla-kovid-bolnicu-kragujevcu\/","og_locale":"en_US","og_type":"article","og_title":"PREKO POTREBNA POMO\u0106 STIGLA U KOVID BOLNICU U KRAGUJEVCU","og_url":"https:\/\/royalfamily.org\/lat\/potrebna-pomoc-stigla-kovid-bolnicu-kragujevcu\/","og_site_name":"The Royal Family of Serbia","article_publisher":"https:\/\/www.facebook.com\/Prestolonaslednik.Aleksandar","article_published_time":"2021-01-04T12:00:44+00:00","article_modified_time":"2021-01-04T13:00:44+00:00","og_image":[{"width":740,"height":360,"url":"https:\/\/royalfamily.org\/wp-content\/uploads\/2021\/01\/COVER-PA.jpg","type":"image\/jpeg"}],"author":"Stefan Milanovic","twitter_card":"summary_large_image","twitter_misc":{"Written by":"Stefan Milanovic","Est. reading time":"7 minutes"},"schema":{"@context":"https:\/\/schema.org","@graph":[{"@type":"Article","@id":"https:\/\/royalfamily.org\/lat\/potrebna-pomoc-stigla-kovid-bolnicu-kragujevcu\/#article","isPartOf":{"@id":"https:\/\/royalfamily.org\/lat\/potrebna-pomoc-stigla-kovid-bolnicu-kragujevcu\/"},"author":{"name":"Stefan Milanovic","@id":"https:\/\/royalfamily.org\/#\/schema\/person\/4ad3296a6a8a35eed333b6a785e9f648"},"headline":"PREKO POTREBNA POMO\u0106 STIGLA U KOVID BOLNICU U KRAGUJEVCU","datePublished":"2021-01-04T12:00:44+00:00","dateModified":"2021-01-04T13:00:44+00:00","mainEntityOfPage":{"@id":"https:\/\/royalfamily.org\/lat\/potrebna-pomoc-stigla-kovid-bolnicu-kragujevcu\/"},"wordCount":1453,"publisher":{"@id":"https:\/\/royalfamily.org\/#organization"},"image":{"@id":"https:\/\/royalfamily.org\/lat\/potrebna-pomoc-stigla-kovid-bolnicu-kragujevcu\/#primaryimage"},"thumbnailUrl":"https:\/\/royalfamily.org\/wp-content\/uploads\/2021\/01\/COVER-PA.jpg","articleSection":["Vesti"],"inLanguage":"sr-LT"},{"@type":"WebPage","@id":"https:\/\/royalfamily.org\/lat\/potrebna-pomoc-stigla-kovid-bolnicu-kragujevcu\/","url":"https:\/\/royalfamily.org\/lat\/potrebna-pomoc-stigla-kovid-bolnicu-kragujevcu\/","name":"PREKO POTREBNA POMO\u0106 STIGLA U KOVID BOLNICU U KRAGUJEVCU - The Royal Family of Serbia","isPartOf":{"@id":"https:\/\/royalfamily.org\/#website"},"primaryImageOfPage":{"@id":"https:\/\/royalfamily.org\/lat\/potrebna-pomoc-stigla-kovid-bolnicu-kragujevcu\/#primaryimage"},"image":{"@id":"https:\/\/royalfamily.org\/lat\/potrebna-pomoc-stigla-kovid-bolnicu-kragujevcu\/#primaryimage"},"thumbnailUrl":"https:\/\/royalfamily.org\/wp-content\/uploads\/2021\/01\/COVER-PA.jpg","datePublished":"2021-01-04T12:00:44+00:00","dateModified":"2021-01-04T13:00:44+00:00","breadcrumb":{"@id":"https:\/\/royalfamily.org\/lat\/potrebna-pomoc-stigla-kovid-bolnicu-kragujevcu\/#breadcrumb"},"inLanguage":"sr-LT","potentialAction":[{"@type":"ReadAction","target":["https:\/\/royalfamily.org\/lat\/potrebna-pomoc-stigla-kovid-bolnicu-kragujevcu\/"]}]},{"@type":"ImageObject","inLanguage":"sr-LT","@id":"https:\/\/royalfamily.org\/lat\/potrebna-pomoc-stigla-kovid-bolnicu-kragujevcu\/#primaryimage","url":"https:\/\/royalfamily.org\/wp-content\/uploads\/2021\/01\/COVER-PA.jpg","contentUrl":"https:\/\/royalfamily.org\/wp-content\/uploads\/2021\/01\/COVER-PA.jpg","width":740,"height":360,"caption":"Donacija za Kovid bolnicu u Kragujevcu"},{"@type":"BreadcrumbList","@id":"https:\/\/royalfamily.org\/lat\/potrebna-pomoc-stigla-kovid-bolnicu-kragujevcu\/#breadcrumb","itemListElement":[{"@type":"ListItem","position":1,"name":"Home","item":"https:\/\/royalfamily.org\/lat\/"},{"@type":"ListItem","position":2,"name":"PREKO POTREBNA POMO\u0106 STIGLA U KOVID BOLNICU U KRAGUJEVCU"}]},{"@type":"WebSite","@id":"https:\/\/royalfamily.org\/#website","url":"https:\/\/royalfamily.org\/","name":"The Royal Family of Serbia","description":"From the people, for the people","publisher":{"@id":"https:\/\/royalfamily.org\/#organization"},"potentialAction":[{"@type":"SearchAction","target":{"@type":"EntryPoint","urlTemplate":"https:\/\/royalfamily.org\/?s={search_term_string}"},"query-input":{"@type":"PropertyValueSpecification","valueRequired":true,"valueName":"search_term_string"}}],"inLanguage":"sr-LT"},{"@type":"Organization","@id":"https:\/\/royalfamily.org\/#organization","name":"Royal Family","url":"https:\/\/royalfamily.org\/","logo":{"@type":"ImageObject","inLanguage":"sr-LT","@id":"https:\/\/royalfamily.org\/#\/schema\/logo\/image\/","url":"https:\/\/royalfamily.org\/wp-content\/uploads\/2019\/04\/logo-vector-02-V-latinica.png","contentUrl":"https:\/\/royalfamily.org\/wp-content\/uploads\/2019\/04\/logo-vector-02-V-latinica.png","width":552,"height":99,"caption":"Royal Family"},"image":{"@id":"https:\/\/royalfamily.org\/#\/schema\/logo\/image\/"},"sameAs":["https:\/\/www.facebook.com\/Prestolonaslednik.Aleksandar"]},{"@type":"Person","@id":"https:\/\/royalfamily.org\/#\/schema\/person\/4ad3296a6a8a35eed333b6a785e9f648","name":"Stefan Milanovic","image":{"@type":"ImageObject","inLanguage":"sr-LT","@id":"https:\/\/secure.gravatar.com\/avatar\/92dcbdcf3e32112a9ceb1e41665b1f44c69382d014cacfe12c701f6af7c40259?s=96&d=mm&r=g","url":"https:\/\/secure.gravatar.com\/avatar\/92dcbdcf3e32112a9ceb1e41665b1f44c69382d014cacfe12c701f6af7c40259?s=96&d=mm&r=g","contentUrl":"https:\/\/secure.gravatar.com\/avatar\/92dcbdcf3e32112a9ceb1e41665b1f44c69382d014cacfe12c701f6af7c40259?s=96&d=mm&r=g","caption":"Stefan Milanovic"}}]}},"_links":{"self":[{"href":"https:\/\/royalfamily.org\/lat\/wp-json\/wp\/v2\/posts\/78009","targetHints":{"allow":["GET"]}}],"collection":[{"href":"https:\/\/royalfamily.org\/lat\/wp-json\/wp\/v2\/posts"}],"about":[{"href":"https:\/\/royalfamily.org\/lat\/wp-json\/wp\/v2\/types\/post"}],"author":[{"embeddable":true,"href":"https:\/\/royalfamily.org\/lat\/wp-json\/wp\/v2\/users\/1001015"}],"replies":[{"embeddable":true,"href":"https:\/\/royalfamily.org\/lat\/wp-json\/wp\/v2\/comments?post=78009"}],"version-history":[{"count":1,"href":"https:\/\/royalfamily.org\/lat\/wp-json\/wp\/v2\/posts\/78009\/revisions"}],"predecessor-version":[{"id":78010,"href":"https:\/\/royalfamily.org\/lat\/wp-json\/wp\/v2\/posts\/78009\/revisions\/78010"}],"wp:featuredmedia":[{"embeddable":true,"href":"https:\/\/royalfamily.org\/lat\/wp-json\/wp\/v2\/media\/77997"}],"wp:attachment":[{"href":"https:\/\/royalfamily.org\/lat\/wp-json\/wp\/v2\/media?parent=78009"}],"wp:term":[{"taxonomy":"category","embeddable":true,"href":"https:\/\/royalfamily.org\/lat\/wp-json\/wp\/v2\/categories?post=78009"},{"taxonomy":"post_tag","embeddable":true,"href":"https:\/\/royalfamily.org\/lat\/wp-json\/wp\/v2\/tags?post=78009"}],"curies":[{"name":"wp","href":"https:\/\/api.w.org\/{rel}","templated":true}]}}