{"id":78056,"date":"2021-01-06T13:04:31","date_gmt":"2021-01-06T12:04:31","guid":{"rendered":"https:\/\/royalfamily.org\/?p=78056"},"modified":"2021-01-06T13:04:31","modified_gmt":"2021-01-06T13:04:31","slug":"princeza-katarina-obezbedila-igraliste-drinka-pavlovic","status":"publish","type":"post","link":"https:\/\/royalfamily.org\/lat\/princeza-katarina-obezbedila-igraliste-drinka-pavlovic\/","title":{"rendered":"FONDACIJA PRINCEZE KATARINE OBEZBEDILA NOVO IGRALI\u0160TE ZA DOM ZA DECU BEZ RODITELJSKOG STARANJA \u201eDRINKA PAVLOVI\u0106\u201c"},"content":{"rendered":"<p><div class=\"fusion-fullwidth fullwidth-box fusion-builder-row-1 fusion-flex-container nonhundred-percent-fullwidth non-hundred-percent-height-scrolling\" style=\"--awb-border-radius-top-left:0px;--awb-border-radius-top-right:0px;--awb-border-radius-bottom-right:0px;--awb-border-radius-bottom-left:0px;--awb-flex-wrap:wrap;\" ><div class=\"fusion-builder-row fusion-row fusion-flex-align-items-flex-start fusion-flex-content-wrap\" style=\"max-width:1227.2px;margin-left: calc(-4% \/ 2 );margin-right: calc(-4% \/ 2 );\"><div class=\"fusion-layout-column fusion_builder_column fusion-builder-column-0 fusion_builder_column_1_1 1_1 fusion-flex-column\" style=\"--awb-bg-size:cover;--awb-width-large:100%;--awb-margin-top-large:0px;--awb-spacing-right-large:1.92%;--awb-margin-bottom-large:20px;--awb-spacing-left-large:1.92%;--awb-width-medium:100%;--awb-order-medium:0;--awb-spacing-right-medium:1.92%;--awb-spacing-left-medium:1.92%;--awb-width-small:100%;--awb-order-small:0;--awb-spacing-right-small:1.92%;--awb-spacing-left-small:1.92%;\"><div class=\"fusion-column-wrapper fusion-column-has-shadow fusion-flex-justify-content-flex-start fusion-content-layout-column\"><div class=\"fusion-text fusion-text-1\"><p>Nj.K.V. Princeza Katarina donirala je novu opremu za dvori\u0161te Doma za decu bez roditeljskog staranja \u201cDrinka Pavlovi\u0107\u201d u Beogradu.<\/p>\n<p>Neverovatno velikodu\u0161na donacija u vrednosti od 13,700 dolara, obezbe\u0111ena je preko humanitarne organizacije Lajflajn \u010cikago, zahvaljuju\u0107i Fondaciji D\u017eona i Mildred Medi\u0107 Vu\u010deni\u0107, u znak se\u0107anja na njihovu sestru Nanet E. Vu\u010deni\u0107. Osim novih sprava za ve\u017ebanje i igru dece (5 razli\u010ditih setova sprava za igrali\u0161te), dvori\u0161te Doma opremljeno je i novim klupama, ba\u0161tenskim stolovima, velikim \u017eardinjerama sa cve\u0107em i kosilicom za travu.<\/p>\n<p>\u201eVeoma sam sre\u0107na \u0161to \u0107e, zahvaljuju\u0107i ovoj donaciji, deca dobiti ure\u0111eno igrali\u0161te, u kom mogu da se zabave i u\u017eivaju u svakodnevnoj igri. Deca su na\u0161e najve\u0107e bogatstvo i veoma je va\u017eno da vodimo ra\u010duna o njihovom zdravlju i pravilnom razvoju, a zahvaljuju\u0107i ovoj opremi bi\u0107e u prilici da se svakodnevno bave sportom i aktivno provode vreme u prirodi\u201c, rekla je Nj.K.V. Princeza Katarina.<\/p>\n<p>Na poziv Nj.K.V. Princeze Katarine, igrali\u0161te je sve\u010dano otvorila ministarka za rad, zapo\u0161ljavanje, bora\u010dka i socijalna pitanja prof. dr Darija Kisi\u0107 Tepav\u010devi\u0107.<\/p>\n<p>\u201cZahvaljujem svim ljudima koji su i u ovim te\u0161kim vremenima pokazali dobrotu, humanost i solidarnost. Zahvaljuju\u0107i donaciji Fondacije Princeze Katarine oplemenjeno je dvori\u0161te Doma \u201cDrinka Pavlovi\u0107\u201d koje \u0107e imati veliku ulogu u odrastanju i vaspitavanju dece\u201d, rekla je Kisi\u0107 Tepav\u010devi\u0107, uz poruku da je \u201czadatak svih nas da deci pruzimo sre\u0107no detinjstvo\u201d.<\/p>\n<p>Direktor Centra za za\u0161titu odoj\u010dadi, dece i omladine Zve\u010danska Zoran Mila\u010di\u0107 izrazio je zahvalnost Nj.K.V. Princezi Katarini,\u00a0 humanitarnoj organizaciji Lajflajn \u010cikago i fondaciji D\u017eona i Mildred Medi\u0107 Vu\u010deni\u0107 za njihovu podr\u0161ku.<\/p>\n<p>\u201eU ime dece, \u017eelim da se zahvalim Nj.K.V. Princezi Katarini i humanitarnoj organizaciji Lajflajn \u010cikago \u0161to ve\u0107 godinama velikodu\u0161no poma\u017eu deci u svim na\u0161im ustanovama. Svojim donacijama poma\u017eu nam da realizujemo planirane aktivnosti\u201c, rekao je Mila\u010di\u0107 i zahvalio se ministarki Tepav\u010devi\u0107 na podr\u0161ci ovakvim projektima.<\/p>\n<\/div><\/div><\/div><\/div><\/div><div class=\"fusion-fullwidth fullwidth-box fusion-builder-row-2 fusion-flex-container nonhundred-percent-fullwidth non-hundred-percent-height-scrolling\" style=\"--awb-border-radius-top-left:0px;--awb-border-radius-top-right:0px;--awb-border-radius-bottom-right:0px;--awb-border-radius-bottom-left:0px;--awb-flex-wrap:wrap;\" ><div class=\"fusion-builder-row fusion-row fusion-flex-align-items-flex-start fusion-flex-content-wrap\" style=\"max-width:1227.2px;margin-left: calc(-4% \/ 2 );margin-right: calc(-4% \/ 2 );\"><div class=\"fusion-layout-column fusion_builder_column fusion-builder-column-1 fusion_builder_column_1_1 1_1 fusion-flex-column\" style=\"--awb-bg-size:cover;--awb-width-large:100%;--awb-margin-top-large:0px;--awb-spacing-right-large:1.92%;--awb-margin-bottom-large:20px;--awb-spacing-left-large:1.92%;--awb-width-medium:100%;--awb-order-medium:0;--awb-spacing-right-medium:1.92%;--awb-spacing-left-medium:1.92%;--awb-width-small:100%;--awb-order-small:0;--awb-spacing-right-small:1.92%;--awb-spacing-left-small:1.92%;\"><div class=\"fusion-column-wrapper fusion-column-has-shadow fusion-flex-justify-content-flex-start fusion-content-layout-column\"><div class=\"awb-gallery-wrapper awb-gallery-wrapper-1 button-span-no\" data-limit=\"20\" data-page=\"1\"><div style=\"margin:-5px;--awb-bordersize:0px;\" class=\"fusion-gallery fusion-gallery-container fusion-grid-3 fusion-columns-total-8 fusion-gallery-layout-grid fusion-gallery-1\"><div style=\"padding:5px;\" class=\"fusion-grid-column fusion-gallery-column fusion-gallery-column-3 hover-type-none\"><div class=\"fusion-gallery-image\"><a href=\"https:\/\/royalfamily.org\/wp-content\/uploads\/2021\/01\/NASLOVNA.jpg\" data-caption=\"Novo igrali\u0161te Doma Drinka Pavlovi\u0107\" rel=\"noreferrer\" data-rel=\"iLightbox[gallery_image_1]\" class=\"fusion-lightbox\" target=\"_self\"><img decoding=\"async\" src=\"https:\/\/royalfamily.org\/wp-content\/uploads\/2021\/01\/NASLOVNA-460x295.jpg\" width=\"460\" height=\"295\" alt=\"Novo igrali\u0161te Doma Drinka Pavlovi\u0107\" title=\"Novo igrali\u0161te Doma Drinka Pavlovi\u0107\" aria-label=\"Novo igrali\u0161te Doma Drinka Pavlovi\u0107\" class=\"img-responsive wp-image-78052 fusion-gallery-image-size-fixed\"  \/><\/a><\/div><\/div><div style=\"padding:5px;\" class=\"fusion-grid-column fusion-gallery-column fusion-gallery-column-3 hover-type-none\"><div class=\"fusion-gallery-image\"><a href=\"https:\/\/royalfamily.org\/wp-content\/uploads\/2021\/01\/Ministarka-za-rad-zaposljavanje-boracka-i-socijalna-pitanja-prof.-dr-Darija-Kisic-Tepavcevic.jpg\" data-caption=\"Ministarka za rad, zapo\u0161ljavanje, bora\u010dka i socijalna pitanja prof. dr Darija Kisi\u0107 Tepav\u010devi\u0107\" rel=\"noreferrer\" data-rel=\"iLightbox[gallery_image_1]\" class=\"fusion-lightbox\" target=\"_self\"><img decoding=\"async\" src=\"https:\/\/royalfamily.org\/wp-content\/uploads\/2021\/01\/Ministarka-za-rad-zaposljavanje-boracka-i-socijalna-pitanja-prof.-dr-Darija-Kisic-Tepavcevic-460x295.jpg\" width=\"460\" height=\"295\" alt=\"Ministarka za rad, zapo\u0161ljavanje, bora\u010dka i socijalna pitanja prof. dr Darija Kisi\u0107 Tepav\u010devi\u0107\" title=\"Ministarka za rad, zapo\u0161ljavanje, bora\u010dka i socijalna pitanja prof. dr Darija Kisi\u0107 Tepav\u010devi\u0107\" aria-label=\"Ministarka za rad, zapo\u0161ljavanje, bora\u010dka i socijalna pitanja prof. dr Darija Kisi\u0107 Tepav\u010devi\u0107\" class=\"img-responsive wp-image-78049 fusion-gallery-image-size-fixed\"  \/><\/a><\/div><\/div><div style=\"padding:5px;\" class=\"fusion-grid-column fusion-gallery-column fusion-gallery-column-3 hover-type-none\"><div class=\"fusion-gallery-image\"><a href=\"https:\/\/royalfamily.org\/wp-content\/uploads\/2021\/01\/Direktor-Centra-za-zastitu-odojcadi-dece-i-omladine-Zvecanska-Zoran-Milacic.jpg\" data-caption=\"Direktor Centra za za\u0161titu odoj\u010dadi, dece i omladine Zve\u010danska Zoran Mila\u010di\u0107 \" rel=\"noreferrer\" data-rel=\"iLightbox[gallery_image_1]\" class=\"fusion-lightbox\" target=\"_self\"><img decoding=\"async\" src=\"https:\/\/royalfamily.org\/wp-content\/uploads\/2021\/01\/Direktor-Centra-za-zastitu-odojcadi-dece-i-omladine-Zvecanska-Zoran-Milacic-460x295.jpg\" width=\"460\" height=\"295\" alt=\"Direktor Centra za za\u0161titu odoj\u010dadi, dece i omladine Zve\u010danska Zoran Mila\u010di\u0107\" title=\"Direktor Centra za za\u0161titu odoj\u010dadi, dece i omladine Zve\u010danska Zoran Mila\u010di\u0107\" aria-label=\"Direktor Centra za za\u0161titu odoj\u010dadi, dece i omladine Zve\u010danska Zoran Mila\u010di\u0107\" class=\"img-responsive wp-image-78046 fusion-gallery-image-size-fixed\"  \/><\/a><\/div><\/div><div class=\"clearfix\"><\/div><div style=\"padding:5px;\" class=\"fusion-grid-column fusion-gallery-column fusion-gallery-column-3 hover-type-none\"><div class=\"fusion-gallery-image\"><a href=\"https:\/\/royalfamily.org\/wp-content\/uploads\/2021\/01\/8F2A4443w.jpg\" data-caption=\"Novo igrali\u0161te Doma Drinka Pavlovi\u0107\" rel=\"noreferrer\" data-rel=\"iLightbox[gallery_image_1]\" class=\"fusion-lightbox\" target=\"_self\"><img decoding=\"async\" src=\"https:\/\/royalfamily.org\/wp-content\/uploads\/2021\/01\/8F2A4443w-460x295.jpg\" width=\"460\" height=\"295\" alt=\"Novo igrali\u0161te Doma Drinka Pavlovi\u0107\" title=\"Novo igrali\u0161te Doma Drinka Pavlovi\u0107\" aria-label=\"Novo igrali\u0161te Doma Drinka Pavlovi\u0107\" class=\"img-responsive wp-image-78043 fusion-gallery-image-size-fixed\"  \/><\/a><\/div><\/div><div style=\"padding:5px;\" class=\"fusion-grid-column fusion-gallery-column fusion-gallery-column-3 hover-type-none\"><div class=\"fusion-gallery-image\"><a href=\"https:\/\/royalfamily.org\/wp-content\/uploads\/2021\/01\/8F2A4441w.jpg\" data-caption=\"Novo igrali\u0161te Doma Drinka Pavlovi\u0107\" rel=\"noreferrer\" data-rel=\"iLightbox[gallery_image_1]\" class=\"fusion-lightbox\" target=\"_self\"><img decoding=\"async\" src=\"https:\/\/royalfamily.org\/wp-content\/uploads\/2021\/01\/8F2A4441w-460x295.jpg\" width=\"460\" height=\"295\" alt=\"Novo igrali\u0161te Doma Drinka Pavlovi\u0107\" title=\"Novo igrali\u0161te Doma Drinka Pavlovi\u0107\" aria-label=\"Novo igrali\u0161te Doma Drinka Pavlovi\u0107\" class=\"img-responsive wp-image-78040 fusion-gallery-image-size-fixed\"  \/><\/a><\/div><\/div><div style=\"padding:5px;\" class=\"fusion-grid-column fusion-gallery-column fusion-gallery-column-3 hover-type-none\"><div class=\"fusion-gallery-image\"><a href=\"https:\/\/royalfamily.org\/wp-content\/uploads\/2021\/01\/8F2A4434w.jpg\" data-caption=\"Ministarka za rad, zapo\u0161ljavanje, bora\u010dka i socijalna pitanja prof. dr Darija Kisi\u0107 Tepav\u010devi\u0107 i Direktor Centra za za\u0161titu odoj\u010dadi, dece i omladine Zve\u010danska Zoran Mila\u010di\u0107 \" rel=\"noreferrer\" data-rel=\"iLightbox[gallery_image_1]\" class=\"fusion-lightbox\" target=\"_self\"><img decoding=\"async\" src=\"https:\/\/royalfamily.org\/wp-content\/uploads\/2021\/01\/8F2A4434w-460x295.jpg\" width=\"460\" height=\"295\" alt=\"Ministarka za rad, zapo\u0161ljavanje, bora\u010dka i socijalna pitanja prof. dr Darija Kisi\u0107 Tepav\u010devi\u0107 i Direktor Centra za za\u0161titu odoj\u010dadi, dece i omladine Zve\u010danska Zoran Mila\u010di\u0107\" title=\"Ministarka za rad, zapo\u0161ljavanje, bora\u010dka i socijalna pitanja prof. dr Darija Kisi\u0107 Tepav\u010devi\u0107 i Direktor Centra za za\u0161titu odoj\u010dadi, dece i omladine Zve\u010danska Zoran Mila\u010di\u0107\" aria-label=\"Ministarka za rad, zapo\u0161ljavanje, bora\u010dka i socijalna pitanja prof. dr Darija Kisi\u0107 Tepav\u010devi\u0107 i Direktor Centra za za\u0161titu odoj\u010dadi, dece i omladine Zve\u010danska Zoran Mila\u010di\u0107\" class=\"img-responsive wp-image-78037 fusion-gallery-image-size-fixed\"  \/><\/a><\/div><\/div><div class=\"clearfix\"><\/div><div style=\"padding:5px;\" class=\"fusion-grid-column fusion-gallery-column fusion-gallery-column-3 hover-type-none\"><div class=\"fusion-gallery-image\"><a href=\"https:\/\/royalfamily.org\/wp-content\/uploads\/2021\/01\/8F2A4429w.jpg\" data-caption=\"Direktor Centra za za\u0161titu odoj\u010dadi, dece i omladine Zve\u010danska Zoran Mila\u010di\u0107 \" rel=\"noreferrer\" data-rel=\"iLightbox[gallery_image_1]\" class=\"fusion-lightbox\" target=\"_self\"><img decoding=\"async\" src=\"https:\/\/royalfamily.org\/wp-content\/uploads\/2021\/01\/8F2A4429w-460x295.jpg\" width=\"460\" height=\"295\" alt=\"Direktor Centra za za\u0161titu odoj\u010dadi, dece i omladine Zve\u010danska Zoran Mila\u010di\u0107\" title=\"Direktor Centra za za\u0161titu odoj\u010dadi, dece i omladine Zve\u010danska Zoran Mila\u010di\u0107\" aria-label=\"Direktor Centra za za\u0161titu odoj\u010dadi, dece i omladine Zve\u010danska Zoran Mila\u010di\u0107\" class=\"img-responsive wp-image-78034 fusion-gallery-image-size-fixed\"  \/><\/a><\/div><\/div><div style=\"padding:5px;\" class=\"fusion-grid-column fusion-gallery-column fusion-gallery-column-3 hover-type-none\"><div class=\"fusion-gallery-image\"><a href=\"https:\/\/royalfamily.org\/wp-content\/uploads\/2021\/01\/8F2A4426m.jpg\" data-caption=\"Ministarka za rad, zapo\u0161ljavanje, bora\u010dka i socijalna pitanja prof. dr Darija Kisi\u0107 Tepav\u010devi\u0107\" rel=\"noreferrer\" data-rel=\"iLightbox[gallery_image_1]\" class=\"fusion-lightbox\" target=\"_self\"><img decoding=\"async\" src=\"https:\/\/royalfamily.org\/wp-content\/uploads\/2021\/01\/8F2A4426m-460x295.jpg\" width=\"460\" height=\"295\" alt=\"Ministarka za rad, zapo\u0161ljavanje, bora\u010dka i socijalna pitanja prof. dr Darija Kisi\u0107 Tepav\u010devi\u0107\" title=\"Ministarka za rad, zapo\u0161ljavanje, bora\u010dka i socijalna pitanja prof. dr Darija Kisi\u0107 Tepav\u010devi\u0107\" aria-label=\"Ministarka za rad, zapo\u0161ljavanje, bora\u010dka i socijalna pitanja prof. dr Darija Kisi\u0107 Tepav\u010devi\u0107\" class=\"img-responsive wp-image-78031 fusion-gallery-image-size-fixed\"  \/><\/a><\/div><\/div><\/div><\/div><\/div><\/div><\/div><\/div><\/p>\n","protected":false},"excerpt":{"rendered":"","protected":false},"author":1001015,"featured_media":78028,"comment_status":"closed","ping_status":"closed","sticky":false,"template":"","format":"standard","meta":{"_acf_changed":false,"footnotes":""},"categories":[22],"tags":[],"class_list":["post-78056","post","type-post","status-publish","format-standard","has-post-thumbnail","hentry","category-vesti"],"acf":[],"yoast_head":"<!-- This site is optimized with the Yoast SEO Premium plugin v27.5 (Yoast SEO v27.5) - https:\/\/yoast.com\/product\/yoast-seo-premium-wordpress\/ -->\n<title>FONDACIJA PRINCEZE KATARINE OBEZBEDILA NOVO IGRALI\u0160TE ZA DOM ZA DECU BEZ RODITELJSKOG STARANJA \u201eDRINKA PAVLOVI\u0106\u201c - The Royal Family of Serbia<\/title>\n<meta name=\"robots\" content=\"index, follow, max-snippet:-1, max-image-preview:large, max-video-preview:-1\" \/>\n<link rel=\"canonical\" href=\"https:\/\/royalfamily.org\/lat\/princeza-katarina-obezbedila-igraliste-drinka-pavlovic\/\" \/>\n<meta property=\"og:locale\" content=\"en_US\" \/>\n<meta property=\"og:type\" content=\"article\" \/>\n<meta property=\"og:title\" content=\"FONDACIJA PRINCEZE KATARINE OBEZBEDILA NOVO IGRALI\u0160TE ZA DOM ZA DECU BEZ RODITELJSKOG STARANJA \u201eDRINKA PAVLOVI\u0106\u201c\" \/>\n<meta property=\"og:url\" content=\"https:\/\/royalfamily.org\/lat\/princeza-katarina-obezbedila-igraliste-drinka-pavlovic\/\" \/>\n<meta property=\"og:site_name\" content=\"The Royal Family of Serbia\" \/>\n<meta property=\"article:publisher\" content=\"https:\/\/www.facebook.com\/Prestolonaslednik.Aleksandar\" \/>\n<meta property=\"article:published_time\" content=\"2021-01-06T12:04:31+00:00\" \/>\n<meta property=\"article:modified_time\" content=\"2021-01-06T13:04:31+00:00\" \/>\n<meta property=\"og:image\" content=\"https:\/\/royalfamily.org\/wp-content\/uploads\/2021\/01\/1-NASLOVNA-PA.jpg\" \/>\n\t<meta property=\"og:image:width\" content=\"740\" \/>\n\t<meta property=\"og:image:height\" content=\"360\" \/>\n\t<meta property=\"og:image:type\" content=\"image\/jpeg\" \/>\n<meta name=\"author\" content=\"Stefan Milanovic\" \/>\n<meta name=\"twitter:card\" content=\"summary_large_image\" \/>\n<meta name=\"twitter:label1\" content=\"Written by\" \/>\n\t<meta name=\"twitter:data1\" content=\"Stefan Milanovic\" \/>\n\t<meta name=\"twitter:label2\" content=\"Est. reading time\" \/>\n\t<meta name=\"twitter:data2\" content=\"8 minutes\" \/>\n<script type=\"application\/ld+json\" class=\"yoast-schema-graph\">{\"@context\":\"https:\\\/\\\/schema.org\",\"@graph\":[{\"@type\":\"Article\",\"@id\":\"https:\\\/\\\/royalfamily.org\\\/lat\\\/princeza-katarina-obezbedila-igraliste-drinka-pavlovic\\\/#article\",\"isPartOf\":{\"@id\":\"https:\\\/\\\/royalfamily.org\\\/lat\\\/princeza-katarina-obezbedila-igraliste-drinka-pavlovic\\\/\"},\"author\":{\"name\":\"Stefan Milanovic\",\"@id\":\"https:\\\/\\\/royalfamily.org\\\/#\\\/schema\\\/person\\\/4ad3296a6a8a35eed333b6a785e9f648\"},\"headline\":\"FONDACIJA PRINCEZE KATARINE OBEZBEDILA NOVO IGRALI\u0160TE ZA DOM ZA DECU BEZ RODITELJSKOG STARANJA \u201eDRINKA PAVLOVI\u0106\u201c\",\"datePublished\":\"2021-01-06T12:04:31+00:00\",\"dateModified\":\"2021-01-06T13:04:31+00:00\",\"mainEntityOfPage\":{\"@id\":\"https:\\\/\\\/royalfamily.org\\\/lat\\\/princeza-katarina-obezbedila-igraliste-drinka-pavlovic\\\/\"},\"wordCount\":1656,\"publisher\":{\"@id\":\"https:\\\/\\\/royalfamily.org\\\/#organization\"},\"image\":{\"@id\":\"https:\\\/\\\/royalfamily.org\\\/lat\\\/princeza-katarina-obezbedila-igraliste-drinka-pavlovic\\\/#primaryimage\"},\"thumbnailUrl\":\"https:\\\/\\\/royalfamily.org\\\/wp-content\\\/uploads\\\/2021\\\/01\\\/1-NASLOVNA-PA.jpg\",\"articleSection\":[\"Vesti\"],\"inLanguage\":\"sr-LT\"},{\"@type\":\"WebPage\",\"@id\":\"https:\\\/\\\/royalfamily.org\\\/lat\\\/princeza-katarina-obezbedila-igraliste-drinka-pavlovic\\\/\",\"url\":\"https:\\\/\\\/royalfamily.org\\\/lat\\\/princeza-katarina-obezbedila-igraliste-drinka-pavlovic\\\/\",\"name\":\"FONDACIJA PRINCEZE KATARINE OBEZBEDILA NOVO IGRALI\u0160TE ZA DOM ZA DECU BEZ RODITELJSKOG STARANJA \u201eDRINKA PAVLOVI\u0106\u201c - The Royal Family of Serbia\",\"isPartOf\":{\"@id\":\"https:\\\/\\\/royalfamily.org\\\/#website\"},\"primaryImageOfPage\":{\"@id\":\"https:\\\/\\\/royalfamily.org\\\/lat\\\/princeza-katarina-obezbedila-igraliste-drinka-pavlovic\\\/#primaryimage\"},\"image\":{\"@id\":\"https:\\\/\\\/royalfamily.org\\\/lat\\\/princeza-katarina-obezbedila-igraliste-drinka-pavlovic\\\/#primaryimage\"},\"thumbnailUrl\":\"https:\\\/\\\/royalfamily.org\\\/wp-content\\\/uploads\\\/2021\\\/01\\\/1-NASLOVNA-PA.jpg\",\"datePublished\":\"2021-01-06T12:04:31+00:00\",\"dateModified\":\"2021-01-06T13:04:31+00:00\",\"breadcrumb\":{\"@id\":\"https:\\\/\\\/royalfamily.org\\\/lat\\\/princeza-katarina-obezbedila-igraliste-drinka-pavlovic\\\/#breadcrumb\"},\"inLanguage\":\"sr-LT\",\"potentialAction\":[{\"@type\":\"ReadAction\",\"target\":[\"https:\\\/\\\/royalfamily.org\\\/lat\\\/princeza-katarina-obezbedila-igraliste-drinka-pavlovic\\\/\"]}]},{\"@type\":\"ImageObject\",\"inLanguage\":\"sr-LT\",\"@id\":\"https:\\\/\\\/royalfamily.org\\\/lat\\\/princeza-katarina-obezbedila-igraliste-drinka-pavlovic\\\/#primaryimage\",\"url\":\"https:\\\/\\\/royalfamily.org\\\/wp-content\\\/uploads\\\/2021\\\/01\\\/1-NASLOVNA-PA.jpg\",\"contentUrl\":\"https:\\\/\\\/royalfamily.org\\\/wp-content\\\/uploads\\\/2021\\\/01\\\/1-NASLOVNA-PA.jpg\",\"width\":740,\"height\":360,\"caption\":\"FONDACIJA PRINCEZE KATARINE OBEZBEDILA NOVO IGRALI\u0160TE ZA DOM ZA DECU BEZ RODITELJSKOG STARANJA \u201eDRINKA PAVLOVI\u0106\u201c\"},{\"@type\":\"BreadcrumbList\",\"@id\":\"https:\\\/\\\/royalfamily.org\\\/lat\\\/princeza-katarina-obezbedila-igraliste-drinka-pavlovic\\\/#breadcrumb\",\"itemListElement\":[{\"@type\":\"ListItem\",\"position\":1,\"name\":\"Home\",\"item\":\"https:\\\/\\\/royalfamily.org\\\/lat\\\/\"},{\"@type\":\"ListItem\",\"position\":2,\"name\":\"FONDACIJA PRINCEZE KATARINE OBEZBEDILA NOVO IGRALI\u0160TE ZA DOM ZA DECU BEZ RODITELJSKOG STARANJA \u201eDRINKA PAVLOVI\u0106\u201c\"}]},{\"@type\":\"WebSite\",\"@id\":\"https:\\\/\\\/royalfamily.org\\\/#website\",\"url\":\"https:\\\/\\\/royalfamily.org\\\/\",\"name\":\"The Royal Family of Serbia\",\"description\":\"From the people, for the people\",\"publisher\":{\"@id\":\"https:\\\/\\\/royalfamily.org\\\/#organization\"},\"potentialAction\":[{\"@type\":\"SearchAction\",\"target\":{\"@type\":\"EntryPoint\",\"urlTemplate\":\"https:\\\/\\\/royalfamily.org\\\/?s={search_term_string}\"},\"query-input\":{\"@type\":\"PropertyValueSpecification\",\"valueRequired\":true,\"valueName\":\"search_term_string\"}}],\"inLanguage\":\"sr-LT\"},{\"@type\":\"Organization\",\"@id\":\"https:\\\/\\\/royalfamily.org\\\/#organization\",\"name\":\"Royal Family\",\"url\":\"https:\\\/\\\/royalfamily.org\\\/\",\"logo\":{\"@type\":\"ImageObject\",\"inLanguage\":\"sr-LT\",\"@id\":\"https:\\\/\\\/royalfamily.org\\\/#\\\/schema\\\/logo\\\/image\\\/\",\"url\":\"https:\\\/\\\/royalfamily.org\\\/wp-content\\\/uploads\\\/2019\\\/04\\\/logo-vector-02-V-latinica.png\",\"contentUrl\":\"https:\\\/\\\/royalfamily.org\\\/wp-content\\\/uploads\\\/2019\\\/04\\\/logo-vector-02-V-latinica.png\",\"width\":552,\"height\":99,\"caption\":\"Royal Family\"},\"image\":{\"@id\":\"https:\\\/\\\/royalfamily.org\\\/#\\\/schema\\\/logo\\\/image\\\/\"},\"sameAs\":[\"https:\\\/\\\/www.facebook.com\\\/Prestolonaslednik.Aleksandar\"]},{\"@type\":\"Person\",\"@id\":\"https:\\\/\\\/royalfamily.org\\\/#\\\/schema\\\/person\\\/4ad3296a6a8a35eed333b6a785e9f648\",\"name\":\"Stefan Milanovic\",\"image\":{\"@type\":\"ImageObject\",\"inLanguage\":\"sr-LT\",\"@id\":\"https:\\\/\\\/secure.gravatar.com\\\/avatar\\\/92dcbdcf3e32112a9ceb1e41665b1f44c69382d014cacfe12c701f6af7c40259?s=96&d=mm&r=g\",\"url\":\"https:\\\/\\\/secure.gravatar.com\\\/avatar\\\/92dcbdcf3e32112a9ceb1e41665b1f44c69382d014cacfe12c701f6af7c40259?s=96&d=mm&r=g\",\"contentUrl\":\"https:\\\/\\\/secure.gravatar.com\\\/avatar\\\/92dcbdcf3e32112a9ceb1e41665b1f44c69382d014cacfe12c701f6af7c40259?s=96&d=mm&r=g\",\"caption\":\"Stefan Milanovic\"}}]}<\/script>\n<!-- \/ Yoast SEO Premium plugin. -->","yoast_head_json":{"title":"FONDACIJA PRINCEZE KATARINE OBEZBEDILA NOVO IGRALI\u0160TE ZA DOM ZA DECU BEZ RODITELJSKOG STARANJA \u201eDRINKA PAVLOVI\u0106\u201c - The Royal Family of Serbia","robots":{"index":"index","follow":"follow","max-snippet":"max-snippet:-1","max-image-preview":"max-image-preview:large","max-video-preview":"max-video-preview:-1"},"canonical":"https:\/\/royalfamily.org\/lat\/princeza-katarina-obezbedila-igraliste-drinka-pavlovic\/","og_locale":"en_US","og_type":"article","og_title":"FONDACIJA PRINCEZE KATARINE OBEZBEDILA NOVO IGRALI\u0160TE ZA DOM ZA DECU BEZ RODITELJSKOG STARANJA \u201eDRINKA PAVLOVI\u0106\u201c","og_url":"https:\/\/royalfamily.org\/lat\/princeza-katarina-obezbedila-igraliste-drinka-pavlovic\/","og_site_name":"The Royal Family of Serbia","article_publisher":"https:\/\/www.facebook.com\/Prestolonaslednik.Aleksandar","article_published_time":"2021-01-06T12:04:31+00:00","article_modified_time":"2021-01-06T13:04:31+00:00","og_image":[{"width":740,"height":360,"url":"https:\/\/royalfamily.org\/wp-content\/uploads\/2021\/01\/1-NASLOVNA-PA.jpg","type":"image\/jpeg"}],"author":"Stefan Milanovic","twitter_card":"summary_large_image","twitter_misc":{"Written by":"Stefan Milanovic","Est. reading time":"8 minutes"},"schema":{"@context":"https:\/\/schema.org","@graph":[{"@type":"Article","@id":"https:\/\/royalfamily.org\/lat\/princeza-katarina-obezbedila-igraliste-drinka-pavlovic\/#article","isPartOf":{"@id":"https:\/\/royalfamily.org\/lat\/princeza-katarina-obezbedila-igraliste-drinka-pavlovic\/"},"author":{"name":"Stefan Milanovic","@id":"https:\/\/royalfamily.org\/#\/schema\/person\/4ad3296a6a8a35eed333b6a785e9f648"},"headline":"FONDACIJA PRINCEZE KATARINE OBEZBEDILA NOVO IGRALI\u0160TE ZA DOM ZA DECU BEZ RODITELJSKOG STARANJA \u201eDRINKA PAVLOVI\u0106\u201c","datePublished":"2021-01-06T12:04:31+00:00","dateModified":"2021-01-06T13:04:31+00:00","mainEntityOfPage":{"@id":"https:\/\/royalfamily.org\/lat\/princeza-katarina-obezbedila-igraliste-drinka-pavlovic\/"},"wordCount":1656,"publisher":{"@id":"https:\/\/royalfamily.org\/#organization"},"image":{"@id":"https:\/\/royalfamily.org\/lat\/princeza-katarina-obezbedila-igraliste-drinka-pavlovic\/#primaryimage"},"thumbnailUrl":"https:\/\/royalfamily.org\/wp-content\/uploads\/2021\/01\/1-NASLOVNA-PA.jpg","articleSection":["Vesti"],"inLanguage":"sr-LT"},{"@type":"WebPage","@id":"https:\/\/royalfamily.org\/lat\/princeza-katarina-obezbedila-igraliste-drinka-pavlovic\/","url":"https:\/\/royalfamily.org\/lat\/princeza-katarina-obezbedila-igraliste-drinka-pavlovic\/","name":"FONDACIJA PRINCEZE KATARINE OBEZBEDILA NOVO IGRALI\u0160TE ZA DOM ZA DECU BEZ RODITELJSKOG STARANJA \u201eDRINKA PAVLOVI\u0106\u201c - The Royal Family of Serbia","isPartOf":{"@id":"https:\/\/royalfamily.org\/#website"},"primaryImageOfPage":{"@id":"https:\/\/royalfamily.org\/lat\/princeza-katarina-obezbedila-igraliste-drinka-pavlovic\/#primaryimage"},"image":{"@id":"https:\/\/royalfamily.org\/lat\/princeza-katarina-obezbedila-igraliste-drinka-pavlovic\/#primaryimage"},"thumbnailUrl":"https:\/\/royalfamily.org\/wp-content\/uploads\/2021\/01\/1-NASLOVNA-PA.jpg","datePublished":"2021-01-06T12:04:31+00:00","dateModified":"2021-01-06T13:04:31+00:00","breadcrumb":{"@id":"https:\/\/royalfamily.org\/lat\/princeza-katarina-obezbedila-igraliste-drinka-pavlovic\/#breadcrumb"},"inLanguage":"sr-LT","potentialAction":[{"@type":"ReadAction","target":["https:\/\/royalfamily.org\/lat\/princeza-katarina-obezbedila-igraliste-drinka-pavlovic\/"]}]},{"@type":"ImageObject","inLanguage":"sr-LT","@id":"https:\/\/royalfamily.org\/lat\/princeza-katarina-obezbedila-igraliste-drinka-pavlovic\/#primaryimage","url":"https:\/\/royalfamily.org\/wp-content\/uploads\/2021\/01\/1-NASLOVNA-PA.jpg","contentUrl":"https:\/\/royalfamily.org\/wp-content\/uploads\/2021\/01\/1-NASLOVNA-PA.jpg","width":740,"height":360,"caption":"FONDACIJA PRINCEZE KATARINE OBEZBEDILA NOVO IGRALI\u0160TE ZA DOM ZA DECU BEZ RODITELJSKOG STARANJA \u201eDRINKA PAVLOVI\u0106\u201c"},{"@type":"BreadcrumbList","@id":"https:\/\/royalfamily.org\/lat\/princeza-katarina-obezbedila-igraliste-drinka-pavlovic\/#breadcrumb","itemListElement":[{"@type":"ListItem","position":1,"name":"Home","item":"https:\/\/royalfamily.org\/lat\/"},{"@type":"ListItem","position":2,"name":"FONDACIJA PRINCEZE KATARINE OBEZBEDILA NOVO IGRALI\u0160TE ZA DOM ZA DECU BEZ RODITELJSKOG STARANJA \u201eDRINKA PAVLOVI\u0106\u201c"}]},{"@type":"WebSite","@id":"https:\/\/royalfamily.org\/#website","url":"https:\/\/royalfamily.org\/","name":"The Royal Family of Serbia","description":"From the people, for the people","publisher":{"@id":"https:\/\/royalfamily.org\/#organization"},"potentialAction":[{"@type":"SearchAction","target":{"@type":"EntryPoint","urlTemplate":"https:\/\/royalfamily.org\/?s={search_term_string}"},"query-input":{"@type":"PropertyValueSpecification","valueRequired":true,"valueName":"search_term_string"}}],"inLanguage":"sr-LT"},{"@type":"Organization","@id":"https:\/\/royalfamily.org\/#organization","name":"Royal Family","url":"https:\/\/royalfamily.org\/","logo":{"@type":"ImageObject","inLanguage":"sr-LT","@id":"https:\/\/royalfamily.org\/#\/schema\/logo\/image\/","url":"https:\/\/royalfamily.org\/wp-content\/uploads\/2019\/04\/logo-vector-02-V-latinica.png","contentUrl":"https:\/\/royalfamily.org\/wp-content\/uploads\/2019\/04\/logo-vector-02-V-latinica.png","width":552,"height":99,"caption":"Royal Family"},"image":{"@id":"https:\/\/royalfamily.org\/#\/schema\/logo\/image\/"},"sameAs":["https:\/\/www.facebook.com\/Prestolonaslednik.Aleksandar"]},{"@type":"Person","@id":"https:\/\/royalfamily.org\/#\/schema\/person\/4ad3296a6a8a35eed333b6a785e9f648","name":"Stefan Milanovic","image":{"@type":"ImageObject","inLanguage":"sr-LT","@id":"https:\/\/secure.gravatar.com\/avatar\/92dcbdcf3e32112a9ceb1e41665b1f44c69382d014cacfe12c701f6af7c40259?s=96&d=mm&r=g","url":"https:\/\/secure.gravatar.com\/avatar\/92dcbdcf3e32112a9ceb1e41665b1f44c69382d014cacfe12c701f6af7c40259?s=96&d=mm&r=g","contentUrl":"https:\/\/secure.gravatar.com\/avatar\/92dcbdcf3e32112a9ceb1e41665b1f44c69382d014cacfe12c701f6af7c40259?s=96&d=mm&r=g","caption":"Stefan Milanovic"}}]}},"_links":{"self":[{"href":"https:\/\/royalfamily.org\/lat\/wp-json\/wp\/v2\/posts\/78056","targetHints":{"allow":["GET"]}}],"collection":[{"href":"https:\/\/royalfamily.org\/lat\/wp-json\/wp\/v2\/posts"}],"about":[{"href":"https:\/\/royalfamily.org\/lat\/wp-json\/wp\/v2\/types\/post"}],"author":[{"embeddable":true,"href":"https:\/\/royalfamily.org\/lat\/wp-json\/wp\/v2\/users\/1001015"}],"replies":[{"embeddable":true,"href":"https:\/\/royalfamily.org\/lat\/wp-json\/wp\/v2\/comments?post=78056"}],"version-history":[{"count":1,"href":"https:\/\/royalfamily.org\/lat\/wp-json\/wp\/v2\/posts\/78056\/revisions"}],"predecessor-version":[{"id":78057,"href":"https:\/\/royalfamily.org\/lat\/wp-json\/wp\/v2\/posts\/78056\/revisions\/78057"}],"wp:featuredmedia":[{"embeddable":true,"href":"https:\/\/royalfamily.org\/lat\/wp-json\/wp\/v2\/media\/78028"}],"wp:attachment":[{"href":"https:\/\/royalfamily.org\/lat\/wp-json\/wp\/v2\/media?parent=78056"}],"wp:term":[{"taxonomy":"category","embeddable":true,"href":"https:\/\/royalfamily.org\/lat\/wp-json\/wp\/v2\/categories?post=78056"},{"taxonomy":"post_tag","embeddable":true,"href":"https:\/\/royalfamily.org\/lat\/wp-json\/wp\/v2\/tags?post=78056"}],"curies":[{"name":"wp","href":"https:\/\/api.w.org\/{rel}","templated":true}]}}