{"id":78178,"date":"2021-01-24T12:20:34","date_gmt":"2021-01-24T11:20:34","guid":{"rendered":"https:\/\/royalfamily.org\/?p=78178"},"modified":"2021-01-24T12:20:34","modified_gmt":"2021-01-24T12:20:34","slug":"ks-isporucuje-pomoc-ugrozenim-porodicama-kosovu-metohiji","status":"publish","type":"post","link":"https:\/\/royalfamily.org\/lat\/ks-isporucuje-pomoc-ugrozenim-porodicama-kosovu-metohiji\/","title":{"rendered":"UDRU\u017dENJE KRALJEVINA SRBIJA ISPORU\u010cUJE POMO\u0106 UGRO\u017dENIM PORODICAMA NA KOSOVU I METOHIJI"},"content":{"rendered":"<p><div class=\"fusion-fullwidth fullwidth-box fusion-builder-row-1 fusion-flex-container nonhundred-percent-fullwidth non-hundred-percent-height-scrolling\" style=\"--awb-border-radius-top-left:0px;--awb-border-radius-top-right:0px;--awb-border-radius-bottom-right:0px;--awb-border-radius-bottom-left:0px;--awb-flex-wrap:wrap;\" ><div class=\"fusion-builder-row fusion-row fusion-flex-align-items-flex-start fusion-flex-content-wrap\" style=\"max-width:1227.2px;margin-left: calc(-4% \/ 2 );margin-right: calc(-4% \/ 2 );\"><div class=\"fusion-layout-column fusion_builder_column fusion-builder-column-0 fusion_builder_column_1_1 1_1 fusion-flex-column\" style=\"--awb-bg-size:cover;--awb-width-large:100%;--awb-margin-top-large:0px;--awb-spacing-right-large:1.92%;--awb-margin-bottom-large:20px;--awb-spacing-left-large:1.92%;--awb-width-medium:100%;--awb-order-medium:0;--awb-spacing-right-medium:1.92%;--awb-spacing-left-medium:1.92%;--awb-width-small:100%;--awb-order-small:0;--awb-spacing-right-small:1.92%;--awb-spacing-left-small:1.92%;\"><div class=\"fusion-column-wrapper fusion-column-has-shadow fusion-flex-justify-content-flex-start fusion-content-layout-column\"><div class=\"fusion-text fusion-text-1\"><p>Predsednik udru\u017eenja \u201eKraljevina Srbija\u201c, koje radi pod pokroviteljstvom Njegovog Kraljevskog Viso\u010danstva Prestolonaslednika Aleksandra, Sa\u0161a \u0160u\u0161i\u0107 i \u010dlanovi ove organizacije podelili su tokom vikenda pakete pomo\u0107i srpskom narodu na Kosovu i Metohiji, u vrednosti od vi\u0161e od 1.700.000 dinara (18.000 dolara). Pomo\u0107 ugro\u017eenim porodicama u opti\u0161ini Ranilug i narodnoj kuhinji \u201eMajka devet Jugovi\u0107a\u201c u Gnjilanu,\u00a0 obezbedila je Fondacija Princeze Katarine, Humanitarna organizacija Lajflajn \u010cikago i udru\u017eenje \u201eKraljevina Srbija\u201c.<\/p>\n<p>Paketi pomo\u0107i za porodice sastoje se od osnovnih \u017eivotnih namirnica (bra\u0161no, ulje, \u0161e\u0107er, so, testenina, pirina\u010d, pasulj), konzervirane hrane i \u010dajeva, kao i od sredstava za higijenu (deterd\u017eent za pranje ve\u0161a, \u0161amponi..). Ugro\u017eenim porodica u ovoj kosovskoj op\u0161tini obezbe\u0111eni su i \u0107ebi\u0107i, kape, \u0161alovi i \u010darape, koji \u0107e im olak\u0161ati zimske dane. Svaka porodica dobila je i pakovanje epidemiolo\u0161kih maski kao i gelove za suvo pranje ruku.<\/p>\n<p>Tako\u0111e, deca iz ugro\u017eenih porodica dobila su na poklon i ran\u010deve sa \u0161kolskim priborom (sveske, olovke, bojice) i higijenski paket\u00a0 koji sadr\u017ei sapune, \u010detkice i paste za zube, kao i gel za suvo pranje ruku.<\/p>\n<p>Fondacija Princeze Katarine i Lajflajn \u010cikago obezbedili su i slatke pakete za decu, kao i pli\u0161ane igra\u010dke za najmla\u0111e.<\/p>\n<p>Dana\u0161njoj zajedni\u010dkoj akciji Fonda Princeze Katarine, humanitarne organizacije Lajflajn \u010cikago i udru\u017eenja \u201eKraljevina Srbija\u201c, obradovala su se i deca iz dve osnovne \u0161kole: \u201eVeljko Dugo\u0161evi\u0107\u201c iz Raniluga i \u201eTrajko Peri\u0107\u201c iz Velikog Ropotova , kao i deca iz vrti\u0107a \u201eP\u010delica Maja\u201c u Velikom Ropotovu. Za sve njih obezbe\u0111eni su slatki paketi, za \u0161kolarce i ran\u010devi i \u0161kolski pribor, dok su se najmla\u0111i obradovali brojnim igra\u010dkama i priboru za crtanje.<\/p>\n<p>Zahvaljuju\u0107i ovoj akciji, Narodnoj kuhinji \u201eMajka devet Jugovi\u0107a\u201c obezbe\u0111ena je velika koli\u010dina osnovnih namirnica koje su im bile preko potrebne.<\/p>\n<\/div><\/div><\/div><\/div><\/div><div class=\"fusion-fullwidth fullwidth-box fusion-builder-row-2 fusion-flex-container nonhundred-percent-fullwidth non-hundred-percent-height-scrolling\" style=\"--awb-border-radius-top-left:0px;--awb-border-radius-top-right:0px;--awb-border-radius-bottom-right:0px;--awb-border-radius-bottom-left:0px;--awb-flex-wrap:wrap;\" ><div class=\"fusion-builder-row fusion-row fusion-flex-align-items-flex-start fusion-flex-content-wrap\" style=\"max-width:1227.2px;margin-left: calc(-4% \/ 2 );margin-right: calc(-4% \/ 2 );\"><div class=\"fusion-layout-column fusion_builder_column fusion-builder-column-1 fusion_builder_column_1_1 1_1 fusion-flex-column\" style=\"--awb-bg-size:cover;--awb-width-large:100%;--awb-margin-top-large:0px;--awb-spacing-right-large:1.92%;--awb-margin-bottom-large:20px;--awb-spacing-left-large:1.92%;--awb-width-medium:100%;--awb-order-medium:0;--awb-spacing-right-medium:1.92%;--awb-spacing-left-medium:1.92%;--awb-width-small:100%;--awb-order-small:0;--awb-spacing-right-small:1.92%;--awb-spacing-left-small:1.92%;\"><div class=\"fusion-column-wrapper fusion-column-has-shadow fusion-flex-justify-content-flex-start fusion-content-layout-column\"><div class=\"awb-gallery-wrapper awb-gallery-wrapper-1 button-span-no\" data-limit=\"20\" data-page=\"1\"><div style=\"margin:-5px;--awb-bordersize:0px;\" class=\"fusion-gallery fusion-gallery-container fusion-grid-3 fusion-columns-total-3 fusion-gallery-layout-grid fusion-gallery-1\"><div style=\"padding:5px;\" class=\"fusion-grid-column fusion-gallery-column fusion-gallery-column-3 hover-type-none\"><div class=\"fusion-gallery-image\"><a href=\"https:\/\/royalfamily.org\/wp-content\/uploads\/2021\/01\/Kosovo-1.jpg\" data-caption=\"\u010clanovi udru\u017eenja \u201eKraljevina Srbija\u201c isporu\u010duju pomo\u0107 porodicama na Kosovu i Metohiji \" rel=\"noreferrer\" data-rel=\"iLightbox[gallery_image_1]\" class=\"fusion-lightbox\" target=\"_self\"><img decoding=\"async\" src=\"https:\/\/royalfamily.org\/wp-content\/uploads\/2021\/01\/Kosovo-1-460x295.jpg\" width=\"460\" height=\"295\" alt=\"\u010clanovi udru\u017eenja \u201eKraljevina Srbija\u201c isporu\u010duju pomo\u0107 porodicama na Kosovu i Metohiji\" title=\"\u010clanovi udru\u017eenja \u201eKraljevina Srbija\u201c isporu\u010duju pomo\u0107 porodicama na Kosovu i Metohiji\" aria-label=\"\u010clanovi udru\u017eenja \u201eKraljevina Srbija\u201c isporu\u010duju pomo\u0107 porodicama na Kosovu i Metohiji\" class=\"img-responsive wp-image-78167 fusion-gallery-image-size-fixed\"  \/><\/a><\/div><\/div><div style=\"padding:5px;\" class=\"fusion-grid-column fusion-gallery-column fusion-gallery-column-3 hover-type-none\"><div class=\"fusion-gallery-image\"><a href=\"https:\/\/royalfamily.org\/wp-content\/uploads\/2021\/01\/Kosovo-3.jpg\" data-caption=\"Pakete pomo\u0107i za srpske porodice na Kosovu i Metohiji obezbedil\u0438 \u0441\u0443: udru\u017eenje \u201eKraljevina Srbija\u201c, Lajflajn \u010cikago i Fondacija Princeze Katarine \" rel=\"noreferrer\" data-rel=\"iLightbox[gallery_image_1]\" class=\"fusion-lightbox\" target=\"_self\"><img decoding=\"async\" src=\"https:\/\/royalfamily.org\/wp-content\/uploads\/2021\/01\/Kosovo-3-460x295.jpg\" width=\"460\" height=\"295\" alt=\"Pakete pomo\u0107i za srpske porodice na Kosovu i Metohiji obezbedil\u0438 \u0441\u0443: udru\u017eenje \u201eKraljevina Srbija\u201c, Lajflajn \u010cikago i Fondacija Princeze Katarine\" title=\"Pakete pomo\u0107i za srpske porodice na Kosovu i Metohiji obezbedil\u0438 \u0441\u0443: udru\u017eenje \u201eKraljevina Srbija\u201c, Lajflajn \u010cikago i Fondacija Princeze Katarine\" aria-label=\"Pakete pomo\u0107i za srpske porodice na Kosovu i Metohiji obezbedil\u0438 \u0441\u0443: udru\u017eenje \u201eKraljevina Srbija\u201c, Lajflajn \u010cikago i Fondacija Princeze Katarine\" class=\"img-responsive wp-image-78170 fusion-gallery-image-size-fixed\"  \/><\/a><\/div><\/div><div style=\"padding:5px;\" class=\"fusion-grid-column fusion-gallery-column fusion-gallery-column-3 hover-type-none\"><div class=\"fusion-gallery-image\"><a href=\"https:\/\/royalfamily.org\/wp-content\/uploads\/2021\/01\/Kosovo2.jpg\" data-caption=\"Podela paketa pomo\u0107i srpskim porodicama u op\u0161tini Ranilug na Kosovu i Metohiji \" rel=\"noreferrer\" data-rel=\"iLightbox[gallery_image_1]\" class=\"fusion-lightbox\" target=\"_self\"><img decoding=\"async\" src=\"https:\/\/royalfamily.org\/wp-content\/uploads\/2021\/01\/Kosovo2-460x295.jpg\" width=\"460\" height=\"295\" alt=\"Podela paketa pomo\u0107i srpskim porodicama u op\u0161tini Ranilug na Kosovu i Metohiji\" title=\"Podela paketa pomo\u0107i srpskim porodicama u op\u0161tini Ranilug na Kosovu i Metohiji\" aria-label=\"Podela paketa pomo\u0107i srpskim porodicama u op\u0161tini Ranilug na Kosovu i Metohiji\" class=\"img-responsive wp-image-78173 fusion-gallery-image-size-fixed\"  \/><\/a><\/div><\/div><div class=\"clearfix\"><\/div><\/div><\/div><\/div><\/div><\/div><\/div><\/p>\n","protected":false},"excerpt":{"rendered":"","protected":false},"author":1001015,"featured_media":78164,"comment_status":"closed","ping_status":"closed","sticky":false,"template":"","format":"standard","meta":{"_acf_changed":false,"footnotes":""},"categories":[22],"tags":[],"class_list":["post-78178","post","type-post","status-publish","format-standard","has-post-thumbnail","hentry","category-vesti"],"acf":[],"yoast_head":"<!-- This site is optimized with the Yoast SEO Premium plugin v27.5 (Yoast SEO v27.5) - https:\/\/yoast.com\/product\/yoast-seo-premium-wordpress\/ -->\n<title>UDRU\u017dENJE KRALJEVINA SRBIJA ISPORU\u010cUJE POMO\u0106 UGRO\u017dENIM PORODICAMA NA KOSOVU I METOHIJI - The Royal Family of Serbia<\/title>\n<meta name=\"robots\" content=\"index, follow, max-snippet:-1, max-image-preview:large, max-video-preview:-1\" \/>\n<link rel=\"canonical\" href=\"https:\/\/royalfamily.org\/lat\/ks-isporucuje-pomoc-ugrozenim-porodicama-kosovu-metohiji\/\" \/>\n<meta property=\"og:locale\" content=\"en_US\" \/>\n<meta property=\"og:type\" content=\"article\" \/>\n<meta property=\"og:title\" content=\"UDRU\u017dENJE KRALJEVINA SRBIJA ISPORU\u010cUJE POMO\u0106 UGRO\u017dENIM PORODICAMA NA KOSOVU I METOHIJI\" \/>\n<meta property=\"og:url\" content=\"https:\/\/royalfamily.org\/lat\/ks-isporucuje-pomoc-ugrozenim-porodicama-kosovu-metohiji\/\" \/>\n<meta property=\"og:site_name\" content=\"The Royal Family of Serbia\" \/>\n<meta property=\"article:publisher\" content=\"https:\/\/www.facebook.com\/Prestolonaslednik.Aleksandar\" \/>\n<meta property=\"article:published_time\" content=\"2021-01-24T11:20:34+00:00\" \/>\n<meta property=\"article:modified_time\" content=\"2021-01-24T12:20:34+00:00\" \/>\n<meta property=\"og:image\" content=\"https:\/\/royalfamily.org\/wp-content\/uploads\/2021\/01\/Cover-PA-KiM.jpg\" \/>\n\t<meta property=\"og:image:width\" content=\"740\" \/>\n\t<meta property=\"og:image:height\" content=\"360\" \/>\n\t<meta property=\"og:image:type\" content=\"image\/jpeg\" \/>\n<meta name=\"author\" content=\"Stefan Milanovic\" \/>\n<meta name=\"twitter:card\" content=\"summary_large_image\" \/>\n<meta name=\"twitter:label1\" content=\"Written by\" \/>\n\t<meta name=\"twitter:data1\" content=\"Stefan Milanovic\" \/>\n\t<meta name=\"twitter:label2\" content=\"Est. reading time\" \/>\n\t<meta name=\"twitter:data2\" content=\"4 minutes\" \/>\n<script type=\"application\/ld+json\" class=\"yoast-schema-graph\">{\"@context\":\"https:\\\/\\\/schema.org\",\"@graph\":[{\"@type\":\"Article\",\"@id\":\"https:\\\/\\\/royalfamily.org\\\/lat\\\/ks-isporucuje-pomoc-ugrozenim-porodicama-kosovu-metohiji\\\/#article\",\"isPartOf\":{\"@id\":\"https:\\\/\\\/royalfamily.org\\\/lat\\\/ks-isporucuje-pomoc-ugrozenim-porodicama-kosovu-metohiji\\\/\"},\"author\":{\"name\":\"Stefan Milanovic\",\"@id\":\"https:\\\/\\\/royalfamily.org\\\/#\\\/schema\\\/person\\\/4ad3296a6a8a35eed333b6a785e9f648\"},\"headline\":\"UDRU\u017dENJE KRALJEVINA SRBIJA ISPORU\u010cUJE POMO\u0106 UGRO\u017dENIM PORODICAMA NA KOSOVU I METOHIJI\",\"datePublished\":\"2021-01-24T11:20:34+00:00\",\"dateModified\":\"2021-01-24T12:20:34+00:00\",\"mainEntityOfPage\":{\"@id\":\"https:\\\/\\\/royalfamily.org\\\/lat\\\/ks-isporucuje-pomoc-ugrozenim-porodicama-kosovu-metohiji\\\/\"},\"wordCount\":1533,\"publisher\":{\"@id\":\"https:\\\/\\\/royalfamily.org\\\/#organization\"},\"image\":{\"@id\":\"https:\\\/\\\/royalfamily.org\\\/lat\\\/ks-isporucuje-pomoc-ugrozenim-porodicama-kosovu-metohiji\\\/#primaryimage\"},\"thumbnailUrl\":\"https:\\\/\\\/royalfamily.org\\\/wp-content\\\/uploads\\\/2021\\\/01\\\/Cover-PA-KiM.jpg\",\"articleSection\":[\"Vesti\"],\"inLanguage\":\"sr-LT\"},{\"@type\":\"WebPage\",\"@id\":\"https:\\\/\\\/royalfamily.org\\\/lat\\\/ks-isporucuje-pomoc-ugrozenim-porodicama-kosovu-metohiji\\\/\",\"url\":\"https:\\\/\\\/royalfamily.org\\\/lat\\\/ks-isporucuje-pomoc-ugrozenim-porodicama-kosovu-metohiji\\\/\",\"name\":\"UDRU\u017dENJE KRALJEVINA SRBIJA ISPORU\u010cUJE POMO\u0106 UGRO\u017dENIM PORODICAMA NA KOSOVU I METOHIJI - The Royal Family of Serbia\",\"isPartOf\":{\"@id\":\"https:\\\/\\\/royalfamily.org\\\/#website\"},\"primaryImageOfPage\":{\"@id\":\"https:\\\/\\\/royalfamily.org\\\/lat\\\/ks-isporucuje-pomoc-ugrozenim-porodicama-kosovu-metohiji\\\/#primaryimage\"},\"image\":{\"@id\":\"https:\\\/\\\/royalfamily.org\\\/lat\\\/ks-isporucuje-pomoc-ugrozenim-porodicama-kosovu-metohiji\\\/#primaryimage\"},\"thumbnailUrl\":\"https:\\\/\\\/royalfamily.org\\\/wp-content\\\/uploads\\\/2021\\\/01\\\/Cover-PA-KiM.jpg\",\"datePublished\":\"2021-01-24T11:20:34+00:00\",\"dateModified\":\"2021-01-24T12:20:34+00:00\",\"breadcrumb\":{\"@id\":\"https:\\\/\\\/royalfamily.org\\\/lat\\\/ks-isporucuje-pomoc-ugrozenim-porodicama-kosovu-metohiji\\\/#breadcrumb\"},\"inLanguage\":\"sr-LT\",\"potentialAction\":[{\"@type\":\"ReadAction\",\"target\":[\"https:\\\/\\\/royalfamily.org\\\/lat\\\/ks-isporucuje-pomoc-ugrozenim-porodicama-kosovu-metohiji\\\/\"]}]},{\"@type\":\"ImageObject\",\"inLanguage\":\"sr-LT\",\"@id\":\"https:\\\/\\\/royalfamily.org\\\/lat\\\/ks-isporucuje-pomoc-ugrozenim-porodicama-kosovu-metohiji\\\/#primaryimage\",\"url\":\"https:\\\/\\\/royalfamily.org\\\/wp-content\\\/uploads\\\/2021\\\/01\\\/Cover-PA-KiM.jpg\",\"contentUrl\":\"https:\\\/\\\/royalfamily.org\\\/wp-content\\\/uploads\\\/2021\\\/01\\\/Cover-PA-KiM.jpg\",\"width\":740,\"height\":360,\"caption\":\"UDRU\u017dENJE KRALJEVINA SRBIJA ISPORU\u010cUJE POMO\u0106 UGRO\u017dENIM PORODICAMA NA KOSOVU I METOHIJI\"},{\"@type\":\"BreadcrumbList\",\"@id\":\"https:\\\/\\\/royalfamily.org\\\/lat\\\/ks-isporucuje-pomoc-ugrozenim-porodicama-kosovu-metohiji\\\/#breadcrumb\",\"itemListElement\":[{\"@type\":\"ListItem\",\"position\":1,\"name\":\"Home\",\"item\":\"https:\\\/\\\/royalfamily.org\\\/lat\\\/\"},{\"@type\":\"ListItem\",\"position\":2,\"name\":\"UDRU\u017dENJE KRALJEVINA SRBIJA ISPORU\u010cUJE POMO\u0106 UGRO\u017dENIM PORODICAMA NA KOSOVU I METOHIJI\"}]},{\"@type\":\"WebSite\",\"@id\":\"https:\\\/\\\/royalfamily.org\\\/#website\",\"url\":\"https:\\\/\\\/royalfamily.org\\\/\",\"name\":\"The Royal Family of Serbia\",\"description\":\"From the people, for the people\",\"publisher\":{\"@id\":\"https:\\\/\\\/royalfamily.org\\\/#organization\"},\"potentialAction\":[{\"@type\":\"SearchAction\",\"target\":{\"@type\":\"EntryPoint\",\"urlTemplate\":\"https:\\\/\\\/royalfamily.org\\\/?s={search_term_string}\"},\"query-input\":{\"@type\":\"PropertyValueSpecification\",\"valueRequired\":true,\"valueName\":\"search_term_string\"}}],\"inLanguage\":\"sr-LT\"},{\"@type\":\"Organization\",\"@id\":\"https:\\\/\\\/royalfamily.org\\\/#organization\",\"name\":\"Royal Family\",\"url\":\"https:\\\/\\\/royalfamily.org\\\/\",\"logo\":{\"@type\":\"ImageObject\",\"inLanguage\":\"sr-LT\",\"@id\":\"https:\\\/\\\/royalfamily.org\\\/#\\\/schema\\\/logo\\\/image\\\/\",\"url\":\"https:\\\/\\\/royalfamily.org\\\/wp-content\\\/uploads\\\/2019\\\/04\\\/logo-vector-02-V-latinica.png\",\"contentUrl\":\"https:\\\/\\\/royalfamily.org\\\/wp-content\\\/uploads\\\/2019\\\/04\\\/logo-vector-02-V-latinica.png\",\"width\":552,\"height\":99,\"caption\":\"Royal Family\"},\"image\":{\"@id\":\"https:\\\/\\\/royalfamily.org\\\/#\\\/schema\\\/logo\\\/image\\\/\"},\"sameAs\":[\"https:\\\/\\\/www.facebook.com\\\/Prestolonaslednik.Aleksandar\"]},{\"@type\":\"Person\",\"@id\":\"https:\\\/\\\/royalfamily.org\\\/#\\\/schema\\\/person\\\/4ad3296a6a8a35eed333b6a785e9f648\",\"name\":\"Stefan Milanovic\",\"image\":{\"@type\":\"ImageObject\",\"inLanguage\":\"sr-LT\",\"@id\":\"https:\\\/\\\/secure.gravatar.com\\\/avatar\\\/92dcbdcf3e32112a9ceb1e41665b1f44c69382d014cacfe12c701f6af7c40259?s=96&d=mm&r=g\",\"url\":\"https:\\\/\\\/secure.gravatar.com\\\/avatar\\\/92dcbdcf3e32112a9ceb1e41665b1f44c69382d014cacfe12c701f6af7c40259?s=96&d=mm&r=g\",\"contentUrl\":\"https:\\\/\\\/secure.gravatar.com\\\/avatar\\\/92dcbdcf3e32112a9ceb1e41665b1f44c69382d014cacfe12c701f6af7c40259?s=96&d=mm&r=g\",\"caption\":\"Stefan Milanovic\"}}]}<\/script>\n<!-- \/ Yoast SEO Premium plugin. -->","yoast_head_json":{"title":"UDRU\u017dENJE KRALJEVINA SRBIJA ISPORU\u010cUJE POMO\u0106 UGRO\u017dENIM PORODICAMA NA KOSOVU I METOHIJI - The Royal Family of Serbia","robots":{"index":"index","follow":"follow","max-snippet":"max-snippet:-1","max-image-preview":"max-image-preview:large","max-video-preview":"max-video-preview:-1"},"canonical":"https:\/\/royalfamily.org\/lat\/ks-isporucuje-pomoc-ugrozenim-porodicama-kosovu-metohiji\/","og_locale":"en_US","og_type":"article","og_title":"UDRU\u017dENJE KRALJEVINA SRBIJA ISPORU\u010cUJE POMO\u0106 UGRO\u017dENIM PORODICAMA NA KOSOVU I METOHIJI","og_url":"https:\/\/royalfamily.org\/lat\/ks-isporucuje-pomoc-ugrozenim-porodicama-kosovu-metohiji\/","og_site_name":"The Royal Family of Serbia","article_publisher":"https:\/\/www.facebook.com\/Prestolonaslednik.Aleksandar","article_published_time":"2021-01-24T11:20:34+00:00","article_modified_time":"2021-01-24T12:20:34+00:00","og_image":[{"width":740,"height":360,"url":"https:\/\/royalfamily.org\/wp-content\/uploads\/2021\/01\/Cover-PA-KiM.jpg","type":"image\/jpeg"}],"author":"Stefan Milanovic","twitter_card":"summary_large_image","twitter_misc":{"Written by":"Stefan Milanovic","Est. reading time":"4 minutes"},"schema":{"@context":"https:\/\/schema.org","@graph":[{"@type":"Article","@id":"https:\/\/royalfamily.org\/lat\/ks-isporucuje-pomoc-ugrozenim-porodicama-kosovu-metohiji\/#article","isPartOf":{"@id":"https:\/\/royalfamily.org\/lat\/ks-isporucuje-pomoc-ugrozenim-porodicama-kosovu-metohiji\/"},"author":{"name":"Stefan Milanovic","@id":"https:\/\/royalfamily.org\/#\/schema\/person\/4ad3296a6a8a35eed333b6a785e9f648"},"headline":"UDRU\u017dENJE KRALJEVINA SRBIJA ISPORU\u010cUJE POMO\u0106 UGRO\u017dENIM PORODICAMA NA KOSOVU I METOHIJI","datePublished":"2021-01-24T11:20:34+00:00","dateModified":"2021-01-24T12:20:34+00:00","mainEntityOfPage":{"@id":"https:\/\/royalfamily.org\/lat\/ks-isporucuje-pomoc-ugrozenim-porodicama-kosovu-metohiji\/"},"wordCount":1533,"publisher":{"@id":"https:\/\/royalfamily.org\/#organization"},"image":{"@id":"https:\/\/royalfamily.org\/lat\/ks-isporucuje-pomoc-ugrozenim-porodicama-kosovu-metohiji\/#primaryimage"},"thumbnailUrl":"https:\/\/royalfamily.org\/wp-content\/uploads\/2021\/01\/Cover-PA-KiM.jpg","articleSection":["Vesti"],"inLanguage":"sr-LT"},{"@type":"WebPage","@id":"https:\/\/royalfamily.org\/lat\/ks-isporucuje-pomoc-ugrozenim-porodicama-kosovu-metohiji\/","url":"https:\/\/royalfamily.org\/lat\/ks-isporucuje-pomoc-ugrozenim-porodicama-kosovu-metohiji\/","name":"UDRU\u017dENJE KRALJEVINA SRBIJA ISPORU\u010cUJE POMO\u0106 UGRO\u017dENIM PORODICAMA NA KOSOVU I METOHIJI - The Royal Family of Serbia","isPartOf":{"@id":"https:\/\/royalfamily.org\/#website"},"primaryImageOfPage":{"@id":"https:\/\/royalfamily.org\/lat\/ks-isporucuje-pomoc-ugrozenim-porodicama-kosovu-metohiji\/#primaryimage"},"image":{"@id":"https:\/\/royalfamily.org\/lat\/ks-isporucuje-pomoc-ugrozenim-porodicama-kosovu-metohiji\/#primaryimage"},"thumbnailUrl":"https:\/\/royalfamily.org\/wp-content\/uploads\/2021\/01\/Cover-PA-KiM.jpg","datePublished":"2021-01-24T11:20:34+00:00","dateModified":"2021-01-24T12:20:34+00:00","breadcrumb":{"@id":"https:\/\/royalfamily.org\/lat\/ks-isporucuje-pomoc-ugrozenim-porodicama-kosovu-metohiji\/#breadcrumb"},"inLanguage":"sr-LT","potentialAction":[{"@type":"ReadAction","target":["https:\/\/royalfamily.org\/lat\/ks-isporucuje-pomoc-ugrozenim-porodicama-kosovu-metohiji\/"]}]},{"@type":"ImageObject","inLanguage":"sr-LT","@id":"https:\/\/royalfamily.org\/lat\/ks-isporucuje-pomoc-ugrozenim-porodicama-kosovu-metohiji\/#primaryimage","url":"https:\/\/royalfamily.org\/wp-content\/uploads\/2021\/01\/Cover-PA-KiM.jpg","contentUrl":"https:\/\/royalfamily.org\/wp-content\/uploads\/2021\/01\/Cover-PA-KiM.jpg","width":740,"height":360,"caption":"UDRU\u017dENJE KRALJEVINA SRBIJA ISPORU\u010cUJE POMO\u0106 UGRO\u017dENIM PORODICAMA NA KOSOVU I METOHIJI"},{"@type":"BreadcrumbList","@id":"https:\/\/royalfamily.org\/lat\/ks-isporucuje-pomoc-ugrozenim-porodicama-kosovu-metohiji\/#breadcrumb","itemListElement":[{"@type":"ListItem","position":1,"name":"Home","item":"https:\/\/royalfamily.org\/lat\/"},{"@type":"ListItem","position":2,"name":"UDRU\u017dENJE KRALJEVINA SRBIJA ISPORU\u010cUJE POMO\u0106 UGRO\u017dENIM PORODICAMA NA KOSOVU I METOHIJI"}]},{"@type":"WebSite","@id":"https:\/\/royalfamily.org\/#website","url":"https:\/\/royalfamily.org\/","name":"The Royal Family of Serbia","description":"From the people, for the people","publisher":{"@id":"https:\/\/royalfamily.org\/#organization"},"potentialAction":[{"@type":"SearchAction","target":{"@type":"EntryPoint","urlTemplate":"https:\/\/royalfamily.org\/?s={search_term_string}"},"query-input":{"@type":"PropertyValueSpecification","valueRequired":true,"valueName":"search_term_string"}}],"inLanguage":"sr-LT"},{"@type":"Organization","@id":"https:\/\/royalfamily.org\/#organization","name":"Royal Family","url":"https:\/\/royalfamily.org\/","logo":{"@type":"ImageObject","inLanguage":"sr-LT","@id":"https:\/\/royalfamily.org\/#\/schema\/logo\/image\/","url":"https:\/\/royalfamily.org\/wp-content\/uploads\/2019\/04\/logo-vector-02-V-latinica.png","contentUrl":"https:\/\/royalfamily.org\/wp-content\/uploads\/2019\/04\/logo-vector-02-V-latinica.png","width":552,"height":99,"caption":"Royal Family"},"image":{"@id":"https:\/\/royalfamily.org\/#\/schema\/logo\/image\/"},"sameAs":["https:\/\/www.facebook.com\/Prestolonaslednik.Aleksandar"]},{"@type":"Person","@id":"https:\/\/royalfamily.org\/#\/schema\/person\/4ad3296a6a8a35eed333b6a785e9f648","name":"Stefan Milanovic","image":{"@type":"ImageObject","inLanguage":"sr-LT","@id":"https:\/\/secure.gravatar.com\/avatar\/92dcbdcf3e32112a9ceb1e41665b1f44c69382d014cacfe12c701f6af7c40259?s=96&d=mm&r=g","url":"https:\/\/secure.gravatar.com\/avatar\/92dcbdcf3e32112a9ceb1e41665b1f44c69382d014cacfe12c701f6af7c40259?s=96&d=mm&r=g","contentUrl":"https:\/\/secure.gravatar.com\/avatar\/92dcbdcf3e32112a9ceb1e41665b1f44c69382d014cacfe12c701f6af7c40259?s=96&d=mm&r=g","caption":"Stefan Milanovic"}}]}},"_links":{"self":[{"href":"https:\/\/royalfamily.org\/lat\/wp-json\/wp\/v2\/posts\/78178","targetHints":{"allow":["GET"]}}],"collection":[{"href":"https:\/\/royalfamily.org\/lat\/wp-json\/wp\/v2\/posts"}],"about":[{"href":"https:\/\/royalfamily.org\/lat\/wp-json\/wp\/v2\/types\/post"}],"author":[{"embeddable":true,"href":"https:\/\/royalfamily.org\/lat\/wp-json\/wp\/v2\/users\/1001015"}],"replies":[{"embeddable":true,"href":"https:\/\/royalfamily.org\/lat\/wp-json\/wp\/v2\/comments?post=78178"}],"version-history":[{"count":3,"href":"https:\/\/royalfamily.org\/lat\/wp-json\/wp\/v2\/posts\/78178\/revisions"}],"predecessor-version":[{"id":78185,"href":"https:\/\/royalfamily.org\/lat\/wp-json\/wp\/v2\/posts\/78178\/revisions\/78185"}],"wp:featuredmedia":[{"embeddable":true,"href":"https:\/\/royalfamily.org\/lat\/wp-json\/wp\/v2\/media\/78164"}],"wp:attachment":[{"href":"https:\/\/royalfamily.org\/lat\/wp-json\/wp\/v2\/media?parent=78178"}],"wp:term":[{"taxonomy":"category","embeddable":true,"href":"https:\/\/royalfamily.org\/lat\/wp-json\/wp\/v2\/categories?post=78178"},{"taxonomy":"post_tag","embeddable":true,"href":"https:\/\/royalfamily.org\/lat\/wp-json\/wp\/v2\/tags?post=78178"}],"curies":[{"name":"wp","href":"https:\/\/api.w.org\/{rel}","templated":true}]}}