{"id":78194,"date":"2021-01-26T12:17:35","date_gmt":"2021-01-26T11:17:35","guid":{"rendered":"https:\/\/royalfamily.org\/?p=78194"},"modified":"2021-01-26T12:17:35","modified_gmt":"2021-01-26T12:17:35","slug":"medunarodni-dan-holokausta","status":"publish","type":"post","link":"https:\/\/royalfamily.org\/lat\/medunarodni-dan-holokausta\/","title":{"rendered":"PORUKA PRESTOLONASLEDNIKA ALEKSANDRA POVODOM ME\u0110UNARODNOG DANA HOLOKAUSTA"},"content":{"rendered":"<p>Me\u0111unarodni dan holokausta obele\u017eava se \u0161irom sveta 27. januara od 2005. godine, odlukom Generalne skup\u0161tine Ujedinjenih nacija. Ovim povodom, Njegovo Kraljevsko Viso\u010danstvo Prestolonaslednik Aleksandar uputio je poruku javnosti:<\/p>\n<p>\u201cNa dana\u0161ni dan se\u0107amo se \u017ertava holokausta\u2013 miliona nevinih ljudi koji su stradali tokom Drugog svetskog rata; mislimo i na one koje su pre\u017eiveli strahote logora, ali i na sve hrabre ljude koji su rizikovali svoje \u017eivote da bi pomogli onima koji su bili meta nacista.<\/p>\n<p>Istovremeno, ovaj dan nas podse\u0107a na va\u017enost po\u0161tovanja prava svakog pojedinca na \u017eivot u slobodi i prava svakog naroda na negovanje svoje kulture i tradicije.<\/p>\n<p>Stradanje u II Svetskom ratu opomena je za sve nas da pru\u017eimo svoj doprinos u borbi protiv nasilja, netolerancije i svih oblika diskriminacije. Zajedno, imamo obavezu da edukujemo mlade o zna\u010daju po\u0161tovanja razli\u010ditosti i jednakosti, da se suprotstavimo nepravdi i svakoj vrsti predrasuda i da gradimo dru\u0161tvo u kojem \u0107e antifa\u0161isti\u010dke vrednosti imati posebno mesto\u201d, poru\u010dio je Prestolonaslednik Aleksandar.<\/p>\n","protected":false},"excerpt":{"rendered":"<p>Me\u0111unarodni dan holokausta obele\u017eava se \u0161irom sveta 27. januara od 2005. godine, odlukom Generalne skup\u0161tine  [&#8230;]<\/p>\n","protected":false},"author":1,"featured_media":78192,"comment_status":"closed","ping_status":"closed","sticky":false,"template":"","format":"standard","meta":{"_acf_changed":false,"footnotes":""},"categories":[22],"tags":[],"class_list":["post-78194","post","type-post","status-publish","format-standard","has-post-thumbnail","hentry","category-vesti"],"acf":[],"yoast_head":"<!-- This site is optimized with the Yoast SEO Premium plugin v27.5 (Yoast SEO v27.5) - https:\/\/yoast.com\/product\/yoast-seo-premium-wordpress\/ -->\n<title>PORUKA PRESTOLONASLEDNIKA ALEKSANDRA POVODOM ME\u0110UNARODNOG DANA HOLOKAUSTA - The Royal Family of Serbia<\/title>\n<meta name=\"description\" content=\"Me\u0111unarodni dan holokausta obele\u017eava se \u0161irom sveta 27. januara od 2005. godine, odlukom Generalne skup\u0161tine Ujedinjenih nacija. Ovim povodom, Njegovo\" \/>\n<meta name=\"robots\" content=\"index, follow, max-snippet:-1, max-image-preview:large, max-video-preview:-1\" \/>\n<link rel=\"canonical\" href=\"https:\/\/royalfamily.org\/lat\/medunarodni-dan-holokausta\/\" \/>\n<meta property=\"og:locale\" content=\"en_US\" \/>\n<meta property=\"og:type\" content=\"article\" \/>\n<meta property=\"og:title\" content=\"PORUKA PRESTOLONASLEDNIKA ALEKSANDRA POVODOM ME\u0110UNARODNOG DANA HOLOKAUSTA\" \/>\n<meta property=\"og:description\" content=\"Me\u0111unarodni dan holokausta obele\u017eava se \u0161irom sveta 27. januara od 2005. godine, odlukom Generalne skup\u0161tine Ujedinjenih nacija. Ovim povodom, Njegovo\" \/>\n<meta property=\"og:url\" content=\"https:\/\/royalfamily.org\/lat\/medunarodni-dan-holokausta\/\" \/>\n<meta property=\"og:site_name\" content=\"The Royal Family of Serbia\" \/>\n<meta property=\"article:publisher\" content=\"https:\/\/www.facebook.com\/Prestolonaslednik.Aleksandar\" \/>\n<meta property=\"article:published_time\" content=\"2021-01-26T11:17:35+00:00\" \/>\n<meta property=\"article:modified_time\" content=\"2021-01-26T12:17:35+00:00\" \/>\n<meta property=\"og:image\" content=\"https:\/\/royalfamily.org\/wp-content\/uploads\/2021\/01\/103967499_10163689995135324_29-e1611659616261.jpg\" \/>\n\t<meta property=\"og:image:width\" content=\"740\" \/>\n\t<meta property=\"og:image:height\" content=\"360\" \/>\n\t<meta property=\"og:image:type\" content=\"image\/jpeg\" \/>\n<meta name=\"author\" content=\"Web Royal\" \/>\n<meta name=\"twitter:card\" content=\"summary_large_image\" \/>\n<meta name=\"twitter:label1\" content=\"Written by\" \/>\n\t<meta name=\"twitter:data1\" content=\"Web Royal\" \/>\n\t<meta name=\"twitter:label2\" content=\"Est. reading time\" \/>\n\t<meta name=\"twitter:data2\" content=\"1 minute\" \/>\n<script type=\"application\/ld+json\" class=\"yoast-schema-graph\">{\"@context\":\"https:\\\/\\\/schema.org\",\"@graph\":[{\"@type\":\"Article\",\"@id\":\"https:\\\/\\\/royalfamily.org\\\/lat\\\/medunarodni-dan-holokausta\\\/#article\",\"isPartOf\":{\"@id\":\"https:\\\/\\\/royalfamily.org\\\/lat\\\/medunarodni-dan-holokausta\\\/\"},\"author\":{\"name\":\"Web Royal\",\"@id\":\"https:\\\/\\\/royalfamily.org\\\/#\\\/schema\\\/person\\\/49383a0c31232a928463939891db1ad5\"},\"headline\":\"PORUKA PRESTOLONASLEDNIKA ALEKSANDRA POVODOM ME\u0110UNARODNOG DANA HOLOKAUSTA\",\"datePublished\":\"2021-01-26T11:17:35+00:00\",\"dateModified\":\"2021-01-26T12:17:35+00:00\",\"mainEntityOfPage\":{\"@id\":\"https:\\\/\\\/royalfamily.org\\\/lat\\\/medunarodni-dan-holokausta\\\/\"},\"wordCount\":182,\"publisher\":{\"@id\":\"https:\\\/\\\/royalfamily.org\\\/#organization\"},\"image\":{\"@id\":\"https:\\\/\\\/royalfamily.org\\\/lat\\\/medunarodni-dan-holokausta\\\/#primaryimage\"},\"thumbnailUrl\":\"https:\\\/\\\/royalfamily.org\\\/wp-content\\\/uploads\\\/2021\\\/01\\\/103967499_10163689995135324_29-e1611659616261.jpg\",\"articleSection\":[\"Vesti\"],\"inLanguage\":\"sr-LT\"},{\"@type\":\"WebPage\",\"@id\":\"https:\\\/\\\/royalfamily.org\\\/lat\\\/medunarodni-dan-holokausta\\\/\",\"url\":\"https:\\\/\\\/royalfamily.org\\\/lat\\\/medunarodni-dan-holokausta\\\/\",\"name\":\"PORUKA PRESTOLONASLEDNIKA ALEKSANDRA POVODOM ME\u0110UNARODNOG DANA HOLOKAUSTA - The Royal Family of Serbia\",\"isPartOf\":{\"@id\":\"https:\\\/\\\/royalfamily.org\\\/#website\"},\"primaryImageOfPage\":{\"@id\":\"https:\\\/\\\/royalfamily.org\\\/lat\\\/medunarodni-dan-holokausta\\\/#primaryimage\"},\"image\":{\"@id\":\"https:\\\/\\\/royalfamily.org\\\/lat\\\/medunarodni-dan-holokausta\\\/#primaryimage\"},\"thumbnailUrl\":\"https:\\\/\\\/royalfamily.org\\\/wp-content\\\/uploads\\\/2021\\\/01\\\/103967499_10163689995135324_29-e1611659616261.jpg\",\"datePublished\":\"2021-01-26T11:17:35+00:00\",\"dateModified\":\"2021-01-26T12:17:35+00:00\",\"description\":\"Me\u0111unarodni dan holokausta obele\u017eava se \u0161irom sveta 27. januara od 2005. godine, odlukom Generalne skup\u0161tine Ujedinjenih nacija. Ovim povodom, Njegovo\",\"breadcrumb\":{\"@id\":\"https:\\\/\\\/royalfamily.org\\\/lat\\\/medunarodni-dan-holokausta\\\/#breadcrumb\"},\"inLanguage\":\"sr-LT\",\"potentialAction\":[{\"@type\":\"ReadAction\",\"target\":[\"https:\\\/\\\/royalfamily.org\\\/lat\\\/medunarodni-dan-holokausta\\\/\"]}]},{\"@type\":\"ImageObject\",\"inLanguage\":\"sr-LT\",\"@id\":\"https:\\\/\\\/royalfamily.org\\\/lat\\\/medunarodni-dan-holokausta\\\/#primaryimage\",\"url\":\"https:\\\/\\\/royalfamily.org\\\/wp-content\\\/uploads\\\/2021\\\/01\\\/103967499_10163689995135324_29-e1611659616261.jpg\",\"contentUrl\":\"https:\\\/\\\/royalfamily.org\\\/wp-content\\\/uploads\\\/2021\\\/01\\\/103967499_10163689995135324_29-e1611659616261.jpg\",\"width\":740,\"height\":360},{\"@type\":\"BreadcrumbList\",\"@id\":\"https:\\\/\\\/royalfamily.org\\\/lat\\\/medunarodni-dan-holokausta\\\/#breadcrumb\",\"itemListElement\":[{\"@type\":\"ListItem\",\"position\":1,\"name\":\"Home\",\"item\":\"https:\\\/\\\/royalfamily.org\\\/lat\\\/\"},{\"@type\":\"ListItem\",\"position\":2,\"name\":\"PORUKA PRESTOLONASLEDNIKA ALEKSANDRA POVODOM ME\u0110UNARODNOG DANA HOLOKAUSTA\"}]},{\"@type\":\"WebSite\",\"@id\":\"https:\\\/\\\/royalfamily.org\\\/#website\",\"url\":\"https:\\\/\\\/royalfamily.org\\\/\",\"name\":\"The Royal Family of Serbia\",\"description\":\"From the people, for the people\",\"publisher\":{\"@id\":\"https:\\\/\\\/royalfamily.org\\\/#organization\"},\"potentialAction\":[{\"@type\":\"SearchAction\",\"target\":{\"@type\":\"EntryPoint\",\"urlTemplate\":\"https:\\\/\\\/royalfamily.org\\\/?s={search_term_string}\"},\"query-input\":{\"@type\":\"PropertyValueSpecification\",\"valueRequired\":true,\"valueName\":\"search_term_string\"}}],\"inLanguage\":\"sr-LT\"},{\"@type\":\"Organization\",\"@id\":\"https:\\\/\\\/royalfamily.org\\\/#organization\",\"name\":\"Royal Family\",\"url\":\"https:\\\/\\\/royalfamily.org\\\/\",\"logo\":{\"@type\":\"ImageObject\",\"inLanguage\":\"sr-LT\",\"@id\":\"https:\\\/\\\/royalfamily.org\\\/#\\\/schema\\\/logo\\\/image\\\/\",\"url\":\"https:\\\/\\\/royalfamily.org\\\/wp-content\\\/uploads\\\/2019\\\/04\\\/logo-vector-02-V-latinica.png\",\"contentUrl\":\"https:\\\/\\\/royalfamily.org\\\/wp-content\\\/uploads\\\/2019\\\/04\\\/logo-vector-02-V-latinica.png\",\"width\":552,\"height\":99,\"caption\":\"Royal Family\"},\"image\":{\"@id\":\"https:\\\/\\\/royalfamily.org\\\/#\\\/schema\\\/logo\\\/image\\\/\"},\"sameAs\":[\"https:\\\/\\\/www.facebook.com\\\/Prestolonaslednik.Aleksandar\"]},{\"@type\":\"Person\",\"@id\":\"https:\\\/\\\/royalfamily.org\\\/#\\\/schema\\\/person\\\/49383a0c31232a928463939891db1ad5\",\"name\":\"Web Royal\",\"image\":{\"@type\":\"ImageObject\",\"inLanguage\":\"sr-LT\",\"@id\":\"https:\\\/\\\/secure.gravatar.com\\\/avatar\\\/8dbdbae4ed2a898dcf0dcd9d01bf41782c405af026744c66e6a62d6235a20271?s=96&d=mm&r=g\",\"url\":\"https:\\\/\\\/secure.gravatar.com\\\/avatar\\\/8dbdbae4ed2a898dcf0dcd9d01bf41782c405af026744c66e6a62d6235a20271?s=96&d=mm&r=g\",\"contentUrl\":\"https:\\\/\\\/secure.gravatar.com\\\/avatar\\\/8dbdbae4ed2a898dcf0dcd9d01bf41782c405af026744c66e6a62d6235a20271?s=96&d=mm&r=g\",\"caption\":\"Web Royal\"}}]}<\/script>\n<!-- \/ Yoast SEO Premium plugin. -->","yoast_head_json":{"title":"PORUKA PRESTOLONASLEDNIKA ALEKSANDRA POVODOM ME\u0110UNARODNOG DANA HOLOKAUSTA - The Royal Family of Serbia","description":"Me\u0111unarodni dan holokausta obele\u017eava se \u0161irom sveta 27. januara od 2005. godine, odlukom Generalne skup\u0161tine Ujedinjenih nacija. Ovim povodom, Njegovo","robots":{"index":"index","follow":"follow","max-snippet":"max-snippet:-1","max-image-preview":"max-image-preview:large","max-video-preview":"max-video-preview:-1"},"canonical":"https:\/\/royalfamily.org\/lat\/medunarodni-dan-holokausta\/","og_locale":"en_US","og_type":"article","og_title":"PORUKA PRESTOLONASLEDNIKA ALEKSANDRA POVODOM ME\u0110UNARODNOG DANA HOLOKAUSTA","og_description":"Me\u0111unarodni dan holokausta obele\u017eava se \u0161irom sveta 27. januara od 2005. godine, odlukom Generalne skup\u0161tine Ujedinjenih nacija. Ovim povodom, Njegovo","og_url":"https:\/\/royalfamily.org\/lat\/medunarodni-dan-holokausta\/","og_site_name":"The Royal Family of Serbia","article_publisher":"https:\/\/www.facebook.com\/Prestolonaslednik.Aleksandar","article_published_time":"2021-01-26T11:17:35+00:00","article_modified_time":"2021-01-26T12:17:35+00:00","og_image":[{"width":740,"height":360,"url":"https:\/\/royalfamily.org\/wp-content\/uploads\/2021\/01\/103967499_10163689995135324_29-e1611659616261.jpg","type":"image\/jpeg"}],"author":"Web Royal","twitter_card":"summary_large_image","twitter_misc":{"Written by":"Web Royal","Est. reading time":"1 minute"},"schema":{"@context":"https:\/\/schema.org","@graph":[{"@type":"Article","@id":"https:\/\/royalfamily.org\/lat\/medunarodni-dan-holokausta\/#article","isPartOf":{"@id":"https:\/\/royalfamily.org\/lat\/medunarodni-dan-holokausta\/"},"author":{"name":"Web Royal","@id":"https:\/\/royalfamily.org\/#\/schema\/person\/49383a0c31232a928463939891db1ad5"},"headline":"PORUKA PRESTOLONASLEDNIKA ALEKSANDRA POVODOM ME\u0110UNARODNOG DANA HOLOKAUSTA","datePublished":"2021-01-26T11:17:35+00:00","dateModified":"2021-01-26T12:17:35+00:00","mainEntityOfPage":{"@id":"https:\/\/royalfamily.org\/lat\/medunarodni-dan-holokausta\/"},"wordCount":182,"publisher":{"@id":"https:\/\/royalfamily.org\/#organization"},"image":{"@id":"https:\/\/royalfamily.org\/lat\/medunarodni-dan-holokausta\/#primaryimage"},"thumbnailUrl":"https:\/\/royalfamily.org\/wp-content\/uploads\/2021\/01\/103967499_10163689995135324_29-e1611659616261.jpg","articleSection":["Vesti"],"inLanguage":"sr-LT"},{"@type":"WebPage","@id":"https:\/\/royalfamily.org\/lat\/medunarodni-dan-holokausta\/","url":"https:\/\/royalfamily.org\/lat\/medunarodni-dan-holokausta\/","name":"PORUKA PRESTOLONASLEDNIKA ALEKSANDRA POVODOM ME\u0110UNARODNOG DANA HOLOKAUSTA - The Royal Family of Serbia","isPartOf":{"@id":"https:\/\/royalfamily.org\/#website"},"primaryImageOfPage":{"@id":"https:\/\/royalfamily.org\/lat\/medunarodni-dan-holokausta\/#primaryimage"},"image":{"@id":"https:\/\/royalfamily.org\/lat\/medunarodni-dan-holokausta\/#primaryimage"},"thumbnailUrl":"https:\/\/royalfamily.org\/wp-content\/uploads\/2021\/01\/103967499_10163689995135324_29-e1611659616261.jpg","datePublished":"2021-01-26T11:17:35+00:00","dateModified":"2021-01-26T12:17:35+00:00","description":"Me\u0111unarodni dan holokausta obele\u017eava se \u0161irom sveta 27. januara od 2005. godine, odlukom Generalne skup\u0161tine Ujedinjenih nacija. Ovim povodom, Njegovo","breadcrumb":{"@id":"https:\/\/royalfamily.org\/lat\/medunarodni-dan-holokausta\/#breadcrumb"},"inLanguage":"sr-LT","potentialAction":[{"@type":"ReadAction","target":["https:\/\/royalfamily.org\/lat\/medunarodni-dan-holokausta\/"]}]},{"@type":"ImageObject","inLanguage":"sr-LT","@id":"https:\/\/royalfamily.org\/lat\/medunarodni-dan-holokausta\/#primaryimage","url":"https:\/\/royalfamily.org\/wp-content\/uploads\/2021\/01\/103967499_10163689995135324_29-e1611659616261.jpg","contentUrl":"https:\/\/royalfamily.org\/wp-content\/uploads\/2021\/01\/103967499_10163689995135324_29-e1611659616261.jpg","width":740,"height":360},{"@type":"BreadcrumbList","@id":"https:\/\/royalfamily.org\/lat\/medunarodni-dan-holokausta\/#breadcrumb","itemListElement":[{"@type":"ListItem","position":1,"name":"Home","item":"https:\/\/royalfamily.org\/lat\/"},{"@type":"ListItem","position":2,"name":"PORUKA PRESTOLONASLEDNIKA ALEKSANDRA POVODOM ME\u0110UNARODNOG DANA HOLOKAUSTA"}]},{"@type":"WebSite","@id":"https:\/\/royalfamily.org\/#website","url":"https:\/\/royalfamily.org\/","name":"The Royal Family of Serbia","description":"From the people, for the people","publisher":{"@id":"https:\/\/royalfamily.org\/#organization"},"potentialAction":[{"@type":"SearchAction","target":{"@type":"EntryPoint","urlTemplate":"https:\/\/royalfamily.org\/?s={search_term_string}"},"query-input":{"@type":"PropertyValueSpecification","valueRequired":true,"valueName":"search_term_string"}}],"inLanguage":"sr-LT"},{"@type":"Organization","@id":"https:\/\/royalfamily.org\/#organization","name":"Royal Family","url":"https:\/\/royalfamily.org\/","logo":{"@type":"ImageObject","inLanguage":"sr-LT","@id":"https:\/\/royalfamily.org\/#\/schema\/logo\/image\/","url":"https:\/\/royalfamily.org\/wp-content\/uploads\/2019\/04\/logo-vector-02-V-latinica.png","contentUrl":"https:\/\/royalfamily.org\/wp-content\/uploads\/2019\/04\/logo-vector-02-V-latinica.png","width":552,"height":99,"caption":"Royal Family"},"image":{"@id":"https:\/\/royalfamily.org\/#\/schema\/logo\/image\/"},"sameAs":["https:\/\/www.facebook.com\/Prestolonaslednik.Aleksandar"]},{"@type":"Person","@id":"https:\/\/royalfamily.org\/#\/schema\/person\/49383a0c31232a928463939891db1ad5","name":"Web Royal","image":{"@type":"ImageObject","inLanguage":"sr-LT","@id":"https:\/\/secure.gravatar.com\/avatar\/8dbdbae4ed2a898dcf0dcd9d01bf41782c405af026744c66e6a62d6235a20271?s=96&d=mm&r=g","url":"https:\/\/secure.gravatar.com\/avatar\/8dbdbae4ed2a898dcf0dcd9d01bf41782c405af026744c66e6a62d6235a20271?s=96&d=mm&r=g","contentUrl":"https:\/\/secure.gravatar.com\/avatar\/8dbdbae4ed2a898dcf0dcd9d01bf41782c405af026744c66e6a62d6235a20271?s=96&d=mm&r=g","caption":"Web Royal"}}]}},"_links":{"self":[{"href":"https:\/\/royalfamily.org\/lat\/wp-json\/wp\/v2\/posts\/78194","targetHints":{"allow":["GET"]}}],"collection":[{"href":"https:\/\/royalfamily.org\/lat\/wp-json\/wp\/v2\/posts"}],"about":[{"href":"https:\/\/royalfamily.org\/lat\/wp-json\/wp\/v2\/types\/post"}],"author":[{"embeddable":true,"href":"https:\/\/royalfamily.org\/lat\/wp-json\/wp\/v2\/users\/1"}],"replies":[{"embeddable":true,"href":"https:\/\/royalfamily.org\/lat\/wp-json\/wp\/v2\/comments?post=78194"}],"version-history":[{"count":2,"href":"https:\/\/royalfamily.org\/lat\/wp-json\/wp\/v2\/posts\/78194\/revisions"}],"predecessor-version":[{"id":78199,"href":"https:\/\/royalfamily.org\/lat\/wp-json\/wp\/v2\/posts\/78194\/revisions\/78199"}],"wp:featuredmedia":[{"embeddable":true,"href":"https:\/\/royalfamily.org\/lat\/wp-json\/wp\/v2\/media\/78192"}],"wp:attachment":[{"href":"https:\/\/royalfamily.org\/lat\/wp-json\/wp\/v2\/media?parent=78194"}],"wp:term":[{"taxonomy":"category","embeddable":true,"href":"https:\/\/royalfamily.org\/lat\/wp-json\/wp\/v2\/categories?post=78194"},{"taxonomy":"post_tag","embeddable":true,"href":"https:\/\/royalfamily.org\/lat\/wp-json\/wp\/v2\/tags?post=78194"}],"curies":[{"name":"wp","href":"https:\/\/api.w.org\/{rel}","templated":true}]}}