{"id":78231,"date":"2021-01-27T14:33:24","date_gmt":"2021-01-27T13:33:24","guid":{"rendered":"https:\/\/royalfamily.org\/?p=78231"},"modified":"2021-01-27T14:33:24","modified_gmt":"2021-01-27T14:33:24","slug":"zdravlje-nase-dece-princeze-katarine-i-kompanija-loreal","status":"publish","type":"post","link":"https:\/\/royalfamily.org\/lat\/zdravlje-nase-dece-princeze-katarine-i-kompanija-loreal\/","title":{"rendered":"ZA ZDRAVLJE NA\u0160E DECE: FONDACIJA PRINCEZE KATARINE I KOMPANIJA LOREAL NASTAVLJAJU ZAJEDNI\u010cKU BORBU PROTIV VIRUSA COVID-19"},"content":{"rendered":"<p><div class=\"fusion-fullwidth fullwidth-box fusion-builder-row-1 fusion-flex-container nonhundred-percent-fullwidth non-hundred-percent-height-scrolling\" style=\"--awb-border-radius-top-left:0px;--awb-border-radius-top-right:0px;--awb-border-radius-bottom-right:0px;--awb-border-radius-bottom-left:0px;--awb-flex-wrap:wrap;\" ><div class=\"fusion-builder-row fusion-row fusion-flex-align-items-flex-start fusion-flex-content-wrap\" style=\"max-width:1227.2px;margin-left: calc(-4% \/ 2 );margin-right: calc(-4% \/ 2 );\"><div class=\"fusion-layout-column fusion_builder_column fusion-builder-column-0 fusion_builder_column_1_1 1_1 fusion-flex-column\" style=\"--awb-bg-size:cover;--awb-width-large:100%;--awb-margin-top-large:0px;--awb-spacing-right-large:1.92%;--awb-margin-bottom-large:20px;--awb-spacing-left-large:1.92%;--awb-width-medium:100%;--awb-order-medium:0;--awb-spacing-right-medium:1.92%;--awb-spacing-left-medium:1.92%;--awb-width-small:100%;--awb-order-small:0;--awb-spacing-right-small:1.92%;--awb-spacing-left-small:1.92%;\"><div class=\"fusion-column-wrapper fusion-column-has-shadow fusion-flex-justify-content-flex-start fusion-content-layout-column\"><div class=\"fusion-text fusion-text-1\"><p>Fondacija Nj.K.V. Princeze Katarine, zajedno sa kompanijom L\u2019Or\u00e9al Balkan obezbedila je 2000 sredstava za suvo pranje ruku i 1000 hirur\u0161kih za\u0161titnih maski za u\u010denike\u00a0u 8 \u0161kola \u0161irom Srbije. Veoma zna\u010dajna donacija u vrednosti od skoro pola miliona dinara (4000 evra), podeljena je u\u010denicima na dan kada se obele\u017eava \u0161kolska slava Sveti Sava.<\/p>\n<p>\u201eZdravlje na\u0161e dece je na prvom mestu, a osnovni preduslov za spre\u010davanje \u0161irenja pandemije je pravilna i redovna dezinfekcija ruku. Preventivnim kori\u0161\u0107enjem sredstava za dezinfekciju, deca u \u0161kolama \u0161irom Srbije \u0107e ostati zdrava, a njihovo okru\u017eenje bezbedno i sigurno\u201c, rekla je Nj.K.V. Princeza Katarina.<\/p>\n<p>Ova donacija deo je velikog me\u0111unarodnog programa solidarnosti L\u2019Or\u00e9al Grupe koji je pokrenut kao podr\u0161ka suzbijanju globalne pandemije korona virusa.<\/p>\n<p>\u201eKroz ovakve akcije solidarnosti L\u2019Or\u00e9al ujedno izra\u017eava zahvalnost, priznanje i podr\u0161ku svima koji pokazuju izuzetnu hrabrost i nesebi\u010dnost u \u017eelji da se izbore sa ovom situacijom u Srbiji i \u0161irom sveta<em>&#8220;,\u00a0<\/em>izjavila je<em>\u00a0<\/em>Vanja Panajotova, generalna direktorka L\u2019Or\u00e9al-a za Adria-Balkan regiju.<\/p>\n<p>Sredstva za suvo pranje ruku dobile su osnovna \u0161kole za u\u010denike o\u0161te\u0107enog vida iz Beograda, pet osnovnih \u0161kola na op\u0161tini Topola (Topola, Belosavci, Natalinci, Gornja Trnava, Donja \u0160atornja), kao i dve \u0161kole sa Kosova i Metohije (osnovne \u0161kole u Ranilugu i Velikom Ropotovu).<\/p>\n<p>Prethodno su Fondacija Nj.K.V. Princeze Katarine i kompanija L\u2019Or\u00e9al Balkan, kao hitan odgovor na potrebe u\u010denika, njihovih roditelja i prosvetnih radnika, donirale sredstva za suvo pranje ruku za vi\u0161e od 3000 u\u010denika u 10 \u0161kola u Srbiji.<\/p>\n<\/div><\/div><\/div><\/div><\/div><div class=\"fusion-fullwidth fullwidth-box fusion-builder-row-2 fusion-flex-container nonhundred-percent-fullwidth non-hundred-percent-height-scrolling\" style=\"--awb-border-radius-top-left:0px;--awb-border-radius-top-right:0px;--awb-border-radius-bottom-right:0px;--awb-border-radius-bottom-left:0px;--awb-flex-wrap:wrap;\" ><div class=\"fusion-builder-row fusion-row fusion-flex-align-items-flex-start fusion-flex-content-wrap\" style=\"max-width:1227.2px;margin-left: calc(-4% \/ 2 );margin-right: calc(-4% \/ 2 );\"><div class=\"fusion-layout-column fusion_builder_column fusion-builder-column-1 fusion_builder_column_1_1 1_1 fusion-flex-column\" style=\"--awb-bg-size:cover;--awb-width-large:100%;--awb-margin-top-large:0px;--awb-spacing-right-large:1.92%;--awb-margin-bottom-large:20px;--awb-spacing-left-large:1.92%;--awb-width-medium:100%;--awb-order-medium:0;--awb-spacing-right-medium:1.92%;--awb-spacing-left-medium:1.92%;--awb-width-small:100%;--awb-order-small:0;--awb-spacing-right-small:1.92%;--awb-spacing-left-small:1.92%;\"><div class=\"fusion-column-wrapper fusion-column-has-shadow fusion-flex-justify-content-flex-start fusion-content-layout-column\"><div class=\"awb-gallery-wrapper awb-gallery-wrapper-1 button-span-no\" data-limit=\"20\" data-page=\"1\"><div style=\"margin:-5px;--awb-bordersize:0px;\" class=\"fusion-gallery fusion-gallery-container fusion-grid-3 fusion-columns-total-7 fusion-gallery-layout-grid fusion-gallery-1\"><div style=\"padding:5px;\" class=\"fusion-grid-column fusion-gallery-column fusion-gallery-column-3 hover-type-none\"><div class=\"fusion-gallery-image\"><a href=\"https:\/\/royalfamily.org\/wp-content\/uploads\/2021\/01\/IMG-bbbc56d6fdf43fbbf34c9ff7ccb45077-V.jpg\" data-caption=\"Donacija Fondacije Princeze Katarine i kompanije L\u2019Or\u00e9al Balkan \u0161kolama \u0161irom Srbije na Savindan. \" rel=\"noreferrer\" data-rel=\"iLightbox[gallery_image_1]\" class=\"fusion-lightbox\" target=\"_self\"><img decoding=\"async\" src=\"https:\/\/royalfamily.org\/wp-content\/uploads\/2021\/01\/IMG-bbbc56d6fdf43fbbf34c9ff7ccb45077-V-460x295.jpg\" width=\"460\" height=\"295\" alt=\"Donacija Fondacije Princeze Katarine i kompanije L\u2019Or\u00e9al Balkan \u0161kolama \u0161irom Srbije na Savindan.\" title=\"Donacija Fondacije Princeze Katarine i kompanije L\u2019Or\u00e9al Balkan \u0161kolama \u0161irom Srbije na Savindan.\" aria-label=\"Donacija Fondacije Princeze Katarine i kompanije L\u2019Or\u00e9al Balkan \u0161kolama \u0161irom Srbije na Savindan.\" class=\"img-responsive wp-image-78221 fusion-gallery-image-size-fixed\"  \/><\/a><\/div><\/div><div style=\"padding:5px;\" class=\"fusion-grid-column fusion-gallery-column fusion-gallery-column-3 hover-type-none\"><div class=\"fusion-gallery-image\"><a href=\"https:\/\/royalfamily.org\/wp-content\/uploads\/2021\/01\/IMG-b8b586f239aff90ea4fb64195e00d54d-V.jpg\" data-caption=\"Donacija Fondacije Princeze Katarine i kompanije L\u2019Or\u00e9al Balkan \u0161kolama \u0161irom Srbije na Savindan. \" rel=\"noreferrer\" data-rel=\"iLightbox[gallery_image_1]\" class=\"fusion-lightbox\" target=\"_self\"><img decoding=\"async\" src=\"https:\/\/royalfamily.org\/wp-content\/uploads\/2021\/01\/IMG-b8b586f239aff90ea4fb64195e00d54d-V-460x295.jpg\" width=\"460\" height=\"295\" alt=\"Donacija Fondacije Princeze Katarine i kompanije L\u2019Or\u00e9al Balkan \u0161kolama \u0161irom Srbije na Savindan.\" title=\"Donacija Fondacije Princeze Katarine i kompanije L\u2019Or\u00e9al Balkan \u0161kolama \u0161irom Srbije na Savindan.\" aria-label=\"Donacija Fondacije Princeze Katarine i kompanije L\u2019Or\u00e9al Balkan \u0161kolama \u0161irom Srbije na Savindan.\" class=\"img-responsive wp-image-78218 fusion-gallery-image-size-fixed\"  \/><\/a><\/div><\/div><div style=\"padding:5px;\" class=\"fusion-grid-column fusion-gallery-column fusion-gallery-column-3 hover-type-none\"><div class=\"fusion-gallery-image\"><a href=\"https:\/\/royalfamily.org\/wp-content\/uploads\/2021\/01\/IMG-b3c3964e4979a76cbeb1d1ae52b0a95c-V.jpg\" data-caption=\"Donacija Fondacije Princeze Katarine i kompanije L\u2019Or\u00e9al Balkan \u0161kolama \u0161irom Srbije na Savindan. \" rel=\"noreferrer\" data-rel=\"iLightbox[gallery_image_1]\" class=\"fusion-lightbox\" target=\"_self\"><img decoding=\"async\" src=\"https:\/\/royalfamily.org\/wp-content\/uploads\/2021\/01\/IMG-b3c3964e4979a76cbeb1d1ae52b0a95c-V-460x295.jpg\" width=\"460\" height=\"295\" alt=\"Donacija Fondacije Princeze Katarine i kompanije L\u2019Or\u00e9al Balkan \u0161kolama \u0161irom Srbije na Savindan.\" title=\"Donacija Fondacije Princeze Katarine i kompanije L\u2019Or\u00e9al Balkan \u0161kolama \u0161irom Srbije na Savindan.\" aria-label=\"Donacija Fondacije Princeze Katarine i kompanije L\u2019Or\u00e9al Balkan \u0161kolama \u0161irom Srbije na Savindan.\" class=\"img-responsive wp-image-78215 fusion-gallery-image-size-fixed\"  \/><\/a><\/div><\/div><div class=\"clearfix\"><\/div><div style=\"padding:5px;\" class=\"fusion-grid-column fusion-gallery-column fusion-gallery-column-3 hover-type-none\"><div class=\"fusion-gallery-image\"><a href=\"https:\/\/royalfamily.org\/wp-content\/uploads\/2021\/01\/IMG_20201120_093634_resized_20201120_102041173.jpg\" data-caption=\"Donacija Fondacije Princeze Katarine i kompanije L\u2019Or\u00e9al Balkan \u0161kolama \u0161irom Srbije na Savindan. \" rel=\"noreferrer\" data-rel=\"iLightbox[gallery_image_1]\" class=\"fusion-lightbox\" target=\"_self\"><img decoding=\"async\" src=\"https:\/\/royalfamily.org\/wp-content\/uploads\/2021\/01\/IMG_20201120_093634_resized_20201120_102041173-460x295.jpg\" width=\"460\" height=\"295\" alt=\"Donacija Fondacije Princeze Katarine i kompanije L\u2019Or\u00e9al Balkan \u0161kolama \u0161irom Srbije na Savindan.\" title=\"Donacija Fondacije Princeze Katarine i kompanije L\u2019Or\u00e9al Balkan \u0161kolama \u0161irom Srbije na Savindan.\" aria-label=\"Donacija Fondacije Princeze Katarine i kompanije L\u2019Or\u00e9al Balkan \u0161kolama \u0161irom Srbije na Savindan.\" class=\"img-responsive wp-image-78212 fusion-gallery-image-size-fixed\"  \/><\/a><\/div><\/div><div style=\"padding:5px;\" class=\"fusion-grid-column fusion-gallery-column fusion-gallery-column-3 hover-type-none\"><div class=\"fusion-gallery-image\"><a href=\"https:\/\/royalfamily.org\/wp-content\/uploads\/2021\/01\/20201126_121743.jpg\" data-caption=\"Donacija Fondacije Princeze Katarine i kompanije L\u2019Or\u00e9al Balkan \u0161kolama \u0161irom Srbije na Savindan. \" rel=\"noreferrer\" data-rel=\"iLightbox[gallery_image_1]\" class=\"fusion-lightbox\" target=\"_self\"><img decoding=\"async\" src=\"https:\/\/royalfamily.org\/wp-content\/uploads\/2021\/01\/20201126_121743-460x295.jpg\" width=\"460\" height=\"295\" alt=\"Donacija Fondacije Princeze Katarine i kompanije L\u2019Or\u00e9al Balkan \u0161kolama \u0161irom Srbije na Savindan.\" title=\"Donacija Fondacije Princeze Katarine i kompanije L\u2019Or\u00e9al Balkan \u0161kolama \u0161irom Srbije na Savindan.\" aria-label=\"Donacija Fondacije Princeze Katarine i kompanije L\u2019Or\u00e9al Balkan \u0161kolama \u0161irom Srbije na Savindan.\" class=\"img-responsive wp-image-78209 fusion-gallery-image-size-fixed\"  \/><\/a><\/div><\/div><div style=\"padding:5px;\" class=\"fusion-grid-column fusion-gallery-column fusion-gallery-column-3 hover-type-none\"><div class=\"fusion-gallery-image\"><a href=\"https:\/\/royalfamily.org\/wp-content\/uploads\/2021\/01\/20201126_121316.jpg\" data-caption=\"Donacija Fondacije Princeze Katarine i kompanije L\u2019Or\u00e9al Balkan \u0161kolama \u0161irom Srbije na Savindan. \" rel=\"noreferrer\" data-rel=\"iLightbox[gallery_image_1]\" class=\"fusion-lightbox\" target=\"_self\"><img decoding=\"async\" src=\"https:\/\/royalfamily.org\/wp-content\/uploads\/2021\/01\/20201126_121316-460x295.jpg\" width=\"460\" height=\"295\" alt=\"Donacija Fondacije Princeze Katarine i kompanije L\u2019Or\u00e9al Balkan \u0161kolama \u0161irom Srbije na Savindan.\" title=\"Donacija Fondacije Princeze Katarine i kompanije L\u2019Or\u00e9al Balkan \u0161kolama \u0161irom Srbije na Savindan.\" aria-label=\"Donacija Fondacije Princeze Katarine i kompanije L\u2019Or\u00e9al Balkan \u0161kolama \u0161irom Srbije na Savindan.\" class=\"img-responsive wp-image-78206 fusion-gallery-image-size-fixed\"  \/><\/a><\/div><\/div><div class=\"clearfix\"><\/div><div style=\"padding:5px;\" class=\"fusion-grid-column fusion-gallery-column fusion-gallery-column-3 hover-type-none\"><div class=\"fusion-gallery-image\"><a href=\"https:\/\/royalfamily.org\/wp-content\/uploads\/2021\/01\/20201126_115946.jpg\" data-caption=\"Donacija Fondacije Princeze Katarine i kompanije L\u2019Or\u00e9al Balkan \u0161kolama \u0161irom Srbije na Savindan. \" rel=\"noreferrer\" data-rel=\"iLightbox[gallery_image_1]\" class=\"fusion-lightbox\" target=\"_self\"><img decoding=\"async\" src=\"https:\/\/royalfamily.org\/wp-content\/uploads\/2021\/01\/20201126_115946-460x295.jpg\" width=\"460\" height=\"295\" alt=\"Donacija Fondacije Princeze Katarine i kompanije L\u2019Or\u00e9al Balkan \u0161kolama \u0161irom Srbije na Savindan.\" title=\"Donacija Fondacije Princeze Katarine i kompanije L\u2019Or\u00e9al Balkan \u0161kolama \u0161irom Srbije na Savindan.\" aria-label=\"Donacija Fondacije Princeze Katarine i kompanije L\u2019Or\u00e9al Balkan \u0161kolama \u0161irom Srbije na Savindan.\" class=\"img-responsive wp-image-78203 fusion-gallery-image-size-fixed\"  \/><\/a><\/div><\/div><\/div><\/div><\/div><\/div><\/div><\/div><\/p>\n","protected":false},"excerpt":{"rendered":"","protected":false},"author":1001015,"featured_media":78227,"comment_status":"closed","ping_status":"closed","sticky":false,"template":"","format":"standard","meta":{"_acf_changed":false,"footnotes":""},"categories":[22],"tags":[],"class_list":["post-78231","post","type-post","status-publish","format-standard","has-post-thumbnail","hentry","category-vesti"],"acf":[],"yoast_head":"<!-- This site is optimized with the Yoast SEO Premium plugin v27.5 (Yoast SEO v27.5) - https:\/\/yoast.com\/product\/yoast-seo-premium-wordpress\/ -->\n<title>ZA ZDRAVLJE NA\u0160E DECE: FONDACIJA PRINCEZE KATARINE I KOMPANIJA LOREAL NASTAVLJAJU ZAJEDNI\u010cKU BORBU PROTIV VIRUSA COVID-19 - The Royal Family of Serbia<\/title>\n<meta name=\"robots\" content=\"index, follow, max-snippet:-1, max-image-preview:large, max-video-preview:-1\" \/>\n<link rel=\"canonical\" href=\"https:\/\/royalfamily.org\/lat\/zdravlje-nase-dece-princeze-katarine-i-kompanija-loreal\/\" \/>\n<meta property=\"og:locale\" content=\"en_US\" \/>\n<meta property=\"og:type\" content=\"article\" \/>\n<meta property=\"og:title\" content=\"ZA ZDRAVLJE NA\u0160E DECE: FONDACIJA PRINCEZE KATARINE I KOMPANIJA LOREAL NASTAVLJAJU ZAJEDNI\u010cKU BORBU PROTIV VIRUSA COVID-19\" \/>\n<meta property=\"og:url\" content=\"https:\/\/royalfamily.org\/lat\/zdravlje-nase-dece-princeze-katarine-i-kompanija-loreal\/\" \/>\n<meta property=\"og:site_name\" content=\"The Royal Family of Serbia\" \/>\n<meta property=\"article:publisher\" content=\"https:\/\/www.facebook.com\/Prestolonaslednik.Aleksandar\" \/>\n<meta property=\"article:published_time\" content=\"2021-01-27T13:33:24+00:00\" \/>\n<meta property=\"article:modified_time\" content=\"2021-01-27T14:33:24+00:00\" \/>\n<meta property=\"og:image\" content=\"https:\/\/royalfamily.org\/wp-content\/uploads\/2021\/01\/pa-cover-3.jpg\" \/>\n\t<meta property=\"og:image:width\" content=\"740\" \/>\n\t<meta property=\"og:image:height\" content=\"360\" \/>\n\t<meta property=\"og:image:type\" content=\"image\/jpeg\" \/>\n<meta name=\"author\" content=\"Stefan Milanovic\" \/>\n<meta name=\"twitter:card\" content=\"summary_large_image\" \/>\n<meta name=\"twitter:label1\" content=\"Written by\" \/>\n\t<meta name=\"twitter:data1\" content=\"Stefan Milanovic\" \/>\n\t<meta name=\"twitter:label2\" content=\"Est. reading time\" \/>\n\t<meta name=\"twitter:data2\" content=\"4 minutes\" \/>\n<script type=\"application\/ld+json\" class=\"yoast-schema-graph\">{\"@context\":\"https:\\\/\\\/schema.org\",\"@graph\":[{\"@type\":\"Article\",\"@id\":\"https:\\\/\\\/royalfamily.org\\\/lat\\\/zdravlje-nase-dece-princeze-katarine-i-kompanija-loreal\\\/#article\",\"isPartOf\":{\"@id\":\"https:\\\/\\\/royalfamily.org\\\/lat\\\/zdravlje-nase-dece-princeze-katarine-i-kompanija-loreal\\\/\"},\"author\":{\"name\":\"Stefan Milanovic\",\"@id\":\"https:\\\/\\\/royalfamily.org\\\/#\\\/schema\\\/person\\\/4ad3296a6a8a35eed333b6a785e9f648\"},\"headline\":\"ZA ZDRAVLJE NA\u0160E DECE: FONDACIJA PRINCEZE KATARINE I KOMPANIJA LOREAL NASTAVLJAJU ZAJEDNI\u010cKU BORBU PROTIV VIRUSA COVID-19\",\"datePublished\":\"2021-01-27T13:33:24+00:00\",\"dateModified\":\"2021-01-27T14:33:24+00:00\",\"mainEntityOfPage\":{\"@id\":\"https:\\\/\\\/royalfamily.org\\\/lat\\\/zdravlje-nase-dece-princeze-katarine-i-kompanija-loreal\\\/\"},\"wordCount\":1571,\"publisher\":{\"@id\":\"https:\\\/\\\/royalfamily.org\\\/#organization\"},\"image\":{\"@id\":\"https:\\\/\\\/royalfamily.org\\\/lat\\\/zdravlje-nase-dece-princeze-katarine-i-kompanija-loreal\\\/#primaryimage\"},\"thumbnailUrl\":\"https:\\\/\\\/royalfamily.org\\\/wp-content\\\/uploads\\\/2021\\\/01\\\/pa-cover-3.jpg\",\"articleSection\":[\"Vesti\"],\"inLanguage\":\"sr-LT\"},{\"@type\":\"WebPage\",\"@id\":\"https:\\\/\\\/royalfamily.org\\\/lat\\\/zdravlje-nase-dece-princeze-katarine-i-kompanija-loreal\\\/\",\"url\":\"https:\\\/\\\/royalfamily.org\\\/lat\\\/zdravlje-nase-dece-princeze-katarine-i-kompanija-loreal\\\/\",\"name\":\"ZA ZDRAVLJE NA\u0160E DECE: FONDACIJA PRINCEZE KATARINE I KOMPANIJA LOREAL NASTAVLJAJU ZAJEDNI\u010cKU BORBU PROTIV VIRUSA COVID-19 - The Royal Family of Serbia\",\"isPartOf\":{\"@id\":\"https:\\\/\\\/royalfamily.org\\\/#website\"},\"primaryImageOfPage\":{\"@id\":\"https:\\\/\\\/royalfamily.org\\\/lat\\\/zdravlje-nase-dece-princeze-katarine-i-kompanija-loreal\\\/#primaryimage\"},\"image\":{\"@id\":\"https:\\\/\\\/royalfamily.org\\\/lat\\\/zdravlje-nase-dece-princeze-katarine-i-kompanija-loreal\\\/#primaryimage\"},\"thumbnailUrl\":\"https:\\\/\\\/royalfamily.org\\\/wp-content\\\/uploads\\\/2021\\\/01\\\/pa-cover-3.jpg\",\"datePublished\":\"2021-01-27T13:33:24+00:00\",\"dateModified\":\"2021-01-27T14:33:24+00:00\",\"breadcrumb\":{\"@id\":\"https:\\\/\\\/royalfamily.org\\\/lat\\\/zdravlje-nase-dece-princeze-katarine-i-kompanija-loreal\\\/#breadcrumb\"},\"inLanguage\":\"sr-LT\",\"potentialAction\":[{\"@type\":\"ReadAction\",\"target\":[\"https:\\\/\\\/royalfamily.org\\\/lat\\\/zdravlje-nase-dece-princeze-katarine-i-kompanija-loreal\\\/\"]}]},{\"@type\":\"ImageObject\",\"inLanguage\":\"sr-LT\",\"@id\":\"https:\\\/\\\/royalfamily.org\\\/lat\\\/zdravlje-nase-dece-princeze-katarine-i-kompanija-loreal\\\/#primaryimage\",\"url\":\"https:\\\/\\\/royalfamily.org\\\/wp-content\\\/uploads\\\/2021\\\/01\\\/pa-cover-3.jpg\",\"contentUrl\":\"https:\\\/\\\/royalfamily.org\\\/wp-content\\\/uploads\\\/2021\\\/01\\\/pa-cover-3.jpg\",\"width\":740,\"height\":360,\"caption\":\"ZA ZDRAVLJE NA\u0160E DECE: FONDACIJA PRINCEZE KATARINE I KOMPANIJA LOREAL NASTAVLJAJU ZAJEDNI\u010cKU BORBU PROTIV VIRUSA COVID-19\"},{\"@type\":\"BreadcrumbList\",\"@id\":\"https:\\\/\\\/royalfamily.org\\\/lat\\\/zdravlje-nase-dece-princeze-katarine-i-kompanija-loreal\\\/#breadcrumb\",\"itemListElement\":[{\"@type\":\"ListItem\",\"position\":1,\"name\":\"Home\",\"item\":\"https:\\\/\\\/royalfamily.org\\\/lat\\\/\"},{\"@type\":\"ListItem\",\"position\":2,\"name\":\"ZA ZDRAVLJE NA\u0160E DECE: FONDACIJA PRINCEZE KATARINE I KOMPANIJA LOREAL NASTAVLJAJU ZAJEDNI\u010cKU BORBU PROTIV VIRUSA COVID-19\"}]},{\"@type\":\"WebSite\",\"@id\":\"https:\\\/\\\/royalfamily.org\\\/#website\",\"url\":\"https:\\\/\\\/royalfamily.org\\\/\",\"name\":\"The Royal Family of Serbia\",\"description\":\"From the people, for the people\",\"publisher\":{\"@id\":\"https:\\\/\\\/royalfamily.org\\\/#organization\"},\"potentialAction\":[{\"@type\":\"SearchAction\",\"target\":{\"@type\":\"EntryPoint\",\"urlTemplate\":\"https:\\\/\\\/royalfamily.org\\\/?s={search_term_string}\"},\"query-input\":{\"@type\":\"PropertyValueSpecification\",\"valueRequired\":true,\"valueName\":\"search_term_string\"}}],\"inLanguage\":\"sr-LT\"},{\"@type\":\"Organization\",\"@id\":\"https:\\\/\\\/royalfamily.org\\\/#organization\",\"name\":\"Royal Family\",\"url\":\"https:\\\/\\\/royalfamily.org\\\/\",\"logo\":{\"@type\":\"ImageObject\",\"inLanguage\":\"sr-LT\",\"@id\":\"https:\\\/\\\/royalfamily.org\\\/#\\\/schema\\\/logo\\\/image\\\/\",\"url\":\"https:\\\/\\\/royalfamily.org\\\/wp-content\\\/uploads\\\/2019\\\/04\\\/logo-vector-02-V-latinica.png\",\"contentUrl\":\"https:\\\/\\\/royalfamily.org\\\/wp-content\\\/uploads\\\/2019\\\/04\\\/logo-vector-02-V-latinica.png\",\"width\":552,\"height\":99,\"caption\":\"Royal Family\"},\"image\":{\"@id\":\"https:\\\/\\\/royalfamily.org\\\/#\\\/schema\\\/logo\\\/image\\\/\"},\"sameAs\":[\"https:\\\/\\\/www.facebook.com\\\/Prestolonaslednik.Aleksandar\"]},{\"@type\":\"Person\",\"@id\":\"https:\\\/\\\/royalfamily.org\\\/#\\\/schema\\\/person\\\/4ad3296a6a8a35eed333b6a785e9f648\",\"name\":\"Stefan Milanovic\",\"image\":{\"@type\":\"ImageObject\",\"inLanguage\":\"sr-LT\",\"@id\":\"https:\\\/\\\/secure.gravatar.com\\\/avatar\\\/92dcbdcf3e32112a9ceb1e41665b1f44c69382d014cacfe12c701f6af7c40259?s=96&d=mm&r=g\",\"url\":\"https:\\\/\\\/secure.gravatar.com\\\/avatar\\\/92dcbdcf3e32112a9ceb1e41665b1f44c69382d014cacfe12c701f6af7c40259?s=96&d=mm&r=g\",\"contentUrl\":\"https:\\\/\\\/secure.gravatar.com\\\/avatar\\\/92dcbdcf3e32112a9ceb1e41665b1f44c69382d014cacfe12c701f6af7c40259?s=96&d=mm&r=g\",\"caption\":\"Stefan Milanovic\"}}]}<\/script>\n<!-- \/ Yoast SEO Premium plugin. -->","yoast_head_json":{"title":"ZA ZDRAVLJE NA\u0160E DECE: FONDACIJA PRINCEZE KATARINE I KOMPANIJA LOREAL NASTAVLJAJU ZAJEDNI\u010cKU BORBU PROTIV VIRUSA COVID-19 - The Royal Family of Serbia","robots":{"index":"index","follow":"follow","max-snippet":"max-snippet:-1","max-image-preview":"max-image-preview:large","max-video-preview":"max-video-preview:-1"},"canonical":"https:\/\/royalfamily.org\/lat\/zdravlje-nase-dece-princeze-katarine-i-kompanija-loreal\/","og_locale":"en_US","og_type":"article","og_title":"ZA ZDRAVLJE NA\u0160E DECE: FONDACIJA PRINCEZE KATARINE I KOMPANIJA LOREAL NASTAVLJAJU ZAJEDNI\u010cKU BORBU PROTIV VIRUSA COVID-19","og_url":"https:\/\/royalfamily.org\/lat\/zdravlje-nase-dece-princeze-katarine-i-kompanija-loreal\/","og_site_name":"The Royal Family of Serbia","article_publisher":"https:\/\/www.facebook.com\/Prestolonaslednik.Aleksandar","article_published_time":"2021-01-27T13:33:24+00:00","article_modified_time":"2021-01-27T14:33:24+00:00","og_image":[{"width":740,"height":360,"url":"https:\/\/royalfamily.org\/wp-content\/uploads\/2021\/01\/pa-cover-3.jpg","type":"image\/jpeg"}],"author":"Stefan Milanovic","twitter_card":"summary_large_image","twitter_misc":{"Written by":"Stefan Milanovic","Est. reading time":"4 minutes"},"schema":{"@context":"https:\/\/schema.org","@graph":[{"@type":"Article","@id":"https:\/\/royalfamily.org\/lat\/zdravlje-nase-dece-princeze-katarine-i-kompanija-loreal\/#article","isPartOf":{"@id":"https:\/\/royalfamily.org\/lat\/zdravlje-nase-dece-princeze-katarine-i-kompanija-loreal\/"},"author":{"name":"Stefan Milanovic","@id":"https:\/\/royalfamily.org\/#\/schema\/person\/4ad3296a6a8a35eed333b6a785e9f648"},"headline":"ZA ZDRAVLJE NA\u0160E DECE: FONDACIJA PRINCEZE KATARINE I KOMPANIJA LOREAL NASTAVLJAJU ZAJEDNI\u010cKU BORBU PROTIV VIRUSA COVID-19","datePublished":"2021-01-27T13:33:24+00:00","dateModified":"2021-01-27T14:33:24+00:00","mainEntityOfPage":{"@id":"https:\/\/royalfamily.org\/lat\/zdravlje-nase-dece-princeze-katarine-i-kompanija-loreal\/"},"wordCount":1571,"publisher":{"@id":"https:\/\/royalfamily.org\/#organization"},"image":{"@id":"https:\/\/royalfamily.org\/lat\/zdravlje-nase-dece-princeze-katarine-i-kompanija-loreal\/#primaryimage"},"thumbnailUrl":"https:\/\/royalfamily.org\/wp-content\/uploads\/2021\/01\/pa-cover-3.jpg","articleSection":["Vesti"],"inLanguage":"sr-LT"},{"@type":"WebPage","@id":"https:\/\/royalfamily.org\/lat\/zdravlje-nase-dece-princeze-katarine-i-kompanija-loreal\/","url":"https:\/\/royalfamily.org\/lat\/zdravlje-nase-dece-princeze-katarine-i-kompanija-loreal\/","name":"ZA ZDRAVLJE NA\u0160E DECE: FONDACIJA PRINCEZE KATARINE I KOMPANIJA LOREAL NASTAVLJAJU ZAJEDNI\u010cKU BORBU PROTIV VIRUSA COVID-19 - The Royal Family of Serbia","isPartOf":{"@id":"https:\/\/royalfamily.org\/#website"},"primaryImageOfPage":{"@id":"https:\/\/royalfamily.org\/lat\/zdravlje-nase-dece-princeze-katarine-i-kompanija-loreal\/#primaryimage"},"image":{"@id":"https:\/\/royalfamily.org\/lat\/zdravlje-nase-dece-princeze-katarine-i-kompanija-loreal\/#primaryimage"},"thumbnailUrl":"https:\/\/royalfamily.org\/wp-content\/uploads\/2021\/01\/pa-cover-3.jpg","datePublished":"2021-01-27T13:33:24+00:00","dateModified":"2021-01-27T14:33:24+00:00","breadcrumb":{"@id":"https:\/\/royalfamily.org\/lat\/zdravlje-nase-dece-princeze-katarine-i-kompanija-loreal\/#breadcrumb"},"inLanguage":"sr-LT","potentialAction":[{"@type":"ReadAction","target":["https:\/\/royalfamily.org\/lat\/zdravlje-nase-dece-princeze-katarine-i-kompanija-loreal\/"]}]},{"@type":"ImageObject","inLanguage":"sr-LT","@id":"https:\/\/royalfamily.org\/lat\/zdravlje-nase-dece-princeze-katarine-i-kompanija-loreal\/#primaryimage","url":"https:\/\/royalfamily.org\/wp-content\/uploads\/2021\/01\/pa-cover-3.jpg","contentUrl":"https:\/\/royalfamily.org\/wp-content\/uploads\/2021\/01\/pa-cover-3.jpg","width":740,"height":360,"caption":"ZA ZDRAVLJE NA\u0160E DECE: FONDACIJA PRINCEZE KATARINE I KOMPANIJA LOREAL NASTAVLJAJU ZAJEDNI\u010cKU BORBU PROTIV VIRUSA COVID-19"},{"@type":"BreadcrumbList","@id":"https:\/\/royalfamily.org\/lat\/zdravlje-nase-dece-princeze-katarine-i-kompanija-loreal\/#breadcrumb","itemListElement":[{"@type":"ListItem","position":1,"name":"Home","item":"https:\/\/royalfamily.org\/lat\/"},{"@type":"ListItem","position":2,"name":"ZA ZDRAVLJE NA\u0160E DECE: FONDACIJA PRINCEZE KATARINE I KOMPANIJA LOREAL NASTAVLJAJU ZAJEDNI\u010cKU BORBU PROTIV VIRUSA COVID-19"}]},{"@type":"WebSite","@id":"https:\/\/royalfamily.org\/#website","url":"https:\/\/royalfamily.org\/","name":"The Royal Family of Serbia","description":"From the people, for the people","publisher":{"@id":"https:\/\/royalfamily.org\/#organization"},"potentialAction":[{"@type":"SearchAction","target":{"@type":"EntryPoint","urlTemplate":"https:\/\/royalfamily.org\/?s={search_term_string}"},"query-input":{"@type":"PropertyValueSpecification","valueRequired":true,"valueName":"search_term_string"}}],"inLanguage":"sr-LT"},{"@type":"Organization","@id":"https:\/\/royalfamily.org\/#organization","name":"Royal Family","url":"https:\/\/royalfamily.org\/","logo":{"@type":"ImageObject","inLanguage":"sr-LT","@id":"https:\/\/royalfamily.org\/#\/schema\/logo\/image\/","url":"https:\/\/royalfamily.org\/wp-content\/uploads\/2019\/04\/logo-vector-02-V-latinica.png","contentUrl":"https:\/\/royalfamily.org\/wp-content\/uploads\/2019\/04\/logo-vector-02-V-latinica.png","width":552,"height":99,"caption":"Royal Family"},"image":{"@id":"https:\/\/royalfamily.org\/#\/schema\/logo\/image\/"},"sameAs":["https:\/\/www.facebook.com\/Prestolonaslednik.Aleksandar"]},{"@type":"Person","@id":"https:\/\/royalfamily.org\/#\/schema\/person\/4ad3296a6a8a35eed333b6a785e9f648","name":"Stefan Milanovic","image":{"@type":"ImageObject","inLanguage":"sr-LT","@id":"https:\/\/secure.gravatar.com\/avatar\/92dcbdcf3e32112a9ceb1e41665b1f44c69382d014cacfe12c701f6af7c40259?s=96&d=mm&r=g","url":"https:\/\/secure.gravatar.com\/avatar\/92dcbdcf3e32112a9ceb1e41665b1f44c69382d014cacfe12c701f6af7c40259?s=96&d=mm&r=g","contentUrl":"https:\/\/secure.gravatar.com\/avatar\/92dcbdcf3e32112a9ceb1e41665b1f44c69382d014cacfe12c701f6af7c40259?s=96&d=mm&r=g","caption":"Stefan Milanovic"}}]}},"_links":{"self":[{"href":"https:\/\/royalfamily.org\/lat\/wp-json\/wp\/v2\/posts\/78231","targetHints":{"allow":["GET"]}}],"collection":[{"href":"https:\/\/royalfamily.org\/lat\/wp-json\/wp\/v2\/posts"}],"about":[{"href":"https:\/\/royalfamily.org\/lat\/wp-json\/wp\/v2\/types\/post"}],"author":[{"embeddable":true,"href":"https:\/\/royalfamily.org\/lat\/wp-json\/wp\/v2\/users\/1001015"}],"replies":[{"embeddable":true,"href":"https:\/\/royalfamily.org\/lat\/wp-json\/wp\/v2\/comments?post=78231"}],"version-history":[{"count":1,"href":"https:\/\/royalfamily.org\/lat\/wp-json\/wp\/v2\/posts\/78231\/revisions"}],"predecessor-version":[{"id":78232,"href":"https:\/\/royalfamily.org\/lat\/wp-json\/wp\/v2\/posts\/78231\/revisions\/78232"}],"wp:featuredmedia":[{"embeddable":true,"href":"https:\/\/royalfamily.org\/lat\/wp-json\/wp\/v2\/media\/78227"}],"wp:attachment":[{"href":"https:\/\/royalfamily.org\/lat\/wp-json\/wp\/v2\/media?parent=78231"}],"wp:term":[{"taxonomy":"category","embeddable":true,"href":"https:\/\/royalfamily.org\/lat\/wp-json\/wp\/v2\/categories?post=78231"},{"taxonomy":"post_tag","embeddable":true,"href":"https:\/\/royalfamily.org\/lat\/wp-json\/wp\/v2\/tags?post=78231"}],"curies":[{"name":"wp","href":"https:\/\/api.w.org\/{rel}","templated":true}]}}