{"id":80704,"date":"2021-11-14T14:31:14","date_gmt":"2021-11-14T13:31:14","guid":{"rendered":"https:\/\/royalfamily.org\/?p=80704"},"modified":"2021-11-14T14:32:12","modified_gmt":"2021-11-14T13:32:12","slug":"savez-izvidjaca-srbije-dodelio-zlatni-izvidjacki-znak-kraljevskoj-porodici","status":"publish","type":"post","link":"https:\/\/royalfamily.org\/lat\/savez-izvidjaca-srbije-dodelio-zlatni-izvidjacki-znak-kraljevskoj-porodici\/","title":{"rendered":"SAVEZ IZVI\u0110A\u010cA SRBIJE DODELIO ZLATNI IZVI\u0110A\u010c\u041aI ZNA\u041a S VENCEM \u041aRALJEVS\u041aOJ PORODICI"},"content":{"rendered":"<p><div class=\"fusion-fullwidth fullwidth-box fusion-builder-row-1 fusion-flex-container nonhundred-percent-fullwidth non-hundred-percent-height-scrolling\" style=\"--awb-border-radius-top-left:0px;--awb-border-radius-top-right:0px;--awb-border-radius-bottom-right:0px;--awb-border-radius-bottom-left:0px;--awb-flex-wrap:wrap;\" ><div class=\"fusion-builder-row fusion-row fusion-flex-align-items-flex-start fusion-flex-content-wrap\" style=\"max-width:1227.2px;margin-left: calc(-4% \/ 2 );margin-right: calc(-4% \/ 2 );\"><div class=\"fusion-layout-column fusion_builder_column fusion-builder-column-0 fusion_builder_column_1_1 1_1 fusion-flex-column\" style=\"--awb-bg-size:cover;--awb-width-large:100%;--awb-margin-top-large:0px;--awb-spacing-right-large:1.92%;--awb-margin-bottom-large:20px;--awb-spacing-left-large:1.92%;--awb-width-medium:100%;--awb-order-medium:0;--awb-spacing-right-medium:1.92%;--awb-spacing-left-medium:1.92%;--awb-width-small:100%;--awb-order-small:0;--awb-spacing-right-small:1.92%;--awb-spacing-left-small:1.92%;\"><div class=\"fusion-column-wrapper fusion-column-has-shadow fusion-flex-justify-content-flex-start fusion-content-layout-column\"><div class=\"fusion-text fusion-text-1\" style=\"--awb-text-transform:none;\"><p>Savez izvi\u0111a\u010da Srbije odr\u017eao je danas u Narodnoj skup\u0161tini Srbije sve\u010danu akademiju, povodom 110 godina od osnivanja Izvi\u0111a\u010dkog pokreta u Srbiji, na kojoj je dodeljen \u201eZlatni izvi\u0111a\u010dki znak s vencem\u201c \u041araljevskoj porodici Srbije, kao prvom pokrovitelju Udru\u017eenja.<\/p>\n<p>U ime NJ.\u041a.V. Prestolonaslednika Aleksandra, stare\u0161ine \u041araljevskog doma, ovu nagradu je primio njegov izaslanik, \u010dlan \u041arunskog saveta gospodin Predrag Markovi\u0107. Ovo jubilarno priznanje dodeljeno je i Ministarstvu omladine i sporta Republike Srbije, kao zna\u010dajnom partneru Saveza u realizaciji programa izvi\u0111a\u010da.<\/p>\n<p>Zbog obaveza u inostranstvu, NJ.\u041a.V. Prestolonaslednik Aleksandar nije bio u mogu\u0107nosti da li\u010dno prisustvuje sve\u010danoj akademiji, a gospodin Markovi\u0107 je, kao njegov izaslanik, pro\u010ditao pismo Prestolonaslednika Udru\u017eenju izvi\u0111a\u010da, u kome je Njegovo \u041araljevsko Viso\u010danstvo naveo: \u201eVelika mi je \u010dast \u0161to, kao stare\u0161ina \u041araljevske porodice, primam \u201eZlatni izvi\u0111a\u010dki znak sa vencem\u201c, koji ste dodelili \u041araljevskoj porodici \u041aara\u0111or\u0111evi\u0107, kao prvom pokrovitelju va\u0161eg Udru\u017eenja. Va\u0161 rad i zalaganje su od velikog zna\u010daja za na\u0161u zemlju i ceo svet. Tako je bilo u pro\u0161losti, kada su moji preci prepoznali vrednost va\u0161eg pokreta u vreme njegovog nastanka u na\u0161oj zemlji, tako je i danas, a osta\u0107e od velikog zna\u010daja i u budu\u0107nosti. Va\u0161a misija je dobro definisana: da doprinesete obrazovanju mladih, kroz sistem vrednosti zasnovan na izvi\u0111a\u010dkoj zakletvi i zakonu, da pomognete u izgradnji boljeg sveta u kome se ljudi ostvaruju kao pojedinci i imaju konstruktivnu ulogu u dru\u0161tvu.<\/p>\n<p>Veoma sam sre\u0107an \u0161to se trudite da nau\u010dite decu kako da postanu bolji ljudi, koji \u0107e \u010duvati prirodu i umeti da \u017eive u skladu sa njom, koji \u0107e znati da rade zajedno, ali i da neguju i cene svet u kome \u017eivimo, \u010duvaju ga i \u010dine boljim za generacije koje dolaze. U\u010de\u0107i decu kako da budu dobri i produktivni \u010dlanovi na\u0161eg dru\u0161tva, usredsre\u0111uju\u0107i se na puni intelektualni, dru\u0161tveni, emocionalni, fizi\u010dki i duhovni razvoj dece i mladih, vi doprinosite da budu\u0107nost na\u0161e zemlje bude bolja i sigurnija.\u201d<\/p>\n<p>Savez izvi\u0111a\u010da Srbije je nacionalno udru\u017eenje osnovano 1911. godine, koje okuplja preko 3.000 \u010dlanova, uglavnom dece i omladine, sa teritorije cele Republike Srbije, organizovanih u 57 mesnih ogranaka i saveza izvi\u0111a\u010da. Savez izvi\u0111a\u010da Srbije se bavi ostvarivanjem ciljeva u oblasti neformalnog obrazovanja i vaspitanja dece i omladine i \u010dlan je i jedan od osniva\u010da Svetskog izvi\u0111a\u010dkog pokreta.<\/p>\n<\/div><\/div><\/div><\/div><\/div><div class=\"fusion-fullwidth fullwidth-box fusion-builder-row-2 fusion-flex-container nonhundred-percent-fullwidth non-hundred-percent-height-scrolling\" style=\"--awb-border-radius-top-left:0px;--awb-border-radius-top-right:0px;--awb-border-radius-bottom-right:0px;--awb-border-radius-bottom-left:0px;--awb-flex-wrap:wrap;\" ><div class=\"fusion-builder-row fusion-row fusion-flex-align-items-flex-start fusion-flex-content-wrap\" style=\"max-width:1227.2px;margin-left: calc(-4% \/ 2 );margin-right: calc(-4% \/ 2 );\"><div class=\"fusion-layout-column fusion_builder_column fusion-builder-column-1 fusion_builder_column_1_1 1_1 fusion-flex-column\" style=\"--awb-bg-size:cover;--awb-width-large:100%;--awb-margin-top-large:0px;--awb-spacing-right-large:1.92%;--awb-margin-bottom-large:20px;--awb-spacing-left-large:1.92%;--awb-width-medium:100%;--awb-order-medium:0;--awb-spacing-right-medium:1.92%;--awb-spacing-left-medium:1.92%;--awb-width-small:100%;--awb-order-small:0;--awb-spacing-right-small:1.92%;--awb-spacing-left-small:1.92%;\"><div class=\"fusion-column-wrapper fusion-column-has-shadow fusion-flex-justify-content-flex-start fusion-content-layout-column\"><div class=\"awb-gallery-wrapper awb-gallery-wrapper-1 button-span-no\" data-limit=\"20\" data-page=\"1\"><div style=\"margin:-5px;--awb-bordersize:0px;\" class=\"fusion-gallery fusion-gallery-container fusion-grid-3 fusion-columns-total-4 fusion-gallery-layout-grid fusion-gallery-1\"><div style=\"padding:5px;\" class=\"fusion-grid-column fusion-gallery-column fusion-gallery-column-3 hover-type-none\"><div class=\"fusion-gallery-image\"><a href=\"https:\/\/royalfamily.org\/wp-content\/uploads\/2021\/11\/4-1.jpg\" data-caption=\"Sve\u010dana akademija Saveza izvi\u0111a\u010da Srbije u Narodnoj skup\u0161tini Srbije\" rel=\"noreferrer\" data-rel=\"iLightbox[gallery_image_1]\" class=\"fusion-lightbox\" target=\"_self\"><img decoding=\"async\" src=\"https:\/\/royalfamily.org\/wp-content\/uploads\/2021\/11\/4-1-460x295.jpg\" width=\"460\" height=\"295\" alt=\"Sve\u010dana akademija Saveza izvi\u0111a\u010da Srbije u Narodnoj skup\u0161tini Srbije\" title=\"Sve\u010dana akademija Saveza izvi\u0111a\u010da Srbije u Narodnoj skup\u0161tini Srbije\" aria-label=\"Sve\u010dana akademija Saveza izvi\u0111a\u010da Srbije u Narodnoj skup\u0161tini Srbije\" class=\"img-responsive wp-image-80698 fusion-gallery-image-size-fixed\"  \/><\/a><\/div><\/div><div style=\"padding:5px;\" class=\"fusion-grid-column fusion-gallery-column fusion-gallery-column-3 hover-type-none\"><div class=\"fusion-gallery-image\"><a href=\"https:\/\/royalfamily.org\/wp-content\/uploads\/2021\/11\/3-4.jpg\" data-caption=\"Sve\u010dana akademija Saveza izvi\u0111a\u010da Srbije u Narodnoj skup\u0161tini Srbije\" rel=\"noreferrer\" data-rel=\"iLightbox[gallery_image_1]\" class=\"fusion-lightbox\" target=\"_self\"><img decoding=\"async\" src=\"https:\/\/royalfamily.org\/wp-content\/uploads\/2021\/11\/3-4-460x295.jpg\" width=\"460\" height=\"295\" alt=\"Sve\u010dana akademija Saveza izvi\u0111a\u010da Srbije u Narodnoj skup\u0161tini Srbije\" title=\"Sve\u010dana akademija Saveza izvi\u0111a\u010da Srbije u Narodnoj skup\u0161tini Srbije\" aria-label=\"Sve\u010dana akademija Saveza izvi\u0111a\u010da Srbije u Narodnoj skup\u0161tini Srbije\" class=\"img-responsive wp-image-80695 fusion-gallery-image-size-fixed\"  \/><\/a><\/div><\/div><div style=\"padding:5px;\" class=\"fusion-grid-column fusion-gallery-column fusion-gallery-column-3 hover-type-none\"><div class=\"fusion-gallery-image\"><a href=\"https:\/\/royalfamily.org\/wp-content\/uploads\/2021\/11\/2-4.jpg\" data-caption=\"Sve\u010dana akademija Saveza izvi\u0111a\u010da Srbije u Narodnoj skup\u0161tini Srbije\" rel=\"noreferrer\" data-rel=\"iLightbox[gallery_image_1]\" class=\"fusion-lightbox\" target=\"_self\"><img decoding=\"async\" src=\"https:\/\/royalfamily.org\/wp-content\/uploads\/2021\/11\/2-4-460x295.jpg\" width=\"460\" height=\"295\" alt=\"Sve\u010dana akademija Saveza izvi\u0111a\u010da Srbije u Narodnoj skup\u0161tini Srbije\" title=\"Sve\u010dana akademija Saveza izvi\u0111a\u010da Srbije u Narodnoj skup\u0161tini Srbije\" aria-label=\"Sve\u010dana akademija Saveza izvi\u0111a\u010da Srbije u Narodnoj skup\u0161tini Srbije\" class=\"img-responsive wp-image-80692 fusion-gallery-image-size-fixed\"  \/><\/a><\/div><\/div><div class=\"clearfix\"><\/div><div style=\"padding:5px;\" class=\"fusion-grid-column fusion-gallery-column fusion-gallery-column-3 hover-type-none\"><div class=\"fusion-gallery-image\"><a href=\"https:\/\/royalfamily.org\/wp-content\/uploads\/2021\/11\/1-1.jpg\" data-caption=\"G. Predrag Markovi\u0107, \u010dlan \u041arunskog saveta, prima &quot;Zlatni izvi\u0111a\u010dki znak sa vencem&quot; u ime NJ.\u041a.V. Prestolonaslednika Aleksandra, stare\u0161ine \u041araljevskog doma\" rel=\"noreferrer\" data-rel=\"iLightbox[gallery_image_1]\" class=\"fusion-lightbox\" target=\"_self\"><img decoding=\"async\" src=\"https:\/\/royalfamily.org\/wp-content\/uploads\/2021\/11\/1-1-460x295.jpg\" width=\"460\" height=\"295\" alt=\"G. Predrag Markovi\u0107, \u010dlan \u041arunskog saveta, prima &quot;Zlatni izvi\u0111a\u010dki znak sa vencem&quot; u ime NJ.\u041a.V. Prestolonaslednika Aleksandra, stare\u0161ine \u041araljevskog doma\" title=\"G. Predrag Markovi\u0107, \u010dlan \u041arunskog saveta, prima &#8220;Zlatni izvi\u0111a\u010dki znak sa vencem&#8221; u ime NJ.\u041a.V. Prestolonaslednika Aleksandra, stare\u0161ine \u041araljevskog doma\" aria-label=\"G. Predrag Markovi\u0107, \u010dlan \u041arunskog saveta, prima &#8220;Zlatni izvi\u0111a\u010dki znak sa vencem&#8221; u ime NJ.\u041a.V. Prestolonaslednika Aleksandra, stare\u0161ine \u041araljevskog doma\" class=\"img-responsive wp-image-80689 fusion-gallery-image-size-fixed\"  \/><\/a><\/div><\/div><\/div><\/div><\/div><\/div><\/div><\/div><\/p>\n","protected":false},"excerpt":{"rendered":"","protected":false},"author":1001015,"featured_media":80701,"comment_status":"closed","ping_status":"closed","sticky":false,"template":"","format":"standard","meta":{"_acf_changed":false,"footnotes":""},"categories":[22],"tags":[],"class_list":["post-80704","post","type-post","status-publish","format-standard","has-post-thumbnail","hentry","category-vesti"],"acf":[],"yoast_head":"<!-- This site is optimized with the Yoast SEO Premium plugin v27.5 (Yoast SEO v27.5) - https:\/\/yoast.com\/product\/yoast-seo-premium-wordpress\/ -->\n<title>SAVEZ IZVI\u0110A\u010cA SRBIJE DODELIO ZLATNI IZVI\u0110A\u010c\u041aI ZNA\u041a S VENCEM \u041aRALJEVS\u041aOJ PORODICI - The Royal Family of Serbia<\/title>\n<meta name=\"robots\" content=\"index, follow, max-snippet:-1, max-image-preview:large, max-video-preview:-1\" \/>\n<link rel=\"canonical\" href=\"https:\/\/royalfamily.org\/lat\/savez-izvidjaca-srbije-dodelio-zlatni-izvidjacki-znak-kraljevskoj-porodici\/\" \/>\n<meta property=\"og:locale\" content=\"en_US\" \/>\n<meta property=\"og:type\" content=\"article\" \/>\n<meta property=\"og:title\" content=\"SAVEZ IZVI\u0110A\u010cA SRBIJE DODELIO ZLATNI IZVI\u0110A\u010c\u041aI ZNA\u041a S VENCEM \u041aRALJEVS\u041aOJ PORODICI\" \/>\n<meta property=\"og:url\" content=\"https:\/\/royalfamily.org\/lat\/savez-izvidjaca-srbije-dodelio-zlatni-izvidjacki-znak-kraljevskoj-porodici\/\" \/>\n<meta property=\"og:site_name\" content=\"The Royal Family of Serbia\" \/>\n<meta property=\"article:publisher\" content=\"https:\/\/www.facebook.com\/Prestolonaslednik.Aleksandar\" \/>\n<meta property=\"article:published_time\" content=\"2021-11-14T13:31:14+00:00\" \/>\n<meta property=\"article:modified_time\" content=\"2021-11-14T13:32:12+00:00\" \/>\n<meta property=\"og:image\" content=\"https:\/\/royalfamily.org\/wp-content\/uploads\/2021\/11\/COVER-4.jpg\" \/>\n\t<meta property=\"og:image:width\" content=\"740\" \/>\n\t<meta property=\"og:image:height\" content=\"360\" \/>\n\t<meta property=\"og:image:type\" content=\"image\/jpeg\" \/>\n<meta name=\"author\" content=\"Stefan Milanovic\" \/>\n<meta name=\"twitter:card\" content=\"summary_large_image\" \/>\n<meta name=\"twitter:label1\" content=\"Written by\" \/>\n\t<meta name=\"twitter:data1\" content=\"Stefan Milanovic\" \/>\n\t<meta name=\"twitter:label2\" content=\"Est. reading time\" \/>\n\t<meta name=\"twitter:data2\" content=\"9 minutes\" \/>\n<script type=\"application\/ld+json\" class=\"yoast-schema-graph\">{\"@context\":\"https:\\\/\\\/schema.org\",\"@graph\":[{\"@type\":\"Article\",\"@id\":\"https:\\\/\\\/royalfamily.org\\\/lat\\\/savez-izvidjaca-srbije-dodelio-zlatni-izvidjacki-znak-kraljevskoj-porodici\\\/#article\",\"isPartOf\":{\"@id\":\"https:\\\/\\\/royalfamily.org\\\/lat\\\/savez-izvidjaca-srbije-dodelio-zlatni-izvidjacki-znak-kraljevskoj-porodici\\\/\"},\"author\":{\"name\":\"Stefan Milanovic\",\"@id\":\"https:\\\/\\\/royalfamily.org\\\/#\\\/schema\\\/person\\\/4ad3296a6a8a35eed333b6a785e9f648\"},\"headline\":\"SAVEZ IZVI\u0110A\u010cA SRBIJE DODELIO ZLATNI IZVI\u0110A\u010c\u041aI ZNA\u041a S VENCEM \u041aRALJEVS\u041aOJ PORODICI\",\"datePublished\":\"2021-11-14T13:31:14+00:00\",\"dateModified\":\"2021-11-14T13:32:12+00:00\",\"mainEntityOfPage\":{\"@id\":\"https:\\\/\\\/royalfamily.org\\\/lat\\\/savez-izvidjaca-srbije-dodelio-zlatni-izvidjacki-znak-kraljevskoj-porodici\\\/\"},\"wordCount\":1809,\"publisher\":{\"@id\":\"https:\\\/\\\/royalfamily.org\\\/#organization\"},\"image\":{\"@id\":\"https:\\\/\\\/royalfamily.org\\\/lat\\\/savez-izvidjaca-srbije-dodelio-zlatni-izvidjacki-znak-kraljevskoj-porodici\\\/#primaryimage\"},\"thumbnailUrl\":\"https:\\\/\\\/royalfamily.org\\\/wp-content\\\/uploads\\\/2021\\\/11\\\/COVER-4.jpg\",\"articleSection\":[\"Vesti\"],\"inLanguage\":\"sr-LT\"},{\"@type\":\"WebPage\",\"@id\":\"https:\\\/\\\/royalfamily.org\\\/lat\\\/savez-izvidjaca-srbije-dodelio-zlatni-izvidjacki-znak-kraljevskoj-porodici\\\/\",\"url\":\"https:\\\/\\\/royalfamily.org\\\/lat\\\/savez-izvidjaca-srbije-dodelio-zlatni-izvidjacki-znak-kraljevskoj-porodici\\\/\",\"name\":\"SAVEZ IZVI\u0110A\u010cA SRBIJE DODELIO ZLATNI IZVI\u0110A\u010c\u041aI ZNA\u041a S VENCEM \u041aRALJEVS\u041aOJ PORODICI - The Royal Family of Serbia\",\"isPartOf\":{\"@id\":\"https:\\\/\\\/royalfamily.org\\\/#website\"},\"primaryImageOfPage\":{\"@id\":\"https:\\\/\\\/royalfamily.org\\\/lat\\\/savez-izvidjaca-srbije-dodelio-zlatni-izvidjacki-znak-kraljevskoj-porodici\\\/#primaryimage\"},\"image\":{\"@id\":\"https:\\\/\\\/royalfamily.org\\\/lat\\\/savez-izvidjaca-srbije-dodelio-zlatni-izvidjacki-znak-kraljevskoj-porodici\\\/#primaryimage\"},\"thumbnailUrl\":\"https:\\\/\\\/royalfamily.org\\\/wp-content\\\/uploads\\\/2021\\\/11\\\/COVER-4.jpg\",\"datePublished\":\"2021-11-14T13:31:14+00:00\",\"dateModified\":\"2021-11-14T13:32:12+00:00\",\"breadcrumb\":{\"@id\":\"https:\\\/\\\/royalfamily.org\\\/lat\\\/savez-izvidjaca-srbije-dodelio-zlatni-izvidjacki-znak-kraljevskoj-porodici\\\/#breadcrumb\"},\"inLanguage\":\"sr-LT\",\"potentialAction\":[{\"@type\":\"ReadAction\",\"target\":[\"https:\\\/\\\/royalfamily.org\\\/lat\\\/savez-izvidjaca-srbije-dodelio-zlatni-izvidjacki-znak-kraljevskoj-porodici\\\/\"]}]},{\"@type\":\"ImageObject\",\"inLanguage\":\"sr-LT\",\"@id\":\"https:\\\/\\\/royalfamily.org\\\/lat\\\/savez-izvidjaca-srbije-dodelio-zlatni-izvidjacki-znak-kraljevskoj-porodici\\\/#primaryimage\",\"url\":\"https:\\\/\\\/royalfamily.org\\\/wp-content\\\/uploads\\\/2021\\\/11\\\/COVER-4.jpg\",\"contentUrl\":\"https:\\\/\\\/royalfamily.org\\\/wp-content\\\/uploads\\\/2021\\\/11\\\/COVER-4.jpg\",\"width\":740,\"height\":360,\"caption\":\"SAVEZ IZVI\u0110A\u010cA SRBIJE DODELIO ZLATNI IZVI\u0110A\u010c\u041aI ZNA\u041a S VENCEM \u041aRALJEVS\u041aOJ PORODICI\"},{\"@type\":\"BreadcrumbList\",\"@id\":\"https:\\\/\\\/royalfamily.org\\\/lat\\\/savez-izvidjaca-srbije-dodelio-zlatni-izvidjacki-znak-kraljevskoj-porodici\\\/#breadcrumb\",\"itemListElement\":[{\"@type\":\"ListItem\",\"position\":1,\"name\":\"Home\",\"item\":\"https:\\\/\\\/royalfamily.org\\\/lat\\\/\"},{\"@type\":\"ListItem\",\"position\":2,\"name\":\"SAVEZ IZVI\u0110A\u010cA SRBIJE DODELIO ZLATNI IZVI\u0110A\u010c\u041aI ZNA\u041a S VENCEM \u041aRALJEVS\u041aOJ PORODICI\"}]},{\"@type\":\"WebSite\",\"@id\":\"https:\\\/\\\/royalfamily.org\\\/#website\",\"url\":\"https:\\\/\\\/royalfamily.org\\\/\",\"name\":\"The Royal Family of Serbia\",\"description\":\"From the people, for the people\",\"publisher\":{\"@id\":\"https:\\\/\\\/royalfamily.org\\\/#organization\"},\"potentialAction\":[{\"@type\":\"SearchAction\",\"target\":{\"@type\":\"EntryPoint\",\"urlTemplate\":\"https:\\\/\\\/royalfamily.org\\\/?s={search_term_string}\"},\"query-input\":{\"@type\":\"PropertyValueSpecification\",\"valueRequired\":true,\"valueName\":\"search_term_string\"}}],\"inLanguage\":\"sr-LT\"},{\"@type\":\"Organization\",\"@id\":\"https:\\\/\\\/royalfamily.org\\\/#organization\",\"name\":\"Royal Family\",\"url\":\"https:\\\/\\\/royalfamily.org\\\/\",\"logo\":{\"@type\":\"ImageObject\",\"inLanguage\":\"sr-LT\",\"@id\":\"https:\\\/\\\/royalfamily.org\\\/#\\\/schema\\\/logo\\\/image\\\/\",\"url\":\"https:\\\/\\\/royalfamily.org\\\/wp-content\\\/uploads\\\/2019\\\/04\\\/logo-vector-02-V-latinica.png\",\"contentUrl\":\"https:\\\/\\\/royalfamily.org\\\/wp-content\\\/uploads\\\/2019\\\/04\\\/logo-vector-02-V-latinica.png\",\"width\":552,\"height\":99,\"caption\":\"Royal Family\"},\"image\":{\"@id\":\"https:\\\/\\\/royalfamily.org\\\/#\\\/schema\\\/logo\\\/image\\\/\"},\"sameAs\":[\"https:\\\/\\\/www.facebook.com\\\/Prestolonaslednik.Aleksandar\"]},{\"@type\":\"Person\",\"@id\":\"https:\\\/\\\/royalfamily.org\\\/#\\\/schema\\\/person\\\/4ad3296a6a8a35eed333b6a785e9f648\",\"name\":\"Stefan Milanovic\",\"image\":{\"@type\":\"ImageObject\",\"inLanguage\":\"sr-LT\",\"@id\":\"https:\\\/\\\/secure.gravatar.com\\\/avatar\\\/92dcbdcf3e32112a9ceb1e41665b1f44c69382d014cacfe12c701f6af7c40259?s=96&d=mm&r=g\",\"url\":\"https:\\\/\\\/secure.gravatar.com\\\/avatar\\\/92dcbdcf3e32112a9ceb1e41665b1f44c69382d014cacfe12c701f6af7c40259?s=96&d=mm&r=g\",\"contentUrl\":\"https:\\\/\\\/secure.gravatar.com\\\/avatar\\\/92dcbdcf3e32112a9ceb1e41665b1f44c69382d014cacfe12c701f6af7c40259?s=96&d=mm&r=g\",\"caption\":\"Stefan Milanovic\"}}]}<\/script>\n<!-- \/ Yoast SEO Premium plugin. -->","yoast_head_json":{"title":"SAVEZ IZVI\u0110A\u010cA SRBIJE DODELIO ZLATNI IZVI\u0110A\u010c\u041aI ZNA\u041a S VENCEM \u041aRALJEVS\u041aOJ PORODICI - The Royal Family of Serbia","robots":{"index":"index","follow":"follow","max-snippet":"max-snippet:-1","max-image-preview":"max-image-preview:large","max-video-preview":"max-video-preview:-1"},"canonical":"https:\/\/royalfamily.org\/lat\/savez-izvidjaca-srbije-dodelio-zlatni-izvidjacki-znak-kraljevskoj-porodici\/","og_locale":"en_US","og_type":"article","og_title":"SAVEZ IZVI\u0110A\u010cA SRBIJE DODELIO ZLATNI IZVI\u0110A\u010c\u041aI ZNA\u041a S VENCEM \u041aRALJEVS\u041aOJ PORODICI","og_url":"https:\/\/royalfamily.org\/lat\/savez-izvidjaca-srbije-dodelio-zlatni-izvidjacki-znak-kraljevskoj-porodici\/","og_site_name":"The Royal Family of Serbia","article_publisher":"https:\/\/www.facebook.com\/Prestolonaslednik.Aleksandar","article_published_time":"2021-11-14T13:31:14+00:00","article_modified_time":"2021-11-14T13:32:12+00:00","og_image":[{"width":740,"height":360,"url":"https:\/\/royalfamily.org\/wp-content\/uploads\/2021\/11\/COVER-4.jpg","type":"image\/jpeg"}],"author":"Stefan Milanovic","twitter_card":"summary_large_image","twitter_misc":{"Written by":"Stefan Milanovic","Est. reading time":"9 minutes"},"schema":{"@context":"https:\/\/schema.org","@graph":[{"@type":"Article","@id":"https:\/\/royalfamily.org\/lat\/savez-izvidjaca-srbije-dodelio-zlatni-izvidjacki-znak-kraljevskoj-porodici\/#article","isPartOf":{"@id":"https:\/\/royalfamily.org\/lat\/savez-izvidjaca-srbije-dodelio-zlatni-izvidjacki-znak-kraljevskoj-porodici\/"},"author":{"name":"Stefan Milanovic","@id":"https:\/\/royalfamily.org\/#\/schema\/person\/4ad3296a6a8a35eed333b6a785e9f648"},"headline":"SAVEZ IZVI\u0110A\u010cA SRBIJE DODELIO ZLATNI IZVI\u0110A\u010c\u041aI ZNA\u041a S VENCEM \u041aRALJEVS\u041aOJ PORODICI","datePublished":"2021-11-14T13:31:14+00:00","dateModified":"2021-11-14T13:32:12+00:00","mainEntityOfPage":{"@id":"https:\/\/royalfamily.org\/lat\/savez-izvidjaca-srbije-dodelio-zlatni-izvidjacki-znak-kraljevskoj-porodici\/"},"wordCount":1809,"publisher":{"@id":"https:\/\/royalfamily.org\/#organization"},"image":{"@id":"https:\/\/royalfamily.org\/lat\/savez-izvidjaca-srbije-dodelio-zlatni-izvidjacki-znak-kraljevskoj-porodici\/#primaryimage"},"thumbnailUrl":"https:\/\/royalfamily.org\/wp-content\/uploads\/2021\/11\/COVER-4.jpg","articleSection":["Vesti"],"inLanguage":"sr-LT"},{"@type":"WebPage","@id":"https:\/\/royalfamily.org\/lat\/savez-izvidjaca-srbije-dodelio-zlatni-izvidjacki-znak-kraljevskoj-porodici\/","url":"https:\/\/royalfamily.org\/lat\/savez-izvidjaca-srbije-dodelio-zlatni-izvidjacki-znak-kraljevskoj-porodici\/","name":"SAVEZ IZVI\u0110A\u010cA SRBIJE DODELIO ZLATNI IZVI\u0110A\u010c\u041aI ZNA\u041a S VENCEM \u041aRALJEVS\u041aOJ PORODICI - The Royal Family of Serbia","isPartOf":{"@id":"https:\/\/royalfamily.org\/#website"},"primaryImageOfPage":{"@id":"https:\/\/royalfamily.org\/lat\/savez-izvidjaca-srbije-dodelio-zlatni-izvidjacki-znak-kraljevskoj-porodici\/#primaryimage"},"image":{"@id":"https:\/\/royalfamily.org\/lat\/savez-izvidjaca-srbije-dodelio-zlatni-izvidjacki-znak-kraljevskoj-porodici\/#primaryimage"},"thumbnailUrl":"https:\/\/royalfamily.org\/wp-content\/uploads\/2021\/11\/COVER-4.jpg","datePublished":"2021-11-14T13:31:14+00:00","dateModified":"2021-11-14T13:32:12+00:00","breadcrumb":{"@id":"https:\/\/royalfamily.org\/lat\/savez-izvidjaca-srbije-dodelio-zlatni-izvidjacki-znak-kraljevskoj-porodici\/#breadcrumb"},"inLanguage":"sr-LT","potentialAction":[{"@type":"ReadAction","target":["https:\/\/royalfamily.org\/lat\/savez-izvidjaca-srbije-dodelio-zlatni-izvidjacki-znak-kraljevskoj-porodici\/"]}]},{"@type":"ImageObject","inLanguage":"sr-LT","@id":"https:\/\/royalfamily.org\/lat\/savez-izvidjaca-srbije-dodelio-zlatni-izvidjacki-znak-kraljevskoj-porodici\/#primaryimage","url":"https:\/\/royalfamily.org\/wp-content\/uploads\/2021\/11\/COVER-4.jpg","contentUrl":"https:\/\/royalfamily.org\/wp-content\/uploads\/2021\/11\/COVER-4.jpg","width":740,"height":360,"caption":"SAVEZ IZVI\u0110A\u010cA SRBIJE DODELIO ZLATNI IZVI\u0110A\u010c\u041aI ZNA\u041a S VENCEM \u041aRALJEVS\u041aOJ PORODICI"},{"@type":"BreadcrumbList","@id":"https:\/\/royalfamily.org\/lat\/savez-izvidjaca-srbije-dodelio-zlatni-izvidjacki-znak-kraljevskoj-porodici\/#breadcrumb","itemListElement":[{"@type":"ListItem","position":1,"name":"Home","item":"https:\/\/royalfamily.org\/lat\/"},{"@type":"ListItem","position":2,"name":"SAVEZ IZVI\u0110A\u010cA SRBIJE DODELIO ZLATNI IZVI\u0110A\u010c\u041aI ZNA\u041a S VENCEM \u041aRALJEVS\u041aOJ PORODICI"}]},{"@type":"WebSite","@id":"https:\/\/royalfamily.org\/#website","url":"https:\/\/royalfamily.org\/","name":"The Royal Family of Serbia","description":"From the people, for the people","publisher":{"@id":"https:\/\/royalfamily.org\/#organization"},"potentialAction":[{"@type":"SearchAction","target":{"@type":"EntryPoint","urlTemplate":"https:\/\/royalfamily.org\/?s={search_term_string}"},"query-input":{"@type":"PropertyValueSpecification","valueRequired":true,"valueName":"search_term_string"}}],"inLanguage":"sr-LT"},{"@type":"Organization","@id":"https:\/\/royalfamily.org\/#organization","name":"Royal Family","url":"https:\/\/royalfamily.org\/","logo":{"@type":"ImageObject","inLanguage":"sr-LT","@id":"https:\/\/royalfamily.org\/#\/schema\/logo\/image\/","url":"https:\/\/royalfamily.org\/wp-content\/uploads\/2019\/04\/logo-vector-02-V-latinica.png","contentUrl":"https:\/\/royalfamily.org\/wp-content\/uploads\/2019\/04\/logo-vector-02-V-latinica.png","width":552,"height":99,"caption":"Royal Family"},"image":{"@id":"https:\/\/royalfamily.org\/#\/schema\/logo\/image\/"},"sameAs":["https:\/\/www.facebook.com\/Prestolonaslednik.Aleksandar"]},{"@type":"Person","@id":"https:\/\/royalfamily.org\/#\/schema\/person\/4ad3296a6a8a35eed333b6a785e9f648","name":"Stefan Milanovic","image":{"@type":"ImageObject","inLanguage":"sr-LT","@id":"https:\/\/secure.gravatar.com\/avatar\/92dcbdcf3e32112a9ceb1e41665b1f44c69382d014cacfe12c701f6af7c40259?s=96&d=mm&r=g","url":"https:\/\/secure.gravatar.com\/avatar\/92dcbdcf3e32112a9ceb1e41665b1f44c69382d014cacfe12c701f6af7c40259?s=96&d=mm&r=g","contentUrl":"https:\/\/secure.gravatar.com\/avatar\/92dcbdcf3e32112a9ceb1e41665b1f44c69382d014cacfe12c701f6af7c40259?s=96&d=mm&r=g","caption":"Stefan Milanovic"}}]}},"_links":{"self":[{"href":"https:\/\/royalfamily.org\/lat\/wp-json\/wp\/v2\/posts\/80704","targetHints":{"allow":["GET"]}}],"collection":[{"href":"https:\/\/royalfamily.org\/lat\/wp-json\/wp\/v2\/posts"}],"about":[{"href":"https:\/\/royalfamily.org\/lat\/wp-json\/wp\/v2\/types\/post"}],"author":[{"embeddable":true,"href":"https:\/\/royalfamily.org\/lat\/wp-json\/wp\/v2\/users\/1001015"}],"replies":[{"embeddable":true,"href":"https:\/\/royalfamily.org\/lat\/wp-json\/wp\/v2\/comments?post=80704"}],"version-history":[{"count":2,"href":"https:\/\/royalfamily.org\/lat\/wp-json\/wp\/v2\/posts\/80704\/revisions"}],"predecessor-version":[{"id":80706,"href":"https:\/\/royalfamily.org\/lat\/wp-json\/wp\/v2\/posts\/80704\/revisions\/80706"}],"wp:featuredmedia":[{"embeddable":true,"href":"https:\/\/royalfamily.org\/lat\/wp-json\/wp\/v2\/media\/80701"}],"wp:attachment":[{"href":"https:\/\/royalfamily.org\/lat\/wp-json\/wp\/v2\/media?parent=80704"}],"wp:term":[{"taxonomy":"category","embeddable":true,"href":"https:\/\/royalfamily.org\/lat\/wp-json\/wp\/v2\/categories?post=80704"},{"taxonomy":"post_tag","embeddable":true,"href":"https:\/\/royalfamily.org\/lat\/wp-json\/wp\/v2\/tags?post=80704"}],"curies":[{"name":"wp","href":"https:\/\/api.w.org\/{rel}","templated":true}]}}