{"id":80734,"date":"2021-11-29T11:16:51","date_gmt":"2021-11-29T10:16:51","guid":{"rendered":"https:\/\/royalfamily.org\/?p=80734"},"modified":"2021-11-29T11:16:51","modified_gmt":"2021-11-29T10:16:51","slug":"prestolonaslednik-aleksandar-cestitao-hanuku-jevrejskoj-zajednici-8","status":"publish","type":"post","link":"https:\/\/royalfamily.org\/lat\/prestolonaslednik-aleksandar-cestitao-hanuku-jevrejskoj-zajednici-8\/","title":{"rendered":"PRESTOLONASLEDNIK ALEKSANDAR \u010cESTITAO HANUKU JEVREJSKOJ ZAJEDNICI"},"content":{"rendered":"<div class=\"fusion-fullwidth fullwidth-box fusion-builder-row-1 fusion-flex-container nonhundred-percent-fullwidth non-hundred-percent-height-scrolling\" style=\"--awb-border-radius-top-left:0px;--awb-border-radius-top-right:0px;--awb-border-radius-bottom-right:0px;--awb-border-radius-bottom-left:0px;--awb-flex-wrap:wrap;\" ><div class=\"fusion-builder-row fusion-row fusion-flex-align-items-flex-start fusion-flex-content-wrap\" style=\"max-width:1227.2px;margin-left: calc(-4% \/ 2 );margin-right: calc(-4% \/ 2 );\"><div class=\"fusion-layout-column fusion_builder_column fusion-builder-column-0 fusion_builder_column_1_1 1_1 fusion-flex-column\" style=\"--awb-bg-size:cover;--awb-width-large:100%;--awb-margin-top-large:0px;--awb-spacing-right-large:1.92%;--awb-margin-bottom-large:20px;--awb-spacing-left-large:1.92%;--awb-width-medium:100%;--awb-order-medium:0;--awb-spacing-right-medium:1.92%;--awb-spacing-left-medium:1.92%;--awb-width-small:100%;--awb-order-small:0;--awb-spacing-right-small:1.92%;--awb-spacing-left-small:1.92%;\"><div class=\"fusion-column-wrapper fusion-column-has-shadow fusion-flex-justify-content-flex-start fusion-content-layout-column\"><div class=\"fusion-text fusion-text-1\" style=\"--awb-text-transform:none;\"><p>Nj.K.V. Prestolonaslednik Aleksandar uputio je \u010destitke povodom jevrejskog praznika Hanuke ambasadoru Izraela u Srbiji Nj.E. g. Jahelu Vilanu, glavnom rabinu Srbije, g. Isaku Asielu, predsedniku Saveza jevrejskih op\u0161tina, g. Robertu Sabado\u0161u i svim pripadnicima jevrejske zajednice u Srbiji i celog sveta, na ovaj veliki praznik, \u010dija je proslava ove godine po\u010dela sinoc\u0301, 28. novembra, i traje do ponedeljka, 6. decembra uve\u010de.<\/p>\n<p>\u201eSvim pripadnicima jevrejske zajednice u Srbiji i svim Jevrejima \u0161irom sveta upuc\u0301ujem najsrda\u010dnije \u010destitke povodom velikog praznika \u2013 Hanuke! Neka svetlost svec\u0301a sa menore, koje se tradicionalno pale, unese srec\u0301u i toplinu u srca svih ljudi. Neka ovo svetlo nadahne sve nas da svesrdno radimo na stvaranju boljeg i tolerantnijeg dru\u0161tvo. Neka ovaj veliki praznik donese zdravlje, ljubav, mir i blagostanje, a neka ga svi koji ga slave provedu u radosti, zajedno sa svojim najmilijima.<\/p>\n<p>Veze izme\u0111u jevrejskog naroda i naroda Srbije uvek su bile dobre i prijateljske, i neka nas ovaj veliki praznik podstakne da te odnose u buduc\u0301nosti jo\u0161 vi\u0161e ja\u010damo. Na\u0161a zemlja je u periodu Kraljevine bila jedna od prvih u svetu koja je dala puna prava pripadnicima jevrejske zajednice. Veoma sam ponosan \u0161to su me\u0111u prvima koji su tridesetih godina pro\u0161log veka na teritoriji dana\u0161njeg Izraela dobili spomen \u0161ume posvec\u0301ene njima, bili moji pradeda i deda, Kraljevi Petar I i Aleksandar I. To su svedo\u010danstva velikog prijateljstva, nadahnu\u0107e za sve nas da nastavimo tim putem i temelj za buduc\u0301nost\u201c, izjavio je ovom prilikom Nj.K.V. Prestolonaslednik Aleksandar.<\/p>\n<\/div><\/div><\/div><\/div><\/div>\n","protected":false},"excerpt":{"rendered":"","protected":false},"author":1001015,"featured_media":80731,"comment_status":"closed","ping_status":"closed","sticky":false,"template":"","format":"standard","meta":{"_acf_changed":false,"footnotes":""},"categories":[22],"tags":[],"class_list":["post-80734","post","type-post","status-publish","format-standard","has-post-thumbnail","hentry","category-vesti"],"acf":[],"yoast_head":"<!-- This site is optimized with the Yoast SEO Premium plugin v27.5 (Yoast SEO v27.5) - https:\/\/yoast.com\/product\/yoast-seo-premium-wordpress\/ -->\n<title>PRESTOLONASLEDNIK ALEKSANDAR \u010cESTITAO HANUKU JEVREJSKOJ ZAJEDNICI - The Royal Family of Serbia<\/title>\n<meta name=\"robots\" content=\"index, follow, max-snippet:-1, max-image-preview:large, max-video-preview:-1\" \/>\n<link rel=\"canonical\" href=\"https:\/\/royalfamily.org\/lat\/prestolonaslednik-aleksandar-cestitao-hanuku-jevrejskoj-zajednici-8\/\" \/>\n<meta property=\"og:locale\" content=\"en_US\" \/>\n<meta property=\"og:type\" content=\"article\" \/>\n<meta property=\"og:title\" content=\"PRESTOLONASLEDNIK ALEKSANDAR \u010cESTITAO HANUKU JEVREJSKOJ ZAJEDNICI\" \/>\n<meta property=\"og:url\" content=\"https:\/\/royalfamily.org\/lat\/prestolonaslednik-aleksandar-cestitao-hanuku-jevrejskoj-zajednici-8\/\" \/>\n<meta property=\"og:site_name\" content=\"The Royal Family of Serbia\" \/>\n<meta property=\"article:publisher\" content=\"https:\/\/www.facebook.com\/Prestolonaslednik.Aleksandar\" \/>\n<meta property=\"article:published_time\" content=\"2021-11-29T10:16:51+00:00\" \/>\n<meta property=\"og:image\" content=\"https:\/\/royalfamily.org\/wp-content\/uploads\/2021\/11\/COVER-5.jpg\" \/>\n\t<meta property=\"og:image:width\" content=\"740\" \/>\n\t<meta property=\"og:image:height\" content=\"360\" \/>\n\t<meta property=\"og:image:type\" content=\"image\/jpeg\" \/>\n<meta name=\"author\" content=\"Stefan Milanovic\" \/>\n<meta name=\"twitter:card\" content=\"summary_large_image\" \/>\n<meta name=\"twitter:label1\" content=\"Written by\" \/>\n\t<meta name=\"twitter:data1\" content=\"Stefan Milanovic\" \/>\n\t<meta name=\"twitter:label2\" content=\"Est. reading time\" \/>\n\t<meta name=\"twitter:data2\" content=\"4 minutes\" \/>\n<script type=\"application\/ld+json\" class=\"yoast-schema-graph\">{\"@context\":\"https:\\\/\\\/schema.org\",\"@graph\":[{\"@type\":\"Article\",\"@id\":\"https:\\\/\\\/royalfamily.org\\\/lat\\\/prestolonaslednik-aleksandar-cestitao-hanuku-jevrejskoj-zajednici-8\\\/#article\",\"isPartOf\":{\"@id\":\"https:\\\/\\\/royalfamily.org\\\/lat\\\/prestolonaslednik-aleksandar-cestitao-hanuku-jevrejskoj-zajednici-8\\\/\"},\"author\":{\"name\":\"Stefan Milanovic\",\"@id\":\"https:\\\/\\\/royalfamily.org\\\/#\\\/schema\\\/person\\\/4ad3296a6a8a35eed333b6a785e9f648\"},\"headline\":\"PRESTOLONASLEDNIK ALEKSANDAR \u010cESTITAO HANUKU JEVREJSKOJ ZAJEDNICI\",\"datePublished\":\"2021-11-29T10:16:51+00:00\",\"mainEntityOfPage\":{\"@id\":\"https:\\\/\\\/royalfamily.org\\\/lat\\\/prestolonaslednik-aleksandar-cestitao-hanuku-jevrejskoj-zajednici-8\\\/\"},\"wordCount\":887,\"publisher\":{\"@id\":\"https:\\\/\\\/royalfamily.org\\\/#organization\"},\"image\":{\"@id\":\"https:\\\/\\\/royalfamily.org\\\/lat\\\/prestolonaslednik-aleksandar-cestitao-hanuku-jevrejskoj-zajednici-8\\\/#primaryimage\"},\"thumbnailUrl\":\"https:\\\/\\\/royalfamily.org\\\/wp-content\\\/uploads\\\/2021\\\/11\\\/COVER-5.jpg\",\"articleSection\":[\"Vesti\"],\"inLanguage\":\"sr-LT\"},{\"@type\":\"WebPage\",\"@id\":\"https:\\\/\\\/royalfamily.org\\\/lat\\\/prestolonaslednik-aleksandar-cestitao-hanuku-jevrejskoj-zajednici-8\\\/\",\"url\":\"https:\\\/\\\/royalfamily.org\\\/lat\\\/prestolonaslednik-aleksandar-cestitao-hanuku-jevrejskoj-zajednici-8\\\/\",\"name\":\"PRESTOLONASLEDNIK ALEKSANDAR \u010cESTITAO HANUKU JEVREJSKOJ ZAJEDNICI - The Royal Family of Serbia\",\"isPartOf\":{\"@id\":\"https:\\\/\\\/royalfamily.org\\\/#website\"},\"primaryImageOfPage\":{\"@id\":\"https:\\\/\\\/royalfamily.org\\\/lat\\\/prestolonaslednik-aleksandar-cestitao-hanuku-jevrejskoj-zajednici-8\\\/#primaryimage\"},\"image\":{\"@id\":\"https:\\\/\\\/royalfamily.org\\\/lat\\\/prestolonaslednik-aleksandar-cestitao-hanuku-jevrejskoj-zajednici-8\\\/#primaryimage\"},\"thumbnailUrl\":\"https:\\\/\\\/royalfamily.org\\\/wp-content\\\/uploads\\\/2021\\\/11\\\/COVER-5.jpg\",\"datePublished\":\"2021-11-29T10:16:51+00:00\",\"breadcrumb\":{\"@id\":\"https:\\\/\\\/royalfamily.org\\\/lat\\\/prestolonaslednik-aleksandar-cestitao-hanuku-jevrejskoj-zajednici-8\\\/#breadcrumb\"},\"inLanguage\":\"sr-LT\",\"potentialAction\":[{\"@type\":\"ReadAction\",\"target\":[\"https:\\\/\\\/royalfamily.org\\\/lat\\\/prestolonaslednik-aleksandar-cestitao-hanuku-jevrejskoj-zajednici-8\\\/\"]}]},{\"@type\":\"ImageObject\",\"inLanguage\":\"sr-LT\",\"@id\":\"https:\\\/\\\/royalfamily.org\\\/lat\\\/prestolonaslednik-aleksandar-cestitao-hanuku-jevrejskoj-zajednici-8\\\/#primaryimage\",\"url\":\"https:\\\/\\\/royalfamily.org\\\/wp-content\\\/uploads\\\/2021\\\/11\\\/COVER-5.jpg\",\"contentUrl\":\"https:\\\/\\\/royalfamily.org\\\/wp-content\\\/uploads\\\/2021\\\/11\\\/COVER-5.jpg\",\"width\":740,\"height\":360,\"caption\":\"PRESTOLONASLEDNIK ALEKSANDAR \u010cESTITAO HANUKU JEVREJSKOJ ZAJEDNICI\"},{\"@type\":\"BreadcrumbList\",\"@id\":\"https:\\\/\\\/royalfamily.org\\\/lat\\\/prestolonaslednik-aleksandar-cestitao-hanuku-jevrejskoj-zajednici-8\\\/#breadcrumb\",\"itemListElement\":[{\"@type\":\"ListItem\",\"position\":1,\"name\":\"Home\",\"item\":\"https:\\\/\\\/royalfamily.org\\\/lat\\\/\"},{\"@type\":\"ListItem\",\"position\":2,\"name\":\"PRESTOLONASLEDNIK ALEKSANDAR \u010cESTITAO HANUKU JEVREJSKOJ ZAJEDNICI\"}]},{\"@type\":\"WebSite\",\"@id\":\"https:\\\/\\\/royalfamily.org\\\/#website\",\"url\":\"https:\\\/\\\/royalfamily.org\\\/\",\"name\":\"The Royal Family of Serbia\",\"description\":\"From the people, for the people\",\"publisher\":{\"@id\":\"https:\\\/\\\/royalfamily.org\\\/#organization\"},\"potentialAction\":[{\"@type\":\"SearchAction\",\"target\":{\"@type\":\"EntryPoint\",\"urlTemplate\":\"https:\\\/\\\/royalfamily.org\\\/?s={search_term_string}\"},\"query-input\":{\"@type\":\"PropertyValueSpecification\",\"valueRequired\":true,\"valueName\":\"search_term_string\"}}],\"inLanguage\":\"sr-LT\"},{\"@type\":\"Organization\",\"@id\":\"https:\\\/\\\/royalfamily.org\\\/#organization\",\"name\":\"Royal Family\",\"url\":\"https:\\\/\\\/royalfamily.org\\\/\",\"logo\":{\"@type\":\"ImageObject\",\"inLanguage\":\"sr-LT\",\"@id\":\"https:\\\/\\\/royalfamily.org\\\/#\\\/schema\\\/logo\\\/image\\\/\",\"url\":\"https:\\\/\\\/royalfamily.org\\\/wp-content\\\/uploads\\\/2019\\\/04\\\/logo-vector-02-V-latinica.png\",\"contentUrl\":\"https:\\\/\\\/royalfamily.org\\\/wp-content\\\/uploads\\\/2019\\\/04\\\/logo-vector-02-V-latinica.png\",\"width\":552,\"height\":99,\"caption\":\"Royal Family\"},\"image\":{\"@id\":\"https:\\\/\\\/royalfamily.org\\\/#\\\/schema\\\/logo\\\/image\\\/\"},\"sameAs\":[\"https:\\\/\\\/www.facebook.com\\\/Prestolonaslednik.Aleksandar\"]},{\"@type\":\"Person\",\"@id\":\"https:\\\/\\\/royalfamily.org\\\/#\\\/schema\\\/person\\\/4ad3296a6a8a35eed333b6a785e9f648\",\"name\":\"Stefan Milanovic\",\"image\":{\"@type\":\"ImageObject\",\"inLanguage\":\"sr-LT\",\"@id\":\"https:\\\/\\\/secure.gravatar.com\\\/avatar\\\/92dcbdcf3e32112a9ceb1e41665b1f44c69382d014cacfe12c701f6af7c40259?s=96&d=mm&r=g\",\"url\":\"https:\\\/\\\/secure.gravatar.com\\\/avatar\\\/92dcbdcf3e32112a9ceb1e41665b1f44c69382d014cacfe12c701f6af7c40259?s=96&d=mm&r=g\",\"contentUrl\":\"https:\\\/\\\/secure.gravatar.com\\\/avatar\\\/92dcbdcf3e32112a9ceb1e41665b1f44c69382d014cacfe12c701f6af7c40259?s=96&d=mm&r=g\",\"caption\":\"Stefan Milanovic\"}}]}<\/script>\n<!-- \/ Yoast SEO Premium plugin. -->","yoast_head_json":{"title":"PRESTOLONASLEDNIK ALEKSANDAR \u010cESTITAO HANUKU JEVREJSKOJ ZAJEDNICI - The Royal Family of Serbia","robots":{"index":"index","follow":"follow","max-snippet":"max-snippet:-1","max-image-preview":"max-image-preview:large","max-video-preview":"max-video-preview:-1"},"canonical":"https:\/\/royalfamily.org\/lat\/prestolonaslednik-aleksandar-cestitao-hanuku-jevrejskoj-zajednici-8\/","og_locale":"en_US","og_type":"article","og_title":"PRESTOLONASLEDNIK ALEKSANDAR \u010cESTITAO HANUKU JEVREJSKOJ ZAJEDNICI","og_url":"https:\/\/royalfamily.org\/lat\/prestolonaslednik-aleksandar-cestitao-hanuku-jevrejskoj-zajednici-8\/","og_site_name":"The Royal Family of Serbia","article_publisher":"https:\/\/www.facebook.com\/Prestolonaslednik.Aleksandar","article_published_time":"2021-11-29T10:16:51+00:00","og_image":[{"width":740,"height":360,"url":"https:\/\/royalfamily.org\/wp-content\/uploads\/2021\/11\/COVER-5.jpg","type":"image\/jpeg"}],"author":"Stefan Milanovic","twitter_card":"summary_large_image","twitter_misc":{"Written by":"Stefan Milanovic","Est. reading time":"4 minutes"},"schema":{"@context":"https:\/\/schema.org","@graph":[{"@type":"Article","@id":"https:\/\/royalfamily.org\/lat\/prestolonaslednik-aleksandar-cestitao-hanuku-jevrejskoj-zajednici-8\/#article","isPartOf":{"@id":"https:\/\/royalfamily.org\/lat\/prestolonaslednik-aleksandar-cestitao-hanuku-jevrejskoj-zajednici-8\/"},"author":{"name":"Stefan Milanovic","@id":"https:\/\/royalfamily.org\/#\/schema\/person\/4ad3296a6a8a35eed333b6a785e9f648"},"headline":"PRESTOLONASLEDNIK ALEKSANDAR \u010cESTITAO HANUKU JEVREJSKOJ ZAJEDNICI","datePublished":"2021-11-29T10:16:51+00:00","mainEntityOfPage":{"@id":"https:\/\/royalfamily.org\/lat\/prestolonaslednik-aleksandar-cestitao-hanuku-jevrejskoj-zajednici-8\/"},"wordCount":887,"publisher":{"@id":"https:\/\/royalfamily.org\/#organization"},"image":{"@id":"https:\/\/royalfamily.org\/lat\/prestolonaslednik-aleksandar-cestitao-hanuku-jevrejskoj-zajednici-8\/#primaryimage"},"thumbnailUrl":"https:\/\/royalfamily.org\/wp-content\/uploads\/2021\/11\/COVER-5.jpg","articleSection":["Vesti"],"inLanguage":"sr-LT"},{"@type":"WebPage","@id":"https:\/\/royalfamily.org\/lat\/prestolonaslednik-aleksandar-cestitao-hanuku-jevrejskoj-zajednici-8\/","url":"https:\/\/royalfamily.org\/lat\/prestolonaslednik-aleksandar-cestitao-hanuku-jevrejskoj-zajednici-8\/","name":"PRESTOLONASLEDNIK ALEKSANDAR \u010cESTITAO HANUKU JEVREJSKOJ ZAJEDNICI - The Royal Family of Serbia","isPartOf":{"@id":"https:\/\/royalfamily.org\/#website"},"primaryImageOfPage":{"@id":"https:\/\/royalfamily.org\/lat\/prestolonaslednik-aleksandar-cestitao-hanuku-jevrejskoj-zajednici-8\/#primaryimage"},"image":{"@id":"https:\/\/royalfamily.org\/lat\/prestolonaslednik-aleksandar-cestitao-hanuku-jevrejskoj-zajednici-8\/#primaryimage"},"thumbnailUrl":"https:\/\/royalfamily.org\/wp-content\/uploads\/2021\/11\/COVER-5.jpg","datePublished":"2021-11-29T10:16:51+00:00","breadcrumb":{"@id":"https:\/\/royalfamily.org\/lat\/prestolonaslednik-aleksandar-cestitao-hanuku-jevrejskoj-zajednici-8\/#breadcrumb"},"inLanguage":"sr-LT","potentialAction":[{"@type":"ReadAction","target":["https:\/\/royalfamily.org\/lat\/prestolonaslednik-aleksandar-cestitao-hanuku-jevrejskoj-zajednici-8\/"]}]},{"@type":"ImageObject","inLanguage":"sr-LT","@id":"https:\/\/royalfamily.org\/lat\/prestolonaslednik-aleksandar-cestitao-hanuku-jevrejskoj-zajednici-8\/#primaryimage","url":"https:\/\/royalfamily.org\/wp-content\/uploads\/2021\/11\/COVER-5.jpg","contentUrl":"https:\/\/royalfamily.org\/wp-content\/uploads\/2021\/11\/COVER-5.jpg","width":740,"height":360,"caption":"PRESTOLONASLEDNIK ALEKSANDAR \u010cESTITAO HANUKU JEVREJSKOJ ZAJEDNICI"},{"@type":"BreadcrumbList","@id":"https:\/\/royalfamily.org\/lat\/prestolonaslednik-aleksandar-cestitao-hanuku-jevrejskoj-zajednici-8\/#breadcrumb","itemListElement":[{"@type":"ListItem","position":1,"name":"Home","item":"https:\/\/royalfamily.org\/lat\/"},{"@type":"ListItem","position":2,"name":"PRESTOLONASLEDNIK ALEKSANDAR \u010cESTITAO HANUKU JEVREJSKOJ ZAJEDNICI"}]},{"@type":"WebSite","@id":"https:\/\/royalfamily.org\/#website","url":"https:\/\/royalfamily.org\/","name":"The Royal Family of Serbia","description":"From the people, for the people","publisher":{"@id":"https:\/\/royalfamily.org\/#organization"},"potentialAction":[{"@type":"SearchAction","target":{"@type":"EntryPoint","urlTemplate":"https:\/\/royalfamily.org\/?s={search_term_string}"},"query-input":{"@type":"PropertyValueSpecification","valueRequired":true,"valueName":"search_term_string"}}],"inLanguage":"sr-LT"},{"@type":"Organization","@id":"https:\/\/royalfamily.org\/#organization","name":"Royal Family","url":"https:\/\/royalfamily.org\/","logo":{"@type":"ImageObject","inLanguage":"sr-LT","@id":"https:\/\/royalfamily.org\/#\/schema\/logo\/image\/","url":"https:\/\/royalfamily.org\/wp-content\/uploads\/2019\/04\/logo-vector-02-V-latinica.png","contentUrl":"https:\/\/royalfamily.org\/wp-content\/uploads\/2019\/04\/logo-vector-02-V-latinica.png","width":552,"height":99,"caption":"Royal Family"},"image":{"@id":"https:\/\/royalfamily.org\/#\/schema\/logo\/image\/"},"sameAs":["https:\/\/www.facebook.com\/Prestolonaslednik.Aleksandar"]},{"@type":"Person","@id":"https:\/\/royalfamily.org\/#\/schema\/person\/4ad3296a6a8a35eed333b6a785e9f648","name":"Stefan Milanovic","image":{"@type":"ImageObject","inLanguage":"sr-LT","@id":"https:\/\/secure.gravatar.com\/avatar\/92dcbdcf3e32112a9ceb1e41665b1f44c69382d014cacfe12c701f6af7c40259?s=96&d=mm&r=g","url":"https:\/\/secure.gravatar.com\/avatar\/92dcbdcf3e32112a9ceb1e41665b1f44c69382d014cacfe12c701f6af7c40259?s=96&d=mm&r=g","contentUrl":"https:\/\/secure.gravatar.com\/avatar\/92dcbdcf3e32112a9ceb1e41665b1f44c69382d014cacfe12c701f6af7c40259?s=96&d=mm&r=g","caption":"Stefan Milanovic"}}]}},"_links":{"self":[{"href":"https:\/\/royalfamily.org\/lat\/wp-json\/wp\/v2\/posts\/80734","targetHints":{"allow":["GET"]}}],"collection":[{"href":"https:\/\/royalfamily.org\/lat\/wp-json\/wp\/v2\/posts"}],"about":[{"href":"https:\/\/royalfamily.org\/lat\/wp-json\/wp\/v2\/types\/post"}],"author":[{"embeddable":true,"href":"https:\/\/royalfamily.org\/lat\/wp-json\/wp\/v2\/users\/1001015"}],"replies":[{"embeddable":true,"href":"https:\/\/royalfamily.org\/lat\/wp-json\/wp\/v2\/comments?post=80734"}],"version-history":[{"count":1,"href":"https:\/\/royalfamily.org\/lat\/wp-json\/wp\/v2\/posts\/80734\/revisions"}],"predecessor-version":[{"id":80735,"href":"https:\/\/royalfamily.org\/lat\/wp-json\/wp\/v2\/posts\/80734\/revisions\/80735"}],"wp:featuredmedia":[{"embeddable":true,"href":"https:\/\/royalfamily.org\/lat\/wp-json\/wp\/v2\/media\/80731"}],"wp:attachment":[{"href":"https:\/\/royalfamily.org\/lat\/wp-json\/wp\/v2\/media?parent=80734"}],"wp:term":[{"taxonomy":"category","embeddable":true,"href":"https:\/\/royalfamily.org\/lat\/wp-json\/wp\/v2\/categories?post=80734"},{"taxonomy":"post_tag","embeddable":true,"href":"https:\/\/royalfamily.org\/lat\/wp-json\/wp\/v2\/tags?post=80734"}],"curies":[{"name":"wp","href":"https:\/\/api.w.org\/{rel}","templated":true}]}}