{"id":81510,"date":"2022-02-22T09:02:17","date_gmt":"2022-02-22T08:02:17","guid":{"rendered":"https:\/\/royalfamily.org\/?p=81510"},"modified":"2022-02-22T09:40:24","modified_gmt":"2022-02-22T08:40:24","slug":"clanak-veze-izmedu-kraljevskih-porodica-velike-britanije-i-srbije-u-katalogu-meseca-srbije-u-ujedinjenom-kraljevstvu","status":"publish","type":"post","link":"https:\/\/royalfamily.org\/lat\/clanak-veze-izmedu-kraljevskih-porodica-velike-britanije-i-srbije-u-katalogu-meseca-srbije-u-ujedinjenom-kraljevstvu\/","title":{"rendered":"\u010cLANAK \u201eVEZE IZME\u0110U KRALJEVSKIH PORODICA VELIKE BRITANIJE I SRBIJE\u201c U \u201eKATALOGU MESECA SRBIJE\u201d U UJEDINJENOM KRALJEVSTVU"},"content":{"rendered":"<div class=\"fusion-fullwidth fullwidth-box fusion-builder-row-1 fusion-flex-container nonhundred-percent-fullwidth non-hundred-percent-height-scrolling\" style=\"--awb-border-radius-top-left:0px;--awb-border-radius-top-right:0px;--awb-border-radius-bottom-right:0px;--awb-border-radius-bottom-left:0px;--awb-flex-wrap:wrap;\" ><div class=\"fusion-builder-row fusion-row fusion-flex-align-items-flex-start fusion-flex-content-wrap\" style=\"max-width:1227.2px;margin-left: calc(-4% \/ 2 );margin-right: calc(-4% \/ 2 );\"><div class=\"fusion-layout-column fusion_builder_column fusion-builder-column-0 fusion_builder_column_1_1 1_1 fusion-flex-column\" style=\"--awb-bg-size:cover;--awb-width-large:100%;--awb-margin-top-large:0px;--awb-spacing-right-large:1.92%;--awb-margin-bottom-large:20px;--awb-spacing-left-large:1.92%;--awb-width-medium:100%;--awb-order-medium:0;--awb-spacing-right-medium:1.92%;--awb-spacing-left-medium:1.92%;--awb-width-small:100%;--awb-order-small:0;--awb-spacing-right-small:1.92%;--awb-spacing-left-small:1.92%;\"><div class=\"fusion-column-wrapper fusion-column-has-shadow fusion-flex-justify-content-flex-start fusion-content-layout-column\"><div class=\"fusion-text fusion-text-1\" style=\"--awb-text-transform:none;\"><p>\u010clanak \u201eVeze izme\u0111u Kraljevskih porodica Velike Britanije i Srbije\u201c, koji je pripremljen u saradnji sa Kraljevskim Dvorom, objavljen je nedavno u \u201eKatalogu meseca Srbije\u201d.<\/p>\n<p>Ovaj \u010dasopis priprema i izdaje Srpski savet Velike Britanije u ime Okruglog stola organizacija srpske zajednice, uz podr\u0161ku Ministarstva spoljnih poslova Srbije \u2013 Kancelarije za saradnju sa dijasporom i Srbima u regionu.<\/p>\n<p>Ovogodi\u0161nji \u201eKatalog meseca Srbije\u201c objavljen je u Ujedinjenom Kraljevstvu u februaru 2022. godine i deo je dugoro\u010dnog projekta koji je zapo\u010deo objavljivanjem pro\u0161logodi\u0161njeg izdanja, koji govori o istoriji britanskih Srba. Katalog prati \u201eMesec Srbije\u201c u Velikoj Britaniji, koji postoji vec\u0301 \u010detrnaest godina i prepoznat je kao jedan od najzna\u010dajnijih festivala srpske umetnosti i kulture u srpskoj dijaspori, predstavljajuc\u0301i umetnike iz Srbije i britansko-srpske umetnike.<\/p>\n<p>Katalog se fokusira na istoriju i razvoj srpske zajednice u Britaniji i Irskoj. Rubrike prikazuju bogatstvo zajednice u Ujedinjenom Kraljevstvu i doprinos koji je dala Velikoj Britaniji i Srbiji, kao i odnos dve zemlje tokom godina i \u010dlanke mladih britanskih Srba o odrastanju u Britaniji sa srpskim nasle\u0111em. Tako\u0111e, navodi organizacije srpske zajednice, udru\u017eenja, mre\u017ee, dobrotvorne organizacije i \u0161kole u \u200b\u200b Ujedinjenom Kraljevstvu, kao i britanske Srbe ili Srbe aktivne u umetnosti, kulturi, obrazovanju i sportu, obrazovanju u Britaniji. Katalog i program \u201eMeseca Srbije\u201c dostupni su na sajtu Srpskog saveta Velike Britanije <a href=\"https:\/\/serbiancouncil.org.uk\/\">Serbian Council of Great Britain<\/a>.<\/p>\n<p>U nastavku teksta mo\u017eete procitati ceo \u010dlanak:<\/p>\n<p><strong>Veze izme\u0111u Kraljevskih porodica Velike Britanije i Srbije<\/strong><\/p>\n<p>Veze izme\u0111u kraljevskih porodica Ujedinjenog Kraljevstva i Srbije, kuc\u0301e Vindzor i kuc\u0301e Kara\u0111or\u0111evic\u0301a, se\u017eu u pro\u0161lost i stare su vi\u0161e od jednog veka. Po\u010dev\u0161i kao uobi\u010dajeni odnos izme\u0111u vladajuc\u0301ih monarha dveju dr\u017eava, oni su napredovali do povezivanja porodi\u010dnim i kumovskom vezama.<\/p>\n<p>U Kraljevskom Dvoru u Beogradu organizovana je 2016. godine izlo\u017eba \u201eKara\u0111or\u0111evic\u0301i i Vindzori, dve kraljevske porodice \u2013 istorijske veze\u201c koju su organizovali g-din Dragomir Acovic\u0301 i g-din Du\u0161an Babac, \u010dlanovi Krunskog ve\u0107a, a tom prilikom Nj.K.V. Prestolonaslednik Aleksandar, stare\u0161ina Kraljevske porodice Srbije, izjavio je: \u201eIstorija odnosa Srbije i Velike Britanije imala je uspone i padove, ali istorija odnosa Kara\u0111or\u0111evic\u0301a i Vindzora uvek je bila istorija bliskih porodi\u010dnih veza i prijateljskih odnosa. Nadam se da c\u0301e bliskost i razumevanje izme\u0111u na\u0161e dve porodice pomoc\u0301i na\u0161im zemljama da prevazi\u0111u sve razlike i vrate veli\u010danstveni sjaj svoja dva ratna saveza.\u201c<\/p>\n<\/div><div class=\"fusion-image-element awb-imageframe-style awb-imageframe-style-below awb-imageframe-style-1\" style=\"--awb-caption-title-font-family:var(--h2_typography-font-family);--awb-caption-title-font-weight:var(--h2_typography-font-weight);--awb-caption-title-font-style:var(--h2_typography-font-style);--awb-caption-title-size:var(--h2_typography-font-size);--awb-caption-title-transform:var(--h2_typography-text-transform);--awb-caption-title-line-height:var(--h2_typography-line-height);--awb-caption-title-letter-spacing:var(--h2_typography-letter-spacing);\"><span class=\" fusion-imageframe imageframe-none imageframe-1 hover-type-none\"><a href=\"https:\/\/royalfamily.org\/wp-content\/uploads\/2022\/02\/1-3.jpg\" class=\"fusion-lightbox\" data-rel=\"iLightbox[a6d18a358e0b4c3e962]\" data-caption=\"Nj.K.V. Regent Aleksandar i Nj.K.V. Princ Albert u Londonu, 1916.\"><img decoding=\"async\" width=\"2181\" height=\"1352\" alt=\"Nj.K.V. Regent Aleksandar i Nj.K.V. Princ Albert u Londonu, 1916.\" src=\"https:\/\/royalfamily.org\/wp-content\/uploads\/2022\/02\/1-3.jpg\" class=\"img-responsive wp-image-81479\" srcset=\"https:\/\/royalfamily.org\/wp-content\/uploads\/2022\/02\/1-3-200x124.jpg 200w, https:\/\/royalfamily.org\/wp-content\/uploads\/2022\/02\/1-3-400x248.jpg 400w, https:\/\/royalfamily.org\/wp-content\/uploads\/2022\/02\/1-3-600x372.jpg 600w, https:\/\/royalfamily.org\/wp-content\/uploads\/2022\/02\/1-3-800x496.jpg 800w, https:\/\/royalfamily.org\/wp-content\/uploads\/2022\/02\/1-3-1200x744.jpg 1200w, https:\/\/royalfamily.org\/wp-content\/uploads\/2022\/02\/1-3.jpg 2181w\" sizes=\"(max-width: 1024px) 100vw, (max-width: 640px) 100vw, 1200px\" \/><\/a><\/span><div class=\"awb-imageframe-caption-container\" style=\"text-align:center;\"><div class=\"awb-imageframe-caption\"><p class=\"awb-imageframe-caption-text\">Nj.K.V. Regent Aleksandar i Nj.K.V. Princ Albert u Londonu, 1916.<\/p><\/div><\/div><\/div><div class=\"fusion-separator fusion-full-width-sep\" style=\"align-self: center;margin-left: auto;margin-right: auto;margin-top:10px;margin-bottom:10px;width:100%;\"><\/div><div class=\"fusion-text fusion-text-2\" style=\"--awb-text-transform:none;\"><p>Po\u010detkom 20. veka skoro svi evropski vladari bili su ro\u0111aci vladajuc\u0301e dinastije Velike Britanije, dok srpska dinastija u to vreme gotovo da nije imala srodnika me\u0111u evropskim vladarima. Interesi nekoliko velikih evropskih zemalja oblikovali su ceo svet u to doba. Velika Britanija je tada vladala svetom, Srbija jo\u0161 nije uspela da vlada sobom, jer je veliki deo teritorije Kraljevine Srbije jo\u0161 uvek bio pod okupacijom Otomanskog carstva. Britanija je u Turskoj videla saveznika, dok je Srbija tra\u017eila podr\u0161ku od Austrije i Rusije, za svoju te\u017enju za slobodom. Izbor saveznika je, u oba slu\u010daja, odredio status i zna\u010daj odnosa dve zemlje.<\/p>\n<p>Oficirski pu\u010d iz 1903. pogor\u0161ao je ionako skromne veze izme\u0111u dva dvora. Ubistvo poslednjeg kralja dinastije Obrenovic\u0301 nije dobro prihvac\u0301eno na britanskom kraljevskom dvoru, a odnosi Britanije i Srbije pre\u0161li su iz hladne u zamrznutu fazu. Prve veze izme\u0111u dvorova uspostavljene su posle nekoliko godina, na velikoj dr\u017eavnoj sahrani Edvarda VII, Kralja Velike Britanije i Irske, i Cara Indije, 1910. godine. Srbiju i njenog Kralja Petra I predstavljao je Prestolonaslednik Aleksandar. (kasnije Kralj Aleksandar I), \u0161to je zabele\u017eeno i filmskom kamerom. Sledec\u0301e godine ponovo je predstavljao Srbiju i svog oca, kada je prisustvovao krunisanju Kralja D\u017eord\u017ea V. Na ovaj na\u010din Nj.K.V. Prestolonaslednik Aleksandar je ponovo uspostavio diplomatske odnose izme\u0111u dve Kraljevine.<\/p>\n<p>Izbijanje Prvog svetskog rata bitno je promenilo diplomatsku situaciju u Evropi, a ratni savez Kraljevine Srbije i Velike Britanije doveo je do uspostavljanja mnogo \u010dvr\u0161c\u0301ih i bli\u017eih veza izme\u0111u dve zemlje, kao i izme\u0111u dva kraljevska dvora. Regent Aleksandar je u prolec\u0301e 1916. posetio Englesku, gde je primljen ne samo na najvi\u0161em nivou vec\u0301 i sa najvec\u0301om srda\u010dno\u0161c\u0301u. Prvi korak u okon\u010danju rata napravio je ube\u0111ivanjem saveznika u neophodnost opremanja srpske vojske i odr\u017eavanja Solunskog fronta. Iako se mnogi u tom trenutku nisu slagali, popustili su pred ubedljivim re\u010dima mladog vojnog komandanta. Njegova vizija je okon\u010dal\u0430 rat.<\/p>\n<\/div><div class=\"fusion-image-element awb-imageframe-style awb-imageframe-style-below awb-imageframe-style-2\" style=\"--awb-caption-title-font-family:var(--h2_typography-font-family);--awb-caption-title-font-weight:var(--h2_typography-font-weight);--awb-caption-title-font-style:var(--h2_typography-font-style);--awb-caption-title-size:var(--h2_typography-font-size);--awb-caption-title-transform:var(--h2_typography-text-transform);--awb-caption-title-line-height:var(--h2_typography-line-height);--awb-caption-title-letter-spacing:var(--h2_typography-letter-spacing);\"><span class=\" fusion-imageframe imageframe-none imageframe-2 hover-type-none\"><a href=\"https:\/\/royalfamily.org\/wp-content\/uploads\/2022\/02\/2-3.jpg\" class=\"fusion-lightbox\" data-rel=\"iLightbox[041ded8175601a5e4a6]\" data-caption=\"Nj.V. Kralj Aleksandar I i njegov kum, Nj.K.V. Princ Albert od Velike Britanije, na kraljevskom ven\u010danju u Beogradu, 8. juna 1922.\"><img decoding=\"async\" width=\"1382\" height=\"982\" alt=\"Nj.V. Kralj Aleksandar I i njegov kum, Nj.K.V. Princ Albert od Velike Britanije, na kraljevskom ven\u010danju u Beogradu, 8. juna 1922.\" src=\"https:\/\/royalfamily.org\/wp-content\/uploads\/2022\/02\/2-3.jpg\" class=\"img-responsive wp-image-81482\" srcset=\"https:\/\/royalfamily.org\/wp-content\/uploads\/2022\/02\/2-3-200x142.jpg 200w, https:\/\/royalfamily.org\/wp-content\/uploads\/2022\/02\/2-3-400x284.jpg 400w, https:\/\/royalfamily.org\/wp-content\/uploads\/2022\/02\/2-3-600x426.jpg 600w, https:\/\/royalfamily.org\/wp-content\/uploads\/2022\/02\/2-3-800x568.jpg 800w, https:\/\/royalfamily.org\/wp-content\/uploads\/2022\/02\/2-3-1200x853.jpg 1200w, https:\/\/royalfamily.org\/wp-content\/uploads\/2022\/02\/2-3.jpg 1382w\" sizes=\"(max-width: 1024px) 100vw, (max-width: 640px) 100vw, 1200px\" \/><\/a><\/span><div class=\"awb-imageframe-caption-container\" style=\"text-align:center;\"><div class=\"awb-imageframe-caption\"><p class=\"awb-imageframe-caption-text\">Nj.V. Kralj Aleksandar I i njegov kum, Nj.K.V. Princ Albert od Velike Britanije, na kraljevskom ven\u010danju u Beogradu, 8. juna 1922.<\/p><\/div><\/div><\/div><div class=\"fusion-separator fusion-full-width-sep\" style=\"align-self: center;margin-left: auto;margin-right: auto;margin-top:10px;margin-bottom:10px;width:100%;\"><\/div><div class=\"fusion-text fusion-text-3\" style=\"--awb-text-transform:none;\"><p>Posle Velikog rata do\u0161lo je vreme kada su odnosi izme\u0111u dve kraljevske porodice podignuti na vi\u0161i nivo. Nj.V. Kralj Aleksandar I o\u017eenio se 8. juna 1922. godine Nj.K.V. Princezom Marijom od Rumunije, koja je od tog dana postala Kraljica Kraljevine Srba, Hrvata i Slovenaca. Bila je praunuka Nj.V. Kraljice Viktorije, te su tim brakom uspostavljene porodi\u010dne veze izme\u0111u potomaka Kralja Aleksandra I i Kraljice Marije i Kraljevske porodice Velike Britanije. Mnoge zemlje poslale su svoje izaslanike na kraljevsko ven\u010danje u Beograd. Predstavnike su poslali i Persija i daleki Japan, a stigao je \u010dak i gost iz Austrije, sa kojom je Srbija ratovala do pre \u010detiri godine. <strong>Kum na ven\u010danju bio je Kralj Velike Britanije D\u017eord\u017e V, kog je predstavljao njegov mla\u0111i sin, Princ Albert, Vojvoda od Jorka.<\/strong><\/p>\n<p>Vec\u0301 sledec\u0301e godine, 6. septembra 1923. godine, ro\u0111en je njihov prvi sin \u2013 Prestolonaslednik Petar. Za dinastiju Kara\u0111or\u0111evic\u0301a, kao i za Kraljevinu, od najvec\u0301eg zna\u010daja je bilo ro\u0111enje Prestolonaslednika koji c\u0301e nastaviti porodi\u010dnu lozu i obezbediti stabilnost dr\u017eave. Zato je ro\u0111enje prvog sina Kralja Aleksandra I bio izuzetan doga\u0111aj. Kr\u0161tenje Prestolonaslednika obavljeno je 21. oktobra te godine. Nekoliko dana pre kr\u0161tenja po\u010deli su da pristi\u017eu uva\u017eeni gosti iz evropskih kraljevskih porodica, me\u0111u njima i <strong>Vojvoda od Jorka, koji je kasnije postao kralj D\u017eord\u017e VI, koji je kumovao u ime svog oca, Kralja D\u017eord\u017ea V.<\/strong><\/p>\n<p>Va\u017eno je naglasiti da je za srpski narod \u201ekumstvo\u201c sveti odnos, tj. smatra se ili jednakim ili ponekad \u010dak i va\u017enijim od \u201ekrvnog srodstva\u201c.<\/p>\n<\/div><div class=\"fusion-image-element awb-imageframe-style awb-imageframe-style-below awb-imageframe-style-3\" style=\"--awb-caption-title-font-family:var(--h2_typography-font-family);--awb-caption-title-font-weight:var(--h2_typography-font-weight);--awb-caption-title-font-style:var(--h2_typography-font-style);--awb-caption-title-size:var(--h2_typography-font-size);--awb-caption-title-transform:var(--h2_typography-text-transform);--awb-caption-title-line-height:var(--h2_typography-line-height);--awb-caption-title-letter-spacing:var(--h2_typography-letter-spacing);\"><span class=\" fusion-imageframe imageframe-none imageframe-3 hover-type-none\"><a href=\"https:\/\/royalfamily.org\/wp-content\/uploads\/2022\/02\/3-2.jpg\" class=\"fusion-lightbox\" data-rel=\"iLightbox[2af9485ae154016e6ae]\" data-caption=\"Kr\u0161tenje Nj.K.V. Prestolonaslednika Petra, 21. oktobra 1923. \u2013 Nj.V. Kralj Aleksandar sa kraljevskom porodicom Rumunije i Nj.K.V. Princom Albertom\"><img decoding=\"async\" width=\"2180\" height=\"1704\" alt=\"Kr\u0161tenje Nj.K.V. Prestolonaslednika Petra, 21. oktobra 1923. \u2013 Nj.V. Kralj Aleksandar sa kraljevskom porodicom Rumunije i Nj.K.V. Princom Albertom\" src=\"https:\/\/royalfamily.org\/wp-content\/uploads\/2022\/02\/3-2.jpg\" class=\"img-responsive wp-image-81485\" srcset=\"https:\/\/royalfamily.org\/wp-content\/uploads\/2022\/02\/3-2-200x156.jpg 200w, https:\/\/royalfamily.org\/wp-content\/uploads\/2022\/02\/3-2-400x313.jpg 400w, https:\/\/royalfamily.org\/wp-content\/uploads\/2022\/02\/3-2-600x469.jpg 600w, https:\/\/royalfamily.org\/wp-content\/uploads\/2022\/02\/3-2-800x625.jpg 800w, https:\/\/royalfamily.org\/wp-content\/uploads\/2022\/02\/3-2-1200x938.jpg 1200w, https:\/\/royalfamily.org\/wp-content\/uploads\/2022\/02\/3-2.jpg 2180w\" sizes=\"(max-width: 1024px) 100vw, (max-width: 640px) 100vw, 1200px\" \/><\/a><\/span><div class=\"awb-imageframe-caption-container\" style=\"text-align:center;\"><div class=\"awb-imageframe-caption\"><p class=\"awb-imageframe-caption-text\">Kr\u0161tenje Nj.K.V. Prestolonaslednika Petra, 21. oktobra 1923. \u2013 Nj.V. Kralj Aleksandar sa kraljevskom porodicom Rumunije i Nj.K.V. Princom Albertom<\/p><\/div><\/div><\/div><div class=\"fusion-separator fusion-full-width-sep\" style=\"align-self: center;margin-left: auto;margin-right: auto;margin-top:10px;margin-bottom:10px;width:100%;\"><\/div><div class=\"fusion-text fusion-text-4\" style=\"--awb-text-transform:none;\"><p>Jugoslovenska vlada je u martu 1941. potpisala Trojni pakt sa nacisti\u010dkom Nema\u010dkom, narod Jugoslavije se pobunio i odbio pakt. Njegovo Veli\u010danstvo Kralj Petar II polo\u017eio je zakletvu kao punoletna osoba, iako je imao samo sedamnaest godina, i suprotstavio se Hitleru. Kralj Petar II, njegov narod i zemlja postali su \u017ertve Hitlerovog gneva protivec\u0301i se Trojnom paktu. Invazijom nacista i njihovih saveznika na Kraljevinu Jugoslaviju, Kralj Petar II i drugi \u010dlanovi Kraljevske porodice bili su primorani da napuste otad\u017ebinu i pridru\u017ee se ostalim \u0161efovima dr\u017eava iz okupirane Evrope u Londonu. Kralj Petar II je tada apelovao na sve svetske lidere da podr\u017ee borbu hrabrog naroda Jugoslavije protiv Sila Osovine, a tako\u0111e je stalno poku\u0161avao da se vrati u zemlju i bude uz svoj narod. Kralj Petar II ulo\u017eio je ogroman napor da pomogne narodu Jugoslavije u borbi protiv nacizma. Predano je tra\u017eio podr\u0161ku za svoje zemljake u susretima sa mnogim va\u017enim svetskim liderima tog vremena, uklju\u010dujuc\u0301i predsednika Ruzvelta, ser Vinstona \u010cer\u010dila, a tako\u0111e i njegovog kuma, Kralja D\u017eord\u017ea VI od Velike Britanije.<\/p>\n<p>Kada se Kralj Petar II o\u017eenio Princezom Aleksandrom od Gr\u010dke i Danske 1944. godine, polo\u017een je temelj za novu vezu izme\u0111u dve kraljevske porodice. Kraljica Aleksandra od Jugoslavije bila je bratanica pokojnog Vojvode od Edinburga, Princa Filipa, koji je tako\u0111e bio i ro\u0111ak i dragi prijatelj Nj.K.V. Prestolonaslednika Aleksandra i Kraljevske porodice. Princ Filip je bio sin gr\u010dkog i danskog princa Andreja, brata gr\u010dkog Kralja Konstantina, pradede po majci Prestolonaslednika Aleksandra. Nj.V. Kralj Petar II i Nj.V. Kraljica Aleksandra prisustvovali su ven\u010danju Princeze Elizabete i Princa Filipa 20. novembra 1947. godine.<\/p>\n<\/div><div class=\"fusion-image-element awb-imageframe-style awb-imageframe-style-below awb-imageframe-style-4\" style=\"--awb-caption-title-font-family:var(--h2_typography-font-family);--awb-caption-title-font-weight:var(--h2_typography-font-weight);--awb-caption-title-font-style:var(--h2_typography-font-style);--awb-caption-title-size:var(--h2_typography-font-size);--awb-caption-title-transform:var(--h2_typography-text-transform);--awb-caption-title-line-height:var(--h2_typography-line-height);--awb-caption-title-letter-spacing:var(--h2_typography-letter-spacing);\"><span class=\" fusion-imageframe imageframe-none imageframe-4 hover-type-none\"><a href=\"https:\/\/royalfamily.org\/wp-content\/uploads\/2022\/02\/4-1.jpg\" class=\"fusion-lightbox\" data-rel=\"iLightbox[37286b40eb748f2bb50]\" data-caption=\"Nj.V. Kralj D\u017eord\u017e VI i Nj.V. Kralj Petar II u Londonu tokom Drugog svetskog rata\"><img decoding=\"async\" width=\"1286\" height=\"2116\" alt=\"Nj.V. Kralj D\u017eord\u017e VI i Nj.V. Kralj Petar II u Londonu tokom Drugog svetskog rata\" src=\"https:\/\/royalfamily.org\/wp-content\/uploads\/2022\/02\/4-1.jpg\" class=\"img-responsive wp-image-81488\" srcset=\"https:\/\/royalfamily.org\/wp-content\/uploads\/2022\/02\/4-1-200x329.jpg 200w, https:\/\/royalfamily.org\/wp-content\/uploads\/2022\/02\/4-1-400x658.jpg 400w, https:\/\/royalfamily.org\/wp-content\/uploads\/2022\/02\/4-1-600x987.jpg 600w, https:\/\/royalfamily.org\/wp-content\/uploads\/2022\/02\/4-1-800x1316.jpg 800w, https:\/\/royalfamily.org\/wp-content\/uploads\/2022\/02\/4-1-1200x1974.jpg 1200w, https:\/\/royalfamily.org\/wp-content\/uploads\/2022\/02\/4-1.jpg 1286w\" sizes=\"(max-width: 1024px) 100vw, (max-width: 640px) 100vw, 1200px\" \/><\/a><\/span><div class=\"awb-imageframe-caption-container\" style=\"text-align:center;\"><div class=\"awb-imageframe-caption\"><p class=\"awb-imageframe-caption-text\">Nj.V. Kralj D\u017eord\u017e VI i Nj.V. Kralj Petar II u Londonu tokom Drugog svetskog rata<\/p><\/div><\/div><\/div><div class=\"fusion-separator fusion-full-width-sep\" style=\"align-self: center;margin-left: auto;margin-right: auto;margin-top:10px;margin-bottom:10px;width:100%;\"><\/div><div class=\"fusion-text fusion-text-5\" style=\"--awb-text-transform:none;\"><p>Nj.K.V. Prestolonaslednik Aleksandar, sin Nj.V. Kralja Petra II i Nj.V. Kraljice Aleksandre ro\u0111en je u hotelu \u201eKlerid\u017eiz\u201c u Londonu u apartmanu 212, 17. jula 1945. godine. Kralj Petar II je zatra\u017eio od britanske vlade da privremeno proglasi taj hotelski apartman jugoslovenskom teritorijom, zbog ro\u0111enja buduc\u0301eg kralja.<\/p>\n<p>Prestolonaslednika Aleksandra krstili su Patrijarh Gavrilo i Episkop Nikolaj Velimirovic\u0301 (Sveti Nikolaj \u017ei\u010dki i ohridski) 24. oktobra 1945. godine u Vestminsterskoj opatiji. <strong>Kumovi na kr\u0161tenju bili su tada\u0161nja Princeza Elizabeta, danas Njeno Veli\u010danstvo Kraljica Elizabeta II i njen otac, Njegovo Veli\u010danstvo Kralj D\u017eord\u017e VI.<\/strong><\/p>\n<\/div><div class=\"fusion-image-element awb-imageframe-style awb-imageframe-style-below awb-imageframe-style-5\" style=\"--awb-caption-title-font-family:var(--h2_typography-font-family);--awb-caption-title-font-weight:var(--h2_typography-font-weight);--awb-caption-title-font-style:var(--h2_typography-font-style);--awb-caption-title-size:var(--h2_typography-font-size);--awb-caption-title-transform:var(--h2_typography-text-transform);--awb-caption-title-line-height:var(--h2_typography-line-height);--awb-caption-title-letter-spacing:var(--h2_typography-letter-spacing);\"><span class=\" fusion-imageframe imageframe-none imageframe-5 hover-type-none\"><a href=\"https:\/\/royalfamily.org\/wp-content\/uploads\/2022\/02\/5-1.jpg\" class=\"fusion-lightbox\" data-rel=\"iLightbox[47816ea96f2082a667a]\" data-caption=\"Kr\u0161tenje Nj.K.V. Prestolonaslednika Aleksandra 24. oktobra 1945. u Vestminsterskoj opatiji \u2013 Princeza Elizabeta, danas Nj.V. Kraljica Elizabeta II, Nj.V. Kralj D\u017eord\u017e VI i Nj.V. Kralj Petar II\"><img decoding=\"async\" width=\"1255\" height=\"613\" alt=\"Kr\u0161tenje Nj.K.V. Prestolonaslednika Aleksandra 24. oktobra 1945. u Vestminsterskoj opatiji \u2013 Princeza Elizabeta, danas Nj.V. Kraljica Elizabeta II, Nj.V. Kralj D\u017eord\u017e VI i Nj.V. Kralj Petar II\" src=\"https:\/\/royalfamily.org\/wp-content\/uploads\/2022\/02\/5-1.jpg\" class=\"img-responsive wp-image-81491\" srcset=\"https:\/\/royalfamily.org\/wp-content\/uploads\/2022\/02\/5-1-200x98.jpg 200w, https:\/\/royalfamily.org\/wp-content\/uploads\/2022\/02\/5-1-400x195.jpg 400w, https:\/\/royalfamily.org\/wp-content\/uploads\/2022\/02\/5-1-600x293.jpg 600w, https:\/\/royalfamily.org\/wp-content\/uploads\/2022\/02\/5-1-800x391.jpg 800w, https:\/\/royalfamily.org\/wp-content\/uploads\/2022\/02\/5-1-1200x586.jpg 1200w, https:\/\/royalfamily.org\/wp-content\/uploads\/2022\/02\/5-1.jpg 1255w\" sizes=\"(max-width: 1024px) 100vw, (max-width: 640px) 100vw, 1200px\" \/><\/a><\/span><div class=\"awb-imageframe-caption-container\" style=\"text-align:center;\"><div class=\"awb-imageframe-caption\"><p class=\"awb-imageframe-caption-text\">Kr\u0161tenje Nj.K.V. Prestolonaslednika Aleksandra 24. oktobra 1945. u Vestminsterskoj opatiji \u2013 Princeza Elizabeta, danas Nj.V. Kraljica Elizabeta II, Nj.V. Kralj D\u017eord\u017e VI i Nj.V. Kralj Petar II<\/p><\/div><\/div><\/div><div class=\"fusion-separator fusion-full-width-sep\" style=\"align-self: center;margin-left: auto;margin-right: auto;margin-top:10px;margin-bottom:10px;width:100%;\"><\/div><div class=\"fusion-text fusion-text-6\" style=\"--awb-text-transform:none;\"><p>Kraljevska porodica Srbije je decenijama posle Drugog svetskog rata \u017eivela u ne\u017eeljenom izgnanstvu, daleko od otad\u017ebine, kao posledica Ukaza koji je doneo nedemokratski komunisti\u010dki re\u017eim u Jugoslaviji, kojim su oduzeta sva prava \u010dlanovima Kraljevske porodice Kara\u0111or\u0111evic\u0301, uklju\u010dujuc\u0301i dr\u017eavljanstvo i celokupnu privatnu imovinu. Prestolonaslednik Aleksandar je bio posmatran kao dr\u017eavni neprijatelj, iako nije imao ni dve godine u vreme kada je Ukaz donet.<\/p>\n<p>U istom hotelu u kojem je ro\u0111en Nj.K.V. Prestolonaslednik Aleksandar, u Londonu, 1995. godine, Nj.K.V. Princeza Katarina priredila je proslavu pedesetog ro\u0111endana svog supruga. Obele\u017eavanju ovog zna\u010dajnog jubileja prisustvovala je Njeno Veli\u010danstvo Kraljica Elizabeta II, zajedno sa mnogim drugim \u010dlanovima Kraljevskih porodica. Tom prilikom Nj.V. Kraljica Elizabeta pitala je Prestolonaslednika Aleksandra koja je njegova ro\u0111endanska \u017eelja, a on je odgovorio: \u201eDa budem kod kuc\u0301e sa svojim narodom u svojoj zemlji\u201c. Ova \u017eelja kona\u010dno se ostvarila \u0161est godina kasnije, 2001. godine, na Prestolonaslednikov 56. ro\u0111endan kada se Kraljevska porodica kona\u010dno vratila kuc\u0301i, u Srbiju, posle decenija prisilnog izgnanstva.<\/p>\n<\/div><div class=\"fusion-image-element awb-imageframe-style awb-imageframe-style-below awb-imageframe-style-6\" style=\"--awb-caption-title-font-family:var(--h2_typography-font-family);--awb-caption-title-font-weight:var(--h2_typography-font-weight);--awb-caption-title-font-style:var(--h2_typography-font-style);--awb-caption-title-size:var(--h2_typography-font-size);--awb-caption-title-transform:var(--h2_typography-text-transform);--awb-caption-title-line-height:var(--h2_typography-line-height);--awb-caption-title-letter-spacing:var(--h2_typography-letter-spacing);\"><span class=\" fusion-imageframe imageframe-none imageframe-6 hover-type-none\"><a href=\"https:\/\/royalfamily.org\/wp-content\/uploads\/2022\/02\/6-1.jpg\" class=\"fusion-lightbox\" data-rel=\"iLightbox[b455f9ff156f0c738b4]\" data-caption=\"Nj.V. Kraljica Elizabeta II i Nj.K.V. Prestolonaslednik Aleksandar, 50. ro\u0111endan Prestolonaslednika, 17. jul 1995, London\"><img decoding=\"async\" width=\"2181\" height=\"1676\" alt=\"Nj.V. Kraljica Elizabeta II i Nj.K.V. Prestolonaslednik Aleksandar, 50. ro\u0111endan Prestolonaslednika, 17. jul 1995, London\" src=\"https:\/\/royalfamily.org\/wp-content\/uploads\/2022\/02\/6-1.jpg\" class=\"img-responsive wp-image-81494\" srcset=\"https:\/\/royalfamily.org\/wp-content\/uploads\/2022\/02\/6-1-200x154.jpg 200w, https:\/\/royalfamily.org\/wp-content\/uploads\/2022\/02\/6-1-400x307.jpg 400w, https:\/\/royalfamily.org\/wp-content\/uploads\/2022\/02\/6-1-600x461.jpg 600w, https:\/\/royalfamily.org\/wp-content\/uploads\/2022\/02\/6-1-800x615.jpg 800w, https:\/\/royalfamily.org\/wp-content\/uploads\/2022\/02\/6-1-1200x922.jpg 1200w, https:\/\/royalfamily.org\/wp-content\/uploads\/2022\/02\/6-1.jpg 2181w\" sizes=\"(max-width: 1024px) 100vw, (max-width: 640px) 100vw, 1200px\" \/><\/a><\/span><div class=\"awb-imageframe-caption-container\" style=\"text-align:center;\"><div class=\"awb-imageframe-caption\"><p class=\"awb-imageframe-caption-text\">Nj.V. Kraljica Elizabeta II i Nj.K.V. Prestolonaslednik Aleksandar, 50. ro\u0111endan Prestolonaslednika, 17. jul 1995, London<\/p><\/div><\/div><\/div><div class=\"fusion-separator fusion-full-width-sep\" style=\"align-self: center;margin-left: auto;margin-right: auto;margin-top:10px;margin-bottom:10px;width:100%;\"><\/div><div class=\"fusion-text fusion-text-7\" style=\"--awb-text-transform:none;\"><p>Nj.K.V. Prestolonaslednik Aleksandar i Princeza Katarina prisustvovali su svim va\u017enijim doga\u0111ajima britanske Kraljevske porodice, uklju\u010dujuc\u0301i kraljevsko ven\u010danje Nj.K.V. Princa Vilijama, Vojvode od Kembrid\u017ea i Nj.K.V. Princeze Katarine, Vojvotkinje od Kembrid\u017ea 2011. godine, kao i dijamantski jubilej Nj.V. Kraljice Elizabete II u maju 2012. godine, kada su bili gosti Njenog Veli\u010danstva.<\/p>\n<p>Prestolonaslednik Aleksandar odr\u017eava bliske odnose sa svojom kumom, Kraljicom Elizabetom II. Pre izvesnog vremena podelio je sa javno\u0161c\u0301u da mu je Kraljica poslala rukom pisano pismo za ro\u0111endan, u kom se sec\u0301a njegovog kr\u0161tenja i toga da je on bio \u201eveoma velika beba i da joj je bilo te\u0161ko da ga dr\u017ei\u201d.<\/p>\n<\/div><div class=\"fusion-image-element awb-imageframe-style awb-imageframe-style-below awb-imageframe-style-7\" style=\"--awb-caption-title-font-family:var(--h2_typography-font-family);--awb-caption-title-font-weight:var(--h2_typography-font-weight);--awb-caption-title-font-style:var(--h2_typography-font-style);--awb-caption-title-size:var(--h2_typography-font-size);--awb-caption-title-transform:var(--h2_typography-text-transform);--awb-caption-title-line-height:var(--h2_typography-line-height);--awb-caption-title-letter-spacing:var(--h2_typography-letter-spacing);\"><span class=\" fusion-imageframe imageframe-none imageframe-7 hover-type-none\"><a href=\"https:\/\/royalfamily.org\/wp-content\/uploads\/2022\/02\/9-1-scaled.jpg\" class=\"fusion-lightbox\" data-rel=\"iLightbox[de131c8b79b9c58de0c]\" data-caption=\"Dijamantski jubilej Nj. V. Kraljice Elizabete, \u010dlanovi Kraljevskih porodica sveta, maj 2012, London\"><img decoding=\"async\" width=\"2560\" height=\"1688\" alt=\"Dijamantski jubilej Nj. V. Kraljice Elizabete, \u010dlanovi Kraljevskih porodica sveta, maj 2012, London\" src=\"https:\/\/royalfamily.org\/wp-content\/uploads\/2022\/02\/9-1-scaled.jpg\" class=\"img-responsive wp-image-81497\" srcset=\"https:\/\/royalfamily.org\/wp-content\/uploads\/2022\/02\/9-1-200x132.jpg 200w, https:\/\/royalfamily.org\/wp-content\/uploads\/2022\/02\/9-1-400x264.jpg 400w, https:\/\/royalfamily.org\/wp-content\/uploads\/2022\/02\/9-1-600x396.jpg 600w, https:\/\/royalfamily.org\/wp-content\/uploads\/2022\/02\/9-1-800x527.jpg 800w, https:\/\/royalfamily.org\/wp-content\/uploads\/2022\/02\/9-1-1200x791.jpg 1200w, https:\/\/royalfamily.org\/wp-content\/uploads\/2022\/02\/9-1-scaled.jpg 2560w\" sizes=\"(max-width: 1024px) 100vw, (max-width: 640px) 100vw, 1200px\" \/><\/a><\/span><div class=\"awb-imageframe-caption-container\" style=\"text-align:center;\"><div class=\"awb-imageframe-caption\"><p class=\"awb-imageframe-caption-text\">Dijamantski jubilej Nj. V. Kraljice Elizabete, \u010dlanovi Kraljevskih porodica sveta, maj 2012, London<\/p><\/div><\/div><\/div><div class=\"fusion-separator fusion-full-width-sep\" style=\"align-self: center;margin-left: auto;margin-right: auto;margin-top:10px;margin-bottom:10px;width:100%;\"><\/div><div class=\"fusion-text fusion-text-8\" style=\"--awb-text-transform:none;\"><p>Kada je Njegovo Kraljevsko Viso\u010danstvo Princ od Velsa posetio Srbiju u martu 2016. godine, bio je gost Nj.K.V. Prestolonaslednika Aleksandra i Princeze Katarine. Do\u010dekali su ga u Kraljevskom Dvoru, a Prestolonaslednik je princu \u010carlsu poklonio ikonu Svetog \u0110or\u0111a, za\u0161titnika Engleske, i najbolja vina iz Kraljevskih vinograda na Oplencu. Princeza Katarina pripremila je ru\u010dno ra\u0111eni srpski \u0161al i torbu za Vojvotkinju od Kornvola. Princ od Velsa je ranije, na molbu Princeze Katarine, poklonio Fondaciji Princeze Katarine autoklav sterilizator za Ginekolo\u0161ku kliniku Klini\u010dkog centra Srbije. Tu vrednu donaciju uru\u010dili su Prestolonaslednik Aleksandar i Princeza Katarina, u prisustvu ambasadora Velike Britanije u Srbiji.<\/p>\n<p>Sve ovo predstavlja hronologiju se\u0107anja na dobre odnose dve kraljevske porodice, kuc\u0301e Vindzor i kuc\u0301e Kara\u0111or\u0111evic\u0301a, a taj odnos c\u0301e sigurno biti jo\u0161 \u010dvr\u0161c\u0301i u buduc\u0301nosti.<\/p>\n<\/div><div class=\"fusion-image-element awb-imageframe-style awb-imageframe-style-below awb-imageframe-style-8\" style=\"--awb-caption-title-font-family:var(--h2_typography-font-family);--awb-caption-title-font-weight:var(--h2_typography-font-weight);--awb-caption-title-font-style:var(--h2_typography-font-style);--awb-caption-title-size:var(--h2_typography-font-size);--awb-caption-title-transform:var(--h2_typography-text-transform);--awb-caption-title-line-height:var(--h2_typography-line-height);--awb-caption-title-letter-spacing:var(--h2_typography-letter-spacing);\"><span class=\" fusion-imageframe imageframe-none imageframe-8 hover-type-none\"><a href=\"https:\/\/royalfamily.org\/wp-content\/uploads\/2022\/02\/11-1.jpg\" class=\"fusion-lightbox\" data-rel=\"iLightbox[02d6188c3bb6536c574]\" data-caption=\"Nj.K.V. \u010carls, Princ od Velsa i Nj.K.V. Prestolonaslednik Aleksandar, Kraljevski Dvor, Beograd, 16.mart 2016.\"><img decoding=\"async\" width=\"2091\" height=\"1476\" alt=\"Nj.K.V. \u010carls, Princ od Velsa i Nj.K.V. Prestolonaslednik Aleksandar, Kraljevski Dvor, Beograd, 16.mart 2016.\" src=\"https:\/\/royalfamily.org\/wp-content\/uploads\/2022\/02\/11-1.jpg\" class=\"img-responsive wp-image-81500\" srcset=\"https:\/\/royalfamily.org\/wp-content\/uploads\/2022\/02\/11-1-200x141.jpg 200w, https:\/\/royalfamily.org\/wp-content\/uploads\/2022\/02\/11-1-400x282.jpg 400w, https:\/\/royalfamily.org\/wp-content\/uploads\/2022\/02\/11-1-600x424.jpg 600w, https:\/\/royalfamily.org\/wp-content\/uploads\/2022\/02\/11-1-800x565.jpg 800w, https:\/\/royalfamily.org\/wp-content\/uploads\/2022\/02\/11-1-1200x847.jpg 1200w, https:\/\/royalfamily.org\/wp-content\/uploads\/2022\/02\/11-1.jpg 2091w\" sizes=\"(max-width: 1024px) 100vw, (max-width: 640px) 100vw, 1200px\" \/><\/a><\/span><div class=\"awb-imageframe-caption-container\" style=\"text-align:center;\"><div class=\"awb-imageframe-caption\"><p class=\"awb-imageframe-caption-text\">Nj.K.V. \u010carls, Princ od Velsa i Nj.K.V. Prestolonaslednik Aleksandar, Kraljevski Dvor, Beograd, 16.mart 2016.<\/p><\/div><\/div><\/div><div class=\"fusion-text fusion-text-9\" style=\"--awb-text-transform:none;\"><p><em>Delovi teksta preuzeti su iz kataloga \u201eOd stranaca do ro\u0111aka \u2013 jedan vek kasnije\u201c, u okviru istoimene izlo\u017ebe koju su priredili g. Dragomir Acovic\u0301 i g. Du\u0161an Babac, \u010dlanovi Krunskog ve\u0107a, 2016. godine i \u201eDiplomatija Ujedinitelja Nj.V. Kralja Aleksandra I\u201c iz 2019. godine<\/em><\/p>\n<\/div><div class=\"fusion-separator fusion-full-width-sep\" style=\"align-self: center;margin-left: auto;margin-right: auto;margin-top:10px;margin-bottom:10px;width:100%;\"><\/div><\/div><\/div><\/div><\/div>\n","protected":false},"excerpt":{"rendered":"","protected":false},"author":1001015,"featured_media":81503,"comment_status":"closed","ping_status":"closed","sticky":false,"template":"","format":"standard","meta":{"_acf_changed":false,"footnotes":""},"categories":[22],"tags":[],"class_list":["post-81510","post","type-post","status-publish","format-standard","has-post-thumbnail","hentry","category-vesti"],"acf":[],"yoast_head":"<!-- This site is optimized with the Yoast SEO Premium plugin v27.4 (Yoast SEO v27.4) - https:\/\/yoast.com\/product\/yoast-seo-premium-wordpress\/ -->\n<title>\u010cLANAK \u201eVEZE IZME\u0110U KRALJEVSKIH PORODICA VELIKE BRITANIJE I SRBIJE\u201c U \u201eKATALOGU MESECA SRBIJE\u201d U UJEDINJENOM KRALJEVSTVU - The Royal Family of Serbia<\/title>\n<meta name=\"robots\" content=\"index, follow, max-snippet:-1, max-image-preview:large, max-video-preview:-1\" \/>\n<link rel=\"canonical\" href=\"https:\/\/royalfamily.org\/lat\/clanak-veze-izmedu-kraljevskih-porodica-velike-britanije-i-srbije-u-katalogu-meseca-srbije-u-ujedinjenom-kraljevstvu\/\" \/>\n<meta property=\"og:locale\" content=\"en_US\" \/>\n<meta property=\"og:type\" content=\"article\" \/>\n<meta property=\"og:title\" content=\"\u010cLANAK \u201eVEZE IZME\u0110U KRALJEVSKIH PORODICA VELIKE BRITANIJE I SRBIJE\u201c U \u201eKATALOGU MESECA SRBIJE\u201d U UJEDINJENOM KRALJEVSTVU\" \/>\n<meta property=\"og:url\" content=\"https:\/\/royalfamily.org\/lat\/clanak-veze-izmedu-kraljevskih-porodica-velike-britanije-i-srbije-u-katalogu-meseca-srbije-u-ujedinjenom-kraljevstvu\/\" \/>\n<meta property=\"og:site_name\" content=\"The Royal Family of Serbia\" \/>\n<meta property=\"article:publisher\" content=\"https:\/\/www.facebook.com\/Prestolonaslednik.Aleksandar\" \/>\n<meta property=\"article:published_time\" content=\"2022-02-22T08:02:17+00:00\" \/>\n<meta property=\"article:modified_time\" content=\"2022-02-22T08:40:24+00:00\" \/>\n<meta property=\"og:image\" content=\"https:\/\/royalfamily.org\/wp-content\/uploads\/2022\/02\/COVER-3.jpg\" \/>\n\t<meta property=\"og:image:width\" content=\"740\" \/>\n\t<meta property=\"og:image:height\" content=\"360\" \/>\n\t<meta property=\"og:image:type\" content=\"image\/jpeg\" \/>\n<meta name=\"author\" content=\"Stefan Milanovic\" \/>\n<meta name=\"twitter:card\" content=\"summary_large_image\" \/>\n<meta name=\"twitter:label1\" content=\"Written by\" \/>\n\t<meta name=\"twitter:data1\" content=\"Stefan Milanovic\" \/>\n\t<meta name=\"twitter:label2\" content=\"Est. reading time\" \/>\n\t<meta name=\"twitter:data2\" content=\"28 minutes\" \/>\n<script type=\"application\/ld+json\" class=\"yoast-schema-graph\">{\"@context\":\"https:\\\/\\\/schema.org\",\"@graph\":[{\"@type\":\"Article\",\"@id\":\"https:\\\/\\\/royalfamily.org\\\/lat\\\/clanak-veze-izmedu-kraljevskih-porodica-velike-britanije-i-srbije-u-katalogu-meseca-srbije-u-ujedinjenom-kraljevstvu\\\/#article\",\"isPartOf\":{\"@id\":\"https:\\\/\\\/royalfamily.org\\\/lat\\\/clanak-veze-izmedu-kraljevskih-porodica-velike-britanije-i-srbije-u-katalogu-meseca-srbije-u-ujedinjenom-kraljevstvu\\\/\"},\"author\":{\"name\":\"Stefan Milanovic\",\"@id\":\"https:\\\/\\\/royalfamily.org\\\/#\\\/schema\\\/person\\\/4ad3296a6a8a35eed333b6a785e9f648\"},\"headline\":\"\u010cLANAK \u201eVEZE IZME\u0110U KRALJEVSKIH PORODICA VELIKE BRITANIJE I SRBIJE\u201c U \u201eKATALOGU MESECA SRBIJE\u201d U UJEDINJENOM KRALJEVSTVU\",\"datePublished\":\"2022-02-22T08:02:17+00:00\",\"dateModified\":\"2022-02-22T08:40:24+00:00\",\"mainEntityOfPage\":{\"@id\":\"https:\\\/\\\/royalfamily.org\\\/lat\\\/clanak-veze-izmedu-kraljevskih-porodica-velike-britanije-i-srbije-u-katalogu-meseca-srbije-u-ujedinjenom-kraljevstvu\\\/\"},\"wordCount\":5660,\"publisher\":{\"@id\":\"https:\\\/\\\/royalfamily.org\\\/#organization\"},\"image\":{\"@id\":\"https:\\\/\\\/royalfamily.org\\\/lat\\\/clanak-veze-izmedu-kraljevskih-porodica-velike-britanije-i-srbije-u-katalogu-meseca-srbije-u-ujedinjenom-kraljevstvu\\\/#primaryimage\"},\"thumbnailUrl\":\"https:\\\/\\\/royalfamily.org\\\/wp-content\\\/uploads\\\/2022\\\/02\\\/COVER-3.jpg\",\"articleSection\":[\"Vesti\"],\"inLanguage\":\"sr-LT\"},{\"@type\":\"WebPage\",\"@id\":\"https:\\\/\\\/royalfamily.org\\\/lat\\\/clanak-veze-izmedu-kraljevskih-porodica-velike-britanije-i-srbije-u-katalogu-meseca-srbije-u-ujedinjenom-kraljevstvu\\\/\",\"url\":\"https:\\\/\\\/royalfamily.org\\\/lat\\\/clanak-veze-izmedu-kraljevskih-porodica-velike-britanije-i-srbije-u-katalogu-meseca-srbije-u-ujedinjenom-kraljevstvu\\\/\",\"name\":\"\u010cLANAK \u201eVEZE IZME\u0110U KRALJEVSKIH PORODICA VELIKE BRITANIJE I SRBIJE\u201c U \u201eKATALOGU MESECA SRBIJE\u201d U UJEDINJENOM KRALJEVSTVU - The Royal Family of Serbia\",\"isPartOf\":{\"@id\":\"https:\\\/\\\/royalfamily.org\\\/#website\"},\"primaryImageOfPage\":{\"@id\":\"https:\\\/\\\/royalfamily.org\\\/lat\\\/clanak-veze-izmedu-kraljevskih-porodica-velike-britanije-i-srbije-u-katalogu-meseca-srbije-u-ujedinjenom-kraljevstvu\\\/#primaryimage\"},\"image\":{\"@id\":\"https:\\\/\\\/royalfamily.org\\\/lat\\\/clanak-veze-izmedu-kraljevskih-porodica-velike-britanije-i-srbije-u-katalogu-meseca-srbije-u-ujedinjenom-kraljevstvu\\\/#primaryimage\"},\"thumbnailUrl\":\"https:\\\/\\\/royalfamily.org\\\/wp-content\\\/uploads\\\/2022\\\/02\\\/COVER-3.jpg\",\"datePublished\":\"2022-02-22T08:02:17+00:00\",\"dateModified\":\"2022-02-22T08:40:24+00:00\",\"breadcrumb\":{\"@id\":\"https:\\\/\\\/royalfamily.org\\\/lat\\\/clanak-veze-izmedu-kraljevskih-porodica-velike-britanije-i-srbije-u-katalogu-meseca-srbije-u-ujedinjenom-kraljevstvu\\\/#breadcrumb\"},\"inLanguage\":\"sr-LT\",\"potentialAction\":[{\"@type\":\"ReadAction\",\"target\":[\"https:\\\/\\\/royalfamily.org\\\/lat\\\/clanak-veze-izmedu-kraljevskih-porodica-velike-britanije-i-srbije-u-katalogu-meseca-srbije-u-ujedinjenom-kraljevstvu\\\/\"]}]},{\"@type\":\"ImageObject\",\"inLanguage\":\"sr-LT\",\"@id\":\"https:\\\/\\\/royalfamily.org\\\/lat\\\/clanak-veze-izmedu-kraljevskih-porodica-velike-britanije-i-srbije-u-katalogu-meseca-srbije-u-ujedinjenom-kraljevstvu\\\/#primaryimage\",\"url\":\"https:\\\/\\\/royalfamily.org\\\/wp-content\\\/uploads\\\/2022\\\/02\\\/COVER-3.jpg\",\"contentUrl\":\"https:\\\/\\\/royalfamily.org\\\/wp-content\\\/uploads\\\/2022\\\/02\\\/COVER-3.jpg\",\"width\":740,\"height\":360,\"caption\":\"\u010clanak \u201eVeze izme\u0111u Kraljevskih porodica Velike Britanije i Srbije\u201c u \u201eKatalogu meseca Srbije\u201d u Ujedinjenom Kraljevstvu\"},{\"@type\":\"BreadcrumbList\",\"@id\":\"https:\\\/\\\/royalfamily.org\\\/lat\\\/clanak-veze-izmedu-kraljevskih-porodica-velike-britanije-i-srbije-u-katalogu-meseca-srbije-u-ujedinjenom-kraljevstvu\\\/#breadcrumb\",\"itemListElement\":[{\"@type\":\"ListItem\",\"position\":1,\"name\":\"Home\",\"item\":\"https:\\\/\\\/royalfamily.org\\\/lat\\\/\"},{\"@type\":\"ListItem\",\"position\":2,\"name\":\"\u010cLANAK \u201eVEZE IZME\u0110U KRALJEVSKIH PORODICA VELIKE BRITANIJE I SRBIJE\u201c U \u201eKATALOGU MESECA SRBIJE\u201d U UJEDINJENOM KRALJEVSTVU\"}]},{\"@type\":\"WebSite\",\"@id\":\"https:\\\/\\\/royalfamily.org\\\/#website\",\"url\":\"https:\\\/\\\/royalfamily.org\\\/\",\"name\":\"The Royal Family of Serbia\",\"description\":\"From the people, for the people\",\"publisher\":{\"@id\":\"https:\\\/\\\/royalfamily.org\\\/#organization\"},\"potentialAction\":[{\"@type\":\"SearchAction\",\"target\":{\"@type\":\"EntryPoint\",\"urlTemplate\":\"https:\\\/\\\/royalfamily.org\\\/?s={search_term_string}\"},\"query-input\":{\"@type\":\"PropertyValueSpecification\",\"valueRequired\":true,\"valueName\":\"search_term_string\"}}],\"inLanguage\":\"sr-LT\"},{\"@type\":\"Organization\",\"@id\":\"https:\\\/\\\/royalfamily.org\\\/#organization\",\"name\":\"Royal Family\",\"url\":\"https:\\\/\\\/royalfamily.org\\\/\",\"logo\":{\"@type\":\"ImageObject\",\"inLanguage\":\"sr-LT\",\"@id\":\"https:\\\/\\\/royalfamily.org\\\/#\\\/schema\\\/logo\\\/image\\\/\",\"url\":\"https:\\\/\\\/royalfamily.org\\\/wp-content\\\/uploads\\\/2019\\\/04\\\/logo-vector-02-V-latinica.png\",\"contentUrl\":\"https:\\\/\\\/royalfamily.org\\\/wp-content\\\/uploads\\\/2019\\\/04\\\/logo-vector-02-V-latinica.png\",\"width\":552,\"height\":99,\"caption\":\"Royal Family\"},\"image\":{\"@id\":\"https:\\\/\\\/royalfamily.org\\\/#\\\/schema\\\/logo\\\/image\\\/\"},\"sameAs\":[\"https:\\\/\\\/www.facebook.com\\\/Prestolonaslednik.Aleksandar\"]},{\"@type\":\"Person\",\"@id\":\"https:\\\/\\\/royalfamily.org\\\/#\\\/schema\\\/person\\\/4ad3296a6a8a35eed333b6a785e9f648\",\"name\":\"Stefan Milanovic\",\"image\":{\"@type\":\"ImageObject\",\"inLanguage\":\"sr-LT\",\"@id\":\"https:\\\/\\\/secure.gravatar.com\\\/avatar\\\/92dcbdcf3e32112a9ceb1e41665b1f44c69382d014cacfe12c701f6af7c40259?s=96&d=mm&r=g\",\"url\":\"https:\\\/\\\/secure.gravatar.com\\\/avatar\\\/92dcbdcf3e32112a9ceb1e41665b1f44c69382d014cacfe12c701f6af7c40259?s=96&d=mm&r=g\",\"contentUrl\":\"https:\\\/\\\/secure.gravatar.com\\\/avatar\\\/92dcbdcf3e32112a9ceb1e41665b1f44c69382d014cacfe12c701f6af7c40259?s=96&d=mm&r=g\",\"caption\":\"Stefan Milanovic\"}}]}<\/script>\n<!-- \/ Yoast SEO Premium plugin. -->","yoast_head_json":{"title":"\u010cLANAK \u201eVEZE IZME\u0110U KRALJEVSKIH PORODICA VELIKE BRITANIJE I SRBIJE\u201c U \u201eKATALOGU MESECA SRBIJE\u201d U UJEDINJENOM KRALJEVSTVU - The Royal Family of Serbia","robots":{"index":"index","follow":"follow","max-snippet":"max-snippet:-1","max-image-preview":"max-image-preview:large","max-video-preview":"max-video-preview:-1"},"canonical":"https:\/\/royalfamily.org\/lat\/clanak-veze-izmedu-kraljevskih-porodica-velike-britanije-i-srbije-u-katalogu-meseca-srbije-u-ujedinjenom-kraljevstvu\/","og_locale":"en_US","og_type":"article","og_title":"\u010cLANAK \u201eVEZE IZME\u0110U KRALJEVSKIH PORODICA VELIKE BRITANIJE I SRBIJE\u201c U \u201eKATALOGU MESECA SRBIJE\u201d U UJEDINJENOM KRALJEVSTVU","og_url":"https:\/\/royalfamily.org\/lat\/clanak-veze-izmedu-kraljevskih-porodica-velike-britanije-i-srbije-u-katalogu-meseca-srbije-u-ujedinjenom-kraljevstvu\/","og_site_name":"The Royal Family of Serbia","article_publisher":"https:\/\/www.facebook.com\/Prestolonaslednik.Aleksandar","article_published_time":"2022-02-22T08:02:17+00:00","article_modified_time":"2022-02-22T08:40:24+00:00","og_image":[{"width":740,"height":360,"url":"https:\/\/royalfamily.org\/wp-content\/uploads\/2022\/02\/COVER-3.jpg","type":"image\/jpeg"}],"author":"Stefan Milanovic","twitter_card":"summary_large_image","twitter_misc":{"Written by":"Stefan Milanovic","Est. reading time":"28 minutes"},"schema":{"@context":"https:\/\/schema.org","@graph":[{"@type":"Article","@id":"https:\/\/royalfamily.org\/lat\/clanak-veze-izmedu-kraljevskih-porodica-velike-britanije-i-srbije-u-katalogu-meseca-srbije-u-ujedinjenom-kraljevstvu\/#article","isPartOf":{"@id":"https:\/\/royalfamily.org\/lat\/clanak-veze-izmedu-kraljevskih-porodica-velike-britanije-i-srbije-u-katalogu-meseca-srbije-u-ujedinjenom-kraljevstvu\/"},"author":{"name":"Stefan Milanovic","@id":"https:\/\/royalfamily.org\/#\/schema\/person\/4ad3296a6a8a35eed333b6a785e9f648"},"headline":"\u010cLANAK \u201eVEZE IZME\u0110U KRALJEVSKIH PORODICA VELIKE BRITANIJE I SRBIJE\u201c U \u201eKATALOGU MESECA SRBIJE\u201d U UJEDINJENOM KRALJEVSTVU","datePublished":"2022-02-22T08:02:17+00:00","dateModified":"2022-02-22T08:40:24+00:00","mainEntityOfPage":{"@id":"https:\/\/royalfamily.org\/lat\/clanak-veze-izmedu-kraljevskih-porodica-velike-britanije-i-srbije-u-katalogu-meseca-srbije-u-ujedinjenom-kraljevstvu\/"},"wordCount":5660,"publisher":{"@id":"https:\/\/royalfamily.org\/#organization"},"image":{"@id":"https:\/\/royalfamily.org\/lat\/clanak-veze-izmedu-kraljevskih-porodica-velike-britanije-i-srbije-u-katalogu-meseca-srbije-u-ujedinjenom-kraljevstvu\/#primaryimage"},"thumbnailUrl":"https:\/\/royalfamily.org\/wp-content\/uploads\/2022\/02\/COVER-3.jpg","articleSection":["Vesti"],"inLanguage":"sr-LT"},{"@type":"WebPage","@id":"https:\/\/royalfamily.org\/lat\/clanak-veze-izmedu-kraljevskih-porodica-velike-britanije-i-srbije-u-katalogu-meseca-srbije-u-ujedinjenom-kraljevstvu\/","url":"https:\/\/royalfamily.org\/lat\/clanak-veze-izmedu-kraljevskih-porodica-velike-britanije-i-srbije-u-katalogu-meseca-srbije-u-ujedinjenom-kraljevstvu\/","name":"\u010cLANAK \u201eVEZE IZME\u0110U KRALJEVSKIH PORODICA VELIKE BRITANIJE I SRBIJE\u201c U \u201eKATALOGU MESECA SRBIJE\u201d U UJEDINJENOM KRALJEVSTVU - The Royal Family of Serbia","isPartOf":{"@id":"https:\/\/royalfamily.org\/#website"},"primaryImageOfPage":{"@id":"https:\/\/royalfamily.org\/lat\/clanak-veze-izmedu-kraljevskih-porodica-velike-britanije-i-srbije-u-katalogu-meseca-srbije-u-ujedinjenom-kraljevstvu\/#primaryimage"},"image":{"@id":"https:\/\/royalfamily.org\/lat\/clanak-veze-izmedu-kraljevskih-porodica-velike-britanije-i-srbije-u-katalogu-meseca-srbije-u-ujedinjenom-kraljevstvu\/#primaryimage"},"thumbnailUrl":"https:\/\/royalfamily.org\/wp-content\/uploads\/2022\/02\/COVER-3.jpg","datePublished":"2022-02-22T08:02:17+00:00","dateModified":"2022-02-22T08:40:24+00:00","breadcrumb":{"@id":"https:\/\/royalfamily.org\/lat\/clanak-veze-izmedu-kraljevskih-porodica-velike-britanije-i-srbije-u-katalogu-meseca-srbije-u-ujedinjenom-kraljevstvu\/#breadcrumb"},"inLanguage":"sr-LT","potentialAction":[{"@type":"ReadAction","target":["https:\/\/royalfamily.org\/lat\/clanak-veze-izmedu-kraljevskih-porodica-velike-britanije-i-srbije-u-katalogu-meseca-srbije-u-ujedinjenom-kraljevstvu\/"]}]},{"@type":"ImageObject","inLanguage":"sr-LT","@id":"https:\/\/royalfamily.org\/lat\/clanak-veze-izmedu-kraljevskih-porodica-velike-britanije-i-srbije-u-katalogu-meseca-srbije-u-ujedinjenom-kraljevstvu\/#primaryimage","url":"https:\/\/royalfamily.org\/wp-content\/uploads\/2022\/02\/COVER-3.jpg","contentUrl":"https:\/\/royalfamily.org\/wp-content\/uploads\/2022\/02\/COVER-3.jpg","width":740,"height":360,"caption":"\u010clanak \u201eVeze izme\u0111u Kraljevskih porodica Velike Britanije i Srbije\u201c u \u201eKatalogu meseca Srbije\u201d u Ujedinjenom Kraljevstvu"},{"@type":"BreadcrumbList","@id":"https:\/\/royalfamily.org\/lat\/clanak-veze-izmedu-kraljevskih-porodica-velike-britanije-i-srbije-u-katalogu-meseca-srbije-u-ujedinjenom-kraljevstvu\/#breadcrumb","itemListElement":[{"@type":"ListItem","position":1,"name":"Home","item":"https:\/\/royalfamily.org\/lat\/"},{"@type":"ListItem","position":2,"name":"\u010cLANAK \u201eVEZE IZME\u0110U KRALJEVSKIH PORODICA VELIKE BRITANIJE I SRBIJE\u201c U \u201eKATALOGU MESECA SRBIJE\u201d U UJEDINJENOM KRALJEVSTVU"}]},{"@type":"WebSite","@id":"https:\/\/royalfamily.org\/#website","url":"https:\/\/royalfamily.org\/","name":"The Royal Family of Serbia","description":"From the people, for the people","publisher":{"@id":"https:\/\/royalfamily.org\/#organization"},"potentialAction":[{"@type":"SearchAction","target":{"@type":"EntryPoint","urlTemplate":"https:\/\/royalfamily.org\/?s={search_term_string}"},"query-input":{"@type":"PropertyValueSpecification","valueRequired":true,"valueName":"search_term_string"}}],"inLanguage":"sr-LT"},{"@type":"Organization","@id":"https:\/\/royalfamily.org\/#organization","name":"Royal Family","url":"https:\/\/royalfamily.org\/","logo":{"@type":"ImageObject","inLanguage":"sr-LT","@id":"https:\/\/royalfamily.org\/#\/schema\/logo\/image\/","url":"https:\/\/royalfamily.org\/wp-content\/uploads\/2019\/04\/logo-vector-02-V-latinica.png","contentUrl":"https:\/\/royalfamily.org\/wp-content\/uploads\/2019\/04\/logo-vector-02-V-latinica.png","width":552,"height":99,"caption":"Royal Family"},"image":{"@id":"https:\/\/royalfamily.org\/#\/schema\/logo\/image\/"},"sameAs":["https:\/\/www.facebook.com\/Prestolonaslednik.Aleksandar"]},{"@type":"Person","@id":"https:\/\/royalfamily.org\/#\/schema\/person\/4ad3296a6a8a35eed333b6a785e9f648","name":"Stefan Milanovic","image":{"@type":"ImageObject","inLanguage":"sr-LT","@id":"https:\/\/secure.gravatar.com\/avatar\/92dcbdcf3e32112a9ceb1e41665b1f44c69382d014cacfe12c701f6af7c40259?s=96&d=mm&r=g","url":"https:\/\/secure.gravatar.com\/avatar\/92dcbdcf3e32112a9ceb1e41665b1f44c69382d014cacfe12c701f6af7c40259?s=96&d=mm&r=g","contentUrl":"https:\/\/secure.gravatar.com\/avatar\/92dcbdcf3e32112a9ceb1e41665b1f44c69382d014cacfe12c701f6af7c40259?s=96&d=mm&r=g","caption":"Stefan Milanovic"}}]}},"_links":{"self":[{"href":"https:\/\/royalfamily.org\/lat\/wp-json\/wp\/v2\/posts\/81510","targetHints":{"allow":["GET"]}}],"collection":[{"href":"https:\/\/royalfamily.org\/lat\/wp-json\/wp\/v2\/posts"}],"about":[{"href":"https:\/\/royalfamily.org\/lat\/wp-json\/wp\/v2\/types\/post"}],"author":[{"embeddable":true,"href":"https:\/\/royalfamily.org\/lat\/wp-json\/wp\/v2\/users\/1001015"}],"replies":[{"embeddable":true,"href":"https:\/\/royalfamily.org\/lat\/wp-json\/wp\/v2\/comments?post=81510"}],"version-history":[{"count":8,"href":"https:\/\/royalfamily.org\/lat\/wp-json\/wp\/v2\/posts\/81510\/revisions"}],"predecessor-version":[{"id":81535,"href":"https:\/\/royalfamily.org\/lat\/wp-json\/wp\/v2\/posts\/81510\/revisions\/81535"}],"wp:featuredmedia":[{"embeddable":true,"href":"https:\/\/royalfamily.org\/lat\/wp-json\/wp\/v2\/media\/81503"}],"wp:attachment":[{"href":"https:\/\/royalfamily.org\/lat\/wp-json\/wp\/v2\/media?parent=81510"}],"wp:term":[{"taxonomy":"category","embeddable":true,"href":"https:\/\/royalfamily.org\/lat\/wp-json\/wp\/v2\/categories?post=81510"},{"taxonomy":"post_tag","embeddable":true,"href":"https:\/\/royalfamily.org\/lat\/wp-json\/wp\/v2\/tags?post=81510"}],"curies":[{"name":"wp","href":"https:\/\/api.w.org\/{rel}","templated":true}]}}