{"id":81581,"date":"2022-02-25T09:11:00","date_gmt":"2022-02-25T08:11:00","guid":{"rendered":"https:\/\/royalfamily.org\/?p=81581"},"modified":"2022-02-25T09:11:00","modified_gmt":"2022-02-25T08:11:00","slug":"srecan-cetvrti-rodendan-prince-stefane","status":"publish","type":"post","link":"https:\/\/royalfamily.org\/lat\/srecan-cetvrti-rodendan-prince-stefane\/","title":{"rendered":"SREC\u0301AN \u010cETVRTI RO\u0110ENDAN PRIN\u010cE STEFANE!"},"content":{"rendered":"<div class=\"fusion-fullwidth fullwidth-box fusion-builder-row-1 fusion-flex-container nonhundred-percent-fullwidth non-hundred-percent-height-scrolling\" style=\"--awb-border-radius-top-left:0px;--awb-border-radius-top-right:0px;--awb-border-radius-bottom-right:0px;--awb-border-radius-bottom-left:0px;--awb-flex-wrap:wrap;\" ><div class=\"fusion-builder-row fusion-row fusion-flex-align-items-flex-start fusion-flex-content-wrap\" style=\"max-width:1227.2px;margin-left: calc(-4% \/ 2 );margin-right: calc(-4% \/ 2 );\"><div class=\"fusion-layout-column fusion_builder_column fusion-builder-column-0 fusion_builder_column_1_1 1_1 fusion-flex-column\" style=\"--awb-bg-size:cover;--awb-width-large:100%;--awb-margin-top-large:0px;--awb-spacing-right-large:1.92%;--awb-margin-bottom-large:20px;--awb-spacing-left-large:1.92%;--awb-width-medium:100%;--awb-order-medium:0;--awb-spacing-right-medium:1.92%;--awb-spacing-left-medium:1.92%;--awb-width-small:100%;--awb-order-small:0;--awb-spacing-right-small:1.92%;--awb-spacing-left-small:1.92%;\"><div class=\"fusion-column-wrapper fusion-column-has-shadow fusion-flex-justify-content-flex-start fusion-content-layout-column\"><div class=\"fusion-text fusion-text-1\" style=\"--awb-text-transform:none;\"><p>Njegovo Kraljevsko Viso\u010danstvo Princ Stefan danas slavi svoj \u010detvrti ro\u0111endan.<\/p>\n<p>\u201eMoja supruga Nj.K.V. Princeza Katarina i ja \u017eelimo na\u0161em dragom unuku Stefanu srec\u0301an \u010detvrti ro\u0111endan, ispunjen rado\u0161c\u0301u, ljubavlju i zabavom! Srec\u0301an ro\u0111endan dragi na\u0161 Stefane!\u201c rekao je Nj.K.V. Prestolonaslednik Aleksandar.<\/p>\n<p>Njegovo Kraljevsko Viso\u010danstvo Princ Stefan, sin Njihovih Kraljevskih Viso\u010danstva Princa Filipa i Princeze Danice, unuk je Njegovog Kraljevskog Viso\u010danstva Prestolonaslednika Aleksandra i praunuk Njihovih Veli\u010danstava Kralja Petra II i Kraljice Aleksandre od Jugoslavije. Ro\u0111en je u Beogradu, 25. februara 2018. godine.<\/p>\n<p>Sa blagoslovom Njegove Svetosti bla\u017eenopo\u010div\u0161eg Patrijarha srpskog Irineja, zvona beogradskog hrama Svetog Save oglasila su se povodom ro\u0111enja novog \u010dlana srpske Kraljevske porodice. To je bio prvi put da je 49 zvona najvec\u0301eg pravoslavnog hrama na Balkanu objavilo takvo ro\u0111enje. Tako\u0111e, njegovo ro\u0111enje objavila su i zvona crkve Svetog \u0110or\u0111a na Oplencu i manastira \u017di\u010de. Bilo je to prvo ro\u0111enje mu\u0161kog deteta u Kraljevskoj porodici u Srbiji, posle 90 godina, kada je u Beogradu ro\u0111en Nj.K.V. Kraljevi\u0107 Tomislav, brat Nj.V. Kralja Petra II.<\/p>\n<p>Njegova Svetost Patrijarh srpski Irinej krstio je Princa Stefana u Dvorskoj kapeli Svetog Andreja Prvozvanog na Dedinju, 15. decembra 2018. godine. Kumovi Princa Stefana su Nj.K.V. Princ Aleksandar (brat blizanac Nj.K.V. Princa Filipa), g-\u0111a Petra Lazarevic\u0301 i g-din Du\u0161an Antunovic\u0301. Patrijarhu se pridru\u017eio i Njegovo Preosve\u0161tenstvo pokojni Episkop \u0161aba\u010dki Lavrentije, koji je 1985. godine ven\u010dao Nj.K.V. Prestolonaslednika Aleksandra i Princezu Katarinu, a 1983. godine krstio Prin\u010deve Filipa i Aleksandra. Princ Stefan je na kr\u0161tenju nosio ode\u0107u u kojoj je 1923. godine u Beogradu kr\u0161ten Nj.V. Kralj Petar II. Kr\u0161tenje je obavio Njegova Svetost Patrijarh srpski Dimitrije, a kum je bio britanski Kralj D\u017eord\u017e V.<\/p>\n<\/div><\/div><\/div><\/div><\/div>\n","protected":false},"excerpt":{"rendered":"","protected":false},"author":1001015,"featured_media":81576,"comment_status":"closed","ping_status":"closed","sticky":false,"template":"","format":"standard","meta":{"_acf_changed":false,"footnotes":""},"categories":[22],"tags":[],"class_list":["post-81581","post","type-post","status-publish","format-standard","has-post-thumbnail","hentry","category-vesti"],"acf":[],"yoast_head":"<!-- This site is optimized with the Yoast SEO Premium plugin v27.4 (Yoast SEO v27.4) - https:\/\/yoast.com\/product\/yoast-seo-premium-wordpress\/ -->\n<title>SREC\u0301AN \u010cETVRTI RO\u0110ENDAN PRIN\u010cE STEFANE! - The Royal Family of Serbia<\/title>\n<meta name=\"robots\" content=\"index, follow, max-snippet:-1, max-image-preview:large, max-video-preview:-1\" \/>\n<link rel=\"canonical\" href=\"https:\/\/royalfamily.org\/lat\/srecan-cetvrti-rodendan-prince-stefane\/\" \/>\n<meta property=\"og:locale\" content=\"en_US\" \/>\n<meta property=\"og:type\" content=\"article\" \/>\n<meta property=\"og:title\" content=\"SREC\u0301AN \u010cETVRTI RO\u0110ENDAN PRIN\u010cE STEFANE!\" \/>\n<meta property=\"og:url\" content=\"https:\/\/royalfamily.org\/lat\/srecan-cetvrti-rodendan-prince-stefane\/\" \/>\n<meta property=\"og:site_name\" content=\"The Royal Family of Serbia\" \/>\n<meta property=\"article:publisher\" content=\"https:\/\/www.facebook.com\/Prestolonaslednik.Aleksandar\" \/>\n<meta property=\"article:published_time\" content=\"2022-02-25T08:11:00+00:00\" \/>\n<meta property=\"og:image\" content=\"https:\/\/royalfamily.org\/wp-content\/uploads\/2022\/02\/COVER-Stefan.jpg\" \/>\n\t<meta property=\"og:image:width\" content=\"740\" \/>\n\t<meta property=\"og:image:height\" content=\"360\" \/>\n\t<meta property=\"og:image:type\" content=\"image\/jpeg\" \/>\n<meta name=\"author\" content=\"Stefan Milanovic\" \/>\n<meta name=\"twitter:card\" content=\"summary_large_image\" \/>\n<meta name=\"twitter:label1\" content=\"Written by\" \/>\n\t<meta name=\"twitter:data1\" content=\"Stefan Milanovic\" \/>\n\t<meta name=\"twitter:label2\" content=\"Est. reading time\" \/>\n\t<meta name=\"twitter:data2\" content=\"5 minutes\" \/>\n<script type=\"application\/ld+json\" class=\"yoast-schema-graph\">{\"@context\":\"https:\\\/\\\/schema.org\",\"@graph\":[{\"@type\":\"Article\",\"@id\":\"https:\\\/\\\/royalfamily.org\\\/lat\\\/srecan-cetvrti-rodendan-prince-stefane\\\/#article\",\"isPartOf\":{\"@id\":\"https:\\\/\\\/royalfamily.org\\\/lat\\\/srecan-cetvrti-rodendan-prince-stefane\\\/\"},\"author\":{\"name\":\"Stefan Milanovic\",\"@id\":\"https:\\\/\\\/royalfamily.org\\\/#\\\/schema\\\/person\\\/4ad3296a6a8a35eed333b6a785e9f648\"},\"headline\":\"SREC\u0301AN \u010cETVRTI RO\u0110ENDAN PRIN\u010cE STEFANE!\",\"datePublished\":\"2022-02-25T08:11:00+00:00\",\"mainEntityOfPage\":{\"@id\":\"https:\\\/\\\/royalfamily.org\\\/lat\\\/srecan-cetvrti-rodendan-prince-stefane\\\/\"},\"wordCount\":941,\"publisher\":{\"@id\":\"https:\\\/\\\/royalfamily.org\\\/#organization\"},\"image\":{\"@id\":\"https:\\\/\\\/royalfamily.org\\\/lat\\\/srecan-cetvrti-rodendan-prince-stefane\\\/#primaryimage\"},\"thumbnailUrl\":\"https:\\\/\\\/royalfamily.org\\\/wp-content\\\/uploads\\\/2022\\\/02\\\/COVER-Stefan.jpg\",\"articleSection\":[\"Vesti\"],\"inLanguage\":\"sr-LT\"},{\"@type\":\"WebPage\",\"@id\":\"https:\\\/\\\/royalfamily.org\\\/lat\\\/srecan-cetvrti-rodendan-prince-stefane\\\/\",\"url\":\"https:\\\/\\\/royalfamily.org\\\/lat\\\/srecan-cetvrti-rodendan-prince-stefane\\\/\",\"name\":\"SREC\u0301AN \u010cETVRTI RO\u0110ENDAN PRIN\u010cE STEFANE! - The Royal Family of Serbia\",\"isPartOf\":{\"@id\":\"https:\\\/\\\/royalfamily.org\\\/#website\"},\"primaryImageOfPage\":{\"@id\":\"https:\\\/\\\/royalfamily.org\\\/lat\\\/srecan-cetvrti-rodendan-prince-stefane\\\/#primaryimage\"},\"image\":{\"@id\":\"https:\\\/\\\/royalfamily.org\\\/lat\\\/srecan-cetvrti-rodendan-prince-stefane\\\/#primaryimage\"},\"thumbnailUrl\":\"https:\\\/\\\/royalfamily.org\\\/wp-content\\\/uploads\\\/2022\\\/02\\\/COVER-Stefan.jpg\",\"datePublished\":\"2022-02-25T08:11:00+00:00\",\"breadcrumb\":{\"@id\":\"https:\\\/\\\/royalfamily.org\\\/lat\\\/srecan-cetvrti-rodendan-prince-stefane\\\/#breadcrumb\"},\"inLanguage\":\"sr-LT\",\"potentialAction\":[{\"@type\":\"ReadAction\",\"target\":[\"https:\\\/\\\/royalfamily.org\\\/lat\\\/srecan-cetvrti-rodendan-prince-stefane\\\/\"]}]},{\"@type\":\"ImageObject\",\"inLanguage\":\"sr-LT\",\"@id\":\"https:\\\/\\\/royalfamily.org\\\/lat\\\/srecan-cetvrti-rodendan-prince-stefane\\\/#primaryimage\",\"url\":\"https:\\\/\\\/royalfamily.org\\\/wp-content\\\/uploads\\\/2022\\\/02\\\/COVER-Stefan.jpg\",\"contentUrl\":\"https:\\\/\\\/royalfamily.org\\\/wp-content\\\/uploads\\\/2022\\\/02\\\/COVER-Stefan.jpg\",\"width\":740,\"height\":360,\"caption\":\"SREC\u0301AN \u010cETVRTI RO\u0110ENDAN PRIN\u010cE STEFANE!\"},{\"@type\":\"BreadcrumbList\",\"@id\":\"https:\\\/\\\/royalfamily.org\\\/lat\\\/srecan-cetvrti-rodendan-prince-stefane\\\/#breadcrumb\",\"itemListElement\":[{\"@type\":\"ListItem\",\"position\":1,\"name\":\"Home\",\"item\":\"https:\\\/\\\/royalfamily.org\\\/lat\\\/\"},{\"@type\":\"ListItem\",\"position\":2,\"name\":\"SREC\u0301AN \u010cETVRTI RO\u0110ENDAN PRIN\u010cE STEFANE!\"}]},{\"@type\":\"WebSite\",\"@id\":\"https:\\\/\\\/royalfamily.org\\\/#website\",\"url\":\"https:\\\/\\\/royalfamily.org\\\/\",\"name\":\"The Royal Family of Serbia\",\"description\":\"From the people, for the people\",\"publisher\":{\"@id\":\"https:\\\/\\\/royalfamily.org\\\/#organization\"},\"potentialAction\":[{\"@type\":\"SearchAction\",\"target\":{\"@type\":\"EntryPoint\",\"urlTemplate\":\"https:\\\/\\\/royalfamily.org\\\/?s={search_term_string}\"},\"query-input\":{\"@type\":\"PropertyValueSpecification\",\"valueRequired\":true,\"valueName\":\"search_term_string\"}}],\"inLanguage\":\"sr-LT\"},{\"@type\":\"Organization\",\"@id\":\"https:\\\/\\\/royalfamily.org\\\/#organization\",\"name\":\"Royal Family\",\"url\":\"https:\\\/\\\/royalfamily.org\\\/\",\"logo\":{\"@type\":\"ImageObject\",\"inLanguage\":\"sr-LT\",\"@id\":\"https:\\\/\\\/royalfamily.org\\\/#\\\/schema\\\/logo\\\/image\\\/\",\"url\":\"https:\\\/\\\/royalfamily.org\\\/wp-content\\\/uploads\\\/2019\\\/04\\\/logo-vector-02-V-latinica.png\",\"contentUrl\":\"https:\\\/\\\/royalfamily.org\\\/wp-content\\\/uploads\\\/2019\\\/04\\\/logo-vector-02-V-latinica.png\",\"width\":552,\"height\":99,\"caption\":\"Royal Family\"},\"image\":{\"@id\":\"https:\\\/\\\/royalfamily.org\\\/#\\\/schema\\\/logo\\\/image\\\/\"},\"sameAs\":[\"https:\\\/\\\/www.facebook.com\\\/Prestolonaslednik.Aleksandar\"]},{\"@type\":\"Person\",\"@id\":\"https:\\\/\\\/royalfamily.org\\\/#\\\/schema\\\/person\\\/4ad3296a6a8a35eed333b6a785e9f648\",\"name\":\"Stefan Milanovic\",\"image\":{\"@type\":\"ImageObject\",\"inLanguage\":\"sr-LT\",\"@id\":\"https:\\\/\\\/secure.gravatar.com\\\/avatar\\\/92dcbdcf3e32112a9ceb1e41665b1f44c69382d014cacfe12c701f6af7c40259?s=96&d=mm&r=g\",\"url\":\"https:\\\/\\\/secure.gravatar.com\\\/avatar\\\/92dcbdcf3e32112a9ceb1e41665b1f44c69382d014cacfe12c701f6af7c40259?s=96&d=mm&r=g\",\"contentUrl\":\"https:\\\/\\\/secure.gravatar.com\\\/avatar\\\/92dcbdcf3e32112a9ceb1e41665b1f44c69382d014cacfe12c701f6af7c40259?s=96&d=mm&r=g\",\"caption\":\"Stefan Milanovic\"}}]}<\/script>\n<!-- \/ Yoast SEO Premium plugin. -->","yoast_head_json":{"title":"SREC\u0301AN \u010cETVRTI RO\u0110ENDAN PRIN\u010cE STEFANE! - The Royal Family of Serbia","robots":{"index":"index","follow":"follow","max-snippet":"max-snippet:-1","max-image-preview":"max-image-preview:large","max-video-preview":"max-video-preview:-1"},"canonical":"https:\/\/royalfamily.org\/lat\/srecan-cetvrti-rodendan-prince-stefane\/","og_locale":"en_US","og_type":"article","og_title":"SREC\u0301AN \u010cETVRTI RO\u0110ENDAN PRIN\u010cE STEFANE!","og_url":"https:\/\/royalfamily.org\/lat\/srecan-cetvrti-rodendan-prince-stefane\/","og_site_name":"The Royal Family of Serbia","article_publisher":"https:\/\/www.facebook.com\/Prestolonaslednik.Aleksandar","article_published_time":"2022-02-25T08:11:00+00:00","og_image":[{"width":740,"height":360,"url":"https:\/\/royalfamily.org\/wp-content\/uploads\/2022\/02\/COVER-Stefan.jpg","type":"image\/jpeg"}],"author":"Stefan Milanovic","twitter_card":"summary_large_image","twitter_misc":{"Written by":"Stefan Milanovic","Est. reading time":"5 minutes"},"schema":{"@context":"https:\/\/schema.org","@graph":[{"@type":"Article","@id":"https:\/\/royalfamily.org\/lat\/srecan-cetvrti-rodendan-prince-stefane\/#article","isPartOf":{"@id":"https:\/\/royalfamily.org\/lat\/srecan-cetvrti-rodendan-prince-stefane\/"},"author":{"name":"Stefan Milanovic","@id":"https:\/\/royalfamily.org\/#\/schema\/person\/4ad3296a6a8a35eed333b6a785e9f648"},"headline":"SREC\u0301AN \u010cETVRTI RO\u0110ENDAN PRIN\u010cE STEFANE!","datePublished":"2022-02-25T08:11:00+00:00","mainEntityOfPage":{"@id":"https:\/\/royalfamily.org\/lat\/srecan-cetvrti-rodendan-prince-stefane\/"},"wordCount":941,"publisher":{"@id":"https:\/\/royalfamily.org\/#organization"},"image":{"@id":"https:\/\/royalfamily.org\/lat\/srecan-cetvrti-rodendan-prince-stefane\/#primaryimage"},"thumbnailUrl":"https:\/\/royalfamily.org\/wp-content\/uploads\/2022\/02\/COVER-Stefan.jpg","articleSection":["Vesti"],"inLanguage":"sr-LT"},{"@type":"WebPage","@id":"https:\/\/royalfamily.org\/lat\/srecan-cetvrti-rodendan-prince-stefane\/","url":"https:\/\/royalfamily.org\/lat\/srecan-cetvrti-rodendan-prince-stefane\/","name":"SREC\u0301AN \u010cETVRTI RO\u0110ENDAN PRIN\u010cE STEFANE! - The Royal Family of Serbia","isPartOf":{"@id":"https:\/\/royalfamily.org\/#website"},"primaryImageOfPage":{"@id":"https:\/\/royalfamily.org\/lat\/srecan-cetvrti-rodendan-prince-stefane\/#primaryimage"},"image":{"@id":"https:\/\/royalfamily.org\/lat\/srecan-cetvrti-rodendan-prince-stefane\/#primaryimage"},"thumbnailUrl":"https:\/\/royalfamily.org\/wp-content\/uploads\/2022\/02\/COVER-Stefan.jpg","datePublished":"2022-02-25T08:11:00+00:00","breadcrumb":{"@id":"https:\/\/royalfamily.org\/lat\/srecan-cetvrti-rodendan-prince-stefane\/#breadcrumb"},"inLanguage":"sr-LT","potentialAction":[{"@type":"ReadAction","target":["https:\/\/royalfamily.org\/lat\/srecan-cetvrti-rodendan-prince-stefane\/"]}]},{"@type":"ImageObject","inLanguage":"sr-LT","@id":"https:\/\/royalfamily.org\/lat\/srecan-cetvrti-rodendan-prince-stefane\/#primaryimage","url":"https:\/\/royalfamily.org\/wp-content\/uploads\/2022\/02\/COVER-Stefan.jpg","contentUrl":"https:\/\/royalfamily.org\/wp-content\/uploads\/2022\/02\/COVER-Stefan.jpg","width":740,"height":360,"caption":"SREC\u0301AN \u010cETVRTI RO\u0110ENDAN PRIN\u010cE STEFANE!"},{"@type":"BreadcrumbList","@id":"https:\/\/royalfamily.org\/lat\/srecan-cetvrti-rodendan-prince-stefane\/#breadcrumb","itemListElement":[{"@type":"ListItem","position":1,"name":"Home","item":"https:\/\/royalfamily.org\/lat\/"},{"@type":"ListItem","position":2,"name":"SREC\u0301AN \u010cETVRTI RO\u0110ENDAN PRIN\u010cE STEFANE!"}]},{"@type":"WebSite","@id":"https:\/\/royalfamily.org\/#website","url":"https:\/\/royalfamily.org\/","name":"The Royal Family of Serbia","description":"From the people, for the people","publisher":{"@id":"https:\/\/royalfamily.org\/#organization"},"potentialAction":[{"@type":"SearchAction","target":{"@type":"EntryPoint","urlTemplate":"https:\/\/royalfamily.org\/?s={search_term_string}"},"query-input":{"@type":"PropertyValueSpecification","valueRequired":true,"valueName":"search_term_string"}}],"inLanguage":"sr-LT"},{"@type":"Organization","@id":"https:\/\/royalfamily.org\/#organization","name":"Royal Family","url":"https:\/\/royalfamily.org\/","logo":{"@type":"ImageObject","inLanguage":"sr-LT","@id":"https:\/\/royalfamily.org\/#\/schema\/logo\/image\/","url":"https:\/\/royalfamily.org\/wp-content\/uploads\/2019\/04\/logo-vector-02-V-latinica.png","contentUrl":"https:\/\/royalfamily.org\/wp-content\/uploads\/2019\/04\/logo-vector-02-V-latinica.png","width":552,"height":99,"caption":"Royal Family"},"image":{"@id":"https:\/\/royalfamily.org\/#\/schema\/logo\/image\/"},"sameAs":["https:\/\/www.facebook.com\/Prestolonaslednik.Aleksandar"]},{"@type":"Person","@id":"https:\/\/royalfamily.org\/#\/schema\/person\/4ad3296a6a8a35eed333b6a785e9f648","name":"Stefan Milanovic","image":{"@type":"ImageObject","inLanguage":"sr-LT","@id":"https:\/\/secure.gravatar.com\/avatar\/92dcbdcf3e32112a9ceb1e41665b1f44c69382d014cacfe12c701f6af7c40259?s=96&d=mm&r=g","url":"https:\/\/secure.gravatar.com\/avatar\/92dcbdcf3e32112a9ceb1e41665b1f44c69382d014cacfe12c701f6af7c40259?s=96&d=mm&r=g","contentUrl":"https:\/\/secure.gravatar.com\/avatar\/92dcbdcf3e32112a9ceb1e41665b1f44c69382d014cacfe12c701f6af7c40259?s=96&d=mm&r=g","caption":"Stefan Milanovic"}}]}},"_links":{"self":[{"href":"https:\/\/royalfamily.org\/lat\/wp-json\/wp\/v2\/posts\/81581","targetHints":{"allow":["GET"]}}],"collection":[{"href":"https:\/\/royalfamily.org\/lat\/wp-json\/wp\/v2\/posts"}],"about":[{"href":"https:\/\/royalfamily.org\/lat\/wp-json\/wp\/v2\/types\/post"}],"author":[{"embeddable":true,"href":"https:\/\/royalfamily.org\/lat\/wp-json\/wp\/v2\/users\/1001015"}],"replies":[{"embeddable":true,"href":"https:\/\/royalfamily.org\/lat\/wp-json\/wp\/v2\/comments?post=81581"}],"version-history":[{"count":1,"href":"https:\/\/royalfamily.org\/lat\/wp-json\/wp\/v2\/posts\/81581\/revisions"}],"predecessor-version":[{"id":81582,"href":"https:\/\/royalfamily.org\/lat\/wp-json\/wp\/v2\/posts\/81581\/revisions\/81582"}],"wp:featuredmedia":[{"embeddable":true,"href":"https:\/\/royalfamily.org\/lat\/wp-json\/wp\/v2\/media\/81576"}],"wp:attachment":[{"href":"https:\/\/royalfamily.org\/lat\/wp-json\/wp\/v2\/media?parent=81581"}],"wp:term":[{"taxonomy":"category","embeddable":true,"href":"https:\/\/royalfamily.org\/lat\/wp-json\/wp\/v2\/categories?post=81581"},{"taxonomy":"post_tag","embeddable":true,"href":"https:\/\/royalfamily.org\/lat\/wp-json\/wp\/v2\/tags?post=81581"}],"curies":[{"name":"wp","href":"https:\/\/api.w.org\/{rel}","templated":true}]}}