{"id":82329,"date":"2022-05-08T15:22:58","date_gmt":"2022-05-08T13:22:58","guid":{"rendered":"https:\/\/royalfamily.org\/?p=82329"},"modified":"2022-05-08T15:22:58","modified_gmt":"2022-05-08T13:22:58","slug":"pocast-generalu-mihailovicu-i-jugoslovens%d0%baoj-vojsci-u-otadzbini","status":"publish","type":"post","link":"https:\/\/royalfamily.org\/lat\/pocast-generalu-mihailovicu-i-jugoslovens%d0%baoj-vojsci-u-otadzbini\/","title":{"rendered":"PO\u010cAST GENERALU MIHAILOVI\u0106U I JUGOSLOVENS\u041aOJ VOJSCI U  OTAD\u017dBINI"},"content":{"rendered":"<div class=\"fusion-fullwidth fullwidth-box fusion-builder-row-1 fusion-flex-container nonhundred-percent-fullwidth non-hundred-percent-height-scrolling\" style=\"--awb-border-radius-top-left:0px;--awb-border-radius-top-right:0px;--awb-border-radius-bottom-right:0px;--awb-border-radius-bottom-left:0px;--awb-flex-wrap:wrap;\" ><div class=\"fusion-builder-row fusion-row fusion-flex-align-items-flex-start fusion-flex-content-wrap\" style=\"max-width:1227.2px;margin-left: calc(-4% \/ 2 );margin-right: calc(-4% \/ 2 );\"><div class=\"fusion-layout-column fusion_builder_column fusion-builder-column-0 fusion_builder_column_1_1 1_1 fusion-flex-column\" style=\"--awb-bg-size:cover;--awb-width-large:100%;--awb-margin-top-large:0px;--awb-spacing-right-large:1.92%;--awb-margin-bottom-large:0px;--awb-spacing-left-large:1.92%;--awb-width-medium:100%;--awb-spacing-right-medium:1.92%;--awb-spacing-left-medium:1.92%;--awb-width-small:100%;--awb-spacing-right-small:1.92%;--awb-spacing-left-small:1.92%;\"><div class=\"fusion-column-wrapper fusion-flex-justify-content-flex-start fusion-content-layout-column\"><div class=\"fusion-text fusion-text-1\"><p>Gospodin Milo\u0161 Pavkovi\u0107, predsednik Udru\u017eenja \u041araljevina Srbija, pro\u010ditao je pismo NJ.\u041a.V. Prestolonaslednika Aleksandra i<br \/>\npolo\u017eio venac u ime Nj\u0435govog \u041araljevskog Viso\u010danstva na spomenik generalu Dragoljubu Mihailovi\u0107u na sve\u010danosti na Ravnoj Gori, koju tradicionalno svake godine organizuje Ravnogorski pokret.<\/p>\n<p>Ova manifestacija je posve\u0107ena se\u0107anju na dan kada je pre 81 godinu pukovnik Dragoljub Mihailovi\u0107 sa grupom od 25 oficira i vojnika do\u0161ao na Ravnu Goru, na planini Suvobor, i zapo\u010deo gerilsku borbu Jugoslovenske vojske u otad\u017ebini protiv nacisti\u010dkih okupatora.<\/p>\n<p>NJ.\u041a.V. Prestolonaslednik Aleksandar nije bio u mogu\u0107nosti da li\u010dno prisustvuje, zbog ranije preuzetih obaveza u inostranstvu, ali je pro\u010ditano njegovo pismo u kom je naveo: \u201eSa ovog svetog mesta, iskra slobode i otpora osvaja\u010dkim trupama pro\u0161irila se kao vatra po celoj zemlji. Jo\u0161 jednom je po\u0161tovanje zaveta na\u0161ih predaka jasno pokazalo onima koji su nastojali da porobe na\u0161u otad\u017ebinu da smo mi slobodoljubivi ljudi, uvek na strani dobra, protiv ekstremnih ideologija, koji ne trpe okove.<\/p>\n<p>Odabrav\u0161i put stavljanja \u017eivota na oltar otad\u017ebine u pravednoj borbi za slobodu, Dra\u017ea i njegovi hrabri vojnici pobrinuli su se da ime Ravne Gore postane va\u017ean simbol svakog pravog rodoljuba u na\u0161oj zemlji.<\/p>\n<p>Odaju\u0107i po\u010dast tim herojima, svi smo du\u017eni da uvek budemo verni vrhunskim vrednostima i idealima pravde, odanosti i po\u0161tenja, kao \u0161to su<br \/>\nuvek bili besmrtni general Mihailovi\u0107 i njegovi herojski borci. To su vrednosti koje se moraju primeniti u svakom aspektu \u017eivota i ne smeju nikada da se zaborave. Uvek moramo biti svesni koliko je tradicija Jugoslovenske vojske u otad\u017ebini va\u017ena za na\u0161u zemlju i na\u0161 narod, za na\u0161u istoriju i vrednosti u koje svi verujemo.<\/p>\n<p>Neka je ve\u010dna slava besmrtnom generalu Mihailovi\u0107u i njegovim juna\u010dkim vojnicima!\u201c<\/p>\n<\/div><div class=\"awb-gallery-wrapper awb-gallery-wrapper-1 button-span-no\" data-limit=\"20\" data-page=\"1\"><div style=\"margin:-5px;--awb-bordersize:0px;\" class=\"fusion-gallery fusion-gallery-container fusion-grid-4 fusion-columns-total-4 fusion-gallery-layout-grid fusion-gallery-1\"><div style=\"padding:5px;\" class=\"fusion-grid-column fusion-gallery-column fusion-gallery-column-4 hover-type-none\"><div class=\"fusion-gallery-image\"><a href=\"https:\/\/royalfamily.org\/wp-content\/uploads\/2022\/05\/1-1.jpg\" data-caption=\"Udru\u017eenje Kraljevina Srbija pola\u017ee venac u ime Prestolonaslednika Aleksandra na spomenik generalu Mihailovi\u0107u na Ravnoj gori\" rel=\"noreferrer\" data-rel=\"iLightbox[gallery_image_1]\" class=\"fusion-lightbox\" target=\"_self\"><img decoding=\"async\" src=\"https:\/\/royalfamily.org\/wp-content\/uploads\/2022\/05\/1-1.jpg\" width=\"1600\" height=\"900\" alt=\"\" title=\"1 (1)\" aria-label=\"1 (1)\" class=\"img-responsive wp-image-82324\" srcset=\"https:\/\/royalfamily.org\/wp-content\/uploads\/2022\/05\/1-1-200x113.jpg 200w, https:\/\/royalfamily.org\/wp-content\/uploads\/2022\/05\/1-1-400x225.jpg 400w, https:\/\/royalfamily.org\/wp-content\/uploads\/2022\/05\/1-1-600x338.jpg 600w, https:\/\/royalfamily.org\/wp-content\/uploads\/2022\/05\/1-1-800x450.jpg 800w, https:\/\/royalfamily.org\/wp-content\/uploads\/2022\/05\/1-1-1200x675.jpg 1200w, https:\/\/royalfamily.org\/wp-content\/uploads\/2022\/05\/1-1.jpg 1600w\" sizes=\"(min-width: 2200px) 100vw, (min-width: 916px) 291px, (min-width: 824px) 388px, (min-width: 732px) 583px, (min-width: 640px) 732px, \" \/><\/a><\/div><\/div><div style=\"padding:5px;\" class=\"fusion-grid-column fusion-gallery-column fusion-gallery-column-4 hover-type-none\"><div class=\"fusion-gallery-image\"><a href=\"https:\/\/royalfamily.org\/wp-content\/uploads\/2022\/05\/2-2.jpg\" data-caption=\"Udru\u017eenje Kraljevina Srbija pola\u017ee venac u ime Prestolonaslednika Aleksandra na spomenik generalu Mihailovi\u0107u na Ravnoj gori\" rel=\"noreferrer\" data-rel=\"iLightbox[gallery_image_1]\" class=\"fusion-lightbox\" target=\"_self\"><img decoding=\"async\" src=\"https:\/\/royalfamily.org\/wp-content\/uploads\/2022\/05\/2-2.jpg\" width=\"1600\" height=\"900\" alt=\"\" title=\"2 (2)\" aria-label=\"2 (2)\" class=\"img-responsive wp-image-82318\" srcset=\"https:\/\/royalfamily.org\/wp-content\/uploads\/2022\/05\/2-2-200x113.jpg 200w, https:\/\/royalfamily.org\/wp-content\/uploads\/2022\/05\/2-2-400x225.jpg 400w, https:\/\/royalfamily.org\/wp-content\/uploads\/2022\/05\/2-2-600x338.jpg 600w, https:\/\/royalfamily.org\/wp-content\/uploads\/2022\/05\/2-2-800x450.jpg 800w, https:\/\/royalfamily.org\/wp-content\/uploads\/2022\/05\/2-2-1200x675.jpg 1200w, https:\/\/royalfamily.org\/wp-content\/uploads\/2022\/05\/2-2.jpg 1600w\" sizes=\"(min-width: 2200px) 100vw, (min-width: 916px) 291px, (min-width: 824px) 388px, (min-width: 732px) 583px, (min-width: 640px) 732px, \" \/><\/a><\/div><\/div><div style=\"padding:5px;\" class=\"fusion-grid-column fusion-gallery-column fusion-gallery-column-4 hover-type-none\"><div class=\"fusion-gallery-image\"><a href=\"https:\/\/royalfamily.org\/wp-content\/uploads\/2022\/05\/3.jpg\" data-caption=\"Udru\u017eenje Kraljevina Srbija pola\u017ee venac u ime Prestolonaslednika Aleksandra na spomenik generalu Mihailovi\u0107u na Ravnoj gori\" rel=\"noreferrer\" data-rel=\"iLightbox[gallery_image_1]\" class=\"fusion-lightbox\" target=\"_self\"><img decoding=\"async\" src=\"https:\/\/royalfamily.org\/wp-content\/uploads\/2022\/05\/3.jpg\" width=\"1600\" height=\"900\" alt=\"\" title=\"3\" aria-label=\"3\" class=\"img-responsive wp-image-82315\" srcset=\"https:\/\/royalfamily.org\/wp-content\/uploads\/2022\/05\/3-200x113.jpg 200w, https:\/\/royalfamily.org\/wp-content\/uploads\/2022\/05\/3-400x225.jpg 400w, https:\/\/royalfamily.org\/wp-content\/uploads\/2022\/05\/3-600x338.jpg 600w, https:\/\/royalfamily.org\/wp-content\/uploads\/2022\/05\/3-800x450.jpg 800w, https:\/\/royalfamily.org\/wp-content\/uploads\/2022\/05\/3-1200x675.jpg 1200w, https:\/\/royalfamily.org\/wp-content\/uploads\/2022\/05\/3.jpg 1600w\" sizes=\"(min-width: 2200px) 100vw, (min-width: 916px) 291px, (min-width: 824px) 388px, (min-width: 732px) 583px, (min-width: 640px) 732px, \" \/><\/a><\/div><\/div><div style=\"padding:5px;\" class=\"fusion-grid-column fusion-gallery-column fusion-gallery-column-4 hover-type-none\"><div class=\"fusion-gallery-image\"><a href=\"https:\/\/royalfamily.org\/wp-content\/uploads\/2022\/05\/4.jpg\" data-caption=\"Udru\u017eenje Kraljevina Srbija pola\u017ee venac u ime Prestolonaslednika Aleksandra na spomenik generalu Mihailovi\u0107u na Ravnoj gori\" rel=\"noreferrer\" data-rel=\"iLightbox[gallery_image_1]\" class=\"fusion-lightbox\" target=\"_self\"><img decoding=\"async\" src=\"https:\/\/royalfamily.org\/wp-content\/uploads\/2022\/05\/4.jpg\" width=\"900\" height=\"1600\" alt=\"\" title=\"4\" aria-label=\"4\" class=\"img-responsive wp-image-82312\" srcset=\"https:\/\/royalfamily.org\/wp-content\/uploads\/2022\/05\/4-200x356.jpg 200w, https:\/\/royalfamily.org\/wp-content\/uploads\/2022\/05\/4-400x711.jpg 400w, https:\/\/royalfamily.org\/wp-content\/uploads\/2022\/05\/4-600x1067.jpg 600w, https:\/\/royalfamily.org\/wp-content\/uploads\/2022\/05\/4-800x1422.jpg 800w, https:\/\/royalfamily.org\/wp-content\/uploads\/2022\/05\/4.jpg 900w\" sizes=\"(min-width: 2200px) 100vw, (min-width: 916px) 291px, (min-width: 824px) 388px, (min-width: 732px) 583px, (min-width: 640px) 732px, \" \/><\/a><\/div><\/div><div class=\"clearfix\"><\/div><\/div><\/div><\/div><\/div><\/div><\/div>\n","protected":false},"excerpt":{"rendered":"","protected":false},"author":1,"featured_media":82327,"comment_status":"closed","ping_status":"closed","sticky":false,"template":"","format":"standard","meta":{"_acf_changed":false,"footnotes":""},"categories":[22],"tags":[],"class_list":["post-82329","post","type-post","status-publish","format-standard","has-post-thumbnail","hentry","category-vesti"],"acf":[],"yoast_head":"<!-- This site is optimized with the Yoast SEO Premium plugin v27.4 (Yoast SEO v27.4) - https:\/\/yoast.com\/product\/yoast-seo-premium-wordpress\/ -->\n<title>PO\u010cAST GENERALU MIHAILOVI\u0106U I JUGOSLOVENS\u041aOJ VOJSCI U OTAD\u017dBINI - The Royal Family of Serbia<\/title>\n<meta name=\"robots\" content=\"index, follow, max-snippet:-1, max-image-preview:large, max-video-preview:-1\" \/>\n<link rel=\"canonical\" href=\"https:\/\/royalfamily.org\/lat\/pocast-generalu-mihailovicu-i-jugoslovens\u043aoj-vojsci-u-otadzbini\/\" \/>\n<meta property=\"og:locale\" content=\"en_US\" \/>\n<meta property=\"og:type\" content=\"article\" \/>\n<meta property=\"og:title\" content=\"PO\u010cAST GENERALU MIHAILOVI\u0106U I JUGOSLOVENS\u041aOJ VOJSCI U OTAD\u017dBINI\" \/>\n<meta property=\"og:url\" content=\"https:\/\/royalfamily.org\/lat\/pocast-generalu-mihailovicu-i-jugoslovens\u043aoj-vojsci-u-otadzbini\/\" \/>\n<meta property=\"og:site_name\" content=\"The Royal Family of Serbia\" \/>\n<meta property=\"article:publisher\" content=\"https:\/\/www.facebook.com\/Prestolonaslednik.Aleksandar\" \/>\n<meta property=\"article:published_time\" content=\"2022-05-08T13:22:58+00:00\" \/>\n<meta property=\"og:image\" content=\"https:\/\/royalfamily.org\/wp-content\/uploads\/2022\/05\/COVER-PA-Ravna-Gora.jpg\" \/>\n\t<meta property=\"og:image:width\" content=\"740\" \/>\n\t<meta property=\"og:image:height\" content=\"360\" \/>\n\t<meta property=\"og:image:type\" content=\"image\/jpeg\" \/>\n<meta name=\"author\" content=\"Web Royal\" \/>\n<meta name=\"twitter:card\" content=\"summary_large_image\" \/>\n<meta name=\"twitter:label1\" content=\"Written by\" \/>\n\t<meta name=\"twitter:data1\" content=\"Web Royal\" \/>\n\t<meta name=\"twitter:label2\" content=\"Est. reading time\" \/>\n\t<meta name=\"twitter:data2\" content=\"2 minutes\" \/>\n<script type=\"application\/ld+json\" class=\"yoast-schema-graph\">{\"@context\":\"https:\\\/\\\/schema.org\",\"@graph\":[{\"@type\":\"Article\",\"@id\":\"https:\\\/\\\/royalfamily.org\\\/lat\\\/pocast-generalu-mihailovicu-i-jugoslovens%d0%baoj-vojsci-u-otadzbini\\\/#article\",\"isPartOf\":{\"@id\":\"https:\\\/\\\/royalfamily.org\\\/lat\\\/pocast-generalu-mihailovicu-i-jugoslovens%d0%baoj-vojsci-u-otadzbini\\\/\"},\"author\":{\"name\":\"Web Royal\",\"@id\":\"https:\\\/\\\/royalfamily.org\\\/#\\\/schema\\\/person\\\/49383a0c31232a928463939891db1ad5\"},\"headline\":\"PO\u010cAST GENERALU MIHAILOVI\u0106U I JUGOSLOVENS\u041aOJ VOJSCI U OTAD\u017dBINI\",\"datePublished\":\"2022-05-08T13:22:58+00:00\",\"mainEntityOfPage\":{\"@id\":\"https:\\\/\\\/royalfamily.org\\\/lat\\\/pocast-generalu-mihailovicu-i-jugoslovens%d0%baoj-vojsci-u-otadzbini\\\/\"},\"wordCount\":744,\"publisher\":{\"@id\":\"https:\\\/\\\/royalfamily.org\\\/#organization\"},\"image\":{\"@id\":\"https:\\\/\\\/royalfamily.org\\\/lat\\\/pocast-generalu-mihailovicu-i-jugoslovens%d0%baoj-vojsci-u-otadzbini\\\/#primaryimage\"},\"thumbnailUrl\":\"https:\\\/\\\/royalfamily.org\\\/wp-content\\\/uploads\\\/2022\\\/05\\\/COVER-PA-Ravna-Gora.jpg\",\"articleSection\":[\"Vesti\"],\"inLanguage\":\"sr-LT\"},{\"@type\":\"WebPage\",\"@id\":\"https:\\\/\\\/royalfamily.org\\\/lat\\\/pocast-generalu-mihailovicu-i-jugoslovens%d0%baoj-vojsci-u-otadzbini\\\/\",\"url\":\"https:\\\/\\\/royalfamily.org\\\/lat\\\/pocast-generalu-mihailovicu-i-jugoslovens%d0%baoj-vojsci-u-otadzbini\\\/\",\"name\":\"PO\u010cAST GENERALU MIHAILOVI\u0106U I JUGOSLOVENS\u041aOJ VOJSCI U OTAD\u017dBINI - The Royal Family of Serbia\",\"isPartOf\":{\"@id\":\"https:\\\/\\\/royalfamily.org\\\/#website\"},\"primaryImageOfPage\":{\"@id\":\"https:\\\/\\\/royalfamily.org\\\/lat\\\/pocast-generalu-mihailovicu-i-jugoslovens%d0%baoj-vojsci-u-otadzbini\\\/#primaryimage\"},\"image\":{\"@id\":\"https:\\\/\\\/royalfamily.org\\\/lat\\\/pocast-generalu-mihailovicu-i-jugoslovens%d0%baoj-vojsci-u-otadzbini\\\/#primaryimage\"},\"thumbnailUrl\":\"https:\\\/\\\/royalfamily.org\\\/wp-content\\\/uploads\\\/2022\\\/05\\\/COVER-PA-Ravna-Gora.jpg\",\"datePublished\":\"2022-05-08T13:22:58+00:00\",\"breadcrumb\":{\"@id\":\"https:\\\/\\\/royalfamily.org\\\/lat\\\/pocast-generalu-mihailovicu-i-jugoslovens%d0%baoj-vojsci-u-otadzbini\\\/#breadcrumb\"},\"inLanguage\":\"sr-LT\",\"potentialAction\":[{\"@type\":\"ReadAction\",\"target\":[\"https:\\\/\\\/royalfamily.org\\\/lat\\\/pocast-generalu-mihailovicu-i-jugoslovens%d0%baoj-vojsci-u-otadzbini\\\/\"]}]},{\"@type\":\"ImageObject\",\"inLanguage\":\"sr-LT\",\"@id\":\"https:\\\/\\\/royalfamily.org\\\/lat\\\/pocast-generalu-mihailovicu-i-jugoslovens%d0%baoj-vojsci-u-otadzbini\\\/#primaryimage\",\"url\":\"https:\\\/\\\/royalfamily.org\\\/wp-content\\\/uploads\\\/2022\\\/05\\\/COVER-PA-Ravna-Gora.jpg\",\"contentUrl\":\"https:\\\/\\\/royalfamily.org\\\/wp-content\\\/uploads\\\/2022\\\/05\\\/COVER-PA-Ravna-Gora.jpg\",\"width\":740,\"height\":360},{\"@type\":\"BreadcrumbList\",\"@id\":\"https:\\\/\\\/royalfamily.org\\\/lat\\\/pocast-generalu-mihailovicu-i-jugoslovens%d0%baoj-vojsci-u-otadzbini\\\/#breadcrumb\",\"itemListElement\":[{\"@type\":\"ListItem\",\"position\":1,\"name\":\"Home\",\"item\":\"https:\\\/\\\/royalfamily.org\\\/lat\\\/\"},{\"@type\":\"ListItem\",\"position\":2,\"name\":\"PO\u010cAST GENERALU MIHAILOVI\u0106U I JUGOSLOVENS\u041aOJ VOJSCI U OTAD\u017dBINI\"}]},{\"@type\":\"WebSite\",\"@id\":\"https:\\\/\\\/royalfamily.org\\\/#website\",\"url\":\"https:\\\/\\\/royalfamily.org\\\/\",\"name\":\"The Royal Family of Serbia\",\"description\":\"From the people, for the people\",\"publisher\":{\"@id\":\"https:\\\/\\\/royalfamily.org\\\/#organization\"},\"potentialAction\":[{\"@type\":\"SearchAction\",\"target\":{\"@type\":\"EntryPoint\",\"urlTemplate\":\"https:\\\/\\\/royalfamily.org\\\/?s={search_term_string}\"},\"query-input\":{\"@type\":\"PropertyValueSpecification\",\"valueRequired\":true,\"valueName\":\"search_term_string\"}}],\"inLanguage\":\"sr-LT\"},{\"@type\":\"Organization\",\"@id\":\"https:\\\/\\\/royalfamily.org\\\/#organization\",\"name\":\"Royal Family\",\"url\":\"https:\\\/\\\/royalfamily.org\\\/\",\"logo\":{\"@type\":\"ImageObject\",\"inLanguage\":\"sr-LT\",\"@id\":\"https:\\\/\\\/royalfamily.org\\\/#\\\/schema\\\/logo\\\/image\\\/\",\"url\":\"https:\\\/\\\/royalfamily.org\\\/wp-content\\\/uploads\\\/2019\\\/04\\\/logo-vector-02-V-latinica.png\",\"contentUrl\":\"https:\\\/\\\/royalfamily.org\\\/wp-content\\\/uploads\\\/2019\\\/04\\\/logo-vector-02-V-latinica.png\",\"width\":552,\"height\":99,\"caption\":\"Royal Family\"},\"image\":{\"@id\":\"https:\\\/\\\/royalfamily.org\\\/#\\\/schema\\\/logo\\\/image\\\/\"},\"sameAs\":[\"https:\\\/\\\/www.facebook.com\\\/Prestolonaslednik.Aleksandar\"]},{\"@type\":\"Person\",\"@id\":\"https:\\\/\\\/royalfamily.org\\\/#\\\/schema\\\/person\\\/49383a0c31232a928463939891db1ad5\",\"name\":\"Web Royal\",\"image\":{\"@type\":\"ImageObject\",\"inLanguage\":\"sr-LT\",\"@id\":\"https:\\\/\\\/secure.gravatar.com\\\/avatar\\\/8dbdbae4ed2a898dcf0dcd9d01bf41782c405af026744c66e6a62d6235a20271?s=96&d=mm&r=g\",\"url\":\"https:\\\/\\\/secure.gravatar.com\\\/avatar\\\/8dbdbae4ed2a898dcf0dcd9d01bf41782c405af026744c66e6a62d6235a20271?s=96&d=mm&r=g\",\"contentUrl\":\"https:\\\/\\\/secure.gravatar.com\\\/avatar\\\/8dbdbae4ed2a898dcf0dcd9d01bf41782c405af026744c66e6a62d6235a20271?s=96&d=mm&r=g\",\"caption\":\"Web Royal\"}}]}<\/script>\n<!-- \/ Yoast SEO Premium plugin. -->","yoast_head_json":{"title":"PO\u010cAST GENERALU MIHAILOVI\u0106U I JUGOSLOVENS\u041aOJ VOJSCI U OTAD\u017dBINI - The Royal Family of Serbia","robots":{"index":"index","follow":"follow","max-snippet":"max-snippet:-1","max-image-preview":"max-image-preview:large","max-video-preview":"max-video-preview:-1"},"canonical":"https:\/\/royalfamily.org\/lat\/pocast-generalu-mihailovicu-i-jugoslovens\u043aoj-vojsci-u-otadzbini\/","og_locale":"en_US","og_type":"article","og_title":"PO\u010cAST GENERALU MIHAILOVI\u0106U I JUGOSLOVENS\u041aOJ VOJSCI U OTAD\u017dBINI","og_url":"https:\/\/royalfamily.org\/lat\/pocast-generalu-mihailovicu-i-jugoslovens\u043aoj-vojsci-u-otadzbini\/","og_site_name":"The Royal Family of Serbia","article_publisher":"https:\/\/www.facebook.com\/Prestolonaslednik.Aleksandar","article_published_time":"2022-05-08T13:22:58+00:00","og_image":[{"width":740,"height":360,"url":"https:\/\/royalfamily.org\/wp-content\/uploads\/2022\/05\/COVER-PA-Ravna-Gora.jpg","type":"image\/jpeg"}],"author":"Web Royal","twitter_card":"summary_large_image","twitter_misc":{"Written by":"Web Royal","Est. reading time":"2 minutes"},"schema":{"@context":"https:\/\/schema.org","@graph":[{"@type":"Article","@id":"https:\/\/royalfamily.org\/lat\/pocast-generalu-mihailovicu-i-jugoslovens%d0%baoj-vojsci-u-otadzbini\/#article","isPartOf":{"@id":"https:\/\/royalfamily.org\/lat\/pocast-generalu-mihailovicu-i-jugoslovens%d0%baoj-vojsci-u-otadzbini\/"},"author":{"name":"Web Royal","@id":"https:\/\/royalfamily.org\/#\/schema\/person\/49383a0c31232a928463939891db1ad5"},"headline":"PO\u010cAST GENERALU MIHAILOVI\u0106U I JUGOSLOVENS\u041aOJ VOJSCI U OTAD\u017dBINI","datePublished":"2022-05-08T13:22:58+00:00","mainEntityOfPage":{"@id":"https:\/\/royalfamily.org\/lat\/pocast-generalu-mihailovicu-i-jugoslovens%d0%baoj-vojsci-u-otadzbini\/"},"wordCount":744,"publisher":{"@id":"https:\/\/royalfamily.org\/#organization"},"image":{"@id":"https:\/\/royalfamily.org\/lat\/pocast-generalu-mihailovicu-i-jugoslovens%d0%baoj-vojsci-u-otadzbini\/#primaryimage"},"thumbnailUrl":"https:\/\/royalfamily.org\/wp-content\/uploads\/2022\/05\/COVER-PA-Ravna-Gora.jpg","articleSection":["Vesti"],"inLanguage":"sr-LT"},{"@type":"WebPage","@id":"https:\/\/royalfamily.org\/lat\/pocast-generalu-mihailovicu-i-jugoslovens%d0%baoj-vojsci-u-otadzbini\/","url":"https:\/\/royalfamily.org\/lat\/pocast-generalu-mihailovicu-i-jugoslovens%d0%baoj-vojsci-u-otadzbini\/","name":"PO\u010cAST GENERALU MIHAILOVI\u0106U I JUGOSLOVENS\u041aOJ VOJSCI U OTAD\u017dBINI - The Royal Family of Serbia","isPartOf":{"@id":"https:\/\/royalfamily.org\/#website"},"primaryImageOfPage":{"@id":"https:\/\/royalfamily.org\/lat\/pocast-generalu-mihailovicu-i-jugoslovens%d0%baoj-vojsci-u-otadzbini\/#primaryimage"},"image":{"@id":"https:\/\/royalfamily.org\/lat\/pocast-generalu-mihailovicu-i-jugoslovens%d0%baoj-vojsci-u-otadzbini\/#primaryimage"},"thumbnailUrl":"https:\/\/royalfamily.org\/wp-content\/uploads\/2022\/05\/COVER-PA-Ravna-Gora.jpg","datePublished":"2022-05-08T13:22:58+00:00","breadcrumb":{"@id":"https:\/\/royalfamily.org\/lat\/pocast-generalu-mihailovicu-i-jugoslovens%d0%baoj-vojsci-u-otadzbini\/#breadcrumb"},"inLanguage":"sr-LT","potentialAction":[{"@type":"ReadAction","target":["https:\/\/royalfamily.org\/lat\/pocast-generalu-mihailovicu-i-jugoslovens%d0%baoj-vojsci-u-otadzbini\/"]}]},{"@type":"ImageObject","inLanguage":"sr-LT","@id":"https:\/\/royalfamily.org\/lat\/pocast-generalu-mihailovicu-i-jugoslovens%d0%baoj-vojsci-u-otadzbini\/#primaryimage","url":"https:\/\/royalfamily.org\/wp-content\/uploads\/2022\/05\/COVER-PA-Ravna-Gora.jpg","contentUrl":"https:\/\/royalfamily.org\/wp-content\/uploads\/2022\/05\/COVER-PA-Ravna-Gora.jpg","width":740,"height":360},{"@type":"BreadcrumbList","@id":"https:\/\/royalfamily.org\/lat\/pocast-generalu-mihailovicu-i-jugoslovens%d0%baoj-vojsci-u-otadzbini\/#breadcrumb","itemListElement":[{"@type":"ListItem","position":1,"name":"Home","item":"https:\/\/royalfamily.org\/lat\/"},{"@type":"ListItem","position":2,"name":"PO\u010cAST GENERALU MIHAILOVI\u0106U I JUGOSLOVENS\u041aOJ VOJSCI U OTAD\u017dBINI"}]},{"@type":"WebSite","@id":"https:\/\/royalfamily.org\/#website","url":"https:\/\/royalfamily.org\/","name":"The Royal Family of Serbia","description":"From the people, for the people","publisher":{"@id":"https:\/\/royalfamily.org\/#organization"},"potentialAction":[{"@type":"SearchAction","target":{"@type":"EntryPoint","urlTemplate":"https:\/\/royalfamily.org\/?s={search_term_string}"},"query-input":{"@type":"PropertyValueSpecification","valueRequired":true,"valueName":"search_term_string"}}],"inLanguage":"sr-LT"},{"@type":"Organization","@id":"https:\/\/royalfamily.org\/#organization","name":"Royal Family","url":"https:\/\/royalfamily.org\/","logo":{"@type":"ImageObject","inLanguage":"sr-LT","@id":"https:\/\/royalfamily.org\/#\/schema\/logo\/image\/","url":"https:\/\/royalfamily.org\/wp-content\/uploads\/2019\/04\/logo-vector-02-V-latinica.png","contentUrl":"https:\/\/royalfamily.org\/wp-content\/uploads\/2019\/04\/logo-vector-02-V-latinica.png","width":552,"height":99,"caption":"Royal Family"},"image":{"@id":"https:\/\/royalfamily.org\/#\/schema\/logo\/image\/"},"sameAs":["https:\/\/www.facebook.com\/Prestolonaslednik.Aleksandar"]},{"@type":"Person","@id":"https:\/\/royalfamily.org\/#\/schema\/person\/49383a0c31232a928463939891db1ad5","name":"Web Royal","image":{"@type":"ImageObject","inLanguage":"sr-LT","@id":"https:\/\/secure.gravatar.com\/avatar\/8dbdbae4ed2a898dcf0dcd9d01bf41782c405af026744c66e6a62d6235a20271?s=96&d=mm&r=g","url":"https:\/\/secure.gravatar.com\/avatar\/8dbdbae4ed2a898dcf0dcd9d01bf41782c405af026744c66e6a62d6235a20271?s=96&d=mm&r=g","contentUrl":"https:\/\/secure.gravatar.com\/avatar\/8dbdbae4ed2a898dcf0dcd9d01bf41782c405af026744c66e6a62d6235a20271?s=96&d=mm&r=g","caption":"Web Royal"}}]}},"_links":{"self":[{"href":"https:\/\/royalfamily.org\/lat\/wp-json\/wp\/v2\/posts\/82329","targetHints":{"allow":["GET"]}}],"collection":[{"href":"https:\/\/royalfamily.org\/lat\/wp-json\/wp\/v2\/posts"}],"about":[{"href":"https:\/\/royalfamily.org\/lat\/wp-json\/wp\/v2\/types\/post"}],"author":[{"embeddable":true,"href":"https:\/\/royalfamily.org\/lat\/wp-json\/wp\/v2\/users\/1"}],"replies":[{"embeddable":true,"href":"https:\/\/royalfamily.org\/lat\/wp-json\/wp\/v2\/comments?post=82329"}],"version-history":[{"count":1,"href":"https:\/\/royalfamily.org\/lat\/wp-json\/wp\/v2\/posts\/82329\/revisions"}],"predecessor-version":[{"id":82331,"href":"https:\/\/royalfamily.org\/lat\/wp-json\/wp\/v2\/posts\/82329\/revisions\/82331"}],"wp:featuredmedia":[{"embeddable":true,"href":"https:\/\/royalfamily.org\/lat\/wp-json\/wp\/v2\/media\/82327"}],"wp:attachment":[{"href":"https:\/\/royalfamily.org\/lat\/wp-json\/wp\/v2\/media?parent=82329"}],"wp:term":[{"taxonomy":"category","embeddable":true,"href":"https:\/\/royalfamily.org\/lat\/wp-json\/wp\/v2\/categories?post=82329"},{"taxonomy":"post_tag","embeddable":true,"href":"https:\/\/royalfamily.org\/lat\/wp-json\/wp\/v2\/tags?post=82329"}],"curies":[{"name":"wp","href":"https:\/\/api.w.org\/{rel}","templated":true}]}}