{"id":82492,"date":"2022-05-09T12:30:33","date_gmt":"2022-05-09T10:30:33","guid":{"rendered":"https:\/\/royalfamily.org\/?p=82492"},"modified":"2022-05-19T12:38:02","modified_gmt":"2022-05-19T10:38:02","slug":"prestolonaslednik-za-novosti-istina-o-desavanjima-na-kraljevskom-dvoru","status":"publish","type":"post","link":"https:\/\/royalfamily.org\/lat\/prestolonaslednik-za-novosti-istina-o-desavanjima-na-kraljevskom-dvoru\/","title":{"rendered":"PRESTOLONASLEDNIK ZA NOVOSTI:\u201cOVO JE ISTINA O DE\u0160AVANJIMA NA \u041aRALJEVSKOM DVORU\u201c"},"content":{"rendered":"<div class=\"fusion-fullwidth fullwidth-box fusion-builder-row-1 fusion-flex-container nonhundred-percent-fullwidth non-hundred-percent-height-scrolling\" style=\"--awb-border-radius-top-left:0px;--awb-border-radius-top-right:0px;--awb-border-radius-bottom-right:0px;--awb-border-radius-bottom-left:0px;--awb-flex-wrap:wrap;\" ><div class=\"fusion-builder-row fusion-row fusion-flex-align-items-flex-start fusion-flex-content-wrap\" style=\"max-width:1227.2px;margin-left: calc(-4% \/ 2 );margin-right: calc(-4% \/ 2 );\"><div class=\"fusion-layout-column fusion_builder_column fusion-builder-column-0 fusion_builder_column_1_1 1_1 fusion-flex-column\" style=\"--awb-bg-size:cover;--awb-width-large:100%;--awb-margin-top-large:0px;--awb-spacing-right-large:1.92%;--awb-margin-bottom-large:20px;--awb-spacing-left-large:1.92%;--awb-width-medium:100%;--awb-order-medium:0;--awb-spacing-right-medium:1.92%;--awb-spacing-left-medium:1.92%;--awb-width-small:100%;--awb-order-small:0;--awb-spacing-right-small:1.92%;--awb-spacing-left-small:1.92%;\"><div class=\"fusion-column-wrapper fusion-column-has-shadow fusion-flex-justify-content-flex-start fusion-content-layout-column\"><div class=\"fusion-text fusion-text-1\"><p>NJ.\u041a.V. Prestolonaslednik Aleksandar, u ekskluzivnom intervjuu za \u201eVe\u010dernje novosti\u201c, govorio je o aktuelnim pitanjima vezanim za \u041araljevsku porodicu i opovrgao mnoge spekulacije prisutne u javnosti ovih dana. Intervju pripremila novinarka \u201eNovosti\u201c, gospo\u0111a Dragana Matovi\u0107.<\/p>\n<p>Tekst, koji je objavljen i na <a href=\"https:\/\/www.novosti.rs\/drustvo\/vesti\/1114337\/ovo-istina-desavanjima-kraljevskom-dvoru-prestolonaslednik-aleksandar-karadjordjevic-ekskluzivno-novosti\">sajtu Ve\u010dernjih novosti<\/a> prenosimo u celosti<\/p>\n<p><strong>Ovo je istina o de\u0161avanjima na \u041araljevskom dvoru<\/strong><\/p>\n<p>OTKAKO se princ Petar Tre\u0107i Kara\u0111or\u0111evi\u0107 odrekao prava na presto u korist mla\u0111eg brata Filipa, pokrenuta je lavina nedoumica o odnosima me\u0111u naslednicima srpske krune.<\/p>\n<p>Dodatnu zabunu unelo je to \u0161to nedavnoj &#8220;abdikaciji&#8221; u Sevilji nije prisustvovao prestolonaslednik Aleksandar Kara\u0111or\u0111evi\u0107, otac prin\u010deva i prvi u redu za presto. Cela dva dana kasnio je njegov komentar, \u0161to je izazvalo jo\u0161 ve\u0107u znati\u017eelju javnosti. \u010cak se i spekulisalo da je seme razdora u porodicu unela &#8220;zla ma\u0107eha&#8221;, princeza Katarina.<\/p>\n<p>Prestolonaslednik Aleksandar Kara\u0111or\u0111evi\u0107, u ekskluzivnom razgovoru za &#8220;Novosti&#8221;, isti\u010de da &#8220;svako ko hrani medije la\u017eima i izvr\u0107e istinu, uklju\u010duju\u0107i i njegovu porodicu, treba da se duboko stidi&#8221;.<\/p>\n<p>&#8211; Siguran sam da \u0107ete se setiti da je bilo sli\u010dnih, zlonamernih izjava i spekulacija, kada smo i prethodni put, pre nekoliko godina, razgovarali &#8211; ka\u017ee, za na\u0161 list, stare\u0161ina Doma Kara\u0111or\u0111evi\u0107 i otac prin\u010deva Petra, Filipa i Aleksandra.<\/p>\n<p>&#8211; To nije ne\u0161to \u0161to pristojan \u010dovek sebi sme da dozvoli. Izno\u0161enje privatnih stvari i la\u017ei ne doprinose jedinstvu porodice. Naprotiv, stvaraju razdor. Svaki ispravan \u010dovek bi se postideo takvih dela, zato oni koji se kriju iza re\u010di &#8220;izvor poznat redakciji&#8221;, ne\u0107e pro\u0107i bez posledica. Ne\u0107u tolerisati da se porodi\u010dne stvari izvr\u0107u ruglu i da se prave podele unutar porodice.<\/p>\n<p><strong>\u00a0<\/strong><strong>Ima li nesuglasica, kako se pi\u0161e, izme\u0111u va\u0161ih sinova i supruge, princeze Katarine?<\/strong><\/p>\n<p>&#8211; Ne \u017eelim da razgovaram o njihovom odnosu, kao \u0161to ne \u017eelim da govorim o odnosu svojih sinova sa majkom, princezom Marijom de Glorijom. Katarina je svakodnevno brinula o njima, vodila ih u vrti\u0107 dok smo \u017eiveli u Londonu, pomagala mi u njihovom vaspitanju.<\/p>\n<p>I\u0161li smo na izlete. Brinula je o njima dok su odrastali, i\u0161li u \u0161kolu, studirali. Na tome sam joj beskrajno zahvalan. De\u010daci su praznike provodili sa svojom majkom. Princeza Marija de Glorija je povremeno boravila u na\u0161em domu u Londonu. Dve godine smo bili njeni gosti u Sevilji, a ona i njen suprug su bili na\u0161i u Kraljevskom dvoru. Bilo nam je va\u017eno da de\u010daci vide da me\u0111u nama nema sukoba, da smo porodica uprkos razvodu.<\/p>\n<p><strong>\u00a0<\/strong><strong>S obzirom na tako dobre odnose, zbunjuje \u010dinjenica da princ Filip i njegova porodica ne \u017eive sa vama u dvorskom kompleksu na Dedinju?<\/strong><\/p>\n<p>&#8211; \u017delim da moji sinovi budu sa nama. Utabao sam im put da do\u0111u. Povratak u Srbiju je bio moj dugo snivani san. Ne samo moj, ve\u0107 svih nas. Moja supruga i ja smo ih decenijama molili da budu ovde. Katarina je upoznala Danicu i Filipa. Organizovali smo njihovu svadbu. Nije istina da za njih nema mesta u Kraljevskom dvoru. To su besmislene la\u017ei.<\/p>\n<p><strong>Ka\u017eete da su u va\u0161oj porodici dobri odnosi, ali vas je iznenadila vest da je Petar &#8220;abdicirao&#8221; u korist brata?<\/strong><\/p>\n<p>&#8211; Petar me je pozvao iz Sevilje i obavestio da namerava da se dr\u017ei svoje \u017eelje da vi\u0161e ne bude princ naslednik. Odavno znam za tu njegovu nameru. Pitao sam ga da li je siguran u svoju odluku. Filip mi je javio da je u Sevilji. Pitao sam ga da li je u \u0160paniji sa suprugom i Stefanom, odgovorio mi je da je samo sa majkom i Petrom. Nije mi spomenuo ceremoniju, niti da \u0107e tamo biti iko iz Beograda. Nisam ni znao \u0161ta se de\u0161ava, sve dok nisam dobio Petrov mejl sa dokumentima. Na jednom listu je bila njegova ostavka, a na drugom mnogo potpisa. Sve se odigralo iza mojih le\u0111a, nisam znao ni\u0161ta o tome. Kao stare\u0161inu Kraljevskog doma, trebalo je da me konsultuju.<\/p>\n<p><strong>Podr\u017eavate li odluku sinova?<\/strong><\/p>\n<p>&#8211; Znam da Petru nije bilo lako da donese ovu odluku, ali po\u0161tujem njegove \u017eelje i \u017eelim mu svu sre\u0107u, uspeh i napredak. Kao svaki otac \u017eelim svom sinu sve najbolje. Nemam primedbu na Petrov dokument o ostavci, ali imam zamerke koje se ti\u010du ceremonije.<\/p>\n<p>Patrijarh nije bio prisutan, a Krunski savet nije konsultovan. Osim toga, ovaj doga\u0111aj se odigrao u inostranstvu, daleko od Srbije. Odustajanje od nasledni\u010dkih prava treba da bude ura\u0111eno na ispravan na\u010din, u skladu sa na\u0161om tradicijom i Porodi\u010dnim pravilnikom kraljevske porodice. Dinastija Kara\u0111or\u0111evi\u0107 je proistekla iz svog naroda. Znamo koliko su tradicija i obi\u010daji zna\u010dajni za Srbe, zato kraljevska porodica mora da ih po\u0161tuje.<\/p>\n<p>Pored narodnih obi\u010daja imamo i pravila koje moramo da sledimo i po\u0161tujemo. Ako smo ponosni na zaostav\u0161tinu kraljeva Petra Prvog, Aleksandra Prvog i Petra Drugog, moramo da po\u0161tujemo pravila koja su uspostavili.<\/p>\n<p><strong>Za\u0161to vam je najvi\u0161e zasmetalo to \u0161to se &#8220;abdikacija&#8221; dogodila daleko od domovine?<\/strong><\/p>\n<p>&#8211; Moji sinovi i ja \u017eiveli smo u ne\u017eeljenom izgnanstvu, daleko od na\u0161e otad\u017ebine. Tu\u017ena je sudbina svih \u010dlanova na\u0161e porodice. Svi smo morali da \u017eivimo daleko od na\u0161eg naroda i na\u0161e Srbije. Se\u0107anja na izgnanstvo su sve\u017ea i bolna. Posle toliko vremena provedenog u egzilu, nije bilo potrebe da se ovako va\u017ean \u010din izvodi daleko od Srbije. Reagovao sam, jer je ovaj doga\u0111aj zna\u010dajan za na\u0161u zemlju i na\u0161 narod.<\/p>\n<p><strong>Da li ste razmi\u0161ljali da i sami podstaknete ideju o Filipu kao budu\u0107em kralju, ako bi to dovelo do referenduma o vra\u0107anju monarhije?<\/strong><\/p>\n<p>&#8211; Stavove o ponovnom uspostavljanju ustavne parlamentarne monarhije u Srbiji izneo sam odavno. Nisam ih promenio. Ustavnu parlamentarnu monarhiju smatram dobrim oblikom dr\u017eavnog ure\u0111enja, koji bi samo koristio na\u0161em narodu i otad\u017ebini. Ona je deo tradicije na\u0161e zemlje i nasle\u0111a moje porodice, ali je mogu\u0107a samo ako je podr\u017eava narod Srbije. O ovoj temi mora da se razgovara, da se \u010duju argumentovani stavovi obe strane, onih koji su za i onih koji su protiv obnove monarhije. Ovaj sistem se pokazao kao veoma dobar i efikasan u mnogim zemljama. U modernim ustavnim monarhijama Norve\u0161koj, \u0160vedskoj, Velikoj Britaniji, \u0160paniji, Luksemburgu, Japanu, Kanadi, Australiji, Novom Zelandu nivo demokratije, ljudskih prava i sloboda, socijalne pravde je visok. Zajedno sa jedinstvom, stabilno\u0161\u0107u i kontinuitetom koje donosi monarhija, Srbiji bi doneli prosperitet.<\/p>\n<p><strong>Najnoviji doga\u0111aji u va\u0161oj porodici ponovo su aktuelizovali pri\u010du o odr\u017eavanju dvorskog kompleksa, da se za to tro\u0161e milioni dr\u017eavnog novca&#8230;<\/strong><\/p>\n<p>&#8211; Kritikuju me zbog novca iz bud\u017eeta za gra\u0111evine koje su u vlasni\u0161tvu dr\u017eave, iako se u odnosu na druge institucije izdvaja mali iznos. Dr\u017eava, pritom, dobija najve\u0107i deo prihoda od turizma. Ne koristim ta sredstva za li\u010dne tro\u0161kove, a dom koji je moja porodica platila pre mnogo godina jo\u0161 uvek nam nije vra\u0107en! Ovo je veliko imanje, sa dva stara dvora i pomo\u0107nim zgradama, koje zahteva mnogo rada i brige. I kao \u0161to ste pisali u svojim prethodnim tekstovima, pre nego \u0161to su bud\u017eetska sredstva bila odobrena i po\u010dela da pristi\u017eu, \u0161to se dogodilo tek nekoliko godina nakon na\u0161eg povratka u Srbiju, moja supruga princeza Katarina i ja smo prodali svoju privatnu imovinu u inostranstvu i ulo\u017eili nekoliko miliona evra da spasemo Dvor od propadanja. Pitam se, koliko domova treba da mi bude oduzeto?<\/p>\n<p><strong>O SVEMU SE DOGOVARAMO<\/strong><\/p>\n<p>&#8211; MOJA supruga je bri\u017ena osoba &#8211; ka\u017ee prestolonaslednik Kara\u0111or\u0111evi\u0107.<\/p>\n<p>&#8211; Ona je svojim humanitarnim radom spasla mnogo ljudi. Vi\u0161e od 35 godina smo u braku i svakako bi bilo prime\u0107eno da imamo problema. O svemu se dogovaramo. Nije nam uvek bilo lako. Odrekli smo se svega kako bismo do\u0161li u Srbiju. Pomogli smo, poma\u017eemo i \u010dini\u0107emo to i ubudu\u0107e.<\/p>\n<p><strong>ZA KOMUNISTE DR\u017dAVNI NEPRIJATELJ<\/strong><\/p>\n<p>&#8211; U VREME kraljevine, zemlja na kojoj se nalazi kraljevski kompleks je kupljena, a dvorovi su izgra\u0111eni i odr\u017eavani privatnim sredstvima mog dede kralja Aleksandra Prvog i oca kralja Petra Drugog &#8211; ka\u017ee Kara\u0111or\u0111evi\u0107.<\/p>\n<p>&#8211; Nedemokratski re\u017eim komunisti\u010dke diktature koji je vladao Jugoslavijom posle Drugog svetskog rata ga je protivzakonito konfiskovao 1947. godine, zajedno sa svom ostalom privatnom imovinom moje porodice. Taj diktatorski re\u017eim istim \u010dinom oduzeo je i moje dr\u017eavljanstvo, progla\u0161avaju\u0107i me dr\u017eavnim neprijateljem u trenutku kada nisam imao ni pune dve godine. Kada smo 2001. dobili pravo da \u017eivimo u na\u0161oj porodi\u010dnoj ku\u0107i (zvu\u010di apsurdno, pravo da \u017eivite u sopstvenom domu), donet je Zakon o ukidanju ukaza o oduzimanju dr\u017eavljanstva i imovine porodici Kara\u0111or\u0111evi\u0107, ali samo u delu koji se ti\u010de dr\u017eavljanstva. U \u010dlanu 2. ovog zakona propisano je da \u0107e uslovi za povra\u0107aj konfiskovane imovine biti ure\u0111eni posebnim zakonom. To jo\u0161 \u010dekamo. Da jednostavno ka\u017eem &#8211; moj dom jo\u0161 nije vra\u0107en.<\/p>\n<\/div><\/div><\/div><\/div><\/div>\n","protected":false},"excerpt":{"rendered":"","protected":false},"author":1001015,"featured_media":82488,"comment_status":"closed","ping_status":"closed","sticky":false,"template":"","format":"standard","meta":{"_acf_changed":false,"footnotes":""},"categories":[22],"tags":[],"class_list":["post-82492","post","type-post","status-publish","format-standard","has-post-thumbnail","hentry","category-vesti"],"acf":[],"yoast_head":"<!-- This site is optimized with the Yoast SEO Premium plugin v27.4 (Yoast SEO v27.4) - https:\/\/yoast.com\/product\/yoast-seo-premium-wordpress\/ -->\n<title>PRESTOLONASLEDNIK ZA NOVOSTI:\u201cOVO JE ISTINA O DE\u0160AVANJIMA NA \u041aRALJEVSKOM DVORU\u201c - The Royal Family of Serbia<\/title>\n<meta name=\"robots\" content=\"index, follow, max-snippet:-1, max-image-preview:large, max-video-preview:-1\" \/>\n<link rel=\"canonical\" href=\"https:\/\/royalfamily.org\/lat\/prestolonaslednik-za-novosti-istina-o-desavanjima-na-kraljevskom-dvoru\/\" \/>\n<meta property=\"og:locale\" content=\"en_US\" \/>\n<meta property=\"og:type\" content=\"article\" \/>\n<meta property=\"og:title\" content=\"PRESTOLONASLEDNIK ZA NOVOSTI:\u201cOVO JE ISTINA O DE\u0160AVANJIMA NA \u041aRALJEVSKOM DVORU\u201c\" \/>\n<meta property=\"og:url\" content=\"https:\/\/royalfamily.org\/lat\/prestolonaslednik-za-novosti-istina-o-desavanjima-na-kraljevskom-dvoru\/\" \/>\n<meta property=\"og:site_name\" content=\"The Royal Family of Serbia\" \/>\n<meta property=\"article:publisher\" content=\"https:\/\/www.facebook.com\/Prestolonaslednik.Aleksandar\" \/>\n<meta property=\"article:published_time\" content=\"2022-05-09T10:30:33+00:00\" \/>\n<meta property=\"article:modified_time\" content=\"2022-05-19T10:38:02+00:00\" \/>\n<meta property=\"og:image\" content=\"https:\/\/royalfamily.org\/wp-content\/uploads\/2022\/05\/COVER-Novosti.jpg\" \/>\n\t<meta property=\"og:image:width\" content=\"740\" \/>\n\t<meta property=\"og:image:height\" content=\"360\" \/>\n\t<meta property=\"og:image:type\" content=\"image\/jpeg\" \/>\n<meta name=\"author\" content=\"Stefan Milanovic\" \/>\n<meta name=\"twitter:card\" content=\"summary_large_image\" \/>\n<meta name=\"twitter:label1\" content=\"Written by\" \/>\n\t<meta name=\"twitter:data1\" content=\"Stefan Milanovic\" \/>\n\t<meta name=\"twitter:label2\" content=\"Est. reading time\" \/>\n\t<meta name=\"twitter:data2\" content=\"11 minutes\" \/>\n<script type=\"application\/ld+json\" class=\"yoast-schema-graph\">{\"@context\":\"https:\\\/\\\/schema.org\",\"@graph\":[{\"@type\":\"Article\",\"@id\":\"https:\\\/\\\/royalfamily.org\\\/lat\\\/prestolonaslednik-za-novosti-istina-o-desavanjima-na-kraljevskom-dvoru\\\/#article\",\"isPartOf\":{\"@id\":\"https:\\\/\\\/royalfamily.org\\\/lat\\\/prestolonaslednik-za-novosti-istina-o-desavanjima-na-kraljevskom-dvoru\\\/\"},\"author\":{\"name\":\"Stefan Milanovic\",\"@id\":\"https:\\\/\\\/royalfamily.org\\\/#\\\/schema\\\/person\\\/4ad3296a6a8a35eed333b6a785e9f648\"},\"headline\":\"PRESTOLONASLEDNIK ZA NOVOSTI:\u201cOVO JE ISTINA O DE\u0160AVANJIMA NA \u041aRALJEVSKOM DVORU\u201c\",\"datePublished\":\"2022-05-09T10:30:33+00:00\",\"dateModified\":\"2022-05-19T10:38:02+00:00\",\"mainEntityOfPage\":{\"@id\":\"https:\\\/\\\/royalfamily.org\\\/lat\\\/prestolonaslednik-za-novosti-istina-o-desavanjima-na-kraljevskom-dvoru\\\/\"},\"wordCount\":2193,\"publisher\":{\"@id\":\"https:\\\/\\\/royalfamily.org\\\/#organization\"},\"image\":{\"@id\":\"https:\\\/\\\/royalfamily.org\\\/lat\\\/prestolonaslednik-za-novosti-istina-o-desavanjima-na-kraljevskom-dvoru\\\/#primaryimage\"},\"thumbnailUrl\":\"https:\\\/\\\/royalfamily.org\\\/wp-content\\\/uploads\\\/2022\\\/05\\\/COVER-Novosti.jpg\",\"articleSection\":[\"Vesti\"],\"inLanguage\":\"sr-LT\"},{\"@type\":\"WebPage\",\"@id\":\"https:\\\/\\\/royalfamily.org\\\/lat\\\/prestolonaslednik-za-novosti-istina-o-desavanjima-na-kraljevskom-dvoru\\\/\",\"url\":\"https:\\\/\\\/royalfamily.org\\\/lat\\\/prestolonaslednik-za-novosti-istina-o-desavanjima-na-kraljevskom-dvoru\\\/\",\"name\":\"PRESTOLONASLEDNIK ZA NOVOSTI:\u201cOVO JE ISTINA O DE\u0160AVANJIMA NA \u041aRALJEVSKOM DVORU\u201c - The Royal Family of Serbia\",\"isPartOf\":{\"@id\":\"https:\\\/\\\/royalfamily.org\\\/#website\"},\"primaryImageOfPage\":{\"@id\":\"https:\\\/\\\/royalfamily.org\\\/lat\\\/prestolonaslednik-za-novosti-istina-o-desavanjima-na-kraljevskom-dvoru\\\/#primaryimage\"},\"image\":{\"@id\":\"https:\\\/\\\/royalfamily.org\\\/lat\\\/prestolonaslednik-za-novosti-istina-o-desavanjima-na-kraljevskom-dvoru\\\/#primaryimage\"},\"thumbnailUrl\":\"https:\\\/\\\/royalfamily.org\\\/wp-content\\\/uploads\\\/2022\\\/05\\\/COVER-Novosti.jpg\",\"datePublished\":\"2022-05-09T10:30:33+00:00\",\"dateModified\":\"2022-05-19T10:38:02+00:00\",\"breadcrumb\":{\"@id\":\"https:\\\/\\\/royalfamily.org\\\/lat\\\/prestolonaslednik-za-novosti-istina-o-desavanjima-na-kraljevskom-dvoru\\\/#breadcrumb\"},\"inLanguage\":\"sr-LT\",\"potentialAction\":[{\"@type\":\"ReadAction\",\"target\":[\"https:\\\/\\\/royalfamily.org\\\/lat\\\/prestolonaslednik-za-novosti-istina-o-desavanjima-na-kraljevskom-dvoru\\\/\"]}]},{\"@type\":\"ImageObject\",\"inLanguage\":\"sr-LT\",\"@id\":\"https:\\\/\\\/royalfamily.org\\\/lat\\\/prestolonaslednik-za-novosti-istina-o-desavanjima-na-kraljevskom-dvoru\\\/#primaryimage\",\"url\":\"https:\\\/\\\/royalfamily.org\\\/wp-content\\\/uploads\\\/2022\\\/05\\\/COVER-Novosti.jpg\",\"contentUrl\":\"https:\\\/\\\/royalfamily.org\\\/wp-content\\\/uploads\\\/2022\\\/05\\\/COVER-Novosti.jpg\",\"width\":740,\"height\":360,\"caption\":\"PRESTOLONASLEDNIK ZA NOVOSTI:\u201cOVO JE ISTINA O DE\u0160AVANJIMA NA \u041aRALJEVSKOM DVORU\u201c\"},{\"@type\":\"BreadcrumbList\",\"@id\":\"https:\\\/\\\/royalfamily.org\\\/lat\\\/prestolonaslednik-za-novosti-istina-o-desavanjima-na-kraljevskom-dvoru\\\/#breadcrumb\",\"itemListElement\":[{\"@type\":\"ListItem\",\"position\":1,\"name\":\"Home\",\"item\":\"https:\\\/\\\/royalfamily.org\\\/lat\\\/\"},{\"@type\":\"ListItem\",\"position\":2,\"name\":\"PRESTOLONASLEDNIK ZA NOVOSTI:\u201cOVO JE ISTINA O DE\u0160AVANJIMA NA \u041aRALJEVSKOM DVORU\u201c\"}]},{\"@type\":\"WebSite\",\"@id\":\"https:\\\/\\\/royalfamily.org\\\/#website\",\"url\":\"https:\\\/\\\/royalfamily.org\\\/\",\"name\":\"The Royal Family of Serbia\",\"description\":\"From the people, for the people\",\"publisher\":{\"@id\":\"https:\\\/\\\/royalfamily.org\\\/#organization\"},\"potentialAction\":[{\"@type\":\"SearchAction\",\"target\":{\"@type\":\"EntryPoint\",\"urlTemplate\":\"https:\\\/\\\/royalfamily.org\\\/?s={search_term_string}\"},\"query-input\":{\"@type\":\"PropertyValueSpecification\",\"valueRequired\":true,\"valueName\":\"search_term_string\"}}],\"inLanguage\":\"sr-LT\"},{\"@type\":\"Organization\",\"@id\":\"https:\\\/\\\/royalfamily.org\\\/#organization\",\"name\":\"Royal Family\",\"url\":\"https:\\\/\\\/royalfamily.org\\\/\",\"logo\":{\"@type\":\"ImageObject\",\"inLanguage\":\"sr-LT\",\"@id\":\"https:\\\/\\\/royalfamily.org\\\/#\\\/schema\\\/logo\\\/image\\\/\",\"url\":\"https:\\\/\\\/royalfamily.org\\\/wp-content\\\/uploads\\\/2019\\\/04\\\/logo-vector-02-V-latinica.png\",\"contentUrl\":\"https:\\\/\\\/royalfamily.org\\\/wp-content\\\/uploads\\\/2019\\\/04\\\/logo-vector-02-V-latinica.png\",\"width\":552,\"height\":99,\"caption\":\"Royal Family\"},\"image\":{\"@id\":\"https:\\\/\\\/royalfamily.org\\\/#\\\/schema\\\/logo\\\/image\\\/\"},\"sameAs\":[\"https:\\\/\\\/www.facebook.com\\\/Prestolonaslednik.Aleksandar\"]},{\"@type\":\"Person\",\"@id\":\"https:\\\/\\\/royalfamily.org\\\/#\\\/schema\\\/person\\\/4ad3296a6a8a35eed333b6a785e9f648\",\"name\":\"Stefan Milanovic\",\"image\":{\"@type\":\"ImageObject\",\"inLanguage\":\"sr-LT\",\"@id\":\"https:\\\/\\\/secure.gravatar.com\\\/avatar\\\/92dcbdcf3e32112a9ceb1e41665b1f44c69382d014cacfe12c701f6af7c40259?s=96&d=mm&r=g\",\"url\":\"https:\\\/\\\/secure.gravatar.com\\\/avatar\\\/92dcbdcf3e32112a9ceb1e41665b1f44c69382d014cacfe12c701f6af7c40259?s=96&d=mm&r=g\",\"contentUrl\":\"https:\\\/\\\/secure.gravatar.com\\\/avatar\\\/92dcbdcf3e32112a9ceb1e41665b1f44c69382d014cacfe12c701f6af7c40259?s=96&d=mm&r=g\",\"caption\":\"Stefan Milanovic\"}}]}<\/script>\n<!-- \/ Yoast SEO Premium plugin. -->","yoast_head_json":{"title":"PRESTOLONASLEDNIK ZA NOVOSTI:\u201cOVO JE ISTINA O DE\u0160AVANJIMA NA \u041aRALJEVSKOM DVORU\u201c - The Royal Family of Serbia","robots":{"index":"index","follow":"follow","max-snippet":"max-snippet:-1","max-image-preview":"max-image-preview:large","max-video-preview":"max-video-preview:-1"},"canonical":"https:\/\/royalfamily.org\/lat\/prestolonaslednik-za-novosti-istina-o-desavanjima-na-kraljevskom-dvoru\/","og_locale":"en_US","og_type":"article","og_title":"PRESTOLONASLEDNIK ZA NOVOSTI:\u201cOVO JE ISTINA O DE\u0160AVANJIMA NA \u041aRALJEVSKOM DVORU\u201c","og_url":"https:\/\/royalfamily.org\/lat\/prestolonaslednik-za-novosti-istina-o-desavanjima-na-kraljevskom-dvoru\/","og_site_name":"The Royal Family of Serbia","article_publisher":"https:\/\/www.facebook.com\/Prestolonaslednik.Aleksandar","article_published_time":"2022-05-09T10:30:33+00:00","article_modified_time":"2022-05-19T10:38:02+00:00","og_image":[{"width":740,"height":360,"url":"https:\/\/royalfamily.org\/wp-content\/uploads\/2022\/05\/COVER-Novosti.jpg","type":"image\/jpeg"}],"author":"Stefan Milanovic","twitter_card":"summary_large_image","twitter_misc":{"Written by":"Stefan Milanovic","Est. reading time":"11 minutes"},"schema":{"@context":"https:\/\/schema.org","@graph":[{"@type":"Article","@id":"https:\/\/royalfamily.org\/lat\/prestolonaslednik-za-novosti-istina-o-desavanjima-na-kraljevskom-dvoru\/#article","isPartOf":{"@id":"https:\/\/royalfamily.org\/lat\/prestolonaslednik-za-novosti-istina-o-desavanjima-na-kraljevskom-dvoru\/"},"author":{"name":"Stefan Milanovic","@id":"https:\/\/royalfamily.org\/#\/schema\/person\/4ad3296a6a8a35eed333b6a785e9f648"},"headline":"PRESTOLONASLEDNIK ZA NOVOSTI:\u201cOVO JE ISTINA O DE\u0160AVANJIMA NA \u041aRALJEVSKOM DVORU\u201c","datePublished":"2022-05-09T10:30:33+00:00","dateModified":"2022-05-19T10:38:02+00:00","mainEntityOfPage":{"@id":"https:\/\/royalfamily.org\/lat\/prestolonaslednik-za-novosti-istina-o-desavanjima-na-kraljevskom-dvoru\/"},"wordCount":2193,"publisher":{"@id":"https:\/\/royalfamily.org\/#organization"},"image":{"@id":"https:\/\/royalfamily.org\/lat\/prestolonaslednik-za-novosti-istina-o-desavanjima-na-kraljevskom-dvoru\/#primaryimage"},"thumbnailUrl":"https:\/\/royalfamily.org\/wp-content\/uploads\/2022\/05\/COVER-Novosti.jpg","articleSection":["Vesti"],"inLanguage":"sr-LT"},{"@type":"WebPage","@id":"https:\/\/royalfamily.org\/lat\/prestolonaslednik-za-novosti-istina-o-desavanjima-na-kraljevskom-dvoru\/","url":"https:\/\/royalfamily.org\/lat\/prestolonaslednik-za-novosti-istina-o-desavanjima-na-kraljevskom-dvoru\/","name":"PRESTOLONASLEDNIK ZA NOVOSTI:\u201cOVO JE ISTINA O DE\u0160AVANJIMA NA \u041aRALJEVSKOM DVORU\u201c - The Royal Family of Serbia","isPartOf":{"@id":"https:\/\/royalfamily.org\/#website"},"primaryImageOfPage":{"@id":"https:\/\/royalfamily.org\/lat\/prestolonaslednik-za-novosti-istina-o-desavanjima-na-kraljevskom-dvoru\/#primaryimage"},"image":{"@id":"https:\/\/royalfamily.org\/lat\/prestolonaslednik-za-novosti-istina-o-desavanjima-na-kraljevskom-dvoru\/#primaryimage"},"thumbnailUrl":"https:\/\/royalfamily.org\/wp-content\/uploads\/2022\/05\/COVER-Novosti.jpg","datePublished":"2022-05-09T10:30:33+00:00","dateModified":"2022-05-19T10:38:02+00:00","breadcrumb":{"@id":"https:\/\/royalfamily.org\/lat\/prestolonaslednik-za-novosti-istina-o-desavanjima-na-kraljevskom-dvoru\/#breadcrumb"},"inLanguage":"sr-LT","potentialAction":[{"@type":"ReadAction","target":["https:\/\/royalfamily.org\/lat\/prestolonaslednik-za-novosti-istina-o-desavanjima-na-kraljevskom-dvoru\/"]}]},{"@type":"ImageObject","inLanguage":"sr-LT","@id":"https:\/\/royalfamily.org\/lat\/prestolonaslednik-za-novosti-istina-o-desavanjima-na-kraljevskom-dvoru\/#primaryimage","url":"https:\/\/royalfamily.org\/wp-content\/uploads\/2022\/05\/COVER-Novosti.jpg","contentUrl":"https:\/\/royalfamily.org\/wp-content\/uploads\/2022\/05\/COVER-Novosti.jpg","width":740,"height":360,"caption":"PRESTOLONASLEDNIK ZA NOVOSTI:\u201cOVO JE ISTINA O DE\u0160AVANJIMA NA \u041aRALJEVSKOM DVORU\u201c"},{"@type":"BreadcrumbList","@id":"https:\/\/royalfamily.org\/lat\/prestolonaslednik-za-novosti-istina-o-desavanjima-na-kraljevskom-dvoru\/#breadcrumb","itemListElement":[{"@type":"ListItem","position":1,"name":"Home","item":"https:\/\/royalfamily.org\/lat\/"},{"@type":"ListItem","position":2,"name":"PRESTOLONASLEDNIK ZA NOVOSTI:\u201cOVO JE ISTINA O DE\u0160AVANJIMA NA \u041aRALJEVSKOM DVORU\u201c"}]},{"@type":"WebSite","@id":"https:\/\/royalfamily.org\/#website","url":"https:\/\/royalfamily.org\/","name":"The Royal Family of Serbia","description":"From the people, for the people","publisher":{"@id":"https:\/\/royalfamily.org\/#organization"},"potentialAction":[{"@type":"SearchAction","target":{"@type":"EntryPoint","urlTemplate":"https:\/\/royalfamily.org\/?s={search_term_string}"},"query-input":{"@type":"PropertyValueSpecification","valueRequired":true,"valueName":"search_term_string"}}],"inLanguage":"sr-LT"},{"@type":"Organization","@id":"https:\/\/royalfamily.org\/#organization","name":"Royal Family","url":"https:\/\/royalfamily.org\/","logo":{"@type":"ImageObject","inLanguage":"sr-LT","@id":"https:\/\/royalfamily.org\/#\/schema\/logo\/image\/","url":"https:\/\/royalfamily.org\/wp-content\/uploads\/2019\/04\/logo-vector-02-V-latinica.png","contentUrl":"https:\/\/royalfamily.org\/wp-content\/uploads\/2019\/04\/logo-vector-02-V-latinica.png","width":552,"height":99,"caption":"Royal Family"},"image":{"@id":"https:\/\/royalfamily.org\/#\/schema\/logo\/image\/"},"sameAs":["https:\/\/www.facebook.com\/Prestolonaslednik.Aleksandar"]},{"@type":"Person","@id":"https:\/\/royalfamily.org\/#\/schema\/person\/4ad3296a6a8a35eed333b6a785e9f648","name":"Stefan Milanovic","image":{"@type":"ImageObject","inLanguage":"sr-LT","@id":"https:\/\/secure.gravatar.com\/avatar\/92dcbdcf3e32112a9ceb1e41665b1f44c69382d014cacfe12c701f6af7c40259?s=96&d=mm&r=g","url":"https:\/\/secure.gravatar.com\/avatar\/92dcbdcf3e32112a9ceb1e41665b1f44c69382d014cacfe12c701f6af7c40259?s=96&d=mm&r=g","contentUrl":"https:\/\/secure.gravatar.com\/avatar\/92dcbdcf3e32112a9ceb1e41665b1f44c69382d014cacfe12c701f6af7c40259?s=96&d=mm&r=g","caption":"Stefan Milanovic"}}]}},"_links":{"self":[{"href":"https:\/\/royalfamily.org\/lat\/wp-json\/wp\/v2\/posts\/82492","targetHints":{"allow":["GET"]}}],"collection":[{"href":"https:\/\/royalfamily.org\/lat\/wp-json\/wp\/v2\/posts"}],"about":[{"href":"https:\/\/royalfamily.org\/lat\/wp-json\/wp\/v2\/types\/post"}],"author":[{"embeddable":true,"href":"https:\/\/royalfamily.org\/lat\/wp-json\/wp\/v2\/users\/1001015"}],"replies":[{"embeddable":true,"href":"https:\/\/royalfamily.org\/lat\/wp-json\/wp\/v2\/comments?post=82492"}],"version-history":[{"count":2,"href":"https:\/\/royalfamily.org\/lat\/wp-json\/wp\/v2\/posts\/82492\/revisions"}],"predecessor-version":[{"id":82497,"href":"https:\/\/royalfamily.org\/lat\/wp-json\/wp\/v2\/posts\/82492\/revisions\/82497"}],"wp:featuredmedia":[{"embeddable":true,"href":"https:\/\/royalfamily.org\/lat\/wp-json\/wp\/v2\/media\/82488"}],"wp:attachment":[{"href":"https:\/\/royalfamily.org\/lat\/wp-json\/wp\/v2\/media?parent=82492"}],"wp:term":[{"taxonomy":"category","embeddable":true,"href":"https:\/\/royalfamily.org\/lat\/wp-json\/wp\/v2\/categories?post=82492"},{"taxonomy":"post_tag","embeddable":true,"href":"https:\/\/royalfamily.org\/lat\/wp-json\/wp\/v2\/tags?post=82492"}],"curies":[{"name":"wp","href":"https:\/\/api.w.org\/{rel}","templated":true}]}}