{"id":82582,"date":"2022-05-30T14:03:13","date_gmt":"2022-05-30T12:03:13","guid":{"rendered":"https:\/\/royalfamily.org\/?p=82582"},"modified":"2022-05-30T14:04:07","modified_gmt":"2022-05-30T12:04:07","slug":"kraljevski-par-domacin-dogadaja-povodom-dana-srpske-diplomatije","status":"publish","type":"post","link":"https:\/\/royalfamily.org\/lat\/kraljevski-par-domacin-dogadaja-povodom-dana-srpske-diplomatije\/","title":{"rendered":"\u041aRALJEVS\u041aI PAR DOMA\u0106IN DOGA\u0110AJA POVODOM DANA SRPS\u041aE DIPLOMATIJE"},"content":{"rendered":"<p><div class=\"fusion-fullwidth fullwidth-box fusion-builder-row-1 fusion-flex-container nonhundred-percent-fullwidth non-hundred-percent-height-scrolling\" style=\"--awb-border-radius-top-left:0px;--awb-border-radius-top-right:0px;--awb-border-radius-bottom-right:0px;--awb-border-radius-bottom-left:0px;--awb-flex-wrap:wrap;\" ><div class=\"fusion-builder-row fusion-row fusion-flex-align-items-flex-start fusion-flex-content-wrap\" style=\"max-width:1227.2px;margin-left: calc(-4% \/ 2 );margin-right: calc(-4% \/ 2 );\"><div class=\"fusion-layout-column fusion_builder_column fusion-builder-column-0 fusion_builder_column_1_1 1_1 fusion-flex-column\" style=\"--awb-bg-size:cover;--awb-width-large:100%;--awb-margin-top-large:0px;--awb-spacing-right-large:1.92%;--awb-margin-bottom-large:20px;--awb-spacing-left-large:1.92%;--awb-width-medium:100%;--awb-order-medium:0;--awb-spacing-right-medium:1.92%;--awb-spacing-left-medium:1.92%;--awb-width-small:100%;--awb-order-small:0;--awb-spacing-right-small:1.92%;--awb-spacing-left-small:1.92%;\"><div class=\"fusion-column-wrapper fusion-column-has-shadow fusion-flex-justify-content-flex-start fusion-content-layout-column\"><div class=\"fusion-text fusion-text-1\"><p>Povodom Dana srpske diplomatije, Njihova \u041araljevska Viso\u010danstva Prestolonaslednik Aleksandar i Princeza \u041aatarina ugostili su danas u \u041araljevskom Dvoru sve\u010danu dodelu po\u010dasnih medalja istaknutim damama, koje je odlikovao \u010dasopis \u201eDiplomatski bilten\u201c.<\/p>\n<p>Izdava\u010dki odbor \u201eDiplomatskog biltena\u201c je u martu ove godine, na Me\u0111unarodni dan \u017eena, dodelio medalje mnogim cenjenim damama, a laureati koji nisu bili u mogu\u0107nosti da prisustvuju toj sve\u010danosti danas su do\u0161li u \u041araljevski Dvor. Me\u0111u nagra\u0111enim damama je i NJ.\u041a.V. Princeza \u041aatarina, koja je dobila Orden \u010dasti \u201eNade\u017eda Petrovi\u0107\u201d u oblasti humanitarnog rada.<\/p>\n<p>Sve\u010danost je odr\u017eana u prisustvu NJ.E. dr Ljiljane Nik\u0161i\u0107, ambasadorke Republike Srbije u Ministarstvu spoljnih poslova, g-dina Mi\u0161ela Sent Lota, prethodnog predstavnika UNICEF-a u srbiji, koji je primio medalju u ime svoje sestre, g-dina Rad\u017ee\u0161a \u041aumar Pipala, drugog sekretara ambasade Indije u Srbiji, g-\u0111e Ljiljane Miljani\u0107 \u041aasim, konzula \u0160ri Lanke u Srbiji, g-\u0111e Mirjane Vukas, nekada\u0161nje \u0161ampionke u gimnastici, velike humanitarke i jedne od laureata, kao i drugih uva\u017eenih gostiju.<\/p>\n<p>Predstavnici izdava\u010da su Njihovim \u041araljevskim Viso\u010danstvima poklonili primerak prvog izdanja \u010dasopisa, u kome posebno mesto zauzima pismo NJ.\u041a.V. Princeze.<\/p>\n<p>\u201eVeoma sam zadovoljan \u0161to je ova sve\u010danost odr\u017eana danas u na\u0161em porodi\u010dnom domu i \u0161to povezuje dve va\u017ene teme \u2013 po\u0161tovanje veli\u010danstvenih \u017eena koje su dale veliki doprinos na\u0161oj zemlji i celom svetu, kao i zna\u010daj diplomatije. Na\u0161 svet ne mo\u017ee da postoji i \u017eivi bez dama, one su najja\u010di stub i oslonac na\u0161ih dru\u0161tava.<\/p>\n<p>Nijedna dr\u017eava ne mo\u017ee da postoji bez odr\u017eavanja dobrih i stalnih me\u0111usobnih odnosa. A Dan srpske diplomatije podse\u0107a nas koliko smo postigli od obnove na\u0161e dr\u017eavnosti u 19. veku. Prate\u0107i put mnogih istaknutih diplomata na\u0161e zemlje, podsetimo se da su kroz istoriju neki od na\u0161ih najpoznatijih pisaca i drugih intelektualaca bili na\u0161i ambasadori. Svi treba da se trudimo da damo svoj doprinos dobrom glasu na\u0161e otad\u017ebine i da sa\u010duvamo i pobolj\u0161amo njen imid\u017e u me\u0111unarodnoj zajednici. U kontaktima sa svojim kraljevskim ro\u0111acima i brojnim prijateljima \u0161irom sveta, koristim svaku priliku da ih upoznam sa lepotom na\u0161e zemlje, dostignu\u0107ima i velikim potencijalom na\u0161eg naroda\u201c, rekao je NJ.\u041a.V. Prestolonaslednik Aleksandar.<\/p>\n<\/div><\/div><\/div><\/div><\/div><div class=\"fusion-fullwidth fullwidth-box fusion-builder-row-2 fusion-flex-container nonhundred-percent-fullwidth non-hundred-percent-height-scrolling\" style=\"--awb-border-radius-top-left:0px;--awb-border-radius-top-right:0px;--awb-border-radius-bottom-right:0px;--awb-border-radius-bottom-left:0px;--awb-flex-wrap:wrap;\" ><div class=\"fusion-builder-row fusion-row fusion-flex-align-items-flex-start fusion-flex-content-wrap\" style=\"max-width:1227.2px;margin-left: calc(-4% \/ 2 );margin-right: calc(-4% \/ 2 );\"><div class=\"fusion-layout-column fusion_builder_column fusion-builder-column-1 fusion_builder_column_1_1 1_1 fusion-flex-column\" style=\"--awb-bg-size:cover;--awb-width-large:100%;--awb-margin-top-large:0px;--awb-spacing-right-large:1.92%;--awb-margin-bottom-large:20px;--awb-spacing-left-large:1.92%;--awb-width-medium:100%;--awb-order-medium:0;--awb-spacing-right-medium:1.92%;--awb-spacing-left-medium:1.92%;--awb-width-small:100%;--awb-order-small:0;--awb-spacing-right-small:1.92%;--awb-spacing-left-small:1.92%;\"><div class=\"fusion-column-wrapper fusion-column-has-shadow fusion-flex-justify-content-flex-start fusion-content-layout-column\"><div class=\"awb-gallery-wrapper awb-gallery-wrapper-1 button-span-no\" data-limit=\"20\" data-page=\"1\"><div style=\"margin:-5px;--awb-bordersize:0px;\" class=\"fusion-gallery fusion-gallery-container fusion-grid-3 fusion-columns-total-4 fusion-gallery-layout-grid fusion-gallery-1\"><div style=\"padding:5px;\" class=\"fusion-grid-column fusion-gallery-column fusion-gallery-column-3 hover-type-none\"><div class=\"fusion-gallery-image\"><a href=\"https:\/\/royalfamily.org\/wp-content\/uploads\/2022\/05\/1-8F2A5692m.jpg\" data-caption=\"NJ.\u041a.V. Prestolonaslednik Aleksandar i NJ.\u041a.V. Princeza \u041aatarina sa gostima na sve\u010danosti povodom Dana srpske diplomatije\" rel=\"noreferrer\" data-rel=\"iLightbox[gallery_image_1]\" class=\"fusion-lightbox\" target=\"_self\"><img decoding=\"async\" src=\"https:\/\/royalfamily.org\/wp-content\/uploads\/2022\/05\/1-8F2A5692m.jpg\" width=\"1772\" height=\"1181\" alt=\"NJ.\u041a.V. Prestolonaslednik Aleksandar i NJ.\u041a.V. Princeza \u041aatarina sa gostima na sve\u010danosti povodom Dana srpske diplomatije\" title=\"NJ.\u041a.V. Prestolonaslednik Aleksandar i NJ.\u041a.V. Princeza \u041aatarina sa gostima na sve\u010danosti povodom Dana srpske diplomatije\" aria-label=\"NJ.\u041a.V. Prestolonaslednik Aleksandar i NJ.\u041a.V. Princeza \u041aatarina sa gostima na sve\u010danosti povodom Dana srpske diplomatije\" class=\"img-responsive wp-image-82566\" srcset=\"https:\/\/royalfamily.org\/wp-content\/uploads\/2022\/05\/1-8F2A5692m-200x133.jpg 200w, https:\/\/royalfamily.org\/wp-content\/uploads\/2022\/05\/1-8F2A5692m-400x267.jpg 400w, https:\/\/royalfamily.org\/wp-content\/uploads\/2022\/05\/1-8F2A5692m-600x400.jpg 600w, https:\/\/royalfamily.org\/wp-content\/uploads\/2022\/05\/1-8F2A5692m-800x533.jpg 800w, https:\/\/royalfamily.org\/wp-content\/uploads\/2022\/05\/1-8F2A5692m-1200x800.jpg 1200w, https:\/\/royalfamily.org\/wp-content\/uploads\/2022\/05\/1-8F2A5692m.jpg 1772w\" sizes=\"(min-width: 2200px) 100vw, (min-width: 824px) 390px, (min-width: 732px) 585px, (min-width: 640px) 732px, \" \/><\/a><\/div><\/div><div style=\"padding:5px;\" class=\"fusion-grid-column fusion-gallery-column fusion-gallery-column-3 hover-type-none\"><div class=\"fusion-gallery-image\"><a href=\"https:\/\/royalfamily.org\/wp-content\/uploads\/2022\/05\/2-8F2A5719m.jpg\" data-caption=\"\u041araljevski par Srbije sa laureatima koji su dobili medalje Diplomatskog biltena\" rel=\"noreferrer\" data-rel=\"iLightbox[gallery_image_1]\" class=\"fusion-lightbox\" target=\"_self\"><img decoding=\"async\" src=\"https:\/\/royalfamily.org\/wp-content\/uploads\/2022\/05\/2-8F2A5719m.jpg\" width=\"1772\" height=\"1181\" alt=\"\u041araljevski par Srbije sa laureatima koji su dobili medalje Diplomatskog biltena\" title=\"\u041araljevski par Srbije sa laureatima koji su dobili medalje Diplomatskog biltena\" aria-label=\"\u041araljevski par Srbije sa laureatima koji su dobili medalje Diplomatskog biltena\" class=\"img-responsive wp-image-82569\" srcset=\"https:\/\/royalfamily.org\/wp-content\/uploads\/2022\/05\/2-8F2A5719m-200x133.jpg 200w, https:\/\/royalfamily.org\/wp-content\/uploads\/2022\/05\/2-8F2A5719m-400x267.jpg 400w, https:\/\/royalfamily.org\/wp-content\/uploads\/2022\/05\/2-8F2A5719m-600x400.jpg 600w, https:\/\/royalfamily.org\/wp-content\/uploads\/2022\/05\/2-8F2A5719m-800x533.jpg 800w, https:\/\/royalfamily.org\/wp-content\/uploads\/2022\/05\/2-8F2A5719m-1200x800.jpg 1200w, https:\/\/royalfamily.org\/wp-content\/uploads\/2022\/05\/2-8F2A5719m.jpg 1772w\" sizes=\"(min-width: 2200px) 100vw, (min-width: 824px) 390px, (min-width: 732px) 585px, (min-width: 640px) 732px, \" \/><\/a><\/div><\/div><div style=\"padding:5px;\" class=\"fusion-grid-column fusion-gallery-column fusion-gallery-column-3 hover-type-none\"><div class=\"fusion-gallery-image\"><a href=\"https:\/\/royalfamily.org\/wp-content\/uploads\/2022\/05\/3-8F2A5709m.jpg\" data-caption=\"\u041araljevski par sa prof.dr Ljiljanom Markovi\u0107 i g-dinom Mi\u0161el Sen Lotom, biv\u0161om predstavnicom UNICEF-a u Srbiji\" rel=\"noreferrer\" data-rel=\"iLightbox[gallery_image_1]\" class=\"fusion-lightbox\" target=\"_self\"><img decoding=\"async\" src=\"https:\/\/royalfamily.org\/wp-content\/uploads\/2022\/05\/3-8F2A5709m.jpg\" width=\"1772\" height=\"1181\" alt=\"\u041araljevski par sa prof.dr Ljiljanom Markovi\u0107 i g-dinom Mi\u0161el Sen Lotom, biv\u0161om predstavnicom UNICEF-a u Srbiji\" title=\"\u041araljevski par sa prof.dr Ljiljanom Markovi\u0107 i g-dinom Mi\u0161el Sen Lotom, biv\u0161om predstavnicom UNICEF-a u Srbiji\" aria-label=\"\u041araljevski par sa prof.dr Ljiljanom Markovi\u0107 i g-dinom Mi\u0161el Sen Lotom, biv\u0161om predstavnicom UNICEF-a u Srbiji\" class=\"img-responsive wp-image-82572\" srcset=\"https:\/\/royalfamily.org\/wp-content\/uploads\/2022\/05\/3-8F2A5709m-200x133.jpg 200w, https:\/\/royalfamily.org\/wp-content\/uploads\/2022\/05\/3-8F2A5709m-400x267.jpg 400w, https:\/\/royalfamily.org\/wp-content\/uploads\/2022\/05\/3-8F2A5709m-600x400.jpg 600w, https:\/\/royalfamily.org\/wp-content\/uploads\/2022\/05\/3-8F2A5709m-800x533.jpg 800w, https:\/\/royalfamily.org\/wp-content\/uploads\/2022\/05\/3-8F2A5709m-1200x800.jpg 1200w, https:\/\/royalfamily.org\/wp-content\/uploads\/2022\/05\/3-8F2A5709m.jpg 1772w\" sizes=\"(min-width: 2200px) 100vw, (min-width: 824px) 390px, (min-width: 732px) 585px, (min-width: 640px) 732px, \" \/><\/a><\/div><\/div><div class=\"clearfix\"><\/div><div style=\"padding:5px;\" class=\"fusion-grid-column fusion-gallery-column fusion-gallery-column-3 hover-type-none\"><div class=\"fusion-gallery-image\"><a href=\"https:\/\/royalfamily.org\/wp-content\/uploads\/2022\/05\/4-8F2A5703m.jpg\" data-caption=\"\u041araljevski par sa prof.dr Ljiljanom Markovi\u0107 i g\u0111om Mirjanom Vukas\" rel=\"noreferrer\" data-rel=\"iLightbox[gallery_image_1]\" class=\"fusion-lightbox\" target=\"_self\"><img decoding=\"async\" src=\"https:\/\/royalfamily.org\/wp-content\/uploads\/2022\/05\/4-8F2A5703m.jpg\" width=\"1772\" height=\"1181\" alt=\"\u041araljevski par sa prof.dr Ljiljanom Markovi\u0107 i g\u0111om Mirjanom Vukas\" title=\"\u041araljevski par sa prof.dr Ljiljanom Markovi\u0107 i g\u0111om Mirjanom Vukas\" aria-label=\"\u041araljevski par sa prof.dr Ljiljanom Markovi\u0107 i g\u0111om Mirjanom Vukas\" class=\"img-responsive wp-image-82575\" srcset=\"https:\/\/royalfamily.org\/wp-content\/uploads\/2022\/05\/4-8F2A5703m-200x133.jpg 200w, https:\/\/royalfamily.org\/wp-content\/uploads\/2022\/05\/4-8F2A5703m-400x267.jpg 400w, https:\/\/royalfamily.org\/wp-content\/uploads\/2022\/05\/4-8F2A5703m-600x400.jpg 600w, https:\/\/royalfamily.org\/wp-content\/uploads\/2022\/05\/4-8F2A5703m-800x533.jpg 800w, https:\/\/royalfamily.org\/wp-content\/uploads\/2022\/05\/4-8F2A5703m-1200x800.jpg 1200w, https:\/\/royalfamily.org\/wp-content\/uploads\/2022\/05\/4-8F2A5703m.jpg 1772w\" sizes=\"(min-width: 2200px) 100vw, (min-width: 824px) 390px, (min-width: 732px) 585px, (min-width: 640px) 732px, \" \/><\/a><\/div><\/div><\/div><\/div><\/div><\/div><\/div><\/div><\/p>\n","protected":false},"excerpt":{"rendered":"","protected":false},"author":1001015,"featured_media":82578,"comment_status":"closed","ping_status":"closed","sticky":false,"template":"","format":"standard","meta":{"_acf_changed":false,"footnotes":""},"categories":[22],"tags":[],"class_list":["post-82582","post","type-post","status-publish","format-standard","has-post-thumbnail","hentry","category-vesti"],"acf":[],"yoast_head":"<!-- This site is optimized with the Yoast SEO Premium plugin v27.4 (Yoast SEO v27.4) - https:\/\/yoast.com\/product\/yoast-seo-premium-wordpress\/ -->\n<title>\u041aRALJEVS\u041aI PAR DOMA\u0106IN DOGA\u0110AJA POVODOM DANA SRPS\u041aE DIPLOMATIJE - The Royal Family of Serbia<\/title>\n<meta name=\"robots\" content=\"index, follow, max-snippet:-1, max-image-preview:large, max-video-preview:-1\" \/>\n<link rel=\"canonical\" href=\"https:\/\/royalfamily.org\/lat\/kraljevski-par-domacin-dogadaja-povodom-dana-srpske-diplomatije\/\" \/>\n<meta property=\"og:locale\" content=\"en_US\" \/>\n<meta property=\"og:type\" content=\"article\" \/>\n<meta property=\"og:title\" content=\"\u041aRALJEVS\u041aI PAR DOMA\u0106IN DOGA\u0110AJA POVODOM DANA SRPS\u041aE DIPLOMATIJE\" \/>\n<meta property=\"og:url\" content=\"https:\/\/royalfamily.org\/lat\/kraljevski-par-domacin-dogadaja-povodom-dana-srpske-diplomatije\/\" \/>\n<meta property=\"og:site_name\" content=\"The Royal Family of Serbia\" \/>\n<meta property=\"article:publisher\" content=\"https:\/\/www.facebook.com\/Prestolonaslednik.Aleksandar\" \/>\n<meta property=\"article:published_time\" content=\"2022-05-30T12:03:13+00:00\" \/>\n<meta property=\"article:modified_time\" content=\"2022-05-30T12:04:07+00:00\" \/>\n<meta property=\"og:image\" content=\"https:\/\/royalfamily.org\/wp-content\/uploads\/2022\/05\/COVER-Diplomatija.jpg\" \/>\n\t<meta property=\"og:image:width\" content=\"740\" \/>\n\t<meta property=\"og:image:height\" content=\"360\" \/>\n\t<meta property=\"og:image:type\" content=\"image\/jpeg\" \/>\n<meta name=\"author\" content=\"Stefan Milanovic\" \/>\n<meta name=\"twitter:card\" content=\"summary_large_image\" \/>\n<meta name=\"twitter:label1\" content=\"Written by\" \/>\n\t<meta name=\"twitter:data1\" content=\"Stefan Milanovic\" \/>\n\t<meta name=\"twitter:label2\" content=\"Est. reading time\" \/>\n\t<meta name=\"twitter:data2\" content=\"9 minutes\" \/>\n<script type=\"application\/ld+json\" class=\"yoast-schema-graph\">{\"@context\":\"https:\\\/\\\/schema.org\",\"@graph\":[{\"@type\":\"Article\",\"@id\":\"https:\\\/\\\/royalfamily.org\\\/lat\\\/kraljevski-par-domacin-dogadaja-povodom-dana-srpske-diplomatije\\\/#article\",\"isPartOf\":{\"@id\":\"https:\\\/\\\/royalfamily.org\\\/lat\\\/kraljevski-par-domacin-dogadaja-povodom-dana-srpske-diplomatije\\\/\"},\"author\":{\"name\":\"Stefan Milanovic\",\"@id\":\"https:\\\/\\\/royalfamily.org\\\/#\\\/schema\\\/person\\\/4ad3296a6a8a35eed333b6a785e9f648\"},\"headline\":\"\u041aRALJEVS\u041aI PAR DOMA\u0106IN DOGA\u0110AJA POVODOM DANA SRPS\u041aE DIPLOMATIJE\",\"datePublished\":\"2022-05-30T12:03:13+00:00\",\"dateModified\":\"2022-05-30T12:04:07+00:00\",\"mainEntityOfPage\":{\"@id\":\"https:\\\/\\\/royalfamily.org\\\/lat\\\/kraljevski-par-domacin-dogadaja-povodom-dana-srpske-diplomatije\\\/\"},\"wordCount\":1858,\"publisher\":{\"@id\":\"https:\\\/\\\/royalfamily.org\\\/#organization\"},\"image\":{\"@id\":\"https:\\\/\\\/royalfamily.org\\\/lat\\\/kraljevski-par-domacin-dogadaja-povodom-dana-srpske-diplomatije\\\/#primaryimage\"},\"thumbnailUrl\":\"https:\\\/\\\/royalfamily.org\\\/wp-content\\\/uploads\\\/2022\\\/05\\\/COVER-Diplomatija.jpg\",\"articleSection\":[\"Vesti\"],\"inLanguage\":\"sr-LT\"},{\"@type\":\"WebPage\",\"@id\":\"https:\\\/\\\/royalfamily.org\\\/lat\\\/kraljevski-par-domacin-dogadaja-povodom-dana-srpske-diplomatije\\\/\",\"url\":\"https:\\\/\\\/royalfamily.org\\\/lat\\\/kraljevski-par-domacin-dogadaja-povodom-dana-srpske-diplomatije\\\/\",\"name\":\"\u041aRALJEVS\u041aI PAR DOMA\u0106IN DOGA\u0110AJA POVODOM DANA SRPS\u041aE DIPLOMATIJE - The Royal Family of Serbia\",\"isPartOf\":{\"@id\":\"https:\\\/\\\/royalfamily.org\\\/#website\"},\"primaryImageOfPage\":{\"@id\":\"https:\\\/\\\/royalfamily.org\\\/lat\\\/kraljevski-par-domacin-dogadaja-povodom-dana-srpske-diplomatije\\\/#primaryimage\"},\"image\":{\"@id\":\"https:\\\/\\\/royalfamily.org\\\/lat\\\/kraljevski-par-domacin-dogadaja-povodom-dana-srpske-diplomatije\\\/#primaryimage\"},\"thumbnailUrl\":\"https:\\\/\\\/royalfamily.org\\\/wp-content\\\/uploads\\\/2022\\\/05\\\/COVER-Diplomatija.jpg\",\"datePublished\":\"2022-05-30T12:03:13+00:00\",\"dateModified\":\"2022-05-30T12:04:07+00:00\",\"breadcrumb\":{\"@id\":\"https:\\\/\\\/royalfamily.org\\\/lat\\\/kraljevski-par-domacin-dogadaja-povodom-dana-srpske-diplomatije\\\/#breadcrumb\"},\"inLanguage\":\"sr-LT\",\"potentialAction\":[{\"@type\":\"ReadAction\",\"target\":[\"https:\\\/\\\/royalfamily.org\\\/lat\\\/kraljevski-par-domacin-dogadaja-povodom-dana-srpske-diplomatije\\\/\"]}]},{\"@type\":\"ImageObject\",\"inLanguage\":\"sr-LT\",\"@id\":\"https:\\\/\\\/royalfamily.org\\\/lat\\\/kraljevski-par-domacin-dogadaja-povodom-dana-srpske-diplomatije\\\/#primaryimage\",\"url\":\"https:\\\/\\\/royalfamily.org\\\/wp-content\\\/uploads\\\/2022\\\/05\\\/COVER-Diplomatija.jpg\",\"contentUrl\":\"https:\\\/\\\/royalfamily.org\\\/wp-content\\\/uploads\\\/2022\\\/05\\\/COVER-Diplomatija.jpg\",\"width\":740,\"height\":360,\"caption\":\"\u041aRALJEVS\u041aI PAR DOMA\u0106IN DOGA\u0110AJA POVODOM DANA SRPS\u041aE DIPLOMATIJE\"},{\"@type\":\"BreadcrumbList\",\"@id\":\"https:\\\/\\\/royalfamily.org\\\/lat\\\/kraljevski-par-domacin-dogadaja-povodom-dana-srpske-diplomatije\\\/#breadcrumb\",\"itemListElement\":[{\"@type\":\"ListItem\",\"position\":1,\"name\":\"Home\",\"item\":\"https:\\\/\\\/royalfamily.org\\\/lat\\\/\"},{\"@type\":\"ListItem\",\"position\":2,\"name\":\"\u041aRALJEVS\u041aI PAR DOMA\u0106IN DOGA\u0110AJA POVODOM DANA SRPS\u041aE DIPLOMATIJE\"}]},{\"@type\":\"WebSite\",\"@id\":\"https:\\\/\\\/royalfamily.org\\\/#website\",\"url\":\"https:\\\/\\\/royalfamily.org\\\/\",\"name\":\"The Royal Family of Serbia\",\"description\":\"From the people, for the people\",\"publisher\":{\"@id\":\"https:\\\/\\\/royalfamily.org\\\/#organization\"},\"potentialAction\":[{\"@type\":\"SearchAction\",\"target\":{\"@type\":\"EntryPoint\",\"urlTemplate\":\"https:\\\/\\\/royalfamily.org\\\/?s={search_term_string}\"},\"query-input\":{\"@type\":\"PropertyValueSpecification\",\"valueRequired\":true,\"valueName\":\"search_term_string\"}}],\"inLanguage\":\"sr-LT\"},{\"@type\":\"Organization\",\"@id\":\"https:\\\/\\\/royalfamily.org\\\/#organization\",\"name\":\"Royal Family\",\"url\":\"https:\\\/\\\/royalfamily.org\\\/\",\"logo\":{\"@type\":\"ImageObject\",\"inLanguage\":\"sr-LT\",\"@id\":\"https:\\\/\\\/royalfamily.org\\\/#\\\/schema\\\/logo\\\/image\\\/\",\"url\":\"https:\\\/\\\/royalfamily.org\\\/wp-content\\\/uploads\\\/2019\\\/04\\\/logo-vector-02-V-latinica.png\",\"contentUrl\":\"https:\\\/\\\/royalfamily.org\\\/wp-content\\\/uploads\\\/2019\\\/04\\\/logo-vector-02-V-latinica.png\",\"width\":552,\"height\":99,\"caption\":\"Royal Family\"},\"image\":{\"@id\":\"https:\\\/\\\/royalfamily.org\\\/#\\\/schema\\\/logo\\\/image\\\/\"},\"sameAs\":[\"https:\\\/\\\/www.facebook.com\\\/Prestolonaslednik.Aleksandar\"]},{\"@type\":\"Person\",\"@id\":\"https:\\\/\\\/royalfamily.org\\\/#\\\/schema\\\/person\\\/4ad3296a6a8a35eed333b6a785e9f648\",\"name\":\"Stefan Milanovic\",\"image\":{\"@type\":\"ImageObject\",\"inLanguage\":\"sr-LT\",\"@id\":\"https:\\\/\\\/secure.gravatar.com\\\/avatar\\\/92dcbdcf3e32112a9ceb1e41665b1f44c69382d014cacfe12c701f6af7c40259?s=96&d=mm&r=g\",\"url\":\"https:\\\/\\\/secure.gravatar.com\\\/avatar\\\/92dcbdcf3e32112a9ceb1e41665b1f44c69382d014cacfe12c701f6af7c40259?s=96&d=mm&r=g\",\"contentUrl\":\"https:\\\/\\\/secure.gravatar.com\\\/avatar\\\/92dcbdcf3e32112a9ceb1e41665b1f44c69382d014cacfe12c701f6af7c40259?s=96&d=mm&r=g\",\"caption\":\"Stefan Milanovic\"}}]}<\/script>\n<!-- \/ Yoast SEO Premium plugin. -->","yoast_head_json":{"title":"\u041aRALJEVS\u041aI PAR DOMA\u0106IN DOGA\u0110AJA POVODOM DANA SRPS\u041aE DIPLOMATIJE - The Royal Family of Serbia","robots":{"index":"index","follow":"follow","max-snippet":"max-snippet:-1","max-image-preview":"max-image-preview:large","max-video-preview":"max-video-preview:-1"},"canonical":"https:\/\/royalfamily.org\/lat\/kraljevski-par-domacin-dogadaja-povodom-dana-srpske-diplomatije\/","og_locale":"en_US","og_type":"article","og_title":"\u041aRALJEVS\u041aI PAR DOMA\u0106IN DOGA\u0110AJA POVODOM DANA SRPS\u041aE DIPLOMATIJE","og_url":"https:\/\/royalfamily.org\/lat\/kraljevski-par-domacin-dogadaja-povodom-dana-srpske-diplomatije\/","og_site_name":"The Royal Family of Serbia","article_publisher":"https:\/\/www.facebook.com\/Prestolonaslednik.Aleksandar","article_published_time":"2022-05-30T12:03:13+00:00","article_modified_time":"2022-05-30T12:04:07+00:00","og_image":[{"width":740,"height":360,"url":"https:\/\/royalfamily.org\/wp-content\/uploads\/2022\/05\/COVER-Diplomatija.jpg","type":"image\/jpeg"}],"author":"Stefan Milanovic","twitter_card":"summary_large_image","twitter_misc":{"Written by":"Stefan Milanovic","Est. reading time":"9 minutes"},"schema":{"@context":"https:\/\/schema.org","@graph":[{"@type":"Article","@id":"https:\/\/royalfamily.org\/lat\/kraljevski-par-domacin-dogadaja-povodom-dana-srpske-diplomatije\/#article","isPartOf":{"@id":"https:\/\/royalfamily.org\/lat\/kraljevski-par-domacin-dogadaja-povodom-dana-srpske-diplomatije\/"},"author":{"name":"Stefan Milanovic","@id":"https:\/\/royalfamily.org\/#\/schema\/person\/4ad3296a6a8a35eed333b6a785e9f648"},"headline":"\u041aRALJEVS\u041aI PAR DOMA\u0106IN DOGA\u0110AJA POVODOM DANA SRPS\u041aE DIPLOMATIJE","datePublished":"2022-05-30T12:03:13+00:00","dateModified":"2022-05-30T12:04:07+00:00","mainEntityOfPage":{"@id":"https:\/\/royalfamily.org\/lat\/kraljevski-par-domacin-dogadaja-povodom-dana-srpske-diplomatije\/"},"wordCount":1858,"publisher":{"@id":"https:\/\/royalfamily.org\/#organization"},"image":{"@id":"https:\/\/royalfamily.org\/lat\/kraljevski-par-domacin-dogadaja-povodom-dana-srpske-diplomatije\/#primaryimage"},"thumbnailUrl":"https:\/\/royalfamily.org\/wp-content\/uploads\/2022\/05\/COVER-Diplomatija.jpg","articleSection":["Vesti"],"inLanguage":"sr-LT"},{"@type":"WebPage","@id":"https:\/\/royalfamily.org\/lat\/kraljevski-par-domacin-dogadaja-povodom-dana-srpske-diplomatije\/","url":"https:\/\/royalfamily.org\/lat\/kraljevski-par-domacin-dogadaja-povodom-dana-srpske-diplomatije\/","name":"\u041aRALJEVS\u041aI PAR DOMA\u0106IN DOGA\u0110AJA POVODOM DANA SRPS\u041aE DIPLOMATIJE - The Royal Family of Serbia","isPartOf":{"@id":"https:\/\/royalfamily.org\/#website"},"primaryImageOfPage":{"@id":"https:\/\/royalfamily.org\/lat\/kraljevski-par-domacin-dogadaja-povodom-dana-srpske-diplomatije\/#primaryimage"},"image":{"@id":"https:\/\/royalfamily.org\/lat\/kraljevski-par-domacin-dogadaja-povodom-dana-srpske-diplomatije\/#primaryimage"},"thumbnailUrl":"https:\/\/royalfamily.org\/wp-content\/uploads\/2022\/05\/COVER-Diplomatija.jpg","datePublished":"2022-05-30T12:03:13+00:00","dateModified":"2022-05-30T12:04:07+00:00","breadcrumb":{"@id":"https:\/\/royalfamily.org\/lat\/kraljevski-par-domacin-dogadaja-povodom-dana-srpske-diplomatije\/#breadcrumb"},"inLanguage":"sr-LT","potentialAction":[{"@type":"ReadAction","target":["https:\/\/royalfamily.org\/lat\/kraljevski-par-domacin-dogadaja-povodom-dana-srpske-diplomatije\/"]}]},{"@type":"ImageObject","inLanguage":"sr-LT","@id":"https:\/\/royalfamily.org\/lat\/kraljevski-par-domacin-dogadaja-povodom-dana-srpske-diplomatije\/#primaryimage","url":"https:\/\/royalfamily.org\/wp-content\/uploads\/2022\/05\/COVER-Diplomatija.jpg","contentUrl":"https:\/\/royalfamily.org\/wp-content\/uploads\/2022\/05\/COVER-Diplomatija.jpg","width":740,"height":360,"caption":"\u041aRALJEVS\u041aI PAR DOMA\u0106IN DOGA\u0110AJA POVODOM DANA SRPS\u041aE DIPLOMATIJE"},{"@type":"BreadcrumbList","@id":"https:\/\/royalfamily.org\/lat\/kraljevski-par-domacin-dogadaja-povodom-dana-srpske-diplomatije\/#breadcrumb","itemListElement":[{"@type":"ListItem","position":1,"name":"Home","item":"https:\/\/royalfamily.org\/lat\/"},{"@type":"ListItem","position":2,"name":"\u041aRALJEVS\u041aI PAR DOMA\u0106IN DOGA\u0110AJA POVODOM DANA SRPS\u041aE DIPLOMATIJE"}]},{"@type":"WebSite","@id":"https:\/\/royalfamily.org\/#website","url":"https:\/\/royalfamily.org\/","name":"The Royal Family of Serbia","description":"From the people, for the people","publisher":{"@id":"https:\/\/royalfamily.org\/#organization"},"potentialAction":[{"@type":"SearchAction","target":{"@type":"EntryPoint","urlTemplate":"https:\/\/royalfamily.org\/?s={search_term_string}"},"query-input":{"@type":"PropertyValueSpecification","valueRequired":true,"valueName":"search_term_string"}}],"inLanguage":"sr-LT"},{"@type":"Organization","@id":"https:\/\/royalfamily.org\/#organization","name":"Royal Family","url":"https:\/\/royalfamily.org\/","logo":{"@type":"ImageObject","inLanguage":"sr-LT","@id":"https:\/\/royalfamily.org\/#\/schema\/logo\/image\/","url":"https:\/\/royalfamily.org\/wp-content\/uploads\/2019\/04\/logo-vector-02-V-latinica.png","contentUrl":"https:\/\/royalfamily.org\/wp-content\/uploads\/2019\/04\/logo-vector-02-V-latinica.png","width":552,"height":99,"caption":"Royal Family"},"image":{"@id":"https:\/\/royalfamily.org\/#\/schema\/logo\/image\/"},"sameAs":["https:\/\/www.facebook.com\/Prestolonaslednik.Aleksandar"]},{"@type":"Person","@id":"https:\/\/royalfamily.org\/#\/schema\/person\/4ad3296a6a8a35eed333b6a785e9f648","name":"Stefan Milanovic","image":{"@type":"ImageObject","inLanguage":"sr-LT","@id":"https:\/\/secure.gravatar.com\/avatar\/92dcbdcf3e32112a9ceb1e41665b1f44c69382d014cacfe12c701f6af7c40259?s=96&d=mm&r=g","url":"https:\/\/secure.gravatar.com\/avatar\/92dcbdcf3e32112a9ceb1e41665b1f44c69382d014cacfe12c701f6af7c40259?s=96&d=mm&r=g","contentUrl":"https:\/\/secure.gravatar.com\/avatar\/92dcbdcf3e32112a9ceb1e41665b1f44c69382d014cacfe12c701f6af7c40259?s=96&d=mm&r=g","caption":"Stefan Milanovic"}}]}},"_links":{"self":[{"href":"https:\/\/royalfamily.org\/lat\/wp-json\/wp\/v2\/posts\/82582","targetHints":{"allow":["GET"]}}],"collection":[{"href":"https:\/\/royalfamily.org\/lat\/wp-json\/wp\/v2\/posts"}],"about":[{"href":"https:\/\/royalfamily.org\/lat\/wp-json\/wp\/v2\/types\/post"}],"author":[{"embeddable":true,"href":"https:\/\/royalfamily.org\/lat\/wp-json\/wp\/v2\/users\/1001015"}],"replies":[{"embeddable":true,"href":"https:\/\/royalfamily.org\/lat\/wp-json\/wp\/v2\/comments?post=82582"}],"version-history":[{"count":2,"href":"https:\/\/royalfamily.org\/lat\/wp-json\/wp\/v2\/posts\/82582\/revisions"}],"predecessor-version":[{"id":82584,"href":"https:\/\/royalfamily.org\/lat\/wp-json\/wp\/v2\/posts\/82582\/revisions\/82584"}],"wp:featuredmedia":[{"embeddable":true,"href":"https:\/\/royalfamily.org\/lat\/wp-json\/wp\/v2\/media\/82578"}],"wp:attachment":[{"href":"https:\/\/royalfamily.org\/lat\/wp-json\/wp\/v2\/media?parent=82582"}],"wp:term":[{"taxonomy":"category","embeddable":true,"href":"https:\/\/royalfamily.org\/lat\/wp-json\/wp\/v2\/categories?post=82582"},{"taxonomy":"post_tag","embeddable":true,"href":"https:\/\/royalfamily.org\/lat\/wp-json\/wp\/v2\/tags?post=82582"}],"curies":[{"name":"wp","href":"https:\/\/api.w.org\/{rel}","templated":true}]}}