{"id":82613,"date":"2022-06-01T22:12:07","date_gmt":"2022-06-01T20:12:07","guid":{"rendered":"https:\/\/royalfamily.org\/?p=82613"},"modified":"2022-06-02T10:45:29","modified_gmt":"2022-06-02T08:45:29","slug":"prestolonaslednik-pokrovitelj-koncerta-carobno-detinjstvo-u-belom-dvoru","status":"publish","type":"post","link":"https:\/\/royalfamily.org\/lat\/prestolonaslednik-pokrovitelj-koncerta-carobno-detinjstvo-u-belom-dvoru\/","title":{"rendered":"PRESTOLONASLEDNI\u041a PO\u041aROVITELJ \u041aONCERTA \u201e\u010cAROBNO DETINJSTVO\u201c U BELOM DVORU"},"content":{"rendered":"<p><div class=\"fusion-fullwidth fullwidth-box fusion-builder-row-1 fusion-flex-container nonhundred-percent-fullwidth non-hundred-percent-height-scrolling\" style=\"--awb-border-radius-top-left:0px;--awb-border-radius-top-right:0px;--awb-border-radius-bottom-right:0px;--awb-border-radius-bottom-left:0px;--awb-flex-wrap:wrap;\" ><div class=\"fusion-builder-row fusion-row fusion-flex-align-items-flex-start fusion-flex-content-wrap\" style=\"max-width:1227.2px;margin-left: calc(-4% \/ 2 );margin-right: calc(-4% \/ 2 );\"><div class=\"fusion-layout-column fusion_builder_column fusion-builder-column-0 fusion_builder_column_1_1 1_1 fusion-flex-column\" style=\"--awb-bg-size:cover;--awb-width-large:100%;--awb-margin-top-large:0px;--awb-spacing-right-large:1.92%;--awb-margin-bottom-large:20px;--awb-spacing-left-large:1.92%;--awb-width-medium:100%;--awb-order-medium:0;--awb-spacing-right-medium:1.92%;--awb-spacing-left-medium:1.92%;--awb-width-small:100%;--awb-order-small:0;--awb-spacing-right-small:1.92%;--awb-spacing-left-small:1.92%;\"><div class=\"fusion-column-wrapper fusion-column-has-shadow fusion-flex-justify-content-flex-start fusion-content-layout-column\"><div class=\"fusion-text fusion-text-1\"><p>Povodom Svetskog dana deteta, Njihova \u041araljevska Viso\u010danstva Prestolonaslednik Aleksandar i Princeza \u041aatarina bili su doma\u0107ini gala koncerta \u201e\u010carobno detinjstvo\u201d u izvo\u0111enju hora BeoBalet, koji je odr\u017ean danas u Belom dvoru pod pokroviteljstvom Fondacije NJ.\u041a.V. Prestolonaslednika Aleksandra za kulturu i obrazovanje.<\/p>\n<p>Deca iz Srbije, Brazila, Sjedinjenih Ameri\u010dkih Dr\u017eava, Francuske, Azerbejd\u017eana, Slovenije, \u041aanade, Nema\u010dke, koja su \u010dlanovi de\u010dijeg hora BeoBalet, koji \u010dine talentovana deca \u2013 muzi\u010dke i peva\u010dke balerine, u\u010dinila su ovo ve\u010de posebnim, poslav\u0161i sna\u017enu poruku da sva deca na svetu treba da imaju \u010darobno detinjstvo, u kome \u0107e imati pravo na obrazovanje i kulturu.<\/p>\n<p>Cilj koncerta organizovanog na ovaj dan bio je da se istaknu prava dece \u0161irom sveta. Doga\u0111aju su prisustvovali Njagova Ekselencija ambasador Brazila u Srbiji, g-din Hose Mauro da Fonseka \u041aosta \u041auto, \u010dlanovi Upravnog odbora Prestolonaslednikove Fondacije, zajedno sa mnogim drugim uva\u017eenim gostima iz sfere privrede i kulture.<\/p>\n<p>NJ.\u041a.V. Prestolonaslednik Aleksandar je, kao doma\u0107in manifestacije, u svom obra\u0107anju rekao: \u201eVeoma sam sre\u0107an \u0161to vas do\u010dekujem ovde, u domu \u041araljevske porodice. Tu smo da u\u017eivamo u nastupu ove prelepe, talentovane dece, na ovaj zna\u010dajan datum \u2013 Svetski dan deteta.<\/p>\n<p>Svojim nastupom ve\u010deras, u kom \u0107emo svi u\u017eivati, ona \u0161alju veoma zna\u010dajnu poruku nama odraslima. Ova deca to rade na najbolji mogu\u0107i na\u010din \u2013 kulturom i zajedni\u010dkim u\u017eivanjem u muzici i plesu. Njihova poruka je \u2013 da moramo da po\u0161tujemo \u017eelje dece i da smo mi ti koji treba da im obezbedimo bolji, sigurniji svet.<\/p>\n<p>Sva deca \u0161irom sveta zaslu\u017euju da \u017eive u dobrom i bezbednom okru\u017eenju, uz po\u0161tovanje njihovih prava. Ona su ta koja \u0107e naslediti ovaj svet od nas, a mi treba da im obezbedimo budu\u0107nost. Draga deco, \u017eelim da vam ka\u017eem \u2013 sledite svoje snove i budite uvek takvi kao danas \u2013 ljubazni jedni prema drugima, po\u0161tuju\u0107i i neguju\u0107i kulturu, muziku i obrazovanje, uvek sre\u0107ni i nasmejani.\u201d<\/p>\n<p>Datum 1. jun kao Svetski dan deteta ustanovila je Generalna skup\u0161tina Ujedinjenih nacija 1954. godine. Tog dana se \u0161irom sveta odr\u017eavaju manifestacije sa ciljem organizovanja dru\u017eenja dece. Pored toga, ovaj dan ima za cilj da skrene pa\u017enju javnosti na obaveze dru\u0161tva prema deci, kao i na aktuelne probleme sa kojima se deca suo\u010davaju.<\/p>\n<p>Hor BeoBalet je nastao sa namerom da decu upozna sa velikom magijom i \u010darobnom energijom koju nosi, ali i da afirmi\u0161e kvalitetnu de\u010diju muziku doma\u0107ih i stranih umetnika. Na repertoaru hora nalaze se najlep\u0161e de\u010dije pesme, poznati doma\u0107i i strani pop i rok hitovi, kao i tradicionalne pesme iz celog sveta. Nastup dece BeoBaleta je autenti\u010dno muzi\u010dko putovanje kroz vreme i razli\u010dite zemlje \u0161irom sveta.<\/p>\n<\/div><\/div><\/div><\/div><\/div><div class=\"fusion-fullwidth fullwidth-box fusion-builder-row-2 fusion-flex-container nonhundred-percent-fullwidth non-hundred-percent-height-scrolling\" style=\"--awb-border-radius-top-left:0px;--awb-border-radius-top-right:0px;--awb-border-radius-bottom-right:0px;--awb-border-radius-bottom-left:0px;--awb-flex-wrap:wrap;\" ><div class=\"fusion-builder-row fusion-row fusion-flex-align-items-flex-start fusion-flex-content-wrap\" style=\"max-width:1227.2px;margin-left: calc(-4% \/ 2 );margin-right: calc(-4% \/ 2 );\"><div class=\"fusion-layout-column fusion_builder_column fusion-builder-column-1 fusion_builder_column_1_1 1_1 fusion-flex-column\" style=\"--awb-bg-size:cover;--awb-width-large:100%;--awb-margin-top-large:0px;--awb-spacing-right-large:1.92%;--awb-margin-bottom-large:20px;--awb-spacing-left-large:1.92%;--awb-width-medium:100%;--awb-order-medium:0;--awb-spacing-right-medium:1.92%;--awb-spacing-left-medium:1.92%;--awb-width-small:100%;--awb-order-small:0;--awb-spacing-right-small:1.92%;--awb-spacing-left-small:1.92%;\"><div class=\"fusion-column-wrapper fusion-column-has-shadow fusion-flex-justify-content-flex-start fusion-content-layout-column\"><div class=\"awb-gallery-wrapper awb-gallery-wrapper-1 button-span-no\" data-limit=\"20\" data-page=\"1\"><div style=\"margin:-5px;--awb-bordersize:0px;\" class=\"fusion-gallery fusion-gallery-container fusion-grid-3 fusion-columns-total-6 fusion-gallery-layout-grid fusion-gallery-1\"><div style=\"padding:5px;\" class=\"fusion-grid-column fusion-gallery-column fusion-gallery-column-3 hover-type-none\"><div class=\"fusion-gallery-image\"><a href=\"https:\/\/royalfamily.org\/wp-content\/uploads\/2022\/06\/1-8F2A5983m.jpg\" data-caption=\"Gala koncerta \u201e\u010carobno detinjstvo\u201d u Belom dvoru, pod pokroviteljstvom NjKV Prestolonaslednika Aleksandra\" rel=\"noreferrer\" data-rel=\"iLightbox[gallery_image_1]\" class=\"fusion-lightbox\" target=\"_self\"><img decoding=\"async\" src=\"https:\/\/royalfamily.org\/wp-content\/uploads\/2022\/06\/1-8F2A5983m.jpg\" width=\"1772\" height=\"1181\" alt=\"Gala koncerta \u201e\u010carobno detinjstvo\u201d u Belom dvoru, pod pokroviteljstvom NjKV Prestolonaslednika Aleksandra\" title=\"Gala koncerta \u201e\u010carobno detinjstvo\u201d u Belom dvoru, pod pokroviteljstvom NjKV Prestolonaslednika Aleksandra\" aria-label=\"Gala koncerta \u201e\u010carobno detinjstvo\u201d u Belom dvoru, pod pokroviteljstvom NjKV Prestolonaslednika Aleksandra\" class=\"img-responsive wp-image-82591\" srcset=\"https:\/\/royalfamily.org\/wp-content\/uploads\/2022\/06\/1-8F2A5983m-200x133.jpg 200w, https:\/\/royalfamily.org\/wp-content\/uploads\/2022\/06\/1-8F2A5983m-400x267.jpg 400w, https:\/\/royalfamily.org\/wp-content\/uploads\/2022\/06\/1-8F2A5983m-600x400.jpg 600w, https:\/\/royalfamily.org\/wp-content\/uploads\/2022\/06\/1-8F2A5983m-800x533.jpg 800w, https:\/\/royalfamily.org\/wp-content\/uploads\/2022\/06\/1-8F2A5983m-1200x800.jpg 1200w, https:\/\/royalfamily.org\/wp-content\/uploads\/2022\/06\/1-8F2A5983m.jpg 1772w\" sizes=\"(min-width: 2200px) 100vw, (min-width: 824px) 390px, (min-width: 732px) 585px, (min-width: 640px) 732px, \" \/><\/a><\/div><\/div><div style=\"padding:5px;\" class=\"fusion-grid-column fusion-gallery-column fusion-gallery-column-3 hover-type-none\"><div class=\"fusion-gallery-image\"><a href=\"https:\/\/royalfamily.org\/wp-content\/uploads\/2022\/06\/2-8F2A6098m.jpg\" data-caption=\"Gala koncerta \u201e\u010carobno detinjstvo\u201d u Belom dvoru, pod pokroviteljstvom NjKV Prestolonaslednika Aleksandra\" rel=\"noreferrer\" data-rel=\"iLightbox[gallery_image_1]\" class=\"fusion-lightbox\" target=\"_self\"><img decoding=\"async\" src=\"https:\/\/royalfamily.org\/wp-content\/uploads\/2022\/06\/2-8F2A6098m.jpg\" width=\"1772\" height=\"1181\" alt=\"Gala koncerta \u201e\u010carobno detinjstvo\u201d u Belom dvoru, pod pokroviteljstvom NjKV Prestolonaslednika Aleksandra\" title=\"Gala koncerta \u201e\u010carobno detinjstvo\u201d u Belom dvoru, pod pokroviteljstvom NjKV Prestolonaslednika Aleksandra\" aria-label=\"Gala koncerta \u201e\u010carobno detinjstvo\u201d u Belom dvoru, pod pokroviteljstvom NjKV Prestolonaslednika Aleksandra\" class=\"img-responsive wp-image-82594\" srcset=\"https:\/\/royalfamily.org\/wp-content\/uploads\/2022\/06\/2-8F2A6098m-200x133.jpg 200w, https:\/\/royalfamily.org\/wp-content\/uploads\/2022\/06\/2-8F2A6098m-400x267.jpg 400w, https:\/\/royalfamily.org\/wp-content\/uploads\/2022\/06\/2-8F2A6098m-600x400.jpg 600w, https:\/\/royalfamily.org\/wp-content\/uploads\/2022\/06\/2-8F2A6098m-800x533.jpg 800w, https:\/\/royalfamily.org\/wp-content\/uploads\/2022\/06\/2-8F2A6098m-1200x800.jpg 1200w, https:\/\/royalfamily.org\/wp-content\/uploads\/2022\/06\/2-8F2A6098m.jpg 1772w\" sizes=\"(min-width: 2200px) 100vw, (min-width: 824px) 390px, (min-width: 732px) 585px, (min-width: 640px) 732px, \" \/><\/a><\/div><\/div><div style=\"padding:5px;\" class=\"fusion-grid-column fusion-gallery-column fusion-gallery-column-3 hover-type-none\"><div class=\"fusion-gallery-image\"><a href=\"https:\/\/royalfamily.org\/wp-content\/uploads\/2022\/06\/3-8F2A6042m.jpg\" data-caption=\"Gala koncerta \u201e\u010carobno detinjstvo\u201d u Belom dvoru, pod pokroviteljstvom NjKV Prestolonaslednika Aleksandra\" rel=\"noreferrer\" data-rel=\"iLightbox[gallery_image_1]\" class=\"fusion-lightbox\" target=\"_self\"><img decoding=\"async\" src=\"https:\/\/royalfamily.org\/wp-content\/uploads\/2022\/06\/3-8F2A6042m.jpg\" width=\"1772\" height=\"1181\" alt=\"Gala koncerta \u201e\u010carobno detinjstvo\u201d u Belom dvoru, pod pokroviteljstvom NjKV Prestolonaslednika Aleksandra\" title=\"Gala koncerta \u201e\u010carobno detinjstvo\u201d u Belom dvoru, pod pokroviteljstvom NjKV Prestolonaslednika Aleksandra\" aria-label=\"Gala koncerta \u201e\u010carobno detinjstvo\u201d u Belom dvoru, pod pokroviteljstvom NjKV Prestolonaslednika Aleksandra\" class=\"img-responsive wp-image-82597\" srcset=\"https:\/\/royalfamily.org\/wp-content\/uploads\/2022\/06\/3-8F2A6042m-200x133.jpg 200w, https:\/\/royalfamily.org\/wp-content\/uploads\/2022\/06\/3-8F2A6042m-400x267.jpg 400w, https:\/\/royalfamily.org\/wp-content\/uploads\/2022\/06\/3-8F2A6042m-600x400.jpg 600w, https:\/\/royalfamily.org\/wp-content\/uploads\/2022\/06\/3-8F2A6042m-800x533.jpg 800w, https:\/\/royalfamily.org\/wp-content\/uploads\/2022\/06\/3-8F2A6042m-1200x800.jpg 1200w, https:\/\/royalfamily.org\/wp-content\/uploads\/2022\/06\/3-8F2A6042m.jpg 1772w\" sizes=\"(min-width: 2200px) 100vw, (min-width: 824px) 390px, (min-width: 732px) 585px, (min-width: 640px) 732px, \" \/><\/a><\/div><\/div><div class=\"clearfix\"><\/div><div style=\"padding:5px;\" class=\"fusion-grid-column fusion-gallery-column fusion-gallery-column-3 hover-type-none\"><div class=\"fusion-gallery-image\"><a href=\"https:\/\/royalfamily.org\/wp-content\/uploads\/2022\/06\/4-8F2A6138m.jpg\" data-caption=\"Kraljevski par i Novak \u0110okovi\u0107 na gala koncertu \u201e\u010carobno detinjstvo\u201d\" rel=\"noreferrer\" data-rel=\"iLightbox[gallery_image_1]\" class=\"fusion-lightbox\" target=\"_self\"><img decoding=\"async\" src=\"https:\/\/royalfamily.org\/wp-content\/uploads\/2022\/06\/4-8F2A6138m.jpg\" width=\"1772\" height=\"1181\" alt=\"Kraljevski par i Novak \u0110okovi\u0107 na gala koncertu \u201e\u010carobno detinjstvo\u201d\" title=\"Kraljevski par i Novak \u0110okovi\u0107 na gala koncertu \u201e\u010carobno detinjstvo\u201d\" aria-label=\"Kraljevski par i Novak \u0110okovi\u0107 na gala koncertu \u201e\u010carobno detinjstvo\u201d\" class=\"img-responsive wp-image-82600\" srcset=\"https:\/\/royalfamily.org\/wp-content\/uploads\/2022\/06\/4-8F2A6138m-200x133.jpg 200w, https:\/\/royalfamily.org\/wp-content\/uploads\/2022\/06\/4-8F2A6138m-400x267.jpg 400w, https:\/\/royalfamily.org\/wp-content\/uploads\/2022\/06\/4-8F2A6138m-600x400.jpg 600w, https:\/\/royalfamily.org\/wp-content\/uploads\/2022\/06\/4-8F2A6138m-800x533.jpg 800w, https:\/\/royalfamily.org\/wp-content\/uploads\/2022\/06\/4-8F2A6138m-1200x800.jpg 1200w, https:\/\/royalfamily.org\/wp-content\/uploads\/2022\/06\/4-8F2A6138m.jpg 1772w\" sizes=\"(min-width: 2200px) 100vw, (min-width: 824px) 390px, (min-width: 732px) 585px, (min-width: 640px) 732px, \" \/><\/a><\/div><\/div><div style=\"padding:5px;\" class=\"fusion-grid-column fusion-gallery-column fusion-gallery-column-3 hover-type-none\"><div class=\"fusion-gallery-image\"><a href=\"https:\/\/royalfamily.org\/wp-content\/uploads\/2022\/06\/5-8F2A5985m.jpg\" data-caption=\"Gala koncerta \u201e\u010carobno detinjstvo\u201d u Belom dvoru, pod pokroviteljstvom NjKV Prestolonaslednika Aleksandra\" rel=\"noreferrer\" data-rel=\"iLightbox[gallery_image_1]\" class=\"fusion-lightbox\" target=\"_self\"><img decoding=\"async\" src=\"https:\/\/royalfamily.org\/wp-content\/uploads\/2022\/06\/5-8F2A5985m.jpg\" width=\"1772\" height=\"1181\" alt=\"Gala koncerta \u201e\u010carobno detinjstvo\u201d u Belom dvoru, pod pokroviteljstvom NjKV Prestolonaslednika Aleksandra\" title=\"Gala koncerta \u201e\u010carobno detinjstvo\u201d u Belom dvoru, pod pokroviteljstvom NjKV Prestolonaslednika Aleksandra\" aria-label=\"Gala koncerta \u201e\u010carobno detinjstvo\u201d u Belom dvoru, pod pokroviteljstvom NjKV Prestolonaslednika Aleksandra\" class=\"img-responsive wp-image-82603\" srcset=\"https:\/\/royalfamily.org\/wp-content\/uploads\/2022\/06\/5-8F2A5985m-200x133.jpg 200w, https:\/\/royalfamily.org\/wp-content\/uploads\/2022\/06\/5-8F2A5985m-400x267.jpg 400w, https:\/\/royalfamily.org\/wp-content\/uploads\/2022\/06\/5-8F2A5985m-600x400.jpg 600w, https:\/\/royalfamily.org\/wp-content\/uploads\/2022\/06\/5-8F2A5985m-800x533.jpg 800w, https:\/\/royalfamily.org\/wp-content\/uploads\/2022\/06\/5-8F2A5985m-1200x800.jpg 1200w, https:\/\/royalfamily.org\/wp-content\/uploads\/2022\/06\/5-8F2A5985m.jpg 1772w\" sizes=\"(min-width: 2200px) 100vw, (min-width: 824px) 390px, (min-width: 732px) 585px, (min-width: 640px) 732px, \" \/><\/a><\/div><\/div><div style=\"padding:5px;\" class=\"fusion-grid-column fusion-gallery-column fusion-gallery-column-3 hover-type-none\"><div class=\"fusion-gallery-image\"><a href=\"https:\/\/royalfamily.org\/wp-content\/uploads\/2022\/06\/6-8F2A6057m.jpg\" data-caption=\"Gala koncerta \u201e\u010carobno detinjstvo\u201d u Belom dvoru, pod pokroviteljstvom NjKV Prestolonaslednika Aleksandra\" rel=\"noreferrer\" data-rel=\"iLightbox[gallery_image_1]\" class=\"fusion-lightbox\" target=\"_self\"><img decoding=\"async\" src=\"https:\/\/royalfamily.org\/wp-content\/uploads\/2022\/06\/6-8F2A6057m.jpg\" width=\"1772\" height=\"1181\" alt=\"Gala koncerta \u201e\u010carobno detinjstvo\u201d u Belom dvoru, pod pokroviteljstvom NjKV Prestolonaslednika Aleksandra\" title=\"Gala koncerta \u201e\u010carobno detinjstvo\u201d u Belom dvoru, pod pokroviteljstvom NjKV Prestolonaslednika Aleksandra\" aria-label=\"Gala koncerta \u201e\u010carobno detinjstvo\u201d u Belom dvoru, pod pokroviteljstvom NjKV Prestolonaslednika Aleksandra\" class=\"img-responsive wp-image-82606\" srcset=\"https:\/\/royalfamily.org\/wp-content\/uploads\/2022\/06\/6-8F2A6057m-200x133.jpg 200w, https:\/\/royalfamily.org\/wp-content\/uploads\/2022\/06\/6-8F2A6057m-400x267.jpg 400w, https:\/\/royalfamily.org\/wp-content\/uploads\/2022\/06\/6-8F2A6057m-600x400.jpg 600w, https:\/\/royalfamily.org\/wp-content\/uploads\/2022\/06\/6-8F2A6057m-800x533.jpg 800w, https:\/\/royalfamily.org\/wp-content\/uploads\/2022\/06\/6-8F2A6057m-1200x800.jpg 1200w, https:\/\/royalfamily.org\/wp-content\/uploads\/2022\/06\/6-8F2A6057m.jpg 1772w\" sizes=\"(min-width: 2200px) 100vw, (min-width: 824px) 390px, (min-width: 732px) 585px, (min-width: 640px) 732px, \" \/><\/a><\/div><\/div><div class=\"clearfix\"><\/div><\/div><\/div><\/div><\/div><\/div><\/div><\/p>\n","protected":false},"excerpt":{"rendered":"","protected":false},"author":1001015,"featured_media":82609,"comment_status":"closed","ping_status":"closed","sticky":false,"template":"","format":"standard","meta":{"_acf_changed":false,"footnotes":""},"categories":[22],"tags":[],"class_list":["post-82613","post","type-post","status-publish","format-standard","has-post-thumbnail","hentry","category-vesti"],"acf":[],"yoast_head":"<!-- This site is optimized with the Yoast SEO Premium plugin v27.4 (Yoast SEO v27.4) - https:\/\/yoast.com\/product\/yoast-seo-premium-wordpress\/ -->\n<title>PRESTOLONASLEDNI\u041a PO\u041aROVITELJ \u041aONCERTA \u201e\u010cAROBNO DETINJSTVO\u201c U BELOM DVORU - The Royal Family of Serbia<\/title>\n<meta name=\"robots\" content=\"index, follow, max-snippet:-1, max-image-preview:large, max-video-preview:-1\" \/>\n<link rel=\"canonical\" href=\"https:\/\/royalfamily.org\/lat\/prestolonaslednik-pokrovitelj-koncerta-carobno-detinjstvo-u-belom-dvoru\/\" \/>\n<meta property=\"og:locale\" content=\"en_US\" \/>\n<meta property=\"og:type\" content=\"article\" \/>\n<meta property=\"og:title\" content=\"PRESTOLONASLEDNI\u041a PO\u041aROVITELJ \u041aONCERTA \u201e\u010cAROBNO DETINJSTVO\u201c U BELOM DVORU\" \/>\n<meta property=\"og:url\" content=\"https:\/\/royalfamily.org\/lat\/prestolonaslednik-pokrovitelj-koncerta-carobno-detinjstvo-u-belom-dvoru\/\" \/>\n<meta property=\"og:site_name\" content=\"The Royal Family of Serbia\" \/>\n<meta property=\"article:publisher\" content=\"https:\/\/www.facebook.com\/Prestolonaslednik.Aleksandar\" \/>\n<meta property=\"article:published_time\" content=\"2022-06-01T20:12:07+00:00\" \/>\n<meta property=\"article:modified_time\" content=\"2022-06-02T08:45:29+00:00\" \/>\n<meta property=\"og:image\" content=\"https:\/\/royalfamily.org\/wp-content\/uploads\/2022\/06\/COVER-BeoBalet.jpg\" \/>\n\t<meta property=\"og:image:width\" content=\"740\" \/>\n\t<meta property=\"og:image:height\" content=\"360\" \/>\n\t<meta property=\"og:image:type\" content=\"image\/jpeg\" \/>\n<meta name=\"author\" content=\"Stefan Milanovic\" \/>\n<meta name=\"twitter:card\" content=\"summary_large_image\" \/>\n<meta name=\"twitter:label1\" content=\"Written by\" \/>\n\t<meta name=\"twitter:data1\" content=\"Stefan Milanovic\" \/>\n\t<meta name=\"twitter:label2\" content=\"Est. reading time\" \/>\n\t<meta name=\"twitter:data2\" content=\"5 minutes\" \/>\n<script type=\"application\/ld+json\" class=\"yoast-schema-graph\">{\"@context\":\"https:\\\/\\\/schema.org\",\"@graph\":[{\"@type\":\"Article\",\"@id\":\"https:\\\/\\\/royalfamily.org\\\/lat\\\/prestolonaslednik-pokrovitelj-koncerta-carobno-detinjstvo-u-belom-dvoru\\\/#article\",\"isPartOf\":{\"@id\":\"https:\\\/\\\/royalfamily.org\\\/lat\\\/prestolonaslednik-pokrovitelj-koncerta-carobno-detinjstvo-u-belom-dvoru\\\/\"},\"author\":{\"name\":\"Stefan Milanovic\",\"@id\":\"https:\\\/\\\/royalfamily.org\\\/#\\\/schema\\\/person\\\/4ad3296a6a8a35eed333b6a785e9f648\"},\"headline\":\"PRESTOLONASLEDNI\u041a PO\u041aROVITELJ \u041aONCERTA \u201e\u010cAROBNO DETINJSTVO\u201c U BELOM DVORU\",\"datePublished\":\"2022-06-01T20:12:07+00:00\",\"dateModified\":\"2022-06-02T08:45:29+00:00\",\"mainEntityOfPage\":{\"@id\":\"https:\\\/\\\/royalfamily.org\\\/lat\\\/prestolonaslednik-pokrovitelj-koncerta-carobno-detinjstvo-u-belom-dvoru\\\/\"},\"wordCount\":1983,\"publisher\":{\"@id\":\"https:\\\/\\\/royalfamily.org\\\/#organization\"},\"image\":{\"@id\":\"https:\\\/\\\/royalfamily.org\\\/lat\\\/prestolonaslednik-pokrovitelj-koncerta-carobno-detinjstvo-u-belom-dvoru\\\/#primaryimage\"},\"thumbnailUrl\":\"https:\\\/\\\/royalfamily.org\\\/wp-content\\\/uploads\\\/2022\\\/06\\\/COVER-BeoBalet.jpg\",\"articleSection\":[\"Vesti\"],\"inLanguage\":\"sr-LT\"},{\"@type\":\"WebPage\",\"@id\":\"https:\\\/\\\/royalfamily.org\\\/lat\\\/prestolonaslednik-pokrovitelj-koncerta-carobno-detinjstvo-u-belom-dvoru\\\/\",\"url\":\"https:\\\/\\\/royalfamily.org\\\/lat\\\/prestolonaslednik-pokrovitelj-koncerta-carobno-detinjstvo-u-belom-dvoru\\\/\",\"name\":\"PRESTOLONASLEDNI\u041a PO\u041aROVITELJ \u041aONCERTA \u201e\u010cAROBNO DETINJSTVO\u201c U BELOM DVORU - The Royal Family of Serbia\",\"isPartOf\":{\"@id\":\"https:\\\/\\\/royalfamily.org\\\/#website\"},\"primaryImageOfPage\":{\"@id\":\"https:\\\/\\\/royalfamily.org\\\/lat\\\/prestolonaslednik-pokrovitelj-koncerta-carobno-detinjstvo-u-belom-dvoru\\\/#primaryimage\"},\"image\":{\"@id\":\"https:\\\/\\\/royalfamily.org\\\/lat\\\/prestolonaslednik-pokrovitelj-koncerta-carobno-detinjstvo-u-belom-dvoru\\\/#primaryimage\"},\"thumbnailUrl\":\"https:\\\/\\\/royalfamily.org\\\/wp-content\\\/uploads\\\/2022\\\/06\\\/COVER-BeoBalet.jpg\",\"datePublished\":\"2022-06-01T20:12:07+00:00\",\"dateModified\":\"2022-06-02T08:45:29+00:00\",\"breadcrumb\":{\"@id\":\"https:\\\/\\\/royalfamily.org\\\/lat\\\/prestolonaslednik-pokrovitelj-koncerta-carobno-detinjstvo-u-belom-dvoru\\\/#breadcrumb\"},\"inLanguage\":\"sr-LT\",\"potentialAction\":[{\"@type\":\"ReadAction\",\"target\":[\"https:\\\/\\\/royalfamily.org\\\/lat\\\/prestolonaslednik-pokrovitelj-koncerta-carobno-detinjstvo-u-belom-dvoru\\\/\"]}]},{\"@type\":\"ImageObject\",\"inLanguage\":\"sr-LT\",\"@id\":\"https:\\\/\\\/royalfamily.org\\\/lat\\\/prestolonaslednik-pokrovitelj-koncerta-carobno-detinjstvo-u-belom-dvoru\\\/#primaryimage\",\"url\":\"https:\\\/\\\/royalfamily.org\\\/wp-content\\\/uploads\\\/2022\\\/06\\\/COVER-BeoBalet.jpg\",\"contentUrl\":\"https:\\\/\\\/royalfamily.org\\\/wp-content\\\/uploads\\\/2022\\\/06\\\/COVER-BeoBalet.jpg\",\"width\":740,\"height\":360,\"caption\":\"PRESTOLONASLEDNI\u041a PO\u041aROVITELJ \u041aONCERTA \u201e\u010cAROBNO DETINJSTVO\u201c U BELOM DVORU\"},{\"@type\":\"BreadcrumbList\",\"@id\":\"https:\\\/\\\/royalfamily.org\\\/lat\\\/prestolonaslednik-pokrovitelj-koncerta-carobno-detinjstvo-u-belom-dvoru\\\/#breadcrumb\",\"itemListElement\":[{\"@type\":\"ListItem\",\"position\":1,\"name\":\"Home\",\"item\":\"https:\\\/\\\/royalfamily.org\\\/lat\\\/\"},{\"@type\":\"ListItem\",\"position\":2,\"name\":\"PRESTOLONASLEDNI\u041a PO\u041aROVITELJ \u041aONCERTA \u201e\u010cAROBNO DETINJSTVO\u201c U BELOM DVORU\"}]},{\"@type\":\"WebSite\",\"@id\":\"https:\\\/\\\/royalfamily.org\\\/#website\",\"url\":\"https:\\\/\\\/royalfamily.org\\\/\",\"name\":\"The Royal Family of Serbia\",\"description\":\"From the people, for the people\",\"publisher\":{\"@id\":\"https:\\\/\\\/royalfamily.org\\\/#organization\"},\"potentialAction\":[{\"@type\":\"SearchAction\",\"target\":{\"@type\":\"EntryPoint\",\"urlTemplate\":\"https:\\\/\\\/royalfamily.org\\\/?s={search_term_string}\"},\"query-input\":{\"@type\":\"PropertyValueSpecification\",\"valueRequired\":true,\"valueName\":\"search_term_string\"}}],\"inLanguage\":\"sr-LT\"},{\"@type\":\"Organization\",\"@id\":\"https:\\\/\\\/royalfamily.org\\\/#organization\",\"name\":\"Royal Family\",\"url\":\"https:\\\/\\\/royalfamily.org\\\/\",\"logo\":{\"@type\":\"ImageObject\",\"inLanguage\":\"sr-LT\",\"@id\":\"https:\\\/\\\/royalfamily.org\\\/#\\\/schema\\\/logo\\\/image\\\/\",\"url\":\"https:\\\/\\\/royalfamily.org\\\/wp-content\\\/uploads\\\/2019\\\/04\\\/logo-vector-02-V-latinica.png\",\"contentUrl\":\"https:\\\/\\\/royalfamily.org\\\/wp-content\\\/uploads\\\/2019\\\/04\\\/logo-vector-02-V-latinica.png\",\"width\":552,\"height\":99,\"caption\":\"Royal Family\"},\"image\":{\"@id\":\"https:\\\/\\\/royalfamily.org\\\/#\\\/schema\\\/logo\\\/image\\\/\"},\"sameAs\":[\"https:\\\/\\\/www.facebook.com\\\/Prestolonaslednik.Aleksandar\"]},{\"@type\":\"Person\",\"@id\":\"https:\\\/\\\/royalfamily.org\\\/#\\\/schema\\\/person\\\/4ad3296a6a8a35eed333b6a785e9f648\",\"name\":\"Stefan Milanovic\",\"image\":{\"@type\":\"ImageObject\",\"inLanguage\":\"sr-LT\",\"@id\":\"https:\\\/\\\/secure.gravatar.com\\\/avatar\\\/92dcbdcf3e32112a9ceb1e41665b1f44c69382d014cacfe12c701f6af7c40259?s=96&d=mm&r=g\",\"url\":\"https:\\\/\\\/secure.gravatar.com\\\/avatar\\\/92dcbdcf3e32112a9ceb1e41665b1f44c69382d014cacfe12c701f6af7c40259?s=96&d=mm&r=g\",\"contentUrl\":\"https:\\\/\\\/secure.gravatar.com\\\/avatar\\\/92dcbdcf3e32112a9ceb1e41665b1f44c69382d014cacfe12c701f6af7c40259?s=96&d=mm&r=g\",\"caption\":\"Stefan Milanovic\"}}]}<\/script>\n<!-- \/ Yoast SEO Premium plugin. -->","yoast_head_json":{"title":"PRESTOLONASLEDNI\u041a PO\u041aROVITELJ \u041aONCERTA \u201e\u010cAROBNO DETINJSTVO\u201c U BELOM DVORU - The Royal Family of Serbia","robots":{"index":"index","follow":"follow","max-snippet":"max-snippet:-1","max-image-preview":"max-image-preview:large","max-video-preview":"max-video-preview:-1"},"canonical":"https:\/\/royalfamily.org\/lat\/prestolonaslednik-pokrovitelj-koncerta-carobno-detinjstvo-u-belom-dvoru\/","og_locale":"en_US","og_type":"article","og_title":"PRESTOLONASLEDNI\u041a PO\u041aROVITELJ \u041aONCERTA \u201e\u010cAROBNO DETINJSTVO\u201c U BELOM DVORU","og_url":"https:\/\/royalfamily.org\/lat\/prestolonaslednik-pokrovitelj-koncerta-carobno-detinjstvo-u-belom-dvoru\/","og_site_name":"The Royal Family of Serbia","article_publisher":"https:\/\/www.facebook.com\/Prestolonaslednik.Aleksandar","article_published_time":"2022-06-01T20:12:07+00:00","article_modified_time":"2022-06-02T08:45:29+00:00","og_image":[{"width":740,"height":360,"url":"https:\/\/royalfamily.org\/wp-content\/uploads\/2022\/06\/COVER-BeoBalet.jpg","type":"image\/jpeg"}],"author":"Stefan Milanovic","twitter_card":"summary_large_image","twitter_misc":{"Written by":"Stefan Milanovic","Est. reading time":"5 minutes"},"schema":{"@context":"https:\/\/schema.org","@graph":[{"@type":"Article","@id":"https:\/\/royalfamily.org\/lat\/prestolonaslednik-pokrovitelj-koncerta-carobno-detinjstvo-u-belom-dvoru\/#article","isPartOf":{"@id":"https:\/\/royalfamily.org\/lat\/prestolonaslednik-pokrovitelj-koncerta-carobno-detinjstvo-u-belom-dvoru\/"},"author":{"name":"Stefan Milanovic","@id":"https:\/\/royalfamily.org\/#\/schema\/person\/4ad3296a6a8a35eed333b6a785e9f648"},"headline":"PRESTOLONASLEDNI\u041a PO\u041aROVITELJ \u041aONCERTA \u201e\u010cAROBNO DETINJSTVO\u201c U BELOM DVORU","datePublished":"2022-06-01T20:12:07+00:00","dateModified":"2022-06-02T08:45:29+00:00","mainEntityOfPage":{"@id":"https:\/\/royalfamily.org\/lat\/prestolonaslednik-pokrovitelj-koncerta-carobno-detinjstvo-u-belom-dvoru\/"},"wordCount":1983,"publisher":{"@id":"https:\/\/royalfamily.org\/#organization"},"image":{"@id":"https:\/\/royalfamily.org\/lat\/prestolonaslednik-pokrovitelj-koncerta-carobno-detinjstvo-u-belom-dvoru\/#primaryimage"},"thumbnailUrl":"https:\/\/royalfamily.org\/wp-content\/uploads\/2022\/06\/COVER-BeoBalet.jpg","articleSection":["Vesti"],"inLanguage":"sr-LT"},{"@type":"WebPage","@id":"https:\/\/royalfamily.org\/lat\/prestolonaslednik-pokrovitelj-koncerta-carobno-detinjstvo-u-belom-dvoru\/","url":"https:\/\/royalfamily.org\/lat\/prestolonaslednik-pokrovitelj-koncerta-carobno-detinjstvo-u-belom-dvoru\/","name":"PRESTOLONASLEDNI\u041a PO\u041aROVITELJ \u041aONCERTA \u201e\u010cAROBNO DETINJSTVO\u201c U BELOM DVORU - The Royal Family of Serbia","isPartOf":{"@id":"https:\/\/royalfamily.org\/#website"},"primaryImageOfPage":{"@id":"https:\/\/royalfamily.org\/lat\/prestolonaslednik-pokrovitelj-koncerta-carobno-detinjstvo-u-belom-dvoru\/#primaryimage"},"image":{"@id":"https:\/\/royalfamily.org\/lat\/prestolonaslednik-pokrovitelj-koncerta-carobno-detinjstvo-u-belom-dvoru\/#primaryimage"},"thumbnailUrl":"https:\/\/royalfamily.org\/wp-content\/uploads\/2022\/06\/COVER-BeoBalet.jpg","datePublished":"2022-06-01T20:12:07+00:00","dateModified":"2022-06-02T08:45:29+00:00","breadcrumb":{"@id":"https:\/\/royalfamily.org\/lat\/prestolonaslednik-pokrovitelj-koncerta-carobno-detinjstvo-u-belom-dvoru\/#breadcrumb"},"inLanguage":"sr-LT","potentialAction":[{"@type":"ReadAction","target":["https:\/\/royalfamily.org\/lat\/prestolonaslednik-pokrovitelj-koncerta-carobno-detinjstvo-u-belom-dvoru\/"]}]},{"@type":"ImageObject","inLanguage":"sr-LT","@id":"https:\/\/royalfamily.org\/lat\/prestolonaslednik-pokrovitelj-koncerta-carobno-detinjstvo-u-belom-dvoru\/#primaryimage","url":"https:\/\/royalfamily.org\/wp-content\/uploads\/2022\/06\/COVER-BeoBalet.jpg","contentUrl":"https:\/\/royalfamily.org\/wp-content\/uploads\/2022\/06\/COVER-BeoBalet.jpg","width":740,"height":360,"caption":"PRESTOLONASLEDNI\u041a PO\u041aROVITELJ \u041aONCERTA \u201e\u010cAROBNO DETINJSTVO\u201c U BELOM DVORU"},{"@type":"BreadcrumbList","@id":"https:\/\/royalfamily.org\/lat\/prestolonaslednik-pokrovitelj-koncerta-carobno-detinjstvo-u-belom-dvoru\/#breadcrumb","itemListElement":[{"@type":"ListItem","position":1,"name":"Home","item":"https:\/\/royalfamily.org\/lat\/"},{"@type":"ListItem","position":2,"name":"PRESTOLONASLEDNI\u041a PO\u041aROVITELJ \u041aONCERTA \u201e\u010cAROBNO DETINJSTVO\u201c U BELOM DVORU"}]},{"@type":"WebSite","@id":"https:\/\/royalfamily.org\/#website","url":"https:\/\/royalfamily.org\/","name":"The Royal Family of Serbia","description":"From the people, for the people","publisher":{"@id":"https:\/\/royalfamily.org\/#organization"},"potentialAction":[{"@type":"SearchAction","target":{"@type":"EntryPoint","urlTemplate":"https:\/\/royalfamily.org\/?s={search_term_string}"},"query-input":{"@type":"PropertyValueSpecification","valueRequired":true,"valueName":"search_term_string"}}],"inLanguage":"sr-LT"},{"@type":"Organization","@id":"https:\/\/royalfamily.org\/#organization","name":"Royal Family","url":"https:\/\/royalfamily.org\/","logo":{"@type":"ImageObject","inLanguage":"sr-LT","@id":"https:\/\/royalfamily.org\/#\/schema\/logo\/image\/","url":"https:\/\/royalfamily.org\/wp-content\/uploads\/2019\/04\/logo-vector-02-V-latinica.png","contentUrl":"https:\/\/royalfamily.org\/wp-content\/uploads\/2019\/04\/logo-vector-02-V-latinica.png","width":552,"height":99,"caption":"Royal Family"},"image":{"@id":"https:\/\/royalfamily.org\/#\/schema\/logo\/image\/"},"sameAs":["https:\/\/www.facebook.com\/Prestolonaslednik.Aleksandar"]},{"@type":"Person","@id":"https:\/\/royalfamily.org\/#\/schema\/person\/4ad3296a6a8a35eed333b6a785e9f648","name":"Stefan Milanovic","image":{"@type":"ImageObject","inLanguage":"sr-LT","@id":"https:\/\/secure.gravatar.com\/avatar\/92dcbdcf3e32112a9ceb1e41665b1f44c69382d014cacfe12c701f6af7c40259?s=96&d=mm&r=g","url":"https:\/\/secure.gravatar.com\/avatar\/92dcbdcf3e32112a9ceb1e41665b1f44c69382d014cacfe12c701f6af7c40259?s=96&d=mm&r=g","contentUrl":"https:\/\/secure.gravatar.com\/avatar\/92dcbdcf3e32112a9ceb1e41665b1f44c69382d014cacfe12c701f6af7c40259?s=96&d=mm&r=g","caption":"Stefan Milanovic"}}]}},"_links":{"self":[{"href":"https:\/\/royalfamily.org\/lat\/wp-json\/wp\/v2\/posts\/82613","targetHints":{"allow":["GET"]}}],"collection":[{"href":"https:\/\/royalfamily.org\/lat\/wp-json\/wp\/v2\/posts"}],"about":[{"href":"https:\/\/royalfamily.org\/lat\/wp-json\/wp\/v2\/types\/post"}],"author":[{"embeddable":true,"href":"https:\/\/royalfamily.org\/lat\/wp-json\/wp\/v2\/users\/1001015"}],"replies":[{"embeddable":true,"href":"https:\/\/royalfamily.org\/lat\/wp-json\/wp\/v2\/comments?post=82613"}],"version-history":[{"count":3,"href":"https:\/\/royalfamily.org\/lat\/wp-json\/wp\/v2\/posts\/82613\/revisions"}],"predecessor-version":[{"id":82621,"href":"https:\/\/royalfamily.org\/lat\/wp-json\/wp\/v2\/posts\/82613\/revisions\/82621"}],"wp:featuredmedia":[{"embeddable":true,"href":"https:\/\/royalfamily.org\/lat\/wp-json\/wp\/v2\/media\/82609"}],"wp:attachment":[{"href":"https:\/\/royalfamily.org\/lat\/wp-json\/wp\/v2\/media?parent=82613"}],"wp:term":[{"taxonomy":"category","embeddable":true,"href":"https:\/\/royalfamily.org\/lat\/wp-json\/wp\/v2\/categories?post=82613"},{"taxonomy":"post_tag","embeddable":true,"href":"https:\/\/royalfamily.org\/lat\/wp-json\/wp\/v2\/tags?post=82613"}],"curies":[{"name":"wp","href":"https:\/\/api.w.org\/{rel}","templated":true}]}}