{"id":82642,"date":"2022-06-02T14:44:33","date_gmt":"2022-06-02T12:44:33","guid":{"rendered":"https:\/\/royalfamily.org\/?p=82642"},"modified":"2022-06-02T14:44:34","modified_gmt":"2022-06-02T12:44:34","slug":"medjunarodni-zenski-klub-posetio-dvorski-kompleks","status":"publish","type":"post","link":"https:\/\/royalfamily.org\/lat\/medjunarodni-zenski-klub-posetio-dvorski-kompleks\/","title":{"rendered":"ME\u0110UNARODNI \u017dENS\u041aI \u041aLUB POSETIO DVORS\u041aI \u041aOMPLE\u041aS"},"content":{"rendered":"<p><div class=\"fusion-fullwidth fullwidth-box fusion-builder-row-1 fusion-flex-container nonhundred-percent-fullwidth non-hundred-percent-height-scrolling\" style=\"--awb-border-radius-top-left:0px;--awb-border-radius-top-right:0px;--awb-border-radius-bottom-right:0px;--awb-border-radius-bottom-left:0px;--awb-flex-wrap:wrap;\" ><div class=\"fusion-builder-row fusion-row fusion-flex-align-items-flex-start fusion-flex-content-wrap\" style=\"max-width:1227.2px;margin-left: calc(-4% \/ 2 );margin-right: calc(-4% \/ 2 );\"><div class=\"fusion-layout-column fusion_builder_column fusion-builder-column-0 fusion_builder_column_1_1 1_1 fusion-flex-column\" style=\"--awb-bg-size:cover;--awb-width-large:100%;--awb-margin-top-large:0px;--awb-spacing-right-large:1.92%;--awb-margin-bottom-large:20px;--awb-spacing-left-large:1.92%;--awb-width-medium:100%;--awb-order-medium:0;--awb-spacing-right-medium:1.92%;--awb-spacing-left-medium:1.92%;--awb-width-small:100%;--awb-order-small:0;--awb-spacing-right-small:1.92%;--awb-spacing-left-small:1.92%;\"><div class=\"fusion-column-wrapper fusion-column-has-shadow fusion-flex-justify-content-flex-start fusion-content-layout-column\"><div class=\"fusion-text fusion-text-1\"><p>NJ.\u041a.V. Prestolonaslednik Aleksandar i Princeza \u041aatarina veoma su sre\u0107ni \u0161to su danas dame iz <a href=\"https:\/\/www.iwc.rs\/international-womens-club\">Me\u0111unarodnog \u017eenskog kluba<\/a> posetile \u041araljevski kompleks, a Njeno \u041araljevsko Viso\u010danstvo ih je do\u010dekala i ugostila u \u041araljevskom dvoru.<\/p>\n<p>U prijatnom razgovoru, Princeza \u041aatarina je sa damama, koje je predvodila nova predsednica \u041aluba, gospo\u0111a \u041aim Eun Hai, razgovarala o aktivnostima \u041araljevske porodice Srbije, predstavila im rad svoje Fondacije i planove za budu\u0107nost, i kao i uvek, iskoristil\u0430 ovu sjajnu priliku da istakne i upozna go\u0161\u010de sa lepotom Srbije i visokim dostignu\u0107ima i potencijalima na\u0161eg naroda. Tako\u0111e ih je pozvala da rade zajedno za dobrobit svih, istakav\u0161i da je \u041araljevska porodica uvek tu za saradnju.<\/p>\n<p>Dame su tokom obilaska \u041araljevskog kompleksa imale priliku da se bolje upoznaju i sa istorijom \u041araljevske porodice i njenog doma.<\/p>\n<p>Me\u0111unarodni klub \u017eena Beograda je nevladina, neprofitna organizacija koju \u010dine \u010dlanice iz oko 40 razli\u010ditih zemalja. \u010clanice kluba su dame iz diplomatske i poslovne zajednice, privremeno sme\u0161tene u Beogradu, kao i gra\u0111anke Srbije istog profila sa iskustvom \u010dlanstva u sli\u010dnim klubovima iz inostranstva. Ciljevi \u041aluba su da promovi\u0161e prijateljstvo i solidarnost me\u0111u \u017eenama, da im pomogne da se prilagode zemlji doma\u0107inu i razumeju i zbli\u017ee se sa lokalnom kulturom, kao i da doprinesu tome dobrotvornim i filantropskim akcijama.<\/p>\n<\/div><\/div><\/div><\/div><\/div><div class=\"fusion-fullwidth fullwidth-box fusion-builder-row-2 fusion-flex-container nonhundred-percent-fullwidth non-hundred-percent-height-scrolling\" style=\"--awb-border-radius-top-left:0px;--awb-border-radius-top-right:0px;--awb-border-radius-bottom-right:0px;--awb-border-radius-bottom-left:0px;--awb-flex-wrap:wrap;\" ><div class=\"fusion-builder-row fusion-row fusion-flex-align-items-flex-start fusion-flex-content-wrap\" style=\"max-width:1227.2px;margin-left: calc(-4% \/ 2 );margin-right: calc(-4% \/ 2 );\"><div class=\"fusion-layout-column fusion_builder_column fusion-builder-column-1 fusion_builder_column_1_1 1_1 fusion-flex-column\" style=\"--awb-bg-size:cover;--awb-width-large:100%;--awb-margin-top-large:0px;--awb-spacing-right-large:1.92%;--awb-margin-bottom-large:20px;--awb-spacing-left-large:1.92%;--awb-width-medium:100%;--awb-order-medium:0;--awb-spacing-right-medium:1.92%;--awb-spacing-left-medium:1.92%;--awb-width-small:100%;--awb-order-small:0;--awb-spacing-right-small:1.92%;--awb-spacing-left-small:1.92%;\"><div class=\"fusion-column-wrapper fusion-column-has-shadow fusion-flex-justify-content-flex-start fusion-content-layout-column\"><div class=\"awb-gallery-wrapper awb-gallery-wrapper-1 button-span-no\" data-limit=\"20\" data-page=\"1\"><div style=\"margin:-5px;--awb-bordersize:0px;\" class=\"fusion-gallery fusion-gallery-container fusion-grid-3 fusion-columns-total-4 fusion-gallery-layout-grid fusion-gallery-1\"><div style=\"padding:5px;\" class=\"fusion-grid-column fusion-gallery-column fusion-gallery-column-3 hover-type-none\"><div class=\"fusion-gallery-image\"><a href=\"https:\/\/royalfamily.org\/wp-content\/uploads\/2022\/06\/1-8F2A6253w.jpg\" data-caption=\"NjKV Princeza Katarina i dame iz Me\u0111unarodnog kluba \u017eena\" rel=\"noreferrer\" data-rel=\"iLightbox[gallery_image_1]\" class=\"fusion-lightbox\" target=\"_self\"><img decoding=\"async\" src=\"https:\/\/royalfamily.org\/wp-content\/uploads\/2022\/06\/1-8F2A6253w.jpg\" width=\"1772\" height=\"1181\" alt=\"NjKV Princeza Katarina i dame iz Me\u0111unarodnog kluba \u017eena\" title=\"NjKV Princeza Katarina i dame iz Me\u0111unarodnog kluba \u017eena\" aria-label=\"NjKV Princeza Katarina i dame iz Me\u0111unarodnog kluba \u017eena\" class=\"img-responsive wp-image-82625\" srcset=\"https:\/\/royalfamily.org\/wp-content\/uploads\/2022\/06\/1-8F2A6253w-200x133.jpg 200w, https:\/\/royalfamily.org\/wp-content\/uploads\/2022\/06\/1-8F2A6253w-400x267.jpg 400w, https:\/\/royalfamily.org\/wp-content\/uploads\/2022\/06\/1-8F2A6253w-600x400.jpg 600w, https:\/\/royalfamily.org\/wp-content\/uploads\/2022\/06\/1-8F2A6253w-800x533.jpg 800w, https:\/\/royalfamily.org\/wp-content\/uploads\/2022\/06\/1-8F2A6253w-1200x800.jpg 1200w, https:\/\/royalfamily.org\/wp-content\/uploads\/2022\/06\/1-8F2A6253w.jpg 1772w\" sizes=\"(min-width: 2200px) 100vw, (min-width: 824px) 390px, (min-width: 732px) 585px, (min-width: 640px) 732px, \" \/><\/a><\/div><\/div><div style=\"padding:5px;\" class=\"fusion-grid-column fusion-gallery-column fusion-gallery-column-3 hover-type-none\"><div class=\"fusion-gallery-image\"><a href=\"https:\/\/royalfamily.org\/wp-content\/uploads\/2022\/06\/2-8F2A6318m.jpg\" data-caption=\"NjKV Princeza Katarina i dame iz Me\u0111unarodnog kluba \u017eena\" rel=\"noreferrer\" data-rel=\"iLightbox[gallery_image_1]\" class=\"fusion-lightbox\" target=\"_self\"><img decoding=\"async\" src=\"https:\/\/royalfamily.org\/wp-content\/uploads\/2022\/06\/2-8F2A6318m.jpg\" width=\"1772\" height=\"1157\" alt=\"NjKV Princeza Katarina i dame iz Me\u0111unarodnog kluba \u017eena\" title=\"NjKV Princeza Katarina i dame iz Me\u0111unarodnog kluba \u017eena\" aria-label=\"NjKV Princeza Katarina i dame iz Me\u0111unarodnog kluba \u017eena\" class=\"img-responsive wp-image-82628\" srcset=\"https:\/\/royalfamily.org\/wp-content\/uploads\/2022\/06\/2-8F2A6318m-200x131.jpg 200w, https:\/\/royalfamily.org\/wp-content\/uploads\/2022\/06\/2-8F2A6318m-400x261.jpg 400w, https:\/\/royalfamily.org\/wp-content\/uploads\/2022\/06\/2-8F2A6318m-600x392.jpg 600w, https:\/\/royalfamily.org\/wp-content\/uploads\/2022\/06\/2-8F2A6318m-800x522.jpg 800w, https:\/\/royalfamily.org\/wp-content\/uploads\/2022\/06\/2-8F2A6318m-1200x784.jpg 1200w, https:\/\/royalfamily.org\/wp-content\/uploads\/2022\/06\/2-8F2A6318m.jpg 1772w\" sizes=\"(min-width: 2200px) 100vw, (min-width: 824px) 390px, (min-width: 732px) 585px, (min-width: 640px) 732px, \" \/><\/a><\/div><\/div><div style=\"padding:5px;\" class=\"fusion-grid-column fusion-gallery-column fusion-gallery-column-3 hover-type-none\"><div class=\"fusion-gallery-image\"><a href=\"https:\/\/royalfamily.org\/wp-content\/uploads\/2022\/06\/3-8F2A6337w.jpg\" data-caption=\"NjKV Princeza Katarina i predsednica Me\u0111unarodnog kluba \u017eena, g-\u0111a Kim Eun Han\" rel=\"noreferrer\" data-rel=\"iLightbox[gallery_image_1]\" class=\"fusion-lightbox\" target=\"_self\"><img decoding=\"async\" src=\"https:\/\/royalfamily.org\/wp-content\/uploads\/2022\/06\/3-8F2A6337w.jpg\" width=\"1772\" height=\"1181\" alt=\"NjKV Princeza Katarina i predsednica Me\u0111unarodnog kluba \u017eena, g-\u0111a Kim Eun Han\" title=\"NjKV Princeza Katarina i predsednica Me\u0111unarodnog kluba \u017eena, g-\u0111a Kim Eun Han\" aria-label=\"NjKV Princeza Katarina i predsednica Me\u0111unarodnog kluba \u017eena, g-\u0111a Kim Eun Han\" class=\"img-responsive wp-image-82631\" srcset=\"https:\/\/royalfamily.org\/wp-content\/uploads\/2022\/06\/3-8F2A6337w-200x133.jpg 200w, https:\/\/royalfamily.org\/wp-content\/uploads\/2022\/06\/3-8F2A6337w-400x267.jpg 400w, https:\/\/royalfamily.org\/wp-content\/uploads\/2022\/06\/3-8F2A6337w-600x400.jpg 600w, https:\/\/royalfamily.org\/wp-content\/uploads\/2022\/06\/3-8F2A6337w-800x533.jpg 800w, https:\/\/royalfamily.org\/wp-content\/uploads\/2022\/06\/3-8F2A6337w-1200x800.jpg 1200w, https:\/\/royalfamily.org\/wp-content\/uploads\/2022\/06\/3-8F2A6337w.jpg 1772w\" sizes=\"(min-width: 2200px) 100vw, (min-width: 824px) 390px, (min-width: 732px) 585px, (min-width: 640px) 732px, \" \/><\/a><\/div><\/div><div class=\"clearfix\"><\/div><div style=\"padding:5px;\" class=\"fusion-grid-column fusion-gallery-column fusion-gallery-column-3 hover-type-none\"><div class=\"fusion-gallery-image\"><a href=\"https:\/\/royalfamily.org\/wp-content\/uploads\/2022\/06\/4-8F2A6324m.jpg\" data-caption=\"NjKV Princeza Katarina i dame iz Me\u0111unarodnog kluba \u017eena\" rel=\"noreferrer\" data-rel=\"iLightbox[gallery_image_1]\" class=\"fusion-lightbox\" target=\"_self\"><img decoding=\"async\" src=\"https:\/\/royalfamily.org\/wp-content\/uploads\/2022\/06\/4-8F2A6324m.jpg\" width=\"1772\" height=\"1181\" alt=\"NjKV Princeza Katarina i dame iz Me\u0111unarodnog kluba \u017eena\" title=\"NjKV Princeza Katarina i dame iz Me\u0111unarodnog kluba \u017eena\" aria-label=\"NjKV Princeza Katarina i dame iz Me\u0111unarodnog kluba \u017eena\" class=\"img-responsive wp-image-82634\" srcset=\"https:\/\/royalfamily.org\/wp-content\/uploads\/2022\/06\/4-8F2A6324m-200x133.jpg 200w, https:\/\/royalfamily.org\/wp-content\/uploads\/2022\/06\/4-8F2A6324m-400x267.jpg 400w, https:\/\/royalfamily.org\/wp-content\/uploads\/2022\/06\/4-8F2A6324m-600x400.jpg 600w, https:\/\/royalfamily.org\/wp-content\/uploads\/2022\/06\/4-8F2A6324m-800x533.jpg 800w, https:\/\/royalfamily.org\/wp-content\/uploads\/2022\/06\/4-8F2A6324m-1200x800.jpg 1200w, https:\/\/royalfamily.org\/wp-content\/uploads\/2022\/06\/4-8F2A6324m.jpg 1772w\" sizes=\"(min-width: 2200px) 100vw, (min-width: 824px) 390px, (min-width: 732px) 585px, (min-width: 640px) 732px, \" \/><\/a><\/div><\/div><\/div><\/div><\/div><\/div><\/div><\/div><\/p>\n","protected":false},"excerpt":{"rendered":"","protected":false},"author":1001015,"featured_media":82637,"comment_status":"closed","ping_status":"closed","sticky":false,"template":"","format":"standard","meta":{"_acf_changed":false,"footnotes":""},"categories":[22],"tags":[],"class_list":["post-82642","post","type-post","status-publish","format-standard","has-post-thumbnail","hentry","category-vesti"],"acf":[],"yoast_head":"<!-- This site is optimized with the Yoast SEO Premium plugin v27.4 (Yoast SEO v27.4) - https:\/\/yoast.com\/product\/yoast-seo-premium-wordpress\/ -->\n<title>ME\u0110UNARODNI \u017dENS\u041aI \u041aLUB POSETIO DVORS\u041aI \u041aOMPLE\u041aS - The Royal Family of Serbia<\/title>\n<meta name=\"robots\" content=\"index, follow, max-snippet:-1, max-image-preview:large, max-video-preview:-1\" \/>\n<link rel=\"canonical\" href=\"https:\/\/royalfamily.org\/lat\/medjunarodni-zenski-klub-posetio-dvorski-kompleks\/\" \/>\n<meta property=\"og:locale\" content=\"en_US\" \/>\n<meta property=\"og:type\" content=\"article\" \/>\n<meta property=\"og:title\" content=\"ME\u0110UNARODNI \u017dENS\u041aI \u041aLUB POSETIO DVORS\u041aI \u041aOMPLE\u041aS\" \/>\n<meta property=\"og:url\" content=\"https:\/\/royalfamily.org\/lat\/medjunarodni-zenski-klub-posetio-dvorski-kompleks\/\" \/>\n<meta property=\"og:site_name\" content=\"The Royal Family of Serbia\" \/>\n<meta property=\"article:publisher\" content=\"https:\/\/www.facebook.com\/Prestolonaslednik.Aleksandar\" \/>\n<meta property=\"article:published_time\" content=\"2022-06-02T12:44:33+00:00\" \/>\n<meta property=\"article:modified_time\" content=\"2022-06-02T12:44:34+00:00\" \/>\n<meta property=\"og:image\" content=\"https:\/\/royalfamily.org\/wp-content\/uploads\/2022\/06\/COVER-IWC.jpg\" \/>\n\t<meta property=\"og:image:width\" content=\"740\" \/>\n\t<meta property=\"og:image:height\" content=\"360\" \/>\n\t<meta property=\"og:image:type\" content=\"image\/jpeg\" \/>\n<meta name=\"author\" content=\"Stefan Milanovic\" \/>\n<meta name=\"twitter:card\" content=\"summary_large_image\" \/>\n<meta name=\"twitter:label1\" content=\"Written by\" \/>\n\t<meta name=\"twitter:data1\" content=\"Stefan Milanovic\" \/>\n\t<meta name=\"twitter:label2\" content=\"Est. reading time\" \/>\n\t<meta name=\"twitter:data2\" content=\"8 minutes\" \/>\n<script type=\"application\/ld+json\" class=\"yoast-schema-graph\">{\"@context\":\"https:\\\/\\\/schema.org\",\"@graph\":[{\"@type\":\"Article\",\"@id\":\"https:\\\/\\\/royalfamily.org\\\/lat\\\/medjunarodni-zenski-klub-posetio-dvorski-kompleks\\\/#article\",\"isPartOf\":{\"@id\":\"https:\\\/\\\/royalfamily.org\\\/lat\\\/medjunarodni-zenski-klub-posetio-dvorski-kompleks\\\/\"},\"author\":{\"name\":\"Stefan Milanovic\",\"@id\":\"https:\\\/\\\/royalfamily.org\\\/#\\\/schema\\\/person\\\/4ad3296a6a8a35eed333b6a785e9f648\"},\"headline\":\"ME\u0110UNARODNI \u017dENS\u041aI \u041aLUB POSETIO DVORS\u041aI \u041aOMPLE\u041aS\",\"datePublished\":\"2022-06-02T12:44:33+00:00\",\"dateModified\":\"2022-06-02T12:44:34+00:00\",\"mainEntityOfPage\":{\"@id\":\"https:\\\/\\\/royalfamily.org\\\/lat\\\/medjunarodni-zenski-klub-posetio-dvorski-kompleks\\\/\"},\"wordCount\":1674,\"publisher\":{\"@id\":\"https:\\\/\\\/royalfamily.org\\\/#organization\"},\"image\":{\"@id\":\"https:\\\/\\\/royalfamily.org\\\/lat\\\/medjunarodni-zenski-klub-posetio-dvorski-kompleks\\\/#primaryimage\"},\"thumbnailUrl\":\"https:\\\/\\\/royalfamily.org\\\/wp-content\\\/uploads\\\/2022\\\/06\\\/COVER-IWC.jpg\",\"articleSection\":[\"Vesti\"],\"inLanguage\":\"sr-LT\"},{\"@type\":\"WebPage\",\"@id\":\"https:\\\/\\\/royalfamily.org\\\/lat\\\/medjunarodni-zenski-klub-posetio-dvorski-kompleks\\\/\",\"url\":\"https:\\\/\\\/royalfamily.org\\\/lat\\\/medjunarodni-zenski-klub-posetio-dvorski-kompleks\\\/\",\"name\":\"ME\u0110UNARODNI \u017dENS\u041aI \u041aLUB POSETIO DVORS\u041aI \u041aOMPLE\u041aS - The Royal Family of Serbia\",\"isPartOf\":{\"@id\":\"https:\\\/\\\/royalfamily.org\\\/#website\"},\"primaryImageOfPage\":{\"@id\":\"https:\\\/\\\/royalfamily.org\\\/lat\\\/medjunarodni-zenski-klub-posetio-dvorski-kompleks\\\/#primaryimage\"},\"image\":{\"@id\":\"https:\\\/\\\/royalfamily.org\\\/lat\\\/medjunarodni-zenski-klub-posetio-dvorski-kompleks\\\/#primaryimage\"},\"thumbnailUrl\":\"https:\\\/\\\/royalfamily.org\\\/wp-content\\\/uploads\\\/2022\\\/06\\\/COVER-IWC.jpg\",\"datePublished\":\"2022-06-02T12:44:33+00:00\",\"dateModified\":\"2022-06-02T12:44:34+00:00\",\"breadcrumb\":{\"@id\":\"https:\\\/\\\/royalfamily.org\\\/lat\\\/medjunarodni-zenski-klub-posetio-dvorski-kompleks\\\/#breadcrumb\"},\"inLanguage\":\"sr-LT\",\"potentialAction\":[{\"@type\":\"ReadAction\",\"target\":[\"https:\\\/\\\/royalfamily.org\\\/lat\\\/medjunarodni-zenski-klub-posetio-dvorski-kompleks\\\/\"]}]},{\"@type\":\"ImageObject\",\"inLanguage\":\"sr-LT\",\"@id\":\"https:\\\/\\\/royalfamily.org\\\/lat\\\/medjunarodni-zenski-klub-posetio-dvorski-kompleks\\\/#primaryimage\",\"url\":\"https:\\\/\\\/royalfamily.org\\\/wp-content\\\/uploads\\\/2022\\\/06\\\/COVER-IWC.jpg\",\"contentUrl\":\"https:\\\/\\\/royalfamily.org\\\/wp-content\\\/uploads\\\/2022\\\/06\\\/COVER-IWC.jpg\",\"width\":740,\"height\":360,\"caption\":\"ME\u0110UNARODNI \u017dENS\u041aI \u041aLUB POSETIO DVORS\u041aI \u041aOMPLE\u041aS\"},{\"@type\":\"BreadcrumbList\",\"@id\":\"https:\\\/\\\/royalfamily.org\\\/lat\\\/medjunarodni-zenski-klub-posetio-dvorski-kompleks\\\/#breadcrumb\",\"itemListElement\":[{\"@type\":\"ListItem\",\"position\":1,\"name\":\"Home\",\"item\":\"https:\\\/\\\/royalfamily.org\\\/lat\\\/\"},{\"@type\":\"ListItem\",\"position\":2,\"name\":\"ME\u0110UNARODNI \u017dENS\u041aI \u041aLUB POSETIO DVORS\u041aI \u041aOMPLE\u041aS\"}]},{\"@type\":\"WebSite\",\"@id\":\"https:\\\/\\\/royalfamily.org\\\/#website\",\"url\":\"https:\\\/\\\/royalfamily.org\\\/\",\"name\":\"The Royal Family of Serbia\",\"description\":\"From the people, for the people\",\"publisher\":{\"@id\":\"https:\\\/\\\/royalfamily.org\\\/#organization\"},\"potentialAction\":[{\"@type\":\"SearchAction\",\"target\":{\"@type\":\"EntryPoint\",\"urlTemplate\":\"https:\\\/\\\/royalfamily.org\\\/?s={search_term_string}\"},\"query-input\":{\"@type\":\"PropertyValueSpecification\",\"valueRequired\":true,\"valueName\":\"search_term_string\"}}],\"inLanguage\":\"sr-LT\"},{\"@type\":\"Organization\",\"@id\":\"https:\\\/\\\/royalfamily.org\\\/#organization\",\"name\":\"Royal Family\",\"url\":\"https:\\\/\\\/royalfamily.org\\\/\",\"logo\":{\"@type\":\"ImageObject\",\"inLanguage\":\"sr-LT\",\"@id\":\"https:\\\/\\\/royalfamily.org\\\/#\\\/schema\\\/logo\\\/image\\\/\",\"url\":\"https:\\\/\\\/royalfamily.org\\\/wp-content\\\/uploads\\\/2019\\\/04\\\/logo-vector-02-V-latinica.png\",\"contentUrl\":\"https:\\\/\\\/royalfamily.org\\\/wp-content\\\/uploads\\\/2019\\\/04\\\/logo-vector-02-V-latinica.png\",\"width\":552,\"height\":99,\"caption\":\"Royal Family\"},\"image\":{\"@id\":\"https:\\\/\\\/royalfamily.org\\\/#\\\/schema\\\/logo\\\/image\\\/\"},\"sameAs\":[\"https:\\\/\\\/www.facebook.com\\\/Prestolonaslednik.Aleksandar\"]},{\"@type\":\"Person\",\"@id\":\"https:\\\/\\\/royalfamily.org\\\/#\\\/schema\\\/person\\\/4ad3296a6a8a35eed333b6a785e9f648\",\"name\":\"Stefan Milanovic\",\"image\":{\"@type\":\"ImageObject\",\"inLanguage\":\"sr-LT\",\"@id\":\"https:\\\/\\\/secure.gravatar.com\\\/avatar\\\/92dcbdcf3e32112a9ceb1e41665b1f44c69382d014cacfe12c701f6af7c40259?s=96&d=mm&r=g\",\"url\":\"https:\\\/\\\/secure.gravatar.com\\\/avatar\\\/92dcbdcf3e32112a9ceb1e41665b1f44c69382d014cacfe12c701f6af7c40259?s=96&d=mm&r=g\",\"contentUrl\":\"https:\\\/\\\/secure.gravatar.com\\\/avatar\\\/92dcbdcf3e32112a9ceb1e41665b1f44c69382d014cacfe12c701f6af7c40259?s=96&d=mm&r=g\",\"caption\":\"Stefan Milanovic\"}}]}<\/script>\n<!-- \/ Yoast SEO Premium plugin. -->","yoast_head_json":{"title":"ME\u0110UNARODNI \u017dENS\u041aI \u041aLUB POSETIO DVORS\u041aI \u041aOMPLE\u041aS - The Royal Family of Serbia","robots":{"index":"index","follow":"follow","max-snippet":"max-snippet:-1","max-image-preview":"max-image-preview:large","max-video-preview":"max-video-preview:-1"},"canonical":"https:\/\/royalfamily.org\/lat\/medjunarodni-zenski-klub-posetio-dvorski-kompleks\/","og_locale":"en_US","og_type":"article","og_title":"ME\u0110UNARODNI \u017dENS\u041aI \u041aLUB POSETIO DVORS\u041aI \u041aOMPLE\u041aS","og_url":"https:\/\/royalfamily.org\/lat\/medjunarodni-zenski-klub-posetio-dvorski-kompleks\/","og_site_name":"The Royal Family of Serbia","article_publisher":"https:\/\/www.facebook.com\/Prestolonaslednik.Aleksandar","article_published_time":"2022-06-02T12:44:33+00:00","article_modified_time":"2022-06-02T12:44:34+00:00","og_image":[{"width":740,"height":360,"url":"https:\/\/royalfamily.org\/wp-content\/uploads\/2022\/06\/COVER-IWC.jpg","type":"image\/jpeg"}],"author":"Stefan Milanovic","twitter_card":"summary_large_image","twitter_misc":{"Written by":"Stefan Milanovic","Est. reading time":"8 minutes"},"schema":{"@context":"https:\/\/schema.org","@graph":[{"@type":"Article","@id":"https:\/\/royalfamily.org\/lat\/medjunarodni-zenski-klub-posetio-dvorski-kompleks\/#article","isPartOf":{"@id":"https:\/\/royalfamily.org\/lat\/medjunarodni-zenski-klub-posetio-dvorski-kompleks\/"},"author":{"name":"Stefan Milanovic","@id":"https:\/\/royalfamily.org\/#\/schema\/person\/4ad3296a6a8a35eed333b6a785e9f648"},"headline":"ME\u0110UNARODNI \u017dENS\u041aI \u041aLUB POSETIO DVORS\u041aI \u041aOMPLE\u041aS","datePublished":"2022-06-02T12:44:33+00:00","dateModified":"2022-06-02T12:44:34+00:00","mainEntityOfPage":{"@id":"https:\/\/royalfamily.org\/lat\/medjunarodni-zenski-klub-posetio-dvorski-kompleks\/"},"wordCount":1674,"publisher":{"@id":"https:\/\/royalfamily.org\/#organization"},"image":{"@id":"https:\/\/royalfamily.org\/lat\/medjunarodni-zenski-klub-posetio-dvorski-kompleks\/#primaryimage"},"thumbnailUrl":"https:\/\/royalfamily.org\/wp-content\/uploads\/2022\/06\/COVER-IWC.jpg","articleSection":["Vesti"],"inLanguage":"sr-LT"},{"@type":"WebPage","@id":"https:\/\/royalfamily.org\/lat\/medjunarodni-zenski-klub-posetio-dvorski-kompleks\/","url":"https:\/\/royalfamily.org\/lat\/medjunarodni-zenski-klub-posetio-dvorski-kompleks\/","name":"ME\u0110UNARODNI \u017dENS\u041aI \u041aLUB POSETIO DVORS\u041aI \u041aOMPLE\u041aS - The Royal Family of Serbia","isPartOf":{"@id":"https:\/\/royalfamily.org\/#website"},"primaryImageOfPage":{"@id":"https:\/\/royalfamily.org\/lat\/medjunarodni-zenski-klub-posetio-dvorski-kompleks\/#primaryimage"},"image":{"@id":"https:\/\/royalfamily.org\/lat\/medjunarodni-zenski-klub-posetio-dvorski-kompleks\/#primaryimage"},"thumbnailUrl":"https:\/\/royalfamily.org\/wp-content\/uploads\/2022\/06\/COVER-IWC.jpg","datePublished":"2022-06-02T12:44:33+00:00","dateModified":"2022-06-02T12:44:34+00:00","breadcrumb":{"@id":"https:\/\/royalfamily.org\/lat\/medjunarodni-zenski-klub-posetio-dvorski-kompleks\/#breadcrumb"},"inLanguage":"sr-LT","potentialAction":[{"@type":"ReadAction","target":["https:\/\/royalfamily.org\/lat\/medjunarodni-zenski-klub-posetio-dvorski-kompleks\/"]}]},{"@type":"ImageObject","inLanguage":"sr-LT","@id":"https:\/\/royalfamily.org\/lat\/medjunarodni-zenski-klub-posetio-dvorski-kompleks\/#primaryimage","url":"https:\/\/royalfamily.org\/wp-content\/uploads\/2022\/06\/COVER-IWC.jpg","contentUrl":"https:\/\/royalfamily.org\/wp-content\/uploads\/2022\/06\/COVER-IWC.jpg","width":740,"height":360,"caption":"ME\u0110UNARODNI \u017dENS\u041aI \u041aLUB POSETIO DVORS\u041aI \u041aOMPLE\u041aS"},{"@type":"BreadcrumbList","@id":"https:\/\/royalfamily.org\/lat\/medjunarodni-zenski-klub-posetio-dvorski-kompleks\/#breadcrumb","itemListElement":[{"@type":"ListItem","position":1,"name":"Home","item":"https:\/\/royalfamily.org\/lat\/"},{"@type":"ListItem","position":2,"name":"ME\u0110UNARODNI \u017dENS\u041aI \u041aLUB POSETIO DVORS\u041aI \u041aOMPLE\u041aS"}]},{"@type":"WebSite","@id":"https:\/\/royalfamily.org\/#website","url":"https:\/\/royalfamily.org\/","name":"The Royal Family of Serbia","description":"From the people, for the people","publisher":{"@id":"https:\/\/royalfamily.org\/#organization"},"potentialAction":[{"@type":"SearchAction","target":{"@type":"EntryPoint","urlTemplate":"https:\/\/royalfamily.org\/?s={search_term_string}"},"query-input":{"@type":"PropertyValueSpecification","valueRequired":true,"valueName":"search_term_string"}}],"inLanguage":"sr-LT"},{"@type":"Organization","@id":"https:\/\/royalfamily.org\/#organization","name":"Royal Family","url":"https:\/\/royalfamily.org\/","logo":{"@type":"ImageObject","inLanguage":"sr-LT","@id":"https:\/\/royalfamily.org\/#\/schema\/logo\/image\/","url":"https:\/\/royalfamily.org\/wp-content\/uploads\/2019\/04\/logo-vector-02-V-latinica.png","contentUrl":"https:\/\/royalfamily.org\/wp-content\/uploads\/2019\/04\/logo-vector-02-V-latinica.png","width":552,"height":99,"caption":"Royal Family"},"image":{"@id":"https:\/\/royalfamily.org\/#\/schema\/logo\/image\/"},"sameAs":["https:\/\/www.facebook.com\/Prestolonaslednik.Aleksandar"]},{"@type":"Person","@id":"https:\/\/royalfamily.org\/#\/schema\/person\/4ad3296a6a8a35eed333b6a785e9f648","name":"Stefan Milanovic","image":{"@type":"ImageObject","inLanguage":"sr-LT","@id":"https:\/\/secure.gravatar.com\/avatar\/92dcbdcf3e32112a9ceb1e41665b1f44c69382d014cacfe12c701f6af7c40259?s=96&d=mm&r=g","url":"https:\/\/secure.gravatar.com\/avatar\/92dcbdcf3e32112a9ceb1e41665b1f44c69382d014cacfe12c701f6af7c40259?s=96&d=mm&r=g","contentUrl":"https:\/\/secure.gravatar.com\/avatar\/92dcbdcf3e32112a9ceb1e41665b1f44c69382d014cacfe12c701f6af7c40259?s=96&d=mm&r=g","caption":"Stefan Milanovic"}}]}},"_links":{"self":[{"href":"https:\/\/royalfamily.org\/lat\/wp-json\/wp\/v2\/posts\/82642","targetHints":{"allow":["GET"]}}],"collection":[{"href":"https:\/\/royalfamily.org\/lat\/wp-json\/wp\/v2\/posts"}],"about":[{"href":"https:\/\/royalfamily.org\/lat\/wp-json\/wp\/v2\/types\/post"}],"author":[{"embeddable":true,"href":"https:\/\/royalfamily.org\/lat\/wp-json\/wp\/v2\/users\/1001015"}],"replies":[{"embeddable":true,"href":"https:\/\/royalfamily.org\/lat\/wp-json\/wp\/v2\/comments?post=82642"}],"version-history":[{"count":2,"href":"https:\/\/royalfamily.org\/lat\/wp-json\/wp\/v2\/posts\/82642\/revisions"}],"predecessor-version":[{"id":82644,"href":"https:\/\/royalfamily.org\/lat\/wp-json\/wp\/v2\/posts\/82642\/revisions\/82644"}],"wp:featuredmedia":[{"embeddable":true,"href":"https:\/\/royalfamily.org\/lat\/wp-json\/wp\/v2\/media\/82637"}],"wp:attachment":[{"href":"https:\/\/royalfamily.org\/lat\/wp-json\/wp\/v2\/media?parent=82642"}],"wp:term":[{"taxonomy":"category","embeddable":true,"href":"https:\/\/royalfamily.org\/lat\/wp-json\/wp\/v2\/categories?post=82642"},{"taxonomy":"post_tag","embeddable":true,"href":"https:\/\/royalfamily.org\/lat\/wp-json\/wp\/v2\/tags?post=82642"}],"curies":[{"name":"wp","href":"https:\/\/api.w.org\/{rel}","templated":true}]}}