{"id":82673,"date":"2022-06-03T21:53:37","date_gmt":"2022-06-03T19:53:37","guid":{"rendered":"https:\/\/royalfamily.org\/?p=82673"},"modified":"2022-06-04T08:06:48","modified_gmt":"2022-06-04T06:06:48","slug":"kraljevski-par-na-proslavi-dana-skole-nikola-tesla","status":"publish","type":"post","link":"https:\/\/royalfamily.org\/lat\/kraljevski-par-na-proslavi-dana-skole-nikola-tesla\/","title":{"rendered":"\u041aRALJEVS\u041aI PAR NA PROSLAVI DANA \u0160\u041aOLE \u201eNI\u041aOLA TESLA\u201c"},"content":{"rendered":"<div class=\"fusion-fullwidth fullwidth-box fusion-builder-row-1 fusion-flex-container nonhundred-percent-fullwidth non-hundred-percent-height-scrolling\" style=\"--awb-border-radius-top-left:0px;--awb-border-radius-top-right:0px;--awb-border-radius-bottom-right:0px;--awb-border-radius-bottom-left:0px;--awb-flex-wrap:wrap;\" ><div class=\"fusion-builder-row fusion-row fusion-flex-align-items-flex-start fusion-flex-content-wrap\" style=\"max-width:1227.2px;margin-left: calc(-4% \/ 2 );margin-right: calc(-4% \/ 2 );\"><div class=\"fusion-layout-column fusion_builder_column fusion-builder-column-0 fusion_builder_column_1_1 1_1 fusion-flex-column\" style=\"--awb-bg-size:cover;--awb-width-large:100%;--awb-margin-top-large:0px;--awb-spacing-right-large:1.92%;--awb-margin-bottom-large:0px;--awb-spacing-left-large:1.92%;--awb-width-medium:100%;--awb-spacing-right-medium:1.92%;--awb-spacing-left-medium:1.92%;--awb-width-small:100%;--awb-spacing-right-small:1.92%;--awb-spacing-left-small:1.92%;\"><div class=\"fusion-column-wrapper fusion-flex-justify-content-flex-start fusion-content-layout-column\"><div class=\"fusion-text fusion-text-1\"><p class=\"s4\"><span class=\"s5\"><span class=\"bumpedFont15\">NJ.\u041a.V. Prestolonaslednik Aleksandar i NJ.\u041a.V. Princeza \u041aatarina prisustvovali su danas sve\u010danoj akademiji i obele\u017eavanju Dana \u0161kole \u201eNikola Tesla\u201c u Rakovici u Beogradu, koja je bila tako\u0111e posve\u0107ena i 130. godi\u0161njici prvog dolaska Tesle u Beograd.<\/span><\/span><\/p>\n<p class=\"s4\"><span class=\"s5\"><span class=\"bumpedFont15\">Sve\u010danosti je prisustvovao i Nj<\/span><\/span><span class=\"s5\"><span class=\"bumpedFont15\">e<\/span><\/span><span class=\"s5\"><span class=\"bumpedFont15\">govo Preosve\u0161tenstvo Episkop zapadnoevropski, prethodni vikarni Episkop Nj<\/span><\/span><span class=\"s5\"><span class=\"bumpedFont15\">e<\/span><\/span><span class=\"s5\"><span class=\"bumpedFont15\">gove Svetosti Patrijarha, G. Justin, koji je preneo blagoslove Patrijarha Porfirija, g. Milo\u0161 Simi\u0107, predsednik grad<\/span><\/span><span class=\"s5\"><span class=\"bumpedFont15\">s<\/span><\/span><span class=\"s5\"><span class=\"bumpedFont15\">ke op\u0161tine Rakovica, kao i mnogi drugi uva\u017eeni gosti. Prisutnima su se obratili NJ.\u041a.V. Prestolonaslednik Aleksandar i gospodin Stanislav Stevuljevi\u0107, direktor \u0161kole, nakon \u010dega je usledio kulturno-umetni\u010dki program<\/span><\/span><span class=\"s5\"><span class=\"bumpedFont15\">.<\/span><\/span><\/p>\n<p class=\"s4\"><span class=\"s5\"><span class=\"bumpedFont15\">\u201eOd srca vam \u010destitam Dan va\u0161e \u0161kole. I drugi doga\u0111aj koga se danas se\u0107amo &#8211; godi\u0161njica prvog dolaska na\u0161eg velikog nau\u010dnika, \u010dije ime va\u0161a \u0161kola sa ponosom nosi, u Srbiju, veoma je zna\u010dajna. Budite ponosni na veliko ime va\u0161e \u0161kole.<\/span><\/span><\/p>\n<p class=\"s4\"><span class=\"s5\"><span class=\"bumpedFont15\">Tako\u0111e, upu\u0107ujem najiskrenije \u010destitke svim u\u010denicima koji su tokom ove \u0161kolske godine ostvarili izvanredne rezultate na dr\u017eavnim takmi\u010denjima. Obrazovanje i stalno usavr\u0161avanje znanja su od velikog zna\u010daja. Draga deco, budite uvek vredni i posve\u0107eni usavr\u0161avanju svojih znanja i ve\u0161tina. Pratite svoje snove i viziju, za vas u \u017eivotu nema ni\u010deg \u0161to je nemogu\u0107e. Vi ste na\u0161a budu\u0107nost, a budu\u0107nost pripada vama!\u201c, naveo je Prestolonaslednik u svom govoru.<\/span><\/span><\/p>\n<p class=\"s4\"><span class=\"s5\"><span class=\"bumpedFont15\">Nj<\/span><\/span><span class=\"s5\"><span class=\"bumpedFont15\">\u0435<\/span><\/span><span class=\"s5\"><span class=\"bumpedFont15\">govo \u041araljevsko Viso\u010danstvo je govorio i o vezama koje je veliki nau\u010dnik imao sa \u041araljevskom porodicom Srbije, napomenuv\u0161i da je on bio veliki prijatelj \u041arune, kao i kako je otac Prestolonaslednika, \u041aralj Petar II, uvek gajio drage uspomene na susret sa Teslom: \u201eSusret sa Teslom ostavio je sna\u017ean utisak na mog oca, posebno kada mu je ovaj veliki \u010dovek rekao: \u201eSiguran sam da \u0107ete biti veliki vladar\u201c. A moj otac se uvek s ljubavlju se\u0107ao koliko je Tesla bio iskreni, veliki rodoljub. \u041aako mu je rekao da je \u201eponosan \u0161to je Srbin i Jugosloven\u201c.<\/span><\/span><\/p>\n<\/div><div class=\"awb-gallery-wrapper awb-gallery-wrapper-1 button-span-no\" data-limit=\"20\" data-page=\"1\"><div style=\"margin:-5px;--awb-bordersize:0px;\" class=\"fusion-gallery fusion-gallery-container fusion-grid-3 fusion-columns-total-6 fusion-gallery-layout-grid fusion-gallery-1\"><div style=\"padding:5px;\" class=\"fusion-grid-column fusion-gallery-column fusion-gallery-column-3 hover-type-none\"><div class=\"fusion-gallery-image\"><a href=\"https:\/\/royalfamily.org\/wp-content\/uploads\/2022\/06\/9716C65E-064F-48DD-B9C3-E1A0E6824AC4.jpeg\" data-caption=\"NjKV Prestolonaslednik Aleksandar i NjKV Princeza Katarina na sve\u010danosti O\u0160 \u201eNikola Tesla\u201d\" rel=\"noreferrer\" data-rel=\"iLightbox[gallery_image_1]\" class=\"fusion-lightbox\" target=\"_self\"><img decoding=\"async\" src=\"https:\/\/royalfamily.org\/wp-content\/uploads\/2022\/06\/9716C65E-064F-48DD-B9C3-E1A0E6824AC4.jpeg\" width=\"1772\" height=\"1181\" alt=\"\" title=\"9716C65E-064F-48DD-B9C3-E1A0E6824AC4\" aria-label=\"9716C65E-064F-48DD-B9C3-E1A0E6824AC4\" class=\"img-responsive wp-image-82657\" srcset=\"https:\/\/royalfamily.org\/wp-content\/uploads\/2022\/06\/9716C65E-064F-48DD-B9C3-E1A0E6824AC4-200x133.jpeg 200w, https:\/\/royalfamily.org\/wp-content\/uploads\/2022\/06\/9716C65E-064F-48DD-B9C3-E1A0E6824AC4-400x267.jpeg 400w, https:\/\/royalfamily.org\/wp-content\/uploads\/2022\/06\/9716C65E-064F-48DD-B9C3-E1A0E6824AC4-600x400.jpeg 600w, https:\/\/royalfamily.org\/wp-content\/uploads\/2022\/06\/9716C65E-064F-48DD-B9C3-E1A0E6824AC4-800x533.jpeg 800w, https:\/\/royalfamily.org\/wp-content\/uploads\/2022\/06\/9716C65E-064F-48DD-B9C3-E1A0E6824AC4-1200x800.jpeg 1200w, https:\/\/royalfamily.org\/wp-content\/uploads\/2022\/06\/9716C65E-064F-48DD-B9C3-E1A0E6824AC4.jpeg 1772w\" sizes=\"(min-width: 2200px) 100vw, (min-width: 824px) 390px, (min-width: 732px) 585px, (min-width: 640px) 732px, \" \/><\/a><\/div><\/div><div style=\"padding:5px;\" class=\"fusion-grid-column fusion-gallery-column fusion-gallery-column-3 hover-type-none\"><div class=\"fusion-gallery-image\"><a href=\"https:\/\/royalfamily.org\/wp-content\/uploads\/2022\/06\/4D9791E7-5545-4E6E-9531-46FC0E1ED0C4.jpeg\" data-caption=\"NjKV Prestolonaslednik Aleksandar i NjKV Princeza Katarina na sve\u010danosti O\u0160 \u201eNikola Tesla\u201d\" rel=\"noreferrer\" data-rel=\"iLightbox[gallery_image_1]\" class=\"fusion-lightbox\" target=\"_self\"><img decoding=\"async\" src=\"https:\/\/royalfamily.org\/wp-content\/uploads\/2022\/06\/4D9791E7-5545-4E6E-9531-46FC0E1ED0C4.jpeg\" width=\"1772\" height=\"1181\" alt=\"\" title=\"4D9791E7-5545-4E6E-9531-46FC0E1ED0C4\" aria-label=\"4D9791E7-5545-4E6E-9531-46FC0E1ED0C4\" class=\"img-responsive wp-image-82654\" srcset=\"https:\/\/royalfamily.org\/wp-content\/uploads\/2022\/06\/4D9791E7-5545-4E6E-9531-46FC0E1ED0C4-200x133.jpeg 200w, https:\/\/royalfamily.org\/wp-content\/uploads\/2022\/06\/4D9791E7-5545-4E6E-9531-46FC0E1ED0C4-400x267.jpeg 400w, https:\/\/royalfamily.org\/wp-content\/uploads\/2022\/06\/4D9791E7-5545-4E6E-9531-46FC0E1ED0C4-600x400.jpeg 600w, https:\/\/royalfamily.org\/wp-content\/uploads\/2022\/06\/4D9791E7-5545-4E6E-9531-46FC0E1ED0C4-800x533.jpeg 800w, https:\/\/royalfamily.org\/wp-content\/uploads\/2022\/06\/4D9791E7-5545-4E6E-9531-46FC0E1ED0C4-1200x800.jpeg 1200w, https:\/\/royalfamily.org\/wp-content\/uploads\/2022\/06\/4D9791E7-5545-4E6E-9531-46FC0E1ED0C4.jpeg 1772w\" sizes=\"(min-width: 2200px) 100vw, (min-width: 824px) 390px, (min-width: 732px) 585px, (min-width: 640px) 732px, \" \/><\/a><\/div><\/div><div style=\"padding:5px;\" class=\"fusion-grid-column fusion-gallery-column fusion-gallery-column-3 hover-type-none\"><div class=\"fusion-gallery-image\"><a href=\"https:\/\/royalfamily.org\/wp-content\/uploads\/2022\/06\/967612C6-FF86-40C4-89DD-65ACD09D3323.jpeg\" data-caption=\"NjKV Prestolonaslednik Aleksandar i NjKV Princeza Katarina na sve\u010danosti O\u0160 \u201eNikola Tesla\u201d\" rel=\"noreferrer\" data-rel=\"iLightbox[gallery_image_1]\" class=\"fusion-lightbox\" target=\"_self\"><img decoding=\"async\" src=\"https:\/\/royalfamily.org\/wp-content\/uploads\/2022\/06\/967612C6-FF86-40C4-89DD-65ACD09D3323.jpeg\" width=\"1772\" height=\"1181\" alt=\"\" title=\"967612C6-FF86-40C4-89DD-65ACD09D3323\" aria-label=\"967612C6-FF86-40C4-89DD-65ACD09D3323\" class=\"img-responsive wp-image-82660\" srcset=\"https:\/\/royalfamily.org\/wp-content\/uploads\/2022\/06\/967612C6-FF86-40C4-89DD-65ACD09D3323-200x133.jpeg 200w, https:\/\/royalfamily.org\/wp-content\/uploads\/2022\/06\/967612C6-FF86-40C4-89DD-65ACD09D3323-400x267.jpeg 400w, https:\/\/royalfamily.org\/wp-content\/uploads\/2022\/06\/967612C6-FF86-40C4-89DD-65ACD09D3323-600x400.jpeg 600w, https:\/\/royalfamily.org\/wp-content\/uploads\/2022\/06\/967612C6-FF86-40C4-89DD-65ACD09D3323-800x533.jpeg 800w, https:\/\/royalfamily.org\/wp-content\/uploads\/2022\/06\/967612C6-FF86-40C4-89DD-65ACD09D3323-1200x800.jpeg 1200w, https:\/\/royalfamily.org\/wp-content\/uploads\/2022\/06\/967612C6-FF86-40C4-89DD-65ACD09D3323.jpeg 1772w\" sizes=\"(min-width: 2200px) 100vw, (min-width: 824px) 390px, (min-width: 732px) 585px, (min-width: 640px) 732px, \" \/><\/a><\/div><\/div><div class=\"clearfix\"><\/div><div style=\"padding:5px;\" class=\"fusion-grid-column fusion-gallery-column fusion-gallery-column-3 hover-type-none\"><div class=\"fusion-gallery-image\"><a href=\"https:\/\/royalfamily.org\/wp-content\/uploads\/2022\/06\/147B5849-EC71-4B67-856D-D223401B1B07.jpeg\" data-caption=\"NjKV Prestolonaslednik Aleksandar i NjKV Princeza Katarina na sve\u010danosti O\u0160 \u201eNikola Tesla\u201d\" rel=\"noreferrer\" data-rel=\"iLightbox[gallery_image_1]\" class=\"fusion-lightbox\" target=\"_self\"><img decoding=\"async\" src=\"https:\/\/royalfamily.org\/wp-content\/uploads\/2022\/06\/147B5849-EC71-4B67-856D-D223401B1B07.jpeg\" width=\"1772\" height=\"1181\" alt=\"\" title=\"147B5849-EC71-4B67-856D-D223401B1B07\" aria-label=\"147B5849-EC71-4B67-856D-D223401B1B07\" class=\"img-responsive wp-image-82663\" srcset=\"https:\/\/royalfamily.org\/wp-content\/uploads\/2022\/06\/147B5849-EC71-4B67-856D-D223401B1B07-200x133.jpeg 200w, https:\/\/royalfamily.org\/wp-content\/uploads\/2022\/06\/147B5849-EC71-4B67-856D-D223401B1B07-400x267.jpeg 400w, https:\/\/royalfamily.org\/wp-content\/uploads\/2022\/06\/147B5849-EC71-4B67-856D-D223401B1B07-600x400.jpeg 600w, https:\/\/royalfamily.org\/wp-content\/uploads\/2022\/06\/147B5849-EC71-4B67-856D-D223401B1B07-800x533.jpeg 800w, https:\/\/royalfamily.org\/wp-content\/uploads\/2022\/06\/147B5849-EC71-4B67-856D-D223401B1B07-1200x800.jpeg 1200w, https:\/\/royalfamily.org\/wp-content\/uploads\/2022\/06\/147B5849-EC71-4B67-856D-D223401B1B07.jpeg 1772w\" sizes=\"(min-width: 2200px) 100vw, (min-width: 824px) 390px, (min-width: 732px) 585px, (min-width: 640px) 732px, \" \/><\/a><\/div><\/div><div style=\"padding:5px;\" class=\"fusion-grid-column fusion-gallery-column fusion-gallery-column-3 hover-type-none\"><div class=\"fusion-gallery-image\"><a href=\"https:\/\/royalfamily.org\/wp-content\/uploads\/2022\/06\/301CE73E-7565-4E59-90F1-834C57805598.jpeg\" data-caption=\"NjKV Prestolonaslednik Aleksandar i NjKV Princeza Katarina na sve\u010danosti O\u0160 \u201eNikola Tesla\u201d\" rel=\"noreferrer\" data-rel=\"iLightbox[gallery_image_1]\" class=\"fusion-lightbox\" target=\"_self\"><img decoding=\"async\" src=\"https:\/\/royalfamily.org\/wp-content\/uploads\/2022\/06\/301CE73E-7565-4E59-90F1-834C57805598.jpeg\" width=\"1772\" height=\"1181\" alt=\"\" title=\"301CE73E-7565-4E59-90F1-834C57805598\" aria-label=\"301CE73E-7565-4E59-90F1-834C57805598\" class=\"img-responsive wp-image-82666\" srcset=\"https:\/\/royalfamily.org\/wp-content\/uploads\/2022\/06\/301CE73E-7565-4E59-90F1-834C57805598-200x133.jpeg 200w, https:\/\/royalfamily.org\/wp-content\/uploads\/2022\/06\/301CE73E-7565-4E59-90F1-834C57805598-400x267.jpeg 400w, https:\/\/royalfamily.org\/wp-content\/uploads\/2022\/06\/301CE73E-7565-4E59-90F1-834C57805598-600x400.jpeg 600w, https:\/\/royalfamily.org\/wp-content\/uploads\/2022\/06\/301CE73E-7565-4E59-90F1-834C57805598-800x533.jpeg 800w, https:\/\/royalfamily.org\/wp-content\/uploads\/2022\/06\/301CE73E-7565-4E59-90F1-834C57805598-1200x800.jpeg 1200w, https:\/\/royalfamily.org\/wp-content\/uploads\/2022\/06\/301CE73E-7565-4E59-90F1-834C57805598.jpeg 1772w\" sizes=\"(min-width: 2200px) 100vw, (min-width: 824px) 390px, (min-width: 732px) 585px, (min-width: 640px) 732px, \" \/><\/a><\/div><\/div><div style=\"padding:5px;\" class=\"fusion-grid-column fusion-gallery-column fusion-gallery-column-3 hover-type-none\"><div class=\"fusion-gallery-image\"><a href=\"https:\/\/royalfamily.org\/wp-content\/uploads\/2022\/06\/5A78D30E-886C-48EF-BEF5-630F0C301657.jpeg\" data-caption=\"NjKV Prestolonaslednik Aleksandar i NjKV Princeza Katarina na sve\u010danosti O\u0160 \u201eNikola Tesla\u201d\" rel=\"noreferrer\" data-rel=\"iLightbox[gallery_image_1]\" class=\"fusion-lightbox\" target=\"_self\"><img decoding=\"async\" src=\"https:\/\/royalfamily.org\/wp-content\/uploads\/2022\/06\/5A78D30E-886C-48EF-BEF5-630F0C301657.jpeg\" width=\"1772\" height=\"1181\" alt=\"\" title=\"5A78D30E-886C-48EF-BEF5-630F0C301657\" aria-label=\"5A78D30E-886C-48EF-BEF5-630F0C301657\" class=\"img-responsive wp-image-82669\" srcset=\"https:\/\/royalfamily.org\/wp-content\/uploads\/2022\/06\/5A78D30E-886C-48EF-BEF5-630F0C301657-200x133.jpeg 200w, https:\/\/royalfamily.org\/wp-content\/uploads\/2022\/06\/5A78D30E-886C-48EF-BEF5-630F0C301657-400x267.jpeg 400w, https:\/\/royalfamily.org\/wp-content\/uploads\/2022\/06\/5A78D30E-886C-48EF-BEF5-630F0C301657-600x400.jpeg 600w, https:\/\/royalfamily.org\/wp-content\/uploads\/2022\/06\/5A78D30E-886C-48EF-BEF5-630F0C301657-800x533.jpeg 800w, https:\/\/royalfamily.org\/wp-content\/uploads\/2022\/06\/5A78D30E-886C-48EF-BEF5-630F0C301657-1200x800.jpeg 1200w, https:\/\/royalfamily.org\/wp-content\/uploads\/2022\/06\/5A78D30E-886C-48EF-BEF5-630F0C301657.jpeg 1772w\" sizes=\"(min-width: 2200px) 100vw, (min-width: 824px) 390px, (min-width: 732px) 585px, (min-width: 640px) 732px, \" \/><\/a><\/div><\/div><div class=\"clearfix\"><\/div><\/div><\/div><\/div><\/div><\/div><\/div>\n","protected":false},"excerpt":{"rendered":"","protected":false},"author":1001015,"featured_media":82651,"comment_status":"closed","ping_status":"closed","sticky":false,"template":"","format":"standard","meta":{"_acf_changed":false,"footnotes":""},"categories":[22],"tags":[],"class_list":["post-82673","post","type-post","status-publish","format-standard","has-post-thumbnail","hentry","category-vesti"],"acf":[],"yoast_head":"<!-- This site is optimized with the Yoast SEO Premium plugin v27.4 (Yoast SEO v27.4) - https:\/\/yoast.com\/product\/yoast-seo-premium-wordpress\/ -->\n<title>\u041aRALJEVS\u041aI PAR NA PROSLAVI DANA \u0160\u041aOLE \u201eNI\u041aOLA TESLA\u201c - The Royal Family of Serbia<\/title>\n<meta name=\"robots\" content=\"index, follow, max-snippet:-1, max-image-preview:large, max-video-preview:-1\" \/>\n<link rel=\"canonical\" href=\"https:\/\/royalfamily.org\/lat\/kraljevski-par-na-proslavi-dana-skole-nikola-tesla\/\" \/>\n<meta property=\"og:locale\" content=\"en_US\" \/>\n<meta property=\"og:type\" content=\"article\" \/>\n<meta property=\"og:title\" content=\"\u041aRALJEVS\u041aI PAR NA PROSLAVI DANA \u0160\u041aOLE \u201eNI\u041aOLA TESLA\u201c\" \/>\n<meta property=\"og:url\" content=\"https:\/\/royalfamily.org\/lat\/kraljevski-par-na-proslavi-dana-skole-nikola-tesla\/\" \/>\n<meta property=\"og:site_name\" content=\"The Royal Family of Serbia\" \/>\n<meta property=\"article:publisher\" content=\"https:\/\/www.facebook.com\/Prestolonaslednik.Aleksandar\" \/>\n<meta property=\"article:published_time\" content=\"2022-06-03T19:53:37+00:00\" \/>\n<meta property=\"article:modified_time\" content=\"2022-06-04T06:06:48+00:00\" \/>\n<meta property=\"og:image\" content=\"https:\/\/royalfamily.org\/wp-content\/uploads\/2022\/06\/9D3F2C17-6561-4551-B257-047DD987C343.jpeg\" \/>\n\t<meta property=\"og:image:width\" content=\"740\" \/>\n\t<meta property=\"og:image:height\" content=\"360\" \/>\n\t<meta property=\"og:image:type\" content=\"image\/jpeg\" \/>\n<meta name=\"author\" content=\"Stefan Milanovic\" \/>\n<meta name=\"twitter:card\" content=\"summary_large_image\" \/>\n<meta name=\"twitter:label1\" content=\"Written by\" \/>\n\t<meta name=\"twitter:data1\" content=\"Stefan Milanovic\" \/>\n\t<meta name=\"twitter:label2\" content=\"Est. reading time\" \/>\n\t<meta name=\"twitter:data2\" content=\"3 minutes\" \/>\n<script type=\"application\/ld+json\" class=\"yoast-schema-graph\">{\"@context\":\"https:\\\/\\\/schema.org\",\"@graph\":[{\"@type\":\"Article\",\"@id\":\"https:\\\/\\\/royalfamily.org\\\/lat\\\/kraljevski-par-na-proslavi-dana-skole-nikola-tesla\\\/#article\",\"isPartOf\":{\"@id\":\"https:\\\/\\\/royalfamily.org\\\/lat\\\/kraljevski-par-na-proslavi-dana-skole-nikola-tesla\\\/\"},\"author\":{\"name\":\"Stefan Milanovic\",\"@id\":\"https:\\\/\\\/royalfamily.org\\\/#\\\/schema\\\/person\\\/4ad3296a6a8a35eed333b6a785e9f648\"},\"headline\":\"\u041aRALJEVS\u041aI PAR NA PROSLAVI DANA \u0160\u041aOLE \u201eNI\u041aOLA TESLA\u201c\",\"datePublished\":\"2022-06-03T19:53:37+00:00\",\"dateModified\":\"2022-06-04T06:06:48+00:00\",\"mainEntityOfPage\":{\"@id\":\"https:\\\/\\\/royalfamily.org\\\/lat\\\/kraljevski-par-na-proslavi-dana-skole-nikola-tesla\\\/\"},\"wordCount\":949,\"publisher\":{\"@id\":\"https:\\\/\\\/royalfamily.org\\\/#organization\"},\"image\":{\"@id\":\"https:\\\/\\\/royalfamily.org\\\/lat\\\/kraljevski-par-na-proslavi-dana-skole-nikola-tesla\\\/#primaryimage\"},\"thumbnailUrl\":\"https:\\\/\\\/royalfamily.org\\\/wp-content\\\/uploads\\\/2022\\\/06\\\/9D3F2C17-6561-4551-B257-047DD987C343.jpeg\",\"articleSection\":[\"Vesti\"],\"inLanguage\":\"sr-LT\"},{\"@type\":\"WebPage\",\"@id\":\"https:\\\/\\\/royalfamily.org\\\/lat\\\/kraljevski-par-na-proslavi-dana-skole-nikola-tesla\\\/\",\"url\":\"https:\\\/\\\/royalfamily.org\\\/lat\\\/kraljevski-par-na-proslavi-dana-skole-nikola-tesla\\\/\",\"name\":\"\u041aRALJEVS\u041aI PAR NA PROSLAVI DANA \u0160\u041aOLE \u201eNI\u041aOLA TESLA\u201c - The Royal Family of Serbia\",\"isPartOf\":{\"@id\":\"https:\\\/\\\/royalfamily.org\\\/#website\"},\"primaryImageOfPage\":{\"@id\":\"https:\\\/\\\/royalfamily.org\\\/lat\\\/kraljevski-par-na-proslavi-dana-skole-nikola-tesla\\\/#primaryimage\"},\"image\":{\"@id\":\"https:\\\/\\\/royalfamily.org\\\/lat\\\/kraljevski-par-na-proslavi-dana-skole-nikola-tesla\\\/#primaryimage\"},\"thumbnailUrl\":\"https:\\\/\\\/royalfamily.org\\\/wp-content\\\/uploads\\\/2022\\\/06\\\/9D3F2C17-6561-4551-B257-047DD987C343.jpeg\",\"datePublished\":\"2022-06-03T19:53:37+00:00\",\"dateModified\":\"2022-06-04T06:06:48+00:00\",\"breadcrumb\":{\"@id\":\"https:\\\/\\\/royalfamily.org\\\/lat\\\/kraljevski-par-na-proslavi-dana-skole-nikola-tesla\\\/#breadcrumb\"},\"inLanguage\":\"sr-LT\",\"potentialAction\":[{\"@type\":\"ReadAction\",\"target\":[\"https:\\\/\\\/royalfamily.org\\\/lat\\\/kraljevski-par-na-proslavi-dana-skole-nikola-tesla\\\/\"]}]},{\"@type\":\"ImageObject\",\"inLanguage\":\"sr-LT\",\"@id\":\"https:\\\/\\\/royalfamily.org\\\/lat\\\/kraljevski-par-na-proslavi-dana-skole-nikola-tesla\\\/#primaryimage\",\"url\":\"https:\\\/\\\/royalfamily.org\\\/wp-content\\\/uploads\\\/2022\\\/06\\\/9D3F2C17-6561-4551-B257-047DD987C343.jpeg\",\"contentUrl\":\"https:\\\/\\\/royalfamily.org\\\/wp-content\\\/uploads\\\/2022\\\/06\\\/9D3F2C17-6561-4551-B257-047DD987C343.jpeg\",\"width\":740,\"height\":360},{\"@type\":\"BreadcrumbList\",\"@id\":\"https:\\\/\\\/royalfamily.org\\\/lat\\\/kraljevski-par-na-proslavi-dana-skole-nikola-tesla\\\/#breadcrumb\",\"itemListElement\":[{\"@type\":\"ListItem\",\"position\":1,\"name\":\"Home\",\"item\":\"https:\\\/\\\/royalfamily.org\\\/lat\\\/\"},{\"@type\":\"ListItem\",\"position\":2,\"name\":\"\u041aRALJEVS\u041aI PAR NA PROSLAVI DANA \u0160\u041aOLE \u201eNI\u041aOLA TESLA\u201c\"}]},{\"@type\":\"WebSite\",\"@id\":\"https:\\\/\\\/royalfamily.org\\\/#website\",\"url\":\"https:\\\/\\\/royalfamily.org\\\/\",\"name\":\"The Royal Family of Serbia\",\"description\":\"From the people, for the people\",\"publisher\":{\"@id\":\"https:\\\/\\\/royalfamily.org\\\/#organization\"},\"potentialAction\":[{\"@type\":\"SearchAction\",\"target\":{\"@type\":\"EntryPoint\",\"urlTemplate\":\"https:\\\/\\\/royalfamily.org\\\/?s={search_term_string}\"},\"query-input\":{\"@type\":\"PropertyValueSpecification\",\"valueRequired\":true,\"valueName\":\"search_term_string\"}}],\"inLanguage\":\"sr-LT\"},{\"@type\":\"Organization\",\"@id\":\"https:\\\/\\\/royalfamily.org\\\/#organization\",\"name\":\"Royal Family\",\"url\":\"https:\\\/\\\/royalfamily.org\\\/\",\"logo\":{\"@type\":\"ImageObject\",\"inLanguage\":\"sr-LT\",\"@id\":\"https:\\\/\\\/royalfamily.org\\\/#\\\/schema\\\/logo\\\/image\\\/\",\"url\":\"https:\\\/\\\/royalfamily.org\\\/wp-content\\\/uploads\\\/2019\\\/04\\\/logo-vector-02-V-latinica.png\",\"contentUrl\":\"https:\\\/\\\/royalfamily.org\\\/wp-content\\\/uploads\\\/2019\\\/04\\\/logo-vector-02-V-latinica.png\",\"width\":552,\"height\":99,\"caption\":\"Royal Family\"},\"image\":{\"@id\":\"https:\\\/\\\/royalfamily.org\\\/#\\\/schema\\\/logo\\\/image\\\/\"},\"sameAs\":[\"https:\\\/\\\/www.facebook.com\\\/Prestolonaslednik.Aleksandar\"]},{\"@type\":\"Person\",\"@id\":\"https:\\\/\\\/royalfamily.org\\\/#\\\/schema\\\/person\\\/4ad3296a6a8a35eed333b6a785e9f648\",\"name\":\"Stefan Milanovic\",\"image\":{\"@type\":\"ImageObject\",\"inLanguage\":\"sr-LT\",\"@id\":\"https:\\\/\\\/secure.gravatar.com\\\/avatar\\\/92dcbdcf3e32112a9ceb1e41665b1f44c69382d014cacfe12c701f6af7c40259?s=96&d=mm&r=g\",\"url\":\"https:\\\/\\\/secure.gravatar.com\\\/avatar\\\/92dcbdcf3e32112a9ceb1e41665b1f44c69382d014cacfe12c701f6af7c40259?s=96&d=mm&r=g\",\"contentUrl\":\"https:\\\/\\\/secure.gravatar.com\\\/avatar\\\/92dcbdcf3e32112a9ceb1e41665b1f44c69382d014cacfe12c701f6af7c40259?s=96&d=mm&r=g\",\"caption\":\"Stefan Milanovic\"}}]}<\/script>\n<!-- \/ Yoast SEO Premium plugin. -->","yoast_head_json":{"title":"\u041aRALJEVS\u041aI PAR NA PROSLAVI DANA \u0160\u041aOLE \u201eNI\u041aOLA TESLA\u201c - The Royal Family of Serbia","robots":{"index":"index","follow":"follow","max-snippet":"max-snippet:-1","max-image-preview":"max-image-preview:large","max-video-preview":"max-video-preview:-1"},"canonical":"https:\/\/royalfamily.org\/lat\/kraljevski-par-na-proslavi-dana-skole-nikola-tesla\/","og_locale":"en_US","og_type":"article","og_title":"\u041aRALJEVS\u041aI PAR NA PROSLAVI DANA \u0160\u041aOLE \u201eNI\u041aOLA TESLA\u201c","og_url":"https:\/\/royalfamily.org\/lat\/kraljevski-par-na-proslavi-dana-skole-nikola-tesla\/","og_site_name":"The Royal Family of Serbia","article_publisher":"https:\/\/www.facebook.com\/Prestolonaslednik.Aleksandar","article_published_time":"2022-06-03T19:53:37+00:00","article_modified_time":"2022-06-04T06:06:48+00:00","og_image":[{"width":740,"height":360,"url":"https:\/\/royalfamily.org\/wp-content\/uploads\/2022\/06\/9D3F2C17-6561-4551-B257-047DD987C343.jpeg","type":"image\/jpeg"}],"author":"Stefan Milanovic","twitter_card":"summary_large_image","twitter_misc":{"Written by":"Stefan Milanovic","Est. reading time":"3 minutes"},"schema":{"@context":"https:\/\/schema.org","@graph":[{"@type":"Article","@id":"https:\/\/royalfamily.org\/lat\/kraljevski-par-na-proslavi-dana-skole-nikola-tesla\/#article","isPartOf":{"@id":"https:\/\/royalfamily.org\/lat\/kraljevski-par-na-proslavi-dana-skole-nikola-tesla\/"},"author":{"name":"Stefan Milanovic","@id":"https:\/\/royalfamily.org\/#\/schema\/person\/4ad3296a6a8a35eed333b6a785e9f648"},"headline":"\u041aRALJEVS\u041aI PAR NA PROSLAVI DANA \u0160\u041aOLE \u201eNI\u041aOLA TESLA\u201c","datePublished":"2022-06-03T19:53:37+00:00","dateModified":"2022-06-04T06:06:48+00:00","mainEntityOfPage":{"@id":"https:\/\/royalfamily.org\/lat\/kraljevski-par-na-proslavi-dana-skole-nikola-tesla\/"},"wordCount":949,"publisher":{"@id":"https:\/\/royalfamily.org\/#organization"},"image":{"@id":"https:\/\/royalfamily.org\/lat\/kraljevski-par-na-proslavi-dana-skole-nikola-tesla\/#primaryimage"},"thumbnailUrl":"https:\/\/royalfamily.org\/wp-content\/uploads\/2022\/06\/9D3F2C17-6561-4551-B257-047DD987C343.jpeg","articleSection":["Vesti"],"inLanguage":"sr-LT"},{"@type":"WebPage","@id":"https:\/\/royalfamily.org\/lat\/kraljevski-par-na-proslavi-dana-skole-nikola-tesla\/","url":"https:\/\/royalfamily.org\/lat\/kraljevski-par-na-proslavi-dana-skole-nikola-tesla\/","name":"\u041aRALJEVS\u041aI PAR NA PROSLAVI DANA \u0160\u041aOLE \u201eNI\u041aOLA TESLA\u201c - The Royal Family of Serbia","isPartOf":{"@id":"https:\/\/royalfamily.org\/#website"},"primaryImageOfPage":{"@id":"https:\/\/royalfamily.org\/lat\/kraljevski-par-na-proslavi-dana-skole-nikola-tesla\/#primaryimage"},"image":{"@id":"https:\/\/royalfamily.org\/lat\/kraljevski-par-na-proslavi-dana-skole-nikola-tesla\/#primaryimage"},"thumbnailUrl":"https:\/\/royalfamily.org\/wp-content\/uploads\/2022\/06\/9D3F2C17-6561-4551-B257-047DD987C343.jpeg","datePublished":"2022-06-03T19:53:37+00:00","dateModified":"2022-06-04T06:06:48+00:00","breadcrumb":{"@id":"https:\/\/royalfamily.org\/lat\/kraljevski-par-na-proslavi-dana-skole-nikola-tesla\/#breadcrumb"},"inLanguage":"sr-LT","potentialAction":[{"@type":"ReadAction","target":["https:\/\/royalfamily.org\/lat\/kraljevski-par-na-proslavi-dana-skole-nikola-tesla\/"]}]},{"@type":"ImageObject","inLanguage":"sr-LT","@id":"https:\/\/royalfamily.org\/lat\/kraljevski-par-na-proslavi-dana-skole-nikola-tesla\/#primaryimage","url":"https:\/\/royalfamily.org\/wp-content\/uploads\/2022\/06\/9D3F2C17-6561-4551-B257-047DD987C343.jpeg","contentUrl":"https:\/\/royalfamily.org\/wp-content\/uploads\/2022\/06\/9D3F2C17-6561-4551-B257-047DD987C343.jpeg","width":740,"height":360},{"@type":"BreadcrumbList","@id":"https:\/\/royalfamily.org\/lat\/kraljevski-par-na-proslavi-dana-skole-nikola-tesla\/#breadcrumb","itemListElement":[{"@type":"ListItem","position":1,"name":"Home","item":"https:\/\/royalfamily.org\/lat\/"},{"@type":"ListItem","position":2,"name":"\u041aRALJEVS\u041aI PAR NA PROSLAVI DANA \u0160\u041aOLE \u201eNI\u041aOLA TESLA\u201c"}]},{"@type":"WebSite","@id":"https:\/\/royalfamily.org\/#website","url":"https:\/\/royalfamily.org\/","name":"The Royal Family of Serbia","description":"From the people, for the people","publisher":{"@id":"https:\/\/royalfamily.org\/#organization"},"potentialAction":[{"@type":"SearchAction","target":{"@type":"EntryPoint","urlTemplate":"https:\/\/royalfamily.org\/?s={search_term_string}"},"query-input":{"@type":"PropertyValueSpecification","valueRequired":true,"valueName":"search_term_string"}}],"inLanguage":"sr-LT"},{"@type":"Organization","@id":"https:\/\/royalfamily.org\/#organization","name":"Royal Family","url":"https:\/\/royalfamily.org\/","logo":{"@type":"ImageObject","inLanguage":"sr-LT","@id":"https:\/\/royalfamily.org\/#\/schema\/logo\/image\/","url":"https:\/\/royalfamily.org\/wp-content\/uploads\/2019\/04\/logo-vector-02-V-latinica.png","contentUrl":"https:\/\/royalfamily.org\/wp-content\/uploads\/2019\/04\/logo-vector-02-V-latinica.png","width":552,"height":99,"caption":"Royal Family"},"image":{"@id":"https:\/\/royalfamily.org\/#\/schema\/logo\/image\/"},"sameAs":["https:\/\/www.facebook.com\/Prestolonaslednik.Aleksandar"]},{"@type":"Person","@id":"https:\/\/royalfamily.org\/#\/schema\/person\/4ad3296a6a8a35eed333b6a785e9f648","name":"Stefan Milanovic","image":{"@type":"ImageObject","inLanguage":"sr-LT","@id":"https:\/\/secure.gravatar.com\/avatar\/92dcbdcf3e32112a9ceb1e41665b1f44c69382d014cacfe12c701f6af7c40259?s=96&d=mm&r=g","url":"https:\/\/secure.gravatar.com\/avatar\/92dcbdcf3e32112a9ceb1e41665b1f44c69382d014cacfe12c701f6af7c40259?s=96&d=mm&r=g","contentUrl":"https:\/\/secure.gravatar.com\/avatar\/92dcbdcf3e32112a9ceb1e41665b1f44c69382d014cacfe12c701f6af7c40259?s=96&d=mm&r=g","caption":"Stefan Milanovic"}}]}},"_links":{"self":[{"href":"https:\/\/royalfamily.org\/lat\/wp-json\/wp\/v2\/posts\/82673","targetHints":{"allow":["GET"]}}],"collection":[{"href":"https:\/\/royalfamily.org\/lat\/wp-json\/wp\/v2\/posts"}],"about":[{"href":"https:\/\/royalfamily.org\/lat\/wp-json\/wp\/v2\/types\/post"}],"author":[{"embeddable":true,"href":"https:\/\/royalfamily.org\/lat\/wp-json\/wp\/v2\/users\/1001015"}],"replies":[{"embeddable":true,"href":"https:\/\/royalfamily.org\/lat\/wp-json\/wp\/v2\/comments?post=82673"}],"version-history":[{"count":2,"href":"https:\/\/royalfamily.org\/lat\/wp-json\/wp\/v2\/posts\/82673\/revisions"}],"predecessor-version":[{"id":82678,"href":"https:\/\/royalfamily.org\/lat\/wp-json\/wp\/v2\/posts\/82673\/revisions\/82678"}],"wp:featuredmedia":[{"embeddable":true,"href":"https:\/\/royalfamily.org\/lat\/wp-json\/wp\/v2\/media\/82651"}],"wp:attachment":[{"href":"https:\/\/royalfamily.org\/lat\/wp-json\/wp\/v2\/media?parent=82673"}],"wp:term":[{"taxonomy":"category","embeddable":true,"href":"https:\/\/royalfamily.org\/lat\/wp-json\/wp\/v2\/categories?post=82673"},{"taxonomy":"post_tag","embeddable":true,"href":"https:\/\/royalfamily.org\/lat\/wp-json\/wp\/v2\/tags?post=82673"}],"curies":[{"name":"wp","href":"https:\/\/api.w.org\/{rel}","templated":true}]}}