{"id":82704,"date":"2022-06-07T11:51:10","date_gmt":"2022-06-07T09:51:10","guid":{"rendered":"https:\/\/royalfamily.org\/?p=82704"},"modified":"2022-06-07T11:51:10","modified_gmt":"2022-06-07T09:51:10","slug":"princeza-za-politiku-samo-ujedinjeni-smo-dovoljno-jaki-da-pruzimo-podrsku-i-utehu","status":"publish","type":"post","link":"https:\/\/royalfamily.org\/lat\/princeza-za-politiku-samo-ujedinjeni-smo-dovoljno-jaki-da-pruzimo-podrsku-i-utehu\/","title":{"rendered":"PRINCEZA ZA POLITIKU:\u201c SAMO UJEDINJENI SMO DOVOLJNO JAKI DA PRU\u017dIMO PODR\u0160KU I UTEHU\u201c"},"content":{"rendered":"<div class=\"fusion-fullwidth fullwidth-box fusion-builder-row-1 fusion-flex-container nonhundred-percent-fullwidth non-hundred-percent-height-scrolling\" style=\"--awb-border-radius-top-left:0px;--awb-border-radius-top-right:0px;--awb-border-radius-bottom-right:0px;--awb-border-radius-bottom-left:0px;--awb-flex-wrap:wrap;\" ><div class=\"fusion-builder-row fusion-row fusion-flex-align-items-flex-start fusion-flex-content-wrap\" style=\"max-width:1227.2px;margin-left: calc(-4% \/ 2 );margin-right: calc(-4% \/ 2 );\"><div class=\"fusion-layout-column fusion_builder_column fusion-builder-column-0 fusion_builder_column_1_1 1_1 fusion-flex-column\" style=\"--awb-bg-size:cover;--awb-width-large:100%;--awb-margin-top-large:0px;--awb-spacing-right-large:1.92%;--awb-margin-bottom-large:20px;--awb-spacing-left-large:1.92%;--awb-width-medium:100%;--awb-order-medium:0;--awb-spacing-right-medium:1.92%;--awb-spacing-left-medium:1.92%;--awb-width-small:100%;--awb-order-small:0;--awb-spacing-right-small:1.92%;--awb-spacing-left-small:1.92%;\"><div class=\"fusion-column-wrapper fusion-column-has-shadow fusion-flex-justify-content-flex-start fusion-content-layout-column\"><div class=\"fusion-text fusion-text-1\"><p>NJ.\u041a.V. Princeza \u041aatarina, u ekskluzivnom intervjuu za \u201ePolitiku\u201c, govorila je o humanitarnim aktivnostima i njenom predanom radu, zajedno sa NJ.\u041a.V. Prestolonaslednikom Aleksandrom, na dobrobiti naroda na\u0161e zemlje. Intervju pripremila novinarka \u201ePolitike\u201c, gospo\u0111a Danijela Davivov \u041aesar, kojoj se i ovim putem zahvaljujemo.<\/p>\n<p>Tekst, koji je objavljen u \u0161tampanom izdanju u subotu 4. juna 2022. kao i na <a href=\"https:\/\/www.politika.rs\/sr\/clanak\/508904\/Samo-ujedinjeni-smo-dovoljno-jaki-da-pruzimo-podrsku-i-utehu\">sajtu \u201ePolitike\u201c<\/a> prenosimo u celosti.<\/p>\n<p><strong>Samo ujedinjeni smo dovoljno jaki da pru\u017eimo podr\u0161ku i utehu<\/strong><\/p>\n<p><strong>Primetila sam da su Srbi veoma ponosni ljudi i da ne vole da ka\u017eu da im je pomo\u0107 potrebna. Moram svima da im poru\u010dim \u2013 ne stidite se, ve\u0107 pitajte, recite \u0161ta vam treba. Jer ako ne znamo da vam je potrebna pomo\u0107, kako da je pru\u017eimo<\/strong><\/p>\n<p>Princeza Katarina Kara\u0111or\u0111evi\u0107 ve\u0107 gotovo tri decenije poma\u017ee zdravstvo i sistem socijalne za\u0161tite u Srbiji i do sada je omogu\u0107ila da u na\u0161u zemlju stignu donacije vredne vi\u0161e miliona evra i to kroz vi\u0161e od 250 projekata.<\/p>\n<p>U razgovoru za \u201ePolitiku\u201d princeza Katarina isti\u010de da njena \u017eelja da pomogne svima nikako ne bi mogla da se ostvari bez dragih prijatelja, donatora velikog srca koji du\u017ee od 25 godina podr\u017eavaju predani rad Humanitarne organizacije \u201eLajflajn\u201d, \u010diji je pokrovitelj. \u201eKad je po\u010deo sukob u biv\u0161oj Jugoslaviji osetila sam \u017eelju i volju srpske dijaspore da pomognem svojim zemljacima, pa sam otvorila prvu kancelariju \u2019Lajflajna\u2019 u \u010cikagu, a na\u0161i prijatelji iz rasejanja su odmah, celim srcem, prisko\u010dili u pomo\u0107. Svi dobrotvori su u\u010dinili toliko mnogo poma\u017eu\u0107i rad kancelarija \u2019Lajflajna\u2019 u \u010cikagu, Njujorku, Torontu, Londonu i Atini, kao i rad moje fondacije u Beogradu, koja je osnovana odmah po na\u0161em dolasku u Srbiju 2001. godine. Samo ujedinjeni smo dovoljno jaki da pru\u017eimo podr\u0161ku i utehu. Kao \u0161to ka\u017ee srpska izreka koju jako volim \u2013 samo sloga Srbina spasava\u201d, naglasila je princeza Katarina.<\/p>\n<p><strong>Kako ste se odlu\u010dili za bavljenje humanitarnim radom?<\/strong><\/p>\n<p>Do\u0161li smo u Srbiju da damo, a ne da uzmemo. Bili smo izuzetno sre\u0107ni \u0161to smo mogli da nastavimo na\u0161 rad i misiju, kojima smo se bavili i dok smo \u017eiveli u inostranstvu. Inspirisali su me i na ovo \u017eivotno putovanje uputili moji roditelji, koji su bili veliki gr\u010dki dobrotvori i filantropi. U ranoj mladosti su me nau\u010dili da nema ve\u0107e radosti u \u017eivotu od radosti davanja, a to je ne\u0161to \u0161to su mi pokazali li\u010dnim primerom. Me\u0111utim, jo\u0161 ve\u0107u inspiraciju dobila sam kad sam upoznala prestolonaslednika Aleksandra i udala se njega. Velika ljubav koju moj suprug gaji prema svom narodu podstakla me je da humanitarne aktivnosti usmerim na ljude kojima se on divi i po\u0161tuje ih, na narod u koji sam se odmah i sama zaljubila.<\/p>\n<p><strong>I pre nego \u0161to ste postali princeza i supruga princa Aleksandra Kara\u0111or\u0111evi\u0107a, imali ste dosta humanih aktivnosti. Koje su bile najzna\u010dajnije?<\/strong><\/p>\n<p>Pre nego \u0161to je Srbiji zatrebala pomo\u0107, bilo je mnogo aktivnosti \u0161irom sveta. Da\u0107u primer jednog projekta, kopanja bunara u to vreme u Burmi, danas Mjanmaru, da omogu\u0107imo ljudima stabilan izvor pija\u0107e vode. Imam veoma lepa se\u0107anja na jedan drugi projekat koji smo princeza Irena od Gr\u010dke i Danske, sestra kraljice Sofije od \u0160panije i ja vodile pre vi\u0161e od 30 godina. Sproveden je preko humanitarne organizacije \u201eSvet u harmoniji\u201d. Osnovni cilj te aktivnosti bio je da se isporukom velikog broja muznih krava pomogne deci iz siroma\u0161nih porodica, sa \u017eeljom da im se obezbedi stabilan izvor mleka. Ja bih nalazila krave u Velikoj Britaniji i organizovala njihov transport avionom, a princeza Irena ih je isporu\u010divala porodicama u Indiji. Ova donacija je bila od posebnog zna\u010daja jer su krave svete \u017eivotinje za vernike hinduisti\u010dke religije, koji mleko koriste ne samo kao prehrambeni proizvod, ve\u0107 i u verskim obredima i nikada ne ubijaju krave, pa smo znali da je to donacija koja \u0107e trajati i \u010diniti dobro za vi\u0161e generacija.<\/p>\n<p><strong>Prvu donaciju u Srbiji uru\u010dili ste pre 29 godina. To je bila takozvana sterilna soba za hematolo\u0161ke bolesnike u Univerzitetskoj de\u010djoj klinici u Tir\u0161ovoj?<\/strong><\/p>\n<p>Da, bilo je to 1993. godine, za vreme stra\u0161nog, besmislenog rata. Srbija je bila pod me\u0111unarodnim sankcijama i embargom, protiv kojih sam u to vreme odlu\u010dno govorila, obra\u0107aju\u0107i se svim stalnim \u010dlanicama Ujedinjenih nacija. Bila sam \u0161okirana \u010dinjenicom da pomo\u0107 nije distribuirana podjednako svima, ve\u0107 se delila samo nekima. Se\u0107am se da sam pokazivala fotografije beba predstavnicima UN i pitala ih: \u201eMo\u017eete li da ka\u017eete koje su veroispovesti ove bebe?\u201d I mnogi ljudi su mi se obratili i rekli mi da imaju spremnu pomo\u0107, ali nisu mogli da je po\u0161alju zbog problema s prijavom i administracijom.<\/p>\n<p>U to vreme, moj mu\u017e je i dalje va\u017eio za dr\u017eavnog neprijatelja, \u017eiveli smo u inostranstvu i o\u010dajni\u010dki smo \u017eeleli da pomognemo svom narodu. Nije bilo lako, ali smo na\u0161li na\u010din da realizujemo isporuku, kao \u0161to ste rekli, izolacione sterilne sobe za hematolo\u0161ke pacijente. To je ura\u0111eno uz veliku pomo\u0107 i podr\u0161ku prof. dr Ide Jovanovi\u0107, koja je, zajedno s drugim istaknutim i uglednim lekarima i profesorima, deo Kraljevskog medicinskog odbora, tima cenjenih stru\u010dnjaka iz oblasti zdravstva koji podr\u017eavaju moj rad i daju mi dragocene savete, na \u010demu sam im svima neizmerno zahvalna. I veoma sam sre\u0107na \u0161to su te i mnoge druge donacije stigle u Srbiju tokom stra\u0161nog rata, bez obzira na mnoge prepreke i te\u0161ko\u0107e. Kako ja volim da ka\u017eem \u2013 kad ima volje, ima i na\u010dina.<\/p>\n<p><strong>Ovoj klinici ste uru\u010dili jo\u0161 dosta donacija. Da li je ta\u010dno da ste posebno emotivni kad je re\u010d o ovoj bolnici zato \u0161to ju je izgradila kraljica Marija, baka va\u0161eg supruga Aleksandra?<\/strong><\/p>\n<p>Kraljica Marija je bila fascinantna i sna\u017ena \u017eena, velika dobrotvorka i istaknuta dama, koja je velika inspiracija i za mog supruga i za mene. Klinika u Tir\u0161ovoj je jedna od najpoznatijih zadu\u017ebina koje je ostavila, ali nije jedina. Ljudi se i danas se\u0107aju koliko je ona uradila za na\u0161u zemlju. Ne \u017eelim da posebno isti\u010dem nijednu od zdravstvenih ustanova s kojima sara\u0111ujemo svih ovih godina, jer ne bi bilo u redu da imam favorite. Od najve\u0107eg klini\u010dkog centra do najmanje ambulante u selu na kraju nekog puta, mi ne pravimo razliku, svi oni kojima je potrebna na\u0161a pomo\u0107 i podr\u0161ka, dobili su ih i dobija\u0107e ih i ubudu\u0107e. Moram da ka\u017eem da sam tokom na\u0161ih brojnih putovanja \u0161irom Srbije primetila da su Srbi veoma ponosni ljudi i da ne vole da ka\u017eu da im je pomo\u0107 potrebna. Moram svima da im poru\u010dim \u2013 ne stidite se, ve\u0107 pitajte, recite \u0161ta vam treba. Jer ako ne znamo da vam je potrebna pomo\u0107, kako da je pru\u017eimo?<\/p>\n<p><strong>Jedan od prvih va\u0161ih projekata u Srbiji je bilo prikupljanje sredstava za kupovinu vrata za Hram Svetog Save. Da li je ta\u010dno da je velika \u017eelja kralja Petra Drugog bila da se izgradnja hrama \u0161to pre zavr\u0161i i da ste \u017eeleli da pomognete najpre realizaciji tog velikog poduhvata?<\/strong><\/p>\n<p>Izgradnja ovog divnog hrama zapo\u010deta je pod visokim pokroviteljstvom oca moga supruga, kralja Petra Drugog i u pravu ste, bila je njegova \u017eelja da se on brzo zavr\u0161i. Na\u017ealost, trebalo je da pro\u0111u decenije da bi se nastavilo s izgradnjom, a veoma sam sre\u0107na \u0161to je moj suprug bio pokrovitelj obnovljenog Dru\u0161tva za podizanje Hrama Svetog Save, kad je ono ponovo po\u010delo sa radom u septembru 2001. godine. Na\u0161 dragi, sada pokojni patrijarh Pavle, jedan od najdivnijih ljudi koje sam upoznala, pitao je mog supruga da li \u017eelimo da doniramo zvona ili vrata za hram. A moj Aleksandar je izabrao da to budu vrata, tako da se svaki put kad neko u\u0111e u ovu svetinju, na neki na\u010din, seti i nas.<\/p>\n<p><strong>I tokom rata na prostoru biv\u0161e Jugoslavije organizovali ste konvoje humanitarne pomo\u0107i?<\/strong><\/p>\n<p>Rat uvek najte\u017ee poga\u0111a nevine ljude. Organizovali smo konvoje humanitarne pomo\u0107i koji su odlazili u ratom zahva\u0107ena podru\u010dja, a li\u010dno sam vi\u0161e puta posetila Republiku Srpsku da dostavim pomo\u0107 i da budem uz na\u0161 narod, kako bi ljudi znali da ima onih koji brinu o njima i \u017eele da im pomognu. Mnogo kamiona iz Ujedinjenog Kraljevstva je bilo u ovim konvojima, a kompanija \u201eVird\u017ein erlajns\u201d mi je pru\u017eila ogromnu podr\u0161ku prevoze\u0107i medicinsku opremu iz SAD. Me\u0111u tim isporukama je bila i ma\u0161ina za pravljenje sve\u0107a za bolnicu, kako bi i bez struje mogli da imaju svetlost za rad.<\/p>\n<p><strong>Aparati koji ste donirali zdravstvenim ustanovama spasli su brojne \u017eivote. Koliko vam je te\u0161ko kad \u010dujete s kakvim problemima se pacijenti susre\u0107u?<\/strong><\/p>\n<p>Te\u0161ko mi je kada to \u010dujem, postanem veoma emotivna, ali mi je i veoma drago kada ljudi podele svoje probleme sa mnom i ne dozvoljavam da me to omete, ve\u0107 me tera da radim jo\u0161 vi\u0161e. Zauvek \u0107u se se\u0107ati gospo\u0111e koja je vi\u0161e puta dolazila u obilazak dvora, nadaju\u0107i se da \u0107e nai\u0107i na mene i mog supruga. Kada me je kona\u010dno srela rekla mi je \u201eDolazila sam ovde vi\u0161e puta nadaju\u0107i se da \u0107u vas sresti\u201d. Kada sam je pitala za\u0161to je to radila, rekla je: \u201eBila sam jako bolesna i rekli su mi da ne\u0107u pre\u017eiveti. Nekoliko dana nakon \u0161to sam to \u010dula, va\u0161a fondacija je u bolnicu isporu\u010dila novi ure\u0111aj koji mi je spasao \u017eivot.\u201d Obe smo po\u010dele da pla\u010demo. Takve stvari \u010dine sav rad vrednim truda.<\/p>\n<p><strong>Posebnu pa\u017enju poklanjate prevenciji raka dojke?<\/strong><\/p>\n<p>\u201eLajflajn\u201d kancelarije u inostranstvu i moja Fondacija u Beogradu imale su dosta aktivnosti na polju prevencije raka dojke, jer je prema zvani\u010dnoj statistici Svetske zdravstvene organizacije to naj\u010de\u0161\u0107i maligni tumor u \u017eenskoj populaciji u svetu. Svi smo veoma aktivno uklju\u010deni u podizanje svesti o zna\u010daju prevencije, le\u010denja i borbe protiv raka dojke, kao i u obezbe\u0111ivanje medicinske opreme za dijagnostikovanje i le\u010denje bolesti na vreme. Pet onkolo\u0161kih simpozijuma, posve\u0107enih skriningu i le\u010denju raka dojke i drugih naj\u010de\u0161\u0107ih karcinoma, organizovano je u Beogradu u saradnji s profesorkom Hedvig Hri\u010dak i njenim timom iz Memorijalnog centra za rak Sloun Ketering iz Njujorka.<\/p>\n<p>Pored donacije digitalnog mobilnog mamografa Klini\u010dkom centru Ni\u0161, koji je isporu\u010den uz veliku podr\u0161ku Fondacije \u201eStavros Nijarhos\u201d 2010. godine i na kojem je do sada obavljeno vi\u0161e od 150.000 preventivnih pregleda, velikodu\u0161ni donatori \u201eLajflajna\u201d i fondacija u Beogradu pomogli su i donacijom radne stanice za digitalnu mamografiju. I Institutu za onkologiju i radiologiju Srbije donirana je nova medicinska oprema, kao i reagensi za genetsko ispitivanje nasledne predispozicije za rak dojke i jajnika.<\/p>\n<p><strong>Dosta ste humanitarnih aktivnosti imali i za Republiku Srpsku?<\/strong><\/p>\n<p>Nikada ne razdvajamo na\u0161 narod, za nas Drina nije granica. Samo u protekloj godini zavr\u0161ili smo nekoliko projekata. Tradicija kraljevske porodice, koju smo suprug i ja obnovili po dolasku u Srbiju, jeste davanje poklona deci bez roditeljskog staranja, sa te\u0161ko\u0107ama u razvoju i socijalno ugro\u017eenoj deci za Bo\u017ei\u0107 i Uskrs, u \u010demu nam izuzetno poma\u017eu dobrotvori \u201eLajflajna\u201d \u010cikago. U to su uvek uklju\u010dena i deca iz Republike Srpske. Se\u0107am se kako su, kad su prvi put do\u0161la, neka deca izgledala razo\u010darano. Pitala sam ih: \u201e\u0160ta nije u redu, deco, za\u0161to ste tu\u017eni?\u201d Rekli su: \u201eAli, mislili smo da \u0107e\u0161 nositi krunu, gde je tvoja kruna, princezo?\u201d Na to sam im odgovorila: \u201eMoja kruna je u mom srcu. Bez ljubavi nemamo ni\u0161ta. I svi vi ste u mom srcu\u201d. Nikada ne zaboravljamo ni na\u0161e ljude koji u nezamislivo te\u0161kim uslovima \u017eive na Kosovu i Metohiji.<\/p>\n<p><strong>U oblasti obrazovanja i socijalne za\u0161tite dosta pa\u017enje ste posvetili vrti\u0107ima i \u0161kolama u Srbiji?<\/strong><\/p>\n<p>Pored \u0161kola i vrti\u0107a, tokom godina obi\u0161li smo mnoga siroti\u0161ta i domove za decu. Uvek im nosimo poklone s obu\u0107om i ode\u0107om, za koje s upravama institucija uvek unapred pripremimo potrebnu veli\u010dinu, tako da svako dete dobije li\u010dni poklon. Pokrenuli smo i SOS de\u010dju liniju, projekat na koji sam veoma ponosna, zahvaljuju\u0107i kojem deca koja imaju nekih problema imaju kome da se otvoreno obrate, bez straha. Tako\u0111e, postoji i projekat \u201eLajflajna\u201d pod nazivom \u201eDeca poma\u017eu deci\u201d, gde podsti\u010demo najmla\u0111e da pomognu vr\u0161njacima prema kojima \u017eivot nije bio tako blagonaklon.<\/p>\n<p><strong>Tokom pandemije kovida 19 realizovali ste vi\u0161e zna\u010dajnih projekata?<\/strong><\/p>\n<p>Kancelarije \u201eLajflajn\u201d i fondacija u Beogradu prikupljale su donacije za bolnice \u0161irom Srbije i Republike Srpske, kao pomo\u0107 lekarima i medicinskim sestrama, koji su istinski heroji na\u0161eg vremena. Kad je pandemija izbila zajedno smo uspeli da obezbedimo neophodnu opremu, medicinski materijal i za\u0161titne hirur\u0161ke maske i rukavice za bolnice. Od samog po\u010detka pandemije uspela sam da pove\u017eem Klini\u010dki centar Srbije s poznatom klinikom \u201eMejo\u201d u SAD, tako da su srpski lekari, naro\u010dito oni koji su bili glavni za borbu protiv virusa, i lekari sa klinike \u201eMejo\u201d mogli da razmene znanja i iskustva o kovidu 19. Po\u010detkom pandemije dobili smo i molbu Klini\u010dkog centra Srbije da obezbedimo sobe za lekare u blizini bolnice. Sklopili smo dogovor s hotelom \u201eTesla\u201d, koji se nalazi preko puta Klini\u010dkog centra i koji je u to vreme bio zatvoren, da se istog dana otvori i obezbedi sme\u0161taj za 30 lekara, tako da oni mogu da budu dostupni 24 sata za svoje pacijente obolele od kovida 19. Organizovali smo i isporuku hrane lekarima, kao i donaciju kompjutera bolnicama, kako bi mogli efikasnije da obra\u0111uju i \u010duvaju podatke. To smo nastavili i u drugoj godini pandemije.<\/p>\n<p><strong>Ve\u0107 12 godina va\u0161a fondacija organizuje Konferenciju srpske medicinske dijaspore. Koliko je to zna\u010dajno?<\/strong><\/p>\n<p>Ova tradicionalna konferencija, koja \u0107e ove godine biti organizovana 12. put, u periodu od 16. do 18. juna, veoma je va\u017ena. Okuplja vi\u0161e stotina lekara iz celog sveta i Srbije radi stvaranja i unapre\u0111enja profesionalnih odnosa, ali i prijateljstava. Imamo samo jedan cilj: da pomognemo Srbiji i njenim gra\u0111anima razmenom vrednih saznanja, ali i da izuzetnu u\u010denost srpskih lekara podelimo sa svetom. Ove godine bi\u0107e kombinacija onlajn i konferencije u\u017eivo, pa \u0107e u\u010desnici, \u010dak i ako fizi\u010dki ne mogu da budu u Srbiji, mo\u0107i da prate predavanja preko interneta. Svi zainteresovani lekari mogu nam se priklju\u010diti preko sajta konferencije \u2013 <a href=\"https:\/\/serbiandiasporamedical.rs\/wp\/?lang=sr\">SDMC<\/a><\/p>\n<\/div><\/div><\/div><\/div><\/div>\n","protected":false},"excerpt":{"rendered":"","protected":false},"author":1001015,"featured_media":82700,"comment_status":"closed","ping_status":"closed","sticky":false,"template":"","format":"standard","meta":{"_acf_changed":false,"footnotes":""},"categories":[22],"tags":[],"class_list":["post-82704","post","type-post","status-publish","format-standard","has-post-thumbnail","hentry","category-vesti"],"acf":[],"yoast_head":"<!-- This site is optimized with the Yoast SEO Premium plugin v27.5 (Yoast SEO v27.5) - https:\/\/yoast.com\/product\/yoast-seo-premium-wordpress\/ -->\n<title>PRINCEZA ZA POLITIKU:\u201c SAMO UJEDINJENI SMO DOVOLJNO JAKI DA PRU\u017dIMO PODR\u0160KU I UTEHU\u201c - The Royal Family of Serbia<\/title>\n<meta name=\"robots\" content=\"index, follow, max-snippet:-1, max-image-preview:large, max-video-preview:-1\" \/>\n<link rel=\"canonical\" href=\"https:\/\/royalfamily.org\/lat\/princeza-za-politiku-samo-ujedinjeni-smo-dovoljno-jaki-da-pruzimo-podrsku-i-utehu\/\" \/>\n<meta property=\"og:locale\" content=\"en_US\" \/>\n<meta property=\"og:type\" content=\"article\" \/>\n<meta property=\"og:title\" content=\"PRINCEZA ZA POLITIKU:\u201c SAMO UJEDINJENI SMO DOVOLJNO JAKI DA PRU\u017dIMO PODR\u0160KU I UTEHU\u201c\" \/>\n<meta property=\"og:url\" content=\"https:\/\/royalfamily.org\/lat\/princeza-za-politiku-samo-ujedinjeni-smo-dovoljno-jaki-da-pruzimo-podrsku-i-utehu\/\" \/>\n<meta property=\"og:site_name\" content=\"The Royal Family of Serbia\" \/>\n<meta property=\"article:publisher\" content=\"https:\/\/www.facebook.com\/Prestolonaslednik.Aleksandar\" \/>\n<meta property=\"article:published_time\" content=\"2022-06-07T09:51:10+00:00\" \/>\n<meta property=\"og:image\" content=\"https:\/\/royalfamily.org\/wp-content\/uploads\/2022\/06\/PA-Politika-COVER.jpg\" \/>\n\t<meta property=\"og:image:width\" content=\"740\" \/>\n\t<meta property=\"og:image:height\" content=\"360\" \/>\n\t<meta property=\"og:image:type\" content=\"image\/jpeg\" \/>\n<meta name=\"author\" content=\"Stefan Milanovic\" \/>\n<meta name=\"twitter:card\" content=\"summary_large_image\" \/>\n<meta name=\"twitter:label1\" content=\"Written by\" \/>\n\t<meta name=\"twitter:data1\" content=\"Stefan Milanovic\" \/>\n\t<meta name=\"twitter:label2\" content=\"Est. reading time\" \/>\n\t<meta name=\"twitter:data2\" content=\"15 minutes\" \/>\n<script type=\"application\/ld+json\" class=\"yoast-schema-graph\">{\"@context\":\"https:\\\/\\\/schema.org\",\"@graph\":[{\"@type\":\"Article\",\"@id\":\"https:\\\/\\\/royalfamily.org\\\/lat\\\/princeza-za-politiku-samo-ujedinjeni-smo-dovoljno-jaki-da-pruzimo-podrsku-i-utehu\\\/#article\",\"isPartOf\":{\"@id\":\"https:\\\/\\\/royalfamily.org\\\/lat\\\/princeza-za-politiku-samo-ujedinjeni-smo-dovoljno-jaki-da-pruzimo-podrsku-i-utehu\\\/\"},\"author\":{\"name\":\"Stefan Milanovic\",\"@id\":\"https:\\\/\\\/royalfamily.org\\\/#\\\/schema\\\/person\\\/4ad3296a6a8a35eed333b6a785e9f648\"},\"headline\":\"PRINCEZA ZA POLITIKU:\u201c SAMO UJEDINJENI SMO DOVOLJNO JAKI DA PRU\u017dIMO PODR\u0160KU I UTEHU\u201c\",\"datePublished\":\"2022-06-07T09:51:10+00:00\",\"mainEntityOfPage\":{\"@id\":\"https:\\\/\\\/royalfamily.org\\\/lat\\\/princeza-za-politiku-samo-ujedinjeni-smo-dovoljno-jaki-da-pruzimo-podrsku-i-utehu\\\/\"},\"wordCount\":3126,\"publisher\":{\"@id\":\"https:\\\/\\\/royalfamily.org\\\/#organization\"},\"image\":{\"@id\":\"https:\\\/\\\/royalfamily.org\\\/lat\\\/princeza-za-politiku-samo-ujedinjeni-smo-dovoljno-jaki-da-pruzimo-podrsku-i-utehu\\\/#primaryimage\"},\"thumbnailUrl\":\"https:\\\/\\\/royalfamily.org\\\/wp-content\\\/uploads\\\/2022\\\/06\\\/PA-Politika-COVER.jpg\",\"articleSection\":[\"Vesti\"],\"inLanguage\":\"sr-LT\"},{\"@type\":\"WebPage\",\"@id\":\"https:\\\/\\\/royalfamily.org\\\/lat\\\/princeza-za-politiku-samo-ujedinjeni-smo-dovoljno-jaki-da-pruzimo-podrsku-i-utehu\\\/\",\"url\":\"https:\\\/\\\/royalfamily.org\\\/lat\\\/princeza-za-politiku-samo-ujedinjeni-smo-dovoljno-jaki-da-pruzimo-podrsku-i-utehu\\\/\",\"name\":\"PRINCEZA ZA POLITIKU:\u201c SAMO UJEDINJENI SMO DOVOLJNO JAKI DA PRU\u017dIMO PODR\u0160KU I UTEHU\u201c - The Royal Family of Serbia\",\"isPartOf\":{\"@id\":\"https:\\\/\\\/royalfamily.org\\\/#website\"},\"primaryImageOfPage\":{\"@id\":\"https:\\\/\\\/royalfamily.org\\\/lat\\\/princeza-za-politiku-samo-ujedinjeni-smo-dovoljno-jaki-da-pruzimo-podrsku-i-utehu\\\/#primaryimage\"},\"image\":{\"@id\":\"https:\\\/\\\/royalfamily.org\\\/lat\\\/princeza-za-politiku-samo-ujedinjeni-smo-dovoljno-jaki-da-pruzimo-podrsku-i-utehu\\\/#primaryimage\"},\"thumbnailUrl\":\"https:\\\/\\\/royalfamily.org\\\/wp-content\\\/uploads\\\/2022\\\/06\\\/PA-Politika-COVER.jpg\",\"datePublished\":\"2022-06-07T09:51:10+00:00\",\"breadcrumb\":{\"@id\":\"https:\\\/\\\/royalfamily.org\\\/lat\\\/princeza-za-politiku-samo-ujedinjeni-smo-dovoljno-jaki-da-pruzimo-podrsku-i-utehu\\\/#breadcrumb\"},\"inLanguage\":\"sr-LT\",\"potentialAction\":[{\"@type\":\"ReadAction\",\"target\":[\"https:\\\/\\\/royalfamily.org\\\/lat\\\/princeza-za-politiku-samo-ujedinjeni-smo-dovoljno-jaki-da-pruzimo-podrsku-i-utehu\\\/\"]}]},{\"@type\":\"ImageObject\",\"inLanguage\":\"sr-LT\",\"@id\":\"https:\\\/\\\/royalfamily.org\\\/lat\\\/princeza-za-politiku-samo-ujedinjeni-smo-dovoljno-jaki-da-pruzimo-podrsku-i-utehu\\\/#primaryimage\",\"url\":\"https:\\\/\\\/royalfamily.org\\\/wp-content\\\/uploads\\\/2022\\\/06\\\/PA-Politika-COVER.jpg\",\"contentUrl\":\"https:\\\/\\\/royalfamily.org\\\/wp-content\\\/uploads\\\/2022\\\/06\\\/PA-Politika-COVER.jpg\",\"width\":740,\"height\":360,\"caption\":\"PRINCEZA ZA POLITIKU:\u201c SAMO UJEDINJENI SMO DOVOLJNO JAKI DA PRU\u017dIMO PODR\u0160KU I UTEHU\u201c\"},{\"@type\":\"BreadcrumbList\",\"@id\":\"https:\\\/\\\/royalfamily.org\\\/lat\\\/princeza-za-politiku-samo-ujedinjeni-smo-dovoljno-jaki-da-pruzimo-podrsku-i-utehu\\\/#breadcrumb\",\"itemListElement\":[{\"@type\":\"ListItem\",\"position\":1,\"name\":\"Home\",\"item\":\"https:\\\/\\\/royalfamily.org\\\/lat\\\/\"},{\"@type\":\"ListItem\",\"position\":2,\"name\":\"PRINCEZA ZA POLITIKU:\u201c SAMO UJEDINJENI SMO DOVOLJNO JAKI DA PRU\u017dIMO PODR\u0160KU I UTEHU\u201c\"}]},{\"@type\":\"WebSite\",\"@id\":\"https:\\\/\\\/royalfamily.org\\\/#website\",\"url\":\"https:\\\/\\\/royalfamily.org\\\/\",\"name\":\"The Royal Family of Serbia\",\"description\":\"From the people, for the people\",\"publisher\":{\"@id\":\"https:\\\/\\\/royalfamily.org\\\/#organization\"},\"potentialAction\":[{\"@type\":\"SearchAction\",\"target\":{\"@type\":\"EntryPoint\",\"urlTemplate\":\"https:\\\/\\\/royalfamily.org\\\/?s={search_term_string}\"},\"query-input\":{\"@type\":\"PropertyValueSpecification\",\"valueRequired\":true,\"valueName\":\"search_term_string\"}}],\"inLanguage\":\"sr-LT\"},{\"@type\":\"Organization\",\"@id\":\"https:\\\/\\\/royalfamily.org\\\/#organization\",\"name\":\"Royal Family\",\"url\":\"https:\\\/\\\/royalfamily.org\\\/\",\"logo\":{\"@type\":\"ImageObject\",\"inLanguage\":\"sr-LT\",\"@id\":\"https:\\\/\\\/royalfamily.org\\\/#\\\/schema\\\/logo\\\/image\\\/\",\"url\":\"https:\\\/\\\/royalfamily.org\\\/wp-content\\\/uploads\\\/2019\\\/04\\\/logo-vector-02-V-latinica.png\",\"contentUrl\":\"https:\\\/\\\/royalfamily.org\\\/wp-content\\\/uploads\\\/2019\\\/04\\\/logo-vector-02-V-latinica.png\",\"width\":552,\"height\":99,\"caption\":\"Royal Family\"},\"image\":{\"@id\":\"https:\\\/\\\/royalfamily.org\\\/#\\\/schema\\\/logo\\\/image\\\/\"},\"sameAs\":[\"https:\\\/\\\/www.facebook.com\\\/Prestolonaslednik.Aleksandar\"]},{\"@type\":\"Person\",\"@id\":\"https:\\\/\\\/royalfamily.org\\\/#\\\/schema\\\/person\\\/4ad3296a6a8a35eed333b6a785e9f648\",\"name\":\"Stefan Milanovic\",\"image\":{\"@type\":\"ImageObject\",\"inLanguage\":\"sr-LT\",\"@id\":\"https:\\\/\\\/secure.gravatar.com\\\/avatar\\\/92dcbdcf3e32112a9ceb1e41665b1f44c69382d014cacfe12c701f6af7c40259?s=96&d=mm&r=g\",\"url\":\"https:\\\/\\\/secure.gravatar.com\\\/avatar\\\/92dcbdcf3e32112a9ceb1e41665b1f44c69382d014cacfe12c701f6af7c40259?s=96&d=mm&r=g\",\"contentUrl\":\"https:\\\/\\\/secure.gravatar.com\\\/avatar\\\/92dcbdcf3e32112a9ceb1e41665b1f44c69382d014cacfe12c701f6af7c40259?s=96&d=mm&r=g\",\"caption\":\"Stefan Milanovic\"}}]}<\/script>\n<!-- \/ Yoast SEO Premium plugin. -->","yoast_head_json":{"title":"PRINCEZA ZA POLITIKU:\u201c SAMO UJEDINJENI SMO DOVOLJNO JAKI DA PRU\u017dIMO PODR\u0160KU I UTEHU\u201c - The Royal Family of Serbia","robots":{"index":"index","follow":"follow","max-snippet":"max-snippet:-1","max-image-preview":"max-image-preview:large","max-video-preview":"max-video-preview:-1"},"canonical":"https:\/\/royalfamily.org\/lat\/princeza-za-politiku-samo-ujedinjeni-smo-dovoljno-jaki-da-pruzimo-podrsku-i-utehu\/","og_locale":"en_US","og_type":"article","og_title":"PRINCEZA ZA POLITIKU:\u201c SAMO UJEDINJENI SMO DOVOLJNO JAKI DA PRU\u017dIMO PODR\u0160KU I UTEHU\u201c","og_url":"https:\/\/royalfamily.org\/lat\/princeza-za-politiku-samo-ujedinjeni-smo-dovoljno-jaki-da-pruzimo-podrsku-i-utehu\/","og_site_name":"The Royal Family of Serbia","article_publisher":"https:\/\/www.facebook.com\/Prestolonaslednik.Aleksandar","article_published_time":"2022-06-07T09:51:10+00:00","og_image":[{"width":740,"height":360,"url":"https:\/\/royalfamily.org\/wp-content\/uploads\/2022\/06\/PA-Politika-COVER.jpg","type":"image\/jpeg"}],"author":"Stefan Milanovic","twitter_card":"summary_large_image","twitter_misc":{"Written by":"Stefan Milanovic","Est. reading time":"15 minutes"},"schema":{"@context":"https:\/\/schema.org","@graph":[{"@type":"Article","@id":"https:\/\/royalfamily.org\/lat\/princeza-za-politiku-samo-ujedinjeni-smo-dovoljno-jaki-da-pruzimo-podrsku-i-utehu\/#article","isPartOf":{"@id":"https:\/\/royalfamily.org\/lat\/princeza-za-politiku-samo-ujedinjeni-smo-dovoljno-jaki-da-pruzimo-podrsku-i-utehu\/"},"author":{"name":"Stefan Milanovic","@id":"https:\/\/royalfamily.org\/#\/schema\/person\/4ad3296a6a8a35eed333b6a785e9f648"},"headline":"PRINCEZA ZA POLITIKU:\u201c SAMO UJEDINJENI SMO DOVOLJNO JAKI DA PRU\u017dIMO PODR\u0160KU I UTEHU\u201c","datePublished":"2022-06-07T09:51:10+00:00","mainEntityOfPage":{"@id":"https:\/\/royalfamily.org\/lat\/princeza-za-politiku-samo-ujedinjeni-smo-dovoljno-jaki-da-pruzimo-podrsku-i-utehu\/"},"wordCount":3126,"publisher":{"@id":"https:\/\/royalfamily.org\/#organization"},"image":{"@id":"https:\/\/royalfamily.org\/lat\/princeza-za-politiku-samo-ujedinjeni-smo-dovoljno-jaki-da-pruzimo-podrsku-i-utehu\/#primaryimage"},"thumbnailUrl":"https:\/\/royalfamily.org\/wp-content\/uploads\/2022\/06\/PA-Politika-COVER.jpg","articleSection":["Vesti"],"inLanguage":"sr-LT"},{"@type":"WebPage","@id":"https:\/\/royalfamily.org\/lat\/princeza-za-politiku-samo-ujedinjeni-smo-dovoljno-jaki-da-pruzimo-podrsku-i-utehu\/","url":"https:\/\/royalfamily.org\/lat\/princeza-za-politiku-samo-ujedinjeni-smo-dovoljno-jaki-da-pruzimo-podrsku-i-utehu\/","name":"PRINCEZA ZA POLITIKU:\u201c SAMO UJEDINJENI SMO DOVOLJNO JAKI DA PRU\u017dIMO PODR\u0160KU I UTEHU\u201c - The Royal Family of Serbia","isPartOf":{"@id":"https:\/\/royalfamily.org\/#website"},"primaryImageOfPage":{"@id":"https:\/\/royalfamily.org\/lat\/princeza-za-politiku-samo-ujedinjeni-smo-dovoljno-jaki-da-pruzimo-podrsku-i-utehu\/#primaryimage"},"image":{"@id":"https:\/\/royalfamily.org\/lat\/princeza-za-politiku-samo-ujedinjeni-smo-dovoljno-jaki-da-pruzimo-podrsku-i-utehu\/#primaryimage"},"thumbnailUrl":"https:\/\/royalfamily.org\/wp-content\/uploads\/2022\/06\/PA-Politika-COVER.jpg","datePublished":"2022-06-07T09:51:10+00:00","breadcrumb":{"@id":"https:\/\/royalfamily.org\/lat\/princeza-za-politiku-samo-ujedinjeni-smo-dovoljno-jaki-da-pruzimo-podrsku-i-utehu\/#breadcrumb"},"inLanguage":"sr-LT","potentialAction":[{"@type":"ReadAction","target":["https:\/\/royalfamily.org\/lat\/princeza-za-politiku-samo-ujedinjeni-smo-dovoljno-jaki-da-pruzimo-podrsku-i-utehu\/"]}]},{"@type":"ImageObject","inLanguage":"sr-LT","@id":"https:\/\/royalfamily.org\/lat\/princeza-za-politiku-samo-ujedinjeni-smo-dovoljno-jaki-da-pruzimo-podrsku-i-utehu\/#primaryimage","url":"https:\/\/royalfamily.org\/wp-content\/uploads\/2022\/06\/PA-Politika-COVER.jpg","contentUrl":"https:\/\/royalfamily.org\/wp-content\/uploads\/2022\/06\/PA-Politika-COVER.jpg","width":740,"height":360,"caption":"PRINCEZA ZA POLITIKU:\u201c SAMO UJEDINJENI SMO DOVOLJNO JAKI DA PRU\u017dIMO PODR\u0160KU I UTEHU\u201c"},{"@type":"BreadcrumbList","@id":"https:\/\/royalfamily.org\/lat\/princeza-za-politiku-samo-ujedinjeni-smo-dovoljno-jaki-da-pruzimo-podrsku-i-utehu\/#breadcrumb","itemListElement":[{"@type":"ListItem","position":1,"name":"Home","item":"https:\/\/royalfamily.org\/lat\/"},{"@type":"ListItem","position":2,"name":"PRINCEZA ZA POLITIKU:\u201c SAMO UJEDINJENI SMO DOVOLJNO JAKI DA PRU\u017dIMO PODR\u0160KU I UTEHU\u201c"}]},{"@type":"WebSite","@id":"https:\/\/royalfamily.org\/#website","url":"https:\/\/royalfamily.org\/","name":"The Royal Family of Serbia","description":"From the people, for the people","publisher":{"@id":"https:\/\/royalfamily.org\/#organization"},"potentialAction":[{"@type":"SearchAction","target":{"@type":"EntryPoint","urlTemplate":"https:\/\/royalfamily.org\/?s={search_term_string}"},"query-input":{"@type":"PropertyValueSpecification","valueRequired":true,"valueName":"search_term_string"}}],"inLanguage":"sr-LT"},{"@type":"Organization","@id":"https:\/\/royalfamily.org\/#organization","name":"Royal Family","url":"https:\/\/royalfamily.org\/","logo":{"@type":"ImageObject","inLanguage":"sr-LT","@id":"https:\/\/royalfamily.org\/#\/schema\/logo\/image\/","url":"https:\/\/royalfamily.org\/wp-content\/uploads\/2019\/04\/logo-vector-02-V-latinica.png","contentUrl":"https:\/\/royalfamily.org\/wp-content\/uploads\/2019\/04\/logo-vector-02-V-latinica.png","width":552,"height":99,"caption":"Royal Family"},"image":{"@id":"https:\/\/royalfamily.org\/#\/schema\/logo\/image\/"},"sameAs":["https:\/\/www.facebook.com\/Prestolonaslednik.Aleksandar"]},{"@type":"Person","@id":"https:\/\/royalfamily.org\/#\/schema\/person\/4ad3296a6a8a35eed333b6a785e9f648","name":"Stefan Milanovic","image":{"@type":"ImageObject","inLanguage":"sr-LT","@id":"https:\/\/secure.gravatar.com\/avatar\/92dcbdcf3e32112a9ceb1e41665b1f44c69382d014cacfe12c701f6af7c40259?s=96&d=mm&r=g","url":"https:\/\/secure.gravatar.com\/avatar\/92dcbdcf3e32112a9ceb1e41665b1f44c69382d014cacfe12c701f6af7c40259?s=96&d=mm&r=g","contentUrl":"https:\/\/secure.gravatar.com\/avatar\/92dcbdcf3e32112a9ceb1e41665b1f44c69382d014cacfe12c701f6af7c40259?s=96&d=mm&r=g","caption":"Stefan Milanovic"}}]}},"_links":{"self":[{"href":"https:\/\/royalfamily.org\/lat\/wp-json\/wp\/v2\/posts\/82704","targetHints":{"allow":["GET"]}}],"collection":[{"href":"https:\/\/royalfamily.org\/lat\/wp-json\/wp\/v2\/posts"}],"about":[{"href":"https:\/\/royalfamily.org\/lat\/wp-json\/wp\/v2\/types\/post"}],"author":[{"embeddable":true,"href":"https:\/\/royalfamily.org\/lat\/wp-json\/wp\/v2\/users\/1001015"}],"replies":[{"embeddable":true,"href":"https:\/\/royalfamily.org\/lat\/wp-json\/wp\/v2\/comments?post=82704"}],"version-history":[{"count":2,"href":"https:\/\/royalfamily.org\/lat\/wp-json\/wp\/v2\/posts\/82704\/revisions"}],"predecessor-version":[{"id":82706,"href":"https:\/\/royalfamily.org\/lat\/wp-json\/wp\/v2\/posts\/82704\/revisions\/82706"}],"wp:featuredmedia":[{"embeddable":true,"href":"https:\/\/royalfamily.org\/lat\/wp-json\/wp\/v2\/media\/82700"}],"wp:attachment":[{"href":"https:\/\/royalfamily.org\/lat\/wp-json\/wp\/v2\/media?parent=82704"}],"wp:term":[{"taxonomy":"category","embeddable":true,"href":"https:\/\/royalfamily.org\/lat\/wp-json\/wp\/v2\/categories?post=82704"},{"taxonomy":"post_tag","embeddable":true,"href":"https:\/\/royalfamily.org\/lat\/wp-json\/wp\/v2\/tags?post=82704"}],"curies":[{"name":"wp","href":"https:\/\/api.w.org\/{rel}","templated":true}]}}