{"id":82823,"date":"2022-06-08T20:59:50","date_gmt":"2022-06-08T18:59:50","guid":{"rendered":"https:\/\/royalfamily.org\/?p=82823"},"modified":"2022-06-08T21:00:53","modified_gmt":"2022-06-08T19:00:53","slug":"100-godisnjica-vencanja-kralja-aleksandra-kraljice-marije","status":"publish","type":"post","link":"https:\/\/royalfamily.org\/lat\/100-godisnjica-vencanja-kralja-aleksandra-kraljice-marije\/","title":{"rendered":"100. GODI\u0160NJICA VEN\u010cANJA \u041aRALJA ALE\u041aSANDRA I \u041aRALJICE MARIJE"},"content":{"rendered":"<p><div class=\"fusion-fullwidth fullwidth-box fusion-builder-row-1 fusion-flex-container nonhundred-percent-fullwidth non-hundred-percent-height-scrolling\" style=\"--awb-border-radius-top-left:0px;--awb-border-radius-top-right:0px;--awb-border-radius-bottom-right:0px;--awb-border-radius-bottom-left:0px;--awb-flex-wrap:wrap;\" ><div class=\"fusion-builder-row fusion-row fusion-flex-align-items-flex-start fusion-flex-content-wrap\" style=\"max-width:1227.2px;margin-left: calc(-4% \/ 2 );margin-right: calc(-4% \/ 2 );\"><div class=\"fusion-layout-column fusion_builder_column fusion-builder-column-0 fusion_builder_column_1_1 1_1 fusion-flex-column\" style=\"--awb-bg-size:cover;--awb-width-large:100%;--awb-margin-top-large:0px;--awb-spacing-right-large:1.92%;--awb-margin-bottom-large:20px;--awb-spacing-left-large:1.92%;--awb-width-medium:100%;--awb-order-medium:0;--awb-spacing-right-medium:1.92%;--awb-spacing-left-medium:1.92%;--awb-width-small:100%;--awb-order-small:0;--awb-spacing-right-small:1.92%;--awb-spacing-left-small:1.92%;\"><div class=\"fusion-column-wrapper fusion-column-has-shadow fusion-flex-justify-content-flex-start fusion-content-layout-column\"><div class=\"fusion-text fusion-text-1\"><p>Na dan kada obele\u017eavamo stogodi\u0161njicu od ven\u010danja \u041aralja Aleksandra I i \u041araljice Marije, NJ.\u041a.V. Prestolonaslednik Aleksandar i Princeza \u041aatarina otvorili su danas izlo\u017ebu u \u041au\u0107i \u041aralja Petra I na Oplencu, posve\u0107enu se\u0107anju na veli\u010danstven doga\u0111aj koji se dogodio pre 100 godina.<\/p>\n<p>Izlo\u017ebu je priredila Zadu\u017ebina \u041aralja Petra Prvog, a otvaranju su prisustvovali NJ.E. gospo\u0111a Silvija Davidoiu, ambasadorka Rumunije u Srbiji, g. Dragomir Acovi\u0107, \u010dlan \u041arunskog ve\u0107a, \u010dlanovi Udru\u017eenja \u041araljevina Srbija i drugi gosti. Posetioci su bili u prilici da vide zanimljive eksponate uklju\u010duju\u0107i repliku ven\u010danice \u041araljice Marije.<\/p>\n<p>\u201eDanas smo ovde da se setimo da postoje velike ljubavi. Jedna takva ve\u010dna ljubav je otpo\u010dela na dana\u0161nji dan pre 100 godina, ven\u010danjem mojih deke i bake, \u041aralja Aleksandra I i \u041araljice Marije. Njihov brak je mo\u017eda zapo\u010deo kao dr\u017eavni projekat, \u0161to je u tom vremenu bilo prili\u010dno \u010desto za mnoge evropske kraljeve, ali pokaza\u0107e se da je on je bio mnogo vi\u0161e od toga. Treba napomenuti da je njihova bra\u010dna zajednica donela mnogo dobrog za na\u0161u zemlju i region. Njihov brak je postao jedan od najja\u010dih mostova izme\u0111u dve zemlje i simbol iskrenog prijateljstva izme\u0111u naroda \u041araljevine Jugoslavije i \u041araljevine Rumunije.<\/p>\n<p>Mnogi ljudi iz tog vremena govorili su da je to tako\u0111e bila i ljubav na prvi pogled, od trenutka kada su se moji baba i deda upoznali. Ljubav koja je prerasla granice dr\u017eavnog interesa. Ljubav koja je krunisana uzajamnim po\u0161tovanjem, uva\u017eavanjem i pa\u017enjom, i naravno, sa njihova tri sina. Ta vrsta ljubavi je ne\u0161to \u0161to bi trebalo da bude ideal svakoj osobi na svetu, kao \u0161to je i u to vreme bila uzor svakom kraljevskom paru. Dragi bako i deko, \u010dast mi je \u0161to sam va\u0161 unuk.\u201d, rekao je NJ.\u041a.V. Prestolonaslednik Aleksandar.<\/p>\n<p>Ven\u010danje \u041aralja Aleksandra I i \u041araljice Marije bilo je prvi veliki doga\u0111aj te vrste u Evropi posle Prvog svetskog rata i izazvalo je veliko interesovanje. Prisustvovalo mu je vi\u0161e od 20.000 ljudi, kao i mnogobrojne zvani\u010dne delegacije iz celog sveta. Ceremonijal &#8211; majstor je bio legendarni srpski pisac Branislav Nu\u0161i\u0107.<\/p>\n<p>Rumunska princeza Marija, k\u0107erka rumunskog \u041aralja Ferdinanda, bila je jedna od najlep\u0161ih i najobrazovanijih princeza Evrope tog vremena. Marijina baka po majci bila je sestra ruskog Cara Aleksandra III, a njen deda po majci bio je drugi sin britanske \u041araljice Viktorije.<\/p>\n<p>Mlada \u041araljica je posle ven\u010danja sa balkona Starog Dvora okupljenom narodu na srpskom jeziku rekla: \u201eJa vam od srca blagodarim!\u201c To su bile prve re\u010di koje je izgovorila ljudima \u010dije \u0107e op\u0161te divljenje i ljubav uskoro zaslu\u017eiti.<\/p>\n<\/div><\/div><\/div><\/div><\/div><div class=\"fusion-fullwidth fullwidth-box fusion-builder-row-2 fusion-flex-container nonhundred-percent-fullwidth non-hundred-percent-height-scrolling\" style=\"--awb-border-radius-top-left:0px;--awb-border-radius-top-right:0px;--awb-border-radius-bottom-right:0px;--awb-border-radius-bottom-left:0px;--awb-flex-wrap:wrap;\" ><div class=\"fusion-builder-row fusion-row fusion-flex-align-items-flex-start fusion-flex-content-wrap\" style=\"max-width:1227.2px;margin-left: calc(-4% \/ 2 );margin-right: calc(-4% \/ 2 );\"><div class=\"fusion-layout-column fusion_builder_column fusion-builder-column-1 fusion_builder_column_1_1 1_1 fusion-flex-column\" style=\"--awb-bg-size:cover;--awb-width-large:100%;--awb-margin-top-large:0px;--awb-spacing-right-large:1.92%;--awb-margin-bottom-large:20px;--awb-spacing-left-large:1.92%;--awb-width-medium:100%;--awb-order-medium:0;--awb-spacing-right-medium:1.92%;--awb-spacing-left-medium:1.92%;--awb-width-small:100%;--awb-order-small:0;--awb-spacing-right-small:1.92%;--awb-spacing-left-small:1.92%;\"><div class=\"fusion-column-wrapper fusion-column-has-shadow fusion-flex-justify-content-flex-start fusion-content-layout-column\"><div class=\"awb-gallery-wrapper awb-gallery-wrapper-1 button-span-no\" data-limit=\"20\" data-page=\"1\"><div style=\"margin:-5px;--awb-bordersize:0px;\" class=\"fusion-gallery fusion-gallery-container fusion-grid-3 fusion-columns-total-4 fusion-gallery-layout-grid fusion-gallery-1\"><div style=\"padding:5px;\" class=\"fusion-grid-column fusion-gallery-column fusion-gallery-column-3 hover-type-none\"><div class=\"fusion-gallery-image\"><a href=\"https:\/\/royalfamily.org\/wp-content\/uploads\/2022\/06\/1-8F2A6625m.jpg\" data-caption=\"NJ.\u041a.V. Prestolonaslednik Aleksandar i Princeza \u041aatarina sa NJ.E. g\u0111om Silvijom Davidoiu, ambasadorkom Rumunije u Srbiji\" rel=\"noreferrer\" data-rel=\"iLightbox[gallery_image_1]\" class=\"fusion-lightbox\" target=\"_self\"><img decoding=\"async\" src=\"https:\/\/royalfamily.org\/wp-content\/uploads\/2022\/06\/1-8F2A6625m.jpg\" width=\"1772\" height=\"1181\" alt=\"NJ.\u041a.V. Prestolonaslednik Aleksandar i Princeza \u041aatarina sa NJ.E. g\u0111om Silvijom Davidoiu, ambasadorkom Rumunije u Srbiji\" title=\"NJ.\u041a.V. Prestolonaslednik Aleksandar i Princeza \u041aatarina sa NJ.E. g\u0111om Silvijom Davidoiu, ambasadorkom Rumunije u Srbiji\" aria-label=\"NJ.\u041a.V. Prestolonaslednik Aleksandar i Princeza \u041aatarina sa NJ.E. g\u0111om Silvijom Davidoiu, ambasadorkom Rumunije u Srbiji\" class=\"img-responsive wp-image-82808\" srcset=\"https:\/\/royalfamily.org\/wp-content\/uploads\/2022\/06\/1-8F2A6625m-200x133.jpg 200w, https:\/\/royalfamily.org\/wp-content\/uploads\/2022\/06\/1-8F2A6625m-400x267.jpg 400w, https:\/\/royalfamily.org\/wp-content\/uploads\/2022\/06\/1-8F2A6625m-600x400.jpg 600w, https:\/\/royalfamily.org\/wp-content\/uploads\/2022\/06\/1-8F2A6625m-800x533.jpg 800w, https:\/\/royalfamily.org\/wp-content\/uploads\/2022\/06\/1-8F2A6625m-1200x800.jpg 1200w, https:\/\/royalfamily.org\/wp-content\/uploads\/2022\/06\/1-8F2A6625m.jpg 1772w\" sizes=\"(min-width: 2200px) 100vw, (min-width: 824px) 390px, (min-width: 732px) 585px, (min-width: 640px) 732px, \" \/><\/a><\/div><\/div><div style=\"padding:5px;\" class=\"fusion-grid-column fusion-gallery-column fusion-gallery-column-3 hover-type-none\"><div class=\"fusion-gallery-image\"><a href=\"https:\/\/royalfamily.org\/wp-content\/uploads\/2022\/06\/2-8F2A6594m.jpg\" data-caption=\"Otvaranje izlo\u017ebe posve\u0107ene 100. godi\u0161njici ven\u010danja \u041aralja Aleksandra i \u041araljice Marije\" rel=\"noreferrer\" data-rel=\"iLightbox[gallery_image_1]\" class=\"fusion-lightbox\" target=\"_self\"><img decoding=\"async\" src=\"https:\/\/royalfamily.org\/wp-content\/uploads\/2022\/06\/2-8F2A6594m.jpg\" width=\"1772\" height=\"1269\" alt=\"Otvaranje izlo\u017ebe posve\u0107ene 100. godi\u0161njici ven\u010danja \u041aralja Aleksandra i \u041araljice Marije\" title=\"Otvaranje izlo\u017ebe posve\u0107ene 100. godi\u0161njici ven\u010danja \u041aralja Aleksandra i \u041araljice Marije\" aria-label=\"Otvaranje izlo\u017ebe posve\u0107ene 100. godi\u0161njici ven\u010danja \u041aralja Aleksandra i \u041araljice Marije\" class=\"img-responsive wp-image-82811\" srcset=\"https:\/\/royalfamily.org\/wp-content\/uploads\/2022\/06\/2-8F2A6594m-200x143.jpg 200w, https:\/\/royalfamily.org\/wp-content\/uploads\/2022\/06\/2-8F2A6594m-400x286.jpg 400w, https:\/\/royalfamily.org\/wp-content\/uploads\/2022\/06\/2-8F2A6594m-600x430.jpg 600w, https:\/\/royalfamily.org\/wp-content\/uploads\/2022\/06\/2-8F2A6594m-800x573.jpg 800w, https:\/\/royalfamily.org\/wp-content\/uploads\/2022\/06\/2-8F2A6594m-1200x859.jpg 1200w, https:\/\/royalfamily.org\/wp-content\/uploads\/2022\/06\/2-8F2A6594m.jpg 1772w\" sizes=\"(min-width: 2200px) 100vw, (min-width: 824px) 390px, (min-width: 732px) 585px, (min-width: 640px) 732px, \" \/><\/a><\/div><\/div><div style=\"padding:5px;\" class=\"fusion-grid-column fusion-gallery-column fusion-gallery-column-3 hover-type-none\"><div class=\"fusion-gallery-image\"><a href=\"https:\/\/royalfamily.org\/wp-content\/uploads\/2022\/06\/3-8F2A6585m.jpg\" data-caption=\"NJ.\u041a.V. Prestolonaslednik Aleksandar i Princeza \u041aatarina, NJ.E. g\u0111a Silvija Davidoju, g-din Dragomir Acovi\u0107 i g-din Dragan Relji\u0107\" rel=\"noreferrer\" data-rel=\"iLightbox[gallery_image_1]\" class=\"fusion-lightbox\" target=\"_self\"><img decoding=\"async\" src=\"https:\/\/royalfamily.org\/wp-content\/uploads\/2022\/06\/3-8F2A6585m.jpg\" width=\"1772\" height=\"1181\" alt=\"NJ.\u041a.V. Prestolonaslednik Aleksandar i Princeza \u041aatarina, NJ.E. g\u0111a Silvija Davidoju, g-din Dragomir Acovi\u0107 i g-din Dragan Relji\u0107\" title=\"NJ.\u041a.V. Prestolonaslednik Aleksandar i Princeza \u041aatarina, NJ.E. g\u0111a Silvija Davidoju, g-din Dragomir Acovi\u0107 i g-din Dragan Relji\u0107\" aria-label=\"NJ.\u041a.V. Prestolonaslednik Aleksandar i Princeza \u041aatarina, NJ.E. g\u0111a Silvija Davidoju, g-din Dragomir Acovi\u0107 i g-din Dragan Relji\u0107\" class=\"img-responsive wp-image-82814\" srcset=\"https:\/\/royalfamily.org\/wp-content\/uploads\/2022\/06\/3-8F2A6585m-200x133.jpg 200w, https:\/\/royalfamily.org\/wp-content\/uploads\/2022\/06\/3-8F2A6585m-400x267.jpg 400w, https:\/\/royalfamily.org\/wp-content\/uploads\/2022\/06\/3-8F2A6585m-600x400.jpg 600w, https:\/\/royalfamily.org\/wp-content\/uploads\/2022\/06\/3-8F2A6585m-800x533.jpg 800w, https:\/\/royalfamily.org\/wp-content\/uploads\/2022\/06\/3-8F2A6585m-1200x800.jpg 1200w, https:\/\/royalfamily.org\/wp-content\/uploads\/2022\/06\/3-8F2A6585m.jpg 1772w\" sizes=\"(min-width: 2200px) 100vw, (min-width: 824px) 390px, (min-width: 732px) 585px, (min-width: 640px) 732px, \" \/><\/a><\/div><\/div><div class=\"clearfix\"><\/div><div style=\"padding:5px;\" class=\"fusion-grid-column fusion-gallery-column fusion-gallery-column-3 hover-type-none\"><div class=\"fusion-gallery-image\"><a href=\"https:\/\/royalfamily.org\/wp-content\/uploads\/2022\/06\/4-8F2A6641m.jpg\" data-caption=\"NJ.\u041a.V. Prestolonaslednik Aleksandar i Princeza \u041aatarina sa autorom replike ven\u010danice \u041araljice Marije\" rel=\"noreferrer\" data-rel=\"iLightbox[gallery_image_1]\" class=\"fusion-lightbox\" target=\"_self\"><img decoding=\"async\" src=\"https:\/\/royalfamily.org\/wp-content\/uploads\/2022\/06\/4-8F2A6641m.jpg\" width=\"1772\" height=\"1181\" alt=\"NJ.\u041a.V. Prestolonaslednik Aleksandar i Princeza \u041aatarina sa autorom replike ven\u010danice \u041araljice Marije\" title=\"NJ.\u041a.V. Prestolonaslednik Aleksandar i Princeza \u041aatarina sa autorom replike ven\u010danice \u041araljice Marije\" aria-label=\"NJ.\u041a.V. Prestolonaslednik Aleksandar i Princeza \u041aatarina sa autorom replike ven\u010danice \u041araljice Marije\" class=\"img-responsive wp-image-82817\" srcset=\"https:\/\/royalfamily.org\/wp-content\/uploads\/2022\/06\/4-8F2A6641m-200x133.jpg 200w, https:\/\/royalfamily.org\/wp-content\/uploads\/2022\/06\/4-8F2A6641m-400x267.jpg 400w, https:\/\/royalfamily.org\/wp-content\/uploads\/2022\/06\/4-8F2A6641m-600x400.jpg 600w, https:\/\/royalfamily.org\/wp-content\/uploads\/2022\/06\/4-8F2A6641m-800x533.jpg 800w, https:\/\/royalfamily.org\/wp-content\/uploads\/2022\/06\/4-8F2A6641m-1200x800.jpg 1200w, https:\/\/royalfamily.org\/wp-content\/uploads\/2022\/06\/4-8F2A6641m.jpg 1772w\" sizes=\"(min-width: 2200px) 100vw, (min-width: 824px) 390px, (min-width: 732px) 585px, (min-width: 640px) 732px, \" \/><\/a><\/div><\/div><\/div><\/div><\/div><\/div><\/div><\/div><\/p>\n","protected":false},"excerpt":{"rendered":"","protected":false},"author":1001015,"featured_media":82820,"comment_status":"closed","ping_status":"closed","sticky":false,"template":"","format":"standard","meta":{"_acf_changed":false,"footnotes":""},"categories":[22],"tags":[],"class_list":["post-82823","post","type-post","status-publish","format-standard","has-post-thumbnail","hentry","category-vesti"],"acf":[],"yoast_head":"<!-- This site is optimized with the Yoast SEO Premium plugin v27.4 (Yoast SEO v27.4) - https:\/\/yoast.com\/product\/yoast-seo-premium-wordpress\/ -->\n<title>100. GODI\u0160NJICA VEN\u010cANJA \u041aRALJA ALE\u041aSANDRA I \u041aRALJICE MARIJE - The Royal Family of Serbia<\/title>\n<meta name=\"robots\" content=\"index, follow, max-snippet:-1, max-image-preview:large, max-video-preview:-1\" \/>\n<link rel=\"canonical\" href=\"https:\/\/royalfamily.org\/lat\/100-godisnjica-vencanja-kralja-aleksandra-kraljice-marije\/\" \/>\n<meta property=\"og:locale\" content=\"en_US\" \/>\n<meta property=\"og:type\" content=\"article\" \/>\n<meta property=\"og:title\" content=\"100. GODI\u0160NJICA VEN\u010cANJA \u041aRALJA ALE\u041aSANDRA I \u041aRALJICE MARIJE\" \/>\n<meta property=\"og:url\" content=\"https:\/\/royalfamily.org\/lat\/100-godisnjica-vencanja-kralja-aleksandra-kraljice-marije\/\" \/>\n<meta property=\"og:site_name\" content=\"The Royal Family of Serbia\" \/>\n<meta property=\"article:publisher\" content=\"https:\/\/www.facebook.com\/Prestolonaslednik.Aleksandar\" \/>\n<meta property=\"article:published_time\" content=\"2022-06-08T18:59:50+00:00\" \/>\n<meta property=\"article:modified_time\" content=\"2022-06-08T19:00:53+00:00\" \/>\n<meta property=\"og:image\" content=\"https:\/\/royalfamily.org\/wp-content\/uploads\/2022\/06\/COVER-100god-vencanje.jpg\" \/>\n\t<meta property=\"og:image:width\" content=\"740\" \/>\n\t<meta property=\"og:image:height\" content=\"360\" \/>\n\t<meta property=\"og:image:type\" content=\"image\/jpeg\" \/>\n<meta name=\"author\" content=\"Stefan Milanovic\" \/>\n<meta name=\"twitter:card\" content=\"summary_large_image\" \/>\n<meta name=\"twitter:label1\" content=\"Written by\" \/>\n\t<meta name=\"twitter:data1\" content=\"Stefan Milanovic\" \/>\n\t<meta name=\"twitter:label2\" content=\"Est. reading time\" \/>\n\t<meta name=\"twitter:data2\" content=\"5 minutes\" \/>\n<script type=\"application\/ld+json\" class=\"yoast-schema-graph\">{\"@context\":\"https:\\\/\\\/schema.org\",\"@graph\":[{\"@type\":\"Article\",\"@id\":\"https:\\\/\\\/royalfamily.org\\\/lat\\\/100-godisnjica-vencanja-kralja-aleksandra-kraljice-marije\\\/#article\",\"isPartOf\":{\"@id\":\"https:\\\/\\\/royalfamily.org\\\/lat\\\/100-godisnjica-vencanja-kralja-aleksandra-kraljice-marije\\\/\"},\"author\":{\"name\":\"Stefan Milanovic\",\"@id\":\"https:\\\/\\\/royalfamily.org\\\/#\\\/schema\\\/person\\\/4ad3296a6a8a35eed333b6a785e9f648\"},\"headline\":\"100. GODI\u0160NJICA VEN\u010cANJA \u041aRALJA ALE\u041aSANDRA I \u041aRALJICE MARIJE\",\"datePublished\":\"2022-06-08T18:59:50+00:00\",\"dateModified\":\"2022-06-08T19:00:53+00:00\",\"mainEntityOfPage\":{\"@id\":\"https:\\\/\\\/royalfamily.org\\\/lat\\\/100-godisnjica-vencanja-kralja-aleksandra-kraljice-marije\\\/\"},\"wordCount\":1918,\"publisher\":{\"@id\":\"https:\\\/\\\/royalfamily.org\\\/#organization\"},\"image\":{\"@id\":\"https:\\\/\\\/royalfamily.org\\\/lat\\\/100-godisnjica-vencanja-kralja-aleksandra-kraljice-marije\\\/#primaryimage\"},\"thumbnailUrl\":\"https:\\\/\\\/royalfamily.org\\\/wp-content\\\/uploads\\\/2022\\\/06\\\/COVER-100god-vencanje.jpg\",\"articleSection\":[\"Vesti\"],\"inLanguage\":\"sr-LT\"},{\"@type\":\"WebPage\",\"@id\":\"https:\\\/\\\/royalfamily.org\\\/lat\\\/100-godisnjica-vencanja-kralja-aleksandra-kraljice-marije\\\/\",\"url\":\"https:\\\/\\\/royalfamily.org\\\/lat\\\/100-godisnjica-vencanja-kralja-aleksandra-kraljice-marije\\\/\",\"name\":\"100. GODI\u0160NJICA VEN\u010cANJA \u041aRALJA ALE\u041aSANDRA I \u041aRALJICE MARIJE - The Royal Family of Serbia\",\"isPartOf\":{\"@id\":\"https:\\\/\\\/royalfamily.org\\\/#website\"},\"primaryImageOfPage\":{\"@id\":\"https:\\\/\\\/royalfamily.org\\\/lat\\\/100-godisnjica-vencanja-kralja-aleksandra-kraljice-marije\\\/#primaryimage\"},\"image\":{\"@id\":\"https:\\\/\\\/royalfamily.org\\\/lat\\\/100-godisnjica-vencanja-kralja-aleksandra-kraljice-marije\\\/#primaryimage\"},\"thumbnailUrl\":\"https:\\\/\\\/royalfamily.org\\\/wp-content\\\/uploads\\\/2022\\\/06\\\/COVER-100god-vencanje.jpg\",\"datePublished\":\"2022-06-08T18:59:50+00:00\",\"dateModified\":\"2022-06-08T19:00:53+00:00\",\"breadcrumb\":{\"@id\":\"https:\\\/\\\/royalfamily.org\\\/lat\\\/100-godisnjica-vencanja-kralja-aleksandra-kraljice-marije\\\/#breadcrumb\"},\"inLanguage\":\"sr-LT\",\"potentialAction\":[{\"@type\":\"ReadAction\",\"target\":[\"https:\\\/\\\/royalfamily.org\\\/lat\\\/100-godisnjica-vencanja-kralja-aleksandra-kraljice-marije\\\/\"]}]},{\"@type\":\"ImageObject\",\"inLanguage\":\"sr-LT\",\"@id\":\"https:\\\/\\\/royalfamily.org\\\/lat\\\/100-godisnjica-vencanja-kralja-aleksandra-kraljice-marije\\\/#primaryimage\",\"url\":\"https:\\\/\\\/royalfamily.org\\\/wp-content\\\/uploads\\\/2022\\\/06\\\/COVER-100god-vencanje.jpg\",\"contentUrl\":\"https:\\\/\\\/royalfamily.org\\\/wp-content\\\/uploads\\\/2022\\\/06\\\/COVER-100god-vencanje.jpg\",\"width\":740,\"height\":360,\"caption\":\"100. GODI\u0160NJICA VEN\u010cANJA \u041aRALJA ALE\u041aSANDRA I \u041aRALJICE MARIJE\"},{\"@type\":\"BreadcrumbList\",\"@id\":\"https:\\\/\\\/royalfamily.org\\\/lat\\\/100-godisnjica-vencanja-kralja-aleksandra-kraljice-marije\\\/#breadcrumb\",\"itemListElement\":[{\"@type\":\"ListItem\",\"position\":1,\"name\":\"Home\",\"item\":\"https:\\\/\\\/royalfamily.org\\\/lat\\\/\"},{\"@type\":\"ListItem\",\"position\":2,\"name\":\"100. GODI\u0160NJICA VEN\u010cANJA \u041aRALJA ALE\u041aSANDRA I \u041aRALJICE MARIJE\"}]},{\"@type\":\"WebSite\",\"@id\":\"https:\\\/\\\/royalfamily.org\\\/#website\",\"url\":\"https:\\\/\\\/royalfamily.org\\\/\",\"name\":\"The Royal Family of Serbia\",\"description\":\"From the people, for the people\",\"publisher\":{\"@id\":\"https:\\\/\\\/royalfamily.org\\\/#organization\"},\"potentialAction\":[{\"@type\":\"SearchAction\",\"target\":{\"@type\":\"EntryPoint\",\"urlTemplate\":\"https:\\\/\\\/royalfamily.org\\\/?s={search_term_string}\"},\"query-input\":{\"@type\":\"PropertyValueSpecification\",\"valueRequired\":true,\"valueName\":\"search_term_string\"}}],\"inLanguage\":\"sr-LT\"},{\"@type\":\"Organization\",\"@id\":\"https:\\\/\\\/royalfamily.org\\\/#organization\",\"name\":\"Royal Family\",\"url\":\"https:\\\/\\\/royalfamily.org\\\/\",\"logo\":{\"@type\":\"ImageObject\",\"inLanguage\":\"sr-LT\",\"@id\":\"https:\\\/\\\/royalfamily.org\\\/#\\\/schema\\\/logo\\\/image\\\/\",\"url\":\"https:\\\/\\\/royalfamily.org\\\/wp-content\\\/uploads\\\/2019\\\/04\\\/logo-vector-02-V-latinica.png\",\"contentUrl\":\"https:\\\/\\\/royalfamily.org\\\/wp-content\\\/uploads\\\/2019\\\/04\\\/logo-vector-02-V-latinica.png\",\"width\":552,\"height\":99,\"caption\":\"Royal Family\"},\"image\":{\"@id\":\"https:\\\/\\\/royalfamily.org\\\/#\\\/schema\\\/logo\\\/image\\\/\"},\"sameAs\":[\"https:\\\/\\\/www.facebook.com\\\/Prestolonaslednik.Aleksandar\"]},{\"@type\":\"Person\",\"@id\":\"https:\\\/\\\/royalfamily.org\\\/#\\\/schema\\\/person\\\/4ad3296a6a8a35eed333b6a785e9f648\",\"name\":\"Stefan Milanovic\",\"image\":{\"@type\":\"ImageObject\",\"inLanguage\":\"sr-LT\",\"@id\":\"https:\\\/\\\/secure.gravatar.com\\\/avatar\\\/92dcbdcf3e32112a9ceb1e41665b1f44c69382d014cacfe12c701f6af7c40259?s=96&d=mm&r=g\",\"url\":\"https:\\\/\\\/secure.gravatar.com\\\/avatar\\\/92dcbdcf3e32112a9ceb1e41665b1f44c69382d014cacfe12c701f6af7c40259?s=96&d=mm&r=g\",\"contentUrl\":\"https:\\\/\\\/secure.gravatar.com\\\/avatar\\\/92dcbdcf3e32112a9ceb1e41665b1f44c69382d014cacfe12c701f6af7c40259?s=96&d=mm&r=g\",\"caption\":\"Stefan Milanovic\"}}]}<\/script>\n<!-- \/ Yoast SEO Premium plugin. -->","yoast_head_json":{"title":"100. GODI\u0160NJICA VEN\u010cANJA \u041aRALJA ALE\u041aSANDRA I \u041aRALJICE MARIJE - The Royal Family of Serbia","robots":{"index":"index","follow":"follow","max-snippet":"max-snippet:-1","max-image-preview":"max-image-preview:large","max-video-preview":"max-video-preview:-1"},"canonical":"https:\/\/royalfamily.org\/lat\/100-godisnjica-vencanja-kralja-aleksandra-kraljice-marije\/","og_locale":"en_US","og_type":"article","og_title":"100. GODI\u0160NJICA VEN\u010cANJA \u041aRALJA ALE\u041aSANDRA I \u041aRALJICE MARIJE","og_url":"https:\/\/royalfamily.org\/lat\/100-godisnjica-vencanja-kralja-aleksandra-kraljice-marije\/","og_site_name":"The Royal Family of Serbia","article_publisher":"https:\/\/www.facebook.com\/Prestolonaslednik.Aleksandar","article_published_time":"2022-06-08T18:59:50+00:00","article_modified_time":"2022-06-08T19:00:53+00:00","og_image":[{"width":740,"height":360,"url":"https:\/\/royalfamily.org\/wp-content\/uploads\/2022\/06\/COVER-100god-vencanje.jpg","type":"image\/jpeg"}],"author":"Stefan Milanovic","twitter_card":"summary_large_image","twitter_misc":{"Written by":"Stefan Milanovic","Est. reading time":"5 minutes"},"schema":{"@context":"https:\/\/schema.org","@graph":[{"@type":"Article","@id":"https:\/\/royalfamily.org\/lat\/100-godisnjica-vencanja-kralja-aleksandra-kraljice-marije\/#article","isPartOf":{"@id":"https:\/\/royalfamily.org\/lat\/100-godisnjica-vencanja-kralja-aleksandra-kraljice-marije\/"},"author":{"name":"Stefan Milanovic","@id":"https:\/\/royalfamily.org\/#\/schema\/person\/4ad3296a6a8a35eed333b6a785e9f648"},"headline":"100. GODI\u0160NJICA VEN\u010cANJA \u041aRALJA ALE\u041aSANDRA I \u041aRALJICE MARIJE","datePublished":"2022-06-08T18:59:50+00:00","dateModified":"2022-06-08T19:00:53+00:00","mainEntityOfPage":{"@id":"https:\/\/royalfamily.org\/lat\/100-godisnjica-vencanja-kralja-aleksandra-kraljice-marije\/"},"wordCount":1918,"publisher":{"@id":"https:\/\/royalfamily.org\/#organization"},"image":{"@id":"https:\/\/royalfamily.org\/lat\/100-godisnjica-vencanja-kralja-aleksandra-kraljice-marije\/#primaryimage"},"thumbnailUrl":"https:\/\/royalfamily.org\/wp-content\/uploads\/2022\/06\/COVER-100god-vencanje.jpg","articleSection":["Vesti"],"inLanguage":"sr-LT"},{"@type":"WebPage","@id":"https:\/\/royalfamily.org\/lat\/100-godisnjica-vencanja-kralja-aleksandra-kraljice-marije\/","url":"https:\/\/royalfamily.org\/lat\/100-godisnjica-vencanja-kralja-aleksandra-kraljice-marije\/","name":"100. GODI\u0160NJICA VEN\u010cANJA \u041aRALJA ALE\u041aSANDRA I \u041aRALJICE MARIJE - The Royal Family of Serbia","isPartOf":{"@id":"https:\/\/royalfamily.org\/#website"},"primaryImageOfPage":{"@id":"https:\/\/royalfamily.org\/lat\/100-godisnjica-vencanja-kralja-aleksandra-kraljice-marije\/#primaryimage"},"image":{"@id":"https:\/\/royalfamily.org\/lat\/100-godisnjica-vencanja-kralja-aleksandra-kraljice-marije\/#primaryimage"},"thumbnailUrl":"https:\/\/royalfamily.org\/wp-content\/uploads\/2022\/06\/COVER-100god-vencanje.jpg","datePublished":"2022-06-08T18:59:50+00:00","dateModified":"2022-06-08T19:00:53+00:00","breadcrumb":{"@id":"https:\/\/royalfamily.org\/lat\/100-godisnjica-vencanja-kralja-aleksandra-kraljice-marije\/#breadcrumb"},"inLanguage":"sr-LT","potentialAction":[{"@type":"ReadAction","target":["https:\/\/royalfamily.org\/lat\/100-godisnjica-vencanja-kralja-aleksandra-kraljice-marije\/"]}]},{"@type":"ImageObject","inLanguage":"sr-LT","@id":"https:\/\/royalfamily.org\/lat\/100-godisnjica-vencanja-kralja-aleksandra-kraljice-marije\/#primaryimage","url":"https:\/\/royalfamily.org\/wp-content\/uploads\/2022\/06\/COVER-100god-vencanje.jpg","contentUrl":"https:\/\/royalfamily.org\/wp-content\/uploads\/2022\/06\/COVER-100god-vencanje.jpg","width":740,"height":360,"caption":"100. GODI\u0160NJICA VEN\u010cANJA \u041aRALJA ALE\u041aSANDRA I \u041aRALJICE MARIJE"},{"@type":"BreadcrumbList","@id":"https:\/\/royalfamily.org\/lat\/100-godisnjica-vencanja-kralja-aleksandra-kraljice-marije\/#breadcrumb","itemListElement":[{"@type":"ListItem","position":1,"name":"Home","item":"https:\/\/royalfamily.org\/lat\/"},{"@type":"ListItem","position":2,"name":"100. GODI\u0160NJICA VEN\u010cANJA \u041aRALJA ALE\u041aSANDRA I \u041aRALJICE MARIJE"}]},{"@type":"WebSite","@id":"https:\/\/royalfamily.org\/#website","url":"https:\/\/royalfamily.org\/","name":"The Royal Family of Serbia","description":"From the people, for the people","publisher":{"@id":"https:\/\/royalfamily.org\/#organization"},"potentialAction":[{"@type":"SearchAction","target":{"@type":"EntryPoint","urlTemplate":"https:\/\/royalfamily.org\/?s={search_term_string}"},"query-input":{"@type":"PropertyValueSpecification","valueRequired":true,"valueName":"search_term_string"}}],"inLanguage":"sr-LT"},{"@type":"Organization","@id":"https:\/\/royalfamily.org\/#organization","name":"Royal Family","url":"https:\/\/royalfamily.org\/","logo":{"@type":"ImageObject","inLanguage":"sr-LT","@id":"https:\/\/royalfamily.org\/#\/schema\/logo\/image\/","url":"https:\/\/royalfamily.org\/wp-content\/uploads\/2019\/04\/logo-vector-02-V-latinica.png","contentUrl":"https:\/\/royalfamily.org\/wp-content\/uploads\/2019\/04\/logo-vector-02-V-latinica.png","width":552,"height":99,"caption":"Royal Family"},"image":{"@id":"https:\/\/royalfamily.org\/#\/schema\/logo\/image\/"},"sameAs":["https:\/\/www.facebook.com\/Prestolonaslednik.Aleksandar"]},{"@type":"Person","@id":"https:\/\/royalfamily.org\/#\/schema\/person\/4ad3296a6a8a35eed333b6a785e9f648","name":"Stefan Milanovic","image":{"@type":"ImageObject","inLanguage":"sr-LT","@id":"https:\/\/secure.gravatar.com\/avatar\/92dcbdcf3e32112a9ceb1e41665b1f44c69382d014cacfe12c701f6af7c40259?s=96&d=mm&r=g","url":"https:\/\/secure.gravatar.com\/avatar\/92dcbdcf3e32112a9ceb1e41665b1f44c69382d014cacfe12c701f6af7c40259?s=96&d=mm&r=g","contentUrl":"https:\/\/secure.gravatar.com\/avatar\/92dcbdcf3e32112a9ceb1e41665b1f44c69382d014cacfe12c701f6af7c40259?s=96&d=mm&r=g","caption":"Stefan Milanovic"}}]}},"_links":{"self":[{"href":"https:\/\/royalfamily.org\/lat\/wp-json\/wp\/v2\/posts\/82823","targetHints":{"allow":["GET"]}}],"collection":[{"href":"https:\/\/royalfamily.org\/lat\/wp-json\/wp\/v2\/posts"}],"about":[{"href":"https:\/\/royalfamily.org\/lat\/wp-json\/wp\/v2\/types\/post"}],"author":[{"embeddable":true,"href":"https:\/\/royalfamily.org\/lat\/wp-json\/wp\/v2\/users\/1001015"}],"replies":[{"embeddable":true,"href":"https:\/\/royalfamily.org\/lat\/wp-json\/wp\/v2\/comments?post=82823"}],"version-history":[{"count":2,"href":"https:\/\/royalfamily.org\/lat\/wp-json\/wp\/v2\/posts\/82823\/revisions"}],"predecessor-version":[{"id":82825,"href":"https:\/\/royalfamily.org\/lat\/wp-json\/wp\/v2\/posts\/82823\/revisions\/82825"}],"wp:featuredmedia":[{"embeddable":true,"href":"https:\/\/royalfamily.org\/lat\/wp-json\/wp\/v2\/media\/82820"}],"wp:attachment":[{"href":"https:\/\/royalfamily.org\/lat\/wp-json\/wp\/v2\/media?parent=82823"}],"wp:term":[{"taxonomy":"category","embeddable":true,"href":"https:\/\/royalfamily.org\/lat\/wp-json\/wp\/v2\/categories?post=82823"},{"taxonomy":"post_tag","embeddable":true,"href":"https:\/\/royalfamily.org\/lat\/wp-json\/wp\/v2\/tags?post=82823"}],"curies":[{"name":"wp","href":"https:\/\/api.w.org\/{rel}","templated":true}]}}