{"id":82958,"date":"2022-06-14T14:01:44","date_gmt":"2022-06-14T12:01:44","guid":{"rendered":"https:\/\/royalfamily.org\/?p=82958"},"modified":"2022-06-14T14:06:45","modified_gmt":"2022-06-14T12:06:45","slug":"otvorena-turisticka-sezona-u-dvorskom-kompleksu","status":"publish","type":"post","link":"https:\/\/royalfamily.org\/lat\/otvorena-turisticka-sezona-u-dvorskom-kompleksu\/","title":{"rendered":"OTVORENA TURISTI\u010c\u041aA SEZONA U DVORS\u041aOM \u041aOMPLE\u041aSU"},"content":{"rendered":"<p><div class=\"fusion-fullwidth fullwidth-box fusion-builder-row-1 fusion-flex-container nonhundred-percent-fullwidth non-hundred-percent-height-scrolling\" style=\"--awb-border-radius-top-left:0px;--awb-border-radius-top-right:0px;--awb-border-radius-bottom-right:0px;--awb-border-radius-bottom-left:0px;--awb-flex-wrap:wrap;\" ><div class=\"fusion-builder-row fusion-row fusion-flex-align-items-flex-start fusion-flex-content-wrap\" style=\"max-width:1227.2px;margin-left: calc(-4% \/ 2 );margin-right: calc(-4% \/ 2 );\"><div class=\"fusion-layout-column fusion_builder_column fusion-builder-column-0 fusion_builder_column_1_1 1_1 fusion-flex-column\" style=\"--awb-bg-size:cover;--awb-width-large:100%;--awb-margin-top-large:0px;--awb-spacing-right-large:1.92%;--awb-margin-bottom-large:20px;--awb-spacing-left-large:1.92%;--awb-width-medium:100%;--awb-order-medium:0;--awb-spacing-right-medium:1.92%;--awb-spacing-left-medium:1.92%;--awb-width-small:100%;--awb-order-small:0;--awb-spacing-right-small:1.92%;--awb-spacing-left-small:1.92%;\"><div class=\"fusion-column-wrapper fusion-column-has-shadow fusion-flex-justify-content-flex-start fusion-content-layout-column\"><div class=\"fusion-text fusion-text-1\"><p>NJ.\u041a.V. Prestolonaslednik Aleksandar i Princeza \u041aatarina danas su sve\u010dano otvorili turisti\u010dku sezonu za 2022. godinu i pozvali sve zainteresovane da posete Dvorski kompleks i pridru\u017ee se obilascima koje organizuje Turisti\u010dka organizacija Beograda. Pre povratka \u041araljevske porodice u Srbiju, Dvorski kompleks je bio zatvoren za javnost, a otvaranje za posetioce bila je jedna od prvih va\u017enih odluka stare\u0161ine \u041araljevskog doma \u2013 NJ.\u041a.V. Prestolonaslednika Aleksandra.<\/p>\n<p>\u201eVeoma sam sre\u0107an \u0161to otvaramo jo\u0161 jednu turisti\u010dku sezonu u Dvorskom kompleksu! Nakon prekida koji je donela pandemija, drago nam je \u0161to smo ponovo otvoreni za posetioce. Skoro je 21 godina od kako smo se moja porodica i ja vratili u Srbiju, u na\u0161 dom gde pripadamo. Tada sam doneo odluku da otvorimo na\u0161 dom za posete. Nasle\u0111e koje su ovde ostavili moj deda, \u041aralj Aleksandar I i otac, \u041aralj Petar II, istorija i se\u0107anja koja Dvorski kompleks \u010duva su veli\u010danstveni. Veoma je va\u017eno da se ona prenesu, posebno na\u0161im mla\u0111im generacijama. \u017delim da ljudi u Srbiji i svetu mogu da vide i osete svu ovu istoriju i tradiciju koju ima dom na\u0161e porodice, koji od na\u0161eg dolaska vi\u0161e nije \u201ezabranjeni grad\u201c.<\/p>\n<p>Ako se mi ne ponosimo svojom slavnom pro\u0161lo\u0161\u0107u, ako nismo mi ti koji je negujemo i govorimo drugima o njoj, niko drugi to ne\u0107e u\u010diniti umesto nas. Organizovani turisti\u010dki obilasci su najbolja prilika da se vidi ovo prelepo mesto, \u201eoseti\u201c na\u0161a slavna pro\u0161lost i nau\u010di ne\u0161to novo. Sre\u0107ni smo \u0161to mo\u017eemo da vas do\u010dekamo u na\u0161em domu\u201d, rekao je NJ.\u041aV Prestolonaslednik Aleksandar.<\/p>\n<p>Predstavnike medija koji su ovom prilikom bili na prvom obilasku do\u010dekali su u \u041araljevskom Dvoru Njihova \u041araljevska Viso\u010danstva i gospodin Miodrag Popovi\u0107, v.d. direktora Turisti\u010dke organizacije Beograda. U pratnji profesionalnog turisti\u010dkog vodi\u010da imali su priliku da u\u017eivaju u istom obilasku kao i turisti kada do\u0111u u posetu kompleksu \u2013 videli su \u041araljevski Dvor, Beli Dvor, Dvorsku kapelu Svetog Andreja Prvozvanog i Dvorski park.<\/p>\n<p>Turiste \u0107e, kada to bude mogu\u0107e zbog obaveza, do\u010dekivati i pozdravljati i Njihova \u041araljevska Viso\u010danstva. Obilazak predstavlja prijatnu \u0161etnju od jednog i po sata radi upoznavanja istorije, nasle\u0111a i kulture na\u0161e zemlje.<\/p>\n<p>Gospodin Miodrag Popovi\u0107 se zahvalio Njihovim \u041araljevskim Viso\u010danstvima na saradnji i jo\u0161 jednom istakao da je Dvorski kompleks jedna od najve\u0107ih turisti\u010dkih atrakcija u Beogradu.<\/p>\n<p>Turisti\u010dka organizacija Beograda (TOB) organizuje posete Dvorskom kompleksu vikendom \u2013 svake subote sa po\u010detkom u 9:30 i u 12:30 \u010dasova, jedan obilazak sa vo\u0111enjem na srpskom, drugi na engleskom jeziku. Ulaznica kupljena kod Turisti\u010dke organizacije Beograda uklju\u010duje organizovani autobuski prevoz od Trga Nikole Pa\u0161i\u0107a do Dvorskog kompleksa \u2013 okupljanje turista za polazak je u 9:30 i u 12:30 \u010dasova. Cena ulaznice je 1000 dinara za odrasle, i 650 dinara za povla\u0161\u0107ene kategorije (\u0111ake, studente i penzionere). Broj ljudi u grupi ograni\u010den je na maksimalno 30 posetilaca.<\/p>\n<p>Za informacije i rezervacije, turisti mogu da posete Turisti\u010dki informativni centar u Beogradu, \u041anez Mihailova 56, tel: 011 26 22 798, i-mejl: <a href=\"mailto:bginfo.knezmihailova@tob.rs\">bginfo.knezmihailova@tob.rs<\/a>, vebsajt <a href=\"http:\/\/www.tob.rs\">www.tob.rs<\/a><\/p>\n<p>\u0160kole, studenti i udru\u017eenja penzionera mogu da obi\u0111u Dvorski kompleks na Dedinju i u najavljenim grupnim posetama svakog radnog dana od 9 do 15 \u010dasova uz obavezno obave\u0161tenje \u041aancelariji NJ.\u041a.V. Prestolonaslednika Aleksandra najmanje 7 do 10 dana unapred, na telefon 011 306 4014 ili putem i-mejla: <a href=\"mailto:kancelarija@dvor.rs\">kancelarija@dvor.rs<\/a>. Svaka grupa mora da ima najmanje 10, a najvi\u0161e 30 posetilaca. Vebsajt: <a href=\"http:\/\/www.dvor.rs\">www.dvor.rs<\/a><\/p>\n<\/div><\/div><\/div><\/div><\/div><div class=\"fusion-fullwidth fullwidth-box fusion-builder-row-2 fusion-flex-container nonhundred-percent-fullwidth non-hundred-percent-height-scrolling\" style=\"--awb-border-radius-top-left:0px;--awb-border-radius-top-right:0px;--awb-border-radius-bottom-right:0px;--awb-border-radius-bottom-left:0px;--awb-flex-wrap:wrap;\" ><div class=\"fusion-builder-row fusion-row fusion-flex-align-items-flex-start fusion-flex-content-wrap\" style=\"max-width:1227.2px;margin-left: calc(-4% \/ 2 );margin-right: calc(-4% \/ 2 );\"><div class=\"fusion-layout-column fusion_builder_column fusion-builder-column-1 fusion_builder_column_1_1 1_1 fusion-flex-column\" style=\"--awb-bg-size:cover;--awb-width-large:100%;--awb-margin-top-large:0px;--awb-spacing-right-large:1.92%;--awb-margin-bottom-large:20px;--awb-spacing-left-large:1.92%;--awb-width-medium:100%;--awb-order-medium:0;--awb-spacing-right-medium:1.92%;--awb-spacing-left-medium:1.92%;--awb-width-small:100%;--awb-order-small:0;--awb-spacing-right-small:1.92%;--awb-spacing-left-small:1.92%;\"><div class=\"fusion-column-wrapper fusion-column-has-shadow fusion-flex-justify-content-flex-start fusion-content-layout-column\"><div class=\"awb-gallery-wrapper awb-gallery-wrapper-1 button-span-no\" data-limit=\"20\" data-page=\"1\"><div style=\"margin:-5px;--awb-bordersize:0px;\" class=\"fusion-gallery fusion-gallery-container fusion-grid-3 fusion-columns-total-7 fusion-gallery-layout-grid fusion-gallery-1\"><div style=\"padding:5px;\" class=\"fusion-grid-column fusion-gallery-column fusion-gallery-column-3 hover-type-none\"><div class=\"fusion-gallery-image\"><a href=\"https:\/\/royalfamily.org\/wp-content\/uploads\/2022\/06\/1-8F2A6878m.jpg\" data-caption=\"Kraljevski par otvorio turisti\u010dku sezonu na Kraljevskom kompleksu\" rel=\"noreferrer\" data-rel=\"iLightbox[gallery_image_1]\" class=\"fusion-lightbox\" target=\"_self\"><img decoding=\"async\" src=\"https:\/\/royalfamily.org\/wp-content\/uploads\/2022\/06\/1-8F2A6878m.jpg\" width=\"1772\" height=\"1181\" alt=\"Kraljevski par otvorio turisti\u010dku sezonu na Kraljevskom kompleksu\" title=\"Kraljevski par otvorio turisti\u010dku sezonu na Kraljevskom kompleksu\" aria-label=\"Kraljevski par otvorio turisti\u010dku sezonu na Kraljevskom kompleksu\" class=\"img-responsive wp-image-82934\" srcset=\"https:\/\/royalfamily.org\/wp-content\/uploads\/2022\/06\/1-8F2A6878m-200x133.jpg 200w, https:\/\/royalfamily.org\/wp-content\/uploads\/2022\/06\/1-8F2A6878m-400x267.jpg 400w, https:\/\/royalfamily.org\/wp-content\/uploads\/2022\/06\/1-8F2A6878m-600x400.jpg 600w, https:\/\/royalfamily.org\/wp-content\/uploads\/2022\/06\/1-8F2A6878m-800x533.jpg 800w, https:\/\/royalfamily.org\/wp-content\/uploads\/2022\/06\/1-8F2A6878m-1200x800.jpg 1200w, https:\/\/royalfamily.org\/wp-content\/uploads\/2022\/06\/1-8F2A6878m.jpg 1772w\" sizes=\"(min-width: 2200px) 100vw, (min-width: 824px) 390px, (min-width: 732px) 585px, (min-width: 640px) 732px, \" \/><\/a><\/div><\/div><div style=\"padding:5px;\" class=\"fusion-grid-column fusion-gallery-column fusion-gallery-column-3 hover-type-none\"><div class=\"fusion-gallery-image\"><a href=\"https:\/\/royalfamily.org\/wp-content\/uploads\/2022\/06\/2-8F2A6932m.jpg\" data-caption=\"Kraljevski par otvorio turisti\u010dku sezonu na Kraljevskom kompleksu\" rel=\"noreferrer\" data-rel=\"iLightbox[gallery_image_1]\" class=\"fusion-lightbox\" target=\"_self\"><img decoding=\"async\" src=\"https:\/\/royalfamily.org\/wp-content\/uploads\/2022\/06\/2-8F2A6932m.jpg\" width=\"1772\" height=\"1181\" alt=\"Kraljevski par otvorio turisti\u010dku sezonu na Kraljevskom kompleksu\" title=\"Kraljevski par otvorio turisti\u010dku sezonu na Kraljevskom kompleksu\" aria-label=\"Kraljevski par otvorio turisti\u010dku sezonu na Kraljevskom kompleksu\" class=\"img-responsive wp-image-82937\" srcset=\"https:\/\/royalfamily.org\/wp-content\/uploads\/2022\/06\/2-8F2A6932m-200x133.jpg 200w, https:\/\/royalfamily.org\/wp-content\/uploads\/2022\/06\/2-8F2A6932m-400x267.jpg 400w, https:\/\/royalfamily.org\/wp-content\/uploads\/2022\/06\/2-8F2A6932m-600x400.jpg 600w, https:\/\/royalfamily.org\/wp-content\/uploads\/2022\/06\/2-8F2A6932m-800x533.jpg 800w, https:\/\/royalfamily.org\/wp-content\/uploads\/2022\/06\/2-8F2A6932m-1200x800.jpg 1200w, https:\/\/royalfamily.org\/wp-content\/uploads\/2022\/06\/2-8F2A6932m.jpg 1772w\" sizes=\"(min-width: 2200px) 100vw, (min-width: 824px) 390px, (min-width: 732px) 585px, (min-width: 640px) 732px, \" \/><\/a><\/div><\/div><div style=\"padding:5px;\" class=\"fusion-grid-column fusion-gallery-column fusion-gallery-column-3 hover-type-none\"><div class=\"fusion-gallery-image\"><a href=\"https:\/\/royalfamily.org\/wp-content\/uploads\/2022\/06\/3-8F2A6885m.jpg\" data-caption=\"Kraljevski par otvorio turisti\u010dku sezonu na Kraljevskom kompleksu\" rel=\"noreferrer\" data-rel=\"iLightbox[gallery_image_1]\" class=\"fusion-lightbox\" target=\"_self\"><img decoding=\"async\" src=\"https:\/\/royalfamily.org\/wp-content\/uploads\/2022\/06\/3-8F2A6885m.jpg\" width=\"1772\" height=\"1181\" alt=\"Kraljevski par otvorio turisti\u010dku sezonu na Kraljevskom kompleksu\" title=\"Kraljevski par otvorio turisti\u010dku sezonu na Kraljevskom kompleksu\" aria-label=\"Kraljevski par otvorio turisti\u010dku sezonu na Kraljevskom kompleksu\" class=\"img-responsive wp-image-82940\" srcset=\"https:\/\/royalfamily.org\/wp-content\/uploads\/2022\/06\/3-8F2A6885m-200x133.jpg 200w, https:\/\/royalfamily.org\/wp-content\/uploads\/2022\/06\/3-8F2A6885m-400x267.jpg 400w, https:\/\/royalfamily.org\/wp-content\/uploads\/2022\/06\/3-8F2A6885m-600x400.jpg 600w, https:\/\/royalfamily.org\/wp-content\/uploads\/2022\/06\/3-8F2A6885m-800x533.jpg 800w, https:\/\/royalfamily.org\/wp-content\/uploads\/2022\/06\/3-8F2A6885m-1200x800.jpg 1200w, https:\/\/royalfamily.org\/wp-content\/uploads\/2022\/06\/3-8F2A6885m.jpg 1772w\" sizes=\"(min-width: 2200px) 100vw, (min-width: 824px) 390px, (min-width: 732px) 585px, (min-width: 640px) 732px, \" \/><\/a><\/div><\/div><div class=\"clearfix\"><\/div><div style=\"padding:5px;\" class=\"fusion-grid-column fusion-gallery-column fusion-gallery-column-3 hover-type-none\"><div class=\"fusion-gallery-image\"><a href=\"https:\/\/royalfamily.org\/wp-content\/uploads\/2022\/06\/4-8F2A7007m.jpg\" data-caption=\"Kraljevski par otvorio turisti\u010dku sezonu na Kraljevskom kompleksu\" rel=\"noreferrer\" data-rel=\"iLightbox[gallery_image_1]\" class=\"fusion-lightbox\" target=\"_self\"><img decoding=\"async\" src=\"https:\/\/royalfamily.org\/wp-content\/uploads\/2022\/06\/4-8F2A7007m.jpg\" width=\"1772\" height=\"1181\" alt=\"Kraljevski par otvorio turisti\u010dku sezonu na Kraljevskom kompleksu\" title=\"Kraljevski par otvorio turisti\u010dku sezonu na Kraljevskom kompleksu\" aria-label=\"Kraljevski par otvorio turisti\u010dku sezonu na Kraljevskom kompleksu\" class=\"img-responsive wp-image-82943\" srcset=\"https:\/\/royalfamily.org\/wp-content\/uploads\/2022\/06\/4-8F2A7007m-200x133.jpg 200w, https:\/\/royalfamily.org\/wp-content\/uploads\/2022\/06\/4-8F2A7007m-400x267.jpg 400w, https:\/\/royalfamily.org\/wp-content\/uploads\/2022\/06\/4-8F2A7007m-600x400.jpg 600w, https:\/\/royalfamily.org\/wp-content\/uploads\/2022\/06\/4-8F2A7007m-800x533.jpg 800w, https:\/\/royalfamily.org\/wp-content\/uploads\/2022\/06\/4-8F2A7007m-1200x800.jpg 1200w, https:\/\/royalfamily.org\/wp-content\/uploads\/2022\/06\/4-8F2A7007m.jpg 1772w\" sizes=\"(min-width: 2200px) 100vw, (min-width: 824px) 390px, (min-width: 732px) 585px, (min-width: 640px) 732px, \" \/><\/a><\/div><\/div><div style=\"padding:5px;\" class=\"fusion-grid-column fusion-gallery-column fusion-gallery-column-3 hover-type-none\"><div class=\"fusion-gallery-image\"><a href=\"https:\/\/royalfamily.org\/wp-content\/uploads\/2022\/06\/5-8F2A6945m.jpg\" data-caption=\"Kraljevski par otvorio turisti\u010dku sezonu na Kraljevskom kompleksu\" rel=\"noreferrer\" data-rel=\"iLightbox[gallery_image_1]\" class=\"fusion-lightbox\" target=\"_self\"><img decoding=\"async\" src=\"https:\/\/royalfamily.org\/wp-content\/uploads\/2022\/06\/5-8F2A6945m.jpg\" width=\"1181\" height=\"1772\" alt=\"Kraljevski par otvorio turisti\u010dku sezonu na Kraljevskom kompleksu\" title=\"Kraljevski par otvorio turisti\u010dku sezonu na Kraljevskom kompleksu\" aria-label=\"Kraljevski par otvorio turisti\u010dku sezonu na Kraljevskom kompleksu\" class=\"img-responsive wp-image-82946\" srcset=\"https:\/\/royalfamily.org\/wp-content\/uploads\/2022\/06\/5-8F2A6945m-200x300.jpg 200w, https:\/\/royalfamily.org\/wp-content\/uploads\/2022\/06\/5-8F2A6945m-400x600.jpg 400w, https:\/\/royalfamily.org\/wp-content\/uploads\/2022\/06\/5-8F2A6945m-600x900.jpg 600w, https:\/\/royalfamily.org\/wp-content\/uploads\/2022\/06\/5-8F2A6945m-800x1200.jpg 800w, https:\/\/royalfamily.org\/wp-content\/uploads\/2022\/06\/5-8F2A6945m.jpg 1181w\" sizes=\"(min-width: 2200px) 100vw, (min-width: 824px) 390px, (min-width: 732px) 585px, (min-width: 640px) 732px, \" \/><\/a><\/div><\/div><div style=\"padding:5px;\" class=\"fusion-grid-column fusion-gallery-column fusion-gallery-column-3 hover-type-none\"><div class=\"fusion-gallery-image\"><a href=\"https:\/\/royalfamily.org\/wp-content\/uploads\/2022\/06\/6-8F2A6986m.jpg\" data-caption=\"Kraljevski par otvorio turisti\u010dku sezonu na Kraljevskom kompleksu\" rel=\"noreferrer\" data-rel=\"iLightbox[gallery_image_1]\" class=\"fusion-lightbox\" target=\"_self\"><img decoding=\"async\" src=\"https:\/\/royalfamily.org\/wp-content\/uploads\/2022\/06\/6-8F2A6986m.jpg\" width=\"1772\" height=\"1181\" alt=\"Kraljevski par otvorio turisti\u010dku sezonu na Kraljevskom kompleksu\" title=\"Kraljevski par otvorio turisti\u010dku sezonu na Kraljevskom kompleksu\" aria-label=\"Kraljevski par otvorio turisti\u010dku sezonu na Kraljevskom kompleksu\" class=\"img-responsive wp-image-82949\" srcset=\"https:\/\/royalfamily.org\/wp-content\/uploads\/2022\/06\/6-8F2A6986m-200x133.jpg 200w, https:\/\/royalfamily.org\/wp-content\/uploads\/2022\/06\/6-8F2A6986m-400x267.jpg 400w, https:\/\/royalfamily.org\/wp-content\/uploads\/2022\/06\/6-8F2A6986m-600x400.jpg 600w, https:\/\/royalfamily.org\/wp-content\/uploads\/2022\/06\/6-8F2A6986m-800x533.jpg 800w, https:\/\/royalfamily.org\/wp-content\/uploads\/2022\/06\/6-8F2A6986m-1200x800.jpg 1200w, https:\/\/royalfamily.org\/wp-content\/uploads\/2022\/06\/6-8F2A6986m.jpg 1772w\" sizes=\"(min-width: 2200px) 100vw, (min-width: 824px) 390px, (min-width: 732px) 585px, (min-width: 640px) 732px, \" \/><\/a><\/div><\/div><div class=\"clearfix\"><\/div><div style=\"padding:5px;\" class=\"fusion-grid-column fusion-gallery-column fusion-gallery-column-3 hover-type-none\"><div class=\"fusion-gallery-image\"><a href=\"https:\/\/royalfamily.org\/wp-content\/uploads\/2022\/06\/7-8F2A7034m.jpg\" data-caption=\"Kraljevski par otvorio turisti\u010dku sezonu na Kraljevskom kompleksu\" rel=\"noreferrer\" data-rel=\"iLightbox[gallery_image_1]\" class=\"fusion-lightbox\" target=\"_self\"><img decoding=\"async\" src=\"https:\/\/royalfamily.org\/wp-content\/uploads\/2022\/06\/7-8F2A7034m.jpg\" width=\"1772\" height=\"1181\" alt=\"Kraljevski par otvorio turisti\u010dku sezonu na Kraljevskom kompleksu\" title=\"Kraljevski par otvorio turisti\u010dku sezonu na Kraljevskom kompleksu\" aria-label=\"Kraljevski par otvorio turisti\u010dku sezonu na Kraljevskom kompleksu\" class=\"img-responsive wp-image-82952\" srcset=\"https:\/\/royalfamily.org\/wp-content\/uploads\/2022\/06\/7-8F2A7034m-200x133.jpg 200w, https:\/\/royalfamily.org\/wp-content\/uploads\/2022\/06\/7-8F2A7034m-400x267.jpg 400w, https:\/\/royalfamily.org\/wp-content\/uploads\/2022\/06\/7-8F2A7034m-600x400.jpg 600w, https:\/\/royalfamily.org\/wp-content\/uploads\/2022\/06\/7-8F2A7034m-800x533.jpg 800w, https:\/\/royalfamily.org\/wp-content\/uploads\/2022\/06\/7-8F2A7034m-1200x800.jpg 1200w, https:\/\/royalfamily.org\/wp-content\/uploads\/2022\/06\/7-8F2A7034m.jpg 1772w\" sizes=\"(min-width: 2200px) 100vw, (min-width: 824px) 390px, (min-width: 732px) 585px, (min-width: 640px) 732px, \" \/><\/a><\/div><\/div><\/div><\/div><\/div><\/div><\/div><\/div><\/p>\n","protected":false},"excerpt":{"rendered":"","protected":false},"author":1001015,"featured_media":82955,"comment_status":"closed","ping_status":"closed","sticky":false,"template":"","format":"standard","meta":{"_acf_changed":false,"footnotes":""},"categories":[22],"tags":[],"class_list":["post-82958","post","type-post","status-publish","format-standard","has-post-thumbnail","hentry","category-vesti"],"acf":[],"yoast_head":"<!-- This site is optimized with the Yoast SEO Premium plugin v27.4 (Yoast SEO v27.4) - https:\/\/yoast.com\/product\/yoast-seo-premium-wordpress\/ -->\n<title>OTVORENA TURISTI\u010c\u041aA SEZONA U DVORS\u041aOM \u041aOMPLE\u041aSU - The Royal Family of Serbia<\/title>\n<meta name=\"robots\" content=\"index, follow, max-snippet:-1, max-image-preview:large, max-video-preview:-1\" \/>\n<link rel=\"canonical\" href=\"https:\/\/royalfamily.org\/lat\/otvorena-turisticka-sezona-u-dvorskom-kompleksu\/\" \/>\n<meta property=\"og:locale\" content=\"en_US\" \/>\n<meta property=\"og:type\" content=\"article\" \/>\n<meta property=\"og:title\" content=\"OTVORENA TURISTI\u010c\u041aA SEZONA U DVORS\u041aOM \u041aOMPLE\u041aSU\" \/>\n<meta property=\"og:url\" content=\"https:\/\/royalfamily.org\/lat\/otvorena-turisticka-sezona-u-dvorskom-kompleksu\/\" \/>\n<meta property=\"og:site_name\" content=\"The Royal Family of Serbia\" \/>\n<meta property=\"article:publisher\" content=\"https:\/\/www.facebook.com\/Prestolonaslednik.Aleksandar\" \/>\n<meta property=\"article:published_time\" content=\"2022-06-14T12:01:44+00:00\" \/>\n<meta property=\"article:modified_time\" content=\"2022-06-14T12:06:45+00:00\" \/>\n<meta property=\"og:image\" content=\"https:\/\/royalfamily.org\/wp-content\/uploads\/2022\/06\/COVER-TOB.jpg\" \/>\n\t<meta property=\"og:image:width\" content=\"740\" \/>\n\t<meta property=\"og:image:height\" content=\"360\" \/>\n\t<meta property=\"og:image:type\" content=\"image\/jpeg\" \/>\n<meta name=\"author\" content=\"Stefan Milanovic\" \/>\n<meta name=\"twitter:card\" content=\"summary_large_image\" \/>\n<meta name=\"twitter:label1\" content=\"Written by\" \/>\n\t<meta name=\"twitter:data1\" content=\"Stefan Milanovic\" \/>\n\t<meta name=\"twitter:label2\" content=\"Est. reading time\" \/>\n\t<meta name=\"twitter:data2\" content=\"11 minutes\" \/>\n<script type=\"application\/ld+json\" class=\"yoast-schema-graph\">{\"@context\":\"https:\\\/\\\/schema.org\",\"@graph\":[{\"@type\":\"Article\",\"@id\":\"https:\\\/\\\/royalfamily.org\\\/lat\\\/otvorena-turisticka-sezona-u-dvorskom-kompleksu\\\/#article\",\"isPartOf\":{\"@id\":\"https:\\\/\\\/royalfamily.org\\\/lat\\\/otvorena-turisticka-sezona-u-dvorskom-kompleksu\\\/\"},\"author\":{\"name\":\"Stefan Milanovic\",\"@id\":\"https:\\\/\\\/royalfamily.org\\\/#\\\/schema\\\/person\\\/4ad3296a6a8a35eed333b6a785e9f648\"},\"headline\":\"OTVORENA TURISTI\u010c\u041aA SEZONA U DVORS\u041aOM \u041aOMPLE\u041aSU\",\"datePublished\":\"2022-06-14T12:01:44+00:00\",\"dateModified\":\"2022-06-14T12:06:45+00:00\",\"mainEntityOfPage\":{\"@id\":\"https:\\\/\\\/royalfamily.org\\\/lat\\\/otvorena-turisticka-sezona-u-dvorskom-kompleksu\\\/\"},\"wordCount\":2130,\"publisher\":{\"@id\":\"https:\\\/\\\/royalfamily.org\\\/#organization\"},\"image\":{\"@id\":\"https:\\\/\\\/royalfamily.org\\\/lat\\\/otvorena-turisticka-sezona-u-dvorskom-kompleksu\\\/#primaryimage\"},\"thumbnailUrl\":\"https:\\\/\\\/royalfamily.org\\\/wp-content\\\/uploads\\\/2022\\\/06\\\/COVER-TOB.jpg\",\"articleSection\":[\"Vesti\"],\"inLanguage\":\"sr-LT\"},{\"@type\":\"WebPage\",\"@id\":\"https:\\\/\\\/royalfamily.org\\\/lat\\\/otvorena-turisticka-sezona-u-dvorskom-kompleksu\\\/\",\"url\":\"https:\\\/\\\/royalfamily.org\\\/lat\\\/otvorena-turisticka-sezona-u-dvorskom-kompleksu\\\/\",\"name\":\"OTVORENA TURISTI\u010c\u041aA SEZONA U DVORS\u041aOM \u041aOMPLE\u041aSU - The Royal Family of Serbia\",\"isPartOf\":{\"@id\":\"https:\\\/\\\/royalfamily.org\\\/#website\"},\"primaryImageOfPage\":{\"@id\":\"https:\\\/\\\/royalfamily.org\\\/lat\\\/otvorena-turisticka-sezona-u-dvorskom-kompleksu\\\/#primaryimage\"},\"image\":{\"@id\":\"https:\\\/\\\/royalfamily.org\\\/lat\\\/otvorena-turisticka-sezona-u-dvorskom-kompleksu\\\/#primaryimage\"},\"thumbnailUrl\":\"https:\\\/\\\/royalfamily.org\\\/wp-content\\\/uploads\\\/2022\\\/06\\\/COVER-TOB.jpg\",\"datePublished\":\"2022-06-14T12:01:44+00:00\",\"dateModified\":\"2022-06-14T12:06:45+00:00\",\"breadcrumb\":{\"@id\":\"https:\\\/\\\/royalfamily.org\\\/lat\\\/otvorena-turisticka-sezona-u-dvorskom-kompleksu\\\/#breadcrumb\"},\"inLanguage\":\"sr-LT\",\"potentialAction\":[{\"@type\":\"ReadAction\",\"target\":[\"https:\\\/\\\/royalfamily.org\\\/lat\\\/otvorena-turisticka-sezona-u-dvorskom-kompleksu\\\/\"]}]},{\"@type\":\"ImageObject\",\"inLanguage\":\"sr-LT\",\"@id\":\"https:\\\/\\\/royalfamily.org\\\/lat\\\/otvorena-turisticka-sezona-u-dvorskom-kompleksu\\\/#primaryimage\",\"url\":\"https:\\\/\\\/royalfamily.org\\\/wp-content\\\/uploads\\\/2022\\\/06\\\/COVER-TOB.jpg\",\"contentUrl\":\"https:\\\/\\\/royalfamily.org\\\/wp-content\\\/uploads\\\/2022\\\/06\\\/COVER-TOB.jpg\",\"width\":740,\"height\":360,\"caption\":\"OTVORENA TURISTI\u010c\u041aA SEZONA U DVORS\u041aOM \u041aOMPLE\u041aSU\"},{\"@type\":\"BreadcrumbList\",\"@id\":\"https:\\\/\\\/royalfamily.org\\\/lat\\\/otvorena-turisticka-sezona-u-dvorskom-kompleksu\\\/#breadcrumb\",\"itemListElement\":[{\"@type\":\"ListItem\",\"position\":1,\"name\":\"Home\",\"item\":\"https:\\\/\\\/royalfamily.org\\\/lat\\\/\"},{\"@type\":\"ListItem\",\"position\":2,\"name\":\"OTVORENA TURISTI\u010c\u041aA SEZONA U DVORS\u041aOM \u041aOMPLE\u041aSU\"}]},{\"@type\":\"WebSite\",\"@id\":\"https:\\\/\\\/royalfamily.org\\\/#website\",\"url\":\"https:\\\/\\\/royalfamily.org\\\/\",\"name\":\"The Royal Family of Serbia\",\"description\":\"From the people, for the people\",\"publisher\":{\"@id\":\"https:\\\/\\\/royalfamily.org\\\/#organization\"},\"potentialAction\":[{\"@type\":\"SearchAction\",\"target\":{\"@type\":\"EntryPoint\",\"urlTemplate\":\"https:\\\/\\\/royalfamily.org\\\/?s={search_term_string}\"},\"query-input\":{\"@type\":\"PropertyValueSpecification\",\"valueRequired\":true,\"valueName\":\"search_term_string\"}}],\"inLanguage\":\"sr-LT\"},{\"@type\":\"Organization\",\"@id\":\"https:\\\/\\\/royalfamily.org\\\/#organization\",\"name\":\"Royal Family\",\"url\":\"https:\\\/\\\/royalfamily.org\\\/\",\"logo\":{\"@type\":\"ImageObject\",\"inLanguage\":\"sr-LT\",\"@id\":\"https:\\\/\\\/royalfamily.org\\\/#\\\/schema\\\/logo\\\/image\\\/\",\"url\":\"https:\\\/\\\/royalfamily.org\\\/wp-content\\\/uploads\\\/2019\\\/04\\\/logo-vector-02-V-latinica.png\",\"contentUrl\":\"https:\\\/\\\/royalfamily.org\\\/wp-content\\\/uploads\\\/2019\\\/04\\\/logo-vector-02-V-latinica.png\",\"width\":552,\"height\":99,\"caption\":\"Royal Family\"},\"image\":{\"@id\":\"https:\\\/\\\/royalfamily.org\\\/#\\\/schema\\\/logo\\\/image\\\/\"},\"sameAs\":[\"https:\\\/\\\/www.facebook.com\\\/Prestolonaslednik.Aleksandar\"]},{\"@type\":\"Person\",\"@id\":\"https:\\\/\\\/royalfamily.org\\\/#\\\/schema\\\/person\\\/4ad3296a6a8a35eed333b6a785e9f648\",\"name\":\"Stefan Milanovic\",\"image\":{\"@type\":\"ImageObject\",\"inLanguage\":\"sr-LT\",\"@id\":\"https:\\\/\\\/secure.gravatar.com\\\/avatar\\\/92dcbdcf3e32112a9ceb1e41665b1f44c69382d014cacfe12c701f6af7c40259?s=96&d=mm&r=g\",\"url\":\"https:\\\/\\\/secure.gravatar.com\\\/avatar\\\/92dcbdcf3e32112a9ceb1e41665b1f44c69382d014cacfe12c701f6af7c40259?s=96&d=mm&r=g\",\"contentUrl\":\"https:\\\/\\\/secure.gravatar.com\\\/avatar\\\/92dcbdcf3e32112a9ceb1e41665b1f44c69382d014cacfe12c701f6af7c40259?s=96&d=mm&r=g\",\"caption\":\"Stefan Milanovic\"}}]}<\/script>\n<!-- \/ Yoast SEO Premium plugin. -->","yoast_head_json":{"title":"OTVORENA TURISTI\u010c\u041aA SEZONA U DVORS\u041aOM \u041aOMPLE\u041aSU - The Royal Family of Serbia","robots":{"index":"index","follow":"follow","max-snippet":"max-snippet:-1","max-image-preview":"max-image-preview:large","max-video-preview":"max-video-preview:-1"},"canonical":"https:\/\/royalfamily.org\/lat\/otvorena-turisticka-sezona-u-dvorskom-kompleksu\/","og_locale":"en_US","og_type":"article","og_title":"OTVORENA TURISTI\u010c\u041aA SEZONA U DVORS\u041aOM \u041aOMPLE\u041aSU","og_url":"https:\/\/royalfamily.org\/lat\/otvorena-turisticka-sezona-u-dvorskom-kompleksu\/","og_site_name":"The Royal Family of Serbia","article_publisher":"https:\/\/www.facebook.com\/Prestolonaslednik.Aleksandar","article_published_time":"2022-06-14T12:01:44+00:00","article_modified_time":"2022-06-14T12:06:45+00:00","og_image":[{"width":740,"height":360,"url":"https:\/\/royalfamily.org\/wp-content\/uploads\/2022\/06\/COVER-TOB.jpg","type":"image\/jpeg"}],"author":"Stefan Milanovic","twitter_card":"summary_large_image","twitter_misc":{"Written by":"Stefan Milanovic","Est. reading time":"11 minutes"},"schema":{"@context":"https:\/\/schema.org","@graph":[{"@type":"Article","@id":"https:\/\/royalfamily.org\/lat\/otvorena-turisticka-sezona-u-dvorskom-kompleksu\/#article","isPartOf":{"@id":"https:\/\/royalfamily.org\/lat\/otvorena-turisticka-sezona-u-dvorskom-kompleksu\/"},"author":{"name":"Stefan Milanovic","@id":"https:\/\/royalfamily.org\/#\/schema\/person\/4ad3296a6a8a35eed333b6a785e9f648"},"headline":"OTVORENA TURISTI\u010c\u041aA SEZONA U DVORS\u041aOM \u041aOMPLE\u041aSU","datePublished":"2022-06-14T12:01:44+00:00","dateModified":"2022-06-14T12:06:45+00:00","mainEntityOfPage":{"@id":"https:\/\/royalfamily.org\/lat\/otvorena-turisticka-sezona-u-dvorskom-kompleksu\/"},"wordCount":2130,"publisher":{"@id":"https:\/\/royalfamily.org\/#organization"},"image":{"@id":"https:\/\/royalfamily.org\/lat\/otvorena-turisticka-sezona-u-dvorskom-kompleksu\/#primaryimage"},"thumbnailUrl":"https:\/\/royalfamily.org\/wp-content\/uploads\/2022\/06\/COVER-TOB.jpg","articleSection":["Vesti"],"inLanguage":"sr-LT"},{"@type":"WebPage","@id":"https:\/\/royalfamily.org\/lat\/otvorena-turisticka-sezona-u-dvorskom-kompleksu\/","url":"https:\/\/royalfamily.org\/lat\/otvorena-turisticka-sezona-u-dvorskom-kompleksu\/","name":"OTVORENA TURISTI\u010c\u041aA SEZONA U DVORS\u041aOM \u041aOMPLE\u041aSU - The Royal Family of Serbia","isPartOf":{"@id":"https:\/\/royalfamily.org\/#website"},"primaryImageOfPage":{"@id":"https:\/\/royalfamily.org\/lat\/otvorena-turisticka-sezona-u-dvorskom-kompleksu\/#primaryimage"},"image":{"@id":"https:\/\/royalfamily.org\/lat\/otvorena-turisticka-sezona-u-dvorskom-kompleksu\/#primaryimage"},"thumbnailUrl":"https:\/\/royalfamily.org\/wp-content\/uploads\/2022\/06\/COVER-TOB.jpg","datePublished":"2022-06-14T12:01:44+00:00","dateModified":"2022-06-14T12:06:45+00:00","breadcrumb":{"@id":"https:\/\/royalfamily.org\/lat\/otvorena-turisticka-sezona-u-dvorskom-kompleksu\/#breadcrumb"},"inLanguage":"sr-LT","potentialAction":[{"@type":"ReadAction","target":["https:\/\/royalfamily.org\/lat\/otvorena-turisticka-sezona-u-dvorskom-kompleksu\/"]}]},{"@type":"ImageObject","inLanguage":"sr-LT","@id":"https:\/\/royalfamily.org\/lat\/otvorena-turisticka-sezona-u-dvorskom-kompleksu\/#primaryimage","url":"https:\/\/royalfamily.org\/wp-content\/uploads\/2022\/06\/COVER-TOB.jpg","contentUrl":"https:\/\/royalfamily.org\/wp-content\/uploads\/2022\/06\/COVER-TOB.jpg","width":740,"height":360,"caption":"OTVORENA TURISTI\u010c\u041aA SEZONA U DVORS\u041aOM \u041aOMPLE\u041aSU"},{"@type":"BreadcrumbList","@id":"https:\/\/royalfamily.org\/lat\/otvorena-turisticka-sezona-u-dvorskom-kompleksu\/#breadcrumb","itemListElement":[{"@type":"ListItem","position":1,"name":"Home","item":"https:\/\/royalfamily.org\/lat\/"},{"@type":"ListItem","position":2,"name":"OTVORENA TURISTI\u010c\u041aA SEZONA U DVORS\u041aOM \u041aOMPLE\u041aSU"}]},{"@type":"WebSite","@id":"https:\/\/royalfamily.org\/#website","url":"https:\/\/royalfamily.org\/","name":"The Royal Family of Serbia","description":"From the people, for the people","publisher":{"@id":"https:\/\/royalfamily.org\/#organization"},"potentialAction":[{"@type":"SearchAction","target":{"@type":"EntryPoint","urlTemplate":"https:\/\/royalfamily.org\/?s={search_term_string}"},"query-input":{"@type":"PropertyValueSpecification","valueRequired":true,"valueName":"search_term_string"}}],"inLanguage":"sr-LT"},{"@type":"Organization","@id":"https:\/\/royalfamily.org\/#organization","name":"Royal Family","url":"https:\/\/royalfamily.org\/","logo":{"@type":"ImageObject","inLanguage":"sr-LT","@id":"https:\/\/royalfamily.org\/#\/schema\/logo\/image\/","url":"https:\/\/royalfamily.org\/wp-content\/uploads\/2019\/04\/logo-vector-02-V-latinica.png","contentUrl":"https:\/\/royalfamily.org\/wp-content\/uploads\/2019\/04\/logo-vector-02-V-latinica.png","width":552,"height":99,"caption":"Royal Family"},"image":{"@id":"https:\/\/royalfamily.org\/#\/schema\/logo\/image\/"},"sameAs":["https:\/\/www.facebook.com\/Prestolonaslednik.Aleksandar"]},{"@type":"Person","@id":"https:\/\/royalfamily.org\/#\/schema\/person\/4ad3296a6a8a35eed333b6a785e9f648","name":"Stefan Milanovic","image":{"@type":"ImageObject","inLanguage":"sr-LT","@id":"https:\/\/secure.gravatar.com\/avatar\/92dcbdcf3e32112a9ceb1e41665b1f44c69382d014cacfe12c701f6af7c40259?s=96&d=mm&r=g","url":"https:\/\/secure.gravatar.com\/avatar\/92dcbdcf3e32112a9ceb1e41665b1f44c69382d014cacfe12c701f6af7c40259?s=96&d=mm&r=g","contentUrl":"https:\/\/secure.gravatar.com\/avatar\/92dcbdcf3e32112a9ceb1e41665b1f44c69382d014cacfe12c701f6af7c40259?s=96&d=mm&r=g","caption":"Stefan Milanovic"}}]}},"_links":{"self":[{"href":"https:\/\/royalfamily.org\/lat\/wp-json\/wp\/v2\/posts\/82958","targetHints":{"allow":["GET"]}}],"collection":[{"href":"https:\/\/royalfamily.org\/lat\/wp-json\/wp\/v2\/posts"}],"about":[{"href":"https:\/\/royalfamily.org\/lat\/wp-json\/wp\/v2\/types\/post"}],"author":[{"embeddable":true,"href":"https:\/\/royalfamily.org\/lat\/wp-json\/wp\/v2\/users\/1001015"}],"replies":[{"embeddable":true,"href":"https:\/\/royalfamily.org\/lat\/wp-json\/wp\/v2\/comments?post=82958"}],"version-history":[{"count":3,"href":"https:\/\/royalfamily.org\/lat\/wp-json\/wp\/v2\/posts\/82958\/revisions"}],"predecessor-version":[{"id":82964,"href":"https:\/\/royalfamily.org\/lat\/wp-json\/wp\/v2\/posts\/82958\/revisions\/82964"}],"wp:featuredmedia":[{"embeddable":true,"href":"https:\/\/royalfamily.org\/lat\/wp-json\/wp\/v2\/media\/82955"}],"wp:attachment":[{"href":"https:\/\/royalfamily.org\/lat\/wp-json\/wp\/v2\/media?parent=82958"}],"wp:term":[{"taxonomy":"category","embeddable":true,"href":"https:\/\/royalfamily.org\/lat\/wp-json\/wp\/v2\/categories?post=82958"},{"taxonomy":"post_tag","embeddable":true,"href":"https:\/\/royalfamily.org\/lat\/wp-json\/wp\/v2\/tags?post=82958"}],"curies":[{"name":"wp","href":"https:\/\/api.w.org\/{rel}","templated":true}]}}