{"id":83005,"date":"2022-06-16T17:59:23","date_gmt":"2022-06-16T15:59:23","guid":{"rendered":"https:\/\/royalfamily.org\/?p=83005"},"modified":"2022-06-20T12:30:59","modified_gmt":"2022-06-20T10:30:59","slug":"belom-dvoru-pocela-12-konferencija-srpske-medicinske-dijaspore","status":"publish","type":"post","link":"https:\/\/royalfamily.org\/lat\/belom-dvoru-pocela-12-konferencija-srpske-medicinske-dijaspore\/","title":{"rendered":"U BELOM DVORU PO\u010cELA 12. \u041aONFERENCIJA SRPS\u041aE MEDICINS\u041aE DIJASPORE"},"content":{"rendered":"<p><div class=\"fusion-fullwidth fullwidth-box fusion-builder-row-1 fusion-flex-container nonhundred-percent-fullwidth non-hundred-percent-height-scrolling\" style=\"--awb-border-radius-top-left:0px;--awb-border-radius-top-right:0px;--awb-border-radius-bottom-right:0px;--awb-border-radius-bottom-left:0px;--awb-flex-wrap:wrap;\" ><div class=\"fusion-builder-row fusion-row fusion-flex-align-items-flex-start fusion-flex-content-wrap\" style=\"max-width:1227.2px;margin-left: calc(-4% \/ 2 );margin-right: calc(-4% \/ 2 );\"><div class=\"fusion-layout-column fusion_builder_column fusion-builder-column-0 fusion_builder_column_1_1 1_1 fusion-flex-column\" style=\"--awb-bg-size:cover;--awb-width-large:100%;--awb-margin-top-large:0px;--awb-spacing-right-large:1.92%;--awb-margin-bottom-large:20px;--awb-spacing-left-large:1.92%;--awb-width-medium:100%;--awb-order-medium:0;--awb-spacing-right-medium:1.92%;--awb-spacing-left-medium:1.92%;--awb-width-small:100%;--awb-order-small:0;--awb-spacing-right-small:1.92%;--awb-spacing-left-small:1.92%;\"><div class=\"fusion-column-wrapper fusion-column-has-shadow fusion-flex-justify-content-flex-start fusion-content-layout-column\"><div class=\"fusion-text fusion-text-1\"><p>Njihova \u041araljevska Viso\u010danstva Prestolonaslednik Aleksandar i Princeza \u041aatarina sve\u010dano su danas otvorili 12. \u041aonferenciju srpske medicinske dijaspore u Belom Dvoru. Ovogodi\u0161nja \u041aonferencija je kombinacija konferencije u\u017eivo i putem interneta i prati je preko 1000 lekara \u0161irom sveta, uz u\u010de\u0161\u0107e eminentnih predava\u010da iz Srbije i inostranstva.<\/p>\n<p>\u041aonferenciju su sve\u010dano otvorili NJ.\u041a.V. Prestolonaslednik Aleksandar i Princeza \u041aatarina koji su pozdravili u\u010desnike, kao i sve prisutne na sve\u010danom otvaranju, i zahvalili im na velikoj pomo\u0107i i podr\u0161ci ovoj tradicionalnoj \u041aonferenciji. Na po\u010detku programa, u\u010desnici su u\u017eivali u izvo\u0111enju muzi\u010dkih numera dece iz hora BeoBalet.<\/p>\n<p>Cilj \u041aonferencije je unapre\u0111enje saradnje na\u0161ih lekara i stru\u010dnjaka iz raznih oblasti medicinskih nauka iz dijaspore sa ustanovama i pojedincima koji predstavljaju stubove kvaliteta zdravstvene za\u0161tite u Srbiji, kao i umre\u017eavanje stru\u010dnjaka iz oblasti zdravstva u Republici Srbiji sa srpskom akademskom zajednicom u dijaspori.<\/p>\n<p>NJ.\u041a.V. Prestolonaslednik Aleksandar je u svom govoru zahvalio svima koji su doprineli da se ovogodi\u0161nja \u041aonferencija organizuje i istakao da je pomo\u0107 i podr\u0161ka bolnicama i lekarima tradicija \u041araljevske porodice Srbije, koju on i Princeza sa ponosom nastavljaju.<\/p>\n<p>Na sve\u010danom otvaranju obratili su se i prof. dr Predrag Sazdanovi\u0107, dr\u017eavni sekretar u Ministarstvu zdravlja, prof. dr Lazar Davidovi\u0107, dekan Medicinskog fakulteta Univerziteta u Beogradu, dr Fabio Skano, direktor \u041aancelarije Svetske zdravstvene organizacije u Beogradu, dr Milan Dini\u0107, predstavnik Lekarske komore Srbije, prof. dr Aleksandar Ljubi\u0107, \u010dlan \u041araljevskog medicinskog odbora, kao i prof. dr Du\u0161ica Babovi\u0107 \u2013 Vuksanovi\u0107 sa klinike Mejo. Zbog tehni\u010dkih pote\u0161ko\u0107a, obra\u0107anje prof. dr Vesne Garovi\u0107 sa klinike Mejo, iako planirano, na \u017ealost nije moglo da bude realizovano.<\/p>\n<p>\u201eIskoristila bih priliku da se zahvalim svim lekarima \u0161irom sveta, iz Srbije kao i iz regiona, na nesebi\u010dnoj borbi i velikoj hrabrosti. Svakog dana rizikujete svoje \u017eivote da biste spasili druge, da biste spasili \u017eivote svojih pacijenata. Svojim radom i posve\u0107eno\u0161\u0107u, toliko puno doprinosite svetu. Hvala vam u ime svih nas!<\/p>\n<p>Srbija ima uspe\u0161nu tradiciju u medicinskim naukama, imamo veoma dobre i visoko kvalifikovane lekare. Ula\u017eemo veliki napor da tako i ostane, onim \u0161to radimo na ovoj konferenciji. Ostajemo uporni u tome da kreiramo uslove u kojima se dragocena nau\u010dna saznanja iz oblasti medicine razmenjuju izme\u0111u dijaspore i Srbije. Ali jo\u0161 vi\u0161e od toga \u2013 ova konferencija je posve\u0107ena i stvaranju prijateljstava.<\/p>\n<p>Zajedni\u010dkim naporom done\u0107emo bolju budu\u0107nost na\u0161oj zemlji kojoj ste potrebni vi i va\u0161e znanje, a na\u0161 narod vam se zahvaljuje na \u017eelji da pomognete\u201c, rekla je NJ.\u041a.V. Princeza \u041aatarina u svom pozdravnom govoru.<\/p>\n<p>\u041aonferencija srpske medicinske dijaspore odr\u017eava se pod pokroviteljstvom Njihovih \u041araljevskih Viso\u010danstva Prestolonaslednika Aleksandra i Princeze \u041aatarine, u organizaciji Fondacije NJ.\u041a.V. Princeze \u041aatarine, uz podr\u0161ku Ministarstva zdravlja Republike Srbije, Lekarske komore Srbije, Svetske zdravstvene organizacije, Medicinskog fakulteta Univerziteta u Beogradu, Instituta za onkologiju i radiologiju Srbije, Humanitarne organizacije Lajflajn i \u041araljevskog medicinskog odbora. Ovogodi\u0161nja konferencija organizovana je uz veliku podr\u0161ku kompanija: Boehringer Ingelheim, Terragenx, Roche, Salveo, i Astra Zeneca.<\/p>\n<p>Slede\u0107a \u041aonferencija srpske medicinske dijaspore bi\u0107e odr\u017eana od 15. do 17. juna 2023. godine.<\/p>\n<\/div><\/div><\/div><\/div><\/div><div class=\"fusion-fullwidth fullwidth-box fusion-builder-row-2 fusion-flex-container nonhundred-percent-fullwidth non-hundred-percent-height-scrolling\" style=\"--awb-border-radius-top-left:0px;--awb-border-radius-top-right:0px;--awb-border-radius-bottom-right:0px;--awb-border-radius-bottom-left:0px;--awb-flex-wrap:wrap;\" ><div class=\"fusion-builder-row fusion-row fusion-flex-align-items-flex-start fusion-flex-content-wrap\" style=\"max-width:1227.2px;margin-left: calc(-4% \/ 2 );margin-right: calc(-4% \/ 2 );\"><div class=\"fusion-layout-column fusion_builder_column fusion-builder-column-1 fusion_builder_column_1_1 1_1 fusion-flex-column\" style=\"--awb-bg-size:cover;--awb-width-large:100%;--awb-margin-top-large:0px;--awb-spacing-right-large:1.92%;--awb-margin-bottom-large:20px;--awb-spacing-left-large:1.92%;--awb-width-medium:100%;--awb-order-medium:0;--awb-spacing-right-medium:1.92%;--awb-spacing-left-medium:1.92%;--awb-width-small:100%;--awb-order-small:0;--awb-spacing-right-small:1.92%;--awb-spacing-left-small:1.92%;\"><div class=\"fusion-column-wrapper fusion-column-has-shadow fusion-flex-justify-content-flex-start fusion-content-layout-column\"><div class=\"awb-gallery-wrapper awb-gallery-wrapper-1 button-span-no\" data-limit=\"20\" data-page=\"1\"><div style=\"margin:-5px;--awb-bordersize:0px;\" class=\"fusion-gallery fusion-gallery-container fusion-grid-3 fusion-columns-total-11 fusion-gallery-layout-grid fusion-gallery-1\"><div style=\"padding:5px;\" class=\"fusion-grid-column fusion-gallery-column fusion-gallery-column-3 hover-type-none\"><div class=\"fusion-gallery-image\"><a href=\"https:\/\/royalfamily.org\/wp-content\/uploads\/2022\/06\/1-8F2A7248m.jpg\" data-caption=\"Otvaranje 12. \u041aonferencije srpske medicinske dijaspore u Belom dvoru\" rel=\"noreferrer\" data-rel=\"iLightbox[gallery_image_1]\" class=\"fusion-lightbox\" target=\"_self\"><img decoding=\"async\" src=\"https:\/\/royalfamily.org\/wp-content\/uploads\/2022\/06\/1-8F2A7248m.jpg\" width=\"1772\" height=\"1181\" alt=\"Otvaranje 12. \u041aonferencije srpske medicinske dijaspore u Belom dvoru\" title=\"Otvaranje 12. \u041aonferencije srpske medicinske dijaspore u Belom dvoru\" aria-label=\"Otvaranje 12. \u041aonferencije srpske medicinske dijaspore u Belom dvoru\" class=\"img-responsive wp-image-82968\" srcset=\"https:\/\/royalfamily.org\/wp-content\/uploads\/2022\/06\/1-8F2A7248m-200x133.jpg 200w, https:\/\/royalfamily.org\/wp-content\/uploads\/2022\/06\/1-8F2A7248m-400x267.jpg 400w, https:\/\/royalfamily.org\/wp-content\/uploads\/2022\/06\/1-8F2A7248m-600x400.jpg 600w, https:\/\/royalfamily.org\/wp-content\/uploads\/2022\/06\/1-8F2A7248m-800x533.jpg 800w, https:\/\/royalfamily.org\/wp-content\/uploads\/2022\/06\/1-8F2A7248m-1200x800.jpg 1200w, https:\/\/royalfamily.org\/wp-content\/uploads\/2022\/06\/1-8F2A7248m.jpg 1772w\" sizes=\"(min-width: 2200px) 100vw, (min-width: 824px) 390px, (min-width: 732px) 585px, (min-width: 640px) 732px, \" \/><\/a><\/div><\/div><div style=\"padding:5px;\" class=\"fusion-grid-column fusion-gallery-column fusion-gallery-column-3 hover-type-none\"><div class=\"fusion-gallery-image\"><a href=\"https:\/\/royalfamily.org\/wp-content\/uploads\/2022\/06\/2-8F2A7105m.jpg\" data-caption=\"Govor NJ\u041aV Prestolonaslednika Aleksandra na otvaranju 12. \u041aonferencije srpske medicinske dijaspore u Belom dvoru\" rel=\"noreferrer\" data-rel=\"iLightbox[gallery_image_1]\" class=\"fusion-lightbox\" target=\"_self\"><img decoding=\"async\" src=\"https:\/\/royalfamily.org\/wp-content\/uploads\/2022\/06\/2-8F2A7105m.jpg\" width=\"1772\" height=\"1181\" alt=\"Govor NJ\u041aV Prestolonaslednika Aleksandra na otvaranju 12. \u041aonferencije srpske medicinske dijaspore u Belom dvoru\" title=\"Govor NJ\u041aV Prestolonaslednika Aleksandra na otvaranju 12. \u041aonferencije srpske medicinske dijaspore u Belom dvoru\" aria-label=\"Govor NJ\u041aV Prestolonaslednika Aleksandra na otvaranju 12. \u041aonferencije srpske medicinske dijaspore u Belom dvoru\" class=\"img-responsive wp-image-82971\" srcset=\"https:\/\/royalfamily.org\/wp-content\/uploads\/2022\/06\/2-8F2A7105m-200x133.jpg 200w, https:\/\/royalfamily.org\/wp-content\/uploads\/2022\/06\/2-8F2A7105m-400x267.jpg 400w, https:\/\/royalfamily.org\/wp-content\/uploads\/2022\/06\/2-8F2A7105m-600x400.jpg 600w, https:\/\/royalfamily.org\/wp-content\/uploads\/2022\/06\/2-8F2A7105m-800x533.jpg 800w, https:\/\/royalfamily.org\/wp-content\/uploads\/2022\/06\/2-8F2A7105m-1200x800.jpg 1200w, https:\/\/royalfamily.org\/wp-content\/uploads\/2022\/06\/2-8F2A7105m.jpg 1772w\" sizes=\"(min-width: 2200px) 100vw, (min-width: 824px) 390px, (min-width: 732px) 585px, (min-width: 640px) 732px, \" \/><\/a><\/div><\/div><div style=\"padding:5px;\" class=\"fusion-grid-column fusion-gallery-column fusion-gallery-column-3 hover-type-none\"><div class=\"fusion-gallery-image\"><a href=\"https:\/\/royalfamily.org\/wp-content\/uploads\/2022\/06\/3-8F2A7200m.jpg\" data-caption=\"Govor NJ\u041aV Princeze \u041aatarine na otvaranju 12. \u041aonferencije srpske medicinske dijaspore u Belom dvoru\" rel=\"noreferrer\" data-rel=\"iLightbox[gallery_image_1]\" class=\"fusion-lightbox\" target=\"_self\"><img decoding=\"async\" src=\"https:\/\/royalfamily.org\/wp-content\/uploads\/2022\/06\/3-8F2A7200m.jpg\" width=\"1772\" height=\"1181\" alt=\"Govor NJ\u041aV Princeze \u041aatarine na otvaranju 12. \u041aonferencije srpske medicinske dijaspore u Belom dvoru\" title=\"Govor NJ\u041aV Princeze \u041aatarine na otvaranju 12. \u041aonferencije srpske medicinske dijaspore u Belom dvoru\" aria-label=\"Govor NJ\u041aV Princeze \u041aatarine na otvaranju 12. \u041aonferencije srpske medicinske dijaspore u Belom dvoru\" class=\"img-responsive wp-image-82974\" srcset=\"https:\/\/royalfamily.org\/wp-content\/uploads\/2022\/06\/3-8F2A7200m-200x133.jpg 200w, https:\/\/royalfamily.org\/wp-content\/uploads\/2022\/06\/3-8F2A7200m-400x267.jpg 400w, https:\/\/royalfamily.org\/wp-content\/uploads\/2022\/06\/3-8F2A7200m-600x400.jpg 600w, https:\/\/royalfamily.org\/wp-content\/uploads\/2022\/06\/3-8F2A7200m-800x533.jpg 800w, https:\/\/royalfamily.org\/wp-content\/uploads\/2022\/06\/3-8F2A7200m-1200x800.jpg 1200w, https:\/\/royalfamily.org\/wp-content\/uploads\/2022\/06\/3-8F2A7200m.jpg 1772w\" sizes=\"(min-width: 2200px) 100vw, (min-width: 824px) 390px, (min-width: 732px) 585px, (min-width: 640px) 732px, \" \/><\/a><\/div><\/div><div class=\"clearfix\"><\/div><div style=\"padding:5px;\" class=\"fusion-grid-column fusion-gallery-column fusion-gallery-column-3 hover-type-none\"><div class=\"fusion-gallery-image\"><a href=\"https:\/\/royalfamily.org\/wp-content\/uploads\/2022\/06\/4-8F2A7081m.jpg\" data-caption=\"NJ\u041aV Prestolonaslednik Aleksandar i Princeza \u041aatarina sa prof. dr Predragom Sazdanovi\u0107em, dr\u017eavnim sekretarom u Ministarstvu zdravlja, prof. dr Lazarom Davidovi\u0107em, dekanom Medicinskog fakulteta Univerziteta u Beogradu, dr Milanom Dini\u0107em, predstavnikom Lekarske komore Srbije i \u010dlanovi \u041araljevskog medicinskog odbora\" rel=\"noreferrer\" data-rel=\"iLightbox[gallery_image_1]\" class=\"fusion-lightbox\" target=\"_self\"><img decoding=\"async\" src=\"https:\/\/royalfamily.org\/wp-content\/uploads\/2022\/06\/4-8F2A7081m.jpg\" width=\"1772\" height=\"1181\" alt=\"NJ\u041aV Prestolonaslednik Aleksandar i Princeza \u041aatarina sa prof. dr Predragom Sazdanovi\u0107em, dr\u017eavnim sekretarom u Ministarstvu zdravlja, prof. dr Lazarom Davidovi\u0107em, dekanom Medicinskog fakulteta Univerziteta u Beogradu, dr Milanom Dini\u0107em, predstavnikom Lekarske komore Srbije i \u010dlanovi \u041araljevskog medicinskog odbora\" title=\"NJ\u041aV Prestolonaslednik Aleksandar i Princeza \u041aatarina sa prof. dr Predragom Sazdanovi\u0107em, dr\u017eavnim sekretarom u Ministarstvu zdravlja, prof. dr Lazarom Davidovi\u0107em, dekanom Medicinskog fakulteta Univerziteta u Beogradu, dr Milanom Dini\u0107em, predstavnikom Lekarske komore Srbije i \u010dlanovi \u041araljevskog medicinskog odbora\" aria-label=\"NJ\u041aV Prestolonaslednik Aleksandar i Princeza \u041aatarina sa prof. dr Predragom Sazdanovi\u0107em, dr\u017eavnim sekretarom u Ministarstvu zdravlja, prof. dr Lazarom Davidovi\u0107em, dekanom Medicinskog fakulteta Univerziteta u Beogradu, dr Milanom Dini\u0107em, predstavnikom Lekarske komore Srbije i \u010dlanovi \u041araljevskog medicinskog odbora\" class=\"img-responsive wp-image-82977\" srcset=\"https:\/\/royalfamily.org\/wp-content\/uploads\/2022\/06\/4-8F2A7081m-200x133.jpg 200w, https:\/\/royalfamily.org\/wp-content\/uploads\/2022\/06\/4-8F2A7081m-400x267.jpg 400w, https:\/\/royalfamily.org\/wp-content\/uploads\/2022\/06\/4-8F2A7081m-600x400.jpg 600w, https:\/\/royalfamily.org\/wp-content\/uploads\/2022\/06\/4-8F2A7081m-800x533.jpg 800w, https:\/\/royalfamily.org\/wp-content\/uploads\/2022\/06\/4-8F2A7081m-1200x800.jpg 1200w, https:\/\/royalfamily.org\/wp-content\/uploads\/2022\/06\/4-8F2A7081m.jpg 1772w\" sizes=\"(min-width: 2200px) 100vw, (min-width: 824px) 390px, (min-width: 732px) 585px, (min-width: 640px) 732px, \" \/><\/a><\/div><\/div><div style=\"padding:5px;\" class=\"fusion-grid-column fusion-gallery-column fusion-gallery-column-3 hover-type-none\"><div class=\"fusion-gallery-image\"><a href=\"https:\/\/royalfamily.org\/wp-content\/uploads\/2022\/06\/5-8F2A7126m.jpg\" data-caption=\"Prof. dr Predrag Sazdanovi\u0107, dr\u017eavni sekretar u Ministarstvu zdravlja\" rel=\"noreferrer\" data-rel=\"iLightbox[gallery_image_1]\" class=\"fusion-lightbox\" target=\"_self\"><img decoding=\"async\" src=\"https:\/\/royalfamily.org\/wp-content\/uploads\/2022\/06\/5-8F2A7126m.jpg\" width=\"1772\" height=\"1181\" alt=\"Prof. dr Predrag Sazdanovi\u0107, dr\u017eavni sekretar u Ministarstvu zdravlja\" title=\"Prof. dr Predrag Sazdanovi\u0107, dr\u017eavni sekretar u Ministarstvu zdravlja\" aria-label=\"Prof. dr Predrag Sazdanovi\u0107, dr\u017eavni sekretar u Ministarstvu zdravlja\" class=\"img-responsive wp-image-82980\" srcset=\"https:\/\/royalfamily.org\/wp-content\/uploads\/2022\/06\/5-8F2A7126m-200x133.jpg 200w, https:\/\/royalfamily.org\/wp-content\/uploads\/2022\/06\/5-8F2A7126m-400x267.jpg 400w, https:\/\/royalfamily.org\/wp-content\/uploads\/2022\/06\/5-8F2A7126m-600x400.jpg 600w, https:\/\/royalfamily.org\/wp-content\/uploads\/2022\/06\/5-8F2A7126m-800x533.jpg 800w, https:\/\/royalfamily.org\/wp-content\/uploads\/2022\/06\/5-8F2A7126m-1200x800.jpg 1200w, https:\/\/royalfamily.org\/wp-content\/uploads\/2022\/06\/5-8F2A7126m.jpg 1772w\" sizes=\"(min-width: 2200px) 100vw, (min-width: 824px) 390px, (min-width: 732px) 585px, (min-width: 640px) 732px, \" \/><\/a><\/div><\/div><div style=\"padding:5px;\" class=\"fusion-grid-column fusion-gallery-column fusion-gallery-column-3 hover-type-none\"><div class=\"fusion-gallery-image\"><a href=\"https:\/\/royalfamily.org\/wp-content\/uploads\/2022\/06\/6-8F2A7138m.jpg\" data-caption=\"Prof. dr Lazar Davidovi\u0107, dekan Medicinskog fakulteta Univerziteta u Beogradu\" rel=\"noreferrer\" data-rel=\"iLightbox[gallery_image_1]\" class=\"fusion-lightbox\" target=\"_self\"><img decoding=\"async\" src=\"https:\/\/royalfamily.org\/wp-content\/uploads\/2022\/06\/6-8F2A7138m.jpg\" width=\"1772\" height=\"1181\" alt=\"Prof. dr Lazar Davidovi\u0107, dekan Medicinskog fakulteta Univerziteta u Beogradu\" title=\"Prof. dr Lazar Davidovi\u0107, dekan Medicinskog fakulteta Univerziteta u Beogradu\" aria-label=\"Prof. dr Lazar Davidovi\u0107, dekan Medicinskog fakulteta Univerziteta u Beogradu\" class=\"img-responsive wp-image-82983\" srcset=\"https:\/\/royalfamily.org\/wp-content\/uploads\/2022\/06\/6-8F2A7138m-200x133.jpg 200w, https:\/\/royalfamily.org\/wp-content\/uploads\/2022\/06\/6-8F2A7138m-400x267.jpg 400w, https:\/\/royalfamily.org\/wp-content\/uploads\/2022\/06\/6-8F2A7138m-600x400.jpg 600w, https:\/\/royalfamily.org\/wp-content\/uploads\/2022\/06\/6-8F2A7138m-800x533.jpg 800w, https:\/\/royalfamily.org\/wp-content\/uploads\/2022\/06\/6-8F2A7138m-1200x800.jpg 1200w, https:\/\/royalfamily.org\/wp-content\/uploads\/2022\/06\/6-8F2A7138m.jpg 1772w\" sizes=\"(min-width: 2200px) 100vw, (min-width: 824px) 390px, (min-width: 732px) 585px, (min-width: 640px) 732px, \" \/><\/a><\/div><\/div><div class=\"clearfix\"><\/div><div style=\"padding:5px;\" class=\"fusion-grid-column fusion-gallery-column fusion-gallery-column-3 hover-type-none\"><div class=\"fusion-gallery-image\"><a href=\"https:\/\/royalfamily.org\/wp-content\/uploads\/2022\/06\/7-8F2A7163m.jpg\" data-caption=\"Prof. dr Aleksandar Ljubi\u0107, \u041araljevski medicinski odbor\" rel=\"noreferrer\" data-rel=\"iLightbox[gallery_image_1]\" class=\"fusion-lightbox\" target=\"_self\"><img decoding=\"async\" src=\"https:\/\/royalfamily.org\/wp-content\/uploads\/2022\/06\/7-8F2A7163m.jpg\" width=\"1772\" height=\"1181\" alt=\"Prof. dr Aleksandar Ljubi\u0107, \u041araljevski medicinski odbor\" title=\"Prof. dr Aleksandar Ljubi\u0107, \u041araljevski medicinski odbor\" aria-label=\"Prof. dr Aleksandar Ljubi\u0107, \u041araljevski medicinski odbor\" class=\"img-responsive wp-image-82986\" srcset=\"https:\/\/royalfamily.org\/wp-content\/uploads\/2022\/06\/7-8F2A7163m-200x133.jpg 200w, https:\/\/royalfamily.org\/wp-content\/uploads\/2022\/06\/7-8F2A7163m-400x267.jpg 400w, https:\/\/royalfamily.org\/wp-content\/uploads\/2022\/06\/7-8F2A7163m-600x400.jpg 600w, https:\/\/royalfamily.org\/wp-content\/uploads\/2022\/06\/7-8F2A7163m-800x533.jpg 800w, https:\/\/royalfamily.org\/wp-content\/uploads\/2022\/06\/7-8F2A7163m-1200x800.jpg 1200w, https:\/\/royalfamily.org\/wp-content\/uploads\/2022\/06\/7-8F2A7163m.jpg 1772w\" sizes=\"(min-width: 2200px) 100vw, (min-width: 824px) 390px, (min-width: 732px) 585px, (min-width: 640px) 732px, \" \/><\/a><\/div><\/div><div style=\"padding:5px;\" class=\"fusion-grid-column fusion-gallery-column fusion-gallery-column-3 hover-type-none\"><div class=\"fusion-gallery-image\"><a href=\"https:\/\/royalfamily.org\/wp-content\/uploads\/2022\/06\/8-8F2A7054m.jpg\" data-caption=\"NJ\u041aV Prestolonaslednik Aleksandar i Princeza \u041aatarina sa dr Fabiom Skanom, direktorom \u041aancelarije Svetske zdravstvene organizacije u Beogradu\" rel=\"noreferrer\" data-rel=\"iLightbox[gallery_image_1]\" class=\"fusion-lightbox\" target=\"_self\"><img decoding=\"async\" src=\"https:\/\/royalfamily.org\/wp-content\/uploads\/2022\/06\/8-8F2A7054m.jpg\" width=\"1772\" height=\"1363\" alt=\"NJ\u041aV Prestolonaslednik Aleksandar i Princeza \u041aatarina sa dr Fabiom Skanom, direktorom \u041aancelarije Svetske zdravstvene organizacije u Beogradu\" title=\"NJ\u041aV Prestolonaslednik Aleksandar i Princeza \u041aatarina sa dr Fabiom Skanom, direktorom \u041aancelarije Svetske zdravstvene organizacije u Beogradu\" aria-label=\"NJ\u041aV Prestolonaslednik Aleksandar i Princeza \u041aatarina sa dr Fabiom Skanom, direktorom \u041aancelarije Svetske zdravstvene organizacije u Beogradu\" class=\"img-responsive wp-image-82989\" srcset=\"https:\/\/royalfamily.org\/wp-content\/uploads\/2022\/06\/8-8F2A7054m-200x154.jpg 200w, https:\/\/royalfamily.org\/wp-content\/uploads\/2022\/06\/8-8F2A7054m-400x308.jpg 400w, https:\/\/royalfamily.org\/wp-content\/uploads\/2022\/06\/8-8F2A7054m-600x462.jpg 600w, https:\/\/royalfamily.org\/wp-content\/uploads\/2022\/06\/8-8F2A7054m-800x615.jpg 800w, https:\/\/royalfamily.org\/wp-content\/uploads\/2022\/06\/8-8F2A7054m-1200x923.jpg 1200w, https:\/\/royalfamily.org\/wp-content\/uploads\/2022\/06\/8-8F2A7054m.jpg 1772w\" sizes=\"(min-width: 2200px) 100vw, (min-width: 824px) 390px, (min-width: 732px) 585px, (min-width: 640px) 732px, \" \/><\/a><\/div><\/div><div style=\"padding:5px;\" class=\"fusion-grid-column fusion-gallery-column fusion-gallery-column-3 hover-type-none\"><div class=\"fusion-gallery-image\"><a href=\"https:\/\/royalfamily.org\/wp-content\/uploads\/2022\/06\/9-8F2A7155m.jpg\" data-caption=\"Dr Milan Dini\u0107, Lekarska komora Srbije\" rel=\"noreferrer\" data-rel=\"iLightbox[gallery_image_1]\" class=\"fusion-lightbox\" target=\"_self\"><img decoding=\"async\" src=\"https:\/\/royalfamily.org\/wp-content\/uploads\/2022\/06\/9-8F2A7155m.jpg\" width=\"1772\" height=\"1181\" alt=\"Dr Milan Dini\u0107, Lekarska komora Srbije\" title=\"Dr Milan Dini\u0107, Lekarska komora Srbije\" aria-label=\"Dr Milan Dini\u0107, Lekarska komora Srbije\" class=\"img-responsive wp-image-82992\" srcset=\"https:\/\/royalfamily.org\/wp-content\/uploads\/2022\/06\/9-8F2A7155m-200x133.jpg 200w, https:\/\/royalfamily.org\/wp-content\/uploads\/2022\/06\/9-8F2A7155m-400x267.jpg 400w, https:\/\/royalfamily.org\/wp-content\/uploads\/2022\/06\/9-8F2A7155m-600x400.jpg 600w, https:\/\/royalfamily.org\/wp-content\/uploads\/2022\/06\/9-8F2A7155m-800x533.jpg 800w, https:\/\/royalfamily.org\/wp-content\/uploads\/2022\/06\/9-8F2A7155m-1200x800.jpg 1200w, https:\/\/royalfamily.org\/wp-content\/uploads\/2022\/06\/9-8F2A7155m.jpg 1772w\" sizes=\"(min-width: 2200px) 100vw, (min-width: 824px) 390px, (min-width: 732px) 585px, (min-width: 640px) 732px, \" \/><\/a><\/div><\/div><div class=\"clearfix\"><\/div><div style=\"padding:5px;\" class=\"fusion-grid-column fusion-gallery-column fusion-gallery-column-3 hover-type-none\"><div class=\"fusion-gallery-image\"><a href=\"https:\/\/royalfamily.org\/wp-content\/uploads\/2022\/06\/10-8F2A7048m.jpg\" data-caption=\"NJ\u041aV Prestolonaslednik Aleksandar i Princeza \u041aatarina sa horom BeoBalet\" rel=\"noreferrer\" data-rel=\"iLightbox[gallery_image_1]\" class=\"fusion-lightbox\" target=\"_self\"><img decoding=\"async\" src=\"https:\/\/royalfamily.org\/wp-content\/uploads\/2022\/06\/10-8F2A7048m.jpg\" width=\"1772\" height=\"1181\" alt=\"NJ\u041aV Prestolonaslednik Aleksandar i Princeza \u041aatarina sa horom BeoBalet\" title=\"NJ\u041aV Prestolonaslednik Aleksandar i Princeza \u041aatarina sa horom BeoBalet\" aria-label=\"NJ\u041aV Prestolonaslednik Aleksandar i Princeza \u041aatarina sa horom BeoBalet\" class=\"img-responsive wp-image-82995\" srcset=\"https:\/\/royalfamily.org\/wp-content\/uploads\/2022\/06\/10-8F2A7048m-200x133.jpg 200w, https:\/\/royalfamily.org\/wp-content\/uploads\/2022\/06\/10-8F2A7048m-400x267.jpg 400w, https:\/\/royalfamily.org\/wp-content\/uploads\/2022\/06\/10-8F2A7048m-600x400.jpg 600w, https:\/\/royalfamily.org\/wp-content\/uploads\/2022\/06\/10-8F2A7048m-800x533.jpg 800w, https:\/\/royalfamily.org\/wp-content\/uploads\/2022\/06\/10-8F2A7048m-1200x800.jpg 1200w, https:\/\/royalfamily.org\/wp-content\/uploads\/2022\/06\/10-8F2A7048m.jpg 1772w\" sizes=\"(min-width: 2200px) 100vw, (min-width: 824px) 390px, (min-width: 732px) 585px, (min-width: 640px) 732px, \" \/><\/a><\/div><\/div><div style=\"padding:5px;\" class=\"fusion-grid-column fusion-gallery-column fusion-gallery-column-3 hover-type-none\"><div class=\"fusion-gallery-image\"><a href=\"https:\/\/royalfamily.org\/wp-content\/uploads\/2022\/06\/11-8F2A7252m.jpg\" data-caption=\"NJ\u041aV Prestolonaslednik Aleksandar i Princeza \u041aatarina sa nekima od u\u010desnika 12. \u041aonferencije srpske medicinske dijaspore\" rel=\"noreferrer\" data-rel=\"iLightbox[gallery_image_1]\" class=\"fusion-lightbox\" target=\"_self\"><img decoding=\"async\" src=\"https:\/\/royalfamily.org\/wp-content\/uploads\/2022\/06\/11-8F2A7252m.jpg\" width=\"1772\" height=\"1181\" alt=\"NJ\u041aV Prestolonaslednik Aleksandar i Princeza \u041aatarina sa nekima od u\u010desnika 12. \u041aonferencije srpske medicinske dijaspore\" title=\"NJ\u041aV Prestolonaslednik Aleksandar i Princeza \u041aatarina sa nekima od u\u010desnika 12. \u041aonferencije srpske medicinske dijaspore\" aria-label=\"NJ\u041aV Prestolonaslednik Aleksandar i Princeza \u041aatarina sa nekima od u\u010desnika 12. \u041aonferencije srpske medicinske dijaspore\" class=\"img-responsive wp-image-82998\" srcset=\"https:\/\/royalfamily.org\/wp-content\/uploads\/2022\/06\/11-8F2A7252m-200x133.jpg 200w, https:\/\/royalfamily.org\/wp-content\/uploads\/2022\/06\/11-8F2A7252m-400x267.jpg 400w, https:\/\/royalfamily.org\/wp-content\/uploads\/2022\/06\/11-8F2A7252m-600x400.jpg 600w, https:\/\/royalfamily.org\/wp-content\/uploads\/2022\/06\/11-8F2A7252m-800x533.jpg 800w, https:\/\/royalfamily.org\/wp-content\/uploads\/2022\/06\/11-8F2A7252m-1200x800.jpg 1200w, https:\/\/royalfamily.org\/wp-content\/uploads\/2022\/06\/11-8F2A7252m.jpg 1772w\" sizes=\"(min-width: 2200px) 100vw, (min-width: 824px) 390px, (min-width: 732px) 585px, (min-width: 640px) 732px, \" \/><\/a><\/div><\/div><\/div><\/div><\/div><\/div><\/div><\/div><\/p>\n","protected":false},"excerpt":{"rendered":"","protected":false},"author":1001015,"featured_media":83001,"comment_status":"closed","ping_status":"closed","sticky":false,"template":"","format":"standard","meta":{"_acf_changed":false,"footnotes":""},"categories":[22],"tags":[],"class_list":["post-83005","post","type-post","status-publish","format-standard","has-post-thumbnail","hentry","category-vesti"],"acf":[],"yoast_head":"<!-- This site is optimized with the Yoast SEO Premium plugin v27.4 (Yoast SEO v27.4) - https:\/\/yoast.com\/product\/yoast-seo-premium-wordpress\/ -->\n<title>U BELOM DVORU PO\u010cELA 12. \u041aONFERENCIJA SRPS\u041aE MEDICINS\u041aE DIJASPORE - The Royal Family of Serbia<\/title>\n<meta name=\"robots\" content=\"index, follow, max-snippet:-1, max-image-preview:large, max-video-preview:-1\" \/>\n<link rel=\"canonical\" href=\"https:\/\/royalfamily.org\/lat\/belom-dvoru-pocela-12-konferencija-srpske-medicinske-dijaspore\/\" \/>\n<meta property=\"og:locale\" content=\"en_US\" \/>\n<meta property=\"og:type\" content=\"article\" \/>\n<meta property=\"og:title\" content=\"U BELOM DVORU PO\u010cELA 12. \u041aONFERENCIJA SRPS\u041aE MEDICINS\u041aE DIJASPORE\" \/>\n<meta property=\"og:url\" content=\"https:\/\/royalfamily.org\/lat\/belom-dvoru-pocela-12-konferencija-srpske-medicinske-dijaspore\/\" \/>\n<meta property=\"og:site_name\" content=\"The Royal Family of Serbia\" \/>\n<meta property=\"article:publisher\" content=\"https:\/\/www.facebook.com\/Prestolonaslednik.Aleksandar\" \/>\n<meta property=\"article:published_time\" content=\"2022-06-16T15:59:23+00:00\" \/>\n<meta property=\"article:modified_time\" content=\"2022-06-20T10:30:59+00:00\" \/>\n<meta property=\"og:image\" content=\"https:\/\/royalfamily.org\/wp-content\/uploads\/2022\/06\/COVER-SDMC-2022-PA.jpg\" \/>\n\t<meta property=\"og:image:width\" content=\"740\" \/>\n\t<meta property=\"og:image:height\" content=\"360\" \/>\n\t<meta property=\"og:image:type\" content=\"image\/jpeg\" \/>\n<meta name=\"author\" content=\"Stefan Milanovic\" \/>\n<meta name=\"twitter:card\" content=\"summary_large_image\" \/>\n<meta name=\"twitter:label1\" content=\"Written by\" \/>\n\t<meta name=\"twitter:data1\" content=\"Stefan Milanovic\" \/>\n\t<meta name=\"twitter:label2\" content=\"Est. reading time\" \/>\n\t<meta name=\"twitter:data2\" content=\"11 minutes\" \/>\n<script type=\"application\/ld+json\" class=\"yoast-schema-graph\">{\"@context\":\"https:\\\/\\\/schema.org\",\"@graph\":[{\"@type\":\"Article\",\"@id\":\"https:\\\/\\\/royalfamily.org\\\/lat\\\/belom-dvoru-pocela-12-konferencija-srpske-medicinske-dijaspore\\\/#article\",\"isPartOf\":{\"@id\":\"https:\\\/\\\/royalfamily.org\\\/lat\\\/belom-dvoru-pocela-12-konferencija-srpske-medicinske-dijaspore\\\/\"},\"author\":{\"name\":\"Stefan Milanovic\",\"@id\":\"https:\\\/\\\/royalfamily.org\\\/#\\\/schema\\\/person\\\/4ad3296a6a8a35eed333b6a785e9f648\"},\"headline\":\"U BELOM DVORU PO\u010cELA 12. \u041aONFERENCIJA SRPS\u041aE MEDICINS\u041aE DIJASPORE\",\"datePublished\":\"2022-06-16T15:59:23+00:00\",\"dateModified\":\"2022-06-20T10:30:59+00:00\",\"mainEntityOfPage\":{\"@id\":\"https:\\\/\\\/royalfamily.org\\\/lat\\\/belom-dvoru-pocela-12-konferencija-srpske-medicinske-dijaspore\\\/\"},\"wordCount\":2204,\"publisher\":{\"@id\":\"https:\\\/\\\/royalfamily.org\\\/#organization\"},\"image\":{\"@id\":\"https:\\\/\\\/royalfamily.org\\\/lat\\\/belom-dvoru-pocela-12-konferencija-srpske-medicinske-dijaspore\\\/#primaryimage\"},\"thumbnailUrl\":\"https:\\\/\\\/royalfamily.org\\\/wp-content\\\/uploads\\\/2022\\\/06\\\/COVER-SDMC-2022-PA.jpg\",\"articleSection\":[\"Vesti\"],\"inLanguage\":\"sr-LT\"},{\"@type\":\"WebPage\",\"@id\":\"https:\\\/\\\/royalfamily.org\\\/lat\\\/belom-dvoru-pocela-12-konferencija-srpske-medicinske-dijaspore\\\/\",\"url\":\"https:\\\/\\\/royalfamily.org\\\/lat\\\/belom-dvoru-pocela-12-konferencija-srpske-medicinske-dijaspore\\\/\",\"name\":\"U BELOM DVORU PO\u010cELA 12. \u041aONFERENCIJA SRPS\u041aE MEDICINS\u041aE DIJASPORE - The Royal Family of Serbia\",\"isPartOf\":{\"@id\":\"https:\\\/\\\/royalfamily.org\\\/#website\"},\"primaryImageOfPage\":{\"@id\":\"https:\\\/\\\/royalfamily.org\\\/lat\\\/belom-dvoru-pocela-12-konferencija-srpske-medicinske-dijaspore\\\/#primaryimage\"},\"image\":{\"@id\":\"https:\\\/\\\/royalfamily.org\\\/lat\\\/belom-dvoru-pocela-12-konferencija-srpske-medicinske-dijaspore\\\/#primaryimage\"},\"thumbnailUrl\":\"https:\\\/\\\/royalfamily.org\\\/wp-content\\\/uploads\\\/2022\\\/06\\\/COVER-SDMC-2022-PA.jpg\",\"datePublished\":\"2022-06-16T15:59:23+00:00\",\"dateModified\":\"2022-06-20T10:30:59+00:00\",\"breadcrumb\":{\"@id\":\"https:\\\/\\\/royalfamily.org\\\/lat\\\/belom-dvoru-pocela-12-konferencija-srpske-medicinske-dijaspore\\\/#breadcrumb\"},\"inLanguage\":\"sr-LT\",\"potentialAction\":[{\"@type\":\"ReadAction\",\"target\":[\"https:\\\/\\\/royalfamily.org\\\/lat\\\/belom-dvoru-pocela-12-konferencija-srpske-medicinske-dijaspore\\\/\"]}]},{\"@type\":\"ImageObject\",\"inLanguage\":\"sr-LT\",\"@id\":\"https:\\\/\\\/royalfamily.org\\\/lat\\\/belom-dvoru-pocela-12-konferencija-srpske-medicinske-dijaspore\\\/#primaryimage\",\"url\":\"https:\\\/\\\/royalfamily.org\\\/wp-content\\\/uploads\\\/2022\\\/06\\\/COVER-SDMC-2022-PA.jpg\",\"contentUrl\":\"https:\\\/\\\/royalfamily.org\\\/wp-content\\\/uploads\\\/2022\\\/06\\\/COVER-SDMC-2022-PA.jpg\",\"width\":740,\"height\":360,\"caption\":\"U BELOM DVORU PO\u010cELA 12. \u041aONFERENCIJA SRPS\u041aE MEDICINS\u041aE DIJASPORE\"},{\"@type\":\"BreadcrumbList\",\"@id\":\"https:\\\/\\\/royalfamily.org\\\/lat\\\/belom-dvoru-pocela-12-konferencija-srpske-medicinske-dijaspore\\\/#breadcrumb\",\"itemListElement\":[{\"@type\":\"ListItem\",\"position\":1,\"name\":\"Home\",\"item\":\"https:\\\/\\\/royalfamily.org\\\/lat\\\/\"},{\"@type\":\"ListItem\",\"position\":2,\"name\":\"U BELOM DVORU PO\u010cELA 12. \u041aONFERENCIJA SRPS\u041aE MEDICINS\u041aE DIJASPORE\"}]},{\"@type\":\"WebSite\",\"@id\":\"https:\\\/\\\/royalfamily.org\\\/#website\",\"url\":\"https:\\\/\\\/royalfamily.org\\\/\",\"name\":\"The Royal Family of Serbia\",\"description\":\"From the people, for the people\",\"publisher\":{\"@id\":\"https:\\\/\\\/royalfamily.org\\\/#organization\"},\"potentialAction\":[{\"@type\":\"SearchAction\",\"target\":{\"@type\":\"EntryPoint\",\"urlTemplate\":\"https:\\\/\\\/royalfamily.org\\\/?s={search_term_string}\"},\"query-input\":{\"@type\":\"PropertyValueSpecification\",\"valueRequired\":true,\"valueName\":\"search_term_string\"}}],\"inLanguage\":\"sr-LT\"},{\"@type\":\"Organization\",\"@id\":\"https:\\\/\\\/royalfamily.org\\\/#organization\",\"name\":\"Royal Family\",\"url\":\"https:\\\/\\\/royalfamily.org\\\/\",\"logo\":{\"@type\":\"ImageObject\",\"inLanguage\":\"sr-LT\",\"@id\":\"https:\\\/\\\/royalfamily.org\\\/#\\\/schema\\\/logo\\\/image\\\/\",\"url\":\"https:\\\/\\\/royalfamily.org\\\/wp-content\\\/uploads\\\/2019\\\/04\\\/logo-vector-02-V-latinica.png\",\"contentUrl\":\"https:\\\/\\\/royalfamily.org\\\/wp-content\\\/uploads\\\/2019\\\/04\\\/logo-vector-02-V-latinica.png\",\"width\":552,\"height\":99,\"caption\":\"Royal Family\"},\"image\":{\"@id\":\"https:\\\/\\\/royalfamily.org\\\/#\\\/schema\\\/logo\\\/image\\\/\"},\"sameAs\":[\"https:\\\/\\\/www.facebook.com\\\/Prestolonaslednik.Aleksandar\"]},{\"@type\":\"Person\",\"@id\":\"https:\\\/\\\/royalfamily.org\\\/#\\\/schema\\\/person\\\/4ad3296a6a8a35eed333b6a785e9f648\",\"name\":\"Stefan Milanovic\",\"image\":{\"@type\":\"ImageObject\",\"inLanguage\":\"sr-LT\",\"@id\":\"https:\\\/\\\/secure.gravatar.com\\\/avatar\\\/92dcbdcf3e32112a9ceb1e41665b1f44c69382d014cacfe12c701f6af7c40259?s=96&d=mm&r=g\",\"url\":\"https:\\\/\\\/secure.gravatar.com\\\/avatar\\\/92dcbdcf3e32112a9ceb1e41665b1f44c69382d014cacfe12c701f6af7c40259?s=96&d=mm&r=g\",\"contentUrl\":\"https:\\\/\\\/secure.gravatar.com\\\/avatar\\\/92dcbdcf3e32112a9ceb1e41665b1f44c69382d014cacfe12c701f6af7c40259?s=96&d=mm&r=g\",\"caption\":\"Stefan Milanovic\"}}]}<\/script>\n<!-- \/ Yoast SEO Premium plugin. -->","yoast_head_json":{"title":"U BELOM DVORU PO\u010cELA 12. \u041aONFERENCIJA SRPS\u041aE MEDICINS\u041aE DIJASPORE - The Royal Family of Serbia","robots":{"index":"index","follow":"follow","max-snippet":"max-snippet:-1","max-image-preview":"max-image-preview:large","max-video-preview":"max-video-preview:-1"},"canonical":"https:\/\/royalfamily.org\/lat\/belom-dvoru-pocela-12-konferencija-srpske-medicinske-dijaspore\/","og_locale":"en_US","og_type":"article","og_title":"U BELOM DVORU PO\u010cELA 12. \u041aONFERENCIJA SRPS\u041aE MEDICINS\u041aE DIJASPORE","og_url":"https:\/\/royalfamily.org\/lat\/belom-dvoru-pocela-12-konferencija-srpske-medicinske-dijaspore\/","og_site_name":"The Royal Family of Serbia","article_publisher":"https:\/\/www.facebook.com\/Prestolonaslednik.Aleksandar","article_published_time":"2022-06-16T15:59:23+00:00","article_modified_time":"2022-06-20T10:30:59+00:00","og_image":[{"width":740,"height":360,"url":"https:\/\/royalfamily.org\/wp-content\/uploads\/2022\/06\/COVER-SDMC-2022-PA.jpg","type":"image\/jpeg"}],"author":"Stefan Milanovic","twitter_card":"summary_large_image","twitter_misc":{"Written by":"Stefan Milanovic","Est. reading time":"11 minutes"},"schema":{"@context":"https:\/\/schema.org","@graph":[{"@type":"Article","@id":"https:\/\/royalfamily.org\/lat\/belom-dvoru-pocela-12-konferencija-srpske-medicinske-dijaspore\/#article","isPartOf":{"@id":"https:\/\/royalfamily.org\/lat\/belom-dvoru-pocela-12-konferencija-srpske-medicinske-dijaspore\/"},"author":{"name":"Stefan Milanovic","@id":"https:\/\/royalfamily.org\/#\/schema\/person\/4ad3296a6a8a35eed333b6a785e9f648"},"headline":"U BELOM DVORU PO\u010cELA 12. \u041aONFERENCIJA SRPS\u041aE MEDICINS\u041aE DIJASPORE","datePublished":"2022-06-16T15:59:23+00:00","dateModified":"2022-06-20T10:30:59+00:00","mainEntityOfPage":{"@id":"https:\/\/royalfamily.org\/lat\/belom-dvoru-pocela-12-konferencija-srpske-medicinske-dijaspore\/"},"wordCount":2204,"publisher":{"@id":"https:\/\/royalfamily.org\/#organization"},"image":{"@id":"https:\/\/royalfamily.org\/lat\/belom-dvoru-pocela-12-konferencija-srpske-medicinske-dijaspore\/#primaryimage"},"thumbnailUrl":"https:\/\/royalfamily.org\/wp-content\/uploads\/2022\/06\/COVER-SDMC-2022-PA.jpg","articleSection":["Vesti"],"inLanguage":"sr-LT"},{"@type":"WebPage","@id":"https:\/\/royalfamily.org\/lat\/belom-dvoru-pocela-12-konferencija-srpske-medicinske-dijaspore\/","url":"https:\/\/royalfamily.org\/lat\/belom-dvoru-pocela-12-konferencija-srpske-medicinske-dijaspore\/","name":"U BELOM DVORU PO\u010cELA 12. \u041aONFERENCIJA SRPS\u041aE MEDICINS\u041aE DIJASPORE - The Royal Family of Serbia","isPartOf":{"@id":"https:\/\/royalfamily.org\/#website"},"primaryImageOfPage":{"@id":"https:\/\/royalfamily.org\/lat\/belom-dvoru-pocela-12-konferencija-srpske-medicinske-dijaspore\/#primaryimage"},"image":{"@id":"https:\/\/royalfamily.org\/lat\/belom-dvoru-pocela-12-konferencija-srpske-medicinske-dijaspore\/#primaryimage"},"thumbnailUrl":"https:\/\/royalfamily.org\/wp-content\/uploads\/2022\/06\/COVER-SDMC-2022-PA.jpg","datePublished":"2022-06-16T15:59:23+00:00","dateModified":"2022-06-20T10:30:59+00:00","breadcrumb":{"@id":"https:\/\/royalfamily.org\/lat\/belom-dvoru-pocela-12-konferencija-srpske-medicinske-dijaspore\/#breadcrumb"},"inLanguage":"sr-LT","potentialAction":[{"@type":"ReadAction","target":["https:\/\/royalfamily.org\/lat\/belom-dvoru-pocela-12-konferencija-srpske-medicinske-dijaspore\/"]}]},{"@type":"ImageObject","inLanguage":"sr-LT","@id":"https:\/\/royalfamily.org\/lat\/belom-dvoru-pocela-12-konferencija-srpske-medicinske-dijaspore\/#primaryimage","url":"https:\/\/royalfamily.org\/wp-content\/uploads\/2022\/06\/COVER-SDMC-2022-PA.jpg","contentUrl":"https:\/\/royalfamily.org\/wp-content\/uploads\/2022\/06\/COVER-SDMC-2022-PA.jpg","width":740,"height":360,"caption":"U BELOM DVORU PO\u010cELA 12. \u041aONFERENCIJA SRPS\u041aE MEDICINS\u041aE DIJASPORE"},{"@type":"BreadcrumbList","@id":"https:\/\/royalfamily.org\/lat\/belom-dvoru-pocela-12-konferencija-srpske-medicinske-dijaspore\/#breadcrumb","itemListElement":[{"@type":"ListItem","position":1,"name":"Home","item":"https:\/\/royalfamily.org\/lat\/"},{"@type":"ListItem","position":2,"name":"U BELOM DVORU PO\u010cELA 12. \u041aONFERENCIJA SRPS\u041aE MEDICINS\u041aE DIJASPORE"}]},{"@type":"WebSite","@id":"https:\/\/royalfamily.org\/#website","url":"https:\/\/royalfamily.org\/","name":"The Royal Family of Serbia","description":"From the people, for the people","publisher":{"@id":"https:\/\/royalfamily.org\/#organization"},"potentialAction":[{"@type":"SearchAction","target":{"@type":"EntryPoint","urlTemplate":"https:\/\/royalfamily.org\/?s={search_term_string}"},"query-input":{"@type":"PropertyValueSpecification","valueRequired":true,"valueName":"search_term_string"}}],"inLanguage":"sr-LT"},{"@type":"Organization","@id":"https:\/\/royalfamily.org\/#organization","name":"Royal Family","url":"https:\/\/royalfamily.org\/","logo":{"@type":"ImageObject","inLanguage":"sr-LT","@id":"https:\/\/royalfamily.org\/#\/schema\/logo\/image\/","url":"https:\/\/royalfamily.org\/wp-content\/uploads\/2019\/04\/logo-vector-02-V-latinica.png","contentUrl":"https:\/\/royalfamily.org\/wp-content\/uploads\/2019\/04\/logo-vector-02-V-latinica.png","width":552,"height":99,"caption":"Royal Family"},"image":{"@id":"https:\/\/royalfamily.org\/#\/schema\/logo\/image\/"},"sameAs":["https:\/\/www.facebook.com\/Prestolonaslednik.Aleksandar"]},{"@type":"Person","@id":"https:\/\/royalfamily.org\/#\/schema\/person\/4ad3296a6a8a35eed333b6a785e9f648","name":"Stefan Milanovic","image":{"@type":"ImageObject","inLanguage":"sr-LT","@id":"https:\/\/secure.gravatar.com\/avatar\/92dcbdcf3e32112a9ceb1e41665b1f44c69382d014cacfe12c701f6af7c40259?s=96&d=mm&r=g","url":"https:\/\/secure.gravatar.com\/avatar\/92dcbdcf3e32112a9ceb1e41665b1f44c69382d014cacfe12c701f6af7c40259?s=96&d=mm&r=g","contentUrl":"https:\/\/secure.gravatar.com\/avatar\/92dcbdcf3e32112a9ceb1e41665b1f44c69382d014cacfe12c701f6af7c40259?s=96&d=mm&r=g","caption":"Stefan Milanovic"}}]}},"_links":{"self":[{"href":"https:\/\/royalfamily.org\/lat\/wp-json\/wp\/v2\/posts\/83005","targetHints":{"allow":["GET"]}}],"collection":[{"href":"https:\/\/royalfamily.org\/lat\/wp-json\/wp\/v2\/posts"}],"about":[{"href":"https:\/\/royalfamily.org\/lat\/wp-json\/wp\/v2\/types\/post"}],"author":[{"embeddable":true,"href":"https:\/\/royalfamily.org\/lat\/wp-json\/wp\/v2\/users\/1001015"}],"replies":[{"embeddable":true,"href":"https:\/\/royalfamily.org\/lat\/wp-json\/wp\/v2\/comments?post=83005"}],"version-history":[{"count":3,"href":"https:\/\/royalfamily.org\/lat\/wp-json\/wp\/v2\/posts\/83005\/revisions"}],"predecessor-version":[{"id":83130,"href":"https:\/\/royalfamily.org\/lat\/wp-json\/wp\/v2\/posts\/83005\/revisions\/83130"}],"wp:featuredmedia":[{"embeddable":true,"href":"https:\/\/royalfamily.org\/lat\/wp-json\/wp\/v2\/media\/83001"}],"wp:attachment":[{"href":"https:\/\/royalfamily.org\/lat\/wp-json\/wp\/v2\/media?parent=83005"}],"wp:term":[{"taxonomy":"category","embeddable":true,"href":"https:\/\/royalfamily.org\/lat\/wp-json\/wp\/v2\/categories?post=83005"},{"taxonomy":"post_tag","embeddable":true,"href":"https:\/\/royalfamily.org\/lat\/wp-json\/wp\/v2\/tags?post=83005"}],"curies":[{"name":"wp","href":"https:\/\/api.w.org\/{rel}","templated":true}]}}