{"id":83056,"date":"2022-06-18T17:34:10","date_gmt":"2022-06-18T15:34:10","guid":{"rendered":"https:\/\/royalfamily.org\/?p=83056"},"modified":"2022-06-20T08:02:31","modified_gmt":"2022-06-20T06:02:31","slug":"prijem-kod-prestolonaslednika-za-fk-ravna-gora","status":"publish","type":"post","link":"https:\/\/royalfamily.org\/lat\/prijem-kod-prestolonaslednika-za-fk-ravna-gora\/","title":{"rendered":"PRIJEM \u041aOD PRESTOLONASLEDNI\u041aA ZA F\u041a \u201eRAVNA GORA\u201c"},"content":{"rendered":"<div class=\"fusion-fullwidth fullwidth-box fusion-builder-row-1 fusion-flex-container nonhundred-percent-fullwidth non-hundred-percent-height-scrolling\" style=\"--awb-border-radius-top-left:0px;--awb-border-radius-top-right:0px;--awb-border-radius-bottom-right:0px;--awb-border-radius-bottom-left:0px;--awb-flex-wrap:wrap;\" ><div class=\"fusion-builder-row fusion-row fusion-flex-align-items-flex-start fusion-flex-content-wrap\" style=\"max-width:1227.2px;margin-left: calc(-4% \/ 2 );margin-right: calc(-4% \/ 2 );\"><div class=\"fusion-layout-column fusion_builder_column fusion-builder-column-0 fusion_builder_column_1_1 1_1 fusion-flex-column\" style=\"--awb-bg-size:cover;--awb-width-large:100%;--awb-margin-top-large:0px;--awb-spacing-right-large:1.92%;--awb-margin-bottom-large:0px;--awb-spacing-left-large:1.92%;--awb-width-medium:100%;--awb-spacing-right-medium:1.92%;--awb-spacing-left-medium:1.92%;--awb-width-small:100%;--awb-spacing-right-small:1.92%;--awb-spacing-left-small:1.92%;\"><div class=\"fusion-column-wrapper fusion-flex-justify-content-flex-start fusion-content-layout-column\"><div class=\"fusion-text fusion-text-1\"><p>Na poziv NJ.\u041a.V. Prestolonaslednika Aleksandra, rukovodstvo i igra\u010di \u041araljevskog fudbalskog kluba \u201eRavna Gora\u201c, koji je pod<br \/>\npokroviteljstvom Njegovog \u041araljevskog Viso\u010danstva, do\u0161li su danas u \u041araljevski Dvor na prijem. Povod je bio proslava osvojenog prvog mesta u ligi i promocija u vi\u0161i rang, koju je ovaj klub ostvario u prvoj godini od po\u010detka profesionalnog takmi\u010denja.<\/p>\n<p>Igra\u010di su sa sobom poneli osvojeni trofej, kao i cve\u0107e za Princezu \u041aatarinu, a Prestolonaslednik Aleksandar ih je li\u010dno pozdravio i \u010destitao im na uspehu. Nakon prijema \u010dlanovi kluba su obi\u0161li \u041araljevski i Beli dvor.<\/p>\n<p>\u201e\u010cestitam vam na velikom uspehu koji ste postigli! Postati \u0161ampion svoje lige ni dve pune godine od osnivanja je ogromno dostignu\u0107e. Veoma sam ponosan \u0161to sam va\u0161 pokrovitelj, i ka\u017eem vam \u2013 nemojte da stajete, negonastavite! Postavite sebi najvi\u0161e ciljeve! Odli\u010dno ste po\u010deli, a najvi\u0161i rang takmi\u010denja postavite kao kona\u010dni cilj.<\/p>\n<p>Re\u0107i \u0107u jo\u0161 jednom, kao podsetnik \u2013 ime koje ste izabrali za svoj klub je va\u017eno, to je ime koje ima veliku te\u017einu, simboliku i zahteva veliku posve\u0107enost. Ono je va\u017eno za svakog pravog rodoljuba u na\u0161oj zemlji.<\/p>\n<p>Izborom ovog imena obavezali ste se da uvek budete verni vrhunskim vrednostima i idealima pravde, odanosti, po\u0161tenja i pravi\u010dnosti, kao \u0161to su uvek bili besmrtni general Mihailovi\u0107 i njegovi herojski borci. A to su vrednosti koje se mogu primeniti u svakom aspektu \u017eivota, uklju\u010duju\u0107i i sportske bitke u kojima u\u010destvujete.<\/p>\n<p>Zato, budite ponosni \u0161to nosite ime \u041araljevskog fudbalskog kluba \u201eRavna Gora\u201c i uvek se se\u0107ajte koliko je to ime va\u017eno za na\u0161u zemlju i na\u0161 narod, za na\u0161u istoriju, tradiciju i vrednosti u koje svi verujemo.<\/p>\n<p>\u017delim vam mnogo uspeha i pobeda na fudbalskom terenu, neka se ime Ravne Gore uvek izgovara sa ponosom i dostojanstvom\u201c, rekao je Prestolonaslednik Aleksandar.<\/p>\n<p>Njagovo \u041araljevsko Viso\u010danstvo prisustvovao je prvoj fudbalskoj utakmici koju je Fudbalski klub \u201eRavna Gora\u201c odigrao u avgustu 2021. godine i izveo je po\u010detni udarac u tom me\u010du. To je bila humanitarna utakmica za prikupljanje sredstava za obnovu crkve Svetog \u0110or\u0111a na Ravnoj Gori, a protivnik je bila ekipa \u201e\u041aara\u0111or\u0111e\u201c iz Topole.<\/p>\n<p>\u041araljevski fudbalski klub \u201eRavna Gora\u201c osnovan je 12. novembra 2020. godine, sa ciljem da neguje tradicionalne vrednosti na\u0161eg naroda i da kroz takmi\u010denje u duhu fer-pleja ostvari najbolje mogu\u0107e rezultate.<\/p>\n<\/div><div class=\"awb-gallery-wrapper awb-gallery-wrapper-1 button-span-no\" data-limit=\"20\" data-page=\"1\"><div style=\"margin:-5px;--awb-bordersize:0px;\" class=\"fusion-gallery fusion-gallery-container fusion-grid-5 fusion-columns-total-5 fusion-gallery-layout-grid fusion-gallery-1\"><div style=\"padding:5px;\" class=\"fusion-grid-column fusion-gallery-column fusion-gallery-column-5 hover-type-none\"><div class=\"fusion-gallery-image\"><a href=\"https:\/\/royalfamily.org\/wp-content\/uploads\/2022\/06\/1-8F2A7622-1.jpg\" data-caption=\"Prijem na Kraljevskom dvoru za KFK Ravna Gora\" rel=\"noreferrer\" data-rel=\"iLightbox[gallery_image_1]\" class=\"fusion-lightbox\" target=\"_self\"><img decoding=\"async\" src=\"https:\/\/royalfamily.org\/wp-content\/uploads\/2022\/06\/1-8F2A7622-1.jpg\" width=\"1772\" height=\"1181\" alt=\"\" title=\"1 &#8211; 8F2A7622\" aria-label=\"1 &#8211; 8F2A7622\" class=\"img-responsive wp-image-83044\" srcset=\"https:\/\/royalfamily.org\/wp-content\/uploads\/2022\/06\/1-8F2A7622-1-200x133.jpg 200w, https:\/\/royalfamily.org\/wp-content\/uploads\/2022\/06\/1-8F2A7622-1-400x267.jpg 400w, https:\/\/royalfamily.org\/wp-content\/uploads\/2022\/06\/1-8F2A7622-1-600x400.jpg 600w, https:\/\/royalfamily.org\/wp-content\/uploads\/2022\/06\/1-8F2A7622-1-800x533.jpg 800w, https:\/\/royalfamily.org\/wp-content\/uploads\/2022\/06\/1-8F2A7622-1-1200x800.jpg 1200w, https:\/\/royalfamily.org\/wp-content\/uploads\/2022\/06\/1-8F2A7622-1.jpg 1772w\" sizes=\"(min-width: 2200px) 100vw, (min-width: 1008px) 232px, (min-width: 916px) 290px, (min-width: 824px) 387px, (min-width: 732px) 580px, (min-width: 640px) 732px, \" \/><\/a><\/div><\/div><div style=\"padding:5px;\" class=\"fusion-grid-column fusion-gallery-column fusion-gallery-column-5 hover-type-none\"><div class=\"fusion-gallery-image\"><a href=\"https:\/\/royalfamily.org\/wp-content\/uploads\/2022\/06\/2-8F2A7623-1.jpg\" data-caption=\"Prijem na Kraljevskom dvoru za KFK Ravna Gora\" rel=\"noreferrer\" data-rel=\"iLightbox[gallery_image_1]\" class=\"fusion-lightbox\" target=\"_self\"><img decoding=\"async\" src=\"https:\/\/royalfamily.org\/wp-content\/uploads\/2022\/06\/2-8F2A7623-1.jpg\" width=\"1772\" height=\"1181\" alt=\"\" title=\"2 &#8211; 8F2A7623\" aria-label=\"2 &#8211; 8F2A7623\" class=\"img-responsive wp-image-83041\" srcset=\"https:\/\/royalfamily.org\/wp-content\/uploads\/2022\/06\/2-8F2A7623-1-200x133.jpg 200w, https:\/\/royalfamily.org\/wp-content\/uploads\/2022\/06\/2-8F2A7623-1-400x267.jpg 400w, https:\/\/royalfamily.org\/wp-content\/uploads\/2022\/06\/2-8F2A7623-1-600x400.jpg 600w, https:\/\/royalfamily.org\/wp-content\/uploads\/2022\/06\/2-8F2A7623-1-800x533.jpg 800w, https:\/\/royalfamily.org\/wp-content\/uploads\/2022\/06\/2-8F2A7623-1-1200x800.jpg 1200w, https:\/\/royalfamily.org\/wp-content\/uploads\/2022\/06\/2-8F2A7623-1.jpg 1772w\" sizes=\"(min-width: 2200px) 100vw, (min-width: 1008px) 232px, (min-width: 916px) 290px, (min-width: 824px) 387px, (min-width: 732px) 580px, (min-width: 640px) 732px, \" \/><\/a><\/div><\/div><div style=\"padding:5px;\" class=\"fusion-grid-column fusion-gallery-column fusion-gallery-column-5 hover-type-none\"><div class=\"fusion-gallery-image\"><a href=\"https:\/\/royalfamily.org\/wp-content\/uploads\/2022\/06\/4-8F2A7655-1.jpg\" data-caption=\"Prijem na Kraljevskom dvoru za KFK Ravna Gora\" rel=\"noreferrer\" data-rel=\"iLightbox[gallery_image_1]\" class=\"fusion-lightbox\" target=\"_self\"><img decoding=\"async\" src=\"https:\/\/royalfamily.org\/wp-content\/uploads\/2022\/06\/4-8F2A7655-1.jpg\" width=\"1772\" height=\"1181\" alt=\"\" title=\"4 &#8211; 8F2A7655\" aria-label=\"4 &#8211; 8F2A7655\" class=\"img-responsive wp-image-83038\" srcset=\"https:\/\/royalfamily.org\/wp-content\/uploads\/2022\/06\/4-8F2A7655-1-200x133.jpg 200w, https:\/\/royalfamily.org\/wp-content\/uploads\/2022\/06\/4-8F2A7655-1-400x267.jpg 400w, https:\/\/royalfamily.org\/wp-content\/uploads\/2022\/06\/4-8F2A7655-1-600x400.jpg 600w, https:\/\/royalfamily.org\/wp-content\/uploads\/2022\/06\/4-8F2A7655-1-800x533.jpg 800w, https:\/\/royalfamily.org\/wp-content\/uploads\/2022\/06\/4-8F2A7655-1-1200x800.jpg 1200w, https:\/\/royalfamily.org\/wp-content\/uploads\/2022\/06\/4-8F2A7655-1.jpg 1772w\" sizes=\"(min-width: 2200px) 100vw, (min-width: 1008px) 232px, (min-width: 916px) 290px, (min-width: 824px) 387px, (min-width: 732px) 580px, (min-width: 640px) 732px, \" \/><\/a><\/div><\/div><div style=\"padding:5px;\" class=\"fusion-grid-column fusion-gallery-column fusion-gallery-column-5 hover-type-none\"><div class=\"fusion-gallery-image\"><a href=\"https:\/\/royalfamily.org\/wp-content\/uploads\/2022\/06\/3-8F2A7627-1.jpg\" data-caption=\"Prijem na Kraljevskom dvoru za KFK Ravna Gora\" rel=\"noreferrer\" data-rel=\"iLightbox[gallery_image_1]\" class=\"fusion-lightbox\" target=\"_self\"><img decoding=\"async\" src=\"https:\/\/royalfamily.org\/wp-content\/uploads\/2022\/06\/3-8F2A7627-1.jpg\" width=\"1772\" height=\"1181\" alt=\"\" title=\"3 &#8211; 8F2A7627\" aria-label=\"3 &#8211; 8F2A7627\" class=\"img-responsive wp-image-83035\" srcset=\"https:\/\/royalfamily.org\/wp-content\/uploads\/2022\/06\/3-8F2A7627-1-200x133.jpg 200w, https:\/\/royalfamily.org\/wp-content\/uploads\/2022\/06\/3-8F2A7627-1-400x267.jpg 400w, https:\/\/royalfamily.org\/wp-content\/uploads\/2022\/06\/3-8F2A7627-1-600x400.jpg 600w, https:\/\/royalfamily.org\/wp-content\/uploads\/2022\/06\/3-8F2A7627-1-800x533.jpg 800w, https:\/\/royalfamily.org\/wp-content\/uploads\/2022\/06\/3-8F2A7627-1-1200x800.jpg 1200w, https:\/\/royalfamily.org\/wp-content\/uploads\/2022\/06\/3-8F2A7627-1.jpg 1772w\" sizes=\"(min-width: 2200px) 100vw, (min-width: 1008px) 232px, (min-width: 916px) 290px, (min-width: 824px) 387px, (min-width: 732px) 580px, (min-width: 640px) 732px, \" \/><\/a><\/div><\/div><div style=\"padding:5px;\" class=\"fusion-grid-column fusion-gallery-column fusion-gallery-column-5 hover-type-none\"><div class=\"fusion-gallery-image\"><a href=\"https:\/\/royalfamily.org\/wp-content\/uploads\/2022\/06\/5-8F2A7660.jpg\" data-caption=\"Prijem na Kraljevskom dvoru za KFK Ravna Gora\" rel=\"noreferrer\" data-rel=\"iLightbox[gallery_image_1]\" class=\"fusion-lightbox\" target=\"_self\"><img decoding=\"async\" src=\"https:\/\/royalfamily.org\/wp-content\/uploads\/2022\/06\/5-8F2A7660.jpg\" width=\"1772\" height=\"1181\" alt=\"\" title=\"5 &#8211; 8F2A7660\" aria-label=\"5 &#8211; 8F2A7660\" class=\"img-responsive wp-image-83026\" srcset=\"https:\/\/royalfamily.org\/wp-content\/uploads\/2022\/06\/5-8F2A7660-200x133.jpg 200w, https:\/\/royalfamily.org\/wp-content\/uploads\/2022\/06\/5-8F2A7660-400x267.jpg 400w, https:\/\/royalfamily.org\/wp-content\/uploads\/2022\/06\/5-8F2A7660-600x400.jpg 600w, https:\/\/royalfamily.org\/wp-content\/uploads\/2022\/06\/5-8F2A7660-800x533.jpg 800w, https:\/\/royalfamily.org\/wp-content\/uploads\/2022\/06\/5-8F2A7660-1200x800.jpg 1200w, https:\/\/royalfamily.org\/wp-content\/uploads\/2022\/06\/5-8F2A7660.jpg 1772w\" sizes=\"(min-width: 2200px) 100vw, (min-width: 1008px) 232px, (min-width: 916px) 290px, (min-width: 824px) 387px, (min-width: 732px) 580px, (min-width: 640px) 732px, \" \/><\/a><\/div><\/div><div class=\"clearfix\"><\/div><\/div><\/div><\/div><\/div><\/div><\/div>\n","protected":false},"excerpt":{"rendered":"","protected":false},"author":1,"featured_media":83050,"comment_status":"closed","ping_status":"closed","sticky":false,"template":"","format":"standard","meta":{"_acf_changed":false,"footnotes":""},"categories":[22],"tags":[],"class_list":["post-83056","post","type-post","status-publish","format-standard","has-post-thumbnail","hentry","category-vesti"],"acf":[],"yoast_head":"<!-- This site is optimized with the Yoast SEO Premium plugin v27.4 (Yoast SEO v27.4) - https:\/\/yoast.com\/product\/yoast-seo-premium-wordpress\/ -->\n<title>PRIJEM \u041aOD PRESTOLONASLEDNI\u041aA ZA F\u041a \u201eRAVNA GORA\u201c - The Royal Family of Serbia<\/title>\n<meta name=\"robots\" content=\"index, follow, max-snippet:-1, max-image-preview:large, max-video-preview:-1\" \/>\n<link rel=\"canonical\" href=\"https:\/\/royalfamily.org\/lat\/prijem-kod-prestolonaslednika-za-fk-ravna-gora\/\" \/>\n<meta property=\"og:locale\" content=\"en_US\" \/>\n<meta property=\"og:type\" content=\"article\" \/>\n<meta property=\"og:title\" content=\"PRIJEM \u041aOD PRESTOLONASLEDNI\u041aA ZA F\u041a \u201eRAVNA GORA\u201c\" \/>\n<meta property=\"og:url\" content=\"https:\/\/royalfamily.org\/lat\/prijem-kod-prestolonaslednika-za-fk-ravna-gora\/\" \/>\n<meta property=\"og:site_name\" content=\"The Royal Family of Serbia\" \/>\n<meta property=\"article:publisher\" content=\"https:\/\/www.facebook.com\/Prestolonaslednik.Aleksandar\" \/>\n<meta property=\"article:published_time\" content=\"2022-06-18T15:34:10+00:00\" \/>\n<meta property=\"article:modified_time\" content=\"2022-06-20T06:02:31+00:00\" \/>\n<meta property=\"og:image\" content=\"https:\/\/royalfamily.org\/wp-content\/uploads\/2022\/06\/COVER-Rav-Gora-1.jpg\" \/>\n\t<meta property=\"og:image:width\" content=\"740\" \/>\n\t<meta property=\"og:image:height\" content=\"360\" \/>\n\t<meta property=\"og:image:type\" content=\"image\/jpeg\" \/>\n<meta name=\"author\" content=\"Web Royal\" \/>\n<meta name=\"twitter:card\" content=\"summary_large_image\" \/>\n<meta name=\"twitter:label1\" content=\"Written by\" \/>\n\t<meta name=\"twitter:data1\" content=\"Web Royal\" \/>\n\t<meta name=\"twitter:label2\" content=\"Est. reading time\" \/>\n\t<meta name=\"twitter:data2\" content=\"3 minutes\" \/>\n<script type=\"application\/ld+json\" class=\"yoast-schema-graph\">{\"@context\":\"https:\\\/\\\/schema.org\",\"@graph\":[{\"@type\":\"Article\",\"@id\":\"https:\\\/\\\/royalfamily.org\\\/lat\\\/prijem-kod-prestolonaslednika-za-fk-ravna-gora\\\/#article\",\"isPartOf\":{\"@id\":\"https:\\\/\\\/royalfamily.org\\\/lat\\\/prijem-kod-prestolonaslednika-za-fk-ravna-gora\\\/\"},\"author\":{\"name\":\"Web Royal\",\"@id\":\"https:\\\/\\\/royalfamily.org\\\/#\\\/schema\\\/person\\\/49383a0c31232a928463939891db1ad5\"},\"headline\":\"PRIJEM \u041aOD PRESTOLONASLEDNI\u041aA ZA F\u041a \u201eRAVNA GORA\u201c\",\"datePublished\":\"2022-06-18T15:34:10+00:00\",\"dateModified\":\"2022-06-20T06:02:31+00:00\",\"mainEntityOfPage\":{\"@id\":\"https:\\\/\\\/royalfamily.org\\\/lat\\\/prijem-kod-prestolonaslednika-za-fk-ravna-gora\\\/\"},\"wordCount\":876,\"publisher\":{\"@id\":\"https:\\\/\\\/royalfamily.org\\\/#organization\"},\"image\":{\"@id\":\"https:\\\/\\\/royalfamily.org\\\/lat\\\/prijem-kod-prestolonaslednika-za-fk-ravna-gora\\\/#primaryimage\"},\"thumbnailUrl\":\"https:\\\/\\\/royalfamily.org\\\/wp-content\\\/uploads\\\/2022\\\/06\\\/COVER-Rav-Gora-1.jpg\",\"articleSection\":[\"Vesti\"],\"inLanguage\":\"sr-LT\"},{\"@type\":\"WebPage\",\"@id\":\"https:\\\/\\\/royalfamily.org\\\/lat\\\/prijem-kod-prestolonaslednika-za-fk-ravna-gora\\\/\",\"url\":\"https:\\\/\\\/royalfamily.org\\\/lat\\\/prijem-kod-prestolonaslednika-za-fk-ravna-gora\\\/\",\"name\":\"PRIJEM \u041aOD PRESTOLONASLEDNI\u041aA ZA F\u041a \u201eRAVNA GORA\u201c - The Royal Family of Serbia\",\"isPartOf\":{\"@id\":\"https:\\\/\\\/royalfamily.org\\\/#website\"},\"primaryImageOfPage\":{\"@id\":\"https:\\\/\\\/royalfamily.org\\\/lat\\\/prijem-kod-prestolonaslednika-za-fk-ravna-gora\\\/#primaryimage\"},\"image\":{\"@id\":\"https:\\\/\\\/royalfamily.org\\\/lat\\\/prijem-kod-prestolonaslednika-za-fk-ravna-gora\\\/#primaryimage\"},\"thumbnailUrl\":\"https:\\\/\\\/royalfamily.org\\\/wp-content\\\/uploads\\\/2022\\\/06\\\/COVER-Rav-Gora-1.jpg\",\"datePublished\":\"2022-06-18T15:34:10+00:00\",\"dateModified\":\"2022-06-20T06:02:31+00:00\",\"breadcrumb\":{\"@id\":\"https:\\\/\\\/royalfamily.org\\\/lat\\\/prijem-kod-prestolonaslednika-za-fk-ravna-gora\\\/#breadcrumb\"},\"inLanguage\":\"sr-LT\",\"potentialAction\":[{\"@type\":\"ReadAction\",\"target\":[\"https:\\\/\\\/royalfamily.org\\\/lat\\\/prijem-kod-prestolonaslednika-za-fk-ravna-gora\\\/\"]}]},{\"@type\":\"ImageObject\",\"inLanguage\":\"sr-LT\",\"@id\":\"https:\\\/\\\/royalfamily.org\\\/lat\\\/prijem-kod-prestolonaslednika-za-fk-ravna-gora\\\/#primaryimage\",\"url\":\"https:\\\/\\\/royalfamily.org\\\/wp-content\\\/uploads\\\/2022\\\/06\\\/COVER-Rav-Gora-1.jpg\",\"contentUrl\":\"https:\\\/\\\/royalfamily.org\\\/wp-content\\\/uploads\\\/2022\\\/06\\\/COVER-Rav-Gora-1.jpg\",\"width\":740,\"height\":360},{\"@type\":\"BreadcrumbList\",\"@id\":\"https:\\\/\\\/royalfamily.org\\\/lat\\\/prijem-kod-prestolonaslednika-za-fk-ravna-gora\\\/#breadcrumb\",\"itemListElement\":[{\"@type\":\"ListItem\",\"position\":1,\"name\":\"Home\",\"item\":\"https:\\\/\\\/royalfamily.org\\\/lat\\\/\"},{\"@type\":\"ListItem\",\"position\":2,\"name\":\"PRIJEM \u041aOD PRESTOLONASLEDNI\u041aA ZA F\u041a \u201eRAVNA GORA\u201c\"}]},{\"@type\":\"WebSite\",\"@id\":\"https:\\\/\\\/royalfamily.org\\\/#website\",\"url\":\"https:\\\/\\\/royalfamily.org\\\/\",\"name\":\"The Royal Family of Serbia\",\"description\":\"From the people, for the people\",\"publisher\":{\"@id\":\"https:\\\/\\\/royalfamily.org\\\/#organization\"},\"potentialAction\":[{\"@type\":\"SearchAction\",\"target\":{\"@type\":\"EntryPoint\",\"urlTemplate\":\"https:\\\/\\\/royalfamily.org\\\/?s={search_term_string}\"},\"query-input\":{\"@type\":\"PropertyValueSpecification\",\"valueRequired\":true,\"valueName\":\"search_term_string\"}}],\"inLanguage\":\"sr-LT\"},{\"@type\":\"Organization\",\"@id\":\"https:\\\/\\\/royalfamily.org\\\/#organization\",\"name\":\"Royal Family\",\"url\":\"https:\\\/\\\/royalfamily.org\\\/\",\"logo\":{\"@type\":\"ImageObject\",\"inLanguage\":\"sr-LT\",\"@id\":\"https:\\\/\\\/royalfamily.org\\\/#\\\/schema\\\/logo\\\/image\\\/\",\"url\":\"https:\\\/\\\/royalfamily.org\\\/wp-content\\\/uploads\\\/2019\\\/04\\\/logo-vector-02-V-latinica.png\",\"contentUrl\":\"https:\\\/\\\/royalfamily.org\\\/wp-content\\\/uploads\\\/2019\\\/04\\\/logo-vector-02-V-latinica.png\",\"width\":552,\"height\":99,\"caption\":\"Royal Family\"},\"image\":{\"@id\":\"https:\\\/\\\/royalfamily.org\\\/#\\\/schema\\\/logo\\\/image\\\/\"},\"sameAs\":[\"https:\\\/\\\/www.facebook.com\\\/Prestolonaslednik.Aleksandar\"]},{\"@type\":\"Person\",\"@id\":\"https:\\\/\\\/royalfamily.org\\\/#\\\/schema\\\/person\\\/49383a0c31232a928463939891db1ad5\",\"name\":\"Web Royal\",\"image\":{\"@type\":\"ImageObject\",\"inLanguage\":\"sr-LT\",\"@id\":\"https:\\\/\\\/secure.gravatar.com\\\/avatar\\\/8dbdbae4ed2a898dcf0dcd9d01bf41782c405af026744c66e6a62d6235a20271?s=96&d=mm&r=g\",\"url\":\"https:\\\/\\\/secure.gravatar.com\\\/avatar\\\/8dbdbae4ed2a898dcf0dcd9d01bf41782c405af026744c66e6a62d6235a20271?s=96&d=mm&r=g\",\"contentUrl\":\"https:\\\/\\\/secure.gravatar.com\\\/avatar\\\/8dbdbae4ed2a898dcf0dcd9d01bf41782c405af026744c66e6a62d6235a20271?s=96&d=mm&r=g\",\"caption\":\"Web Royal\"}}]}<\/script>\n<!-- \/ Yoast SEO Premium plugin. -->","yoast_head_json":{"title":"PRIJEM \u041aOD PRESTOLONASLEDNI\u041aA ZA F\u041a \u201eRAVNA GORA\u201c - The Royal Family of Serbia","robots":{"index":"index","follow":"follow","max-snippet":"max-snippet:-1","max-image-preview":"max-image-preview:large","max-video-preview":"max-video-preview:-1"},"canonical":"https:\/\/royalfamily.org\/lat\/prijem-kod-prestolonaslednika-za-fk-ravna-gora\/","og_locale":"en_US","og_type":"article","og_title":"PRIJEM \u041aOD PRESTOLONASLEDNI\u041aA ZA F\u041a \u201eRAVNA GORA\u201c","og_url":"https:\/\/royalfamily.org\/lat\/prijem-kod-prestolonaslednika-za-fk-ravna-gora\/","og_site_name":"The Royal Family of Serbia","article_publisher":"https:\/\/www.facebook.com\/Prestolonaslednik.Aleksandar","article_published_time":"2022-06-18T15:34:10+00:00","article_modified_time":"2022-06-20T06:02:31+00:00","og_image":[{"width":740,"height":360,"url":"https:\/\/royalfamily.org\/wp-content\/uploads\/2022\/06\/COVER-Rav-Gora-1.jpg","type":"image\/jpeg"}],"author":"Web Royal","twitter_card":"summary_large_image","twitter_misc":{"Written by":"Web Royal","Est. reading time":"3 minutes"},"schema":{"@context":"https:\/\/schema.org","@graph":[{"@type":"Article","@id":"https:\/\/royalfamily.org\/lat\/prijem-kod-prestolonaslednika-za-fk-ravna-gora\/#article","isPartOf":{"@id":"https:\/\/royalfamily.org\/lat\/prijem-kod-prestolonaslednika-za-fk-ravna-gora\/"},"author":{"name":"Web Royal","@id":"https:\/\/royalfamily.org\/#\/schema\/person\/49383a0c31232a928463939891db1ad5"},"headline":"PRIJEM \u041aOD PRESTOLONASLEDNI\u041aA ZA F\u041a \u201eRAVNA GORA\u201c","datePublished":"2022-06-18T15:34:10+00:00","dateModified":"2022-06-20T06:02:31+00:00","mainEntityOfPage":{"@id":"https:\/\/royalfamily.org\/lat\/prijem-kod-prestolonaslednika-za-fk-ravna-gora\/"},"wordCount":876,"publisher":{"@id":"https:\/\/royalfamily.org\/#organization"},"image":{"@id":"https:\/\/royalfamily.org\/lat\/prijem-kod-prestolonaslednika-za-fk-ravna-gora\/#primaryimage"},"thumbnailUrl":"https:\/\/royalfamily.org\/wp-content\/uploads\/2022\/06\/COVER-Rav-Gora-1.jpg","articleSection":["Vesti"],"inLanguage":"sr-LT"},{"@type":"WebPage","@id":"https:\/\/royalfamily.org\/lat\/prijem-kod-prestolonaslednika-za-fk-ravna-gora\/","url":"https:\/\/royalfamily.org\/lat\/prijem-kod-prestolonaslednika-za-fk-ravna-gora\/","name":"PRIJEM \u041aOD PRESTOLONASLEDNI\u041aA ZA F\u041a \u201eRAVNA GORA\u201c - The Royal Family of Serbia","isPartOf":{"@id":"https:\/\/royalfamily.org\/#website"},"primaryImageOfPage":{"@id":"https:\/\/royalfamily.org\/lat\/prijem-kod-prestolonaslednika-za-fk-ravna-gora\/#primaryimage"},"image":{"@id":"https:\/\/royalfamily.org\/lat\/prijem-kod-prestolonaslednika-za-fk-ravna-gora\/#primaryimage"},"thumbnailUrl":"https:\/\/royalfamily.org\/wp-content\/uploads\/2022\/06\/COVER-Rav-Gora-1.jpg","datePublished":"2022-06-18T15:34:10+00:00","dateModified":"2022-06-20T06:02:31+00:00","breadcrumb":{"@id":"https:\/\/royalfamily.org\/lat\/prijem-kod-prestolonaslednika-za-fk-ravna-gora\/#breadcrumb"},"inLanguage":"sr-LT","potentialAction":[{"@type":"ReadAction","target":["https:\/\/royalfamily.org\/lat\/prijem-kod-prestolonaslednika-za-fk-ravna-gora\/"]}]},{"@type":"ImageObject","inLanguage":"sr-LT","@id":"https:\/\/royalfamily.org\/lat\/prijem-kod-prestolonaslednika-za-fk-ravna-gora\/#primaryimage","url":"https:\/\/royalfamily.org\/wp-content\/uploads\/2022\/06\/COVER-Rav-Gora-1.jpg","contentUrl":"https:\/\/royalfamily.org\/wp-content\/uploads\/2022\/06\/COVER-Rav-Gora-1.jpg","width":740,"height":360},{"@type":"BreadcrumbList","@id":"https:\/\/royalfamily.org\/lat\/prijem-kod-prestolonaslednika-za-fk-ravna-gora\/#breadcrumb","itemListElement":[{"@type":"ListItem","position":1,"name":"Home","item":"https:\/\/royalfamily.org\/lat\/"},{"@type":"ListItem","position":2,"name":"PRIJEM \u041aOD PRESTOLONASLEDNI\u041aA ZA F\u041a \u201eRAVNA GORA\u201c"}]},{"@type":"WebSite","@id":"https:\/\/royalfamily.org\/#website","url":"https:\/\/royalfamily.org\/","name":"The Royal Family of Serbia","description":"From the people, for the people","publisher":{"@id":"https:\/\/royalfamily.org\/#organization"},"potentialAction":[{"@type":"SearchAction","target":{"@type":"EntryPoint","urlTemplate":"https:\/\/royalfamily.org\/?s={search_term_string}"},"query-input":{"@type":"PropertyValueSpecification","valueRequired":true,"valueName":"search_term_string"}}],"inLanguage":"sr-LT"},{"@type":"Organization","@id":"https:\/\/royalfamily.org\/#organization","name":"Royal Family","url":"https:\/\/royalfamily.org\/","logo":{"@type":"ImageObject","inLanguage":"sr-LT","@id":"https:\/\/royalfamily.org\/#\/schema\/logo\/image\/","url":"https:\/\/royalfamily.org\/wp-content\/uploads\/2019\/04\/logo-vector-02-V-latinica.png","contentUrl":"https:\/\/royalfamily.org\/wp-content\/uploads\/2019\/04\/logo-vector-02-V-latinica.png","width":552,"height":99,"caption":"Royal Family"},"image":{"@id":"https:\/\/royalfamily.org\/#\/schema\/logo\/image\/"},"sameAs":["https:\/\/www.facebook.com\/Prestolonaslednik.Aleksandar"]},{"@type":"Person","@id":"https:\/\/royalfamily.org\/#\/schema\/person\/49383a0c31232a928463939891db1ad5","name":"Web Royal","image":{"@type":"ImageObject","inLanguage":"sr-LT","@id":"https:\/\/secure.gravatar.com\/avatar\/8dbdbae4ed2a898dcf0dcd9d01bf41782c405af026744c66e6a62d6235a20271?s=96&d=mm&r=g","url":"https:\/\/secure.gravatar.com\/avatar\/8dbdbae4ed2a898dcf0dcd9d01bf41782c405af026744c66e6a62d6235a20271?s=96&d=mm&r=g","contentUrl":"https:\/\/secure.gravatar.com\/avatar\/8dbdbae4ed2a898dcf0dcd9d01bf41782c405af026744c66e6a62d6235a20271?s=96&d=mm&r=g","caption":"Web Royal"}}]}},"_links":{"self":[{"href":"https:\/\/royalfamily.org\/lat\/wp-json\/wp\/v2\/posts\/83056","targetHints":{"allow":["GET"]}}],"collection":[{"href":"https:\/\/royalfamily.org\/lat\/wp-json\/wp\/v2\/posts"}],"about":[{"href":"https:\/\/royalfamily.org\/lat\/wp-json\/wp\/v2\/types\/post"}],"author":[{"embeddable":true,"href":"https:\/\/royalfamily.org\/lat\/wp-json\/wp\/v2\/users\/1"}],"replies":[{"embeddable":true,"href":"https:\/\/royalfamily.org\/lat\/wp-json\/wp\/v2\/comments?post=83056"}],"version-history":[{"count":2,"href":"https:\/\/royalfamily.org\/lat\/wp-json\/wp\/v2\/posts\/83056\/revisions"}],"predecessor-version":[{"id":83062,"href":"https:\/\/royalfamily.org\/lat\/wp-json\/wp\/v2\/posts\/83056\/revisions\/83062"}],"wp:featuredmedia":[{"embeddable":true,"href":"https:\/\/royalfamily.org\/lat\/wp-json\/wp\/v2\/media\/83050"}],"wp:attachment":[{"href":"https:\/\/royalfamily.org\/lat\/wp-json\/wp\/v2\/media?parent=83056"}],"wp:term":[{"taxonomy":"category","embeddable":true,"href":"https:\/\/royalfamily.org\/lat\/wp-json\/wp\/v2\/categories?post=83056"},{"taxonomy":"post_tag","embeddable":true,"href":"https:\/\/royalfamily.org\/lat\/wp-json\/wp\/v2\/tags?post=83056"}],"curies":[{"name":"wp","href":"https:\/\/api.w.org\/{rel}","templated":true}]}}