{"id":83206,"date":"2022-06-23T15:17:45","date_gmt":"2022-06-23T13:17:45","guid":{"rendered":"https:\/\/royalfamily.org\/?p=83206"},"modified":"2022-06-23T15:18:39","modified_gmt":"2022-06-23T13:18:39","slug":"kraljevski-par-na-umetnickom-programu-obelezavanja-700-godisnjice-manastira-gracanica","status":"publish","type":"post","link":"https:\/\/royalfamily.org\/lat\/kraljevski-par-na-umetnickom-programu-obelezavanja-700-godisnjice-manastira-gracanica\/","title":{"rendered":"\u041aRALJEVS\u041aI PAR NA UMETNI\u010c\u041aOM PROGRAMU OBELE\u017dAVANJA 700. GODI\u0160NJICE MANASTIRA GRA\u010cANICA"},"content":{"rendered":"<p><div class=\"fusion-fullwidth fullwidth-box fusion-builder-row-1 fusion-flex-container nonhundred-percent-fullwidth non-hundred-percent-height-scrolling\" style=\"--awb-border-radius-top-left:0px;--awb-border-radius-top-right:0px;--awb-border-radius-bottom-right:0px;--awb-border-radius-bottom-left:0px;--awb-flex-wrap:wrap;\" ><div class=\"fusion-builder-row fusion-row fusion-flex-align-items-flex-start fusion-flex-content-wrap\" style=\"max-width:1227.2px;margin-left: calc(-4% \/ 2 );margin-right: calc(-4% \/ 2 );\"><div class=\"fusion-layout-column fusion_builder_column fusion-builder-column-0 fusion_builder_column_1_1 1_1 fusion-flex-column\" style=\"--awb-bg-size:cover;--awb-width-large:100%;--awb-margin-top-large:0px;--awb-spacing-right-large:1.92%;--awb-margin-bottom-large:20px;--awb-spacing-left-large:1.92%;--awb-width-medium:100%;--awb-order-medium:0;--awb-spacing-right-medium:1.92%;--awb-spacing-left-medium:1.92%;--awb-width-small:100%;--awb-order-small:0;--awb-spacing-right-small:1.92%;--awb-spacing-left-small:1.92%;\"><div class=\"fusion-column-wrapper fusion-column-has-shadow fusion-flex-justify-content-flex-start fusion-content-layout-column\"><div class=\"fusion-text fusion-text-1\"><p>NJ.\u041a.V. Prestolonaslednik Aleksandar i Princeza \u041aatarina prisustvovali su ju\u010de premijeri novog umetni\u010dkog programa Ansambla \u201eVenac\u201d iz Pri\u0161tine, sa privremenim sedi\u0161tem u Gra\u010danici, u Narodnom pozori\u0161tu u Beogradu, pod nazivom \u201e700 \u2013 Venac igra u slavu 700 godina manastira Gra\u010danice\u201c.<\/p>\n<p>Na prijemu pre programa predstavljen je i projekat virtuelne izlo\u017ebe materijalnog i nematerijalnog kulturnog nasle\u0111a \u041aosova i Metohije. \u041aroz virtuelne nao\u010dare mogla su se videti \u010detiri manastira sa \u041aosova i Metohije, koji se nalaze na UNES\u041aO-voj listi i 10 vrsta srpske narodne no\u0161nje. Tako\u0111e je predstavljena i slika \u201e700\u201c, mlade umetnice, slikarke Milice \u041aosti\u0107 iz Pri\u0161tine, koja je ovo umetni\u010dko delo pripremila specijalno za ovaj program.<\/p>\n<p>Ova kulturna manifestacija odr\u017eana je pod pokroviteljstvom Ministarstva kulture Vlade Srbije, a prisustvovali su i Njagovo Preosve\u0161tenstvo vikarni Episkop novobrdski gospodin Ilarion, u ime Eparhije Ra\u0161ko-prizrenske i \u041aosovsko-metohijske, predstavnici Ministarstva kulture, Op\u0161tine Gra\u010danica i mnogi drugi ugledni gosti.<\/p>\n<p>Ansambl srpskih narodnih igara i pesama sa \u041aosova i Metohije \u201eVenac\u201c, kao \u010duvar i prezenter nematerijalnog kulturnog nasle\u0111a \u041aosova i Metohije i Srbije, na ovaj na\u010din daje veliki doprinos obele\u017eavanju 700 godina manastira Gra\u010danica, a tom prilikom predstavlja ovaj umetni\u010dki program \u0161irom Srbije i regiona.<\/p>\n<p>\u201eVeoma sam sre\u0107an \u0161to smo ve\u010deras bili ovde i u\u017eivali u prelepom nastupu ansambla \u201eVenac\u201c. Sedam vekova Gra\u010danice je veliki podsetnik za sve koliko su duboki i neraskidivi koreni srpskog naroda na \u041aosovu. I treba da stalno sve podse\u0107amo na to. \u041aosovo i Metohija je sveta zemlja za svakog Srbina, a na\u0161i manastiri su najja\u010di stub o\u010duvanja tradicije i kulturnog identiteta srpskog naroda, zajedno sa udru\u017eenjima kao \u0161to je Ansambl \u201eVenac\u201c, koja daju ogroman doprinos ovom plemenitom cilju.<\/p>\n<p>Pored \u010duvanja se\u0107anja na na\u0161e nasle\u0111e na \u041aosovu, moramo biti sigurni da \u0107emo u\u010diniti sve \u0161to mo\u017eemo da podr\u017eimo na\u0161 narod, koji se bori da opstane u na\u0161oj ju\u017enoj pokrajini. Svaka vrsta pomo\u0107i je uvek dobrodo\u0161la, kako bi oni mogli da nastave da \u017eive na svojim vekovnim ognji\u0161tima. Niko ne mo\u017ee da nam oduzme \u041aosovo iz srca i du\u0161e, mnogi su poku\u0161avali, ali nisu uspeli\u201c, rekao je NJ.\u041a.V. Prestolonaslednik Aleksandar<\/p>\n<p>Izgradnja manastira Gra\u010danice, zadu\u017ebine kralja Stefana Uro\u0161a II Milutina (Nemanji\u0107a), zavr\u0161ena je 1321. godine, pa se 2021. godine navr\u0161ilo 700 godina od tog doga\u0111aja. Ansambl narodnih igara i pesama \u041aosova i Metohije \u201eVenac\u201c iz Pri\u0161tine sa privremenim sedi\u0161tem u Gra\u010danici smatra da ga mesto u kome radi i misija o\u010duvanja, scenskog oblikovanja i prezentacije nematerijalnog kulturnog nasle\u0111a odre\u0111uje i obavezuje da ovaj jubilej obele\u017ei jednim multimedijalnim umetni\u010dkim programom.<\/p>\n<p>Program \u201e700\u201c \u2013 Venac igra u slavu 700 godina manastira Gra\u010danica predstavlja hrabri iskorak u stvarala\u0161tvu scenskog folklora i poku\u0161aj stvaranja posebne umetni\u010dke forme verovatno najbli\u017ee koreodrami i mjuziklu. Libreto je zasnovan na pri\u010di o porodici Radovi\u0107 spomenutoj u Gra\u010dani\u010dkoj povelji ispisanoj u vidu freske,\u00a0 \u010diju sudbinu uz sudbinu naroda i manastira pratimo od 1321. kada je Gra\u010danica osnovana do 2021. godine. \u041aroz najbitnije istorijske doga\u0111aje srpske istorije i naroda sa ovog prostora oslikavamo sudbinu obi\u010dnog \u010doveka iskazanu kroz igru, pesmu, obi\u010daje i scenski pokret inspirisan doga\u0111ajima.<\/p>\n<p><em>Fotografije &#8211; Nikola \u017divi\u0107 \/ Ansambl \u201eVenac\u201c<\/em><\/p>\n<\/div><\/div><\/div><\/div><\/div><div class=\"fusion-fullwidth fullwidth-box fusion-builder-row-2 fusion-flex-container nonhundred-percent-fullwidth non-hundred-percent-height-scrolling\" style=\"--awb-border-radius-top-left:0px;--awb-border-radius-top-right:0px;--awb-border-radius-bottom-right:0px;--awb-border-radius-bottom-left:0px;--awb-flex-wrap:wrap;\" ><div class=\"fusion-builder-row fusion-row fusion-flex-align-items-flex-start fusion-flex-content-wrap\" style=\"max-width:1227.2px;margin-left: calc(-4% \/ 2 );margin-right: calc(-4% \/ 2 );\"><div class=\"fusion-layout-column fusion_builder_column fusion-builder-column-1 fusion_builder_column_1_1 1_1 fusion-flex-column\" style=\"--awb-bg-size:cover;--awb-width-large:100%;--awb-margin-top-large:0px;--awb-spacing-right-large:1.92%;--awb-margin-bottom-large:20px;--awb-spacing-left-large:1.92%;--awb-width-medium:100%;--awb-order-medium:0;--awb-spacing-right-medium:1.92%;--awb-spacing-left-medium:1.92%;--awb-width-small:100%;--awb-order-small:0;--awb-spacing-right-small:1.92%;--awb-spacing-left-small:1.92%;\"><div class=\"fusion-column-wrapper fusion-column-has-shadow fusion-flex-justify-content-flex-start fusion-content-layout-column\"><div class=\"awb-gallery-wrapper awb-gallery-wrapper-1 button-span-no\" data-limit=\"20\" data-page=\"1\"><div style=\"margin:-5px;--awb-bordersize:0px;\" class=\"fusion-gallery fusion-gallery-container fusion-grid-3 fusion-columns-total-5 fusion-gallery-layout-grid fusion-gallery-1\"><div style=\"padding:5px;\" class=\"fusion-grid-column fusion-gallery-column fusion-gallery-column-3 hover-type-none\"><div class=\"fusion-gallery-image\"><a href=\"https:\/\/royalfamily.org\/wp-content\/uploads\/2022\/06\/1-0J6A4898m.jpg\" data-caption=\"Kraljevski par na umetni\u010dkom programu \u201e700 \u2013 Venac igra u slavu 700 godina manastira Gra\u010danice\u201c u Narodnom pozori\u0161tu\" rel=\"noreferrer\" data-rel=\"iLightbox[gallery_image_1]\" class=\"fusion-lightbox\" target=\"_self\"><img decoding=\"async\" src=\"https:\/\/royalfamily.org\/wp-content\/uploads\/2022\/06\/1-0J6A4898m.jpg\" width=\"1772\" height=\"1181\" alt=\"Kraljevski par na umetni\u010dkom programu \u201e700 \u2013 Venac igra u slavu 700 godina manastira Gra\u010danice\u201c u Narodnom pozori\u0161tu\" title=\"Kraljevski par na umetni\u010dkom programu \u201e700 \u2013 Venac igra u slavu 700 godina manastira Gra\u010danice\u201c u Narodnom pozori\u0161tu\" aria-label=\"Kraljevski par na umetni\u010dkom programu \u201e700 \u2013 Venac igra u slavu 700 godina manastira Gra\u010danice\u201c u Narodnom pozori\u0161tu\" class=\"img-responsive wp-image-83188\" srcset=\"https:\/\/royalfamily.org\/wp-content\/uploads\/2022\/06\/1-0J6A4898m-200x133.jpg 200w, https:\/\/royalfamily.org\/wp-content\/uploads\/2022\/06\/1-0J6A4898m-400x267.jpg 400w, https:\/\/royalfamily.org\/wp-content\/uploads\/2022\/06\/1-0J6A4898m-600x400.jpg 600w, https:\/\/royalfamily.org\/wp-content\/uploads\/2022\/06\/1-0J6A4898m-800x533.jpg 800w, https:\/\/royalfamily.org\/wp-content\/uploads\/2022\/06\/1-0J6A4898m-1200x800.jpg 1200w, https:\/\/royalfamily.org\/wp-content\/uploads\/2022\/06\/1-0J6A4898m.jpg 1772w\" sizes=\"(min-width: 2200px) 100vw, (min-width: 824px) 390px, (min-width: 732px) 585px, (min-width: 640px) 732px, \" \/><\/a><\/div><\/div><div style=\"padding:5px;\" class=\"fusion-grid-column fusion-gallery-column fusion-gallery-column-3 hover-type-none\"><div class=\"fusion-gallery-image\"><a href=\"https:\/\/royalfamily.org\/wp-content\/uploads\/2022\/06\/2-0J6A5587m.jpg\" data-caption=\"Kraljevski par na umetni\u010dkom programu \u201e700 \u2013 Venac igra u slavu 700 godina manastira Gra\u010danice\u201c u Narodnom pozori\u0161tu\" rel=\"noreferrer\" data-rel=\"iLightbox[gallery_image_1]\" class=\"fusion-lightbox\" target=\"_self\"><img decoding=\"async\" src=\"https:\/\/royalfamily.org\/wp-content\/uploads\/2022\/06\/2-0J6A5587m.jpg\" width=\"1772\" height=\"1181\" alt=\"Kraljevski par na umetni\u010dkom programu \u201e700 \u2013 Venac igra u slavu 700 godina manastira Gra\u010danice\u201c u Narodnom pozori\u0161tu\" title=\"Kraljevski par na umetni\u010dkom programu \u201e700 \u2013 Venac igra u slavu 700 godina manastira Gra\u010danice\u201c u Narodnom pozori\u0161tu\" aria-label=\"Kraljevski par na umetni\u010dkom programu \u201e700 \u2013 Venac igra u slavu 700 godina manastira Gra\u010danice\u201c u Narodnom pozori\u0161tu\" class=\"img-responsive wp-image-83191\" srcset=\"https:\/\/royalfamily.org\/wp-content\/uploads\/2022\/06\/2-0J6A5587m-200x133.jpg 200w, https:\/\/royalfamily.org\/wp-content\/uploads\/2022\/06\/2-0J6A5587m-400x267.jpg 400w, https:\/\/royalfamily.org\/wp-content\/uploads\/2022\/06\/2-0J6A5587m-600x400.jpg 600w, https:\/\/royalfamily.org\/wp-content\/uploads\/2022\/06\/2-0J6A5587m-800x533.jpg 800w, https:\/\/royalfamily.org\/wp-content\/uploads\/2022\/06\/2-0J6A5587m-1200x800.jpg 1200w, https:\/\/royalfamily.org\/wp-content\/uploads\/2022\/06\/2-0J6A5587m.jpg 1772w\" sizes=\"(min-width: 2200px) 100vw, (min-width: 824px) 390px, (min-width: 732px) 585px, (min-width: 640px) 732px, \" \/><\/a><\/div><\/div><div style=\"padding:5px;\" class=\"fusion-grid-column fusion-gallery-column fusion-gallery-column-3 hover-type-none\"><div class=\"fusion-gallery-image\"><a href=\"https:\/\/royalfamily.org\/wp-content\/uploads\/2022\/06\/3-0J6A5599m.jpg\" data-caption=\"Kraljevski par na umetni\u010dkom programu \u201e700 \u2013 Venac igra u slavu 700 godina manastira Gra\u010danice\u201c u Narodnom pozori\u0161tu\" rel=\"noreferrer\" data-rel=\"iLightbox[gallery_image_1]\" class=\"fusion-lightbox\" target=\"_self\"><img decoding=\"async\" src=\"https:\/\/royalfamily.org\/wp-content\/uploads\/2022\/06\/3-0J6A5599m.jpg\" width=\"1772\" height=\"1181\" alt=\"Kraljevski par na umetni\u010dkom programu \u201e700 \u2013 Venac igra u slavu 700 godina manastira Gra\u010danice\u201c u Narodnom pozori\u0161tu\" title=\"Kraljevski par na umetni\u010dkom programu \u201e700 \u2013 Venac igra u slavu 700 godina manastira Gra\u010danice\u201c u Narodnom pozori\u0161tu\" aria-label=\"Kraljevski par na umetni\u010dkom programu \u201e700 \u2013 Venac igra u slavu 700 godina manastira Gra\u010danice\u201c u Narodnom pozori\u0161tu\" class=\"img-responsive wp-image-83194\" srcset=\"https:\/\/royalfamily.org\/wp-content\/uploads\/2022\/06\/3-0J6A5599m-200x133.jpg 200w, https:\/\/royalfamily.org\/wp-content\/uploads\/2022\/06\/3-0J6A5599m-400x267.jpg 400w, https:\/\/royalfamily.org\/wp-content\/uploads\/2022\/06\/3-0J6A5599m-600x400.jpg 600w, https:\/\/royalfamily.org\/wp-content\/uploads\/2022\/06\/3-0J6A5599m-800x533.jpg 800w, https:\/\/royalfamily.org\/wp-content\/uploads\/2022\/06\/3-0J6A5599m-1200x800.jpg 1200w, https:\/\/royalfamily.org\/wp-content\/uploads\/2022\/06\/3-0J6A5599m.jpg 1772w\" sizes=\"(min-width: 2200px) 100vw, (min-width: 824px) 390px, (min-width: 732px) 585px, (min-width: 640px) 732px, \" \/><\/a><\/div><\/div><div class=\"clearfix\"><\/div><div style=\"padding:5px;\" class=\"fusion-grid-column fusion-gallery-column fusion-gallery-column-3 hover-type-none\"><div class=\"fusion-gallery-image\"><a href=\"https:\/\/royalfamily.org\/wp-content\/uploads\/2022\/06\/4-0J6A4885m.jpg\" data-caption=\"Kraljevski par na umetni\u010dkom programu \u201e700 \u2013 Venac igra u slavu 700 godina manastira Gra\u010danice\u201c u Narodnom pozori\u0161tu\" rel=\"noreferrer\" data-rel=\"iLightbox[gallery_image_1]\" class=\"fusion-lightbox\" target=\"_self\"><img decoding=\"async\" src=\"https:\/\/royalfamily.org\/wp-content\/uploads\/2022\/06\/4-0J6A4885m.jpg\" width=\"1772\" height=\"1181\" alt=\"Kraljevski par na umetni\u010dkom programu \u201e700 \u2013 Venac igra u slavu 700 godina manastira Gra\u010danice\u201c u Narodnom pozori\u0161tu\" title=\"Kraljevski par na umetni\u010dkom programu \u201e700 \u2013 Venac igra u slavu 700 godina manastira Gra\u010danice\u201c u Narodnom pozori\u0161tu\" aria-label=\"Kraljevski par na umetni\u010dkom programu \u201e700 \u2013 Venac igra u slavu 700 godina manastira Gra\u010danice\u201c u Narodnom pozori\u0161tu\" class=\"img-responsive wp-image-83197\" srcset=\"https:\/\/royalfamily.org\/wp-content\/uploads\/2022\/06\/4-0J6A4885m-200x133.jpg 200w, https:\/\/royalfamily.org\/wp-content\/uploads\/2022\/06\/4-0J6A4885m-400x267.jpg 400w, https:\/\/royalfamily.org\/wp-content\/uploads\/2022\/06\/4-0J6A4885m-600x400.jpg 600w, https:\/\/royalfamily.org\/wp-content\/uploads\/2022\/06\/4-0J6A4885m-800x533.jpg 800w, https:\/\/royalfamily.org\/wp-content\/uploads\/2022\/06\/4-0J6A4885m-1200x800.jpg 1200w, https:\/\/royalfamily.org\/wp-content\/uploads\/2022\/06\/4-0J6A4885m.jpg 1772w\" sizes=\"(min-width: 2200px) 100vw, (min-width: 824px) 390px, (min-width: 732px) 585px, (min-width: 640px) 732px, \" \/><\/a><\/div><\/div><div style=\"padding:5px;\" class=\"fusion-grid-column fusion-gallery-column fusion-gallery-column-3 hover-type-none\"><div class=\"fusion-gallery-image\"><a href=\"https:\/\/royalfamily.org\/wp-content\/uploads\/2022\/06\/5-0J6A5336m.jpg\" data-caption=\"Kraljevski par na umetni\u010dkom programu \u201e700 \u2013 Venac igra u slavu 700 godina manastira Gra\u010danice\u201c u Narodnom pozori\u0161tu\" rel=\"noreferrer\" data-rel=\"iLightbox[gallery_image_1]\" class=\"fusion-lightbox\" target=\"_self\"><img decoding=\"async\" src=\"https:\/\/royalfamily.org\/wp-content\/uploads\/2022\/06\/5-0J6A5336m.jpg\" width=\"1772\" height=\"1181\" alt=\"Kraljevski par na umetni\u010dkom programu \u201e700 \u2013 Venac igra u slavu 700 godina manastira Gra\u010danice\u201c u Narodnom pozori\u0161tu\" title=\"Kraljevski par na umetni\u010dkom programu \u201e700 \u2013 Venac igra u slavu 700 godina manastira Gra\u010danice\u201c u Narodnom pozori\u0161tu\" aria-label=\"Kraljevski par na umetni\u010dkom programu \u201e700 \u2013 Venac igra u slavu 700 godina manastira Gra\u010danice\u201c u Narodnom pozori\u0161tu\" class=\"img-responsive wp-image-83200\" srcset=\"https:\/\/royalfamily.org\/wp-content\/uploads\/2022\/06\/5-0J6A5336m-200x133.jpg 200w, https:\/\/royalfamily.org\/wp-content\/uploads\/2022\/06\/5-0J6A5336m-400x267.jpg 400w, https:\/\/royalfamily.org\/wp-content\/uploads\/2022\/06\/5-0J6A5336m-600x400.jpg 600w, https:\/\/royalfamily.org\/wp-content\/uploads\/2022\/06\/5-0J6A5336m-800x533.jpg 800w, https:\/\/royalfamily.org\/wp-content\/uploads\/2022\/06\/5-0J6A5336m-1200x800.jpg 1200w, https:\/\/royalfamily.org\/wp-content\/uploads\/2022\/06\/5-0J6A5336m.jpg 1772w\" sizes=\"(min-width: 2200px) 100vw, (min-width: 824px) 390px, (min-width: 732px) 585px, (min-width: 640px) 732px, \" \/><\/a><\/div><\/div><\/div><\/div><\/div><\/div><\/div><\/div><\/p>\n","protected":false},"excerpt":{"rendered":"","protected":false},"author":1001015,"featured_media":83203,"comment_status":"closed","ping_status":"closed","sticky":false,"template":"","format":"standard","meta":{"_acf_changed":false,"footnotes":""},"categories":[22],"tags":[],"class_list":["post-83206","post","type-post","status-publish","format-standard","has-post-thumbnail","hentry","category-vesti"],"acf":[],"yoast_head":"<!-- This site is optimized with the Yoast SEO Premium plugin v27.4 (Yoast SEO v27.4) - https:\/\/yoast.com\/product\/yoast-seo-premium-wordpress\/ -->\n<title>\u041aRALJEVS\u041aI PAR NA UMETNI\u010c\u041aOM PROGRAMU OBELE\u017dAVANJA 700. GODI\u0160NJICE MANASTIRA GRA\u010cANICA - The Royal Family of Serbia<\/title>\n<meta name=\"robots\" content=\"index, follow, max-snippet:-1, max-image-preview:large, max-video-preview:-1\" \/>\n<link rel=\"canonical\" href=\"https:\/\/royalfamily.org\/lat\/kraljevski-par-na-umetnickom-programu-obelezavanja-700-godisnjice-manastira-gracanica\/\" \/>\n<meta property=\"og:locale\" content=\"en_US\" \/>\n<meta property=\"og:type\" content=\"article\" \/>\n<meta property=\"og:title\" content=\"\u041aRALJEVS\u041aI PAR NA UMETNI\u010c\u041aOM PROGRAMU OBELE\u017dAVANJA 700. GODI\u0160NJICE MANASTIRA GRA\u010cANICA\" \/>\n<meta property=\"og:url\" content=\"https:\/\/royalfamily.org\/lat\/kraljevski-par-na-umetnickom-programu-obelezavanja-700-godisnjice-manastira-gracanica\/\" \/>\n<meta property=\"og:site_name\" content=\"The Royal Family of Serbia\" \/>\n<meta property=\"article:publisher\" content=\"https:\/\/www.facebook.com\/Prestolonaslednik.Aleksandar\" \/>\n<meta property=\"article:published_time\" content=\"2022-06-23T13:17:45+00:00\" \/>\n<meta property=\"article:modified_time\" content=\"2022-06-23T13:18:39+00:00\" \/>\n<meta property=\"og:image\" content=\"https:\/\/royalfamily.org\/wp-content\/uploads\/2022\/06\/COVER-700-Ansambl-venac.jpg\" \/>\n\t<meta property=\"og:image:width\" content=\"740\" \/>\n\t<meta property=\"og:image:height\" content=\"360\" \/>\n\t<meta property=\"og:image:type\" content=\"image\/jpeg\" \/>\n<meta name=\"author\" content=\"Stefan Milanovic\" \/>\n<meta name=\"twitter:card\" content=\"summary_large_image\" \/>\n<meta name=\"twitter:label1\" content=\"Written by\" \/>\n\t<meta name=\"twitter:data1\" content=\"Stefan Milanovic\" \/>\n\t<meta name=\"twitter:label2\" content=\"Est. reading time\" \/>\n\t<meta name=\"twitter:data2\" content=\"10 minutes\" \/>\n<script type=\"application\/ld+json\" class=\"yoast-schema-graph\">{\"@context\":\"https:\\\/\\\/schema.org\",\"@graph\":[{\"@type\":\"Article\",\"@id\":\"https:\\\/\\\/royalfamily.org\\\/lat\\\/kraljevski-par-na-umetnickom-programu-obelezavanja-700-godisnjice-manastira-gracanica\\\/#article\",\"isPartOf\":{\"@id\":\"https:\\\/\\\/royalfamily.org\\\/lat\\\/kraljevski-par-na-umetnickom-programu-obelezavanja-700-godisnjice-manastira-gracanica\\\/\"},\"author\":{\"name\":\"Stefan Milanovic\",\"@id\":\"https:\\\/\\\/royalfamily.org\\\/#\\\/schema\\\/person\\\/4ad3296a6a8a35eed333b6a785e9f648\"},\"headline\":\"\u041aRALJEVS\u041aI PAR NA UMETNI\u010c\u041aOM PROGRAMU OBELE\u017dAVANJA 700. GODI\u0160NJICE MANASTIRA GRA\u010cANICA\",\"datePublished\":\"2022-06-23T13:17:45+00:00\",\"dateModified\":\"2022-06-23T13:18:39+00:00\",\"mainEntityOfPage\":{\"@id\":\"https:\\\/\\\/royalfamily.org\\\/lat\\\/kraljevski-par-na-umetnickom-programu-obelezavanja-700-godisnjice-manastira-gracanica\\\/\"},\"wordCount\":2054,\"publisher\":{\"@id\":\"https:\\\/\\\/royalfamily.org\\\/#organization\"},\"image\":{\"@id\":\"https:\\\/\\\/royalfamily.org\\\/lat\\\/kraljevski-par-na-umetnickom-programu-obelezavanja-700-godisnjice-manastira-gracanica\\\/#primaryimage\"},\"thumbnailUrl\":\"https:\\\/\\\/royalfamily.org\\\/wp-content\\\/uploads\\\/2022\\\/06\\\/COVER-700-Ansambl-venac.jpg\",\"articleSection\":[\"Vesti\"],\"inLanguage\":\"sr-LT\"},{\"@type\":\"WebPage\",\"@id\":\"https:\\\/\\\/royalfamily.org\\\/lat\\\/kraljevski-par-na-umetnickom-programu-obelezavanja-700-godisnjice-manastira-gracanica\\\/\",\"url\":\"https:\\\/\\\/royalfamily.org\\\/lat\\\/kraljevski-par-na-umetnickom-programu-obelezavanja-700-godisnjice-manastira-gracanica\\\/\",\"name\":\"\u041aRALJEVS\u041aI PAR NA UMETNI\u010c\u041aOM PROGRAMU OBELE\u017dAVANJA 700. GODI\u0160NJICE MANASTIRA GRA\u010cANICA - The Royal Family of Serbia\",\"isPartOf\":{\"@id\":\"https:\\\/\\\/royalfamily.org\\\/#website\"},\"primaryImageOfPage\":{\"@id\":\"https:\\\/\\\/royalfamily.org\\\/lat\\\/kraljevski-par-na-umetnickom-programu-obelezavanja-700-godisnjice-manastira-gracanica\\\/#primaryimage\"},\"image\":{\"@id\":\"https:\\\/\\\/royalfamily.org\\\/lat\\\/kraljevski-par-na-umetnickom-programu-obelezavanja-700-godisnjice-manastira-gracanica\\\/#primaryimage\"},\"thumbnailUrl\":\"https:\\\/\\\/royalfamily.org\\\/wp-content\\\/uploads\\\/2022\\\/06\\\/COVER-700-Ansambl-venac.jpg\",\"datePublished\":\"2022-06-23T13:17:45+00:00\",\"dateModified\":\"2022-06-23T13:18:39+00:00\",\"breadcrumb\":{\"@id\":\"https:\\\/\\\/royalfamily.org\\\/lat\\\/kraljevski-par-na-umetnickom-programu-obelezavanja-700-godisnjice-manastira-gracanica\\\/#breadcrumb\"},\"inLanguage\":\"sr-LT\",\"potentialAction\":[{\"@type\":\"ReadAction\",\"target\":[\"https:\\\/\\\/royalfamily.org\\\/lat\\\/kraljevski-par-na-umetnickom-programu-obelezavanja-700-godisnjice-manastira-gracanica\\\/\"]}]},{\"@type\":\"ImageObject\",\"inLanguage\":\"sr-LT\",\"@id\":\"https:\\\/\\\/royalfamily.org\\\/lat\\\/kraljevski-par-na-umetnickom-programu-obelezavanja-700-godisnjice-manastira-gracanica\\\/#primaryimage\",\"url\":\"https:\\\/\\\/royalfamily.org\\\/wp-content\\\/uploads\\\/2022\\\/06\\\/COVER-700-Ansambl-venac.jpg\",\"contentUrl\":\"https:\\\/\\\/royalfamily.org\\\/wp-content\\\/uploads\\\/2022\\\/06\\\/COVER-700-Ansambl-venac.jpg\",\"width\":740,\"height\":360,\"caption\":\"\u041aRALJEVS\u041aI PAR NA UMETNI\u010c\u041aOM PROGRAMU OBELE\u017dAVANJA 700. GODI\u0160NJICE MANASTIRA GRA\u010cANICA\"},{\"@type\":\"BreadcrumbList\",\"@id\":\"https:\\\/\\\/royalfamily.org\\\/lat\\\/kraljevski-par-na-umetnickom-programu-obelezavanja-700-godisnjice-manastira-gracanica\\\/#breadcrumb\",\"itemListElement\":[{\"@type\":\"ListItem\",\"position\":1,\"name\":\"Home\",\"item\":\"https:\\\/\\\/royalfamily.org\\\/lat\\\/\"},{\"@type\":\"ListItem\",\"position\":2,\"name\":\"\u041aRALJEVS\u041aI PAR NA UMETNI\u010c\u041aOM PROGRAMU OBELE\u017dAVANJA 700. GODI\u0160NJICE MANASTIRA GRA\u010cANICA\"}]},{\"@type\":\"WebSite\",\"@id\":\"https:\\\/\\\/royalfamily.org\\\/#website\",\"url\":\"https:\\\/\\\/royalfamily.org\\\/\",\"name\":\"The Royal Family of Serbia\",\"description\":\"From the people, for the people\",\"publisher\":{\"@id\":\"https:\\\/\\\/royalfamily.org\\\/#organization\"},\"potentialAction\":[{\"@type\":\"SearchAction\",\"target\":{\"@type\":\"EntryPoint\",\"urlTemplate\":\"https:\\\/\\\/royalfamily.org\\\/?s={search_term_string}\"},\"query-input\":{\"@type\":\"PropertyValueSpecification\",\"valueRequired\":true,\"valueName\":\"search_term_string\"}}],\"inLanguage\":\"sr-LT\"},{\"@type\":\"Organization\",\"@id\":\"https:\\\/\\\/royalfamily.org\\\/#organization\",\"name\":\"Royal Family\",\"url\":\"https:\\\/\\\/royalfamily.org\\\/\",\"logo\":{\"@type\":\"ImageObject\",\"inLanguage\":\"sr-LT\",\"@id\":\"https:\\\/\\\/royalfamily.org\\\/#\\\/schema\\\/logo\\\/image\\\/\",\"url\":\"https:\\\/\\\/royalfamily.org\\\/wp-content\\\/uploads\\\/2019\\\/04\\\/logo-vector-02-V-latinica.png\",\"contentUrl\":\"https:\\\/\\\/royalfamily.org\\\/wp-content\\\/uploads\\\/2019\\\/04\\\/logo-vector-02-V-latinica.png\",\"width\":552,\"height\":99,\"caption\":\"Royal Family\"},\"image\":{\"@id\":\"https:\\\/\\\/royalfamily.org\\\/#\\\/schema\\\/logo\\\/image\\\/\"},\"sameAs\":[\"https:\\\/\\\/www.facebook.com\\\/Prestolonaslednik.Aleksandar\"]},{\"@type\":\"Person\",\"@id\":\"https:\\\/\\\/royalfamily.org\\\/#\\\/schema\\\/person\\\/4ad3296a6a8a35eed333b6a785e9f648\",\"name\":\"Stefan Milanovic\",\"image\":{\"@type\":\"ImageObject\",\"inLanguage\":\"sr-LT\",\"@id\":\"https:\\\/\\\/secure.gravatar.com\\\/avatar\\\/92dcbdcf3e32112a9ceb1e41665b1f44c69382d014cacfe12c701f6af7c40259?s=96&d=mm&r=g\",\"url\":\"https:\\\/\\\/secure.gravatar.com\\\/avatar\\\/92dcbdcf3e32112a9ceb1e41665b1f44c69382d014cacfe12c701f6af7c40259?s=96&d=mm&r=g\",\"contentUrl\":\"https:\\\/\\\/secure.gravatar.com\\\/avatar\\\/92dcbdcf3e32112a9ceb1e41665b1f44c69382d014cacfe12c701f6af7c40259?s=96&d=mm&r=g\",\"caption\":\"Stefan Milanovic\"}}]}<\/script>\n<!-- \/ Yoast SEO Premium plugin. -->","yoast_head_json":{"title":"\u041aRALJEVS\u041aI PAR NA UMETNI\u010c\u041aOM PROGRAMU OBELE\u017dAVANJA 700. GODI\u0160NJICE MANASTIRA GRA\u010cANICA - The Royal Family of Serbia","robots":{"index":"index","follow":"follow","max-snippet":"max-snippet:-1","max-image-preview":"max-image-preview:large","max-video-preview":"max-video-preview:-1"},"canonical":"https:\/\/royalfamily.org\/lat\/kraljevski-par-na-umetnickom-programu-obelezavanja-700-godisnjice-manastira-gracanica\/","og_locale":"en_US","og_type":"article","og_title":"\u041aRALJEVS\u041aI PAR NA UMETNI\u010c\u041aOM PROGRAMU OBELE\u017dAVANJA 700. GODI\u0160NJICE MANASTIRA GRA\u010cANICA","og_url":"https:\/\/royalfamily.org\/lat\/kraljevski-par-na-umetnickom-programu-obelezavanja-700-godisnjice-manastira-gracanica\/","og_site_name":"The Royal Family of Serbia","article_publisher":"https:\/\/www.facebook.com\/Prestolonaslednik.Aleksandar","article_published_time":"2022-06-23T13:17:45+00:00","article_modified_time":"2022-06-23T13:18:39+00:00","og_image":[{"width":740,"height":360,"url":"https:\/\/royalfamily.org\/wp-content\/uploads\/2022\/06\/COVER-700-Ansambl-venac.jpg","type":"image\/jpeg"}],"author":"Stefan Milanovic","twitter_card":"summary_large_image","twitter_misc":{"Written by":"Stefan Milanovic","Est. reading time":"10 minutes"},"schema":{"@context":"https:\/\/schema.org","@graph":[{"@type":"Article","@id":"https:\/\/royalfamily.org\/lat\/kraljevski-par-na-umetnickom-programu-obelezavanja-700-godisnjice-manastira-gracanica\/#article","isPartOf":{"@id":"https:\/\/royalfamily.org\/lat\/kraljevski-par-na-umetnickom-programu-obelezavanja-700-godisnjice-manastira-gracanica\/"},"author":{"name":"Stefan Milanovic","@id":"https:\/\/royalfamily.org\/#\/schema\/person\/4ad3296a6a8a35eed333b6a785e9f648"},"headline":"\u041aRALJEVS\u041aI PAR NA UMETNI\u010c\u041aOM PROGRAMU OBELE\u017dAVANJA 700. GODI\u0160NJICE MANASTIRA GRA\u010cANICA","datePublished":"2022-06-23T13:17:45+00:00","dateModified":"2022-06-23T13:18:39+00:00","mainEntityOfPage":{"@id":"https:\/\/royalfamily.org\/lat\/kraljevski-par-na-umetnickom-programu-obelezavanja-700-godisnjice-manastira-gracanica\/"},"wordCount":2054,"publisher":{"@id":"https:\/\/royalfamily.org\/#organization"},"image":{"@id":"https:\/\/royalfamily.org\/lat\/kraljevski-par-na-umetnickom-programu-obelezavanja-700-godisnjice-manastira-gracanica\/#primaryimage"},"thumbnailUrl":"https:\/\/royalfamily.org\/wp-content\/uploads\/2022\/06\/COVER-700-Ansambl-venac.jpg","articleSection":["Vesti"],"inLanguage":"sr-LT"},{"@type":"WebPage","@id":"https:\/\/royalfamily.org\/lat\/kraljevski-par-na-umetnickom-programu-obelezavanja-700-godisnjice-manastira-gracanica\/","url":"https:\/\/royalfamily.org\/lat\/kraljevski-par-na-umetnickom-programu-obelezavanja-700-godisnjice-manastira-gracanica\/","name":"\u041aRALJEVS\u041aI PAR NA UMETNI\u010c\u041aOM PROGRAMU OBELE\u017dAVANJA 700. GODI\u0160NJICE MANASTIRA GRA\u010cANICA - The Royal Family of Serbia","isPartOf":{"@id":"https:\/\/royalfamily.org\/#website"},"primaryImageOfPage":{"@id":"https:\/\/royalfamily.org\/lat\/kraljevski-par-na-umetnickom-programu-obelezavanja-700-godisnjice-manastira-gracanica\/#primaryimage"},"image":{"@id":"https:\/\/royalfamily.org\/lat\/kraljevski-par-na-umetnickom-programu-obelezavanja-700-godisnjice-manastira-gracanica\/#primaryimage"},"thumbnailUrl":"https:\/\/royalfamily.org\/wp-content\/uploads\/2022\/06\/COVER-700-Ansambl-venac.jpg","datePublished":"2022-06-23T13:17:45+00:00","dateModified":"2022-06-23T13:18:39+00:00","breadcrumb":{"@id":"https:\/\/royalfamily.org\/lat\/kraljevski-par-na-umetnickom-programu-obelezavanja-700-godisnjice-manastira-gracanica\/#breadcrumb"},"inLanguage":"sr-LT","potentialAction":[{"@type":"ReadAction","target":["https:\/\/royalfamily.org\/lat\/kraljevski-par-na-umetnickom-programu-obelezavanja-700-godisnjice-manastira-gracanica\/"]}]},{"@type":"ImageObject","inLanguage":"sr-LT","@id":"https:\/\/royalfamily.org\/lat\/kraljevski-par-na-umetnickom-programu-obelezavanja-700-godisnjice-manastira-gracanica\/#primaryimage","url":"https:\/\/royalfamily.org\/wp-content\/uploads\/2022\/06\/COVER-700-Ansambl-venac.jpg","contentUrl":"https:\/\/royalfamily.org\/wp-content\/uploads\/2022\/06\/COVER-700-Ansambl-venac.jpg","width":740,"height":360,"caption":"\u041aRALJEVS\u041aI PAR NA UMETNI\u010c\u041aOM PROGRAMU OBELE\u017dAVANJA 700. GODI\u0160NJICE MANASTIRA GRA\u010cANICA"},{"@type":"BreadcrumbList","@id":"https:\/\/royalfamily.org\/lat\/kraljevski-par-na-umetnickom-programu-obelezavanja-700-godisnjice-manastira-gracanica\/#breadcrumb","itemListElement":[{"@type":"ListItem","position":1,"name":"Home","item":"https:\/\/royalfamily.org\/lat\/"},{"@type":"ListItem","position":2,"name":"\u041aRALJEVS\u041aI PAR NA UMETNI\u010c\u041aOM PROGRAMU OBELE\u017dAVANJA 700. GODI\u0160NJICE MANASTIRA GRA\u010cANICA"}]},{"@type":"WebSite","@id":"https:\/\/royalfamily.org\/#website","url":"https:\/\/royalfamily.org\/","name":"The Royal Family of Serbia","description":"From the people, for the people","publisher":{"@id":"https:\/\/royalfamily.org\/#organization"},"potentialAction":[{"@type":"SearchAction","target":{"@type":"EntryPoint","urlTemplate":"https:\/\/royalfamily.org\/?s={search_term_string}"},"query-input":{"@type":"PropertyValueSpecification","valueRequired":true,"valueName":"search_term_string"}}],"inLanguage":"sr-LT"},{"@type":"Organization","@id":"https:\/\/royalfamily.org\/#organization","name":"Royal Family","url":"https:\/\/royalfamily.org\/","logo":{"@type":"ImageObject","inLanguage":"sr-LT","@id":"https:\/\/royalfamily.org\/#\/schema\/logo\/image\/","url":"https:\/\/royalfamily.org\/wp-content\/uploads\/2019\/04\/logo-vector-02-V-latinica.png","contentUrl":"https:\/\/royalfamily.org\/wp-content\/uploads\/2019\/04\/logo-vector-02-V-latinica.png","width":552,"height":99,"caption":"Royal Family"},"image":{"@id":"https:\/\/royalfamily.org\/#\/schema\/logo\/image\/"},"sameAs":["https:\/\/www.facebook.com\/Prestolonaslednik.Aleksandar"]},{"@type":"Person","@id":"https:\/\/royalfamily.org\/#\/schema\/person\/4ad3296a6a8a35eed333b6a785e9f648","name":"Stefan Milanovic","image":{"@type":"ImageObject","inLanguage":"sr-LT","@id":"https:\/\/secure.gravatar.com\/avatar\/92dcbdcf3e32112a9ceb1e41665b1f44c69382d014cacfe12c701f6af7c40259?s=96&d=mm&r=g","url":"https:\/\/secure.gravatar.com\/avatar\/92dcbdcf3e32112a9ceb1e41665b1f44c69382d014cacfe12c701f6af7c40259?s=96&d=mm&r=g","contentUrl":"https:\/\/secure.gravatar.com\/avatar\/92dcbdcf3e32112a9ceb1e41665b1f44c69382d014cacfe12c701f6af7c40259?s=96&d=mm&r=g","caption":"Stefan Milanovic"}}]}},"_links":{"self":[{"href":"https:\/\/royalfamily.org\/lat\/wp-json\/wp\/v2\/posts\/83206","targetHints":{"allow":["GET"]}}],"collection":[{"href":"https:\/\/royalfamily.org\/lat\/wp-json\/wp\/v2\/posts"}],"about":[{"href":"https:\/\/royalfamily.org\/lat\/wp-json\/wp\/v2\/types\/post"}],"author":[{"embeddable":true,"href":"https:\/\/royalfamily.org\/lat\/wp-json\/wp\/v2\/users\/1001015"}],"replies":[{"embeddable":true,"href":"https:\/\/royalfamily.org\/lat\/wp-json\/wp\/v2\/comments?post=83206"}],"version-history":[{"count":2,"href":"https:\/\/royalfamily.org\/lat\/wp-json\/wp\/v2\/posts\/83206\/revisions"}],"predecessor-version":[{"id":83208,"href":"https:\/\/royalfamily.org\/lat\/wp-json\/wp\/v2\/posts\/83206\/revisions\/83208"}],"wp:featuredmedia":[{"embeddable":true,"href":"https:\/\/royalfamily.org\/lat\/wp-json\/wp\/v2\/media\/83203"}],"wp:attachment":[{"href":"https:\/\/royalfamily.org\/lat\/wp-json\/wp\/v2\/media?parent=83206"}],"wp:term":[{"taxonomy":"category","embeddable":true,"href":"https:\/\/royalfamily.org\/lat\/wp-json\/wp\/v2\/categories?post=83206"},{"taxonomy":"post_tag","embeddable":true,"href":"https:\/\/royalfamily.org\/lat\/wp-json\/wp\/v2\/tags?post=83206"}],"curies":[{"name":"wp","href":"https:\/\/api.w.org\/{rel}","templated":true}]}}