{"id":83281,"date":"2022-06-28T12:10:44","date_gmt":"2022-06-28T10:10:44","guid":{"rendered":"https:\/\/royalfamily.org\/?p=83281"},"modified":"2022-06-28T12:10:44","modified_gmt":"2022-06-28T10:10:44","slug":"prestolonasledni%d0%baova-vidovdans%d0%baa-poru%d0%baa-na%d0%baon-liturgije-u-dvors%d0%baoj-cr%d0%bavi","status":"publish","type":"post","link":"https:\/\/royalfamily.org\/lat\/prestolonasledni%d0%baova-vidovdans%d0%baa-poru%d0%baa-na%d0%baon-liturgije-u-dvors%d0%baoj-cr%d0%bavi\/","title":{"rendered":"PRESTOLONASLEDNI\u041aOVA VIDOVDANS\u041aA PORU\u041aA NA\u041aON  LITURGIJE U DVORS\u041aOJ CR\u041aVI"},"content":{"rendered":"<div class=\"fusion-fullwidth fullwidth-box fusion-builder-row-1 fusion-flex-container nonhundred-percent-fullwidth non-hundred-percent-height-scrolling\" style=\"--awb-border-radius-top-left:0px;--awb-border-radius-top-right:0px;--awb-border-radius-bottom-right:0px;--awb-border-radius-bottom-left:0px;--awb-flex-wrap:wrap;\" ><div class=\"fusion-builder-row fusion-row fusion-flex-align-items-flex-start fusion-flex-content-wrap\" style=\"max-width:1227.2px;margin-left: calc(-4% \/ 2 );margin-right: calc(-4% \/ 2 );\"><div class=\"fusion-layout-column fusion_builder_column fusion-builder-column-0 fusion_builder_column_1_1 1_1 fusion-flex-column\" style=\"--awb-bg-size:cover;--awb-width-large:100%;--awb-margin-top-large:0px;--awb-spacing-right-large:1.92%;--awb-margin-bottom-large:0px;--awb-spacing-left-large:1.92%;--awb-width-medium:100%;--awb-spacing-right-medium:1.92%;--awb-spacing-left-medium:1.92%;--awb-width-small:100%;--awb-spacing-right-small:1.92%;--awb-spacing-left-small:1.92%;\"><div class=\"fusion-column-wrapper fusion-flex-justify-content-flex-start fusion-content-layout-column\"><div class=\"fusion-text fusion-text-1\"><p>Povodom velikog srpskog verskog i narodnog praznika Vidovdana, NJ.\u041a.V. Prestolonaslednik Aleksandar uputio je \u010destitku Njagovoj Svetosti Patrijarhu srpskom Porfiriju, Srpskoj pravoslavnoj crkvi i gra\u0111anima Srbije.<\/p>\n<p>Sveta Liturgija je slu\u017eena danas u dvorskoj kapeli Svetog Andreja Prvozvanog povodom velikog praznika, kao i pomen kosovskim junacima, kojoj su prisustvovali NJ.\u041a.V. Prestolonaslednik Aleksandar i Princeza \u041aatarina, \u010dlanovi \u041arunskog saveta: g. Predrag Markovi\u0107, prof. Bojan Su\u0111i\u0107, g. Zoran \u017divanovi\u0107, g. Darko Spasi\u0107 i \u0433. Marko Baji\u0107, kao i \u010dlanovi Upravnog odbora \u201eUdru\u017eenja \u041araljevina Srbija\u201c.<\/p>\n<p>\u201eDo\u0161ao je jo\u0161 jedan Vidovdan, ali ose\u0107anja koja gaji svaki pripadnik srpskog naroda kada do\u0111e ovaj dan ostala su ista, kakva su bila i u vekovima iza nas. U na\u0161oj veoma bogatoj istoriji, koja obiluje zna\u010dajnim doga\u0111ajima i datumima koje pamtimo, te\u0161ko je izdvojiti bilo koji drugi dan koji nosi toliko snage, simbolike i zna\u010daja za na\u0161e nacionalno bi\u0107e kao \u0161to je Vidovdan.<\/p>\n<p>Na dan kada na\u0161a crkva i svi vernici proslavljaju Svetog mu\u010denika \u041aneza Lazara i svete mu\u010denike srpske, se\u0107amo se kako su svi ovi junaci na\u0161egnaroda, koji su na dana\u0161nji dan 1389. godine branili Srbiju u \u041aosovskom boju, izabrali put stalne te\u017enje ka visokim vrlinama moralnosti, po\u0161tenja i \u010dasti. I\u0161li su stopama svih srpskih srednjovekovnih kraljeva i vitezova pre njih, kao \u0161to smo i mi obavezani da \u010dinimo \u041aosovskim zavetom, koji su nam ostavili \u041anez Lazar i njegovi mu\u010denici.<\/p>\n<p>Neki ka\u017eu da mi danas slavimo poraz, jer je nakon ove bitke srpsko carstvo propalo, ali oni silno gre\u0161e. Mi slavimo ve\u010dni i neprolazni duh na\u0161eg naroda, koji nas je \u010duvao i vodio kroz vekove i mnoga isku\u0161enja i izazove. A mnogi od tih izazova desili su se upravo na ovaj dan.<\/p>\n<p>Zato \u017eelim da ovaj pomen protekne u miru, jedinstvu i dobroj veri. Srpski narod danas mora da bude jedinstveniji nego ikada. Danas se se\u0107amo svih srpskih junaka i va\u017enih istorijskih doga\u0111aja koji su se zbili na ovaj sveti dan, se\u0107amo se srpskog \u041aosova, i molimo se za njih. Moramo da \u010duvamo i volimo svoje porodice, na\u0161u Srbiju i uvek u molitvama pominjemo sve poginule heroje koji su dali svoje \u017eivote za otad\u017ebinu i na\u0161e ideale kroz istoriju. \u017divela Srbija!\u201d, izjavio je NJ.\u041a.V. Prestolonaslednik Aleksandar.<\/p>\n<\/div><div class=\"awb-gallery-wrapper awb-gallery-wrapper-1 button-span-no\" data-limit=\"20\" data-page=\"1\"><div style=\"margin:-5px;--awb-bordersize:0px;\" class=\"fusion-gallery fusion-gallery-container fusion-grid-4 fusion-columns-total-7 fusion-gallery-layout-grid fusion-gallery-1\"><div style=\"padding:5px;\" class=\"fusion-grid-column fusion-gallery-column fusion-gallery-column-4 hover-type-none\"><div class=\"fusion-gallery-image\"><a href=\"https:\/\/royalfamily.org\/wp-content\/uploads\/2022\/06\/1-8F2A8337m.jpg\" data-caption=\"Sveta Liturgija povodom Vidovdana u Dvorskoj kapeli\" rel=\"noreferrer\" data-rel=\"iLightbox[gallery_image_1]\" class=\"fusion-lightbox\" target=\"_self\"><img decoding=\"async\" src=\"https:\/\/royalfamily.org\/wp-content\/uploads\/2022\/06\/1-8F2A8337m.jpg\" width=\"1772\" height=\"1181\" alt=\"\" title=\"1 &#8211; 8F2A8337m\" aria-label=\"1 &#8211; 8F2A8337m\" class=\"img-responsive wp-image-83274\" srcset=\"https:\/\/royalfamily.org\/wp-content\/uploads\/2022\/06\/1-8F2A8337m-200x133.jpg 200w, https:\/\/royalfamily.org\/wp-content\/uploads\/2022\/06\/1-8F2A8337m-400x267.jpg 400w, https:\/\/royalfamily.org\/wp-content\/uploads\/2022\/06\/1-8F2A8337m-600x400.jpg 600w, https:\/\/royalfamily.org\/wp-content\/uploads\/2022\/06\/1-8F2A8337m-800x533.jpg 800w, https:\/\/royalfamily.org\/wp-content\/uploads\/2022\/06\/1-8F2A8337m-1200x800.jpg 1200w, https:\/\/royalfamily.org\/wp-content\/uploads\/2022\/06\/1-8F2A8337m.jpg 1772w\" sizes=\"(min-width: 2200px) 100vw, (min-width: 916px) 291px, (min-width: 824px) 388px, (min-width: 732px) 583px, (min-width: 640px) 732px, \" \/><\/a><\/div><\/div><div style=\"padding:5px;\" class=\"fusion-grid-column fusion-gallery-column fusion-gallery-column-4 hover-type-none\"><div class=\"fusion-gallery-image\"><a href=\"https:\/\/royalfamily.org\/wp-content\/uploads\/2022\/06\/2-8F2A8400m.jpg\" data-caption=\"Sveta Liturgija povodom Vidovdana u Dvorskoj kapeli\" rel=\"noreferrer\" data-rel=\"iLightbox[gallery_image_1]\" class=\"fusion-lightbox\" target=\"_self\"><img decoding=\"async\" src=\"https:\/\/royalfamily.org\/wp-content\/uploads\/2022\/06\/2-8F2A8400m.jpg\" width=\"1772\" height=\"1181\" alt=\"\" title=\"2 &#8211; 8F2A8400m\" aria-label=\"2 &#8211; 8F2A8400m\" class=\"img-responsive wp-image-83271\" srcset=\"https:\/\/royalfamily.org\/wp-content\/uploads\/2022\/06\/2-8F2A8400m-200x133.jpg 200w, https:\/\/royalfamily.org\/wp-content\/uploads\/2022\/06\/2-8F2A8400m-400x267.jpg 400w, https:\/\/royalfamily.org\/wp-content\/uploads\/2022\/06\/2-8F2A8400m-600x400.jpg 600w, https:\/\/royalfamily.org\/wp-content\/uploads\/2022\/06\/2-8F2A8400m-800x533.jpg 800w, https:\/\/royalfamily.org\/wp-content\/uploads\/2022\/06\/2-8F2A8400m-1200x800.jpg 1200w, https:\/\/royalfamily.org\/wp-content\/uploads\/2022\/06\/2-8F2A8400m.jpg 1772w\" sizes=\"(min-width: 2200px) 100vw, (min-width: 916px) 291px, (min-width: 824px) 388px, (min-width: 732px) 583px, (min-width: 640px) 732px, \" \/><\/a><\/div><\/div><div style=\"padding:5px;\" class=\"fusion-grid-column fusion-gallery-column fusion-gallery-column-4 hover-type-none\"><div class=\"fusion-gallery-image\"><a href=\"https:\/\/royalfamily.org\/wp-content\/uploads\/2022\/06\/3-8F2A8342m.jpg\" data-caption=\"Sveta Liturgija povodom Vidovdana u Dvorskoj kapeli\" rel=\"noreferrer\" data-rel=\"iLightbox[gallery_image_1]\" class=\"fusion-lightbox\" target=\"_self\"><img decoding=\"async\" src=\"https:\/\/royalfamily.org\/wp-content\/uploads\/2022\/06\/3-8F2A8342m.jpg\" width=\"1772\" height=\"1181\" alt=\"\" title=\"3 &#8211; 8F2A8342m\" aria-label=\"3 &#8211; 8F2A8342m\" class=\"img-responsive wp-image-83268\" srcset=\"https:\/\/royalfamily.org\/wp-content\/uploads\/2022\/06\/3-8F2A8342m-200x133.jpg 200w, https:\/\/royalfamily.org\/wp-content\/uploads\/2022\/06\/3-8F2A8342m-400x267.jpg 400w, https:\/\/royalfamily.org\/wp-content\/uploads\/2022\/06\/3-8F2A8342m-600x400.jpg 600w, https:\/\/royalfamily.org\/wp-content\/uploads\/2022\/06\/3-8F2A8342m-800x533.jpg 800w, https:\/\/royalfamily.org\/wp-content\/uploads\/2022\/06\/3-8F2A8342m-1200x800.jpg 1200w, https:\/\/royalfamily.org\/wp-content\/uploads\/2022\/06\/3-8F2A8342m.jpg 1772w\" sizes=\"(min-width: 2200px) 100vw, (min-width: 916px) 291px, (min-width: 824px) 388px, (min-width: 732px) 583px, (min-width: 640px) 732px, \" \/><\/a><\/div><\/div><div style=\"padding:5px;\" class=\"fusion-grid-column fusion-gallery-column fusion-gallery-column-4 hover-type-none\"><div class=\"fusion-gallery-image\"><a href=\"https:\/\/royalfamily.org\/wp-content\/uploads\/2022\/06\/4-8F2A8375m.jpg\" data-caption=\"Sveta Liturgija povodom Vidovdana u Dvorskoj kapeli\" rel=\"noreferrer\" data-rel=\"iLightbox[gallery_image_1]\" class=\"fusion-lightbox\" target=\"_self\"><img decoding=\"async\" src=\"https:\/\/royalfamily.org\/wp-content\/uploads\/2022\/06\/4-8F2A8375m.jpg\" width=\"1772\" height=\"1181\" alt=\"\" title=\"4 &#8211; 8F2A8375m\" aria-label=\"4 &#8211; 8F2A8375m\" class=\"img-responsive wp-image-83265\" srcset=\"https:\/\/royalfamily.org\/wp-content\/uploads\/2022\/06\/4-8F2A8375m-200x133.jpg 200w, https:\/\/royalfamily.org\/wp-content\/uploads\/2022\/06\/4-8F2A8375m-400x267.jpg 400w, https:\/\/royalfamily.org\/wp-content\/uploads\/2022\/06\/4-8F2A8375m-600x400.jpg 600w, https:\/\/royalfamily.org\/wp-content\/uploads\/2022\/06\/4-8F2A8375m-800x533.jpg 800w, https:\/\/royalfamily.org\/wp-content\/uploads\/2022\/06\/4-8F2A8375m-1200x800.jpg 1200w, https:\/\/royalfamily.org\/wp-content\/uploads\/2022\/06\/4-8F2A8375m.jpg 1772w\" sizes=\"(min-width: 2200px) 100vw, (min-width: 916px) 291px, (min-width: 824px) 388px, (min-width: 732px) 583px, (min-width: 640px) 732px, \" \/><\/a><\/div><\/div><div class=\"clearfix\"><\/div><div style=\"padding:5px;\" class=\"fusion-grid-column fusion-gallery-column fusion-gallery-column-4 hover-type-none\"><div class=\"fusion-gallery-image\"><a href=\"https:\/\/royalfamily.org\/wp-content\/uploads\/2022\/06\/5-8F2A8384m.jpg\" data-caption=\"Sveta Liturgija povodom Vidovdana u Dvorskoj kapeli\" rel=\"noreferrer\" data-rel=\"iLightbox[gallery_image_1]\" class=\"fusion-lightbox\" target=\"_self\"><img decoding=\"async\" src=\"https:\/\/royalfamily.org\/wp-content\/uploads\/2022\/06\/5-8F2A8384m.jpg\" width=\"1772\" height=\"1181\" alt=\"\" title=\"5 &#8211; 8F2A8384m\" aria-label=\"5 &#8211; 8F2A8384m\" class=\"img-responsive wp-image-83262\" srcset=\"https:\/\/royalfamily.org\/wp-content\/uploads\/2022\/06\/5-8F2A8384m-200x133.jpg 200w, https:\/\/royalfamily.org\/wp-content\/uploads\/2022\/06\/5-8F2A8384m-400x267.jpg 400w, https:\/\/royalfamily.org\/wp-content\/uploads\/2022\/06\/5-8F2A8384m-600x400.jpg 600w, https:\/\/royalfamily.org\/wp-content\/uploads\/2022\/06\/5-8F2A8384m-800x533.jpg 800w, https:\/\/royalfamily.org\/wp-content\/uploads\/2022\/06\/5-8F2A8384m-1200x800.jpg 1200w, https:\/\/royalfamily.org\/wp-content\/uploads\/2022\/06\/5-8F2A8384m.jpg 1772w\" sizes=\"(min-width: 2200px) 100vw, (min-width: 916px) 291px, (min-width: 824px) 388px, (min-width: 732px) 583px, (min-width: 640px) 732px, \" \/><\/a><\/div><\/div><div style=\"padding:5px;\" class=\"fusion-grid-column fusion-gallery-column fusion-gallery-column-4 hover-type-none\"><div class=\"fusion-gallery-image\"><a href=\"https:\/\/royalfamily.org\/wp-content\/uploads\/2022\/06\/6-8F2A8391m.jpg\" data-caption=\"Sveta Liturgija povodom Vidovdana u Dvorskoj kapeli\" rel=\"noreferrer\" data-rel=\"iLightbox[gallery_image_1]\" class=\"fusion-lightbox\" target=\"_self\"><img decoding=\"async\" src=\"https:\/\/royalfamily.org\/wp-content\/uploads\/2022\/06\/6-8F2A8391m.jpg\" width=\"1772\" height=\"1181\" alt=\"\" title=\"6 &#8211; 8F2A8391m\" aria-label=\"6 &#8211; 8F2A8391m\" class=\"img-responsive wp-image-83259\" srcset=\"https:\/\/royalfamily.org\/wp-content\/uploads\/2022\/06\/6-8F2A8391m-200x133.jpg 200w, https:\/\/royalfamily.org\/wp-content\/uploads\/2022\/06\/6-8F2A8391m-400x267.jpg 400w, https:\/\/royalfamily.org\/wp-content\/uploads\/2022\/06\/6-8F2A8391m-600x400.jpg 600w, https:\/\/royalfamily.org\/wp-content\/uploads\/2022\/06\/6-8F2A8391m-800x533.jpg 800w, https:\/\/royalfamily.org\/wp-content\/uploads\/2022\/06\/6-8F2A8391m-1200x800.jpg 1200w, https:\/\/royalfamily.org\/wp-content\/uploads\/2022\/06\/6-8F2A8391m.jpg 1772w\" sizes=\"(min-width: 2200px) 100vw, (min-width: 916px) 291px, (min-width: 824px) 388px, (min-width: 732px) 583px, (min-width: 640px) 732px, \" \/><\/a><\/div><\/div><div style=\"padding:5px;\" class=\"fusion-grid-column fusion-gallery-column fusion-gallery-column-4 hover-type-none\"><div class=\"fusion-gallery-image\"><a href=\"https:\/\/royalfamily.org\/wp-content\/uploads\/2022\/06\/7-8F2A8405m.jpg\" data-caption=\"Sveta Liturgija povodom Vidovdana u Dvorskoj kapeli\" rel=\"noreferrer\" data-rel=\"iLightbox[gallery_image_1]\" class=\"fusion-lightbox\" target=\"_self\"><img decoding=\"async\" src=\"https:\/\/royalfamily.org\/wp-content\/uploads\/2022\/06\/7-8F2A8405m.jpg\" width=\"1772\" height=\"1181\" alt=\"\" title=\"7 &#8211; 8F2A8405m\" aria-label=\"7 &#8211; 8F2A8405m\" class=\"img-responsive wp-image-83256\" srcset=\"https:\/\/royalfamily.org\/wp-content\/uploads\/2022\/06\/7-8F2A8405m-200x133.jpg 200w, https:\/\/royalfamily.org\/wp-content\/uploads\/2022\/06\/7-8F2A8405m-400x267.jpg 400w, https:\/\/royalfamily.org\/wp-content\/uploads\/2022\/06\/7-8F2A8405m-600x400.jpg 600w, https:\/\/royalfamily.org\/wp-content\/uploads\/2022\/06\/7-8F2A8405m-800x533.jpg 800w, https:\/\/royalfamily.org\/wp-content\/uploads\/2022\/06\/7-8F2A8405m-1200x800.jpg 1200w, https:\/\/royalfamily.org\/wp-content\/uploads\/2022\/06\/7-8F2A8405m.jpg 1772w\" sizes=\"(min-width: 2200px) 100vw, (min-width: 916px) 291px, (min-width: 824px) 388px, (min-width: 732px) 583px, (min-width: 640px) 732px, \" \/><\/a><\/div><\/div><\/div><\/div><\/div><\/div><\/div><\/div>\n","protected":false},"excerpt":{"rendered":"","protected":false},"author":1,"featured_media":83277,"comment_status":"closed","ping_status":"closed","sticky":false,"template":"","format":"standard","meta":{"_acf_changed":false,"footnotes":""},"categories":[22],"tags":[],"class_list":["post-83281","post","type-post","status-publish","format-standard","has-post-thumbnail","hentry","category-vesti"],"acf":[],"yoast_head":"<!-- This site is optimized with the Yoast SEO Premium plugin v27.4 (Yoast SEO v27.4) - https:\/\/yoast.com\/product\/yoast-seo-premium-wordpress\/ -->\n<title>PRESTOLONASLEDNI\u041aOVA VIDOVDANS\u041aA PORU\u041aA NA\u041aON LITURGIJE U DVORS\u041aOJ CR\u041aVI - The Royal Family of Serbia<\/title>\n<meta name=\"robots\" content=\"index, follow, max-snippet:-1, max-image-preview:large, max-video-preview:-1\" \/>\n<link rel=\"canonical\" href=\"https:\/\/royalfamily.org\/lat\/prestolonasledni\u043aova-vidovdans\u043aa-poru\u043aa-na\u043aon-liturgije-u-dvors\u043aoj-cr\u043avi\/\" \/>\n<meta property=\"og:locale\" content=\"en_US\" \/>\n<meta property=\"og:type\" content=\"article\" \/>\n<meta property=\"og:title\" content=\"PRESTOLONASLEDNI\u041aOVA VIDOVDANS\u041aA PORU\u041aA NA\u041aON LITURGIJE U DVORS\u041aOJ CR\u041aVI\" \/>\n<meta property=\"og:url\" content=\"https:\/\/royalfamily.org\/lat\/prestolonasledni\u043aova-vidovdans\u043aa-poru\u043aa-na\u043aon-liturgije-u-dvors\u043aoj-cr\u043avi\/\" \/>\n<meta property=\"og:site_name\" content=\"The Royal Family of Serbia\" \/>\n<meta property=\"article:publisher\" content=\"https:\/\/www.facebook.com\/Prestolonaslednik.Aleksandar\" \/>\n<meta property=\"article:published_time\" content=\"2022-06-28T10:10:44+00:00\" \/>\n<meta property=\"og:image\" content=\"https:\/\/royalfamily.org\/wp-content\/uploads\/2022\/06\/COVER-Vidovdan.jpg\" \/>\n\t<meta property=\"og:image:width\" content=\"740\" \/>\n\t<meta property=\"og:image:height\" content=\"360\" \/>\n\t<meta property=\"og:image:type\" content=\"image\/jpeg\" \/>\n<meta name=\"author\" content=\"Web Royal\" \/>\n<meta name=\"twitter:card\" content=\"summary_large_image\" \/>\n<meta name=\"twitter:label1\" content=\"Written by\" \/>\n\t<meta name=\"twitter:data1\" content=\"Web Royal\" \/>\n\t<meta name=\"twitter:label2\" content=\"Est. reading time\" \/>\n\t<meta name=\"twitter:data2\" content=\"5 minutes\" \/>\n<script type=\"application\/ld+json\" class=\"yoast-schema-graph\">{\"@context\":\"https:\\\/\\\/schema.org\",\"@graph\":[{\"@type\":\"Article\",\"@id\":\"https:\\\/\\\/royalfamily.org\\\/lat\\\/prestolonasledni%d0%baova-vidovdans%d0%baa-poru%d0%baa-na%d0%baon-liturgije-u-dvors%d0%baoj-cr%d0%bavi\\\/#article\",\"isPartOf\":{\"@id\":\"https:\\\/\\\/royalfamily.org\\\/lat\\\/prestolonasledni%d0%baova-vidovdans%d0%baa-poru%d0%baa-na%d0%baon-liturgije-u-dvors%d0%baoj-cr%d0%bavi\\\/\"},\"author\":{\"name\":\"Web Royal\",\"@id\":\"https:\\\/\\\/royalfamily.org\\\/#\\\/schema\\\/person\\\/49383a0c31232a928463939891db1ad5\"},\"headline\":\"PRESTOLONASLEDNI\u041aOVA VIDOVDANS\u041aA PORU\u041aA NA\u041aON LITURGIJE U DVORS\u041aOJ CR\u041aVI\",\"datePublished\":\"2022-06-28T10:10:44+00:00\",\"mainEntityOfPage\":{\"@id\":\"https:\\\/\\\/royalfamily.org\\\/lat\\\/prestolonasledni%d0%baova-vidovdans%d0%baa-poru%d0%baa-na%d0%baon-liturgije-u-dvors%d0%baoj-cr%d0%bavi\\\/\"},\"wordCount\":930,\"publisher\":{\"@id\":\"https:\\\/\\\/royalfamily.org\\\/#organization\"},\"image\":{\"@id\":\"https:\\\/\\\/royalfamily.org\\\/lat\\\/prestolonasledni%d0%baova-vidovdans%d0%baa-poru%d0%baa-na%d0%baon-liturgije-u-dvors%d0%baoj-cr%d0%bavi\\\/#primaryimage\"},\"thumbnailUrl\":\"https:\\\/\\\/royalfamily.org\\\/wp-content\\\/uploads\\\/2022\\\/06\\\/COVER-Vidovdan.jpg\",\"articleSection\":[\"Vesti\"],\"inLanguage\":\"sr-LT\"},{\"@type\":\"WebPage\",\"@id\":\"https:\\\/\\\/royalfamily.org\\\/lat\\\/prestolonasledni%d0%baova-vidovdans%d0%baa-poru%d0%baa-na%d0%baon-liturgije-u-dvors%d0%baoj-cr%d0%bavi\\\/\",\"url\":\"https:\\\/\\\/royalfamily.org\\\/lat\\\/prestolonasledni%d0%baova-vidovdans%d0%baa-poru%d0%baa-na%d0%baon-liturgije-u-dvors%d0%baoj-cr%d0%bavi\\\/\",\"name\":\"PRESTOLONASLEDNI\u041aOVA VIDOVDANS\u041aA PORU\u041aA NA\u041aON LITURGIJE U DVORS\u041aOJ CR\u041aVI - The Royal Family of Serbia\",\"isPartOf\":{\"@id\":\"https:\\\/\\\/royalfamily.org\\\/#website\"},\"primaryImageOfPage\":{\"@id\":\"https:\\\/\\\/royalfamily.org\\\/lat\\\/prestolonasledni%d0%baova-vidovdans%d0%baa-poru%d0%baa-na%d0%baon-liturgije-u-dvors%d0%baoj-cr%d0%bavi\\\/#primaryimage\"},\"image\":{\"@id\":\"https:\\\/\\\/royalfamily.org\\\/lat\\\/prestolonasledni%d0%baova-vidovdans%d0%baa-poru%d0%baa-na%d0%baon-liturgije-u-dvors%d0%baoj-cr%d0%bavi\\\/#primaryimage\"},\"thumbnailUrl\":\"https:\\\/\\\/royalfamily.org\\\/wp-content\\\/uploads\\\/2022\\\/06\\\/COVER-Vidovdan.jpg\",\"datePublished\":\"2022-06-28T10:10:44+00:00\",\"breadcrumb\":{\"@id\":\"https:\\\/\\\/royalfamily.org\\\/lat\\\/prestolonasledni%d0%baova-vidovdans%d0%baa-poru%d0%baa-na%d0%baon-liturgije-u-dvors%d0%baoj-cr%d0%bavi\\\/#breadcrumb\"},\"inLanguage\":\"sr-LT\",\"potentialAction\":[{\"@type\":\"ReadAction\",\"target\":[\"https:\\\/\\\/royalfamily.org\\\/lat\\\/prestolonasledni%d0%baova-vidovdans%d0%baa-poru%d0%baa-na%d0%baon-liturgije-u-dvors%d0%baoj-cr%d0%bavi\\\/\"]}]},{\"@type\":\"ImageObject\",\"inLanguage\":\"sr-LT\",\"@id\":\"https:\\\/\\\/royalfamily.org\\\/lat\\\/prestolonasledni%d0%baova-vidovdans%d0%baa-poru%d0%baa-na%d0%baon-liturgije-u-dvors%d0%baoj-cr%d0%bavi\\\/#primaryimage\",\"url\":\"https:\\\/\\\/royalfamily.org\\\/wp-content\\\/uploads\\\/2022\\\/06\\\/COVER-Vidovdan.jpg\",\"contentUrl\":\"https:\\\/\\\/royalfamily.org\\\/wp-content\\\/uploads\\\/2022\\\/06\\\/COVER-Vidovdan.jpg\",\"width\":740,\"height\":360},{\"@type\":\"BreadcrumbList\",\"@id\":\"https:\\\/\\\/royalfamily.org\\\/lat\\\/prestolonasledni%d0%baova-vidovdans%d0%baa-poru%d0%baa-na%d0%baon-liturgije-u-dvors%d0%baoj-cr%d0%bavi\\\/#breadcrumb\",\"itemListElement\":[{\"@type\":\"ListItem\",\"position\":1,\"name\":\"Home\",\"item\":\"https:\\\/\\\/royalfamily.org\\\/lat\\\/\"},{\"@type\":\"ListItem\",\"position\":2,\"name\":\"PRESTOLONASLEDNI\u041aOVA VIDOVDANS\u041aA PORU\u041aA NA\u041aON LITURGIJE U DVORS\u041aOJ CR\u041aVI\"}]},{\"@type\":\"WebSite\",\"@id\":\"https:\\\/\\\/royalfamily.org\\\/#website\",\"url\":\"https:\\\/\\\/royalfamily.org\\\/\",\"name\":\"The Royal Family of Serbia\",\"description\":\"From the people, for the people\",\"publisher\":{\"@id\":\"https:\\\/\\\/royalfamily.org\\\/#organization\"},\"potentialAction\":[{\"@type\":\"SearchAction\",\"target\":{\"@type\":\"EntryPoint\",\"urlTemplate\":\"https:\\\/\\\/royalfamily.org\\\/?s={search_term_string}\"},\"query-input\":{\"@type\":\"PropertyValueSpecification\",\"valueRequired\":true,\"valueName\":\"search_term_string\"}}],\"inLanguage\":\"sr-LT\"},{\"@type\":\"Organization\",\"@id\":\"https:\\\/\\\/royalfamily.org\\\/#organization\",\"name\":\"Royal Family\",\"url\":\"https:\\\/\\\/royalfamily.org\\\/\",\"logo\":{\"@type\":\"ImageObject\",\"inLanguage\":\"sr-LT\",\"@id\":\"https:\\\/\\\/royalfamily.org\\\/#\\\/schema\\\/logo\\\/image\\\/\",\"url\":\"https:\\\/\\\/royalfamily.org\\\/wp-content\\\/uploads\\\/2019\\\/04\\\/logo-vector-02-V-latinica.png\",\"contentUrl\":\"https:\\\/\\\/royalfamily.org\\\/wp-content\\\/uploads\\\/2019\\\/04\\\/logo-vector-02-V-latinica.png\",\"width\":552,\"height\":99,\"caption\":\"Royal Family\"},\"image\":{\"@id\":\"https:\\\/\\\/royalfamily.org\\\/#\\\/schema\\\/logo\\\/image\\\/\"},\"sameAs\":[\"https:\\\/\\\/www.facebook.com\\\/Prestolonaslednik.Aleksandar\"]},{\"@type\":\"Person\",\"@id\":\"https:\\\/\\\/royalfamily.org\\\/#\\\/schema\\\/person\\\/49383a0c31232a928463939891db1ad5\",\"name\":\"Web Royal\",\"image\":{\"@type\":\"ImageObject\",\"inLanguage\":\"sr-LT\",\"@id\":\"https:\\\/\\\/secure.gravatar.com\\\/avatar\\\/8dbdbae4ed2a898dcf0dcd9d01bf41782c405af026744c66e6a62d6235a20271?s=96&d=mm&r=g\",\"url\":\"https:\\\/\\\/secure.gravatar.com\\\/avatar\\\/8dbdbae4ed2a898dcf0dcd9d01bf41782c405af026744c66e6a62d6235a20271?s=96&d=mm&r=g\",\"contentUrl\":\"https:\\\/\\\/secure.gravatar.com\\\/avatar\\\/8dbdbae4ed2a898dcf0dcd9d01bf41782c405af026744c66e6a62d6235a20271?s=96&d=mm&r=g\",\"caption\":\"Web Royal\"}}]}<\/script>\n<!-- \/ Yoast SEO Premium plugin. -->","yoast_head_json":{"title":"PRESTOLONASLEDNI\u041aOVA VIDOVDANS\u041aA PORU\u041aA NA\u041aON LITURGIJE U DVORS\u041aOJ CR\u041aVI - The Royal Family of Serbia","robots":{"index":"index","follow":"follow","max-snippet":"max-snippet:-1","max-image-preview":"max-image-preview:large","max-video-preview":"max-video-preview:-1"},"canonical":"https:\/\/royalfamily.org\/lat\/prestolonasledni\u043aova-vidovdans\u043aa-poru\u043aa-na\u043aon-liturgije-u-dvors\u043aoj-cr\u043avi\/","og_locale":"en_US","og_type":"article","og_title":"PRESTOLONASLEDNI\u041aOVA VIDOVDANS\u041aA PORU\u041aA NA\u041aON LITURGIJE U DVORS\u041aOJ CR\u041aVI","og_url":"https:\/\/royalfamily.org\/lat\/prestolonasledni\u043aova-vidovdans\u043aa-poru\u043aa-na\u043aon-liturgije-u-dvors\u043aoj-cr\u043avi\/","og_site_name":"The Royal Family of Serbia","article_publisher":"https:\/\/www.facebook.com\/Prestolonaslednik.Aleksandar","article_published_time":"2022-06-28T10:10:44+00:00","og_image":[{"width":740,"height":360,"url":"https:\/\/royalfamily.org\/wp-content\/uploads\/2022\/06\/COVER-Vidovdan.jpg","type":"image\/jpeg"}],"author":"Web Royal","twitter_card":"summary_large_image","twitter_misc":{"Written by":"Web Royal","Est. reading time":"5 minutes"},"schema":{"@context":"https:\/\/schema.org","@graph":[{"@type":"Article","@id":"https:\/\/royalfamily.org\/lat\/prestolonasledni%d0%baova-vidovdans%d0%baa-poru%d0%baa-na%d0%baon-liturgije-u-dvors%d0%baoj-cr%d0%bavi\/#article","isPartOf":{"@id":"https:\/\/royalfamily.org\/lat\/prestolonasledni%d0%baova-vidovdans%d0%baa-poru%d0%baa-na%d0%baon-liturgije-u-dvors%d0%baoj-cr%d0%bavi\/"},"author":{"name":"Web Royal","@id":"https:\/\/royalfamily.org\/#\/schema\/person\/49383a0c31232a928463939891db1ad5"},"headline":"PRESTOLONASLEDNI\u041aOVA VIDOVDANS\u041aA PORU\u041aA NA\u041aON LITURGIJE U DVORS\u041aOJ CR\u041aVI","datePublished":"2022-06-28T10:10:44+00:00","mainEntityOfPage":{"@id":"https:\/\/royalfamily.org\/lat\/prestolonasledni%d0%baova-vidovdans%d0%baa-poru%d0%baa-na%d0%baon-liturgije-u-dvors%d0%baoj-cr%d0%bavi\/"},"wordCount":930,"publisher":{"@id":"https:\/\/royalfamily.org\/#organization"},"image":{"@id":"https:\/\/royalfamily.org\/lat\/prestolonasledni%d0%baova-vidovdans%d0%baa-poru%d0%baa-na%d0%baon-liturgije-u-dvors%d0%baoj-cr%d0%bavi\/#primaryimage"},"thumbnailUrl":"https:\/\/royalfamily.org\/wp-content\/uploads\/2022\/06\/COVER-Vidovdan.jpg","articleSection":["Vesti"],"inLanguage":"sr-LT"},{"@type":"WebPage","@id":"https:\/\/royalfamily.org\/lat\/prestolonasledni%d0%baova-vidovdans%d0%baa-poru%d0%baa-na%d0%baon-liturgije-u-dvors%d0%baoj-cr%d0%bavi\/","url":"https:\/\/royalfamily.org\/lat\/prestolonasledni%d0%baova-vidovdans%d0%baa-poru%d0%baa-na%d0%baon-liturgije-u-dvors%d0%baoj-cr%d0%bavi\/","name":"PRESTOLONASLEDNI\u041aOVA VIDOVDANS\u041aA PORU\u041aA NA\u041aON LITURGIJE U DVORS\u041aOJ CR\u041aVI - The Royal Family of Serbia","isPartOf":{"@id":"https:\/\/royalfamily.org\/#website"},"primaryImageOfPage":{"@id":"https:\/\/royalfamily.org\/lat\/prestolonasledni%d0%baova-vidovdans%d0%baa-poru%d0%baa-na%d0%baon-liturgije-u-dvors%d0%baoj-cr%d0%bavi\/#primaryimage"},"image":{"@id":"https:\/\/royalfamily.org\/lat\/prestolonasledni%d0%baova-vidovdans%d0%baa-poru%d0%baa-na%d0%baon-liturgije-u-dvors%d0%baoj-cr%d0%bavi\/#primaryimage"},"thumbnailUrl":"https:\/\/royalfamily.org\/wp-content\/uploads\/2022\/06\/COVER-Vidovdan.jpg","datePublished":"2022-06-28T10:10:44+00:00","breadcrumb":{"@id":"https:\/\/royalfamily.org\/lat\/prestolonasledni%d0%baova-vidovdans%d0%baa-poru%d0%baa-na%d0%baon-liturgije-u-dvors%d0%baoj-cr%d0%bavi\/#breadcrumb"},"inLanguage":"sr-LT","potentialAction":[{"@type":"ReadAction","target":["https:\/\/royalfamily.org\/lat\/prestolonasledni%d0%baova-vidovdans%d0%baa-poru%d0%baa-na%d0%baon-liturgije-u-dvors%d0%baoj-cr%d0%bavi\/"]}]},{"@type":"ImageObject","inLanguage":"sr-LT","@id":"https:\/\/royalfamily.org\/lat\/prestolonasledni%d0%baova-vidovdans%d0%baa-poru%d0%baa-na%d0%baon-liturgije-u-dvors%d0%baoj-cr%d0%bavi\/#primaryimage","url":"https:\/\/royalfamily.org\/wp-content\/uploads\/2022\/06\/COVER-Vidovdan.jpg","contentUrl":"https:\/\/royalfamily.org\/wp-content\/uploads\/2022\/06\/COVER-Vidovdan.jpg","width":740,"height":360},{"@type":"BreadcrumbList","@id":"https:\/\/royalfamily.org\/lat\/prestolonasledni%d0%baova-vidovdans%d0%baa-poru%d0%baa-na%d0%baon-liturgije-u-dvors%d0%baoj-cr%d0%bavi\/#breadcrumb","itemListElement":[{"@type":"ListItem","position":1,"name":"Home","item":"https:\/\/royalfamily.org\/lat\/"},{"@type":"ListItem","position":2,"name":"PRESTOLONASLEDNI\u041aOVA VIDOVDANS\u041aA PORU\u041aA NA\u041aON LITURGIJE U DVORS\u041aOJ CR\u041aVI"}]},{"@type":"WebSite","@id":"https:\/\/royalfamily.org\/#website","url":"https:\/\/royalfamily.org\/","name":"The Royal Family of Serbia","description":"From the people, for the people","publisher":{"@id":"https:\/\/royalfamily.org\/#organization"},"potentialAction":[{"@type":"SearchAction","target":{"@type":"EntryPoint","urlTemplate":"https:\/\/royalfamily.org\/?s={search_term_string}"},"query-input":{"@type":"PropertyValueSpecification","valueRequired":true,"valueName":"search_term_string"}}],"inLanguage":"sr-LT"},{"@type":"Organization","@id":"https:\/\/royalfamily.org\/#organization","name":"Royal Family","url":"https:\/\/royalfamily.org\/","logo":{"@type":"ImageObject","inLanguage":"sr-LT","@id":"https:\/\/royalfamily.org\/#\/schema\/logo\/image\/","url":"https:\/\/royalfamily.org\/wp-content\/uploads\/2019\/04\/logo-vector-02-V-latinica.png","contentUrl":"https:\/\/royalfamily.org\/wp-content\/uploads\/2019\/04\/logo-vector-02-V-latinica.png","width":552,"height":99,"caption":"Royal Family"},"image":{"@id":"https:\/\/royalfamily.org\/#\/schema\/logo\/image\/"},"sameAs":["https:\/\/www.facebook.com\/Prestolonaslednik.Aleksandar"]},{"@type":"Person","@id":"https:\/\/royalfamily.org\/#\/schema\/person\/49383a0c31232a928463939891db1ad5","name":"Web Royal","image":{"@type":"ImageObject","inLanguage":"sr-LT","@id":"https:\/\/secure.gravatar.com\/avatar\/8dbdbae4ed2a898dcf0dcd9d01bf41782c405af026744c66e6a62d6235a20271?s=96&d=mm&r=g","url":"https:\/\/secure.gravatar.com\/avatar\/8dbdbae4ed2a898dcf0dcd9d01bf41782c405af026744c66e6a62d6235a20271?s=96&d=mm&r=g","contentUrl":"https:\/\/secure.gravatar.com\/avatar\/8dbdbae4ed2a898dcf0dcd9d01bf41782c405af026744c66e6a62d6235a20271?s=96&d=mm&r=g","caption":"Web Royal"}}]}},"_links":{"self":[{"href":"https:\/\/royalfamily.org\/lat\/wp-json\/wp\/v2\/posts\/83281","targetHints":{"allow":["GET"]}}],"collection":[{"href":"https:\/\/royalfamily.org\/lat\/wp-json\/wp\/v2\/posts"}],"about":[{"href":"https:\/\/royalfamily.org\/lat\/wp-json\/wp\/v2\/types\/post"}],"author":[{"embeddable":true,"href":"https:\/\/royalfamily.org\/lat\/wp-json\/wp\/v2\/users\/1"}],"replies":[{"embeddable":true,"href":"https:\/\/royalfamily.org\/lat\/wp-json\/wp\/v2\/comments?post=83281"}],"version-history":[{"count":1,"href":"https:\/\/royalfamily.org\/lat\/wp-json\/wp\/v2\/posts\/83281\/revisions"}],"predecessor-version":[{"id":83282,"href":"https:\/\/royalfamily.org\/lat\/wp-json\/wp\/v2\/posts\/83281\/revisions\/83282"}],"wp:featuredmedia":[{"embeddable":true,"href":"https:\/\/royalfamily.org\/lat\/wp-json\/wp\/v2\/media\/83277"}],"wp:attachment":[{"href":"https:\/\/royalfamily.org\/lat\/wp-json\/wp\/v2\/media?parent=83281"}],"wp:term":[{"taxonomy":"category","embeddable":true,"href":"https:\/\/royalfamily.org\/lat\/wp-json\/wp\/v2\/categories?post=83281"},{"taxonomy":"post_tag","embeddable":true,"href":"https:\/\/royalfamily.org\/lat\/wp-json\/wp\/v2\/tags?post=83281"}],"curies":[{"name":"wp","href":"https:\/\/api.w.org\/{rel}","templated":true}]}}