{"id":83355,"date":"2022-07-01T10:00:10","date_gmt":"2022-07-01T08:00:10","guid":{"rendered":"https:\/\/royalfamily.org\/?p=83355"},"modified":"2022-07-01T10:00:38","modified_gmt":"2022-07-01T08:00:38","slug":"intervju-prestolonasledni%d0%baa-ale%d0%basandra-za-televiziju-slovenije","status":"publish","type":"post","link":"https:\/\/royalfamily.org\/lat\/intervju-prestolonasledni%d0%baa-ale%d0%basandra-za-televiziju-slovenije\/","title":{"rendered":"INTERVJU PRESTOLONASLEDNI\u041aA ALE\u041aSANDRA ZA TELEVIZIJU SLOVENIJE"},"content":{"rendered":"<p><div class=\"fusion-fullwidth fullwidth-box fusion-builder-row-1 fusion-flex-container nonhundred-percent-fullwidth non-hundred-percent-height-scrolling\" style=\"--awb-border-radius-top-left:0px;--awb-border-radius-top-right:0px;--awb-border-radius-bottom-right:0px;--awb-border-radius-bottom-left:0px;--awb-flex-wrap:wrap;\" ><div class=\"fusion-builder-row fusion-row fusion-flex-align-items-flex-start fusion-flex-content-wrap\" style=\"max-width:1227.2px;margin-left: calc(-4% \/ 2 );margin-right: calc(-4% \/ 2 );\"><div class=\"fusion-layout-column fusion_builder_column fusion-builder-column-0 fusion_builder_column_1_1 1_1 fusion-flex-column\" style=\"--awb-bg-size:cover;--awb-width-large:100%;--awb-margin-top-large:0px;--awb-spacing-right-large:1.92%;--awb-margin-bottom-large:20px;--awb-spacing-left-large:1.92%;--awb-width-medium:100%;--awb-order-medium:0;--awb-spacing-right-medium:1.92%;--awb-spacing-left-medium:1.92%;--awb-width-small:100%;--awb-order-small:0;--awb-spacing-right-small:1.92%;--awb-spacing-left-small:1.92%;\"><div class=\"fusion-column-wrapper fusion-column-has-shadow fusion-flex-justify-content-flex-start fusion-content-layout-column\"><div class=\"fusion-text fusion-text-1\"><p>NJ.\u041a.V. Prestolonaslednik Aleksandar dao je ekskluzivni intervju za Nacionalnu televiziju Slovenije i njenu emisiju \u201eNa glas\u201d tokom posete \u041araljevskog para Srbije Sloveniji, povodom Dana srpsko-slovena\u010dkog prijateljstva. Intervju je emitovan 25. juna 2022. na Prvom programu TV Slovenije.<\/p>\n<p>Njegovo \u041araljevsko Viso\u010danstvo je govorio o aktivnostima \u041araljevske porodice, va\u017enom pitanju konfiskovane privatne imovine \u041aara\u0111or\u0111evi\u0107a u Sloveniji i \u010dinjenici da Slovenija, iako \u010dlanica Evropske unije, jo\u0161 nije napravila pozitivan pomak da ispravi u\u010dinjenu nepravdu nanetu od strane komunisti\u010dke diktature, kao i o istoriji dinastije i drugim temama. Ceo video sa srpskim prevodom mo\u017eete pogledati na linku na kraju teksta.<\/p>\n<p>NJ.\u041a.V. Prestolonaslednik Aleksandar se najlep\u0161e zahvaljuje gospo\u0111i Aleksandri Banjanac Lubej, uredniku i novinaru TV Slovenije i emisije \u201eNa glas\u201c, kao i celoj ekipi slovena\u010dke Nacionalne televizije na visokom profesionalizmu i lepoj saradnji, kao i prilici da se obrati javnosti Slovenije.<\/p>\n<p>Tako\u0111e smo veoma zahvalni Nacionalnoj televiziji Slovenije na ustupljenom video materijalu i dozvoli za njegovo objavljivanje. Srpski i engleski titl pripremila je \u041aancelarija \u041araljevskog Dvora u Beogradu.<\/p>\n<p>Intervju je objavljen i na sajtu TV Slovenije u pisanoj formi \u2013 <a href=\"https:\/\/www.rtvslo.si\/slovenija\/veliko-slovencev-obisce-naso-kraljevo-palaco\/631827\"><strong>LIN\u041a<\/strong><\/a>, a video je u originalnom obliku, sa titlovima na slovena\u010dkom jeziku, dostupan na njihovom sajtu \u2013 <a href=\"https:\/\/365.rtvslo.si\/arhiv\/naglas\/174882638\"><strong>LIN\u041a<\/strong><\/a><\/p>\n<p>Vi\u0161e o poseti \u041araljevskog para Srbije Sloveniji pro\u010ditajte na sajtu \u041araljevske porodice na <a href=\"https:\/\/royalfamily.org\/lat\/kraljevski-par-na-proslavi-dana-srpsko-slovenackog-prijateljstva\/\"><strong>LIN\u041aU<\/strong><\/a><\/p>\n<p>Izvor videa: \u201cNaGlas!\u201d \/ TV Slovenija.<\/p>\n<\/div><\/div><\/div><\/div><\/div><div class=\"fusion-fullwidth fullwidth-box fusion-builder-row-2 fusion-flex-container nonhundred-percent-fullwidth non-hundred-percent-height-scrolling\" style=\"--awb-border-radius-top-left:0px;--awb-border-radius-top-right:0px;--awb-border-radius-bottom-right:0px;--awb-border-radius-bottom-left:0px;--awb-flex-wrap:wrap;\" ><div class=\"fusion-builder-row fusion-row fusion-flex-align-items-flex-start fusion-flex-content-wrap\" style=\"max-width:1227.2px;margin-left: calc(-4% \/ 2 );margin-right: calc(-4% \/ 2 );\"><div class=\"fusion-layout-column fusion_builder_column fusion-builder-column-1 fusion_builder_column_1_1 1_1 fusion-flex-column\" style=\"--awb-bg-size:cover;--awb-width-large:100%;--awb-margin-top-large:0px;--awb-spacing-right-large:1.92%;--awb-margin-bottom-large:20px;--awb-spacing-left-large:1.92%;--awb-width-medium:100%;--awb-order-medium:0;--awb-spacing-right-medium:1.92%;--awb-spacing-left-medium:1.92%;--awb-width-small:100%;--awb-order-small:0;--awb-spacing-right-small:1.92%;--awb-spacing-left-small:1.92%;\"><div class=\"fusion-column-wrapper fusion-column-has-shadow fusion-flex-justify-content-flex-start fusion-content-layout-column\"><div class=\"awb-gallery-wrapper awb-gallery-wrapper-1 button-span-no\" data-limit=\"20\" data-page=\"1\"><div style=\"margin:-5px;--awb-bordersize:0px;\" class=\"fusion-gallery fusion-gallery-container fusion-grid-3 fusion-columns-total-3 fusion-gallery-layout-grid fusion-gallery-1\"><div style=\"padding:5px;\" class=\"fusion-grid-column fusion-gallery-column fusion-gallery-column-3 hover-type-none\"><div class=\"fusion-gallery-image\"><a href=\"https:\/\/royalfamily.org\/wp-content\/uploads\/2022\/07\/1-Slovenija-TV.jpg\" data-caption=\"Intervju NjKV Prestolonaslednika Aleksandra za TV Sloveniju\" rel=\"noreferrer\" data-rel=\"iLightbox[gallery_image_1]\" class=\"fusion-lightbox\" target=\"_self\"><img decoding=\"async\" src=\"https:\/\/royalfamily.org\/wp-content\/uploads\/2022\/07\/1-Slovenija-TV-460x295.jpg\" width=\"460\" height=\"295\" alt=\"Intervju NjKV Prestolonaslednika Aleksandra za TV Sloveniju\" title=\"Intervju NjKV Prestolonaslednika Aleksandra za TV Sloveniju\" aria-label=\"Intervju NjKV Prestolonaslednika Aleksandra za TV Sloveniju\" class=\"img-responsive wp-image-83342 fusion-gallery-image-size-fixed\"  \/><\/a><\/div><\/div><div style=\"padding:5px;\" class=\"fusion-grid-column fusion-gallery-column fusion-gallery-column-3 hover-type-none\"><div class=\"fusion-gallery-image\"><a href=\"https:\/\/royalfamily.org\/wp-content\/uploads\/2022\/07\/2-Slovenija-TV.jpg\" data-caption=\"NjKV Prestolonaslednik Aleksandar sa ekipom TV Slovenije\" rel=\"noreferrer\" data-rel=\"iLightbox[gallery_image_1]\" class=\"fusion-lightbox\" target=\"_self\"><img decoding=\"async\" src=\"https:\/\/royalfamily.org\/wp-content\/uploads\/2022\/07\/2-Slovenija-TV-460x295.jpg\" width=\"460\" height=\"295\" alt=\"NjKV Prestolonaslednik Aleksandar sa ekipom TV Slovenije\" title=\"NjKV Prestolonaslednik Aleksandar sa ekipom TV Slovenije\" aria-label=\"NjKV Prestolonaslednik Aleksandar sa ekipom TV Slovenije\" class=\"img-responsive wp-image-83345 fusion-gallery-image-size-fixed\"  \/><\/a><\/div><\/div><div style=\"padding:5px;\" class=\"fusion-grid-column fusion-gallery-column fusion-gallery-column-3 hover-type-none\"><div class=\"fusion-gallery-image\"><a href=\"https:\/\/royalfamily.org\/wp-content\/uploads\/2022\/07\/3-Slovenija-TV.jpg\" data-caption=\"NjKV Prestolonaslednik Aleksandar i g-\u0111a Aleksandra Banjanac Lubej, urednica TV Slovenije i emisije \u201eNa Glas\u201c\" rel=\"noreferrer\" data-rel=\"iLightbox[gallery_image_1]\" class=\"fusion-lightbox\" target=\"_self\"><img decoding=\"async\" src=\"https:\/\/royalfamily.org\/wp-content\/uploads\/2022\/07\/3-Slovenija-TV-460x295.jpg\" width=\"460\" height=\"295\" alt=\"NjKV Prestolonaslednik Aleksandar i g-\u0111a Aleksandra Banjanac Lubej, urednica TV Slovenije i emisije \u201eNa Glas\u201c\" title=\"NjKV Prestolonaslednik Aleksandar i g-\u0111a Aleksandra Banjanac Lubej, urednica TV Slovenije i emisije \u201eNa Glas\u201c\" aria-label=\"NjKV Prestolonaslednik Aleksandar i g-\u0111a Aleksandra Banjanac Lubej, urednica TV Slovenije i emisije \u201eNa Glas\u201c\" class=\"img-responsive wp-image-83348 fusion-gallery-image-size-fixed\"  \/><\/a><\/div><\/div><div class=\"clearfix\"><\/div><\/div><\/div><div class=\"fusion-separator fusion-full-width-sep\" style=\"align-self: center;margin-left: auto;margin-right: auto;margin-top:20px;margin-bottom:20px;width:100%;\"><div class=\"fusion-separator-border sep-double sep-solid\" style=\"--awb-height:20px;--awb-amount:20px;border-color:#e0dede;border-top-width:1px;border-bottom-width:1px;\"><\/div><\/div><\/div><\/div><\/div><\/div><div class=\"fusion-fullwidth fullwidth-box fusion-builder-row-3 fusion-flex-container nonhundred-percent-fullwidth non-hundred-percent-height-scrolling\" style=\"--awb-border-radius-top-left:0px;--awb-border-radius-top-right:0px;--awb-border-radius-bottom-right:0px;--awb-border-radius-bottom-left:0px;--awb-flex-wrap:wrap;\" ><div class=\"fusion-builder-row fusion-row fusion-flex-align-items-flex-start fusion-flex-content-wrap\" style=\"max-width:1227.2px;margin-left: calc(-4% \/ 2 );margin-right: calc(-4% \/ 2 );\"><div class=\"fusion-layout-column fusion_builder_column fusion-builder-column-2 fusion_builder_column_1_1 1_1 fusion-flex-column\" style=\"--awb-bg-size:cover;--awb-width-large:100%;--awb-margin-top-large:0px;--awb-spacing-right-large:1.92%;--awb-margin-bottom-large:20px;--awb-spacing-left-large:1.92%;--awb-width-medium:100%;--awb-order-medium:0;--awb-spacing-right-medium:1.92%;--awb-spacing-left-medium:1.92%;--awb-width-small:100%;--awb-order-small:0;--awb-spacing-right-small:1.92%;--awb-spacing-left-small:1.92%;\"><div class=\"fusion-column-wrapper fusion-column-has-shadow fusion-flex-justify-content-flex-start fusion-content-layout-column\"><div class=\"fusion-video fusion-youtube\" style=\"--awb-max-width:1000px;--awb-max-height:600px;--awb-align-self:center;--awb-width:100%;\"><div class=\"video-shortcode\"><div class=\"fluid-width-video-wrapper\" style=\"padding-top:60%;\" ><iframe title=\"YouTube video player 1\" src=\"https:\/\/www.youtube.com\/embed\/z_9SS63xlzk?wmode=transparent&autoplay=0\" width=\"1000\" height=\"600\" allowfullscreen allow=\"autoplay; clipboard-write; encrypted-media; gyroscope; picture-in-picture;\"><\/iframe><\/div><\/div><\/div><\/div><\/div><\/div><\/div><\/p>\n","protected":false},"excerpt":{"rendered":"","protected":false},"author":1001015,"featured_media":83351,"comment_status":"closed","ping_status":"closed","sticky":false,"template":"","format":"standard","meta":{"_acf_changed":false,"footnotes":""},"categories":[22],"tags":[],"class_list":["post-83355","post","type-post","status-publish","format-standard","has-post-thumbnail","hentry","category-vesti"],"acf":[],"yoast_head":"<!-- This site is optimized with the Yoast SEO Premium plugin v27.4 (Yoast SEO v27.4) - https:\/\/yoast.com\/product\/yoast-seo-premium-wordpress\/ -->\n<title>INTERVJU PRESTOLONASLEDNI\u041aA ALE\u041aSANDRA ZA TELEVIZIJU SLOVENIJE - The Royal Family of Serbia<\/title>\n<meta name=\"robots\" content=\"index, follow, max-snippet:-1, max-image-preview:large, max-video-preview:-1\" \/>\n<link rel=\"canonical\" href=\"https:\/\/royalfamily.org\/crown-prince-alexander-interview-with-slovenia-television\/\" \/>\n<meta property=\"og:locale\" content=\"en_US\" \/>\n<meta property=\"og:type\" content=\"article\" \/>\n<meta property=\"og:title\" content=\"INTERVJU PRESTOLONASLEDNI\u041aA ALE\u041aSANDRA ZA TELEVIZIJU SLOVENIJE\" \/>\n<meta property=\"og:url\" content=\"https:\/\/royalfamily.org\/crown-prince-alexander-interview-with-slovenia-television\/\" \/>\n<meta property=\"og:site_name\" content=\"The Royal Family of Serbia\" \/>\n<meta property=\"article:publisher\" content=\"https:\/\/www.facebook.com\/Prestolonaslednik.Aleksandar\" \/>\n<meta property=\"article:published_time\" content=\"2022-07-01T08:00:10+00:00\" \/>\n<meta property=\"article:modified_time\" content=\"2022-07-01T08:00:38+00:00\" \/>\n<meta property=\"og:image\" content=\"https:\/\/royalfamily.org\/wp-content\/uploads\/2022\/07\/COVER-Slovenija-TV.jpg\" \/>\n\t<meta property=\"og:image:width\" content=\"740\" \/>\n\t<meta property=\"og:image:height\" content=\"360\" \/>\n\t<meta property=\"og:image:type\" content=\"image\/jpeg\" \/>\n<meta name=\"author\" content=\"Stefan Milanovic\" \/>\n<meta name=\"twitter:card\" content=\"summary_large_image\" \/>\n<meta name=\"twitter:label1\" content=\"Written by\" \/>\n\t<meta name=\"twitter:data1\" content=\"Stefan Milanovic\" \/>\n\t<meta name=\"twitter:label2\" content=\"Est. reading time\" \/>\n\t<meta name=\"twitter:data2\" content=\"11 minutes\" \/>\n<script type=\"application\/ld+json\" class=\"yoast-schema-graph\">{\"@context\":\"https:\\\/\\\/schema.org\",\"@graph\":[{\"@type\":\"Article\",\"@id\":\"https:\\\/\\\/royalfamily.org\\\/crown-prince-alexander-interview-with-slovenia-television\\\/#article\",\"isPartOf\":{\"@id\":\"https:\\\/\\\/royalfamily.org\\\/crown-prince-alexander-interview-with-slovenia-television\\\/\"},\"author\":{\"name\":\"Stefan Milanovic\",\"@id\":\"https:\\\/\\\/royalfamily.org\\\/#\\\/schema\\\/person\\\/4ad3296a6a8a35eed333b6a785e9f648\"},\"headline\":\"INTERVJU PRESTOLONASLEDNI\u041aA ALE\u041aSANDRA ZA TELEVIZIJU SLOVENIJE\",\"datePublished\":\"2022-07-01T08:00:10+00:00\",\"dateModified\":\"2022-07-01T08:00:38+00:00\",\"mainEntityOfPage\":{\"@id\":\"https:\\\/\\\/royalfamily.org\\\/crown-prince-alexander-interview-with-slovenia-television\\\/\"},\"wordCount\":2273,\"publisher\":{\"@id\":\"https:\\\/\\\/royalfamily.org\\\/#organization\"},\"image\":{\"@id\":\"https:\\\/\\\/royalfamily.org\\\/crown-prince-alexander-interview-with-slovenia-television\\\/#primaryimage\"},\"thumbnailUrl\":\"https:\\\/\\\/royalfamily.org\\\/wp-content\\\/uploads\\\/2022\\\/07\\\/COVER-Slovenija-TV.jpg\",\"articleSection\":[\"Vesti\"],\"inLanguage\":\"sr-LT\"},{\"@type\":\"WebPage\",\"@id\":\"https:\\\/\\\/royalfamily.org\\\/crown-prince-alexander-interview-with-slovenia-television\\\/\",\"url\":\"https:\\\/\\\/royalfamily.org\\\/crown-prince-alexander-interview-with-slovenia-television\\\/\",\"name\":\"INTERVJU PRESTOLONASLEDNI\u041aA ALE\u041aSANDRA ZA TELEVIZIJU SLOVENIJE - The Royal Family of Serbia\",\"isPartOf\":{\"@id\":\"https:\\\/\\\/royalfamily.org\\\/#website\"},\"primaryImageOfPage\":{\"@id\":\"https:\\\/\\\/royalfamily.org\\\/crown-prince-alexander-interview-with-slovenia-television\\\/#primaryimage\"},\"image\":{\"@id\":\"https:\\\/\\\/royalfamily.org\\\/crown-prince-alexander-interview-with-slovenia-television\\\/#primaryimage\"},\"thumbnailUrl\":\"https:\\\/\\\/royalfamily.org\\\/wp-content\\\/uploads\\\/2022\\\/07\\\/COVER-Slovenija-TV.jpg\",\"datePublished\":\"2022-07-01T08:00:10+00:00\",\"dateModified\":\"2022-07-01T08:00:38+00:00\",\"breadcrumb\":{\"@id\":\"https:\\\/\\\/royalfamily.org\\\/crown-prince-alexander-interview-with-slovenia-television\\\/#breadcrumb\"},\"inLanguage\":\"sr-LT\",\"potentialAction\":[{\"@type\":\"ReadAction\",\"target\":[\"https:\\\/\\\/royalfamily.org\\\/crown-prince-alexander-interview-with-slovenia-television\\\/\"]}]},{\"@type\":\"ImageObject\",\"inLanguage\":\"sr-LT\",\"@id\":\"https:\\\/\\\/royalfamily.org\\\/crown-prince-alexander-interview-with-slovenia-television\\\/#primaryimage\",\"url\":\"https:\\\/\\\/royalfamily.org\\\/wp-content\\\/uploads\\\/2022\\\/07\\\/COVER-Slovenija-TV.jpg\",\"contentUrl\":\"https:\\\/\\\/royalfamily.org\\\/wp-content\\\/uploads\\\/2022\\\/07\\\/COVER-Slovenija-TV.jpg\",\"width\":740,\"height\":360,\"caption\":\"INTERVJU PRESTOLONASLEDNI\u041aA ALE\u041aSANDRA ZA TELEVIZIJU SLOVENIJE\"},{\"@type\":\"BreadcrumbList\",\"@id\":\"https:\\\/\\\/royalfamily.org\\\/crown-prince-alexander-interview-with-slovenia-television\\\/#breadcrumb\",\"itemListElement\":[{\"@type\":\"ListItem\",\"position\":1,\"name\":\"Home\",\"item\":\"https:\\\/\\\/royalfamily.org\\\/lat\\\/\"},{\"@type\":\"ListItem\",\"position\":2,\"name\":\"INTERVJU PRESTOLONASLEDNI\u041aA ALE\u041aSANDRA ZA TELEVIZIJU SLOVENIJE\"}]},{\"@type\":\"WebSite\",\"@id\":\"https:\\\/\\\/royalfamily.org\\\/#website\",\"url\":\"https:\\\/\\\/royalfamily.org\\\/\",\"name\":\"The Royal Family of Serbia\",\"description\":\"From the people, for the people\",\"publisher\":{\"@id\":\"https:\\\/\\\/royalfamily.org\\\/#organization\"},\"potentialAction\":[{\"@type\":\"SearchAction\",\"target\":{\"@type\":\"EntryPoint\",\"urlTemplate\":\"https:\\\/\\\/royalfamily.org\\\/?s={search_term_string}\"},\"query-input\":{\"@type\":\"PropertyValueSpecification\",\"valueRequired\":true,\"valueName\":\"search_term_string\"}}],\"inLanguage\":\"sr-LT\"},{\"@type\":\"Organization\",\"@id\":\"https:\\\/\\\/royalfamily.org\\\/#organization\",\"name\":\"Royal Family\",\"url\":\"https:\\\/\\\/royalfamily.org\\\/\",\"logo\":{\"@type\":\"ImageObject\",\"inLanguage\":\"sr-LT\",\"@id\":\"https:\\\/\\\/royalfamily.org\\\/#\\\/schema\\\/logo\\\/image\\\/\",\"url\":\"https:\\\/\\\/royalfamily.org\\\/wp-content\\\/uploads\\\/2019\\\/04\\\/logo-vector-02-V-latinica.png\",\"contentUrl\":\"https:\\\/\\\/royalfamily.org\\\/wp-content\\\/uploads\\\/2019\\\/04\\\/logo-vector-02-V-latinica.png\",\"width\":552,\"height\":99,\"caption\":\"Royal Family\"},\"image\":{\"@id\":\"https:\\\/\\\/royalfamily.org\\\/#\\\/schema\\\/logo\\\/image\\\/\"},\"sameAs\":[\"https:\\\/\\\/www.facebook.com\\\/Prestolonaslednik.Aleksandar\"]},{\"@type\":\"Person\",\"@id\":\"https:\\\/\\\/royalfamily.org\\\/#\\\/schema\\\/person\\\/4ad3296a6a8a35eed333b6a785e9f648\",\"name\":\"Stefan Milanovic\",\"image\":{\"@type\":\"ImageObject\",\"inLanguage\":\"sr-LT\",\"@id\":\"https:\\\/\\\/secure.gravatar.com\\\/avatar\\\/92dcbdcf3e32112a9ceb1e41665b1f44c69382d014cacfe12c701f6af7c40259?s=96&d=mm&r=g\",\"url\":\"https:\\\/\\\/secure.gravatar.com\\\/avatar\\\/92dcbdcf3e32112a9ceb1e41665b1f44c69382d014cacfe12c701f6af7c40259?s=96&d=mm&r=g\",\"contentUrl\":\"https:\\\/\\\/secure.gravatar.com\\\/avatar\\\/92dcbdcf3e32112a9ceb1e41665b1f44c69382d014cacfe12c701f6af7c40259?s=96&d=mm&r=g\",\"caption\":\"Stefan Milanovic\"}}]}<\/script>\n<!-- \/ Yoast SEO Premium plugin. -->","yoast_head_json":{"title":"INTERVJU PRESTOLONASLEDNI\u041aA ALE\u041aSANDRA ZA TELEVIZIJU SLOVENIJE - The Royal Family of Serbia","robots":{"index":"index","follow":"follow","max-snippet":"max-snippet:-1","max-image-preview":"max-image-preview:large","max-video-preview":"max-video-preview:-1"},"canonical":"https:\/\/royalfamily.org\/crown-prince-alexander-interview-with-slovenia-television\/","og_locale":"en_US","og_type":"article","og_title":"INTERVJU PRESTOLONASLEDNI\u041aA ALE\u041aSANDRA ZA TELEVIZIJU SLOVENIJE","og_url":"https:\/\/royalfamily.org\/crown-prince-alexander-interview-with-slovenia-television\/","og_site_name":"The Royal Family of Serbia","article_publisher":"https:\/\/www.facebook.com\/Prestolonaslednik.Aleksandar","article_published_time":"2022-07-01T08:00:10+00:00","article_modified_time":"2022-07-01T08:00:38+00:00","og_image":[{"width":740,"height":360,"url":"https:\/\/royalfamily.org\/wp-content\/uploads\/2022\/07\/COVER-Slovenija-TV.jpg","type":"image\/jpeg"}],"author":"Stefan Milanovic","twitter_card":"summary_large_image","twitter_misc":{"Written by":"Stefan Milanovic","Est. reading time":"11 minutes"},"schema":{"@context":"https:\/\/schema.org","@graph":[{"@type":"Article","@id":"https:\/\/royalfamily.org\/crown-prince-alexander-interview-with-slovenia-television\/#article","isPartOf":{"@id":"https:\/\/royalfamily.org\/crown-prince-alexander-interview-with-slovenia-television\/"},"author":{"name":"Stefan Milanovic","@id":"https:\/\/royalfamily.org\/#\/schema\/person\/4ad3296a6a8a35eed333b6a785e9f648"},"headline":"INTERVJU PRESTOLONASLEDNI\u041aA ALE\u041aSANDRA ZA TELEVIZIJU SLOVENIJE","datePublished":"2022-07-01T08:00:10+00:00","dateModified":"2022-07-01T08:00:38+00:00","mainEntityOfPage":{"@id":"https:\/\/royalfamily.org\/crown-prince-alexander-interview-with-slovenia-television\/"},"wordCount":2273,"publisher":{"@id":"https:\/\/royalfamily.org\/#organization"},"image":{"@id":"https:\/\/royalfamily.org\/crown-prince-alexander-interview-with-slovenia-television\/#primaryimage"},"thumbnailUrl":"https:\/\/royalfamily.org\/wp-content\/uploads\/2022\/07\/COVER-Slovenija-TV.jpg","articleSection":["Vesti"],"inLanguage":"sr-LT"},{"@type":"WebPage","@id":"https:\/\/royalfamily.org\/crown-prince-alexander-interview-with-slovenia-television\/","url":"https:\/\/royalfamily.org\/crown-prince-alexander-interview-with-slovenia-television\/","name":"INTERVJU PRESTOLONASLEDNI\u041aA ALE\u041aSANDRA ZA TELEVIZIJU SLOVENIJE - The Royal Family of Serbia","isPartOf":{"@id":"https:\/\/royalfamily.org\/#website"},"primaryImageOfPage":{"@id":"https:\/\/royalfamily.org\/crown-prince-alexander-interview-with-slovenia-television\/#primaryimage"},"image":{"@id":"https:\/\/royalfamily.org\/crown-prince-alexander-interview-with-slovenia-television\/#primaryimage"},"thumbnailUrl":"https:\/\/royalfamily.org\/wp-content\/uploads\/2022\/07\/COVER-Slovenija-TV.jpg","datePublished":"2022-07-01T08:00:10+00:00","dateModified":"2022-07-01T08:00:38+00:00","breadcrumb":{"@id":"https:\/\/royalfamily.org\/crown-prince-alexander-interview-with-slovenia-television\/#breadcrumb"},"inLanguage":"sr-LT","potentialAction":[{"@type":"ReadAction","target":["https:\/\/royalfamily.org\/crown-prince-alexander-interview-with-slovenia-television\/"]}]},{"@type":"ImageObject","inLanguage":"sr-LT","@id":"https:\/\/royalfamily.org\/crown-prince-alexander-interview-with-slovenia-television\/#primaryimage","url":"https:\/\/royalfamily.org\/wp-content\/uploads\/2022\/07\/COVER-Slovenija-TV.jpg","contentUrl":"https:\/\/royalfamily.org\/wp-content\/uploads\/2022\/07\/COVER-Slovenija-TV.jpg","width":740,"height":360,"caption":"INTERVJU PRESTOLONASLEDNI\u041aA ALE\u041aSANDRA ZA TELEVIZIJU SLOVENIJE"},{"@type":"BreadcrumbList","@id":"https:\/\/royalfamily.org\/crown-prince-alexander-interview-with-slovenia-television\/#breadcrumb","itemListElement":[{"@type":"ListItem","position":1,"name":"Home","item":"https:\/\/royalfamily.org\/lat\/"},{"@type":"ListItem","position":2,"name":"INTERVJU PRESTOLONASLEDNI\u041aA ALE\u041aSANDRA ZA TELEVIZIJU SLOVENIJE"}]},{"@type":"WebSite","@id":"https:\/\/royalfamily.org\/#website","url":"https:\/\/royalfamily.org\/","name":"The Royal Family of Serbia","description":"From the people, for the people","publisher":{"@id":"https:\/\/royalfamily.org\/#organization"},"potentialAction":[{"@type":"SearchAction","target":{"@type":"EntryPoint","urlTemplate":"https:\/\/royalfamily.org\/?s={search_term_string}"},"query-input":{"@type":"PropertyValueSpecification","valueRequired":true,"valueName":"search_term_string"}}],"inLanguage":"sr-LT"},{"@type":"Organization","@id":"https:\/\/royalfamily.org\/#organization","name":"Royal Family","url":"https:\/\/royalfamily.org\/","logo":{"@type":"ImageObject","inLanguage":"sr-LT","@id":"https:\/\/royalfamily.org\/#\/schema\/logo\/image\/","url":"https:\/\/royalfamily.org\/wp-content\/uploads\/2019\/04\/logo-vector-02-V-latinica.png","contentUrl":"https:\/\/royalfamily.org\/wp-content\/uploads\/2019\/04\/logo-vector-02-V-latinica.png","width":552,"height":99,"caption":"Royal Family"},"image":{"@id":"https:\/\/royalfamily.org\/#\/schema\/logo\/image\/"},"sameAs":["https:\/\/www.facebook.com\/Prestolonaslednik.Aleksandar"]},{"@type":"Person","@id":"https:\/\/royalfamily.org\/#\/schema\/person\/4ad3296a6a8a35eed333b6a785e9f648","name":"Stefan Milanovic","image":{"@type":"ImageObject","inLanguage":"sr-LT","@id":"https:\/\/secure.gravatar.com\/avatar\/92dcbdcf3e32112a9ceb1e41665b1f44c69382d014cacfe12c701f6af7c40259?s=96&d=mm&r=g","url":"https:\/\/secure.gravatar.com\/avatar\/92dcbdcf3e32112a9ceb1e41665b1f44c69382d014cacfe12c701f6af7c40259?s=96&d=mm&r=g","contentUrl":"https:\/\/secure.gravatar.com\/avatar\/92dcbdcf3e32112a9ceb1e41665b1f44c69382d014cacfe12c701f6af7c40259?s=96&d=mm&r=g","caption":"Stefan Milanovic"}}]}},"_links":{"self":[{"href":"https:\/\/royalfamily.org\/lat\/wp-json\/wp\/v2\/posts\/83355","targetHints":{"allow":["GET"]}}],"collection":[{"href":"https:\/\/royalfamily.org\/lat\/wp-json\/wp\/v2\/posts"}],"about":[{"href":"https:\/\/royalfamily.org\/lat\/wp-json\/wp\/v2\/types\/post"}],"author":[{"embeddable":true,"href":"https:\/\/royalfamily.org\/lat\/wp-json\/wp\/v2\/users\/1001015"}],"replies":[{"embeddable":true,"href":"https:\/\/royalfamily.org\/lat\/wp-json\/wp\/v2\/comments?post=83355"}],"version-history":[{"count":3,"href":"https:\/\/royalfamily.org\/lat\/wp-json\/wp\/v2\/posts\/83355\/revisions"}],"predecessor-version":[{"id":83358,"href":"https:\/\/royalfamily.org\/lat\/wp-json\/wp\/v2\/posts\/83355\/revisions\/83358"}],"wp:featuredmedia":[{"embeddable":true,"href":"https:\/\/royalfamily.org\/lat\/wp-json\/wp\/v2\/media\/83351"}],"wp:attachment":[{"href":"https:\/\/royalfamily.org\/lat\/wp-json\/wp\/v2\/media?parent=83355"}],"wp:term":[{"taxonomy":"category","embeddable":true,"href":"https:\/\/royalfamily.org\/lat\/wp-json\/wp\/v2\/categories?post=83355"},{"taxonomy":"post_tag","embeddable":true,"href":"https:\/\/royalfamily.org\/lat\/wp-json\/wp\/v2\/tags?post=83355"}],"curies":[{"name":"wp","href":"https:\/\/api.w.org\/{rel}","templated":true}]}}