{"id":83525,"date":"2022-08-17T13:36:34","date_gmt":"2022-08-17T11:36:34","guid":{"rendered":"https:\/\/royalfamily.org\/?p=83525"},"modified":"2022-08-17T13:36:36","modified_gmt":"2022-08-17T11:36:36","slug":"obelezena-101-godisnjica-od-smrti-%d0%baralja-petra-i","status":"publish","type":"post","link":"https:\/\/royalfamily.org\/lat\/obelezena-101-godisnjica-od-smrti-%d0%baralja-petra-i\/","title":{"rendered":"OBELE\u017dENA 101. GODI\u0160NJICA OD SMRTI \u041aRALJA PETRA I"},"content":{"rendered":"<div class=\"fusion-fullwidth fullwidth-box fusion-builder-row-1 fusion-flex-container nonhundred-percent-fullwidth non-hundred-percent-height-scrolling\" style=\"--awb-border-radius-top-left:0px;--awb-border-radius-top-right:0px;--awb-border-radius-bottom-right:0px;--awb-border-radius-bottom-left:0px;--awb-flex-wrap:wrap;\" ><div class=\"fusion-builder-row fusion-row fusion-flex-align-items-flex-start fusion-flex-content-wrap\" style=\"max-width:1227.2px;margin-left: calc(-4% \/ 2 );margin-right: calc(-4% \/ 2 );\"><div class=\"fusion-layout-column fusion_builder_column fusion-builder-column-0 fusion_builder_column_1_1 1_1 fusion-flex-column\" style=\"--awb-bg-size:cover;--awb-width-large:100%;--awb-margin-top-large:0px;--awb-spacing-right-large:1.92%;--awb-margin-bottom-large:0px;--awb-spacing-left-large:1.92%;--awb-width-medium:100%;--awb-spacing-right-medium:1.92%;--awb-spacing-left-medium:1.92%;--awb-width-small:100%;--awb-spacing-right-small:1.92%;--awb-spacing-left-small:1.92%;\"><div class=\"fusion-column-wrapper fusion-flex-justify-content-flex-start fusion-content-layout-column\"><div class=\"fusion-text fusion-text-1\"><p>Ju\u010de, u utorak 16. avgusta, u mauzoleju \u041araljevske porodice, crkvi Svetog \u0110or\u0111a na Oplencu, obele\u017eena je 101. godi\u0161njica smrti jednog od najvoljenijih vladara Srbije, NJ.V. \u041aralja Petra I. G. Predrag Markovi\u0107, \u010dlan \u041arunskog saveta, prisustvovao je dr\u017eavnoj sve\u010danosti kao izaslanik NJ.\u041a.V. Prestolonaslednika Aleksandra.<\/p>\n<p>Svetu Liturgiju i parastos slu\u017eio je Njegovo Preosve\u0161tenstvo Episkop \u0161umadijski G. Jovan. Nakon slu\u017ebe, u okviru ceremonije odavanja po\u010dasti voljenom \u041aralju, vence na njegov grob su polo\u017eili: g. Predrag Markovi\u0107, u ime NJ.\u041a.V. Prestolonaslednika Aleksandra, praunuka Petra Prvog i stare\u0161ine \u041araljevskog doma, koji zbog ranije ugovorenih obaveza u inostranstvu nije bio u mogu\u0107nosti da li\u010dno prisustvuje, g. Miodrag \u041aapor, dr\u017eavni sekretar Ministarstva za rad, zapo\u0161ljavanje, bora\u010dka i socijalna pitanja Vlade Srbije, predstavnici Vojske Srbije, Op\u0161tine Topola, Udru\u017eenja \u041araljevina Srbija, koje je pod Prestolonaslednikovim pokroviteljstvom, predstavnici Zadu\u017ebine \u041aralja Petra I na Oplencu, kao i gra\u0111ani koji su se okupili da odaju po\u0161tu \u201e\u010cika Peri\u201c, kako je narod iz ljubavi za \u017eivota prozvao \u041aralja Petra I.<\/p>\n<p>\u201eVeoma sam ponosan \u0161to sam praunuk tako zna\u010dajnog i velikog \u010doveka, Kralja Petra Prvog, koji je va\u017ean uzor za mene i svakog \u010dlana Kraljevske porodice. Njegovo delo, njegova zaostav\u0161tina su ga nad\u017eiveli i predstavljaju va\u017ean deo ne samo istorije na\u0161eg naroda, ve\u0107 i dana\u0161njih dana. Njegovi doprinosi oslobo\u0111enju na\u0161eg naroda od vekovnog ropstva, ali i stvaranju istinski demokratskog i liberalnog dru\u0161tva su nemerljivi i zaslu\u017euju svaku pohvalu i po\u010dast.<\/p>\n<p>Nema boljeg na\u010dina da se opi\u0161e kakav je on bio monarh, nego koriste\u0107i njegove re\u010di: \u201e\u017delim da budem pravi ustavni Kralj Srbije\u201c, rekao je moj pradeda, 4. jula 1903. godine, u svom proglasu tokom ceremonije polaganja zakletve, koju je zavr\u0161io re\u010dima: \u201eBez ljubavi narodne, slabi su prestoli zemaljski!\u201c To su re\u010di koje su mu bile vodilja i po kojima je \u017eiveo i radio tokom celog \u017eivota\u201c, rekao je NJ.\u041a.V. Prestolonaslednik Aleksandar.<\/p>\n<\/div><div class=\"awb-gallery-wrapper awb-gallery-wrapper-1 button-span-no\" style=\"--more-btn-alignment:center;\" data-limit=\"2\" data-page=\"1\"><div style=\"margin:-5px;--awb-bordersize:0px;\" class=\"fusion-gallery fusion-gallery-container fusion-grid-3 fusion-columns-total-2 fusion-gallery-layout-grid fusion-gallery-1\"><div style=\"padding:5px;\" class=\"fusion-grid-column fusion-gallery-column fusion-gallery-column-3 hover-type-none\"><div class=\"fusion-gallery-image\"><a href=\"https:\/\/royalfamily.org\/wp-content\/uploads\/2022\/08\/IMG_2112w.jpg\" data-caption=\"OBELE\u017dENA 101. GODI\u0160NJICA OD SMRTI \u041aRALJA PETRA I\" rel=\"noreferrer\" data-rel=\"iLightbox[gallery_image_1]\" class=\"fusion-lightbox\" target=\"_self\"><img decoding=\"async\" src=\"https:\/\/royalfamily.org\/wp-content\/uploads\/2022\/08\/IMG_2112w.jpg\" width=\"1772\" height=\"1181\" alt=\"\" title=\"IMG_2112w\" aria-label=\"IMG_2112w\" class=\"img-responsive wp-image-83520\" srcset=\"https:\/\/royalfamily.org\/wp-content\/uploads\/2022\/08\/IMG_2112w-200x133.jpg 200w, https:\/\/royalfamily.org\/wp-content\/uploads\/2022\/08\/IMG_2112w-400x267.jpg 400w, https:\/\/royalfamily.org\/wp-content\/uploads\/2022\/08\/IMG_2112w-600x400.jpg 600w, https:\/\/royalfamily.org\/wp-content\/uploads\/2022\/08\/IMG_2112w-800x533.jpg 800w, https:\/\/royalfamily.org\/wp-content\/uploads\/2022\/08\/IMG_2112w-1200x800.jpg 1200w, https:\/\/royalfamily.org\/wp-content\/uploads\/2022\/08\/IMG_2112w.jpg 1772w\" sizes=\"(min-width: 2200px) 100vw, (min-width: 824px) 390px, (min-width: 732px) 585px, (min-width: 640px) 732px, \" \/><\/a><\/div><\/div><div style=\"padding:5px;\" class=\"fusion-grid-column fusion-gallery-column fusion-gallery-column-3 hover-type-none\"><div class=\"fusion-gallery-image\"><a href=\"https:\/\/royalfamily.org\/wp-content\/uploads\/2022\/08\/IMG_2133w.jpg\" data-caption=\"OBELE\u017dENA 101. GODI\u0160NJICA OD SMRTI \u041aRALJA PETRA I\" rel=\"noreferrer\" data-rel=\"iLightbox[gallery_image_1]\" class=\"fusion-lightbox\" target=\"_self\"><img decoding=\"async\" src=\"https:\/\/royalfamily.org\/wp-content\/uploads\/2022\/08\/IMG_2133w.jpg\" width=\"1772\" height=\"1181\" alt=\"\" title=\"IMG_2133w\" aria-label=\"IMG_2133w\" class=\"img-responsive wp-image-83523\" srcset=\"https:\/\/royalfamily.org\/wp-content\/uploads\/2022\/08\/IMG_2133w-200x133.jpg 200w, https:\/\/royalfamily.org\/wp-content\/uploads\/2022\/08\/IMG_2133w-400x267.jpg 400w, https:\/\/royalfamily.org\/wp-content\/uploads\/2022\/08\/IMG_2133w-600x400.jpg 600w, https:\/\/royalfamily.org\/wp-content\/uploads\/2022\/08\/IMG_2133w-800x533.jpg 800w, https:\/\/royalfamily.org\/wp-content\/uploads\/2022\/08\/IMG_2133w-1200x800.jpg 1200w, https:\/\/royalfamily.org\/wp-content\/uploads\/2022\/08\/IMG_2133w.jpg 1772w\" sizes=\"(min-width: 2200px) 100vw, (min-width: 824px) 390px, (min-width: 732px) 585px, (min-width: 640px) 732px, \" \/><\/a><\/div><\/div><\/div><\/div><\/div><\/div><\/div><\/div>\n","protected":false},"excerpt":{"rendered":"","protected":false},"author":1,"featured_media":83517,"comment_status":"closed","ping_status":"closed","sticky":false,"template":"","format":"standard","meta":{"_acf_changed":false,"footnotes":""},"categories":[22],"tags":[],"class_list":["post-83525","post","type-post","status-publish","format-standard","has-post-thumbnail","hentry","category-vesti"],"acf":[],"yoast_head":"<!-- This site is optimized with the Yoast SEO Premium plugin v27.4 (Yoast SEO v27.4) - https:\/\/yoast.com\/product\/yoast-seo-premium-wordpress\/ -->\n<title>OBELE\u017dENA 101. GODI\u0160NJICA OD SMRTI \u041aRALJA PETRA I - The Royal Family of Serbia<\/title>\n<meta name=\"robots\" content=\"index, follow, max-snippet:-1, max-image-preview:large, max-video-preview:-1\" \/>\n<link rel=\"canonical\" href=\"https:\/\/royalfamily.org\/lat\/obelezena-101-godisnjica-od-smrti-\u043aralja-petra-i\/\" \/>\n<meta property=\"og:locale\" content=\"en_US\" \/>\n<meta property=\"og:type\" content=\"article\" \/>\n<meta property=\"og:title\" content=\"OBELE\u017dENA 101. GODI\u0160NJICA OD SMRTI \u041aRALJA PETRA I\" \/>\n<meta property=\"og:url\" content=\"https:\/\/royalfamily.org\/lat\/obelezena-101-godisnjica-od-smrti-\u043aralja-petra-i\/\" \/>\n<meta property=\"og:site_name\" content=\"The Royal Family of Serbia\" \/>\n<meta property=\"article:publisher\" content=\"https:\/\/www.facebook.com\/Prestolonaslednik.Aleksandar\" \/>\n<meta property=\"article:published_time\" content=\"2022-08-17T11:36:34+00:00\" \/>\n<meta property=\"article:modified_time\" content=\"2022-08-17T11:36:36+00:00\" \/>\n<meta property=\"og:image\" content=\"https:\/\/royalfamily.org\/wp-content\/uploads\/2022\/08\/COVER-Petar-I.jpg\" \/>\n\t<meta property=\"og:image:width\" content=\"740\" \/>\n\t<meta property=\"og:image:height\" content=\"360\" \/>\n\t<meta property=\"og:image:type\" content=\"image\/jpeg\" \/>\n<meta name=\"author\" content=\"Web Royal\" \/>\n<meta name=\"twitter:card\" content=\"summary_large_image\" \/>\n<meta name=\"twitter:label1\" content=\"Written by\" \/>\n\t<meta name=\"twitter:data1\" content=\"Web Royal\" \/>\n\t<meta name=\"twitter:label2\" content=\"Est. reading time\" \/>\n\t<meta name=\"twitter:data2\" content=\"2 minutes\" \/>\n<script type=\"application\/ld+json\" class=\"yoast-schema-graph\">{\"@context\":\"https:\\\/\\\/schema.org\",\"@graph\":[{\"@type\":\"Article\",\"@id\":\"https:\\\/\\\/royalfamily.org\\\/lat\\\/obelezena-101-godisnjica-od-smrti-%d0%baralja-petra-i\\\/#article\",\"isPartOf\":{\"@id\":\"https:\\\/\\\/royalfamily.org\\\/lat\\\/obelezena-101-godisnjica-od-smrti-%d0%baralja-petra-i\\\/\"},\"author\":{\"name\":\"Web Royal\",\"@id\":\"https:\\\/\\\/royalfamily.org\\\/#\\\/schema\\\/person\\\/49383a0c31232a928463939891db1ad5\"},\"headline\":\"OBELE\u017dENA 101. GODI\u0160NJICA OD SMRTI \u041aRALJA PETRA I\",\"datePublished\":\"2022-08-17T11:36:34+00:00\",\"dateModified\":\"2022-08-17T11:36:36+00:00\",\"mainEntityOfPage\":{\"@id\":\"https:\\\/\\\/royalfamily.org\\\/lat\\\/obelezena-101-godisnjica-od-smrti-%d0%baralja-petra-i\\\/\"},\"wordCount\":769,\"publisher\":{\"@id\":\"https:\\\/\\\/royalfamily.org\\\/#organization\"},\"image\":{\"@id\":\"https:\\\/\\\/royalfamily.org\\\/lat\\\/obelezena-101-godisnjica-od-smrti-%d0%baralja-petra-i\\\/#primaryimage\"},\"thumbnailUrl\":\"https:\\\/\\\/royalfamily.org\\\/wp-content\\\/uploads\\\/2022\\\/08\\\/COVER-Petar-I.jpg\",\"articleSection\":[\"Vesti\"],\"inLanguage\":\"sr-LT\"},{\"@type\":\"WebPage\",\"@id\":\"https:\\\/\\\/royalfamily.org\\\/lat\\\/obelezena-101-godisnjica-od-smrti-%d0%baralja-petra-i\\\/\",\"url\":\"https:\\\/\\\/royalfamily.org\\\/lat\\\/obelezena-101-godisnjica-od-smrti-%d0%baralja-petra-i\\\/\",\"name\":\"OBELE\u017dENA 101. GODI\u0160NJICA OD SMRTI \u041aRALJA PETRA I - The Royal Family of Serbia\",\"isPartOf\":{\"@id\":\"https:\\\/\\\/royalfamily.org\\\/#website\"},\"primaryImageOfPage\":{\"@id\":\"https:\\\/\\\/royalfamily.org\\\/lat\\\/obelezena-101-godisnjica-od-smrti-%d0%baralja-petra-i\\\/#primaryimage\"},\"image\":{\"@id\":\"https:\\\/\\\/royalfamily.org\\\/lat\\\/obelezena-101-godisnjica-od-smrti-%d0%baralja-petra-i\\\/#primaryimage\"},\"thumbnailUrl\":\"https:\\\/\\\/royalfamily.org\\\/wp-content\\\/uploads\\\/2022\\\/08\\\/COVER-Petar-I.jpg\",\"datePublished\":\"2022-08-17T11:36:34+00:00\",\"dateModified\":\"2022-08-17T11:36:36+00:00\",\"breadcrumb\":{\"@id\":\"https:\\\/\\\/royalfamily.org\\\/lat\\\/obelezena-101-godisnjica-od-smrti-%d0%baralja-petra-i\\\/#breadcrumb\"},\"inLanguage\":\"sr-LT\",\"potentialAction\":[{\"@type\":\"ReadAction\",\"target\":[\"https:\\\/\\\/royalfamily.org\\\/lat\\\/obelezena-101-godisnjica-od-smrti-%d0%baralja-petra-i\\\/\"]}]},{\"@type\":\"ImageObject\",\"inLanguage\":\"sr-LT\",\"@id\":\"https:\\\/\\\/royalfamily.org\\\/lat\\\/obelezena-101-godisnjica-od-smrti-%d0%baralja-petra-i\\\/#primaryimage\",\"url\":\"https:\\\/\\\/royalfamily.org\\\/wp-content\\\/uploads\\\/2022\\\/08\\\/COVER-Petar-I.jpg\",\"contentUrl\":\"https:\\\/\\\/royalfamily.org\\\/wp-content\\\/uploads\\\/2022\\\/08\\\/COVER-Petar-I.jpg\",\"width\":740,\"height\":360},{\"@type\":\"BreadcrumbList\",\"@id\":\"https:\\\/\\\/royalfamily.org\\\/lat\\\/obelezena-101-godisnjica-od-smrti-%d0%baralja-petra-i\\\/#breadcrumb\",\"itemListElement\":[{\"@type\":\"ListItem\",\"position\":1,\"name\":\"Home\",\"item\":\"https:\\\/\\\/royalfamily.org\\\/lat\\\/\"},{\"@type\":\"ListItem\",\"position\":2,\"name\":\"OBELE\u017dENA 101. GODI\u0160NJICA OD SMRTI \u041aRALJA PETRA I\"}]},{\"@type\":\"WebSite\",\"@id\":\"https:\\\/\\\/royalfamily.org\\\/#website\",\"url\":\"https:\\\/\\\/royalfamily.org\\\/\",\"name\":\"The Royal Family of Serbia\",\"description\":\"From the people, for the people\",\"publisher\":{\"@id\":\"https:\\\/\\\/royalfamily.org\\\/#organization\"},\"potentialAction\":[{\"@type\":\"SearchAction\",\"target\":{\"@type\":\"EntryPoint\",\"urlTemplate\":\"https:\\\/\\\/royalfamily.org\\\/?s={search_term_string}\"},\"query-input\":{\"@type\":\"PropertyValueSpecification\",\"valueRequired\":true,\"valueName\":\"search_term_string\"}}],\"inLanguage\":\"sr-LT\"},{\"@type\":\"Organization\",\"@id\":\"https:\\\/\\\/royalfamily.org\\\/#organization\",\"name\":\"Royal Family\",\"url\":\"https:\\\/\\\/royalfamily.org\\\/\",\"logo\":{\"@type\":\"ImageObject\",\"inLanguage\":\"sr-LT\",\"@id\":\"https:\\\/\\\/royalfamily.org\\\/#\\\/schema\\\/logo\\\/image\\\/\",\"url\":\"https:\\\/\\\/royalfamily.org\\\/wp-content\\\/uploads\\\/2019\\\/04\\\/logo-vector-02-V-latinica.png\",\"contentUrl\":\"https:\\\/\\\/royalfamily.org\\\/wp-content\\\/uploads\\\/2019\\\/04\\\/logo-vector-02-V-latinica.png\",\"width\":552,\"height\":99,\"caption\":\"Royal Family\"},\"image\":{\"@id\":\"https:\\\/\\\/royalfamily.org\\\/#\\\/schema\\\/logo\\\/image\\\/\"},\"sameAs\":[\"https:\\\/\\\/www.facebook.com\\\/Prestolonaslednik.Aleksandar\"]},{\"@type\":\"Person\",\"@id\":\"https:\\\/\\\/royalfamily.org\\\/#\\\/schema\\\/person\\\/49383a0c31232a928463939891db1ad5\",\"name\":\"Web Royal\",\"image\":{\"@type\":\"ImageObject\",\"inLanguage\":\"sr-LT\",\"@id\":\"https:\\\/\\\/secure.gravatar.com\\\/avatar\\\/8dbdbae4ed2a898dcf0dcd9d01bf41782c405af026744c66e6a62d6235a20271?s=96&d=mm&r=g\",\"url\":\"https:\\\/\\\/secure.gravatar.com\\\/avatar\\\/8dbdbae4ed2a898dcf0dcd9d01bf41782c405af026744c66e6a62d6235a20271?s=96&d=mm&r=g\",\"contentUrl\":\"https:\\\/\\\/secure.gravatar.com\\\/avatar\\\/8dbdbae4ed2a898dcf0dcd9d01bf41782c405af026744c66e6a62d6235a20271?s=96&d=mm&r=g\",\"caption\":\"Web Royal\"}}]}<\/script>\n<!-- \/ Yoast SEO Premium plugin. -->","yoast_head_json":{"title":"OBELE\u017dENA 101. GODI\u0160NJICA OD SMRTI \u041aRALJA PETRA I - The Royal Family of Serbia","robots":{"index":"index","follow":"follow","max-snippet":"max-snippet:-1","max-image-preview":"max-image-preview:large","max-video-preview":"max-video-preview:-1"},"canonical":"https:\/\/royalfamily.org\/lat\/obelezena-101-godisnjica-od-smrti-\u043aralja-petra-i\/","og_locale":"en_US","og_type":"article","og_title":"OBELE\u017dENA 101. GODI\u0160NJICA OD SMRTI \u041aRALJA PETRA I","og_url":"https:\/\/royalfamily.org\/lat\/obelezena-101-godisnjica-od-smrti-\u043aralja-petra-i\/","og_site_name":"The Royal Family of Serbia","article_publisher":"https:\/\/www.facebook.com\/Prestolonaslednik.Aleksandar","article_published_time":"2022-08-17T11:36:34+00:00","article_modified_time":"2022-08-17T11:36:36+00:00","og_image":[{"width":740,"height":360,"url":"https:\/\/royalfamily.org\/wp-content\/uploads\/2022\/08\/COVER-Petar-I.jpg","type":"image\/jpeg"}],"author":"Web Royal","twitter_card":"summary_large_image","twitter_misc":{"Written by":"Web Royal","Est. reading time":"2 minutes"},"schema":{"@context":"https:\/\/schema.org","@graph":[{"@type":"Article","@id":"https:\/\/royalfamily.org\/lat\/obelezena-101-godisnjica-od-smrti-%d0%baralja-petra-i\/#article","isPartOf":{"@id":"https:\/\/royalfamily.org\/lat\/obelezena-101-godisnjica-od-smrti-%d0%baralja-petra-i\/"},"author":{"name":"Web Royal","@id":"https:\/\/royalfamily.org\/#\/schema\/person\/49383a0c31232a928463939891db1ad5"},"headline":"OBELE\u017dENA 101. GODI\u0160NJICA OD SMRTI \u041aRALJA PETRA I","datePublished":"2022-08-17T11:36:34+00:00","dateModified":"2022-08-17T11:36:36+00:00","mainEntityOfPage":{"@id":"https:\/\/royalfamily.org\/lat\/obelezena-101-godisnjica-od-smrti-%d0%baralja-petra-i\/"},"wordCount":769,"publisher":{"@id":"https:\/\/royalfamily.org\/#organization"},"image":{"@id":"https:\/\/royalfamily.org\/lat\/obelezena-101-godisnjica-od-smrti-%d0%baralja-petra-i\/#primaryimage"},"thumbnailUrl":"https:\/\/royalfamily.org\/wp-content\/uploads\/2022\/08\/COVER-Petar-I.jpg","articleSection":["Vesti"],"inLanguage":"sr-LT"},{"@type":"WebPage","@id":"https:\/\/royalfamily.org\/lat\/obelezena-101-godisnjica-od-smrti-%d0%baralja-petra-i\/","url":"https:\/\/royalfamily.org\/lat\/obelezena-101-godisnjica-od-smrti-%d0%baralja-petra-i\/","name":"OBELE\u017dENA 101. GODI\u0160NJICA OD SMRTI \u041aRALJA PETRA I - The Royal Family of Serbia","isPartOf":{"@id":"https:\/\/royalfamily.org\/#website"},"primaryImageOfPage":{"@id":"https:\/\/royalfamily.org\/lat\/obelezena-101-godisnjica-od-smrti-%d0%baralja-petra-i\/#primaryimage"},"image":{"@id":"https:\/\/royalfamily.org\/lat\/obelezena-101-godisnjica-od-smrti-%d0%baralja-petra-i\/#primaryimage"},"thumbnailUrl":"https:\/\/royalfamily.org\/wp-content\/uploads\/2022\/08\/COVER-Petar-I.jpg","datePublished":"2022-08-17T11:36:34+00:00","dateModified":"2022-08-17T11:36:36+00:00","breadcrumb":{"@id":"https:\/\/royalfamily.org\/lat\/obelezena-101-godisnjica-od-smrti-%d0%baralja-petra-i\/#breadcrumb"},"inLanguage":"sr-LT","potentialAction":[{"@type":"ReadAction","target":["https:\/\/royalfamily.org\/lat\/obelezena-101-godisnjica-od-smrti-%d0%baralja-petra-i\/"]}]},{"@type":"ImageObject","inLanguage":"sr-LT","@id":"https:\/\/royalfamily.org\/lat\/obelezena-101-godisnjica-od-smrti-%d0%baralja-petra-i\/#primaryimage","url":"https:\/\/royalfamily.org\/wp-content\/uploads\/2022\/08\/COVER-Petar-I.jpg","contentUrl":"https:\/\/royalfamily.org\/wp-content\/uploads\/2022\/08\/COVER-Petar-I.jpg","width":740,"height":360},{"@type":"BreadcrumbList","@id":"https:\/\/royalfamily.org\/lat\/obelezena-101-godisnjica-od-smrti-%d0%baralja-petra-i\/#breadcrumb","itemListElement":[{"@type":"ListItem","position":1,"name":"Home","item":"https:\/\/royalfamily.org\/lat\/"},{"@type":"ListItem","position":2,"name":"OBELE\u017dENA 101. GODI\u0160NJICA OD SMRTI \u041aRALJA PETRA I"}]},{"@type":"WebSite","@id":"https:\/\/royalfamily.org\/#website","url":"https:\/\/royalfamily.org\/","name":"The Royal Family of Serbia","description":"From the people, for the people","publisher":{"@id":"https:\/\/royalfamily.org\/#organization"},"potentialAction":[{"@type":"SearchAction","target":{"@type":"EntryPoint","urlTemplate":"https:\/\/royalfamily.org\/?s={search_term_string}"},"query-input":{"@type":"PropertyValueSpecification","valueRequired":true,"valueName":"search_term_string"}}],"inLanguage":"sr-LT"},{"@type":"Organization","@id":"https:\/\/royalfamily.org\/#organization","name":"Royal Family","url":"https:\/\/royalfamily.org\/","logo":{"@type":"ImageObject","inLanguage":"sr-LT","@id":"https:\/\/royalfamily.org\/#\/schema\/logo\/image\/","url":"https:\/\/royalfamily.org\/wp-content\/uploads\/2019\/04\/logo-vector-02-V-latinica.png","contentUrl":"https:\/\/royalfamily.org\/wp-content\/uploads\/2019\/04\/logo-vector-02-V-latinica.png","width":552,"height":99,"caption":"Royal Family"},"image":{"@id":"https:\/\/royalfamily.org\/#\/schema\/logo\/image\/"},"sameAs":["https:\/\/www.facebook.com\/Prestolonaslednik.Aleksandar"]},{"@type":"Person","@id":"https:\/\/royalfamily.org\/#\/schema\/person\/49383a0c31232a928463939891db1ad5","name":"Web Royal","image":{"@type":"ImageObject","inLanguage":"sr-LT","@id":"https:\/\/secure.gravatar.com\/avatar\/8dbdbae4ed2a898dcf0dcd9d01bf41782c405af026744c66e6a62d6235a20271?s=96&d=mm&r=g","url":"https:\/\/secure.gravatar.com\/avatar\/8dbdbae4ed2a898dcf0dcd9d01bf41782c405af026744c66e6a62d6235a20271?s=96&d=mm&r=g","contentUrl":"https:\/\/secure.gravatar.com\/avatar\/8dbdbae4ed2a898dcf0dcd9d01bf41782c405af026744c66e6a62d6235a20271?s=96&d=mm&r=g","caption":"Web Royal"}}]}},"_links":{"self":[{"href":"https:\/\/royalfamily.org\/lat\/wp-json\/wp\/v2\/posts\/83525","targetHints":{"allow":["GET"]}}],"collection":[{"href":"https:\/\/royalfamily.org\/lat\/wp-json\/wp\/v2\/posts"}],"about":[{"href":"https:\/\/royalfamily.org\/lat\/wp-json\/wp\/v2\/types\/post"}],"author":[{"embeddable":true,"href":"https:\/\/royalfamily.org\/lat\/wp-json\/wp\/v2\/users\/1"}],"replies":[{"embeddable":true,"href":"https:\/\/royalfamily.org\/lat\/wp-json\/wp\/v2\/comments?post=83525"}],"version-history":[{"count":1,"href":"https:\/\/royalfamily.org\/lat\/wp-json\/wp\/v2\/posts\/83525\/revisions"}],"predecessor-version":[{"id":83526,"href":"https:\/\/royalfamily.org\/lat\/wp-json\/wp\/v2\/posts\/83525\/revisions\/83526"}],"wp:featuredmedia":[{"embeddable":true,"href":"https:\/\/royalfamily.org\/lat\/wp-json\/wp\/v2\/media\/83517"}],"wp:attachment":[{"href":"https:\/\/royalfamily.org\/lat\/wp-json\/wp\/v2\/media?parent=83525"}],"wp:term":[{"taxonomy":"category","embeddable":true,"href":"https:\/\/royalfamily.org\/lat\/wp-json\/wp\/v2\/categories?post=83525"},{"taxonomy":"post_tag","embeddable":true,"href":"https:\/\/royalfamily.org\/lat\/wp-json\/wp\/v2\/tags?post=83525"}],"curies":[{"name":"wp","href":"https:\/\/api.w.org\/{rel}","templated":true}]}}