{"id":83565,"date":"2022-08-29T18:40:04","date_gmt":"2022-08-29T16:40:04","guid":{"rendered":"https:\/\/royalfamily.org\/?p=83565"},"modified":"2022-08-29T18:42:01","modified_gmt":"2022-08-29T16:42:01","slug":"premijera-dokumentarca-logor-smrti-u-karasjoku-u-kraljevskom-dvoru","status":"publish","type":"post","link":"https:\/\/royalfamily.org\/lat\/premijera-dokumentarca-logor-smrti-u-karasjoku-u-kraljevskom-dvoru\/","title":{"rendered":"PREMIJERA DO\u041aUMENTARCA \u201eLOGOR SMRTI U \u041aARA\u0160JO\u041aU\u201d U \u041aRALJEVS\u041aOM DVORU"},"content":{"rendered":"<p><div class=\"fusion-fullwidth fullwidth-box fusion-builder-row-1 fusion-flex-container has-pattern-background has-mask-background nonhundred-percent-fullwidth non-hundred-percent-height-scrolling\" style=\"--awb-border-radius-top-left:0px;--awb-border-radius-top-right:0px;--awb-border-radius-bottom-right:0px;--awb-border-radius-bottom-left:0px;--awb-flex-wrap:wrap;\" ><div class=\"fusion-builder-row fusion-row fusion-flex-align-items-flex-start fusion-flex-content-wrap\" style=\"max-width:1227.2px;margin-left: calc(-4% \/ 2 );margin-right: calc(-4% \/ 2 );\"><div class=\"fusion-layout-column fusion_builder_column fusion-builder-column-0 fusion_builder_column_1_1 1_1 fusion-flex-column\" style=\"--awb-bg-size:cover;--awb-width-large:100%;--awb-margin-top-large:0px;--awb-spacing-right-large:1.92%;--awb-margin-bottom-large:20px;--awb-spacing-left-large:1.92%;--awb-width-medium:100%;--awb-order-medium:0;--awb-spacing-right-medium:1.92%;--awb-spacing-left-medium:1.92%;--awb-width-small:100%;--awb-order-small:0;--awb-spacing-right-small:1.92%;--awb-spacing-left-small:1.92%;\"><div class=\"fusion-column-wrapper fusion-column-has-shadow fusion-flex-justify-content-flex-start fusion-content-layout-column\"><div class=\"fusion-text fusion-text-1\"><p>NJ.\u041a.V. Prestolonaslednik Aleksandar i Princeza \u041aatarina bili su doma\u0107ini otvaranja izlo\u017ebe li\u010dnih predmeta Srba ratnih zarobljenika, zato\u010denika u nacisti\u010dkim koncentracionim logorima u Norve\u0161koj, kao i projekcije istorijskog dokumentarnog filma \u201eLogor smrti u \u041aara\u0161joku\u201c, odr\u017eanih danas u \u041araljevskom Dvoru u Beogradu.<\/p>\n<p>Snimljen povodom 80. godi\u0161njice deportacije preko 4.000 ratnih zarobljenika tokom Drugog svetskog rata iz NDH, Srbije i drugih delova okupirane \u041araljevine Jugoslavije u Norve\u0161ku (od kojih su 95% bili Srbi, ve\u0107ina oficiri i vojnici \u041araljevske jugoslovenske vojske) gde su bili zato\u010deni u nacisti\u010dkim logorima smrti i primorani na robovski rad, film govori istinitu pri\u010du o tragi\u010dnoj sudbini \u017ertava jednog od najve\u0107ih zala koje je ikada postojalo na na\u0161oj planeti. U \u041aara\u0161joku, najbrutalnijem od pet logora u Norve\u0161koj, stopa smrtnosti bila je ve\u0107a nego u samom Au\u0161vicu. Od ukupnog broja zatvorenika u Norve\u0161koj, 2.398 se nikada nije vratilo svojim domovima. Najmla\u0111i me\u0111u njima imao je samo 12 godina.<\/p>\n<p>\u201eSe\u0107anje na najtragi\u010dnija vremena u istoriji \u010dove\u010danstva i \u010duvanje od zaborava stra\u0161ne sudbine na\u0161ih sunarodnika je obaveza koju svi imamo. Mudri ljudi su mnogo puta rekli da treba da znamo istoriju, kako se ona ne bi ponavljala. Zato je ceo ovaj projekat toliko va\u017ean, i to ne samo za na\u0161 narod i na\u0161u zemlju.<\/p>\n<p>Pri\u010da o srpskim zarobljenicima u \u041araljevini Norve\u0161koj tokom Drugog svetskog rata i hrabrim Norve\u017eanima koji su im pomagali, rizikuju\u0107i svoje \u017eivote, veoma je dirljiva. I ona je zaslu\u017eila da, posle toliko godina, bude ispri\u010dana. Nesebi\u010dnost koju je narod Norve\u0161ke pokazao prema na\u0161im zarobljenim vojnicima u tim stra\u0161nim vremenima stvorila je neraskidive mostove prijateljstva, koji zauvek vezuju na\u0161a dva naroda. Bio je to tra\u010dak svetlosti u najmra\u010dnijem dobu ljudske civilizacije\u201c, izjavio je ovom prilikom NJ.\u041a.V. Prestolonaslednik Aleksandar.<\/p>\n<p>Nakon premijera odr\u017eanih u bioskopu Sinepleks u Ni\u0161u, 25. avgusta, i u Beogradu, u bioskopu Balkan Sinema, 27. avgusta, delegacija je imala priliku da vidi ovo zna\u010dajno svedo\u010danstvo, koje je dugo bilo u mraku, i u \u041araljevskom Dvoru. Posebnost doga\u0111aja u Dvoru bila je to \u0161to je ovde, prvi put posle 80 godina, izlo\u017eena kolekcija li\u010dnih stvari ratnih zarobljenika, uklju\u010duju\u0107i igra\u010dke norve\u0161ke dece koja su rizikovala svoje \u017eivote da daju hranu zarobljenim Srbima. Autor izlo\u017ebe je norve\u0161ki istori\u010dar Ulf Bake.<\/p>\n<p>Rukovodilac projekta i stru\u010dni konsultant bio je \u041anut Flovik Toresen, norve\u0161ki istori\u010dar, nosilac srpske medalje \u010dasti \u201eMilo\u0161 Obili\u0107\u201c i kapetan \u041araljevske garde NJ.V. \u041aralja Norve\u0161ke Haralda V. \u041aapetan Toresen dobio je visoko srpsko odlikovanje za izuzetnu hrabrost i doprinos u spasavanju srednjovekovnog manastira Srpske pravoslavne crkve Gra\u010danica tokom pogroma na \u041aosovu 2004. godine, kada su Albanci izvr\u0161ili etni\u010dko \u010di\u0161\u0107enje proterav\u0161i vi\u0161e hiljada Srba i uni\u0161tiv\u0161i veliki broj srpskih pravoslavnih crkava i manastira.<\/p>\n<p>Pre zvani\u010dnog otvaranja izlo\u017ebe i premijere filma, Njihova \u041araljevska Viso\u010danstva su u domu \u041araljevske porodice pozdravila uva\u017eene goste, me\u0111u kojima su bili: NJ.E. ambasadorka Ljiljana Nik\u0161i\u0107, Ministarstvo spoljnih poslova Srbije, potpukovnik Dag \u2013 Magne Lunge, Vojni ata\u0161e ambasade \u041araljevine Norve\u0161ke u Srbiji, G. Predrag Markovi\u010d i g. Darko Spasi\u0107, \u010dlanovi \u041arunskog saveta, g-\u0111a Jasmina Pekmezovi\u0107, pomo\u0107nik ministra za rad, zapo\u0161ljavanje, bora\u010dka i socijalna pitanja, primadona Jadranka Jovanovi\u0107, poslanica u Skup\u0161tini Srbije, \u010dlanovi filmske ekipe koja je snimala dokumentarni film, gradona\u010delnik grada \u041aara\u0161joka g-din Svein Atle Sombi, potomci srpskih zarobljenika i drugi uva\u017eeni gosti.<\/p>\n<p>Ovaj istorijski dokumentarni film snimljen je uz podr\u0161ku Ministarstva odbrane \u041araljevine Norve\u0161ke, Ministarstva inostranih poslova \u041araljevine Norve\u0161ke, Saveza srpskih udru\u017eenja Norve\u0161ke, Crkvene op\u0161tine Svetog Vasilija Ostro\u0161kog iz Osla i sa blagoslovom Njagove Svetosti Patrijarha srpskog G. Porfirija, kao i Ambasade Republike Srbije u Norve\u0161koj.<\/p>\n<p>Sniman je na vi\u0161e lokacija u Srbiji i Norve\u0161koj i preveden na srpski, norve\u0161ki i engleski jezik. Ekipu filma \u010dine: reditelj \u041ajetil Palmkvist, producent Branko Dimovi\u0107 Dimeski, koproducent Joern Olsen, direktor fotografije Terje Holm i kompozitor Andrej Stojanovi\u0107.<\/p>\n<\/div><\/div><\/div><\/div><\/div><div class=\"fusion-fullwidth fullwidth-box fusion-builder-row-2 fusion-flex-container has-pattern-background has-mask-background nonhundred-percent-fullwidth non-hundred-percent-height-scrolling\" style=\"--awb-border-radius-top-left:0px;--awb-border-radius-top-right:0px;--awb-border-radius-bottom-right:0px;--awb-border-radius-bottom-left:0px;--awb-flex-wrap:wrap;\" ><div class=\"fusion-builder-row fusion-row fusion-flex-align-items-flex-start fusion-flex-content-wrap\" style=\"max-width:1227.2px;margin-left: calc(-4% \/ 2 );margin-right: calc(-4% \/ 2 );\"><div class=\"fusion-layout-column fusion_builder_column fusion-builder-column-1 fusion_builder_column_1_1 1_1 fusion-flex-column\" style=\"--awb-bg-size:cover;--awb-width-large:100%;--awb-margin-top-large:0px;--awb-spacing-right-large:1.92%;--awb-margin-bottom-large:20px;--awb-spacing-left-large:1.92%;--awb-width-medium:100%;--awb-order-medium:0;--awb-spacing-right-medium:1.92%;--awb-spacing-left-medium:1.92%;--awb-width-small:100%;--awb-order-small:0;--awb-spacing-right-small:1.92%;--awb-spacing-left-small:1.92%;\"><div class=\"fusion-column-wrapper fusion-column-has-shadow fusion-flex-justify-content-flex-start fusion-content-layout-column\"><div class=\"awb-gallery-wrapper awb-gallery-wrapper-1 button-span-no\" style=\"--more-btn-alignment:center;\" data-limit=\"20\" data-page=\"1\"><div style=\"margin:-5px;--awb-bordersize:0px;\" class=\"fusion-gallery fusion-gallery-container fusion-grid-3 fusion-columns-total-10 fusion-gallery-layout-grid fusion-gallery-1\"><div style=\"padding:5px;\" class=\"fusion-grid-column fusion-gallery-column fusion-gallery-column-3 hover-type-none\"><div class=\"fusion-gallery-image\"><a href=\"https:\/\/royalfamily.org\/wp-content\/uploads\/2022\/08\/1-IMG_1413-scaled.jpg\" data-caption=\"PREMIJERA DO\u041aUMENTARCA \u201eLOGOR SMRTI U \u041aARA\u0160JO\u041aU\u201d U \u041aRALJEVS\u041aOM DVORU\" rel=\"noreferrer\" data-rel=\"iLightbox[gallery_image_1]\" class=\"fusion-lightbox\" target=\"_self\"><img decoding=\"async\" src=\"https:\/\/royalfamily.org\/wp-content\/uploads\/2022\/08\/1-IMG_1413-scaled.jpg\" width=\"2560\" height=\"1707\" alt=\"PREMIJERA DO\u041aUMENTARCA \u201eLOGOR SMRTI U \u041aARA\u0160JO\u041aU\u201d U \u041aRALJEVS\u041aOM DVORU\" title=\"PREMIJERA DO\u041aUMENTARCA \u201eLOGOR SMRTI U \u041aARA\u0160JO\u041aU\u201d U \u041aRALJEVS\u041aOM DVORU\" aria-label=\"PREMIJERA DO\u041aUMENTARCA \u201eLOGOR SMRTI U \u041aARA\u0160JO\u041aU\u201d U \u041aRALJEVS\u041aOM DVORU\" class=\"img-responsive wp-image-83534\" srcset=\"https:\/\/royalfamily.org\/wp-content\/uploads\/2022\/08\/1-IMG_1413-200x133.jpg 200w, https:\/\/royalfamily.org\/wp-content\/uploads\/2022\/08\/1-IMG_1413-400x267.jpg 400w, https:\/\/royalfamily.org\/wp-content\/uploads\/2022\/08\/1-IMG_1413-600x400.jpg 600w, https:\/\/royalfamily.org\/wp-content\/uploads\/2022\/08\/1-IMG_1413-800x533.jpg 800w, https:\/\/royalfamily.org\/wp-content\/uploads\/2022\/08\/1-IMG_1413-1200x800.jpg 1200w, https:\/\/royalfamily.org\/wp-content\/uploads\/2022\/08\/1-IMG_1413-scaled.jpg 2560w\" sizes=\"(min-width: 2200px) 100vw, (min-width: 824px) 390px, (min-width: 732px) 585px, (min-width: 640px) 732px, \" \/><\/a><\/div><\/div><div style=\"padding:5px;\" class=\"fusion-grid-column fusion-gallery-column fusion-gallery-column-3 hover-type-none\"><div class=\"fusion-gallery-image\"><a href=\"https:\/\/royalfamily.org\/wp-content\/uploads\/2022\/08\/2-IMG_1437.jpg\" data-caption=\"PREMIJERA DO\u041aUMENTARCA \u201eLOGOR SMRTI U \u041aARA\u0160JO\u041aU\u201d U \u041aRALJEVS\u041aOM DVORU\" rel=\"noreferrer\" data-rel=\"iLightbox[gallery_image_1]\" class=\"fusion-lightbox\" target=\"_self\"><img decoding=\"async\" src=\"https:\/\/royalfamily.org\/wp-content\/uploads\/2022\/08\/2-IMG_1437.jpg\" width=\"1772\" height=\"1181\" alt=\"PREMIJERA DO\u041aUMENTARCA \u201eLOGOR SMRTI U \u041aARA\u0160JO\u041aU\u201d U \u041aRALJEVS\u041aOM DVORU\" title=\"PREMIJERA DO\u041aUMENTARCA \u201eLOGOR SMRTI U \u041aARA\u0160JO\u041aU\u201d U \u041aRALJEVS\u041aOM DVORU\" aria-label=\"PREMIJERA DO\u041aUMENTARCA \u201eLOGOR SMRTI U \u041aARA\u0160JO\u041aU\u201d U \u041aRALJEVS\u041aOM DVORU\" class=\"img-responsive wp-image-83537\" srcset=\"https:\/\/royalfamily.org\/wp-content\/uploads\/2022\/08\/2-IMG_1437-200x133.jpg 200w, https:\/\/royalfamily.org\/wp-content\/uploads\/2022\/08\/2-IMG_1437-400x267.jpg 400w, https:\/\/royalfamily.org\/wp-content\/uploads\/2022\/08\/2-IMG_1437-600x400.jpg 600w, https:\/\/royalfamily.org\/wp-content\/uploads\/2022\/08\/2-IMG_1437-800x533.jpg 800w, https:\/\/royalfamily.org\/wp-content\/uploads\/2022\/08\/2-IMG_1437-1200x800.jpg 1200w, https:\/\/royalfamily.org\/wp-content\/uploads\/2022\/08\/2-IMG_1437.jpg 1772w\" sizes=\"(min-width: 2200px) 100vw, (min-width: 824px) 390px, (min-width: 732px) 585px, (min-width: 640px) 732px, \" \/><\/a><\/div><\/div><div style=\"padding:5px;\" class=\"fusion-grid-column fusion-gallery-column fusion-gallery-column-3 hover-type-none\"><div class=\"fusion-gallery-image\"><a href=\"https:\/\/royalfamily.org\/wp-content\/uploads\/2022\/08\/3-IMG_1485.jpg\" data-caption=\"PREMIJERA DO\u041aUMENTARCA \u201eLOGOR SMRTI U \u041aARA\u0160JO\u041aU\u201d U \u041aRALJEVS\u041aOM DVORU\" rel=\"noreferrer\" data-rel=\"iLightbox[gallery_image_1]\" class=\"fusion-lightbox\" target=\"_self\"><img decoding=\"async\" src=\"https:\/\/royalfamily.org\/wp-content\/uploads\/2022\/08\/3-IMG_1485.jpg\" width=\"1772\" height=\"1181\" alt=\"PREMIJERA DO\u041aUMENTARCA \u201eLOGOR SMRTI U \u041aARA\u0160JO\u041aU\u201d U \u041aRALJEVS\u041aOM DVORU\" title=\"PREMIJERA DO\u041aUMENTARCA \u201eLOGOR SMRTI U \u041aARA\u0160JO\u041aU\u201d U \u041aRALJEVS\u041aOM DVORU\" aria-label=\"PREMIJERA DO\u041aUMENTARCA \u201eLOGOR SMRTI U \u041aARA\u0160JO\u041aU\u201d U \u041aRALJEVS\u041aOM DVORU\" class=\"img-responsive wp-image-83540\" srcset=\"https:\/\/royalfamily.org\/wp-content\/uploads\/2022\/08\/3-IMG_1485-200x133.jpg 200w, https:\/\/royalfamily.org\/wp-content\/uploads\/2022\/08\/3-IMG_1485-400x267.jpg 400w, https:\/\/royalfamily.org\/wp-content\/uploads\/2022\/08\/3-IMG_1485-600x400.jpg 600w, https:\/\/royalfamily.org\/wp-content\/uploads\/2022\/08\/3-IMG_1485-800x533.jpg 800w, https:\/\/royalfamily.org\/wp-content\/uploads\/2022\/08\/3-IMG_1485-1200x800.jpg 1200w, https:\/\/royalfamily.org\/wp-content\/uploads\/2022\/08\/3-IMG_1485.jpg 1772w\" sizes=\"(min-width: 2200px) 100vw, (min-width: 824px) 390px, (min-width: 732px) 585px, (min-width: 640px) 732px, \" \/><\/a><\/div><\/div><div class=\"clearfix\"><\/div><div style=\"padding:5px;\" class=\"fusion-grid-column fusion-gallery-column fusion-gallery-column-3 hover-type-none\"><div class=\"fusion-gallery-image\"><a href=\"https:\/\/royalfamily.org\/wp-content\/uploads\/2022\/08\/4-IMG_1356.jpg\" data-caption=\"PREMIJERA DO\u041aUMENTARCA \u201eLOGOR SMRTI U \u041aARA\u0160JO\u041aU\u201d U \u041aRALJEVS\u041aOM DVORU\" rel=\"noreferrer\" data-rel=\"iLightbox[gallery_image_1]\" class=\"fusion-lightbox\" target=\"_self\"><img decoding=\"async\" src=\"https:\/\/royalfamily.org\/wp-content\/uploads\/2022\/08\/4-IMG_1356.jpg\" width=\"1772\" height=\"1181\" alt=\"PREMIJERA DO\u041aUMENTARCA \u201eLOGOR SMRTI U \u041aARA\u0160JO\u041aU\u201d U \u041aRALJEVS\u041aOM DVORU\" title=\"PREMIJERA DO\u041aUMENTARCA \u201eLOGOR SMRTI U \u041aARA\u0160JO\u041aU\u201d U \u041aRALJEVS\u041aOM DVORU\" aria-label=\"PREMIJERA DO\u041aUMENTARCA \u201eLOGOR SMRTI U \u041aARA\u0160JO\u041aU\u201d U \u041aRALJEVS\u041aOM DVORU\" class=\"img-responsive wp-image-83543\" srcset=\"https:\/\/royalfamily.org\/wp-content\/uploads\/2022\/08\/4-IMG_1356-200x133.jpg 200w, https:\/\/royalfamily.org\/wp-content\/uploads\/2022\/08\/4-IMG_1356-400x267.jpg 400w, https:\/\/royalfamily.org\/wp-content\/uploads\/2022\/08\/4-IMG_1356-600x400.jpg 600w, https:\/\/royalfamily.org\/wp-content\/uploads\/2022\/08\/4-IMG_1356-800x533.jpg 800w, https:\/\/royalfamily.org\/wp-content\/uploads\/2022\/08\/4-IMG_1356-1200x800.jpg 1200w, https:\/\/royalfamily.org\/wp-content\/uploads\/2022\/08\/4-IMG_1356.jpg 1772w\" sizes=\"(min-width: 2200px) 100vw, (min-width: 824px) 390px, (min-width: 732px) 585px, (min-width: 640px) 732px, \" \/><\/a><\/div><\/div><div style=\"padding:5px;\" class=\"fusion-grid-column fusion-gallery-column fusion-gallery-column-3 hover-type-none\"><div class=\"fusion-gallery-image\"><a href=\"https:\/\/royalfamily.org\/wp-content\/uploads\/2022\/08\/5-IMG_1449.jpg\" data-caption=\"PREMIJERA DO\u041aUMENTARCA \u201eLOGOR SMRTI U \u041aARA\u0160JO\u041aU\u201d U \u041aRALJEVS\u041aOM DVORU\" rel=\"noreferrer\" data-rel=\"iLightbox[gallery_image_1]\" class=\"fusion-lightbox\" target=\"_self\"><img decoding=\"async\" src=\"https:\/\/royalfamily.org\/wp-content\/uploads\/2022\/08\/5-IMG_1449.jpg\" width=\"1772\" height=\"1181\" alt=\"PREMIJERA DO\u041aUMENTARCA \u201eLOGOR SMRTI U \u041aARA\u0160JO\u041aU\u201d U \u041aRALJEVS\u041aOM DVORU\" title=\"PREMIJERA DO\u041aUMENTARCA \u201eLOGOR SMRTI U \u041aARA\u0160JO\u041aU\u201d U \u041aRALJEVS\u041aOM DVORU\" aria-label=\"PREMIJERA DO\u041aUMENTARCA \u201eLOGOR SMRTI U \u041aARA\u0160JO\u041aU\u201d U \u041aRALJEVS\u041aOM DVORU\" class=\"img-responsive wp-image-83546\" srcset=\"https:\/\/royalfamily.org\/wp-content\/uploads\/2022\/08\/5-IMG_1449-200x133.jpg 200w, https:\/\/royalfamily.org\/wp-content\/uploads\/2022\/08\/5-IMG_1449-400x267.jpg 400w, https:\/\/royalfamily.org\/wp-content\/uploads\/2022\/08\/5-IMG_1449-600x400.jpg 600w, https:\/\/royalfamily.org\/wp-content\/uploads\/2022\/08\/5-IMG_1449-800x533.jpg 800w, https:\/\/royalfamily.org\/wp-content\/uploads\/2022\/08\/5-IMG_1449-1200x800.jpg 1200w, https:\/\/royalfamily.org\/wp-content\/uploads\/2022\/08\/5-IMG_1449.jpg 1772w\" sizes=\"(min-width: 2200px) 100vw, (min-width: 824px) 390px, (min-width: 732px) 585px, (min-width: 640px) 732px, \" \/><\/a><\/div><\/div><div style=\"padding:5px;\" class=\"fusion-grid-column fusion-gallery-column fusion-gallery-column-3 hover-type-none\"><div class=\"fusion-gallery-image\"><a href=\"https:\/\/royalfamily.org\/wp-content\/uploads\/2022\/08\/6-IMG_1400.jpg\" data-caption=\"PREMIJERA DO\u041aUMENTARCA \u201eLOGOR SMRTI U \u041aARA\u0160JO\u041aU\u201d U \u041aRALJEVS\u041aOM DVORU\" rel=\"noreferrer\" data-rel=\"iLightbox[gallery_image_1]\" class=\"fusion-lightbox\" target=\"_self\"><img decoding=\"async\" src=\"https:\/\/royalfamily.org\/wp-content\/uploads\/2022\/08\/6-IMG_1400.jpg\" width=\"1181\" height=\"1772\" alt=\"PREMIJERA DO\u041aUMENTARCA \u201eLOGOR SMRTI U \u041aARA\u0160JO\u041aU\u201d U \u041aRALJEVS\u041aOM DVORU\" title=\"PREMIJERA DO\u041aUMENTARCA \u201eLOGOR SMRTI U \u041aARA\u0160JO\u041aU\u201d U \u041aRALJEVS\u041aOM DVORU\" aria-label=\"PREMIJERA DO\u041aUMENTARCA \u201eLOGOR SMRTI U \u041aARA\u0160JO\u041aU\u201d U \u041aRALJEVS\u041aOM DVORU\" class=\"img-responsive wp-image-83549\" srcset=\"https:\/\/royalfamily.org\/wp-content\/uploads\/2022\/08\/6-IMG_1400-200x300.jpg 200w, https:\/\/royalfamily.org\/wp-content\/uploads\/2022\/08\/6-IMG_1400-400x600.jpg 400w, https:\/\/royalfamily.org\/wp-content\/uploads\/2022\/08\/6-IMG_1400-600x900.jpg 600w, https:\/\/royalfamily.org\/wp-content\/uploads\/2022\/08\/6-IMG_1400-800x1200.jpg 800w, https:\/\/royalfamily.org\/wp-content\/uploads\/2022\/08\/6-IMG_1400.jpg 1181w\" sizes=\"(min-width: 2200px) 100vw, (min-width: 824px) 390px, (min-width: 732px) 585px, (min-width: 640px) 732px, \" \/><\/a><\/div><\/div><div class=\"clearfix\"><\/div><div style=\"padding:5px;\" class=\"fusion-grid-column fusion-gallery-column fusion-gallery-column-3 hover-type-none\"><div class=\"fusion-gallery-image\"><a href=\"https:\/\/royalfamily.org\/wp-content\/uploads\/2022\/08\/7-IMG_1424-scaled.jpg\" data-caption=\"PREMIJERA DO\u041aUMENTARCA \u201eLOGOR SMRTI U \u041aARA\u0160JO\u041aU\u201d U \u041aRALJEVS\u041aOM DVORU\" rel=\"noreferrer\" data-rel=\"iLightbox[gallery_image_1]\" class=\"fusion-lightbox\" target=\"_self\"><img decoding=\"async\" src=\"https:\/\/royalfamily.org\/wp-content\/uploads\/2022\/08\/7-IMG_1424-scaled.jpg\" width=\"1700\" height=\"2560\" alt=\"PREMIJERA DO\u041aUMENTARCA \u201eLOGOR SMRTI U \u041aARA\u0160JO\u041aU\u201d U \u041aRALJEVS\u041aOM DVORU\" title=\"PREMIJERA DO\u041aUMENTARCA \u201eLOGOR SMRTI U \u041aARA\u0160JO\u041aU\u201d U \u041aRALJEVS\u041aOM DVORU\" aria-label=\"PREMIJERA DO\u041aUMENTARCA \u201eLOGOR SMRTI U \u041aARA\u0160JO\u041aU\u201d U \u041aRALJEVS\u041aOM DVORU\" class=\"img-responsive wp-image-83552\" srcset=\"https:\/\/royalfamily.org\/wp-content\/uploads\/2022\/08\/7-IMG_1424-200x301.jpg 200w, https:\/\/royalfamily.org\/wp-content\/uploads\/2022\/08\/7-IMG_1424-400x602.jpg 400w, https:\/\/royalfamily.org\/wp-content\/uploads\/2022\/08\/7-IMG_1424-600x903.jpg 600w, https:\/\/royalfamily.org\/wp-content\/uploads\/2022\/08\/7-IMG_1424-800x1204.jpg 800w, https:\/\/royalfamily.org\/wp-content\/uploads\/2022\/08\/7-IMG_1424-1200x1807.jpg 1200w, https:\/\/royalfamily.org\/wp-content\/uploads\/2022\/08\/7-IMG_1424-scaled.jpg 1700w\" sizes=\"(min-width: 2200px) 100vw, (min-width: 824px) 390px, (min-width: 732px) 585px, (min-width: 640px) 732px, \" \/><\/a><\/div><\/div><div style=\"padding:5px;\" class=\"fusion-grid-column fusion-gallery-column fusion-gallery-column-3 hover-type-none\"><div class=\"fusion-gallery-image\"><a href=\"https:\/\/royalfamily.org\/wp-content\/uploads\/2022\/08\/8-IMG_1444-scaled.jpg\" data-caption=\"PREMIJERA DO\u041aUMENTARCA \u201eLOGOR SMRTI U \u041aARA\u0160JO\u041aU\u201d U \u041aRALJEVS\u041aOM DVORU\" rel=\"noreferrer\" data-rel=\"iLightbox[gallery_image_1]\" class=\"fusion-lightbox\" target=\"_self\"><img decoding=\"async\" src=\"https:\/\/royalfamily.org\/wp-content\/uploads\/2022\/08\/8-IMG_1444-scaled.jpg\" width=\"2560\" height=\"1707\" alt=\"PREMIJERA DO\u041aUMENTARCA \u201eLOGOR SMRTI U \u041aARA\u0160JO\u041aU\u201d U \u041aRALJEVS\u041aOM DVORU\" title=\"PREMIJERA DO\u041aUMENTARCA \u201eLOGOR SMRTI U \u041aARA\u0160JO\u041aU\u201d U \u041aRALJEVS\u041aOM DVORU\" aria-label=\"PREMIJERA DO\u041aUMENTARCA \u201eLOGOR SMRTI U \u041aARA\u0160JO\u041aU\u201d U \u041aRALJEVS\u041aOM DVORU\" class=\"img-responsive wp-image-83555\" srcset=\"https:\/\/royalfamily.org\/wp-content\/uploads\/2022\/08\/8-IMG_1444-200x133.jpg 200w, https:\/\/royalfamily.org\/wp-content\/uploads\/2022\/08\/8-IMG_1444-400x267.jpg 400w, https:\/\/royalfamily.org\/wp-content\/uploads\/2022\/08\/8-IMG_1444-600x400.jpg 600w, https:\/\/royalfamily.org\/wp-content\/uploads\/2022\/08\/8-IMG_1444-800x533.jpg 800w, https:\/\/royalfamily.org\/wp-content\/uploads\/2022\/08\/8-IMG_1444-1200x800.jpg 1200w, https:\/\/royalfamily.org\/wp-content\/uploads\/2022\/08\/8-IMG_1444-scaled.jpg 2560w\" sizes=\"(min-width: 2200px) 100vw, (min-width: 824px) 390px, (min-width: 732px) 585px, (min-width: 640px) 732px, \" \/><\/a><\/div><\/div><div style=\"padding:5px;\" class=\"fusion-grid-column fusion-gallery-column fusion-gallery-column-3 hover-type-none\"><div class=\"fusion-gallery-image\"><a href=\"https:\/\/royalfamily.org\/wp-content\/uploads\/2022\/08\/9-IMG1400.jpg\" data-caption=\"PREMIJERA DO\u041aUMENTARCA \u201eLOGOR SMRTI U \u041aARA\u0160JO\u041aU\u201d U \u041aRALJEVS\u041aOM DVORU\" rel=\"noreferrer\" data-rel=\"iLightbox[gallery_image_1]\" class=\"fusion-lightbox\" target=\"_self\"><img decoding=\"async\" src=\"https:\/\/royalfamily.org\/wp-content\/uploads\/2022\/08\/9-IMG1400.jpg\" width=\"1475\" height=\"1006\" alt=\"PREMIJERA DO\u041aUMENTARCA \u201eLOGOR SMRTI U \u041aARA\u0160JO\u041aU\u201d U \u041aRALJEVS\u041aOM DVORU\" title=\"9 &#8211; IMG1400\" aria-label=\"9 &#8211; IMG1400\" class=\"img-responsive wp-image-83558\" srcset=\"https:\/\/royalfamily.org\/wp-content\/uploads\/2022\/08\/9-IMG1400-200x136.jpg 200w, https:\/\/royalfamily.org\/wp-content\/uploads\/2022\/08\/9-IMG1400-400x273.jpg 400w, https:\/\/royalfamily.org\/wp-content\/uploads\/2022\/08\/9-IMG1400-600x409.jpg 600w, https:\/\/royalfamily.org\/wp-content\/uploads\/2022\/08\/9-IMG1400-800x546.jpg 800w, https:\/\/royalfamily.org\/wp-content\/uploads\/2022\/08\/9-IMG1400-1200x818.jpg 1200w, https:\/\/royalfamily.org\/wp-content\/uploads\/2022\/08\/9-IMG1400.jpg 1475w\" sizes=\"(min-width: 2200px) 100vw, (min-width: 824px) 390px, (min-width: 732px) 585px, (min-width: 640px) 732px, \" \/><\/a><\/div><\/div><div class=\"clearfix\"><\/div><div style=\"padding:5px;\" class=\"fusion-grid-column fusion-gallery-column fusion-gallery-column-3 hover-type-none\"><div class=\"fusion-gallery-image\"><a href=\"https:\/\/royalfamily.org\/wp-content\/uploads\/2022\/08\/COVER-Norveska.jpg\" data-caption=\"PREMIJERA DO\u041aUMENTARCA \u201eLOGOR SMRTI U \u041aARA\u0160JO\u041aU\u201d U \u041aRALJEVS\u041aOM DVORU\" rel=\"noreferrer\" data-rel=\"iLightbox[gallery_image_1]\" class=\"fusion-lightbox\" target=\"_self\"><img decoding=\"async\" src=\"https:\/\/royalfamily.org\/wp-content\/uploads\/2022\/08\/COVER-Norveska.jpg\" width=\"740\" height=\"360\" alt=\"PREMIJERA DO\u041aUMENTARCA \u201eLOGOR SMRTI U \u041aARA\u0160JO\u041aU\u201d U \u041aRALJEVS\u041aOM DVORU\" title=\"PREMIJERA DO\u041aUMENTARCA \u201eLOGOR SMRTI U \u041aARA\u0160JO\u041aU\u201d U \u041aRALJEVS\u041aOM DVORU\" aria-label=\"PREMIJERA DO\u041aUMENTARCA \u201eLOGOR SMRTI U \u041aARA\u0160JO\u041aU\u201d U \u041aRALJEVS\u041aOM DVORU\" class=\"img-responsive wp-image-83561\" srcset=\"https:\/\/royalfamily.org\/wp-content\/uploads\/2022\/08\/COVER-Norveska-200x97.jpg 200w, https:\/\/royalfamily.org\/wp-content\/uploads\/2022\/08\/COVER-Norveska-400x195.jpg 400w, https:\/\/royalfamily.org\/wp-content\/uploads\/2022\/08\/COVER-Norveska-600x292.jpg 600w, https:\/\/royalfamily.org\/wp-content\/uploads\/2022\/08\/COVER-Norveska.jpg 740w\" sizes=\"(min-width: 2200px) 100vw, (min-width: 824px) 390px, (min-width: 732px) 585px, (min-width: 640px) 732px, \" \/><\/a><\/div><\/div><\/div><\/div><\/div><\/div><\/div><\/div><\/p>\n","protected":false},"excerpt":{"rendered":"","protected":false},"author":1001015,"featured_media":83561,"comment_status":"closed","ping_status":"closed","sticky":false,"template":"","format":"standard","meta":{"_acf_changed":false,"footnotes":""},"categories":[22],"tags":[],"class_list":["post-83565","post","type-post","status-publish","format-standard","has-post-thumbnail","hentry","category-vesti"],"acf":[],"yoast_head":"<!-- This site is optimized with the Yoast SEO Premium plugin v27.4 (Yoast SEO v27.4) - https:\/\/yoast.com\/product\/yoast-seo-premium-wordpress\/ -->\n<title>PREMIJERA DO\u041aUMENTARCA \u201eLOGOR SMRTI U \u041aARA\u0160JO\u041aU\u201d U \u041aRALJEVS\u041aOM DVORU - The Royal Family of Serbia<\/title>\n<meta name=\"robots\" content=\"index, follow, max-snippet:-1, max-image-preview:large, max-video-preview:-1\" \/>\n<link rel=\"canonical\" href=\"https:\/\/royalfamily.org\/lat\/premijera-dokumentarca-logor-smrti-u-karasjoku-u-kraljevskom-dvoru\/\" \/>\n<meta property=\"og:locale\" content=\"en_US\" \/>\n<meta property=\"og:type\" content=\"article\" \/>\n<meta property=\"og:title\" content=\"PREMIJERA DO\u041aUMENTARCA \u201eLOGOR SMRTI U \u041aARA\u0160JO\u041aU\u201d U \u041aRALJEVS\u041aOM DVORU\" \/>\n<meta property=\"og:url\" content=\"https:\/\/royalfamily.org\/lat\/premijera-dokumentarca-logor-smrti-u-karasjoku-u-kraljevskom-dvoru\/\" \/>\n<meta property=\"og:site_name\" content=\"The Royal Family of Serbia\" \/>\n<meta property=\"article:publisher\" content=\"https:\/\/www.facebook.com\/Prestolonaslednik.Aleksandar\" \/>\n<meta property=\"article:published_time\" content=\"2022-08-29T16:40:04+00:00\" \/>\n<meta property=\"article:modified_time\" content=\"2022-08-29T16:42:01+00:00\" \/>\n<meta property=\"og:image\" content=\"https:\/\/royalfamily.org\/wp-content\/uploads\/2022\/08\/COVER-Norveska.jpg\" \/>\n\t<meta property=\"og:image:width\" content=\"740\" \/>\n\t<meta property=\"og:image:height\" content=\"360\" \/>\n\t<meta property=\"og:image:type\" content=\"image\/jpeg\" \/>\n<meta name=\"author\" content=\"Stefan Milanovic\" \/>\n<meta name=\"twitter:card\" content=\"summary_large_image\" \/>\n<meta name=\"twitter:label1\" content=\"Written by\" \/>\n\t<meta name=\"twitter:data1\" content=\"Stefan Milanovic\" \/>\n\t<meta name=\"twitter:label2\" content=\"Est. reading time\" \/>\n\t<meta name=\"twitter:data2\" content=\"6 minutes\" \/>\n<script type=\"application\/ld+json\" class=\"yoast-schema-graph\">{\"@context\":\"https:\\\/\\\/schema.org\",\"@graph\":[{\"@type\":\"Article\",\"@id\":\"https:\\\/\\\/royalfamily.org\\\/lat\\\/premijera-dokumentarca-logor-smrti-u-karasjoku-u-kraljevskom-dvoru\\\/#article\",\"isPartOf\":{\"@id\":\"https:\\\/\\\/royalfamily.org\\\/lat\\\/premijera-dokumentarca-logor-smrti-u-karasjoku-u-kraljevskom-dvoru\\\/\"},\"author\":{\"name\":\"Stefan Milanovic\",\"@id\":\"https:\\\/\\\/royalfamily.org\\\/#\\\/schema\\\/person\\\/4ad3296a6a8a35eed333b6a785e9f648\"},\"headline\":\"PREMIJERA DO\u041aUMENTARCA \u201eLOGOR SMRTI U \u041aARA\u0160JO\u041aU\u201d U \u041aRALJEVS\u041aOM DVORU\",\"datePublished\":\"2022-08-29T16:40:04+00:00\",\"dateModified\":\"2022-08-29T16:42:01+00:00\",\"mainEntityOfPage\":{\"@id\":\"https:\\\/\\\/royalfamily.org\\\/lat\\\/premijera-dokumentarca-logor-smrti-u-karasjoku-u-kraljevskom-dvoru\\\/\"},\"wordCount\":2600,\"publisher\":{\"@id\":\"https:\\\/\\\/royalfamily.org\\\/#organization\"},\"image\":{\"@id\":\"https:\\\/\\\/royalfamily.org\\\/lat\\\/premijera-dokumentarca-logor-smrti-u-karasjoku-u-kraljevskom-dvoru\\\/#primaryimage\"},\"thumbnailUrl\":\"https:\\\/\\\/royalfamily.org\\\/wp-content\\\/uploads\\\/2022\\\/08\\\/COVER-Norveska.jpg\",\"articleSection\":[\"Vesti\"],\"inLanguage\":\"sr-LT\"},{\"@type\":\"WebPage\",\"@id\":\"https:\\\/\\\/royalfamily.org\\\/lat\\\/premijera-dokumentarca-logor-smrti-u-karasjoku-u-kraljevskom-dvoru\\\/\",\"url\":\"https:\\\/\\\/royalfamily.org\\\/lat\\\/premijera-dokumentarca-logor-smrti-u-karasjoku-u-kraljevskom-dvoru\\\/\",\"name\":\"PREMIJERA DO\u041aUMENTARCA \u201eLOGOR SMRTI U \u041aARA\u0160JO\u041aU\u201d U \u041aRALJEVS\u041aOM DVORU - The Royal Family of Serbia\",\"isPartOf\":{\"@id\":\"https:\\\/\\\/royalfamily.org\\\/#website\"},\"primaryImageOfPage\":{\"@id\":\"https:\\\/\\\/royalfamily.org\\\/lat\\\/premijera-dokumentarca-logor-smrti-u-karasjoku-u-kraljevskom-dvoru\\\/#primaryimage\"},\"image\":{\"@id\":\"https:\\\/\\\/royalfamily.org\\\/lat\\\/premijera-dokumentarca-logor-smrti-u-karasjoku-u-kraljevskom-dvoru\\\/#primaryimage\"},\"thumbnailUrl\":\"https:\\\/\\\/royalfamily.org\\\/wp-content\\\/uploads\\\/2022\\\/08\\\/COVER-Norveska.jpg\",\"datePublished\":\"2022-08-29T16:40:04+00:00\",\"dateModified\":\"2022-08-29T16:42:01+00:00\",\"breadcrumb\":{\"@id\":\"https:\\\/\\\/royalfamily.org\\\/lat\\\/premijera-dokumentarca-logor-smrti-u-karasjoku-u-kraljevskom-dvoru\\\/#breadcrumb\"},\"inLanguage\":\"sr-LT\",\"potentialAction\":[{\"@type\":\"ReadAction\",\"target\":[\"https:\\\/\\\/royalfamily.org\\\/lat\\\/premijera-dokumentarca-logor-smrti-u-karasjoku-u-kraljevskom-dvoru\\\/\"]}]},{\"@type\":\"ImageObject\",\"inLanguage\":\"sr-LT\",\"@id\":\"https:\\\/\\\/royalfamily.org\\\/lat\\\/premijera-dokumentarca-logor-smrti-u-karasjoku-u-kraljevskom-dvoru\\\/#primaryimage\",\"url\":\"https:\\\/\\\/royalfamily.org\\\/wp-content\\\/uploads\\\/2022\\\/08\\\/COVER-Norveska.jpg\",\"contentUrl\":\"https:\\\/\\\/royalfamily.org\\\/wp-content\\\/uploads\\\/2022\\\/08\\\/COVER-Norveska.jpg\",\"width\":740,\"height\":360,\"caption\":\"PREMIJERA DO\u041aUMENTARCA \u201eLOGOR SMRTI U \u041aARA\u0160JO\u041aU\u201d U \u041aRALJEVS\u041aOM DVORU\"},{\"@type\":\"BreadcrumbList\",\"@id\":\"https:\\\/\\\/royalfamily.org\\\/lat\\\/premijera-dokumentarca-logor-smrti-u-karasjoku-u-kraljevskom-dvoru\\\/#breadcrumb\",\"itemListElement\":[{\"@type\":\"ListItem\",\"position\":1,\"name\":\"Home\",\"item\":\"https:\\\/\\\/royalfamily.org\\\/lat\\\/\"},{\"@type\":\"ListItem\",\"position\":2,\"name\":\"PREMIJERA DO\u041aUMENTARCA \u201eLOGOR SMRTI U \u041aARA\u0160JO\u041aU\u201d U \u041aRALJEVS\u041aOM DVORU\"}]},{\"@type\":\"WebSite\",\"@id\":\"https:\\\/\\\/royalfamily.org\\\/#website\",\"url\":\"https:\\\/\\\/royalfamily.org\\\/\",\"name\":\"The Royal Family of Serbia\",\"description\":\"From the people, for the people\",\"publisher\":{\"@id\":\"https:\\\/\\\/royalfamily.org\\\/#organization\"},\"potentialAction\":[{\"@type\":\"SearchAction\",\"target\":{\"@type\":\"EntryPoint\",\"urlTemplate\":\"https:\\\/\\\/royalfamily.org\\\/?s={search_term_string}\"},\"query-input\":{\"@type\":\"PropertyValueSpecification\",\"valueRequired\":true,\"valueName\":\"search_term_string\"}}],\"inLanguage\":\"sr-LT\"},{\"@type\":\"Organization\",\"@id\":\"https:\\\/\\\/royalfamily.org\\\/#organization\",\"name\":\"Royal Family\",\"url\":\"https:\\\/\\\/royalfamily.org\\\/\",\"logo\":{\"@type\":\"ImageObject\",\"inLanguage\":\"sr-LT\",\"@id\":\"https:\\\/\\\/royalfamily.org\\\/#\\\/schema\\\/logo\\\/image\\\/\",\"url\":\"https:\\\/\\\/royalfamily.org\\\/wp-content\\\/uploads\\\/2019\\\/04\\\/logo-vector-02-V-latinica.png\",\"contentUrl\":\"https:\\\/\\\/royalfamily.org\\\/wp-content\\\/uploads\\\/2019\\\/04\\\/logo-vector-02-V-latinica.png\",\"width\":552,\"height\":99,\"caption\":\"Royal Family\"},\"image\":{\"@id\":\"https:\\\/\\\/royalfamily.org\\\/#\\\/schema\\\/logo\\\/image\\\/\"},\"sameAs\":[\"https:\\\/\\\/www.facebook.com\\\/Prestolonaslednik.Aleksandar\"]},{\"@type\":\"Person\",\"@id\":\"https:\\\/\\\/royalfamily.org\\\/#\\\/schema\\\/person\\\/4ad3296a6a8a35eed333b6a785e9f648\",\"name\":\"Stefan Milanovic\",\"image\":{\"@type\":\"ImageObject\",\"inLanguage\":\"sr-LT\",\"@id\":\"https:\\\/\\\/secure.gravatar.com\\\/avatar\\\/92dcbdcf3e32112a9ceb1e41665b1f44c69382d014cacfe12c701f6af7c40259?s=96&d=mm&r=g\",\"url\":\"https:\\\/\\\/secure.gravatar.com\\\/avatar\\\/92dcbdcf3e32112a9ceb1e41665b1f44c69382d014cacfe12c701f6af7c40259?s=96&d=mm&r=g\",\"contentUrl\":\"https:\\\/\\\/secure.gravatar.com\\\/avatar\\\/92dcbdcf3e32112a9ceb1e41665b1f44c69382d014cacfe12c701f6af7c40259?s=96&d=mm&r=g\",\"caption\":\"Stefan Milanovic\"}}]}<\/script>\n<!-- \/ Yoast SEO Premium plugin. -->","yoast_head_json":{"title":"PREMIJERA DO\u041aUMENTARCA \u201eLOGOR SMRTI U \u041aARA\u0160JO\u041aU\u201d U \u041aRALJEVS\u041aOM DVORU - The Royal Family of Serbia","robots":{"index":"index","follow":"follow","max-snippet":"max-snippet:-1","max-image-preview":"max-image-preview:large","max-video-preview":"max-video-preview:-1"},"canonical":"https:\/\/royalfamily.org\/lat\/premijera-dokumentarca-logor-smrti-u-karasjoku-u-kraljevskom-dvoru\/","og_locale":"en_US","og_type":"article","og_title":"PREMIJERA DO\u041aUMENTARCA \u201eLOGOR SMRTI U \u041aARA\u0160JO\u041aU\u201d U \u041aRALJEVS\u041aOM DVORU","og_url":"https:\/\/royalfamily.org\/lat\/premijera-dokumentarca-logor-smrti-u-karasjoku-u-kraljevskom-dvoru\/","og_site_name":"The Royal Family of Serbia","article_publisher":"https:\/\/www.facebook.com\/Prestolonaslednik.Aleksandar","article_published_time":"2022-08-29T16:40:04+00:00","article_modified_time":"2022-08-29T16:42:01+00:00","og_image":[{"width":740,"height":360,"url":"https:\/\/royalfamily.org\/wp-content\/uploads\/2022\/08\/COVER-Norveska.jpg","type":"image\/jpeg"}],"author":"Stefan Milanovic","twitter_card":"summary_large_image","twitter_misc":{"Written by":"Stefan Milanovic","Est. reading time":"6 minutes"},"schema":{"@context":"https:\/\/schema.org","@graph":[{"@type":"Article","@id":"https:\/\/royalfamily.org\/lat\/premijera-dokumentarca-logor-smrti-u-karasjoku-u-kraljevskom-dvoru\/#article","isPartOf":{"@id":"https:\/\/royalfamily.org\/lat\/premijera-dokumentarca-logor-smrti-u-karasjoku-u-kraljevskom-dvoru\/"},"author":{"name":"Stefan Milanovic","@id":"https:\/\/royalfamily.org\/#\/schema\/person\/4ad3296a6a8a35eed333b6a785e9f648"},"headline":"PREMIJERA DO\u041aUMENTARCA \u201eLOGOR SMRTI U \u041aARA\u0160JO\u041aU\u201d U \u041aRALJEVS\u041aOM DVORU","datePublished":"2022-08-29T16:40:04+00:00","dateModified":"2022-08-29T16:42:01+00:00","mainEntityOfPage":{"@id":"https:\/\/royalfamily.org\/lat\/premijera-dokumentarca-logor-smrti-u-karasjoku-u-kraljevskom-dvoru\/"},"wordCount":2600,"publisher":{"@id":"https:\/\/royalfamily.org\/#organization"},"image":{"@id":"https:\/\/royalfamily.org\/lat\/premijera-dokumentarca-logor-smrti-u-karasjoku-u-kraljevskom-dvoru\/#primaryimage"},"thumbnailUrl":"https:\/\/royalfamily.org\/wp-content\/uploads\/2022\/08\/COVER-Norveska.jpg","articleSection":["Vesti"],"inLanguage":"sr-LT"},{"@type":"WebPage","@id":"https:\/\/royalfamily.org\/lat\/premijera-dokumentarca-logor-smrti-u-karasjoku-u-kraljevskom-dvoru\/","url":"https:\/\/royalfamily.org\/lat\/premijera-dokumentarca-logor-smrti-u-karasjoku-u-kraljevskom-dvoru\/","name":"PREMIJERA DO\u041aUMENTARCA \u201eLOGOR SMRTI U \u041aARA\u0160JO\u041aU\u201d U \u041aRALJEVS\u041aOM DVORU - The Royal Family of Serbia","isPartOf":{"@id":"https:\/\/royalfamily.org\/#website"},"primaryImageOfPage":{"@id":"https:\/\/royalfamily.org\/lat\/premijera-dokumentarca-logor-smrti-u-karasjoku-u-kraljevskom-dvoru\/#primaryimage"},"image":{"@id":"https:\/\/royalfamily.org\/lat\/premijera-dokumentarca-logor-smrti-u-karasjoku-u-kraljevskom-dvoru\/#primaryimage"},"thumbnailUrl":"https:\/\/royalfamily.org\/wp-content\/uploads\/2022\/08\/COVER-Norveska.jpg","datePublished":"2022-08-29T16:40:04+00:00","dateModified":"2022-08-29T16:42:01+00:00","breadcrumb":{"@id":"https:\/\/royalfamily.org\/lat\/premijera-dokumentarca-logor-smrti-u-karasjoku-u-kraljevskom-dvoru\/#breadcrumb"},"inLanguage":"sr-LT","potentialAction":[{"@type":"ReadAction","target":["https:\/\/royalfamily.org\/lat\/premijera-dokumentarca-logor-smrti-u-karasjoku-u-kraljevskom-dvoru\/"]}]},{"@type":"ImageObject","inLanguage":"sr-LT","@id":"https:\/\/royalfamily.org\/lat\/premijera-dokumentarca-logor-smrti-u-karasjoku-u-kraljevskom-dvoru\/#primaryimage","url":"https:\/\/royalfamily.org\/wp-content\/uploads\/2022\/08\/COVER-Norveska.jpg","contentUrl":"https:\/\/royalfamily.org\/wp-content\/uploads\/2022\/08\/COVER-Norveska.jpg","width":740,"height":360,"caption":"PREMIJERA DO\u041aUMENTARCA \u201eLOGOR SMRTI U \u041aARA\u0160JO\u041aU\u201d U \u041aRALJEVS\u041aOM DVORU"},{"@type":"BreadcrumbList","@id":"https:\/\/royalfamily.org\/lat\/premijera-dokumentarca-logor-smrti-u-karasjoku-u-kraljevskom-dvoru\/#breadcrumb","itemListElement":[{"@type":"ListItem","position":1,"name":"Home","item":"https:\/\/royalfamily.org\/lat\/"},{"@type":"ListItem","position":2,"name":"PREMIJERA DO\u041aUMENTARCA \u201eLOGOR SMRTI U \u041aARA\u0160JO\u041aU\u201d U \u041aRALJEVS\u041aOM DVORU"}]},{"@type":"WebSite","@id":"https:\/\/royalfamily.org\/#website","url":"https:\/\/royalfamily.org\/","name":"The Royal Family of Serbia","description":"From the people, for the people","publisher":{"@id":"https:\/\/royalfamily.org\/#organization"},"potentialAction":[{"@type":"SearchAction","target":{"@type":"EntryPoint","urlTemplate":"https:\/\/royalfamily.org\/?s={search_term_string}"},"query-input":{"@type":"PropertyValueSpecification","valueRequired":true,"valueName":"search_term_string"}}],"inLanguage":"sr-LT"},{"@type":"Organization","@id":"https:\/\/royalfamily.org\/#organization","name":"Royal Family","url":"https:\/\/royalfamily.org\/","logo":{"@type":"ImageObject","inLanguage":"sr-LT","@id":"https:\/\/royalfamily.org\/#\/schema\/logo\/image\/","url":"https:\/\/royalfamily.org\/wp-content\/uploads\/2019\/04\/logo-vector-02-V-latinica.png","contentUrl":"https:\/\/royalfamily.org\/wp-content\/uploads\/2019\/04\/logo-vector-02-V-latinica.png","width":552,"height":99,"caption":"Royal Family"},"image":{"@id":"https:\/\/royalfamily.org\/#\/schema\/logo\/image\/"},"sameAs":["https:\/\/www.facebook.com\/Prestolonaslednik.Aleksandar"]},{"@type":"Person","@id":"https:\/\/royalfamily.org\/#\/schema\/person\/4ad3296a6a8a35eed333b6a785e9f648","name":"Stefan Milanovic","image":{"@type":"ImageObject","inLanguage":"sr-LT","@id":"https:\/\/secure.gravatar.com\/avatar\/92dcbdcf3e32112a9ceb1e41665b1f44c69382d014cacfe12c701f6af7c40259?s=96&d=mm&r=g","url":"https:\/\/secure.gravatar.com\/avatar\/92dcbdcf3e32112a9ceb1e41665b1f44c69382d014cacfe12c701f6af7c40259?s=96&d=mm&r=g","contentUrl":"https:\/\/secure.gravatar.com\/avatar\/92dcbdcf3e32112a9ceb1e41665b1f44c69382d014cacfe12c701f6af7c40259?s=96&d=mm&r=g","caption":"Stefan Milanovic"}}]}},"_links":{"self":[{"href":"https:\/\/royalfamily.org\/lat\/wp-json\/wp\/v2\/posts\/83565","targetHints":{"allow":["GET"]}}],"collection":[{"href":"https:\/\/royalfamily.org\/lat\/wp-json\/wp\/v2\/posts"}],"about":[{"href":"https:\/\/royalfamily.org\/lat\/wp-json\/wp\/v2\/types\/post"}],"author":[{"embeddable":true,"href":"https:\/\/royalfamily.org\/lat\/wp-json\/wp\/v2\/users\/1001015"}],"replies":[{"embeddable":true,"href":"https:\/\/royalfamily.org\/lat\/wp-json\/wp\/v2\/comments?post=83565"}],"version-history":[{"count":3,"href":"https:\/\/royalfamily.org\/lat\/wp-json\/wp\/v2\/posts\/83565\/revisions"}],"predecessor-version":[{"id":83568,"href":"https:\/\/royalfamily.org\/lat\/wp-json\/wp\/v2\/posts\/83565\/revisions\/83568"}],"wp:featuredmedia":[{"embeddable":true,"href":"https:\/\/royalfamily.org\/lat\/wp-json\/wp\/v2\/media\/83561"}],"wp:attachment":[{"href":"https:\/\/royalfamily.org\/lat\/wp-json\/wp\/v2\/media?parent=83565"}],"wp:term":[{"taxonomy":"category","embeddable":true,"href":"https:\/\/royalfamily.org\/lat\/wp-json\/wp\/v2\/categories?post=83565"},{"taxonomy":"post_tag","embeddable":true,"href":"https:\/\/royalfamily.org\/lat\/wp-json\/wp\/v2\/tags?post=83565"}],"curies":[{"name":"wp","href":"https:\/\/api.w.org\/{rel}","templated":true}]}}