{"id":84088,"date":"2022-11-04T22:16:58","date_gmt":"2022-11-04T21:16:58","guid":{"rendered":"https:\/\/royalfamily.org\/?p=84088"},"modified":"2022-11-04T22:16:58","modified_gmt":"2022-11-04T21:16:58","slug":"2-kongres-evropskog-udruzenja-gornji-digestivni-sistem-pod-pokroviteljstvom-kraljevskog-para","status":"publish","type":"post","link":"https:\/\/royalfamily.org\/lat\/2-kongres-evropskog-udruzenja-gornji-digestivni-sistem-pod-pokroviteljstvom-kraljevskog-para\/","title":{"rendered":"2. KONGRES EVROPSKOG UDRU\u017dENJA ZA GORNJI DIGESTIVNI SISTEM POD POKROVITELJSTVOM KRALJEVSKOG PARA"},"content":{"rendered":"<p><div class=\"fusion-fullwidth fullwidth-box fusion-builder-row-1 fusion-flex-container has-pattern-background has-mask-background nonhundred-percent-fullwidth non-hundred-percent-height-scrolling\" style=\"--awb-border-radius-top-left:0px;--awb-border-radius-top-right:0px;--awb-border-radius-bottom-right:0px;--awb-border-radius-bottom-left:0px;--awb-flex-wrap:wrap;\" ><div class=\"fusion-builder-row fusion-row fusion-flex-align-items-flex-start fusion-flex-content-wrap\" style=\"max-width:1227.2px;margin-left: calc(-4% \/ 2 );margin-right: calc(-4% \/ 2 );\"><div class=\"fusion-layout-column fusion_builder_column fusion-builder-column-0 fusion_builder_column_1_1 1_1 fusion-flex-column\" style=\"--awb-bg-size:cover;--awb-width-large:100%;--awb-margin-top-large:0px;--awb-spacing-right-large:1.92%;--awb-margin-bottom-large:20px;--awb-spacing-left-large:1.92%;--awb-width-medium:100%;--awb-order-medium:0;--awb-spacing-right-medium:1.92%;--awb-spacing-left-medium:1.92%;--awb-width-small:100%;--awb-order-small:0;--awb-spacing-right-small:1.92%;--awb-spacing-left-small:1.92%;\"><div class=\"fusion-column-wrapper fusion-column-has-shadow fusion-flex-justify-content-flex-start fusion-content-layout-column\"><div class=\"fusion-text fusion-text-1\"><p>Nj.K.V. Prestolonaslednik Aleksandar i Princeza Katarina priredili su ve\u010deras u Belom Dvoru u Beogradu sve\u010danu ve\u010deru za u\u010desnike 2. godi\u0161njeg skupa Evropskog dru\u0161tva za gornji digestivni sistem (EFS). Ovaj zna\u010dajan skup medicinskih stru\u010dnjaka iz oblasti gornjeg digestivnog sistema, pod nazivom \u201eEFS Beograd 2022\u201c, odr\u017eava se u Beogradu od 3. do 5. novembra, pod pokroviteljstvom Medicinskog fakulteta Univerziteta u Beogradu i Njihovih Kraljevskih Viso\u010danstva. Ovo je prvi put da se u Srbiji organizuje stru\u010dni skup ovakvog obima o bolestima gornjeg digestivnog sistema.<\/p>\n<p>Evropsko udru\u017eenje za gornji digestivni sistem je vode\u0107e dru\u0161tvo u Evropi koje se bavi istra\u017eivanjem, dijagnostikom i le\u010denjem bolesti jednjaka i \u017eeluca, koje okuplja hirurge, gastroenterologe, otorinolaringologe i lekare drugih specijalnosti, a koji se bave ovim specifi\u010dnim bolestima. Predsednik Kongresa, profesor dr Aleksandar Simi\u0107, koji je i \u010dlan glavnog odbora EFS-a, kao i Kraljevskog medicinskog odbora, izrazio je najdublju zahvalnost Prestolonasledniku i Princezi \u0161to su pokrovitelji ovog zna\u010dajnog okupljanja medicinskih stru\u010dnjaka.<\/p>\n<p>Prestolonaslednik Aleksandar je u svom govoru izrazio zadovoljstvo \u0161to je doma\u0107in ovako zna\u010dajnog skupa medicinskih stru\u010dnjaka u domu Kraljevske porodice i naveo: \u201eVa\u017enost ovakvih kongresa je izuzetna. Znanje i dobro obrazovanje, kao i njihova stalna usavr\u0161avanja, glavni su resursi i osnovni temelji savremenog dru\u0161tva. Oni su energija koja pokre\u0107e svet u kome \u017eivimo.<\/p>\n<p>Na\u0161 veliki pisac i nobelovac Ivo Andri\u0107 pisao je mnogo o mostovima i njihovom zna\u010daju u povezivanju ljudi. Razmenom znanja i iskustava iz va\u0161e svakodnevne prakse, stvarate \u201emostove informacija\u201c koji povezuju razne delove sveta. Veze koje stvarate na ovom Kongresu imaju velik, plemenit cilj \u2013 da unaprede i olak\u0161aju rad medicinskih stru\u010dnjaka, na dobrobit njihovih pacijenata, ali i \u010ditavog \u010dove\u010danstva. Va\u0161a zalaljanja nam svima ulivaju nadu u bolje i zdravije sutra.\u201d<\/p>\n<p>\u201eOvaj veliki stru\u010dni medicinski doga\u0111aj stavlja Beograd i Srbiju u svetski fokus nau\u010dnih i stru\u010dnih aktivnosti u vezi sa bolestima gornjeg dela digestivnog sistema. Tako\u0111e, otvara mogu\u0107nosti za budu\u0107u edukaciju na\u0161ih mladih lekara kroz ovo udru\u017eenje u Evropi i SAD. Ovakvi kongresi su prilika za pokretanje zajedni\u010dkih projekata i studija koje \u0107e nam omogu\u0107iti da i dalje budemo prihva\u0107eni i prepoznati kao dr\u017eava u evropskim i svetskim stru\u010dnim krugovima. \u010cvrsto verujemo da \u0107e ovaj susret vode\u0107ih stru\u010dnjaka dodatno osna\u017eiti vi\u0161edecenijsku saradnju na\u0161ih i svetskih profesionalaca u oblasti bolesti gornjeg digestivnog sistema\u201c, rekao je profesor dr Aleksandar Simi\u0107.<\/p>\n<p>Glavne teme kongresa su konzervativno i hirur\u0161ko le\u010denje gastroezofagealne refluksne bolesti \u2013 GERB-a i \u017eeluda\u010dnih kila, kao i funkcionalna oboljenja jednjaka i \u017eeluca, koja zajedno predstavljaju naj\u010de\u0161\u0107a oboljenja gornjeg digestivnog sistema, sa velikim udelom u svetskoj populaciji. Posebne teme su premaligna stanja jednjaka, kao i najnovija dostignu\u0107a robotske tehnologije, terapije mati\u010dnim \u0107elijama i zna\u010daj ve\u0161ta\u010dke inteligencije u le\u010denju bolesti gornjeg digestivnog sistema.<\/p>\n<p>Ovom godi\u0161njem skupu u Beogradu prisustvuje i na njemu dr\u017ee predavanja oko 50 vode\u0107ih hirurga i gastroenterologa iz Evrope, koji se bave bolestima jednjaka i \u017eeluca, kao i deset specijalnih gostiju iz Sjedinjenih Ameri\u010dkih Dr\u017eava. Glavni gosti Kongresa su predsednici Evropskog i Ameri\u010dkog dru\u0161tva za gornji digestivni sistem, profesori Lui\u0111i Bonavina i Red\u017einald Bel.<\/p>\n<\/div><\/div><\/div><\/div><\/div><div class=\"fusion-fullwidth fullwidth-box fusion-builder-row-2 fusion-flex-container has-pattern-background has-mask-background nonhundred-percent-fullwidth non-hundred-percent-height-scrolling\" style=\"--awb-border-radius-top-left:0px;--awb-border-radius-top-right:0px;--awb-border-radius-bottom-right:0px;--awb-border-radius-bottom-left:0px;--awb-flex-wrap:wrap;\" ><div class=\"fusion-builder-row fusion-row fusion-flex-align-items-flex-start fusion-flex-content-wrap\" style=\"max-width:1227.2px;margin-left: calc(-4% \/ 2 );margin-right: calc(-4% \/ 2 );\"><div class=\"fusion-layout-column fusion_builder_column fusion-builder-column-1 fusion_builder_column_1_1 1_1 fusion-flex-column\" style=\"--awb-bg-size:cover;--awb-width-large:100%;--awb-margin-top-large:0px;--awb-spacing-right-large:1.92%;--awb-margin-bottom-large:20px;--awb-spacing-left-large:1.92%;--awb-width-medium:100%;--awb-order-medium:0;--awb-spacing-right-medium:1.92%;--awb-spacing-left-medium:1.92%;--awb-width-small:100%;--awb-order-small:0;--awb-spacing-right-small:1.92%;--awb-spacing-left-small:1.92%;\"><div class=\"fusion-column-wrapper fusion-column-has-shadow fusion-flex-justify-content-flex-start fusion-content-layout-column\"><div class=\"awb-gallery-wrapper awb-gallery-wrapper-1 button-span-no\" style=\"--more-btn-alignment:center;\" data-limit=\"20\" data-page=\"1\"><div style=\"margin:-5px;--awb-bordersize:0px;\" class=\"fusion-gallery fusion-gallery-container fusion-grid-3 fusion-columns-total-6 fusion-gallery-layout-grid fusion-gallery-1\"><div style=\"padding:5px;\" class=\"fusion-grid-column fusion-gallery-column fusion-gallery-column-3 hover-type-none\"><div class=\"fusion-gallery-image\"><a href=\"https:\/\/royalfamily.org\/wp-content\/uploads\/2022\/11\/1-8F2A0820.jpg\" data-caption=\"2. KONGRES EVROPSKOG UDRU\u017dENJA ZA GORNJI DIGESTIVNI SISTEM POD POKROVITELJSTVOM KRALJEVSKOG PARA\" rel=\"noreferrer\" data-rel=\"iLightbox[gallery_image_1]\" class=\"fusion-lightbox\" target=\"_self\"><img decoding=\"async\" src=\"https:\/\/royalfamily.org\/wp-content\/uploads\/2022\/11\/1-8F2A0820.jpg\" width=\"1772\" height=\"1063\" alt=\"2. KONGRES EVROPSKOG UDRU\u017dENJA ZA GORNJI DIGESTIVNI SISTEM POD POKROVITELJSTVOM KRALJEVSKOG PARA\" title=\"2. KONGRES EVROPSKOG UDRU\u017dENJA ZA GORNJI DIGESTIVNI SISTEM POD POKROVITELJSTVOM KRALJEVSKOG PARA\" aria-label=\"2. KONGRES EVROPSKOG UDRU\u017dENJA ZA GORNJI DIGESTIVNI SISTEM POD POKROVITELJSTVOM KRALJEVSKOG PARA\" class=\"img-responsive wp-image-84066\" srcset=\"https:\/\/royalfamily.org\/wp-content\/uploads\/2022\/11\/1-8F2A0820-200x120.jpg 200w, https:\/\/royalfamily.org\/wp-content\/uploads\/2022\/11\/1-8F2A0820-400x240.jpg 400w, https:\/\/royalfamily.org\/wp-content\/uploads\/2022\/11\/1-8F2A0820-600x360.jpg 600w, https:\/\/royalfamily.org\/wp-content\/uploads\/2022\/11\/1-8F2A0820-800x480.jpg 800w, https:\/\/royalfamily.org\/wp-content\/uploads\/2022\/11\/1-8F2A0820-1200x720.jpg 1200w, https:\/\/royalfamily.org\/wp-content\/uploads\/2022\/11\/1-8F2A0820.jpg 1772w\" sizes=\"(min-width: 2200px) 100vw, (min-width: 824px) 390px, (min-width: 732px) 585px, (min-width: 640px) 732px, \" \/><\/a><\/div><\/div><div style=\"padding:5px;\" class=\"fusion-grid-column fusion-gallery-column fusion-gallery-column-3 hover-type-none\"><div class=\"fusion-gallery-image\"><a href=\"https:\/\/royalfamily.org\/wp-content\/uploads\/2022\/11\/2-8F2A0769.jpg\" data-caption=\"2. KONGRES EVROPSKOG UDRU\u017dENJA ZA GORNJI DIGESTIVNI SISTEM POD POKROVITELJSTVOM KRALJEVSKOG PARA\" rel=\"noreferrer\" data-rel=\"iLightbox[gallery_image_1]\" class=\"fusion-lightbox\" target=\"_self\"><img decoding=\"async\" src=\"https:\/\/royalfamily.org\/wp-content\/uploads\/2022\/11\/2-8F2A0769.jpg\" width=\"1772\" height=\"1063\" alt=\"2. KONGRES EVROPSKOG UDRU\u017dENJA ZA GORNJI DIGESTIVNI SISTEM POD POKROVITELJSTVOM KRALJEVSKOG PARA\" title=\"2. KONGRES EVROPSKOG UDRU\u017dENJA ZA GORNJI DIGESTIVNI SISTEM POD POKROVITELJSTVOM KRALJEVSKOG PARA\" aria-label=\"2. KONGRES EVROPSKOG UDRU\u017dENJA ZA GORNJI DIGESTIVNI SISTEM POD POKROVITELJSTVOM KRALJEVSKOG PARA\" class=\"img-responsive wp-image-84069\" srcset=\"https:\/\/royalfamily.org\/wp-content\/uploads\/2022\/11\/2-8F2A0769-200x120.jpg 200w, https:\/\/royalfamily.org\/wp-content\/uploads\/2022\/11\/2-8F2A0769-400x240.jpg 400w, https:\/\/royalfamily.org\/wp-content\/uploads\/2022\/11\/2-8F2A0769-600x360.jpg 600w, https:\/\/royalfamily.org\/wp-content\/uploads\/2022\/11\/2-8F2A0769-800x480.jpg 800w, https:\/\/royalfamily.org\/wp-content\/uploads\/2022\/11\/2-8F2A0769-1200x720.jpg 1200w, https:\/\/royalfamily.org\/wp-content\/uploads\/2022\/11\/2-8F2A0769.jpg 1772w\" sizes=\"(min-width: 2200px) 100vw, (min-width: 824px) 390px, (min-width: 732px) 585px, (min-width: 640px) 732px, \" \/><\/a><\/div><\/div><div style=\"padding:5px;\" class=\"fusion-grid-column fusion-gallery-column fusion-gallery-column-3 hover-type-none\"><div class=\"fusion-gallery-image\"><a href=\"https:\/\/royalfamily.org\/wp-content\/uploads\/2022\/11\/3-8F2A0811.jpg\" data-caption=\"2. KONGRES EVROPSKOG UDRU\u017dENJA ZA GORNJI DIGESTIVNI SISTEM POD POKROVITELJSTVOM KRALJEVSKOG PARA\" rel=\"noreferrer\" data-rel=\"iLightbox[gallery_image_1]\" class=\"fusion-lightbox\" target=\"_self\"><img decoding=\"async\" src=\"https:\/\/royalfamily.org\/wp-content\/uploads\/2022\/11\/3-8F2A0811.jpg\" width=\"1772\" height=\"1063\" alt=\"2. KONGRES EVROPSKOG UDRU\u017dENJA ZA GORNJI DIGESTIVNI SISTEM POD POKROVITELJSTVOM KRALJEVSKOG PARA\" title=\"2. KONGRES EVROPSKOG UDRU\u017dENJA ZA GORNJI DIGESTIVNI SISTEM POD POKROVITELJSTVOM KRALJEVSKOG PARA\" aria-label=\"2. KONGRES EVROPSKOG UDRU\u017dENJA ZA GORNJI DIGESTIVNI SISTEM POD POKROVITELJSTVOM KRALJEVSKOG PARA\" class=\"img-responsive wp-image-84072\" srcset=\"https:\/\/royalfamily.org\/wp-content\/uploads\/2022\/11\/3-8F2A0811-200x120.jpg 200w, https:\/\/royalfamily.org\/wp-content\/uploads\/2022\/11\/3-8F2A0811-400x240.jpg 400w, https:\/\/royalfamily.org\/wp-content\/uploads\/2022\/11\/3-8F2A0811-600x360.jpg 600w, https:\/\/royalfamily.org\/wp-content\/uploads\/2022\/11\/3-8F2A0811-800x480.jpg 800w, https:\/\/royalfamily.org\/wp-content\/uploads\/2022\/11\/3-8F2A0811-1200x720.jpg 1200w, https:\/\/royalfamily.org\/wp-content\/uploads\/2022\/11\/3-8F2A0811.jpg 1772w\" sizes=\"(min-width: 2200px) 100vw, (min-width: 824px) 390px, (min-width: 732px) 585px, (min-width: 640px) 732px, \" \/><\/a><\/div><\/div><div class=\"clearfix\"><\/div><div style=\"padding:5px;\" class=\"fusion-grid-column fusion-gallery-column fusion-gallery-column-3 hover-type-none\"><div class=\"fusion-gallery-image\"><a href=\"https:\/\/royalfamily.org\/wp-content\/uploads\/2022\/11\/4-8F2A0792.jpg\" data-caption=\"2. KONGRES EVROPSKOG UDRU\u017dENJA ZA GORNJI DIGESTIVNI SISTEM POD POKROVITELJSTVOM KRALJEVSKOG PARA\" rel=\"noreferrer\" data-rel=\"iLightbox[gallery_image_1]\" class=\"fusion-lightbox\" target=\"_self\"><img decoding=\"async\" src=\"https:\/\/royalfamily.org\/wp-content\/uploads\/2022\/11\/4-8F2A0792.jpg\" width=\"1772\" height=\"1063\" alt=\"2. KONGRES EVROPSKOG UDRU\u017dENJA ZA GORNJI DIGESTIVNI SISTEM POD POKROVITELJSTVOM KRALJEVSKOG PARA\" title=\"2. KONGRES EVROPSKOG UDRU\u017dENJA ZA GORNJI DIGESTIVNI SISTEM POD POKROVITELJSTVOM KRALJEVSKOG PARA\" aria-label=\"2. KONGRES EVROPSKOG UDRU\u017dENJA ZA GORNJI DIGESTIVNI SISTEM POD POKROVITELJSTVOM KRALJEVSKOG PARA\" class=\"img-responsive wp-image-84075\" srcset=\"https:\/\/royalfamily.org\/wp-content\/uploads\/2022\/11\/4-8F2A0792-200x120.jpg 200w, https:\/\/royalfamily.org\/wp-content\/uploads\/2022\/11\/4-8F2A0792-400x240.jpg 400w, https:\/\/royalfamily.org\/wp-content\/uploads\/2022\/11\/4-8F2A0792-600x360.jpg 600w, https:\/\/royalfamily.org\/wp-content\/uploads\/2022\/11\/4-8F2A0792-800x480.jpg 800w, https:\/\/royalfamily.org\/wp-content\/uploads\/2022\/11\/4-8F2A0792-1200x720.jpg 1200w, https:\/\/royalfamily.org\/wp-content\/uploads\/2022\/11\/4-8F2A0792.jpg 1772w\" sizes=\"(min-width: 2200px) 100vw, (min-width: 824px) 390px, (min-width: 732px) 585px, (min-width: 640px) 732px, \" \/><\/a><\/div><\/div><div style=\"padding:5px;\" class=\"fusion-grid-column fusion-gallery-column fusion-gallery-column-3 hover-type-none\"><div class=\"fusion-gallery-image\"><a href=\"https:\/\/royalfamily.org\/wp-content\/uploads\/2022\/11\/5-8F2A0799.jpg\" data-caption=\"2. KONGRES EVROPSKOG UDRU\u017dENJA ZA GORNJI DIGESTIVNI SISTEM POD POKROVITELJSTVOM KRALJEVSKOG PARA\" rel=\"noreferrer\" data-rel=\"iLightbox[gallery_image_1]\" class=\"fusion-lightbox\" target=\"_self\"><img decoding=\"async\" src=\"https:\/\/royalfamily.org\/wp-content\/uploads\/2022\/11\/5-8F2A0799.jpg\" width=\"1772\" height=\"1063\" alt=\"2. KONGRES EVROPSKOG UDRU\u017dENJA ZA GORNJI DIGESTIVNI SISTEM POD POKROVITELJSTVOM KRALJEVSKOG PARA\" title=\"2. KONGRES EVROPSKOG UDRU\u017dENJA ZA GORNJI DIGESTIVNI SISTEM POD POKROVITELJSTVOM KRALJEVSKOG PARA\" aria-label=\"2. KONGRES EVROPSKOG UDRU\u017dENJA ZA GORNJI DIGESTIVNI SISTEM POD POKROVITELJSTVOM KRALJEVSKOG PARA\" class=\"img-responsive wp-image-84078\" srcset=\"https:\/\/royalfamily.org\/wp-content\/uploads\/2022\/11\/5-8F2A0799-200x120.jpg 200w, https:\/\/royalfamily.org\/wp-content\/uploads\/2022\/11\/5-8F2A0799-400x240.jpg 400w, https:\/\/royalfamily.org\/wp-content\/uploads\/2022\/11\/5-8F2A0799-600x360.jpg 600w, https:\/\/royalfamily.org\/wp-content\/uploads\/2022\/11\/5-8F2A0799-800x480.jpg 800w, https:\/\/royalfamily.org\/wp-content\/uploads\/2022\/11\/5-8F2A0799-1200x720.jpg 1200w, https:\/\/royalfamily.org\/wp-content\/uploads\/2022\/11\/5-8F2A0799.jpg 1772w\" sizes=\"(min-width: 2200px) 100vw, (min-width: 824px) 390px, (min-width: 732px) 585px, (min-width: 640px) 732px, \" \/><\/a><\/div><\/div><div style=\"padding:5px;\" class=\"fusion-grid-column fusion-gallery-column fusion-gallery-column-3 hover-type-none\"><div class=\"fusion-gallery-image\"><a href=\"https:\/\/royalfamily.org\/wp-content\/uploads\/2022\/11\/6-8F2A0759.jpg\" data-caption=\"2. KONGRES EVROPSKOG UDRU\u017dENJA ZA GORNJI DIGESTIVNI SISTEM POD POKROVITELJSTVOM KRALJEVSKOG PARA\" rel=\"noreferrer\" data-rel=\"iLightbox[gallery_image_1]\" class=\"fusion-lightbox\" target=\"_self\"><img decoding=\"async\" src=\"https:\/\/royalfamily.org\/wp-content\/uploads\/2022\/11\/6-8F2A0759.jpg\" width=\"1772\" height=\"1063\" alt=\"2. KONGRES EVROPSKOG UDRU\u017dENJA ZA GORNJI DIGESTIVNI SISTEM POD POKROVITELJSTVOM KRALJEVSKOG PARA\" title=\"2. KONGRES EVROPSKOG UDRU\u017dENJA ZA GORNJI DIGESTIVNI SISTEM POD POKROVITELJSTVOM KRALJEVSKOG PARA\" aria-label=\"2. KONGRES EVROPSKOG UDRU\u017dENJA ZA GORNJI DIGESTIVNI SISTEM POD POKROVITELJSTVOM KRALJEVSKOG PARA\" class=\"img-responsive wp-image-84081\" srcset=\"https:\/\/royalfamily.org\/wp-content\/uploads\/2022\/11\/6-8F2A0759-200x120.jpg 200w, https:\/\/royalfamily.org\/wp-content\/uploads\/2022\/11\/6-8F2A0759-400x240.jpg 400w, https:\/\/royalfamily.org\/wp-content\/uploads\/2022\/11\/6-8F2A0759-600x360.jpg 600w, https:\/\/royalfamily.org\/wp-content\/uploads\/2022\/11\/6-8F2A0759-800x480.jpg 800w, https:\/\/royalfamily.org\/wp-content\/uploads\/2022\/11\/6-8F2A0759-1200x720.jpg 1200w, https:\/\/royalfamily.org\/wp-content\/uploads\/2022\/11\/6-8F2A0759.jpg 1772w\" sizes=\"(min-width: 2200px) 100vw, (min-width: 824px) 390px, (min-width: 732px) 585px, (min-width: 640px) 732px, \" \/><\/a><\/div><\/div><div class=\"clearfix\"><\/div><\/div><\/div><\/div><\/div><\/div><\/div><\/p>\n","protected":false},"excerpt":{"rendered":"","protected":false},"author":1001015,"featured_media":84084,"comment_status":"closed","ping_status":"closed","sticky":false,"template":"","format":"standard","meta":{"_acf_changed":false,"footnotes":""},"categories":[22],"tags":[],"class_list":["post-84088","post","type-post","status-publish","format-standard","has-post-thumbnail","hentry","category-vesti"],"acf":[],"yoast_head":"<!-- This site is optimized with the Yoast SEO Premium plugin v27.4 (Yoast SEO v27.4) - https:\/\/yoast.com\/product\/yoast-seo-premium-wordpress\/ -->\n<title>2. KONGRES EVROPSKOG UDRU\u017dENJA ZA GORNJI DIGESTIVNI SISTEM POD POKROVITELJSTVOM KRALJEVSKOG PARA - The Royal Family of Serbia<\/title>\n<meta name=\"robots\" content=\"index, follow, max-snippet:-1, max-image-preview:large, max-video-preview:-1\" \/>\n<link rel=\"canonical\" href=\"https:\/\/royalfamily.org\/lat\/2-kongres-evropskog-udruzenja-gornji-digestivni-sistem-pod-pokroviteljstvom-kraljevskog-para\/\" \/>\n<meta property=\"og:locale\" content=\"en_US\" \/>\n<meta property=\"og:type\" content=\"article\" \/>\n<meta property=\"og:title\" content=\"2. KONGRES EVROPSKOG UDRU\u017dENJA ZA GORNJI DIGESTIVNI SISTEM POD POKROVITELJSTVOM KRALJEVSKOG PARA\" \/>\n<meta property=\"og:url\" content=\"https:\/\/royalfamily.org\/lat\/2-kongres-evropskog-udruzenja-gornji-digestivni-sistem-pod-pokroviteljstvom-kraljevskog-para\/\" \/>\n<meta property=\"og:site_name\" content=\"The Royal Family of Serbia\" \/>\n<meta property=\"article:publisher\" content=\"https:\/\/www.facebook.com\/Prestolonaslednik.Aleksandar\" \/>\n<meta property=\"article:published_time\" content=\"2022-11-04T21:16:58+00:00\" \/>\n<meta property=\"og:image\" content=\"https:\/\/royalfamily.org\/wp-content\/uploads\/2022\/11\/COVER-EFS.jpg\" \/>\n\t<meta property=\"og:image:width\" content=\"740\" \/>\n\t<meta property=\"og:image:height\" content=\"360\" \/>\n\t<meta property=\"og:image:type\" content=\"image\/jpeg\" \/>\n<meta name=\"author\" content=\"Stefan Milanovic\" \/>\n<meta name=\"twitter:card\" content=\"summary_large_image\" \/>\n<meta name=\"twitter:label1\" content=\"Written by\" \/>\n\t<meta name=\"twitter:data1\" content=\"Stefan Milanovic\" \/>\n<script type=\"application\/ld+json\" class=\"yoast-schema-graph\">{\"@context\":\"https:\\\/\\\/schema.org\",\"@graph\":[{\"@type\":\"Article\",\"@id\":\"https:\\\/\\\/royalfamily.org\\\/lat\\\/2-kongres-evropskog-udruzenja-gornji-digestivni-sistem-pod-pokroviteljstvom-kraljevskog-para\\\/#article\",\"isPartOf\":{\"@id\":\"https:\\\/\\\/royalfamily.org\\\/lat\\\/2-kongres-evropskog-udruzenja-gornji-digestivni-sistem-pod-pokroviteljstvom-kraljevskog-para\\\/\"},\"author\":{\"name\":\"Stefan Milanovic\",\"@id\":\"https:\\\/\\\/royalfamily.org\\\/#\\\/schema\\\/person\\\/4ad3296a6a8a35eed333b6a785e9f648\"},\"headline\":\"2. KONGRES EVROPSKOG UDRU\u017dENJA ZA GORNJI DIGESTIVNI SISTEM POD POKROVITELJSTVOM KRALJEVSKOG PARA\",\"datePublished\":\"2022-11-04T21:16:58+00:00\",\"mainEntityOfPage\":{\"@id\":\"https:\\\/\\\/royalfamily.org\\\/lat\\\/2-kongres-evropskog-udruzenja-gornji-digestivni-sistem-pod-pokroviteljstvom-kraljevskog-para\\\/\"},\"wordCount\":2351,\"publisher\":{\"@id\":\"https:\\\/\\\/royalfamily.org\\\/#organization\"},\"image\":{\"@id\":\"https:\\\/\\\/royalfamily.org\\\/lat\\\/2-kongres-evropskog-udruzenja-gornji-digestivni-sistem-pod-pokroviteljstvom-kraljevskog-para\\\/#primaryimage\"},\"thumbnailUrl\":\"https:\\\/\\\/royalfamily.org\\\/wp-content\\\/uploads\\\/2022\\\/11\\\/COVER-EFS.jpg\",\"articleSection\":[\"Vesti\"],\"inLanguage\":\"sr-LT\"},{\"@type\":\"WebPage\",\"@id\":\"https:\\\/\\\/royalfamily.org\\\/lat\\\/2-kongres-evropskog-udruzenja-gornji-digestivni-sistem-pod-pokroviteljstvom-kraljevskog-para\\\/\",\"url\":\"https:\\\/\\\/royalfamily.org\\\/lat\\\/2-kongres-evropskog-udruzenja-gornji-digestivni-sistem-pod-pokroviteljstvom-kraljevskog-para\\\/\",\"name\":\"2. KONGRES EVROPSKOG UDRU\u017dENJA ZA GORNJI DIGESTIVNI SISTEM POD POKROVITELJSTVOM KRALJEVSKOG PARA - The Royal Family of Serbia\",\"isPartOf\":{\"@id\":\"https:\\\/\\\/royalfamily.org\\\/#website\"},\"primaryImageOfPage\":{\"@id\":\"https:\\\/\\\/royalfamily.org\\\/lat\\\/2-kongres-evropskog-udruzenja-gornji-digestivni-sistem-pod-pokroviteljstvom-kraljevskog-para\\\/#primaryimage\"},\"image\":{\"@id\":\"https:\\\/\\\/royalfamily.org\\\/lat\\\/2-kongres-evropskog-udruzenja-gornji-digestivni-sistem-pod-pokroviteljstvom-kraljevskog-para\\\/#primaryimage\"},\"thumbnailUrl\":\"https:\\\/\\\/royalfamily.org\\\/wp-content\\\/uploads\\\/2022\\\/11\\\/COVER-EFS.jpg\",\"datePublished\":\"2022-11-04T21:16:58+00:00\",\"breadcrumb\":{\"@id\":\"https:\\\/\\\/royalfamily.org\\\/lat\\\/2-kongres-evropskog-udruzenja-gornji-digestivni-sistem-pod-pokroviteljstvom-kraljevskog-para\\\/#breadcrumb\"},\"inLanguage\":\"sr-LT\",\"potentialAction\":[{\"@type\":\"ReadAction\",\"target\":[\"https:\\\/\\\/royalfamily.org\\\/lat\\\/2-kongres-evropskog-udruzenja-gornji-digestivni-sistem-pod-pokroviteljstvom-kraljevskog-para\\\/\"]}]},{\"@type\":\"ImageObject\",\"inLanguage\":\"sr-LT\",\"@id\":\"https:\\\/\\\/royalfamily.org\\\/lat\\\/2-kongres-evropskog-udruzenja-gornji-digestivni-sistem-pod-pokroviteljstvom-kraljevskog-para\\\/#primaryimage\",\"url\":\"https:\\\/\\\/royalfamily.org\\\/wp-content\\\/uploads\\\/2022\\\/11\\\/COVER-EFS.jpg\",\"contentUrl\":\"https:\\\/\\\/royalfamily.org\\\/wp-content\\\/uploads\\\/2022\\\/11\\\/COVER-EFS.jpg\",\"width\":740,\"height\":360,\"caption\":\"2. KONGRES EVROPSKOG UDRU\u017dENJA ZA GORNJI DIGESTIVNI SISTEM POD POKROVITELJSTVOM KRALJEVSKOG PARA\"},{\"@type\":\"BreadcrumbList\",\"@id\":\"https:\\\/\\\/royalfamily.org\\\/lat\\\/2-kongres-evropskog-udruzenja-gornji-digestivni-sistem-pod-pokroviteljstvom-kraljevskog-para\\\/#breadcrumb\",\"itemListElement\":[{\"@type\":\"ListItem\",\"position\":1,\"name\":\"Home\",\"item\":\"https:\\\/\\\/royalfamily.org\\\/lat\\\/\"},{\"@type\":\"ListItem\",\"position\":2,\"name\":\"2. KONGRES EVROPSKOG UDRU\u017dENJA ZA GORNJI DIGESTIVNI SISTEM POD POKROVITELJSTVOM KRALJEVSKOG PARA\"}]},{\"@type\":\"WebSite\",\"@id\":\"https:\\\/\\\/royalfamily.org\\\/#website\",\"url\":\"https:\\\/\\\/royalfamily.org\\\/\",\"name\":\"The Royal Family of Serbia\",\"description\":\"From the people, for the people\",\"publisher\":{\"@id\":\"https:\\\/\\\/royalfamily.org\\\/#organization\"},\"potentialAction\":[{\"@type\":\"SearchAction\",\"target\":{\"@type\":\"EntryPoint\",\"urlTemplate\":\"https:\\\/\\\/royalfamily.org\\\/?s={search_term_string}\"},\"query-input\":{\"@type\":\"PropertyValueSpecification\",\"valueRequired\":true,\"valueName\":\"search_term_string\"}}],\"inLanguage\":\"sr-LT\"},{\"@type\":\"Organization\",\"@id\":\"https:\\\/\\\/royalfamily.org\\\/#organization\",\"name\":\"Royal Family\",\"url\":\"https:\\\/\\\/royalfamily.org\\\/\",\"logo\":{\"@type\":\"ImageObject\",\"inLanguage\":\"sr-LT\",\"@id\":\"https:\\\/\\\/royalfamily.org\\\/#\\\/schema\\\/logo\\\/image\\\/\",\"url\":\"https:\\\/\\\/royalfamily.org\\\/wp-content\\\/uploads\\\/2019\\\/04\\\/logo-vector-02-V-latinica.png\",\"contentUrl\":\"https:\\\/\\\/royalfamily.org\\\/wp-content\\\/uploads\\\/2019\\\/04\\\/logo-vector-02-V-latinica.png\",\"width\":552,\"height\":99,\"caption\":\"Royal Family\"},\"image\":{\"@id\":\"https:\\\/\\\/royalfamily.org\\\/#\\\/schema\\\/logo\\\/image\\\/\"},\"sameAs\":[\"https:\\\/\\\/www.facebook.com\\\/Prestolonaslednik.Aleksandar\"]},{\"@type\":\"Person\",\"@id\":\"https:\\\/\\\/royalfamily.org\\\/#\\\/schema\\\/person\\\/4ad3296a6a8a35eed333b6a785e9f648\",\"name\":\"Stefan Milanovic\",\"image\":{\"@type\":\"ImageObject\",\"inLanguage\":\"sr-LT\",\"@id\":\"https:\\\/\\\/secure.gravatar.com\\\/avatar\\\/92dcbdcf3e32112a9ceb1e41665b1f44c69382d014cacfe12c701f6af7c40259?s=96&d=mm&r=g\",\"url\":\"https:\\\/\\\/secure.gravatar.com\\\/avatar\\\/92dcbdcf3e32112a9ceb1e41665b1f44c69382d014cacfe12c701f6af7c40259?s=96&d=mm&r=g\",\"contentUrl\":\"https:\\\/\\\/secure.gravatar.com\\\/avatar\\\/92dcbdcf3e32112a9ceb1e41665b1f44c69382d014cacfe12c701f6af7c40259?s=96&d=mm&r=g\",\"caption\":\"Stefan Milanovic\"}}]}<\/script>\n<!-- \/ Yoast SEO Premium plugin. -->","yoast_head_json":{"title":"2. KONGRES EVROPSKOG UDRU\u017dENJA ZA GORNJI DIGESTIVNI SISTEM POD POKROVITELJSTVOM KRALJEVSKOG PARA - The Royal Family of Serbia","robots":{"index":"index","follow":"follow","max-snippet":"max-snippet:-1","max-image-preview":"max-image-preview:large","max-video-preview":"max-video-preview:-1"},"canonical":"https:\/\/royalfamily.org\/lat\/2-kongres-evropskog-udruzenja-gornji-digestivni-sistem-pod-pokroviteljstvom-kraljevskog-para\/","og_locale":"en_US","og_type":"article","og_title":"2. KONGRES EVROPSKOG UDRU\u017dENJA ZA GORNJI DIGESTIVNI SISTEM POD POKROVITELJSTVOM KRALJEVSKOG PARA","og_url":"https:\/\/royalfamily.org\/lat\/2-kongres-evropskog-udruzenja-gornji-digestivni-sistem-pod-pokroviteljstvom-kraljevskog-para\/","og_site_name":"The Royal Family of Serbia","article_publisher":"https:\/\/www.facebook.com\/Prestolonaslednik.Aleksandar","article_published_time":"2022-11-04T21:16:58+00:00","og_image":[{"width":740,"height":360,"url":"https:\/\/royalfamily.org\/wp-content\/uploads\/2022\/11\/COVER-EFS.jpg","type":"image\/jpeg"}],"author":"Stefan Milanovic","twitter_card":"summary_large_image","twitter_misc":{"Written by":"Stefan Milanovic"},"schema":{"@context":"https:\/\/schema.org","@graph":[{"@type":"Article","@id":"https:\/\/royalfamily.org\/lat\/2-kongres-evropskog-udruzenja-gornji-digestivni-sistem-pod-pokroviteljstvom-kraljevskog-para\/#article","isPartOf":{"@id":"https:\/\/royalfamily.org\/lat\/2-kongres-evropskog-udruzenja-gornji-digestivni-sistem-pod-pokroviteljstvom-kraljevskog-para\/"},"author":{"name":"Stefan Milanovic","@id":"https:\/\/royalfamily.org\/#\/schema\/person\/4ad3296a6a8a35eed333b6a785e9f648"},"headline":"2. KONGRES EVROPSKOG UDRU\u017dENJA ZA GORNJI DIGESTIVNI SISTEM POD POKROVITELJSTVOM KRALJEVSKOG PARA","datePublished":"2022-11-04T21:16:58+00:00","mainEntityOfPage":{"@id":"https:\/\/royalfamily.org\/lat\/2-kongres-evropskog-udruzenja-gornji-digestivni-sistem-pod-pokroviteljstvom-kraljevskog-para\/"},"wordCount":2351,"publisher":{"@id":"https:\/\/royalfamily.org\/#organization"},"image":{"@id":"https:\/\/royalfamily.org\/lat\/2-kongres-evropskog-udruzenja-gornji-digestivni-sistem-pod-pokroviteljstvom-kraljevskog-para\/#primaryimage"},"thumbnailUrl":"https:\/\/royalfamily.org\/wp-content\/uploads\/2022\/11\/COVER-EFS.jpg","articleSection":["Vesti"],"inLanguage":"sr-LT"},{"@type":"WebPage","@id":"https:\/\/royalfamily.org\/lat\/2-kongres-evropskog-udruzenja-gornji-digestivni-sistem-pod-pokroviteljstvom-kraljevskog-para\/","url":"https:\/\/royalfamily.org\/lat\/2-kongres-evropskog-udruzenja-gornji-digestivni-sistem-pod-pokroviteljstvom-kraljevskog-para\/","name":"2. KONGRES EVROPSKOG UDRU\u017dENJA ZA GORNJI DIGESTIVNI SISTEM POD POKROVITELJSTVOM KRALJEVSKOG PARA - The Royal Family of Serbia","isPartOf":{"@id":"https:\/\/royalfamily.org\/#website"},"primaryImageOfPage":{"@id":"https:\/\/royalfamily.org\/lat\/2-kongres-evropskog-udruzenja-gornji-digestivni-sistem-pod-pokroviteljstvom-kraljevskog-para\/#primaryimage"},"image":{"@id":"https:\/\/royalfamily.org\/lat\/2-kongres-evropskog-udruzenja-gornji-digestivni-sistem-pod-pokroviteljstvom-kraljevskog-para\/#primaryimage"},"thumbnailUrl":"https:\/\/royalfamily.org\/wp-content\/uploads\/2022\/11\/COVER-EFS.jpg","datePublished":"2022-11-04T21:16:58+00:00","breadcrumb":{"@id":"https:\/\/royalfamily.org\/lat\/2-kongres-evropskog-udruzenja-gornji-digestivni-sistem-pod-pokroviteljstvom-kraljevskog-para\/#breadcrumb"},"inLanguage":"sr-LT","potentialAction":[{"@type":"ReadAction","target":["https:\/\/royalfamily.org\/lat\/2-kongres-evropskog-udruzenja-gornji-digestivni-sistem-pod-pokroviteljstvom-kraljevskog-para\/"]}]},{"@type":"ImageObject","inLanguage":"sr-LT","@id":"https:\/\/royalfamily.org\/lat\/2-kongres-evropskog-udruzenja-gornji-digestivni-sistem-pod-pokroviteljstvom-kraljevskog-para\/#primaryimage","url":"https:\/\/royalfamily.org\/wp-content\/uploads\/2022\/11\/COVER-EFS.jpg","contentUrl":"https:\/\/royalfamily.org\/wp-content\/uploads\/2022\/11\/COVER-EFS.jpg","width":740,"height":360,"caption":"2. KONGRES EVROPSKOG UDRU\u017dENJA ZA GORNJI DIGESTIVNI SISTEM POD POKROVITELJSTVOM KRALJEVSKOG PARA"},{"@type":"BreadcrumbList","@id":"https:\/\/royalfamily.org\/lat\/2-kongres-evropskog-udruzenja-gornji-digestivni-sistem-pod-pokroviteljstvom-kraljevskog-para\/#breadcrumb","itemListElement":[{"@type":"ListItem","position":1,"name":"Home","item":"https:\/\/royalfamily.org\/lat\/"},{"@type":"ListItem","position":2,"name":"2. KONGRES EVROPSKOG UDRU\u017dENJA ZA GORNJI DIGESTIVNI SISTEM POD POKROVITELJSTVOM KRALJEVSKOG PARA"}]},{"@type":"WebSite","@id":"https:\/\/royalfamily.org\/#website","url":"https:\/\/royalfamily.org\/","name":"The Royal Family of Serbia","description":"From the people, for the people","publisher":{"@id":"https:\/\/royalfamily.org\/#organization"},"potentialAction":[{"@type":"SearchAction","target":{"@type":"EntryPoint","urlTemplate":"https:\/\/royalfamily.org\/?s={search_term_string}"},"query-input":{"@type":"PropertyValueSpecification","valueRequired":true,"valueName":"search_term_string"}}],"inLanguage":"sr-LT"},{"@type":"Organization","@id":"https:\/\/royalfamily.org\/#organization","name":"Royal Family","url":"https:\/\/royalfamily.org\/","logo":{"@type":"ImageObject","inLanguage":"sr-LT","@id":"https:\/\/royalfamily.org\/#\/schema\/logo\/image\/","url":"https:\/\/royalfamily.org\/wp-content\/uploads\/2019\/04\/logo-vector-02-V-latinica.png","contentUrl":"https:\/\/royalfamily.org\/wp-content\/uploads\/2019\/04\/logo-vector-02-V-latinica.png","width":552,"height":99,"caption":"Royal Family"},"image":{"@id":"https:\/\/royalfamily.org\/#\/schema\/logo\/image\/"},"sameAs":["https:\/\/www.facebook.com\/Prestolonaslednik.Aleksandar"]},{"@type":"Person","@id":"https:\/\/royalfamily.org\/#\/schema\/person\/4ad3296a6a8a35eed333b6a785e9f648","name":"Stefan Milanovic","image":{"@type":"ImageObject","inLanguage":"sr-LT","@id":"https:\/\/secure.gravatar.com\/avatar\/92dcbdcf3e32112a9ceb1e41665b1f44c69382d014cacfe12c701f6af7c40259?s=96&d=mm&r=g","url":"https:\/\/secure.gravatar.com\/avatar\/92dcbdcf3e32112a9ceb1e41665b1f44c69382d014cacfe12c701f6af7c40259?s=96&d=mm&r=g","contentUrl":"https:\/\/secure.gravatar.com\/avatar\/92dcbdcf3e32112a9ceb1e41665b1f44c69382d014cacfe12c701f6af7c40259?s=96&d=mm&r=g","caption":"Stefan Milanovic"}}]}},"_links":{"self":[{"href":"https:\/\/royalfamily.org\/lat\/wp-json\/wp\/v2\/posts\/84088","targetHints":{"allow":["GET"]}}],"collection":[{"href":"https:\/\/royalfamily.org\/lat\/wp-json\/wp\/v2\/posts"}],"about":[{"href":"https:\/\/royalfamily.org\/lat\/wp-json\/wp\/v2\/types\/post"}],"author":[{"embeddable":true,"href":"https:\/\/royalfamily.org\/lat\/wp-json\/wp\/v2\/users\/1001015"}],"replies":[{"embeddable":true,"href":"https:\/\/royalfamily.org\/lat\/wp-json\/wp\/v2\/comments?post=84088"}],"version-history":[{"count":1,"href":"https:\/\/royalfamily.org\/lat\/wp-json\/wp\/v2\/posts\/84088\/revisions"}],"predecessor-version":[{"id":84089,"href":"https:\/\/royalfamily.org\/lat\/wp-json\/wp\/v2\/posts\/84088\/revisions\/84089"}],"wp:featuredmedia":[{"embeddable":true,"href":"https:\/\/royalfamily.org\/lat\/wp-json\/wp\/v2\/media\/84084"}],"wp:attachment":[{"href":"https:\/\/royalfamily.org\/lat\/wp-json\/wp\/v2\/media?parent=84088"}],"wp:term":[{"taxonomy":"category","embeddable":true,"href":"https:\/\/royalfamily.org\/lat\/wp-json\/wp\/v2\/categories?post=84088"},{"taxonomy":"post_tag","embeddable":true,"href":"https:\/\/royalfamily.org\/lat\/wp-json\/wp\/v2\/tags?post=84088"}],"curies":[{"name":"wp","href":"https:\/\/api.w.org\/{rel}","templated":true}]}}