{"id":84382,"date":"2022-11-30T13:01:14","date_gmt":"2022-11-30T12:01:14","guid":{"rendered":"https:\/\/royalfamily.org\/?p=84382"},"modified":"2022-11-30T13:01:15","modified_gmt":"2022-11-30T12:01:15","slug":"bozicni-pokloni-lajflajn-cikaga-za-sirocad-stigli-u-kraljevski-dvor","status":"publish","type":"post","link":"https:\/\/royalfamily.org\/lat\/bozicni-pokloni-lajflajn-cikaga-za-sirocad-stigli-u-kraljevski-dvor\/","title":{"rendered":"BO\u017dI\u0106NI POKLONI LAJFLAJN \u010cIKAGA ZA SIRO\u010cAD STIGLI U KRALjEVSKI DVOR"},"content":{"rendered":"<p><div class=\"fusion-fullwidth fullwidth-box fusion-builder-row-1 fusion-flex-container has-pattern-background has-mask-background nonhundred-percent-fullwidth non-hundred-percent-height-scrolling\" style=\"--awb-border-radius-top-left:0px;--awb-border-radius-top-right:0px;--awb-border-radius-bottom-right:0px;--awb-border-radius-bottom-left:0px;--awb-flex-wrap:wrap;\" ><div class=\"fusion-builder-row fusion-row fusion-flex-align-items-flex-start fusion-flex-content-wrap\" style=\"max-width:1227.2px;margin-left: calc(-4% \/ 2 );margin-right: calc(-4% \/ 2 );\"><div class=\"fusion-layout-column fusion_builder_column fusion-builder-column-0 fusion_builder_column_1_1 1_1 fusion-flex-column\" style=\"--awb-bg-size:cover;--awb-width-large:100%;--awb-margin-top-large:0px;--awb-spacing-right-large:1.92%;--awb-margin-bottom-large:20px;--awb-spacing-left-large:1.92%;--awb-width-medium:100%;--awb-order-medium:0;--awb-spacing-right-medium:1.92%;--awb-spacing-left-medium:1.92%;--awb-width-small:100%;--awb-order-small:0;--awb-spacing-right-small:1.92%;--awb-spacing-left-small:1.92%;\"><div class=\"fusion-column-wrapper fusion-column-has-shadow fusion-flex-justify-content-flex-start fusion-content-layout-column\"><div class=\"fusion-text fusion-text-1\"><p>Nj.K.V. Prestolonaslednik Aleksandar i Princeza Katarina veoma su zahvalni i sre\u0107ni \u0161to i ove godine nastavljaju tradiciju dono\u0161enja radosti deci za bo\u017ei\u0107ne praznike, kao \u0161to su radili mnogo puta u godinama iza nas. Bo\u017ei\u0107ni pokloni za decu u Srbiji i Republici Srpskoj, obezbe\u0111eni donacijama Humanitarne organizacije Lajflajn iz \u010cikaga, \u010diji je pokrovitelj Nj.K.V. Princeza Katarina, stigli su u Kraljevski kompleks.<\/p>\n<p>Njihova Kraljevska Viso\u010danstva su veoma zahvalna velikodu\u0161nim donatorima i dobrotvorima Lajflajn \u010cikaga, kao i \u010dlanovima odbora ove humanitarne organizacije, koji su i ove godine omogu\u0107ili ugro\u017eenoj deci da osete radost i ljubav bo\u017ei\u0107nih praznika. Zahvaljuju\u010di njihovoj podr\u0161ci, Prestolonaslednik i Princeza \u0107e i ove godine odr\u017eati bo\u017ei\u0107ne prijeme u Belom Dvoru za preko hiljadu dece bez roditeljskog staranja, dece sa posebnim potrebama i socijalno ugro\u017eene dece. To je tradicija koju su Njihova Kraljevska Viso\u010danstva zapo\u010dela odmah po povratku u otad\u017ebinu 2001. godine.<\/p>\n<p>Humanitarna organizacija Lajflajn iz \u010cikaga prikuplja donacije za kupovinu poklona za decu za bo\u017ei\u0107ne praznike, koji se svake godine dele na prijemima u Belom Dvoru. Hiljade poklona za predstoje\u0107i Bo\u017ei\u0107 stiglo je u Kraljevski kompleks i priprema se za prazni\u010dne prijeme za decu. Kao i svake godine, pokloni uklju\u010duju ode\u0107u, obu\u0107u, igra\u010dke, torbe sa kompletima za higijenu i \u0161kolski pribor.<\/p>\n<p>\u201eNe postoji ni\u0161ta na svetu dragocenije od osmeha na licu deteta, koje dobija ovaj izuzetni dar &#8211; saznanje da nije zaboravljeno. Kada \u010dovek zna da je njen ili njegov trud doneo taj osmeh, to je najve\u0107a nagrada na svetu. Nema ve\u0107e satisfakcije od tog posebnog ose\u0107aja u srcu da je ne\u010diji \u017eivot u\u010dinjen boljim, i tada ste zaista iskusili \u0161ta je radost davanja.<\/p>\n<p>Zahvaljuju\u0107i podr\u0161ci donatora i divnih ljudi iz Lajflajn \u010cikaga koji nastavljaju tradiciju podr\u0161ke na\u0161oj deci svih ovih godina, moj suprug i ja se radujemo \u0161to \u0107emo ponovo obradovati vi\u0161e od 1.000 dece. Svima njima veoma smo zahvalni \u0161to su omogu\u0107ili da najmla\u0111ima donesemo duh Bo\u017ei\u0107a i oplemenimo njihovo detinjstvo. Na\u0161a deca uvek moraju da znaju da su voljena. Nemamo pravo da ih ikada zaboravimo, ili da zanemarimo trenutak kada im mo\u017eemo pru\u017eiti priliku da dobiju ovaj posebni dar\u201c, rekla je Nj.K.V. Princeza Katarina.<\/p>\n<p>Jelena Stevanovi\u0107 Jovovi\u0107, potpredsednica Lajflajn \u010cikaga, izjavila je: \u201eNema ni\u010deg lep\u0161eg na ovom svetu od de\u010djeg osmeha sre\u0107e i nade, a posebno u ovo najsvetije i najbla\u017eenije prazni\u010dno vreme. Zahvaljujem na\u0161im izuzetno velikodu\u0161nim donatorima na njihovoj stalnoj podr\u0161ci, na\u0161im brojnim volonterima koji su proveli nebrojene dane pakuju\u0107i hiljade bo\u017ei\u0107nih poklona za decu i \u010dlanovima na\u0161eg odbora Lajflajn \u010cikaga na njihovom neumornom trudu i ogromnoj posve\u0107enosti.\u201c<\/p>\n<\/div><\/div><\/div><\/div><\/div><div class=\"fusion-fullwidth fullwidth-box fusion-builder-row-2 fusion-flex-container has-pattern-background has-mask-background nonhundred-percent-fullwidth non-hundred-percent-height-scrolling\" style=\"--awb-border-radius-top-left:0px;--awb-border-radius-top-right:0px;--awb-border-radius-bottom-right:0px;--awb-border-radius-bottom-left:0px;--awb-flex-wrap:wrap;\" ><div class=\"fusion-builder-row fusion-row fusion-flex-align-items-flex-start fusion-flex-content-wrap\" style=\"max-width:1227.2px;margin-left: calc(-4% \/ 2 );margin-right: calc(-4% \/ 2 );\"><div class=\"fusion-layout-column fusion_builder_column fusion-builder-column-1 fusion_builder_column_1_1 1_1 fusion-flex-column\" style=\"--awb-bg-size:cover;--awb-width-large:100%;--awb-margin-top-large:0px;--awb-spacing-right-large:1.92%;--awb-margin-bottom-large:20px;--awb-spacing-left-large:1.92%;--awb-width-medium:100%;--awb-order-medium:0;--awb-spacing-right-medium:1.92%;--awb-spacing-left-medium:1.92%;--awb-width-small:100%;--awb-order-small:0;--awb-spacing-right-small:1.92%;--awb-spacing-left-small:1.92%;\"><div class=\"fusion-column-wrapper fusion-column-has-shadow fusion-flex-justify-content-flex-start fusion-content-layout-column\"><div class=\"awb-gallery-wrapper awb-gallery-wrapper-1 button-span-no\" style=\"--more-btn-alignment:center;\" data-limit=\"20\" data-page=\"1\"><div style=\"margin:-5px;--awb-bordersize:0px;\" class=\"fusion-gallery fusion-gallery-container fusion-grid-3 fusion-columns-total-7 fusion-gallery-layout-grid fusion-gallery-1\"><div style=\"padding:5px;\" class=\"fusion-grid-column fusion-gallery-column fusion-gallery-column-3 hover-type-none\"><div class=\"fusion-gallery-image\"><a href=\"https:\/\/royalfamily.org\/wp-content\/uploads\/2022\/11\/1-8F2A1427.jpg\" data-caption=\"BO\u017dI\u0106NI POKLONI LAJFLAJN \u010cIKAGA ZA SIRO\u010cAD STIGLI U KRALjEVSKI DVOR\" rel=\"noreferrer\" data-rel=\"iLightbox[gallery_image_1]\" class=\"fusion-lightbox\" target=\"_self\"><img decoding=\"async\" src=\"https:\/\/royalfamily.org\/wp-content\/uploads\/2022\/11\/1-8F2A1427.jpg\" width=\"1772\" height=\"1181\" alt=\"BO\u017dI\u0106NI POKLONI LAJFLAJN \u010cIKAGA ZA SIRO\u010cAD STIGLI U KRALjEVSKI DVOR\" title=\"BO\u017dI\u0106NI POKLONI LAJFLAJN \u010cIKAGA ZA SIRO\u010cAD STIGLI U KRALjEVSKI DVOR\" aria-label=\"BO\u017dI\u0106NI POKLONI LAJFLAJN \u010cIKAGA ZA SIRO\u010cAD STIGLI U KRALjEVSKI DVOR\" class=\"img-responsive wp-image-84358\" srcset=\"https:\/\/royalfamily.org\/wp-content\/uploads\/2022\/11\/1-8F2A1427-200x133.jpg 200w, https:\/\/royalfamily.org\/wp-content\/uploads\/2022\/11\/1-8F2A1427-400x267.jpg 400w, https:\/\/royalfamily.org\/wp-content\/uploads\/2022\/11\/1-8F2A1427-600x400.jpg 600w, https:\/\/royalfamily.org\/wp-content\/uploads\/2022\/11\/1-8F2A1427-800x533.jpg 800w, https:\/\/royalfamily.org\/wp-content\/uploads\/2022\/11\/1-8F2A1427-1200x800.jpg 1200w, https:\/\/royalfamily.org\/wp-content\/uploads\/2022\/11\/1-8F2A1427.jpg 1772w\" sizes=\"(min-width: 2200px) 100vw, (min-width: 824px) 390px, (min-width: 732px) 585px, (min-width: 640px) 732px, \" \/><\/a><\/div><\/div><div style=\"padding:5px;\" class=\"fusion-grid-column fusion-gallery-column fusion-gallery-column-3 hover-type-none\"><div class=\"fusion-gallery-image\"><a href=\"https:\/\/royalfamily.org\/wp-content\/uploads\/2022\/11\/2-8F2A1420.jpg\" data-caption=\"BO\u017dI\u0106NI POKLONI LAJFLAJN \u010cIKAGA ZA SIRO\u010cAD STIGLI U KRALjEVSKI DVOR\" rel=\"noreferrer\" data-rel=\"iLightbox[gallery_image_1]\" class=\"fusion-lightbox\" target=\"_self\"><img decoding=\"async\" src=\"https:\/\/royalfamily.org\/wp-content\/uploads\/2022\/11\/2-8F2A1420.jpg\" width=\"1772\" height=\"1181\" alt=\"BO\u017dI\u0106NI POKLONI LAJFLAJN \u010cIKAGA ZA SIRO\u010cAD STIGLI U KRALjEVSKI DVOR\" title=\"BO\u017dI\u0106NI POKLONI LAJFLAJN \u010cIKAGA ZA SIRO\u010cAD STIGLI U KRALjEVSKI DVOR\" aria-label=\"BO\u017dI\u0106NI POKLONI LAJFLAJN \u010cIKAGA ZA SIRO\u010cAD STIGLI U KRALjEVSKI DVOR\" class=\"img-responsive wp-image-84361\" srcset=\"https:\/\/royalfamily.org\/wp-content\/uploads\/2022\/11\/2-8F2A1420-200x133.jpg 200w, https:\/\/royalfamily.org\/wp-content\/uploads\/2022\/11\/2-8F2A1420-400x267.jpg 400w, https:\/\/royalfamily.org\/wp-content\/uploads\/2022\/11\/2-8F2A1420-600x400.jpg 600w, https:\/\/royalfamily.org\/wp-content\/uploads\/2022\/11\/2-8F2A1420-800x533.jpg 800w, https:\/\/royalfamily.org\/wp-content\/uploads\/2022\/11\/2-8F2A1420-1200x800.jpg 1200w, https:\/\/royalfamily.org\/wp-content\/uploads\/2022\/11\/2-8F2A1420.jpg 1772w\" sizes=\"(min-width: 2200px) 100vw, (min-width: 824px) 390px, (min-width: 732px) 585px, (min-width: 640px) 732px, \" \/><\/a><\/div><\/div><div style=\"padding:5px;\" class=\"fusion-grid-column fusion-gallery-column fusion-gallery-column-3 hover-type-none\"><div class=\"fusion-gallery-image\"><a href=\"https:\/\/royalfamily.org\/wp-content\/uploads\/2022\/11\/3-8F2A1392.jpg\" data-caption=\"BO\u017dI\u0106NI POKLONI LAJFLAJN \u010cIKAGA ZA SIRO\u010cAD STIGLI U KRALjEVSKI DVOR\" rel=\"noreferrer\" data-rel=\"iLightbox[gallery_image_1]\" class=\"fusion-lightbox\" target=\"_self\"><img decoding=\"async\" src=\"https:\/\/royalfamily.org\/wp-content\/uploads\/2022\/11\/3-8F2A1392.jpg\" width=\"1772\" height=\"1181\" alt=\"BO\u017dI\u0106NI POKLONI LAJFLAJN \u010cIKAGA ZA SIRO\u010cAD STIGLI U KRALjEVSKI DVOR\" title=\"BO\u017dI\u0106NI POKLONI LAJFLAJN \u010cIKAGA ZA SIRO\u010cAD STIGLI U KRALjEVSKI DVOR\" aria-label=\"BO\u017dI\u0106NI POKLONI LAJFLAJN \u010cIKAGA ZA SIRO\u010cAD STIGLI U KRALjEVSKI DVOR\" class=\"img-responsive wp-image-84364\" srcset=\"https:\/\/royalfamily.org\/wp-content\/uploads\/2022\/11\/3-8F2A1392-200x133.jpg 200w, https:\/\/royalfamily.org\/wp-content\/uploads\/2022\/11\/3-8F2A1392-400x267.jpg 400w, https:\/\/royalfamily.org\/wp-content\/uploads\/2022\/11\/3-8F2A1392-600x400.jpg 600w, https:\/\/royalfamily.org\/wp-content\/uploads\/2022\/11\/3-8F2A1392-800x533.jpg 800w, https:\/\/royalfamily.org\/wp-content\/uploads\/2022\/11\/3-8F2A1392-1200x800.jpg 1200w, https:\/\/royalfamily.org\/wp-content\/uploads\/2022\/11\/3-8F2A1392.jpg 1772w\" sizes=\"(min-width: 2200px) 100vw, (min-width: 824px) 390px, (min-width: 732px) 585px, (min-width: 640px) 732px, \" \/><\/a><\/div><\/div><div class=\"clearfix\"><\/div><div style=\"padding:5px;\" class=\"fusion-grid-column fusion-gallery-column fusion-gallery-column-3 hover-type-none\"><div class=\"fusion-gallery-image\"><a href=\"https:\/\/royalfamily.org\/wp-content\/uploads\/2022\/11\/4-8F2A1457.jpg\" data-caption=\"BO\u017dI\u0106NI POKLONI LAJFLAJN \u010cIKAGA ZA SIRO\u010cAD STIGLI U KRALjEVSKI DVOR\" rel=\"noreferrer\" data-rel=\"iLightbox[gallery_image_1]\" class=\"fusion-lightbox\" target=\"_self\"><img decoding=\"async\" src=\"https:\/\/royalfamily.org\/wp-content\/uploads\/2022\/11\/4-8F2A1457.jpg\" width=\"1772\" height=\"1181\" alt=\"BO\u017dI\u0106NI POKLONI LAJFLAJN \u010cIKAGA ZA SIRO\u010cAD STIGLI U KRALjEVSKI DVOR\" title=\"BO\u017dI\u0106NI POKLONI LAJFLAJN \u010cIKAGA ZA SIRO\u010cAD STIGLI U KRALjEVSKI DVOR\" aria-label=\"BO\u017dI\u0106NI POKLONI LAJFLAJN \u010cIKAGA ZA SIRO\u010cAD STIGLI U KRALjEVSKI DVOR\" class=\"img-responsive wp-image-84367\" srcset=\"https:\/\/royalfamily.org\/wp-content\/uploads\/2022\/11\/4-8F2A1457-200x133.jpg 200w, https:\/\/royalfamily.org\/wp-content\/uploads\/2022\/11\/4-8F2A1457-400x267.jpg 400w, https:\/\/royalfamily.org\/wp-content\/uploads\/2022\/11\/4-8F2A1457-600x400.jpg 600w, https:\/\/royalfamily.org\/wp-content\/uploads\/2022\/11\/4-8F2A1457-800x533.jpg 800w, https:\/\/royalfamily.org\/wp-content\/uploads\/2022\/11\/4-8F2A1457-1200x800.jpg 1200w, https:\/\/royalfamily.org\/wp-content\/uploads\/2022\/11\/4-8F2A1457.jpg 1772w\" sizes=\"(min-width: 2200px) 100vw, (min-width: 824px) 390px, (min-width: 732px) 585px, (min-width: 640px) 732px, \" \/><\/a><\/div><\/div><div style=\"padding:5px;\" class=\"fusion-grid-column fusion-gallery-column fusion-gallery-column-3 hover-type-none\"><div class=\"fusion-gallery-image\"><a href=\"https:\/\/royalfamily.org\/wp-content\/uploads\/2022\/11\/5-8F2A1462.jpg\" data-caption=\"BO\u017dI\u0106NI POKLONI LAJFLAJN \u010cIKAGA ZA SIRO\u010cAD STIGLI U KRALjEVSKI DVOR\" rel=\"noreferrer\" data-rel=\"iLightbox[gallery_image_1]\" class=\"fusion-lightbox\" target=\"_self\"><img decoding=\"async\" src=\"https:\/\/royalfamily.org\/wp-content\/uploads\/2022\/11\/5-8F2A1462.jpg\" width=\"1181\" height=\"1772\" alt=\"BO\u017dI\u0106NI POKLONI LAJFLAJN \u010cIKAGA ZA SIRO\u010cAD STIGLI U KRALjEVSKI DVOR\" title=\"BO\u017dI\u0106NI POKLONI LAJFLAJN \u010cIKAGA ZA SIRO\u010cAD STIGLI U KRALjEVSKI DVOR\" aria-label=\"BO\u017dI\u0106NI POKLONI LAJFLAJN \u010cIKAGA ZA SIRO\u010cAD STIGLI U KRALjEVSKI DVOR\" class=\"img-responsive wp-image-84370\" srcset=\"https:\/\/royalfamily.org\/wp-content\/uploads\/2022\/11\/5-8F2A1462-200x300.jpg 200w, https:\/\/royalfamily.org\/wp-content\/uploads\/2022\/11\/5-8F2A1462-400x600.jpg 400w, https:\/\/royalfamily.org\/wp-content\/uploads\/2022\/11\/5-8F2A1462-600x900.jpg 600w, https:\/\/royalfamily.org\/wp-content\/uploads\/2022\/11\/5-8F2A1462-800x1200.jpg 800w, https:\/\/royalfamily.org\/wp-content\/uploads\/2022\/11\/5-8F2A1462.jpg 1181w\" sizes=\"(min-width: 2200px) 100vw, (min-width: 824px) 390px, (min-width: 732px) 585px, (min-width: 640px) 732px, \" \/><\/a><\/div><\/div><div style=\"padding:5px;\" class=\"fusion-grid-column fusion-gallery-column fusion-gallery-column-3 hover-type-none\"><div class=\"fusion-gallery-image\"><a href=\"https:\/\/royalfamily.org\/wp-content\/uploads\/2022\/11\/6-8F2A1569.jpg\" data-caption=\"BO\u017dI\u0106NI POKLONI LAJFLAJN \u010cIKAGA ZA SIRO\u010cAD STIGLI U KRALjEVSKI DVOR\" rel=\"noreferrer\" data-rel=\"iLightbox[gallery_image_1]\" class=\"fusion-lightbox\" target=\"_self\"><img decoding=\"async\" src=\"https:\/\/royalfamily.org\/wp-content\/uploads\/2022\/11\/6-8F2A1569.jpg\" width=\"1280\" height=\"853\" alt=\"BO\u017dI\u0106NI POKLONI LAJFLAJN \u010cIKAGA ZA SIRO\u010cAD STIGLI U KRALjEVSKI DVOR\" title=\"BO\u017dI\u0106NI POKLONI LAJFLAJN \u010cIKAGA ZA SIRO\u010cAD STIGLI U KRALjEVSKI DVOR\" aria-label=\"BO\u017dI\u0106NI POKLONI LAJFLAJN \u010cIKAGA ZA SIRO\u010cAD STIGLI U KRALjEVSKI DVOR\" class=\"img-responsive wp-image-84373\" srcset=\"https:\/\/royalfamily.org\/wp-content\/uploads\/2022\/11\/6-8F2A1569-200x133.jpg 200w, https:\/\/royalfamily.org\/wp-content\/uploads\/2022\/11\/6-8F2A1569-400x267.jpg 400w, https:\/\/royalfamily.org\/wp-content\/uploads\/2022\/11\/6-8F2A1569-600x400.jpg 600w, https:\/\/royalfamily.org\/wp-content\/uploads\/2022\/11\/6-8F2A1569-800x533.jpg 800w, https:\/\/royalfamily.org\/wp-content\/uploads\/2022\/11\/6-8F2A1569-1200x800.jpg 1200w, https:\/\/royalfamily.org\/wp-content\/uploads\/2022\/11\/6-8F2A1569.jpg 1280w\" sizes=\"(min-width: 2200px) 100vw, (min-width: 824px) 390px, (min-width: 732px) 585px, (min-width: 640px) 732px, \" \/><\/a><\/div><\/div><div class=\"clearfix\"><\/div><div style=\"padding:5px;\" class=\"fusion-grid-column fusion-gallery-column fusion-gallery-column-3 hover-type-none\"><div class=\"fusion-gallery-image\"><a href=\"https:\/\/royalfamily.org\/wp-content\/uploads\/2022\/11\/7-8F2A1602.jpg\" data-caption=\"BO\u017dI\u0106NI POKLONI LAJFLAJN \u010cIKAGA ZA SIRO\u010cAD STIGLI U KRALjEVSKI DVOR\" rel=\"noreferrer\" data-rel=\"iLightbox[gallery_image_1]\" class=\"fusion-lightbox\" target=\"_self\"><img decoding=\"async\" src=\"https:\/\/royalfamily.org\/wp-content\/uploads\/2022\/11\/7-8F2A1602.jpg\" width=\"1280\" height=\"853\" alt=\"BO\u017dI\u0106NI POKLONI LAJFLAJN \u010cIKAGA ZA SIRO\u010cAD STIGLI U KRALjEVSKI DVOR\" title=\"BO\u017dI\u0106NI POKLONI LAJFLAJN \u010cIKAGA ZA SIRO\u010cAD STIGLI U KRALjEVSKI DVOR\" aria-label=\"BO\u017dI\u0106NI POKLONI LAJFLAJN \u010cIKAGA ZA SIRO\u010cAD STIGLI U KRALjEVSKI DVOR\" class=\"img-responsive wp-image-84376\" srcset=\"https:\/\/royalfamily.org\/wp-content\/uploads\/2022\/11\/7-8F2A1602-200x133.jpg 200w, https:\/\/royalfamily.org\/wp-content\/uploads\/2022\/11\/7-8F2A1602-400x267.jpg 400w, https:\/\/royalfamily.org\/wp-content\/uploads\/2022\/11\/7-8F2A1602-600x400.jpg 600w, https:\/\/royalfamily.org\/wp-content\/uploads\/2022\/11\/7-8F2A1602-800x533.jpg 800w, https:\/\/royalfamily.org\/wp-content\/uploads\/2022\/11\/7-8F2A1602-1200x800.jpg 1200w, https:\/\/royalfamily.org\/wp-content\/uploads\/2022\/11\/7-8F2A1602.jpg 1280w\" sizes=\"(min-width: 2200px) 100vw, (min-width: 824px) 390px, (min-width: 732px) 585px, (min-width: 640px) 732px, \" \/><\/a><\/div><\/div><\/div><\/div><\/div><\/div><\/div><\/div><\/p>\n","protected":false},"excerpt":{"rendered":"","protected":false},"author":1001015,"featured_media":84379,"comment_status":"closed","ping_status":"closed","sticky":false,"template":"","format":"standard","meta":{"_acf_changed":false,"footnotes":""},"categories":[22],"tags":[],"class_list":["post-84382","post","type-post","status-publish","format-standard","has-post-thumbnail","hentry","category-vesti"],"acf":[],"yoast_head":"<!-- This site is optimized with the Yoast SEO Premium plugin v27.4 (Yoast SEO v27.4) - https:\/\/yoast.com\/product\/yoast-seo-premium-wordpress\/ -->\n<title>BO\u017dI\u0106NI POKLONI LAJFLAJN \u010cIKAGA ZA SIRO\u010cAD STIGLI U KRALjEVSKI DVOR - The Royal Family of Serbia<\/title>\n<meta name=\"robots\" content=\"index, follow, max-snippet:-1, max-image-preview:large, max-video-preview:-1\" \/>\n<link rel=\"canonical\" href=\"https:\/\/royalfamily.org\/lat\/bozicni-pokloni-lajflajn-cikaga-za-sirocad-stigli-u-kraljevski-dvor\/\" \/>\n<meta property=\"og:locale\" content=\"en_US\" \/>\n<meta property=\"og:type\" content=\"article\" \/>\n<meta property=\"og:title\" content=\"BO\u017dI\u0106NI POKLONI LAJFLAJN \u010cIKAGA ZA SIRO\u010cAD STIGLI U KRALjEVSKI DVOR\" \/>\n<meta property=\"og:url\" content=\"https:\/\/royalfamily.org\/lat\/bozicni-pokloni-lajflajn-cikaga-za-sirocad-stigli-u-kraljevski-dvor\/\" \/>\n<meta property=\"og:site_name\" content=\"The Royal Family of Serbia\" \/>\n<meta property=\"article:publisher\" content=\"https:\/\/www.facebook.com\/Prestolonaslednik.Aleksandar\" \/>\n<meta property=\"article:published_time\" content=\"2022-11-30T12:01:14+00:00\" \/>\n<meta property=\"article:modified_time\" content=\"2022-11-30T12:01:15+00:00\" \/>\n<meta property=\"og:image\" content=\"https:\/\/royalfamily.org\/wp-content\/uploads\/2022\/11\/COVER-Bozic-20023-kontejner-PA.jpg\" \/>\n\t<meta property=\"og:image:width\" content=\"740\" \/>\n\t<meta property=\"og:image:height\" content=\"360\" \/>\n\t<meta property=\"og:image:type\" content=\"image\/jpeg\" \/>\n<meta name=\"author\" content=\"Stefan Milanovic\" \/>\n<meta name=\"twitter:card\" content=\"summary_large_image\" \/>\n<meta name=\"twitter:label1\" content=\"Written by\" \/>\n\t<meta name=\"twitter:data1\" content=\"Stefan Milanovic\" \/>\n<script type=\"application\/ld+json\" class=\"yoast-schema-graph\">{\"@context\":\"https:\\\/\\\/schema.org\",\"@graph\":[{\"@type\":\"Article\",\"@id\":\"https:\\\/\\\/royalfamily.org\\\/lat\\\/bozicni-pokloni-lajflajn-cikaga-za-sirocad-stigli-u-kraljevski-dvor\\\/#article\",\"isPartOf\":{\"@id\":\"https:\\\/\\\/royalfamily.org\\\/lat\\\/bozicni-pokloni-lajflajn-cikaga-za-sirocad-stigli-u-kraljevski-dvor\\\/\"},\"author\":{\"name\":\"Stefan Milanovic\",\"@id\":\"https:\\\/\\\/royalfamily.org\\\/#\\\/schema\\\/person\\\/4ad3296a6a8a35eed333b6a785e9f648\"},\"headline\":\"BO\u017dI\u0106NI POKLONI LAJFLAJN \u010cIKAGA ZA SIRO\u010cAD STIGLI U KRALjEVSKI DVOR\",\"datePublished\":\"2022-11-30T12:01:14+00:00\",\"dateModified\":\"2022-11-30T12:01:15+00:00\",\"mainEntityOfPage\":{\"@id\":\"https:\\\/\\\/royalfamily.org\\\/lat\\\/bozicni-pokloni-lajflajn-cikaga-za-sirocad-stigli-u-kraljevski-dvor\\\/\"},\"wordCount\":2305,\"publisher\":{\"@id\":\"https:\\\/\\\/royalfamily.org\\\/#organization\"},\"image\":{\"@id\":\"https:\\\/\\\/royalfamily.org\\\/lat\\\/bozicni-pokloni-lajflajn-cikaga-za-sirocad-stigli-u-kraljevski-dvor\\\/#primaryimage\"},\"thumbnailUrl\":\"https:\\\/\\\/royalfamily.org\\\/wp-content\\\/uploads\\\/2022\\\/11\\\/COVER-Bozic-20023-kontejner-PA.jpg\",\"articleSection\":[\"Vesti\"],\"inLanguage\":\"sr-LT\"},{\"@type\":\"WebPage\",\"@id\":\"https:\\\/\\\/royalfamily.org\\\/lat\\\/bozicni-pokloni-lajflajn-cikaga-za-sirocad-stigli-u-kraljevski-dvor\\\/\",\"url\":\"https:\\\/\\\/royalfamily.org\\\/lat\\\/bozicni-pokloni-lajflajn-cikaga-za-sirocad-stigli-u-kraljevski-dvor\\\/\",\"name\":\"BO\u017dI\u0106NI POKLONI LAJFLAJN \u010cIKAGA ZA SIRO\u010cAD STIGLI U KRALjEVSKI DVOR - The Royal Family of Serbia\",\"isPartOf\":{\"@id\":\"https:\\\/\\\/royalfamily.org\\\/#website\"},\"primaryImageOfPage\":{\"@id\":\"https:\\\/\\\/royalfamily.org\\\/lat\\\/bozicni-pokloni-lajflajn-cikaga-za-sirocad-stigli-u-kraljevski-dvor\\\/#primaryimage\"},\"image\":{\"@id\":\"https:\\\/\\\/royalfamily.org\\\/lat\\\/bozicni-pokloni-lajflajn-cikaga-za-sirocad-stigli-u-kraljevski-dvor\\\/#primaryimage\"},\"thumbnailUrl\":\"https:\\\/\\\/royalfamily.org\\\/wp-content\\\/uploads\\\/2022\\\/11\\\/COVER-Bozic-20023-kontejner-PA.jpg\",\"datePublished\":\"2022-11-30T12:01:14+00:00\",\"dateModified\":\"2022-11-30T12:01:15+00:00\",\"breadcrumb\":{\"@id\":\"https:\\\/\\\/royalfamily.org\\\/lat\\\/bozicni-pokloni-lajflajn-cikaga-za-sirocad-stigli-u-kraljevski-dvor\\\/#breadcrumb\"},\"inLanguage\":\"sr-LT\",\"potentialAction\":[{\"@type\":\"ReadAction\",\"target\":[\"https:\\\/\\\/royalfamily.org\\\/lat\\\/bozicni-pokloni-lajflajn-cikaga-za-sirocad-stigli-u-kraljevski-dvor\\\/\"]}]},{\"@type\":\"ImageObject\",\"inLanguage\":\"sr-LT\",\"@id\":\"https:\\\/\\\/royalfamily.org\\\/lat\\\/bozicni-pokloni-lajflajn-cikaga-za-sirocad-stigli-u-kraljevski-dvor\\\/#primaryimage\",\"url\":\"https:\\\/\\\/royalfamily.org\\\/wp-content\\\/uploads\\\/2022\\\/11\\\/COVER-Bozic-20023-kontejner-PA.jpg\",\"contentUrl\":\"https:\\\/\\\/royalfamily.org\\\/wp-content\\\/uploads\\\/2022\\\/11\\\/COVER-Bozic-20023-kontejner-PA.jpg\",\"width\":740,\"height\":360,\"caption\":\"BO\u017dI\u0106NI POKLONI LAJFLAJN \u010cIKAGA ZA SIRO\u010cAD STIGLI U KRALjEVSKI DVOR\"},{\"@type\":\"BreadcrumbList\",\"@id\":\"https:\\\/\\\/royalfamily.org\\\/lat\\\/bozicni-pokloni-lajflajn-cikaga-za-sirocad-stigli-u-kraljevski-dvor\\\/#breadcrumb\",\"itemListElement\":[{\"@type\":\"ListItem\",\"position\":1,\"name\":\"Home\",\"item\":\"https:\\\/\\\/royalfamily.org\\\/lat\\\/\"},{\"@type\":\"ListItem\",\"position\":2,\"name\":\"BO\u017dI\u0106NI POKLONI LAJFLAJN \u010cIKAGA ZA SIRO\u010cAD STIGLI U KRALjEVSKI DVOR\"}]},{\"@type\":\"WebSite\",\"@id\":\"https:\\\/\\\/royalfamily.org\\\/#website\",\"url\":\"https:\\\/\\\/royalfamily.org\\\/\",\"name\":\"The Royal Family of Serbia\",\"description\":\"From the people, for the people\",\"publisher\":{\"@id\":\"https:\\\/\\\/royalfamily.org\\\/#organization\"},\"potentialAction\":[{\"@type\":\"SearchAction\",\"target\":{\"@type\":\"EntryPoint\",\"urlTemplate\":\"https:\\\/\\\/royalfamily.org\\\/?s={search_term_string}\"},\"query-input\":{\"@type\":\"PropertyValueSpecification\",\"valueRequired\":true,\"valueName\":\"search_term_string\"}}],\"inLanguage\":\"sr-LT\"},{\"@type\":\"Organization\",\"@id\":\"https:\\\/\\\/royalfamily.org\\\/#organization\",\"name\":\"Royal Family\",\"url\":\"https:\\\/\\\/royalfamily.org\\\/\",\"logo\":{\"@type\":\"ImageObject\",\"inLanguage\":\"sr-LT\",\"@id\":\"https:\\\/\\\/royalfamily.org\\\/#\\\/schema\\\/logo\\\/image\\\/\",\"url\":\"https:\\\/\\\/royalfamily.org\\\/wp-content\\\/uploads\\\/2019\\\/04\\\/logo-vector-02-V-latinica.png\",\"contentUrl\":\"https:\\\/\\\/royalfamily.org\\\/wp-content\\\/uploads\\\/2019\\\/04\\\/logo-vector-02-V-latinica.png\",\"width\":552,\"height\":99,\"caption\":\"Royal Family\"},\"image\":{\"@id\":\"https:\\\/\\\/royalfamily.org\\\/#\\\/schema\\\/logo\\\/image\\\/\"},\"sameAs\":[\"https:\\\/\\\/www.facebook.com\\\/Prestolonaslednik.Aleksandar\"]},{\"@type\":\"Person\",\"@id\":\"https:\\\/\\\/royalfamily.org\\\/#\\\/schema\\\/person\\\/4ad3296a6a8a35eed333b6a785e9f648\",\"name\":\"Stefan Milanovic\",\"image\":{\"@type\":\"ImageObject\",\"inLanguage\":\"sr-LT\",\"@id\":\"https:\\\/\\\/secure.gravatar.com\\\/avatar\\\/92dcbdcf3e32112a9ceb1e41665b1f44c69382d014cacfe12c701f6af7c40259?s=96&d=mm&r=g\",\"url\":\"https:\\\/\\\/secure.gravatar.com\\\/avatar\\\/92dcbdcf3e32112a9ceb1e41665b1f44c69382d014cacfe12c701f6af7c40259?s=96&d=mm&r=g\",\"contentUrl\":\"https:\\\/\\\/secure.gravatar.com\\\/avatar\\\/92dcbdcf3e32112a9ceb1e41665b1f44c69382d014cacfe12c701f6af7c40259?s=96&d=mm&r=g\",\"caption\":\"Stefan Milanovic\"}}]}<\/script>\n<!-- \/ Yoast SEO Premium plugin. -->","yoast_head_json":{"title":"BO\u017dI\u0106NI POKLONI LAJFLAJN \u010cIKAGA ZA SIRO\u010cAD STIGLI U KRALjEVSKI DVOR - The Royal Family of Serbia","robots":{"index":"index","follow":"follow","max-snippet":"max-snippet:-1","max-image-preview":"max-image-preview:large","max-video-preview":"max-video-preview:-1"},"canonical":"https:\/\/royalfamily.org\/lat\/bozicni-pokloni-lajflajn-cikaga-za-sirocad-stigli-u-kraljevski-dvor\/","og_locale":"en_US","og_type":"article","og_title":"BO\u017dI\u0106NI POKLONI LAJFLAJN \u010cIKAGA ZA SIRO\u010cAD STIGLI U KRALjEVSKI DVOR","og_url":"https:\/\/royalfamily.org\/lat\/bozicni-pokloni-lajflajn-cikaga-za-sirocad-stigli-u-kraljevski-dvor\/","og_site_name":"The Royal Family of Serbia","article_publisher":"https:\/\/www.facebook.com\/Prestolonaslednik.Aleksandar","article_published_time":"2022-11-30T12:01:14+00:00","article_modified_time":"2022-11-30T12:01:15+00:00","og_image":[{"width":740,"height":360,"url":"https:\/\/royalfamily.org\/wp-content\/uploads\/2022\/11\/COVER-Bozic-20023-kontejner-PA.jpg","type":"image\/jpeg"}],"author":"Stefan Milanovic","twitter_card":"summary_large_image","twitter_misc":{"Written by":"Stefan Milanovic"},"schema":{"@context":"https:\/\/schema.org","@graph":[{"@type":"Article","@id":"https:\/\/royalfamily.org\/lat\/bozicni-pokloni-lajflajn-cikaga-za-sirocad-stigli-u-kraljevski-dvor\/#article","isPartOf":{"@id":"https:\/\/royalfamily.org\/lat\/bozicni-pokloni-lajflajn-cikaga-za-sirocad-stigli-u-kraljevski-dvor\/"},"author":{"name":"Stefan Milanovic","@id":"https:\/\/royalfamily.org\/#\/schema\/person\/4ad3296a6a8a35eed333b6a785e9f648"},"headline":"BO\u017dI\u0106NI POKLONI LAJFLAJN \u010cIKAGA ZA SIRO\u010cAD STIGLI U KRALjEVSKI DVOR","datePublished":"2022-11-30T12:01:14+00:00","dateModified":"2022-11-30T12:01:15+00:00","mainEntityOfPage":{"@id":"https:\/\/royalfamily.org\/lat\/bozicni-pokloni-lajflajn-cikaga-za-sirocad-stigli-u-kraljevski-dvor\/"},"wordCount":2305,"publisher":{"@id":"https:\/\/royalfamily.org\/#organization"},"image":{"@id":"https:\/\/royalfamily.org\/lat\/bozicni-pokloni-lajflajn-cikaga-za-sirocad-stigli-u-kraljevski-dvor\/#primaryimage"},"thumbnailUrl":"https:\/\/royalfamily.org\/wp-content\/uploads\/2022\/11\/COVER-Bozic-20023-kontejner-PA.jpg","articleSection":["Vesti"],"inLanguage":"sr-LT"},{"@type":"WebPage","@id":"https:\/\/royalfamily.org\/lat\/bozicni-pokloni-lajflajn-cikaga-za-sirocad-stigli-u-kraljevski-dvor\/","url":"https:\/\/royalfamily.org\/lat\/bozicni-pokloni-lajflajn-cikaga-za-sirocad-stigli-u-kraljevski-dvor\/","name":"BO\u017dI\u0106NI POKLONI LAJFLAJN \u010cIKAGA ZA SIRO\u010cAD STIGLI U KRALjEVSKI DVOR - The Royal Family of Serbia","isPartOf":{"@id":"https:\/\/royalfamily.org\/#website"},"primaryImageOfPage":{"@id":"https:\/\/royalfamily.org\/lat\/bozicni-pokloni-lajflajn-cikaga-za-sirocad-stigli-u-kraljevski-dvor\/#primaryimage"},"image":{"@id":"https:\/\/royalfamily.org\/lat\/bozicni-pokloni-lajflajn-cikaga-za-sirocad-stigli-u-kraljevski-dvor\/#primaryimage"},"thumbnailUrl":"https:\/\/royalfamily.org\/wp-content\/uploads\/2022\/11\/COVER-Bozic-20023-kontejner-PA.jpg","datePublished":"2022-11-30T12:01:14+00:00","dateModified":"2022-11-30T12:01:15+00:00","breadcrumb":{"@id":"https:\/\/royalfamily.org\/lat\/bozicni-pokloni-lajflajn-cikaga-za-sirocad-stigli-u-kraljevski-dvor\/#breadcrumb"},"inLanguage":"sr-LT","potentialAction":[{"@type":"ReadAction","target":["https:\/\/royalfamily.org\/lat\/bozicni-pokloni-lajflajn-cikaga-za-sirocad-stigli-u-kraljevski-dvor\/"]}]},{"@type":"ImageObject","inLanguage":"sr-LT","@id":"https:\/\/royalfamily.org\/lat\/bozicni-pokloni-lajflajn-cikaga-za-sirocad-stigli-u-kraljevski-dvor\/#primaryimage","url":"https:\/\/royalfamily.org\/wp-content\/uploads\/2022\/11\/COVER-Bozic-20023-kontejner-PA.jpg","contentUrl":"https:\/\/royalfamily.org\/wp-content\/uploads\/2022\/11\/COVER-Bozic-20023-kontejner-PA.jpg","width":740,"height":360,"caption":"BO\u017dI\u0106NI POKLONI LAJFLAJN \u010cIKAGA ZA SIRO\u010cAD STIGLI U KRALjEVSKI DVOR"},{"@type":"BreadcrumbList","@id":"https:\/\/royalfamily.org\/lat\/bozicni-pokloni-lajflajn-cikaga-za-sirocad-stigli-u-kraljevski-dvor\/#breadcrumb","itemListElement":[{"@type":"ListItem","position":1,"name":"Home","item":"https:\/\/royalfamily.org\/lat\/"},{"@type":"ListItem","position":2,"name":"BO\u017dI\u0106NI POKLONI LAJFLAJN \u010cIKAGA ZA SIRO\u010cAD STIGLI U KRALjEVSKI DVOR"}]},{"@type":"WebSite","@id":"https:\/\/royalfamily.org\/#website","url":"https:\/\/royalfamily.org\/","name":"The Royal Family of Serbia","description":"From the people, for the people","publisher":{"@id":"https:\/\/royalfamily.org\/#organization"},"potentialAction":[{"@type":"SearchAction","target":{"@type":"EntryPoint","urlTemplate":"https:\/\/royalfamily.org\/?s={search_term_string}"},"query-input":{"@type":"PropertyValueSpecification","valueRequired":true,"valueName":"search_term_string"}}],"inLanguage":"sr-LT"},{"@type":"Organization","@id":"https:\/\/royalfamily.org\/#organization","name":"Royal Family","url":"https:\/\/royalfamily.org\/","logo":{"@type":"ImageObject","inLanguage":"sr-LT","@id":"https:\/\/royalfamily.org\/#\/schema\/logo\/image\/","url":"https:\/\/royalfamily.org\/wp-content\/uploads\/2019\/04\/logo-vector-02-V-latinica.png","contentUrl":"https:\/\/royalfamily.org\/wp-content\/uploads\/2019\/04\/logo-vector-02-V-latinica.png","width":552,"height":99,"caption":"Royal Family"},"image":{"@id":"https:\/\/royalfamily.org\/#\/schema\/logo\/image\/"},"sameAs":["https:\/\/www.facebook.com\/Prestolonaslednik.Aleksandar"]},{"@type":"Person","@id":"https:\/\/royalfamily.org\/#\/schema\/person\/4ad3296a6a8a35eed333b6a785e9f648","name":"Stefan Milanovic","image":{"@type":"ImageObject","inLanguage":"sr-LT","@id":"https:\/\/secure.gravatar.com\/avatar\/92dcbdcf3e32112a9ceb1e41665b1f44c69382d014cacfe12c701f6af7c40259?s=96&d=mm&r=g","url":"https:\/\/secure.gravatar.com\/avatar\/92dcbdcf3e32112a9ceb1e41665b1f44c69382d014cacfe12c701f6af7c40259?s=96&d=mm&r=g","contentUrl":"https:\/\/secure.gravatar.com\/avatar\/92dcbdcf3e32112a9ceb1e41665b1f44c69382d014cacfe12c701f6af7c40259?s=96&d=mm&r=g","caption":"Stefan Milanovic"}}]}},"_links":{"self":[{"href":"https:\/\/royalfamily.org\/lat\/wp-json\/wp\/v2\/posts\/84382","targetHints":{"allow":["GET"]}}],"collection":[{"href":"https:\/\/royalfamily.org\/lat\/wp-json\/wp\/v2\/posts"}],"about":[{"href":"https:\/\/royalfamily.org\/lat\/wp-json\/wp\/v2\/types\/post"}],"author":[{"embeddable":true,"href":"https:\/\/royalfamily.org\/lat\/wp-json\/wp\/v2\/users\/1001015"}],"replies":[{"embeddable":true,"href":"https:\/\/royalfamily.org\/lat\/wp-json\/wp\/v2\/comments?post=84382"}],"version-history":[{"count":1,"href":"https:\/\/royalfamily.org\/lat\/wp-json\/wp\/v2\/posts\/84382\/revisions"}],"predecessor-version":[{"id":84383,"href":"https:\/\/royalfamily.org\/lat\/wp-json\/wp\/v2\/posts\/84382\/revisions\/84383"}],"wp:featuredmedia":[{"embeddable":true,"href":"https:\/\/royalfamily.org\/lat\/wp-json\/wp\/v2\/media\/84379"}],"wp:attachment":[{"href":"https:\/\/royalfamily.org\/lat\/wp-json\/wp\/v2\/media?parent=84382"}],"wp:term":[{"taxonomy":"category","embeddable":true,"href":"https:\/\/royalfamily.org\/lat\/wp-json\/wp\/v2\/categories?post=84382"},{"taxonomy":"post_tag","embeddable":true,"href":"https:\/\/royalfamily.org\/lat\/wp-json\/wp\/v2\/tags?post=84382"}],"curies":[{"name":"wp","href":"https:\/\/api.w.org\/{rel}","templated":true}]}}