{"id":84436,"date":"2022-12-05T14:38:52","date_gmt":"2022-12-05T13:38:52","guid":{"rendered":"https:\/\/royalfamily.org\/?p=84436"},"modified":"2022-12-06T15:49:05","modified_gmt":"2022-12-06T14:49:05","slug":"deca-pomazu-deci-u-kraljevskom-dvoru","status":"publish","type":"post","link":"https:\/\/royalfamily.org\/lat\/deca-pomazu-deci-u-kraljevskom-dvoru\/","title":{"rendered":"\u201eDECA POMA\u017dU DECI\u201c U KRALjEVSKOM DVORU"},"content":{"rendered":"<p><div class=\"fusion-fullwidth fullwidth-box fusion-builder-row-1 fusion-flex-container has-pattern-background has-mask-background nonhundred-percent-fullwidth non-hundred-percent-height-scrolling\" style=\"--awb-border-radius-top-left:0px;--awb-border-radius-top-right:0px;--awb-border-radius-bottom-right:0px;--awb-border-radius-bottom-left:0px;--awb-flex-wrap:wrap;\" ><div class=\"fusion-builder-row fusion-row fusion-flex-align-items-flex-start fusion-flex-content-wrap\" style=\"max-width:1227.2px;margin-left: calc(-4% \/ 2 );margin-right: calc(-4% \/ 2 );\"><div class=\"fusion-layout-column fusion_builder_column fusion-builder-column-0 fusion_builder_column_1_1 1_1 fusion-flex-column\" style=\"--awb-bg-size:cover;--awb-width-large:100%;--awb-margin-top-large:0px;--awb-spacing-right-large:1.92%;--awb-margin-bottom-large:20px;--awb-spacing-left-large:1.92%;--awb-width-medium:100%;--awb-order-medium:0;--awb-spacing-right-medium:1.92%;--awb-spacing-left-medium:1.92%;--awb-width-small:100%;--awb-order-small:0;--awb-spacing-right-small:1.92%;--awb-spacing-left-small:1.92%;\"><div class=\"fusion-column-wrapper fusion-column-has-shadow fusion-flex-justify-content-flex-start fusion-content-layout-column\"><div class=\"fusion-text fusion-text-1\"><p>Deca iz beogradskih internacionalnih \u0161kola, zajedno sa svojim nastavnicima, pridru\u017eila su se dobrotvornoj akciji \u201eDeca poma\u017eu deci\u201c koju je pre vi\u0161e godina zapo\u010dela Nj.K.V. Princeza Katarina. Ovaj projekat je zapo\u010det sa \u017eeljom Njenog Kraljevskog Viso\u010danstva da deca u ranom uzrastu nau\u010de va\u017enost radosti davanja i da se podstaknu da li\u010dno donesu poklone u Dvor, koji \u0107e biti predati njihovim ugro\u017eenim vr\u0161njacima za predstoje\u0107e bo\u017ei\u0107ne praznike.<\/p>\n<p>U okviru edukativnih i radosnih poseta Kraljevskom Dvoru danas su u\u010denici imali priliku da obi\u0111u dom Kraljevske porodice Srbije, a pozdravili su ih Nj.K.V. Prestolonaslednik Aleksandar i Princeza Katarina. Posete \u0107e se tako\u0111e nastaviti i drugog dana ovogodi\u0161njeg projekta \u201eDeca poma\u017eu deci\u201c.<\/p>\n<p>Dok su istovremeno imali priliku da saznaju zanimljivosti o istoriji Kraljevske porodice Srbije i Dvorskog kompleksa, u\u010denici su u Dvor doneli poklone koji \u0107e biti uru\u010deni na tradicionalnim bo\u017ei\u0107nim prijemima u Belom Dvoru, 5. januara 2023. godine. Njihova Kraljevska Viso\u010danstva svake godine do\u010dekuju i obraduju preko hiljadu dece bez roditeljskog staranja, dece sa invaliditetom i socijalno ugro\u017eene dece na ovim prazni\u010dnim prijemima.<\/p>\n<p>Prestolonaslednik i Princeza su veoma zahvalni u\u010denicima i \u0161kolama koji su se svim srcem priklju\u010dili ovoj inicijativi da se ugro\u017eenoj deci donese radost, a to su: Me\u0111unarodna \u0161kola Bruk Hil, Nema\u010dka \u0161kola u Beogradu, Britanska internacionalna \u0161kola u Beogradu, Me\u0111unarodna \u0161kola u Beogradu, Ruska \u0161kola i Gimnazija \u201eMilena Pavlovi\u0107 Barili\u201c.<\/p>\n<p>Njihova Kraljevska Viso\u010danstva su pored pozdravljanja i razgovarali sa decom o zna\u010daju darivanja, a mali\u0161ani su bili veoma uzbu\u0111eni \u0161to \u0107e li\u010dno upoznati pravog princa i princezu.<\/p>\n<p>\u201eVeoma sam ponosna i zahvalna svoj divnoj deci iz internacionalnih \u0161kola u Beogradu, kao i njihovim nastavnicima i \u0161kolama, \u0161to su podr\u017eali na\u0161 dobrotvorni projekat \u201eDeca poma\u017eu deci\u201c. Iako su tako mlada, ova deca su pokazala da imaju svest i saose\u0107anje da pomognu svojim ugro\u017eenim vr\u0161njacima i donesu im najdragoceniji dar koji mogu da dobiju \u2013 saznanje da nisu zaboravljeni i da su voljeni.<\/p>\n<p>\u010cvrsto verujem da deca treba da u\u010de radost davanja od najranog doba, kao \u0161to su i moji roditelji mene u\u010dili, na sopstvenom primeru, a najbolji na\u010din da to nau\u010de je kroz sopstveno u\u010de\u0161\u0107e, tako \u0161to \u0107e se sami uklju\u010diti i dati doprinos. \u010cine\u0107i to u mladosti, posta\u0107e dobri ljudi kada porastu\u201c, izjavila je Nj.K.V. Princeza Katarina.<\/p>\n<\/div><\/div><\/div><\/div><\/div><div class=\"fusion-fullwidth fullwidth-box fusion-builder-row-2 fusion-flex-container has-pattern-background has-mask-background nonhundred-percent-fullwidth non-hundred-percent-height-scrolling\" style=\"--awb-border-radius-top-left:0px;--awb-border-radius-top-right:0px;--awb-border-radius-bottom-right:0px;--awb-border-radius-bottom-left:0px;--awb-flex-wrap:wrap;\" ><div class=\"fusion-builder-row fusion-row fusion-flex-align-items-flex-start fusion-flex-content-wrap\" style=\"max-width:1227.2px;margin-left: calc(-4% \/ 2 );margin-right: calc(-4% \/ 2 );\"><div class=\"fusion-layout-column fusion_builder_column fusion-builder-column-1 fusion_builder_column_1_1 1_1 fusion-flex-column\" style=\"--awb-bg-size:cover;--awb-width-large:100%;--awb-margin-top-large:0px;--awb-spacing-right-large:1.92%;--awb-margin-bottom-large:20px;--awb-spacing-left-large:1.92%;--awb-width-medium:100%;--awb-order-medium:0;--awb-spacing-right-medium:1.92%;--awb-spacing-left-medium:1.92%;--awb-width-small:100%;--awb-order-small:0;--awb-spacing-right-small:1.92%;--awb-spacing-left-small:1.92%;\"><div class=\"fusion-column-wrapper fusion-column-has-shadow fusion-flex-justify-content-flex-start fusion-content-layout-column\"><div class=\"awb-gallery-wrapper awb-gallery-wrapper-1 button-span-no\" style=\"--more-btn-alignment:center;\" data-limit=\"20\" data-page=\"1\"><div style=\"margin:-5px;--awb-bordersize:0px;\" class=\"fusion-gallery fusion-gallery-container fusion-grid-3 fusion-columns-total-6 fusion-gallery-layout-grid fusion-gallery-1\"><div style=\"padding:5px;\" class=\"fusion-grid-column fusion-gallery-column fusion-gallery-column-3 hover-type-none\"><div class=\"fusion-gallery-image\"><a href=\"https:\/\/royalfamily.org\/wp-content\/uploads\/2022\/12\/1-8F2A1629w.jpg\" data-caption=\"\u201eDECA POMA\u017dU DECI\u201c U KRALjEVSKOM DVORU\" rel=\"noreferrer\" data-rel=\"iLightbox[gallery_image_1]\" class=\"fusion-lightbox\" target=\"_self\"><img decoding=\"async\" src=\"https:\/\/royalfamily.org\/wp-content\/uploads\/2022\/12\/1-8F2A1629w.jpg\" width=\"1772\" height=\"1181\" alt=\"\u201eDECA POMA\u017dU DECI\u201c U KRALjEVSKOM DVORU\" title=\"\u201eDECA POMA\u017dU DECI\u201c U KRALjEVSKOM DVORU\" aria-label=\"\u201eDECA POMA\u017dU DECI\u201c U KRALjEVSKOM DVORU\" class=\"img-responsive wp-image-84421\" srcset=\"https:\/\/royalfamily.org\/wp-content\/uploads\/2022\/12\/1-8F2A1629w-200x133.jpg 200w, https:\/\/royalfamily.org\/wp-content\/uploads\/2022\/12\/1-8F2A1629w-400x267.jpg 400w, https:\/\/royalfamily.org\/wp-content\/uploads\/2022\/12\/1-8F2A1629w-600x400.jpg 600w, https:\/\/royalfamily.org\/wp-content\/uploads\/2022\/12\/1-8F2A1629w-800x533.jpg 800w, https:\/\/royalfamily.org\/wp-content\/uploads\/2022\/12\/1-8F2A1629w-1200x800.jpg 1200w, https:\/\/royalfamily.org\/wp-content\/uploads\/2022\/12\/1-8F2A1629w.jpg 1772w\" sizes=\"(min-width: 2200px) 100vw, (min-width: 824px) 390px, (min-width: 732px) 585px, (min-width: 640px) 732px, \" \/><\/a><\/div><\/div><div style=\"padding:5px;\" class=\"fusion-grid-column fusion-gallery-column fusion-gallery-column-3 hover-type-none\"><div class=\"fusion-gallery-image\"><a href=\"https:\/\/royalfamily.org\/wp-content\/uploads\/2022\/12\/2-8F2A1655w.jpg\" data-caption=\"\u201eDECA POMA\u017dU DECI\u201c U KRALjEVSKOM DVORU\" rel=\"noreferrer\" data-rel=\"iLightbox[gallery_image_1]\" class=\"fusion-lightbox\" target=\"_self\"><img decoding=\"async\" src=\"https:\/\/royalfamily.org\/wp-content\/uploads\/2022\/12\/2-8F2A1655w.jpg\" width=\"1772\" height=\"1181\" alt=\"\u201eDECA POMA\u017dU DECI\u201c U KRALjEVSKOM DVORU\" title=\"\u201eDECA POMA\u017dU DECI\u201c U KRALjEVSKOM DVORU\" aria-label=\"\u201eDECA POMA\u017dU DECI\u201c U KRALjEVSKOM DVORU\" class=\"img-responsive wp-image-84424\" srcset=\"https:\/\/royalfamily.org\/wp-content\/uploads\/2022\/12\/2-8F2A1655w-200x133.jpg 200w, https:\/\/royalfamily.org\/wp-content\/uploads\/2022\/12\/2-8F2A1655w-400x267.jpg 400w, https:\/\/royalfamily.org\/wp-content\/uploads\/2022\/12\/2-8F2A1655w-600x400.jpg 600w, https:\/\/royalfamily.org\/wp-content\/uploads\/2022\/12\/2-8F2A1655w-800x533.jpg 800w, https:\/\/royalfamily.org\/wp-content\/uploads\/2022\/12\/2-8F2A1655w-1200x800.jpg 1200w, https:\/\/royalfamily.org\/wp-content\/uploads\/2022\/12\/2-8F2A1655w.jpg 1772w\" sizes=\"(min-width: 2200px) 100vw, (min-width: 824px) 390px, (min-width: 732px) 585px, (min-width: 640px) 732px, \" \/><\/a><\/div><\/div><div style=\"padding:5px;\" class=\"fusion-grid-column fusion-gallery-column fusion-gallery-column-3 hover-type-none\"><div class=\"fusion-gallery-image\"><a href=\"https:\/\/royalfamily.org\/wp-content\/uploads\/2022\/12\/3-8F2A1615m.jpg\" data-caption=\"\u201eDECA POMA\u017dU DECI\u201c U KRALjEVSKOM DVORU\" rel=\"noreferrer\" data-rel=\"iLightbox[gallery_image_1]\" class=\"fusion-lightbox\" target=\"_self\"><img decoding=\"async\" src=\"https:\/\/royalfamily.org\/wp-content\/uploads\/2022\/12\/3-8F2A1615m.jpg\" width=\"1772\" height=\"1181\" alt=\"\u201eDECA POMA\u017dU DECI\u201c U KRALjEVSKOM DVORU\" title=\"\u201eDECA POMA\u017dU DECI\u201c U KRALjEVSKOM DVORU\" aria-label=\"\u201eDECA POMA\u017dU DECI\u201c U KRALjEVSKOM DVORU\" class=\"img-responsive wp-image-84427\" srcset=\"https:\/\/royalfamily.org\/wp-content\/uploads\/2022\/12\/3-8F2A1615m-200x133.jpg 200w, https:\/\/royalfamily.org\/wp-content\/uploads\/2022\/12\/3-8F2A1615m-400x267.jpg 400w, https:\/\/royalfamily.org\/wp-content\/uploads\/2022\/12\/3-8F2A1615m-600x400.jpg 600w, https:\/\/royalfamily.org\/wp-content\/uploads\/2022\/12\/3-8F2A1615m-800x533.jpg 800w, https:\/\/royalfamily.org\/wp-content\/uploads\/2022\/12\/3-8F2A1615m-1200x800.jpg 1200w, https:\/\/royalfamily.org\/wp-content\/uploads\/2022\/12\/3-8F2A1615m.jpg 1772w\" sizes=\"(min-width: 2200px) 100vw, (min-width: 824px) 390px, (min-width: 732px) 585px, (min-width: 640px) 732px, \" \/><\/a><\/div><\/div><div class=\"clearfix\"><\/div><div style=\"padding:5px;\" class=\"fusion-grid-column fusion-gallery-column fusion-gallery-column-3 hover-type-none\"><div class=\"fusion-gallery-image\"><a href=\"https:\/\/royalfamily.org\/wp-content\/uploads\/2022\/12\/4-8F2A1635w.jpg\" data-caption=\"\u201eDECA POMA\u017dU DECI\u201c U KRALjEVSKOM DVORU\" rel=\"noreferrer\" data-rel=\"iLightbox[gallery_image_1]\" class=\"fusion-lightbox\" target=\"_self\"><img decoding=\"async\" src=\"https:\/\/royalfamily.org\/wp-content\/uploads\/2022\/12\/4-8F2A1635w.jpg\" width=\"1772\" height=\"1181\" alt=\"\u201eDECA POMA\u017dU DECI\u201c U KRALjEVSKOM DVORU\" title=\"\u201eDECA POMA\u017dU DECI\u201c U KRALjEVSKOM DVORU\" aria-label=\"\u201eDECA POMA\u017dU DECI\u201c U KRALjEVSKOM DVORU\" class=\"img-responsive wp-image-84430\" srcset=\"https:\/\/royalfamily.org\/wp-content\/uploads\/2022\/12\/4-8F2A1635w-200x133.jpg 200w, https:\/\/royalfamily.org\/wp-content\/uploads\/2022\/12\/4-8F2A1635w-400x267.jpg 400w, https:\/\/royalfamily.org\/wp-content\/uploads\/2022\/12\/4-8F2A1635w-600x400.jpg 600w, https:\/\/royalfamily.org\/wp-content\/uploads\/2022\/12\/4-8F2A1635w-800x533.jpg 800w, https:\/\/royalfamily.org\/wp-content\/uploads\/2022\/12\/4-8F2A1635w-1200x800.jpg 1200w, https:\/\/royalfamily.org\/wp-content\/uploads\/2022\/12\/4-8F2A1635w.jpg 1772w\" sizes=\"(min-width: 2200px) 100vw, (min-width: 824px) 390px, (min-width: 732px) 585px, (min-width: 640px) 732px, \" \/><\/a><\/div><\/div><div style=\"padding:5px;\" class=\"fusion-grid-column fusion-gallery-column fusion-gallery-column-3 hover-type-none\"><div class=\"fusion-gallery-image\"><a href=\"https:\/\/royalfamily.org\/wp-content\/uploads\/2022\/12\/8F2A1682m.jpg\" data-caption=\"\u201eDECA POMA\u017dU DECI\u201c U KRALjEVSKOM DVORU\" rel=\"noreferrer\" data-rel=\"iLightbox[gallery_image_1]\" class=\"fusion-lightbox\" target=\"_self\"><img decoding=\"async\" src=\"https:\/\/royalfamily.org\/wp-content\/uploads\/2022\/12\/8F2A1682m.jpg\" width=\"1772\" height=\"1181\" alt=\"\u201eDECA POMA\u017dU DECI\u201c U KRALjEVSKOM DVORU\" title=\"\u201eDECA POMA\u017dU DECI\u201c U KRALjEVSKOM DVORU\" aria-label=\"\u201eDECA POMA\u017dU DECI\u201c U KRALjEVSKOM DVORU\" class=\"img-responsive wp-image-84460\" srcset=\"https:\/\/royalfamily.org\/wp-content\/uploads\/2022\/12\/8F2A1682m-200x133.jpg 200w, https:\/\/royalfamily.org\/wp-content\/uploads\/2022\/12\/8F2A1682m-400x267.jpg 400w, https:\/\/royalfamily.org\/wp-content\/uploads\/2022\/12\/8F2A1682m-600x400.jpg 600w, https:\/\/royalfamily.org\/wp-content\/uploads\/2022\/12\/8F2A1682m-800x533.jpg 800w, https:\/\/royalfamily.org\/wp-content\/uploads\/2022\/12\/8F2A1682m-1200x800.jpg 1200w, https:\/\/royalfamily.org\/wp-content\/uploads\/2022\/12\/8F2A1682m.jpg 1772w\" sizes=\"(min-width: 2200px) 100vw, (min-width: 824px) 390px, (min-width: 732px) 585px, (min-width: 640px) 732px, \" \/><\/a><\/div><\/div><div style=\"padding:5px;\" class=\"fusion-grid-column fusion-gallery-column fusion-gallery-column-3 hover-type-none\"><div class=\"fusion-gallery-image\"><a href=\"https:\/\/royalfamily.org\/wp-content\/uploads\/2022\/12\/8F2A1694m.jpg\" data-caption=\"\u201eDECA POMA\u017dU DECI\u201c U KRALjEVSKOM DVORU\" rel=\"noreferrer\" data-rel=\"iLightbox[gallery_image_1]\" class=\"fusion-lightbox\" target=\"_self\"><img decoding=\"async\" src=\"https:\/\/royalfamily.org\/wp-content\/uploads\/2022\/12\/8F2A1694m.jpg\" width=\"1772\" height=\"1181\" alt=\"\u201eDECA POMA\u017dU DECI\u201c U KRALjEVSKOM DVORU\" title=\"\u201eDECA POMA\u017dU DECI\u201c U KRALjEVSKOM DVORU\" aria-label=\"\u201eDECA POMA\u017dU DECI\u201c U KRALjEVSKOM DVORU\" class=\"img-responsive wp-image-84463\" srcset=\"https:\/\/royalfamily.org\/wp-content\/uploads\/2022\/12\/8F2A1694m-200x133.jpg 200w, https:\/\/royalfamily.org\/wp-content\/uploads\/2022\/12\/8F2A1694m-400x267.jpg 400w, https:\/\/royalfamily.org\/wp-content\/uploads\/2022\/12\/8F2A1694m-600x400.jpg 600w, https:\/\/royalfamily.org\/wp-content\/uploads\/2022\/12\/8F2A1694m-800x533.jpg 800w, https:\/\/royalfamily.org\/wp-content\/uploads\/2022\/12\/8F2A1694m-1200x800.jpg 1200w, https:\/\/royalfamily.org\/wp-content\/uploads\/2022\/12\/8F2A1694m.jpg 1772w\" sizes=\"(min-width: 2200px) 100vw, (min-width: 824px) 390px, (min-width: 732px) 585px, (min-width: 640px) 732px, \" \/><\/a><\/div><\/div><div class=\"clearfix\"><\/div><\/div><\/div><\/div><\/div><\/div><\/div><\/p>\n","protected":false},"excerpt":{"rendered":"","protected":false},"author":1001015,"featured_media":84433,"comment_status":"closed","ping_status":"closed","sticky":false,"template":"","format":"standard","meta":{"_acf_changed":false,"footnotes":""},"categories":[22],"tags":[],"class_list":["post-84436","post","type-post","status-publish","format-standard","has-post-thumbnail","hentry","category-vesti"],"acf":[],"yoast_head":"<!-- This site is optimized with the Yoast SEO Premium plugin v27.4 (Yoast SEO v27.4) - https:\/\/yoast.com\/product\/yoast-seo-premium-wordpress\/ -->\n<title>\u201eDECA POMA\u017dU DECI\u201c U KRALjEVSKOM DVORU - The Royal Family of Serbia<\/title>\n<meta name=\"robots\" content=\"index, follow, max-snippet:-1, max-image-preview:large, max-video-preview:-1\" \/>\n<link rel=\"canonical\" href=\"https:\/\/royalfamily.org\/lat\/deca-pomazu-deci-u-kraljevskom-dvoru\/\" \/>\n<meta property=\"og:locale\" content=\"en_US\" \/>\n<meta property=\"og:type\" content=\"article\" \/>\n<meta property=\"og:title\" content=\"\u201eDECA POMA\u017dU DECI\u201c U KRALjEVSKOM DVORU\" \/>\n<meta property=\"og:url\" content=\"https:\/\/royalfamily.org\/lat\/deca-pomazu-deci-u-kraljevskom-dvoru\/\" \/>\n<meta property=\"og:site_name\" content=\"The Royal Family of Serbia\" \/>\n<meta property=\"article:publisher\" content=\"https:\/\/www.facebook.com\/Prestolonaslednik.Aleksandar\" \/>\n<meta property=\"article:published_time\" content=\"2022-12-05T13:38:52+00:00\" \/>\n<meta property=\"article:modified_time\" content=\"2022-12-06T14:49:05+00:00\" \/>\n<meta property=\"og:image\" content=\"https:\/\/royalfamily.org\/wp-content\/uploads\/2022\/12\/COVER-deca-pomazu-deci-PA.jpg\" \/>\n\t<meta property=\"og:image:width\" content=\"740\" \/>\n\t<meta property=\"og:image:height\" content=\"360\" \/>\n\t<meta property=\"og:image:type\" content=\"image\/jpeg\" \/>\n<meta name=\"author\" content=\"Stefan Milanovic\" \/>\n<meta name=\"twitter:card\" content=\"summary_large_image\" \/>\n<meta name=\"twitter:label1\" content=\"Written by\" \/>\n\t<meta name=\"twitter:data1\" content=\"Stefan Milanovic\" \/>\n\t<meta name=\"twitter:label2\" content=\"Est. reading time\" \/>\n\t<meta name=\"twitter:data2\" content=\"5 minutes\" \/>\n<script type=\"application\/ld+json\" class=\"yoast-schema-graph\">{\"@context\":\"https:\\\/\\\/schema.org\",\"@graph\":[{\"@type\":\"Article\",\"@id\":\"https:\\\/\\\/royalfamily.org\\\/lat\\\/deca-pomazu-deci-u-kraljevskom-dvoru\\\/#article\",\"isPartOf\":{\"@id\":\"https:\\\/\\\/royalfamily.org\\\/lat\\\/deca-pomazu-deci-u-kraljevskom-dvoru\\\/\"},\"author\":{\"name\":\"Stefan Milanovic\",\"@id\":\"https:\\\/\\\/royalfamily.org\\\/#\\\/schema\\\/person\\\/4ad3296a6a8a35eed333b6a785e9f648\"},\"headline\":\"\u201eDECA POMA\u017dU DECI\u201c U KRALjEVSKOM DVORU\",\"datePublished\":\"2022-12-05T13:38:52+00:00\",\"dateModified\":\"2022-12-06T14:49:05+00:00\",\"mainEntityOfPage\":{\"@id\":\"https:\\\/\\\/royalfamily.org\\\/lat\\\/deca-pomazu-deci-u-kraljevskom-dvoru\\\/\"},\"wordCount\":2222,\"publisher\":{\"@id\":\"https:\\\/\\\/royalfamily.org\\\/#organization\"},\"image\":{\"@id\":\"https:\\\/\\\/royalfamily.org\\\/lat\\\/deca-pomazu-deci-u-kraljevskom-dvoru\\\/#primaryimage\"},\"thumbnailUrl\":\"https:\\\/\\\/royalfamily.org\\\/wp-content\\\/uploads\\\/2022\\\/12\\\/COVER-deca-pomazu-deci-PA.jpg\",\"articleSection\":[\"Vesti\"],\"inLanguage\":\"sr-LT\"},{\"@type\":\"WebPage\",\"@id\":\"https:\\\/\\\/royalfamily.org\\\/lat\\\/deca-pomazu-deci-u-kraljevskom-dvoru\\\/\",\"url\":\"https:\\\/\\\/royalfamily.org\\\/lat\\\/deca-pomazu-deci-u-kraljevskom-dvoru\\\/\",\"name\":\"\u201eDECA POMA\u017dU DECI\u201c U KRALjEVSKOM DVORU - The Royal Family of Serbia\",\"isPartOf\":{\"@id\":\"https:\\\/\\\/royalfamily.org\\\/#website\"},\"primaryImageOfPage\":{\"@id\":\"https:\\\/\\\/royalfamily.org\\\/lat\\\/deca-pomazu-deci-u-kraljevskom-dvoru\\\/#primaryimage\"},\"image\":{\"@id\":\"https:\\\/\\\/royalfamily.org\\\/lat\\\/deca-pomazu-deci-u-kraljevskom-dvoru\\\/#primaryimage\"},\"thumbnailUrl\":\"https:\\\/\\\/royalfamily.org\\\/wp-content\\\/uploads\\\/2022\\\/12\\\/COVER-deca-pomazu-deci-PA.jpg\",\"datePublished\":\"2022-12-05T13:38:52+00:00\",\"dateModified\":\"2022-12-06T14:49:05+00:00\",\"breadcrumb\":{\"@id\":\"https:\\\/\\\/royalfamily.org\\\/lat\\\/deca-pomazu-deci-u-kraljevskom-dvoru\\\/#breadcrumb\"},\"inLanguage\":\"sr-LT\",\"potentialAction\":[{\"@type\":\"ReadAction\",\"target\":[\"https:\\\/\\\/royalfamily.org\\\/lat\\\/deca-pomazu-deci-u-kraljevskom-dvoru\\\/\"]}]},{\"@type\":\"ImageObject\",\"inLanguage\":\"sr-LT\",\"@id\":\"https:\\\/\\\/royalfamily.org\\\/lat\\\/deca-pomazu-deci-u-kraljevskom-dvoru\\\/#primaryimage\",\"url\":\"https:\\\/\\\/royalfamily.org\\\/wp-content\\\/uploads\\\/2022\\\/12\\\/COVER-deca-pomazu-deci-PA.jpg\",\"contentUrl\":\"https:\\\/\\\/royalfamily.org\\\/wp-content\\\/uploads\\\/2022\\\/12\\\/COVER-deca-pomazu-deci-PA.jpg\",\"width\":740,\"height\":360,\"caption\":\"\u201eDECA POMA\u017dU DECI\u201c U KRALjEVSKOM DVORU\"},{\"@type\":\"BreadcrumbList\",\"@id\":\"https:\\\/\\\/royalfamily.org\\\/lat\\\/deca-pomazu-deci-u-kraljevskom-dvoru\\\/#breadcrumb\",\"itemListElement\":[{\"@type\":\"ListItem\",\"position\":1,\"name\":\"Home\",\"item\":\"https:\\\/\\\/royalfamily.org\\\/lat\\\/\"},{\"@type\":\"ListItem\",\"position\":2,\"name\":\"\u201eDECA POMA\u017dU DECI\u201c U KRALjEVSKOM DVORU\"}]},{\"@type\":\"WebSite\",\"@id\":\"https:\\\/\\\/royalfamily.org\\\/#website\",\"url\":\"https:\\\/\\\/royalfamily.org\\\/\",\"name\":\"The Royal Family of Serbia\",\"description\":\"From the people, for the people\",\"publisher\":{\"@id\":\"https:\\\/\\\/royalfamily.org\\\/#organization\"},\"potentialAction\":[{\"@type\":\"SearchAction\",\"target\":{\"@type\":\"EntryPoint\",\"urlTemplate\":\"https:\\\/\\\/royalfamily.org\\\/?s={search_term_string}\"},\"query-input\":{\"@type\":\"PropertyValueSpecification\",\"valueRequired\":true,\"valueName\":\"search_term_string\"}}],\"inLanguage\":\"sr-LT\"},{\"@type\":\"Organization\",\"@id\":\"https:\\\/\\\/royalfamily.org\\\/#organization\",\"name\":\"Royal Family\",\"url\":\"https:\\\/\\\/royalfamily.org\\\/\",\"logo\":{\"@type\":\"ImageObject\",\"inLanguage\":\"sr-LT\",\"@id\":\"https:\\\/\\\/royalfamily.org\\\/#\\\/schema\\\/logo\\\/image\\\/\",\"url\":\"https:\\\/\\\/royalfamily.org\\\/wp-content\\\/uploads\\\/2019\\\/04\\\/logo-vector-02-V-latinica.png\",\"contentUrl\":\"https:\\\/\\\/royalfamily.org\\\/wp-content\\\/uploads\\\/2019\\\/04\\\/logo-vector-02-V-latinica.png\",\"width\":552,\"height\":99,\"caption\":\"Royal Family\"},\"image\":{\"@id\":\"https:\\\/\\\/royalfamily.org\\\/#\\\/schema\\\/logo\\\/image\\\/\"},\"sameAs\":[\"https:\\\/\\\/www.facebook.com\\\/Prestolonaslednik.Aleksandar\"]},{\"@type\":\"Person\",\"@id\":\"https:\\\/\\\/royalfamily.org\\\/#\\\/schema\\\/person\\\/4ad3296a6a8a35eed333b6a785e9f648\",\"name\":\"Stefan Milanovic\",\"image\":{\"@type\":\"ImageObject\",\"inLanguage\":\"sr-LT\",\"@id\":\"https:\\\/\\\/secure.gravatar.com\\\/avatar\\\/92dcbdcf3e32112a9ceb1e41665b1f44c69382d014cacfe12c701f6af7c40259?s=96&d=mm&r=g\",\"url\":\"https:\\\/\\\/secure.gravatar.com\\\/avatar\\\/92dcbdcf3e32112a9ceb1e41665b1f44c69382d014cacfe12c701f6af7c40259?s=96&d=mm&r=g\",\"contentUrl\":\"https:\\\/\\\/secure.gravatar.com\\\/avatar\\\/92dcbdcf3e32112a9ceb1e41665b1f44c69382d014cacfe12c701f6af7c40259?s=96&d=mm&r=g\",\"caption\":\"Stefan Milanovic\"}}]}<\/script>\n<!-- \/ Yoast SEO Premium plugin. -->","yoast_head_json":{"title":"\u201eDECA POMA\u017dU DECI\u201c U KRALjEVSKOM DVORU - The Royal Family of Serbia","robots":{"index":"index","follow":"follow","max-snippet":"max-snippet:-1","max-image-preview":"max-image-preview:large","max-video-preview":"max-video-preview:-1"},"canonical":"https:\/\/royalfamily.org\/lat\/deca-pomazu-deci-u-kraljevskom-dvoru\/","og_locale":"en_US","og_type":"article","og_title":"\u201eDECA POMA\u017dU DECI\u201c U KRALjEVSKOM DVORU","og_url":"https:\/\/royalfamily.org\/lat\/deca-pomazu-deci-u-kraljevskom-dvoru\/","og_site_name":"The Royal Family of Serbia","article_publisher":"https:\/\/www.facebook.com\/Prestolonaslednik.Aleksandar","article_published_time":"2022-12-05T13:38:52+00:00","article_modified_time":"2022-12-06T14:49:05+00:00","og_image":[{"width":740,"height":360,"url":"https:\/\/royalfamily.org\/wp-content\/uploads\/2022\/12\/COVER-deca-pomazu-deci-PA.jpg","type":"image\/jpeg"}],"author":"Stefan Milanovic","twitter_card":"summary_large_image","twitter_misc":{"Written by":"Stefan Milanovic","Est. reading time":"5 minutes"},"schema":{"@context":"https:\/\/schema.org","@graph":[{"@type":"Article","@id":"https:\/\/royalfamily.org\/lat\/deca-pomazu-deci-u-kraljevskom-dvoru\/#article","isPartOf":{"@id":"https:\/\/royalfamily.org\/lat\/deca-pomazu-deci-u-kraljevskom-dvoru\/"},"author":{"name":"Stefan Milanovic","@id":"https:\/\/royalfamily.org\/#\/schema\/person\/4ad3296a6a8a35eed333b6a785e9f648"},"headline":"\u201eDECA POMA\u017dU DECI\u201c U KRALjEVSKOM DVORU","datePublished":"2022-12-05T13:38:52+00:00","dateModified":"2022-12-06T14:49:05+00:00","mainEntityOfPage":{"@id":"https:\/\/royalfamily.org\/lat\/deca-pomazu-deci-u-kraljevskom-dvoru\/"},"wordCount":2222,"publisher":{"@id":"https:\/\/royalfamily.org\/#organization"},"image":{"@id":"https:\/\/royalfamily.org\/lat\/deca-pomazu-deci-u-kraljevskom-dvoru\/#primaryimage"},"thumbnailUrl":"https:\/\/royalfamily.org\/wp-content\/uploads\/2022\/12\/COVER-deca-pomazu-deci-PA.jpg","articleSection":["Vesti"],"inLanguage":"sr-LT"},{"@type":"WebPage","@id":"https:\/\/royalfamily.org\/lat\/deca-pomazu-deci-u-kraljevskom-dvoru\/","url":"https:\/\/royalfamily.org\/lat\/deca-pomazu-deci-u-kraljevskom-dvoru\/","name":"\u201eDECA POMA\u017dU DECI\u201c U KRALjEVSKOM DVORU - The Royal Family of Serbia","isPartOf":{"@id":"https:\/\/royalfamily.org\/#website"},"primaryImageOfPage":{"@id":"https:\/\/royalfamily.org\/lat\/deca-pomazu-deci-u-kraljevskom-dvoru\/#primaryimage"},"image":{"@id":"https:\/\/royalfamily.org\/lat\/deca-pomazu-deci-u-kraljevskom-dvoru\/#primaryimage"},"thumbnailUrl":"https:\/\/royalfamily.org\/wp-content\/uploads\/2022\/12\/COVER-deca-pomazu-deci-PA.jpg","datePublished":"2022-12-05T13:38:52+00:00","dateModified":"2022-12-06T14:49:05+00:00","breadcrumb":{"@id":"https:\/\/royalfamily.org\/lat\/deca-pomazu-deci-u-kraljevskom-dvoru\/#breadcrumb"},"inLanguage":"sr-LT","potentialAction":[{"@type":"ReadAction","target":["https:\/\/royalfamily.org\/lat\/deca-pomazu-deci-u-kraljevskom-dvoru\/"]}]},{"@type":"ImageObject","inLanguage":"sr-LT","@id":"https:\/\/royalfamily.org\/lat\/deca-pomazu-deci-u-kraljevskom-dvoru\/#primaryimage","url":"https:\/\/royalfamily.org\/wp-content\/uploads\/2022\/12\/COVER-deca-pomazu-deci-PA.jpg","contentUrl":"https:\/\/royalfamily.org\/wp-content\/uploads\/2022\/12\/COVER-deca-pomazu-deci-PA.jpg","width":740,"height":360,"caption":"\u201eDECA POMA\u017dU DECI\u201c U KRALjEVSKOM DVORU"},{"@type":"BreadcrumbList","@id":"https:\/\/royalfamily.org\/lat\/deca-pomazu-deci-u-kraljevskom-dvoru\/#breadcrumb","itemListElement":[{"@type":"ListItem","position":1,"name":"Home","item":"https:\/\/royalfamily.org\/lat\/"},{"@type":"ListItem","position":2,"name":"\u201eDECA POMA\u017dU DECI\u201c U KRALjEVSKOM DVORU"}]},{"@type":"WebSite","@id":"https:\/\/royalfamily.org\/#website","url":"https:\/\/royalfamily.org\/","name":"The Royal Family of Serbia","description":"From the people, for the people","publisher":{"@id":"https:\/\/royalfamily.org\/#organization"},"potentialAction":[{"@type":"SearchAction","target":{"@type":"EntryPoint","urlTemplate":"https:\/\/royalfamily.org\/?s={search_term_string}"},"query-input":{"@type":"PropertyValueSpecification","valueRequired":true,"valueName":"search_term_string"}}],"inLanguage":"sr-LT"},{"@type":"Organization","@id":"https:\/\/royalfamily.org\/#organization","name":"Royal Family","url":"https:\/\/royalfamily.org\/","logo":{"@type":"ImageObject","inLanguage":"sr-LT","@id":"https:\/\/royalfamily.org\/#\/schema\/logo\/image\/","url":"https:\/\/royalfamily.org\/wp-content\/uploads\/2019\/04\/logo-vector-02-V-latinica.png","contentUrl":"https:\/\/royalfamily.org\/wp-content\/uploads\/2019\/04\/logo-vector-02-V-latinica.png","width":552,"height":99,"caption":"Royal Family"},"image":{"@id":"https:\/\/royalfamily.org\/#\/schema\/logo\/image\/"},"sameAs":["https:\/\/www.facebook.com\/Prestolonaslednik.Aleksandar"]},{"@type":"Person","@id":"https:\/\/royalfamily.org\/#\/schema\/person\/4ad3296a6a8a35eed333b6a785e9f648","name":"Stefan Milanovic","image":{"@type":"ImageObject","inLanguage":"sr-LT","@id":"https:\/\/secure.gravatar.com\/avatar\/92dcbdcf3e32112a9ceb1e41665b1f44c69382d014cacfe12c701f6af7c40259?s=96&d=mm&r=g","url":"https:\/\/secure.gravatar.com\/avatar\/92dcbdcf3e32112a9ceb1e41665b1f44c69382d014cacfe12c701f6af7c40259?s=96&d=mm&r=g","contentUrl":"https:\/\/secure.gravatar.com\/avatar\/92dcbdcf3e32112a9ceb1e41665b1f44c69382d014cacfe12c701f6af7c40259?s=96&d=mm&r=g","caption":"Stefan Milanovic"}}]}},"_links":{"self":[{"href":"https:\/\/royalfamily.org\/lat\/wp-json\/wp\/v2\/posts\/84436","targetHints":{"allow":["GET"]}}],"collection":[{"href":"https:\/\/royalfamily.org\/lat\/wp-json\/wp\/v2\/posts"}],"about":[{"href":"https:\/\/royalfamily.org\/lat\/wp-json\/wp\/v2\/types\/post"}],"author":[{"embeddable":true,"href":"https:\/\/royalfamily.org\/lat\/wp-json\/wp\/v2\/users\/1001015"}],"replies":[{"embeddable":true,"href":"https:\/\/royalfamily.org\/lat\/wp-json\/wp\/v2\/comments?post=84436"}],"version-history":[{"count":2,"href":"https:\/\/royalfamily.org\/lat\/wp-json\/wp\/v2\/posts\/84436\/revisions"}],"predecessor-version":[{"id":84465,"href":"https:\/\/royalfamily.org\/lat\/wp-json\/wp\/v2\/posts\/84436\/revisions\/84465"}],"wp:featuredmedia":[{"embeddable":true,"href":"https:\/\/royalfamily.org\/lat\/wp-json\/wp\/v2\/media\/84433"}],"wp:attachment":[{"href":"https:\/\/royalfamily.org\/lat\/wp-json\/wp\/v2\/media?parent=84436"}],"wp:term":[{"taxonomy":"category","embeddable":true,"href":"https:\/\/royalfamily.org\/lat\/wp-json\/wp\/v2\/categories?post=84436"},{"taxonomy":"post_tag","embeddable":true,"href":"https:\/\/royalfamily.org\/lat\/wp-json\/wp\/v2\/tags?post=84436"}],"curies":[{"name":"wp","href":"https:\/\/api.w.org\/{rel}","templated":true}]}}