{"id":84584,"date":"2022-12-22T15:04:44","date_gmt":"2022-12-22T14:04:44","guid":{"rendered":"https:\/\/royalfamily.org\/?p=84584"},"modified":"2022-12-22T15:04:46","modified_gmt":"2022-12-22T14:04:46","slug":"dobrotvorni-prijem-i-bozicne-pesme-u-belom-dvoru","status":"publish","type":"post","link":"https:\/\/royalfamily.org\/lat\/dobrotvorni-prijem-i-bozicne-pesme-u-belom-dvoru\/","title":{"rendered":"DOBROTVORNI PRIJEM I BO\u017dI\u0106NE PESME U BELOM DVORU"},"content":{"rendered":"<p><div class=\"fusion-fullwidth fullwidth-box fusion-builder-row-1 fusion-flex-container has-pattern-background has-mask-background nonhundred-percent-fullwidth non-hundred-percent-height-scrolling\" style=\"--awb-border-radius-top-left:0px;--awb-border-radius-top-right:0px;--awb-border-radius-bottom-right:0px;--awb-border-radius-bottom-left:0px;--awb-flex-wrap:wrap;\" ><div class=\"fusion-builder-row fusion-row fusion-flex-align-items-flex-start fusion-flex-content-wrap\" style=\"max-width:1227.2px;margin-left: calc(-4% \/ 2 );margin-right: calc(-4% \/ 2 );\"><div class=\"fusion-layout-column fusion_builder_column fusion-builder-column-0 fusion_builder_column_1_1 1_1 fusion-flex-column\" style=\"--awb-bg-size:cover;--awb-width-large:100%;--awb-margin-top-large:0px;--awb-spacing-right-large:1.92%;--awb-margin-bottom-large:20px;--awb-spacing-left-large:1.92%;--awb-width-medium:100%;--awb-order-medium:0;--awb-spacing-right-medium:1.92%;--awb-spacing-left-medium:1.92%;--awb-width-small:100%;--awb-order-small:0;--awb-spacing-right-small:1.92%;--awb-spacing-left-small:1.92%;\"><div class=\"fusion-column-wrapper fusion-column-has-shadow fusion-flex-justify-content-flex-start fusion-content-layout-column\"><div class=\"fusion-text fusion-text-1\"><p><a href=\"https:\/\/www.britserbcham.com\/\">Britansko-srpska<\/a> privredna komora i <a href=\"https:\/\/dutchserbianbusiness.org\/\">Holandsko-srpsko<\/a> poslovno udru\u017eenje organizovali su sino\u0107 dobrotvorni doga\u0111aj pod nazivom \u201eBo\u017ei\u0107ni prijem i prazni\u010dne pesme sa Belog dvora\u201c kao podr\u0161ku tradicionalnim bo\u017ei\u0107nim prijemima za ugro\u017eenu decu koje \u0107e Prestolonaslednik Aleksandar i Princeza \u041aatarina prirediti u Belom dvoru 5. januara 2023.<\/p>\n<p>Njihova \u041araljevska Viso\u010danstva svake godine do\u010dekuju i obraduju preko hiljadu dece bez roditeljskog staranja, dece sa te\u0161ko\u0107ama u intelektualnom razvoju i socijalno ugro\u017eene dece na ovim prazni\u010dnim prijemima, \u0161to je tradicija koju su zapo\u010deli odmah po povratku u Srbiju 2001. godine.<\/p>\n<p>Ve\u010de je po\u010delo muzi\u010dkim programom, a prisutni su mogli da u\u017eivaju u nastupu Vase Stajki\u0107a i Nevene Reljin, uz pratnju Milana Milo\u0161evi\u0107a i Milice Jovanovi\u0107 koji su svirali instrumentalne kompozicije i hora \u201eBra\u0107a Baruh\u201c, pod dirigentom Stefanom Zeki\u0107em. Sve\u010dani prijem po\u010deo je nakon ovog izvanrednog izvo\u0111enja bo\u017ei\u0107nih pesama, a na kraju ve\u010deri usledila je dobrotvorna tombola.<\/p>\n<p>Zbog ranije ugovorenih obaveza u inostranstvu, Prestolonaslednik Aleksandar i Princeza \u041aatarina nisu mogli da prisustvuju doga\u0111aju, ali je pozdravno pismo Njenog \u041araljevskog Viso\u010danstva pro\u010ditala gospo\u0111a Jadranka Dervi\u0161evi\u0107 \u041aitari\u0107, izvr\u0161na direktorka Britansko-srpske privredne komore u Velikoj Britaniji.<\/p>\n<p>\u201e\u041aao neko ko je posvetio \u017eivot pomaganju onima kojima je pomo\u0107 potrebna, bez obzira na godine, rasu, veru, veoma dobro znamo koliko je put filantropije izazovan, ali i koliko vam radosti i sre\u0107e donosi kada znate da ste dotakli ne\u010diji \u017eivot, da ste ga promenili na bolje. Iskreni osmeh na licu deteta kome ste pomogli je najve\u0107a i najvrednija nagrada na svetu. Najdragoceniji poklon koji na\u0161a deca iz siroti\u0161ta mogu da dobiju jeste saznanje da nisu zaboravljena i da su voljena.<\/p>\n<p>Od srca vam hvala \u0161to poma\u017eete na\u0161oj deci, na va\u0161oj spremnosti i odlu\u010dnosti da im pru\u017eite podr\u0161ku, i \u0161to im donosite radost za praznike i pravi duh Bo\u017ei\u0107a\u201c, navela je Princeza \u041aatarina u svom pismu.<\/p>\n<p>Jadranka Dervi\u0161evi\u0107 \u041aitari\u0107 je u ime Britansko-srpske privredne komore izjavila: \u201eMi i na\u0161i dobri prijatelji iz Holandsko-srpskog poslovnog udru\u017eenja smo odu\u0161evljeni \u0161to smo organizovali ovaj doga\u0111aj u cilju podr\u0161ke ovako jednom va\u017enom cilju. Mi i na\u0161i \u010dlanovi u potpunosti prihvatamo na\u0161u dru\u0161tvenu odgovornost i svesni smo pozitivnog uticaja koje \u0107e ovo imati na ugro\u017eenu decu.\u201c<\/p>\n<p>Prestolonaslednik Aleksandar i Princeza \u041aatarina su veoma zahvalni Britansko-srpskoj privrednoj komori i Holandsko-srpskom poslovnom udru\u017eenju na organizaciji doga\u0111aja, kao i svim kompanijama koje su podr\u017eale ovu dobrotvornu akciju: Cepter (platinasti sponzor manifestacije), Factory, Vinarija Deuri\u0107 i Hajneken\u00a0 (zlatni sponzori), Studio Maru\u0161ka, Drina River Glamping, g3 Spirits, MD Adria, CMM Investment Group, Parlons Design, Basket Zdravija Hrana Made By Hand, PME Cake, Destilerija Margan, Companies Connected, The Chedi Hotel, Delhaize, Mios Service, G4S, Grafolik Printing House, Gale catering, NI\u041aO Wine i mnogi drugi (srebrni sponzori).<\/p>\n<\/div><\/div><\/div><\/div><\/div><div class=\"fusion-fullwidth fullwidth-box fusion-builder-row-2 fusion-flex-container has-pattern-background has-mask-background nonhundred-percent-fullwidth non-hundred-percent-height-scrolling\" style=\"--awb-border-radius-top-left:0px;--awb-border-radius-top-right:0px;--awb-border-radius-bottom-right:0px;--awb-border-radius-bottom-left:0px;--awb-flex-wrap:wrap;\" ><div class=\"fusion-builder-row fusion-row fusion-flex-align-items-flex-start fusion-flex-content-wrap\" style=\"max-width:1227.2px;margin-left: calc(-4% \/ 2 );margin-right: calc(-4% \/ 2 );\"><div class=\"fusion-layout-column fusion_builder_column fusion-builder-column-1 fusion_builder_column_1_1 1_1 fusion-flex-column\" style=\"--awb-bg-size:cover;--awb-width-large:100%;--awb-margin-top-large:0px;--awb-spacing-right-large:1.92%;--awb-margin-bottom-large:20px;--awb-spacing-left-large:1.92%;--awb-width-medium:100%;--awb-order-medium:0;--awb-spacing-right-medium:1.92%;--awb-spacing-left-medium:1.92%;--awb-width-small:100%;--awb-order-small:0;--awb-spacing-right-small:1.92%;--awb-spacing-left-small:1.92%;\"><div class=\"fusion-column-wrapper fusion-column-has-shadow fusion-flex-justify-content-flex-start fusion-content-layout-column\"><div class=\"awb-gallery-wrapper awb-gallery-wrapper-1 button-span-no\" style=\"--more-btn-alignment:center;\" data-limit=\"20\" data-page=\"1\"><div style=\"margin:-5px;--awb-bordersize:0px;\" class=\"fusion-gallery fusion-gallery-container fusion-grid-3 fusion-columns-total-8 fusion-gallery-layout-grid fusion-gallery-1\"><div style=\"padding:5px;\" class=\"fusion-grid-column fusion-gallery-column fusion-gallery-column-3 hover-type-none\"><div class=\"fusion-gallery-image\"><a href=\"https:\/\/royalfamily.org\/wp-content\/uploads\/2022\/12\/1-8F2A9270w.jpg\" data-caption=\"Bo\u017ei\u0107ni prijem i prazni\u010dne pesme sa Belog dvora\" rel=\"noreferrer\" data-rel=\"iLightbox[gallery_image_1]\" class=\"fusion-lightbox\" target=\"_self\"><img decoding=\"async\" src=\"https:\/\/royalfamily.org\/wp-content\/uploads\/2022\/12\/1-8F2A9270w.jpg\" width=\"1772\" height=\"1181\" alt=\"Bo\u017ei\u0107ni prijem i prazni\u010dne pesme sa Belog dvora\" title=\"Bo\u017ei\u0107ni prijem i prazni\u010dne pesme sa Belog dvora\" aria-label=\"Bo\u017ei\u0107ni prijem i prazni\u010dne pesme sa Belog dvora\" class=\"img-responsive wp-image-84557\" srcset=\"https:\/\/royalfamily.org\/wp-content\/uploads\/2022\/12\/1-8F2A9270w-200x133.jpg 200w, https:\/\/royalfamily.org\/wp-content\/uploads\/2022\/12\/1-8F2A9270w-400x267.jpg 400w, https:\/\/royalfamily.org\/wp-content\/uploads\/2022\/12\/1-8F2A9270w-600x400.jpg 600w, https:\/\/royalfamily.org\/wp-content\/uploads\/2022\/12\/1-8F2A9270w-800x533.jpg 800w, https:\/\/royalfamily.org\/wp-content\/uploads\/2022\/12\/1-8F2A9270w-1200x800.jpg 1200w, https:\/\/royalfamily.org\/wp-content\/uploads\/2022\/12\/1-8F2A9270w.jpg 1772w\" sizes=\"(min-width: 2200px) 100vw, (min-width: 824px) 390px, (min-width: 732px) 585px, (min-width: 640px) 732px, \" \/><\/a><\/div><\/div><div style=\"padding:5px;\" class=\"fusion-grid-column fusion-gallery-column fusion-gallery-column-3 hover-type-none\"><div class=\"fusion-gallery-image\"><a href=\"https:\/\/royalfamily.org\/wp-content\/uploads\/2022\/12\/2-8F2A9207w-scaled.jpg\" data-caption=\"Bo\u017ei\u0107ni prijem i prazni\u010dne pesme sa Belog dvora\" rel=\"noreferrer\" data-rel=\"iLightbox[gallery_image_1]\" class=\"fusion-lightbox\" target=\"_self\"><img decoding=\"async\" src=\"https:\/\/royalfamily.org\/wp-content\/uploads\/2022\/12\/2-8F2A9207w-scaled.jpg\" width=\"2560\" height=\"1707\" alt=\"Bo\u017ei\u0107ni prijem i prazni\u010dne pesme sa Belog dvora\" title=\"Bo\u017ei\u0107ni prijem i prazni\u010dne pesme sa Belog dvora\" aria-label=\"Bo\u017ei\u0107ni prijem i prazni\u010dne pesme sa Belog dvora\" class=\"img-responsive wp-image-84560\" srcset=\"https:\/\/royalfamily.org\/wp-content\/uploads\/2022\/12\/2-8F2A9207w-200x133.jpg 200w, https:\/\/royalfamily.org\/wp-content\/uploads\/2022\/12\/2-8F2A9207w-400x267.jpg 400w, https:\/\/royalfamily.org\/wp-content\/uploads\/2022\/12\/2-8F2A9207w-600x400.jpg 600w, https:\/\/royalfamily.org\/wp-content\/uploads\/2022\/12\/2-8F2A9207w-800x533.jpg 800w, https:\/\/royalfamily.org\/wp-content\/uploads\/2022\/12\/2-8F2A9207w-1200x800.jpg 1200w, https:\/\/royalfamily.org\/wp-content\/uploads\/2022\/12\/2-8F2A9207w-scaled.jpg 2560w\" sizes=\"(min-width: 2200px) 100vw, (min-width: 824px) 390px, (min-width: 732px) 585px, (min-width: 640px) 732px, \" \/><\/a><\/div><\/div><div style=\"padding:5px;\" class=\"fusion-grid-column fusion-gallery-column fusion-gallery-column-3 hover-type-none\"><div class=\"fusion-gallery-image\"><a href=\"https:\/\/royalfamily.org\/wp-content\/uploads\/2022\/12\/3-8F2A9144m.jpg\" data-caption=\"Bo\u017ei\u0107ni prijem i prazni\u010dne pesme sa Belog dvora\" rel=\"noreferrer\" data-rel=\"iLightbox[gallery_image_1]\" class=\"fusion-lightbox\" target=\"_self\"><img decoding=\"async\" src=\"https:\/\/royalfamily.org\/wp-content\/uploads\/2022\/12\/3-8F2A9144m.jpg\" width=\"1772\" height=\"1181\" alt=\"Bo\u017ei\u0107ni prijem i prazni\u010dne pesme sa Belog dvora\" title=\"Bo\u017ei\u0107ni prijem i prazni\u010dne pesme sa Belog dvora\" aria-label=\"Bo\u017ei\u0107ni prijem i prazni\u010dne pesme sa Belog dvora\" class=\"img-responsive wp-image-84563\" srcset=\"https:\/\/royalfamily.org\/wp-content\/uploads\/2022\/12\/3-8F2A9144m-200x133.jpg 200w, https:\/\/royalfamily.org\/wp-content\/uploads\/2022\/12\/3-8F2A9144m-400x267.jpg 400w, https:\/\/royalfamily.org\/wp-content\/uploads\/2022\/12\/3-8F2A9144m-600x400.jpg 600w, https:\/\/royalfamily.org\/wp-content\/uploads\/2022\/12\/3-8F2A9144m-800x533.jpg 800w, https:\/\/royalfamily.org\/wp-content\/uploads\/2022\/12\/3-8F2A9144m-1200x800.jpg 1200w, https:\/\/royalfamily.org\/wp-content\/uploads\/2022\/12\/3-8F2A9144m.jpg 1772w\" sizes=\"(min-width: 2200px) 100vw, (min-width: 824px) 390px, (min-width: 732px) 585px, (min-width: 640px) 732px, \" \/><\/a><\/div><\/div><div class=\"clearfix\"><\/div><div style=\"padding:5px;\" class=\"fusion-grid-column fusion-gallery-column fusion-gallery-column-3 hover-type-none\"><div class=\"fusion-gallery-image\"><a href=\"https:\/\/royalfamily.org\/wp-content\/uploads\/2022\/12\/4-8F2A9153w-scaled.jpg\" data-caption=\"Bo\u017ei\u0107ni prijem i prazni\u010dne pesme sa Belog dvora\" rel=\"noreferrer\" data-rel=\"iLightbox[gallery_image_1]\" class=\"fusion-lightbox\" target=\"_self\"><img decoding=\"async\" src=\"https:\/\/royalfamily.org\/wp-content\/uploads\/2022\/12\/4-8F2A9153w-scaled.jpg\" width=\"2560\" height=\"1709\" alt=\"Bo\u017ei\u0107ni prijem i prazni\u010dne pesme sa Belog dvora\" title=\"Bo\u017ei\u0107ni prijem i prazni\u010dne pesme sa Belog dvora\" aria-label=\"Bo\u017ei\u0107ni prijem i prazni\u010dne pesme sa Belog dvora\" class=\"img-responsive wp-image-84566\" srcset=\"https:\/\/royalfamily.org\/wp-content\/uploads\/2022\/12\/4-8F2A9153w-200x133.jpg 200w, https:\/\/royalfamily.org\/wp-content\/uploads\/2022\/12\/4-8F2A9153w-400x267.jpg 400w, https:\/\/royalfamily.org\/wp-content\/uploads\/2022\/12\/4-8F2A9153w-600x400.jpg 600w, https:\/\/royalfamily.org\/wp-content\/uploads\/2022\/12\/4-8F2A9153w-800x534.jpg 800w, https:\/\/royalfamily.org\/wp-content\/uploads\/2022\/12\/4-8F2A9153w-1200x801.jpg 1200w, https:\/\/royalfamily.org\/wp-content\/uploads\/2022\/12\/4-8F2A9153w-scaled.jpg 2560w\" sizes=\"(min-width: 2200px) 100vw, (min-width: 824px) 390px, (min-width: 732px) 585px, (min-width: 640px) 732px, \" \/><\/a><\/div><\/div><div style=\"padding:5px;\" class=\"fusion-grid-column fusion-gallery-column fusion-gallery-column-3 hover-type-none\"><div class=\"fusion-gallery-image\"><a href=\"https:\/\/royalfamily.org\/wp-content\/uploads\/2022\/12\/5-8F2A9285m.jpg\" data-caption=\"Bo\u017ei\u0107ni prijem i prazni\u010dne pesme sa Belog dvora\" rel=\"noreferrer\" data-rel=\"iLightbox[gallery_image_1]\" class=\"fusion-lightbox\" target=\"_self\"><img decoding=\"async\" src=\"https:\/\/royalfamily.org\/wp-content\/uploads\/2022\/12\/5-8F2A9285m.jpg\" width=\"1772\" height=\"1181\" alt=\"Bo\u017ei\u0107ni prijem i prazni\u010dne pesme sa Belog dvora\" title=\"Bo\u017ei\u0107ni prijem i prazni\u010dne pesme sa Belog dvora\" aria-label=\"Bo\u017ei\u0107ni prijem i prazni\u010dne pesme sa Belog dvora\" class=\"img-responsive wp-image-84569\" srcset=\"https:\/\/royalfamily.org\/wp-content\/uploads\/2022\/12\/5-8F2A9285m-200x133.jpg 200w, https:\/\/royalfamily.org\/wp-content\/uploads\/2022\/12\/5-8F2A9285m-400x267.jpg 400w, https:\/\/royalfamily.org\/wp-content\/uploads\/2022\/12\/5-8F2A9285m-600x400.jpg 600w, https:\/\/royalfamily.org\/wp-content\/uploads\/2022\/12\/5-8F2A9285m-800x533.jpg 800w, https:\/\/royalfamily.org\/wp-content\/uploads\/2022\/12\/5-8F2A9285m-1200x800.jpg 1200w, https:\/\/royalfamily.org\/wp-content\/uploads\/2022\/12\/5-8F2A9285m.jpg 1772w\" sizes=\"(min-width: 2200px) 100vw, (min-width: 824px) 390px, (min-width: 732px) 585px, (min-width: 640px) 732px, \" \/><\/a><\/div><\/div><div style=\"padding:5px;\" class=\"fusion-grid-column fusion-gallery-column fusion-gallery-column-3 hover-type-none\"><div class=\"fusion-gallery-image\"><a href=\"https:\/\/royalfamily.org\/wp-content\/uploads\/2022\/12\/6-8F2A9396m-scaled.jpg\" data-caption=\"Bo\u017ei\u0107ni prijem i prazni\u010dne pesme sa Belog dvora\" rel=\"noreferrer\" data-rel=\"iLightbox[gallery_image_1]\" class=\"fusion-lightbox\" target=\"_self\"><img decoding=\"async\" src=\"https:\/\/royalfamily.org\/wp-content\/uploads\/2022\/12\/6-8F2A9396m-scaled.jpg\" width=\"2560\" height=\"1707\" alt=\"Bo\u017ei\u0107ni prijem i prazni\u010dne pesme sa Belog dvora\" title=\"Bo\u017ei\u0107ni prijem i prazni\u010dne pesme sa Belog dvora\" aria-label=\"Bo\u017ei\u0107ni prijem i prazni\u010dne pesme sa Belog dvora\" class=\"img-responsive wp-image-84572\" srcset=\"https:\/\/royalfamily.org\/wp-content\/uploads\/2022\/12\/6-8F2A9396m-200x133.jpg 200w, https:\/\/royalfamily.org\/wp-content\/uploads\/2022\/12\/6-8F2A9396m-400x267.jpg 400w, https:\/\/royalfamily.org\/wp-content\/uploads\/2022\/12\/6-8F2A9396m-600x400.jpg 600w, https:\/\/royalfamily.org\/wp-content\/uploads\/2022\/12\/6-8F2A9396m-800x533.jpg 800w, https:\/\/royalfamily.org\/wp-content\/uploads\/2022\/12\/6-8F2A9396m-1200x800.jpg 1200w, https:\/\/royalfamily.org\/wp-content\/uploads\/2022\/12\/6-8F2A9396m-scaled.jpg 2560w\" sizes=\"(min-width: 2200px) 100vw, (min-width: 824px) 390px, (min-width: 732px) 585px, (min-width: 640px) 732px, \" \/><\/a><\/div><\/div><div class=\"clearfix\"><\/div><div style=\"padding:5px;\" class=\"fusion-grid-column fusion-gallery-column fusion-gallery-column-3 hover-type-none\"><div class=\"fusion-gallery-image\"><a href=\"https:\/\/royalfamily.org\/wp-content\/uploads\/2022\/12\/7-8F2A9410w.jpg\" data-caption=\"Bo\u017ei\u0107ni prijem i prazni\u010dne pesme sa Belog dvora\" rel=\"noreferrer\" data-rel=\"iLightbox[gallery_image_1]\" class=\"fusion-lightbox\" target=\"_self\"><img decoding=\"async\" src=\"https:\/\/royalfamily.org\/wp-content\/uploads\/2022\/12\/7-8F2A9410w.jpg\" width=\"1772\" height=\"1181\" alt=\"Bo\u017ei\u0107ni prijem i prazni\u010dne pesme sa Belog dvora\" title=\"Bo\u017ei\u0107ni prijem i prazni\u010dne pesme sa Belog dvora\" aria-label=\"Bo\u017ei\u0107ni prijem i prazni\u010dne pesme sa Belog dvora\" class=\"img-responsive wp-image-84575\" srcset=\"https:\/\/royalfamily.org\/wp-content\/uploads\/2022\/12\/7-8F2A9410w-200x133.jpg 200w, https:\/\/royalfamily.org\/wp-content\/uploads\/2022\/12\/7-8F2A9410w-400x267.jpg 400w, https:\/\/royalfamily.org\/wp-content\/uploads\/2022\/12\/7-8F2A9410w-600x400.jpg 600w, https:\/\/royalfamily.org\/wp-content\/uploads\/2022\/12\/7-8F2A9410w-800x533.jpg 800w, https:\/\/royalfamily.org\/wp-content\/uploads\/2022\/12\/7-8F2A9410w-1200x800.jpg 1200w, https:\/\/royalfamily.org\/wp-content\/uploads\/2022\/12\/7-8F2A9410w.jpg 1772w\" sizes=\"(min-width: 2200px) 100vw, (min-width: 824px) 390px, (min-width: 732px) 585px, (min-width: 640px) 732px, \" \/><\/a><\/div><\/div><div style=\"padding:5px;\" class=\"fusion-grid-column fusion-gallery-column fusion-gallery-column-3 hover-type-none\"><div class=\"fusion-gallery-image\"><a href=\"https:\/\/royalfamily.org\/wp-content\/uploads\/2022\/12\/8-8F2A9510w.jpg\" data-caption=\"Bo\u017ei\u0107ni prijem i prazni\u010dne pesme sa Belog dvora\" rel=\"noreferrer\" data-rel=\"iLightbox[gallery_image_1]\" class=\"fusion-lightbox\" target=\"_self\"><img decoding=\"async\" src=\"https:\/\/royalfamily.org\/wp-content\/uploads\/2022\/12\/8-8F2A9510w.jpg\" width=\"1772\" height=\"1181\" alt=\"Bo\u017ei\u0107ni prijem i prazni\u010dne pesme sa Belog dvora\" title=\"Bo\u017ei\u0107ni prijem i prazni\u010dne pesme sa Belog dvora\" aria-label=\"Bo\u017ei\u0107ni prijem i prazni\u010dne pesme sa Belog dvora\" class=\"img-responsive wp-image-84578\" srcset=\"https:\/\/royalfamily.org\/wp-content\/uploads\/2022\/12\/8-8F2A9510w-200x133.jpg 200w, https:\/\/royalfamily.org\/wp-content\/uploads\/2022\/12\/8-8F2A9510w-400x267.jpg 400w, https:\/\/royalfamily.org\/wp-content\/uploads\/2022\/12\/8-8F2A9510w-600x400.jpg 600w, https:\/\/royalfamily.org\/wp-content\/uploads\/2022\/12\/8-8F2A9510w-800x533.jpg 800w, https:\/\/royalfamily.org\/wp-content\/uploads\/2022\/12\/8-8F2A9510w-1200x800.jpg 1200w, https:\/\/royalfamily.org\/wp-content\/uploads\/2022\/12\/8-8F2A9510w.jpg 1772w\" sizes=\"(min-width: 2200px) 100vw, (min-width: 824px) 390px, (min-width: 732px) 585px, (min-width: 640px) 732px, \" \/><\/a><\/div><\/div><\/div><\/div><\/div><\/div><\/div><\/div><\/p>\n","protected":false},"excerpt":{"rendered":"","protected":false},"author":1001015,"featured_media":84581,"comment_status":"closed","ping_status":"closed","sticky":false,"template":"","format":"standard","meta":{"_acf_changed":false,"footnotes":""},"categories":[22],"tags":[],"class_list":["post-84584","post","type-post","status-publish","format-standard","has-post-thumbnail","hentry","category-vesti"],"acf":[],"yoast_head":"<!-- This site is optimized with the Yoast SEO Premium plugin v27.5 (Yoast SEO v27.5) - https:\/\/yoast.com\/product\/yoast-seo-premium-wordpress\/ -->\n<title>DOBROTVORNI PRIJEM I BO\u017dI\u0106NE PESME U BELOM DVORU - The Royal Family of Serbia<\/title>\n<meta name=\"robots\" content=\"index, follow, max-snippet:-1, max-image-preview:large, max-video-preview:-1\" \/>\n<link rel=\"canonical\" href=\"https:\/\/royalfamily.org\/lat\/dobrotvorni-prijem-i-bozicne-pesme-u-belom-dvoru\/\" \/>\n<meta property=\"og:locale\" content=\"en_US\" \/>\n<meta property=\"og:type\" content=\"article\" \/>\n<meta property=\"og:title\" content=\"DOBROTVORNI PRIJEM I BO\u017dI\u0106NE PESME U BELOM DVORU\" \/>\n<meta property=\"og:url\" content=\"https:\/\/royalfamily.org\/lat\/dobrotvorni-prijem-i-bozicne-pesme-u-belom-dvoru\/\" \/>\n<meta property=\"og:site_name\" content=\"The Royal Family of Serbia\" \/>\n<meta property=\"article:publisher\" content=\"https:\/\/www.facebook.com\/Prestolonaslednik.Aleksandar\" \/>\n<meta property=\"article:published_time\" content=\"2022-12-22T14:04:44+00:00\" \/>\n<meta property=\"article:modified_time\" content=\"2022-12-22T14:04:46+00:00\" \/>\n<meta property=\"og:image\" content=\"https:\/\/royalfamily.org\/wp-content\/uploads\/2022\/12\/COVER-British-Serbian-Chamber-PA.jpg\" \/>\n\t<meta property=\"og:image:width\" content=\"740\" \/>\n\t<meta property=\"og:image:height\" content=\"360\" \/>\n\t<meta property=\"og:image:type\" content=\"image\/jpeg\" \/>\n<meta name=\"author\" content=\"Stefan Milanovic\" \/>\n<meta name=\"twitter:card\" content=\"summary_large_image\" \/>\n<meta name=\"twitter:label1\" content=\"Written by\" \/>\n\t<meta name=\"twitter:data1\" content=\"Stefan Milanovic\" \/>\n<script type=\"application\/ld+json\" class=\"yoast-schema-graph\">{\"@context\":\"https:\\\/\\\/schema.org\",\"@graph\":[{\"@type\":\"Article\",\"@id\":\"https:\\\/\\\/royalfamily.org\\\/lat\\\/dobrotvorni-prijem-i-bozicne-pesme-u-belom-dvoru\\\/#article\",\"isPartOf\":{\"@id\":\"https:\\\/\\\/royalfamily.org\\\/lat\\\/dobrotvorni-prijem-i-bozicne-pesme-u-belom-dvoru\\\/\"},\"author\":{\"name\":\"Stefan Milanovic\",\"@id\":\"https:\\\/\\\/royalfamily.org\\\/#\\\/schema\\\/person\\\/4ad3296a6a8a35eed333b6a785e9f648\"},\"headline\":\"DOBROTVORNI PRIJEM I BO\u017dI\u0106NE PESME U BELOM DVORU\",\"datePublished\":\"2022-12-22T14:04:44+00:00\",\"dateModified\":\"2022-12-22T14:04:46+00:00\",\"mainEntityOfPage\":{\"@id\":\"https:\\\/\\\/royalfamily.org\\\/lat\\\/dobrotvorni-prijem-i-bozicne-pesme-u-belom-dvoru\\\/\"},\"wordCount\":2453,\"publisher\":{\"@id\":\"https:\\\/\\\/royalfamily.org\\\/#organization\"},\"image\":{\"@id\":\"https:\\\/\\\/royalfamily.org\\\/lat\\\/dobrotvorni-prijem-i-bozicne-pesme-u-belom-dvoru\\\/#primaryimage\"},\"thumbnailUrl\":\"https:\\\/\\\/royalfamily.org\\\/wp-content\\\/uploads\\\/2022\\\/12\\\/COVER-British-Serbian-Chamber-PA.jpg\",\"articleSection\":[\"Vesti\"],\"inLanguage\":\"sr-LT\"},{\"@type\":\"WebPage\",\"@id\":\"https:\\\/\\\/royalfamily.org\\\/lat\\\/dobrotvorni-prijem-i-bozicne-pesme-u-belom-dvoru\\\/\",\"url\":\"https:\\\/\\\/royalfamily.org\\\/lat\\\/dobrotvorni-prijem-i-bozicne-pesme-u-belom-dvoru\\\/\",\"name\":\"DOBROTVORNI PRIJEM I BO\u017dI\u0106NE PESME U BELOM DVORU - The Royal Family of Serbia\",\"isPartOf\":{\"@id\":\"https:\\\/\\\/royalfamily.org\\\/#website\"},\"primaryImageOfPage\":{\"@id\":\"https:\\\/\\\/royalfamily.org\\\/lat\\\/dobrotvorni-prijem-i-bozicne-pesme-u-belom-dvoru\\\/#primaryimage\"},\"image\":{\"@id\":\"https:\\\/\\\/royalfamily.org\\\/lat\\\/dobrotvorni-prijem-i-bozicne-pesme-u-belom-dvoru\\\/#primaryimage\"},\"thumbnailUrl\":\"https:\\\/\\\/royalfamily.org\\\/wp-content\\\/uploads\\\/2022\\\/12\\\/COVER-British-Serbian-Chamber-PA.jpg\",\"datePublished\":\"2022-12-22T14:04:44+00:00\",\"dateModified\":\"2022-12-22T14:04:46+00:00\",\"breadcrumb\":{\"@id\":\"https:\\\/\\\/royalfamily.org\\\/lat\\\/dobrotvorni-prijem-i-bozicne-pesme-u-belom-dvoru\\\/#breadcrumb\"},\"inLanguage\":\"sr-LT\",\"potentialAction\":[{\"@type\":\"ReadAction\",\"target\":[\"https:\\\/\\\/royalfamily.org\\\/lat\\\/dobrotvorni-prijem-i-bozicne-pesme-u-belom-dvoru\\\/\"]}]},{\"@type\":\"ImageObject\",\"inLanguage\":\"sr-LT\",\"@id\":\"https:\\\/\\\/royalfamily.org\\\/lat\\\/dobrotvorni-prijem-i-bozicne-pesme-u-belom-dvoru\\\/#primaryimage\",\"url\":\"https:\\\/\\\/royalfamily.org\\\/wp-content\\\/uploads\\\/2022\\\/12\\\/COVER-British-Serbian-Chamber-PA.jpg\",\"contentUrl\":\"https:\\\/\\\/royalfamily.org\\\/wp-content\\\/uploads\\\/2022\\\/12\\\/COVER-British-Serbian-Chamber-PA.jpg\",\"width\":740,\"height\":360,\"caption\":\"DOBROTVORNI PRIJEM I BO\u017dI\u0106NE PESME U BELOM DVORU\"},{\"@type\":\"BreadcrumbList\",\"@id\":\"https:\\\/\\\/royalfamily.org\\\/lat\\\/dobrotvorni-prijem-i-bozicne-pesme-u-belom-dvoru\\\/#breadcrumb\",\"itemListElement\":[{\"@type\":\"ListItem\",\"position\":1,\"name\":\"Home\",\"item\":\"https:\\\/\\\/royalfamily.org\\\/lat\\\/\"},{\"@type\":\"ListItem\",\"position\":2,\"name\":\"DOBROTVORNI PRIJEM I BO\u017dI\u0106NE PESME U BELOM DVORU\"}]},{\"@type\":\"WebSite\",\"@id\":\"https:\\\/\\\/royalfamily.org\\\/#website\",\"url\":\"https:\\\/\\\/royalfamily.org\\\/\",\"name\":\"The Royal Family of Serbia\",\"description\":\"From the people, for the people\",\"publisher\":{\"@id\":\"https:\\\/\\\/royalfamily.org\\\/#organization\"},\"potentialAction\":[{\"@type\":\"SearchAction\",\"target\":{\"@type\":\"EntryPoint\",\"urlTemplate\":\"https:\\\/\\\/royalfamily.org\\\/?s={search_term_string}\"},\"query-input\":{\"@type\":\"PropertyValueSpecification\",\"valueRequired\":true,\"valueName\":\"search_term_string\"}}],\"inLanguage\":\"sr-LT\"},{\"@type\":\"Organization\",\"@id\":\"https:\\\/\\\/royalfamily.org\\\/#organization\",\"name\":\"Royal Family\",\"url\":\"https:\\\/\\\/royalfamily.org\\\/\",\"logo\":{\"@type\":\"ImageObject\",\"inLanguage\":\"sr-LT\",\"@id\":\"https:\\\/\\\/royalfamily.org\\\/#\\\/schema\\\/logo\\\/image\\\/\",\"url\":\"https:\\\/\\\/royalfamily.org\\\/wp-content\\\/uploads\\\/2019\\\/04\\\/logo-vector-02-V-latinica.png\",\"contentUrl\":\"https:\\\/\\\/royalfamily.org\\\/wp-content\\\/uploads\\\/2019\\\/04\\\/logo-vector-02-V-latinica.png\",\"width\":552,\"height\":99,\"caption\":\"Royal Family\"},\"image\":{\"@id\":\"https:\\\/\\\/royalfamily.org\\\/#\\\/schema\\\/logo\\\/image\\\/\"},\"sameAs\":[\"https:\\\/\\\/www.facebook.com\\\/Prestolonaslednik.Aleksandar\"]},{\"@type\":\"Person\",\"@id\":\"https:\\\/\\\/royalfamily.org\\\/#\\\/schema\\\/person\\\/4ad3296a6a8a35eed333b6a785e9f648\",\"name\":\"Stefan Milanovic\",\"image\":{\"@type\":\"ImageObject\",\"inLanguage\":\"sr-LT\",\"@id\":\"https:\\\/\\\/secure.gravatar.com\\\/avatar\\\/92dcbdcf3e32112a9ceb1e41665b1f44c69382d014cacfe12c701f6af7c40259?s=96&d=mm&r=g\",\"url\":\"https:\\\/\\\/secure.gravatar.com\\\/avatar\\\/92dcbdcf3e32112a9ceb1e41665b1f44c69382d014cacfe12c701f6af7c40259?s=96&d=mm&r=g\",\"contentUrl\":\"https:\\\/\\\/secure.gravatar.com\\\/avatar\\\/92dcbdcf3e32112a9ceb1e41665b1f44c69382d014cacfe12c701f6af7c40259?s=96&d=mm&r=g\",\"caption\":\"Stefan Milanovic\"}}]}<\/script>\n<!-- \/ Yoast SEO Premium plugin. -->","yoast_head_json":{"title":"DOBROTVORNI PRIJEM I BO\u017dI\u0106NE PESME U BELOM DVORU - The Royal Family of Serbia","robots":{"index":"index","follow":"follow","max-snippet":"max-snippet:-1","max-image-preview":"max-image-preview:large","max-video-preview":"max-video-preview:-1"},"canonical":"https:\/\/royalfamily.org\/lat\/dobrotvorni-prijem-i-bozicne-pesme-u-belom-dvoru\/","og_locale":"en_US","og_type":"article","og_title":"DOBROTVORNI PRIJEM I BO\u017dI\u0106NE PESME U BELOM DVORU","og_url":"https:\/\/royalfamily.org\/lat\/dobrotvorni-prijem-i-bozicne-pesme-u-belom-dvoru\/","og_site_name":"The Royal Family of Serbia","article_publisher":"https:\/\/www.facebook.com\/Prestolonaslednik.Aleksandar","article_published_time":"2022-12-22T14:04:44+00:00","article_modified_time":"2022-12-22T14:04:46+00:00","og_image":[{"width":740,"height":360,"url":"https:\/\/royalfamily.org\/wp-content\/uploads\/2022\/12\/COVER-British-Serbian-Chamber-PA.jpg","type":"image\/jpeg"}],"author":"Stefan Milanovic","twitter_card":"summary_large_image","twitter_misc":{"Written by":"Stefan Milanovic"},"schema":{"@context":"https:\/\/schema.org","@graph":[{"@type":"Article","@id":"https:\/\/royalfamily.org\/lat\/dobrotvorni-prijem-i-bozicne-pesme-u-belom-dvoru\/#article","isPartOf":{"@id":"https:\/\/royalfamily.org\/lat\/dobrotvorni-prijem-i-bozicne-pesme-u-belom-dvoru\/"},"author":{"name":"Stefan Milanovic","@id":"https:\/\/royalfamily.org\/#\/schema\/person\/4ad3296a6a8a35eed333b6a785e9f648"},"headline":"DOBROTVORNI PRIJEM I BO\u017dI\u0106NE PESME U BELOM DVORU","datePublished":"2022-12-22T14:04:44+00:00","dateModified":"2022-12-22T14:04:46+00:00","mainEntityOfPage":{"@id":"https:\/\/royalfamily.org\/lat\/dobrotvorni-prijem-i-bozicne-pesme-u-belom-dvoru\/"},"wordCount":2453,"publisher":{"@id":"https:\/\/royalfamily.org\/#organization"},"image":{"@id":"https:\/\/royalfamily.org\/lat\/dobrotvorni-prijem-i-bozicne-pesme-u-belom-dvoru\/#primaryimage"},"thumbnailUrl":"https:\/\/royalfamily.org\/wp-content\/uploads\/2022\/12\/COVER-British-Serbian-Chamber-PA.jpg","articleSection":["Vesti"],"inLanguage":"sr-LT"},{"@type":"WebPage","@id":"https:\/\/royalfamily.org\/lat\/dobrotvorni-prijem-i-bozicne-pesme-u-belom-dvoru\/","url":"https:\/\/royalfamily.org\/lat\/dobrotvorni-prijem-i-bozicne-pesme-u-belom-dvoru\/","name":"DOBROTVORNI PRIJEM I BO\u017dI\u0106NE PESME U BELOM DVORU - The Royal Family of Serbia","isPartOf":{"@id":"https:\/\/royalfamily.org\/#website"},"primaryImageOfPage":{"@id":"https:\/\/royalfamily.org\/lat\/dobrotvorni-prijem-i-bozicne-pesme-u-belom-dvoru\/#primaryimage"},"image":{"@id":"https:\/\/royalfamily.org\/lat\/dobrotvorni-prijem-i-bozicne-pesme-u-belom-dvoru\/#primaryimage"},"thumbnailUrl":"https:\/\/royalfamily.org\/wp-content\/uploads\/2022\/12\/COVER-British-Serbian-Chamber-PA.jpg","datePublished":"2022-12-22T14:04:44+00:00","dateModified":"2022-12-22T14:04:46+00:00","breadcrumb":{"@id":"https:\/\/royalfamily.org\/lat\/dobrotvorni-prijem-i-bozicne-pesme-u-belom-dvoru\/#breadcrumb"},"inLanguage":"sr-LT","potentialAction":[{"@type":"ReadAction","target":["https:\/\/royalfamily.org\/lat\/dobrotvorni-prijem-i-bozicne-pesme-u-belom-dvoru\/"]}]},{"@type":"ImageObject","inLanguage":"sr-LT","@id":"https:\/\/royalfamily.org\/lat\/dobrotvorni-prijem-i-bozicne-pesme-u-belom-dvoru\/#primaryimage","url":"https:\/\/royalfamily.org\/wp-content\/uploads\/2022\/12\/COVER-British-Serbian-Chamber-PA.jpg","contentUrl":"https:\/\/royalfamily.org\/wp-content\/uploads\/2022\/12\/COVER-British-Serbian-Chamber-PA.jpg","width":740,"height":360,"caption":"DOBROTVORNI PRIJEM I BO\u017dI\u0106NE PESME U BELOM DVORU"},{"@type":"BreadcrumbList","@id":"https:\/\/royalfamily.org\/lat\/dobrotvorni-prijem-i-bozicne-pesme-u-belom-dvoru\/#breadcrumb","itemListElement":[{"@type":"ListItem","position":1,"name":"Home","item":"https:\/\/royalfamily.org\/lat\/"},{"@type":"ListItem","position":2,"name":"DOBROTVORNI PRIJEM I BO\u017dI\u0106NE PESME U BELOM DVORU"}]},{"@type":"WebSite","@id":"https:\/\/royalfamily.org\/#website","url":"https:\/\/royalfamily.org\/","name":"The Royal Family of Serbia","description":"From the people, for the people","publisher":{"@id":"https:\/\/royalfamily.org\/#organization"},"potentialAction":[{"@type":"SearchAction","target":{"@type":"EntryPoint","urlTemplate":"https:\/\/royalfamily.org\/?s={search_term_string}"},"query-input":{"@type":"PropertyValueSpecification","valueRequired":true,"valueName":"search_term_string"}}],"inLanguage":"sr-LT"},{"@type":"Organization","@id":"https:\/\/royalfamily.org\/#organization","name":"Royal Family","url":"https:\/\/royalfamily.org\/","logo":{"@type":"ImageObject","inLanguage":"sr-LT","@id":"https:\/\/royalfamily.org\/#\/schema\/logo\/image\/","url":"https:\/\/royalfamily.org\/wp-content\/uploads\/2019\/04\/logo-vector-02-V-latinica.png","contentUrl":"https:\/\/royalfamily.org\/wp-content\/uploads\/2019\/04\/logo-vector-02-V-latinica.png","width":552,"height":99,"caption":"Royal Family"},"image":{"@id":"https:\/\/royalfamily.org\/#\/schema\/logo\/image\/"},"sameAs":["https:\/\/www.facebook.com\/Prestolonaslednik.Aleksandar"]},{"@type":"Person","@id":"https:\/\/royalfamily.org\/#\/schema\/person\/4ad3296a6a8a35eed333b6a785e9f648","name":"Stefan Milanovic","image":{"@type":"ImageObject","inLanguage":"sr-LT","@id":"https:\/\/secure.gravatar.com\/avatar\/92dcbdcf3e32112a9ceb1e41665b1f44c69382d014cacfe12c701f6af7c40259?s=96&d=mm&r=g","url":"https:\/\/secure.gravatar.com\/avatar\/92dcbdcf3e32112a9ceb1e41665b1f44c69382d014cacfe12c701f6af7c40259?s=96&d=mm&r=g","contentUrl":"https:\/\/secure.gravatar.com\/avatar\/92dcbdcf3e32112a9ceb1e41665b1f44c69382d014cacfe12c701f6af7c40259?s=96&d=mm&r=g","caption":"Stefan Milanovic"}}]}},"_links":{"self":[{"href":"https:\/\/royalfamily.org\/lat\/wp-json\/wp\/v2\/posts\/84584","targetHints":{"allow":["GET"]}}],"collection":[{"href":"https:\/\/royalfamily.org\/lat\/wp-json\/wp\/v2\/posts"}],"about":[{"href":"https:\/\/royalfamily.org\/lat\/wp-json\/wp\/v2\/types\/post"}],"author":[{"embeddable":true,"href":"https:\/\/royalfamily.org\/lat\/wp-json\/wp\/v2\/users\/1001015"}],"replies":[{"embeddable":true,"href":"https:\/\/royalfamily.org\/lat\/wp-json\/wp\/v2\/comments?post=84584"}],"version-history":[{"count":1,"href":"https:\/\/royalfamily.org\/lat\/wp-json\/wp\/v2\/posts\/84584\/revisions"}],"predecessor-version":[{"id":84585,"href":"https:\/\/royalfamily.org\/lat\/wp-json\/wp\/v2\/posts\/84584\/revisions\/84585"}],"wp:featuredmedia":[{"embeddable":true,"href":"https:\/\/royalfamily.org\/lat\/wp-json\/wp\/v2\/media\/84581"}],"wp:attachment":[{"href":"https:\/\/royalfamily.org\/lat\/wp-json\/wp\/v2\/media?parent=84584"}],"wp:term":[{"taxonomy":"category","embeddable":true,"href":"https:\/\/royalfamily.org\/lat\/wp-json\/wp\/v2\/categories?post=84584"},{"taxonomy":"post_tag","embeddable":true,"href":"https:\/\/royalfamily.org\/lat\/wp-json\/wp\/v2\/tags?post=84584"}],"curies":[{"name":"wp","href":"https:\/\/api.w.org\/{rel}","templated":true}]}}