{"id":85005,"date":"2023-02-15T18:04:38","date_gmt":"2023-02-15T17:04:38","guid":{"rendered":"https:\/\/royalfamily.org\/?p=85005"},"modified":"2023-02-15T18:04:39","modified_gmt":"2023-02-15T17:04:39","slug":"prestolonaslednikovi-izaslanici-na-obelezavanju-dana-drzavnosti-srbije-na-oplencu","status":"publish","type":"post","link":"https:\/\/royalfamily.org\/lat\/prestolonaslednikovi-izaslanici-na-obelezavanju-dana-drzavnosti-srbije-na-oplencu\/","title":{"rendered":"PRESTOLONASLEDNIKOVI IZASLANICI NA OBELE\u017dAVANjU DANA DR\u017dAVNOSTI SRBIJE NA OPLENCU"},"content":{"rendered":"<p><div class=\"fusion-fullwidth fullwidth-box fusion-builder-row-1 fusion-flex-container has-pattern-background has-mask-background nonhundred-percent-fullwidth non-hundred-percent-height-scrolling\" style=\"--awb-border-radius-top-left:0px;--awb-border-radius-top-right:0px;--awb-border-radius-bottom-right:0px;--awb-border-radius-bottom-left:0px;--awb-flex-wrap:wrap;\" ><div class=\"fusion-builder-row fusion-row fusion-flex-align-items-flex-start fusion-flex-content-wrap\" style=\"max-width:1227.2px;margin-left: calc(-4% \/ 2 );margin-right: calc(-4% \/ 2 );\"><div class=\"fusion-layout-column fusion_builder_column fusion-builder-column-0 fusion_builder_column_1_1 1_1 fusion-flex-column\" style=\"--awb-bg-size:cover;--awb-width-large:100%;--awb-margin-top-large:0px;--awb-spacing-right-large:1.92%;--awb-margin-bottom-large:20px;--awb-spacing-left-large:1.92%;--awb-width-medium:100%;--awb-order-medium:0;--awb-spacing-right-medium:1.92%;--awb-spacing-left-medium:1.92%;--awb-width-small:100%;--awb-order-small:0;--awb-spacing-right-small:1.92%;--awb-spacing-left-small:1.92%;\"><div class=\"fusion-column-wrapper fusion-column-has-shadow fusion-flex-justify-content-flex-start fusion-content-layout-column\"><div class=\"fusion-text fusion-text-1\"><p>U okviru zvani\u010dne sve\u010danosti obele\u017eavanja Dana dr\u017eavnosti Srbije, izaslanici Nj.K.V. Prestolonaslednika Aleksandra, g-din Zoran \u017divanovi\u0107 i g-din Predrag Markovi\u0107, \u010dlanovi Krunskog saveta, polo\u017eili su venac na grob osniva\u010da dinastije Kara\u0111or\u0111evi\u0107 i Vrhovnog Vo\u017eda Prvog srpskog ustanka \u0110or\u0111a Petrovi\u0107a Kara\u0111or\u0111a u crkvi Svetog \u0110or\u0111a na Oplencu.<\/p>\n<p>Nj.K.V. Prestolonaslednik Aleksandar nije bio u mogu\u0107nosti da li\u010dno prisustvuje sve\u010danosti na Oplencu, zbog ranije ugovorenih obaveza u inostranstvu. Pomen koji je prethodio sve\u010danosti slu\u017eio je Njegovo Preosve\u0161tenstvo Episkop \u0161umadijski G. Jovan. Uz gospodu Markovi\u0107a i \u017divanovi\u0107a, g. Dragomir Acovi\u0107, \u010dlan \u041arunskog ve\u0107a je tako\u0111e prisustvovao sve\u010danosti. Nakon bogoslu\u017eenja, vence su na Kara\u0111or\u0111ev grob polo\u017eili i: Nj.K.V. Princ Mihailo Kara\u0111or\u0111evi\u0107, predsednici Vlada Srbije i Republike Srpske, NJ.E. g-\u0111a Ana Brnabi\u0107 i NJ.E. g-din Radovan Vi\u0161kovi\u0107, Nj.E. g-din Nikola Selakovi\u0107, ministar za rad, zapo\u0161ljavanje, bora\u010dka i socijalna pitanja Srbije, predstavnici Vojske Srbije, g-din Milo\u0161 Pavkovi\u0107, predsednik Udru\u017eenja Kraljevina Srbija, koje je pod pokroviteljstvom Prestolonaslednika, predstavnici Op\u0161tine Topola, Zadu\u017ebine Kralja Petra I na Oplencu kao i mnoga druga udru\u017eenja i gra\u0111ani koji su se okupili da obele\u017ee ovaj veoma zna\u010dajan dan za na\u0161u zemlju.<\/p>\n<p>\u201ePovodom Dana dr\u017eavnosti na\u0161e otad\u017ebine, svim gra\u0111anima Srbije upu\u0107ujem srda\u010dne \u010destitke i najlep\u0161e \u017eelje! Ovo je dan kada treba da se ponosimo zaostav\u0161tinom na\u0161ih predaka, oslobodila\u010dkim i progresivnim duhom na\u0161eg naroda, koji nas vodi i u sada\u0161njosti, ali i ka budu\u0107nosti.<\/p>\n<p>To nasle\u0111e nas i obavezuje, ono nosi veliku odgovornost. Obavezuje nas da budemo dostojni potomci, oni koji \u0107e nastaviti uzvi\u0161eno i plemenito delo razvoja i unapre\u0111enja dr\u017eavnosti, kako bismo onima koji \u0107e do\u0107i posle nas, na\u0161oj deci, ostavili jaku i stabilnu zemlju. Moramo da ih tome nau\u010dimo sopstvenim primerom, da celim srcem vole svoju zemlju i svoj narod i da nikada ne \u010dine ni\u0161ta \u0161to bi osramotilo njihovo dobro ime.<\/p>\n<p>Pesnici bi rekli da mi i vreme u kome \u017eivimo nisu ni\u0161ta drugo do \u201ezrno u beskona\u010dnosti\u201c. Ali, \u010dak i iz najmanjeg zrna mo\u017ee da nikne bogat plod. I najmanje zrno ostavlja trag svog postojanja, a mi moramo biti sigurni da su tragovi koje ostavljamo plemeniti i dostojni i biti svesni toga da samo ujedinjeni smo dovoljno jaki da i sami stvorimo nasle\u0111e vredno pam\u0107enja.<\/p>\n<p>Se\u0107aju\u0107i se Sretenja Gospodnjeg 1804. godine i sa \u017eeljom da ovaj dan uvek slavimo kao ponosni gra\u0111ani Srbije, ujedinjeni u ljubavi prema svom narodu i svojoj zemlji, \u010destitam ovaj veliki praznik, \u017eele\u0107i svima nama i na\u0161oj zemlji svaki uspeh i napredak. \u017divela Srbija!\u201c, izjavio je Nj.K.V. Prestolonaslednik Aleksandar.<\/p>\n<\/div><\/div><\/div><\/div><\/div><div class=\"fusion-fullwidth fullwidth-box fusion-builder-row-2 fusion-flex-container has-pattern-background has-mask-background nonhundred-percent-fullwidth non-hundred-percent-height-scrolling\" style=\"--awb-border-radius-top-left:0px;--awb-border-radius-top-right:0px;--awb-border-radius-bottom-right:0px;--awb-border-radius-bottom-left:0px;--awb-flex-wrap:wrap;\" ><div class=\"fusion-builder-row fusion-row fusion-flex-align-items-flex-start fusion-flex-content-wrap\" style=\"max-width:1227.2px;margin-left: calc(-4% \/ 2 );margin-right: calc(-4% \/ 2 );\"><div class=\"fusion-layout-column fusion_builder_column fusion-builder-column-1 fusion_builder_column_1_1 1_1 fusion-flex-column\" style=\"--awb-bg-size:cover;--awb-width-large:100%;--awb-margin-top-large:0px;--awb-spacing-right-large:1.92%;--awb-margin-bottom-large:20px;--awb-spacing-left-large:1.92%;--awb-width-medium:100%;--awb-order-medium:0;--awb-spacing-right-medium:1.92%;--awb-spacing-left-medium:1.92%;--awb-width-small:100%;--awb-order-small:0;--awb-spacing-right-small:1.92%;--awb-spacing-left-small:1.92%;\"><div class=\"fusion-column-wrapper fusion-column-has-shadow fusion-flex-justify-content-flex-start fusion-content-layout-column\"><div class=\"awb-gallery-wrapper awb-gallery-wrapper-1 button-span-no\" style=\"--more-btn-alignment:center;\" data-limit=\"20\" data-page=\"1\"><div style=\"margin:-5px;--awb-bordersize:0px;\" class=\"fusion-gallery fusion-gallery-container fusion-grid-3 fusion-columns-total-6 fusion-gallery-layout-grid fusion-gallery-1\"><div style=\"padding:5px;\" class=\"fusion-grid-column fusion-gallery-column fusion-gallery-column-3 hover-type-none\"><div class=\"fusion-gallery-image\"><a href=\"https:\/\/royalfamily.org\/wp-content\/uploads\/2023\/02\/1-IMG_2782.jpg\" data-caption=\"PRESTOLONASLEDNIKOVI IZASLANICI NA OBELE\u017dAVANjU DANA DR\u017dAVNOSTI SRBIJE NA OPLENCU\" rel=\"noreferrer\" data-rel=\"iLightbox[gallery_image_1]\" class=\"fusion-lightbox\" target=\"_self\"><img decoding=\"async\" src=\"https:\/\/royalfamily.org\/wp-content\/uploads\/2023\/02\/1-IMG_2782.jpg\" width=\"1800\" height=\"1350\" alt=\"PRESTOLONASLEDNIKOVI IZASLANICI NA OBELE\u017dAVANjU DANA DR\u017dAVNOSTI SRBIJE NA OPLENCU\" title=\"PRESTOLONASLEDNIKOVI IZASLANICI NA OBELE\u017dAVANjU DANA DR\u017dAVNOSTI SRBIJE NA OPLENCU\" aria-label=\"PRESTOLONASLEDNIKOVI IZASLANICI NA OBELE\u017dAVANjU DANA DR\u017dAVNOSTI SRBIJE NA OPLENCU\" class=\"img-responsive wp-image-84984\" srcset=\"https:\/\/royalfamily.org\/wp-content\/uploads\/2023\/02\/1-IMG_2782-200x150.jpg 200w, https:\/\/royalfamily.org\/wp-content\/uploads\/2023\/02\/1-IMG_2782-400x300.jpg 400w, https:\/\/royalfamily.org\/wp-content\/uploads\/2023\/02\/1-IMG_2782-600x450.jpg 600w, https:\/\/royalfamily.org\/wp-content\/uploads\/2023\/02\/1-IMG_2782-800x600.jpg 800w, https:\/\/royalfamily.org\/wp-content\/uploads\/2023\/02\/1-IMG_2782-1200x900.jpg 1200w, https:\/\/royalfamily.org\/wp-content\/uploads\/2023\/02\/1-IMG_2782.jpg 1800w\" sizes=\"(min-width: 2200px) 100vw, (min-width: 824px) 390px, (min-width: 732px) 585px, (min-width: 640px) 732px, \" \/><\/a><\/div><\/div><div style=\"padding:5px;\" class=\"fusion-grid-column fusion-gallery-column fusion-gallery-column-3 hover-type-none\"><div class=\"fusion-gallery-image\"><a href=\"https:\/\/royalfamily.org\/wp-content\/uploads\/2023\/02\/2-IMG_2737.jpg\" data-caption=\"PRESTOLONASLEDNIKOVI IZASLANICI NA OBELE\u017dAVANjU DANA DR\u017dAVNOSTI SRBIJE NA OPLENCU\" rel=\"noreferrer\" data-rel=\"iLightbox[gallery_image_1]\" class=\"fusion-lightbox\" target=\"_self\"><img decoding=\"async\" src=\"https:\/\/royalfamily.org\/wp-content\/uploads\/2023\/02\/2-IMG_2737.jpg\" width=\"1800\" height=\"1350\" alt=\"PRESTOLONASLEDNIKOVI IZASLANICI NA OBELE\u017dAVANjU DANA DR\u017dAVNOSTI SRBIJE NA OPLENCU\" title=\"PRESTOLONASLEDNIKOVI IZASLANICI NA OBELE\u017dAVANjU DANA DR\u017dAVNOSTI SRBIJE NA OPLENCU\" aria-label=\"PRESTOLONASLEDNIKOVI IZASLANICI NA OBELE\u017dAVANjU DANA DR\u017dAVNOSTI SRBIJE NA OPLENCU\" class=\"img-responsive wp-image-84987\" srcset=\"https:\/\/royalfamily.org\/wp-content\/uploads\/2023\/02\/2-IMG_2737-200x150.jpg 200w, https:\/\/royalfamily.org\/wp-content\/uploads\/2023\/02\/2-IMG_2737-400x300.jpg 400w, https:\/\/royalfamily.org\/wp-content\/uploads\/2023\/02\/2-IMG_2737-600x450.jpg 600w, https:\/\/royalfamily.org\/wp-content\/uploads\/2023\/02\/2-IMG_2737-800x600.jpg 800w, https:\/\/royalfamily.org\/wp-content\/uploads\/2023\/02\/2-IMG_2737-1200x900.jpg 1200w, https:\/\/royalfamily.org\/wp-content\/uploads\/2023\/02\/2-IMG_2737.jpg 1800w\" sizes=\"(min-width: 2200px) 100vw, (min-width: 824px) 390px, (min-width: 732px) 585px, (min-width: 640px) 732px, \" \/><\/a><\/div><\/div><div style=\"padding:5px;\" class=\"fusion-grid-column fusion-gallery-column fusion-gallery-column-3 hover-type-none\"><div class=\"fusion-gallery-image\"><a href=\"https:\/\/royalfamily.org\/wp-content\/uploads\/2023\/02\/3-IMG_2752.jpg\" data-caption=\"PRESTOLONASLEDNIKOVI IZASLANICI NA OBELE\u017dAVANjU DANA DR\u017dAVNOSTI SRBIJE NA OPLENCU\" rel=\"noreferrer\" data-rel=\"iLightbox[gallery_image_1]\" class=\"fusion-lightbox\" target=\"_self\"><img decoding=\"async\" src=\"https:\/\/royalfamily.org\/wp-content\/uploads\/2023\/02\/3-IMG_2752.jpg\" width=\"1800\" height=\"1350\" alt=\"PRESTOLONASLEDNIKOVI IZASLANICI NA OBELE\u017dAVANjU DANA DR\u017dAVNOSTI SRBIJE NA OPLENCU\" title=\"PRESTOLONASLEDNIKOVI IZASLANICI NA OBELE\u017dAVANjU DANA DR\u017dAVNOSTI SRBIJE NA OPLENCU\" aria-label=\"PRESTOLONASLEDNIKOVI IZASLANICI NA OBELE\u017dAVANjU DANA DR\u017dAVNOSTI SRBIJE NA OPLENCU\" class=\"img-responsive wp-image-84990\" srcset=\"https:\/\/royalfamily.org\/wp-content\/uploads\/2023\/02\/3-IMG_2752-200x150.jpg 200w, https:\/\/royalfamily.org\/wp-content\/uploads\/2023\/02\/3-IMG_2752-400x300.jpg 400w, https:\/\/royalfamily.org\/wp-content\/uploads\/2023\/02\/3-IMG_2752-600x450.jpg 600w, https:\/\/royalfamily.org\/wp-content\/uploads\/2023\/02\/3-IMG_2752-800x600.jpg 800w, https:\/\/royalfamily.org\/wp-content\/uploads\/2023\/02\/3-IMG_2752-1200x900.jpg 1200w, https:\/\/royalfamily.org\/wp-content\/uploads\/2023\/02\/3-IMG_2752.jpg 1800w\" sizes=\"(min-width: 2200px) 100vw, (min-width: 824px) 390px, (min-width: 732px) 585px, (min-width: 640px) 732px, \" \/><\/a><\/div><\/div><div class=\"clearfix\"><\/div><div style=\"padding:5px;\" class=\"fusion-grid-column fusion-gallery-column fusion-gallery-column-3 hover-type-none\"><div class=\"fusion-gallery-image\"><a href=\"https:\/\/royalfamily.org\/wp-content\/uploads\/2023\/02\/4-IMG_2819.jpg\" data-caption=\"PRESTOLONASLEDNIKOVI IZASLANICI NA OBELE\u017dAVANjU DANA DR\u017dAVNOSTI SRBIJE NA OPLENCU\" rel=\"noreferrer\" data-rel=\"iLightbox[gallery_image_1]\" class=\"fusion-lightbox\" target=\"_self\"><img decoding=\"async\" src=\"https:\/\/royalfamily.org\/wp-content\/uploads\/2023\/02\/4-IMG_2819.jpg\" width=\"1800\" height=\"1350\" alt=\"PRESTOLONASLEDNIKOVI IZASLANICI NA OBELE\u017dAVANjU DANA DR\u017dAVNOSTI SRBIJE NA OPLENCU\" title=\"PRESTOLONASLEDNIKOVI IZASLANICI NA OBELE\u017dAVANjU DANA DR\u017dAVNOSTI SRBIJE NA OPLENCU\" aria-label=\"PRESTOLONASLEDNIKOVI IZASLANICI NA OBELE\u017dAVANjU DANA DR\u017dAVNOSTI SRBIJE NA OPLENCU\" class=\"img-responsive wp-image-84993\" srcset=\"https:\/\/royalfamily.org\/wp-content\/uploads\/2023\/02\/4-IMG_2819-200x150.jpg 200w, https:\/\/royalfamily.org\/wp-content\/uploads\/2023\/02\/4-IMG_2819-400x300.jpg 400w, https:\/\/royalfamily.org\/wp-content\/uploads\/2023\/02\/4-IMG_2819-600x450.jpg 600w, https:\/\/royalfamily.org\/wp-content\/uploads\/2023\/02\/4-IMG_2819-800x600.jpg 800w, https:\/\/royalfamily.org\/wp-content\/uploads\/2023\/02\/4-IMG_2819-1200x900.jpg 1200w, https:\/\/royalfamily.org\/wp-content\/uploads\/2023\/02\/4-IMG_2819.jpg 1800w\" sizes=\"(min-width: 2200px) 100vw, (min-width: 824px) 390px, (min-width: 732px) 585px, (min-width: 640px) 732px, \" \/><\/a><\/div><\/div><div style=\"padding:5px;\" class=\"fusion-grid-column fusion-gallery-column fusion-gallery-column-3 hover-type-none\"><div class=\"fusion-gallery-image\"><a href=\"https:\/\/royalfamily.org\/wp-content\/uploads\/2023\/02\/5-IMG_2821.jpg\" data-caption=\"PRESTOLONASLEDNIKOVI IZASLANICI NA OBELE\u017dAVANjU DANA DR\u017dAVNOSTI SRBIJE NA OPLENCU\" rel=\"noreferrer\" data-rel=\"iLightbox[gallery_image_1]\" class=\"fusion-lightbox\" target=\"_self\"><img decoding=\"async\" src=\"https:\/\/royalfamily.org\/wp-content\/uploads\/2023\/02\/5-IMG_2821.jpg\" width=\"1800\" height=\"1350\" alt=\"PRESTOLONASLEDNIKOVI IZASLANICI NA OBELE\u017dAVANjU DANA DR\u017dAVNOSTI SRBIJE NA OPLENCU\" title=\"PRESTOLONASLEDNIKOVI IZASLANICI NA OBELE\u017dAVANjU DANA DR\u017dAVNOSTI SRBIJE NA OPLENCU\" aria-label=\"PRESTOLONASLEDNIKOVI IZASLANICI NA OBELE\u017dAVANjU DANA DR\u017dAVNOSTI SRBIJE NA OPLENCU\" class=\"img-responsive wp-image-84996\" srcset=\"https:\/\/royalfamily.org\/wp-content\/uploads\/2023\/02\/5-IMG_2821-200x150.jpg 200w, https:\/\/royalfamily.org\/wp-content\/uploads\/2023\/02\/5-IMG_2821-400x300.jpg 400w, https:\/\/royalfamily.org\/wp-content\/uploads\/2023\/02\/5-IMG_2821-600x450.jpg 600w, https:\/\/royalfamily.org\/wp-content\/uploads\/2023\/02\/5-IMG_2821-800x600.jpg 800w, https:\/\/royalfamily.org\/wp-content\/uploads\/2023\/02\/5-IMG_2821-1200x900.jpg 1200w, https:\/\/royalfamily.org\/wp-content\/uploads\/2023\/02\/5-IMG_2821.jpg 1800w\" sizes=\"(min-width: 2200px) 100vw, (min-width: 824px) 390px, (min-width: 732px) 585px, (min-width: 640px) 732px, \" \/><\/a><\/div><\/div><div style=\"padding:5px;\" class=\"fusion-grid-column fusion-gallery-column fusion-gallery-column-3 hover-type-none\"><div class=\"fusion-gallery-image\"><a href=\"https:\/\/royalfamily.org\/wp-content\/uploads\/2023\/02\/6-IMG_2738.jpg\" data-caption=\"PRESTOLONASLEDNIKOVI IZASLANICI NA OBELE\u017dAVANjU DANA DR\u017dAVNOSTI SRBIJE NA OPLENCU\" rel=\"noreferrer\" data-rel=\"iLightbox[gallery_image_1]\" class=\"fusion-lightbox\" target=\"_self\"><img decoding=\"async\" src=\"https:\/\/royalfamily.org\/wp-content\/uploads\/2023\/02\/6-IMG_2738.jpg\" width=\"1800\" height=\"1350\" alt=\"PRESTOLONASLEDNIKOVI IZASLANICI NA OBELE\u017dAVANjU DANA DR\u017dAVNOSTI SRBIJE NA OPLENCU\" title=\"PRESTOLONASLEDNIKOVI IZASLANICI NA OBELE\u017dAVANjU DANA DR\u017dAVNOSTI SRBIJE NA OPLENCU\" aria-label=\"PRESTOLONASLEDNIKOVI IZASLANICI NA OBELE\u017dAVANjU DANA DR\u017dAVNOSTI SRBIJE NA OPLENCU\" class=\"img-responsive wp-image-84999\" srcset=\"https:\/\/royalfamily.org\/wp-content\/uploads\/2023\/02\/6-IMG_2738-200x150.jpg 200w, https:\/\/royalfamily.org\/wp-content\/uploads\/2023\/02\/6-IMG_2738-400x300.jpg 400w, https:\/\/royalfamily.org\/wp-content\/uploads\/2023\/02\/6-IMG_2738-600x450.jpg 600w, https:\/\/royalfamily.org\/wp-content\/uploads\/2023\/02\/6-IMG_2738-800x600.jpg 800w, https:\/\/royalfamily.org\/wp-content\/uploads\/2023\/02\/6-IMG_2738-1200x900.jpg 1200w, https:\/\/royalfamily.org\/wp-content\/uploads\/2023\/02\/6-IMG_2738.jpg 1800w\" sizes=\"(min-width: 2200px) 100vw, (min-width: 824px) 390px, (min-width: 732px) 585px, (min-width: 640px) 732px, \" \/><\/a><\/div><\/div><div class=\"clearfix\"><\/div><\/div><\/div><\/div><\/div><\/div><\/div><\/p>\n","protected":false},"excerpt":{"rendered":"","protected":false},"author":1001015,"featured_media":85002,"comment_status":"closed","ping_status":"closed","sticky":false,"template":"","format":"standard","meta":{"_acf_changed":false,"footnotes":""},"categories":[22],"tags":[],"class_list":["post-85005","post","type-post","status-publish","format-standard","has-post-thumbnail","hentry","category-vesti"],"acf":[],"yoast_head":"<!-- This site is optimized with the Yoast SEO Premium plugin v27.4 (Yoast SEO v27.4) - https:\/\/yoast.com\/product\/yoast-seo-premium-wordpress\/ -->\n<title>PRESTOLONASLEDNIKOVI IZASLANICI NA OBELE\u017dAVANjU DANA DR\u017dAVNOSTI SRBIJE NA OPLENCU - The Royal Family of Serbia<\/title>\n<meta name=\"robots\" content=\"index, follow, max-snippet:-1, max-image-preview:large, max-video-preview:-1\" \/>\n<link rel=\"canonical\" href=\"https:\/\/royalfamily.org\/lat\/prestolonaslednikovi-izaslanici-na-obelezavanju-dana-drzavnosti-srbije-na-oplencu\/\" \/>\n<meta property=\"og:locale\" content=\"en_US\" \/>\n<meta property=\"og:type\" content=\"article\" \/>\n<meta property=\"og:title\" content=\"PRESTOLONASLEDNIKOVI IZASLANICI NA OBELE\u017dAVANjU DANA DR\u017dAVNOSTI SRBIJE NA OPLENCU\" \/>\n<meta property=\"og:url\" content=\"https:\/\/royalfamily.org\/lat\/prestolonaslednikovi-izaslanici-na-obelezavanju-dana-drzavnosti-srbije-na-oplencu\/\" \/>\n<meta property=\"og:site_name\" content=\"The Royal Family of Serbia\" \/>\n<meta property=\"article:publisher\" content=\"https:\/\/www.facebook.com\/Prestolonaslednik.Aleksandar\" \/>\n<meta property=\"article:published_time\" content=\"2023-02-15T17:04:38+00:00\" \/>\n<meta property=\"article:modified_time\" content=\"2023-02-15T17:04:39+00:00\" \/>\n<meta property=\"og:image\" content=\"https:\/\/royalfamily.org\/wp-content\/uploads\/2023\/02\/COVER.jpg\" \/>\n\t<meta property=\"og:image:width\" content=\"740\" \/>\n\t<meta property=\"og:image:height\" content=\"360\" \/>\n\t<meta property=\"og:image:type\" content=\"image\/jpeg\" \/>\n<meta name=\"author\" content=\"Stefan Milanovic\" \/>\n<meta name=\"twitter:card\" content=\"summary_large_image\" \/>\n<meta name=\"twitter:label1\" content=\"Written by\" \/>\n\t<meta name=\"twitter:data1\" content=\"Stefan Milanovic\" \/>\n<script type=\"application\/ld+json\" class=\"yoast-schema-graph\">{\"@context\":\"https:\\\/\\\/schema.org\",\"@graph\":[{\"@type\":\"Article\",\"@id\":\"https:\\\/\\\/royalfamily.org\\\/lat\\\/prestolonaslednikovi-izaslanici-na-obelezavanju-dana-drzavnosti-srbije-na-oplencu\\\/#article\",\"isPartOf\":{\"@id\":\"https:\\\/\\\/royalfamily.org\\\/lat\\\/prestolonaslednikovi-izaslanici-na-obelezavanju-dana-drzavnosti-srbije-na-oplencu\\\/\"},\"author\":{\"name\":\"Stefan Milanovic\",\"@id\":\"https:\\\/\\\/royalfamily.org\\\/#\\\/schema\\\/person\\\/4ad3296a6a8a35eed333b6a785e9f648\"},\"headline\":\"PRESTOLONASLEDNIKOVI IZASLANICI NA OBELE\u017dAVANjU DANA DR\u017dAVNOSTI SRBIJE NA OPLENCU\",\"datePublished\":\"2023-02-15T17:04:38+00:00\",\"dateModified\":\"2023-02-15T17:04:39+00:00\",\"mainEntityOfPage\":{\"@id\":\"https:\\\/\\\/royalfamily.org\\\/lat\\\/prestolonaslednikovi-izaslanici-na-obelezavanju-dana-drzavnosti-srbije-na-oplencu\\\/\"},\"wordCount\":2373,\"publisher\":{\"@id\":\"https:\\\/\\\/royalfamily.org\\\/#organization\"},\"image\":{\"@id\":\"https:\\\/\\\/royalfamily.org\\\/lat\\\/prestolonaslednikovi-izaslanici-na-obelezavanju-dana-drzavnosti-srbije-na-oplencu\\\/#primaryimage\"},\"thumbnailUrl\":\"https:\\\/\\\/royalfamily.org\\\/wp-content\\\/uploads\\\/2023\\\/02\\\/COVER.jpg\",\"articleSection\":[\"Vesti\"],\"inLanguage\":\"sr-LT\"},{\"@type\":\"WebPage\",\"@id\":\"https:\\\/\\\/royalfamily.org\\\/lat\\\/prestolonaslednikovi-izaslanici-na-obelezavanju-dana-drzavnosti-srbije-na-oplencu\\\/\",\"url\":\"https:\\\/\\\/royalfamily.org\\\/lat\\\/prestolonaslednikovi-izaslanici-na-obelezavanju-dana-drzavnosti-srbije-na-oplencu\\\/\",\"name\":\"PRESTOLONASLEDNIKOVI IZASLANICI NA OBELE\u017dAVANjU DANA DR\u017dAVNOSTI SRBIJE NA OPLENCU - The Royal Family of Serbia\",\"isPartOf\":{\"@id\":\"https:\\\/\\\/royalfamily.org\\\/#website\"},\"primaryImageOfPage\":{\"@id\":\"https:\\\/\\\/royalfamily.org\\\/lat\\\/prestolonaslednikovi-izaslanici-na-obelezavanju-dana-drzavnosti-srbije-na-oplencu\\\/#primaryimage\"},\"image\":{\"@id\":\"https:\\\/\\\/royalfamily.org\\\/lat\\\/prestolonaslednikovi-izaslanici-na-obelezavanju-dana-drzavnosti-srbije-na-oplencu\\\/#primaryimage\"},\"thumbnailUrl\":\"https:\\\/\\\/royalfamily.org\\\/wp-content\\\/uploads\\\/2023\\\/02\\\/COVER.jpg\",\"datePublished\":\"2023-02-15T17:04:38+00:00\",\"dateModified\":\"2023-02-15T17:04:39+00:00\",\"breadcrumb\":{\"@id\":\"https:\\\/\\\/royalfamily.org\\\/lat\\\/prestolonaslednikovi-izaslanici-na-obelezavanju-dana-drzavnosti-srbije-na-oplencu\\\/#breadcrumb\"},\"inLanguage\":\"sr-LT\",\"potentialAction\":[{\"@type\":\"ReadAction\",\"target\":[\"https:\\\/\\\/royalfamily.org\\\/lat\\\/prestolonaslednikovi-izaslanici-na-obelezavanju-dana-drzavnosti-srbije-na-oplencu\\\/\"]}]},{\"@type\":\"ImageObject\",\"inLanguage\":\"sr-LT\",\"@id\":\"https:\\\/\\\/royalfamily.org\\\/lat\\\/prestolonaslednikovi-izaslanici-na-obelezavanju-dana-drzavnosti-srbije-na-oplencu\\\/#primaryimage\",\"url\":\"https:\\\/\\\/royalfamily.org\\\/wp-content\\\/uploads\\\/2023\\\/02\\\/COVER.jpg\",\"contentUrl\":\"https:\\\/\\\/royalfamily.org\\\/wp-content\\\/uploads\\\/2023\\\/02\\\/COVER.jpg\",\"width\":740,\"height\":360,\"caption\":\"PRESTOLONASLEDNIKOVI IZASLANICI NA OBELE\u017dAVANjU DANA DR\u017dAVNOSTI SRBIJE NA OPLENCU\"},{\"@type\":\"BreadcrumbList\",\"@id\":\"https:\\\/\\\/royalfamily.org\\\/lat\\\/prestolonaslednikovi-izaslanici-na-obelezavanju-dana-drzavnosti-srbije-na-oplencu\\\/#breadcrumb\",\"itemListElement\":[{\"@type\":\"ListItem\",\"position\":1,\"name\":\"Home\",\"item\":\"https:\\\/\\\/royalfamily.org\\\/lat\\\/\"},{\"@type\":\"ListItem\",\"position\":2,\"name\":\"PRESTOLONASLEDNIKOVI IZASLANICI NA OBELE\u017dAVANjU DANA DR\u017dAVNOSTI SRBIJE NA OPLENCU\"}]},{\"@type\":\"WebSite\",\"@id\":\"https:\\\/\\\/royalfamily.org\\\/#website\",\"url\":\"https:\\\/\\\/royalfamily.org\\\/\",\"name\":\"The Royal Family of Serbia\",\"description\":\"From the people, for the people\",\"publisher\":{\"@id\":\"https:\\\/\\\/royalfamily.org\\\/#organization\"},\"potentialAction\":[{\"@type\":\"SearchAction\",\"target\":{\"@type\":\"EntryPoint\",\"urlTemplate\":\"https:\\\/\\\/royalfamily.org\\\/?s={search_term_string}\"},\"query-input\":{\"@type\":\"PropertyValueSpecification\",\"valueRequired\":true,\"valueName\":\"search_term_string\"}}],\"inLanguage\":\"sr-LT\"},{\"@type\":\"Organization\",\"@id\":\"https:\\\/\\\/royalfamily.org\\\/#organization\",\"name\":\"Royal Family\",\"url\":\"https:\\\/\\\/royalfamily.org\\\/\",\"logo\":{\"@type\":\"ImageObject\",\"inLanguage\":\"sr-LT\",\"@id\":\"https:\\\/\\\/royalfamily.org\\\/#\\\/schema\\\/logo\\\/image\\\/\",\"url\":\"https:\\\/\\\/royalfamily.org\\\/wp-content\\\/uploads\\\/2019\\\/04\\\/logo-vector-02-V-latinica.png\",\"contentUrl\":\"https:\\\/\\\/royalfamily.org\\\/wp-content\\\/uploads\\\/2019\\\/04\\\/logo-vector-02-V-latinica.png\",\"width\":552,\"height\":99,\"caption\":\"Royal Family\"},\"image\":{\"@id\":\"https:\\\/\\\/royalfamily.org\\\/#\\\/schema\\\/logo\\\/image\\\/\"},\"sameAs\":[\"https:\\\/\\\/www.facebook.com\\\/Prestolonaslednik.Aleksandar\"]},{\"@type\":\"Person\",\"@id\":\"https:\\\/\\\/royalfamily.org\\\/#\\\/schema\\\/person\\\/4ad3296a6a8a35eed333b6a785e9f648\",\"name\":\"Stefan Milanovic\",\"image\":{\"@type\":\"ImageObject\",\"inLanguage\":\"sr-LT\",\"@id\":\"https:\\\/\\\/secure.gravatar.com\\\/avatar\\\/92dcbdcf3e32112a9ceb1e41665b1f44c69382d014cacfe12c701f6af7c40259?s=96&d=mm&r=g\",\"url\":\"https:\\\/\\\/secure.gravatar.com\\\/avatar\\\/92dcbdcf3e32112a9ceb1e41665b1f44c69382d014cacfe12c701f6af7c40259?s=96&d=mm&r=g\",\"contentUrl\":\"https:\\\/\\\/secure.gravatar.com\\\/avatar\\\/92dcbdcf3e32112a9ceb1e41665b1f44c69382d014cacfe12c701f6af7c40259?s=96&d=mm&r=g\",\"caption\":\"Stefan Milanovic\"}}]}<\/script>\n<!-- \/ Yoast SEO Premium plugin. -->","yoast_head_json":{"title":"PRESTOLONASLEDNIKOVI IZASLANICI NA OBELE\u017dAVANjU DANA DR\u017dAVNOSTI SRBIJE NA OPLENCU - The Royal Family of Serbia","robots":{"index":"index","follow":"follow","max-snippet":"max-snippet:-1","max-image-preview":"max-image-preview:large","max-video-preview":"max-video-preview:-1"},"canonical":"https:\/\/royalfamily.org\/lat\/prestolonaslednikovi-izaslanici-na-obelezavanju-dana-drzavnosti-srbije-na-oplencu\/","og_locale":"en_US","og_type":"article","og_title":"PRESTOLONASLEDNIKOVI IZASLANICI NA OBELE\u017dAVANjU DANA DR\u017dAVNOSTI SRBIJE NA OPLENCU","og_url":"https:\/\/royalfamily.org\/lat\/prestolonaslednikovi-izaslanici-na-obelezavanju-dana-drzavnosti-srbije-na-oplencu\/","og_site_name":"The Royal Family of Serbia","article_publisher":"https:\/\/www.facebook.com\/Prestolonaslednik.Aleksandar","article_published_time":"2023-02-15T17:04:38+00:00","article_modified_time":"2023-02-15T17:04:39+00:00","og_image":[{"width":740,"height":360,"url":"https:\/\/royalfamily.org\/wp-content\/uploads\/2023\/02\/COVER.jpg","type":"image\/jpeg"}],"author":"Stefan Milanovic","twitter_card":"summary_large_image","twitter_misc":{"Written by":"Stefan Milanovic"},"schema":{"@context":"https:\/\/schema.org","@graph":[{"@type":"Article","@id":"https:\/\/royalfamily.org\/lat\/prestolonaslednikovi-izaslanici-na-obelezavanju-dana-drzavnosti-srbije-na-oplencu\/#article","isPartOf":{"@id":"https:\/\/royalfamily.org\/lat\/prestolonaslednikovi-izaslanici-na-obelezavanju-dana-drzavnosti-srbije-na-oplencu\/"},"author":{"name":"Stefan Milanovic","@id":"https:\/\/royalfamily.org\/#\/schema\/person\/4ad3296a6a8a35eed333b6a785e9f648"},"headline":"PRESTOLONASLEDNIKOVI IZASLANICI NA OBELE\u017dAVANjU DANA DR\u017dAVNOSTI SRBIJE NA OPLENCU","datePublished":"2023-02-15T17:04:38+00:00","dateModified":"2023-02-15T17:04:39+00:00","mainEntityOfPage":{"@id":"https:\/\/royalfamily.org\/lat\/prestolonaslednikovi-izaslanici-na-obelezavanju-dana-drzavnosti-srbije-na-oplencu\/"},"wordCount":2373,"publisher":{"@id":"https:\/\/royalfamily.org\/#organization"},"image":{"@id":"https:\/\/royalfamily.org\/lat\/prestolonaslednikovi-izaslanici-na-obelezavanju-dana-drzavnosti-srbije-na-oplencu\/#primaryimage"},"thumbnailUrl":"https:\/\/royalfamily.org\/wp-content\/uploads\/2023\/02\/COVER.jpg","articleSection":["Vesti"],"inLanguage":"sr-LT"},{"@type":"WebPage","@id":"https:\/\/royalfamily.org\/lat\/prestolonaslednikovi-izaslanici-na-obelezavanju-dana-drzavnosti-srbije-na-oplencu\/","url":"https:\/\/royalfamily.org\/lat\/prestolonaslednikovi-izaslanici-na-obelezavanju-dana-drzavnosti-srbije-na-oplencu\/","name":"PRESTOLONASLEDNIKOVI IZASLANICI NA OBELE\u017dAVANjU DANA DR\u017dAVNOSTI SRBIJE NA OPLENCU - The Royal Family of Serbia","isPartOf":{"@id":"https:\/\/royalfamily.org\/#website"},"primaryImageOfPage":{"@id":"https:\/\/royalfamily.org\/lat\/prestolonaslednikovi-izaslanici-na-obelezavanju-dana-drzavnosti-srbije-na-oplencu\/#primaryimage"},"image":{"@id":"https:\/\/royalfamily.org\/lat\/prestolonaslednikovi-izaslanici-na-obelezavanju-dana-drzavnosti-srbije-na-oplencu\/#primaryimage"},"thumbnailUrl":"https:\/\/royalfamily.org\/wp-content\/uploads\/2023\/02\/COVER.jpg","datePublished":"2023-02-15T17:04:38+00:00","dateModified":"2023-02-15T17:04:39+00:00","breadcrumb":{"@id":"https:\/\/royalfamily.org\/lat\/prestolonaslednikovi-izaslanici-na-obelezavanju-dana-drzavnosti-srbije-na-oplencu\/#breadcrumb"},"inLanguage":"sr-LT","potentialAction":[{"@type":"ReadAction","target":["https:\/\/royalfamily.org\/lat\/prestolonaslednikovi-izaslanici-na-obelezavanju-dana-drzavnosti-srbije-na-oplencu\/"]}]},{"@type":"ImageObject","inLanguage":"sr-LT","@id":"https:\/\/royalfamily.org\/lat\/prestolonaslednikovi-izaslanici-na-obelezavanju-dana-drzavnosti-srbije-na-oplencu\/#primaryimage","url":"https:\/\/royalfamily.org\/wp-content\/uploads\/2023\/02\/COVER.jpg","contentUrl":"https:\/\/royalfamily.org\/wp-content\/uploads\/2023\/02\/COVER.jpg","width":740,"height":360,"caption":"PRESTOLONASLEDNIKOVI IZASLANICI NA OBELE\u017dAVANjU DANA DR\u017dAVNOSTI SRBIJE NA OPLENCU"},{"@type":"BreadcrumbList","@id":"https:\/\/royalfamily.org\/lat\/prestolonaslednikovi-izaslanici-na-obelezavanju-dana-drzavnosti-srbije-na-oplencu\/#breadcrumb","itemListElement":[{"@type":"ListItem","position":1,"name":"Home","item":"https:\/\/royalfamily.org\/lat\/"},{"@type":"ListItem","position":2,"name":"PRESTOLONASLEDNIKOVI IZASLANICI NA OBELE\u017dAVANjU DANA DR\u017dAVNOSTI SRBIJE NA OPLENCU"}]},{"@type":"WebSite","@id":"https:\/\/royalfamily.org\/#website","url":"https:\/\/royalfamily.org\/","name":"The Royal Family of Serbia","description":"From the people, for the people","publisher":{"@id":"https:\/\/royalfamily.org\/#organization"},"potentialAction":[{"@type":"SearchAction","target":{"@type":"EntryPoint","urlTemplate":"https:\/\/royalfamily.org\/?s={search_term_string}"},"query-input":{"@type":"PropertyValueSpecification","valueRequired":true,"valueName":"search_term_string"}}],"inLanguage":"sr-LT"},{"@type":"Organization","@id":"https:\/\/royalfamily.org\/#organization","name":"Royal Family","url":"https:\/\/royalfamily.org\/","logo":{"@type":"ImageObject","inLanguage":"sr-LT","@id":"https:\/\/royalfamily.org\/#\/schema\/logo\/image\/","url":"https:\/\/royalfamily.org\/wp-content\/uploads\/2019\/04\/logo-vector-02-V-latinica.png","contentUrl":"https:\/\/royalfamily.org\/wp-content\/uploads\/2019\/04\/logo-vector-02-V-latinica.png","width":552,"height":99,"caption":"Royal Family"},"image":{"@id":"https:\/\/royalfamily.org\/#\/schema\/logo\/image\/"},"sameAs":["https:\/\/www.facebook.com\/Prestolonaslednik.Aleksandar"]},{"@type":"Person","@id":"https:\/\/royalfamily.org\/#\/schema\/person\/4ad3296a6a8a35eed333b6a785e9f648","name":"Stefan Milanovic","image":{"@type":"ImageObject","inLanguage":"sr-LT","@id":"https:\/\/secure.gravatar.com\/avatar\/92dcbdcf3e32112a9ceb1e41665b1f44c69382d014cacfe12c701f6af7c40259?s=96&d=mm&r=g","url":"https:\/\/secure.gravatar.com\/avatar\/92dcbdcf3e32112a9ceb1e41665b1f44c69382d014cacfe12c701f6af7c40259?s=96&d=mm&r=g","contentUrl":"https:\/\/secure.gravatar.com\/avatar\/92dcbdcf3e32112a9ceb1e41665b1f44c69382d014cacfe12c701f6af7c40259?s=96&d=mm&r=g","caption":"Stefan Milanovic"}}]}},"_links":{"self":[{"href":"https:\/\/royalfamily.org\/lat\/wp-json\/wp\/v2\/posts\/85005","targetHints":{"allow":["GET"]}}],"collection":[{"href":"https:\/\/royalfamily.org\/lat\/wp-json\/wp\/v2\/posts"}],"about":[{"href":"https:\/\/royalfamily.org\/lat\/wp-json\/wp\/v2\/types\/post"}],"author":[{"embeddable":true,"href":"https:\/\/royalfamily.org\/lat\/wp-json\/wp\/v2\/users\/1001015"}],"replies":[{"embeddable":true,"href":"https:\/\/royalfamily.org\/lat\/wp-json\/wp\/v2\/comments?post=85005"}],"version-history":[{"count":1,"href":"https:\/\/royalfamily.org\/lat\/wp-json\/wp\/v2\/posts\/85005\/revisions"}],"predecessor-version":[{"id":85006,"href":"https:\/\/royalfamily.org\/lat\/wp-json\/wp\/v2\/posts\/85005\/revisions\/85006"}],"wp:featuredmedia":[{"embeddable":true,"href":"https:\/\/royalfamily.org\/lat\/wp-json\/wp\/v2\/media\/85002"}],"wp:attachment":[{"href":"https:\/\/royalfamily.org\/lat\/wp-json\/wp\/v2\/media?parent=85005"}],"wp:term":[{"taxonomy":"category","embeddable":true,"href":"https:\/\/royalfamily.org\/lat\/wp-json\/wp\/v2\/categories?post=85005"},{"taxonomy":"post_tag","embeddable":true,"href":"https:\/\/royalfamily.org\/lat\/wp-json\/wp\/v2\/tags?post=85005"}],"curies":[{"name":"wp","href":"https:\/\/api.w.org\/{rel}","templated":true}]}}