{"id":85023,"date":"2023-02-22T12:03:43","date_gmt":"2023-02-22T11:03:43","guid":{"rendered":"https:\/\/royalfamily.org\/?p=85023"},"modified":"2023-02-22T12:03:45","modified_gmt":"2023-02-22T11:03:45","slug":"intervju-prestolonaslednika-aleksandra-za-danas-povodom-dana-drzavnosti-srbije","status":"publish","type":"post","link":"https:\/\/royalfamily.org\/lat\/intervju-prestolonaslednika-aleksandra-za-danas-povodom-dana-drzavnosti-srbije\/","title":{"rendered":"INTERVJU PRESTOLONASLEDNIKA ALEKSANDRA ZA DANAS POVODOM DANA DR\u017dAVNOSTI SRBIJE"},"content":{"rendered":"<p><div class=\"fusion-fullwidth fullwidth-box fusion-builder-row-1 fusion-flex-container has-pattern-background has-mask-background nonhundred-percent-fullwidth non-hundred-percent-height-scrolling\" style=\"--awb-border-radius-top-left:0px;--awb-border-radius-top-right:0px;--awb-border-radius-bottom-right:0px;--awb-border-radius-bottom-left:0px;--awb-flex-wrap:wrap;\" ><div class=\"fusion-builder-row fusion-row fusion-flex-align-items-flex-start fusion-flex-content-wrap\" style=\"max-width:1227.2px;margin-left: calc(-4% \/ 2 );margin-right: calc(-4% \/ 2 );\"><div class=\"fusion-layout-column fusion_builder_column fusion-builder-column-0 fusion_builder_column_1_1 1_1 fusion-flex-column\" style=\"--awb-bg-size:cover;--awb-width-large:100%;--awb-margin-top-large:0px;--awb-spacing-right-large:1.92%;--awb-margin-bottom-large:20px;--awb-spacing-left-large:1.92%;--awb-width-medium:100%;--awb-order-medium:0;--awb-spacing-right-medium:1.92%;--awb-spacing-left-medium:1.92%;--awb-width-small:100%;--awb-order-small:0;--awb-spacing-right-small:1.92%;--awb-spacing-left-small:1.92%;\"><div class=\"fusion-column-wrapper fusion-column-has-shadow fusion-flex-justify-content-flex-start fusion-content-layout-column\"><div class=\"fusion-text fusion-text-1\"><p>Nj.K.V. Prestolonaslednik Aleksandar je sa velikim zadovoljstvom dao iscrpan intervju za dnevni list \u201e<a href=\"https:\/\/www.danas.rs\/\">Danas<\/a>\u201c, u kom je govorio o brojnim bitnim temama: Kosovu i Metohiji, parlamentarizmu i demokratiji, njegovim stavovima o ustavnoj parlamentarnoj monarhiji, tradiciji, kao i drugim aktuelnim pitanjima.<\/p>\n<p>Tekst koji je objavljen u \u0161tampanom izdanju u broju od 15. februara 2023. godine prenosimo u celosti. Zahvaljujemo se novinarki, g-\u0111i Jeleni Tasi\u0107 na velikom profesionalizmu i realizaciji intervjua. \u010clanak je dostupan i na sajtu \u201eDanasa\u201c na <strong><a href=\"https:\/\/www.danas.rs\/vesti\/drustvo\/intervju-princ-aleksandar-karadjordjevic-brine-me-to-sto-je-nase-drustvo-postalo-iskljucivo\/\">LINKU<\/a><\/strong><\/p>\n<p><strong>Princ<\/strong> <strong>Aleksandar Kara\u0111or\u0111evi\u0107<\/strong> <strong>govori za \u201eDanas\u201c povodom Dana Dr\u017eavnosti<\/strong><\/p>\n<p><strong>\u00a0<\/strong><strong>BRINE ME \u0160TO JE NA\u0160E DRU\u0160TVO POSTALO ISKLjU\u010cIVO<\/strong><\/p>\n<p>&#8211; Na Dan dr\u017eavnosti svake godine pominje se i Dan ustavnosti, ali naglasak u obele\u017eavanju\u00a0 dat je po\u010detku Prvog srpskog ustanka, \u0161to je nesumnjivo od izuzetne va\u017enosti. O zna\u010daju Ustanka nije potrebno posebno obja\u0161njenje, ali mislim da Sretenjski ustav treba da ima ravnopravno mesto u obele\u017eavanju dr\u017eavnog praznika. Ustanak predstavlja po\u010detak borbe za slobodu, a Ustav za\u010detak istinskog parlamentarizma i demokratije, koji su podjednako va\u017eni i predstavljaju neophodan uslov dr\u017eavnosti. Sloboda bez demokratije ili demokratija bez slobode ne funkcioni\u0161u, oni jednostavno ne mogu jedno bez drugog. Zato \u017eelim da se zahvalim \u0161to ste ovaj razgovor povodom Dana dr\u017eavnosti Srbije zapo\u010dinjemo upravo Sretenjskim ustavom &#8211; ka\u017ee u razgovoru za Danas stare\u0161ina Kraljevskog doma Kara\u0111o\u0111evi\u0107 prestolonaslednik Aleksandar.<\/p>\n<p><strong>*Kako danas, posle 188 godina od dono\u0161enja Sretenjskog ustava ocenjujete po\u0161tovanje ustavnosti, demokratiju i parlamentarizam u Srbiji?<\/strong><\/p>\n<p>&#8211; U periodu od kada je donet na\u0161 prvi Ustav do danas, pre\u0161li smo dug put. Na njemu je bilo, ima ih i uvek \u0107e biti uspona i padova, ali to je ne\u0161to \u0161to je uobi\u010dajeno i neizbe\u017eno. Nijedna zemlja na svetu nije isklju\u010dena iz toga, kada govorimo o ustavnosti, demokratiji i parlamentarizmu. Po\u0161to je demokratija sistem koji se sastoji od ljudi, kao \u0161to se ljudi menjaju tako i ona zahteva promene i prilago\u0111avanja tokom vremena. Smatram da je dobro \u0161to sada ponovo u parlamentu imamo predstavnike svih relevantnih politi\u010dkih opcija, odnosno onih koje su dobile podr\u0161ku naroda za prelazak cenzusa. Uvek je dobro da se \u010duje vi\u0161e razli\u010ditih glasova, jer je to su\u0161tina demokratije. Ono \u0161to me brine je to \u0161to se \u010dini da je na\u0161e dru\u0161tvo po mnogim nivoima postalo isklju\u010divo, da mnogi suvi\u0161e eksplozivno, ostra\u0161\u0107eno reaguju na mi\u0161ljenja koja se razlikuju od njihovih. Svako ima pravo na svoje mi\u0161ljenje, ali isto tako moramo po\u0161tovati da i drugi imaju to isto pravo. Volter je rekao: \u201eNe sla\u017eem se ni sa jednom re\u010dju koju si izgovorio, ali \u0107u do smrti braniti tvoje pravo da ih ka\u017ee\u0161\u201c. To je su\u0161tina demokratije. I to je ne\u0161to na \u010dijem pobolj\u0161anju svi treba da radimo &#8211; na kulturi politi\u010dkog dijaloga. Ne treba misliti da je ovo ne\u0161to \u0161to se de\u0161ava samo kod nas, to je slika koja se mo\u017ee videti u mnogim drugim parlamentima i dru\u0161tvima. Ali, ne treba da gledamo u tu\u0111a dvori\u0161ta, ve\u0107 da se fokusiramo na sebe i trudimo da budemo bolji od drugih. Kao \u0161to je Sretenjski ustav bio toliko ispred svog vremena, treba da te\u017eimo da i sada budemo ispred drugih.<\/p>\n<p><strong>*Sretenjski ustav je 1835, zbog zahteva velikih sila \u2013 u to vreme Turske, Austrije i Rusije, trajao samo 55 dana. \u0160ta mislite o sada\u0161njim stalnim zahtevima, iza kojih stoji Zapad, o promeni aktuelnog srpskog Ustava iz 2006, pre svega kad je re\u010d o statusu Kosova i Metohije u ustavnoj Preambuli?<\/strong><\/p>\n<p>&#8211; \u010cuo sam i video spekulacije o ovim zahtevima, ali nikada nisam video niti \u010duo ne\u0161to zvani\u010dno. Ne reagujem na glasine, samo na \u010dinjenice. A \u010dinjenica je da na\u0161 Ustav ka\u017ee da je Kosovo deo Srbije i tako \u0107e i ostati. Srbija je suverena dr\u017eava i samo narod Srbije treba da se pita o ustavnim promenama i da uti\u010de na njih. Na\u017ealost, ako nas je istorija ne\u010demu nau\u010dila, to je da \u0107e uvek biti pritisaka. Sve potencijalne promene Ustava ili zakona, koje bi predstavljale unapre\u0111enje funkcionisanja dr\u017eave su dobrodo\u0161le. Me\u0111utim, svaka promena mora da bude u skladu sa regulativom i da joj prethodi odgovaraju\u0107a javna rasprava.<\/p>\n<p><strong>*Koliko je za demokratiju i normalan palamentarni \u017eivot u Srbiji opasno u\u010destalo protivustavno nametanje predsedni\u010dkog modela vladanja, iako je Srbija parlamentarna republika?<\/strong><\/p>\n<p>&#8211; Moj polo\u017eaj \u010dlana i stare\u0161ine Kraljevske porodice me obavezuje da budem iznad politike i da se ne me\u0161am u nju, jer bez obzira da li je zemlja monarhija ili republika, Kruna je tu za sve gra\u0111ane. I \u010dvrsto se dr\u017eim tog na\u010dela. Nisam pravnik, pa ne tuma\u010dim da li je ne\u0161to ustavno ili nije. Sa ta\u010dke gledi\u0161ta posmatra\u010da, mo\u017ee se re\u0107i da u Srbiji, od kada je obnovljen vi\u0161epartijski sistem, \u0161to je bilo pre vi\u0161e od 30 godina, nije retkost da se mesto glavne politi\u010dke li\u010dnosti menja od pozicije predsednika republike do premijera i nazad. Od pada Milo\u0161evi\u0107a, u \u010dije vreme uop\u0161te nije bilo ni demokratije ni pravog parlamentarizma, imali smo vi\u0161estruke promene Vlada, skup\u0161tinskih ve\u0107ina, tako da se parlamentarni \u017eivot nastavljao, iako su se te promene na mestu glavne politi\u010dke li\u010dnosti de\u0161avale. Sve ostalo \u0161to bih rekao bi zna\u010dilo da se me\u0161am u politi\u010dki \u017eivot, a kao \u0161to sam rekao, to ne radim. Mogu samo da ka\u017eem da se ovakve promene ne de\u0161avaju u ustavnim parlamentarnim monarhijama.<\/p>\n<p><strong>*Da li su u tom pogledu parlamentarne monarhije stabilniji dr\u017eavni modeli sa jasno definisanim pravilima, iako se \u010dini da Va\u0161em dedi kralju Aleksandru Ujedinitelju istorija nikad nije oprostila \u0160estojanuarsku diktaturu uvedenu 1929. posle ubistva hrvatskog poslanika u Skup\u0161tini Kraljevine SHS?<\/strong><\/p>\n<p>&#8211; Kao \u0161to sam vi\u0161e puta govorio, da, ustavna parlamentarna monarhija je veoma stabilan i napredan oblik dr\u017eavnog ure\u0111enja, to je sistem koji se pokazao kao veoma dobar i efikasan u mnogim zemljama \u2013 pogledajte samo moderne monarhije, Kraljevine \u0160vedsku, Norve\u0161ku, Veliku Britaniju, Japan, Kanadu i druge. Sve su to zemlje sa visokim nivoom demokratije, ljudskih prava i sloboda, socijalne pravde&#8230; I naravno, ovla\u0161\u0107enja i du\u017enosti i monarha i vlade su jasno odre\u0111eni i regulisani. Glavne odluke o upravljanju dr\u017eavom donose Vlada i Skup\u0161tina, dok je monarh u ustavnoj parlamentarnoj monarhiji garant demokratije, kontinuiteta, stabilnosti i jedinstva.<\/p>\n<p>\u0160to se ti\u010de mog dede, iako je bio zna\u010dajna istorijska li\u010dnost koja je dala veliki doprinos zemlji, bio je \u017ertva mnogih kleveta i la\u017ei nedemokratskog komunisti\u010dkog re\u017eima posle Drugog svetskog rata. Doga\u0111aji iz pro\u0161losti moraju se posmatrati u kontekstu okolnosti u kojima su se desili. Kona\u010dan sud o doga\u0111ajima iz 1929. godine mogu doneti samo istori\u010dari, koji hladne glave mogu da sagledaju sve aspekte. Ja bih samo citirao re\u010di koje je moj deda rekao mom ocu o tome: \u201eOvih poslednjih nekoliko godina morao sam da ukinem Skup\u0161tinu i da preuzmem na sebe du\u017enosti i odgovornosti koje su strane mojoj prirodi jer je jedinstvo na\u0161e zemlje bilo u opasnosti. Ma \u0161ta se desilo, bilo \u0161ta radio, seti se da je tvoja du\u017enost, makar zbog toga bio i nepopularan, da \u0161titi\u0161 jedinstvo Jugoslavije, jer budu\u0107nost sveta zavisi od toga\u201c.<\/p>\n<p><strong>*Posle du\u017eeg \u0107utanja u javnosti, nedavno ste se oglasili povom napada na Srbe na Kosovu i Metohiji tra\u017ee\u0107i reagovanje me\u0111unarodne zajedice. Kako vidite aktuelnu situaciju na KiM i da li planirate skoriju posetu ju\u017enoj srpskoj pokrajini gde ste ranije redovno odlazili bar za Vidovdan?<\/strong><\/p>\n<p>&#8211; Sad kad razmi\u0161ljam o tome, da, postojao je odre\u0111eni razmak izme\u0111u zvani\u010dnih saop\u0161tenja koja sam dao o Kosovu i Metohiji, ali ja \u010desto govorim o Kosovu, pominjem ga u drugim izjavama koje se ne odnose samo na na\u0161u ju\u017enu pokrajinu, na dru\u0161tvenim mre\u017eama itd. Situacija je veoma te\u0161ka i slo\u017eena. Svi znamo \u0161ta Kosovo zna\u010di za svakog Srbina, koliko nam je va\u017eno u svakom pogledu \u2013 istorijski, duhovno itd. Pored sveprisutnog pitanja statusa, o kome sam ve\u0107 rekao \u0161ta mislim u jednom od prethodnih odgovora, postoji pitanje koje me jako mu\u010di, a to je dobrobit na\u0161eg naroda. U\u017easni napadi na Srbe ostaju neka\u017enjeni, a institucije takozvane \u201edr\u017eave Kosovo\u201c ne rade ni\u0161ta da stvore stabilno okru\u017eenje za Srbe. \u010cak i kad se ne de\u0161avaju napadi ili nasilni pritisci na Srbe, na\u0161 narod \u017eivi svaki dan pod senkom straha da bi svake sekunde mogao da se desi novi napad. Ponekad mi se \u010dini da se gotovo ni\u0161ta nije promenilo u \u017eivotima na\u0161eg naroda od prvog puta kada smo supruga i ja posetili Kosovo 1999, ubrzo posle bombardovanja. Patnja na\u0161ih ljudi koju smo tada mogli da vidimo i osetimo jo\u0161 uvek je duboko urezana u moje pam\u0107enje, kao i od svih drugih poseta nakon toga. Od tada do danas \u010dinimo sve \u0161to mo\u017eemo da ih podr\u017eimo, da preduzmemo neke konkretne aktivnosti da pobolj\u0161amo uslove u kojima Srbi \u017eive i da im donesemo bar malo olak\u0161anja. Fondacija Princeze Katarine uz pomo\u0107 kancelarija Humanitarne organizacije Lajflajn u inostranstvu pru\u017ea humanitarnu pomo\u0107 Srbima na Kosovu kad god je to mogu\u0107e i nadam se da \u0107emo uskoro mo\u0107i ponovo i li\u010dno da odemo tamo.<\/p>\n<p><strong>*Imaju\u0107i u vidu da je Va\u0161 pradeda kralj Petar Prvi Oslobodilac posle vi\u0161e vekova vrato KiM u sastav Srbije u Prvom balkanskom ratu 1912, zbog \u010dega se tako retko ogla\u0161avate kad je re\u010d o KiM, iako je to nadstrana\u010dko i prvo dr\u017eavno i nacionalno pitanje?<\/strong><\/p>\n<p>&#8211; Da budem iskren, tek sada, malopre, sam shvatio da takva forma zvani\u010dne izjave nije davana ve\u0107 neko vreme, ali to je zato \u0161to, kao \u0161to rekoh, \u010desto govorim o Kosovu na raznim nivoima. Kada ne\u0161to \u010desto pominjete i razmi\u0161ljate o tome, onda nemate ose\u0107aj da to mora biti samo pod naslovom \u201ezvani\u010dna izjava\u201c. A te izjave su\u0161tinski samo potvr\u0111uju ono \u0161to sam mnogo puta rekao, tako da su one u su\u0161tini podse\u0107anje na ono \u0161to ja odavno mislim, moji stavovi o Kosovu i Metohiji se nisu menjali decenijama \u2013 Kosovo je nedeljivi deo Srbije, a svi treba da uradimo ono \u0161to je u na\u0161oj mo\u0107i da o\u010duvamo jedinstvo na\u0161eg naroda i njegovu egzistenciju.<\/p>\n<p><strong>*Kako Vi vidite mogu\u0107e re\u0161enje za KiM, imaju\u0107i u vidu i globalnu geopoliti\u010dku situaciju i koliko su dometi Va\u0161ih porodi\u010dnih i drugih veza na Zapadu kad je re\u010d o kosovskoj temi i da li je zvani\u010dna vlast tra\u017eila Va\u0161e anga\u017eovanje?<\/strong><\/p>\n<p>&#8211; U ovom trenutku, treba da nastavimo sa ve\u0107 preduzetim aktivnostima i u\u010dinimo sve da o\u010duvamo postojanje na\u0161eg naroda i na\u0161e kulturne, istorijske i nacionalne ba\u0161tine na Kosovu i Metohiji. Dugoro\u010dno, da nikada ne izgubimo nadu i veru, ali i da nastavimo da lobiramo u me\u0111unarodnoj javnosti za na\u0161u stvar, i preduzimamo promi\u0161ljene i planirane korake. Vidimo da strane dr\u017eave povla\u010de ranije data priznanja jednostrano progla\u0161ene nezavisnosti, te treba imati u vidu da kada je me\u0111unarodna politika u pitanju, ni\u0161ta nije postavljeno za ve\u010dnost. Pomenuli ste mog pradedu \u2013 koliko vekova pre 1912. Srbija nije imala vlast nad Kosovom, a koliko vekova uop\u0161te nismo imali dr\u017eavu? Ali ta situacija se na oba polja promenila, obnovili smo i dr\u017eavnost i vratili Kosovo u sastav Srbije te 1912, samo zato \u0161to na\u0161i preci nikada nisu izgubili veru, i nikada nisu zaboravili koliko je Kosovo va\u017eno za nas.<\/p>\n<p>Kad god se sretnem sa stranim diplomatama i drugim uticajnim ljudima, \u0161to je vrlo \u010desto, razgovaram sa njima na ovu temu i tra\u017eim da razumeju poziciju Srbije. Znam da ih obavezuju zvani\u010dni stavovi njihovih vlada, ali va\u017eno je da to \u010duju \u0161to \u010de\u0161\u0107e, da sagledaju i drugu stranu pri\u010de. Tako\u0111e sam to \u010dinio i nedavno, tokom molitvenog doru\u010dka u Va\u0161ingtonu. O tome sam mnogo puta razgovarao i sa svojim ro\u0111acima iz drugih evropskih kraljevskih porodica. Va\u017eno je i da oni to znaju, ali morate shvatiti da su oni monarsi u ustavnim monarhijama, koji strogo po\u0161tuju svoju ulogu u dr\u017eavi, a bilo kakve odluke i stavovi o ovoj i bilo kojoj drugoj sli\u010dnoj temi nisu u rukama kraljeva, ve\u0107 vlada tih zemalja. Zato je lobiranje kod politi\u010dkih li\u010dnosti od velikog zna\u010daja.<\/p>\n<p><strong>*Kara\u0111or\u0111evi\u0107i su poreklom vezani i za Zapad i za Rusiju, \u0161ta Vi mislite o ovome \u0161to se sada doga\u0111a u Ukrajini i kolika je taj ratni sukob opasnost za ceo svet?<\/strong><\/p>\n<p>&#8211; Veoma je opasan, stalno pratim vesti o ukrajinskom sukobu. To me duboko brine. Kao i svaki drugi oru\u017eani sukob u svetu, i ovaj donosi samo uni\u0161tenje, bol i patnju nevinim ljudima. Previ\u0161e \u017eivota je ve\u0107 izgubljeno\u2026Duboko sam zabrinut za budu\u0107nost \u010ditavog dru\u0161tva, posledice po ceo svet su te\u0161ke, ve\u0107 vidimo kakve efekte to ima na svetsku ekonomiju i sve druge aspekte, a bi\u0107e jo\u0161 gore kako se rat nastavlja. Zabrinjava me i kada vidim da neke zemlje dolivaju ulje na vatru, jer nas je istorija dobro nau\u010dila da se ovakvi sukobi lako mogu razviti u mnogo ve\u0107e, \u0161to bi bilo katastrofalno. Jedino re\u0161enje je u razgovorima, pregovorima i insistiranju na miru.<\/p>\n<p><strong>*\u0160ta smatrate najve\u0107im doprinosom Kraljevskog doma\u00a0 i Vas li\u010dno dr\u017eavnim, politi\u010dkim, ekonomskim interesima Srbije u protekle nepune 22 godine od Va\u0161eg povratka u otad\u017ebinu?<\/strong><\/p>\n<p>&#8211; Nije lako govoriti o sebi, a ne pre\u0107i granicu dobrog ukusa. Napori koji su u\u010dinjeni na obnovi demokratije u Srbiji pre na\u0161eg povratka, ali i na njenom kasnijem unapre\u0111enju bilo bi ono \u0161to se isti\u010de, ali i brojni kontakti koji su omogu\u0107ili da se mnogi ugledni ljudi iz sveta zainteresuju za na\u0161u zemlju, nakon \u0161to su razgovarali sa nama, i koji su doveli svoje poslovanje u Srbiju. Tako\u0111e, promovisanje Srbije kad god je to mogu\u0107e, kako bi se lo\u0161a slika o na\u0161oj zemlji iz devedesetih kona\u010dno promenila.<\/p>\n<p><strong>*Da li ste razo\u010darali ve\u0107inu monarhista zbog toga \u0161to je za ovo vreme pitanje obnove monarhije u Srbiji potpuno nestalo sa politi\u010dke scene?<\/strong><\/p>\n<p>&#8211; Ne bih se slo\u017eio da je nestalo. Nekoliko aktuelnih politi\u010dkih aktera zala\u017ee se za obnovu monarhije, ali to je i pitanje koje je iznad nivoa politike. U sada\u0161njem parlamentu imate i poslanike koji su monarhisti, ali su istovremeno \u010dlanovi stranaka koje su po svom programu za republiku. Monarhista ima i u vlasti i u opoziciji, kao i me\u0111u ljudima koji nisu zainteresovani za politiku. Isto va\u017ei i za one ljude koji su republikanci. Zbog vi\u0161edecenijske negativne propagande protiv moje porodice i svega \u0161to je imalo i najmanju vezu sa monarhijom, to je tema koja zahteva ozbiljne i temeljne rasprave, jer narod Srbije zaslu\u017euje da \u010duje sve \u010dinjenice o prednostima ustavne parlamentarne monarhije i da saslu\u0161a argumentovane stavove obe strane, onih koji su za, ali i onih koji su protiv obnove monarhije. Taj vid javne diskusije je ne\u0161to \u0161to zaista nedostaje.<\/p>\n<p><strong>*Mo\u017eete li da napravite pore\u0111enje u odnosima koje ste imali sa vlastima u Srbiji od Slobodana Milo\u0161evi\u0107a, preko DOS-a \u2013 pojoknog Zorana \u0110in\u0111i\u0107a, Vojislava Ko\u0161tunice, Borisa Tadi\u0107a do Aleksandra\u00a0 Vu\u010di\u0107a i koliko je ta\u010dan utisak da ste od dolaska SNS na vlast manje prisutni u javnosti nego do 2012?<\/strong><\/p>\n<p>&#8211; Bilo je uspona i padova sa svakom od vlasti koja se menjala u Srbiji u periodu od na\u0161eg povratka, nesporazuma, ali i njihovog re\u0161avanja i pronala\u017eenja zajedni\u010dkog jezika. Ovde sam da pomognem narodu Srbije koliko mogu, a da bih tu du\u017enost obavljao, mora postojati odnos sa svakom vladom, kao i razumevanje. Nisam se u pro\u0161losti javno izja\u0161njavao o ovim odnosima, niti ih pretvarao u javnu debatu, i jo\u0161 uvek po\u0161tujem taj princip.<\/p>\n<p>Mi nismo u\u010desnici na politi\u010dkoj sceni, tako da mislim da na\u0161e medijsko i javno prisustvo nije povezano sa tim ko je na vlasti u Srbiji. Vi\u0161e je pitanje da li je ne\u0161to u odre\u0111enom trenutku medijima interesantno da pokriju, i tako je svuda, ne samo kod nas. Mi svoje aktivnosti su\u0161tinski obavljamo na istom nivou kao i kada smo se vratili u Srbiju, ali u celom ovom periodu od 2001. godine bilo je trenutaka kada ste mogli vi\u0161e da \u010ditate o nama, kao i onih kada niste. Na primer, 2013. smo bili veoma medijski zastupljeni zbog dr\u017eavne sahrane \u010dlanova moje porodice, jer je to bila nova i aktuelna tema u to vreme. Sli\u010dno se ponavljalo i pre toga, a i kasnije, pro\u0161le godine, kada je umrla kraljica Elizabeta Druga, mogli ste da vidite da su kraljevske porodice postale zanimljiva tema za novinare, i tada je objavljeno mno\u0161tvo tekstova, priloga &#8230;<\/p>\n<p>Do\u0161lo je do promene u na\u0161em uobi\u010dajenom prisustvu u javnosti u vreme pandemije Kovida 19, kada nije bilo mogu\u0107e da fizi\u010dki budemo tu na isporukama humanitarne pomo\u0107i, nismo mogli da prisustvujemo doga\u0111ajima u obimu u kom smo to \u010dinili ranije, ali smo uspeli da nastavimo sa aktivnosti \u010dak i u tom periodu, ali na jedini mogu\u0107i na\u010din, po\u0161tuju\u0107i mere predostro\u017enosti. U svakom slu\u010daju, sve \u0161to radimo, ne radimo zbog pa\u017enje javnosti, ve\u0107 zato \u0161to je to na\u0161a du\u017enost.<\/p>\n<p><strong>*\u010cime obja\u0161njavate da je ba\u0161 koalicija SNS-SPS 2013. omogu\u0107ila prenos i sahranu posmrtnih ostataka Va\u0161eg oca, majke, babe i strica ili su se tek tada stekli uslovi za kraljevske sahrane na Oplencu?<\/strong><\/p>\n<p><strong>\u00a0<\/strong>&#8211; Ja sam zvani\u010dnu inicijativu da se to desi podneo mnogo pre 2013., tada\u0161njoj Vladi Srbije, i formirana je Komisija zadu\u017eena da raspravlja o toj temi. I tako je ostalo vi\u0161e godina. Te 2013. veliki napori, koji nisu uklju\u010divali samo volju, ve\u0107 i konkretne korake koje treba preduzeti, doveli su do toga da se to veoma va\u017eno pitanje, kako za moju porodicu, tako i za Srbiju, re\u0161i i da se dr\u017eavna sahrana zaista i dogodi. Nije se radilo samo o preno\u0161enju zemnih ostataka nekoga ko je preminuo u inostranstvu, ve\u0107 o preme\u0161tanju \u010dlanova porodice koji su predugo vremena bili nepravedno ozna\u010deni kao \u201enarodni neprijatelji\u201c. Za\u0161to su te konkretne radnje izostale pre 2013. i sve je ostalo samo na formiranju Komisije, ne znam i ne mogu da odgovorim.<\/p>\n<p><strong><em>Nesuglasice re\u0161evamo unutar porodice<\/em><\/strong><\/p>\n<p><strong>\u00a0<\/strong><strong>*Koliko se kao stare\u0161ina pridr\u017eavate Protokola vladanja \u010dlanova Kraljevskog doma koji je sastavio jo\u0161 kralj Petar Oslobodilac i da li su razja\u0161njene nesuglasice ne samo oko promene neslednog reda me\u0111u Va\u0161im sinovima, ve\u0107 i one za koje se javno proziva gr\u010dki deo porodice?<\/strong><\/p>\n<p>&#8211; Porodi\u010dni pravilnik moram da po\u0161tujem i veoma ga se pridr\u017eavam. Prvobitno ga je napisao kralj Petar Prvi, potom ga je unapredio moj deda kralj Aleksandar Prvi, a kona\u010dne izmene sam izvr\u0161io ja 1997. godine, kako bi pravilnik bio vi\u0161e u skladu sa sada\u0161njim vremenom. Bilo bi potrebno previ\u0161e vremena da se u\u0111e u detalje o njegovom sadr\u017eaju, ko je zainteresovan mo\u017ee ih sve lako prona\u0107i na na\u0161oj internet prezentaciji. Ovaj pravilnik je va\u017ean deo na\u0161e tradicije, jednostavno re\u010deno, kodeks \u010dasti koji moramo da po\u0161tujemo. Pro\u0161le godine sam dao izjavu o promeni u naslednom redu i ne bih da se ponavljam. Nikada nije bilo nesporazuma u naslednoj liniji, jer je vrlo jasno da kada se moj najstariji sin Petar odrekao svojih prava, moj drugi sin Filip je kao slede\u0107i u redu postao Princ Naslednik. Ali imao sam problem sa procedurom po kojoj je ovaj va\u017ean \u010din izvr\u0161en i odstupanjem od porodi\u010dnih normi. Sve ostalo predstavlja odnose unutar porodice, a ja \u017eelim da tako i ostane,- ne razgovaram o privatnim stvarima u javnosti. Sve nesuglasice koje smo imali, ili bismo mogli imati sada, re\u0161avali smo i re\u0161ava\u0107emo unutar porodice. To je za mene jedini mogu\u0107i i prihvatljiv na\u010din.<\/p>\n<p><strong>*Kakvi su Vam odnosi sa sinovima i drugim potomcima kralja Aleksandra Ujedinitelja?<\/strong><\/p>\n<p>&#8211; Dobri su, uobi\u010dajeni porodi\u010dni odnosi.<\/p>\n<p><strong><em>Nismo neaktivni i nemi<\/em><\/strong><\/p>\n<p><strong>*Da li aktuelna vlast zaista \u201evoli\u201c samo neaktivne i \u201eneme\u201c Kara\u0111or\u0111evi\u0107e?<\/strong><\/p>\n<p>&#8211; To nije pitanje voljenja, jer je to ose\u0107anje rezervisano za odnose izme\u0111u porodice, prijatelja&#8230; Izme\u0111u kraljevske porodice i svih vlada koje su se promenile od na\u0161eg povratka, uklju\u010duju\u0107i i sada\u0161nju, mo\u017eemo govoriti o razli\u010ditim nivoima me\u0111usobnog po\u0161tovanja i saradnje. Ne vidim kako smo to neaktivni ili nemi. To \u0161to nismo uklju\u010deni u svakodnevnu politiku i \u0161to ja ne komentari\u0161em politi\u010dka pitanja ne zna\u010di da \u0107utimo. Vi\u0161e puta sam dizao glas u vezi sa pitanjima koja me mu\u010de, \u0161to nije uvek bilo prijatno za sve u vlasti da \u010duju. Na primer, o aktuelnom pitanju restitucije privatne imovine moje porodice, koje jo\u0161 uvek nije re\u0161eno, i traje predugo. Kad govorim o ne\u010demu ne vodim se time da li \u0107e bilo kome biti prijatno ili ne da to \u010duje, ve\u0107 da li mislim da je pravo vreme i mesto da se ne\u0161to ka\u017ee, da li je to ne\u0161to \u0161to treba da ka\u017ee \u010dlan Kraljevske porodice i najva\u017enije, da li je to istina ili ne.<\/p>\n<p><strong><em>Delikatno pitanje<\/em><\/strong><\/p>\n<p><strong>*Iako je Srbija evropski \u0161ampion zakonski nere\u0161enog statusa Kraljevske porodice, nedavno se u Gr\u010dkoj videlo, prilikom sahrane Va\u0161eg kuma i ro\u0111aka, gr\u010dkog kralja Konstatina, da \u010dak i svrgunte monarhije ostaju delikatno i osetljivo dru\u0161tveno pitanje. Zbog \u010dega je to tako?<\/strong><\/p>\n<p><strong>\u00a0<\/strong><\/p>\n<p>&#8211; \u017dalosna je \u010dinjenica da na\u0161a dr\u017eava nije pravno re\u0161ila status Kara\u0111or\u0111evi\u0107a, posebno ako se ima u vidu koliko je vremena pro\u0161lo od vra\u0107anja dr\u017eavljanstva. Nebitno da li je neko monarhista po opredeljenju ili ne, u svakoj zemlji koja je nekada imala monarhiju, Kraljevska porodica je va\u017ean i nedeljiv deo istorije i tradicije. U ve\u0107ini ovih zemalja, monarhije su svrgnute silom, a ne voljom naroda. Zato su to i danas, kako ste rekli, delikatna dru\u0161tvena pitanja. Zato \u0161to u tim zemljama i dalje ima mnogo ljudi koji po\u0161tuju monarhisti\u010dku tradiciju i svoje kraljevske porodice, a tako\u0111e tu su i mnoge va\u017ene me\u0111unarodne veze koje te porodice imaju, posebno sa zemljama koje su jo\u0161 uvek monarhije, ne samo u Evropi ve\u0107 i u svetu. To se moglo veoma dobro videti ba\u0161 u Gr\u010dkoj na sahrani kralja Konstantina Drugog \u2013 iako to nije bila dr\u017eavna sahrana, zna\u010dajan broj krunisanih \u0161efova dr\u017eava do\u0161ao je da mu oda po\u010dast. To je jasna poruka. Mislim da nam je u Srbiji potreban zakon o statusu Kraljevske porodice. Bilo je nekih predloga i ideja tokom godina, ali bez pravog pomaka. Me\u0111utim, sa ili bez utvr\u0111enog zvani\u010dnog statusa, mi nastavljamo da podr\u017eavamo na\u0161 narod i na\u0161u zemlju i da \u010dinimo sve \u0161to mo\u017eemo.<\/p>\n<p><strong>\u00a0<\/strong><strong><em>Na Sretenje u SAD<\/em><\/strong><\/p>\n<p>Aleksandar Kara\u0111or\u0111evi\u0107 \u0107e zbog obaveza Dan dr\u017eavnosti prvesti izvan Srbije, u SAD. On i Princeza trenutno putuju, ba\u0161 na samo Sretenje ne\u0107e biti u mestu u kom postoji predstavni\u0161tvo Srbije pa ne\u0107e prisustvovati zvani\u010dnoj sve\u010danosti, Dan Dr\u017eavnosti \u0107e provesti sa prijateljima iz srpske dijaspore u SAD. U prestolonslednikovo ime, venac \u0107e na Oplencu polo\u017eiti \u010dlanovi Krunskog saveta, Predrag Markovi\u0107 i Zoran \u017divanovi\u0107.<\/p>\n<p>Jelena Tasi\u0107<\/p>\n<\/div><\/div><\/div><\/div><\/div><div class=\"fusion-fullwidth fullwidth-box fusion-builder-row-2 fusion-flex-container has-pattern-background has-mask-background nonhundred-percent-fullwidth non-hundred-percent-height-scrolling\" style=\"--awb-border-radius-top-left:0px;--awb-border-radius-top-right:0px;--awb-border-radius-bottom-right:0px;--awb-border-radius-bottom-left:0px;--awb-flex-wrap:wrap;\" ><div class=\"fusion-builder-row fusion-row fusion-flex-align-items-flex-start fusion-flex-content-wrap\" style=\"max-width:1227.2px;margin-left: calc(-4% \/ 2 );margin-right: calc(-4% \/ 2 );\"><div class=\"fusion-layout-column fusion_builder_column fusion-builder-column-1 fusion_builder_column_1_1 1_1 fusion-flex-column\" style=\"--awb-bg-size:cover;--awb-width-large:100%;--awb-margin-top-large:0px;--awb-spacing-right-large:1.92%;--awb-margin-bottom-large:20px;--awb-spacing-left-large:1.92%;--awb-width-medium:100%;--awb-order-medium:0;--awb-spacing-right-medium:1.92%;--awb-spacing-left-medium:1.92%;--awb-width-small:100%;--awb-order-small:0;--awb-spacing-right-small:1.92%;--awb-spacing-left-small:1.92%;\"><div class=\"fusion-column-wrapper fusion-column-has-shadow fusion-flex-justify-content-flex-start fusion-content-layout-column\"><div class=\"awb-gallery-wrapper awb-gallery-wrapper-1 button-span-no\" style=\"--more-btn-alignment:center;\" data-limit=\"20\" data-page=\"1\"><div style=\"margin:-5px;--awb-bordersize:0px;\" class=\"fusion-gallery fusion-gallery-container fusion-grid-3 fusion-columns-total-3 fusion-gallery-layout-grid fusion-gallery-1\"><div style=\"padding:5px;\" class=\"fusion-grid-column fusion-gallery-column fusion-gallery-column-3 hover-type-none\"><div class=\"fusion-gallery-image\"><a href=\"https:\/\/royalfamily.org\/wp-content\/uploads\/2023\/02\/Danas-1.jpg\" data-caption=\"INTERVJU PRESTOLONASLEDNIKA ALEKSANDRA ZA DANAS POVODOM DANA DR\u017dAVNOSTI SRBIJE\" rel=\"noreferrer\" data-rel=\"iLightbox[gallery_image_1]\" class=\"fusion-lightbox\" target=\"_self\"><img decoding=\"async\" src=\"https:\/\/royalfamily.org\/wp-content\/uploads\/2023\/02\/Danas-1.jpg\" width=\"1177\" height=\"1600\" alt=\"INTERVJU PRESTOLONASLEDNIKA ALEKSANDRA ZA DANAS POVODOM DANA DR\u017dAVNOSTI SRBIJE\" title=\"INTERVJU PRESTOLONASLEDNIKA ALEKSANDRA ZA DANAS POVODOM DANA DR\u017dAVNOSTI SRBIJE\" aria-label=\"INTERVJU PRESTOLONASLEDNIKA ALEKSANDRA ZA DANAS POVODOM DANA DR\u017dAVNOSTI SRBIJE\" class=\"img-responsive wp-image-85014\" srcset=\"https:\/\/royalfamily.org\/wp-content\/uploads\/2023\/02\/Danas-1-200x272.jpg 200w, https:\/\/royalfamily.org\/wp-content\/uploads\/2023\/02\/Danas-1-400x544.jpg 400w, https:\/\/royalfamily.org\/wp-content\/uploads\/2023\/02\/Danas-1-600x816.jpg 600w, https:\/\/royalfamily.org\/wp-content\/uploads\/2023\/02\/Danas-1-800x1088.jpg 800w, https:\/\/royalfamily.org\/wp-content\/uploads\/2023\/02\/Danas-1.jpg 1177w\" sizes=\"(min-width: 2200px) 100vw, (min-width: 824px) 390px, (min-width: 732px) 585px, (min-width: 640px) 732px, \" \/><\/a><\/div><\/div><div style=\"padding:5px;\" class=\"fusion-grid-column fusion-gallery-column fusion-gallery-column-3 hover-type-none\"><div class=\"fusion-gallery-image\"><a href=\"https:\/\/royalfamily.org\/wp-content\/uploads\/2023\/02\/Danas-2.jpg\" data-caption=\"INTERVJU PRESTOLONASLEDNIKA ALEKSANDRA ZA DANAS POVODOM DANA DR\u017dAVNOSTI SRBIJE\" rel=\"noreferrer\" data-rel=\"iLightbox[gallery_image_1]\" class=\"fusion-lightbox\" target=\"_self\"><img decoding=\"async\" src=\"https:\/\/royalfamily.org\/wp-content\/uploads\/2023\/02\/Danas-2.jpg\" width=\"1178\" height=\"1600\" alt=\"INTERVJU PRESTOLONASLEDNIKA ALEKSANDRA ZA DANAS POVODOM DANA DR\u017dAVNOSTI SRBIJE\" title=\"INTERVJU PRESTOLONASLEDNIKA ALEKSANDRA ZA DANAS POVODOM DANA DR\u017dAVNOSTI SRBIJE\" aria-label=\"INTERVJU PRESTOLONASLEDNIKA ALEKSANDRA ZA DANAS POVODOM DANA DR\u017dAVNOSTI SRBIJE\" class=\"img-responsive wp-image-85017\" srcset=\"https:\/\/royalfamily.org\/wp-content\/uploads\/2023\/02\/Danas-2-200x272.jpg 200w, https:\/\/royalfamily.org\/wp-content\/uploads\/2023\/02\/Danas-2-400x543.jpg 400w, https:\/\/royalfamily.org\/wp-content\/uploads\/2023\/02\/Danas-2-600x815.jpg 600w, https:\/\/royalfamily.org\/wp-content\/uploads\/2023\/02\/Danas-2-800x1087.jpg 800w, https:\/\/royalfamily.org\/wp-content\/uploads\/2023\/02\/Danas-2.jpg 1178w\" sizes=\"(min-width: 2200px) 100vw, (min-width: 824px) 390px, (min-width: 732px) 585px, (min-width: 640px) 732px, \" \/><\/a><\/div><\/div><div style=\"padding:5px;\" class=\"fusion-grid-column fusion-gallery-column fusion-gallery-column-3 hover-type-none\"><div class=\"fusion-gallery-image\"><a href=\"https:\/\/royalfamily.org\/wp-content\/uploads\/2023\/02\/Danas-3.jpg\" data-caption=\"INTERVJU PRESTOLONASLEDNIKA ALEKSANDRA ZA DANAS POVODOM DANA DR\u017dAVNOSTI SRBIJE\" rel=\"noreferrer\" data-rel=\"iLightbox[gallery_image_1]\" class=\"fusion-lightbox\" target=\"_self\"><img decoding=\"async\" src=\"https:\/\/royalfamily.org\/wp-content\/uploads\/2023\/02\/Danas-3.jpg\" width=\"1147\" height=\"1600\" alt=\"INTERVJU PRESTOLONASLEDNIKA ALEKSANDRA ZA DANAS POVODOM DANA DR\u017dAVNOSTI SRBIJE\" title=\"INTERVJU PRESTOLONASLEDNIKA ALEKSANDRA ZA DANAS POVODOM DANA DR\u017dAVNOSTI SRBIJE\" aria-label=\"INTERVJU PRESTOLONASLEDNIKA ALEKSANDRA ZA DANAS POVODOM DANA DR\u017dAVNOSTI SRBIJE\" class=\"img-responsive wp-image-85020\" srcset=\"https:\/\/royalfamily.org\/wp-content\/uploads\/2023\/02\/Danas-3-200x279.jpg 200w, https:\/\/royalfamily.org\/wp-content\/uploads\/2023\/02\/Danas-3-400x558.jpg 400w, https:\/\/royalfamily.org\/wp-content\/uploads\/2023\/02\/Danas-3-600x837.jpg 600w, https:\/\/royalfamily.org\/wp-content\/uploads\/2023\/02\/Danas-3-800x1116.jpg 800w, https:\/\/royalfamily.org\/wp-content\/uploads\/2023\/02\/Danas-3.jpg 1147w\" sizes=\"(min-width: 2200px) 100vw, (min-width: 824px) 390px, (min-width: 732px) 585px, (min-width: 640px) 732px, \" \/><\/a><\/div><\/div><div class=\"clearfix\"><\/div><\/div><\/div><\/div><\/div><\/div><\/div><\/p>\n","protected":false},"excerpt":{"rendered":"","protected":false},"author":1001015,"featured_media":85011,"comment_status":"closed","ping_status":"closed","sticky":false,"template":"","format":"standard","meta":{"_acf_changed":false,"footnotes":""},"categories":[22],"tags":[],"class_list":["post-85023","post","type-post","status-publish","format-standard","has-post-thumbnail","hentry","category-vesti"],"acf":[],"yoast_head":"<!-- This site is optimized with the Yoast SEO Premium plugin v27.4 (Yoast SEO v27.4) - https:\/\/yoast.com\/product\/yoast-seo-premium-wordpress\/ -->\n<title>INTERVJU PRESTOLONASLEDNIKA ALEKSANDRA ZA DANAS POVODOM DANA DR\u017dAVNOSTI SRBIJE - The Royal Family of Serbia<\/title>\n<meta name=\"robots\" content=\"index, follow, max-snippet:-1, max-image-preview:large, max-video-preview:-1\" \/>\n<link rel=\"canonical\" href=\"https:\/\/royalfamily.org\/lat\/intervju-prestolonaslednika-aleksandra-za-danas-povodom-dana-drzavnosti-srbije\/\" \/>\n<meta property=\"og:locale\" content=\"en_US\" \/>\n<meta property=\"og:type\" content=\"article\" \/>\n<meta property=\"og:title\" content=\"INTERVJU PRESTOLONASLEDNIKA ALEKSANDRA ZA DANAS POVODOM DANA DR\u017dAVNOSTI SRBIJE\" \/>\n<meta property=\"og:url\" content=\"https:\/\/royalfamily.org\/lat\/intervju-prestolonaslednika-aleksandra-za-danas-povodom-dana-drzavnosti-srbije\/\" \/>\n<meta property=\"og:site_name\" content=\"The Royal Family of Serbia\" \/>\n<meta property=\"article:publisher\" content=\"https:\/\/www.facebook.com\/Prestolonaslednik.Aleksandar\" \/>\n<meta property=\"article:published_time\" content=\"2023-02-22T11:03:43+00:00\" \/>\n<meta property=\"article:modified_time\" content=\"2023-02-22T11:03:45+00:00\" \/>\n<meta property=\"og:image\" content=\"https:\/\/royalfamily.org\/wp-content\/uploads\/2023\/02\/Cover-Danas.jpg\" \/>\n\t<meta property=\"og:image:width\" content=\"740\" \/>\n\t<meta property=\"og:image:height\" content=\"360\" \/>\n\t<meta property=\"og:image:type\" content=\"image\/jpeg\" \/>\n<meta name=\"author\" content=\"Stefan Milanovic\" \/>\n<meta name=\"twitter:card\" content=\"summary_large_image\" \/>\n<meta name=\"twitter:label1\" content=\"Written by\" \/>\n\t<meta name=\"twitter:data1\" content=\"Stefan Milanovic\" \/>\n<script type=\"application\/ld+json\" class=\"yoast-schema-graph\">{\"@context\":\"https:\\\/\\\/schema.org\",\"@graph\":[{\"@type\":\"Article\",\"@id\":\"https:\\\/\\\/royalfamily.org\\\/lat\\\/intervju-prestolonaslednika-aleksandra-za-danas-povodom-dana-drzavnosti-srbije\\\/#article\",\"isPartOf\":{\"@id\":\"https:\\\/\\\/royalfamily.org\\\/lat\\\/intervju-prestolonaslednika-aleksandra-za-danas-povodom-dana-drzavnosti-srbije\\\/\"},\"author\":{\"name\":\"Stefan Milanovic\",\"@id\":\"https:\\\/\\\/royalfamily.org\\\/#\\\/schema\\\/person\\\/4ad3296a6a8a35eed333b6a785e9f648\"},\"headline\":\"INTERVJU PRESTOLONASLEDNIKA ALEKSANDRA ZA DANAS POVODOM DANA DR\u017dAVNOSTI SRBIJE\",\"datePublished\":\"2023-02-22T11:03:43+00:00\",\"dateModified\":\"2023-02-22T11:03:45+00:00\",\"mainEntityOfPage\":{\"@id\":\"https:\\\/\\\/royalfamily.org\\\/lat\\\/intervju-prestolonaslednika-aleksandra-za-danas-povodom-dana-drzavnosti-srbije\\\/\"},\"wordCount\":5817,\"publisher\":{\"@id\":\"https:\\\/\\\/royalfamily.org\\\/#organization\"},\"image\":{\"@id\":\"https:\\\/\\\/royalfamily.org\\\/lat\\\/intervju-prestolonaslednika-aleksandra-za-danas-povodom-dana-drzavnosti-srbije\\\/#primaryimage\"},\"thumbnailUrl\":\"https:\\\/\\\/royalfamily.org\\\/wp-content\\\/uploads\\\/2023\\\/02\\\/Cover-Danas.jpg\",\"articleSection\":[\"Vesti\"],\"inLanguage\":\"sr-LT\"},{\"@type\":\"WebPage\",\"@id\":\"https:\\\/\\\/royalfamily.org\\\/lat\\\/intervju-prestolonaslednika-aleksandra-za-danas-povodom-dana-drzavnosti-srbije\\\/\",\"url\":\"https:\\\/\\\/royalfamily.org\\\/lat\\\/intervju-prestolonaslednika-aleksandra-za-danas-povodom-dana-drzavnosti-srbije\\\/\",\"name\":\"INTERVJU PRESTOLONASLEDNIKA ALEKSANDRA ZA DANAS POVODOM DANA DR\u017dAVNOSTI SRBIJE - The Royal Family of Serbia\",\"isPartOf\":{\"@id\":\"https:\\\/\\\/royalfamily.org\\\/#website\"},\"primaryImageOfPage\":{\"@id\":\"https:\\\/\\\/royalfamily.org\\\/lat\\\/intervju-prestolonaslednika-aleksandra-za-danas-povodom-dana-drzavnosti-srbije\\\/#primaryimage\"},\"image\":{\"@id\":\"https:\\\/\\\/royalfamily.org\\\/lat\\\/intervju-prestolonaslednika-aleksandra-za-danas-povodom-dana-drzavnosti-srbije\\\/#primaryimage\"},\"thumbnailUrl\":\"https:\\\/\\\/royalfamily.org\\\/wp-content\\\/uploads\\\/2023\\\/02\\\/Cover-Danas.jpg\",\"datePublished\":\"2023-02-22T11:03:43+00:00\",\"dateModified\":\"2023-02-22T11:03:45+00:00\",\"breadcrumb\":{\"@id\":\"https:\\\/\\\/royalfamily.org\\\/lat\\\/intervju-prestolonaslednika-aleksandra-za-danas-povodom-dana-drzavnosti-srbije\\\/#breadcrumb\"},\"inLanguage\":\"sr-LT\",\"potentialAction\":[{\"@type\":\"ReadAction\",\"target\":[\"https:\\\/\\\/royalfamily.org\\\/lat\\\/intervju-prestolonaslednika-aleksandra-za-danas-povodom-dana-drzavnosti-srbije\\\/\"]}]},{\"@type\":\"ImageObject\",\"inLanguage\":\"sr-LT\",\"@id\":\"https:\\\/\\\/royalfamily.org\\\/lat\\\/intervju-prestolonaslednika-aleksandra-za-danas-povodom-dana-drzavnosti-srbije\\\/#primaryimage\",\"url\":\"https:\\\/\\\/royalfamily.org\\\/wp-content\\\/uploads\\\/2023\\\/02\\\/Cover-Danas.jpg\",\"contentUrl\":\"https:\\\/\\\/royalfamily.org\\\/wp-content\\\/uploads\\\/2023\\\/02\\\/Cover-Danas.jpg\",\"width\":740,\"height\":360,\"caption\":\"INTERVJU PRESTOLONASLEDNIKA ALEKSANDRA ZA DANAS POVODOM DANA DR\u017dAVNOSTI SRBIJE\"},{\"@type\":\"BreadcrumbList\",\"@id\":\"https:\\\/\\\/royalfamily.org\\\/lat\\\/intervju-prestolonaslednika-aleksandra-za-danas-povodom-dana-drzavnosti-srbije\\\/#breadcrumb\",\"itemListElement\":[{\"@type\":\"ListItem\",\"position\":1,\"name\":\"Home\",\"item\":\"https:\\\/\\\/royalfamily.org\\\/lat\\\/\"},{\"@type\":\"ListItem\",\"position\":2,\"name\":\"INTERVJU PRESTOLONASLEDNIKA ALEKSANDRA ZA DANAS POVODOM DANA DR\u017dAVNOSTI SRBIJE\"}]},{\"@type\":\"WebSite\",\"@id\":\"https:\\\/\\\/royalfamily.org\\\/#website\",\"url\":\"https:\\\/\\\/royalfamily.org\\\/\",\"name\":\"The Royal Family of Serbia\",\"description\":\"From the people, for the people\",\"publisher\":{\"@id\":\"https:\\\/\\\/royalfamily.org\\\/#organization\"},\"potentialAction\":[{\"@type\":\"SearchAction\",\"target\":{\"@type\":\"EntryPoint\",\"urlTemplate\":\"https:\\\/\\\/royalfamily.org\\\/?s={search_term_string}\"},\"query-input\":{\"@type\":\"PropertyValueSpecification\",\"valueRequired\":true,\"valueName\":\"search_term_string\"}}],\"inLanguage\":\"sr-LT\"},{\"@type\":\"Organization\",\"@id\":\"https:\\\/\\\/royalfamily.org\\\/#organization\",\"name\":\"Royal Family\",\"url\":\"https:\\\/\\\/royalfamily.org\\\/\",\"logo\":{\"@type\":\"ImageObject\",\"inLanguage\":\"sr-LT\",\"@id\":\"https:\\\/\\\/royalfamily.org\\\/#\\\/schema\\\/logo\\\/image\\\/\",\"url\":\"https:\\\/\\\/royalfamily.org\\\/wp-content\\\/uploads\\\/2019\\\/04\\\/logo-vector-02-V-latinica.png\",\"contentUrl\":\"https:\\\/\\\/royalfamily.org\\\/wp-content\\\/uploads\\\/2019\\\/04\\\/logo-vector-02-V-latinica.png\",\"width\":552,\"height\":99,\"caption\":\"Royal Family\"},\"image\":{\"@id\":\"https:\\\/\\\/royalfamily.org\\\/#\\\/schema\\\/logo\\\/image\\\/\"},\"sameAs\":[\"https:\\\/\\\/www.facebook.com\\\/Prestolonaslednik.Aleksandar\"]},{\"@type\":\"Person\",\"@id\":\"https:\\\/\\\/royalfamily.org\\\/#\\\/schema\\\/person\\\/4ad3296a6a8a35eed333b6a785e9f648\",\"name\":\"Stefan Milanovic\",\"image\":{\"@type\":\"ImageObject\",\"inLanguage\":\"sr-LT\",\"@id\":\"https:\\\/\\\/secure.gravatar.com\\\/avatar\\\/92dcbdcf3e32112a9ceb1e41665b1f44c69382d014cacfe12c701f6af7c40259?s=96&d=mm&r=g\",\"url\":\"https:\\\/\\\/secure.gravatar.com\\\/avatar\\\/92dcbdcf3e32112a9ceb1e41665b1f44c69382d014cacfe12c701f6af7c40259?s=96&d=mm&r=g\",\"contentUrl\":\"https:\\\/\\\/secure.gravatar.com\\\/avatar\\\/92dcbdcf3e32112a9ceb1e41665b1f44c69382d014cacfe12c701f6af7c40259?s=96&d=mm&r=g\",\"caption\":\"Stefan Milanovic\"}}]}<\/script>\n<!-- \/ Yoast SEO Premium plugin. -->","yoast_head_json":{"title":"INTERVJU PRESTOLONASLEDNIKA ALEKSANDRA ZA DANAS POVODOM DANA DR\u017dAVNOSTI SRBIJE - The Royal Family of Serbia","robots":{"index":"index","follow":"follow","max-snippet":"max-snippet:-1","max-image-preview":"max-image-preview:large","max-video-preview":"max-video-preview:-1"},"canonical":"https:\/\/royalfamily.org\/lat\/intervju-prestolonaslednika-aleksandra-za-danas-povodom-dana-drzavnosti-srbije\/","og_locale":"en_US","og_type":"article","og_title":"INTERVJU PRESTOLONASLEDNIKA ALEKSANDRA ZA DANAS POVODOM DANA DR\u017dAVNOSTI SRBIJE","og_url":"https:\/\/royalfamily.org\/lat\/intervju-prestolonaslednika-aleksandra-za-danas-povodom-dana-drzavnosti-srbije\/","og_site_name":"The Royal Family of Serbia","article_publisher":"https:\/\/www.facebook.com\/Prestolonaslednik.Aleksandar","article_published_time":"2023-02-22T11:03:43+00:00","article_modified_time":"2023-02-22T11:03:45+00:00","og_image":[{"width":740,"height":360,"url":"https:\/\/royalfamily.org\/wp-content\/uploads\/2023\/02\/Cover-Danas.jpg","type":"image\/jpeg"}],"author":"Stefan Milanovic","twitter_card":"summary_large_image","twitter_misc":{"Written by":"Stefan Milanovic"},"schema":{"@context":"https:\/\/schema.org","@graph":[{"@type":"Article","@id":"https:\/\/royalfamily.org\/lat\/intervju-prestolonaslednika-aleksandra-za-danas-povodom-dana-drzavnosti-srbije\/#article","isPartOf":{"@id":"https:\/\/royalfamily.org\/lat\/intervju-prestolonaslednika-aleksandra-za-danas-povodom-dana-drzavnosti-srbije\/"},"author":{"name":"Stefan Milanovic","@id":"https:\/\/royalfamily.org\/#\/schema\/person\/4ad3296a6a8a35eed333b6a785e9f648"},"headline":"INTERVJU PRESTOLONASLEDNIKA ALEKSANDRA ZA DANAS POVODOM DANA DR\u017dAVNOSTI SRBIJE","datePublished":"2023-02-22T11:03:43+00:00","dateModified":"2023-02-22T11:03:45+00:00","mainEntityOfPage":{"@id":"https:\/\/royalfamily.org\/lat\/intervju-prestolonaslednika-aleksandra-za-danas-povodom-dana-drzavnosti-srbije\/"},"wordCount":5817,"publisher":{"@id":"https:\/\/royalfamily.org\/#organization"},"image":{"@id":"https:\/\/royalfamily.org\/lat\/intervju-prestolonaslednika-aleksandra-za-danas-povodom-dana-drzavnosti-srbije\/#primaryimage"},"thumbnailUrl":"https:\/\/royalfamily.org\/wp-content\/uploads\/2023\/02\/Cover-Danas.jpg","articleSection":["Vesti"],"inLanguage":"sr-LT"},{"@type":"WebPage","@id":"https:\/\/royalfamily.org\/lat\/intervju-prestolonaslednika-aleksandra-za-danas-povodom-dana-drzavnosti-srbije\/","url":"https:\/\/royalfamily.org\/lat\/intervju-prestolonaslednika-aleksandra-za-danas-povodom-dana-drzavnosti-srbije\/","name":"INTERVJU PRESTOLONASLEDNIKA ALEKSANDRA ZA DANAS POVODOM DANA DR\u017dAVNOSTI SRBIJE - The Royal Family of Serbia","isPartOf":{"@id":"https:\/\/royalfamily.org\/#website"},"primaryImageOfPage":{"@id":"https:\/\/royalfamily.org\/lat\/intervju-prestolonaslednika-aleksandra-za-danas-povodom-dana-drzavnosti-srbije\/#primaryimage"},"image":{"@id":"https:\/\/royalfamily.org\/lat\/intervju-prestolonaslednika-aleksandra-za-danas-povodom-dana-drzavnosti-srbije\/#primaryimage"},"thumbnailUrl":"https:\/\/royalfamily.org\/wp-content\/uploads\/2023\/02\/Cover-Danas.jpg","datePublished":"2023-02-22T11:03:43+00:00","dateModified":"2023-02-22T11:03:45+00:00","breadcrumb":{"@id":"https:\/\/royalfamily.org\/lat\/intervju-prestolonaslednika-aleksandra-za-danas-povodom-dana-drzavnosti-srbije\/#breadcrumb"},"inLanguage":"sr-LT","potentialAction":[{"@type":"ReadAction","target":["https:\/\/royalfamily.org\/lat\/intervju-prestolonaslednika-aleksandra-za-danas-povodom-dana-drzavnosti-srbije\/"]}]},{"@type":"ImageObject","inLanguage":"sr-LT","@id":"https:\/\/royalfamily.org\/lat\/intervju-prestolonaslednika-aleksandra-za-danas-povodom-dana-drzavnosti-srbije\/#primaryimage","url":"https:\/\/royalfamily.org\/wp-content\/uploads\/2023\/02\/Cover-Danas.jpg","contentUrl":"https:\/\/royalfamily.org\/wp-content\/uploads\/2023\/02\/Cover-Danas.jpg","width":740,"height":360,"caption":"INTERVJU PRESTOLONASLEDNIKA ALEKSANDRA ZA DANAS POVODOM DANA DR\u017dAVNOSTI SRBIJE"},{"@type":"BreadcrumbList","@id":"https:\/\/royalfamily.org\/lat\/intervju-prestolonaslednika-aleksandra-za-danas-povodom-dana-drzavnosti-srbije\/#breadcrumb","itemListElement":[{"@type":"ListItem","position":1,"name":"Home","item":"https:\/\/royalfamily.org\/lat\/"},{"@type":"ListItem","position":2,"name":"INTERVJU PRESTOLONASLEDNIKA ALEKSANDRA ZA DANAS POVODOM DANA DR\u017dAVNOSTI SRBIJE"}]},{"@type":"WebSite","@id":"https:\/\/royalfamily.org\/#website","url":"https:\/\/royalfamily.org\/","name":"The Royal Family of Serbia","description":"From the people, for the people","publisher":{"@id":"https:\/\/royalfamily.org\/#organization"},"potentialAction":[{"@type":"SearchAction","target":{"@type":"EntryPoint","urlTemplate":"https:\/\/royalfamily.org\/?s={search_term_string}"},"query-input":{"@type":"PropertyValueSpecification","valueRequired":true,"valueName":"search_term_string"}}],"inLanguage":"sr-LT"},{"@type":"Organization","@id":"https:\/\/royalfamily.org\/#organization","name":"Royal Family","url":"https:\/\/royalfamily.org\/","logo":{"@type":"ImageObject","inLanguage":"sr-LT","@id":"https:\/\/royalfamily.org\/#\/schema\/logo\/image\/","url":"https:\/\/royalfamily.org\/wp-content\/uploads\/2019\/04\/logo-vector-02-V-latinica.png","contentUrl":"https:\/\/royalfamily.org\/wp-content\/uploads\/2019\/04\/logo-vector-02-V-latinica.png","width":552,"height":99,"caption":"Royal Family"},"image":{"@id":"https:\/\/royalfamily.org\/#\/schema\/logo\/image\/"},"sameAs":["https:\/\/www.facebook.com\/Prestolonaslednik.Aleksandar"]},{"@type":"Person","@id":"https:\/\/royalfamily.org\/#\/schema\/person\/4ad3296a6a8a35eed333b6a785e9f648","name":"Stefan Milanovic","image":{"@type":"ImageObject","inLanguage":"sr-LT","@id":"https:\/\/secure.gravatar.com\/avatar\/92dcbdcf3e32112a9ceb1e41665b1f44c69382d014cacfe12c701f6af7c40259?s=96&d=mm&r=g","url":"https:\/\/secure.gravatar.com\/avatar\/92dcbdcf3e32112a9ceb1e41665b1f44c69382d014cacfe12c701f6af7c40259?s=96&d=mm&r=g","contentUrl":"https:\/\/secure.gravatar.com\/avatar\/92dcbdcf3e32112a9ceb1e41665b1f44c69382d014cacfe12c701f6af7c40259?s=96&d=mm&r=g","caption":"Stefan Milanovic"}}]}},"_links":{"self":[{"href":"https:\/\/royalfamily.org\/lat\/wp-json\/wp\/v2\/posts\/85023","targetHints":{"allow":["GET"]}}],"collection":[{"href":"https:\/\/royalfamily.org\/lat\/wp-json\/wp\/v2\/posts"}],"about":[{"href":"https:\/\/royalfamily.org\/lat\/wp-json\/wp\/v2\/types\/post"}],"author":[{"embeddable":true,"href":"https:\/\/royalfamily.org\/lat\/wp-json\/wp\/v2\/users\/1001015"}],"replies":[{"embeddable":true,"href":"https:\/\/royalfamily.org\/lat\/wp-json\/wp\/v2\/comments?post=85023"}],"version-history":[{"count":1,"href":"https:\/\/royalfamily.org\/lat\/wp-json\/wp\/v2\/posts\/85023\/revisions"}],"predecessor-version":[{"id":85024,"href":"https:\/\/royalfamily.org\/lat\/wp-json\/wp\/v2\/posts\/85023\/revisions\/85024"}],"wp:featuredmedia":[{"embeddable":true,"href":"https:\/\/royalfamily.org\/lat\/wp-json\/wp\/v2\/media\/85011"}],"wp:attachment":[{"href":"https:\/\/royalfamily.org\/lat\/wp-json\/wp\/v2\/media?parent=85023"}],"wp:term":[{"taxonomy":"category","embeddable":true,"href":"https:\/\/royalfamily.org\/lat\/wp-json\/wp\/v2\/categories?post=85023"},{"taxonomy":"post_tag","embeddable":true,"href":"https:\/\/royalfamily.org\/lat\/wp-json\/wp\/v2\/tags?post=85023"}],"curies":[{"name":"wp","href":"https:\/\/api.w.org\/{rel}","templated":true}]}}