{"id":85057,"date":"2023-02-28T09:48:06","date_gmt":"2023-02-28T08:48:06","guid":{"rendered":"https:\/\/royalfamily.org\/?p=85057"},"modified":"2023-02-28T09:54:26","modified_gmt":"2023-02-28T08:54:26","slug":"slava-udruzenja-kraljevina-srbija-u-belom-dvoru","status":"publish","type":"post","link":"https:\/\/royalfamily.org\/lat\/slava-udruzenja-kraljevina-srbija-u-belom-dvoru\/","title":{"rendered":"SLAVA UDRU\u017dENJA \u041aRALJEVINA SRBIJA U BELOM DVORU"},"content":{"rendered":"<p><div class=\"fusion-fullwidth fullwidth-box fusion-builder-row-1 fusion-flex-container has-pattern-background has-mask-background nonhundred-percent-fullwidth non-hundred-percent-height-scrolling\" style=\"--awb-border-radius-top-left:0px;--awb-border-radius-top-right:0px;--awb-border-radius-bottom-right:0px;--awb-border-radius-bottom-left:0px;--awb-flex-wrap:wrap;\" ><div class=\"fusion-builder-row fusion-row fusion-flex-align-items-flex-start fusion-flex-content-wrap\" style=\"max-width:1227.2px;margin-left: calc(-4% \/ 2 );margin-right: calc(-4% \/ 2 );\"><div class=\"fusion-layout-column fusion_builder_column fusion-builder-column-0 fusion_builder_column_1_1 1_1 fusion-flex-column\" style=\"--awb-bg-size:cover;--awb-width-large:100%;--awb-margin-top-large:0px;--awb-spacing-right-large:1.92%;--awb-margin-bottom-large:20px;--awb-spacing-left-large:1.92%;--awb-width-medium:100%;--awb-order-medium:0;--awb-spacing-right-medium:1.92%;--awb-spacing-left-medium:1.92%;--awb-width-small:100%;--awb-order-small:0;--awb-spacing-right-small:1.92%;--awb-spacing-left-small:1.92%;\"><div class=\"fusion-column-wrapper fusion-column-has-shadow fusion-flex-justify-content-flex-start fusion-content-layout-column\"><div class=\"fusion-text fusion-text-1\"><p>Udru\u017eenje \u041araljevina Srbija, najve\u0107a nevladina organizacija u Srbiji, a koje je pod pokroviteljstvom NJ.\u041a.V. Prestolonaslednika Aleksandra, proslavilo je u nedelju 26. februara svoju slavu, Svetog Simeona Miroto\u010divog, prirediv\u0161i sve\u010dani prijem u Belom Dvoru.<\/p>\n<p>Nj.K.V. Prestolonaslednik Aleksandar i Princeza Katarina, zbog obaveza u inostranstvu, nisu mogli da prisustvuju sve\u010danosti, ali je ovom prilikom pro\u010ditano pozdravno pismo Njegovog Kraljevskog Viso\u010danstva. Doga\u0111aju su prisustvovali: Nj.E. gospo\u0111a Silvija Davidoiu, ambasadorka Rumunije u Srbiji, Nj.E. g-din Fatah Mahraz, ambasador Al\u017eira u Srbiji sa drugim \u010dlanovima diplomatskog kora, predstavnici Vojske Srbije, \u010dlanovi Krunskog saveta, gospoda Predrag Markovi\u0107, Zoran \u017divanovi\u0107 i Darko Spasi\u0107, delegacija Ravnogorskog pokreta SRBIOORS, \u010dlanovi politi\u010dkog, kulturnog i javnog \u017eivota Srbije i brojni drugi gosti.<\/p>\n<p>Pre prijema, \u010dlanovi Upravnog odbora Udru\u017eenja prisustvovali su ujutru svetoj Liturgiji u crkvi Svetog Simeona Miroto\u010divog na Novom Beogradu, koju je slu\u017eio Njegova Svetost Patrijarh srpski g. Porfirije uz saslu\u017eenje Njihovih Preosve\u0161tenstava Episkopa mar\u010danskog Save i hvostanskog Alekseja sa sve\u0161tenstvom, i presekli slavski kola\u010d Udru\u017eenja.<\/p>\n<p>\u201eZahvaljujemo svim \u010dlanovima Udru\u017eenja na zalaganju i trudu, na predanom radu u podr\u0161ci \u041araljevskoj porodici i na promociji ideje ustavne parlamentarne monarhije u Srbiji.<\/p>\n<p>Svojim trudom i radom dali ste veliki doprinos otklanjanju posledica vi\u0161edecenijske negativne komunisti\u010dke propagande protiv \u041araljevske porodice \u041aara\u0111or\u0111evi\u0107, ali je dug put jo\u0161 pred vama. Taj put borbe za istinu nikada nije lak, ali je uvek ispravan i pravi.<\/p>\n<p>Zalaganje za bolju Srbiju je obaveza koju je svaki monarhista nasledio od predaka. Ali, to nije samo zaostav\u0161tina na\u0161ih otaca, ve\u0107 i ne\u0161to \u0161to se duguje budu\u0107im generacijama. Va\u0161a vizija obnove monarhije u Srbiji \u2013 po\u0161tovanje na\u0161e slavne tradicije i njeno uklapanje u nasle\u0111e savremenog doba \u2013 u\u010dini\u0107e na\u0161u otad\u017ebinu boljim mestom za \u017eivot svih njenih gra\u0111ana\u201c, naveo je NJ.\u041a.V. Prestolonaslednik Aleksandar u svom pismu.<\/p>\n<p>\u201eUdru\u017eenje \u041araljevina Srbija\u201c (\u041aS) osnovala je grupa studenata Beogradskog univerziteta 2008. godine, pod prvobitnim nazivom \u201e\u041araljeva omladina\u201c. Udru\u017eenje je osnovano kao neprofitna, nevladina i nestrana\u010dka organizacija, pod pokroviteljstvom NJ.\u041a.V. Prestolonaslednika Aleksandra, sa ciljem obnove ustavne parlamentarne monarhije u Srbiji. Ta grupa mladih ljudi, uverena da obnova ustavne parlamentarne monarhije mo\u017ee da pomogne Srbiji, uspela je svojim pozitivnim aktivnostima da podstakne i mlade i stare da im se pridru\u017ee.<\/p>\n<p>Zbog \u017eelje mnogih starijih od 26 godina da se pridru\u017ee, \u201e\u041araljeva omladina\u201c je od januara 2010. nastavila da deluje kao podmladak ve\u0107e organizacije \u2013 \u201eUdru\u017eenja \u041araljevina Srbija\u201c. Udru\u017eenje je otvoreno za sve, bez obzira na politi\u010dku, nacionalnu ili versku pripadnost. \u010clanstvo raste svakim danom, a trenutno Udru\u017eenje broji vi\u0161e od 21.000 \u010dlanova i najve\u0107a je nevladina organizacija u Srbiji.<\/p>\n<\/div><\/div><\/div><\/div><\/div><div class=\"fusion-fullwidth fullwidth-box fusion-builder-row-2 fusion-flex-container has-pattern-background has-mask-background nonhundred-percent-fullwidth non-hundred-percent-height-scrolling\" style=\"--awb-border-radius-top-left:0px;--awb-border-radius-top-right:0px;--awb-border-radius-bottom-right:0px;--awb-border-radius-bottom-left:0px;--awb-flex-wrap:wrap;\" ><div class=\"fusion-builder-row fusion-row fusion-flex-align-items-flex-start fusion-flex-content-wrap\" style=\"max-width:1227.2px;margin-left: calc(-4% \/ 2 );margin-right: calc(-4% \/ 2 );\"><div class=\"fusion-layout-column fusion_builder_column fusion-builder-column-1 fusion_builder_column_1_1 1_1 fusion-flex-column\" style=\"--awb-bg-size:cover;--awb-width-large:100%;--awb-margin-top-large:0px;--awb-spacing-right-large:1.92%;--awb-margin-bottom-large:20px;--awb-spacing-left-large:1.92%;--awb-width-medium:100%;--awb-order-medium:0;--awb-spacing-right-medium:1.92%;--awb-spacing-left-medium:1.92%;--awb-width-small:100%;--awb-order-small:0;--awb-spacing-right-small:1.92%;--awb-spacing-left-small:1.92%;\"><div class=\"fusion-column-wrapper fusion-column-has-shadow fusion-flex-justify-content-flex-start fusion-content-layout-column\"><div class=\"awb-gallery-wrapper awb-gallery-wrapper-1 button-span-no\" style=\"--more-btn-alignment:center;\" data-limit=\"20\" data-page=\"1\"><div style=\"margin:-5px;--awb-bordersize:0px;\" class=\"fusion-gallery fusion-gallery-container fusion-grid-3 fusion-columns-total-7 fusion-gallery-layout-grid fusion-gallery-1\"><div style=\"padding:5px;\" class=\"fusion-grid-column fusion-gallery-column fusion-gallery-column-3 hover-type-none\"><div class=\"fusion-gallery-image\"><a href=\"https:\/\/royalfamily.org\/wp-content\/uploads\/2023\/02\/1-KS_277-scaled.jpg\" data-caption=\"SLAVA UDRU\u017dENJA \u041aRALJEVINA SRBIJA U BELOM DVORU\" rel=\"noreferrer\" data-rel=\"iLightbox[gallery_image_1]\" class=\"fusion-lightbox\" target=\"_self\"><img decoding=\"async\" src=\"https:\/\/royalfamily.org\/wp-content\/uploads\/2023\/02\/1-KS_277-scaled.jpg\" width=\"2560\" height=\"1707\" alt=\"SLAVA UDRU\u017dENJA \u041aRALJEVINA SRBIJA U BELOM DVORU\" title=\"SLAVA UDRU\u017dENJA \u041aRALJEVINA SRBIJA U BELOM DVORU\" aria-label=\"SLAVA UDRU\u017dENJA \u041aRALJEVINA SRBIJA U BELOM DVORU\" class=\"img-responsive wp-image-85033\" srcset=\"https:\/\/royalfamily.org\/wp-content\/uploads\/2023\/02\/1-KS_277-200x133.jpg 200w, https:\/\/royalfamily.org\/wp-content\/uploads\/2023\/02\/1-KS_277-400x267.jpg 400w, https:\/\/royalfamily.org\/wp-content\/uploads\/2023\/02\/1-KS_277-600x400.jpg 600w, https:\/\/royalfamily.org\/wp-content\/uploads\/2023\/02\/1-KS_277-800x533.jpg 800w, https:\/\/royalfamily.org\/wp-content\/uploads\/2023\/02\/1-KS_277-1200x800.jpg 1200w, https:\/\/royalfamily.org\/wp-content\/uploads\/2023\/02\/1-KS_277-scaled.jpg 2560w\" sizes=\"(min-width: 2200px) 100vw, (min-width: 824px) 390px, (min-width: 732px) 585px, (min-width: 640px) 732px, \" \/><\/a><\/div><\/div><div style=\"padding:5px;\" class=\"fusion-grid-column fusion-gallery-column fusion-gallery-column-3 hover-type-none\"><div class=\"fusion-gallery-image\"><a href=\"https:\/\/royalfamily.org\/wp-content\/uploads\/2023\/02\/2-KS_181-scaled.jpg\" data-caption=\"SLAVA UDRU\u017dENJA \u041aRALJEVINA SRBIJA U BELOM DVORU\" rel=\"noreferrer\" data-rel=\"iLightbox[gallery_image_1]\" class=\"fusion-lightbox\" target=\"_self\"><img decoding=\"async\" src=\"https:\/\/royalfamily.org\/wp-content\/uploads\/2023\/02\/2-KS_181-scaled.jpg\" width=\"2560\" height=\"1707\" alt=\"SLAVA UDRU\u017dENJA \u041aRALJEVINA SRBIJA U BELOM DVORU\" title=\"SLAVA UDRU\u017dENJA \u041aRALJEVINA SRBIJA U BELOM DVORU\" aria-label=\"SLAVA UDRU\u017dENJA \u041aRALJEVINA SRBIJA U BELOM DVORU\" class=\"img-responsive wp-image-85036\" srcset=\"https:\/\/royalfamily.org\/wp-content\/uploads\/2023\/02\/2-KS_181-200x133.jpg 200w, https:\/\/royalfamily.org\/wp-content\/uploads\/2023\/02\/2-KS_181-400x267.jpg 400w, https:\/\/royalfamily.org\/wp-content\/uploads\/2023\/02\/2-KS_181-600x400.jpg 600w, https:\/\/royalfamily.org\/wp-content\/uploads\/2023\/02\/2-KS_181-800x533.jpg 800w, https:\/\/royalfamily.org\/wp-content\/uploads\/2023\/02\/2-KS_181-1200x800.jpg 1200w, https:\/\/royalfamily.org\/wp-content\/uploads\/2023\/02\/2-KS_181-scaled.jpg 2560w\" sizes=\"(min-width: 2200px) 100vw, (min-width: 824px) 390px, (min-width: 732px) 585px, (min-width: 640px) 732px, \" \/><\/a><\/div><\/div><div style=\"padding:5px;\" class=\"fusion-grid-column fusion-gallery-column fusion-gallery-column-3 hover-type-none\"><div class=\"fusion-gallery-image\"><a href=\"https:\/\/royalfamily.org\/wp-content\/uploads\/2023\/02\/3-KS_061-scaled.jpg\" data-caption=\"SLAVA UDRU\u017dENJA \u041aRALJEVINA SRBIJA U BELOM DVORU\" rel=\"noreferrer\" data-rel=\"iLightbox[gallery_image_1]\" class=\"fusion-lightbox\" target=\"_self\"><img decoding=\"async\" src=\"https:\/\/royalfamily.org\/wp-content\/uploads\/2023\/02\/3-KS_061-scaled.jpg\" width=\"2560\" height=\"1707\" alt=\"SLAVA UDRU\u017dENJA \u041aRALJEVINA SRBIJA U BELOM DVORU\" title=\"SLAVA UDRU\u017dENJA \u041aRALJEVINA SRBIJA U BELOM DVORU\" aria-label=\"SLAVA UDRU\u017dENJA \u041aRALJEVINA SRBIJA U BELOM DVORU\" class=\"img-responsive wp-image-85039\" srcset=\"https:\/\/royalfamily.org\/wp-content\/uploads\/2023\/02\/3-KS_061-200x133.jpg 200w, https:\/\/royalfamily.org\/wp-content\/uploads\/2023\/02\/3-KS_061-400x267.jpg 400w, https:\/\/royalfamily.org\/wp-content\/uploads\/2023\/02\/3-KS_061-600x400.jpg 600w, https:\/\/royalfamily.org\/wp-content\/uploads\/2023\/02\/3-KS_061-800x533.jpg 800w, https:\/\/royalfamily.org\/wp-content\/uploads\/2023\/02\/3-KS_061-1200x800.jpg 1200w, https:\/\/royalfamily.org\/wp-content\/uploads\/2023\/02\/3-KS_061-scaled.jpg 2560w\" sizes=\"(min-width: 2200px) 100vw, (min-width: 824px) 390px, (min-width: 732px) 585px, (min-width: 640px) 732px, \" \/><\/a><\/div><\/div><div class=\"clearfix\"><\/div><div style=\"padding:5px;\" class=\"fusion-grid-column fusion-gallery-column fusion-gallery-column-3 hover-type-none\"><div class=\"fusion-gallery-image\"><a href=\"https:\/\/royalfamily.org\/wp-content\/uploads\/2023\/02\/4-KS_228-scaled.jpg\" data-caption=\"SLAVA UDRU\u017dENJA \u041aRALJEVINA SRBIJA U BELOM DVORU\" rel=\"noreferrer\" data-rel=\"iLightbox[gallery_image_1]\" class=\"fusion-lightbox\" target=\"_self\"><img decoding=\"async\" src=\"https:\/\/royalfamily.org\/wp-content\/uploads\/2023\/02\/4-KS_228-scaled.jpg\" width=\"2560\" height=\"1707\" alt=\"SLAVA UDRU\u017dENJA \u041aRALJEVINA SRBIJA U BELOM DVORU\" title=\"SLAVA UDRU\u017dENJA \u041aRALJEVINA SRBIJA U BELOM DVORU\" aria-label=\"SLAVA UDRU\u017dENJA \u041aRALJEVINA SRBIJA U BELOM DVORU\" class=\"img-responsive wp-image-85042\" srcset=\"https:\/\/royalfamily.org\/wp-content\/uploads\/2023\/02\/4-KS_228-200x133.jpg 200w, https:\/\/royalfamily.org\/wp-content\/uploads\/2023\/02\/4-KS_228-400x267.jpg 400w, https:\/\/royalfamily.org\/wp-content\/uploads\/2023\/02\/4-KS_228-600x400.jpg 600w, https:\/\/royalfamily.org\/wp-content\/uploads\/2023\/02\/4-KS_228-800x533.jpg 800w, https:\/\/royalfamily.org\/wp-content\/uploads\/2023\/02\/4-KS_228-1200x800.jpg 1200w, https:\/\/royalfamily.org\/wp-content\/uploads\/2023\/02\/4-KS_228-scaled.jpg 2560w\" sizes=\"(min-width: 2200px) 100vw, (min-width: 824px) 390px, (min-width: 732px) 585px, (min-width: 640px) 732px, \" \/><\/a><\/div><\/div><div style=\"padding:5px;\" class=\"fusion-grid-column fusion-gallery-column fusion-gallery-column-3 hover-type-none\"><div class=\"fusion-gallery-image\"><a href=\"https:\/\/royalfamily.org\/wp-content\/uploads\/2023\/02\/5-KS_404-scaled.jpg\" data-caption=\"SLAVA UDRU\u017dENJA \u041aRALJEVINA SRBIJA U BELOM DVORU\" rel=\"noreferrer\" data-rel=\"iLightbox[gallery_image_1]\" class=\"fusion-lightbox\" target=\"_self\"><img decoding=\"async\" src=\"https:\/\/royalfamily.org\/wp-content\/uploads\/2023\/02\/5-KS_404-scaled.jpg\" width=\"1707\" height=\"2560\" alt=\"SLAVA UDRU\u017dENJA \u041aRALJEVINA SRBIJA U BELOM DVORU\" title=\"SLAVA UDRU\u017dENJA \u041aRALJEVINA SRBIJA U BELOM DVORU\" aria-label=\"SLAVA UDRU\u017dENJA \u041aRALJEVINA SRBIJA U BELOM DVORU\" class=\"img-responsive wp-image-85045\" srcset=\"https:\/\/royalfamily.org\/wp-content\/uploads\/2023\/02\/5-KS_404-200x300.jpg 200w, https:\/\/royalfamily.org\/wp-content\/uploads\/2023\/02\/5-KS_404-400x600.jpg 400w, https:\/\/royalfamily.org\/wp-content\/uploads\/2023\/02\/5-KS_404-600x900.jpg 600w, https:\/\/royalfamily.org\/wp-content\/uploads\/2023\/02\/5-KS_404-800x1200.jpg 800w, https:\/\/royalfamily.org\/wp-content\/uploads\/2023\/02\/5-KS_404-1200x1800.jpg 1200w, https:\/\/royalfamily.org\/wp-content\/uploads\/2023\/02\/5-KS_404-scaled.jpg 1707w\" sizes=\"(min-width: 2200px) 100vw, (min-width: 824px) 390px, (min-width: 732px) 585px, (min-width: 640px) 732px, \" \/><\/a><\/div><\/div><div style=\"padding:5px;\" class=\"fusion-grid-column fusion-gallery-column fusion-gallery-column-3 hover-type-none\"><div class=\"fusion-gallery-image\"><a href=\"https:\/\/royalfamily.org\/wp-content\/uploads\/2023\/02\/6-KS_159-scaled.jpg\" data-caption=\"SLAVA UDRU\u017dENJA \u041aRALJEVINA SRBIJA U BELOM DVORU\" rel=\"noreferrer\" data-rel=\"iLightbox[gallery_image_1]\" class=\"fusion-lightbox\" target=\"_self\"><img decoding=\"async\" src=\"https:\/\/royalfamily.org\/wp-content\/uploads\/2023\/02\/6-KS_159-scaled.jpg\" width=\"2560\" height=\"1707\" alt=\"SLAVA UDRU\u017dENJA \u041aRALJEVINA SRBIJA U BELOM DVORU\" title=\"SLAVA UDRU\u017dENJA \u041aRALJEVINA SRBIJA U BELOM DVORU\" aria-label=\"SLAVA UDRU\u017dENJA \u041aRALJEVINA SRBIJA U BELOM DVORU\" class=\"img-responsive wp-image-85048\" srcset=\"https:\/\/royalfamily.org\/wp-content\/uploads\/2023\/02\/6-KS_159-200x133.jpg 200w, https:\/\/royalfamily.org\/wp-content\/uploads\/2023\/02\/6-KS_159-400x267.jpg 400w, https:\/\/royalfamily.org\/wp-content\/uploads\/2023\/02\/6-KS_159-600x400.jpg 600w, https:\/\/royalfamily.org\/wp-content\/uploads\/2023\/02\/6-KS_159-800x533.jpg 800w, https:\/\/royalfamily.org\/wp-content\/uploads\/2023\/02\/6-KS_159-1200x800.jpg 1200w, https:\/\/royalfamily.org\/wp-content\/uploads\/2023\/02\/6-KS_159-scaled.jpg 2560w\" sizes=\"(min-width: 2200px) 100vw, (min-width: 824px) 390px, (min-width: 732px) 585px, (min-width: 640px) 732px, \" \/><\/a><\/div><\/div><div class=\"clearfix\"><\/div><div style=\"padding:5px;\" class=\"fusion-grid-column fusion-gallery-column fusion-gallery-column-3 hover-type-none\"><div class=\"fusion-gallery-image\"><a href=\"https:\/\/royalfamily.org\/wp-content\/uploads\/2023\/02\/7-KS_170-scaled.jpg\" data-caption=\"SLAVA UDRU\u017dENJA \u041aRALJEVINA SRBIJA U BELOM DVORU\" rel=\"noreferrer\" data-rel=\"iLightbox[gallery_image_1]\" class=\"fusion-lightbox\" target=\"_self\"><img decoding=\"async\" src=\"https:\/\/royalfamily.org\/wp-content\/uploads\/2023\/02\/7-KS_170-scaled.jpg\" width=\"2560\" height=\"1708\" alt=\"SLAVA UDRU\u017dENJA \u041aRALJEVINA SRBIJA U BELOM DVORU\" title=\"SLAVA UDRU\u017dENJA \u041aRALJEVINA SRBIJA U BELOM DVORU\" aria-label=\"SLAVA UDRU\u017dENJA \u041aRALJEVINA SRBIJA U BELOM DVORU\" class=\"img-responsive wp-image-85051\" srcset=\"https:\/\/royalfamily.org\/wp-content\/uploads\/2023\/02\/7-KS_170-200x133.jpg 200w, https:\/\/royalfamily.org\/wp-content\/uploads\/2023\/02\/7-KS_170-400x267.jpg 400w, https:\/\/royalfamily.org\/wp-content\/uploads\/2023\/02\/7-KS_170-600x400.jpg 600w, https:\/\/royalfamily.org\/wp-content\/uploads\/2023\/02\/7-KS_170-800x534.jpg 800w, https:\/\/royalfamily.org\/wp-content\/uploads\/2023\/02\/7-KS_170-1200x800.jpg 1200w, https:\/\/royalfamily.org\/wp-content\/uploads\/2023\/02\/7-KS_170-scaled.jpg 2560w\" sizes=\"(min-width: 2200px) 100vw, (min-width: 824px) 390px, (min-width: 732px) 585px, (min-width: 640px) 732px, \" \/><\/a><\/div><\/div><\/div><\/div><\/div><\/div><\/div><\/div><\/p>\n","protected":false},"excerpt":{"rendered":"","protected":false},"author":1001015,"featured_media":85054,"comment_status":"closed","ping_status":"closed","sticky":false,"template":"","format":"standard","meta":{"_acf_changed":false,"footnotes":""},"categories":[22],"tags":[],"class_list":["post-85057","post","type-post","status-publish","format-standard","has-post-thumbnail","hentry","category-vesti"],"acf":[],"yoast_head":"<!-- This site is optimized with the Yoast SEO Premium plugin v27.4 (Yoast SEO v27.4) - https:\/\/yoast.com\/product\/yoast-seo-premium-wordpress\/ -->\n<title>SLAVA UDRU\u017dENJA \u041aRALJEVINA SRBIJA U BELOM DVORU - The Royal Family of Serbia<\/title>\n<meta name=\"robots\" content=\"index, follow, max-snippet:-1, max-image-preview:large, max-video-preview:-1\" \/>\n<link rel=\"canonical\" href=\"https:\/\/royalfamily.org\/lat\/slava-udruzenja-kraljevina-srbija-u-belom-dvoru\/\" \/>\n<meta property=\"og:locale\" content=\"en_US\" \/>\n<meta property=\"og:type\" content=\"article\" \/>\n<meta property=\"og:title\" content=\"SLAVA UDRU\u017dENJA \u041aRALJEVINA SRBIJA U BELOM DVORU\" \/>\n<meta property=\"og:url\" content=\"https:\/\/royalfamily.org\/lat\/slava-udruzenja-kraljevina-srbija-u-belom-dvoru\/\" \/>\n<meta property=\"og:site_name\" content=\"The Royal Family of Serbia\" \/>\n<meta property=\"article:publisher\" content=\"https:\/\/www.facebook.com\/Prestolonaslednik.Aleksandar\" \/>\n<meta property=\"article:published_time\" content=\"2023-02-28T08:48:06+00:00\" \/>\n<meta property=\"article:modified_time\" content=\"2023-02-28T08:54:26+00:00\" \/>\n<meta property=\"og:image\" content=\"https:\/\/royalfamily.org\/wp-content\/uploads\/2023\/02\/COVER-KS-slava.jpg\" \/>\n\t<meta property=\"og:image:width\" content=\"740\" \/>\n\t<meta property=\"og:image:height\" content=\"360\" \/>\n\t<meta property=\"og:image:type\" content=\"image\/jpeg\" \/>\n<meta name=\"author\" content=\"Stefan Milanovic\" \/>\n<meta name=\"twitter:card\" content=\"summary_large_image\" \/>\n<meta name=\"twitter:label1\" content=\"Written by\" \/>\n\t<meta name=\"twitter:data1\" content=\"Stefan Milanovic\" \/>\n\t<meta name=\"twitter:label2\" content=\"Est. reading time\" \/>\n\t<meta name=\"twitter:data2\" content=\"5 minutes\" \/>\n<script type=\"application\/ld+json\" class=\"yoast-schema-graph\">{\"@context\":\"https:\\\/\\\/schema.org\",\"@graph\":[{\"@type\":\"Article\",\"@id\":\"https:\\\/\\\/royalfamily.org\\\/lat\\\/slava-udruzenja-kraljevina-srbija-u-belom-dvoru\\\/#article\",\"isPartOf\":{\"@id\":\"https:\\\/\\\/royalfamily.org\\\/lat\\\/slava-udruzenja-kraljevina-srbija-u-belom-dvoru\\\/\"},\"author\":{\"name\":\"Stefan Milanovic\",\"@id\":\"https:\\\/\\\/royalfamily.org\\\/#\\\/schema\\\/person\\\/4ad3296a6a8a35eed333b6a785e9f648\"},\"headline\":\"SLAVA UDRU\u017dENJA \u041aRALJEVINA SRBIJA U BELOM DVORU\",\"datePublished\":\"2023-02-28T08:48:06+00:00\",\"dateModified\":\"2023-02-28T08:54:26+00:00\",\"mainEntityOfPage\":{\"@id\":\"https:\\\/\\\/royalfamily.org\\\/lat\\\/slava-udruzenja-kraljevina-srbija-u-belom-dvoru\\\/\"},\"wordCount\":2386,\"publisher\":{\"@id\":\"https:\\\/\\\/royalfamily.org\\\/#organization\"},\"image\":{\"@id\":\"https:\\\/\\\/royalfamily.org\\\/lat\\\/slava-udruzenja-kraljevina-srbija-u-belom-dvoru\\\/#primaryimage\"},\"thumbnailUrl\":\"https:\\\/\\\/royalfamily.org\\\/wp-content\\\/uploads\\\/2023\\\/02\\\/COVER-KS-slava.jpg\",\"articleSection\":[\"Vesti\"],\"inLanguage\":\"sr-LT\"},{\"@type\":\"WebPage\",\"@id\":\"https:\\\/\\\/royalfamily.org\\\/lat\\\/slava-udruzenja-kraljevina-srbija-u-belom-dvoru\\\/\",\"url\":\"https:\\\/\\\/royalfamily.org\\\/lat\\\/slava-udruzenja-kraljevina-srbija-u-belom-dvoru\\\/\",\"name\":\"SLAVA UDRU\u017dENJA \u041aRALJEVINA SRBIJA U BELOM DVORU - The Royal Family of Serbia\",\"isPartOf\":{\"@id\":\"https:\\\/\\\/royalfamily.org\\\/#website\"},\"primaryImageOfPage\":{\"@id\":\"https:\\\/\\\/royalfamily.org\\\/lat\\\/slava-udruzenja-kraljevina-srbija-u-belom-dvoru\\\/#primaryimage\"},\"image\":{\"@id\":\"https:\\\/\\\/royalfamily.org\\\/lat\\\/slava-udruzenja-kraljevina-srbija-u-belom-dvoru\\\/#primaryimage\"},\"thumbnailUrl\":\"https:\\\/\\\/royalfamily.org\\\/wp-content\\\/uploads\\\/2023\\\/02\\\/COVER-KS-slava.jpg\",\"datePublished\":\"2023-02-28T08:48:06+00:00\",\"dateModified\":\"2023-02-28T08:54:26+00:00\",\"breadcrumb\":{\"@id\":\"https:\\\/\\\/royalfamily.org\\\/lat\\\/slava-udruzenja-kraljevina-srbija-u-belom-dvoru\\\/#breadcrumb\"},\"inLanguage\":\"sr-LT\",\"potentialAction\":[{\"@type\":\"ReadAction\",\"target\":[\"https:\\\/\\\/royalfamily.org\\\/lat\\\/slava-udruzenja-kraljevina-srbija-u-belom-dvoru\\\/\"]}]},{\"@type\":\"ImageObject\",\"inLanguage\":\"sr-LT\",\"@id\":\"https:\\\/\\\/royalfamily.org\\\/lat\\\/slava-udruzenja-kraljevina-srbija-u-belom-dvoru\\\/#primaryimage\",\"url\":\"https:\\\/\\\/royalfamily.org\\\/wp-content\\\/uploads\\\/2023\\\/02\\\/COVER-KS-slava.jpg\",\"contentUrl\":\"https:\\\/\\\/royalfamily.org\\\/wp-content\\\/uploads\\\/2023\\\/02\\\/COVER-KS-slava.jpg\",\"width\":740,\"height\":360,\"caption\":\"SLAVA UDRU\u017dENJA \u041aRALJEVINA SRBIJA U BELOM DVORU\"},{\"@type\":\"BreadcrumbList\",\"@id\":\"https:\\\/\\\/royalfamily.org\\\/lat\\\/slava-udruzenja-kraljevina-srbija-u-belom-dvoru\\\/#breadcrumb\",\"itemListElement\":[{\"@type\":\"ListItem\",\"position\":1,\"name\":\"Home\",\"item\":\"https:\\\/\\\/royalfamily.org\\\/lat\\\/\"},{\"@type\":\"ListItem\",\"position\":2,\"name\":\"SLAVA UDRU\u017dENJA \u041aRALJEVINA SRBIJA U BELOM DVORU\"}]},{\"@type\":\"WebSite\",\"@id\":\"https:\\\/\\\/royalfamily.org\\\/#website\",\"url\":\"https:\\\/\\\/royalfamily.org\\\/\",\"name\":\"The Royal Family of Serbia\",\"description\":\"From the people, for the people\",\"publisher\":{\"@id\":\"https:\\\/\\\/royalfamily.org\\\/#organization\"},\"potentialAction\":[{\"@type\":\"SearchAction\",\"target\":{\"@type\":\"EntryPoint\",\"urlTemplate\":\"https:\\\/\\\/royalfamily.org\\\/?s={search_term_string}\"},\"query-input\":{\"@type\":\"PropertyValueSpecification\",\"valueRequired\":true,\"valueName\":\"search_term_string\"}}],\"inLanguage\":\"sr-LT\"},{\"@type\":\"Organization\",\"@id\":\"https:\\\/\\\/royalfamily.org\\\/#organization\",\"name\":\"Royal Family\",\"url\":\"https:\\\/\\\/royalfamily.org\\\/\",\"logo\":{\"@type\":\"ImageObject\",\"inLanguage\":\"sr-LT\",\"@id\":\"https:\\\/\\\/royalfamily.org\\\/#\\\/schema\\\/logo\\\/image\\\/\",\"url\":\"https:\\\/\\\/royalfamily.org\\\/wp-content\\\/uploads\\\/2019\\\/04\\\/logo-vector-02-V-latinica.png\",\"contentUrl\":\"https:\\\/\\\/royalfamily.org\\\/wp-content\\\/uploads\\\/2019\\\/04\\\/logo-vector-02-V-latinica.png\",\"width\":552,\"height\":99,\"caption\":\"Royal Family\"},\"image\":{\"@id\":\"https:\\\/\\\/royalfamily.org\\\/#\\\/schema\\\/logo\\\/image\\\/\"},\"sameAs\":[\"https:\\\/\\\/www.facebook.com\\\/Prestolonaslednik.Aleksandar\"]},{\"@type\":\"Person\",\"@id\":\"https:\\\/\\\/royalfamily.org\\\/#\\\/schema\\\/person\\\/4ad3296a6a8a35eed333b6a785e9f648\",\"name\":\"Stefan Milanovic\",\"image\":{\"@type\":\"ImageObject\",\"inLanguage\":\"sr-LT\",\"@id\":\"https:\\\/\\\/secure.gravatar.com\\\/avatar\\\/92dcbdcf3e32112a9ceb1e41665b1f44c69382d014cacfe12c701f6af7c40259?s=96&d=mm&r=g\",\"url\":\"https:\\\/\\\/secure.gravatar.com\\\/avatar\\\/92dcbdcf3e32112a9ceb1e41665b1f44c69382d014cacfe12c701f6af7c40259?s=96&d=mm&r=g\",\"contentUrl\":\"https:\\\/\\\/secure.gravatar.com\\\/avatar\\\/92dcbdcf3e32112a9ceb1e41665b1f44c69382d014cacfe12c701f6af7c40259?s=96&d=mm&r=g\",\"caption\":\"Stefan Milanovic\"}}]}<\/script>\n<!-- \/ Yoast SEO Premium plugin. -->","yoast_head_json":{"title":"SLAVA UDRU\u017dENJA \u041aRALJEVINA SRBIJA U BELOM DVORU - The Royal Family of Serbia","robots":{"index":"index","follow":"follow","max-snippet":"max-snippet:-1","max-image-preview":"max-image-preview:large","max-video-preview":"max-video-preview:-1"},"canonical":"https:\/\/royalfamily.org\/lat\/slava-udruzenja-kraljevina-srbija-u-belom-dvoru\/","og_locale":"en_US","og_type":"article","og_title":"SLAVA UDRU\u017dENJA \u041aRALJEVINA SRBIJA U BELOM DVORU","og_url":"https:\/\/royalfamily.org\/lat\/slava-udruzenja-kraljevina-srbija-u-belom-dvoru\/","og_site_name":"The Royal Family of Serbia","article_publisher":"https:\/\/www.facebook.com\/Prestolonaslednik.Aleksandar","article_published_time":"2023-02-28T08:48:06+00:00","article_modified_time":"2023-02-28T08:54:26+00:00","og_image":[{"width":740,"height":360,"url":"https:\/\/royalfamily.org\/wp-content\/uploads\/2023\/02\/COVER-KS-slava.jpg","type":"image\/jpeg"}],"author":"Stefan Milanovic","twitter_card":"summary_large_image","twitter_misc":{"Written by":"Stefan Milanovic","Est. reading time":"5 minutes"},"schema":{"@context":"https:\/\/schema.org","@graph":[{"@type":"Article","@id":"https:\/\/royalfamily.org\/lat\/slava-udruzenja-kraljevina-srbija-u-belom-dvoru\/#article","isPartOf":{"@id":"https:\/\/royalfamily.org\/lat\/slava-udruzenja-kraljevina-srbija-u-belom-dvoru\/"},"author":{"name":"Stefan Milanovic","@id":"https:\/\/royalfamily.org\/#\/schema\/person\/4ad3296a6a8a35eed333b6a785e9f648"},"headline":"SLAVA UDRU\u017dENJA \u041aRALJEVINA SRBIJA U BELOM DVORU","datePublished":"2023-02-28T08:48:06+00:00","dateModified":"2023-02-28T08:54:26+00:00","mainEntityOfPage":{"@id":"https:\/\/royalfamily.org\/lat\/slava-udruzenja-kraljevina-srbija-u-belom-dvoru\/"},"wordCount":2386,"publisher":{"@id":"https:\/\/royalfamily.org\/#organization"},"image":{"@id":"https:\/\/royalfamily.org\/lat\/slava-udruzenja-kraljevina-srbija-u-belom-dvoru\/#primaryimage"},"thumbnailUrl":"https:\/\/royalfamily.org\/wp-content\/uploads\/2023\/02\/COVER-KS-slava.jpg","articleSection":["Vesti"],"inLanguage":"sr-LT"},{"@type":"WebPage","@id":"https:\/\/royalfamily.org\/lat\/slava-udruzenja-kraljevina-srbija-u-belom-dvoru\/","url":"https:\/\/royalfamily.org\/lat\/slava-udruzenja-kraljevina-srbija-u-belom-dvoru\/","name":"SLAVA UDRU\u017dENJA \u041aRALJEVINA SRBIJA U BELOM DVORU - The Royal Family of Serbia","isPartOf":{"@id":"https:\/\/royalfamily.org\/#website"},"primaryImageOfPage":{"@id":"https:\/\/royalfamily.org\/lat\/slava-udruzenja-kraljevina-srbija-u-belom-dvoru\/#primaryimage"},"image":{"@id":"https:\/\/royalfamily.org\/lat\/slava-udruzenja-kraljevina-srbija-u-belom-dvoru\/#primaryimage"},"thumbnailUrl":"https:\/\/royalfamily.org\/wp-content\/uploads\/2023\/02\/COVER-KS-slava.jpg","datePublished":"2023-02-28T08:48:06+00:00","dateModified":"2023-02-28T08:54:26+00:00","breadcrumb":{"@id":"https:\/\/royalfamily.org\/lat\/slava-udruzenja-kraljevina-srbija-u-belom-dvoru\/#breadcrumb"},"inLanguage":"sr-LT","potentialAction":[{"@type":"ReadAction","target":["https:\/\/royalfamily.org\/lat\/slava-udruzenja-kraljevina-srbija-u-belom-dvoru\/"]}]},{"@type":"ImageObject","inLanguage":"sr-LT","@id":"https:\/\/royalfamily.org\/lat\/slava-udruzenja-kraljevina-srbija-u-belom-dvoru\/#primaryimage","url":"https:\/\/royalfamily.org\/wp-content\/uploads\/2023\/02\/COVER-KS-slava.jpg","contentUrl":"https:\/\/royalfamily.org\/wp-content\/uploads\/2023\/02\/COVER-KS-slava.jpg","width":740,"height":360,"caption":"SLAVA UDRU\u017dENJA \u041aRALJEVINA SRBIJA U BELOM DVORU"},{"@type":"BreadcrumbList","@id":"https:\/\/royalfamily.org\/lat\/slava-udruzenja-kraljevina-srbija-u-belom-dvoru\/#breadcrumb","itemListElement":[{"@type":"ListItem","position":1,"name":"Home","item":"https:\/\/royalfamily.org\/lat\/"},{"@type":"ListItem","position":2,"name":"SLAVA UDRU\u017dENJA \u041aRALJEVINA SRBIJA U BELOM DVORU"}]},{"@type":"WebSite","@id":"https:\/\/royalfamily.org\/#website","url":"https:\/\/royalfamily.org\/","name":"The Royal Family of Serbia","description":"From the people, for the people","publisher":{"@id":"https:\/\/royalfamily.org\/#organization"},"potentialAction":[{"@type":"SearchAction","target":{"@type":"EntryPoint","urlTemplate":"https:\/\/royalfamily.org\/?s={search_term_string}"},"query-input":{"@type":"PropertyValueSpecification","valueRequired":true,"valueName":"search_term_string"}}],"inLanguage":"sr-LT"},{"@type":"Organization","@id":"https:\/\/royalfamily.org\/#organization","name":"Royal Family","url":"https:\/\/royalfamily.org\/","logo":{"@type":"ImageObject","inLanguage":"sr-LT","@id":"https:\/\/royalfamily.org\/#\/schema\/logo\/image\/","url":"https:\/\/royalfamily.org\/wp-content\/uploads\/2019\/04\/logo-vector-02-V-latinica.png","contentUrl":"https:\/\/royalfamily.org\/wp-content\/uploads\/2019\/04\/logo-vector-02-V-latinica.png","width":552,"height":99,"caption":"Royal Family"},"image":{"@id":"https:\/\/royalfamily.org\/#\/schema\/logo\/image\/"},"sameAs":["https:\/\/www.facebook.com\/Prestolonaslednik.Aleksandar"]},{"@type":"Person","@id":"https:\/\/royalfamily.org\/#\/schema\/person\/4ad3296a6a8a35eed333b6a785e9f648","name":"Stefan Milanovic","image":{"@type":"ImageObject","inLanguage":"sr-LT","@id":"https:\/\/secure.gravatar.com\/avatar\/92dcbdcf3e32112a9ceb1e41665b1f44c69382d014cacfe12c701f6af7c40259?s=96&d=mm&r=g","url":"https:\/\/secure.gravatar.com\/avatar\/92dcbdcf3e32112a9ceb1e41665b1f44c69382d014cacfe12c701f6af7c40259?s=96&d=mm&r=g","contentUrl":"https:\/\/secure.gravatar.com\/avatar\/92dcbdcf3e32112a9ceb1e41665b1f44c69382d014cacfe12c701f6af7c40259?s=96&d=mm&r=g","caption":"Stefan Milanovic"}}]}},"_links":{"self":[{"href":"https:\/\/royalfamily.org\/lat\/wp-json\/wp\/v2\/posts\/85057","targetHints":{"allow":["GET"]}}],"collection":[{"href":"https:\/\/royalfamily.org\/lat\/wp-json\/wp\/v2\/posts"}],"about":[{"href":"https:\/\/royalfamily.org\/lat\/wp-json\/wp\/v2\/types\/post"}],"author":[{"embeddable":true,"href":"https:\/\/royalfamily.org\/lat\/wp-json\/wp\/v2\/users\/1001015"}],"replies":[{"embeddable":true,"href":"https:\/\/royalfamily.org\/lat\/wp-json\/wp\/v2\/comments?post=85057"}],"version-history":[{"count":3,"href":"https:\/\/royalfamily.org\/lat\/wp-json\/wp\/v2\/posts\/85057\/revisions"}],"predecessor-version":[{"id":85063,"href":"https:\/\/royalfamily.org\/lat\/wp-json\/wp\/v2\/posts\/85057\/revisions\/85063"}],"wp:featuredmedia":[{"embeddable":true,"href":"https:\/\/royalfamily.org\/lat\/wp-json\/wp\/v2\/media\/85054"}],"wp:attachment":[{"href":"https:\/\/royalfamily.org\/lat\/wp-json\/wp\/v2\/media?parent=85057"}],"wp:term":[{"taxonomy":"category","embeddable":true,"href":"https:\/\/royalfamily.org\/lat\/wp-json\/wp\/v2\/categories?post=85057"},{"taxonomy":"post_tag","embeddable":true,"href":"https:\/\/royalfamily.org\/lat\/wp-json\/wp\/v2\/tags?post=85057"}],"curies":[{"name":"wp","href":"https:\/\/api.w.org\/{rel}","templated":true}]}}