{"id":85216,"date":"2023-03-10T14:59:22","date_gmt":"2023-03-10T13:59:22","guid":{"rendered":"https:\/\/royalfamily.org\/?p=85216"},"modified":"2023-03-10T14:59:25","modified_gmt":"2023-03-10T13:59:25","slug":"ambasade-belgije-i-libije-pridruzile-se-ekoloskom-projektu-u-dvorskom-kompleksu","status":"publish","type":"post","link":"https:\/\/royalfamily.org\/lat\/ambasade-belgije-i-libije-pridruzile-se-ekoloskom-projektu-u-dvorskom-kompleksu\/","title":{"rendered":"AMBASADE BELGIJE I LIBIJE PRIDRU\u017dILE SE EKOLO\u0160KOM PROJEKTU U DVORSKOM KOMPLEKSU"},"content":{"rendered":"<p><div class=\"fusion-fullwidth fullwidth-box fusion-builder-row-1 fusion-flex-container has-pattern-background has-mask-background nonhundred-percent-fullwidth non-hundred-percent-height-scrolling\" style=\"--awb-border-radius-top-left:0px;--awb-border-radius-top-right:0px;--awb-border-radius-bottom-right:0px;--awb-border-radius-bottom-left:0px;--awb-flex-wrap:wrap;\" ><div class=\"fusion-builder-row fusion-row fusion-flex-align-items-flex-start fusion-flex-content-wrap\" style=\"max-width:1227.2px;margin-left: calc(-4% \/ 2 );margin-right: calc(-4% \/ 2 );\"><div class=\"fusion-layout-column fusion_builder_column fusion-builder-column-0 fusion_builder_column_1_1 1_1 fusion-flex-column\" style=\"--awb-bg-size:cover;--awb-width-large:100%;--awb-margin-top-large:0px;--awb-spacing-right-large:1.92%;--awb-margin-bottom-large:20px;--awb-spacing-left-large:1.92%;--awb-width-medium:100%;--awb-order-medium:0;--awb-spacing-right-medium:1.92%;--awb-spacing-left-medium:1.92%;--awb-width-small:100%;--awb-order-small:0;--awb-spacing-right-small:1.92%;--awb-spacing-left-small:1.92%;\"><div class=\"fusion-column-wrapper fusion-column-has-shadow fusion-flex-justify-content-flex-start fusion-content-layout-column\"><div class=\"fusion-text fusion-text-1\"><p>Ambasade Kraljevine Belgije i Libije pridru\u017eile su se drugim diplomatskim predstavni\u0161tvima u Srbiji, kompanijama i pojedincima u podr\u0161ci ekolo\u0161kom projektu \u201eMemorijalna sadnja drve\u0107a u Dvorskom kompleksu\u201c i zasadile sadnice u Dvorskom parku na Dedinju.<\/p>\n<p>Ambasadorka Kraljevine Belgije u Srbiji, Nj.E. gospo\u0111a Keti Bagenot, u prisustvu Nj.K.V. Prestolonaslednika Aleksandra i Princeze Katarine, zasadila je danas hrast sa posvetom \u201eZajedno za bolju \u017eivotnu sredinu\u201c. Pre sadnje, Njenu Ekselenciju sa suprugom i ostalim predstavnicima ambasade do\u010dekala su Njihova Kraljevska Viso\u010danstva u Kraljevskom Dvoru, a ovom prilikom je\u00a0 organizovan i obilazak doma Kraljevske porodice Srbije.<\/p>\n<p>Nj.E. gospodin Mohamed Galbun, ambasador Libije u Srbiji, zajedno sa drugim zvani\u010dnicima libijske ambasade, zasadio je hrast ranije ovog meseca, 1. marta. Po\u0161to su Nj.K.V. Prestolonaslednik Aleksandar i Princeza Katarina u to vreme bili u inostranstvu, zbog dobrotvorne aktivnosti u Njujorku, Njegova Ekselencija \u0107e se u narednom periodu sastati sa Njihovim Kraljevskim Viso\u010danstvima u Kraljevskom dvoru.<\/p>\n<p>\u201e\u017deleo bih da se zahvalim ambasadorki Kraljevine Belgije u Srbiji i ambasadoru Libije u Srbiji, koji su prepoznali zna\u010daj na\u0161eg ekolo\u0161kog projekta i \u0161to su izabrali prelepi Dvorski park da u njemu \u010duvamo svedo\u010danstvo o dobrim odnosima izme\u0111u na\u0161ih zemalja, jer \u0107e ova zasa\u0111ena stabla tako\u0111e stajati kao simbol saradnje i prijateljstva na\u0161ih naroda.<\/p>\n<p>Veoma me raduje \u0161to se Dvorski park obnavlja. Time se ostvaruje vizija mog dede, Kralja Aleksandra I, i veoma sam zadovoljan \u0161to \u0107e njegov san nastaviti da \u017eivi. Svako zasa\u0111eno drvo je od velikog zna\u010daja i za sada\u0161nje i budu\u0107e generacije i mo\u017eda je najprikladniji dar od svega \u0161to mo\u017eemo dati na\u0161oj planeti i \u017eivotnoj sredini. To je poklon koji je trajan\u201c, rekao je Nj.K.V. Prestolonaslednik Aleksandar.<\/p>\n<p>Ekolo\u0161ki projekat \u201e<a href=\"https:\/\/royalfamily.org\/cir\/memorijalna-sadnja-drveca-u-dvorskom-kompleksu\/\">Memorijalna sadnja drve\u0107a u Dvorskom kompleksu<\/a>\u201c iniciran je u decembru 2021. godine sa glavnim ciljem da se odgovori na izazove sa kojima se suo\u010dava \u0161uma Dvorskog kompleksa u kojoj mnoga stabla umiru zbog starosti, kao i da se unapredi \u017eivotna sredina i doprinese o\u010duvanju prirode. Ovaj projekat neguje i zaostav\u0161tinu Nj.V. Kralja Aleksandra I \u2013 pribli\u017eava se 100. godi\u0161njica od kako je on svojim li\u010dnim sredstvima podigao Kraljevski Dvor i li\u010dno u\u010destvovao u projektovanju Dvorskog parka.<\/p>\n<\/div><\/div><\/div><\/div><\/div><div class=\"fusion-fullwidth fullwidth-box fusion-builder-row-2 fusion-flex-container has-pattern-background has-mask-background nonhundred-percent-fullwidth non-hundred-percent-height-scrolling\" style=\"--awb-border-radius-top-left:0px;--awb-border-radius-top-right:0px;--awb-border-radius-bottom-right:0px;--awb-border-radius-bottom-left:0px;--awb-flex-wrap:wrap;\" ><div class=\"fusion-builder-row fusion-row fusion-flex-align-items-flex-start fusion-flex-content-wrap\" style=\"max-width:1227.2px;margin-left: calc(-4% \/ 2 );margin-right: calc(-4% \/ 2 );\"><div class=\"fusion-layout-column fusion_builder_column fusion-builder-column-1 fusion_builder_column_1_1 1_1 fusion-flex-column\" style=\"--awb-bg-size:cover;--awb-width-large:100%;--awb-margin-top-large:0px;--awb-spacing-right-large:1.92%;--awb-margin-bottom-large:20px;--awb-spacing-left-large:1.92%;--awb-width-medium:100%;--awb-order-medium:0;--awb-spacing-right-medium:1.92%;--awb-spacing-left-medium:1.92%;--awb-width-small:100%;--awb-order-small:0;--awb-spacing-right-small:1.92%;--awb-spacing-left-small:1.92%;\"><div class=\"fusion-column-wrapper fusion-column-has-shadow fusion-flex-justify-content-flex-start fusion-content-layout-column\"><div class=\"awb-gallery-wrapper awb-gallery-wrapper-1 button-span-no\" style=\"--more-btn-alignment:center;\" data-limit=\"20\" data-page=\"1\"><div style=\"margin:-5px;--awb-bordersize:0px;\" class=\"fusion-gallery fusion-gallery-container fusion-grid-3 fusion-columns-total-10 fusion-gallery-layout-grid fusion-gallery-1\"><div style=\"padding:5px;\" class=\"fusion-grid-column fusion-gallery-column fusion-gallery-column-3 hover-type-none\"><div class=\"fusion-gallery-image\"><a href=\"https:\/\/royalfamily.org\/wp-content\/uploads\/2023\/03\/1-8F2A2844.jpg\" data-caption=\"Ambasadorka \u041araljevine Belgije u Srbiji, NJ.E. gospo\u0111a \u041aeti Bagenot, sadi drvo u Dvorskom kompleksu\" rel=\"noreferrer\" data-rel=\"iLightbox[gallery_image_1]\" class=\"fusion-lightbox\" target=\"_self\"><img decoding=\"async\" src=\"https:\/\/royalfamily.org\/wp-content\/uploads\/2023\/03\/1-8F2A2844.jpg\" width=\"1772\" height=\"1181\" alt=\"Ambasadorka \u041araljevine Belgije u Srbiji, NJ.E. gospo\u0111a \u041aeti Bagenot, sadi drvo u Dvorskom kompleksu\" title=\"Ambasadorka \u041araljevine Belgije u Srbiji, NJ.E. gospo\u0111a \u041aeti Bagenot, sadi drvo u Dvorskom kompleksu\" aria-label=\"Ambasadorka \u041araljevine Belgije u Srbiji, NJ.E. gospo\u0111a \u041aeti Bagenot, sadi drvo u Dvorskom kompleksu\" class=\"img-responsive wp-image-85183\" srcset=\"https:\/\/royalfamily.org\/wp-content\/uploads\/2023\/03\/1-8F2A2844-200x133.jpg 200w, https:\/\/royalfamily.org\/wp-content\/uploads\/2023\/03\/1-8F2A2844-400x267.jpg 400w, https:\/\/royalfamily.org\/wp-content\/uploads\/2023\/03\/1-8F2A2844-600x400.jpg 600w, https:\/\/royalfamily.org\/wp-content\/uploads\/2023\/03\/1-8F2A2844-800x533.jpg 800w, https:\/\/royalfamily.org\/wp-content\/uploads\/2023\/03\/1-8F2A2844-1200x800.jpg 1200w, https:\/\/royalfamily.org\/wp-content\/uploads\/2023\/03\/1-8F2A2844.jpg 1772w\" sizes=\"(min-width: 2200px) 100vw, (min-width: 824px) 390px, (min-width: 732px) 585px, (min-width: 640px) 732px, \" \/><\/a><\/div><\/div><div style=\"padding:5px;\" class=\"fusion-grid-column fusion-gallery-column fusion-gallery-column-3 hover-type-none\"><div class=\"fusion-gallery-image\"><a href=\"https:\/\/royalfamily.org\/wp-content\/uploads\/2023\/03\/2-8F2A1780w.jpg\" data-caption=\"NJ.E. gospodin Mohamed Galbun, ambasador Libije u Srbiji, sadi drvo u Dvorskom kompleksu\" rel=\"noreferrer\" data-rel=\"iLightbox[gallery_image_1]\" class=\"fusion-lightbox\" target=\"_self\"><img decoding=\"async\" src=\"https:\/\/royalfamily.org\/wp-content\/uploads\/2023\/03\/2-8F2A1780w.jpg\" width=\"1772\" height=\"1181\" alt=\"NJ.E. gospodin Mohamed Galbun, ambasador Libije u Srbiji, sadi drvo u Dvorskom kompleksu\" title=\"NJ.E. gospodin Mohamed Galbun, ambasador Libije u Srbiji, sadi drvo u Dvorskom kompleksu\" aria-label=\"NJ.E. gospodin Mohamed Galbun, ambasador Libije u Srbiji, sadi drvo u Dvorskom kompleksu\" class=\"img-responsive wp-image-85186\" srcset=\"https:\/\/royalfamily.org\/wp-content\/uploads\/2023\/03\/2-8F2A1780w-200x133.jpg 200w, https:\/\/royalfamily.org\/wp-content\/uploads\/2023\/03\/2-8F2A1780w-400x267.jpg 400w, https:\/\/royalfamily.org\/wp-content\/uploads\/2023\/03\/2-8F2A1780w-600x400.jpg 600w, https:\/\/royalfamily.org\/wp-content\/uploads\/2023\/03\/2-8F2A1780w-800x533.jpg 800w, https:\/\/royalfamily.org\/wp-content\/uploads\/2023\/03\/2-8F2A1780w-1200x800.jpg 1200w, https:\/\/royalfamily.org\/wp-content\/uploads\/2023\/03\/2-8F2A1780w.jpg 1772w\" sizes=\"(min-width: 2200px) 100vw, (min-width: 824px) 390px, (min-width: 732px) 585px, (min-width: 640px) 732px, \" \/><\/a><\/div><\/div><div style=\"padding:5px;\" class=\"fusion-grid-column fusion-gallery-column fusion-gallery-column-3 hover-type-none\"><div class=\"fusion-gallery-image\"><a href=\"https:\/\/royalfamily.org\/wp-content\/uploads\/2023\/03\/3-8F2A2815.jpg\" data-caption=\"Ambasadorka \u041araljevine Belgije u Srbiji, NJ.E. gospo\u0111a \u041aeti Bagenot, sadi drvo u Dvorskom kompleksu\" rel=\"noreferrer\" data-rel=\"iLightbox[gallery_image_1]\" class=\"fusion-lightbox\" target=\"_self\"><img decoding=\"async\" src=\"https:\/\/royalfamily.org\/wp-content\/uploads\/2023\/03\/3-8F2A2815.jpg\" width=\"1772\" height=\"1181\" alt=\"Ambasadorka \u041araljevine Belgije u Srbiji, NJ.E. gospo\u0111a \u041aeti Bagenot, sadi drvo u Dvorskom kompleksu\" title=\"Ambasadorka \u041araljevine Belgije u Srbiji, NJ.E. gospo\u0111a \u041aeti Bagenot, sadi drvo u Dvorskom kompleksu\" aria-label=\"Ambasadorka \u041araljevine Belgije u Srbiji, NJ.E. gospo\u0111a \u041aeti Bagenot, sadi drvo u Dvorskom kompleksu\" class=\"img-responsive wp-image-85189\" srcset=\"https:\/\/royalfamily.org\/wp-content\/uploads\/2023\/03\/3-8F2A2815-200x133.jpg 200w, https:\/\/royalfamily.org\/wp-content\/uploads\/2023\/03\/3-8F2A2815-400x267.jpg 400w, https:\/\/royalfamily.org\/wp-content\/uploads\/2023\/03\/3-8F2A2815-600x400.jpg 600w, https:\/\/royalfamily.org\/wp-content\/uploads\/2023\/03\/3-8F2A2815-800x533.jpg 800w, https:\/\/royalfamily.org\/wp-content\/uploads\/2023\/03\/3-8F2A2815-1200x800.jpg 1200w, https:\/\/royalfamily.org\/wp-content\/uploads\/2023\/03\/3-8F2A2815.jpg 1772w\" sizes=\"(min-width: 2200px) 100vw, (min-width: 824px) 390px, (min-width: 732px) 585px, (min-width: 640px) 732px, \" \/><\/a><\/div><\/div><div class=\"clearfix\"><\/div><div style=\"padding:5px;\" class=\"fusion-grid-column fusion-gallery-column fusion-gallery-column-3 hover-type-none\"><div class=\"fusion-gallery-image\"><a href=\"https:\/\/royalfamily.org\/wp-content\/uploads\/2023\/03\/4-8F2A1791w.jpg\" data-caption=\"NJ.E. gospodin Mohamed Galbun, ambasador Libije u Srbiji, sadi drvo u Dvorskom kompleksu\" rel=\"noreferrer\" data-rel=\"iLightbox[gallery_image_1]\" class=\"fusion-lightbox\" target=\"_self\"><img decoding=\"async\" src=\"https:\/\/royalfamily.org\/wp-content\/uploads\/2023\/03\/4-8F2A1791w.jpg\" width=\"1772\" height=\"1181\" alt=\"NJ.E. gospodin Mohamed Galbun, ambasador Libije u Srbiji, sadi drvo u Dvorskom kompleksu\" title=\"NJ.E. gospodin Mohamed Galbun, ambasador Libije u Srbiji, sadi drvo u Dvorskom kompleksu\" aria-label=\"NJ.E. gospodin Mohamed Galbun, ambasador Libije u Srbiji, sadi drvo u Dvorskom kompleksu\" class=\"img-responsive wp-image-85192\" srcset=\"https:\/\/royalfamily.org\/wp-content\/uploads\/2023\/03\/4-8F2A1791w-200x133.jpg 200w, https:\/\/royalfamily.org\/wp-content\/uploads\/2023\/03\/4-8F2A1791w-400x267.jpg 400w, https:\/\/royalfamily.org\/wp-content\/uploads\/2023\/03\/4-8F2A1791w-600x400.jpg 600w, https:\/\/royalfamily.org\/wp-content\/uploads\/2023\/03\/4-8F2A1791w-800x533.jpg 800w, https:\/\/royalfamily.org\/wp-content\/uploads\/2023\/03\/4-8F2A1791w-1200x800.jpg 1200w, https:\/\/royalfamily.org\/wp-content\/uploads\/2023\/03\/4-8F2A1791w.jpg 1772w\" sizes=\"(min-width: 2200px) 100vw, (min-width: 824px) 390px, (min-width: 732px) 585px, (min-width: 640px) 732px, \" \/><\/a><\/div><\/div><div style=\"padding:5px;\" class=\"fusion-grid-column fusion-gallery-column fusion-gallery-column-3 hover-type-none\"><div class=\"fusion-gallery-image\"><a href=\"https:\/\/royalfamily.org\/wp-content\/uploads\/2023\/03\/5-8F2A2874.jpg\" data-caption=\"Ambasadorka \u041araljevine Belgije u Srbiji, NJ.E. gospo\u0111a \u041aeti Bagenot, sadi drvo u Dvorskom kompleksu\" rel=\"noreferrer\" data-rel=\"iLightbox[gallery_image_1]\" class=\"fusion-lightbox\" target=\"_self\"><img decoding=\"async\" src=\"https:\/\/royalfamily.org\/wp-content\/uploads\/2023\/03\/5-8F2A2874.jpg\" width=\"1772\" height=\"1181\" alt=\"Ambasadorka \u041araljevine Belgije u Srbiji, NJ.E. gospo\u0111a \u041aeti Bagenot, sadi drvo u Dvorskom kompleksu\" title=\"Ambasadorka \u041araljevine Belgije u Srbiji, NJ.E. gospo\u0111a \u041aeti Bagenot, sadi drvo u Dvorskom kompleksu\" aria-label=\"Ambasadorka \u041araljevine Belgije u Srbiji, NJ.E. gospo\u0111a \u041aeti Bagenot, sadi drvo u Dvorskom kompleksu\" class=\"img-responsive wp-image-85195\" srcset=\"https:\/\/royalfamily.org\/wp-content\/uploads\/2023\/03\/5-8F2A2874-200x133.jpg 200w, https:\/\/royalfamily.org\/wp-content\/uploads\/2023\/03\/5-8F2A2874-400x267.jpg 400w, https:\/\/royalfamily.org\/wp-content\/uploads\/2023\/03\/5-8F2A2874-600x400.jpg 600w, https:\/\/royalfamily.org\/wp-content\/uploads\/2023\/03\/5-8F2A2874-800x533.jpg 800w, https:\/\/royalfamily.org\/wp-content\/uploads\/2023\/03\/5-8F2A2874-1200x800.jpg 1200w, https:\/\/royalfamily.org\/wp-content\/uploads\/2023\/03\/5-8F2A2874.jpg 1772w\" sizes=\"(min-width: 2200px) 100vw, (min-width: 824px) 390px, (min-width: 732px) 585px, (min-width: 640px) 732px, \" \/><\/a><\/div><\/div><div style=\"padding:5px;\" class=\"fusion-grid-column fusion-gallery-column fusion-gallery-column-3 hover-type-none\"><div class=\"fusion-gallery-image\"><a href=\"https:\/\/royalfamily.org\/wp-content\/uploads\/2023\/03\/6-8F2A1783w.jpg\" data-caption=\"NJ.E. gospodin Mohamed Galbun, ambasador Libije u Srbiji, sadi drvo u Dvorskom kompleksu\" rel=\"noreferrer\" data-rel=\"iLightbox[gallery_image_1]\" class=\"fusion-lightbox\" target=\"_self\"><img decoding=\"async\" src=\"https:\/\/royalfamily.org\/wp-content\/uploads\/2023\/03\/6-8F2A1783w.jpg\" width=\"1772\" height=\"1181\" alt=\"NJ.E. gospodin Mohamed Galbun, ambasador Libije u Srbiji, sadi drvo u Dvorskom kompleksu\" title=\"NJ.E. gospodin Mohamed Galbun, ambasador Libije u Srbiji, sadi drvo u Dvorskom kompleksu\" aria-label=\"NJ.E. gospodin Mohamed Galbun, ambasador Libije u Srbiji, sadi drvo u Dvorskom kompleksu\" class=\"img-responsive wp-image-85198\" srcset=\"https:\/\/royalfamily.org\/wp-content\/uploads\/2023\/03\/6-8F2A1783w-200x133.jpg 200w, https:\/\/royalfamily.org\/wp-content\/uploads\/2023\/03\/6-8F2A1783w-400x267.jpg 400w, https:\/\/royalfamily.org\/wp-content\/uploads\/2023\/03\/6-8F2A1783w-600x400.jpg 600w, https:\/\/royalfamily.org\/wp-content\/uploads\/2023\/03\/6-8F2A1783w-800x533.jpg 800w, https:\/\/royalfamily.org\/wp-content\/uploads\/2023\/03\/6-8F2A1783w-1200x800.jpg 1200w, https:\/\/royalfamily.org\/wp-content\/uploads\/2023\/03\/6-8F2A1783w.jpg 1772w\" sizes=\"(min-width: 2200px) 100vw, (min-width: 824px) 390px, (min-width: 732px) 585px, (min-width: 640px) 732px, \" \/><\/a><\/div><\/div><div class=\"clearfix\"><\/div><div style=\"padding:5px;\" class=\"fusion-grid-column fusion-gallery-column fusion-gallery-column-3 hover-type-none\"><div class=\"fusion-gallery-image\"><a href=\"https:\/\/royalfamily.org\/wp-content\/uploads\/2023\/03\/7-8F2A2861.jpg\" data-caption=\"Ambasadorka \u041araljevine Belgije u Srbiji, NJ.E. gospo\u0111a \u041aeti Bagenot, sadi drvo u Dvorskom kompleksu\" rel=\"noreferrer\" data-rel=\"iLightbox[gallery_image_1]\" class=\"fusion-lightbox\" target=\"_self\"><img decoding=\"async\" src=\"https:\/\/royalfamily.org\/wp-content\/uploads\/2023\/03\/7-8F2A2861.jpg\" width=\"1772\" height=\"1181\" alt=\"Ambasadorka \u041araljevine Belgije u Srbiji, NJ.E. gospo\u0111a \u041aeti Bagenot, sadi drvo u Dvorskom kompleksu\" title=\"Ambasadorka \u041araljevine Belgije u Srbiji, NJ.E. gospo\u0111a \u041aeti Bagenot, sadi drvo u Dvorskom kompleksu\" aria-label=\"Ambasadorka \u041araljevine Belgije u Srbiji, NJ.E. gospo\u0111a \u041aeti Bagenot, sadi drvo u Dvorskom kompleksu\" class=\"img-responsive wp-image-85201\" srcset=\"https:\/\/royalfamily.org\/wp-content\/uploads\/2023\/03\/7-8F2A2861-200x133.jpg 200w, https:\/\/royalfamily.org\/wp-content\/uploads\/2023\/03\/7-8F2A2861-400x267.jpg 400w, https:\/\/royalfamily.org\/wp-content\/uploads\/2023\/03\/7-8F2A2861-600x400.jpg 600w, https:\/\/royalfamily.org\/wp-content\/uploads\/2023\/03\/7-8F2A2861-800x533.jpg 800w, https:\/\/royalfamily.org\/wp-content\/uploads\/2023\/03\/7-8F2A2861-1200x800.jpg 1200w, https:\/\/royalfamily.org\/wp-content\/uploads\/2023\/03\/7-8F2A2861.jpg 1772w\" sizes=\"(min-width: 2200px) 100vw, (min-width: 824px) 390px, (min-width: 732px) 585px, (min-width: 640px) 732px, \" \/><\/a><\/div><\/div><div style=\"padding:5px;\" class=\"fusion-grid-column fusion-gallery-column fusion-gallery-column-3 hover-type-none\"><div class=\"fusion-gallery-image\"><a href=\"https:\/\/royalfamily.org\/wp-content\/uploads\/2023\/03\/8-8F2A1795w.jpg\" data-caption=\"NJ.E. gospodin Mohamed Galbun, ambasador Libije u Srbiji, sadi drvo u Dvorskom kompleksu\" rel=\"noreferrer\" data-rel=\"iLightbox[gallery_image_1]\" class=\"fusion-lightbox\" target=\"_self\"><img decoding=\"async\" src=\"https:\/\/royalfamily.org\/wp-content\/uploads\/2023\/03\/8-8F2A1795w.jpg\" width=\"1772\" height=\"1181\" alt=\"NJ.E. gospodin Mohamed Galbun, ambasador Libije u Srbiji, sadi drvo u Dvorskom kompleksu\" title=\"NJ.E. gospodin Mohamed Galbun, ambasador Libije u Srbiji, sadi drvo u Dvorskom kompleksu\" aria-label=\"NJ.E. gospodin Mohamed Galbun, ambasador Libije u Srbiji, sadi drvo u Dvorskom kompleksu\" class=\"img-responsive wp-image-85204\" srcset=\"https:\/\/royalfamily.org\/wp-content\/uploads\/2023\/03\/8-8F2A1795w-200x133.jpg 200w, https:\/\/royalfamily.org\/wp-content\/uploads\/2023\/03\/8-8F2A1795w-400x267.jpg 400w, https:\/\/royalfamily.org\/wp-content\/uploads\/2023\/03\/8-8F2A1795w-600x400.jpg 600w, https:\/\/royalfamily.org\/wp-content\/uploads\/2023\/03\/8-8F2A1795w-800x533.jpg 800w, https:\/\/royalfamily.org\/wp-content\/uploads\/2023\/03\/8-8F2A1795w-1200x800.jpg 1200w, https:\/\/royalfamily.org\/wp-content\/uploads\/2023\/03\/8-8F2A1795w.jpg 1772w\" sizes=\"(min-width: 2200px) 100vw, (min-width: 824px) 390px, (min-width: 732px) 585px, (min-width: 640px) 732px, \" \/><\/a><\/div><\/div><div style=\"padding:5px;\" class=\"fusion-grid-column fusion-gallery-column fusion-gallery-column-3 hover-type-none\"><div class=\"fusion-gallery-image\"><a href=\"https:\/\/royalfamily.org\/wp-content\/uploads\/2023\/03\/9-8F2A2886.jpg\" data-caption=\"Ambasadorka \u041araljevine Belgije u Srbiji, NJ.E. gospo\u0111a \u041aeti Bagenot, sadi drvo u Dvorskom kompleksu\" rel=\"noreferrer\" data-rel=\"iLightbox[gallery_image_1]\" class=\"fusion-lightbox\" target=\"_self\"><img decoding=\"async\" src=\"https:\/\/royalfamily.org\/wp-content\/uploads\/2023\/03\/9-8F2A2886.jpg\" width=\"1772\" height=\"1181\" alt=\"Ambasadorka \u041araljevine Belgije u Srbiji, NJ.E. gospo\u0111a \u041aeti Bagenot, sadi drvo u Dvorskom kompleksu\" title=\"Ambasadorka \u041araljevine Belgije u Srbiji, NJ.E. gospo\u0111a \u041aeti Bagenot, sadi drvo u Dvorskom kompleksu\" aria-label=\"Ambasadorka \u041araljevine Belgije u Srbiji, NJ.E. gospo\u0111a \u041aeti Bagenot, sadi drvo u Dvorskom kompleksu\" class=\"img-responsive wp-image-85207\" srcset=\"https:\/\/royalfamily.org\/wp-content\/uploads\/2023\/03\/9-8F2A2886-200x133.jpg 200w, https:\/\/royalfamily.org\/wp-content\/uploads\/2023\/03\/9-8F2A2886-400x267.jpg 400w, https:\/\/royalfamily.org\/wp-content\/uploads\/2023\/03\/9-8F2A2886-600x400.jpg 600w, https:\/\/royalfamily.org\/wp-content\/uploads\/2023\/03\/9-8F2A2886-800x533.jpg 800w, https:\/\/royalfamily.org\/wp-content\/uploads\/2023\/03\/9-8F2A2886-1200x800.jpg 1200w, https:\/\/royalfamily.org\/wp-content\/uploads\/2023\/03\/9-8F2A2886.jpg 1772w\" sizes=\"(min-width: 2200px) 100vw, (min-width: 824px) 390px, (min-width: 732px) 585px, (min-width: 640px) 732px, \" \/><\/a><\/div><\/div><div class=\"clearfix\"><\/div><div style=\"padding:5px;\" class=\"fusion-grid-column fusion-gallery-column fusion-gallery-column-3 hover-type-none\"><div class=\"fusion-gallery-image\"><a href=\"https:\/\/royalfamily.org\/wp-content\/uploads\/2023\/03\/10-8F2A1787w.jpg\" data-caption=\"NJ.E. gospodin Mohamed Galbun, ambasador Libije u Srbiji, sadi drvo u Dvorskom kompleksu\" rel=\"noreferrer\" data-rel=\"iLightbox[gallery_image_1]\" class=\"fusion-lightbox\" target=\"_self\"><img decoding=\"async\" src=\"https:\/\/royalfamily.org\/wp-content\/uploads\/2023\/03\/10-8F2A1787w.jpg\" width=\"1772\" height=\"1181\" alt=\"NJ.E. gospodin Mohamed Galbun, ambasador Libije u Srbiji, sadi drvo u Dvorskom kompleksu\" title=\"NJ.E. gospodin Mohamed Galbun, ambasador Libije u Srbiji, sadi drvo u Dvorskom kompleksu\" aria-label=\"NJ.E. gospodin Mohamed Galbun, ambasador Libije u Srbiji, sadi drvo u Dvorskom kompleksu\" class=\"img-responsive wp-image-85210\" srcset=\"https:\/\/royalfamily.org\/wp-content\/uploads\/2023\/03\/10-8F2A1787w-200x133.jpg 200w, https:\/\/royalfamily.org\/wp-content\/uploads\/2023\/03\/10-8F2A1787w-400x267.jpg 400w, https:\/\/royalfamily.org\/wp-content\/uploads\/2023\/03\/10-8F2A1787w-600x400.jpg 600w, https:\/\/royalfamily.org\/wp-content\/uploads\/2023\/03\/10-8F2A1787w-800x533.jpg 800w, https:\/\/royalfamily.org\/wp-content\/uploads\/2023\/03\/10-8F2A1787w-1200x800.jpg 1200w, https:\/\/royalfamily.org\/wp-content\/uploads\/2023\/03\/10-8F2A1787w.jpg 1772w\" sizes=\"(min-width: 2200px) 100vw, (min-width: 824px) 390px, (min-width: 732px) 585px, (min-width: 640px) 732px, \" \/><\/a><\/div><\/div><\/div><\/div><\/div><\/div><\/div><\/div><\/p>\n","protected":false},"excerpt":{"rendered":"","protected":false},"author":1001015,"featured_media":85213,"comment_status":"closed","ping_status":"closed","sticky":false,"template":"","format":"standard","meta":{"_acf_changed":false,"footnotes":""},"categories":[22],"tags":[],"class_list":["post-85216","post","type-post","status-publish","format-standard","has-post-thumbnail","hentry","category-vesti"],"acf":[],"yoast_head":"<!-- This site is optimized with the Yoast SEO Premium plugin v27.4 (Yoast SEO v27.4) - https:\/\/yoast.com\/product\/yoast-seo-premium-wordpress\/ -->\n<title>AMBASADE BELGIJE I LIBIJE PRIDRU\u017dILE SE EKOLO\u0160KOM PROJEKTU U DVORSKOM KOMPLEKSU - The Royal Family of Serbia<\/title>\n<meta name=\"robots\" content=\"index, follow, max-snippet:-1, max-image-preview:large, max-video-preview:-1\" \/>\n<link rel=\"canonical\" href=\"https:\/\/royalfamily.org\/lat\/ambasade-belgije-i-libije-pridruzile-se-ekoloskom-projektu-u-dvorskom-kompleksu\/\" \/>\n<meta property=\"og:locale\" content=\"en_US\" \/>\n<meta property=\"og:type\" content=\"article\" \/>\n<meta property=\"og:title\" content=\"AMBASADE BELGIJE I LIBIJE PRIDRU\u017dILE SE EKOLO\u0160KOM PROJEKTU U DVORSKOM KOMPLEKSU\" \/>\n<meta property=\"og:url\" content=\"https:\/\/royalfamily.org\/lat\/ambasade-belgije-i-libije-pridruzile-se-ekoloskom-projektu-u-dvorskom-kompleksu\/\" \/>\n<meta property=\"og:site_name\" content=\"The Royal Family of Serbia\" \/>\n<meta property=\"article:publisher\" content=\"https:\/\/www.facebook.com\/Prestolonaslednik.Aleksandar\" \/>\n<meta property=\"article:published_time\" content=\"2023-03-10T13:59:22+00:00\" \/>\n<meta property=\"article:modified_time\" content=\"2023-03-10T13:59:25+00:00\" \/>\n<meta property=\"og:image\" content=\"https:\/\/royalfamily.org\/wp-content\/uploads\/2023\/03\/COVER-Sadnja-drveca.jpg\" \/>\n\t<meta property=\"og:image:width\" content=\"740\" \/>\n\t<meta property=\"og:image:height\" content=\"360\" \/>\n\t<meta property=\"og:image:type\" content=\"image\/jpeg\" \/>\n<meta name=\"author\" content=\"Stefan Milanovic\" \/>\n<meta name=\"twitter:card\" content=\"summary_large_image\" \/>\n<meta name=\"twitter:label1\" content=\"Written by\" \/>\n\t<meta name=\"twitter:data1\" content=\"Stefan Milanovic\" \/>\n<script type=\"application\/ld+json\" class=\"yoast-schema-graph\">{\"@context\":\"https:\\\/\\\/schema.org\",\"@graph\":[{\"@type\":\"Article\",\"@id\":\"https:\\\/\\\/royalfamily.org\\\/lat\\\/ambasade-belgije-i-libije-pridruzile-se-ekoloskom-projektu-u-dvorskom-kompleksu\\\/#article\",\"isPartOf\":{\"@id\":\"https:\\\/\\\/royalfamily.org\\\/lat\\\/ambasade-belgije-i-libije-pridruzile-se-ekoloskom-projektu-u-dvorskom-kompleksu\\\/\"},\"author\":{\"name\":\"Stefan Milanovic\",\"@id\":\"https:\\\/\\\/royalfamily.org\\\/#\\\/schema\\\/person\\\/4ad3296a6a8a35eed333b6a785e9f648\"},\"headline\":\"AMBASADE BELGIJE I LIBIJE PRIDRU\u017dILE SE EKOLO\u0160KOM PROJEKTU U DVORSKOM KOMPLEKSU\",\"datePublished\":\"2023-03-10T13:59:22+00:00\",\"dateModified\":\"2023-03-10T13:59:25+00:00\",\"mainEntityOfPage\":{\"@id\":\"https:\\\/\\\/royalfamily.org\\\/lat\\\/ambasade-belgije-i-libije-pridruzile-se-ekoloskom-projektu-u-dvorskom-kompleksu\\\/\"},\"wordCount\":2398,\"publisher\":{\"@id\":\"https:\\\/\\\/royalfamily.org\\\/#organization\"},\"image\":{\"@id\":\"https:\\\/\\\/royalfamily.org\\\/lat\\\/ambasade-belgije-i-libije-pridruzile-se-ekoloskom-projektu-u-dvorskom-kompleksu\\\/#primaryimage\"},\"thumbnailUrl\":\"https:\\\/\\\/royalfamily.org\\\/wp-content\\\/uploads\\\/2023\\\/03\\\/COVER-Sadnja-drveca.jpg\",\"articleSection\":[\"Vesti\"],\"inLanguage\":\"sr-LT\"},{\"@type\":\"WebPage\",\"@id\":\"https:\\\/\\\/royalfamily.org\\\/lat\\\/ambasade-belgije-i-libije-pridruzile-se-ekoloskom-projektu-u-dvorskom-kompleksu\\\/\",\"url\":\"https:\\\/\\\/royalfamily.org\\\/lat\\\/ambasade-belgije-i-libije-pridruzile-se-ekoloskom-projektu-u-dvorskom-kompleksu\\\/\",\"name\":\"AMBASADE BELGIJE I LIBIJE PRIDRU\u017dILE SE EKOLO\u0160KOM PROJEKTU U DVORSKOM KOMPLEKSU - The Royal Family of Serbia\",\"isPartOf\":{\"@id\":\"https:\\\/\\\/royalfamily.org\\\/#website\"},\"primaryImageOfPage\":{\"@id\":\"https:\\\/\\\/royalfamily.org\\\/lat\\\/ambasade-belgije-i-libije-pridruzile-se-ekoloskom-projektu-u-dvorskom-kompleksu\\\/#primaryimage\"},\"image\":{\"@id\":\"https:\\\/\\\/royalfamily.org\\\/lat\\\/ambasade-belgije-i-libije-pridruzile-se-ekoloskom-projektu-u-dvorskom-kompleksu\\\/#primaryimage\"},\"thumbnailUrl\":\"https:\\\/\\\/royalfamily.org\\\/wp-content\\\/uploads\\\/2023\\\/03\\\/COVER-Sadnja-drveca.jpg\",\"datePublished\":\"2023-03-10T13:59:22+00:00\",\"dateModified\":\"2023-03-10T13:59:25+00:00\",\"breadcrumb\":{\"@id\":\"https:\\\/\\\/royalfamily.org\\\/lat\\\/ambasade-belgije-i-libije-pridruzile-se-ekoloskom-projektu-u-dvorskom-kompleksu\\\/#breadcrumb\"},\"inLanguage\":\"sr-LT\",\"potentialAction\":[{\"@type\":\"ReadAction\",\"target\":[\"https:\\\/\\\/royalfamily.org\\\/lat\\\/ambasade-belgije-i-libije-pridruzile-se-ekoloskom-projektu-u-dvorskom-kompleksu\\\/\"]}]},{\"@type\":\"ImageObject\",\"inLanguage\":\"sr-LT\",\"@id\":\"https:\\\/\\\/royalfamily.org\\\/lat\\\/ambasade-belgije-i-libije-pridruzile-se-ekoloskom-projektu-u-dvorskom-kompleksu\\\/#primaryimage\",\"url\":\"https:\\\/\\\/royalfamily.org\\\/wp-content\\\/uploads\\\/2023\\\/03\\\/COVER-Sadnja-drveca.jpg\",\"contentUrl\":\"https:\\\/\\\/royalfamily.org\\\/wp-content\\\/uploads\\\/2023\\\/03\\\/COVER-Sadnja-drveca.jpg\",\"width\":740,\"height\":360,\"caption\":\"AMBASADE BELGIJE I LIBIJE PRIDRU\u017dILE SE EKOLO\u0160KOM PROJEKTU U DVORSKOM KOMPLEKSU\"},{\"@type\":\"BreadcrumbList\",\"@id\":\"https:\\\/\\\/royalfamily.org\\\/lat\\\/ambasade-belgije-i-libije-pridruzile-se-ekoloskom-projektu-u-dvorskom-kompleksu\\\/#breadcrumb\",\"itemListElement\":[{\"@type\":\"ListItem\",\"position\":1,\"name\":\"Home\",\"item\":\"https:\\\/\\\/royalfamily.org\\\/lat\\\/\"},{\"@type\":\"ListItem\",\"position\":2,\"name\":\"AMBASADE BELGIJE I LIBIJE PRIDRU\u017dILE SE EKOLO\u0160KOM PROJEKTU U DVORSKOM KOMPLEKSU\"}]},{\"@type\":\"WebSite\",\"@id\":\"https:\\\/\\\/royalfamily.org\\\/#website\",\"url\":\"https:\\\/\\\/royalfamily.org\\\/\",\"name\":\"The Royal Family of Serbia\",\"description\":\"From the people, for the people\",\"publisher\":{\"@id\":\"https:\\\/\\\/royalfamily.org\\\/#organization\"},\"potentialAction\":[{\"@type\":\"SearchAction\",\"target\":{\"@type\":\"EntryPoint\",\"urlTemplate\":\"https:\\\/\\\/royalfamily.org\\\/?s={search_term_string}\"},\"query-input\":{\"@type\":\"PropertyValueSpecification\",\"valueRequired\":true,\"valueName\":\"search_term_string\"}}],\"inLanguage\":\"sr-LT\"},{\"@type\":\"Organization\",\"@id\":\"https:\\\/\\\/royalfamily.org\\\/#organization\",\"name\":\"Royal Family\",\"url\":\"https:\\\/\\\/royalfamily.org\\\/\",\"logo\":{\"@type\":\"ImageObject\",\"inLanguage\":\"sr-LT\",\"@id\":\"https:\\\/\\\/royalfamily.org\\\/#\\\/schema\\\/logo\\\/image\\\/\",\"url\":\"https:\\\/\\\/royalfamily.org\\\/wp-content\\\/uploads\\\/2019\\\/04\\\/logo-vector-02-V-latinica.png\",\"contentUrl\":\"https:\\\/\\\/royalfamily.org\\\/wp-content\\\/uploads\\\/2019\\\/04\\\/logo-vector-02-V-latinica.png\",\"width\":552,\"height\":99,\"caption\":\"Royal Family\"},\"image\":{\"@id\":\"https:\\\/\\\/royalfamily.org\\\/#\\\/schema\\\/logo\\\/image\\\/\"},\"sameAs\":[\"https:\\\/\\\/www.facebook.com\\\/Prestolonaslednik.Aleksandar\"]},{\"@type\":\"Person\",\"@id\":\"https:\\\/\\\/royalfamily.org\\\/#\\\/schema\\\/person\\\/4ad3296a6a8a35eed333b6a785e9f648\",\"name\":\"Stefan Milanovic\",\"image\":{\"@type\":\"ImageObject\",\"inLanguage\":\"sr-LT\",\"@id\":\"https:\\\/\\\/secure.gravatar.com\\\/avatar\\\/92dcbdcf3e32112a9ceb1e41665b1f44c69382d014cacfe12c701f6af7c40259?s=96&d=mm&r=g\",\"url\":\"https:\\\/\\\/secure.gravatar.com\\\/avatar\\\/92dcbdcf3e32112a9ceb1e41665b1f44c69382d014cacfe12c701f6af7c40259?s=96&d=mm&r=g\",\"contentUrl\":\"https:\\\/\\\/secure.gravatar.com\\\/avatar\\\/92dcbdcf3e32112a9ceb1e41665b1f44c69382d014cacfe12c701f6af7c40259?s=96&d=mm&r=g\",\"caption\":\"Stefan Milanovic\"}}]}<\/script>\n<!-- \/ Yoast SEO Premium plugin. -->","yoast_head_json":{"title":"AMBASADE BELGIJE I LIBIJE PRIDRU\u017dILE SE EKOLO\u0160KOM PROJEKTU U DVORSKOM KOMPLEKSU - The Royal Family of Serbia","robots":{"index":"index","follow":"follow","max-snippet":"max-snippet:-1","max-image-preview":"max-image-preview:large","max-video-preview":"max-video-preview:-1"},"canonical":"https:\/\/royalfamily.org\/lat\/ambasade-belgije-i-libije-pridruzile-se-ekoloskom-projektu-u-dvorskom-kompleksu\/","og_locale":"en_US","og_type":"article","og_title":"AMBASADE BELGIJE I LIBIJE PRIDRU\u017dILE SE EKOLO\u0160KOM PROJEKTU U DVORSKOM KOMPLEKSU","og_url":"https:\/\/royalfamily.org\/lat\/ambasade-belgije-i-libije-pridruzile-se-ekoloskom-projektu-u-dvorskom-kompleksu\/","og_site_name":"The Royal Family of Serbia","article_publisher":"https:\/\/www.facebook.com\/Prestolonaslednik.Aleksandar","article_published_time":"2023-03-10T13:59:22+00:00","article_modified_time":"2023-03-10T13:59:25+00:00","og_image":[{"width":740,"height":360,"url":"https:\/\/royalfamily.org\/wp-content\/uploads\/2023\/03\/COVER-Sadnja-drveca.jpg","type":"image\/jpeg"}],"author":"Stefan Milanovic","twitter_card":"summary_large_image","twitter_misc":{"Written by":"Stefan Milanovic"},"schema":{"@context":"https:\/\/schema.org","@graph":[{"@type":"Article","@id":"https:\/\/royalfamily.org\/lat\/ambasade-belgije-i-libije-pridruzile-se-ekoloskom-projektu-u-dvorskom-kompleksu\/#article","isPartOf":{"@id":"https:\/\/royalfamily.org\/lat\/ambasade-belgije-i-libije-pridruzile-se-ekoloskom-projektu-u-dvorskom-kompleksu\/"},"author":{"name":"Stefan Milanovic","@id":"https:\/\/royalfamily.org\/#\/schema\/person\/4ad3296a6a8a35eed333b6a785e9f648"},"headline":"AMBASADE BELGIJE I LIBIJE PRIDRU\u017dILE SE EKOLO\u0160KOM PROJEKTU U DVORSKOM KOMPLEKSU","datePublished":"2023-03-10T13:59:22+00:00","dateModified":"2023-03-10T13:59:25+00:00","mainEntityOfPage":{"@id":"https:\/\/royalfamily.org\/lat\/ambasade-belgije-i-libije-pridruzile-se-ekoloskom-projektu-u-dvorskom-kompleksu\/"},"wordCount":2398,"publisher":{"@id":"https:\/\/royalfamily.org\/#organization"},"image":{"@id":"https:\/\/royalfamily.org\/lat\/ambasade-belgije-i-libije-pridruzile-se-ekoloskom-projektu-u-dvorskom-kompleksu\/#primaryimage"},"thumbnailUrl":"https:\/\/royalfamily.org\/wp-content\/uploads\/2023\/03\/COVER-Sadnja-drveca.jpg","articleSection":["Vesti"],"inLanguage":"sr-LT"},{"@type":"WebPage","@id":"https:\/\/royalfamily.org\/lat\/ambasade-belgije-i-libije-pridruzile-se-ekoloskom-projektu-u-dvorskom-kompleksu\/","url":"https:\/\/royalfamily.org\/lat\/ambasade-belgije-i-libije-pridruzile-se-ekoloskom-projektu-u-dvorskom-kompleksu\/","name":"AMBASADE BELGIJE I LIBIJE PRIDRU\u017dILE SE EKOLO\u0160KOM PROJEKTU U DVORSKOM KOMPLEKSU - The Royal Family of Serbia","isPartOf":{"@id":"https:\/\/royalfamily.org\/#website"},"primaryImageOfPage":{"@id":"https:\/\/royalfamily.org\/lat\/ambasade-belgije-i-libije-pridruzile-se-ekoloskom-projektu-u-dvorskom-kompleksu\/#primaryimage"},"image":{"@id":"https:\/\/royalfamily.org\/lat\/ambasade-belgije-i-libije-pridruzile-se-ekoloskom-projektu-u-dvorskom-kompleksu\/#primaryimage"},"thumbnailUrl":"https:\/\/royalfamily.org\/wp-content\/uploads\/2023\/03\/COVER-Sadnja-drveca.jpg","datePublished":"2023-03-10T13:59:22+00:00","dateModified":"2023-03-10T13:59:25+00:00","breadcrumb":{"@id":"https:\/\/royalfamily.org\/lat\/ambasade-belgije-i-libije-pridruzile-se-ekoloskom-projektu-u-dvorskom-kompleksu\/#breadcrumb"},"inLanguage":"sr-LT","potentialAction":[{"@type":"ReadAction","target":["https:\/\/royalfamily.org\/lat\/ambasade-belgije-i-libije-pridruzile-se-ekoloskom-projektu-u-dvorskom-kompleksu\/"]}]},{"@type":"ImageObject","inLanguage":"sr-LT","@id":"https:\/\/royalfamily.org\/lat\/ambasade-belgije-i-libije-pridruzile-se-ekoloskom-projektu-u-dvorskom-kompleksu\/#primaryimage","url":"https:\/\/royalfamily.org\/wp-content\/uploads\/2023\/03\/COVER-Sadnja-drveca.jpg","contentUrl":"https:\/\/royalfamily.org\/wp-content\/uploads\/2023\/03\/COVER-Sadnja-drveca.jpg","width":740,"height":360,"caption":"AMBASADE BELGIJE I LIBIJE PRIDRU\u017dILE SE EKOLO\u0160KOM PROJEKTU U DVORSKOM KOMPLEKSU"},{"@type":"BreadcrumbList","@id":"https:\/\/royalfamily.org\/lat\/ambasade-belgije-i-libije-pridruzile-se-ekoloskom-projektu-u-dvorskom-kompleksu\/#breadcrumb","itemListElement":[{"@type":"ListItem","position":1,"name":"Home","item":"https:\/\/royalfamily.org\/lat\/"},{"@type":"ListItem","position":2,"name":"AMBASADE BELGIJE I LIBIJE PRIDRU\u017dILE SE EKOLO\u0160KOM PROJEKTU U DVORSKOM KOMPLEKSU"}]},{"@type":"WebSite","@id":"https:\/\/royalfamily.org\/#website","url":"https:\/\/royalfamily.org\/","name":"The Royal Family of Serbia","description":"From the people, for the people","publisher":{"@id":"https:\/\/royalfamily.org\/#organization"},"potentialAction":[{"@type":"SearchAction","target":{"@type":"EntryPoint","urlTemplate":"https:\/\/royalfamily.org\/?s={search_term_string}"},"query-input":{"@type":"PropertyValueSpecification","valueRequired":true,"valueName":"search_term_string"}}],"inLanguage":"sr-LT"},{"@type":"Organization","@id":"https:\/\/royalfamily.org\/#organization","name":"Royal Family","url":"https:\/\/royalfamily.org\/","logo":{"@type":"ImageObject","inLanguage":"sr-LT","@id":"https:\/\/royalfamily.org\/#\/schema\/logo\/image\/","url":"https:\/\/royalfamily.org\/wp-content\/uploads\/2019\/04\/logo-vector-02-V-latinica.png","contentUrl":"https:\/\/royalfamily.org\/wp-content\/uploads\/2019\/04\/logo-vector-02-V-latinica.png","width":552,"height":99,"caption":"Royal Family"},"image":{"@id":"https:\/\/royalfamily.org\/#\/schema\/logo\/image\/"},"sameAs":["https:\/\/www.facebook.com\/Prestolonaslednik.Aleksandar"]},{"@type":"Person","@id":"https:\/\/royalfamily.org\/#\/schema\/person\/4ad3296a6a8a35eed333b6a785e9f648","name":"Stefan Milanovic","image":{"@type":"ImageObject","inLanguage":"sr-LT","@id":"https:\/\/secure.gravatar.com\/avatar\/92dcbdcf3e32112a9ceb1e41665b1f44c69382d014cacfe12c701f6af7c40259?s=96&d=mm&r=g","url":"https:\/\/secure.gravatar.com\/avatar\/92dcbdcf3e32112a9ceb1e41665b1f44c69382d014cacfe12c701f6af7c40259?s=96&d=mm&r=g","contentUrl":"https:\/\/secure.gravatar.com\/avatar\/92dcbdcf3e32112a9ceb1e41665b1f44c69382d014cacfe12c701f6af7c40259?s=96&d=mm&r=g","caption":"Stefan Milanovic"}}]}},"_links":{"self":[{"href":"https:\/\/royalfamily.org\/lat\/wp-json\/wp\/v2\/posts\/85216","targetHints":{"allow":["GET"]}}],"collection":[{"href":"https:\/\/royalfamily.org\/lat\/wp-json\/wp\/v2\/posts"}],"about":[{"href":"https:\/\/royalfamily.org\/lat\/wp-json\/wp\/v2\/types\/post"}],"author":[{"embeddable":true,"href":"https:\/\/royalfamily.org\/lat\/wp-json\/wp\/v2\/users\/1001015"}],"replies":[{"embeddable":true,"href":"https:\/\/royalfamily.org\/lat\/wp-json\/wp\/v2\/comments?post=85216"}],"version-history":[{"count":1,"href":"https:\/\/royalfamily.org\/lat\/wp-json\/wp\/v2\/posts\/85216\/revisions"}],"predecessor-version":[{"id":85217,"href":"https:\/\/royalfamily.org\/lat\/wp-json\/wp\/v2\/posts\/85216\/revisions\/85217"}],"wp:featuredmedia":[{"embeddable":true,"href":"https:\/\/royalfamily.org\/lat\/wp-json\/wp\/v2\/media\/85213"}],"wp:attachment":[{"href":"https:\/\/royalfamily.org\/lat\/wp-json\/wp\/v2\/media?parent=85216"}],"wp:term":[{"taxonomy":"category","embeddable":true,"href":"https:\/\/royalfamily.org\/lat\/wp-json\/wp\/v2\/categories?post=85216"},{"taxonomy":"post_tag","embeddable":true,"href":"https:\/\/royalfamily.org\/lat\/wp-json\/wp\/v2\/tags?post=85216"}],"curies":[{"name":"wp","href":"https:\/\/api.w.org\/{rel}","templated":true}]}}