{"id":85240,"date":"2023-03-13T14:42:00","date_gmt":"2023-03-13T13:42:00","guid":{"rendered":"https:\/\/royalfamily.org\/?p=85240"},"modified":"2023-03-13T14:42:02","modified_gmt":"2023-03-13T13:42:02","slug":"kraljevski-par-docekao-udruzenje-mladih-eko-infiniti-u-dvoru","status":"publish","type":"post","link":"https:\/\/royalfamily.org\/lat\/kraljevski-par-docekao-udruzenje-mladih-eko-infiniti-u-dvoru\/","title":{"rendered":"KRALJEVSKI PAR DO\u010cEKAO UDRU\u017dENjE MLADIH \u201eEKO INFINITI\u201c U DVORU"},"content":{"rendered":"<p><div class=\"fusion-fullwidth fullwidth-box fusion-builder-row-1 fusion-flex-container has-pattern-background has-mask-background nonhundred-percent-fullwidth non-hundred-percent-height-scrolling\" style=\"--awb-border-radius-top-left:0px;--awb-border-radius-top-right:0px;--awb-border-radius-bottom-right:0px;--awb-border-radius-bottom-left:0px;--awb-flex-wrap:wrap;\" ><div class=\"fusion-builder-row fusion-row fusion-flex-align-items-flex-start fusion-flex-content-wrap\" style=\"max-width:1227.2px;margin-left: calc(-4% \/ 2 );margin-right: calc(-4% \/ 2 );\"><div class=\"fusion-layout-column fusion_builder_column fusion-builder-column-0 fusion_builder_column_1_1 1_1 fusion-flex-column\" style=\"--awb-bg-size:cover;--awb-width-large:100%;--awb-margin-top-large:0px;--awb-spacing-right-large:1.92%;--awb-margin-bottom-large:20px;--awb-spacing-left-large:1.92%;--awb-width-medium:100%;--awb-order-medium:0;--awb-spacing-right-medium:1.92%;--awb-spacing-left-medium:1.92%;--awb-width-small:100%;--awb-order-small:0;--awb-spacing-right-small:1.92%;--awb-spacing-left-small:1.92%;\"><div class=\"fusion-column-wrapper fusion-column-has-shadow fusion-flex-justify-content-flex-start fusion-content-layout-column\"><div class=\"fusion-text fusion-text-1\"><p>Nj.K.V. Prestolonaslednik Aleksandar i Princeza Katarina do\u010dekali su danas u Kraljevskom Dvoru \u010dlanove omladinskog udru\u017eenja \u201eEko Infiniti\u201c iz Sjenice.<\/p>\n<p>Ova grupa mladih su u Beogradu u okviru pripremnih aktivnosti za \u201eInfiniti festival\u201d, koji udru\u017eenje ove godine organizuje po tre\u0107i put, od 22. do 26. avgusta u Sjenici. Tokom ove sedmice \u010dlanovi \u201eEko Infinitija\u201c \u0107e se sastati sa predstavnicima vi\u0161e institucija i obi\u0107i mesta zna\u010dajna za mlade. Prvog dana svojih aktivnosti u Beogradu imali su susret sa Njihovim Kraljevskim Viso\u010danstvima, kao i obilazak Kraljevskog Dvora, kojom prilikom su \u010duli mnogo zanimljivih detalja o istoriji i tradiciji Kraljevske porodice Srbije.<\/p>\n<p>\u201ePrinceza Katarina i ja smo veoma sre\u0107ni \u0161to smo imali priliku da upoznamo ove sjajne mlade ljude, da \u010dujemo njihove ideje i vizije. Ponekad se svi zabrinemo za budu\u0107nost na\u0161eg sveta, ali kada vidim entuzijazam mladih koje smo danas upoznali, koliko je njihov stav pozitivan i progresivan, siguran sam da je budu\u0107nost na\u0161e zemlje i sveta sigurna.<\/p>\n<p>Prava je inspiracija \u010dinjenica da oni zaista ula\u017eu stvarne napore da pobolj\u0161aju polo\u017eaj mladih u dru\u0161tvu i isprave stvari, umesto da samo pri\u010daju o tome. Zaslu\u017euju svaku pohvalu i va\u017eno je da svi podr\u017eimo njihov rad\u201c, rekao je ovom prilikom Nj.K.V. Prestolonaslednik Aleksandar.<\/p>\n<p>\u201eInfiniti Festival 2023\u201c bi\u0107e odr\u017ean na razli\u010ditim lokacijama u Sjenici od 22. do 26. avgusta pod sloganom \u201eVi\u0161e u\u010desnika, manje posetilaca\u201c. Glavni cilj festivala je da mladima pru\u017ei priliku da oni koji donose odluke \u010duju o njihovim potrebama i problemima, uz konkretne akcije koje treba da uslede. Ideja je da se pru\u017ei prilika mladima, posebno iz manjih sredina u Srbiji, da razmene ideje sa vr\u0161njacima iz drugih zemalja Evrope i sveta, kao i da o problemima sa kojima se suo\u010davaju razgovaraju sa predstavnicima Vlade, stranih ambasada u Srbiji i drugih zna\u010dajnih institucija, kroz radionice i tribine, ali i muzi\u010dke, sportske i druge aktivnosti.<\/p>\n<p>Na ovogodi\u0161njem festivalu o\u010dekuje se oko 250 doma\u0107ih i 70 me\u0111unarodnih u\u010desnika \u2013 predstavnika mladih i oko 50 u\u010desnika iz diplomatskih i dr\u017eavnih organa, sa ukupnim brojem od 3.200 posetilaca (preko 2.500 mladih od 13 do 35 godina). Podr\u0161ku ovom Festivalu dala su resorna ministarstva Vlade Srbije, 25 ambasada i 5 me\u0111unarodnih organizacija u Beogradu.<\/p>\n<p>Teme \u201eInfiniti Festivala\u201c su: kako nau\u010diti mlade o \u017eivotu kroz srednjo\u0161kolsko obrazovanje; kako omladinska politika mo\u017ee biti klju\u010dni akter u re\u0161avanju problema mladih; kako zaustaviti migracije mladih \u2013 mladi u selima, mladi u gradovima; kako podr\u017eati zapo\u0161ljavanje mladih u manjim sredinama; kako anga\u017eovati mlade kroz muziku, sport, umetnost i muziku.<\/p>\n<\/div><\/div><\/div><\/div><\/div><div class=\"fusion-fullwidth fullwidth-box fusion-builder-row-2 fusion-flex-container has-pattern-background has-mask-background nonhundred-percent-fullwidth non-hundred-percent-height-scrolling\" style=\"--awb-border-radius-top-left:0px;--awb-border-radius-top-right:0px;--awb-border-radius-bottom-right:0px;--awb-border-radius-bottom-left:0px;--awb-flex-wrap:wrap;\" ><div class=\"fusion-builder-row fusion-row fusion-flex-align-items-flex-start fusion-flex-content-wrap\" style=\"max-width:1227.2px;margin-left: calc(-4% \/ 2 );margin-right: calc(-4% \/ 2 );\"><div class=\"fusion-layout-column fusion_builder_column fusion-builder-column-1 fusion_builder_column_1_1 1_1 fusion-flex-column\" style=\"--awb-bg-size:cover;--awb-width-large:100%;--awb-margin-top-large:0px;--awb-spacing-right-large:1.92%;--awb-margin-bottom-large:20px;--awb-spacing-left-large:1.92%;--awb-width-medium:100%;--awb-order-medium:0;--awb-spacing-right-medium:1.92%;--awb-spacing-left-medium:1.92%;--awb-width-small:100%;--awb-order-small:0;--awb-spacing-right-small:1.92%;--awb-spacing-left-small:1.92%;\"><div class=\"fusion-column-wrapper fusion-column-has-shadow fusion-flex-justify-content-flex-start fusion-content-layout-column\"><div class=\"awb-gallery-wrapper awb-gallery-wrapper-1 button-span-no\" style=\"--more-btn-alignment:center;\" data-limit=\"20\" data-page=\"1\"><div style=\"margin:-5px;--awb-bordersize:0px;\" class=\"fusion-gallery fusion-gallery-container fusion-grid-3 fusion-columns-total-5 fusion-gallery-layout-grid fusion-gallery-1\"><div style=\"padding:5px;\" class=\"fusion-grid-column fusion-gallery-column fusion-gallery-column-3 hover-type-none\"><div class=\"fusion-gallery-image\"><a href=\"https:\/\/royalfamily.org\/wp-content\/uploads\/2023\/03\/1-8F2A2930m.jpg\" data-caption=\"KRALJEVSKI PAR DO\u010cEKAO UDRU\u017dENjE MLADIH \u201eEKO INFINITI\u201c U DVORU\" rel=\"noreferrer\" data-rel=\"iLightbox[gallery_image_1]\" class=\"fusion-lightbox\" target=\"_self\"><img decoding=\"async\" src=\"https:\/\/royalfamily.org\/wp-content\/uploads\/2023\/03\/1-8F2A2930m.jpg\" width=\"1772\" height=\"1181\" alt=\"KRALJEVSKI PAR DO\u010cEKAO UDRU\u017dENjE MLADIH \u201eEKO INFINITI\u201c U DVORU\" title=\"KRALJEVSKI PAR DO\u010cEKAO UDRU\u017dENjE MLADIH \u201eEKO INFINITI\u201c U DVORU\" aria-label=\"KRALJEVSKI PAR DO\u010cEKAO UDRU\u017dENjE MLADIH \u201eEKO INFINITI\u201c U DVORU\" class=\"img-responsive wp-image-85222\" srcset=\"https:\/\/royalfamily.org\/wp-content\/uploads\/2023\/03\/1-8F2A2930m-200x133.jpg 200w, https:\/\/royalfamily.org\/wp-content\/uploads\/2023\/03\/1-8F2A2930m-400x267.jpg 400w, https:\/\/royalfamily.org\/wp-content\/uploads\/2023\/03\/1-8F2A2930m-600x400.jpg 600w, https:\/\/royalfamily.org\/wp-content\/uploads\/2023\/03\/1-8F2A2930m-800x533.jpg 800w, https:\/\/royalfamily.org\/wp-content\/uploads\/2023\/03\/1-8F2A2930m-1200x800.jpg 1200w, https:\/\/royalfamily.org\/wp-content\/uploads\/2023\/03\/1-8F2A2930m.jpg 1772w\" sizes=\"(min-width: 2200px) 100vw, (min-width: 824px) 390px, (min-width: 732px) 585px, (min-width: 640px) 732px, \" \/><\/a><\/div><\/div><div style=\"padding:5px;\" class=\"fusion-grid-column fusion-gallery-column fusion-gallery-column-3 hover-type-none\"><div class=\"fusion-gallery-image\"><a href=\"https:\/\/royalfamily.org\/wp-content\/uploads\/2023\/03\/2-8F2A2929m.jpg\" data-caption=\"KRALJEVSKI PAR DO\u010cEKAO UDRU\u017dENjE MLADIH \u201eEKO INFINITI\u201c U DVORU\" rel=\"noreferrer\" data-rel=\"iLightbox[gallery_image_1]\" class=\"fusion-lightbox\" target=\"_self\"><img decoding=\"async\" src=\"https:\/\/royalfamily.org\/wp-content\/uploads\/2023\/03\/2-8F2A2929m.jpg\" width=\"1772\" height=\"1181\" alt=\"KRALJEVSKI PAR DO\u010cEKAO UDRU\u017dENjE MLADIH \u201eEKO INFINITI\u201c U DVORU\" title=\"KRALJEVSKI PAR DO\u010cEKAO UDRU\u017dENjE MLADIH \u201eEKO INFINITI\u201c U DVORU\" aria-label=\"KRALJEVSKI PAR DO\u010cEKAO UDRU\u017dENjE MLADIH \u201eEKO INFINITI\u201c U DVORU\" class=\"img-responsive wp-image-85225\" srcset=\"https:\/\/royalfamily.org\/wp-content\/uploads\/2023\/03\/2-8F2A2929m-200x133.jpg 200w, https:\/\/royalfamily.org\/wp-content\/uploads\/2023\/03\/2-8F2A2929m-400x267.jpg 400w, https:\/\/royalfamily.org\/wp-content\/uploads\/2023\/03\/2-8F2A2929m-600x400.jpg 600w, https:\/\/royalfamily.org\/wp-content\/uploads\/2023\/03\/2-8F2A2929m-800x533.jpg 800w, https:\/\/royalfamily.org\/wp-content\/uploads\/2023\/03\/2-8F2A2929m-1200x800.jpg 1200w, https:\/\/royalfamily.org\/wp-content\/uploads\/2023\/03\/2-8F2A2929m.jpg 1772w\" sizes=\"(min-width: 2200px) 100vw, (min-width: 824px) 390px, (min-width: 732px) 585px, (min-width: 640px) 732px, \" \/><\/a><\/div><\/div><div style=\"padding:5px;\" class=\"fusion-grid-column fusion-gallery-column fusion-gallery-column-3 hover-type-none\"><div class=\"fusion-gallery-image\"><a href=\"https:\/\/royalfamily.org\/wp-content\/uploads\/2023\/03\/3-8F2A2956m.jpg\" data-caption=\"KRALJEVSKI PAR DO\u010cEKAO UDRU\u017dENjE MLADIH \u201eEKO INFINITI\u201c U DVORU\" rel=\"noreferrer\" data-rel=\"iLightbox[gallery_image_1]\" class=\"fusion-lightbox\" target=\"_self\"><img decoding=\"async\" src=\"https:\/\/royalfamily.org\/wp-content\/uploads\/2023\/03\/3-8F2A2956m.jpg\" width=\"1772\" height=\"1181\" alt=\"KRALJEVSKI PAR DO\u010cEKAO UDRU\u017dENjE MLADIH \u201eEKO INFINITI\u201c U DVORU\" title=\"KRALJEVSKI PAR DO\u010cEKAO UDRU\u017dENjE MLADIH \u201eEKO INFINITI\u201c U DVORU\" aria-label=\"KRALJEVSKI PAR DO\u010cEKAO UDRU\u017dENjE MLADIH \u201eEKO INFINITI\u201c U DVORU\" class=\"img-responsive wp-image-85228\" srcset=\"https:\/\/royalfamily.org\/wp-content\/uploads\/2023\/03\/3-8F2A2956m-200x133.jpg 200w, https:\/\/royalfamily.org\/wp-content\/uploads\/2023\/03\/3-8F2A2956m-400x267.jpg 400w, https:\/\/royalfamily.org\/wp-content\/uploads\/2023\/03\/3-8F2A2956m-600x400.jpg 600w, https:\/\/royalfamily.org\/wp-content\/uploads\/2023\/03\/3-8F2A2956m-800x533.jpg 800w, https:\/\/royalfamily.org\/wp-content\/uploads\/2023\/03\/3-8F2A2956m-1200x800.jpg 1200w, https:\/\/royalfamily.org\/wp-content\/uploads\/2023\/03\/3-8F2A2956m.jpg 1772w\" sizes=\"(min-width: 2200px) 100vw, (min-width: 824px) 390px, (min-width: 732px) 585px, (min-width: 640px) 732px, \" \/><\/a><\/div><\/div><div class=\"clearfix\"><\/div><div style=\"padding:5px;\" class=\"fusion-grid-column fusion-gallery-column fusion-gallery-column-3 hover-type-none\"><div class=\"fusion-gallery-image\"><a href=\"https:\/\/royalfamily.org\/wp-content\/uploads\/2023\/03\/4-8F2A2941m.jpg\" data-caption=\"KRALJEVSKI PAR DO\u010cEKAO UDRU\u017dENjE MLADIH \u201eEKO INFINITI\u201c U DVORU\" rel=\"noreferrer\" data-rel=\"iLightbox[gallery_image_1]\" class=\"fusion-lightbox\" target=\"_self\"><img decoding=\"async\" src=\"https:\/\/royalfamily.org\/wp-content\/uploads\/2023\/03\/4-8F2A2941m.jpg\" width=\"1772\" height=\"1181\" alt=\"KRALJEVSKI PAR DO\u010cEKAO UDRU\u017dENjE MLADIH \u201eEKO INFINITI\u201c U DVORU\" title=\"KRALJEVSKI PAR DO\u010cEKAO UDRU\u017dENjE MLADIH \u201eEKO INFINITI\u201c U DVORU\" aria-label=\"KRALJEVSKI PAR DO\u010cEKAO UDRU\u017dENjE MLADIH \u201eEKO INFINITI\u201c U DVORU\" class=\"img-responsive wp-image-85231\" srcset=\"https:\/\/royalfamily.org\/wp-content\/uploads\/2023\/03\/4-8F2A2941m-200x133.jpg 200w, https:\/\/royalfamily.org\/wp-content\/uploads\/2023\/03\/4-8F2A2941m-400x267.jpg 400w, https:\/\/royalfamily.org\/wp-content\/uploads\/2023\/03\/4-8F2A2941m-600x400.jpg 600w, https:\/\/royalfamily.org\/wp-content\/uploads\/2023\/03\/4-8F2A2941m-800x533.jpg 800w, https:\/\/royalfamily.org\/wp-content\/uploads\/2023\/03\/4-8F2A2941m-1200x800.jpg 1200w, https:\/\/royalfamily.org\/wp-content\/uploads\/2023\/03\/4-8F2A2941m.jpg 1772w\" sizes=\"(min-width: 2200px) 100vw, (min-width: 824px) 390px, (min-width: 732px) 585px, (min-width: 640px) 732px, \" \/><\/a><\/div><\/div><div style=\"padding:5px;\" class=\"fusion-grid-column fusion-gallery-column fusion-gallery-column-3 hover-type-none\"><div class=\"fusion-gallery-image\"><a href=\"https:\/\/royalfamily.org\/wp-content\/uploads\/2023\/03\/5-8F2A2962m.jpg\" data-caption=\"KRALJEVSKI PAR DO\u010cEKAO UDRU\u017dENjE MLADIH \u201eEKO INFINITI\u201c U DVORU\" rel=\"noreferrer\" data-rel=\"iLightbox[gallery_image_1]\" class=\"fusion-lightbox\" target=\"_self\"><img decoding=\"async\" src=\"https:\/\/royalfamily.org\/wp-content\/uploads\/2023\/03\/5-8F2A2962m.jpg\" width=\"1772\" height=\"1181\" alt=\"KRALJEVSKI PAR DO\u010cEKAO UDRU\u017dENjE MLADIH \u201eEKO INFINITI\u201c U DVORU\" title=\"KRALJEVSKI PAR DO\u010cEKAO UDRU\u017dENjE MLADIH \u201eEKO INFINITI\u201c U DVORU\" aria-label=\"KRALJEVSKI PAR DO\u010cEKAO UDRU\u017dENjE MLADIH \u201eEKO INFINITI\u201c U DVORU\" class=\"img-responsive wp-image-85234\" srcset=\"https:\/\/royalfamily.org\/wp-content\/uploads\/2023\/03\/5-8F2A2962m-200x133.jpg 200w, https:\/\/royalfamily.org\/wp-content\/uploads\/2023\/03\/5-8F2A2962m-400x267.jpg 400w, https:\/\/royalfamily.org\/wp-content\/uploads\/2023\/03\/5-8F2A2962m-600x400.jpg 600w, https:\/\/royalfamily.org\/wp-content\/uploads\/2023\/03\/5-8F2A2962m-800x533.jpg 800w, https:\/\/royalfamily.org\/wp-content\/uploads\/2023\/03\/5-8F2A2962m-1200x800.jpg 1200w, https:\/\/royalfamily.org\/wp-content\/uploads\/2023\/03\/5-8F2A2962m.jpg 1772w\" sizes=\"(min-width: 2200px) 100vw, (min-width: 824px) 390px, (min-width: 732px) 585px, (min-width: 640px) 732px, \" \/><\/a><\/div><\/div><\/div><\/div><\/div><\/div><\/div><\/div><\/p>\n","protected":false},"excerpt":{"rendered":"","protected":false},"author":1001015,"featured_media":85237,"comment_status":"closed","ping_status":"closed","sticky":false,"template":"","format":"standard","meta":{"_acf_changed":false,"footnotes":""},"categories":[22],"tags":[],"class_list":["post-85240","post","type-post","status-publish","format-standard","has-post-thumbnail","hentry","category-vesti"],"acf":[],"yoast_head":"<!-- This site is optimized with the Yoast SEO Premium plugin v27.4 (Yoast SEO v27.4) - https:\/\/yoast.com\/product\/yoast-seo-premium-wordpress\/ -->\n<title>KRALJEVSKI PAR DO\u010cEKAO UDRU\u017dENjE MLADIH \u201eEKO INFINITI\u201c U DVORU - The Royal Family of Serbia<\/title>\n<meta name=\"robots\" content=\"index, follow, max-snippet:-1, max-image-preview:large, max-video-preview:-1\" \/>\n<link rel=\"canonical\" href=\"https:\/\/royalfamily.org\/lat\/kraljevski-par-docekao-udruzenje-mladih-eko-infiniti-u-dvoru\/\" \/>\n<meta property=\"og:locale\" content=\"en_US\" \/>\n<meta property=\"og:type\" content=\"article\" \/>\n<meta property=\"og:title\" content=\"KRALJEVSKI PAR DO\u010cEKAO UDRU\u017dENjE MLADIH \u201eEKO INFINITI\u201c U DVORU\" \/>\n<meta property=\"og:url\" content=\"https:\/\/royalfamily.org\/lat\/kraljevski-par-docekao-udruzenje-mladih-eko-infiniti-u-dvoru\/\" \/>\n<meta property=\"og:site_name\" content=\"The Royal Family of Serbia\" \/>\n<meta property=\"article:publisher\" content=\"https:\/\/www.facebook.com\/Prestolonaslednik.Aleksandar\" \/>\n<meta property=\"article:published_time\" content=\"2023-03-13T13:42:00+00:00\" \/>\n<meta property=\"article:modified_time\" content=\"2023-03-13T13:42:02+00:00\" \/>\n<meta property=\"og:image\" content=\"https:\/\/royalfamily.org\/wp-content\/uploads\/2023\/03\/COVER-Eco-Infinity.jpg\" \/>\n\t<meta property=\"og:image:width\" content=\"740\" \/>\n\t<meta property=\"og:image:height\" content=\"360\" \/>\n\t<meta property=\"og:image:type\" content=\"image\/jpeg\" \/>\n<meta name=\"author\" content=\"Stefan Milanovic\" \/>\n<meta name=\"twitter:card\" content=\"summary_large_image\" \/>\n<meta name=\"twitter:label1\" content=\"Written by\" \/>\n\t<meta name=\"twitter:data1\" content=\"Stefan Milanovic\" \/>\n<script type=\"application\/ld+json\" class=\"yoast-schema-graph\">{\"@context\":\"https:\\\/\\\/schema.org\",\"@graph\":[{\"@type\":\"Article\",\"@id\":\"https:\\\/\\\/royalfamily.org\\\/lat\\\/kraljevski-par-docekao-udruzenje-mladih-eko-infiniti-u-dvoru\\\/#article\",\"isPartOf\":{\"@id\":\"https:\\\/\\\/royalfamily.org\\\/lat\\\/kraljevski-par-docekao-udruzenje-mladih-eko-infiniti-u-dvoru\\\/\"},\"author\":{\"name\":\"Stefan Milanovic\",\"@id\":\"https:\\\/\\\/royalfamily.org\\\/#\\\/schema\\\/person\\\/4ad3296a6a8a35eed333b6a785e9f648\"},\"headline\":\"KRALJEVSKI PAR DO\u010cEKAO UDRU\u017dENjE MLADIH \u201eEKO INFINITI\u201c U DVORU\",\"datePublished\":\"2023-03-13T13:42:00+00:00\",\"dateModified\":\"2023-03-13T13:42:02+00:00\",\"mainEntityOfPage\":{\"@id\":\"https:\\\/\\\/royalfamily.org\\\/lat\\\/kraljevski-par-docekao-udruzenje-mladih-eko-infiniti-u-dvoru\\\/\"},\"wordCount\":2311,\"publisher\":{\"@id\":\"https:\\\/\\\/royalfamily.org\\\/#organization\"},\"image\":{\"@id\":\"https:\\\/\\\/royalfamily.org\\\/lat\\\/kraljevski-par-docekao-udruzenje-mladih-eko-infiniti-u-dvoru\\\/#primaryimage\"},\"thumbnailUrl\":\"https:\\\/\\\/royalfamily.org\\\/wp-content\\\/uploads\\\/2023\\\/03\\\/COVER-Eco-Infinity.jpg\",\"articleSection\":[\"Vesti\"],\"inLanguage\":\"sr-LT\"},{\"@type\":\"WebPage\",\"@id\":\"https:\\\/\\\/royalfamily.org\\\/lat\\\/kraljevski-par-docekao-udruzenje-mladih-eko-infiniti-u-dvoru\\\/\",\"url\":\"https:\\\/\\\/royalfamily.org\\\/lat\\\/kraljevski-par-docekao-udruzenje-mladih-eko-infiniti-u-dvoru\\\/\",\"name\":\"KRALJEVSKI PAR DO\u010cEKAO UDRU\u017dENjE MLADIH \u201eEKO INFINITI\u201c U DVORU - The Royal Family of Serbia\",\"isPartOf\":{\"@id\":\"https:\\\/\\\/royalfamily.org\\\/#website\"},\"primaryImageOfPage\":{\"@id\":\"https:\\\/\\\/royalfamily.org\\\/lat\\\/kraljevski-par-docekao-udruzenje-mladih-eko-infiniti-u-dvoru\\\/#primaryimage\"},\"image\":{\"@id\":\"https:\\\/\\\/royalfamily.org\\\/lat\\\/kraljevski-par-docekao-udruzenje-mladih-eko-infiniti-u-dvoru\\\/#primaryimage\"},\"thumbnailUrl\":\"https:\\\/\\\/royalfamily.org\\\/wp-content\\\/uploads\\\/2023\\\/03\\\/COVER-Eco-Infinity.jpg\",\"datePublished\":\"2023-03-13T13:42:00+00:00\",\"dateModified\":\"2023-03-13T13:42:02+00:00\",\"breadcrumb\":{\"@id\":\"https:\\\/\\\/royalfamily.org\\\/lat\\\/kraljevski-par-docekao-udruzenje-mladih-eko-infiniti-u-dvoru\\\/#breadcrumb\"},\"inLanguage\":\"sr-LT\",\"potentialAction\":[{\"@type\":\"ReadAction\",\"target\":[\"https:\\\/\\\/royalfamily.org\\\/lat\\\/kraljevski-par-docekao-udruzenje-mladih-eko-infiniti-u-dvoru\\\/\"]}]},{\"@type\":\"ImageObject\",\"inLanguage\":\"sr-LT\",\"@id\":\"https:\\\/\\\/royalfamily.org\\\/lat\\\/kraljevski-par-docekao-udruzenje-mladih-eko-infiniti-u-dvoru\\\/#primaryimage\",\"url\":\"https:\\\/\\\/royalfamily.org\\\/wp-content\\\/uploads\\\/2023\\\/03\\\/COVER-Eco-Infinity.jpg\",\"contentUrl\":\"https:\\\/\\\/royalfamily.org\\\/wp-content\\\/uploads\\\/2023\\\/03\\\/COVER-Eco-Infinity.jpg\",\"width\":740,\"height\":360,\"caption\":\"KRALJEVSKI PAR DO\u010cEKAO UDRU\u017dENjE MLADIH \u201eEKO INFINITI\u201c U DVORU\"},{\"@type\":\"BreadcrumbList\",\"@id\":\"https:\\\/\\\/royalfamily.org\\\/lat\\\/kraljevski-par-docekao-udruzenje-mladih-eko-infiniti-u-dvoru\\\/#breadcrumb\",\"itemListElement\":[{\"@type\":\"ListItem\",\"position\":1,\"name\":\"Home\",\"item\":\"https:\\\/\\\/royalfamily.org\\\/lat\\\/\"},{\"@type\":\"ListItem\",\"position\":2,\"name\":\"KRALJEVSKI PAR DO\u010cEKAO UDRU\u017dENjE MLADIH \u201eEKO INFINITI\u201c U DVORU\"}]},{\"@type\":\"WebSite\",\"@id\":\"https:\\\/\\\/royalfamily.org\\\/#website\",\"url\":\"https:\\\/\\\/royalfamily.org\\\/\",\"name\":\"The Royal Family of Serbia\",\"description\":\"From the people, for the people\",\"publisher\":{\"@id\":\"https:\\\/\\\/royalfamily.org\\\/#organization\"},\"potentialAction\":[{\"@type\":\"SearchAction\",\"target\":{\"@type\":\"EntryPoint\",\"urlTemplate\":\"https:\\\/\\\/royalfamily.org\\\/?s={search_term_string}\"},\"query-input\":{\"@type\":\"PropertyValueSpecification\",\"valueRequired\":true,\"valueName\":\"search_term_string\"}}],\"inLanguage\":\"sr-LT\"},{\"@type\":\"Organization\",\"@id\":\"https:\\\/\\\/royalfamily.org\\\/#organization\",\"name\":\"Royal Family\",\"url\":\"https:\\\/\\\/royalfamily.org\\\/\",\"logo\":{\"@type\":\"ImageObject\",\"inLanguage\":\"sr-LT\",\"@id\":\"https:\\\/\\\/royalfamily.org\\\/#\\\/schema\\\/logo\\\/image\\\/\",\"url\":\"https:\\\/\\\/royalfamily.org\\\/wp-content\\\/uploads\\\/2019\\\/04\\\/logo-vector-02-V-latinica.png\",\"contentUrl\":\"https:\\\/\\\/royalfamily.org\\\/wp-content\\\/uploads\\\/2019\\\/04\\\/logo-vector-02-V-latinica.png\",\"width\":552,\"height\":99,\"caption\":\"Royal Family\"},\"image\":{\"@id\":\"https:\\\/\\\/royalfamily.org\\\/#\\\/schema\\\/logo\\\/image\\\/\"},\"sameAs\":[\"https:\\\/\\\/www.facebook.com\\\/Prestolonaslednik.Aleksandar\"]},{\"@type\":\"Person\",\"@id\":\"https:\\\/\\\/royalfamily.org\\\/#\\\/schema\\\/person\\\/4ad3296a6a8a35eed333b6a785e9f648\",\"name\":\"Stefan Milanovic\",\"image\":{\"@type\":\"ImageObject\",\"inLanguage\":\"sr-LT\",\"@id\":\"https:\\\/\\\/secure.gravatar.com\\\/avatar\\\/92dcbdcf3e32112a9ceb1e41665b1f44c69382d014cacfe12c701f6af7c40259?s=96&d=mm&r=g\",\"url\":\"https:\\\/\\\/secure.gravatar.com\\\/avatar\\\/92dcbdcf3e32112a9ceb1e41665b1f44c69382d014cacfe12c701f6af7c40259?s=96&d=mm&r=g\",\"contentUrl\":\"https:\\\/\\\/secure.gravatar.com\\\/avatar\\\/92dcbdcf3e32112a9ceb1e41665b1f44c69382d014cacfe12c701f6af7c40259?s=96&d=mm&r=g\",\"caption\":\"Stefan Milanovic\"}}]}<\/script>\n<!-- \/ Yoast SEO Premium plugin. -->","yoast_head_json":{"title":"KRALJEVSKI PAR DO\u010cEKAO UDRU\u017dENjE MLADIH \u201eEKO INFINITI\u201c U DVORU - The Royal Family of Serbia","robots":{"index":"index","follow":"follow","max-snippet":"max-snippet:-1","max-image-preview":"max-image-preview:large","max-video-preview":"max-video-preview:-1"},"canonical":"https:\/\/royalfamily.org\/lat\/kraljevski-par-docekao-udruzenje-mladih-eko-infiniti-u-dvoru\/","og_locale":"en_US","og_type":"article","og_title":"KRALJEVSKI PAR DO\u010cEKAO UDRU\u017dENjE MLADIH \u201eEKO INFINITI\u201c U DVORU","og_url":"https:\/\/royalfamily.org\/lat\/kraljevski-par-docekao-udruzenje-mladih-eko-infiniti-u-dvoru\/","og_site_name":"The Royal Family of Serbia","article_publisher":"https:\/\/www.facebook.com\/Prestolonaslednik.Aleksandar","article_published_time":"2023-03-13T13:42:00+00:00","article_modified_time":"2023-03-13T13:42:02+00:00","og_image":[{"width":740,"height":360,"url":"https:\/\/royalfamily.org\/wp-content\/uploads\/2023\/03\/COVER-Eco-Infinity.jpg","type":"image\/jpeg"}],"author":"Stefan Milanovic","twitter_card":"summary_large_image","twitter_misc":{"Written by":"Stefan Milanovic"},"schema":{"@context":"https:\/\/schema.org","@graph":[{"@type":"Article","@id":"https:\/\/royalfamily.org\/lat\/kraljevski-par-docekao-udruzenje-mladih-eko-infiniti-u-dvoru\/#article","isPartOf":{"@id":"https:\/\/royalfamily.org\/lat\/kraljevski-par-docekao-udruzenje-mladih-eko-infiniti-u-dvoru\/"},"author":{"name":"Stefan Milanovic","@id":"https:\/\/royalfamily.org\/#\/schema\/person\/4ad3296a6a8a35eed333b6a785e9f648"},"headline":"KRALJEVSKI PAR DO\u010cEKAO UDRU\u017dENjE MLADIH \u201eEKO INFINITI\u201c U DVORU","datePublished":"2023-03-13T13:42:00+00:00","dateModified":"2023-03-13T13:42:02+00:00","mainEntityOfPage":{"@id":"https:\/\/royalfamily.org\/lat\/kraljevski-par-docekao-udruzenje-mladih-eko-infiniti-u-dvoru\/"},"wordCount":2311,"publisher":{"@id":"https:\/\/royalfamily.org\/#organization"},"image":{"@id":"https:\/\/royalfamily.org\/lat\/kraljevski-par-docekao-udruzenje-mladih-eko-infiniti-u-dvoru\/#primaryimage"},"thumbnailUrl":"https:\/\/royalfamily.org\/wp-content\/uploads\/2023\/03\/COVER-Eco-Infinity.jpg","articleSection":["Vesti"],"inLanguage":"sr-LT"},{"@type":"WebPage","@id":"https:\/\/royalfamily.org\/lat\/kraljevski-par-docekao-udruzenje-mladih-eko-infiniti-u-dvoru\/","url":"https:\/\/royalfamily.org\/lat\/kraljevski-par-docekao-udruzenje-mladih-eko-infiniti-u-dvoru\/","name":"KRALJEVSKI PAR DO\u010cEKAO UDRU\u017dENjE MLADIH \u201eEKO INFINITI\u201c U DVORU - The Royal Family of Serbia","isPartOf":{"@id":"https:\/\/royalfamily.org\/#website"},"primaryImageOfPage":{"@id":"https:\/\/royalfamily.org\/lat\/kraljevski-par-docekao-udruzenje-mladih-eko-infiniti-u-dvoru\/#primaryimage"},"image":{"@id":"https:\/\/royalfamily.org\/lat\/kraljevski-par-docekao-udruzenje-mladih-eko-infiniti-u-dvoru\/#primaryimage"},"thumbnailUrl":"https:\/\/royalfamily.org\/wp-content\/uploads\/2023\/03\/COVER-Eco-Infinity.jpg","datePublished":"2023-03-13T13:42:00+00:00","dateModified":"2023-03-13T13:42:02+00:00","breadcrumb":{"@id":"https:\/\/royalfamily.org\/lat\/kraljevski-par-docekao-udruzenje-mladih-eko-infiniti-u-dvoru\/#breadcrumb"},"inLanguage":"sr-LT","potentialAction":[{"@type":"ReadAction","target":["https:\/\/royalfamily.org\/lat\/kraljevski-par-docekao-udruzenje-mladih-eko-infiniti-u-dvoru\/"]}]},{"@type":"ImageObject","inLanguage":"sr-LT","@id":"https:\/\/royalfamily.org\/lat\/kraljevski-par-docekao-udruzenje-mladih-eko-infiniti-u-dvoru\/#primaryimage","url":"https:\/\/royalfamily.org\/wp-content\/uploads\/2023\/03\/COVER-Eco-Infinity.jpg","contentUrl":"https:\/\/royalfamily.org\/wp-content\/uploads\/2023\/03\/COVER-Eco-Infinity.jpg","width":740,"height":360,"caption":"KRALJEVSKI PAR DO\u010cEKAO UDRU\u017dENjE MLADIH \u201eEKO INFINITI\u201c U DVORU"},{"@type":"BreadcrumbList","@id":"https:\/\/royalfamily.org\/lat\/kraljevski-par-docekao-udruzenje-mladih-eko-infiniti-u-dvoru\/#breadcrumb","itemListElement":[{"@type":"ListItem","position":1,"name":"Home","item":"https:\/\/royalfamily.org\/lat\/"},{"@type":"ListItem","position":2,"name":"KRALJEVSKI PAR DO\u010cEKAO UDRU\u017dENjE MLADIH \u201eEKO INFINITI\u201c U DVORU"}]},{"@type":"WebSite","@id":"https:\/\/royalfamily.org\/#website","url":"https:\/\/royalfamily.org\/","name":"The Royal Family of Serbia","description":"From the people, for the people","publisher":{"@id":"https:\/\/royalfamily.org\/#organization"},"potentialAction":[{"@type":"SearchAction","target":{"@type":"EntryPoint","urlTemplate":"https:\/\/royalfamily.org\/?s={search_term_string}"},"query-input":{"@type":"PropertyValueSpecification","valueRequired":true,"valueName":"search_term_string"}}],"inLanguage":"sr-LT"},{"@type":"Organization","@id":"https:\/\/royalfamily.org\/#organization","name":"Royal Family","url":"https:\/\/royalfamily.org\/","logo":{"@type":"ImageObject","inLanguage":"sr-LT","@id":"https:\/\/royalfamily.org\/#\/schema\/logo\/image\/","url":"https:\/\/royalfamily.org\/wp-content\/uploads\/2019\/04\/logo-vector-02-V-latinica.png","contentUrl":"https:\/\/royalfamily.org\/wp-content\/uploads\/2019\/04\/logo-vector-02-V-latinica.png","width":552,"height":99,"caption":"Royal Family"},"image":{"@id":"https:\/\/royalfamily.org\/#\/schema\/logo\/image\/"},"sameAs":["https:\/\/www.facebook.com\/Prestolonaslednik.Aleksandar"]},{"@type":"Person","@id":"https:\/\/royalfamily.org\/#\/schema\/person\/4ad3296a6a8a35eed333b6a785e9f648","name":"Stefan Milanovic","image":{"@type":"ImageObject","inLanguage":"sr-LT","@id":"https:\/\/secure.gravatar.com\/avatar\/92dcbdcf3e32112a9ceb1e41665b1f44c69382d014cacfe12c701f6af7c40259?s=96&d=mm&r=g","url":"https:\/\/secure.gravatar.com\/avatar\/92dcbdcf3e32112a9ceb1e41665b1f44c69382d014cacfe12c701f6af7c40259?s=96&d=mm&r=g","contentUrl":"https:\/\/secure.gravatar.com\/avatar\/92dcbdcf3e32112a9ceb1e41665b1f44c69382d014cacfe12c701f6af7c40259?s=96&d=mm&r=g","caption":"Stefan Milanovic"}}]}},"_links":{"self":[{"href":"https:\/\/royalfamily.org\/lat\/wp-json\/wp\/v2\/posts\/85240","targetHints":{"allow":["GET"]}}],"collection":[{"href":"https:\/\/royalfamily.org\/lat\/wp-json\/wp\/v2\/posts"}],"about":[{"href":"https:\/\/royalfamily.org\/lat\/wp-json\/wp\/v2\/types\/post"}],"author":[{"embeddable":true,"href":"https:\/\/royalfamily.org\/lat\/wp-json\/wp\/v2\/users\/1001015"}],"replies":[{"embeddable":true,"href":"https:\/\/royalfamily.org\/lat\/wp-json\/wp\/v2\/comments?post=85240"}],"version-history":[{"count":1,"href":"https:\/\/royalfamily.org\/lat\/wp-json\/wp\/v2\/posts\/85240\/revisions"}],"predecessor-version":[{"id":85241,"href":"https:\/\/royalfamily.org\/lat\/wp-json\/wp\/v2\/posts\/85240\/revisions\/85241"}],"wp:featuredmedia":[{"embeddable":true,"href":"https:\/\/royalfamily.org\/lat\/wp-json\/wp\/v2\/media\/85237"}],"wp:attachment":[{"href":"https:\/\/royalfamily.org\/lat\/wp-json\/wp\/v2\/media?parent=85240"}],"wp:term":[{"taxonomy":"category","embeddable":true,"href":"https:\/\/royalfamily.org\/lat\/wp-json\/wp\/v2\/categories?post=85240"},{"taxonomy":"post_tag","embeddable":true,"href":"https:\/\/royalfamily.org\/lat\/wp-json\/wp\/v2\/tags?post=85240"}],"curies":[{"name":"wp","href":"https:\/\/api.w.org\/{rel}","templated":true}]}}