{"id":85349,"date":"2023-03-21T22:06:40","date_gmt":"2023-03-21T21:06:40","guid":{"rendered":"https:\/\/royalfamily.org\/?p=85349"},"modified":"2023-03-21T22:06:42","modified_gmt":"2023-03-21T21:06:42","slug":"humanitarni-koncert-za-muzicku-skolu-iz-cuprije-u-belom-dvoru","status":"publish","type":"post","link":"https:\/\/royalfamily.org\/lat\/humanitarni-koncert-za-muzicku-skolu-iz-cuprije-u-belom-dvoru\/","title":{"rendered":"HUMANITARNI KONCERT ZA MUZI\u010cKU \u0160KOLU IZ \u0106UPRIJE U BELOM DVORU"},"content":{"rendered":"<p><div class=\"fusion-fullwidth fullwidth-box fusion-builder-row-1 fusion-flex-container has-pattern-background has-mask-background nonhundred-percent-fullwidth non-hundred-percent-height-scrolling\" style=\"--awb-border-radius-top-left:0px;--awb-border-radius-top-right:0px;--awb-border-radius-bottom-right:0px;--awb-border-radius-bottom-left:0px;--awb-flex-wrap:wrap;\" ><div class=\"fusion-builder-row fusion-row fusion-flex-align-items-flex-start fusion-flex-content-wrap\" style=\"max-width:1227.2px;margin-left: calc(-4% \/ 2 );margin-right: calc(-4% \/ 2 );\"><div class=\"fusion-layout-column fusion_builder_column fusion-builder-column-0 fusion_builder_column_1_1 1_1 fusion-flex-column\" style=\"--awb-bg-size:cover;--awb-width-large:100%;--awb-margin-top-large:0px;--awb-spacing-right-large:1.92%;--awb-margin-bottom-large:20px;--awb-spacing-left-large:1.92%;--awb-width-medium:100%;--awb-order-medium:0;--awb-spacing-right-medium:1.92%;--awb-spacing-left-medium:1.92%;--awb-width-small:100%;--awb-order-small:0;--awb-spacing-right-small:1.92%;--awb-spacing-left-small:1.92%;\"><div class=\"fusion-column-wrapper fusion-column-has-shadow fusion-flex-justify-content-flex-start fusion-content-layout-column\"><div class=\"fusion-text fusion-text-1\"><p>Internacionalni Rotari klub Beograd organizovao je dobrotvorni koncert pijaniste Stefana \u0110okovi\u0107a, pod pokroviteljstvom Fondacije Nj.K.V. Prestolonaslednika Aleksandra za obrazovanje i kulturu, koji je odr\u017ean ve\u010deras u Belom dvoru, u prisustvu i uz podr\u0161ku Nj.K.V. Prestolonaslednik\u0430 Aleksandra i Princeze Katarine.<\/p>\n<p>Koncert je odr\u017ean radi prikupljanja sredstava za potrebe \u0160kole za muzi\u010dke talente u \u0106upriji, koja slede\u0107e godine slavi 50 godina postojanja i ima status \u0161kole od posebnog nacionalnog zna\u010daja.<\/p>\n<p>Njihovim Kraljevskim Viso\u010danstvima pridru\u017eila se gospo\u0111a Beti Rumeliotis, sestra Nj.K.V. Princeze Katarine. Doga\u0111aju su prisustvovali i Nj.E. g-\u0111a Nada Al Akl, ambasadorka Libana u Srbiji, dr Miodrag Stani\u0107, direktor Lekarske komore Srbije, g-din Nikola Bo\u017ei\u0107, guverner Rotari distrikta Srbije i Crne Gore i drugi uva\u017eeni gosti. Nj.K.V. Prestolonaslednik Aleksandar kao doma\u0107in sve\u010dano je otvorio doga\u0111aj, nakon \u010dega je usledio sjajan nastup pijaniste Stefana \u0110okovi\u0107a, \u010dlana Internacionalnog Rotari kluba Beograd, koji je svirao dela Franca \u0160uberta, Frederika \u0160opena i Franca Lista.<\/p>\n<p>\u201eVeoma sam sre\u0107an \u0161to smo se okupili ovde, u domu Kraljevske porodice, da u\u017eivamo u nastupu na\u0161eg veoma talentovanog pijaniste Stefana \u0110okovi\u0107a i da pru\u017eimo preko potrebnu podr\u0161ku \u0160koli muzi\u010dkih talenata u \u0106upriji. Svaka vrsta podr\u0161ke na\u0161oj deci, studentima i obrazovnim institucijama, preko je potrebna i dobrodo\u0161la. To je bio motiv koji me je vodio kada sam pre vi\u0161e od 20 godina osnovao Fondaciju za obrazovanje i kulturu. Da o\u010duvam tradiciju mojih predaka u podr\u0161ci mladima i da ostvarim moju li\u010dnu viziju \u2013 da obezbedim kvalitetno obrazovanje mladima Srbije, da bi mogli da ostvare li\u010dni razvoj, uspe\u0161nu karijeru i postignu li\u010dno ispunjenje.<\/p>\n<p>Mladi Srbije imaju veliki potencijal i va\u017eno je da ih podr\u017eimo. To je na\u0161a obaveza i du\u017enost. Organizovanjem ove manifestacije, mladim muzi\u010dkim talentima dajemo \u0161ansu da lak\u0161e zapo\u010dnu svoj \u017eivotni put u potrazi za najvi\u0161im dostignu\u0107ima kulture i umetnosti, a siguran sam da \u0107emo u budu\u0107nosti \u010duti za mnoge od njih\u201d, rekao je ovom prilikom Nj.K.V. Prestolonaslednik Aleksandar.<\/p>\n<p>G-\u0111a Olivera Stani\u0107, predsednica Internacionalnog Rotari kluba Beograd, u svom obra\u0107anju je istakla zna\u010daj \u0160kole za muzi\u010dke talente i koliko je bitna pomo\u0107 ovoj institutciji. Tako\u0111e, zahvalila se Njihovim Kraljevskim Visp\u010danstvima na podr\u0161ci i najavila i budu\u0107u saradnju na daljim dobrotvornim projektima, zaklju\u010div\u0161i: \u201eOvim humanitarnim doga\u0111ajem, pokazali smo da zajedno mo\u017eemo napraviti velike stvari i ostaviti pozitivan uticaj na svet oko nas\u201c.<\/p>\n<\/div><\/div><\/div><\/div><\/div><div class=\"fusion-fullwidth fullwidth-box fusion-builder-row-2 fusion-flex-container has-pattern-background has-mask-background nonhundred-percent-fullwidth non-hundred-percent-height-scrolling\" style=\"--awb-border-radius-top-left:0px;--awb-border-radius-top-right:0px;--awb-border-radius-bottom-right:0px;--awb-border-radius-bottom-left:0px;--awb-flex-wrap:wrap;\" ><div class=\"fusion-builder-row fusion-row fusion-flex-align-items-flex-start fusion-flex-content-wrap\" style=\"max-width:1227.2px;margin-left: calc(-4% \/ 2 );margin-right: calc(-4% \/ 2 );\"><div class=\"fusion-layout-column fusion_builder_column fusion-builder-column-1 fusion_builder_column_1_1 1_1 fusion-flex-column\" style=\"--awb-bg-size:cover;--awb-width-large:100%;--awb-margin-top-large:0px;--awb-spacing-right-large:1.92%;--awb-margin-bottom-large:20px;--awb-spacing-left-large:1.92%;--awb-width-medium:100%;--awb-order-medium:0;--awb-spacing-right-medium:1.92%;--awb-spacing-left-medium:1.92%;--awb-width-small:100%;--awb-order-small:0;--awb-spacing-right-small:1.92%;--awb-spacing-left-small:1.92%;\"><div class=\"fusion-column-wrapper fusion-column-has-shadow fusion-flex-justify-content-flex-start fusion-content-layout-column\"><div class=\"awb-gallery-wrapper awb-gallery-wrapper-1 button-span-no\" style=\"--more-btn-alignment:center;\" data-limit=\"20\" data-page=\"1\"><div style=\"margin:-5px;--awb-bordersize:0px;\" class=\"fusion-gallery fusion-gallery-container fusion-grid-3 fusion-columns-total-7 fusion-gallery-layout-grid fusion-gallery-1\"><div style=\"padding:5px;\" class=\"fusion-grid-column fusion-gallery-column fusion-gallery-column-3 hover-type-none\"><div class=\"fusion-gallery-image\"><a href=\"https:\/\/royalfamily.org\/wp-content\/uploads\/2023\/03\/1-8F2A3464m.jpg\" data-caption=\"HUMANITARNI KONCERT ZA MUZI\u010cKU \u0160KOLU IZ \u0106UPRIJE U BELOM DVORU\" rel=\"noreferrer\" data-rel=\"iLightbox[gallery_image_1]\" class=\"fusion-lightbox\" target=\"_self\"><img decoding=\"async\" src=\"https:\/\/royalfamily.org\/wp-content\/uploads\/2023\/03\/1-8F2A3464m.jpg\" width=\"1772\" height=\"1181\" alt=\"HUMANITARNI KONCERT ZA MUZI\u010cKU \u0160KOLU IZ \u0106UPRIJE U BELOM DVORU\" title=\"HUMANITARNI KONCERT ZA MUZI\u010cKU \u0160KOLU IZ \u0106UPRIJE U BELOM DVORU\" aria-label=\"HUMANITARNI KONCERT ZA MUZI\u010cKU \u0160KOLU IZ \u0106UPRIJE U BELOM DVORU\" class=\"img-responsive wp-image-85324\" srcset=\"https:\/\/royalfamily.org\/wp-content\/uploads\/2023\/03\/1-8F2A3464m-200x133.jpg 200w, https:\/\/royalfamily.org\/wp-content\/uploads\/2023\/03\/1-8F2A3464m-400x267.jpg 400w, https:\/\/royalfamily.org\/wp-content\/uploads\/2023\/03\/1-8F2A3464m-600x400.jpg 600w, https:\/\/royalfamily.org\/wp-content\/uploads\/2023\/03\/1-8F2A3464m-800x533.jpg 800w, https:\/\/royalfamily.org\/wp-content\/uploads\/2023\/03\/1-8F2A3464m-1200x800.jpg 1200w, https:\/\/royalfamily.org\/wp-content\/uploads\/2023\/03\/1-8F2A3464m.jpg 1772w\" sizes=\"(min-width: 2200px) 100vw, (min-width: 824px) 390px, (min-width: 732px) 585px, (min-width: 640px) 732px, \" \/><\/a><\/div><\/div><div style=\"padding:5px;\" class=\"fusion-grid-column fusion-gallery-column fusion-gallery-column-3 hover-type-none\"><div class=\"fusion-gallery-image\"><a href=\"https:\/\/royalfamily.org\/wp-content\/uploads\/2023\/03\/2-8F2A3572m.jpg\" data-caption=\"HUMANITARNI KONCERT ZA MUZI\u010cKU \u0160KOLU IZ \u0106UPRIJE U BELOM DVORU\" rel=\"noreferrer\" data-rel=\"iLightbox[gallery_image_1]\" class=\"fusion-lightbox\" target=\"_self\"><img decoding=\"async\" src=\"https:\/\/royalfamily.org\/wp-content\/uploads\/2023\/03\/2-8F2A3572m.jpg\" width=\"1772\" height=\"1181\" alt=\"HUMANITARNI KONCERT ZA MUZI\u010cKU \u0160KOLU IZ \u0106UPRIJE U BELOM DVORU\" title=\"HUMANITARNI KONCERT ZA MUZI\u010cKU \u0160KOLU IZ \u0106UPRIJE U BELOM DVORU\" aria-label=\"HUMANITARNI KONCERT ZA MUZI\u010cKU \u0160KOLU IZ \u0106UPRIJE U BELOM DVORU\" class=\"img-responsive wp-image-85327\" srcset=\"https:\/\/royalfamily.org\/wp-content\/uploads\/2023\/03\/2-8F2A3572m-200x133.jpg 200w, https:\/\/royalfamily.org\/wp-content\/uploads\/2023\/03\/2-8F2A3572m-400x267.jpg 400w, https:\/\/royalfamily.org\/wp-content\/uploads\/2023\/03\/2-8F2A3572m-600x400.jpg 600w, https:\/\/royalfamily.org\/wp-content\/uploads\/2023\/03\/2-8F2A3572m-800x533.jpg 800w, https:\/\/royalfamily.org\/wp-content\/uploads\/2023\/03\/2-8F2A3572m-1200x800.jpg 1200w, https:\/\/royalfamily.org\/wp-content\/uploads\/2023\/03\/2-8F2A3572m.jpg 1772w\" sizes=\"(min-width: 2200px) 100vw, (min-width: 824px) 390px, (min-width: 732px) 585px, (min-width: 640px) 732px, \" \/><\/a><\/div><\/div><div style=\"padding:5px;\" class=\"fusion-grid-column fusion-gallery-column fusion-gallery-column-3 hover-type-none\"><div class=\"fusion-gallery-image\"><a href=\"https:\/\/royalfamily.org\/wp-content\/uploads\/2023\/03\/3-8F2A3533m.jpg\" data-caption=\"HUMANITARNI KONCERT ZA MUZI\u010cKU \u0160KOLU IZ \u0106UPRIJE U BELOM DVORU\" rel=\"noreferrer\" data-rel=\"iLightbox[gallery_image_1]\" class=\"fusion-lightbox\" target=\"_self\"><img decoding=\"async\" src=\"https:\/\/royalfamily.org\/wp-content\/uploads\/2023\/03\/3-8F2A3533m.jpg\" width=\"1772\" height=\"1181\" alt=\"HUMANITARNI KONCERT ZA MUZI\u010cKU \u0160KOLU IZ \u0106UPRIJE U BELOM DVORU\" title=\"HUMANITARNI KONCERT ZA MUZI\u010cKU \u0160KOLU IZ \u0106UPRIJE U BELOM DVORU\" aria-label=\"HUMANITARNI KONCERT ZA MUZI\u010cKU \u0160KOLU IZ \u0106UPRIJE U BELOM DVORU\" class=\"img-responsive wp-image-85330\" srcset=\"https:\/\/royalfamily.org\/wp-content\/uploads\/2023\/03\/3-8F2A3533m-200x133.jpg 200w, https:\/\/royalfamily.org\/wp-content\/uploads\/2023\/03\/3-8F2A3533m-400x267.jpg 400w, https:\/\/royalfamily.org\/wp-content\/uploads\/2023\/03\/3-8F2A3533m-600x400.jpg 600w, https:\/\/royalfamily.org\/wp-content\/uploads\/2023\/03\/3-8F2A3533m-800x533.jpg 800w, https:\/\/royalfamily.org\/wp-content\/uploads\/2023\/03\/3-8F2A3533m-1200x800.jpg 1200w, https:\/\/royalfamily.org\/wp-content\/uploads\/2023\/03\/3-8F2A3533m.jpg 1772w\" sizes=\"(min-width: 2200px) 100vw, (min-width: 824px) 390px, (min-width: 732px) 585px, (min-width: 640px) 732px, \" \/><\/a><\/div><\/div><div class=\"clearfix\"><\/div><div style=\"padding:5px;\" class=\"fusion-grid-column fusion-gallery-column fusion-gallery-column-3 hover-type-none\"><div class=\"fusion-gallery-image\"><a href=\"https:\/\/royalfamily.org\/wp-content\/uploads\/2023\/03\/4-8F2A3576.jpg\" data-caption=\"HUMANITARNI KONCERT ZA MUZI\u010cKU \u0160KOLU IZ \u0106UPRIJE U BELOM DVORU\" rel=\"noreferrer\" data-rel=\"iLightbox[gallery_image_1]\" class=\"fusion-lightbox\" target=\"_self\"><img decoding=\"async\" src=\"https:\/\/royalfamily.org\/wp-content\/uploads\/2023\/03\/4-8F2A3576.jpg\" width=\"1772\" height=\"1407\" alt=\"HUMANITARNI KONCERT ZA MUZI\u010cKU \u0160KOLU IZ \u0106UPRIJE U BELOM DVORU\" title=\"HUMANITARNI KONCERT ZA MUZI\u010cKU \u0160KOLU IZ \u0106UPRIJE U BELOM DVORU\" aria-label=\"HUMANITARNI KONCERT ZA MUZI\u010cKU \u0160KOLU IZ \u0106UPRIJE U BELOM DVORU\" class=\"img-responsive wp-image-85333\" srcset=\"https:\/\/royalfamily.org\/wp-content\/uploads\/2023\/03\/4-8F2A3576-200x159.jpg 200w, https:\/\/royalfamily.org\/wp-content\/uploads\/2023\/03\/4-8F2A3576-400x318.jpg 400w, https:\/\/royalfamily.org\/wp-content\/uploads\/2023\/03\/4-8F2A3576-600x476.jpg 600w, https:\/\/royalfamily.org\/wp-content\/uploads\/2023\/03\/4-8F2A3576-800x635.jpg 800w, https:\/\/royalfamily.org\/wp-content\/uploads\/2023\/03\/4-8F2A3576-1200x953.jpg 1200w, https:\/\/royalfamily.org\/wp-content\/uploads\/2023\/03\/4-8F2A3576.jpg 1772w\" sizes=\"(min-width: 2200px) 100vw, (min-width: 824px) 390px, (min-width: 732px) 585px, (min-width: 640px) 732px, \" \/><\/a><\/div><\/div><div style=\"padding:5px;\" class=\"fusion-grid-column fusion-gallery-column fusion-gallery-column-3 hover-type-none\"><div class=\"fusion-gallery-image\"><a href=\"https:\/\/royalfamily.org\/wp-content\/uploads\/2023\/03\/5-8F2A3503m.jpg\" data-caption=\"HUMANITARNI KONCERT ZA MUZI\u010cKU \u0160KOLU IZ \u0106UPRIJE U BELOM DVORU\" rel=\"noreferrer\" data-rel=\"iLightbox[gallery_image_1]\" class=\"fusion-lightbox\" target=\"_self\"><img decoding=\"async\" src=\"https:\/\/royalfamily.org\/wp-content\/uploads\/2023\/03\/5-8F2A3503m.jpg\" width=\"1772\" height=\"1181\" alt=\"HUMANITARNI KONCERT ZA MUZI\u010cKU \u0160KOLU IZ \u0106UPRIJE U BELOM DVORU\" title=\"HUMANITARNI KONCERT ZA MUZI\u010cKU \u0160KOLU IZ \u0106UPRIJE U BELOM DVORU\" aria-label=\"HUMANITARNI KONCERT ZA MUZI\u010cKU \u0160KOLU IZ \u0106UPRIJE U BELOM DVORU\" class=\"img-responsive wp-image-85336\" srcset=\"https:\/\/royalfamily.org\/wp-content\/uploads\/2023\/03\/5-8F2A3503m-200x133.jpg 200w, https:\/\/royalfamily.org\/wp-content\/uploads\/2023\/03\/5-8F2A3503m-400x267.jpg 400w, https:\/\/royalfamily.org\/wp-content\/uploads\/2023\/03\/5-8F2A3503m-600x400.jpg 600w, https:\/\/royalfamily.org\/wp-content\/uploads\/2023\/03\/5-8F2A3503m-800x533.jpg 800w, https:\/\/royalfamily.org\/wp-content\/uploads\/2023\/03\/5-8F2A3503m-1200x800.jpg 1200w, https:\/\/royalfamily.org\/wp-content\/uploads\/2023\/03\/5-8F2A3503m.jpg 1772w\" sizes=\"(min-width: 2200px) 100vw, (min-width: 824px) 390px, (min-width: 732px) 585px, (min-width: 640px) 732px, \" \/><\/a><\/div><\/div><div style=\"padding:5px;\" class=\"fusion-grid-column fusion-gallery-column fusion-gallery-column-3 hover-type-none\"><div class=\"fusion-gallery-image\"><a href=\"https:\/\/royalfamily.org\/wp-content\/uploads\/2023\/03\/6-8F2A3504m.jpg\" data-caption=\"HUMANITARNI KONCERT ZA MUZI\u010cKU \u0160KOLU IZ \u0106UPRIJE U BELOM DVORU\" rel=\"noreferrer\" data-rel=\"iLightbox[gallery_image_1]\" class=\"fusion-lightbox\" target=\"_self\"><img decoding=\"async\" src=\"https:\/\/royalfamily.org\/wp-content\/uploads\/2023\/03\/6-8F2A3504m.jpg\" width=\"1772\" height=\"1181\" alt=\"HUMANITARNI KONCERT ZA MUZI\u010cKU \u0160KOLU IZ \u0106UPRIJE U BELOM DVORU\" title=\"HUMANITARNI KONCERT ZA MUZI\u010cKU \u0160KOLU IZ \u0106UPRIJE U BELOM DVORU\" aria-label=\"HUMANITARNI KONCERT ZA MUZI\u010cKU \u0160KOLU IZ \u0106UPRIJE U BELOM DVORU\" class=\"img-responsive wp-image-85339\" srcset=\"https:\/\/royalfamily.org\/wp-content\/uploads\/2023\/03\/6-8F2A3504m-200x133.jpg 200w, https:\/\/royalfamily.org\/wp-content\/uploads\/2023\/03\/6-8F2A3504m-400x267.jpg 400w, https:\/\/royalfamily.org\/wp-content\/uploads\/2023\/03\/6-8F2A3504m-600x400.jpg 600w, https:\/\/royalfamily.org\/wp-content\/uploads\/2023\/03\/6-8F2A3504m-800x533.jpg 800w, https:\/\/royalfamily.org\/wp-content\/uploads\/2023\/03\/6-8F2A3504m-1200x800.jpg 1200w, https:\/\/royalfamily.org\/wp-content\/uploads\/2023\/03\/6-8F2A3504m.jpg 1772w\" sizes=\"(min-width: 2200px) 100vw, (min-width: 824px) 390px, (min-width: 732px) 585px, (min-width: 640px) 732px, \" \/><\/a><\/div><\/div><div class=\"clearfix\"><\/div><div style=\"padding:5px;\" class=\"fusion-grid-column fusion-gallery-column fusion-gallery-column-3 hover-type-none\"><div class=\"fusion-gallery-image\"><a href=\"https:\/\/royalfamily.org\/wp-content\/uploads\/2023\/03\/7-8F2A3551m.jpg\" data-caption=\"HUMANITARNI KONCERT ZA MUZI\u010cKU \u0160KOLU IZ \u0106UPRIJE U BELOM DVORU\" rel=\"noreferrer\" data-rel=\"iLightbox[gallery_image_1]\" class=\"fusion-lightbox\" target=\"_self\"><img decoding=\"async\" src=\"https:\/\/royalfamily.org\/wp-content\/uploads\/2023\/03\/7-8F2A3551m.jpg\" width=\"1772\" height=\"1181\" alt=\"HUMANITARNI KONCERT ZA MUZI\u010cKU \u0160KOLU IZ \u0106UPRIJE U BELOM DVORU\" title=\"HUMANITARNI KONCERT ZA MUZI\u010cKU \u0160KOLU IZ \u0106UPRIJE U BELOM DVORU\" aria-label=\"HUMANITARNI KONCERT ZA MUZI\u010cKU \u0160KOLU IZ \u0106UPRIJE U BELOM DVORU\" class=\"img-responsive wp-image-85342\" srcset=\"https:\/\/royalfamily.org\/wp-content\/uploads\/2023\/03\/7-8F2A3551m-200x133.jpg 200w, https:\/\/royalfamily.org\/wp-content\/uploads\/2023\/03\/7-8F2A3551m-400x267.jpg 400w, https:\/\/royalfamily.org\/wp-content\/uploads\/2023\/03\/7-8F2A3551m-600x400.jpg 600w, https:\/\/royalfamily.org\/wp-content\/uploads\/2023\/03\/7-8F2A3551m-800x533.jpg 800w, https:\/\/royalfamily.org\/wp-content\/uploads\/2023\/03\/7-8F2A3551m-1200x800.jpg 1200w, https:\/\/royalfamily.org\/wp-content\/uploads\/2023\/03\/7-8F2A3551m.jpg 1772w\" sizes=\"(min-width: 2200px) 100vw, (min-width: 824px) 390px, (min-width: 732px) 585px, (min-width: 640px) 732px, \" \/><\/a><\/div><\/div><\/div><\/div><\/div><\/div><\/div><\/div><\/p>\n","protected":false},"excerpt":{"rendered":"","protected":false},"author":1001015,"featured_media":85364,"comment_status":"closed","ping_status":"closed","sticky":false,"template":"","format":"standard","meta":{"_acf_changed":false,"footnotes":""},"categories":[22],"tags":[],"class_list":["post-85349","post","type-post","status-publish","format-standard","has-post-thumbnail","hentry","category-vesti"],"acf":[],"yoast_head":"<!-- This site is optimized with the Yoast SEO Premium plugin v27.4 (Yoast SEO v27.4) - https:\/\/yoast.com\/product\/yoast-seo-premium-wordpress\/ -->\n<title>HUMANITARNI KONCERT ZA MUZI\u010cKU \u0160KOLU IZ \u0106UPRIJE U BELOM DVORU - The Royal Family of Serbia<\/title>\n<meta name=\"robots\" content=\"index, follow, max-snippet:-1, max-image-preview:large, max-video-preview:-1\" \/>\n<link rel=\"canonical\" href=\"https:\/\/royalfamily.org\/lat\/humanitarni-koncert-za-muzicku-skolu-iz-cuprije-u-belom-dvoru\/\" \/>\n<meta property=\"og:locale\" content=\"en_US\" \/>\n<meta property=\"og:type\" content=\"article\" \/>\n<meta property=\"og:title\" content=\"HUMANITARNI KONCERT ZA MUZI\u010cKU \u0160KOLU IZ \u0106UPRIJE U BELOM DVORU\" \/>\n<meta property=\"og:url\" content=\"https:\/\/royalfamily.org\/lat\/humanitarni-koncert-za-muzicku-skolu-iz-cuprije-u-belom-dvoru\/\" \/>\n<meta property=\"og:site_name\" content=\"The Royal Family of Serbia\" \/>\n<meta property=\"article:publisher\" content=\"https:\/\/www.facebook.com\/Prestolonaslednik.Aleksandar\" \/>\n<meta property=\"article:published_time\" content=\"2023-03-21T21:06:40+00:00\" \/>\n<meta property=\"article:modified_time\" content=\"2023-03-21T21:06:42+00:00\" \/>\n<meta property=\"og:image\" content=\"https:\/\/royalfamily.org\/wp-content\/uploads\/2023\/03\/8F2A3533m-COVER-new.jpg\" \/>\n\t<meta property=\"og:image:width\" content=\"1480\" \/>\n\t<meta property=\"og:image:height\" content=\"720\" \/>\n\t<meta property=\"og:image:type\" content=\"image\/jpeg\" \/>\n<meta name=\"author\" content=\"Stefan Milanovic\" \/>\n<meta name=\"twitter:card\" content=\"summary_large_image\" \/>\n<meta name=\"twitter:label1\" content=\"Written by\" \/>\n\t<meta name=\"twitter:data1\" content=\"Stefan Milanovic\" \/>\n<script type=\"application\/ld+json\" class=\"yoast-schema-graph\">{\"@context\":\"https:\\\/\\\/schema.org\",\"@graph\":[{\"@type\":\"Article\",\"@id\":\"https:\\\/\\\/royalfamily.org\\\/lat\\\/humanitarni-koncert-za-muzicku-skolu-iz-cuprije-u-belom-dvoru\\\/#article\",\"isPartOf\":{\"@id\":\"https:\\\/\\\/royalfamily.org\\\/lat\\\/humanitarni-koncert-za-muzicku-skolu-iz-cuprije-u-belom-dvoru\\\/\"},\"author\":{\"name\":\"Stefan Milanovic\",\"@id\":\"https:\\\/\\\/royalfamily.org\\\/#\\\/schema\\\/person\\\/4ad3296a6a8a35eed333b6a785e9f648\"},\"headline\":\"HUMANITARNI KONCERT ZA MUZI\u010cKU \u0160KOLU IZ \u0106UPRIJE U BELOM DVORU\",\"datePublished\":\"2023-03-21T21:06:40+00:00\",\"dateModified\":\"2023-03-21T21:06:42+00:00\",\"mainEntityOfPage\":{\"@id\":\"https:\\\/\\\/royalfamily.org\\\/lat\\\/humanitarni-koncert-za-muzicku-skolu-iz-cuprije-u-belom-dvoru\\\/\"},\"wordCount\":2365,\"publisher\":{\"@id\":\"https:\\\/\\\/royalfamily.org\\\/#organization\"},\"image\":{\"@id\":\"https:\\\/\\\/royalfamily.org\\\/lat\\\/humanitarni-koncert-za-muzicku-skolu-iz-cuprije-u-belom-dvoru\\\/#primaryimage\"},\"thumbnailUrl\":\"https:\\\/\\\/royalfamily.org\\\/wp-content\\\/uploads\\\/2023\\\/03\\\/8F2A3533m-COVER-new.jpg\",\"articleSection\":[\"Vesti\"],\"inLanguage\":\"sr-LT\"},{\"@type\":\"WebPage\",\"@id\":\"https:\\\/\\\/royalfamily.org\\\/lat\\\/humanitarni-koncert-za-muzicku-skolu-iz-cuprije-u-belom-dvoru\\\/\",\"url\":\"https:\\\/\\\/royalfamily.org\\\/lat\\\/humanitarni-koncert-za-muzicku-skolu-iz-cuprije-u-belom-dvoru\\\/\",\"name\":\"HUMANITARNI KONCERT ZA MUZI\u010cKU \u0160KOLU IZ \u0106UPRIJE U BELOM DVORU - The Royal Family of Serbia\",\"isPartOf\":{\"@id\":\"https:\\\/\\\/royalfamily.org\\\/#website\"},\"primaryImageOfPage\":{\"@id\":\"https:\\\/\\\/royalfamily.org\\\/lat\\\/humanitarni-koncert-za-muzicku-skolu-iz-cuprije-u-belom-dvoru\\\/#primaryimage\"},\"image\":{\"@id\":\"https:\\\/\\\/royalfamily.org\\\/lat\\\/humanitarni-koncert-za-muzicku-skolu-iz-cuprije-u-belom-dvoru\\\/#primaryimage\"},\"thumbnailUrl\":\"https:\\\/\\\/royalfamily.org\\\/wp-content\\\/uploads\\\/2023\\\/03\\\/8F2A3533m-COVER-new.jpg\",\"datePublished\":\"2023-03-21T21:06:40+00:00\",\"dateModified\":\"2023-03-21T21:06:42+00:00\",\"breadcrumb\":{\"@id\":\"https:\\\/\\\/royalfamily.org\\\/lat\\\/humanitarni-koncert-za-muzicku-skolu-iz-cuprije-u-belom-dvoru\\\/#breadcrumb\"},\"inLanguage\":\"sr-LT\",\"potentialAction\":[{\"@type\":\"ReadAction\",\"target\":[\"https:\\\/\\\/royalfamily.org\\\/lat\\\/humanitarni-koncert-za-muzicku-skolu-iz-cuprije-u-belom-dvoru\\\/\"]}]},{\"@type\":\"ImageObject\",\"inLanguage\":\"sr-LT\",\"@id\":\"https:\\\/\\\/royalfamily.org\\\/lat\\\/humanitarni-koncert-za-muzicku-skolu-iz-cuprije-u-belom-dvoru\\\/#primaryimage\",\"url\":\"https:\\\/\\\/royalfamily.org\\\/wp-content\\\/uploads\\\/2023\\\/03\\\/8F2A3533m-COVER-new.jpg\",\"contentUrl\":\"https:\\\/\\\/royalfamily.org\\\/wp-content\\\/uploads\\\/2023\\\/03\\\/8F2A3533m-COVER-new.jpg\",\"width\":1480,\"height\":720,\"caption\":\"HUMANITARIAN CONCERT FOR CUPRIJA MUSIC SCHOOL AT THE WHITE PALACE\"},{\"@type\":\"BreadcrumbList\",\"@id\":\"https:\\\/\\\/royalfamily.org\\\/lat\\\/humanitarni-koncert-za-muzicku-skolu-iz-cuprije-u-belom-dvoru\\\/#breadcrumb\",\"itemListElement\":[{\"@type\":\"ListItem\",\"position\":1,\"name\":\"Home\",\"item\":\"https:\\\/\\\/royalfamily.org\\\/lat\\\/\"},{\"@type\":\"ListItem\",\"position\":2,\"name\":\"HUMANITARNI KONCERT ZA MUZI\u010cKU \u0160KOLU IZ \u0106UPRIJE U BELOM DVORU\"}]},{\"@type\":\"WebSite\",\"@id\":\"https:\\\/\\\/royalfamily.org\\\/#website\",\"url\":\"https:\\\/\\\/royalfamily.org\\\/\",\"name\":\"The Royal Family of Serbia\",\"description\":\"From the people, for the people\",\"publisher\":{\"@id\":\"https:\\\/\\\/royalfamily.org\\\/#organization\"},\"potentialAction\":[{\"@type\":\"SearchAction\",\"target\":{\"@type\":\"EntryPoint\",\"urlTemplate\":\"https:\\\/\\\/royalfamily.org\\\/?s={search_term_string}\"},\"query-input\":{\"@type\":\"PropertyValueSpecification\",\"valueRequired\":true,\"valueName\":\"search_term_string\"}}],\"inLanguage\":\"sr-LT\"},{\"@type\":\"Organization\",\"@id\":\"https:\\\/\\\/royalfamily.org\\\/#organization\",\"name\":\"Royal Family\",\"url\":\"https:\\\/\\\/royalfamily.org\\\/\",\"logo\":{\"@type\":\"ImageObject\",\"inLanguage\":\"sr-LT\",\"@id\":\"https:\\\/\\\/royalfamily.org\\\/#\\\/schema\\\/logo\\\/image\\\/\",\"url\":\"https:\\\/\\\/royalfamily.org\\\/wp-content\\\/uploads\\\/2019\\\/04\\\/logo-vector-02-V-latinica.png\",\"contentUrl\":\"https:\\\/\\\/royalfamily.org\\\/wp-content\\\/uploads\\\/2019\\\/04\\\/logo-vector-02-V-latinica.png\",\"width\":552,\"height\":99,\"caption\":\"Royal Family\"},\"image\":{\"@id\":\"https:\\\/\\\/royalfamily.org\\\/#\\\/schema\\\/logo\\\/image\\\/\"},\"sameAs\":[\"https:\\\/\\\/www.facebook.com\\\/Prestolonaslednik.Aleksandar\"]},{\"@type\":\"Person\",\"@id\":\"https:\\\/\\\/royalfamily.org\\\/#\\\/schema\\\/person\\\/4ad3296a6a8a35eed333b6a785e9f648\",\"name\":\"Stefan Milanovic\",\"image\":{\"@type\":\"ImageObject\",\"inLanguage\":\"sr-LT\",\"@id\":\"https:\\\/\\\/secure.gravatar.com\\\/avatar\\\/92dcbdcf3e32112a9ceb1e41665b1f44c69382d014cacfe12c701f6af7c40259?s=96&d=mm&r=g\",\"url\":\"https:\\\/\\\/secure.gravatar.com\\\/avatar\\\/92dcbdcf3e32112a9ceb1e41665b1f44c69382d014cacfe12c701f6af7c40259?s=96&d=mm&r=g\",\"contentUrl\":\"https:\\\/\\\/secure.gravatar.com\\\/avatar\\\/92dcbdcf3e32112a9ceb1e41665b1f44c69382d014cacfe12c701f6af7c40259?s=96&d=mm&r=g\",\"caption\":\"Stefan Milanovic\"}}]}<\/script>\n<!-- \/ Yoast SEO Premium plugin. -->","yoast_head_json":{"title":"HUMANITARNI KONCERT ZA MUZI\u010cKU \u0160KOLU IZ \u0106UPRIJE U BELOM DVORU - The Royal Family of Serbia","robots":{"index":"index","follow":"follow","max-snippet":"max-snippet:-1","max-image-preview":"max-image-preview:large","max-video-preview":"max-video-preview:-1"},"canonical":"https:\/\/royalfamily.org\/lat\/humanitarni-koncert-za-muzicku-skolu-iz-cuprije-u-belom-dvoru\/","og_locale":"en_US","og_type":"article","og_title":"HUMANITARNI KONCERT ZA MUZI\u010cKU \u0160KOLU IZ \u0106UPRIJE U BELOM DVORU","og_url":"https:\/\/royalfamily.org\/lat\/humanitarni-koncert-za-muzicku-skolu-iz-cuprije-u-belom-dvoru\/","og_site_name":"The Royal Family of Serbia","article_publisher":"https:\/\/www.facebook.com\/Prestolonaslednik.Aleksandar","article_published_time":"2023-03-21T21:06:40+00:00","article_modified_time":"2023-03-21T21:06:42+00:00","og_image":[{"width":1480,"height":720,"url":"https:\/\/royalfamily.org\/wp-content\/uploads\/2023\/03\/8F2A3533m-COVER-new.jpg","type":"image\/jpeg"}],"author":"Stefan Milanovic","twitter_card":"summary_large_image","twitter_misc":{"Written by":"Stefan Milanovic"},"schema":{"@context":"https:\/\/schema.org","@graph":[{"@type":"Article","@id":"https:\/\/royalfamily.org\/lat\/humanitarni-koncert-za-muzicku-skolu-iz-cuprije-u-belom-dvoru\/#article","isPartOf":{"@id":"https:\/\/royalfamily.org\/lat\/humanitarni-koncert-za-muzicku-skolu-iz-cuprije-u-belom-dvoru\/"},"author":{"name":"Stefan Milanovic","@id":"https:\/\/royalfamily.org\/#\/schema\/person\/4ad3296a6a8a35eed333b6a785e9f648"},"headline":"HUMANITARNI KONCERT ZA MUZI\u010cKU \u0160KOLU IZ \u0106UPRIJE U BELOM DVORU","datePublished":"2023-03-21T21:06:40+00:00","dateModified":"2023-03-21T21:06:42+00:00","mainEntityOfPage":{"@id":"https:\/\/royalfamily.org\/lat\/humanitarni-koncert-za-muzicku-skolu-iz-cuprije-u-belom-dvoru\/"},"wordCount":2365,"publisher":{"@id":"https:\/\/royalfamily.org\/#organization"},"image":{"@id":"https:\/\/royalfamily.org\/lat\/humanitarni-koncert-za-muzicku-skolu-iz-cuprije-u-belom-dvoru\/#primaryimage"},"thumbnailUrl":"https:\/\/royalfamily.org\/wp-content\/uploads\/2023\/03\/8F2A3533m-COVER-new.jpg","articleSection":["Vesti"],"inLanguage":"sr-LT"},{"@type":"WebPage","@id":"https:\/\/royalfamily.org\/lat\/humanitarni-koncert-za-muzicku-skolu-iz-cuprije-u-belom-dvoru\/","url":"https:\/\/royalfamily.org\/lat\/humanitarni-koncert-za-muzicku-skolu-iz-cuprije-u-belom-dvoru\/","name":"HUMANITARNI KONCERT ZA MUZI\u010cKU \u0160KOLU IZ \u0106UPRIJE U BELOM DVORU - The Royal Family of Serbia","isPartOf":{"@id":"https:\/\/royalfamily.org\/#website"},"primaryImageOfPage":{"@id":"https:\/\/royalfamily.org\/lat\/humanitarni-koncert-za-muzicku-skolu-iz-cuprije-u-belom-dvoru\/#primaryimage"},"image":{"@id":"https:\/\/royalfamily.org\/lat\/humanitarni-koncert-za-muzicku-skolu-iz-cuprije-u-belom-dvoru\/#primaryimage"},"thumbnailUrl":"https:\/\/royalfamily.org\/wp-content\/uploads\/2023\/03\/8F2A3533m-COVER-new.jpg","datePublished":"2023-03-21T21:06:40+00:00","dateModified":"2023-03-21T21:06:42+00:00","breadcrumb":{"@id":"https:\/\/royalfamily.org\/lat\/humanitarni-koncert-za-muzicku-skolu-iz-cuprije-u-belom-dvoru\/#breadcrumb"},"inLanguage":"sr-LT","potentialAction":[{"@type":"ReadAction","target":["https:\/\/royalfamily.org\/lat\/humanitarni-koncert-za-muzicku-skolu-iz-cuprije-u-belom-dvoru\/"]}]},{"@type":"ImageObject","inLanguage":"sr-LT","@id":"https:\/\/royalfamily.org\/lat\/humanitarni-koncert-za-muzicku-skolu-iz-cuprije-u-belom-dvoru\/#primaryimage","url":"https:\/\/royalfamily.org\/wp-content\/uploads\/2023\/03\/8F2A3533m-COVER-new.jpg","contentUrl":"https:\/\/royalfamily.org\/wp-content\/uploads\/2023\/03\/8F2A3533m-COVER-new.jpg","width":1480,"height":720,"caption":"HUMANITARIAN CONCERT FOR CUPRIJA MUSIC SCHOOL AT THE WHITE PALACE"},{"@type":"BreadcrumbList","@id":"https:\/\/royalfamily.org\/lat\/humanitarni-koncert-za-muzicku-skolu-iz-cuprije-u-belom-dvoru\/#breadcrumb","itemListElement":[{"@type":"ListItem","position":1,"name":"Home","item":"https:\/\/royalfamily.org\/lat\/"},{"@type":"ListItem","position":2,"name":"HUMANITARNI KONCERT ZA MUZI\u010cKU \u0160KOLU IZ \u0106UPRIJE U BELOM DVORU"}]},{"@type":"WebSite","@id":"https:\/\/royalfamily.org\/#website","url":"https:\/\/royalfamily.org\/","name":"The Royal Family of Serbia","description":"From the people, for the people","publisher":{"@id":"https:\/\/royalfamily.org\/#organization"},"potentialAction":[{"@type":"SearchAction","target":{"@type":"EntryPoint","urlTemplate":"https:\/\/royalfamily.org\/?s={search_term_string}"},"query-input":{"@type":"PropertyValueSpecification","valueRequired":true,"valueName":"search_term_string"}}],"inLanguage":"sr-LT"},{"@type":"Organization","@id":"https:\/\/royalfamily.org\/#organization","name":"Royal Family","url":"https:\/\/royalfamily.org\/","logo":{"@type":"ImageObject","inLanguage":"sr-LT","@id":"https:\/\/royalfamily.org\/#\/schema\/logo\/image\/","url":"https:\/\/royalfamily.org\/wp-content\/uploads\/2019\/04\/logo-vector-02-V-latinica.png","contentUrl":"https:\/\/royalfamily.org\/wp-content\/uploads\/2019\/04\/logo-vector-02-V-latinica.png","width":552,"height":99,"caption":"Royal Family"},"image":{"@id":"https:\/\/royalfamily.org\/#\/schema\/logo\/image\/"},"sameAs":["https:\/\/www.facebook.com\/Prestolonaslednik.Aleksandar"]},{"@type":"Person","@id":"https:\/\/royalfamily.org\/#\/schema\/person\/4ad3296a6a8a35eed333b6a785e9f648","name":"Stefan Milanovic","image":{"@type":"ImageObject","inLanguage":"sr-LT","@id":"https:\/\/secure.gravatar.com\/avatar\/92dcbdcf3e32112a9ceb1e41665b1f44c69382d014cacfe12c701f6af7c40259?s=96&d=mm&r=g","url":"https:\/\/secure.gravatar.com\/avatar\/92dcbdcf3e32112a9ceb1e41665b1f44c69382d014cacfe12c701f6af7c40259?s=96&d=mm&r=g","contentUrl":"https:\/\/secure.gravatar.com\/avatar\/92dcbdcf3e32112a9ceb1e41665b1f44c69382d014cacfe12c701f6af7c40259?s=96&d=mm&r=g","caption":"Stefan Milanovic"}}]}},"_links":{"self":[{"href":"https:\/\/royalfamily.org\/lat\/wp-json\/wp\/v2\/posts\/85349","targetHints":{"allow":["GET"]}}],"collection":[{"href":"https:\/\/royalfamily.org\/lat\/wp-json\/wp\/v2\/posts"}],"about":[{"href":"https:\/\/royalfamily.org\/lat\/wp-json\/wp\/v2\/types\/post"}],"author":[{"embeddable":true,"href":"https:\/\/royalfamily.org\/lat\/wp-json\/wp\/v2\/users\/1001015"}],"replies":[{"embeddable":true,"href":"https:\/\/royalfamily.org\/lat\/wp-json\/wp\/v2\/comments?post=85349"}],"version-history":[{"count":1,"href":"https:\/\/royalfamily.org\/lat\/wp-json\/wp\/v2\/posts\/85349\/revisions"}],"predecessor-version":[{"id":85350,"href":"https:\/\/royalfamily.org\/lat\/wp-json\/wp\/v2\/posts\/85349\/revisions\/85350"}],"wp:featuredmedia":[{"embeddable":true,"href":"https:\/\/royalfamily.org\/lat\/wp-json\/wp\/v2\/media\/85364"}],"wp:attachment":[{"href":"https:\/\/royalfamily.org\/lat\/wp-json\/wp\/v2\/media?parent=85349"}],"wp:term":[{"taxonomy":"category","embeddable":true,"href":"https:\/\/royalfamily.org\/lat\/wp-json\/wp\/v2\/categories?post=85349"},{"taxonomy":"post_tag","embeddable":true,"href":"https:\/\/royalfamily.org\/lat\/wp-json\/wp\/v2\/tags?post=85349"}],"curies":[{"name":"wp","href":"https:\/\/api.w.org\/{rel}","templated":true}]}}